{"id":163119,"date":"2025-10-29T09:18:15","date_gmt":"2025-10-29T06:18:15","guid":{"rendered":"https:\/\/epochtimestr.com\/?p=163119"},"modified":"2025-11-09T21:56:04","modified_gmt":"2025-11-09T18:56:04","slug":"mersin-26-uluslararasi-sanatci-ile-ekim-gecidi-bieanlinde","status":"publish","type":"post","link":"https:\/\/epochtimestr.com\/index.php\/mersin-26-uluslararasi-sanatci-ile-ekim-gecidi-bieanlinde","title":{"rendered":"Mersin 26 Uluslararas\u0131 Sanat\u00e7\u0131 \u0130le Ekim Ge\u00e7idi Bieanli\u2019nde\u00a0"},"content":{"rendered":"<div class=\"wp-block-image\">\n<figure class=\"aligncenter size-full is-resized\"><img loading=\"lazy\" decoding=\"async\" width=\"2048\" height=\"1152\" src=\"https:\/\/epochtimestr.com\/wp-content\/uploads\/2011y\/WhatsApp-Image-2025-10-29-at-08.48.58.jpeg\" alt=\"\" class=\"wp-image-163120\" style=\"width:918px;height:auto\" srcset=\"https:\/\/epochtimestr.com\/wp-content\/uploads\/2011y\/WhatsApp-Image-2025-10-29-at-08.48.58.jpeg 2048w, https:\/\/epochtimestr.com\/wp-content\/uploads\/2011y\/WhatsApp-Image-2025-10-29-at-08.48.58-300x169.jpeg 300w, https:\/\/epochtimestr.com\/wp-content\/uploads\/2011y\/WhatsApp-Image-2025-10-29-at-08.48.58-150x84.jpeg 150w, https:\/\/epochtimestr.com\/wp-content\/uploads\/2011y\/WhatsApp-Image-2025-10-29-at-08.48.58-768x432.jpeg 768w, https:\/\/epochtimestr.com\/wp-content\/uploads\/2011y\/WhatsApp-Image-2025-10-29-at-08.48.58-1536x864.jpeg 1536w\" sizes=\"(max-width: 2048px) 100vw, 2048px\" \/><figcaption class=\"wp-element-caption\">Soldan sa\u011fa: Mersin Kent Konseyi Ba\u015fkan\u0131 Alper Girge\u00e7,Otantika Ritim ve Halk Danslar\u0131 At\u00f6lyesi y\u00fcr\u00fct\u00fcc\u00fcs\u00fc Ece \u00d6nge\u00e7, Prof. Nurseren Tor ve Hatice Ayaz Mersin Ekim Ge\u00e7idi Bienal&#8217;i a\u00e7\u0131l\u0131\u015f\u0131nda (Foto\u011fraf: G. Hakan Ko\u00e7man, The Epoch Times T\u00fcrkiye )<\/figcaption><\/figure><\/div>\n\n\n<p>24 y\u0131ld\u0131r 35 il ve il\u00e7ede binlerce sanat\u00e7\u0131y\u0131 bulu\u015fturan Ekim Ge\u00e7idi sergileri, bu y\u0131l uluslararas\u0131 bir Bianele d\u00f6n\u00fc\u015ft\u00fc. Atat\u00fcrk\u2019\u00fcn \u201cSanatk\u00e2r, aln\u0131nda \u0131\u015f\u0131\u011f\u0131 ilk duyan insand\u0131r.\u201d s\u00f6z\u00fcnden ilham alan Ekim Ge\u00e7idi sergileri, 25 y\u0131ld\u0131r T\u00fcrkiye\u2019nin tek s\u00fcrd\u00fcr\u00fclebilir \u00e7a\u011fda\u015f sanat sergisi olmay\u0131 ba\u015fard\u0131. Daha \u00f6nce pek \u00e7ok Ekim Ge\u00e7idi sergisine ev sahipli\u011fi yapan Mersin, Prof. Nurseren Tor ve Hatice Ayaz&#8217;\u0131n k\u00fcrat\u00f6rl\u00fc\u011f\u00fcnde Bianele ev sahipli\u011fi yapt\u0131. \u00c7eyrek as\u0131rd\u0131r sanat\u00e7\u0131ya \u00f6zg\u00fcrce ifade f\u0131rsat\u0131 sunan Ekim Ge\u00e7idi Bianelinin Mersin aya\u011f\u0131na bu sene yerli ve yabanc\u0131 26 sanat\u00e7\u0131 kat\u0131ld\u0131.<\/p>\n\n\n\n<p>Bianel, Mersin Kent Konseyi binas\u0131nda ger\u00e7ekle\u015ftirildi. Bianelin a\u00e7\u0131l\u0131\u015f konu\u015fmas\u0131n\u0131 Mersin Kent Konseyi Ba\u015fkan\u0131 Alper Girge\u00e7 yapt\u0131. Girge\u00e7 ilk defa bir sergi salonu olarak kap\u0131lar\u0131n\u0131 Ekim Ge\u00e7idi\u2019ne a\u00e7t\u0131klar\u0131n\u0131 ifade eti. Ekim Ge\u00e7idi\u2019ne ev sahipli\u011fi yapmaktan duyduklar\u0131 mutlulu\u011fu belirten Girge\u00e7, \u201cCumhuriyet demek sanat demek. Cumhuriyet demek ba\u011f\u0131ms\u0131z kad\u0131n demek. \u00d6zg\u00fcr bir insan demek. Dileklerinizi, isteklerinizi hi\u00e7bir \u00e7ekince olmadan rahatl\u0131kla her platformda dile getirebiliyor olmak demek. Atat\u00fcrk&#8217;\u00fcn bize en b\u00fcy\u00fck arma\u011fan\u0131, bu vatan\u0131 kurtard\u0131ktan sonra Cumhuriyet\u2019i ilan etmesidir. Bu anlaml\u0131 g\u00fcnde yan\u0131m\u0131zda oldu\u011funuz i\u00e7in hepinize ayr\u0131 ayr\u0131 \u015f\u00fckranlar\u0131m\u0131 sunuyorum.\u201d dedi.<\/p>\n\n\n\n<h3 class=\"wp-block-heading\">\u201cCumhuriyet dendi\u011fi zaman akl\u0131ma gen\u00e7lik geliyor.\u201d<\/h3>\n\n\n\n<p>Bianelin Mersin k\u00fcrat\u00f6rlerinden Hatice Ayaz da yapt\u0131\u011f\u0131 konu\u015fmas\u0131nda, \u201cAsl\u0131nda bu projenin gen\u00e7lerle olmas\u0131n\u0131 istedim. \u00d6zellikle Nurseren Hoca&#8217;yla g\u00f6r\u00fc\u015ft\u00fc\u011f\u00fcm\u00fcz zaman&#8230; \u00c7\u00fcnk\u00fc Cumhuriyet dendi\u011fi zaman akl\u0131ma gen\u00e7lik geliyor, yenilenme geliyor. Yani yeni projelerle &#8211; bu teknik alanda olabilir, sanat alan\u0131nda olabilir &#8211; gen\u00e7lerin i\u00e7inde oldu\u011fu yeni Cumhuriyet bayramlar\u0131 kutlamay\u0131 diliyorum.\u201c dedi.<\/p>\n\n\n\n<h3 class=\"wp-block-heading\">Ekim Ge\u00e7idi ortak bir belle\u011fi yeniden in\u015fa ediyor<\/h3>\n\n\n\n<p>Prof. Nurseren Tor ise Bianelin bir aya\u011f\u0131n\u0131 Mersin\u2019de olu\u015fturmaktan duyduklar\u0131 mutlulu\u011fu ifade ederek \u015funlar\u0131 s\u00f6yledi: \u201c24 y\u0131ld\u0131r Ekim Ge\u00e7idi, T\u00fcrkiye&#8217;nin farkl\u0131 kentlerinde ya\u015fayan sanat \u00fcretimlerini bir araya getirerek ortak bir belle\u011fi yeniden in\u015fa ediyor. Bu y\u0131l bianel format\u0131na d\u00f6n\u00fc\u015fen etkinli\u011fin Mersin aya\u011f\u0131 Akdeniz&#8217;in \u00e7ok sesli ve \u00e7ok k\u00fclt\u00fcrl\u00fc yap\u0131s\u0131n\u0131 sanat\u0131n evrensel diliyle yeniden okumay\u0131 ama\u00e7l\u0131yor. 26 uluslararas\u0131 sanat\u00e7\u0131n\u0131n kat\u0131ld\u0131\u011f\u0131 bu sergi 18 kad\u0131n ve 8 erkek sanat\u00e7\u0131n\u0131n disiplinler aras\u0131 \u00fcretimleriyle \u015fekilleniyor. Kenti, tarih ve \u00e7a\u011fda\u015fl\u0131k aras\u0131nda kurulan dinamik bir k\u00f6pr\u00fcye d\u00f6n\u00fc\u015ft\u00fcr\u00fcyor.\u201d<\/p>\n\n\n\n<p><strong>\u201cMustafa Kemal Atat\u00fcrk, k\u00fclt\u00fcr politikalar\u0131n\u0131n temelini sanat\u0131n halkla bulu\u015fmas\u0131 ilkesine dayand\u0131rm\u0131\u015ft\u0131.\u201d<\/strong><\/p>\n\n\n\n<p>&#8220;Cumhuriyetin ilan\u0131yla birlikte sanat\u0131n toplumsal ya\u015fam\u0131n vazge\u00e7ilmez bir bili\u015feni olmas\u0131 gerekti\u011fine inanan Mustafa Kemal Atat\u00fcrk, k\u00fclt\u00fcr politikalar\u0131n\u0131n temelini sanat\u0131n halkla bulu\u015fmas\u0131 ilkesine dayand\u0131rm\u0131\u015ft\u0131.\u201d diyen Tor konu\u015fmas\u0131n\u0131 \u015f\u00f6yle s\u00fcrd\u00fcrd\u00fc: \u201cBu inan\u00e7 T\u00fcrkiye&#8217;nin erken Cumhuriyet d\u00f6neminde kurulan sanat kurumlar\u0131n\u0131n, sergilerin ve e\u011fitim hareketlerinin \u00e7\u0131k\u0131\u015f noktas\u0131 oldu. Bug\u00fcn Cumhuriyet&#8217;in 2. y\u00fczy\u0131l\u0131na ad\u0131m atarken bu vizyonun Mersin&#8217;de yeniden hat\u0131rlanmas\u0131 hem simgesel hem de tarihsel bir anlam ta\u015f\u0131maktad\u0131r.\u201c<\/p>\n\n\n\n<p><strong>\u201cMersin\u2019de yeterince galeri ve sergi alan\u0131 yok.\u201d<\/strong><\/p>\n\n\n\n<p>Konu\u015fmas\u0131nda kalabal\u0131k bir n\u00fcfusa sahip b\u00fcy\u00fck bir kent olan Mersin&#8217;de galerilerin ve sergi alanlar\u0131n\u0131n yoklu\u011funa da dikkat \u00e7eken Tor, bu durumun \u00e7a\u011fda\u015f sanat \u00fcretimlerinin g\u00f6r\u00fcn\u00fcrl\u00fc\u011f\u00fcn\u00fc uzun y\u0131llar boyunca s\u0131n\u0131rlad\u0131\u011f\u0131na de\u011findi. \u201cBu nedenle Mersin Kent Konseyi&#8217;nin b\u00f6ylesine kapsaml\u0131 bir bianel sergisine ev sahipli\u011fi yapmas\u0131 kentin k\u00fclt\u00fcrel ya\u015fam\u0131nda bir seferberlik niteli\u011fi ta\u015f\u0131maktad\u0131r.\u201d diyen Tor, Kent Konseyi Galerisi ad\u0131n\u0131 verdi\u011fi etkinlik mekan\u0131n\u0131n yaln\u0131zca bir sergi mekan\u0131 de\u011fil, ayn\u0131 zamanda bir d\u00fc\u015f\u00fcnme, payla\u015fma ve \u00fcretme alan\u0131 haline geldi\u011fini vurgulad\u0131.<\/p>\n\n\n\n<p>Mersin&#8217;in tarihsel kimli\u011finin Akdeniz&#8217;in farkl\u0131 farkl\u0131 k\u00fclt\u00fcrlerini, dillerini ve duyarl\u0131l\u0131klar\u0131n\u0131 bir araya getirdi\u011fini de hat\u0131rlatan Tor, bu ba\u011flamda Bianelin Mersin aya\u011f\u0131nda yer alan sanat\u00e7\u0131lar\u0131n bu \u00e7ok katmanl\u0131 co\u011frafyadan yola \u00e7\u0131karak kimlik, bellek, g\u00f6\u00e7, ekoloji ve kad\u0131n varl\u0131\u011f\u0131 gibi temalar\u0131 yeniden yorumlad\u0131klar\u0131n\u0131 dile getirdi. Resim, heykel, video, dijital sanat, enstalasyon ve performans gibi farkl\u0131 disiplinlerin etkile\u015fimleriyle izleyiciyi duyusal bir yolculu\u011fa davet ettiklerini s\u00f6yleyen Tor, \u201cBu \u00e7e\u015fitlilik kentin \u00e7ok k\u00fclt\u00fcrl\u00fc yap\u0131s\u0131yla \u00f6rt\u00fc\u015f\u00fcr. Ve Ekim Ge\u00e7idi\u2019nin temel de\u011ferlerinden biri olan birlikte \u00fcretim d\u00fc\u015f\u00fcncesini g\u00fc\u00e7lendirir.\u201d dedi.<\/p>\n\n\n\n<h3 class=\"wp-block-heading\">Sanat yaln\u0131zca estetik bir ifade de\u011fil, ayn\u0131 zamanda toplumsal bir bilin\u00e7 ve varolu\u015f bi\u00e7imidir<\/h3>\n\n\n\n<p>Tor, Bianel\u2019in ayn\u0131 zamanda yerel ve uluslararas\u0131 sanat\u00e7\u0131lar aras\u0131nda kurdu\u011fu diyalogla kentin Akdeniz havzas\u0131nda  k\u00fclt\u00fcrel bir k\u00f6pr\u00fc i\u015flevi g\u00f6rd\u00fc\u011f\u00fcn\u00fc belirtti. Serginin sanat\u0131n s\u0131n\u0131rlar\u0131n\u0131 a\u015fan bir ortak dil oldu\u011funu s\u00f6yleyerek: \u201cSanat, bize toplumsal d\u00f6n\u00fc\u015f\u00fcm\u00fcn ve dayan\u0131\u015fman\u0131n g\u00fc\u00e7l\u00fc bir arac\u0131 h\u00e2line gelebilece\u011fini hat\u0131rlat\u0131r. Ekim Ge\u00e7idi Bienali\u2019nin Mersin aya\u011f\u0131 Cumhuriyetin 102. y\u0131l\u0131nda sanat\u0131n yaln\u0131zca estetik bir ifade olmad\u0131\u011f\u0131n\u0131 anlat\u0131yor. Ayn\u0131 zamanda toplumsal bir bilin\u00e7 ve varolu\u015f bi\u00e7imi oldu\u011funu vurguluyor. Cumhuriyet\u2019in ayd\u0131nlanmac\u0131 ilkeleriyle beslenen bu sergi Mersin&#8217;de yeniden filizlenen bir k\u00fclt\u00fcrel direni\u015fi ve dirili\u015fi simgeler. Sanat t\u0131pk\u0131 Cumhuriyet gibi s\u00fcrekli yeniden do\u011fan bir umuttur. Mersin, bu umudun Akdeniz&#8217;e a\u00e7\u0131lan kap\u0131s\u0131 olmay\u0131 s\u00fcrd\u00fcr\u00fcyor.\u201d dedi.<\/p>\n\n\n\n<p>A\u00e7\u0131l\u0131\u015f konu\u015fmalar\u0131n\u0131n ard\u0131nda \u00e7o\u011funlu\u011fu kad\u0131nlardan olu\u015fan Otantika Ritim Grubu Cumhuriyet t\u00fcrk\u00fclerini kat\u0131l\u0131mc\u0131lara g\u00fc\u00e7l\u00fc ritimler e\u015fli\u011finde sundu.<\/p>\n\n\n\n<p>Ekim Ge\u00e7idi Bienali Mersin aya\u011f\u0131na kat\u0131lan sanat\u00e7\u0131lar\u0131n isimleri ise \u015f\u00f6yle;<br \/>Ramazan Polat<br \/>Rabia \u015eeker<br \/>Recep \u00c7akar<br \/>H\u00fcseyin Emre G\u00fcndem<br \/>Hazal Yap\u0131kaya<br \/>Eyl\u00fcl Demir<br \/>\u0130lk \u00c7a\u011f Me\u00e7kin<br \/>Adil Sivri<br \/>Hilal Y\u0131ld\u0131z<br \/>Halime \u00c7ift\u00e7i<br \/>Damla G\u00f6steren<br \/>Merivan Pala<br \/>Dilan Demirbilek<br \/>Halime Demir<br \/>Ticrihan \u00d6z<br \/>Sigrun Yakuba\u00e7ke<br \/>Tar\u0131k Botella Tor<br \/>Ayca Juana Tor<br \/>H\u00fcseyin Emre<br \/>\u015eevval Ko\u00e7<br \/>At\u0131\u015f Daras \u00d6ziner<br \/>Sara Aksoy<br \/>Florya Mirli<br \/>Olga Erden<\/p>\n","protected":false},"excerpt":{"rendered":"<p>24 y\u0131ld\u0131r 35 il ve il\u00e7ede binlerce sanat\u00e7\u0131y\u0131 bulu\u015fturan Ekim Ge\u00e7idi sergileri, bu y\u0131l uluslararas\u0131 bir Bianele d\u00f6n\u00fc\u015ft\u00fc. Atat\u00fcrk\u2019\u00fcn \u201cSanatk\u00e2r, aln\u0131nda \u0131\u015f\u0131\u011f\u0131 ilk duyan insand\u0131r.\u201d s\u00f6z\u00fcnden ilham alan Ekim Ge\u00e7idi sergileri, 25 y\u0131ld\u0131r T\u00fcrkiye\u2019nin tek s\u00fcrd\u00fcr\u00fclebilir \u00e7a\u011fda\u015f sanat sergisi olmay\u0131 ba\u015fard\u0131. Daha \u00f6nce pek \u00e7ok Ekim Ge\u00e7idi sergisine ev sahipli\u011fi yapan Mersin, Prof. Nurseren Tor [&hellip;]<\/p>\n","protected":false},"author":22,"featured_media":163120,"comment_status":"open","ping_status":"open","sticky":false,"template":"","format":"standard","meta":{"_yoast_wpseo_focuskw":"Ekim Ge\u00e7idi","_yoast_wpseo_title":"","_yoast_wpseo_metadesc":"24 y\u0131ld\u0131r 35 il ve il\u00e7ede binlerce sanat\u00e7\u0131y\u0131 bulu\u015fturan Ekim Ge\u00e7idi sergileri, bu y\u0131l uluslararas\u0131 boyut kazanarak Bianel\u2019e d\u00f6n\u00fc\u015ft\u00fc.","_bbp_topic_count":0,"_bbp_reply_count":0,"_bbp_total_topic_count":0,"_bbp_total_reply_count":0,"_bbp_voice_count":0,"_bbp_anonymous_reply_count":0,"_bbp_topic_count_hidden":0,"_bbp_reply_count_hidden":0,"_bbp_forum_subforum_count":0,"footnotes":"","_yoast_wpseo_focuskw_text_input":""},"categories":[8207,1,8206],"tags":[],"yoast_head":"<!-- This site is optimized with the Yoast SEO plugin v23.0 - https:\/\/yoast.com\/wordpress\/plugins\/seo\/ -->\n<title>Mersin 26 Uluslararas\u0131 Sanat\u00e7\u0131 \u0130le Ekim Ge\u00e7idi Bieanli\u2019nde\u00a0 - The Epoch Times TR<\/title>\n<meta name=\"description\" content=\"24 y\u0131ld\u0131r 35 il ve il\u00e7ede binlerce sanat\u00e7\u0131y\u0131 bulu\u015fturan Ekim Ge\u00e7idi sergileri, bu y\u0131l uluslararas\u0131 boyut kazanarak Bianel\u2019e d\u00f6n\u00fc\u015ft\u00fc.\" \/>\n<meta name=\"robots\" content=\"index, follow, max-snippet:-1, max-image-preview:large, max-video-preview:-1\" \/>\n<link rel=\"canonical\" href=\"https:\/\/epochtimestr.com\/index.php\/mersin-26-uluslararasi-sanatci-ile-ekim-gecidi-bieanlinde\" \/>\n<meta property=\"og:locale\" content=\"tr_TR\" \/>\n<meta property=\"og:type\" content=\"article\" \/>\n<meta property=\"og:title\" content=\"Mersin 26 Uluslararas\u0131 Sanat\u00e7\u0131 \u0130le Ekim Ge\u00e7idi Bieanli\u2019nde\u00a0 - The Epoch Times TR\" \/>\n<meta property=\"og:description\" content=\"24 y\u0131ld\u0131r 35 il ve il\u00e7ede binlerce sanat\u00e7\u0131y\u0131 bulu\u015fturan Ekim Ge\u00e7idi sergileri, bu y\u0131l uluslararas\u0131 boyut kazanarak Bianel\u2019e d\u00f6n\u00fc\u015ft\u00fc.\" \/>\n<meta property=\"og:url\" content=\"https:\/\/epochtimestr.com\/index.php\/mersin-26-uluslararasi-sanatci-ile-ekim-gecidi-bieanlinde\" \/>\n<meta property=\"og:site_name\" content=\"The Epoch Times TR\" \/>\n<meta property=\"article:publisher\" content=\"https:\/\/www.facebook.com\/theepochtimestr\" \/>\n<meta property=\"article:published_time\" content=\"2025-10-29T06:18:15+00:00\" \/>\n<meta property=\"article:modified_time\" content=\"2025-11-09T18:56:04+00:00\" \/>\n<meta property=\"og:image\" content=\"https:\/\/epochtimestr.com\/wp-content\/uploads\/2011y\/WhatsApp-Image-2025-10-29-at-08.48.58.jpeg\" \/>\n\t<meta property=\"og:image:width\" content=\"2048\" \/>\n\t<meta property=\"og:image:height\" content=\"1152\" \/>\n\t<meta property=\"og:image:type\" content=\"image\/jpeg\" \/>\n<meta name=\"author\" content=\"G.Hakan Ko\u00e7man\" \/>\n<meta name=\"twitter:card\" content=\"summary_large_image\" \/>\n<meta name=\"twitter:creator\" content=\"@TheEpochTimesTR\" \/>\n<meta name=\"twitter:site\" content=\"@TheEpochTimesTR\" \/>\n<meta name=\"twitter:label1\" content=\"Yazan:\" \/>\n\t<meta name=\"twitter:data1\" content=\"G.Hakan Ko\u00e7man\" \/>\n\t<meta name=\"twitter:label2\" content=\"Tahmini okuma s\u00fcresi\" \/>\n\t<meta name=\"twitter:data2\" content=\"6 dakika\" \/>\n<script type=\"application\/ld+json\" class=\"yoast-schema-graph\">{\"@context\":\"https:\/\/schema.org\",\"@graph\":[{\"@type\":\"Article\",\"@id\":\"https:\/\/epochtimestr.com\/index.php\/mersin-26-uluslararasi-sanatci-ile-ekim-gecidi-bieanlinde#article\",\"isPartOf\":{\"@id\":\"https:\/\/epochtimestr.com\/index.php\/mersin-26-uluslararasi-sanatci-ile-ekim-gecidi-bieanlinde\"},\"author\":{\"name\":\"G.Hakan Ko\u00e7man\",\"@id\":\"https:\/\/epochtimestr.com\/#\/schema\/person\/b5509977c9a6cd729a3e74d9743d035b\"},\"headline\":\"Mersin 26 Uluslararas\u0131 Sanat\u00e7\u0131 \u0130le Ekim Ge\u00e7idi Bieanli\u2019nde\u00a0\",\"datePublished\":\"2025-10-29T06:18:15+00:00\",\"dateModified\":\"2025-11-09T18:56:04+00:00\",\"mainEntityOfPage\":{\"@id\":\"https:\/\/epochtimestr.com\/index.php\/mersin-26-uluslararasi-sanatci-ile-ekim-gecidi-bieanlinde\"},\"wordCount\":1112,\"commentCount\":0,\"publisher\":{\"@id\":\"https:\/\/epochtimestr.com\/#organization\"},\"image\":{\"@id\":\"https:\/\/epochtimestr.com\/index.php\/mersin-26-uluslararasi-sanatci-ile-ekim-gecidi-bieanlinde#primaryimage\"},\"thumbnailUrl\":\"https:\/\/epochtimestr.com\/wp-content\/uploads\/2011y\/WhatsApp-Image-2025-10-29-at-08.48.58.jpeg\",\"articleSection\":[\"Geleneksel De\u011ferler\",\"G\u00dcNDEM\",\"\u00d6ne \u00c7\u0131kan\"],\"inLanguage\":\"tr\",\"potentialAction\":[{\"@type\":\"CommentAction\",\"name\":\"Comment\",\"target\":[\"https:\/\/epochtimestr.com\/index.php\/mersin-26-uluslararasi-sanatci-ile-ekim-gecidi-bieanlinde#respond\"]}]},{\"@type\":\"WebPage\",\"@id\":\"https:\/\/epochtimestr.com\/index.php\/mersin-26-uluslararasi-sanatci-ile-ekim-gecidi-bieanlinde\",\"url\":\"https:\/\/epochtimestr.com\/index.php\/mersin-26-uluslararasi-sanatci-ile-ekim-gecidi-bieanlinde\",\"name\":\"Mersin 26 Uluslararas\u0131 Sanat\u00e7\u0131 \u0130le Ekim Ge\u00e7idi Bieanli\u2019nde\u00a0 - The Epoch Times TR\",\"isPartOf\":{\"@id\":\"https:\/\/epochtimestr.com\/#website\"},\"primaryImageOfPage\":{\"@id\":\"https:\/\/epochtimestr.com\/index.php\/mersin-26-uluslararasi-sanatci-ile-ekim-gecidi-bieanlinde#primaryimage\"},\"image\":{\"@id\":\"https:\/\/epochtimestr.com\/index.php\/mersin-26-uluslararasi-sanatci-ile-ekim-gecidi-bieanlinde#primaryimage\"},\"thumbnailUrl\":\"https:\/\/epochtimestr.com\/wp-content\/uploads\/2011y\/WhatsApp-Image-2025-10-29-at-08.48.58.jpeg\",\"datePublished\":\"2025-10-29T06:18:15+00:00\",\"dateModified\":\"2025-11-09T18:56:04+00:00\",\"description\":\"24 y\u0131ld\u0131r 35 il ve il\u00e7ede binlerce sanat\u00e7\u0131y\u0131 bulu\u015fturan Ekim Ge\u00e7idi sergileri, bu y\u0131l uluslararas\u0131 boyut kazanarak Bianel\u2019e d\u00f6n\u00fc\u015ft\u00fc.\",\"inLanguage\":\"tr\",\"potentialAction\":[{\"@type\":\"ReadAction\",\"target\":[\"https:\/\/epochtimestr.com\/index.php\/mersin-26-uluslararasi-sanatci-ile-ekim-gecidi-bieanlinde\"]}]},{\"@type\":\"ImageObject\",\"inLanguage\":\"tr\",\"@id\":\"https:\/\/epochtimestr.com\/index.php\/mersin-26-uluslararasi-sanatci-ile-ekim-gecidi-bieanlinde#primaryimage\",\"url\":\"https:\/\/epochtimestr.com\/wp-content\/uploads\/2011y\/WhatsApp-Image-2025-10-29-at-08.48.58.jpeg\",\"contentUrl\":\"https:\/\/epochtimestr.com\/wp-content\/uploads\/2011y\/WhatsApp-Image-2025-10-29-at-08.48.58.jpeg\",\"width\":2048,\"height\":1152},{\"@type\":\"WebSite\",\"@id\":\"https:\/\/epochtimestr.com\/#website\",\"url\":\"https:\/\/epochtimestr.com\/\",\"name\":\"The Epoch Times TR\",\"description\":\"De\u011fi\u015fen D\u00fcnyam\u0131za Taze Bir Bak\u0131\u015f\",\"publisher\":{\"@id\":\"https:\/\/epochtimestr.com\/#organization\"},\"potentialAction\":[{\"@type\":\"SearchAction\",\"target\":{\"@type\":\"EntryPoint\",\"urlTemplate\":\"https:\/\/epochtimestr.com\/?s={search_term_string}\"},\"query-input\":\"required name=search_term_string\"}],\"inLanguage\":\"tr\"},{\"@type\":\"Organization\",\"@id\":\"https:\/\/epochtimestr.com\/#organization\",\"name\":\"The EpochTimes T\u00fcrkiye\",\"url\":\"https:\/\/epochtimestr.com\/\",\"logo\":{\"@type\":\"ImageObject\",\"inLanguage\":\"tr\",\"@id\":\"https:\/\/epochtimestr.com\/#\/schema\/logo\/image\/\",\"url\":\"https:\/\/epochtimestr.com\/wp-content\/uploads\/2011y\/ET-Logo-YG.jpg\",\"contentUrl\":\"https:\/\/epochtimestr.com\/wp-content\/uploads\/2011y\/ET-Logo-YG.jpg\",\"width\":346,\"height\":29,\"caption\":\"The EpochTimes T\u00fcrkiye\"},\"image\":{\"@id\":\"https:\/\/epochtimestr.com\/#\/schema\/logo\/image\/\"},\"sameAs\":[\"https:\/\/www.facebook.com\/theepochtimestr\",\"https:\/\/x.com\/TheEpochTimesTR\",\"https:\/\/www.instagram.com\/epochtimestr\"]},{\"@type\":\"Person\",\"@id\":\"https:\/\/epochtimestr.com\/#\/schema\/person\/b5509977c9a6cd729a3e74d9743d035b\",\"name\":\"G.Hakan Ko\u00e7man\",\"image\":{\"@type\":\"ImageObject\",\"inLanguage\":\"tr\",\"@id\":\"https:\/\/epochtimestr.com\/#\/schema\/person\/image\/\",\"url\":\"https:\/\/secure.gravatar.com\/avatar\/e4eafee1ab5d1f4015c3930376b22ca8?s=96&d=mm&r=g\",\"contentUrl\":\"https:\/\/secure.gravatar.com\/avatar\/e4eafee1ab5d1f4015c3930376b22ca8?s=96&d=mm&r=g\",\"caption\":\"G.Hakan Ko\u00e7man\"},\"url\":\"https:\/\/epochtimestr.com\/index.php\/author\/hakan\"}]}<\/script>\n<!-- \/ Yoast SEO plugin. -->","yoast_head_json":{"title":"Mersin 26 Uluslararas\u0131 Sanat\u00e7\u0131 \u0130le Ekim Ge\u00e7idi Bieanli\u2019nde\u00a0 - The Epoch Times TR","description":"24 y\u0131ld\u0131r 35 il ve il\u00e7ede binlerce sanat\u00e7\u0131y\u0131 bulu\u015fturan Ekim Ge\u00e7idi sergileri, bu y\u0131l uluslararas\u0131 boyut kazanarak Bianel\u2019e d\u00f6n\u00fc\u015ft\u00fc.","robots":{"index":"index","follow":"follow","max-snippet":"max-snippet:-1","max-image-preview":"max-image-preview:large","max-video-preview":"max-video-preview:-1"},"canonical":"https:\/\/epochtimestr.com\/index.php\/mersin-26-uluslararasi-sanatci-ile-ekim-gecidi-bieanlinde","og_locale":"tr_TR","og_type":"article","og_title":"Mersin 26 Uluslararas\u0131 Sanat\u00e7\u0131 \u0130le Ekim Ge\u00e7idi Bieanli\u2019nde\u00a0 - The Epoch Times TR","og_description":"24 y\u0131ld\u0131r 35 il ve il\u00e7ede binlerce sanat\u00e7\u0131y\u0131 bulu\u015fturan Ekim Ge\u00e7idi sergileri, bu y\u0131l uluslararas\u0131 boyut kazanarak Bianel\u2019e d\u00f6n\u00fc\u015ft\u00fc.","og_url":"https:\/\/epochtimestr.com\/index.php\/mersin-26-uluslararasi-sanatci-ile-ekim-gecidi-bieanlinde","og_site_name":"The Epoch Times TR","article_publisher":"https:\/\/www.facebook.com\/theepochtimestr","article_published_time":"2025-10-29T06:18:15+00:00","article_modified_time":"2025-11-09T18:56:04+00:00","og_image":[{"width":2048,"height":1152,"url":"https:\/\/epochtimestr.com\/wp-content\/uploads\/2011y\/WhatsApp-Image-2025-10-29-at-08.48.58.jpeg","type":"image\/jpeg"}],"author":"G.Hakan Ko\u00e7man","twitter_card":"summary_large_image","twitter_creator":"@TheEpochTimesTR","twitter_site":"@TheEpochTimesTR","twitter_misc":{"Yazan:":"G.Hakan Ko\u00e7man","Tahmini okuma s\u00fcresi":"6 dakika"},"schema":{"@context":"https:\/\/schema.org","@graph":[{"@type":"Article","@id":"https:\/\/epochtimestr.com\/index.php\/mersin-26-uluslararasi-sanatci-ile-ekim-gecidi-bieanlinde#article","isPartOf":{"@id":"https:\/\/epochtimestr.com\/index.php\/mersin-26-uluslararasi-sanatci-ile-ekim-gecidi-bieanlinde"},"author":{"name":"G.Hakan Ko\u00e7man","@id":"https:\/\/epochtimestr.com\/#\/schema\/person\/b5509977c9a6cd729a3e74d9743d035b"},"headline":"Mersin 26 Uluslararas\u0131 Sanat\u00e7\u0131 \u0130le Ekim Ge\u00e7idi Bieanli\u2019nde\u00a0","datePublished":"2025-10-29T06:18:15+00:00","dateModified":"2025-11-09T18:56:04+00:00","mainEntityOfPage":{"@id":"https:\/\/epochtimestr.com\/index.php\/mersin-26-uluslararasi-sanatci-ile-ekim-gecidi-bieanlinde"},"wordCount":1112,"commentCount":0,"publisher":{"@id":"https:\/\/epochtimestr.com\/#organization"},"image":{"@id":"https:\/\/epochtimestr.com\/index.php\/mersin-26-uluslararasi-sanatci-ile-ekim-gecidi-bieanlinde#primaryimage"},"thumbnailUrl":"https:\/\/epochtimestr.com\/wp-content\/uploads\/2011y\/WhatsApp-Image-2025-10-29-at-08.48.58.jpeg","articleSection":["Geleneksel De\u011ferler","G\u00dcNDEM","\u00d6ne \u00c7\u0131kan"],"inLanguage":"tr","potentialAction":[{"@type":"CommentAction","name":"Comment","target":["https:\/\/epochtimestr.com\/index.php\/mersin-26-uluslararasi-sanatci-ile-ekim-gecidi-bieanlinde#respond"]}]},{"@type":"WebPage","@id":"https:\/\/epochtimestr.com\/index.php\/mersin-26-uluslararasi-sanatci-ile-ekim-gecidi-bieanlinde","url":"https:\/\/epochtimestr.com\/index.php\/mersin-26-uluslararasi-sanatci-ile-ekim-gecidi-bieanlinde","name":"Mersin 26 Uluslararas\u0131 Sanat\u00e7\u0131 \u0130le Ekim Ge\u00e7idi Bieanli\u2019nde\u00a0 - The Epoch Times TR","isPartOf":{"@id":"https:\/\/epochtimestr.com\/#website"},"primaryImageOfPage":{"@id":"https:\/\/epochtimestr.com\/index.php\/mersin-26-uluslararasi-sanatci-ile-ekim-gecidi-bieanlinde#primaryimage"},"image":{"@id":"https:\/\/epochtimestr.com\/index.php\/mersin-26-uluslararasi-sanatci-ile-ekim-gecidi-bieanlinde#primaryimage"},"thumbnailUrl":"https:\/\/epochtimestr.com\/wp-content\/uploads\/2011y\/WhatsApp-Image-2025-10-29-at-08.48.58.jpeg","datePublished":"2025-10-29T06:18:15+00:00","dateModified":"2025-11-09T18:56:04+00:00","description":"24 y\u0131ld\u0131r 35 il ve il\u00e7ede binlerce sanat\u00e7\u0131y\u0131 bulu\u015fturan Ekim Ge\u00e7idi sergileri, bu y\u0131l uluslararas\u0131 boyut kazanarak Bianel\u2019e d\u00f6n\u00fc\u015ft\u00fc.","inLanguage":"tr","potentialAction":[{"@type":"ReadAction","target":["https:\/\/epochtimestr.com\/index.php\/mersin-26-uluslararasi-sanatci-ile-ekim-gecidi-bieanlinde"]}]},{"@type":"ImageObject","inLanguage":"tr","@id":"https:\/\/epochtimestr.com\/index.php\/mersin-26-uluslararasi-sanatci-ile-ekim-gecidi-bieanlinde#primaryimage","url":"https:\/\/epochtimestr.com\/wp-content\/uploads\/2011y\/WhatsApp-Image-2025-10-29-at-08.48.58.jpeg","contentUrl":"https:\/\/epochtimestr.com\/wp-content\/uploads\/2011y\/WhatsApp-Image-2025-10-29-at-08.48.58.jpeg","width":2048,"height":1152},{"@type":"WebSite","@id":"https:\/\/epochtimestr.com\/#website","url":"https:\/\/epochtimestr.com\/","name":"The Epoch Times TR","description":"De\u011fi\u015fen D\u00fcnyam\u0131za Taze Bir Bak\u0131\u015f","publisher":{"@id":"https:\/\/epochtimestr.com\/#organization"},"potentialAction":[{"@type":"SearchAction","target":{"@type":"EntryPoint","urlTemplate":"https:\/\/epochtimestr.com\/?s={search_term_string}"},"query-input":"required name=search_term_string"}],"inLanguage":"tr"},{"@type":"Organization","@id":"https:\/\/epochtimestr.com\/#organization","name":"The EpochTimes T\u00fcrkiye","url":"https:\/\/epochtimestr.com\/","logo":{"@type":"ImageObject","inLanguage":"tr","@id":"https:\/\/epochtimestr.com\/#\/schema\/logo\/image\/","url":"https:\/\/epochtimestr.com\/wp-content\/uploads\/2011y\/ET-Logo-YG.jpg","contentUrl":"https:\/\/epochtimestr.com\/wp-content\/uploads\/2011y\/ET-Logo-YG.jpg","width":346,"height":29,"caption":"The EpochTimes T\u00fcrkiye"},"image":{"@id":"https:\/\/epochtimestr.com\/#\/schema\/logo\/image\/"},"sameAs":["https:\/\/www.facebook.com\/theepochtimestr","https:\/\/x.com\/TheEpochTimesTR","https:\/\/www.instagram.com\/epochtimestr"]},{"@type":"Person","@id":"https:\/\/epochtimestr.com\/#\/schema\/person\/b5509977c9a6cd729a3e74d9743d035b","name":"G.Hakan Ko\u00e7man","image":{"@type":"ImageObject","inLanguage":"tr","@id":"https:\/\/epochtimestr.com\/#\/schema\/person\/image\/","url":"https:\/\/secure.gravatar.com\/avatar\/e4eafee1ab5d1f4015c3930376b22ca8?s=96&d=mm&r=g","contentUrl":"https:\/\/secure.gravatar.com\/avatar\/e4eafee1ab5d1f4015c3930376b22ca8?s=96&d=mm&r=g","caption":"G.Hakan Ko\u00e7man"},"url":"https:\/\/epochtimestr.com\/index.php\/author\/hakan"}]}},"_links":{"self":[{"href":"https:\/\/epochtimestr.com\/index.php\/wp-json\/wp\/v2\/posts\/163119"}],"collection":[{"href":"https:\/\/epochtimestr.com\/index.php\/wp-json\/wp\/v2\/posts"}],"about":[{"href":"https:\/\/epochtimestr.com\/index.php\/wp-json\/wp\/v2\/types\/post"}],"author":[{"embeddable":true,"href":"https:\/\/epochtimestr.com\/index.php\/wp-json\/wp\/v2\/users\/22"}],"replies":[{"embeddable":true,"href":"https:\/\/epochtimestr.com\/index.php\/wp-json\/wp\/v2\/comments?post=163119"}],"version-history":[{"count":7,"href":"https:\/\/epochtimestr.com\/index.php\/wp-json\/wp\/v2\/posts\/163119\/revisions"}],"predecessor-version":[{"id":163374,"href":"https:\/\/epochtimestr.com\/index.php\/wp-json\/wp\/v2\/posts\/163119\/revisions\/163374"}],"wp:featuredmedia":[{"embeddable":true,"href":"https:\/\/epochtimestr.com\/index.php\/wp-json\/wp\/v2\/media\/163120"}],"wp:attachment":[{"href":"https:\/\/epochtimestr.com\/index.php\/wp-json\/wp\/v2\/media?parent=163119"}],"wp:term":[{"taxonomy":"category","embeddable":true,"href":"https:\/\/epochtimestr.com\/index.php\/wp-json\/wp\/v2\/categories?post=163119"},{"taxonomy":"post_tag","embeddable":true,"href":"https:\/\/epochtimestr.com\/index.php\/wp-json\/wp\/v2\/tags?post=163119"}],"curies":[{"name":"wp","href":"https:\/\/api.w.org\/{rel}","templated":true}]}}