{"id":163352,"date":"2025-11-09T02:17:32","date_gmt":"2025-11-08T23:17:32","guid":{"rendered":"https:\/\/epochtimestr.com\/?p=163352"},"modified":"2025-11-09T21:58:59","modified_gmt":"2025-11-09T18:58:59","slug":"mersinde-ahmet-umit-sevgisi-sokaga-tastii","status":"publish","type":"post","link":"https:\/\/epochtimestr.com\/index.php\/mersinde-ahmet-umit-sevgisi-sokaga-tastii","title":{"rendered":"Mersin&#8217;de Ahmet \u00dcmit Sevgisi Soka\u011fa Ta\u015ft\u0131"},"content":{"rendered":"<div class=\"wp-block-image\">\n<figure class=\"aligncenter size-large is-resized\"><img loading=\"lazy\" decoding=\"async\" width=\"2095\" height=\"1178\" src=\"https:\/\/epochtimestr.com\/wp-content\/uploads\/2011y\/IMG20251108135113-2095x1178.jpg\" alt=\"Ahmet \u00dcmit, Mersin'de okurlar\u0131n\u0131n yo\u011fun ilgisi ile kar\u015f\u0131la\u015ft\u0131. (Foto\u011fraf: G. Hakan Ko\u00e7man, The Epoch Times T\u00fcrkiye)\" class=\"wp-image-163353\" style=\"width:839px;height:auto\" srcset=\"https:\/\/epochtimestr.com\/wp-content\/uploads\/2011y\/IMG20251108135113-2095x1178.jpg 2095w, https:\/\/epochtimestr.com\/wp-content\/uploads\/2011y\/IMG20251108135113-300x169.jpg 300w, https:\/\/epochtimestr.com\/wp-content\/uploads\/2011y\/IMG20251108135113-150x84.jpg 150w, https:\/\/epochtimestr.com\/wp-content\/uploads\/2011y\/IMG20251108135113-768x432.jpg 768w, https:\/\/epochtimestr.com\/wp-content\/uploads\/2011y\/IMG20251108135113-1536x864.jpg 1536w, https:\/\/epochtimestr.com\/wp-content\/uploads\/2011y\/IMG20251108135113-2048x1152.jpg 2048w\" sizes=\"(max-width: 2095px) 100vw, 2095px\" \/><figcaption class=\"wp-element-caption\">Ahmet \u00dcmit, Mersin&#8217;de okurlar\u0131n\u0131n yo\u011fun ilgisi ile kar\u015f\u0131la\u015ft\u0131. (Foto\u011fraf: G. Hakan Ko\u00e7man, The Epoch Times T\u00fcrkiye)<\/figcaption><\/figure><\/div>\n\n\n<p>Ahmet \u00dcmit, Mersin Kent Edebiyat \u00d6d\u00fcl\u00fc kapsam\u0131nda geldi\u011fi Mersin\u2019de okurlar\u0131 ile bulu\u015ftu. Sokak Kitap ve Kahve Evi taraf\u0131ndan d\u00fczenlenen <a href=\"https:\/\/epochtimestr.com\/index.php\/alt-gecitte-imza-gunu\" target=\"_blank\" rel=\"noreferrer noopener\">imza g\u00fcn\u00fcnde<\/a> \u00dcmit, okurlar\u0131n\u0131n yo\u011fun ilgisi ile kar\u015f\u0131la\u015ft\u0131. Son y\u0131llarda Mersin\u2019de d\u00fczenlenen en kalabal\u0131k imza g\u00fcn\u00fcne d\u00f6n\u00fc\u015fen etkinlikte, okurlar\u0131n olu\u015fturdu\u011fu kuyruk kitapevinin \u00f6n\u00fcndeki soka\u011f\u0131 doldurdu. Uzun kuyruktaki okurlar kitaplar\u0131n\u0131 imzalatabilmek i\u00e7in uzunca bir s\u00fcre boyunca beklemek zorunda kald\u0131. Ahmet \u00dcmit de \u201cHep Mersin\u2019de b\u00f6yle olur zaten; beni hi\u00e7bir zaman yaln\u0131z b\u0131rakmad\u0131lar. Bug\u00fcn de muhte\u015fem bir kar\u015f\u0131lama yapt\u0131lar.\u201d s\u00f6zleriyle okurlar\u0131n yo\u011fun ilgisinden duydu\u011fu memnuniyeti ifade etti.<\/p>\n\n\n<div class=\"wp-block-image\">\n<figure class=\"aligncenter size-large is-resized\"><img loading=\"lazy\" decoding=\"async\" width=\"2095\" height=\"1178\" src=\"https:\/\/epochtimestr.com\/wp-content\/uploads\/2011y\/IMG20251108145310-2095x1178.jpg\" alt=\"Ahmet \u00dcmit ile Mersinli okuru Hadika Toro\u011flu Bulca. (Foto\u011fraf: G. Hakan Ko\u00e7man, The Epoch Times T\u00fcrkiye)\" class=\"wp-image-163354\" style=\"width:839px;height:auto\" srcset=\"https:\/\/epochtimestr.com\/wp-content\/uploads\/2011y\/IMG20251108145310-2095x1178.jpg 2095w, https:\/\/epochtimestr.com\/wp-content\/uploads\/2011y\/IMG20251108145310-300x169.jpg 300w, https:\/\/epochtimestr.com\/wp-content\/uploads\/2011y\/IMG20251108145310-150x84.jpg 150w, https:\/\/epochtimestr.com\/wp-content\/uploads\/2011y\/IMG20251108145310-768x432.jpg 768w, https:\/\/epochtimestr.com\/wp-content\/uploads\/2011y\/IMG20251108145310-1536x864.jpg 1536w, https:\/\/epochtimestr.com\/wp-content\/uploads\/2011y\/IMG20251108145310-2048x1152.jpg 2048w\" sizes=\"(max-width: 2095px) 100vw, 2095px\" \/><figcaption class=\"wp-element-caption\">Ahmet \u00dcmit ile Mersinli okuru Hadika Toro\u011flu Bulca. (Foto\u011fraf: G. Hakan Ko\u00e7man, The Epoch Times T\u00fcrkiye)<\/figcaption><\/figure><\/div>\n\n\n<h3 class=\"wp-block-heading\">\u201cKendisiyle birka\u00e7 kelime de olsa konu\u015fmak beni \u00e7ok heyecanland\u0131rd\u0131.\u201d<\/h3>\n\n\n\n<p>S\u0131k\u0131 bir Ahmet \u00dcmit okuru olan Hadika Toro\u011flu Bulca da kitaplar\u0131n\u0131 kuyrukta yakla\u015f\u0131k 1 saat bekledikten sonra imzalatabildi. Bulca, Ahmet \u00dcmit ile Sokak Kitabevi\u2019nde bulu\u015fmaktan duydu\u011fu memnuniyeti dile getirdi. Ahmet \u00dcmit\u2019in kitaplar\u0131n\u0131 y\u0131llard\u0131r be\u011fenerek okudu\u011funu s\u00f6yleyen Bulca, \u201cYazarla ikinci kez y\u00fcz y\u00fcze geldim. \u0130lki \u0130zmir&#8217;de \u2018K\u0131rlang\u0131\u00e7 \u00c7\u0131\u011fl\u0131\u011f\u0131\u2019 kitab\u0131n\u0131n imza g\u00fcn\u00fcyd\u00fc. Kitaplar\u0131m\u0131 imzalat\u0131rken kendisiyle birka\u00e7 kelime de olsa konu\u015fmak beni \u00e7ok heyecanland\u0131rd\u0131.\u00a0S\u0131cak tavr\u0131, i\u00e7tenli\u011fi, biz okurlar\u0131na g\u00f6sterdi\u011fi ilgi beni etkiledi. Kitaplar\u0131 imzalatmakla beraber, ayn\u0131 zamanda de\u011fer verdi\u011fim yazarla kurdu\u011fum k\u00fc\u00e7\u00fck fakat anlaml\u0131 an\u0131y\u0131, an\u0131lar\u0131ma eklemenin keyfiyle oradan ayr\u0131ld\u0131m.\u201d dedi.<\/p>\n\n\n<div class=\"wp-block-image\">\n<figure class=\"aligncenter size-full is-resized\"><img loading=\"lazy\" decoding=\"async\" width=\"775\" height=\"581\" src=\"https:\/\/epochtimestr.com\/wp-content\/uploads\/2011y\/WhatsApp-Image-2025-10-04-at-19.13.31.jpeg\" alt=\"Embriyolog Sinem \u00d6ztuna ve Ortopedi Uzman\u0131 Prof. Dr. Volkan \u00d6ztuna\" class=\"wp-image-163355\" style=\"width:775px;height:auto\" srcset=\"https:\/\/epochtimestr.com\/wp-content\/uploads\/2011y\/WhatsApp-Image-2025-10-04-at-19.13.31.jpeg 775w, https:\/\/epochtimestr.com\/wp-content\/uploads\/2011y\/WhatsApp-Image-2025-10-04-at-19.13.31-300x225.jpeg 300w, https:\/\/epochtimestr.com\/wp-content\/uploads\/2011y\/WhatsApp-Image-2025-10-04-at-19.13.31-150x112.jpeg 150w, https:\/\/epochtimestr.com\/wp-content\/uploads\/2011y\/WhatsApp-Image-2025-10-04-at-19.13.31-768x576.jpeg 768w, https:\/\/epochtimestr.com\/wp-content\/uploads\/2011y\/WhatsApp-Image-2025-10-04-at-19.13.31-86x64.jpeg 86w\" sizes=\"(max-width: 775px) 100vw, 775px\" \/><figcaption class=\"wp-element-caption\"> Embriyolog Sinem \u00d6ztuna ve Ortopedi Uzman\u0131 Prof. Dr. Volkan \u00d6ztuna<\/figcaption><\/figure><\/div>\n\n\n<h3 class=\"wp-block-heading\">Mersin\u2019in Yenilenen K\u00fclt\u00fcr Dura\u011f\u0131: Sokak Kitap ve Kahve Evi<\/h3>\n\n\n\n<p>Mersinlilerin k\u00fclt\u00fcrel belle\u011finde \u00f6nemli bir yeri olan Sokak Kitap ve Kahve Evi\u2019ni 2025 y\u0131l\u0131nda Embriyolog Sinem \u00d6ztuna ve e\u015fi Ortopedi Uzman\u0131 Prof. Dr. Volkan \u00d6ztuna devrald\u0131. Sokak Kitap ve Kahve Evi\u2019nin ayn\u0131 zamanda i\u015fletmesini \u00fcstelenen Sinem \u00d6ztuna gazetemize yapt\u0131\u011f\u0131 a\u00e7\u0131klamada etkinli\u011fin g\u00f6rd\u00fc\u011f\u00fc ilgiden duyduklar\u0131 memnuniyeti dile getirdi. Ahmet \u00dcmit\u2019in imza g\u00fcn\u00fcne ev sahipli\u011fi yapmaktan gurur duyduklar\u0131n\u0131 s\u00f6yleyen \u00d6ztuna, kitapevi ile ilgili olarak da \u201c2025 y\u0131l\u0131 itibar\u0131yla Sokak Kitabevi\u2019nin g\u00fc\u00e7l\u00fc miras\u0131n\u0131 devralman\u0131n heyecan\u0131n\u0131 ve sorumlulu\u011funu ta\u015f\u0131yoruz. Biz Sinem ve Volkan \u00d6ztuna olarak, Ocak 2025\u2019te Sokak Kitabevi\u2019nin de\u011ferli miras\u0131n\u0131 devrald\u0131k. K\u00fc\u00e7\u00fck bir tadilat sonras\u0131nda al\u0131\u015fagelen yerel ve ulusal \u00e7apl\u0131 etkinliklere devam ettik. Sokak Kitabevi\u2019nin kuruldu\u011fu g\u00fcnden bu yana sahip oldu\u011fu bilinirli\u011fin ve sad\u0131k kitlesinin fark\u0131nday\u0131z. Bu k\u0131ymetli yap\u0131y\u0131 koruyarak, daha geni\u015f bir vizyonla yolumuza devam ediyoruz. Ahmet \u00dcmit imza g\u00fcn\u00fc de bu vizyonun bir par\u00e7as\u0131. Kendisine burada bizimle birlikte oldu\u011fu i\u00e7in te\u015fekk\u00fcr ediyoruz.\u201d dedi.<\/p>\n\n\n\n<p>Konu\u015fmas\u0131n\u0131n devam\u0131nda \u00d6ztuna Sokak Kitap ve Kahve Evi\u2019ni bir k\u00fclt\u00fcr dura\u011f\u0131na d\u00f6n\u00fc\u015ft\u00fcrme vizyonu ile ilgili olarak, \u201cOkuma gruplar\u0131, yazar-okur bulu\u015fma ve s\u00f6yle\u015fileri, film g\u00f6sterimleri ve tart\u0131\u015fmalar\u0131, m\u00fczik dinletileri, foto\u011fraf sergileri ve at\u00f6lye \u00e7al\u0131\u015fmalar\u0131 ile sanat\u0131n farkl\u0131 alanlar\u0131na dokunan bir k\u00fclt\u00fcr merkezi olmay\u0131 hedefliyoruz. Amac\u0131m\u0131z, sanatla ilgilenen herkese a\u00e7\u0131k, s\u0131cak, samimi ve \u00fcretken bir alan\u0131n ev sahipli\u011fini yapmak. Bir ba\u015fka deyi\u015fle hedefimiz buray\u0131 Mersin\u2019in ya\u015fayan K\u00fclt\u00fcr Dura\u011f\u0131\u2019na d\u00f6n\u00fc\u015ft\u00fcrmek.\u201d \u00a0ifadelerini kulland\u0131.<\/p>\n","protected":false},"excerpt":{"rendered":"<p>Ahmet \u00dcmit, Mersin Kent Edebiyat \u00d6d\u00fcl\u00fc kapsam\u0131nda geldi\u011fi Mersin\u2019de okurlar\u0131 ile bulu\u015ftu. Sokak Kitap ve Kahve Evi taraf\u0131ndan d\u00fczenlenen imza g\u00fcn\u00fcnde \u00dcmit, okurlar\u0131n\u0131n yo\u011fun ilgisi ile kar\u015f\u0131la\u015ft\u0131. Son y\u0131llarda Mersin\u2019de d\u00fczenlenen en kalabal\u0131k imza g\u00fcn\u00fcne d\u00f6n\u00fc\u015fen etkinlikte, okurlar\u0131n olu\u015fturdu\u011fu kuyruk kitapevinin \u00f6n\u00fcndeki soka\u011f\u0131 doldurdu. Uzun kuyruktaki okurlar kitaplar\u0131n\u0131 imzalatabilmek i\u00e7in uzunca bir s\u00fcre boyunca beklemek [&hellip;]<\/p>\n","protected":false},"author":22,"featured_media":163353,"comment_status":"open","ping_status":"open","sticky":false,"template":"","format":"standard","meta":{"_yoast_wpseo_focuskw":"Ahmet \u00dcmit","_yoast_wpseo_title":"","_yoast_wpseo_metadesc":"Ahmet \u00dcmit, Mersin\u2019de Sokak Kitap ve Kahve Evi'nde ger\u00e7ekle\u015fen imza g\u00fcn\u00fcnde okurlar\u0131n\u0131n yo\u011fun ilgisi ile kar\u015f\u0131la\u015ft\u0131.","_bbp_topic_count":0,"_bbp_reply_count":0,"_bbp_total_topic_count":0,"_bbp_total_reply_count":0,"_bbp_voice_count":0,"_bbp_anonymous_reply_count":0,"_bbp_topic_count_hidden":0,"_bbp_reply_count_hidden":0,"_bbp_forum_subforum_count":0,"footnotes":"","_yoast_wpseo_focuskw_text_input":""},"categories":[1,8206,6917],"tags":[],"yoast_head":"<!-- This site is optimized with the Yoast SEO plugin v23.0 - https:\/\/yoast.com\/wordpress\/plugins\/seo\/ -->\n<title>Mersin&#039;de Ahmet \u00dcmit Sevgisi Soka\u011fa Ta\u015ft\u0131 - The Epoch Times TR<\/title>\n<meta name=\"description\" content=\"Ahmet \u00dcmit, Mersin\u2019de Sokak Kitap ve Kahve Evi&#039;nde ger\u00e7ekle\u015fen imza g\u00fcn\u00fcnde okurlar\u0131n\u0131n yo\u011fun ilgisi ile kar\u015f\u0131la\u015ft\u0131.\" \/>\n<meta name=\"robots\" content=\"index, follow, max-snippet:-1, max-image-preview:large, max-video-preview:-1\" \/>\n<link rel=\"canonical\" href=\"https:\/\/epochtimestr.com\/index.php\/mersinde-ahmet-umit-sevgisi-sokaga-tastii\" \/>\n<meta property=\"og:locale\" content=\"tr_TR\" \/>\n<meta property=\"og:type\" content=\"article\" \/>\n<meta property=\"og:title\" content=\"Mersin&#039;de Ahmet \u00dcmit Sevgisi Soka\u011fa Ta\u015ft\u0131 - The Epoch Times TR\" \/>\n<meta property=\"og:description\" content=\"Ahmet \u00dcmit, Mersin\u2019de Sokak Kitap ve Kahve Evi&#039;nde ger\u00e7ekle\u015fen imza g\u00fcn\u00fcnde okurlar\u0131n\u0131n yo\u011fun ilgisi ile kar\u015f\u0131la\u015ft\u0131.\" \/>\n<meta property=\"og:url\" content=\"https:\/\/epochtimestr.com\/index.php\/mersinde-ahmet-umit-sevgisi-sokaga-tastii\" \/>\n<meta property=\"og:site_name\" content=\"The Epoch Times TR\" \/>\n<meta property=\"article:publisher\" content=\"https:\/\/www.facebook.com\/theepochtimestr\" \/>\n<meta property=\"article:published_time\" content=\"2025-11-08T23:17:32+00:00\" \/>\n<meta property=\"article:modified_time\" content=\"2025-11-09T18:58:59+00:00\" \/>\n<meta property=\"og:image\" content=\"https:\/\/epochtimestr.com\/wp-content\/uploads\/2011y\/IMG20251108135113-scaled.jpg\" \/>\n\t<meta property=\"og:image:width\" content=\"2560\" \/>\n\t<meta property=\"og:image:height\" content=\"1440\" \/>\n\t<meta property=\"og:image:type\" content=\"image\/jpeg\" \/>\n<meta name=\"author\" content=\"G.Hakan Ko\u00e7man\" \/>\n<meta name=\"twitter:card\" content=\"summary_large_image\" \/>\n<meta name=\"twitter:creator\" content=\"@TheEpochTimesTR\" \/>\n<meta name=\"twitter:site\" content=\"@TheEpochTimesTR\" \/>\n<meta name=\"twitter:label1\" content=\"Yazan:\" \/>\n\t<meta name=\"twitter:data1\" content=\"G.Hakan Ko\u00e7man\" \/>\n\t<meta name=\"twitter:label2\" content=\"Tahmini okuma s\u00fcresi\" \/>\n\t<meta name=\"twitter:data2\" content=\"4 dakika\" \/>\n<script type=\"application\/ld+json\" class=\"yoast-schema-graph\">{\"@context\":\"https:\/\/schema.org\",\"@graph\":[{\"@type\":\"Article\",\"@id\":\"https:\/\/epochtimestr.com\/index.php\/mersinde-ahmet-umit-sevgisi-sokaga-tastii#article\",\"isPartOf\":{\"@id\":\"https:\/\/epochtimestr.com\/index.php\/mersinde-ahmet-umit-sevgisi-sokaga-tastii\"},\"author\":{\"name\":\"G.Hakan Ko\u00e7man\",\"@id\":\"https:\/\/epochtimestr.com\/#\/schema\/person\/b5509977c9a6cd729a3e74d9743d035b\"},\"headline\":\"Mersin&#8217;de Ahmet \u00dcmit Sevgisi Soka\u011fa Ta\u015ft\u0131\",\"datePublished\":\"2025-11-08T23:17:32+00:00\",\"dateModified\":\"2025-11-09T18:58:59+00:00\",\"mainEntityOfPage\":{\"@id\":\"https:\/\/epochtimestr.com\/index.php\/mersinde-ahmet-umit-sevgisi-sokaga-tastii\"},\"wordCount\":639,\"commentCount\":0,\"publisher\":{\"@id\":\"https:\/\/epochtimestr.com\/#organization\"},\"image\":{\"@id\":\"https:\/\/epochtimestr.com\/index.php\/mersinde-ahmet-umit-sevgisi-sokaga-tastii#primaryimage\"},\"thumbnailUrl\":\"https:\/\/epochtimestr.com\/wp-content\/uploads\/2011y\/IMG20251108135113-scaled.jpg\",\"articleSection\":[\"G\u00dcNDEM\",\"\u00d6ne \u00c7\u0131kan\",\"Yaz\u0131n\"],\"inLanguage\":\"tr\",\"potentialAction\":[{\"@type\":\"CommentAction\",\"name\":\"Comment\",\"target\":[\"https:\/\/epochtimestr.com\/index.php\/mersinde-ahmet-umit-sevgisi-sokaga-tastii#respond\"]}]},{\"@type\":\"WebPage\",\"@id\":\"https:\/\/epochtimestr.com\/index.php\/mersinde-ahmet-umit-sevgisi-sokaga-tastii\",\"url\":\"https:\/\/epochtimestr.com\/index.php\/mersinde-ahmet-umit-sevgisi-sokaga-tastii\",\"name\":\"Mersin'de Ahmet \u00dcmit Sevgisi Soka\u011fa Ta\u015ft\u0131 - The Epoch Times TR\",\"isPartOf\":{\"@id\":\"https:\/\/epochtimestr.com\/#website\"},\"primaryImageOfPage\":{\"@id\":\"https:\/\/epochtimestr.com\/index.php\/mersinde-ahmet-umit-sevgisi-sokaga-tastii#primaryimage\"},\"image\":{\"@id\":\"https:\/\/epochtimestr.com\/index.php\/mersinde-ahmet-umit-sevgisi-sokaga-tastii#primaryimage\"},\"thumbnailUrl\":\"https:\/\/epochtimestr.com\/wp-content\/uploads\/2011y\/IMG20251108135113-scaled.jpg\",\"datePublished\":\"2025-11-08T23:17:32+00:00\",\"dateModified\":\"2025-11-09T18:58:59+00:00\",\"description\":\"Ahmet \u00dcmit, Mersin\u2019de Sokak Kitap ve Kahve Evi'nde ger\u00e7ekle\u015fen imza g\u00fcn\u00fcnde okurlar\u0131n\u0131n yo\u011fun ilgisi ile kar\u015f\u0131la\u015ft\u0131.\",\"inLanguage\":\"tr\",\"potentialAction\":[{\"@type\":\"ReadAction\",\"target\":[\"https:\/\/epochtimestr.com\/index.php\/mersinde-ahmet-umit-sevgisi-sokaga-tastii\"]}]},{\"@type\":\"ImageObject\",\"inLanguage\":\"tr\",\"@id\":\"https:\/\/epochtimestr.com\/index.php\/mersinde-ahmet-umit-sevgisi-sokaga-tastii#primaryimage\",\"url\":\"https:\/\/epochtimestr.com\/wp-content\/uploads\/2011y\/IMG20251108135113-scaled.jpg\",\"contentUrl\":\"https:\/\/epochtimestr.com\/wp-content\/uploads\/2011y\/IMG20251108135113-scaled.jpg\",\"width\":2560,\"height\":1440},{\"@type\":\"WebSite\",\"@id\":\"https:\/\/epochtimestr.com\/#website\",\"url\":\"https:\/\/epochtimestr.com\/\",\"name\":\"The Epoch Times TR\",\"description\":\"De\u011fi\u015fen D\u00fcnyam\u0131za Taze Bir Bak\u0131\u015f\",\"publisher\":{\"@id\":\"https:\/\/epochtimestr.com\/#organization\"},\"potentialAction\":[{\"@type\":\"SearchAction\",\"target\":{\"@type\":\"EntryPoint\",\"urlTemplate\":\"https:\/\/epochtimestr.com\/?s={search_term_string}\"},\"query-input\":\"required name=search_term_string\"}],\"inLanguage\":\"tr\"},{\"@type\":\"Organization\",\"@id\":\"https:\/\/epochtimestr.com\/#organization\",\"name\":\"The EpochTimes T\u00fcrkiye\",\"url\":\"https:\/\/epochtimestr.com\/\",\"logo\":{\"@type\":\"ImageObject\",\"inLanguage\":\"tr\",\"@id\":\"https:\/\/epochtimestr.com\/#\/schema\/logo\/image\/\",\"url\":\"https:\/\/epochtimestr.com\/wp-content\/uploads\/2011y\/ET-Logo-YG.jpg\",\"contentUrl\":\"https:\/\/epochtimestr.com\/wp-content\/uploads\/2011y\/ET-Logo-YG.jpg\",\"width\":346,\"height\":29,\"caption\":\"The EpochTimes T\u00fcrkiye\"},\"image\":{\"@id\":\"https:\/\/epochtimestr.com\/#\/schema\/logo\/image\/\"},\"sameAs\":[\"https:\/\/www.facebook.com\/theepochtimestr\",\"https:\/\/x.com\/TheEpochTimesTR\",\"https:\/\/www.instagram.com\/epochtimestr\"]},{\"@type\":\"Person\",\"@id\":\"https:\/\/epochtimestr.com\/#\/schema\/person\/b5509977c9a6cd729a3e74d9743d035b\",\"name\":\"G.Hakan Ko\u00e7man\",\"image\":{\"@type\":\"ImageObject\",\"inLanguage\":\"tr\",\"@id\":\"https:\/\/epochtimestr.com\/#\/schema\/person\/image\/\",\"url\":\"https:\/\/secure.gravatar.com\/avatar\/e4eafee1ab5d1f4015c3930376b22ca8?s=96&d=mm&r=g\",\"contentUrl\":\"https:\/\/secure.gravatar.com\/avatar\/e4eafee1ab5d1f4015c3930376b22ca8?s=96&d=mm&r=g\",\"caption\":\"G.Hakan Ko\u00e7man\"},\"url\":\"https:\/\/epochtimestr.com\/index.php\/author\/hakan\"}]}<\/script>\n<!-- \/ Yoast SEO plugin. -->","yoast_head_json":{"title":"Mersin'de Ahmet \u00dcmit Sevgisi Soka\u011fa Ta\u015ft\u0131 - The Epoch Times TR","description":"Ahmet \u00dcmit, Mersin\u2019de Sokak Kitap ve Kahve Evi'nde ger\u00e7ekle\u015fen imza g\u00fcn\u00fcnde okurlar\u0131n\u0131n yo\u011fun ilgisi ile kar\u015f\u0131la\u015ft\u0131.","robots":{"index":"index","follow":"follow","max-snippet":"max-snippet:-1","max-image-preview":"max-image-preview:large","max-video-preview":"max-video-preview:-1"},"canonical":"https:\/\/epochtimestr.com\/index.php\/mersinde-ahmet-umit-sevgisi-sokaga-tastii","og_locale":"tr_TR","og_type":"article","og_title":"Mersin'de Ahmet \u00dcmit Sevgisi Soka\u011fa Ta\u015ft\u0131 - The Epoch Times TR","og_description":"Ahmet \u00dcmit, Mersin\u2019de Sokak Kitap ve Kahve Evi'nde ger\u00e7ekle\u015fen imza g\u00fcn\u00fcnde okurlar\u0131n\u0131n yo\u011fun ilgisi ile kar\u015f\u0131la\u015ft\u0131.","og_url":"https:\/\/epochtimestr.com\/index.php\/mersinde-ahmet-umit-sevgisi-sokaga-tastii","og_site_name":"The Epoch Times TR","article_publisher":"https:\/\/www.facebook.com\/theepochtimestr","article_published_time":"2025-11-08T23:17:32+00:00","article_modified_time":"2025-11-09T18:58:59+00:00","og_image":[{"width":2560,"height":1440,"url":"https:\/\/epochtimestr.com\/wp-content\/uploads\/2011y\/IMG20251108135113-scaled.jpg","type":"image\/jpeg"}],"author":"G.Hakan Ko\u00e7man","twitter_card":"summary_large_image","twitter_creator":"@TheEpochTimesTR","twitter_site":"@TheEpochTimesTR","twitter_misc":{"Yazan:":"G.Hakan Ko\u00e7man","Tahmini okuma s\u00fcresi":"4 dakika"},"schema":{"@context":"https:\/\/schema.org","@graph":[{"@type":"Article","@id":"https:\/\/epochtimestr.com\/index.php\/mersinde-ahmet-umit-sevgisi-sokaga-tastii#article","isPartOf":{"@id":"https:\/\/epochtimestr.com\/index.php\/mersinde-ahmet-umit-sevgisi-sokaga-tastii"},"author":{"name":"G.Hakan Ko\u00e7man","@id":"https:\/\/epochtimestr.com\/#\/schema\/person\/b5509977c9a6cd729a3e74d9743d035b"},"headline":"Mersin&#8217;de Ahmet \u00dcmit Sevgisi Soka\u011fa Ta\u015ft\u0131","datePublished":"2025-11-08T23:17:32+00:00","dateModified":"2025-11-09T18:58:59+00:00","mainEntityOfPage":{"@id":"https:\/\/epochtimestr.com\/index.php\/mersinde-ahmet-umit-sevgisi-sokaga-tastii"},"wordCount":639,"commentCount":0,"publisher":{"@id":"https:\/\/epochtimestr.com\/#organization"},"image":{"@id":"https:\/\/epochtimestr.com\/index.php\/mersinde-ahmet-umit-sevgisi-sokaga-tastii#primaryimage"},"thumbnailUrl":"https:\/\/epochtimestr.com\/wp-content\/uploads\/2011y\/IMG20251108135113-scaled.jpg","articleSection":["G\u00dcNDEM","\u00d6ne \u00c7\u0131kan","Yaz\u0131n"],"inLanguage":"tr","potentialAction":[{"@type":"CommentAction","name":"Comment","target":["https:\/\/epochtimestr.com\/index.php\/mersinde-ahmet-umit-sevgisi-sokaga-tastii#respond"]}]},{"@type":"WebPage","@id":"https:\/\/epochtimestr.com\/index.php\/mersinde-ahmet-umit-sevgisi-sokaga-tastii","url":"https:\/\/epochtimestr.com\/index.php\/mersinde-ahmet-umit-sevgisi-sokaga-tastii","name":"Mersin'de Ahmet \u00dcmit Sevgisi Soka\u011fa Ta\u015ft\u0131 - The Epoch Times TR","isPartOf":{"@id":"https:\/\/epochtimestr.com\/#website"},"primaryImageOfPage":{"@id":"https:\/\/epochtimestr.com\/index.php\/mersinde-ahmet-umit-sevgisi-sokaga-tastii#primaryimage"},"image":{"@id":"https:\/\/epochtimestr.com\/index.php\/mersinde-ahmet-umit-sevgisi-sokaga-tastii#primaryimage"},"thumbnailUrl":"https:\/\/epochtimestr.com\/wp-content\/uploads\/2011y\/IMG20251108135113-scaled.jpg","datePublished":"2025-11-08T23:17:32+00:00","dateModified":"2025-11-09T18:58:59+00:00","description":"Ahmet \u00dcmit, Mersin\u2019de Sokak Kitap ve Kahve Evi'nde ger\u00e7ekle\u015fen imza g\u00fcn\u00fcnde okurlar\u0131n\u0131n yo\u011fun ilgisi ile kar\u015f\u0131la\u015ft\u0131.","inLanguage":"tr","potentialAction":[{"@type":"ReadAction","target":["https:\/\/epochtimestr.com\/index.php\/mersinde-ahmet-umit-sevgisi-sokaga-tastii"]}]},{"@type":"ImageObject","inLanguage":"tr","@id":"https:\/\/epochtimestr.com\/index.php\/mersinde-ahmet-umit-sevgisi-sokaga-tastii#primaryimage","url":"https:\/\/epochtimestr.com\/wp-content\/uploads\/2011y\/IMG20251108135113-scaled.jpg","contentUrl":"https:\/\/epochtimestr.com\/wp-content\/uploads\/2011y\/IMG20251108135113-scaled.jpg","width":2560,"height":1440},{"@type":"WebSite","@id":"https:\/\/epochtimestr.com\/#website","url":"https:\/\/epochtimestr.com\/","name":"The Epoch Times TR","description":"De\u011fi\u015fen D\u00fcnyam\u0131za Taze Bir Bak\u0131\u015f","publisher":{"@id":"https:\/\/epochtimestr.com\/#organization"},"potentialAction":[{"@type":"SearchAction","target":{"@type":"EntryPoint","urlTemplate":"https:\/\/epochtimestr.com\/?s={search_term_string}"},"query-input":"required name=search_term_string"}],"inLanguage":"tr"},{"@type":"Organization","@id":"https:\/\/epochtimestr.com\/#organization","name":"The EpochTimes T\u00fcrkiye","url":"https:\/\/epochtimestr.com\/","logo":{"@type":"ImageObject","inLanguage":"tr","@id":"https:\/\/epochtimestr.com\/#\/schema\/logo\/image\/","url":"https:\/\/epochtimestr.com\/wp-content\/uploads\/2011y\/ET-Logo-YG.jpg","contentUrl":"https:\/\/epochtimestr.com\/wp-content\/uploads\/2011y\/ET-Logo-YG.jpg","width":346,"height":29,"caption":"The EpochTimes T\u00fcrkiye"},"image":{"@id":"https:\/\/epochtimestr.com\/#\/schema\/logo\/image\/"},"sameAs":["https:\/\/www.facebook.com\/theepochtimestr","https:\/\/x.com\/TheEpochTimesTR","https:\/\/www.instagram.com\/epochtimestr"]},{"@type":"Person","@id":"https:\/\/epochtimestr.com\/#\/schema\/person\/b5509977c9a6cd729a3e74d9743d035b","name":"G.Hakan Ko\u00e7man","image":{"@type":"ImageObject","inLanguage":"tr","@id":"https:\/\/epochtimestr.com\/#\/schema\/person\/image\/","url":"https:\/\/secure.gravatar.com\/avatar\/e4eafee1ab5d1f4015c3930376b22ca8?s=96&d=mm&r=g","contentUrl":"https:\/\/secure.gravatar.com\/avatar\/e4eafee1ab5d1f4015c3930376b22ca8?s=96&d=mm&r=g","caption":"G.Hakan Ko\u00e7man"},"url":"https:\/\/epochtimestr.com\/index.php\/author\/hakan"}]}},"_links":{"self":[{"href":"https:\/\/epochtimestr.com\/index.php\/wp-json\/wp\/v2\/posts\/163352"}],"collection":[{"href":"https:\/\/epochtimestr.com\/index.php\/wp-json\/wp\/v2\/posts"}],"about":[{"href":"https:\/\/epochtimestr.com\/index.php\/wp-json\/wp\/v2\/types\/post"}],"author":[{"embeddable":true,"href":"https:\/\/epochtimestr.com\/index.php\/wp-json\/wp\/v2\/users\/22"}],"replies":[{"embeddable":true,"href":"https:\/\/epochtimestr.com\/index.php\/wp-json\/wp\/v2\/comments?post=163352"}],"version-history":[{"count":4,"href":"https:\/\/epochtimestr.com\/index.php\/wp-json\/wp\/v2\/posts\/163352\/revisions"}],"predecessor-version":[{"id":163375,"href":"https:\/\/epochtimestr.com\/index.php\/wp-json\/wp\/v2\/posts\/163352\/revisions\/163375"}],"wp:featuredmedia":[{"embeddable":true,"href":"https:\/\/epochtimestr.com\/index.php\/wp-json\/wp\/v2\/media\/163353"}],"wp:attachment":[{"href":"https:\/\/epochtimestr.com\/index.php\/wp-json\/wp\/v2\/media?parent=163352"}],"wp:term":[{"taxonomy":"category","embeddable":true,"href":"https:\/\/epochtimestr.com\/index.php\/wp-json\/wp\/v2\/categories?post=163352"},{"taxonomy":"post_tag","embeddable":true,"href":"https:\/\/epochtimestr.com\/index.php\/wp-json\/wp\/v2\/tags?post=163352"}],"curies":[{"name":"wp","href":"https:\/\/api.w.org\/{rel}","templated":true}]}}