{"id":163475,"date":"2025-11-12T12:55:53","date_gmt":"2025-11-12T09:55:53","guid":{"rendered":"https:\/\/epochtimestr.com\/?p=163475"},"modified":"2025-11-12T14:32:41","modified_gmt":"2025-11-12T11:32:41","slug":"chp-sozcusu-yucel-bu-bir-darbe-muhtirasidir","status":"publish","type":"post","link":"https:\/\/epochtimestr.com\/index.php\/chp-sozcusu-yucel-bu-bir-darbe-muhtirasidir","title":{"rendered":"CHP S\u00f6zc\u00fcs\u00fc Y\u00fccel: \u201cBu bir darbe muht\u0131ras\u0131d\u0131r\u201d"},"content":{"rendered":"<div class=\"wp-block-image\">\n<figure class=\"aligncenter size-full\"><img loading=\"lazy\" decoding=\"async\" width=\"800\" height=\"450\" src=\"https:\/\/epochtimestr.com\/wp-content\/uploads\/2011y\/7bc1f16b-0dee-4420-b1b3-45e90ee49079.jpg\" alt=\"Cumhuriyet Halk Partisi Genel Ba\u015fkan Yard\u0131mc\u0131s\u0131 ve Parti S\u00f6zc\u00fcs\u00fc Deniz Y\u00fccel, CHP Genel Merkezi'nde bas\u0131n toplant\u0131s\u0131 d\u00fczenledi.\" class=\"wp-image-163476\" srcset=\"https:\/\/epochtimestr.com\/wp-content\/uploads\/2011y\/7bc1f16b-0dee-4420-b1b3-45e90ee49079.jpg 800w, https:\/\/epochtimestr.com\/wp-content\/uploads\/2011y\/7bc1f16b-0dee-4420-b1b3-45e90ee49079-300x169.jpg 300w, https:\/\/epochtimestr.com\/wp-content\/uploads\/2011y\/7bc1f16b-0dee-4420-b1b3-45e90ee49079-150x84.jpg 150w, https:\/\/epochtimestr.com\/wp-content\/uploads\/2011y\/7bc1f16b-0dee-4420-b1b3-45e90ee49079-768x432.jpg 768w\" sizes=\"(max-width: 800px) 100vw, 800px\" \/><figcaption class=\"wp-element-caption\">Cumhuriyet Halk Partisi Genel Ba\u015fkan Yard\u0131mc\u0131s\u0131 ve Parti S\u00f6zc\u00fcs\u00fc Deniz Y\u00fccel, CHP Genel Merkezi&#8217;nde bas\u0131n toplant\u0131s\u0131 d\u00fczenledi.<\/figcaption><\/figure><\/div>\n\n\n<p>\u0130stanbul Cumhuriyet Ba\u015fsavc\u0131l\u0131\u011f\u0131, uzun s\u00fcredir y\u00fcr\u00fct\u00fclen \u201c\u00e7\u0131kar ama\u00e7l\u0131 su\u00e7 \u00f6rg\u00fct\u00fc\u201d soru\u015fturmas\u0131 kapsam\u0131nda haz\u0131rlad\u0131\u011f\u0131 iddianameyi mahkemeye sundu. Yakla\u015f\u0131k 3.900 sayfal\u0131k iddianamede, \u0130stanbul B\u00fcy\u00fck\u015fehir Belediye Ba\u015fkan\u0131 Ekrem \u0130mamo\u011flu hakk\u0131nda \u201c\u00f6rg\u00fct kurma ve y\u00f6netme\u201d, \u201cr\u00fc\u015fvet\u201d, \u201cihaleye fesat kar\u0131\u015ft\u0131rma\u201d ve \u201ckamu kurumlar\u0131n\u0131 zarara u\u011fratma\u201d gibi su\u00e7lamalar y\u00f6neltildi. \u0130ddianame kapsam\u0131nda CHP&#8217;nin kapat\u0131lmas\u0131 talebi de g\u00fcndemde.<\/p>\n\n\n\n<p><strong>402 \u015e\u00fcpheli, 105 Tutuklu<\/strong><\/p>\n\n\n\n<p>Savc\u0131l\u0131k, iddianamede toplam 402 \u015f\u00fcpheli bulundu\u011funu, bunlardan 105\u2019inin tutuklu oldu\u011funu a\u00e7\u0131klad\u0131. Belgelerde kamu zarar\u0131n\u0131n 160 milyar TL ve 24 milyon ABD dolar\u0131 civar\u0131nda oldu\u011fu ileri s\u00fcr\u00fcl\u00fcyor. \u0130mamo\u011flu i\u00e7in 828 y\u0131ldan 2 352 y\u0131la kadar hapis cezas\u0131 talep edildi.<\/p>\n\n\n\n<h3 class=\"wp-block-heading\">CHP S\u00f6zc\u00fcs\u00fc Deniz Y\u00fccel: \u201cBu, darbeci bir anlay\u0131\u015f\u0131n metnidir\u201d<\/h3>\n\n\n\n<p>CHP S\u00f6zc\u00fcs\u00fc Deniz Y\u00fccel, iddianamenin i\u00e7eri\u011fini ele\u015ftirerek \u015fu ifadeleri kulland\u0131:<\/p>\n\n\n\n<p>\u201c\u0130lk bak\u0131\u015fta maddi ger\u00e7e\u011fi ortaya \u00e7\u0131karma amac\u0131yla haz\u0131rlanm\u0131\u015f bir hukuk metninden ziyade, bu metin tamamen CHP\u2019nin kurumsal kimli\u011fini hedef alan siyasi bir metindir.\u201d Y\u00fccel, iddianamede ge\u00e7en baz\u0131 ifadeleri \u201cdarbecilerin siyasete y\u00f6nelik muht\u0131ras\u0131\u201d olarak nitelendirdi ve \u201cMillet olarak bir karar\u0131n e\u015fi\u011findeyiz. Hukukun \u00fcst\u00fcnl\u00fc\u011f\u00fcn\u00fcn olmad\u0131\u011f\u0131 yerde demokrasi, adalet ve g\u00fcvenlik olmaz.\u201d dedi.<\/p>\n\n\n\n<p><strong>\u0130mamo\u011flu: \u201cAln\u0131m\u0131z ak, ba\u015f\u0131m\u0131z dik\u201d<\/strong><\/p>\n\n\n\n<p>Ekrem \u0130mamo\u011flu, iddianameye sert tepki g\u00f6stererek, \u201cAln\u0131m\u0131z ak, ba\u015f\u0131m\u0131z dik! Bizim bu aziz millete hesab\u0131n\u0131 veremeyece\u011fimiz hi\u00e7bir \u015fey yok.\u201d ifadelerini kulland\u0131. Duru\u015fmalar\u0131n canl\u0131 yay\u0131nlanmas\u0131 \u00e7a\u011fr\u0131s\u0131nda bulunan \u0130mamo\u011flu, \u201cBu bir hukuk de\u011fil, demokrasi s\u0131nav\u0131d\u0131r.\u201d dedi.<\/p>\n\n\n\n<p><strong>S\u00fcre\u00e7 Nas\u0131l \u0130lerleyecek?<\/strong><\/p>\n\n\n\n<p>Mahkemenin iddianameyi kabul etmesi durumunda <a href=\"https:\/\/epochtimestr.com\/index.php\/mahkeme-ibb-sorusturmasi-kararini-acikliyor\" target=\"_blank\" rel=\"noreferrer noopener\">yarg\u0131lama s\u00fcreci <\/a>ba\u015flayacak. Savc\u0131l\u0131\u011f\u0131n baz\u0131 konularda ek iddianame haz\u0131rl\u0131\u011f\u0131nda oldu\u011fu belirtiliyor. Geli\u015fmelerin T\u00fcrkiye\u2019nin siyasi g\u00fcndeminde uzun s\u00fcre yank\u0131 bulmas\u0131 bekleniyor.<\/p>\n","protected":false},"excerpt":{"rendered":"<p>\u0130stanbul Cumhuriyet Ba\u015fsavc\u0131l\u0131\u011f\u0131, uzun s\u00fcredir y\u00fcr\u00fct\u00fclen \u201c\u00e7\u0131kar ama\u00e7l\u0131 su\u00e7 \u00f6rg\u00fct\u00fc\u201d soru\u015fturmas\u0131 kapsam\u0131nda haz\u0131rlad\u0131\u011f\u0131 iddianameyi mahkemeye sundu. Yakla\u015f\u0131k 3.900 sayfal\u0131k iddianamede, \u0130stanbul B\u00fcy\u00fck\u015fehir Belediye Ba\u015fkan\u0131 Ekrem \u0130mamo\u011flu hakk\u0131nda \u201c\u00f6rg\u00fct kurma ve y\u00f6netme\u201d, \u201cr\u00fc\u015fvet\u201d, \u201cihaleye fesat kar\u0131\u015ft\u0131rma\u201d ve \u201ckamu kurumlar\u0131n\u0131 zarara u\u011fratma\u201d gibi su\u00e7lamalar y\u00f6neltildi. \u0130ddianame kapsam\u0131nda CHP&#8217;nin kapat\u0131lmas\u0131 talebi de g\u00fcndemde. 402 \u015e\u00fcpheli, 105 Tutuklu Savc\u0131l\u0131k, [&hellip;]<\/p>\n","protected":false},"author":12791,"featured_media":163476,"comment_status":"open","ping_status":"open","sticky":false,"template":"","format":"standard","meta":{"_yoast_wpseo_focuskw":"CHP - Y\u00fccel","_yoast_wpseo_title":"","_yoast_wpseo_metadesc":"CHP S\u00f6zc\u00fcs\u00fc Deniz Y\u00fccel, \u0130stanbul Cumhuriyet Ba\u015fsavc\u0131l\u0131\u011f\u0131 taraf\u0131ndan haz\u0131rlanan iddianamenin i\u00e7eri\u011fini ele\u015ftirdi.","_bbp_topic_count":0,"_bbp_reply_count":0,"_bbp_total_topic_count":0,"_bbp_total_reply_count":0,"_bbp_voice_count":0,"_bbp_anonymous_reply_count":0,"_bbp_topic_count_hidden":0,"_bbp_reply_count_hidden":0,"_bbp_forum_subforum_count":0,"footnotes":"","_yoast_wpseo_focuskw_text_input":""},"categories":[1,8138,8419],"tags":[],"yoast_head":"<!-- This site is optimized with the Yoast SEO plugin v23.0 - https:\/\/yoast.com\/wordpress\/plugins\/seo\/ -->\n<title>CHP S\u00f6zc\u00fcs\u00fc Y\u00fccel: \u201cBu bir darbe muht\u0131ras\u0131d\u0131r\u201d - The Epoch Times TR<\/title>\n<meta name=\"description\" content=\"CHP S\u00f6zc\u00fcs\u00fc Deniz Y\u00fccel, \u0130stanbul Cumhuriyet Ba\u015fsavc\u0131l\u0131\u011f\u0131 taraf\u0131ndan haz\u0131rlanan iddianamenin i\u00e7eri\u011fini ele\u015ftirdi.\" \/>\n<meta name=\"robots\" content=\"index, follow, max-snippet:-1, max-image-preview:large, max-video-preview:-1\" \/>\n<link rel=\"canonical\" href=\"https:\/\/epochtimestr.com\/index.php\/chp-sozcusu-yucel-bu-bir-darbe-muhtirasidir\" \/>\n<meta property=\"og:locale\" content=\"tr_TR\" \/>\n<meta property=\"og:type\" content=\"article\" \/>\n<meta property=\"og:title\" content=\"CHP S\u00f6zc\u00fcs\u00fc Y\u00fccel: \u201cBu bir darbe muht\u0131ras\u0131d\u0131r\u201d - The Epoch Times TR\" \/>\n<meta property=\"og:description\" content=\"CHP S\u00f6zc\u00fcs\u00fc Deniz Y\u00fccel, \u0130stanbul Cumhuriyet Ba\u015fsavc\u0131l\u0131\u011f\u0131 taraf\u0131ndan haz\u0131rlanan iddianamenin i\u00e7eri\u011fini ele\u015ftirdi.\" \/>\n<meta property=\"og:url\" content=\"https:\/\/epochtimestr.com\/index.php\/chp-sozcusu-yucel-bu-bir-darbe-muhtirasidir\" \/>\n<meta property=\"og:site_name\" content=\"The Epoch Times TR\" \/>\n<meta property=\"article:publisher\" content=\"https:\/\/www.facebook.com\/theepochtimestr\" \/>\n<meta property=\"article:published_time\" content=\"2025-11-12T09:55:53+00:00\" \/>\n<meta property=\"article:modified_time\" content=\"2025-11-12T11:32:41+00:00\" \/>\n<meta property=\"og:image\" content=\"https:\/\/epochtimestr.com\/wp-content\/uploads\/2011y\/7bc1f16b-0dee-4420-b1b3-45e90ee49079.jpg\" \/>\n\t<meta property=\"og:image:width\" content=\"800\" \/>\n\t<meta property=\"og:image:height\" content=\"450\" \/>\n\t<meta property=\"og:image:type\" content=\"image\/jpeg\" \/>\n<meta name=\"author\" content=\"Haber Merkezi\" \/>\n<meta name=\"twitter:card\" content=\"summary_large_image\" \/>\n<meta name=\"twitter:creator\" content=\"@TheEpochTimesTR\" \/>\n<meta name=\"twitter:site\" content=\"@TheEpochTimesTR\" \/>\n<meta name=\"twitter:label1\" content=\"Yazan:\" \/>\n\t<meta name=\"twitter:data1\" content=\"Haber Merkezi\" \/>\n\t<meta name=\"twitter:label2\" content=\"Tahmini okuma s\u00fcresi\" \/>\n\t<meta name=\"twitter:data2\" content=\"2 dakika\" \/>\n<script type=\"application\/ld+json\" class=\"yoast-schema-graph\">{\"@context\":\"https:\/\/schema.org\",\"@graph\":[{\"@type\":\"Article\",\"@id\":\"https:\/\/epochtimestr.com\/index.php\/chp-sozcusu-yucel-bu-bir-darbe-muhtirasidir#article\",\"isPartOf\":{\"@id\":\"https:\/\/epochtimestr.com\/index.php\/chp-sozcusu-yucel-bu-bir-darbe-muhtirasidir\"},\"author\":{\"name\":\"Haber Merkezi\",\"@id\":\"https:\/\/epochtimestr.com\/#\/schema\/person\/3dc5c3adeb9f43923c5aa85889172fdd\"},\"headline\":\"CHP S\u00f6zc\u00fcs\u00fc Y\u00fccel: \u201cBu bir darbe muht\u0131ras\u0131d\u0131r\u201d\",\"datePublished\":\"2025-11-12T09:55:53+00:00\",\"dateModified\":\"2025-11-12T11:32:41+00:00\",\"mainEntityOfPage\":{\"@id\":\"https:\/\/epochtimestr.com\/index.php\/chp-sozcusu-yucel-bu-bir-darbe-muhtirasidir\"},\"wordCount\":373,\"commentCount\":0,\"publisher\":{\"@id\":\"https:\/\/epochtimestr.com\/#organization\"},\"image\":{\"@id\":\"https:\/\/epochtimestr.com\/index.php\/chp-sozcusu-yucel-bu-bir-darbe-muhtirasidir#primaryimage\"},\"thumbnailUrl\":\"https:\/\/epochtimestr.com\/wp-content\/uploads\/2011y\/7bc1f16b-0dee-4420-b1b3-45e90ee49079.jpg\",\"articleSection\":[\"G\u00dcNDEM\",\"Man\u015fet\",\"Ya\u015fam\"],\"inLanguage\":\"tr\",\"potentialAction\":[{\"@type\":\"CommentAction\",\"name\":\"Comment\",\"target\":[\"https:\/\/epochtimestr.com\/index.php\/chp-sozcusu-yucel-bu-bir-darbe-muhtirasidir#respond\"]}]},{\"@type\":\"WebPage\",\"@id\":\"https:\/\/epochtimestr.com\/index.php\/chp-sozcusu-yucel-bu-bir-darbe-muhtirasidir\",\"url\":\"https:\/\/epochtimestr.com\/index.php\/chp-sozcusu-yucel-bu-bir-darbe-muhtirasidir\",\"name\":\"CHP S\u00f6zc\u00fcs\u00fc Y\u00fccel: \u201cBu bir darbe muht\u0131ras\u0131d\u0131r\u201d - The Epoch Times TR\",\"isPartOf\":{\"@id\":\"https:\/\/epochtimestr.com\/#website\"},\"primaryImageOfPage\":{\"@id\":\"https:\/\/epochtimestr.com\/index.php\/chp-sozcusu-yucel-bu-bir-darbe-muhtirasidir#primaryimage\"},\"image\":{\"@id\":\"https:\/\/epochtimestr.com\/index.php\/chp-sozcusu-yucel-bu-bir-darbe-muhtirasidir#primaryimage\"},\"thumbnailUrl\":\"https:\/\/epochtimestr.com\/wp-content\/uploads\/2011y\/7bc1f16b-0dee-4420-b1b3-45e90ee49079.jpg\",\"datePublished\":\"2025-11-12T09:55:53+00:00\",\"dateModified\":\"2025-11-12T11:32:41+00:00\",\"description\":\"CHP S\u00f6zc\u00fcs\u00fc Deniz Y\u00fccel, \u0130stanbul Cumhuriyet Ba\u015fsavc\u0131l\u0131\u011f\u0131 taraf\u0131ndan haz\u0131rlanan iddianamenin i\u00e7eri\u011fini ele\u015ftirdi.\",\"inLanguage\":\"tr\",\"potentialAction\":[{\"@type\":\"ReadAction\",\"target\":[\"https:\/\/epochtimestr.com\/index.php\/chp-sozcusu-yucel-bu-bir-darbe-muhtirasidir\"]}]},{\"@type\":\"ImageObject\",\"inLanguage\":\"tr\",\"@id\":\"https:\/\/epochtimestr.com\/index.php\/chp-sozcusu-yucel-bu-bir-darbe-muhtirasidir#primaryimage\",\"url\":\"https:\/\/epochtimestr.com\/wp-content\/uploads\/2011y\/7bc1f16b-0dee-4420-b1b3-45e90ee49079.jpg\",\"contentUrl\":\"https:\/\/epochtimestr.com\/wp-content\/uploads\/2011y\/7bc1f16b-0dee-4420-b1b3-45e90ee49079.jpg\",\"width\":800,\"height\":450,\"caption\":\"Cumhuriyet Halk Partisi Genel Ba\u015fkan Yard\u0131mc\u0131s\u0131 ve Parti S\u00f6zc\u00fcs\u00fc Deniz Y\u00fccel, CHP Genel Merkezi'nde bas\u0131n toplant\u0131s\u0131 d\u00fczenledi.\"},{\"@type\":\"WebSite\",\"@id\":\"https:\/\/epochtimestr.com\/#website\",\"url\":\"https:\/\/epochtimestr.com\/\",\"name\":\"The Epoch Times TR\",\"description\":\"De\u011fi\u015fen D\u00fcnyam\u0131za Taze Bir Bak\u0131\u015f\",\"publisher\":{\"@id\":\"https:\/\/epochtimestr.com\/#organization\"},\"potentialAction\":[{\"@type\":\"SearchAction\",\"target\":{\"@type\":\"EntryPoint\",\"urlTemplate\":\"https:\/\/epochtimestr.com\/?s={search_term_string}\"},\"query-input\":\"required name=search_term_string\"}],\"inLanguage\":\"tr\"},{\"@type\":\"Organization\",\"@id\":\"https:\/\/epochtimestr.com\/#organization\",\"name\":\"The EpochTimes T\u00fcrkiye\",\"url\":\"https:\/\/epochtimestr.com\/\",\"logo\":{\"@type\":\"ImageObject\",\"inLanguage\":\"tr\",\"@id\":\"https:\/\/epochtimestr.com\/#\/schema\/logo\/image\/\",\"url\":\"https:\/\/epochtimestr.com\/wp-content\/uploads\/2011y\/ET-Logo-YG.jpg\",\"contentUrl\":\"https:\/\/epochtimestr.com\/wp-content\/uploads\/2011y\/ET-Logo-YG.jpg\",\"width\":346,\"height\":29,\"caption\":\"The EpochTimes T\u00fcrkiye\"},\"image\":{\"@id\":\"https:\/\/epochtimestr.com\/#\/schema\/logo\/image\/\"},\"sameAs\":[\"https:\/\/www.facebook.com\/theepochtimestr\",\"https:\/\/x.com\/TheEpochTimesTR\",\"https:\/\/www.instagram.com\/epochtimestr\"]},{\"@type\":\"Person\",\"@id\":\"https:\/\/epochtimestr.com\/#\/schema\/person\/3dc5c3adeb9f43923c5aa85889172fdd\",\"name\":\"Haber Merkezi\",\"image\":{\"@type\":\"ImageObject\",\"inLanguage\":\"tr\",\"@id\":\"https:\/\/epochtimestr.com\/#\/schema\/person\/image\/\",\"url\":\"https:\/\/secure.gravatar.com\/avatar\/d73f772ba5a74f28601361e17c2f93e6?s=96&d=mm&r=g\",\"contentUrl\":\"https:\/\/secure.gravatar.com\/avatar\/d73f772ba5a74f28601361e17c2f93e6?s=96&d=mm&r=g\",\"caption\":\"Haber Merkezi\"},\"url\":\"https:\/\/epochtimestr.com\/index.php\/author\/sendag\"}]}<\/script>\n<!-- \/ Yoast SEO plugin. -->","yoast_head_json":{"title":"CHP S\u00f6zc\u00fcs\u00fc Y\u00fccel: \u201cBu bir darbe muht\u0131ras\u0131d\u0131r\u201d - The Epoch Times TR","description":"CHP S\u00f6zc\u00fcs\u00fc Deniz Y\u00fccel, \u0130stanbul Cumhuriyet Ba\u015fsavc\u0131l\u0131\u011f\u0131 taraf\u0131ndan haz\u0131rlanan iddianamenin i\u00e7eri\u011fini ele\u015ftirdi.","robots":{"index":"index","follow":"follow","max-snippet":"max-snippet:-1","max-image-preview":"max-image-preview:large","max-video-preview":"max-video-preview:-1"},"canonical":"https:\/\/epochtimestr.com\/index.php\/chp-sozcusu-yucel-bu-bir-darbe-muhtirasidir","og_locale":"tr_TR","og_type":"article","og_title":"CHP S\u00f6zc\u00fcs\u00fc Y\u00fccel: \u201cBu bir darbe muht\u0131ras\u0131d\u0131r\u201d - The Epoch Times TR","og_description":"CHP S\u00f6zc\u00fcs\u00fc Deniz Y\u00fccel, \u0130stanbul Cumhuriyet Ba\u015fsavc\u0131l\u0131\u011f\u0131 taraf\u0131ndan haz\u0131rlanan iddianamenin i\u00e7eri\u011fini ele\u015ftirdi.","og_url":"https:\/\/epochtimestr.com\/index.php\/chp-sozcusu-yucel-bu-bir-darbe-muhtirasidir","og_site_name":"The Epoch Times TR","article_publisher":"https:\/\/www.facebook.com\/theepochtimestr","article_published_time":"2025-11-12T09:55:53+00:00","article_modified_time":"2025-11-12T11:32:41+00:00","og_image":[{"width":800,"height":450,"url":"https:\/\/epochtimestr.com\/wp-content\/uploads\/2011y\/7bc1f16b-0dee-4420-b1b3-45e90ee49079.jpg","type":"image\/jpeg"}],"author":"Haber Merkezi","twitter_card":"summary_large_image","twitter_creator":"@TheEpochTimesTR","twitter_site":"@TheEpochTimesTR","twitter_misc":{"Yazan:":"Haber Merkezi","Tahmini okuma s\u00fcresi":"2 dakika"},"schema":{"@context":"https:\/\/schema.org","@graph":[{"@type":"Article","@id":"https:\/\/epochtimestr.com\/index.php\/chp-sozcusu-yucel-bu-bir-darbe-muhtirasidir#article","isPartOf":{"@id":"https:\/\/epochtimestr.com\/index.php\/chp-sozcusu-yucel-bu-bir-darbe-muhtirasidir"},"author":{"name":"Haber Merkezi","@id":"https:\/\/epochtimestr.com\/#\/schema\/person\/3dc5c3adeb9f43923c5aa85889172fdd"},"headline":"CHP S\u00f6zc\u00fcs\u00fc Y\u00fccel: \u201cBu bir darbe muht\u0131ras\u0131d\u0131r\u201d","datePublished":"2025-11-12T09:55:53+00:00","dateModified":"2025-11-12T11:32:41+00:00","mainEntityOfPage":{"@id":"https:\/\/epochtimestr.com\/index.php\/chp-sozcusu-yucel-bu-bir-darbe-muhtirasidir"},"wordCount":373,"commentCount":0,"publisher":{"@id":"https:\/\/epochtimestr.com\/#organization"},"image":{"@id":"https:\/\/epochtimestr.com\/index.php\/chp-sozcusu-yucel-bu-bir-darbe-muhtirasidir#primaryimage"},"thumbnailUrl":"https:\/\/epochtimestr.com\/wp-content\/uploads\/2011y\/7bc1f16b-0dee-4420-b1b3-45e90ee49079.jpg","articleSection":["G\u00dcNDEM","Man\u015fet","Ya\u015fam"],"inLanguage":"tr","potentialAction":[{"@type":"CommentAction","name":"Comment","target":["https:\/\/epochtimestr.com\/index.php\/chp-sozcusu-yucel-bu-bir-darbe-muhtirasidir#respond"]}]},{"@type":"WebPage","@id":"https:\/\/epochtimestr.com\/index.php\/chp-sozcusu-yucel-bu-bir-darbe-muhtirasidir","url":"https:\/\/epochtimestr.com\/index.php\/chp-sozcusu-yucel-bu-bir-darbe-muhtirasidir","name":"CHP S\u00f6zc\u00fcs\u00fc Y\u00fccel: \u201cBu bir darbe muht\u0131ras\u0131d\u0131r\u201d - The Epoch Times TR","isPartOf":{"@id":"https:\/\/epochtimestr.com\/#website"},"primaryImageOfPage":{"@id":"https:\/\/epochtimestr.com\/index.php\/chp-sozcusu-yucel-bu-bir-darbe-muhtirasidir#primaryimage"},"image":{"@id":"https:\/\/epochtimestr.com\/index.php\/chp-sozcusu-yucel-bu-bir-darbe-muhtirasidir#primaryimage"},"thumbnailUrl":"https:\/\/epochtimestr.com\/wp-content\/uploads\/2011y\/7bc1f16b-0dee-4420-b1b3-45e90ee49079.jpg","datePublished":"2025-11-12T09:55:53+00:00","dateModified":"2025-11-12T11:32:41+00:00","description":"CHP S\u00f6zc\u00fcs\u00fc Deniz Y\u00fccel, \u0130stanbul Cumhuriyet Ba\u015fsavc\u0131l\u0131\u011f\u0131 taraf\u0131ndan haz\u0131rlanan iddianamenin i\u00e7eri\u011fini ele\u015ftirdi.","inLanguage":"tr","potentialAction":[{"@type":"ReadAction","target":["https:\/\/epochtimestr.com\/index.php\/chp-sozcusu-yucel-bu-bir-darbe-muhtirasidir"]}]},{"@type":"ImageObject","inLanguage":"tr","@id":"https:\/\/epochtimestr.com\/index.php\/chp-sozcusu-yucel-bu-bir-darbe-muhtirasidir#primaryimage","url":"https:\/\/epochtimestr.com\/wp-content\/uploads\/2011y\/7bc1f16b-0dee-4420-b1b3-45e90ee49079.jpg","contentUrl":"https:\/\/epochtimestr.com\/wp-content\/uploads\/2011y\/7bc1f16b-0dee-4420-b1b3-45e90ee49079.jpg","width":800,"height":450,"caption":"Cumhuriyet Halk Partisi Genel Ba\u015fkan Yard\u0131mc\u0131s\u0131 ve Parti S\u00f6zc\u00fcs\u00fc Deniz Y\u00fccel, CHP Genel Merkezi'nde bas\u0131n toplant\u0131s\u0131 d\u00fczenledi."},{"@type":"WebSite","@id":"https:\/\/epochtimestr.com\/#website","url":"https:\/\/epochtimestr.com\/","name":"The Epoch Times TR","description":"De\u011fi\u015fen D\u00fcnyam\u0131za Taze Bir Bak\u0131\u015f","publisher":{"@id":"https:\/\/epochtimestr.com\/#organization"},"potentialAction":[{"@type":"SearchAction","target":{"@type":"EntryPoint","urlTemplate":"https:\/\/epochtimestr.com\/?s={search_term_string}"},"query-input":"required name=search_term_string"}],"inLanguage":"tr"},{"@type":"Organization","@id":"https:\/\/epochtimestr.com\/#organization","name":"The EpochTimes T\u00fcrkiye","url":"https:\/\/epochtimestr.com\/","logo":{"@type":"ImageObject","inLanguage":"tr","@id":"https:\/\/epochtimestr.com\/#\/schema\/logo\/image\/","url":"https:\/\/epochtimestr.com\/wp-content\/uploads\/2011y\/ET-Logo-YG.jpg","contentUrl":"https:\/\/epochtimestr.com\/wp-content\/uploads\/2011y\/ET-Logo-YG.jpg","width":346,"height":29,"caption":"The EpochTimes T\u00fcrkiye"},"image":{"@id":"https:\/\/epochtimestr.com\/#\/schema\/logo\/image\/"},"sameAs":["https:\/\/www.facebook.com\/theepochtimestr","https:\/\/x.com\/TheEpochTimesTR","https:\/\/www.instagram.com\/epochtimestr"]},{"@type":"Person","@id":"https:\/\/epochtimestr.com\/#\/schema\/person\/3dc5c3adeb9f43923c5aa85889172fdd","name":"Haber Merkezi","image":{"@type":"ImageObject","inLanguage":"tr","@id":"https:\/\/epochtimestr.com\/#\/schema\/person\/image\/","url":"https:\/\/secure.gravatar.com\/avatar\/d73f772ba5a74f28601361e17c2f93e6?s=96&d=mm&r=g","contentUrl":"https:\/\/secure.gravatar.com\/avatar\/d73f772ba5a74f28601361e17c2f93e6?s=96&d=mm&r=g","caption":"Haber Merkezi"},"url":"https:\/\/epochtimestr.com\/index.php\/author\/sendag"}]}},"_links":{"self":[{"href":"https:\/\/epochtimestr.com\/index.php\/wp-json\/wp\/v2\/posts\/163475"}],"collection":[{"href":"https:\/\/epochtimestr.com\/index.php\/wp-json\/wp\/v2\/posts"}],"about":[{"href":"https:\/\/epochtimestr.com\/index.php\/wp-json\/wp\/v2\/types\/post"}],"author":[{"embeddable":true,"href":"https:\/\/epochtimestr.com\/index.php\/wp-json\/wp\/v2\/users\/12791"}],"replies":[{"embeddable":true,"href":"https:\/\/epochtimestr.com\/index.php\/wp-json\/wp\/v2\/comments?post=163475"}],"version-history":[{"count":2,"href":"https:\/\/epochtimestr.com\/index.php\/wp-json\/wp\/v2\/posts\/163475\/revisions"}],"predecessor-version":[{"id":163484,"href":"https:\/\/epochtimestr.com\/index.php\/wp-json\/wp\/v2\/posts\/163475\/revisions\/163484"}],"wp:featuredmedia":[{"embeddable":true,"href":"https:\/\/epochtimestr.com\/index.php\/wp-json\/wp\/v2\/media\/163476"}],"wp:attachment":[{"href":"https:\/\/epochtimestr.com\/index.php\/wp-json\/wp\/v2\/media?parent=163475"}],"wp:term":[{"taxonomy":"category","embeddable":true,"href":"https:\/\/epochtimestr.com\/index.php\/wp-json\/wp\/v2\/categories?post=163475"},{"taxonomy":"post_tag","embeddable":true,"href":"https:\/\/epochtimestr.com\/index.php\/wp-json\/wp\/v2\/tags?post=163475"}],"curies":[{"name":"wp","href":"https:\/\/api.w.org\/{rel}","templated":true}]}}