{"id":163490,"date":"2025-11-13T14:52:47","date_gmt":"2025-11-13T11:52:47","guid":{"rendered":"https:\/\/epochtimestr.com\/?p=163490"},"modified":"2025-11-13T14:52:53","modified_gmt":"2025-11-13T11:52:53","slug":"netanyahudan-turkiye-baslikli-kritik-guvenlik-toplantisi","status":"publish","type":"post","link":"https:\/\/epochtimestr.com\/index.php\/netanyahudan-turkiye-baslikli-kritik-guvenlik-toplantisi","title":{"rendered":"Netanyahu\u2019dan \u201cT\u00fcrkiye\u201d Ba\u015fl\u0131kl\u0131 Kritik G\u00fcvenlik Toplant\u0131s\u0131"},"content":{"rendered":"<div class=\"wp-block-image\">\n<figure class=\"aligncenter size-full\"><img loading=\"lazy\" decoding=\"async\" width=\"1280\" height=\"720\" src=\"https:\/\/epochtimestr.com\/wp-content\/uploads\/2011y\/netanyahu-4.jpg\" alt=\"\u0130srail Ba\u015fbakan\u0131 Binyamin Netanyahu, T\u00fcrkiye konusunda g\u00f6r\u00fc\u015fmek \u00fczere, \u00fcst d\u00fczey g\u00fcvenlik yetkilileri ve d\u0131\u015f politika dan\u0131\u015fmanlar\u0131yla bir araya geldi.\" class=\"wp-image-155660\" srcset=\"https:\/\/epochtimestr.com\/wp-content\/uploads\/2011y\/netanyahu-4.jpg 1280w, https:\/\/epochtimestr.com\/wp-content\/uploads\/2011y\/netanyahu-4-300x169.jpg 300w, https:\/\/epochtimestr.com\/wp-content\/uploads\/2011y\/netanyahu-4-150x84.jpg 150w, https:\/\/epochtimestr.com\/wp-content\/uploads\/2011y\/netanyahu-4-768x432.jpg 768w\" sizes=\"(max-width: 1280px) 100vw, 1280px\" \/><figcaption class=\"wp-element-caption\">\u0130srail Ba\u015fbakan\u0131 Binyamin Netanyahu, T\u00fcrkiye konusunda g\u00f6r\u00fc\u015fmek \u00fczere, \u00fcst d\u00fczey g\u00fcvenlik yetkilileri ve d\u0131\u015f politika dan\u0131\u015fmanlar\u0131yla bir araya geldi.<\/figcaption><\/figure><\/div>\n\n\n<h2 class=\"wp-block-heading\">\u0130srail Ba\u015fbakan\u0131 Binyamin Netanyahu, \u201cT\u00fcrkiye\u201d konusunu g\u00f6r\u00fc\u015fmek \u00fczere g\u00fcvenlik ve d\u0131\u015f politika dan\u0131\u015fmanlar\u0131yla \u00f6zel bir toplant\u0131 yapt\u0131. Toplant\u0131da, Gazze ve Suriye ekseninde T\u00fcrkiye\u2019nin b\u00f6lgedeki etkisi, enerji hatlar\u0131 ve diplomatik normalle\u015fme s\u00fcreci ele al\u0131nd\u0131.<\/h2>\n\n\n\n<p>\u0130srail Ba\u015fbakan\u0131 Binyamin Netanyahu, ge\u00e7ti\u011fimiz gece Tel Aviv\u2019de \u00fcst d\u00fczey g\u00fcvenlik yetkilileri ve d\u0131\u015f politika dan\u0131\u015fmanlar\u0131yla bir araya geldi. Toplant\u0131n\u0131n ana g\u00fcndemini, T\u00fcrkiye\u2019nin Orta Do\u011fu\u2019daki <a href=\"https:\/\/epochtimestr.com\/index.php\/nato-turkiye-ve-abd-arasindaki-iliski\" target=\"_blank\" rel=\"noreferrer noopener\">diplomatik hamleleri<\/a> ve Gazze-Suriye hatt\u0131ndaki rol\u00fc olu\u015fturdu.<\/p>\n\n\n\n<p>\u0130srail bas\u0131n\u0131na g\u00f6re Netanyahu, T\u00fcrkiye\u2019nin son d\u00f6nemde hem Filistin meselesinde hem de enerji diplomasisinde \u201caktif bir denge unsuru\u201d haline geldi\u011fini belirtti. Toplant\u0131da T\u00fcrkiye ile enerji alan\u0131nda yeniden i\u015f birli\u011fi kurulmas\u0131, do\u011fal gaz ihracat\u0131 i\u00e7in olas\u0131 hatlar\u0131n de\u011ferlendirilmesi ve g\u00fcvenlik diyalo\u011funun art\u0131r\u0131lmas\u0131 kararla\u015ft\u0131r\u0131ld\u0131.<\/p>\n\n\n\n<p>Netanyahu\u2019nun, T\u00fcrkiye Cumhurba\u015fkan\u0131 Recep Tayyip Erdo\u011fan ile gelecek haftalarda yeniden g\u00f6r\u00fc\u015fme plan\u0131 yapt\u0131\u011f\u0131 da bildirildi. G\u00f6r\u00fc\u015fmenin odak noktas\u0131 ise Do\u011fu Akdeniz\u2019deki enerji i\u015f birli\u011fi ve Gazze\u2019deki insani yard\u0131mlar olacak.<\/p>\n\n\n\n<p><strong>Arka Plan:<\/strong><br \/>\u0130ki \u00fclke ili\u015fkileri 2022\u2019de yeniden b\u00fcy\u00fckel\u00e7i atamalar\u0131yla normalle\u015fme s\u00fcrecine girmi\u015fti. Son geli\u015fmeler, \u0130srail\u2019in T\u00fcrkiye\u2019yi yeniden b\u00f6lgesel denklemde \u00f6nemli bir akt\u00f6r olarak konumland\u0131rma \u00e7abas\u0131na i\u015faret ediyor.<\/p>\n","protected":false},"excerpt":{"rendered":"<p>\u0130srail Ba\u015fbakan\u0131 Binyamin Netanyahu, \u201cT\u00fcrkiye\u201d konusunu g\u00f6r\u00fc\u015fmek \u00fczere g\u00fcvenlik ve d\u0131\u015f politika dan\u0131\u015fmanlar\u0131yla \u00f6zel bir toplant\u0131 yapt\u0131. Toplant\u0131da, Gazze ve Suriye ekseninde T\u00fcrkiye\u2019nin b\u00f6lgedeki etkisi, enerji hatlar\u0131 ve diplomatik normalle\u015fme s\u00fcreci ele al\u0131nd\u0131. \u0130srail Ba\u015fbakan\u0131 Binyamin Netanyahu, ge\u00e7ti\u011fimiz gece Tel Aviv\u2019de \u00fcst d\u00fczey g\u00fcvenlik yetkilileri ve d\u0131\u015f politika dan\u0131\u015fmanlar\u0131yla bir araya geldi. Toplant\u0131n\u0131n ana g\u00fcndemini, [&hellip;]<\/p>\n","protected":false},"author":22,"featured_media":155660,"comment_status":"open","ping_status":"open","sticky":false,"template":"","format":"standard","meta":{"_yoast_wpseo_focuskw":"T\u00fcrkiye - g\u00fcvenlik","_yoast_wpseo_title":"","_yoast_wpseo_metadesc":"\u0130srail Ba\u015fbakan\u0131 Netanyahu, T\u00fcrkiye konusunda g\u00f6r\u00fc\u015fmek \u00fczere, \u00fcst d\u00fczey g\u00fcvenlik yetkilileri ve d\u0131\u015f politika dan\u0131\u015fmanlar\u0131yla bir araya geldi.","_bbp_topic_count":0,"_bbp_reply_count":0,"_bbp_total_topic_count":0,"_bbp_total_reply_count":0,"_bbp_voice_count":0,"_bbp_anonymous_reply_count":0,"_bbp_topic_count_hidden":0,"_bbp_reply_count_hidden":0,"_bbp_forum_subforum_count":0,"footnotes":"","_yoast_wpseo_focuskw_text_input":""},"categories":[1,8138,37],"tags":[3659,7874,6785,328],"yoast_head":"<!-- This site is optimized with the Yoast SEO plugin v23.0 - https:\/\/yoast.com\/wordpress\/plugins\/seo\/ -->\n<title>Netanyahu\u2019dan \u201cT\u00fcrkiye\u201d Ba\u015fl\u0131kl\u0131 Kritik G\u00fcvenlik Toplant\u0131s\u0131 - The Epoch Times TR<\/title>\n<meta name=\"description\" content=\"\u0130srail Ba\u015fbakan\u0131 Netanyahu, T\u00fcrkiye konusunda g\u00f6r\u00fc\u015fmek \u00fczere, \u00fcst d\u00fczey g\u00fcvenlik yetkilileri ve d\u0131\u015f politika dan\u0131\u015fmanlar\u0131yla bir araya geldi.\" \/>\n<meta name=\"robots\" content=\"index, follow, max-snippet:-1, max-image-preview:large, max-video-preview:-1\" \/>\n<link rel=\"canonical\" href=\"https:\/\/epochtimestr.com\/index.php\/netanyahudan-turkiye-baslikli-kritik-guvenlik-toplantisi\" \/>\n<meta property=\"og:locale\" content=\"tr_TR\" \/>\n<meta property=\"og:type\" content=\"article\" \/>\n<meta property=\"og:title\" content=\"Netanyahu\u2019dan \u201cT\u00fcrkiye\u201d Ba\u015fl\u0131kl\u0131 Kritik G\u00fcvenlik Toplant\u0131s\u0131 - The Epoch Times TR\" \/>\n<meta property=\"og:description\" content=\"\u0130srail Ba\u015fbakan\u0131 Netanyahu, T\u00fcrkiye konusunda g\u00f6r\u00fc\u015fmek \u00fczere, \u00fcst d\u00fczey g\u00fcvenlik yetkilileri ve d\u0131\u015f politika dan\u0131\u015fmanlar\u0131yla bir araya geldi.\" \/>\n<meta property=\"og:url\" content=\"https:\/\/epochtimestr.com\/index.php\/netanyahudan-turkiye-baslikli-kritik-guvenlik-toplantisi\" \/>\n<meta property=\"og:site_name\" content=\"The Epoch Times TR\" \/>\n<meta property=\"article:publisher\" content=\"https:\/\/www.facebook.com\/theepochtimestr\" \/>\n<meta property=\"article:published_time\" content=\"2025-11-13T11:52:47+00:00\" \/>\n<meta property=\"article:modified_time\" content=\"2025-11-13T11:52:53+00:00\" \/>\n<meta property=\"og:image\" content=\"https:\/\/epochtimestr.com\/wp-content\/uploads\/2011y\/netanyahu-4.jpg\" \/>\n\t<meta property=\"og:image:width\" content=\"1280\" \/>\n\t<meta property=\"og:image:height\" content=\"720\" \/>\n\t<meta property=\"og:image:type\" content=\"image\/jpeg\" \/>\n<meta name=\"author\" content=\"G.Hakan Ko\u00e7man\" \/>\n<meta name=\"twitter:card\" content=\"summary_large_image\" \/>\n<meta name=\"twitter:creator\" content=\"@TheEpochTimesTR\" \/>\n<meta name=\"twitter:site\" content=\"@TheEpochTimesTR\" \/>\n<meta name=\"twitter:label1\" content=\"Yazan:\" \/>\n\t<meta name=\"twitter:data1\" content=\"G.Hakan Ko\u00e7man\" \/>\n\t<meta name=\"twitter:label2\" content=\"Tahmini okuma s\u00fcresi\" \/>\n\t<meta name=\"twitter:data2\" content=\"2 dakika\" \/>\n<script type=\"application\/ld+json\" class=\"yoast-schema-graph\">{\"@context\":\"https:\/\/schema.org\",\"@graph\":[{\"@type\":\"Article\",\"@id\":\"https:\/\/epochtimestr.com\/index.php\/netanyahudan-turkiye-baslikli-kritik-guvenlik-toplantisi#article\",\"isPartOf\":{\"@id\":\"https:\/\/epochtimestr.com\/index.php\/netanyahudan-turkiye-baslikli-kritik-guvenlik-toplantisi\"},\"author\":{\"name\":\"G.Hakan Ko\u00e7man\",\"@id\":\"https:\/\/epochtimestr.com\/#\/schema\/person\/b5509977c9a6cd729a3e74d9743d035b\"},\"headline\":\"Netanyahu\u2019dan \u201cT\u00fcrkiye\u201d Ba\u015fl\u0131kl\u0131 Kritik G\u00fcvenlik Toplant\u0131s\u0131\",\"datePublished\":\"2025-11-13T11:52:47+00:00\",\"dateModified\":\"2025-11-13T11:52:53+00:00\",\"mainEntityOfPage\":{\"@id\":\"https:\/\/epochtimestr.com\/index.php\/netanyahudan-turkiye-baslikli-kritik-guvenlik-toplantisi\"},\"wordCount\":285,\"commentCount\":0,\"publisher\":{\"@id\":\"https:\/\/epochtimestr.com\/#organization\"},\"image\":{\"@id\":\"https:\/\/epochtimestr.com\/index.php\/netanyahudan-turkiye-baslikli-kritik-guvenlik-toplantisi#primaryimage\"},\"thumbnailUrl\":\"https:\/\/epochtimestr.com\/wp-content\/uploads\/2011y\/netanyahu-4.jpg\",\"keywords\":[\"Enerji\",\"\u0130srail\",\"Netanyahu\",\"T\u00fcrkiye\"],\"articleSection\":[\"G\u00dcNDEM\",\"MAN\u015eET\",\"T\u00dcRK\u0130YE\"],\"inLanguage\":\"tr\",\"potentialAction\":[{\"@type\":\"CommentAction\",\"name\":\"Comment\",\"target\":[\"https:\/\/epochtimestr.com\/index.php\/netanyahudan-turkiye-baslikli-kritik-guvenlik-toplantisi#respond\"]}]},{\"@type\":\"WebPage\",\"@id\":\"https:\/\/epochtimestr.com\/index.php\/netanyahudan-turkiye-baslikli-kritik-guvenlik-toplantisi\",\"url\":\"https:\/\/epochtimestr.com\/index.php\/netanyahudan-turkiye-baslikli-kritik-guvenlik-toplantisi\",\"name\":\"Netanyahu\u2019dan \u201cT\u00fcrkiye\u201d Ba\u015fl\u0131kl\u0131 Kritik G\u00fcvenlik Toplant\u0131s\u0131 - The Epoch Times TR\",\"isPartOf\":{\"@id\":\"https:\/\/epochtimestr.com\/#website\"},\"primaryImageOfPage\":{\"@id\":\"https:\/\/epochtimestr.com\/index.php\/netanyahudan-turkiye-baslikli-kritik-guvenlik-toplantisi#primaryimage\"},\"image\":{\"@id\":\"https:\/\/epochtimestr.com\/index.php\/netanyahudan-turkiye-baslikli-kritik-guvenlik-toplantisi#primaryimage\"},\"thumbnailUrl\":\"https:\/\/epochtimestr.com\/wp-content\/uploads\/2011y\/netanyahu-4.jpg\",\"datePublished\":\"2025-11-13T11:52:47+00:00\",\"dateModified\":\"2025-11-13T11:52:53+00:00\",\"description\":\"\u0130srail Ba\u015fbakan\u0131 Netanyahu, T\u00fcrkiye konusunda g\u00f6r\u00fc\u015fmek \u00fczere, \u00fcst d\u00fczey g\u00fcvenlik yetkilileri ve d\u0131\u015f politika dan\u0131\u015fmanlar\u0131yla bir araya geldi.\",\"inLanguage\":\"tr\",\"potentialAction\":[{\"@type\":\"ReadAction\",\"target\":[\"https:\/\/epochtimestr.com\/index.php\/netanyahudan-turkiye-baslikli-kritik-guvenlik-toplantisi\"]}]},{\"@type\":\"ImageObject\",\"inLanguage\":\"tr\",\"@id\":\"https:\/\/epochtimestr.com\/index.php\/netanyahudan-turkiye-baslikli-kritik-guvenlik-toplantisi#primaryimage\",\"url\":\"https:\/\/epochtimestr.com\/wp-content\/uploads\/2011y\/netanyahu-4.jpg\",\"contentUrl\":\"https:\/\/epochtimestr.com\/wp-content\/uploads\/2011y\/netanyahu-4.jpg\",\"width\":1280,\"height\":720},{\"@type\":\"WebSite\",\"@id\":\"https:\/\/epochtimestr.com\/#website\",\"url\":\"https:\/\/epochtimestr.com\/\",\"name\":\"The Epoch Times TR\",\"description\":\"De\u011fi\u015fen D\u00fcnyam\u0131za Taze Bir Bak\u0131\u015f\",\"publisher\":{\"@id\":\"https:\/\/epochtimestr.com\/#organization\"},\"potentialAction\":[{\"@type\":\"SearchAction\",\"target\":{\"@type\":\"EntryPoint\",\"urlTemplate\":\"https:\/\/epochtimestr.com\/?s={search_term_string}\"},\"query-input\":\"required name=search_term_string\"}],\"inLanguage\":\"tr\"},{\"@type\":\"Organization\",\"@id\":\"https:\/\/epochtimestr.com\/#organization\",\"name\":\"The EpochTimes T\u00fcrkiye\",\"url\":\"https:\/\/epochtimestr.com\/\",\"logo\":{\"@type\":\"ImageObject\",\"inLanguage\":\"tr\",\"@id\":\"https:\/\/epochtimestr.com\/#\/schema\/logo\/image\/\",\"url\":\"https:\/\/epochtimestr.com\/wp-content\/uploads\/2011y\/ET-Logo-YG.jpg\",\"contentUrl\":\"https:\/\/epochtimestr.com\/wp-content\/uploads\/2011y\/ET-Logo-YG.jpg\",\"width\":346,\"height\":29,\"caption\":\"The EpochTimes T\u00fcrkiye\"},\"image\":{\"@id\":\"https:\/\/epochtimestr.com\/#\/schema\/logo\/image\/\"},\"sameAs\":[\"https:\/\/www.facebook.com\/theepochtimestr\",\"https:\/\/x.com\/TheEpochTimesTR\",\"https:\/\/www.instagram.com\/epochtimestr\"]},{\"@type\":\"Person\",\"@id\":\"https:\/\/epochtimestr.com\/#\/schema\/person\/b5509977c9a6cd729a3e74d9743d035b\",\"name\":\"G.Hakan Ko\u00e7man\",\"image\":{\"@type\":\"ImageObject\",\"inLanguage\":\"tr\",\"@id\":\"https:\/\/epochtimestr.com\/#\/schema\/person\/image\/\",\"url\":\"https:\/\/secure.gravatar.com\/avatar\/e4eafee1ab5d1f4015c3930376b22ca8?s=96&d=mm&r=g\",\"contentUrl\":\"https:\/\/secure.gravatar.com\/avatar\/e4eafee1ab5d1f4015c3930376b22ca8?s=96&d=mm&r=g\",\"caption\":\"G.Hakan Ko\u00e7man\"},\"url\":\"https:\/\/epochtimestr.com\/index.php\/author\/hakan\"}]}<\/script>\n<!-- \/ Yoast SEO plugin. -->","yoast_head_json":{"title":"Netanyahu\u2019dan \u201cT\u00fcrkiye\u201d Ba\u015fl\u0131kl\u0131 Kritik G\u00fcvenlik Toplant\u0131s\u0131 - The Epoch Times TR","description":"\u0130srail Ba\u015fbakan\u0131 Netanyahu, T\u00fcrkiye konusunda g\u00f6r\u00fc\u015fmek \u00fczere, \u00fcst d\u00fczey g\u00fcvenlik yetkilileri ve d\u0131\u015f politika dan\u0131\u015fmanlar\u0131yla bir araya geldi.","robots":{"index":"index","follow":"follow","max-snippet":"max-snippet:-1","max-image-preview":"max-image-preview:large","max-video-preview":"max-video-preview:-1"},"canonical":"https:\/\/epochtimestr.com\/index.php\/netanyahudan-turkiye-baslikli-kritik-guvenlik-toplantisi","og_locale":"tr_TR","og_type":"article","og_title":"Netanyahu\u2019dan \u201cT\u00fcrkiye\u201d Ba\u015fl\u0131kl\u0131 Kritik G\u00fcvenlik Toplant\u0131s\u0131 - The Epoch Times TR","og_description":"\u0130srail Ba\u015fbakan\u0131 Netanyahu, T\u00fcrkiye konusunda g\u00f6r\u00fc\u015fmek \u00fczere, \u00fcst d\u00fczey g\u00fcvenlik yetkilileri ve d\u0131\u015f politika dan\u0131\u015fmanlar\u0131yla bir araya geldi.","og_url":"https:\/\/epochtimestr.com\/index.php\/netanyahudan-turkiye-baslikli-kritik-guvenlik-toplantisi","og_site_name":"The Epoch Times TR","article_publisher":"https:\/\/www.facebook.com\/theepochtimestr","article_published_time":"2025-11-13T11:52:47+00:00","article_modified_time":"2025-11-13T11:52:53+00:00","og_image":[{"width":1280,"height":720,"url":"https:\/\/epochtimestr.com\/wp-content\/uploads\/2011y\/netanyahu-4.jpg","type":"image\/jpeg"}],"author":"G.Hakan Ko\u00e7man","twitter_card":"summary_large_image","twitter_creator":"@TheEpochTimesTR","twitter_site":"@TheEpochTimesTR","twitter_misc":{"Yazan:":"G.Hakan Ko\u00e7man","Tahmini okuma s\u00fcresi":"2 dakika"},"schema":{"@context":"https:\/\/schema.org","@graph":[{"@type":"Article","@id":"https:\/\/epochtimestr.com\/index.php\/netanyahudan-turkiye-baslikli-kritik-guvenlik-toplantisi#article","isPartOf":{"@id":"https:\/\/epochtimestr.com\/index.php\/netanyahudan-turkiye-baslikli-kritik-guvenlik-toplantisi"},"author":{"name":"G.Hakan Ko\u00e7man","@id":"https:\/\/epochtimestr.com\/#\/schema\/person\/b5509977c9a6cd729a3e74d9743d035b"},"headline":"Netanyahu\u2019dan \u201cT\u00fcrkiye\u201d Ba\u015fl\u0131kl\u0131 Kritik G\u00fcvenlik Toplant\u0131s\u0131","datePublished":"2025-11-13T11:52:47+00:00","dateModified":"2025-11-13T11:52:53+00:00","mainEntityOfPage":{"@id":"https:\/\/epochtimestr.com\/index.php\/netanyahudan-turkiye-baslikli-kritik-guvenlik-toplantisi"},"wordCount":285,"commentCount":0,"publisher":{"@id":"https:\/\/epochtimestr.com\/#organization"},"image":{"@id":"https:\/\/epochtimestr.com\/index.php\/netanyahudan-turkiye-baslikli-kritik-guvenlik-toplantisi#primaryimage"},"thumbnailUrl":"https:\/\/epochtimestr.com\/wp-content\/uploads\/2011y\/netanyahu-4.jpg","keywords":["Enerji","\u0130srail","Netanyahu","T\u00fcrkiye"],"articleSection":["G\u00dcNDEM","MAN\u015eET","T\u00dcRK\u0130YE"],"inLanguage":"tr","potentialAction":[{"@type":"CommentAction","name":"Comment","target":["https:\/\/epochtimestr.com\/index.php\/netanyahudan-turkiye-baslikli-kritik-guvenlik-toplantisi#respond"]}]},{"@type":"WebPage","@id":"https:\/\/epochtimestr.com\/index.php\/netanyahudan-turkiye-baslikli-kritik-guvenlik-toplantisi","url":"https:\/\/epochtimestr.com\/index.php\/netanyahudan-turkiye-baslikli-kritik-guvenlik-toplantisi","name":"Netanyahu\u2019dan \u201cT\u00fcrkiye\u201d Ba\u015fl\u0131kl\u0131 Kritik G\u00fcvenlik Toplant\u0131s\u0131 - The Epoch Times TR","isPartOf":{"@id":"https:\/\/epochtimestr.com\/#website"},"primaryImageOfPage":{"@id":"https:\/\/epochtimestr.com\/index.php\/netanyahudan-turkiye-baslikli-kritik-guvenlik-toplantisi#primaryimage"},"image":{"@id":"https:\/\/epochtimestr.com\/index.php\/netanyahudan-turkiye-baslikli-kritik-guvenlik-toplantisi#primaryimage"},"thumbnailUrl":"https:\/\/epochtimestr.com\/wp-content\/uploads\/2011y\/netanyahu-4.jpg","datePublished":"2025-11-13T11:52:47+00:00","dateModified":"2025-11-13T11:52:53+00:00","description":"\u0130srail Ba\u015fbakan\u0131 Netanyahu, T\u00fcrkiye konusunda g\u00f6r\u00fc\u015fmek \u00fczere, \u00fcst d\u00fczey g\u00fcvenlik yetkilileri ve d\u0131\u015f politika dan\u0131\u015fmanlar\u0131yla bir araya geldi.","inLanguage":"tr","potentialAction":[{"@type":"ReadAction","target":["https:\/\/epochtimestr.com\/index.php\/netanyahudan-turkiye-baslikli-kritik-guvenlik-toplantisi"]}]},{"@type":"ImageObject","inLanguage":"tr","@id":"https:\/\/epochtimestr.com\/index.php\/netanyahudan-turkiye-baslikli-kritik-guvenlik-toplantisi#primaryimage","url":"https:\/\/epochtimestr.com\/wp-content\/uploads\/2011y\/netanyahu-4.jpg","contentUrl":"https:\/\/epochtimestr.com\/wp-content\/uploads\/2011y\/netanyahu-4.jpg","width":1280,"height":720},{"@type":"WebSite","@id":"https:\/\/epochtimestr.com\/#website","url":"https:\/\/epochtimestr.com\/","name":"The Epoch Times TR","description":"De\u011fi\u015fen D\u00fcnyam\u0131za Taze Bir Bak\u0131\u015f","publisher":{"@id":"https:\/\/epochtimestr.com\/#organization"},"potentialAction":[{"@type":"SearchAction","target":{"@type":"EntryPoint","urlTemplate":"https:\/\/epochtimestr.com\/?s={search_term_string}"},"query-input":"required name=search_term_string"}],"inLanguage":"tr"},{"@type":"Organization","@id":"https:\/\/epochtimestr.com\/#organization","name":"The EpochTimes T\u00fcrkiye","url":"https:\/\/epochtimestr.com\/","logo":{"@type":"ImageObject","inLanguage":"tr","@id":"https:\/\/epochtimestr.com\/#\/schema\/logo\/image\/","url":"https:\/\/epochtimestr.com\/wp-content\/uploads\/2011y\/ET-Logo-YG.jpg","contentUrl":"https:\/\/epochtimestr.com\/wp-content\/uploads\/2011y\/ET-Logo-YG.jpg","width":346,"height":29,"caption":"The EpochTimes T\u00fcrkiye"},"image":{"@id":"https:\/\/epochtimestr.com\/#\/schema\/logo\/image\/"},"sameAs":["https:\/\/www.facebook.com\/theepochtimestr","https:\/\/x.com\/TheEpochTimesTR","https:\/\/www.instagram.com\/epochtimestr"]},{"@type":"Person","@id":"https:\/\/epochtimestr.com\/#\/schema\/person\/b5509977c9a6cd729a3e74d9743d035b","name":"G.Hakan Ko\u00e7man","image":{"@type":"ImageObject","inLanguage":"tr","@id":"https:\/\/epochtimestr.com\/#\/schema\/person\/image\/","url":"https:\/\/secure.gravatar.com\/avatar\/e4eafee1ab5d1f4015c3930376b22ca8?s=96&d=mm&r=g","contentUrl":"https:\/\/secure.gravatar.com\/avatar\/e4eafee1ab5d1f4015c3930376b22ca8?s=96&d=mm&r=g","caption":"G.Hakan Ko\u00e7man"},"url":"https:\/\/epochtimestr.com\/index.php\/author\/hakan"}]}},"_links":{"self":[{"href":"https:\/\/epochtimestr.com\/index.php\/wp-json\/wp\/v2\/posts\/163490"}],"collection":[{"href":"https:\/\/epochtimestr.com\/index.php\/wp-json\/wp\/v2\/posts"}],"about":[{"href":"https:\/\/epochtimestr.com\/index.php\/wp-json\/wp\/v2\/types\/post"}],"author":[{"embeddable":true,"href":"https:\/\/epochtimestr.com\/index.php\/wp-json\/wp\/v2\/users\/22"}],"replies":[{"embeddable":true,"href":"https:\/\/epochtimestr.com\/index.php\/wp-json\/wp\/v2\/comments?post=163490"}],"version-history":[{"count":2,"href":"https:\/\/epochtimestr.com\/index.php\/wp-json\/wp\/v2\/posts\/163490\/revisions"}],"predecessor-version":[{"id":163507,"href":"https:\/\/epochtimestr.com\/index.php\/wp-json\/wp\/v2\/posts\/163490\/revisions\/163507"}],"wp:featuredmedia":[{"embeddable":true,"href":"https:\/\/epochtimestr.com\/index.php\/wp-json\/wp\/v2\/media\/155660"}],"wp:attachment":[{"href":"https:\/\/epochtimestr.com\/index.php\/wp-json\/wp\/v2\/media?parent=163490"}],"wp:term":[{"taxonomy":"category","embeddable":true,"href":"https:\/\/epochtimestr.com\/index.php\/wp-json\/wp\/v2\/categories?post=163490"},{"taxonomy":"post_tag","embeddable":true,"href":"https:\/\/epochtimestr.com\/index.php\/wp-json\/wp\/v2\/tags?post=163490"}],"curies":[{"name":"wp","href":"https:\/\/api.w.org\/{rel}","templated":true}]}}