{"id":163594,"date":"2025-11-17T21:01:36","date_gmt":"2025-11-17T18:01:36","guid":{"rendered":"https:\/\/epochtimestr.com\/?p=163594"},"modified":"2026-01-30T23:49:23","modified_gmt":"2026-01-30T20:49:23","slug":"zohran-mamdaninin-islamci-sosyalist-dunya-gorusu","status":"publish","type":"post","link":"https:\/\/epochtimestr.com\/index.php\/zohran-mamdaninin-islamci-sosyalist-dunya-gorusu","title":{"rendered":"Zohran Mamdani\u2019nin \u201c\u0130slamc\u0131 Sosyalist\u201d D\u00fcnya G\u00f6r\u00fc\u015f\u00fc"},"content":{"rendered":"\n<h2 class=\"wp-block-heading\">Zohran Mamdani\u2019nin \u201c\u0130slamc\u0131 Sosyalist\u201d d\u00fcnya g\u00f6r\u00fc\u015f\u00fc, ABD\u2019nin siyasi, ekonomik ve anayasal d\u00fczeninin temel varsay\u0131mlar\u0131n\u0131 sorgulayan ideolojik bir kav\u015fakta duruyor.<\/h2>\n\n\n\n<p><strong><em>Yazan:<\/em>\u00a0Sal Sayg\u0131n \u015eim\u015fek<\/strong>,\u00a0<strong>Connecticut<\/strong><\/p>\n\n\n\n<p>\u0130slamc\u0131 sosyalizm (\u0130slami sosyalizm olarak da bilinir), sosyal adalet, e\u015fitlik ve ahlaki y\u00f6netim gibi \u0130slam ilkelerini, servetin yeniden da\u011f\u0131t\u0131m\u0131, kamu m\u00fclkiyeti ve yoksullar i\u00e7in refah gibi sosyalist ekonomik ideallerle birle\u015ftirmeyi ama\u00e7layan, siyasi ve ekonomik bir ideolojidir. \u0130slamc\u0131 sosyalizm, ger\u00e7ek sosyalizmin \u0130slam\u2019\u0131n \u00f6z\u00fcnde zaten var oldu\u011funu savunur. Zira Kur\u2019an ve Hadislerin te\u015fvik etti\u011fi de\u011ferler \u015funlard\u0131r: yoksullara yard\u0131m etmek (\u00f6rne\u011fin, zek\u00e2t veya zorunlu sadaka), s\u00f6m\u00fcr\u00fcy\u00fc yasaklamak (tefecilik \u2013 riba \u2013 veya faiz), toplumsal m\u00fclkiyet, sorumluluk sahibi olmak ve servetin adil da\u011f\u0131t\u0131m\u0131n\u0131 sa\u011flamak. Temel ilkeleri \u015funlard\u0131r: Ekonomik Adalet (Zek\u00e2t, humus (servet vergisi) ve \u00f6zel birikime s\u0131n\u0131rlamalar getirerek yeniden da\u011f\u0131t\u0131m), S\u00f6m\u00fcr\u00fcye Kar\u015f\u0131 M\u00fccadele (Faiz ve tekelcili\u011fin yasaklanmas\u0131), Refah Devleti (Devletin sa\u011fl\u0131k, e\u011fitim ve yoksullara bakma y\u00fck\u00fcml\u00fcl\u00fc\u011f\u00fc) ve Sosyal Dayan\u0131\u015fma (Toplumsal i\u015fbirli\u011fi ve hay\u0131rseverli\u011fin dini bir g\u00f6rev olmas\u0131).<\/p>\n\n\n\n<p>Tarihsel \u00f6rnekler aras\u0131nda M\u0131s\u0131r\u2019da Cemal Abd\u00fcnnas\u0131r (1950\u2019ler-60\u2019lar) yer al\u0131r. Uygulamada laik olmas\u0131na ra\u011fmen, Arap sosyalizmi \u0130slam\u2019\u0131n sosyal ideallerinden etkilenmi\u015ftir. Libya\u2019da Muammer Kaddafi: Ye\u015fil Kitab\u0131 \u0130slamc\u0131 ve sosyalist fikirleri harmanlam\u0131\u015ft\u0131r. Pakistan\u2019da Z\u00fclfikar Ali Butto: Kapitalizm ve kom\u00fcnizm aras\u0131nda bir orta yol olarak \u201c\u0130slamc\u0131 sosyalizmi\u201d savunmu\u015ftur. \u0130ran\u2019da Ali \u015eeriati: Sosyalizmi \u015eii devrimci d\u00fc\u015f\u00fcnceyle uyumlu hale getiren \u00f6nde gelen bir entelekt\u00fceldir.<\/p>\n\n\n\n<p>\u0130slamc\u0131 sosyalizm Bat\u0131 bilincinde yerli bir ideoloji olarak de\u011fil, s\u00f6m\u00fcrgecilikle temas yoluyla y\u00fckseldi. M\u00fcsl\u00fcmanlar\u0131n Bat\u0131 kapitalizmi ve sosyalizmiyle kar\u015f\u0131la\u015fmas\u0131, entelekt\u00fcel de\u011fi\u015fim yoluyla y\u00fckseldi. M\u00fcsl\u00fcman reformcular\u0131n Bat\u0131 sosyalist fikirlerini \u0130slamc\u0131 bir \u00e7er\u00e7eveye uyarlamas\u0131, diaspora s\u00f6ylemi yoluyla y\u00fckseldi. Bat\u0131\u2019daki M\u00fcsl\u00fcman d\u00fc\u015f\u00fcn\u00fcrlerin inan\u00e7 ve toplumsal adaletin sentezini te\u015fvik etmesi ve postkolonyal hayranl\u0131k yoluyla y\u00fckseldi. Bat\u0131l\u0131 solcular \u0130slamc\u0131 sosyalizmi emperyalizme kar\u015f\u0131 k\u00fcresel m\u00fccadelenin bir par\u00e7as\u0131 olarak g\u00f6rd\u00fc.<\/p>\n\n\n\n<p>Bir\u00e7ok medya kurulu\u015fu, Zohran Mamdani\u2019nin kampanyas\u0131n\u0131 destekleyen \u201csolcu\/ilerici gruplar\u0131n\u201d Soros ile ba\u011flant\u0131l\u0131 veya Soros taraf\u0131ndan finanse edilen a\u011flardan fon ald\u0131\u011f\u0131n\u0131 iddia ediyor. \u0130spanyolca bir makalede, Soros\u2019un a\u011flar\u0131ndan Mamdani\u2019yi destekleyen gruplara yakla\u015f\u0131k 37 milyon dolar aktar\u0131ld\u0131\u011f\u0131 belirtiliyor. Di\u011fer raporlarda, d\u0131\u015f gruplar\u0131n (PAC\u2019ler, siyasi savunuculuk yapan, k\u00e2r amac\u0131 g\u00fctmeyen kurulu\u015flar) Mamdani\u2019yi destekledi\u011fi vurgulan\u0131yor. Ayr\u0131ca Soros\/OSF hibelerinin Mamdani gibi ilerici adaylar i\u00e7in e\u011fitim, \u00f6rg\u00fctlenme ve ba\u011f\u0131\u015f\u00e7\u0131 a\u011flar\u0131 gibi altyap\u0131lar\u0131n kurulmas\u0131na yard\u0131mc\u0131 oldu\u011fu belirtiliyor.<\/p>\n\n\n\n<p>Rapor ayr\u0131ca Mamdani\u2019nin, s\u00f6ylemlerine (\u00f6rne\u011fin, \u201cA\u00e7\u0131k\u00e7as\u0131, toplumumuzda milyarderlerin olmamas\u0131 gerekti\u011fini d\u00fc\u015f\u00fcn\u00fcyorum\u201d) ra\u011fmen, milyarderlerin destekledi\u011fi hay\u0131rsever a\u011flar taraf\u0131ndan (dolayl\u0131 olarak) sa\u011flanan b\u00fcy\u00fck \u00f6l\u00e7ekli kaynaklardan yararland\u0131\u011f\u0131n\u0131 da ortaya koyuyor. Alex Soros (George Soros\u2019un o\u011flu) Zohran Mamdani\u2019yi se\u00e7im ba\u015far\u0131s\u0131ndan dolay\u0131 alenen tebrik etti. Alex Soros, X\u2019te (eski ad\u0131yla Twitter) \u015f\u00f6yle tweet att\u0131: \u201cNew Yorklu olmaktan gurur duyuyorum! Amerikan r\u00fcyas\u0131 devam ediyor! Tebrikler, Belediye Ba\u015fkan\u0131 @ZohranKMamdani.\u201d<\/p>\n\n\n\n<p>George Soros\u2019un (hay\u0131rseverlik a\u011f\u0131 arac\u0131l\u0131\u011f\u0131yla) Zohran Mamdani\u2019nin se\u00e7im kampanyas\u0131na dolayl\u0131 destek sa\u011flad\u0131\u011f\u0131na dair g\u00fcvenilir raporlar bulunmaktad\u0131r. Mali kay\u0131tlar, Soros\u2019un (A\u00e7\u0131k Toplum Vak\u0131flar\u0131 arac\u0131l\u0131\u011f\u0131yla) Mamdani\u2019nin adayl\u0131\u011f\u0131n\u0131 destekleyen sol g\u00f6r\u00fc\u015fl\u00fc kurulu\u015flara (\u00f6rne\u011fin, kampanyas\u0131n\u0131 destekleyen \u00c7al\u0131\u015fan Aileler Partisine) yakla\u015f\u0131k 37 milyon dolar \u201caktard\u0131\u011f\u0131n\u0131\u201d g\u00f6stermektedir. Bir makalede, Open Society\u2019nin eski ba\u015fkan\u0131 Patrick Gaspard\u2019\u0131n, Mamdani\u2019nin kampanyas\u0131n\u0131n arkas\u0131ndaki \u00f6nemli dan\u0131\u015fmanlardan biri oldu\u011fu belirtiliyor ve \u00f6rg\u00fctsel a\u011flar \u00fczerinden bir ba\u011flant\u0131 oldu\u011fu \u00f6ne s\u00fcr\u00fcl\u00fcyor.<\/p>\n\n\n\n<p>Baz\u0131 analistler, Soros destekli ve Mamdani\u2019nin adayl\u0131\u011f\u0131n\u0131 destekleyen vak\u0131flar ile savunma gruplar\u0131 arac\u0131l\u0131\u011f\u0131yla sa\u011flanan fon ak\u0131\u015f\u0131n\u0131n, \u201chay\u0131rseverlik ile siyaset aras\u0131ndaki \u00e7izgiyi bulan\u0131kla\u015ft\u0131rd\u0131\u011f\u0131n\u0131\u201d belirtiyor. Asl\u0131nda, Soros\u2019un kat\u0131l\u0131m\u0131 destekleyici ancak dolayl\u0131 g\u00f6r\u00fcnmektedir. Soros Mamdani\u2019nin kampanyas\u0131na do\u011frudan katk\u0131 sa\u011flamak yerine, Mamdani\u2019yi destekleyen veya onun i\u00e7in harekete ge\u00e7en m\u00fcttefik kurulu\u015flar\u0131 finanse etmi\u015ftir. Stratejik bir bak\u0131\u015f a\u00e7\u0131s\u0131yla, bu t\u00fcr bir ekosistem finansman\u0131 (vak\u0131flar \u2192 savunma gruplar\u0131 \u2192 se\u00e7im kampanyalar\u0131), do\u011frudan \u201ckampanya ba\u011f\u0131\u015f\u0131\u201d etiketinden ka\u00e7\u0131nsa da olduk\u00e7a etkili olabilir.<\/p>\n\n\n\n<p>ABD\u2019li yorumcular ve resmi belgeler, CAIR ile M\u00fcsl\u00fcman Karde\u015fler ile ba\u011flant\u0131l\u0131 a\u011flar aras\u0131nda tarihsel veya ideolojik ba\u011flar oldu\u011funu iddia ediyor. 2007-2008 y\u0131llar\u0131nda g\u00f6r\u00fclen Kutsal Topraklar Vakf\u0131 davas\u0131nda (\u00f6nemli bir ter\u00f6r finansman\u0131 davas\u0131), ABD h\u00fck\u00fcmeti \u201cAmerika\u2019daki M\u00fcsl\u00fcman Karde\u015fler\u2019in \u00e7al\u0131\u015fmalar\u0131\u201dn\u0131 anlatan M\u00fcsl\u00fcman Karde\u015fler\u2019in 1991 tarihli i\u00e7 muht\u0131ras\u0131n\u0131 sundu. S\u00f6z konusu muht\u0131rada CAIR\u2019in kurucular\u0131, Hamas\u2019la (ki Hamas da \u0130hvan\u2019\u0131n Filistin kolu olarak kurulmu\u015ftur) ili\u015fkileri olan ilk M\u00fcsl\u00fcman \u00f6rg\u00fctler koalisyonunun (Filistin Komitesi) \u00fcyeleri aras\u0131nda listelenmi\u015ftir. Buna dayanarak, CAIR\u2019in bu davada \u201csu\u00e7 orta\u011f\u0131 olmad\u0131\u011f\u0131\u201d iddia edildi. Amerikan \u0130slam \u0130li\u015fkileri Konseyi\u2019nin (The Council on American Islamic Relations-CAIR), Mamdani\u2019nin kampanyas\u0131n\u0131 destekleyen bir PAC\u2019e katk\u0131da bulunan Birlik ve Adalet Fonu (Unity and Justice Fund) ad\u0131nda bir s\u00fcper PAC\u2019e sahip oldu\u011fu bildirildi.<\/p>\n\n\n\n<p>Kampanya finansman\u0131 kay\u0131tlar\u0131na g\u00f6re Birlik ve Adalet Fonu, Mamdani\u2019yi destekleyen \u201cD\u00fc\u015f\u00fck Maliyetler \u0130\u00e7in New Yorklular (New Yorkers for Lower Costs)\u201d adl\u0131 PAC\u2019e yakla\u015f\u0131k 100.000 dolar ba\u011f\u0131\u015fta bulundu (30 May\u0131s\u2019ta 25.000 dolar, 16 Haziran\u2019da 75.000 dolar).<\/p>\n\n\n\n<p>CAIR\u2019in, PAC\u2019lerin veya CAIR ile ba\u011flant\u0131l\u0131 gruplar\u0131n Mamdani\u2019nin \u201cekibi\u201d (kampanya personeli veya do\u011frudan stratejik deste\u011fi) ile daha derin bir koordinasyon i\u00e7inde oldu\u011fu veya bu gruplar\u0131n kampanyan\u0131n \u201cen b\u00fcy\u00fck destek\u00e7ileri\u201d oldu\u011fu y\u00f6n\u00fcnde bir\u00e7ok iddia bulunmaktad\u0131r. \u00d6rne\u011fin, New York Post\u2019un \u201cB\u00fcy\u00fck Mamdani ba\u011f\u0131\u015f\u00e7\u0131lar\u0131yla \u2018derin\u2019 ter\u00f6rist ba\u011flant\u0131lar\u0131 olan M\u00fcsl\u00fcman grup&#8230;\u201d ba\u015fl\u0131kl\u0131 makalesinde Birlik ve Adalet Fonu\u2019na ve onun CAIR-Sacramento ile ba\u011flant\u0131s\u0131na de\u011finilmektedir. Baz\u0131 ele\u015ftirmenler, Mamdani\u2019nin destek taban\u0131n\u0131 \u201cM\u00fcsl\u00fcman Karde\u015fler tipi\u201d a\u011flarla veya \u0130slamc\u0131 \u00f6rg\u00fctlerle ba\u011flant\u0131l\u0131 olarak nitelendiriyor. Mamdani\u2019nin kampanya\/destek ekosistemi ile CAIR ba\u011flant\u0131l\u0131 gruplar aras\u0131nda (PAC ba\u011f\u0131\u015flar\u0131, ortak personel\/adres, kamuya a\u00e7\u0131k tebrik a\u00e7\u0131klamalar\u0131 ve se\u00e7men seferberli\u011fi \u00e7abalar\u0131 yoluyla) g\u00fcvenilir a\u011f ba\u011flar\u0131 bulunmaktad\u0131r.<\/p>\n\n\n\n<p>Zohran Mamdani\u2019nin siyasi platformu, ilerici demokratik-sosyalist ekonomiyi M\u00fcsl\u00fcman ve s\u00f6m\u00fcrge sonras\u0131 ama\u00e7lar i\u00e7in g\u00fc\u00e7l\u00fc bir dayan\u0131\u015fma ile birle\u015ftiriyor. Baz\u0131 analistler bu kar\u0131\u015f\u0131m\u0131 \u201c\u0130slamc\u0131 Sosyalizm\u201d olarak tan\u0131ml\u0131yor. Mamdani, ekonomik adalet, e\u015fitlik ve insan onuru kavramlar\u0131na s\u0131k s\u0131k at\u0131fta bulunur ve bu kavramlar\u0131 \u0130slam ahlak\u0131yla uyumlu bir dil kullanarak ifade eder. \u00d6rne\u011fin, zekat benzeri y\u00fck\u00fcml\u00fcl\u00fcklerden bahseder: yoksullara yard\u0131m etmek ve e\u015fitsizli\u011fi azaltmak i\u00e7in servetin yeniden da\u011f\u0131t\u0131lmas\u0131, kamu konutlar\u0131, sa\u011fl\u0131k hizmetleri ve toplu ta\u015f\u0131ma eri\u015fiminin politik tercihler yerine ahlaki y\u00fck\u00fcml\u00fcl\u00fckler olarak \u00e7er\u00e7evelenmesi, faiz odakl\u0131 s\u00f6m\u00fcr\u00fc ve spek\u00fclatif finansmana kar\u015f\u0131 \u00e7\u0131k\u0131lmas\u0131 (\u0130slam\u2019\u0131n faiz yasa\u011f\u0131n\u0131 yans\u0131t\u0131r). Bu inan\u00e7 temelli ahlaki s\u00f6z da\u011farc\u0131\u011f\u0131n\u0131, s\u0131n\u0131f ve kapitalizmin sosyalist analiziyle birle\u015ftiriyor ve ger\u00e7ek adaletin hem manevi hem de maddi e\u015fitlik gerektirdi\u011fini savunuyor.<\/p>\n\n\n\n<p>Mamadani\u2019nin resmi \u00f6nerileri standart demokratik-sosyalist fikirleri yans\u0131tmakla birlikte, bunlar\u0131n \u00e7er\u00e7evesinde a\u00e7\u0131k\u00e7a \u201c\u0130slamc\u0131 sosyalist\u201d ahlaki imalar\u0131 vard\u0131r. Mamadani, kamu yarar\u0131na vak\u0131f (toplum g\u00fcven m\u00fclkiyeti) kavram\u0131na uygun olarak, kamu konutlar\u0131n\u0131n b\u00fcy\u00fck \u00f6l\u00e7\u00fcde geni\u015fletilmesini, kira kontrol\u00fcn\u00fc, l\u00fcks m\u00fclklere vergi uygulanmas\u0131n\u0131 ve uygun fiyatl\u0131 konutlar\u0131n finanse edilmesini \u00f6neriyor.<\/p>\n\n\n\n<p>Ayn\u0131 \u015fekilde, y\u00fcksek gelirli ki\u015filere uygulanan vergilerle finanse edilecek, toplumsal bir g\u00f6rev olarak kamu hizmetlerinin kolektif sunumuna uygun, New York\u2019ta \u00fccretsiz metro ve otob\u00fcs sistemi vaat etti. Ayr\u0131ca toplumsal refahla (maslahat \u2013 kamu yarar\u0131) paralellik g\u00f6steren, \u015fehir genelinde evrensel sa\u011fl\u0131k hizmeti giri\u015fiminin s\u00f6z\u00fcn\u00fc verdi. Dahas\u0131, zek\u00e2t ilkesine benzer \u015fekilde, yeniden da\u011f\u0131t\u0131mla paralellik g\u00f6steren \u201czenginlere vergi\u201d, servet vergileri ve kademeli emlak vergileri uygulayaca\u011f\u0131na s\u00f6z verdi. Benzer \u015fekilde, sendikala\u015fma, i\u015f\u00e7i kooperatifleri ve Kuran\u2019\u0131n adil \u00fccret konusundaki vurgusuyla uyumlu asgari \u00fccret i\u00e7in destek s\u00f6z\u00fc verdi. Ayr\u0131ca, \u0130slam finans eti\u011fi (faiz kar\u015f\u0131tl\u0131\u011f\u0131, garar (mevcut olmayan \u015feyin sat\u0131\u015f\u0131) kar\u015f\u0131tl\u0131\u011f\u0131) ile paralel olarak kamu bankac\u0131l\u0131\u011f\u0131, spek\u00fclatif toprak sahiplerine ve hedge fonlar\u0131na kar\u015f\u0131 \u00e7\u0131kma s\u00f6z\u00fc verdi.<\/p>\n\n\n\n<p>Mamdani, Filistin kurtulu\u015funun yerel bir destek\u00e7isidir. Ayn\u0131 zamanda s\u0131k s\u0131k hem solcu hem de \u0130slamc\u0131 s\u00f6ylemde yayg\u0131n olan anti-emperyalist ve anti-s\u00f6m\u00fcrgeci ifadeleri kullan\u0131r.<\/p>\n\n\n\n<p>Ayn\u0131 zamanda ABD militarizmini ve yapt\u0131r\u0131mlar\u0131n\u0131 da ele\u015ftiren Mamdani, bunlar\u0131 neo- emperyalist e\u015fitsizlik mekanizmalar\u0131 olarak g\u00f6rmektedir. Ayn\u0131 \u015fekilde, ABD \u015fehir ve eyaletlerinin hem sosyalist hem de \u0130slami etik geleneklerle ba\u011fda\u015ft\u0131rd\u0131\u011f\u0131 \u201ck\u00fcresel ahlaki adalet\u201d ile uyumlu politikalar benimsemesi gerekti\u011fini savunmaktad\u0131r. Ayr\u0131ca Mamdani, mahalle meclisleri ve kat\u0131l\u0131mc\u0131 b\u00fct\u00e7eleme yoluyla tabandan g\u00fc\u00e7lenmeyi te\u015fvik etmektedir. Bu fikir hem sol g\u00f6r\u00fc\u015fl\u00fc yerelcilik (toplumun kendi kendini y\u00f6netmesi) hem de \u0130slami \u015f\u00fbra (dan\u0131\u015fma ve kolektif karar alma) kavramlar\u0131yla uyumludur.<\/p>\n\n\n\n<p>\u00d6zetle, Zohran Mamdani\u2019nin \u201c\u0130slamc\u0131 sosyalist\u201d bak\u0131\u015f a\u00e7\u0131s\u0131, \u0130slami ahlaki adalet ile demokratik sosyalizmin (yeniden da\u011f\u0131t\u0131mc\u0131, anti-emperyalist ve toplum denetimi yanl\u0131s\u0131) bir birle\u015fimi olarak \u00f6zetlenebilir. Bu bak\u0131\u015f a\u00e7\u0131s\u0131, ekonomik e\u015fitlik ve \u015fefkatin hem din\u00ee hem de sivil g\u00f6revler oldu\u011funu savunur.<\/p>\n\n\n\n<p>Zohran Mamdani\u2019nin \u201c\u0130slamc\u0131 sosyalist\u201d d\u00fcnya g\u00f6r\u00fc\u015f\u00fc, ABD\u2019nin siyasi, ekonomik ve anayasal d\u00fczeninin birka\u00e7 temel varsay\u0131m\u0131n\u0131 do\u011frudan sorgulayan ideolojik bir kav\u015fakta durmaktad\u0131r. Amerika Birle\u015fik Devletleri, \u015fu Ayd\u0131nlanma ilkeleri \u00fczerine kurulmu\u015ftur: bireysel \u00f6zg\u00fcrl\u00fck, din ve devletin ayr\u0131l\u0131\u011f\u0131 ve ahlaki hukukun din\u00ee doktrinden de\u011fil, ak\u0131l ve do\u011fal haklardan kaynakland\u0131\u011f\u0131 fikri.<\/p>\n\n\n\n<p>Mamdani laik hukuk \u00e7er\u00e7evesinde faaliyet g\u00f6sterse de, sosyalizmi genellikle ahlaki me\u015fruiyetini \u0130slami etik kavramlardan (\u00f6rne\u011fin zek\u00e2t benzeri yeniden da\u011f\u0131t\u0131m, faize kar\u015f\u0131 \u00e7\u0131kma) al\u0131r. Onun \u201cahlaki y\u00fck\u00fcml\u00fcl\u00fck\u201d ve \u201ckolektif g\u00f6rev\u201d s\u00f6ylemi, ekonomiyi yar\u0131-din\u00ee ahlaki terimlerle \u00e7er\u00e7eveler. Mamdani, ekonomik adaleti teolojik bir \u00fcslupla ahlaki bir mesele haline getirir. Bu da bunu politika tart\u0131\u015fmalar\u0131nda sinsice ilerleyen din\u00ee bir etki olarak g\u00f6ren kat\u0131 laikleri rahats\u0131z eder. Amerikan kapitalizmi, m\u00fclkiyet haklar\u0131, rekabet, \u00f6zel giri\u015fim ve g\u00f6n\u00fcll\u00fc hay\u0131rseverlik \u00fczerine kuruludur; bunlar, ekonomik \u00f6zg\u00fcrl\u00fck i\u00e7in anayasal h\u00fck\u00fcmlerde yer alan fikirlerdir.<\/p>\n\n\n\n<p>Mamdani\u2019nin \u201c\u0130slamc\u0131 sosyalist\u201d modeli, vergilendirme ve kamu m\u00fclkiyeti yoluyla serveti yeniden da\u011f\u0131tmay\u0131 ama\u00e7lar. E\u015fitsizli\u011fi yaln\u0131zca ekonomik a\u00e7\u0131dan verimsiz de\u011fil, ayn\u0131 zamanda ahlaki a\u00e7\u0131dan da tahamm\u00fcl edilemez olarak tan\u0131mlar ve faiz odakl\u0131 finans ve spek\u00fclatif k\u00e2r modellerine (\u0130slam\u2019\u0131n faiz yasa\u011f\u0131ndan etkilenen bir tutumla) kar\u015f\u0131 \u00e7\u0131kar. Faiz odakl\u0131 finans\u0131 reddetmesi, kredi ve bor\u00e7 piyasalar\u0131na dayanan ABD kapitalizminin parasal \u00f6z\u00fcne meydan okumaktad\u0131r.<\/p>\n\n\n\n<p>Ahlaki yeniden da\u011f\u0131t\u0131m konusunda yapt\u0131\u011f\u0131 vurgu, m\u00fclkiyetin bireyin do\u011fal hakk\u0131 oldu\u011fu \u015feklindeki \u00f6zg\u00fcrl\u00fck\u00e7\u00fc ilkeyle \u00e7eli\u015fmektedir. Politika dili, piyasa ekonomisini de\u011fil, ahlaki ekonomiyi yans\u0131t\u0131r. Amerikan siyasi k\u00fclt\u00fcr\u00fc, bireysel \u00f6zerkli\u011fi, yani kolektif bir dayatma olmaks\u0131z\u0131n \u00f6zg\u00fcrce ya\u015fama, inanma ve \u00f6rg\u00fctlenme hakk\u0131n\u0131 \u00f6nemser. Mamdani\u2019nin yakla\u015f\u0131m\u0131 ise kolektif sorumlulu\u011fu te\u015fvik eder: toplum, en zay\u0131f \u00fcyelerine maddi ve manevi y\u00fck\u00fcml\u00fcl\u00fckler alt\u0131ndad\u0131r ve \u00fcmmet (topluluk) ve toplumsal dayan\u0131\u015fmaya dair \u0130slami ve sosyalist fikirlerden yararlan\u0131r. Amerikal\u0131lar genellikle ahlak\u0131 bir yurtta\u015fl\u0131k g\u00f6revi de\u011fil, ki\u015fisel bir tercih meselesi olarak g\u00f6r\u00fcrler.<\/p>\n\n\n\n<p>Mamdani\u2019nin topluluk\u00e7u ahlak anlay\u0131\u015f\u0131, bireylerin topluma kar\u015f\u0131 pozitif y\u00fck\u00fcml\u00fcl\u00fckleri oldu\u011funu ima eder ki bu da klasik liberallere zorlay\u0131c\u0131 gelebilir. Devletin ekonomik ahlak uygulamas\u0131 gerekti\u011fi fikri, h\u00fck\u00fcmetin rol\u00fcn\u00fc erdemi emretmek de\u011fil, \u00f6zg\u00fcrl\u00fc\u011f\u00fc korumak olarak g\u00f6ren ABD anayasal minimalizmine yabanc\u0131d\u0131r. ABD kendisini, Ayd\u0131nlanma evrenselcili\u011fine dayanan liberal demokrasi ve kapitalizmin k\u00fcresel garant\u00f6r\u00fc olarak g\u00f6r\u00fcr. Mamdani\u2019nin duru\u015fu, genellikle ABD d\u0131\u015f politikas\u0131n\u0131 ele\u015ftiren anti-emperyalist, K\u00fcresel G\u00fcney ve Filistin dayan\u0131\u015fma hareketleriyle \u00f6rt\u00fc\u015f\u00fcr. Amerikan g\u00fcc\u00fcn\u00fc yap\u0131sal olarak adaletsiz, s\u00f6m\u00fcrge sistemlerinin miras\u00e7\u0131s\u0131 olarak g\u00f6r\u00fcr. Ayn\u0131 zamanda M\u00fcsl\u00fcman ve s\u00f6m\u00fcrge sonras\u0131 halklarla dayan\u0131\u015fmay\u0131 ahlaki bir y\u00fck\u00fcml\u00fcl\u00fck olarak tan\u0131mlar. Onun s\u00f6ylemi, ABD\u2019nin k\u00fcresel liderli\u011finin ahlaki me\u015fruiyetine meydan okumaktad\u0131r. Amerikan liberal kapitalizminin siyasi ilerlemenin son noktas\u0131 oldu\u011fu fikrini dolayl\u0131 olarak reddeder. ABD siyasetinde bu, onu ideolojik olarak anayasal ana ak\u0131mdan ziyade, s\u00f6m\u00fcrgecilik kar\u015f\u0131t\u0131 veya anti-hegemonik hareketlere daha yak\u0131n bir konuma getiriyor.<\/p>\n\n\n\n<p>Zohran Mamdani\u2019nin \u0130slamc\u0131 sosyalizmi, ABD sistemiyle din\u00ee otoriterli\u011fi nedeniyle de\u011fil, ekonomide ahlaki tarafs\u0131zl\u0131\u011f\u0131 reddetmesi, m\u00fclkiyeti mutlak bir hak olarak sorgulamas\u0131, ahlaki g\u00f6revi bireysel \u00f6zg\u00fcrl\u00fc\u011f\u00fcn \u00f6n\u00fcne koymas\u0131 ve Amerika\u2019n\u0131n laik ve evrensel bir \u00f6zg\u00fcrl\u00fck modeli olarak g\u00f6rd\u00fc\u011f\u00fc \u00f6z imaj\u0131na meydan okumas\u0131 nedeniyle \u00e7eli\u015fmektedir. \u00d6z\u00fcnde, Amerikan liberal d\u00fczeninin ahlaki-kolektivist bir ele\u015ftirisidir; \u00f6zerklik olarak \u00f6zg\u00fcrl\u00fck fikrini, adalet olarak \u00f6zg\u00fcrl\u00fckle de\u011fi\u015ftirmeyi ama\u00e7lamaktad\u0131r.<\/p>\n","protected":false},"excerpt":{"rendered":"<p>Zohran Mamdani\u2019nin \u201c\u0130slamc\u0131 Sosyalist\u201d d\u00fcnya g\u00f6r\u00fc\u015f\u00fc, ABD\u2019nin siyasi, ekonomik ve anayasal d\u00fczeninin temel varsay\u0131mlar\u0131n\u0131 sorgulayan ideolojik bir kav\u015fakta duruyor. Yazan:\u00a0Sal Sayg\u0131n \u015eim\u015fek,\u00a0Connecticut \u0130slamc\u0131 sosyalizm (\u0130slami sosyalizm olarak da bilinir), sosyal adalet, e\u015fitlik ve ahlaki y\u00f6netim gibi \u0130slam ilkelerini, servetin yeniden da\u011f\u0131t\u0131m\u0131, kamu m\u00fclkiyeti ve yoksullar i\u00e7in refah gibi sosyalist ekonomik ideallerle birle\u015ftirmeyi ama\u00e7layan, siyasi ve [&hellip;]<\/p>\n","protected":false},"author":14007,"featured_media":157889,"comment_status":"open","ping_status":"open","sticky":false,"template":"","format":"standard","meta":{"_yoast_wpseo_focuskw":"\u0130slamc\u0131 Sosyalist","_yoast_wpseo_title":"","_yoast_wpseo_metadesc":"Mamdani\u2019nin \u201c\u0130slamc\u0131 Sosyalist\u201d g\u00f6r\u00fc\u015f\u00fc, ABD\u2019nin siyasi, ekonomik ve anayasal d\u00fczeninin temel varsay\u0131mlar\u0131n\u0131 sorgulayan bir kav\u015fakta duruyor.","_bbp_topic_count":0,"_bbp_reply_count":0,"_bbp_total_topic_count":0,"_bbp_total_reply_count":0,"_bbp_voice_count":0,"_bbp_anonymous_reply_count":0,"_bbp_topic_count_hidden":0,"_bbp_reply_count_hidden":0,"_bbp_forum_subforum_count":0,"footnotes":"","_yoast_wpseo_focuskw_text_input":""},"categories":[10520],"tags":[407,9905,9904],"yoast_head":"<!-- This site is optimized with the Yoast SEO plugin v23.0 - https:\/\/yoast.com\/wordpress\/plugins\/seo\/ -->\n<title>Zohran Mamdani\u2019nin \u201c\u0130slamc\u0131 Sosyalist\u201d D\u00fcnya G\u00f6r\u00fc\u015f\u00fc - The Epoch Times TR<\/title>\n<meta name=\"description\" content=\"Mamdani\u2019nin \u201c\u0130slamc\u0131 Sosyalist\u201d g\u00f6r\u00fc\u015f\u00fc, ABD\u2019nin siyasi, ekonomik ve anayasal d\u00fczeninin temel varsay\u0131mlar\u0131n\u0131 sorgulayan bir kav\u015fakta duruyor.\" \/>\n<meta name=\"robots\" content=\"index, follow, max-snippet:-1, max-image-preview:large, max-video-preview:-1\" \/>\n<link rel=\"canonical\" href=\"https:\/\/epochtimestr.com\/index.php\/zohran-mamdaninin-islamci-sosyalist-dunya-gorusu\" \/>\n<meta property=\"og:locale\" content=\"tr_TR\" \/>\n<meta property=\"og:type\" content=\"article\" \/>\n<meta property=\"og:title\" content=\"Zohran Mamdani\u2019nin \u201c\u0130slamc\u0131 Sosyalist\u201d D\u00fcnya G\u00f6r\u00fc\u015f\u00fc - The Epoch Times TR\" \/>\n<meta property=\"og:description\" content=\"Mamdani\u2019nin \u201c\u0130slamc\u0131 Sosyalist\u201d g\u00f6r\u00fc\u015f\u00fc, ABD\u2019nin siyasi, ekonomik ve anayasal d\u00fczeninin temel varsay\u0131mlar\u0131n\u0131 sorgulayan bir kav\u015fakta duruyor.\" \/>\n<meta property=\"og:url\" content=\"https:\/\/epochtimestr.com\/index.php\/zohran-mamdaninin-islamci-sosyalist-dunya-gorusu\" \/>\n<meta property=\"og:site_name\" content=\"The Epoch Times TR\" \/>\n<meta property=\"article:publisher\" content=\"https:\/\/www.facebook.com\/theepochtimestr\" \/>\n<meta property=\"article:published_time\" content=\"2025-11-17T18:01:36+00:00\" \/>\n<meta property=\"article:modified_time\" content=\"2026-01-30T20:49:23+00:00\" \/>\n<meta property=\"og:image\" content=\"https:\/\/epochtimestr.com\/wp-content\/uploads\/2011y\/Saygin-Simsek-SM.png\" \/>\n\t<meta property=\"og:image:width\" content=\"1200\" \/>\n\t<meta property=\"og:image:height\" content=\"630\" \/>\n\t<meta property=\"og:image:type\" content=\"image\/png\" \/>\n<meta name=\"author\" content=\"Sal Sayg\u0131n \u015eim\u015fek\" \/>\n<meta name=\"twitter:card\" content=\"summary_large_image\" \/>\n<meta name=\"twitter:creator\" content=\"@TheEpochTimesTR\" \/>\n<meta name=\"twitter:site\" content=\"@TheEpochTimesTR\" \/>\n<meta name=\"twitter:label1\" content=\"Yazan:\" \/>\n\t<meta name=\"twitter:data1\" content=\"Sal Sayg\u0131n \u015eim\u015fek\" \/>\n\t<meta name=\"twitter:label2\" content=\"Tahmini okuma s\u00fcresi\" \/>\n\t<meta name=\"twitter:data2\" content=\"11 dakika\" \/>\n<script type=\"application\/ld+json\" class=\"yoast-schema-graph\">{\"@context\":\"https:\/\/schema.org\",\"@graph\":[{\"@type\":\"Article\",\"@id\":\"https:\/\/epochtimestr.com\/index.php\/zohran-mamdaninin-islamci-sosyalist-dunya-gorusu#article\",\"isPartOf\":{\"@id\":\"https:\/\/epochtimestr.com\/index.php\/zohran-mamdaninin-islamci-sosyalist-dunya-gorusu\"},\"author\":{\"name\":\"Sal Sayg\u0131n \u015eim\u015fek\",\"@id\":\"https:\/\/epochtimestr.com\/#\/schema\/person\/08bbb947ae6f5993c4885905dff4c451\"},\"headline\":\"Zohran Mamdani\u2019nin \u201c\u0130slamc\u0131 Sosyalist\u201d D\u00fcnya G\u00f6r\u00fc\u015f\u00fc\",\"datePublished\":\"2025-11-17T18:01:36+00:00\",\"dateModified\":\"2026-01-30T20:49:23+00:00\",\"mainEntityOfPage\":{\"@id\":\"https:\/\/epochtimestr.com\/index.php\/zohran-mamdaninin-islamci-sosyalist-dunya-gorusu\"},\"wordCount\":2384,\"commentCount\":0,\"publisher\":{\"@id\":\"https:\/\/epochtimestr.com\/#organization\"},\"image\":{\"@id\":\"https:\/\/epochtimestr.com\/index.php\/zohran-mamdaninin-islamci-sosyalist-dunya-gorusu#primaryimage\"},\"thumbnailUrl\":\"https:\/\/epochtimestr.com\/wp-content\/uploads\/2011y\/Sal-Saygin-Simsek.png\",\"keywords\":[\"ABD\",\"\u0130slamc\u0131 Sosyalist\",\"Zohran Mamdani\"],\"articleSection\":[\"K\u00f6\u015fe Yaz\u0131lar\u0131 Sal Sayg\u0131n \u015eim\u015fek\"],\"inLanguage\":\"tr\",\"potentialAction\":[{\"@type\":\"CommentAction\",\"name\":\"Comment\",\"target\":[\"https:\/\/epochtimestr.com\/index.php\/zohran-mamdaninin-islamci-sosyalist-dunya-gorusu#respond\"]}]},{\"@type\":\"WebPage\",\"@id\":\"https:\/\/epochtimestr.com\/index.php\/zohran-mamdaninin-islamci-sosyalist-dunya-gorusu\",\"url\":\"https:\/\/epochtimestr.com\/index.php\/zohran-mamdaninin-islamci-sosyalist-dunya-gorusu\",\"name\":\"Zohran Mamdani\u2019nin \u201c\u0130slamc\u0131 Sosyalist\u201d D\u00fcnya G\u00f6r\u00fc\u015f\u00fc - The Epoch Times TR\",\"isPartOf\":{\"@id\":\"https:\/\/epochtimestr.com\/#website\"},\"primaryImageOfPage\":{\"@id\":\"https:\/\/epochtimestr.com\/index.php\/zohran-mamdaninin-islamci-sosyalist-dunya-gorusu#primaryimage\"},\"image\":{\"@id\":\"https:\/\/epochtimestr.com\/index.php\/zohran-mamdaninin-islamci-sosyalist-dunya-gorusu#primaryimage\"},\"thumbnailUrl\":\"https:\/\/epochtimestr.com\/wp-content\/uploads\/2011y\/Sal-Saygin-Simsek.png\",\"datePublished\":\"2025-11-17T18:01:36+00:00\",\"dateModified\":\"2026-01-30T20:49:23+00:00\",\"description\":\"Mamdani\u2019nin \u201c\u0130slamc\u0131 Sosyalist\u201d g\u00f6r\u00fc\u015f\u00fc, ABD\u2019nin siyasi, ekonomik ve anayasal d\u00fczeninin temel varsay\u0131mlar\u0131n\u0131 sorgulayan bir kav\u015fakta duruyor.\",\"inLanguage\":\"tr\",\"potentialAction\":[{\"@type\":\"ReadAction\",\"target\":[\"https:\/\/epochtimestr.com\/index.php\/zohran-mamdaninin-islamci-sosyalist-dunya-gorusu\"]}]},{\"@type\":\"ImageObject\",\"inLanguage\":\"tr\",\"@id\":\"https:\/\/epochtimestr.com\/index.php\/zohran-mamdaninin-islamci-sosyalist-dunya-gorusu#primaryimage\",\"url\":\"https:\/\/epochtimestr.com\/wp-content\/uploads\/2011y\/Sal-Saygin-Simsek.png\",\"contentUrl\":\"https:\/\/epochtimestr.com\/wp-content\/uploads\/2011y\/Sal-Saygin-Simsek.png\",\"width\":600,\"height\":600},{\"@type\":\"WebSite\",\"@id\":\"https:\/\/epochtimestr.com\/#website\",\"url\":\"https:\/\/epochtimestr.com\/\",\"name\":\"The Epoch Times TR\",\"description\":\"De\u011fi\u015fen D\u00fcnyam\u0131za Taze Bir Bak\u0131\u015f\",\"publisher\":{\"@id\":\"https:\/\/epochtimestr.com\/#organization\"},\"potentialAction\":[{\"@type\":\"SearchAction\",\"target\":{\"@type\":\"EntryPoint\",\"urlTemplate\":\"https:\/\/epochtimestr.com\/?s={search_term_string}\"},\"query-input\":\"required name=search_term_string\"}],\"inLanguage\":\"tr\"},{\"@type\":\"Organization\",\"@id\":\"https:\/\/epochtimestr.com\/#organization\",\"name\":\"The EpochTimes T\u00fcrkiye\",\"url\":\"https:\/\/epochtimestr.com\/\",\"logo\":{\"@type\":\"ImageObject\",\"inLanguage\":\"tr\",\"@id\":\"https:\/\/epochtimestr.com\/#\/schema\/logo\/image\/\",\"url\":\"https:\/\/epochtimestr.com\/wp-content\/uploads\/2011y\/ET-Logo-YG.jpg\",\"contentUrl\":\"https:\/\/epochtimestr.com\/wp-content\/uploads\/2011y\/ET-Logo-YG.jpg\",\"width\":346,\"height\":29,\"caption\":\"The EpochTimes T\u00fcrkiye\"},\"image\":{\"@id\":\"https:\/\/epochtimestr.com\/#\/schema\/logo\/image\/\"},\"sameAs\":[\"https:\/\/www.facebook.com\/theepochtimestr\",\"https:\/\/x.com\/TheEpochTimesTR\",\"https:\/\/www.instagram.com\/epochtimestr\"]},{\"@type\":\"Person\",\"@id\":\"https:\/\/epochtimestr.com\/#\/schema\/person\/08bbb947ae6f5993c4885905dff4c451\",\"name\":\"Sal Sayg\u0131n \u015eim\u015fek\",\"image\":{\"@type\":\"ImageObject\",\"inLanguage\":\"tr\",\"@id\":\"https:\/\/epochtimestr.com\/#\/schema\/person\/image\/\",\"url\":\"https:\/\/secure.gravatar.com\/avatar\/0de3fcdb17fb559c34b4c2847eebc04b?s=96&d=mm&r=g\",\"contentUrl\":\"https:\/\/secure.gravatar.com\/avatar\/0de3fcdb17fb559c34b4c2847eebc04b?s=96&d=mm&r=g\",\"caption\":\"Sal Sayg\u0131n \u015eim\u015fek\"},\"url\":\"https:\/\/epochtimestr.com\/index.php\/author\/sal\"}]}<\/script>\n<!-- \/ Yoast SEO plugin. -->","yoast_head_json":{"title":"Zohran Mamdani\u2019nin \u201c\u0130slamc\u0131 Sosyalist\u201d D\u00fcnya G\u00f6r\u00fc\u015f\u00fc - The Epoch Times TR","description":"Mamdani\u2019nin \u201c\u0130slamc\u0131 Sosyalist\u201d g\u00f6r\u00fc\u015f\u00fc, ABD\u2019nin siyasi, ekonomik ve anayasal d\u00fczeninin temel varsay\u0131mlar\u0131n\u0131 sorgulayan bir kav\u015fakta duruyor.","robots":{"index":"index","follow":"follow","max-snippet":"max-snippet:-1","max-image-preview":"max-image-preview:large","max-video-preview":"max-video-preview:-1"},"canonical":"https:\/\/epochtimestr.com\/index.php\/zohran-mamdaninin-islamci-sosyalist-dunya-gorusu","og_locale":"tr_TR","og_type":"article","og_title":"Zohran Mamdani\u2019nin \u201c\u0130slamc\u0131 Sosyalist\u201d D\u00fcnya G\u00f6r\u00fc\u015f\u00fc - The Epoch Times TR","og_description":"Mamdani\u2019nin \u201c\u0130slamc\u0131 Sosyalist\u201d g\u00f6r\u00fc\u015f\u00fc, ABD\u2019nin siyasi, ekonomik ve anayasal d\u00fczeninin temel varsay\u0131mlar\u0131n\u0131 sorgulayan bir kav\u015fakta duruyor.","og_url":"https:\/\/epochtimestr.com\/index.php\/zohran-mamdaninin-islamci-sosyalist-dunya-gorusu","og_site_name":"The Epoch Times TR","article_publisher":"https:\/\/www.facebook.com\/theepochtimestr","article_published_time":"2025-11-17T18:01:36+00:00","article_modified_time":"2026-01-30T20:49:23+00:00","og_image":[{"width":1200,"height":630,"url":"https:\/\/epochtimestr.com\/wp-content\/uploads\/2011y\/Saygin-Simsek-SM.png","type":"image\/png"}],"author":"Sal Sayg\u0131n \u015eim\u015fek","twitter_card":"summary_large_image","twitter_creator":"@TheEpochTimesTR","twitter_site":"@TheEpochTimesTR","twitter_misc":{"Yazan:":"Sal Sayg\u0131n \u015eim\u015fek","Tahmini okuma s\u00fcresi":"11 dakika"},"schema":{"@context":"https:\/\/schema.org","@graph":[{"@type":"Article","@id":"https:\/\/epochtimestr.com\/index.php\/zohran-mamdaninin-islamci-sosyalist-dunya-gorusu#article","isPartOf":{"@id":"https:\/\/epochtimestr.com\/index.php\/zohran-mamdaninin-islamci-sosyalist-dunya-gorusu"},"author":{"name":"Sal Sayg\u0131n \u015eim\u015fek","@id":"https:\/\/epochtimestr.com\/#\/schema\/person\/08bbb947ae6f5993c4885905dff4c451"},"headline":"Zohran Mamdani\u2019nin \u201c\u0130slamc\u0131 Sosyalist\u201d D\u00fcnya G\u00f6r\u00fc\u015f\u00fc","datePublished":"2025-11-17T18:01:36+00:00","dateModified":"2026-01-30T20:49:23+00:00","mainEntityOfPage":{"@id":"https:\/\/epochtimestr.com\/index.php\/zohran-mamdaninin-islamci-sosyalist-dunya-gorusu"},"wordCount":2384,"commentCount":0,"publisher":{"@id":"https:\/\/epochtimestr.com\/#organization"},"image":{"@id":"https:\/\/epochtimestr.com\/index.php\/zohran-mamdaninin-islamci-sosyalist-dunya-gorusu#primaryimage"},"thumbnailUrl":"https:\/\/epochtimestr.com\/wp-content\/uploads\/2011y\/Sal-Saygin-Simsek.png","keywords":["ABD","\u0130slamc\u0131 Sosyalist","Zohran Mamdani"],"articleSection":["K\u00f6\u015fe Yaz\u0131lar\u0131 Sal Sayg\u0131n \u015eim\u015fek"],"inLanguage":"tr","potentialAction":[{"@type":"CommentAction","name":"Comment","target":["https:\/\/epochtimestr.com\/index.php\/zohran-mamdaninin-islamci-sosyalist-dunya-gorusu#respond"]}]},{"@type":"WebPage","@id":"https:\/\/epochtimestr.com\/index.php\/zohran-mamdaninin-islamci-sosyalist-dunya-gorusu","url":"https:\/\/epochtimestr.com\/index.php\/zohran-mamdaninin-islamci-sosyalist-dunya-gorusu","name":"Zohran Mamdani\u2019nin \u201c\u0130slamc\u0131 Sosyalist\u201d D\u00fcnya G\u00f6r\u00fc\u015f\u00fc - The Epoch Times TR","isPartOf":{"@id":"https:\/\/epochtimestr.com\/#website"},"primaryImageOfPage":{"@id":"https:\/\/epochtimestr.com\/index.php\/zohran-mamdaninin-islamci-sosyalist-dunya-gorusu#primaryimage"},"image":{"@id":"https:\/\/epochtimestr.com\/index.php\/zohran-mamdaninin-islamci-sosyalist-dunya-gorusu#primaryimage"},"thumbnailUrl":"https:\/\/epochtimestr.com\/wp-content\/uploads\/2011y\/Sal-Saygin-Simsek.png","datePublished":"2025-11-17T18:01:36+00:00","dateModified":"2026-01-30T20:49:23+00:00","description":"Mamdani\u2019nin \u201c\u0130slamc\u0131 Sosyalist\u201d g\u00f6r\u00fc\u015f\u00fc, ABD\u2019nin siyasi, ekonomik ve anayasal d\u00fczeninin temel varsay\u0131mlar\u0131n\u0131 sorgulayan bir kav\u015fakta duruyor.","inLanguage":"tr","potentialAction":[{"@type":"ReadAction","target":["https:\/\/epochtimestr.com\/index.php\/zohran-mamdaninin-islamci-sosyalist-dunya-gorusu"]}]},{"@type":"ImageObject","inLanguage":"tr","@id":"https:\/\/epochtimestr.com\/index.php\/zohran-mamdaninin-islamci-sosyalist-dunya-gorusu#primaryimage","url":"https:\/\/epochtimestr.com\/wp-content\/uploads\/2011y\/Sal-Saygin-Simsek.png","contentUrl":"https:\/\/epochtimestr.com\/wp-content\/uploads\/2011y\/Sal-Saygin-Simsek.png","width":600,"height":600},{"@type":"WebSite","@id":"https:\/\/epochtimestr.com\/#website","url":"https:\/\/epochtimestr.com\/","name":"The Epoch Times TR","description":"De\u011fi\u015fen D\u00fcnyam\u0131za Taze Bir Bak\u0131\u015f","publisher":{"@id":"https:\/\/epochtimestr.com\/#organization"},"potentialAction":[{"@type":"SearchAction","target":{"@type":"EntryPoint","urlTemplate":"https:\/\/epochtimestr.com\/?s={search_term_string}"},"query-input":"required name=search_term_string"}],"inLanguage":"tr"},{"@type":"Organization","@id":"https:\/\/epochtimestr.com\/#organization","name":"The EpochTimes T\u00fcrkiye","url":"https:\/\/epochtimestr.com\/","logo":{"@type":"ImageObject","inLanguage":"tr","@id":"https:\/\/epochtimestr.com\/#\/schema\/logo\/image\/","url":"https:\/\/epochtimestr.com\/wp-content\/uploads\/2011y\/ET-Logo-YG.jpg","contentUrl":"https:\/\/epochtimestr.com\/wp-content\/uploads\/2011y\/ET-Logo-YG.jpg","width":346,"height":29,"caption":"The EpochTimes T\u00fcrkiye"},"image":{"@id":"https:\/\/epochtimestr.com\/#\/schema\/logo\/image\/"},"sameAs":["https:\/\/www.facebook.com\/theepochtimestr","https:\/\/x.com\/TheEpochTimesTR","https:\/\/www.instagram.com\/epochtimestr"]},{"@type":"Person","@id":"https:\/\/epochtimestr.com\/#\/schema\/person\/08bbb947ae6f5993c4885905dff4c451","name":"Sal Sayg\u0131n \u015eim\u015fek","image":{"@type":"ImageObject","inLanguage":"tr","@id":"https:\/\/epochtimestr.com\/#\/schema\/person\/image\/","url":"https:\/\/secure.gravatar.com\/avatar\/0de3fcdb17fb559c34b4c2847eebc04b?s=96&d=mm&r=g","contentUrl":"https:\/\/secure.gravatar.com\/avatar\/0de3fcdb17fb559c34b4c2847eebc04b?s=96&d=mm&r=g","caption":"Sal Sayg\u0131n \u015eim\u015fek"},"url":"https:\/\/epochtimestr.com\/index.php\/author\/sal"}]}},"_links":{"self":[{"href":"https:\/\/epochtimestr.com\/index.php\/wp-json\/wp\/v2\/posts\/163594"}],"collection":[{"href":"https:\/\/epochtimestr.com\/index.php\/wp-json\/wp\/v2\/posts"}],"about":[{"href":"https:\/\/epochtimestr.com\/index.php\/wp-json\/wp\/v2\/types\/post"}],"author":[{"embeddable":true,"href":"https:\/\/epochtimestr.com\/index.php\/wp-json\/wp\/v2\/users\/14007"}],"replies":[{"embeddable":true,"href":"https:\/\/epochtimestr.com\/index.php\/wp-json\/wp\/v2\/comments?post=163594"}],"version-history":[{"count":1,"href":"https:\/\/epochtimestr.com\/index.php\/wp-json\/wp\/v2\/posts\/163594\/revisions"}],"predecessor-version":[{"id":163595,"href":"https:\/\/epochtimestr.com\/index.php\/wp-json\/wp\/v2\/posts\/163594\/revisions\/163595"}],"wp:featuredmedia":[{"embeddable":true,"href":"https:\/\/epochtimestr.com\/index.php\/wp-json\/wp\/v2\/media\/157889"}],"wp:attachment":[{"href":"https:\/\/epochtimestr.com\/index.php\/wp-json\/wp\/v2\/media?parent=163594"}],"wp:term":[{"taxonomy":"category","embeddable":true,"href":"https:\/\/epochtimestr.com\/index.php\/wp-json\/wp\/v2\/categories?post=163594"},{"taxonomy":"post_tag","embeddable":true,"href":"https:\/\/epochtimestr.com\/index.php\/wp-json\/wp\/v2\/tags?post=163594"}],"curies":[{"name":"wp","href":"https:\/\/api.w.org\/{rel}","templated":true}]}}