{"id":163596,"date":"2025-11-18T10:12:23","date_gmt":"2025-11-18T07:12:23","guid":{"rendered":"https:\/\/epochtimestr.com\/?p=163596"},"modified":"2025-11-18T13:12:52","modified_gmt":"2025-11-18T10:12:52","slug":"otizmli-cocuklar-icin-sosyal-izolasyon-yerine-sosyal-entegrasyon","status":"publish","type":"post","link":"https:\/\/epochtimestr.com\/index.php\/otizmli-cocuklar-icin-sosyal-izolasyon-yerine-sosyal-entegrasyon","title":{"rendered":"Otizmli \u00c7ocuklar \u0130\u00e7in Sosyal \u0130zolasyon Yerine Sosyal Entegrasyon"},"content":{"rendered":"<div class=\"wp-block-image\">\n<figure class=\"aligncenter size-full\"><img loading=\"lazy\" decoding=\"async\" width=\"1090\" height=\"614\" src=\"https:\/\/epochtimestr.com\/wp-content\/uploads\/2011y\/17112819_whatsappimage20251117at11.13.05.jpg\" alt=\"\u00d6zel gereksinimli \u00e7ocuklar ve ebeveynleri i\u00e7in sosyal entegrasyonu hedefleyen proje ba\u015flad\u0131.  (Foto\u011fraf: Mersin \u0130l Milli E\u011fitim M\u00fcd\u00fcrl\u00fc\u011f\u00fc Bas\u0131n B\u00fcrosu)\" class=\"wp-image-163597\" srcset=\"https:\/\/epochtimestr.com\/wp-content\/uploads\/2011y\/17112819_whatsappimage20251117at11.13.05.jpg 1090w, https:\/\/epochtimestr.com\/wp-content\/uploads\/2011y\/17112819_whatsappimage20251117at11.13.05-300x169.jpg 300w, https:\/\/epochtimestr.com\/wp-content\/uploads\/2011y\/17112819_whatsappimage20251117at11.13.05-150x84.jpg 150w, https:\/\/epochtimestr.com\/wp-content\/uploads\/2011y\/17112819_whatsappimage20251117at11.13.05-768x433.jpg 768w\" sizes=\"(max-width: 1090px) 100vw, 1090px\" \/><figcaption class=\"wp-element-caption\">(Foto\u011fraf: Mersin \u0130l Milli E\u011fitim M\u00fcd\u00fcrl\u00fc\u011f\u00fc Bas\u0131n B\u00fcrosu)<\/figcaption><\/figure><\/div>\n\n\n<p>\u00d6zel gereksinimli \u00e7ocuklar ve ebeveynleri i\u00e7in sosyal entegrasyonu hedefleyen \u201cBiz Birlikte Var\u0131z: \u00d6zel Gereksinimli \u00c7ocuklar ve Onlar\u0131n Ebeveynleri \u0130\u00e7in Sosyal \u0130zolasyon Yerine Sosyal Entegrasyon&#8221; projesi ger\u00e7ekle\u015ftirilen a\u00e7\u0131l\u0131\u015f etkinli\u011fi ile ba\u015flad\u0131. A\u00e7\u0131l\u0131\u015f etkinli\u011fi Mersin\u2019de Akdeniz Rehberlik ve Ara\u015ft\u0131rma Merkezinde ger\u00e7ekle\u015ftirildi.&nbsp;A\u00e7\u0131l\u0131\u015fa \u0130l Mill\u00ee E\u011fitim M\u00fcd\u00fcr\u00fc Muhammed \u00d6zdemirci, \u0130l Mill\u00ee E\u011fitim M\u00fcd\u00fcr Yard\u0131mc\u0131s\u0131 Kutlutekin Ba\u015f, Akdeniz \u0130l\u00e7e Mill\u00ee E\u011fitim M\u00fcd\u00fcr\u00fc Saim Demir, Proje Koordinat\u00f6r\u00fc Sibel Furtana, psikolojik dan\u0131\u015fman ve rehber \u00f6\u011fretmenler, \u00f6zel gereksinimli \u00f6\u011frenciler ile birlikte aileleri kat\u0131ld\u0131.<\/p>\n\n\n<div class=\"wp-block-image\">\n<figure class=\"aligncenter size-large is-resized\"><img loading=\"lazy\" decoding=\"async\" width=\"2095\" height=\"1178\" src=\"https:\/\/epochtimestr.com\/wp-content\/uploads\/2011y\/1000110831-2095x1178.jpg\" alt=\"\" class=\"wp-image-163610\" style=\"width:843px;height:auto\" srcset=\"https:\/\/epochtimestr.com\/wp-content\/uploads\/2011y\/1000110831-2095x1178.jpg 2095w, https:\/\/epochtimestr.com\/wp-content\/uploads\/2011y\/1000110831-300x169.jpg 300w, https:\/\/epochtimestr.com\/wp-content\/uploads\/2011y\/1000110831-150x84.jpg 150w, https:\/\/epochtimestr.com\/wp-content\/uploads\/2011y\/1000110831-768x432.jpg 768w, https:\/\/epochtimestr.com\/wp-content\/uploads\/2011y\/1000110831-1536x864.jpg 1536w, https:\/\/epochtimestr.com\/wp-content\/uploads\/2011y\/1000110831-2048x1152.jpg 2048w\" sizes=\"(max-width: 2095px) 100vw, 2095px\" \/><figcaption class=\"wp-element-caption\">Mersin \u0130l Mill\u00ee E\u011fitim M\u00fcd\u00fcr\u00fc Muhammed \u00d6zdemirci (Foto\u011fraf: G. Hakan Ko\u00e7man, The Epoch Times T\u00fcrkiye)<\/figcaption><\/figure><\/div>\n\n\n<p>Etkinli\u011fin a\u00e7\u0131l\u0131\u015f konu\u015fmas\u0131n\u0131 \u0130l Mill\u00ee E\u011fitim M\u00fcd\u00fcr\u00fc Muhammed \u00d6zdemirci yapt\u0131. \u00d6zdemirci projenin tasarlanmas\u0131nda eme\u011fi ge\u00e7en ve projeye katk\u0131 veren t\u00fcm ki\u015fi ve kurulu\u015flara te\u015fekk\u00fcr etti. Demirci \u00f6zel gereksinimli \u00f6\u011frencilerin e\u011fitimime kar\u015f\u0131 \u00f6zel bir ilgi duydu\u011funu s\u00f6yledi. \u00d6zel gereksinimli \u00f6\u011frencilerin e\u011fitim almalar\u0131 noktas\u0131nda son y\u0131llarda \u00e7ok b\u00fcy\u00fck ilerlemeler kaydedildi\u011fini belirtti. \u00d6\u011frencilerin daha iyi bir e\u011fitim almalar\u0131 noktas\u0131nda neler yap\u0131labilece\u011fini g\u00f6rmek a\u00e7\u0131s\u0131ndan projenin \u00e7ok \u00f6nemli oldu\u011funu ifade etti.<\/p>\n\n\n<div class=\"wp-block-image\">\n<figure class=\"aligncenter size-large\"><img loading=\"lazy\" decoding=\"async\" width=\"2095\" height=\"1178\" src=\"https:\/\/epochtimestr.com\/wp-content\/uploads\/2011y\/1000110856-2095x1178.jpg\" alt=\"\" class=\"wp-image-163611\" srcset=\"https:\/\/epochtimestr.com\/wp-content\/uploads\/2011y\/1000110856-2095x1178.jpg 2095w, https:\/\/epochtimestr.com\/wp-content\/uploads\/2011y\/1000110856-300x169.jpg 300w, https:\/\/epochtimestr.com\/wp-content\/uploads\/2011y\/1000110856-150x84.jpg 150w, https:\/\/epochtimestr.com\/wp-content\/uploads\/2011y\/1000110856-768x432.jpg 768w, https:\/\/epochtimestr.com\/wp-content\/uploads\/2011y\/1000110856-1536x864.jpg 1536w, https:\/\/epochtimestr.com\/wp-content\/uploads\/2011y\/1000110856-2048x1152.jpg 2048w\" sizes=\"(max-width: 2095px) 100vw, 2095px\" \/><\/figure><\/div>\n\n\n<p>Demirci\u2019nin ard\u0131ndan Proje Koordinat\u00f6r\u00fc Sibel Furtana yapt\u0131\u011f\u0131 konu\u015fmada proje ilgili bilgi verdi. Furtana projenin \u00e7\u0131k\u0131\u015f noktas\u0131n\u0131 Atipik Otizm Spektrum Bozuklu\u011fu olan \u00e7ocuklar\u0131n ve ailelerinin ya\u015fad\u0131\u011f\u0131 sosyal izolasyon olarak \u00f6zetledi. Furtana, &#8220;\u00d6zel gereksinimli bireylerin toplumsal ya\u015famdaki duru\u015flar\u0131na dikkat \u00e7ekebilmek ve geni\u015f \u00e7apl\u0131 toplumsal fark\u0131ndal\u0131k olu\u015fturmak birinci hedefimizdir.\u201d dedi.<\/p>\n\n\n\n<h3 class=\"wp-block-heading\">Projeye farkl\u0131 bran\u015flardan 17 akademisyenin kat\u0131l\u0131m\u0131yla ger\u00e7ekle\u015ftirilecek<\/h3>\n\n\n\n<p>Proje T\u00dcB\u0130TAK 4008 kapsam\u0131nda \u00f6zel gereksinimli bireylerin sosyal entegrasyonuna odaklan\u0131yor. Proje<strong> <\/strong>\u00f6zel gereksinimli \u00e7ocuklar\u0131n toplumsal ya\u015fama daha g\u00fc\u00e7l\u00fc bir \u015fekilde kat\u0131lmas\u0131n\u0131 desteklemek, ailelerin fark\u0131ndal\u0131\u011f\u0131n\u0131 art\u0131rmak ve sosyal entegrasyonu te\u015fvik etmek amac\u0131yla ger\u00e7ekle\u015ftiriliyor. Projeye 5-6 ya\u015flar\u0131nda otizm spektrum bozuklu\u011fu olan 10 \u00f6\u011frenci ile birlikte aileleri kat\u0131l\u0131yor. \u0130leti\u015fim becerilerindeki s\u0131n\u0131rl\u0131l\u0131k, duyusal hassasiyetler ve d\u00fczene a\u015f\u0131r\u0131 ba\u011f\u0131ml\u0131l\u0131k gibi nedenlerle sosyal izolasyon ya\u015fayan \u00e7ocuklar\u0131n ve ebeveynlerinin toplumsal entegrasyonuna katk\u0131 sunmay\u0131 ama\u00e7layan proje, Mersin, Toros ve Tarsus \u00fcniversitelerinden \u00f6zel e\u011fitim uzman\u0131, fizyoterapist, beslenme uzman\u0131, di\u015f hekimi ve bili\u015fim uzman\u0131 gibi farkl\u0131 bran\u015flardan 17 akademisyen ile birlikte MEB personelinin yer ald\u0131\u011f\u0131 g\u00fc\u00e7l\u00fc bir uzman ekiple y\u00fcr\u00fct\u00fcl\u00fcyor.<\/p>\n\n\n\n<p>Proje be\u015f g\u00fcn boyunca s\u00fcrecek farkl\u0131 etkinliklerden olu\u015fuyor. Proje kapsam\u0131nda aile e\u011fitimlerinin yan\u0131 s\u0131ra \u00e7ocuklara, sosyal ya\u015fama uyum sa\u011flamalar\u0131 i\u00e7in \u00e7e\u015fitli faaliyetler sunuluyor. Faaliyetler aras\u0131nda duyu b\u00fct\u00fcnleme e\u011fitimleri, teknoloji ve m\u00fchendislik etkinlikleri ve do\u011fa etkinlikleri bulunuyor. Ayr\u0131ca \u00e7ocuklar Mersin Arkeoloji M\u00fczesi, MBB MERCAN \u0130klim ve \u00c7evre Bilim Merkezi, Masal Evi, Devlet Opera ve Balesi gibi kurum ve kurulu\u015flara g\u00f6t\u00fcr\u00fclerek buralarda \u00e7e\u015fitli aktiviteler yapmalar\u0131 sa\u011flanacak.<\/p>\n","protected":false},"excerpt":{"rendered":"<p>\u00d6zel gereksinimli \u00e7ocuklar ve ebeveynleri i\u00e7in sosyal entegrasyonu hedefleyen \u201cBiz Birlikte Var\u0131z: \u00d6zel Gereksinimli \u00c7ocuklar ve Onlar\u0131n Ebeveynleri \u0130\u00e7in Sosyal \u0130zolasyon Yerine Sosyal Entegrasyon&#8221; projesi ger\u00e7ekle\u015ftirilen a\u00e7\u0131l\u0131\u015f etkinli\u011fi ile ba\u015flad\u0131. A\u00e7\u0131l\u0131\u015f etkinli\u011fi Mersin\u2019de Akdeniz Rehberlik ve Ara\u015ft\u0131rma Merkezinde ger\u00e7ekle\u015ftirildi.&nbsp;A\u00e7\u0131l\u0131\u015fa \u0130l Mill\u00ee E\u011fitim M\u00fcd\u00fcr\u00fc Muhammed \u00d6zdemirci, \u0130l Mill\u00ee E\u011fitim M\u00fcd\u00fcr Yard\u0131mc\u0131s\u0131 Kutlutekin Ba\u015f, Akdeniz \u0130l\u00e7e Mill\u00ee [&hellip;]<\/p>\n","protected":false},"author":22,"featured_media":163597,"comment_status":"closed","ping_status":"open","sticky":false,"template":"","format":"standard","meta":{"_yoast_wpseo_focuskw":"Otizmli \u00c7ocuklar","_yoast_wpseo_title":"","_yoast_wpseo_metadesc":"\u201cBiz Birlikte Var\u0131z: \u00d6zel Gereksinimli \u00c7ocuklar ve Onlar\u0131n Ebeveynleri \u0130\u00e7in Sosyal \u0130zolasyon Yerine Sosyal Entegrasyon\" projesi ba\u015flad\u0131.","_bbp_topic_count":0,"_bbp_reply_count":0,"_bbp_total_topic_count":0,"_bbp_total_reply_count":0,"_bbp_voice_count":0,"_bbp_anonymous_reply_count":0,"_bbp_topic_count_hidden":0,"_bbp_reply_count_hidden":0,"_bbp_forum_subforum_count":0,"footnotes":"","_yoast_wpseo_focuskw_text_input":""},"categories":[519,8419],"tags":[9918,9920,9919,9921],"yoast_head":"<!-- This site is optimized with the Yoast SEO plugin v23.0 - https:\/\/yoast.com\/wordpress\/plugins\/seo\/ -->\n<title>Otizmli \u00c7ocuklar \u0130\u00e7in Sosyal \u0130zolasyon Yerine Sosyal Entegrasyon - The Epoch Times TR<\/title>\n<meta name=\"description\" content=\"\u201cBiz Birlikte Var\u0131z: \u00d6zel Gereksinimli \u00c7ocuklar ve Onlar\u0131n Ebeveynleri \u0130\u00e7in Sosyal \u0130zolasyon Yerine Sosyal Entegrasyon&quot; projesi ba\u015flad\u0131.\" \/>\n<meta name=\"robots\" content=\"index, follow, max-snippet:-1, max-image-preview:large, max-video-preview:-1\" \/>\n<link rel=\"canonical\" href=\"https:\/\/epochtimestr.com\/index.php\/otizmli-cocuklar-icin-sosyal-izolasyon-yerine-sosyal-entegrasyon\" \/>\n<meta property=\"og:locale\" content=\"tr_TR\" \/>\n<meta property=\"og:type\" content=\"article\" \/>\n<meta property=\"og:title\" content=\"Otizmli \u00c7ocuklar \u0130\u00e7in Sosyal \u0130zolasyon Yerine Sosyal Entegrasyon - The Epoch Times TR\" \/>\n<meta property=\"og:description\" content=\"\u201cBiz Birlikte Var\u0131z: \u00d6zel Gereksinimli \u00c7ocuklar ve Onlar\u0131n Ebeveynleri \u0130\u00e7in Sosyal \u0130zolasyon Yerine Sosyal Entegrasyon&quot; projesi ba\u015flad\u0131.\" \/>\n<meta property=\"og:url\" content=\"https:\/\/epochtimestr.com\/index.php\/otizmli-cocuklar-icin-sosyal-izolasyon-yerine-sosyal-entegrasyon\" \/>\n<meta property=\"og:site_name\" content=\"The Epoch Times TR\" \/>\n<meta property=\"article:publisher\" content=\"https:\/\/www.facebook.com\/theepochtimestr\" \/>\n<meta property=\"article:published_time\" content=\"2025-11-18T07:12:23+00:00\" \/>\n<meta property=\"article:modified_time\" content=\"2025-11-18T10:12:52+00:00\" \/>\n<meta property=\"og:image\" content=\"https:\/\/epochtimestr.com\/wp-content\/uploads\/2011y\/17112819_whatsappimage20251117at11.13.05.jpg\" \/>\n\t<meta property=\"og:image:width\" content=\"1090\" \/>\n\t<meta property=\"og:image:height\" content=\"614\" \/>\n\t<meta property=\"og:image:type\" content=\"image\/jpeg\" \/>\n<meta name=\"author\" content=\"G.Hakan Ko\u00e7man\" \/>\n<meta name=\"twitter:card\" content=\"summary_large_image\" \/>\n<meta name=\"twitter:creator\" content=\"@TheEpochTimesTR\" \/>\n<meta name=\"twitter:site\" content=\"@TheEpochTimesTR\" \/>\n<meta name=\"twitter:label1\" content=\"Yazan:\" \/>\n\t<meta name=\"twitter:data1\" content=\"G.Hakan Ko\u00e7man\" \/>\n\t<meta name=\"twitter:label2\" content=\"Tahmini okuma s\u00fcresi\" \/>\n\t<meta name=\"twitter:data2\" content=\"4 dakika\" \/>\n<script type=\"application\/ld+json\" class=\"yoast-schema-graph\">{\"@context\":\"https:\/\/schema.org\",\"@graph\":[{\"@type\":\"Article\",\"@id\":\"https:\/\/epochtimestr.com\/index.php\/otizmli-cocuklar-icin-sosyal-izolasyon-yerine-sosyal-entegrasyon#article\",\"isPartOf\":{\"@id\":\"https:\/\/epochtimestr.com\/index.php\/otizmli-cocuklar-icin-sosyal-izolasyon-yerine-sosyal-entegrasyon\"},\"author\":{\"name\":\"G.Hakan Ko\u00e7man\",\"@id\":\"https:\/\/epochtimestr.com\/#\/schema\/person\/b5509977c9a6cd729a3e74d9743d035b\"},\"headline\":\"Otizmli \u00c7ocuklar \u0130\u00e7in Sosyal \u0130zolasyon Yerine Sosyal Entegrasyon\",\"datePublished\":\"2025-11-18T07:12:23+00:00\",\"dateModified\":\"2025-11-18T10:12:52+00:00\",\"mainEntityOfPage\":{\"@id\":\"https:\/\/epochtimestr.com\/index.php\/otizmli-cocuklar-icin-sosyal-izolasyon-yerine-sosyal-entegrasyon\"},\"wordCount\":550,\"publisher\":{\"@id\":\"https:\/\/epochtimestr.com\/#organization\"},\"image\":{\"@id\":\"https:\/\/epochtimestr.com\/index.php\/otizmli-cocuklar-icin-sosyal-izolasyon-yerine-sosyal-entegrasyon#primaryimage\"},\"thumbnailUrl\":\"https:\/\/epochtimestr.com\/wp-content\/uploads\/2011y\/17112819_whatsappimage20251117at11.13.05.jpg\",\"keywords\":[\"Otizmli \u00c7ocuklar\",\"\u00d6zel gereksinimli \u00e7ocuklar\",\"Sosyal \u0130zolasyon Yerine Sosyal Entegrasyon\",\"T\u00dcB\u0130TAK 4008\"],\"articleSection\":[\"ED\u0130T\u00d6R\u00dcN SE\u00c7\u0130M\u0130\",\"Ya\u015fam\"],\"inLanguage\":\"tr\"},{\"@type\":\"WebPage\",\"@id\":\"https:\/\/epochtimestr.com\/index.php\/otizmli-cocuklar-icin-sosyal-izolasyon-yerine-sosyal-entegrasyon\",\"url\":\"https:\/\/epochtimestr.com\/index.php\/otizmli-cocuklar-icin-sosyal-izolasyon-yerine-sosyal-entegrasyon\",\"name\":\"Otizmli \u00c7ocuklar \u0130\u00e7in Sosyal \u0130zolasyon Yerine Sosyal Entegrasyon - The Epoch Times TR\",\"isPartOf\":{\"@id\":\"https:\/\/epochtimestr.com\/#website\"},\"primaryImageOfPage\":{\"@id\":\"https:\/\/epochtimestr.com\/index.php\/otizmli-cocuklar-icin-sosyal-izolasyon-yerine-sosyal-entegrasyon#primaryimage\"},\"image\":{\"@id\":\"https:\/\/epochtimestr.com\/index.php\/otizmli-cocuklar-icin-sosyal-izolasyon-yerine-sosyal-entegrasyon#primaryimage\"},\"thumbnailUrl\":\"https:\/\/epochtimestr.com\/wp-content\/uploads\/2011y\/17112819_whatsappimage20251117at11.13.05.jpg\",\"datePublished\":\"2025-11-18T07:12:23+00:00\",\"dateModified\":\"2025-11-18T10:12:52+00:00\",\"description\":\"\u201cBiz Birlikte Var\u0131z: \u00d6zel Gereksinimli \u00c7ocuklar ve Onlar\u0131n Ebeveynleri \u0130\u00e7in Sosyal \u0130zolasyon Yerine Sosyal Entegrasyon\\\" projesi ba\u015flad\u0131.\",\"inLanguage\":\"tr\",\"potentialAction\":[{\"@type\":\"ReadAction\",\"target\":[\"https:\/\/epochtimestr.com\/index.php\/otizmli-cocuklar-icin-sosyal-izolasyon-yerine-sosyal-entegrasyon\"]}]},{\"@type\":\"ImageObject\",\"inLanguage\":\"tr\",\"@id\":\"https:\/\/epochtimestr.com\/index.php\/otizmli-cocuklar-icin-sosyal-izolasyon-yerine-sosyal-entegrasyon#primaryimage\",\"url\":\"https:\/\/epochtimestr.com\/wp-content\/uploads\/2011y\/17112819_whatsappimage20251117at11.13.05.jpg\",\"contentUrl\":\"https:\/\/epochtimestr.com\/wp-content\/uploads\/2011y\/17112819_whatsappimage20251117at11.13.05.jpg\",\"width\":1090,\"height\":614},{\"@type\":\"WebSite\",\"@id\":\"https:\/\/epochtimestr.com\/#website\",\"url\":\"https:\/\/epochtimestr.com\/\",\"name\":\"The Epoch Times TR\",\"description\":\"De\u011fi\u015fen D\u00fcnyam\u0131za Taze Bir Bak\u0131\u015f\",\"publisher\":{\"@id\":\"https:\/\/epochtimestr.com\/#organization\"},\"potentialAction\":[{\"@type\":\"SearchAction\",\"target\":{\"@type\":\"EntryPoint\",\"urlTemplate\":\"https:\/\/epochtimestr.com\/?s={search_term_string}\"},\"query-input\":\"required name=search_term_string\"}],\"inLanguage\":\"tr\"},{\"@type\":\"Organization\",\"@id\":\"https:\/\/epochtimestr.com\/#organization\",\"name\":\"The EpochTimes T\u00fcrkiye\",\"url\":\"https:\/\/epochtimestr.com\/\",\"logo\":{\"@type\":\"ImageObject\",\"inLanguage\":\"tr\",\"@id\":\"https:\/\/epochtimestr.com\/#\/schema\/logo\/image\/\",\"url\":\"https:\/\/epochtimestr.com\/wp-content\/uploads\/2011y\/ET-Logo-YG.jpg\",\"contentUrl\":\"https:\/\/epochtimestr.com\/wp-content\/uploads\/2011y\/ET-Logo-YG.jpg\",\"width\":346,\"height\":29,\"caption\":\"The EpochTimes T\u00fcrkiye\"},\"image\":{\"@id\":\"https:\/\/epochtimestr.com\/#\/schema\/logo\/image\/\"},\"sameAs\":[\"https:\/\/www.facebook.com\/theepochtimestr\",\"https:\/\/x.com\/TheEpochTimesTR\",\"https:\/\/www.instagram.com\/epochtimestr\"]},{\"@type\":\"Person\",\"@id\":\"https:\/\/epochtimestr.com\/#\/schema\/person\/b5509977c9a6cd729a3e74d9743d035b\",\"name\":\"G.Hakan Ko\u00e7man\",\"image\":{\"@type\":\"ImageObject\",\"inLanguage\":\"tr\",\"@id\":\"https:\/\/epochtimestr.com\/#\/schema\/person\/image\/\",\"url\":\"https:\/\/secure.gravatar.com\/avatar\/e4eafee1ab5d1f4015c3930376b22ca8?s=96&d=mm&r=g\",\"contentUrl\":\"https:\/\/secure.gravatar.com\/avatar\/e4eafee1ab5d1f4015c3930376b22ca8?s=96&d=mm&r=g\",\"caption\":\"G.Hakan Ko\u00e7man\"},\"url\":\"https:\/\/epochtimestr.com\/index.php\/author\/hakan\"}]}<\/script>\n<!-- \/ Yoast SEO plugin. -->","yoast_head_json":{"title":"Otizmli \u00c7ocuklar \u0130\u00e7in Sosyal \u0130zolasyon Yerine Sosyal Entegrasyon - The Epoch Times TR","description":"\u201cBiz Birlikte Var\u0131z: \u00d6zel Gereksinimli \u00c7ocuklar ve Onlar\u0131n Ebeveynleri \u0130\u00e7in Sosyal \u0130zolasyon Yerine Sosyal Entegrasyon\" projesi ba\u015flad\u0131.","robots":{"index":"index","follow":"follow","max-snippet":"max-snippet:-1","max-image-preview":"max-image-preview:large","max-video-preview":"max-video-preview:-1"},"canonical":"https:\/\/epochtimestr.com\/index.php\/otizmli-cocuklar-icin-sosyal-izolasyon-yerine-sosyal-entegrasyon","og_locale":"tr_TR","og_type":"article","og_title":"Otizmli \u00c7ocuklar \u0130\u00e7in Sosyal \u0130zolasyon Yerine Sosyal Entegrasyon - The Epoch Times TR","og_description":"\u201cBiz Birlikte Var\u0131z: \u00d6zel Gereksinimli \u00c7ocuklar ve Onlar\u0131n Ebeveynleri \u0130\u00e7in Sosyal \u0130zolasyon Yerine Sosyal Entegrasyon\" projesi ba\u015flad\u0131.","og_url":"https:\/\/epochtimestr.com\/index.php\/otizmli-cocuklar-icin-sosyal-izolasyon-yerine-sosyal-entegrasyon","og_site_name":"The Epoch Times TR","article_publisher":"https:\/\/www.facebook.com\/theepochtimestr","article_published_time":"2025-11-18T07:12:23+00:00","article_modified_time":"2025-11-18T10:12:52+00:00","og_image":[{"width":1090,"height":614,"url":"https:\/\/epochtimestr.com\/wp-content\/uploads\/2011y\/17112819_whatsappimage20251117at11.13.05.jpg","type":"image\/jpeg"}],"author":"G.Hakan Ko\u00e7man","twitter_card":"summary_large_image","twitter_creator":"@TheEpochTimesTR","twitter_site":"@TheEpochTimesTR","twitter_misc":{"Yazan:":"G.Hakan Ko\u00e7man","Tahmini okuma s\u00fcresi":"4 dakika"},"schema":{"@context":"https:\/\/schema.org","@graph":[{"@type":"Article","@id":"https:\/\/epochtimestr.com\/index.php\/otizmli-cocuklar-icin-sosyal-izolasyon-yerine-sosyal-entegrasyon#article","isPartOf":{"@id":"https:\/\/epochtimestr.com\/index.php\/otizmli-cocuklar-icin-sosyal-izolasyon-yerine-sosyal-entegrasyon"},"author":{"name":"G.Hakan Ko\u00e7man","@id":"https:\/\/epochtimestr.com\/#\/schema\/person\/b5509977c9a6cd729a3e74d9743d035b"},"headline":"Otizmli \u00c7ocuklar \u0130\u00e7in Sosyal \u0130zolasyon Yerine Sosyal Entegrasyon","datePublished":"2025-11-18T07:12:23+00:00","dateModified":"2025-11-18T10:12:52+00:00","mainEntityOfPage":{"@id":"https:\/\/epochtimestr.com\/index.php\/otizmli-cocuklar-icin-sosyal-izolasyon-yerine-sosyal-entegrasyon"},"wordCount":550,"publisher":{"@id":"https:\/\/epochtimestr.com\/#organization"},"image":{"@id":"https:\/\/epochtimestr.com\/index.php\/otizmli-cocuklar-icin-sosyal-izolasyon-yerine-sosyal-entegrasyon#primaryimage"},"thumbnailUrl":"https:\/\/epochtimestr.com\/wp-content\/uploads\/2011y\/17112819_whatsappimage20251117at11.13.05.jpg","keywords":["Otizmli \u00c7ocuklar","\u00d6zel gereksinimli \u00e7ocuklar","Sosyal \u0130zolasyon Yerine Sosyal Entegrasyon","T\u00dcB\u0130TAK 4008"],"articleSection":["ED\u0130T\u00d6R\u00dcN SE\u00c7\u0130M\u0130","Ya\u015fam"],"inLanguage":"tr"},{"@type":"WebPage","@id":"https:\/\/epochtimestr.com\/index.php\/otizmli-cocuklar-icin-sosyal-izolasyon-yerine-sosyal-entegrasyon","url":"https:\/\/epochtimestr.com\/index.php\/otizmli-cocuklar-icin-sosyal-izolasyon-yerine-sosyal-entegrasyon","name":"Otizmli \u00c7ocuklar \u0130\u00e7in Sosyal \u0130zolasyon Yerine Sosyal Entegrasyon - The Epoch Times TR","isPartOf":{"@id":"https:\/\/epochtimestr.com\/#website"},"primaryImageOfPage":{"@id":"https:\/\/epochtimestr.com\/index.php\/otizmli-cocuklar-icin-sosyal-izolasyon-yerine-sosyal-entegrasyon#primaryimage"},"image":{"@id":"https:\/\/epochtimestr.com\/index.php\/otizmli-cocuklar-icin-sosyal-izolasyon-yerine-sosyal-entegrasyon#primaryimage"},"thumbnailUrl":"https:\/\/epochtimestr.com\/wp-content\/uploads\/2011y\/17112819_whatsappimage20251117at11.13.05.jpg","datePublished":"2025-11-18T07:12:23+00:00","dateModified":"2025-11-18T10:12:52+00:00","description":"\u201cBiz Birlikte Var\u0131z: \u00d6zel Gereksinimli \u00c7ocuklar ve Onlar\u0131n Ebeveynleri \u0130\u00e7in Sosyal \u0130zolasyon Yerine Sosyal Entegrasyon\" projesi ba\u015flad\u0131.","inLanguage":"tr","potentialAction":[{"@type":"ReadAction","target":["https:\/\/epochtimestr.com\/index.php\/otizmli-cocuklar-icin-sosyal-izolasyon-yerine-sosyal-entegrasyon"]}]},{"@type":"ImageObject","inLanguage":"tr","@id":"https:\/\/epochtimestr.com\/index.php\/otizmli-cocuklar-icin-sosyal-izolasyon-yerine-sosyal-entegrasyon#primaryimage","url":"https:\/\/epochtimestr.com\/wp-content\/uploads\/2011y\/17112819_whatsappimage20251117at11.13.05.jpg","contentUrl":"https:\/\/epochtimestr.com\/wp-content\/uploads\/2011y\/17112819_whatsappimage20251117at11.13.05.jpg","width":1090,"height":614},{"@type":"WebSite","@id":"https:\/\/epochtimestr.com\/#website","url":"https:\/\/epochtimestr.com\/","name":"The Epoch Times TR","description":"De\u011fi\u015fen D\u00fcnyam\u0131za Taze Bir Bak\u0131\u015f","publisher":{"@id":"https:\/\/epochtimestr.com\/#organization"},"potentialAction":[{"@type":"SearchAction","target":{"@type":"EntryPoint","urlTemplate":"https:\/\/epochtimestr.com\/?s={search_term_string}"},"query-input":"required name=search_term_string"}],"inLanguage":"tr"},{"@type":"Organization","@id":"https:\/\/epochtimestr.com\/#organization","name":"The EpochTimes T\u00fcrkiye","url":"https:\/\/epochtimestr.com\/","logo":{"@type":"ImageObject","inLanguage":"tr","@id":"https:\/\/epochtimestr.com\/#\/schema\/logo\/image\/","url":"https:\/\/epochtimestr.com\/wp-content\/uploads\/2011y\/ET-Logo-YG.jpg","contentUrl":"https:\/\/epochtimestr.com\/wp-content\/uploads\/2011y\/ET-Logo-YG.jpg","width":346,"height":29,"caption":"The EpochTimes T\u00fcrkiye"},"image":{"@id":"https:\/\/epochtimestr.com\/#\/schema\/logo\/image\/"},"sameAs":["https:\/\/www.facebook.com\/theepochtimestr","https:\/\/x.com\/TheEpochTimesTR","https:\/\/www.instagram.com\/epochtimestr"]},{"@type":"Person","@id":"https:\/\/epochtimestr.com\/#\/schema\/person\/b5509977c9a6cd729a3e74d9743d035b","name":"G.Hakan Ko\u00e7man","image":{"@type":"ImageObject","inLanguage":"tr","@id":"https:\/\/epochtimestr.com\/#\/schema\/person\/image\/","url":"https:\/\/secure.gravatar.com\/avatar\/e4eafee1ab5d1f4015c3930376b22ca8?s=96&d=mm&r=g","contentUrl":"https:\/\/secure.gravatar.com\/avatar\/e4eafee1ab5d1f4015c3930376b22ca8?s=96&d=mm&r=g","caption":"G.Hakan Ko\u00e7man"},"url":"https:\/\/epochtimestr.com\/index.php\/author\/hakan"}]}},"_links":{"self":[{"href":"https:\/\/epochtimestr.com\/index.php\/wp-json\/wp\/v2\/posts\/163596"}],"collection":[{"href":"https:\/\/epochtimestr.com\/index.php\/wp-json\/wp\/v2\/posts"}],"about":[{"href":"https:\/\/epochtimestr.com\/index.php\/wp-json\/wp\/v2\/types\/post"}],"author":[{"embeddable":true,"href":"https:\/\/epochtimestr.com\/index.php\/wp-json\/wp\/v2\/users\/22"}],"replies":[{"embeddable":true,"href":"https:\/\/epochtimestr.com\/index.php\/wp-json\/wp\/v2\/comments?post=163596"}],"version-history":[{"count":7,"href":"https:\/\/epochtimestr.com\/index.php\/wp-json\/wp\/v2\/posts\/163596\/revisions"}],"predecessor-version":[{"id":163630,"href":"https:\/\/epochtimestr.com\/index.php\/wp-json\/wp\/v2\/posts\/163596\/revisions\/163630"}],"wp:featuredmedia":[{"embeddable":true,"href":"https:\/\/epochtimestr.com\/index.php\/wp-json\/wp\/v2\/media\/163597"}],"wp:attachment":[{"href":"https:\/\/epochtimestr.com\/index.php\/wp-json\/wp\/v2\/media?parent=163596"}],"wp:term":[{"taxonomy":"category","embeddable":true,"href":"https:\/\/epochtimestr.com\/index.php\/wp-json\/wp\/v2\/categories?post=163596"},{"taxonomy":"post_tag","embeddable":true,"href":"https:\/\/epochtimestr.com\/index.php\/wp-json\/wp\/v2\/tags?post=163596"}],"curies":[{"name":"wp","href":"https:\/\/api.w.org\/{rel}","templated":true}]}}