{"id":163607,"date":"2025-11-18T13:22:00","date_gmt":"2025-11-18T10:22:00","guid":{"rendered":"https:\/\/epochtimestr.com\/?p=163607"},"modified":"2025-11-18T13:22:09","modified_gmt":"2025-11-18T10:22:09","slug":"cin-japonyaya-gitmeyi-planlayan-vatandaslarini-uyardi","status":"publish","type":"post","link":"https:\/\/epochtimestr.com\/index.php\/cin-japonyaya-gitmeyi-planlayan-vatandaslarini-uyardi","title":{"rendered":"\u00c7in Japonya\u2019ya Gitmeyi Planlayan Vatanda\u015flar\u0131n\u0131 Uyard\u0131"},"content":{"rendered":"<div class=\"wp-block-image\">\n<figure class=\"aligncenter size-large\"><img loading=\"lazy\" decoding=\"async\" width=\"901\" height=\"1200\" src=\"https:\/\/epochtimestr.com\/wp-content\/uploads\/2011y\/1000028767-901x1200.jpg\" alt=\"Minoru Kihara, Shinjir\u014d Koizumi, Norikazu Suzuki ve Hirotaka Ishihara. \u00c7in ve Japonya aras\u0131ndaki gerilim t\u0131rman\u0131yor. Pekin, Japonya'ya seyahat ve e\u011fitim i\u00e7in uyar\u0131 yaparak, g\u00fcvenlik risklerinin artt\u0131\u011f\u0131n\u0131 vurgulad\u0131.  (Foto\u011fraf: Wikimedia)\" class=\"wp-image-163615\" srcset=\"https:\/\/epochtimestr.com\/wp-content\/uploads\/2011y\/1000028767-901x1200.jpg 901w, https:\/\/epochtimestr.com\/wp-content\/uploads\/2011y\/1000028767-225x300.jpg 225w, https:\/\/epochtimestr.com\/wp-content\/uploads\/2011y\/1000028767-113x150.jpg 113w, https:\/\/epochtimestr.com\/wp-content\/uploads\/2011y\/1000028767-768x1023.jpg 768w, https:\/\/epochtimestr.com\/wp-content\/uploads\/2011y\/1000028767-1154x1536.jpg 1154w, https:\/\/epochtimestr.com\/wp-content\/uploads\/2011y\/1000028767-1538x2048.jpg 1538w, https:\/\/epochtimestr.com\/wp-content\/uploads\/2011y\/1000028767-scaled.jpg 1923w\" sizes=\"(max-width: 901px) 100vw, 901px\" \/><figcaption class=\"wp-element-caption\">\u00c7in ve Japonya aras\u0131ndaki gerilim t\u0131rman\u0131yor. Pekin, Japonya&#8217;ya seyahat ve e\u011fitim i\u00e7in uyar\u0131 yaparak, g\u00fcvenlik risklerinin artt\u0131\u011f\u0131n\u0131 vurgulad\u0131. Japonya Ba\u015f Kabine Sekreteri Minoru Kihara, bir bas\u0131n toplant\u0131s\u0131 d\u00fczenleyerek \u00c7in&#8217;in uyar\u0131lar\u0131na itiraz etti.(Foto\u011fraf: Wikimedia)<\/figcaption><\/figure><\/div>\n\n\n<p>\u00c7in, Japonya\u2019ya seyahat etmeyi veya e\u011fitim almay\u0131 planlayan vatanda\u015flar\u0131n\u0131 uyard\u0131. \u00c7in D\u0131\u015fi\u015fleri Bakanl\u0131\u011f\u0131, Japonya Ba\u015fbakan\u0131 Sanae Takaichi\u2019nin Taiwan hakk\u0131ndaki a\u00e7\u0131klamalar\u0131n\u0131 gerek\u00e7e g\u00f6stererek, Japonya\u2019y\u0131 &#8220;g\u00fcvenli olmayan&#8221; \u00fclke olarak tan\u0131mlad\u0131. Pekin, Japonya\u2019ya yap\u0131lacak seyahatlerin risk ta\u015f\u0131d\u0131\u011f\u0131n\u0131 duyurdu ve vatanda\u015flar\u0131n\u0131 dikkatli olmaya \u00e7a\u011f\u0131rd\u0131.<\/p>\n\n\n\n<p>Japonya h\u00fck\u00fcmeti, \u00c7in\u2019in bu a\u00e7\u0131klamalar\u0131na sert tepki g\u00f6sterdi. Japonya Ba\u015fbakanl\u0131k S\u00f6zc\u00fcs\u00fc Minoru Kihara, \u00c7in\u2019in a\u00e7\u0131klamalar\u0131n\u0131n iki \u00fclke aras\u0131ndaki ili\u015fkilere zarar verece\u011fini s\u00f6yledi. Kihara, bu t\u00fcr eylemlerin Japonya ve \u00c7in aras\u0131ndaki stratejik ili\u015fkilere ters d\u00fc\u015ft\u00fc\u011f\u00fcn\u00fc vurgulad\u0131. Ayr\u0131ca Pekin\u2019den bu a\u00e7\u0131klamalar\u0131 geri \u00e7ekmesini talep etti.<\/p>\n\n\n\n<p>Durum diplomatik seviyede t\u0131rman\u0131nca, Japonya D\u0131\u015fi\u015fleri Bakanl\u0131\u011f\u0131 yetkilisi Masaaki Kanai, Pekin\u2019e gitti. Kanai, \u00c7inli yetkililere Ba\u015fbakan Takaichi\u2019nin <a href=\"https:\/\/www.theepochtimes.com\/china\/tokyo-protests-after-ccp-tells-citizens-to-reconsider-studying-traveling-in-japan-5946081\" target=\"_blank\" rel=\"noreferrer noopener\">Tayvan\u2019a ili\u015fkin<\/a> a\u00e7\u0131klamalar\u0131n\u0131n Japonya\u2019n\u0131n resmi politikas\u0131na uygun oldu\u011funu bildirdi. Ayr\u0131ca, \u00c7inli diplomatlardan gelen tehditlere kar\u015f\u0131l\u0131k olarak Japonya\u2019n\u0131n bu durumu kabul etmedi\u011fini vurgulad\u0131.<\/p>\n\n\n\n<p>\u00c7in, ayn\u0131 g\u00fcnlerde E\u011fitim Bakanl\u0131\u011f\u0131 arac\u0131l\u0131\u011f\u0131yla Japonya\u2019daki e\u011fitim olanaklar\u0131 konusunda bir uyar\u0131 yay\u0131mlad\u0131. Bakanl\u0131k, Japonya\u2019daki g\u00fcvenlik risklerinin artt\u0131\u011f\u0131n\u0131 ve bu nedenle e\u011fitim almak isteyen \u00c7inli \u00f6\u011frencilerin planlar\u0131n\u0131 g\u00f6zden ge\u00e7irmeleri gerekti\u011fini a\u00e7\u0131klad\u0131. \u00c7in\u2019in bu a\u00e7\u0131klamas\u0131, Japonya\u2019ya giden \u00c7inli \u00f6\u011frencilerin say\u0131s\u0131n\u0131n azalmas\u0131na yol a\u00e7abilir.<\/p>\n\n\n\n<p>Gerilim daha sonra iki \u00fclke aras\u0131ndaki deniz s\u0131n\u0131rlar\u0131n\u0131 da etkiledi. \u00c7in, Japonya\u2019n\u0131n Senkaku Adalar\u0131 \u00e7evresindeki denetimleri art\u0131rmas\u0131na tepki olarak, b\u00f6lgeye d\u00f6rt gemi g\u00f6nderdi. Japonya, \u00c7in gemilerinin bu b\u00f6lgedeki varl\u0131\u011f\u0131n\u0131, uluslararas\u0131 hukuka ayk\u0131r\u0131 olarak de\u011ferlendirdi ve \u00c7in\u2019in eylemlerini k\u0131nad\u0131. <\/p>\n\n\n\n<p>Ba\u015fbakan Takaichi, Tayvan\u2019a y\u00f6nelik askeri m\u00fcdahalenin Japonya i\u00e7in &#8220;hayatta kalma tehdidi&#8221; olu\u015fturaca\u011f\u0131n\u0131 belirtti. \u00c7in, bu a\u00e7\u0131klamaya sert tepki g\u00f6sterdi ve Japonya\u2019y\u0131 Tayvan\u2019a m\u00fcdahale etmeye kalkarsa ciddi sonu\u00e7larla kar\u015f\u0131la\u015faca\u011f\u0131 konusunda uyard\u0131. Pekin\u2019in tehditleri, Asya\u2019daki g\u00fcvenlik ortam\u0131n\u0131 daha da gerginle\u015ftirdi. Bu a\u00e7\u0131klamalar, Japonya ve \u00c7in aras\u0131ndaki gerilimi t\u0131rmand\u0131rd\u0131.<\/p>\n\n\n\n<h3 class=\"wp-block-heading\">\u00c7in&#8217;den Japonya&#8217;ya Ekonomik Yapt\u0131r\u0131m Tehdidi<\/h3>\n\n\n\n<p>\u00c7in&#8217;in devlet medyas\u0131, Japonya\u2019ya kar\u015f\u0131 ekonomik yapt\u0131r\u0131mlar uygulama tehdidi i\u00e7eren haberler yay\u0131nlad\u0131. Pekin, Japonya\u2019ya y\u00f6nelik ekonomik bask\u0131 uygulamak i\u00e7in \u00e7e\u015fitli se\u00e7enekleri de\u011ferlendiriyor. Bu se\u00e7enekler aras\u0131nda, <a href=\"https:\/\/epochtimestr.com\/index.php\/japonya-cinli-diplomati-istenmeyen-kisi-ilan-etmeye-hazirlaniyor\" target=\"_blank\" rel=\"noreferrer noopener\">diplomatik ili\u015fkilerin<\/a> dondurulmas\u0131, ticaretin k\u0131s\u0131tlanmas\u0131 ve Japonya\u2019ya yap\u0131lan yat\u0131r\u0131mlar\u0131n kesilmesi yer al\u0131yor. \u00c7in bu ad\u0131mlar\u0131 atarsa, Japonya ekonomisini ciddi \u015fekilde zorlayabilir.<\/p>\n\n\n\n<p>T\u00fcm bu geli\u015fmeler \u0131\u015f\u0131\u011f\u0131nda, Japonya h\u00fck\u00fcmeti daha temkinli bir yakla\u015f\u0131m sergiliyor. Japonya, \u00c7in ile olan ili\u015fkilerde gerilimi t\u0131rmand\u0131rmadan kar\u015f\u0131l\u0131kl\u0131 \u00e7\u0131karlar\u0131 korumay\u0131 hedefliyor. Tokyo, gerilimlerin iki \u00fclke aras\u0131ndaki ticaret ve g\u00fcvenlik ili\u015fkilerine zarar vermemesi i\u00e7in diplomatik kanallar \u00fczerinden ileti\u015fimde kalmaya \u00f6zen g\u00f6steriyor.<\/p>\n\n\n\n<p>Sonu\u00e7 olarak, \u00c7in ve Japonya aras\u0131ndaki ili\u015fkilerdeki gerilim, b\u00f6lgedeki siyasi ve ekonomik dengeleri etkileme potansiyeline sahip. Bu gerilim, sadece iki \u00fclke i\u00e7in de\u011fil, Asya\u2019daki di\u011fer g\u00fc\u00e7ler i\u00e7in de \u00f6nemli sonu\u00e7lar do\u011furabilir.<\/p>\n","protected":false},"excerpt":{"rendered":"<p>\u00c7in, Japonya\u2019ya seyahat etmeyi veya e\u011fitim almay\u0131 planlayan vatanda\u015flar\u0131n\u0131 uyard\u0131. \u00c7in D\u0131\u015fi\u015fleri Bakanl\u0131\u011f\u0131, Japonya Ba\u015fbakan\u0131 Sanae Takaichi\u2019nin Taiwan hakk\u0131ndaki a\u00e7\u0131klamalar\u0131n\u0131 gerek\u00e7e g\u00f6stererek, Japonya\u2019y\u0131 &#8220;g\u00fcvenli olmayan&#8221; \u00fclke olarak tan\u0131mlad\u0131. Pekin, Japonya\u2019ya yap\u0131lacak seyahatlerin risk ta\u015f\u0131d\u0131\u011f\u0131n\u0131 duyurdu ve vatanda\u015flar\u0131n\u0131 dikkatli olmaya \u00e7a\u011f\u0131rd\u0131. Japonya h\u00fck\u00fcmeti, \u00c7in\u2019in bu a\u00e7\u0131klamalar\u0131na sert tepki g\u00f6sterdi. Japonya Ba\u015fbakanl\u0131k S\u00f6zc\u00fcs\u00fc Minoru Kihara, \u00c7in\u2019in a\u00e7\u0131klamalar\u0131n\u0131n [&hellip;]<\/p>\n","protected":false},"author":13996,"featured_media":163615,"comment_status":"closed","ping_status":"open","sticky":false,"template":"","format":"standard","meta":{"_yoast_wpseo_focuskw":"\u00c7in - Japonya","_yoast_wpseo_title":"","_yoast_wpseo_metadesc":"\u00c7in, Japonya Ba\u015fbakan\u0131n\u0131n Taiwan hakk\u0131ndaki a\u00e7\u0131klamalar\u0131n\u0131 gerek\u00e7e g\u00f6stererek, Japonya\u2019y\u0131 \"g\u00fcvenli olmayan\" \u00fclke olarak tan\u0131mlad\u0131.","_bbp_topic_count":0,"_bbp_reply_count":0,"_bbp_total_topic_count":0,"_bbp_total_reply_count":0,"_bbp_voice_count":0,"_bbp_anonymous_reply_count":0,"_bbp_topic_count_hidden":0,"_bbp_reply_count_hidden":0,"_bbp_forum_subforum_count":0,"footnotes":"","_yoast_wpseo_focuskw_text_input":""},"categories":[8,1,8138],"tags":[9908,9911,9910,9865,9909,4198],"yoast_head":"<!-- This site is optimized with the Yoast SEO plugin v23.0 - https:\/\/yoast.com\/wordpress\/plugins\/seo\/ -->\n<title>\u00c7in Japonya\u2019ya Gitmeyi Planlayan Vatanda\u015flar\u0131n\u0131 Uyard\u0131 - The Epoch Times TR<\/title>\n<meta name=\"description\" content=\"\u00c7in, Japonya Ba\u015fbakan\u0131n\u0131n Taiwan hakk\u0131ndaki a\u00e7\u0131klamalar\u0131n\u0131 gerek\u00e7e g\u00f6stererek, Japonya\u2019y\u0131 &quot;g\u00fcvenli olmayan&quot; \u00fclke olarak tan\u0131mlad\u0131.\" \/>\n<meta name=\"robots\" content=\"index, follow, max-snippet:-1, max-image-preview:large, max-video-preview:-1\" \/>\n<link rel=\"canonical\" href=\"https:\/\/epochtimestr.com\/index.php\/cin-japonyaya-gitmeyi-planlayan-vatandaslarini-uyardi\" \/>\n<meta property=\"og:locale\" content=\"tr_TR\" \/>\n<meta property=\"og:type\" content=\"article\" \/>\n<meta property=\"og:title\" content=\"\u00c7in Japonya\u2019ya Gitmeyi Planlayan Vatanda\u015flar\u0131n\u0131 Uyard\u0131 - The Epoch Times TR\" \/>\n<meta property=\"og:description\" content=\"\u00c7in, Japonya Ba\u015fbakan\u0131n\u0131n Taiwan hakk\u0131ndaki a\u00e7\u0131klamalar\u0131n\u0131 gerek\u00e7e g\u00f6stererek, Japonya\u2019y\u0131 &quot;g\u00fcvenli olmayan&quot; \u00fclke olarak tan\u0131mlad\u0131.\" \/>\n<meta property=\"og:url\" content=\"https:\/\/epochtimestr.com\/index.php\/cin-japonyaya-gitmeyi-planlayan-vatandaslarini-uyardi\" \/>\n<meta property=\"og:site_name\" content=\"The Epoch Times TR\" \/>\n<meta property=\"article:publisher\" content=\"https:\/\/www.facebook.com\/theepochtimestr\" \/>\n<meta property=\"article:published_time\" content=\"2025-11-18T10:22:00+00:00\" \/>\n<meta property=\"article:modified_time\" content=\"2025-11-18T10:22:09+00:00\" \/>\n<meta property=\"og:image\" content=\"https:\/\/epochtimestr.com\/wp-content\/uploads\/2011y\/1000028767-scaled.jpg\" \/>\n\t<meta property=\"og:image:width\" content=\"1923\" \/>\n\t<meta property=\"og:image:height\" content=\"2560\" \/>\n\t<meta property=\"og:image:type\" content=\"image\/jpeg\" \/>\n<meta name=\"author\" content=\"Leo Bajelan\" \/>\n<meta name=\"twitter:card\" content=\"summary_large_image\" \/>\n<meta name=\"twitter:creator\" content=\"@TheEpochTimesTR\" \/>\n<meta name=\"twitter:site\" content=\"@TheEpochTimesTR\" \/>\n<meta name=\"twitter:label1\" content=\"Yazan:\" \/>\n\t<meta name=\"twitter:data1\" content=\"Leo Bajelan\" \/>\n\t<meta name=\"twitter:label2\" content=\"Tahmini okuma s\u00fcresi\" \/>\n\t<meta name=\"twitter:data2\" content=\"3 dakika\" \/>\n<script type=\"application\/ld+json\" class=\"yoast-schema-graph\">{\"@context\":\"https:\/\/schema.org\",\"@graph\":[{\"@type\":\"Article\",\"@id\":\"https:\/\/epochtimestr.com\/index.php\/cin-japonyaya-gitmeyi-planlayan-vatandaslarini-uyardi#article\",\"isPartOf\":{\"@id\":\"https:\/\/epochtimestr.com\/index.php\/cin-japonyaya-gitmeyi-planlayan-vatandaslarini-uyardi\"},\"author\":{\"name\":\"Leo Bajelan\",\"@id\":\"https:\/\/epochtimestr.com\/#\/schema\/person\/5fef218711d76d8f232b0e1f1d7e4c0d\"},\"headline\":\"\u00c7in Japonya\u2019ya Gitmeyi Planlayan Vatanda\u015flar\u0131n\u0131 Uyard\u0131\",\"datePublished\":\"2025-11-18T10:22:00+00:00\",\"dateModified\":\"2025-11-18T10:22:09+00:00\",\"mainEntityOfPage\":{\"@id\":\"https:\/\/epochtimestr.com\/index.php\/cin-japonyaya-gitmeyi-planlayan-vatandaslarini-uyardi\"},\"wordCount\":616,\"publisher\":{\"@id\":\"https:\/\/epochtimestr.com\/#organization\"},\"image\":{\"@id\":\"https:\/\/epochtimestr.com\/index.php\/cin-japonyaya-gitmeyi-planlayan-vatandaslarini-uyardi#primaryimage\"},\"thumbnailUrl\":\"https:\/\/epochtimestr.com\/wp-content\/uploads\/2011y\/1000028767-scaled.jpg\",\"keywords\":[\"\u00c7in Japonya\",\"Ekonomik yapt\u0131r\u0131m\",\"Minoru Kihara\",\"Sanae Takaichi\",\"Seyahat ve E\u011fitim Uyar\u0131s\u0131\",\"tayvan\"],\"articleSection\":[\"\u00c7\u0130N\",\"G\u00dcNDEM\",\"MAN\u015eET\"],\"inLanguage\":\"tr\"},{\"@type\":\"WebPage\",\"@id\":\"https:\/\/epochtimestr.com\/index.php\/cin-japonyaya-gitmeyi-planlayan-vatandaslarini-uyardi\",\"url\":\"https:\/\/epochtimestr.com\/index.php\/cin-japonyaya-gitmeyi-planlayan-vatandaslarini-uyardi\",\"name\":\"\u00c7in Japonya\u2019ya Gitmeyi Planlayan Vatanda\u015flar\u0131n\u0131 Uyard\u0131 - The Epoch Times TR\",\"isPartOf\":{\"@id\":\"https:\/\/epochtimestr.com\/#website\"},\"primaryImageOfPage\":{\"@id\":\"https:\/\/epochtimestr.com\/index.php\/cin-japonyaya-gitmeyi-planlayan-vatandaslarini-uyardi#primaryimage\"},\"image\":{\"@id\":\"https:\/\/epochtimestr.com\/index.php\/cin-japonyaya-gitmeyi-planlayan-vatandaslarini-uyardi#primaryimage\"},\"thumbnailUrl\":\"https:\/\/epochtimestr.com\/wp-content\/uploads\/2011y\/1000028767-scaled.jpg\",\"datePublished\":\"2025-11-18T10:22:00+00:00\",\"dateModified\":\"2025-11-18T10:22:09+00:00\",\"description\":\"\u00c7in, Japonya Ba\u015fbakan\u0131n\u0131n Taiwan hakk\u0131ndaki a\u00e7\u0131klamalar\u0131n\u0131 gerek\u00e7e g\u00f6stererek, Japonya\u2019y\u0131 \\\"g\u00fcvenli olmayan\\\" \u00fclke olarak tan\u0131mlad\u0131.\",\"inLanguage\":\"tr\",\"potentialAction\":[{\"@type\":\"ReadAction\",\"target\":[\"https:\/\/epochtimestr.com\/index.php\/cin-japonyaya-gitmeyi-planlayan-vatandaslarini-uyardi\"]}]},{\"@type\":\"ImageObject\",\"inLanguage\":\"tr\",\"@id\":\"https:\/\/epochtimestr.com\/index.php\/cin-japonyaya-gitmeyi-planlayan-vatandaslarini-uyardi#primaryimage\",\"url\":\"https:\/\/epochtimestr.com\/wp-content\/uploads\/2011y\/1000028767-scaled.jpg\",\"contentUrl\":\"https:\/\/epochtimestr.com\/wp-content\/uploads\/2011y\/1000028767-scaled.jpg\",\"width\":1923,\"height\":2560},{\"@type\":\"WebSite\",\"@id\":\"https:\/\/epochtimestr.com\/#website\",\"url\":\"https:\/\/epochtimestr.com\/\",\"name\":\"The Epoch Times TR\",\"description\":\"De\u011fi\u015fen D\u00fcnyam\u0131za Taze Bir Bak\u0131\u015f\",\"publisher\":{\"@id\":\"https:\/\/epochtimestr.com\/#organization\"},\"potentialAction\":[{\"@type\":\"SearchAction\",\"target\":{\"@type\":\"EntryPoint\",\"urlTemplate\":\"https:\/\/epochtimestr.com\/?s={search_term_string}\"},\"query-input\":\"required name=search_term_string\"}],\"inLanguage\":\"tr\"},{\"@type\":\"Organization\",\"@id\":\"https:\/\/epochtimestr.com\/#organization\",\"name\":\"The EpochTimes T\u00fcrkiye\",\"url\":\"https:\/\/epochtimestr.com\/\",\"logo\":{\"@type\":\"ImageObject\",\"inLanguage\":\"tr\",\"@id\":\"https:\/\/epochtimestr.com\/#\/schema\/logo\/image\/\",\"url\":\"https:\/\/epochtimestr.com\/wp-content\/uploads\/2011y\/ET-Logo-YG.jpg\",\"contentUrl\":\"https:\/\/epochtimestr.com\/wp-content\/uploads\/2011y\/ET-Logo-YG.jpg\",\"width\":346,\"height\":29,\"caption\":\"The EpochTimes T\u00fcrkiye\"},\"image\":{\"@id\":\"https:\/\/epochtimestr.com\/#\/schema\/logo\/image\/\"},\"sameAs\":[\"https:\/\/www.facebook.com\/theepochtimestr\",\"https:\/\/x.com\/TheEpochTimesTR\",\"https:\/\/www.instagram.com\/epochtimestr\"]},{\"@type\":\"Person\",\"@id\":\"https:\/\/epochtimestr.com\/#\/schema\/person\/5fef218711d76d8f232b0e1f1d7e4c0d\",\"name\":\"Leo Bajelan\",\"image\":{\"@type\":\"ImageObject\",\"inLanguage\":\"tr\",\"@id\":\"https:\/\/epochtimestr.com\/#\/schema\/person\/image\/\",\"url\":\"https:\/\/secure.gravatar.com\/avatar\/917669146f489549e548a2e9af272df5?s=96&d=mm&r=g\",\"contentUrl\":\"https:\/\/secure.gravatar.com\/avatar\/917669146f489549e548a2e9af272df5?s=96&d=mm&r=g\",\"caption\":\"Leo Bajelan\"},\"url\":\"https:\/\/epochtimestr.com\/index.php\/author\/leo\"}]}<\/script>\n<!-- \/ Yoast SEO plugin. -->","yoast_head_json":{"title":"\u00c7in Japonya\u2019ya Gitmeyi Planlayan Vatanda\u015flar\u0131n\u0131 Uyard\u0131 - The Epoch Times TR","description":"\u00c7in, Japonya Ba\u015fbakan\u0131n\u0131n Taiwan hakk\u0131ndaki a\u00e7\u0131klamalar\u0131n\u0131 gerek\u00e7e g\u00f6stererek, Japonya\u2019y\u0131 \"g\u00fcvenli olmayan\" \u00fclke olarak tan\u0131mlad\u0131.","robots":{"index":"index","follow":"follow","max-snippet":"max-snippet:-1","max-image-preview":"max-image-preview:large","max-video-preview":"max-video-preview:-1"},"canonical":"https:\/\/epochtimestr.com\/index.php\/cin-japonyaya-gitmeyi-planlayan-vatandaslarini-uyardi","og_locale":"tr_TR","og_type":"article","og_title":"\u00c7in Japonya\u2019ya Gitmeyi Planlayan Vatanda\u015flar\u0131n\u0131 Uyard\u0131 - The Epoch Times TR","og_description":"\u00c7in, Japonya Ba\u015fbakan\u0131n\u0131n Taiwan hakk\u0131ndaki a\u00e7\u0131klamalar\u0131n\u0131 gerek\u00e7e g\u00f6stererek, Japonya\u2019y\u0131 \"g\u00fcvenli olmayan\" \u00fclke olarak tan\u0131mlad\u0131.","og_url":"https:\/\/epochtimestr.com\/index.php\/cin-japonyaya-gitmeyi-planlayan-vatandaslarini-uyardi","og_site_name":"The Epoch Times TR","article_publisher":"https:\/\/www.facebook.com\/theepochtimestr","article_published_time":"2025-11-18T10:22:00+00:00","article_modified_time":"2025-11-18T10:22:09+00:00","og_image":[{"width":1923,"height":2560,"url":"https:\/\/epochtimestr.com\/wp-content\/uploads\/2011y\/1000028767-scaled.jpg","type":"image\/jpeg"}],"author":"Leo Bajelan","twitter_card":"summary_large_image","twitter_creator":"@TheEpochTimesTR","twitter_site":"@TheEpochTimesTR","twitter_misc":{"Yazan:":"Leo Bajelan","Tahmini okuma s\u00fcresi":"3 dakika"},"schema":{"@context":"https:\/\/schema.org","@graph":[{"@type":"Article","@id":"https:\/\/epochtimestr.com\/index.php\/cin-japonyaya-gitmeyi-planlayan-vatandaslarini-uyardi#article","isPartOf":{"@id":"https:\/\/epochtimestr.com\/index.php\/cin-japonyaya-gitmeyi-planlayan-vatandaslarini-uyardi"},"author":{"name":"Leo Bajelan","@id":"https:\/\/epochtimestr.com\/#\/schema\/person\/5fef218711d76d8f232b0e1f1d7e4c0d"},"headline":"\u00c7in Japonya\u2019ya Gitmeyi Planlayan Vatanda\u015flar\u0131n\u0131 Uyard\u0131","datePublished":"2025-11-18T10:22:00+00:00","dateModified":"2025-11-18T10:22:09+00:00","mainEntityOfPage":{"@id":"https:\/\/epochtimestr.com\/index.php\/cin-japonyaya-gitmeyi-planlayan-vatandaslarini-uyardi"},"wordCount":616,"publisher":{"@id":"https:\/\/epochtimestr.com\/#organization"},"image":{"@id":"https:\/\/epochtimestr.com\/index.php\/cin-japonyaya-gitmeyi-planlayan-vatandaslarini-uyardi#primaryimage"},"thumbnailUrl":"https:\/\/epochtimestr.com\/wp-content\/uploads\/2011y\/1000028767-scaled.jpg","keywords":["\u00c7in Japonya","Ekonomik yapt\u0131r\u0131m","Minoru Kihara","Sanae Takaichi","Seyahat ve E\u011fitim Uyar\u0131s\u0131","tayvan"],"articleSection":["\u00c7\u0130N","G\u00dcNDEM","MAN\u015eET"],"inLanguage":"tr"},{"@type":"WebPage","@id":"https:\/\/epochtimestr.com\/index.php\/cin-japonyaya-gitmeyi-planlayan-vatandaslarini-uyardi","url":"https:\/\/epochtimestr.com\/index.php\/cin-japonyaya-gitmeyi-planlayan-vatandaslarini-uyardi","name":"\u00c7in Japonya\u2019ya Gitmeyi Planlayan Vatanda\u015flar\u0131n\u0131 Uyard\u0131 - The Epoch Times TR","isPartOf":{"@id":"https:\/\/epochtimestr.com\/#website"},"primaryImageOfPage":{"@id":"https:\/\/epochtimestr.com\/index.php\/cin-japonyaya-gitmeyi-planlayan-vatandaslarini-uyardi#primaryimage"},"image":{"@id":"https:\/\/epochtimestr.com\/index.php\/cin-japonyaya-gitmeyi-planlayan-vatandaslarini-uyardi#primaryimage"},"thumbnailUrl":"https:\/\/epochtimestr.com\/wp-content\/uploads\/2011y\/1000028767-scaled.jpg","datePublished":"2025-11-18T10:22:00+00:00","dateModified":"2025-11-18T10:22:09+00:00","description":"\u00c7in, Japonya Ba\u015fbakan\u0131n\u0131n Taiwan hakk\u0131ndaki a\u00e7\u0131klamalar\u0131n\u0131 gerek\u00e7e g\u00f6stererek, Japonya\u2019y\u0131 \"g\u00fcvenli olmayan\" \u00fclke olarak tan\u0131mlad\u0131.","inLanguage":"tr","potentialAction":[{"@type":"ReadAction","target":["https:\/\/epochtimestr.com\/index.php\/cin-japonyaya-gitmeyi-planlayan-vatandaslarini-uyardi"]}]},{"@type":"ImageObject","inLanguage":"tr","@id":"https:\/\/epochtimestr.com\/index.php\/cin-japonyaya-gitmeyi-planlayan-vatandaslarini-uyardi#primaryimage","url":"https:\/\/epochtimestr.com\/wp-content\/uploads\/2011y\/1000028767-scaled.jpg","contentUrl":"https:\/\/epochtimestr.com\/wp-content\/uploads\/2011y\/1000028767-scaled.jpg","width":1923,"height":2560},{"@type":"WebSite","@id":"https:\/\/epochtimestr.com\/#website","url":"https:\/\/epochtimestr.com\/","name":"The Epoch Times TR","description":"De\u011fi\u015fen D\u00fcnyam\u0131za Taze Bir Bak\u0131\u015f","publisher":{"@id":"https:\/\/epochtimestr.com\/#organization"},"potentialAction":[{"@type":"SearchAction","target":{"@type":"EntryPoint","urlTemplate":"https:\/\/epochtimestr.com\/?s={search_term_string}"},"query-input":"required name=search_term_string"}],"inLanguage":"tr"},{"@type":"Organization","@id":"https:\/\/epochtimestr.com\/#organization","name":"The EpochTimes T\u00fcrkiye","url":"https:\/\/epochtimestr.com\/","logo":{"@type":"ImageObject","inLanguage":"tr","@id":"https:\/\/epochtimestr.com\/#\/schema\/logo\/image\/","url":"https:\/\/epochtimestr.com\/wp-content\/uploads\/2011y\/ET-Logo-YG.jpg","contentUrl":"https:\/\/epochtimestr.com\/wp-content\/uploads\/2011y\/ET-Logo-YG.jpg","width":346,"height":29,"caption":"The EpochTimes T\u00fcrkiye"},"image":{"@id":"https:\/\/epochtimestr.com\/#\/schema\/logo\/image\/"},"sameAs":["https:\/\/www.facebook.com\/theepochtimestr","https:\/\/x.com\/TheEpochTimesTR","https:\/\/www.instagram.com\/epochtimestr"]},{"@type":"Person","@id":"https:\/\/epochtimestr.com\/#\/schema\/person\/5fef218711d76d8f232b0e1f1d7e4c0d","name":"Leo Bajelan","image":{"@type":"ImageObject","inLanguage":"tr","@id":"https:\/\/epochtimestr.com\/#\/schema\/person\/image\/","url":"https:\/\/secure.gravatar.com\/avatar\/917669146f489549e548a2e9af272df5?s=96&d=mm&r=g","contentUrl":"https:\/\/secure.gravatar.com\/avatar\/917669146f489549e548a2e9af272df5?s=96&d=mm&r=g","caption":"Leo Bajelan"},"url":"https:\/\/epochtimestr.com\/index.php\/author\/leo"}]}},"_links":{"self":[{"href":"https:\/\/epochtimestr.com\/index.php\/wp-json\/wp\/v2\/posts\/163607"}],"collection":[{"href":"https:\/\/epochtimestr.com\/index.php\/wp-json\/wp\/v2\/posts"}],"about":[{"href":"https:\/\/epochtimestr.com\/index.php\/wp-json\/wp\/v2\/types\/post"}],"author":[{"embeddable":true,"href":"https:\/\/epochtimestr.com\/index.php\/wp-json\/wp\/v2\/users\/13996"}],"replies":[{"embeddable":true,"href":"https:\/\/epochtimestr.com\/index.php\/wp-json\/wp\/v2\/comments?post=163607"}],"version-history":[{"count":2,"href":"https:\/\/epochtimestr.com\/index.php\/wp-json\/wp\/v2\/posts\/163607\/revisions"}],"predecessor-version":[{"id":163631,"href":"https:\/\/epochtimestr.com\/index.php\/wp-json\/wp\/v2\/posts\/163607\/revisions\/163631"}],"wp:featuredmedia":[{"embeddable":true,"href":"https:\/\/epochtimestr.com\/index.php\/wp-json\/wp\/v2\/media\/163615"}],"wp:attachment":[{"href":"https:\/\/epochtimestr.com\/index.php\/wp-json\/wp\/v2\/media?parent=163607"}],"wp:term":[{"taxonomy":"category","embeddable":true,"href":"https:\/\/epochtimestr.com\/index.php\/wp-json\/wp\/v2\/categories?post=163607"},{"taxonomy":"post_tag","embeddable":true,"href":"https:\/\/epochtimestr.com\/index.php\/wp-json\/wp\/v2\/tags?post=163607"}],"curies":[{"name":"wp","href":"https:\/\/api.w.org\/{rel}","templated":true}]}}