{"id":163711,"date":"2025-11-22T10:32:09","date_gmt":"2025-11-22T07:32:09","guid":{"rendered":"https:\/\/epochtimestr.com\/?p=163711"},"modified":"2025-11-22T23:20:55","modified_gmt":"2025-11-22T20:20:55","slug":"mersin-milli-egitim-mudurlugunden-romanlar-icin-onemli-adim","status":"publish","type":"post","link":"https:\/\/epochtimestr.com\/index.php\/mersin-milli-egitim-mudurlugunden-romanlar-icin-onemli-adim","title":{"rendered":"Mersin Milli E\u011fitim M\u00fcd\u00fcrl\u00fc\u011f\u00fcnden Romanlar \u0130\u00e7in \u00d6nemli Ad\u0131m"},"content":{"rendered":"<div class=\"wp-block-image\">\n<figure class=\"aligncenter size-full\"><img loading=\"lazy\" decoding=\"async\" width=\"1090\" height=\"614\" src=\"https:\/\/epochtimestr.com\/wp-content\/uploads\/2011y\/20170757_1000200351.jpg\" alt=\"Mersin \u0130l Milli E\u011fitim M\u00fcd\u00fcrl\u00fc\u011f\u00fc Ulusal Roman Strateji Belgesi kapsam\u0131nda Roman \u00e7ocuklar\u0131n ve gen\u00e7lerin e\u011fitime entegrasyonunu artt\u0131rmak i\u00e7in Roman \u00d6\u011frencilerin E\u011fitime Eri\u015fimi Ve Ailelerin G\u00fc\u00e7lendirilmesi \u00c7al\u0131\u015ftay\u0131\u00a0d\u00fczenledi.\" class=\"wp-image-163712\" srcset=\"https:\/\/epochtimestr.com\/wp-content\/uploads\/2011y\/20170757_1000200351.jpg 1090w, https:\/\/epochtimestr.com\/wp-content\/uploads\/2011y\/20170757_1000200351-300x169.jpg 300w, https:\/\/epochtimestr.com\/wp-content\/uploads\/2011y\/20170757_1000200351-150x84.jpg 150w, https:\/\/epochtimestr.com\/wp-content\/uploads\/2011y\/20170757_1000200351-768x433.jpg 768w\" sizes=\"(max-width: 1090px) 100vw, 1090px\" \/><figcaption class=\"wp-element-caption\">Roman \u00d6\u011frencilerin E\u011fitime Eri\u015fimi Ve Ailelerin G\u00fc\u00e7lendirilmesi \u00c7al\u0131\u015ftay\u0131<strong>\u00a0<\/strong>toplu foto\u011fraf. (Foto\u011fraf: Mersin \u0130l Milli E\u011fitim M\u00fcd\u00fcrl\u00fc\u011f\u00fc Bas\u0131n)<\/figcaption><\/figure><\/div>\n\n\n<h2 class=\"wp-block-heading\">Mersin \u0130l Milli E\u011fitim M\u00fcd\u00fcrl\u00fc\u011f\u00fc Ulusal Roman Strateji Belgesi kapsam\u0131nda Roman \u00e7ocuklar\u0131n ve gen\u00e7lerin e\u011fitime entegrasyonunu artt\u0131rmak i\u00e7in <strong>Roman \u00d6\u011frencilerin E\u011fitime Eri\u015fimi Ve Ailelerin G\u00fc\u00e7lendirilmesi \u00c7al\u0131\u015ftay\u0131\u00a0<\/strong>d\u00fczenledi.<\/h2>\n\n\n\n<p>Mersin \u0130l Milli E\u011fitim M\u00fcd\u00fcrl\u00fc\u011f\u00fc Roman \u00f6\u011frencilerin e\u011fitime entegrasyonunu ve ailelerin e\u011fitim konusunda bilin\u00e7lendirilmesi sa\u011flamak amac\u0131yla bir \u00e7al\u0131\u015ftay d\u00fczenledi. Romanlar\u0131n e\u011fitime entegrasyonu konusunda kamu kurumlar\u0131 ve Roman STKlar\u0131n\u0131n e\u015fg\u00fcd\u00fcn\u00fcm\u00fcn\u00fc de sa\u011flamay\u0131 ama\u00e7layan \u00e7al\u0131\u015ftaya <a href=\"https:\/\/epochtimestr.com\/index.php\/alman-buyukelcisi-sorg-roman-kadinlarla-sepet-ordu\" target=\"_blank\" rel=\"noreferrer noopener\">Akdeniz Roman<\/a> Dernekleri Federasyonu ve Mersin Romanlar ve M\u00fczisyenler Derne\u011fi kat\u0131ld\u0131.<\/p>\n\n\n\n<p>\u00c7al\u0131\u015ftaya \u0130l Mill\u00ee E\u011fitim M\u00fcd\u00fcr\u00fc Muhammed \u00d6zdemirci, \u0130l Milli E\u011fitim M\u00fcd\u00fcr Yard\u0131mc\u0131s\u0131 Baykal Ba\u015fdemir, Akdeniz \u0130l\u00e7e Mill\u00ee E\u011fitim M\u00fcd\u00fcr\u00fc Saim Demir, Toroslar \u0130l\u00e7e Mill\u00ee E\u011fitim M\u00fcd\u00fcr\u00fc Kaan Aydemir, \u0130l Mill\u00ee E\u011fitim \u015eube M\u00fcd\u00fcrleri Bayram Duman, \u00c7a\u011fatay \u00c7etin, F\u0131rat Kaya, Hasan Topal ile \u0130brahim Halil Ula\u015f, Mersin \u00dcniversitesi akademisyenlerinden Prof. Dr. Neriman A\u00e7\u0131kal\u0131n ve Prof. Nurseren Tor, Do\u00e7. Dr. Ya\u011fmur Ar\u0131nl\u0131, Akdeniz Roman Dernekleri Federasyonu Ba\u015fkan\u0131 Ali Daylam, Mersin Romanlar ve M\u00fczisyenler Derne\u011fi Ba\u015fkan\u0131 Talip Mo\u011foltekin, \u0130l\u00e7e Mill\u00ee E\u011fitim M\u00fcd\u00fcrl\u00fcklerinin E\u011fitimden Sorumlu \u015eube M\u00fcd\u00fcrleri, Emniyet M\u00fcd\u00fcrl\u00fc\u011f\u00fc \u00c7ocuk \u015eube, Narkotik ve Siber Su\u00e7lar birimleri, Gen\u00e7lik ve Spor \u0130l M\u00fcd\u00fcrl\u00fc\u011f\u00fc, Aile ve Sosyal Politikalar \u0130l M\u00fcd\u00fcrl\u00fc\u011f\u00fc temsilcileri, Toroslar, Akdeniz ve Merkez Sosyal Yard\u0131mla\u015fma Vakf\u0131 yetkilileri, Roman sivil toplum kurulu\u015flar\u0131n\u0131n temsilcileri, Akdeniz ve Toroslar RAM, MESEM ve Halk E\u011fitim Merkezleri, okul m\u00fcd\u00fcrleri ve rehber \u00f6\u011fretmenler ile G\u00fczel Sanatlar Lisesi M\u00fcd\u00fcr\u00fc e\u015flik etti.<\/p>\n\n\n<div class=\"wp-block-image\">\n<figure class=\"aligncenter size-large\"><img loading=\"lazy\" decoding=\"async\" width=\"2095\" height=\"1178\" src=\"https:\/\/epochtimestr.com\/wp-content\/uploads\/2011y\/20171140_1000200347-2095x1178.jpg\" alt=\"\" class=\"wp-image-163713\" srcset=\"https:\/\/epochtimestr.com\/wp-content\/uploads\/2011y\/20171140_1000200347-2095x1178.jpg 2095w, https:\/\/epochtimestr.com\/wp-content\/uploads\/2011y\/20171140_1000200347-300x169.jpg 300w, https:\/\/epochtimestr.com\/wp-content\/uploads\/2011y\/20171140_1000200347-150x84.jpg 150w, https:\/\/epochtimestr.com\/wp-content\/uploads\/2011y\/20171140_1000200347-768x432.jpg 768w, https:\/\/epochtimestr.com\/wp-content\/uploads\/2011y\/20171140_1000200347-1536x863.jpg 1536w, https:\/\/epochtimestr.com\/wp-content\/uploads\/2011y\/20171140_1000200347-2048x1151.jpg 2048w\" sizes=\"(max-width: 2095px) 100vw, 2095px\" \/><figcaption class=\"wp-element-caption\">\u0130l Mill\u00ee E\u011fitim M\u00fcd\u00fcr\u00fc Muhammed \u00d6zdemirci, \u00e7al\u0131\u015ftay masas\u0131nda kat\u0131l\u0131mc\u0131larla sohbet ediyor (Foto\u011fraf: Mersin \u0130l Milli E\u011fitim M\u00fcd\u00fcrl\u00fc\u011f\u00fc Bas\u0131n)<\/figcaption><\/figure><\/div>\n\n\n<h3 class=\"wp-block-heading\">\u201cRoman \u00f6\u011frencilerin e\u011fitime eri\u015fiminin g\u00fc\u00e7lendirilmesinin toplumsal bir sorumluluktur.\u201d<\/h3>\n\n\n\n<p>\u00c7al\u0131\u015ftaya bizzat kat\u0131larak s\u00fcreci yerinde takip eden \u0130l Mill\u00ee E\u011fitim M\u00fcd\u00fcr\u00fc Muhammed \u00d6zdemirci, Roman \u00f6\u011frencilerin e\u011fitime eri\u015fiminin g\u00fc\u00e7lendirilmesinin yaln\u0131zca bir e\u011fitim politikas\u0131 de\u011fil, ayn\u0131 zamanda toplumsal bir sorumluluk oldu\u011funu vurgulad\u0131. \u00d6zdemirci, \u00e7ocuklar\u0131n okula devam\u0131, akademik ba\u015far\u0131s\u0131, sosyal uyumu ve ailelerin e\u011fitimle ba\u011f\u0131n\u0131n g\u00fc\u00e7lendirilmesine y\u00f6nelik y\u00fcr\u00fct\u00fclen \u00e7al\u0131\u015fmalar\u0131 yak\u0131ndan \u00f6nemsediklerini belirterek, &#8220;Her bir \u00f6\u011frencimizin potansiyelini ortaya \u00e7\u0131karmak, t\u00fcm ailelerimizi e\u011fitim s\u00fcrecinin aktif bir par\u00e7as\u0131 h\u00e2line getirmek \u00f6nceli\u011fimizdir.&#8221; de\u011ferlendirmesinde bulundu.<\/p>\n\n\n<div class=\"wp-block-image\">\n<figure class=\"aligncenter size-full\"><img loading=\"lazy\" decoding=\"async\" width=\"826\" height=\"588\" src=\"https:\/\/epochtimestr.com\/wp-content\/uploads\/2011y\/1000115837.jpg\" alt=\"\" class=\"wp-image-163738\" srcset=\"https:\/\/epochtimestr.com\/wp-content\/uploads\/2011y\/1000115837.jpg 826w, https:\/\/epochtimestr.com\/wp-content\/uploads\/2011y\/1000115837-300x214.jpg 300w, https:\/\/epochtimestr.com\/wp-content\/uploads\/2011y\/1000115837-150x107.jpg 150w, https:\/\/epochtimestr.com\/wp-content\/uploads\/2011y\/1000115837-768x547.jpg 768w\" sizes=\"(max-width: 826px) 100vw, 826px\" \/><figcaption class=\"wp-element-caption\">Akdeniz Roman Dernekleri Federasyonu Ba\u015fkan\u0131 Ali Daylam (Foto\u011fraf: Mersin \u0130l Milli E\u011fitim M\u00fcd\u00fcrl\u00fc\u011f\u00fc Bas\u0131n)<\/figcaption><\/figure><\/div>\n\n\n<h3 class=\"wp-block-heading\">&#8220;Belirlenen yol haritas\u0131 ile Roman \u00e7ocuklar\u0131n e\u011fitime kat\u0131l\u0131m\u0131n\u0131n artaca\u011f\u0131na inan\u0131yorum.&#8221; <\/h3>\n\n\n\n<p>\u00c7al\u0131\u015ftay\u0131n a\u00e7\u0131l\u0131\u015f\u0131nda \u00a0\u0130l Milli E\u011fitim M\u00fcd\u00fcr Yard\u0131mc\u0131s\u0131 Baykal Ba\u015fdemir ard\u0131ndan konu\u015fan Akdeniz Roman Dernekleri Federasyonu Ba\u015fkan\u0131 Ali Daylam yapt\u0131\u011f\u0131 konu\u015fmada \u00e7al\u0131\u015ftay\u0131n Romanlar\u0131n nitelikli e\u011fitime entegrasyonu ba\u011flam\u0131nda \u00e7ok \u00f6nemli oldu\u011funu s\u00f6yledi. Daylam, Romanlar\u0131n e\u011fitime entegrasyonu s\u00fcrecinin 2011 y\u0131l\u0131nda d\u00f6nemin Milli E\u011fitim Bakan\u0131 Nimet \u00c7ubuk\u00e7u\u2019nun \u00f6nderli\u011finde yap\u0131lan ilk \u00e7al\u0131\u015ftay ile ba\u015flad\u0131\u011f\u0131n\u0131 belirtti. O g\u00fcnden bug\u00fcne bu konuda sorumlu olan y\u00f6neticilerin \u00e7abalar\u0131yla ilerlemenin kaydedildi\u011fini s\u00f6zlerine ekleyen Daylam, d\u00fczenlenen \u00e7al\u0131\u015ftay\u0131n bu y\u00fczden \u00e7ok k\u0131ymetli oldu\u011funu ve belirlenen yol haritas\u0131 ile Roman \u00e7ocuklar\u0131n e\u011fitime kat\u0131l\u0131m\u0131n\u0131n artaca\u011f\u0131na inand\u0131\u011f\u0131n\u0131 ifade etti. \u00a0<\/p>\n\n\n\n<h3 class=\"wp-block-heading\">\u00c7al\u0131\u015ftay alt\u0131 ana kategori etraf\u0131nda planland\u0131<\/h3>\n\n\n\n<p>\u00c7al\u0131\u015ftay, Roman \u00f6\u011frenci ve ailelerinin e\u011fitim s\u00fcrecine daha g\u00fc\u00e7l\u00fc kat\u0131l\u0131m g\u00f6stermesini, sosyal ve k\u00fclt\u00fcrel destek mekanizmalar\u0131n\u0131n geli\u015ftirilmesini ve e\u011fitim \u2013 istihdam odakl\u0131 modellerin g\u00fc\u00e7lendirilmesini ama\u00e7layan b\u00fct\u00fcnc\u00fcl bir yakla\u015f\u0131m do\u011frultusunda planland\u0131. Alt\u0131 ana kategori etraf\u0131nda y\u00fcr\u00fct\u00fclen oturumlarda kat\u0131l\u0131mc\u0131lar, mevcut uygulamalar\u0131 de\u011ferlendirdi, sorun alanlar\u0131n\u0131 belirledi ve uygulanabilir \u00e7\u00f6z\u00fcm \u00f6nerileri geli\u015ftirdi.<\/p>\n\n\n\n<p>\u00c7al\u0131\u015ftay oturumlar\u0131 \u015fu ba\u015fl\u0131klar alt\u0131nda ger\u00e7ekle\u015ftirildi:<\/p>\n\n\n\n<p>1. E\u011fitim ve \u00f6\u011fretim faaliyetleri<br \/>2. Psikososyal ve sosyal destek hizmetleri<br \/>3. Aile ve toplum kat\u0131l\u0131m\u0131<br \/>4. K\u00fclt\u00fcr \u2013 sanat \u00e7al\u0131\u015fmalar\u0131<br \/>5. Mesleki e\u011fitim ve istihdam faaliyetleri<br \/>6. Erken \u00e7ocukluk e\u011fitimi<\/p>\n\n\n\n<p>Her kategori i\u00e7in uzmanlardan, \u00f6\u011fretmenlerden, kurum temsilcilerinden ve ilgili birimlerden olu\u015fan \u00e7al\u0131\u015fma masalar\u0131 olu\u015fturularak, Roman \u00f6\u011frencilerin e\u011fitime eri\u015fimi, erken \u00e7ocukluk d\u00f6nemine kat\u0131l\u0131m\u0131, sosyal destek mekanizmalar\u0131 ve ailelerin s\u00fcrece d\u00e2hil olma y\u00f6ntemleri kapsaml\u0131 bi\u00e7imde ele al\u0131nd\u0131.<\/p>\n\n\n\n<p>Toplant\u0131n\u0131n temel \u00e7\u0131kt\u0131s\u0131, mevcut uygulamalar\u0131n analiz edilmesi, ihtiya\u00e7lar\u0131n do\u011fru tespit edilmesi ve bu do\u011frultuda uygulanabilir \u00e7\u00f6z\u00fcm \u00f6nerilerinin geli\u015ftirilmesi oldu. \u00c7al\u0131\u015ftay boyunca elde edilen bilgiler, ilerleyen s\u00fcre\u00e7te kurumlar\u0131n ortak \u00e7al\u0131\u015fmalar\u0131yla yol haritalar\u0131na d\u00f6n\u00fc\u015ft\u00fcr\u00fclecek.<\/p>\n","protected":false},"excerpt":{"rendered":"<p>Mersin \u0130l Milli E\u011fitim M\u00fcd\u00fcrl\u00fc\u011f\u00fc Ulusal Roman Strateji Belgesi kapsam\u0131nda Roman \u00e7ocuklar\u0131n ve gen\u00e7lerin e\u011fitime entegrasyonunu artt\u0131rmak i\u00e7in Roman \u00d6\u011frencilerin E\u011fitime Eri\u015fimi Ve Ailelerin G\u00fc\u00e7lendirilmesi \u00c7al\u0131\u015ftay\u0131\u00a0d\u00fczenledi. Mersin \u0130l Milli E\u011fitim M\u00fcd\u00fcrl\u00fc\u011f\u00fc Roman \u00f6\u011frencilerin e\u011fitime entegrasyonunu ve ailelerin e\u011fitim konusunda bilin\u00e7lendirilmesi sa\u011flamak amac\u0131yla bir \u00e7al\u0131\u015ftay d\u00fczenledi. Romanlar\u0131n e\u011fitime entegrasyonu konusunda kamu kurumlar\u0131 ve Roman STKlar\u0131n\u0131n e\u015fg\u00fcd\u00fcn\u00fcm\u00fcn\u00fc [&hellip;]<\/p>\n","protected":false},"author":22,"featured_media":163712,"comment_status":"open","ping_status":"open","sticky":false,"template":"","format":"standard","meta":{"_yoast_wpseo_focuskw":"Mersin - Milli e\u011fitim","_yoast_wpseo_title":"","_yoast_wpseo_metadesc":"Mersin \u0130l Milli E\u011fitim M\u00fcd\u00fcrl\u00fc\u011f\u00fc Roman \u00f6\u011frencilerin e\u011fitime entegrasyonunu ve ailelerin e\u011fitim konusunda bilin\u00e7lendirilmesi sa\u011flamak amac\u0131yla bir \u00e7al\u0131\u015ftay d\u00fczenledi.","_bbp_topic_count":0,"_bbp_reply_count":0,"_bbp_total_topic_count":0,"_bbp_total_reply_count":0,"_bbp_voice_count":0,"_bbp_anonymous_reply_count":0,"_bbp_topic_count_hidden":0,"_bbp_reply_count_hidden":0,"_bbp_forum_subforum_count":0,"footnotes":"","_yoast_wpseo_focuskw_text_input":""},"categories":[1,8419],"tags":[],"yoast_head":"<!-- This site is optimized with the Yoast SEO plugin v23.0 - https:\/\/yoast.com\/wordpress\/plugins\/seo\/ -->\n<title>Mersin Milli E\u011fitim M\u00fcd\u00fcrl\u00fc\u011f\u00fcnden Romanlar \u0130\u00e7in \u00d6nemli Ad\u0131m - The Epoch Times TR<\/title>\n<meta name=\"description\" content=\"Mersin \u0130l Milli E\u011fitim M\u00fcd\u00fcrl\u00fc\u011f\u00fc Roman \u00f6\u011frencilerin e\u011fitime entegrasyonunu ve ailelerin e\u011fitim konusunda bilin\u00e7lendirilmesi sa\u011flamak amac\u0131yla bir \u00e7al\u0131\u015ftay d\u00fczenledi.\" \/>\n<meta name=\"robots\" content=\"index, follow, max-snippet:-1, max-image-preview:large, max-video-preview:-1\" \/>\n<link rel=\"canonical\" href=\"https:\/\/epochtimestr.com\/index.php\/mersin-milli-egitim-mudurlugunden-romanlar-icin-onemli-adim\" \/>\n<meta property=\"og:locale\" content=\"tr_TR\" \/>\n<meta property=\"og:type\" content=\"article\" \/>\n<meta property=\"og:title\" content=\"Mersin Milli E\u011fitim M\u00fcd\u00fcrl\u00fc\u011f\u00fcnden Romanlar \u0130\u00e7in \u00d6nemli Ad\u0131m - The Epoch Times TR\" \/>\n<meta property=\"og:description\" content=\"Mersin \u0130l Milli E\u011fitim M\u00fcd\u00fcrl\u00fc\u011f\u00fc Roman \u00f6\u011frencilerin e\u011fitime entegrasyonunu ve ailelerin e\u011fitim konusunda bilin\u00e7lendirilmesi sa\u011flamak amac\u0131yla bir \u00e7al\u0131\u015ftay d\u00fczenledi.\" \/>\n<meta property=\"og:url\" content=\"https:\/\/epochtimestr.com\/index.php\/mersin-milli-egitim-mudurlugunden-romanlar-icin-onemli-adim\" \/>\n<meta property=\"og:site_name\" content=\"The Epoch Times TR\" \/>\n<meta property=\"article:publisher\" content=\"https:\/\/www.facebook.com\/theepochtimestr\" \/>\n<meta property=\"article:published_time\" content=\"2025-11-22T07:32:09+00:00\" \/>\n<meta property=\"article:modified_time\" content=\"2025-11-22T20:20:55+00:00\" \/>\n<meta property=\"og:image\" content=\"https:\/\/epochtimestr.com\/wp-content\/uploads\/2011y\/20170757_1000200351.jpg\" \/>\n\t<meta property=\"og:image:width\" content=\"1090\" \/>\n\t<meta property=\"og:image:height\" content=\"614\" \/>\n\t<meta property=\"og:image:type\" content=\"image\/jpeg\" \/>\n<meta name=\"author\" content=\"G.Hakan Ko\u00e7man\" \/>\n<meta name=\"twitter:card\" content=\"summary_large_image\" \/>\n<meta name=\"twitter:creator\" content=\"@TheEpochTimesTR\" \/>\n<meta name=\"twitter:site\" content=\"@TheEpochTimesTR\" \/>\n<meta name=\"twitter:label1\" content=\"Yazan:\" \/>\n\t<meta name=\"twitter:data1\" content=\"G.Hakan Ko\u00e7man\" \/>\n\t<meta name=\"twitter:label2\" content=\"Tahmini okuma s\u00fcresi\" \/>\n\t<meta name=\"twitter:data2\" content=\"5 dakika\" \/>\n<script type=\"application\/ld+json\" class=\"yoast-schema-graph\">{\"@context\":\"https:\/\/schema.org\",\"@graph\":[{\"@type\":\"Article\",\"@id\":\"https:\/\/epochtimestr.com\/index.php\/mersin-milli-egitim-mudurlugunden-romanlar-icin-onemli-adim#article\",\"isPartOf\":{\"@id\":\"https:\/\/epochtimestr.com\/index.php\/mersin-milli-egitim-mudurlugunden-romanlar-icin-onemli-adim\"},\"author\":{\"name\":\"G.Hakan Ko\u00e7man\",\"@id\":\"https:\/\/epochtimestr.com\/#\/schema\/person\/b5509977c9a6cd729a3e74d9743d035b\"},\"headline\":\"Mersin Milli E\u011fitim M\u00fcd\u00fcrl\u00fc\u011f\u00fcnden Romanlar \u0130\u00e7in \u00d6nemli Ad\u0131m\",\"datePublished\":\"2025-11-22T07:32:09+00:00\",\"dateModified\":\"2025-11-22T20:20:55+00:00\",\"mainEntityOfPage\":{\"@id\":\"https:\/\/epochtimestr.com\/index.php\/mersin-milli-egitim-mudurlugunden-romanlar-icin-onemli-adim\"},\"wordCount\":899,\"commentCount\":0,\"publisher\":{\"@id\":\"https:\/\/epochtimestr.com\/#organization\"},\"image\":{\"@id\":\"https:\/\/epochtimestr.com\/index.php\/mersin-milli-egitim-mudurlugunden-romanlar-icin-onemli-adim#primaryimage\"},\"thumbnailUrl\":\"https:\/\/epochtimestr.com\/wp-content\/uploads\/2011y\/20170757_1000200351.jpg\",\"articleSection\":[\"G\u00dcNDEM\",\"Ya\u015fam\"],\"inLanguage\":\"tr\",\"potentialAction\":[{\"@type\":\"CommentAction\",\"name\":\"Comment\",\"target\":[\"https:\/\/epochtimestr.com\/index.php\/mersin-milli-egitim-mudurlugunden-romanlar-icin-onemli-adim#respond\"]}]},{\"@type\":\"WebPage\",\"@id\":\"https:\/\/epochtimestr.com\/index.php\/mersin-milli-egitim-mudurlugunden-romanlar-icin-onemli-adim\",\"url\":\"https:\/\/epochtimestr.com\/index.php\/mersin-milli-egitim-mudurlugunden-romanlar-icin-onemli-adim\",\"name\":\"Mersin Milli E\u011fitim M\u00fcd\u00fcrl\u00fc\u011f\u00fcnden Romanlar \u0130\u00e7in \u00d6nemli Ad\u0131m - The Epoch Times TR\",\"isPartOf\":{\"@id\":\"https:\/\/epochtimestr.com\/#website\"},\"primaryImageOfPage\":{\"@id\":\"https:\/\/epochtimestr.com\/index.php\/mersin-milli-egitim-mudurlugunden-romanlar-icin-onemli-adim#primaryimage\"},\"image\":{\"@id\":\"https:\/\/epochtimestr.com\/index.php\/mersin-milli-egitim-mudurlugunden-romanlar-icin-onemli-adim#primaryimage\"},\"thumbnailUrl\":\"https:\/\/epochtimestr.com\/wp-content\/uploads\/2011y\/20170757_1000200351.jpg\",\"datePublished\":\"2025-11-22T07:32:09+00:00\",\"dateModified\":\"2025-11-22T20:20:55+00:00\",\"description\":\"Mersin \u0130l Milli E\u011fitim M\u00fcd\u00fcrl\u00fc\u011f\u00fc Roman \u00f6\u011frencilerin e\u011fitime entegrasyonunu ve ailelerin e\u011fitim konusunda bilin\u00e7lendirilmesi sa\u011flamak amac\u0131yla bir \u00e7al\u0131\u015ftay d\u00fczenledi.\",\"inLanguage\":\"tr\",\"potentialAction\":[{\"@type\":\"ReadAction\",\"target\":[\"https:\/\/epochtimestr.com\/index.php\/mersin-milli-egitim-mudurlugunden-romanlar-icin-onemli-adim\"]}]},{\"@type\":\"ImageObject\",\"inLanguage\":\"tr\",\"@id\":\"https:\/\/epochtimestr.com\/index.php\/mersin-milli-egitim-mudurlugunden-romanlar-icin-onemli-adim#primaryimage\",\"url\":\"https:\/\/epochtimestr.com\/wp-content\/uploads\/2011y\/20170757_1000200351.jpg\",\"contentUrl\":\"https:\/\/epochtimestr.com\/wp-content\/uploads\/2011y\/20170757_1000200351.jpg\",\"width\":1090,\"height\":614},{\"@type\":\"WebSite\",\"@id\":\"https:\/\/epochtimestr.com\/#website\",\"url\":\"https:\/\/epochtimestr.com\/\",\"name\":\"The Epoch Times TR\",\"description\":\"De\u011fi\u015fen D\u00fcnyam\u0131za Taze Bir Bak\u0131\u015f\",\"publisher\":{\"@id\":\"https:\/\/epochtimestr.com\/#organization\"},\"potentialAction\":[{\"@type\":\"SearchAction\",\"target\":{\"@type\":\"EntryPoint\",\"urlTemplate\":\"https:\/\/epochtimestr.com\/?s={search_term_string}\"},\"query-input\":\"required name=search_term_string\"}],\"inLanguage\":\"tr\"},{\"@type\":\"Organization\",\"@id\":\"https:\/\/epochtimestr.com\/#organization\",\"name\":\"The EpochTimes T\u00fcrkiye\",\"url\":\"https:\/\/epochtimestr.com\/\",\"logo\":{\"@type\":\"ImageObject\",\"inLanguage\":\"tr\",\"@id\":\"https:\/\/epochtimestr.com\/#\/schema\/logo\/image\/\",\"url\":\"https:\/\/epochtimestr.com\/wp-content\/uploads\/2011y\/ET-Logo-YG.jpg\",\"contentUrl\":\"https:\/\/epochtimestr.com\/wp-content\/uploads\/2011y\/ET-Logo-YG.jpg\",\"width\":346,\"height\":29,\"caption\":\"The EpochTimes T\u00fcrkiye\"},\"image\":{\"@id\":\"https:\/\/epochtimestr.com\/#\/schema\/logo\/image\/\"},\"sameAs\":[\"https:\/\/www.facebook.com\/theepochtimestr\",\"https:\/\/x.com\/TheEpochTimesTR\",\"https:\/\/www.instagram.com\/epochtimestr\"]},{\"@type\":\"Person\",\"@id\":\"https:\/\/epochtimestr.com\/#\/schema\/person\/b5509977c9a6cd729a3e74d9743d035b\",\"name\":\"G.Hakan Ko\u00e7man\",\"image\":{\"@type\":\"ImageObject\",\"inLanguage\":\"tr\",\"@id\":\"https:\/\/epochtimestr.com\/#\/schema\/person\/image\/\",\"url\":\"https:\/\/secure.gravatar.com\/avatar\/e4eafee1ab5d1f4015c3930376b22ca8?s=96&d=mm&r=g\",\"contentUrl\":\"https:\/\/secure.gravatar.com\/avatar\/e4eafee1ab5d1f4015c3930376b22ca8?s=96&d=mm&r=g\",\"caption\":\"G.Hakan Ko\u00e7man\"},\"url\":\"https:\/\/epochtimestr.com\/index.php\/author\/hakan\"}]}<\/script>\n<!-- \/ Yoast SEO plugin. -->","yoast_head_json":{"title":"Mersin Milli E\u011fitim M\u00fcd\u00fcrl\u00fc\u011f\u00fcnden Romanlar \u0130\u00e7in \u00d6nemli Ad\u0131m - The Epoch Times TR","description":"Mersin \u0130l Milli E\u011fitim M\u00fcd\u00fcrl\u00fc\u011f\u00fc Roman \u00f6\u011frencilerin e\u011fitime entegrasyonunu ve ailelerin e\u011fitim konusunda bilin\u00e7lendirilmesi sa\u011flamak amac\u0131yla bir \u00e7al\u0131\u015ftay d\u00fczenledi.","robots":{"index":"index","follow":"follow","max-snippet":"max-snippet:-1","max-image-preview":"max-image-preview:large","max-video-preview":"max-video-preview:-1"},"canonical":"https:\/\/epochtimestr.com\/index.php\/mersin-milli-egitim-mudurlugunden-romanlar-icin-onemli-adim","og_locale":"tr_TR","og_type":"article","og_title":"Mersin Milli E\u011fitim M\u00fcd\u00fcrl\u00fc\u011f\u00fcnden Romanlar \u0130\u00e7in \u00d6nemli Ad\u0131m - The Epoch Times TR","og_description":"Mersin \u0130l Milli E\u011fitim M\u00fcd\u00fcrl\u00fc\u011f\u00fc Roman \u00f6\u011frencilerin e\u011fitime entegrasyonunu ve ailelerin e\u011fitim konusunda bilin\u00e7lendirilmesi sa\u011flamak amac\u0131yla bir \u00e7al\u0131\u015ftay d\u00fczenledi.","og_url":"https:\/\/epochtimestr.com\/index.php\/mersin-milli-egitim-mudurlugunden-romanlar-icin-onemli-adim","og_site_name":"The Epoch Times TR","article_publisher":"https:\/\/www.facebook.com\/theepochtimestr","article_published_time":"2025-11-22T07:32:09+00:00","article_modified_time":"2025-11-22T20:20:55+00:00","og_image":[{"width":1090,"height":614,"url":"https:\/\/epochtimestr.com\/wp-content\/uploads\/2011y\/20170757_1000200351.jpg","type":"image\/jpeg"}],"author":"G.Hakan Ko\u00e7man","twitter_card":"summary_large_image","twitter_creator":"@TheEpochTimesTR","twitter_site":"@TheEpochTimesTR","twitter_misc":{"Yazan:":"G.Hakan Ko\u00e7man","Tahmini okuma s\u00fcresi":"5 dakika"},"schema":{"@context":"https:\/\/schema.org","@graph":[{"@type":"Article","@id":"https:\/\/epochtimestr.com\/index.php\/mersin-milli-egitim-mudurlugunden-romanlar-icin-onemli-adim#article","isPartOf":{"@id":"https:\/\/epochtimestr.com\/index.php\/mersin-milli-egitim-mudurlugunden-romanlar-icin-onemli-adim"},"author":{"name":"G.Hakan Ko\u00e7man","@id":"https:\/\/epochtimestr.com\/#\/schema\/person\/b5509977c9a6cd729a3e74d9743d035b"},"headline":"Mersin Milli E\u011fitim M\u00fcd\u00fcrl\u00fc\u011f\u00fcnden Romanlar \u0130\u00e7in \u00d6nemli Ad\u0131m","datePublished":"2025-11-22T07:32:09+00:00","dateModified":"2025-11-22T20:20:55+00:00","mainEntityOfPage":{"@id":"https:\/\/epochtimestr.com\/index.php\/mersin-milli-egitim-mudurlugunden-romanlar-icin-onemli-adim"},"wordCount":899,"commentCount":0,"publisher":{"@id":"https:\/\/epochtimestr.com\/#organization"},"image":{"@id":"https:\/\/epochtimestr.com\/index.php\/mersin-milli-egitim-mudurlugunden-romanlar-icin-onemli-adim#primaryimage"},"thumbnailUrl":"https:\/\/epochtimestr.com\/wp-content\/uploads\/2011y\/20170757_1000200351.jpg","articleSection":["G\u00dcNDEM","Ya\u015fam"],"inLanguage":"tr","potentialAction":[{"@type":"CommentAction","name":"Comment","target":["https:\/\/epochtimestr.com\/index.php\/mersin-milli-egitim-mudurlugunden-romanlar-icin-onemli-adim#respond"]}]},{"@type":"WebPage","@id":"https:\/\/epochtimestr.com\/index.php\/mersin-milli-egitim-mudurlugunden-romanlar-icin-onemli-adim","url":"https:\/\/epochtimestr.com\/index.php\/mersin-milli-egitim-mudurlugunden-romanlar-icin-onemli-adim","name":"Mersin Milli E\u011fitim M\u00fcd\u00fcrl\u00fc\u011f\u00fcnden Romanlar \u0130\u00e7in \u00d6nemli Ad\u0131m - The Epoch Times TR","isPartOf":{"@id":"https:\/\/epochtimestr.com\/#website"},"primaryImageOfPage":{"@id":"https:\/\/epochtimestr.com\/index.php\/mersin-milli-egitim-mudurlugunden-romanlar-icin-onemli-adim#primaryimage"},"image":{"@id":"https:\/\/epochtimestr.com\/index.php\/mersin-milli-egitim-mudurlugunden-romanlar-icin-onemli-adim#primaryimage"},"thumbnailUrl":"https:\/\/epochtimestr.com\/wp-content\/uploads\/2011y\/20170757_1000200351.jpg","datePublished":"2025-11-22T07:32:09+00:00","dateModified":"2025-11-22T20:20:55+00:00","description":"Mersin \u0130l Milli E\u011fitim M\u00fcd\u00fcrl\u00fc\u011f\u00fc Roman \u00f6\u011frencilerin e\u011fitime entegrasyonunu ve ailelerin e\u011fitim konusunda bilin\u00e7lendirilmesi sa\u011flamak amac\u0131yla bir \u00e7al\u0131\u015ftay d\u00fczenledi.","inLanguage":"tr","potentialAction":[{"@type":"ReadAction","target":["https:\/\/epochtimestr.com\/index.php\/mersin-milli-egitim-mudurlugunden-romanlar-icin-onemli-adim"]}]},{"@type":"ImageObject","inLanguage":"tr","@id":"https:\/\/epochtimestr.com\/index.php\/mersin-milli-egitim-mudurlugunden-romanlar-icin-onemli-adim#primaryimage","url":"https:\/\/epochtimestr.com\/wp-content\/uploads\/2011y\/20170757_1000200351.jpg","contentUrl":"https:\/\/epochtimestr.com\/wp-content\/uploads\/2011y\/20170757_1000200351.jpg","width":1090,"height":614},{"@type":"WebSite","@id":"https:\/\/epochtimestr.com\/#website","url":"https:\/\/epochtimestr.com\/","name":"The Epoch Times TR","description":"De\u011fi\u015fen D\u00fcnyam\u0131za Taze Bir Bak\u0131\u015f","publisher":{"@id":"https:\/\/epochtimestr.com\/#organization"},"potentialAction":[{"@type":"SearchAction","target":{"@type":"EntryPoint","urlTemplate":"https:\/\/epochtimestr.com\/?s={search_term_string}"},"query-input":"required name=search_term_string"}],"inLanguage":"tr"},{"@type":"Organization","@id":"https:\/\/epochtimestr.com\/#organization","name":"The EpochTimes T\u00fcrkiye","url":"https:\/\/epochtimestr.com\/","logo":{"@type":"ImageObject","inLanguage":"tr","@id":"https:\/\/epochtimestr.com\/#\/schema\/logo\/image\/","url":"https:\/\/epochtimestr.com\/wp-content\/uploads\/2011y\/ET-Logo-YG.jpg","contentUrl":"https:\/\/epochtimestr.com\/wp-content\/uploads\/2011y\/ET-Logo-YG.jpg","width":346,"height":29,"caption":"The EpochTimes T\u00fcrkiye"},"image":{"@id":"https:\/\/epochtimestr.com\/#\/schema\/logo\/image\/"},"sameAs":["https:\/\/www.facebook.com\/theepochtimestr","https:\/\/x.com\/TheEpochTimesTR","https:\/\/www.instagram.com\/epochtimestr"]},{"@type":"Person","@id":"https:\/\/epochtimestr.com\/#\/schema\/person\/b5509977c9a6cd729a3e74d9743d035b","name":"G.Hakan Ko\u00e7man","image":{"@type":"ImageObject","inLanguage":"tr","@id":"https:\/\/epochtimestr.com\/#\/schema\/person\/image\/","url":"https:\/\/secure.gravatar.com\/avatar\/e4eafee1ab5d1f4015c3930376b22ca8?s=96&d=mm&r=g","contentUrl":"https:\/\/secure.gravatar.com\/avatar\/e4eafee1ab5d1f4015c3930376b22ca8?s=96&d=mm&r=g","caption":"G.Hakan Ko\u00e7man"},"url":"https:\/\/epochtimestr.com\/index.php\/author\/hakan"}]}},"_links":{"self":[{"href":"https:\/\/epochtimestr.com\/index.php\/wp-json\/wp\/v2\/posts\/163711"}],"collection":[{"href":"https:\/\/epochtimestr.com\/index.php\/wp-json\/wp\/v2\/posts"}],"about":[{"href":"https:\/\/epochtimestr.com\/index.php\/wp-json\/wp\/v2\/types\/post"}],"author":[{"embeddable":true,"href":"https:\/\/epochtimestr.com\/index.php\/wp-json\/wp\/v2\/users\/22"}],"replies":[{"embeddable":true,"href":"https:\/\/epochtimestr.com\/index.php\/wp-json\/wp\/v2\/comments?post=163711"}],"version-history":[{"count":5,"href":"https:\/\/epochtimestr.com\/index.php\/wp-json\/wp\/v2\/posts\/163711\/revisions"}],"predecessor-version":[{"id":163753,"href":"https:\/\/epochtimestr.com\/index.php\/wp-json\/wp\/v2\/posts\/163711\/revisions\/163753"}],"wp:featuredmedia":[{"embeddable":true,"href":"https:\/\/epochtimestr.com\/index.php\/wp-json\/wp\/v2\/media\/163712"}],"wp:attachment":[{"href":"https:\/\/epochtimestr.com\/index.php\/wp-json\/wp\/v2\/media?parent=163711"}],"wp:term":[{"taxonomy":"category","embeddable":true,"href":"https:\/\/epochtimestr.com\/index.php\/wp-json\/wp\/v2\/categories?post=163711"},{"taxonomy":"post_tag","embeddable":true,"href":"https:\/\/epochtimestr.com\/index.php\/wp-json\/wp\/v2\/tags?post=163711"}],"curies":[{"name":"wp","href":"https:\/\/api.w.org\/{rel}","templated":true}]}}