{"id":163806,"date":"2025-11-24T15:34:21","date_gmt":"2025-11-24T12:34:21","guid":{"rendered":"https:\/\/epochtimestr.com\/?p=163806"},"modified":"2025-11-24T16:22:16","modified_gmt":"2025-11-24T13:22:16","slug":"kiziltan-ve-cosar-ailelerinin-aci-gunu","status":"publish","type":"post","link":"https:\/\/epochtimestr.com\/index.php\/kiziltan-ve-cosar-ailelerinin-aci-gunu","title":{"rendered":"K\u0131z\u0131ltan ve \u00c7o\u015far Ailelerinin Ac\u0131 G\u00fcn\u00fc"},"content":{"rendered":"<div class=\"wp-block-image\">\n<figure class=\"aligncenter size-large\"><img loading=\"lazy\" decoding=\"async\" width=\"2095\" height=\"1181\" src=\"https:\/\/epochtimestr.com\/wp-content\/uploads\/2011y\/Kiziltanlar-2095x1181.jpg\" alt=\"\" class=\"wp-image-163807\" srcset=\"https:\/\/epochtimestr.com\/wp-content\/uploads\/2011y\/Kiziltanlar-2095x1181.jpg 2095w, https:\/\/epochtimestr.com\/wp-content\/uploads\/2011y\/Kiziltanlar-300x169.jpg 300w, https:\/\/epochtimestr.com\/wp-content\/uploads\/2011y\/Kiziltanlar-150x85.jpg 150w, https:\/\/epochtimestr.com\/wp-content\/uploads\/2011y\/Kiziltanlar-768x433.jpg 768w, https:\/\/epochtimestr.com\/wp-content\/uploads\/2011y\/Kiziltanlar-1536x866.jpg 1536w, https:\/\/epochtimestr.com\/wp-content\/uploads\/2011y\/Kiziltanlar-2048x1155.jpg 2048w\" sizes=\"(max-width: 2095px) 100vw, 2095px\" \/><\/figure><\/div>\n\n\n<p>Mersin sanayisinin kurulmas\u0131n\u0131n \u00f6nc\u00fclerinden Refik K\u0131z\u0131ltan\u2019\u0131n k\u0131z\u0131 ve eski Mersin Ticaret Sanayi Odas\u0131 Ba\u015fkan\u0131, \u0130\u015f \u0130nsan\u0131 ve Ara\u015ft\u0131rmac\u0131-Yazar Ayhan K\u0131z\u0131ltan\u2019\u0131n ablas\u0131, \u00c7o\u015far ailesinin annesi Ayfer K\u0131z\u0131ltan \u00c7o\u015far hayat\u0131n\u0131 kaybetti. \u00c7o\u015far\u2019\u0131n beklenmedik vefat\u0131 \u00c7o\u015far ve K\u0131z\u0131ltan ailelerini yasa bo\u011fdu. \u00c7o\u015far\u2019\u0131n cenazesi Mersin Asri Mezarl\u0131\u011f\u0131\u2019ndan \u00f6\u011fle namaz\u0131na m\u00fcteakip kald\u0131r\u0131ld\u0131. Cenazeye her iki ailenin yak\u0131nlar\u0131n\u0131n yan\u0131 s\u0131ra Mersin\u2019in pek \u00e7ok tan\u0131d\u0131k simas\u0131 ve i\u015f d\u00fcnyas\u0131ndan pek \u00e7ok \u00f6nemli isim kat\u0131ld\u0131.<\/p>\n","protected":false},"excerpt":{"rendered":"<p>Mersin sanayisinin kurulmas\u0131n\u0131n \u00f6nc\u00fclerinden Refik K\u0131z\u0131ltan\u2019\u0131n k\u0131z\u0131 ve eski Mersin Ticaret Sanayi Odas\u0131 Ba\u015fkan\u0131, \u0130\u015f \u0130nsan\u0131 ve Ara\u015ft\u0131rmac\u0131-Yazar Ayhan K\u0131z\u0131ltan\u2019\u0131n ablas\u0131, \u00c7o\u015far ailesinin annesi Ayfer K\u0131z\u0131ltan \u00c7o\u015far hayat\u0131n\u0131 kaybetti. \u00c7o\u015far\u2019\u0131n beklenmedik vefat\u0131 \u00c7o\u015far ve K\u0131z\u0131ltan ailelerini yasa bo\u011fdu. \u00c7o\u015far\u2019\u0131n cenazesi Mersin Asri Mezarl\u0131\u011f\u0131\u2019ndan \u00f6\u011fle namaz\u0131na m\u00fcteakip kald\u0131r\u0131ld\u0131. Cenazeye her iki ailenin yak\u0131nlar\u0131n\u0131n yan\u0131 s\u0131ra Mersin\u2019in [&hellip;]<\/p>\n","protected":false},"author":12791,"featured_media":163807,"comment_status":"open","ping_status":"open","sticky":false,"template":"","format":"standard","meta":{"_yoast_wpseo_focuskw":"K\u0131z\u0131ltan - \u00c7o\u015far","_yoast_wpseo_title":"","_yoast_wpseo_metadesc":"\u00c7o\u015far ailesinin annesi Ayfer K\u0131z\u0131ltan \u00c7o\u015far hayat\u0131n\u0131 kaybetti. \u00c7o\u015far\u2019\u0131n beklenmedik vefat\u0131 \u00c7o\u015far ve K\u0131z\u0131ltan ailelerini yasa bo\u011fdu.","_bbp_topic_count":0,"_bbp_reply_count":0,"_bbp_total_topic_count":0,"_bbp_total_reply_count":0,"_bbp_voice_count":0,"_bbp_anonymous_reply_count":0,"_bbp_topic_count_hidden":0,"_bbp_reply_count_hidden":0,"_bbp_forum_subforum_count":0,"footnotes":"","_yoast_wpseo_focuskw_text_input":""},"categories":[8419],"tags":[],"yoast_head":"<!-- This site is optimized with the Yoast SEO plugin v23.0 - https:\/\/yoast.com\/wordpress\/plugins\/seo\/ -->\n<title>K\u0131z\u0131ltan ve \u00c7o\u015far Ailelerinin Ac\u0131 G\u00fcn\u00fc - The Epoch Times TR<\/title>\n<meta name=\"description\" content=\"\u00c7o\u015far ailesinin annesi Ayfer K\u0131z\u0131ltan \u00c7o\u015far hayat\u0131n\u0131 kaybetti. \u00c7o\u015far\u2019\u0131n beklenmedik vefat\u0131 \u00c7o\u015far ve K\u0131z\u0131ltan ailelerini yasa bo\u011fdu.\" \/>\n<meta name=\"robots\" content=\"index, follow, max-snippet:-1, max-image-preview:large, max-video-preview:-1\" \/>\n<link rel=\"canonical\" href=\"https:\/\/epochtimestr.com\/index.php\/kiziltan-ve-cosar-ailelerinin-aci-gunu\" \/>\n<meta property=\"og:locale\" content=\"tr_TR\" \/>\n<meta property=\"og:type\" content=\"article\" \/>\n<meta property=\"og:title\" content=\"K\u0131z\u0131ltan ve \u00c7o\u015far Ailelerinin Ac\u0131 G\u00fcn\u00fc - The Epoch Times TR\" \/>\n<meta property=\"og:description\" content=\"\u00c7o\u015far ailesinin annesi Ayfer K\u0131z\u0131ltan \u00c7o\u015far hayat\u0131n\u0131 kaybetti. \u00c7o\u015far\u2019\u0131n beklenmedik vefat\u0131 \u00c7o\u015far ve K\u0131z\u0131ltan ailelerini yasa bo\u011fdu.\" \/>\n<meta property=\"og:url\" content=\"https:\/\/epochtimestr.com\/index.php\/kiziltan-ve-cosar-ailelerinin-aci-gunu\" \/>\n<meta property=\"og:site_name\" content=\"The Epoch Times TR\" \/>\n<meta property=\"article:publisher\" content=\"https:\/\/www.facebook.com\/theepochtimestr\" \/>\n<meta property=\"article:published_time\" content=\"2025-11-24T12:34:21+00:00\" \/>\n<meta property=\"article:modified_time\" content=\"2025-11-24T13:22:16+00:00\" \/>\n<meta property=\"og:image\" content=\"https:\/\/epochtimestr.com\/wp-content\/uploads\/2011y\/Kiziltanlar-scaled.jpg\" \/>\n\t<meta property=\"og:image:width\" content=\"2560\" \/>\n\t<meta property=\"og:image:height\" content=\"1443\" \/>\n\t<meta property=\"og:image:type\" content=\"image\/jpeg\" \/>\n<meta name=\"author\" content=\"Haber Merkezi\" \/>\n<meta name=\"twitter:card\" content=\"summary_large_image\" \/>\n<meta name=\"twitter:creator\" content=\"@TheEpochTimesTR\" \/>\n<meta name=\"twitter:site\" content=\"@TheEpochTimesTR\" \/>\n<meta name=\"twitter:label1\" content=\"Yazan:\" \/>\n\t<meta name=\"twitter:data1\" content=\"Haber Merkezi\" \/>\n\t<meta name=\"twitter:label2\" content=\"Tahmini okuma s\u00fcresi\" \/>\n\t<meta name=\"twitter:data2\" content=\"1 dakika\" \/>\n<script type=\"application\/ld+json\" class=\"yoast-schema-graph\">{\"@context\":\"https:\/\/schema.org\",\"@graph\":[{\"@type\":\"Article\",\"@id\":\"https:\/\/epochtimestr.com\/index.php\/kiziltan-ve-cosar-ailelerinin-aci-gunu#article\",\"isPartOf\":{\"@id\":\"https:\/\/epochtimestr.com\/index.php\/kiziltan-ve-cosar-ailelerinin-aci-gunu\"},\"author\":{\"name\":\"Haber Merkezi\",\"@id\":\"https:\/\/epochtimestr.com\/#\/schema\/person\/3dc5c3adeb9f43923c5aa85889172fdd\"},\"headline\":\"K\u0131z\u0131ltan ve \u00c7o\u015far Ailelerinin Ac\u0131 G\u00fcn\u00fc\",\"datePublished\":\"2025-11-24T12:34:21+00:00\",\"dateModified\":\"2025-11-24T13:22:16+00:00\",\"mainEntityOfPage\":{\"@id\":\"https:\/\/epochtimestr.com\/index.php\/kiziltan-ve-cosar-ailelerinin-aci-gunu\"},\"wordCount\":118,\"commentCount\":0,\"publisher\":{\"@id\":\"https:\/\/epochtimestr.com\/#organization\"},\"image\":{\"@id\":\"https:\/\/epochtimestr.com\/index.php\/kiziltan-ve-cosar-ailelerinin-aci-gunu#primaryimage\"},\"thumbnailUrl\":\"https:\/\/epochtimestr.com\/wp-content\/uploads\/2011y\/Kiziltanlar-scaled.jpg\",\"articleSection\":[\"Ya\u015fam\"],\"inLanguage\":\"tr\",\"potentialAction\":[{\"@type\":\"CommentAction\",\"name\":\"Comment\",\"target\":[\"https:\/\/epochtimestr.com\/index.php\/kiziltan-ve-cosar-ailelerinin-aci-gunu#respond\"]}]},{\"@type\":\"WebPage\",\"@id\":\"https:\/\/epochtimestr.com\/index.php\/kiziltan-ve-cosar-ailelerinin-aci-gunu\",\"url\":\"https:\/\/epochtimestr.com\/index.php\/kiziltan-ve-cosar-ailelerinin-aci-gunu\",\"name\":\"K\u0131z\u0131ltan ve \u00c7o\u015far Ailelerinin Ac\u0131 G\u00fcn\u00fc - The Epoch Times TR\",\"isPartOf\":{\"@id\":\"https:\/\/epochtimestr.com\/#website\"},\"primaryImageOfPage\":{\"@id\":\"https:\/\/epochtimestr.com\/index.php\/kiziltan-ve-cosar-ailelerinin-aci-gunu#primaryimage\"},\"image\":{\"@id\":\"https:\/\/epochtimestr.com\/index.php\/kiziltan-ve-cosar-ailelerinin-aci-gunu#primaryimage\"},\"thumbnailUrl\":\"https:\/\/epochtimestr.com\/wp-content\/uploads\/2011y\/Kiziltanlar-scaled.jpg\",\"datePublished\":\"2025-11-24T12:34:21+00:00\",\"dateModified\":\"2025-11-24T13:22:16+00:00\",\"description\":\"\u00c7o\u015far ailesinin annesi Ayfer K\u0131z\u0131ltan \u00c7o\u015far hayat\u0131n\u0131 kaybetti. \u00c7o\u015far\u2019\u0131n beklenmedik vefat\u0131 \u00c7o\u015far ve K\u0131z\u0131ltan ailelerini yasa bo\u011fdu.\",\"inLanguage\":\"tr\",\"potentialAction\":[{\"@type\":\"ReadAction\",\"target\":[\"https:\/\/epochtimestr.com\/index.php\/kiziltan-ve-cosar-ailelerinin-aci-gunu\"]}]},{\"@type\":\"ImageObject\",\"inLanguage\":\"tr\",\"@id\":\"https:\/\/epochtimestr.com\/index.php\/kiziltan-ve-cosar-ailelerinin-aci-gunu#primaryimage\",\"url\":\"https:\/\/epochtimestr.com\/wp-content\/uploads\/2011y\/Kiziltanlar-scaled.jpg\",\"contentUrl\":\"https:\/\/epochtimestr.com\/wp-content\/uploads\/2011y\/Kiziltanlar-scaled.jpg\",\"width\":2560,\"height\":1443},{\"@type\":\"WebSite\",\"@id\":\"https:\/\/epochtimestr.com\/#website\",\"url\":\"https:\/\/epochtimestr.com\/\",\"name\":\"The Epoch Times TR\",\"description\":\"De\u011fi\u015fen D\u00fcnyam\u0131za Taze Bir Bak\u0131\u015f\",\"publisher\":{\"@id\":\"https:\/\/epochtimestr.com\/#organization\"},\"potentialAction\":[{\"@type\":\"SearchAction\",\"target\":{\"@type\":\"EntryPoint\",\"urlTemplate\":\"https:\/\/epochtimestr.com\/?s={search_term_string}\"},\"query-input\":\"required name=search_term_string\"}],\"inLanguage\":\"tr\"},{\"@type\":\"Organization\",\"@id\":\"https:\/\/epochtimestr.com\/#organization\",\"name\":\"The EpochTimes T\u00fcrkiye\",\"url\":\"https:\/\/epochtimestr.com\/\",\"logo\":{\"@type\":\"ImageObject\",\"inLanguage\":\"tr\",\"@id\":\"https:\/\/epochtimestr.com\/#\/schema\/logo\/image\/\",\"url\":\"https:\/\/epochtimestr.com\/wp-content\/uploads\/2011y\/ET-Logo-YG.jpg\",\"contentUrl\":\"https:\/\/epochtimestr.com\/wp-content\/uploads\/2011y\/ET-Logo-YG.jpg\",\"width\":346,\"height\":29,\"caption\":\"The EpochTimes T\u00fcrkiye\"},\"image\":{\"@id\":\"https:\/\/epochtimestr.com\/#\/schema\/logo\/image\/\"},\"sameAs\":[\"https:\/\/www.facebook.com\/theepochtimestr\",\"https:\/\/x.com\/TheEpochTimesTR\",\"https:\/\/www.instagram.com\/epochtimestr\"]},{\"@type\":\"Person\",\"@id\":\"https:\/\/epochtimestr.com\/#\/schema\/person\/3dc5c3adeb9f43923c5aa85889172fdd\",\"name\":\"Haber Merkezi\",\"image\":{\"@type\":\"ImageObject\",\"inLanguage\":\"tr\",\"@id\":\"https:\/\/epochtimestr.com\/#\/schema\/person\/image\/\",\"url\":\"https:\/\/secure.gravatar.com\/avatar\/d73f772ba5a74f28601361e17c2f93e6?s=96&d=mm&r=g\",\"contentUrl\":\"https:\/\/secure.gravatar.com\/avatar\/d73f772ba5a74f28601361e17c2f93e6?s=96&d=mm&r=g\",\"caption\":\"Haber Merkezi\"},\"url\":\"https:\/\/epochtimestr.com\/index.php\/author\/sendag\"}]}<\/script>\n<!-- \/ Yoast SEO plugin. -->","yoast_head_json":{"title":"K\u0131z\u0131ltan ve \u00c7o\u015far Ailelerinin Ac\u0131 G\u00fcn\u00fc - The Epoch Times TR","description":"\u00c7o\u015far ailesinin annesi Ayfer K\u0131z\u0131ltan \u00c7o\u015far hayat\u0131n\u0131 kaybetti. \u00c7o\u015far\u2019\u0131n beklenmedik vefat\u0131 \u00c7o\u015far ve K\u0131z\u0131ltan ailelerini yasa bo\u011fdu.","robots":{"index":"index","follow":"follow","max-snippet":"max-snippet:-1","max-image-preview":"max-image-preview:large","max-video-preview":"max-video-preview:-1"},"canonical":"https:\/\/epochtimestr.com\/index.php\/kiziltan-ve-cosar-ailelerinin-aci-gunu","og_locale":"tr_TR","og_type":"article","og_title":"K\u0131z\u0131ltan ve \u00c7o\u015far Ailelerinin Ac\u0131 G\u00fcn\u00fc - The Epoch Times TR","og_description":"\u00c7o\u015far ailesinin annesi Ayfer K\u0131z\u0131ltan \u00c7o\u015far hayat\u0131n\u0131 kaybetti. \u00c7o\u015far\u2019\u0131n beklenmedik vefat\u0131 \u00c7o\u015far ve K\u0131z\u0131ltan ailelerini yasa bo\u011fdu.","og_url":"https:\/\/epochtimestr.com\/index.php\/kiziltan-ve-cosar-ailelerinin-aci-gunu","og_site_name":"The Epoch Times TR","article_publisher":"https:\/\/www.facebook.com\/theepochtimestr","article_published_time":"2025-11-24T12:34:21+00:00","article_modified_time":"2025-11-24T13:22:16+00:00","og_image":[{"width":2560,"height":1443,"url":"https:\/\/epochtimestr.com\/wp-content\/uploads\/2011y\/Kiziltanlar-scaled.jpg","type":"image\/jpeg"}],"author":"Haber Merkezi","twitter_card":"summary_large_image","twitter_creator":"@TheEpochTimesTR","twitter_site":"@TheEpochTimesTR","twitter_misc":{"Yazan:":"Haber Merkezi","Tahmini okuma s\u00fcresi":"1 dakika"},"schema":{"@context":"https:\/\/schema.org","@graph":[{"@type":"Article","@id":"https:\/\/epochtimestr.com\/index.php\/kiziltan-ve-cosar-ailelerinin-aci-gunu#article","isPartOf":{"@id":"https:\/\/epochtimestr.com\/index.php\/kiziltan-ve-cosar-ailelerinin-aci-gunu"},"author":{"name":"Haber Merkezi","@id":"https:\/\/epochtimestr.com\/#\/schema\/person\/3dc5c3adeb9f43923c5aa85889172fdd"},"headline":"K\u0131z\u0131ltan ve \u00c7o\u015far Ailelerinin Ac\u0131 G\u00fcn\u00fc","datePublished":"2025-11-24T12:34:21+00:00","dateModified":"2025-11-24T13:22:16+00:00","mainEntityOfPage":{"@id":"https:\/\/epochtimestr.com\/index.php\/kiziltan-ve-cosar-ailelerinin-aci-gunu"},"wordCount":118,"commentCount":0,"publisher":{"@id":"https:\/\/epochtimestr.com\/#organization"},"image":{"@id":"https:\/\/epochtimestr.com\/index.php\/kiziltan-ve-cosar-ailelerinin-aci-gunu#primaryimage"},"thumbnailUrl":"https:\/\/epochtimestr.com\/wp-content\/uploads\/2011y\/Kiziltanlar-scaled.jpg","articleSection":["Ya\u015fam"],"inLanguage":"tr","potentialAction":[{"@type":"CommentAction","name":"Comment","target":["https:\/\/epochtimestr.com\/index.php\/kiziltan-ve-cosar-ailelerinin-aci-gunu#respond"]}]},{"@type":"WebPage","@id":"https:\/\/epochtimestr.com\/index.php\/kiziltan-ve-cosar-ailelerinin-aci-gunu","url":"https:\/\/epochtimestr.com\/index.php\/kiziltan-ve-cosar-ailelerinin-aci-gunu","name":"K\u0131z\u0131ltan ve \u00c7o\u015far Ailelerinin Ac\u0131 G\u00fcn\u00fc - The Epoch Times TR","isPartOf":{"@id":"https:\/\/epochtimestr.com\/#website"},"primaryImageOfPage":{"@id":"https:\/\/epochtimestr.com\/index.php\/kiziltan-ve-cosar-ailelerinin-aci-gunu#primaryimage"},"image":{"@id":"https:\/\/epochtimestr.com\/index.php\/kiziltan-ve-cosar-ailelerinin-aci-gunu#primaryimage"},"thumbnailUrl":"https:\/\/epochtimestr.com\/wp-content\/uploads\/2011y\/Kiziltanlar-scaled.jpg","datePublished":"2025-11-24T12:34:21+00:00","dateModified":"2025-11-24T13:22:16+00:00","description":"\u00c7o\u015far ailesinin annesi Ayfer K\u0131z\u0131ltan \u00c7o\u015far hayat\u0131n\u0131 kaybetti. \u00c7o\u015far\u2019\u0131n beklenmedik vefat\u0131 \u00c7o\u015far ve K\u0131z\u0131ltan ailelerini yasa bo\u011fdu.","inLanguage":"tr","potentialAction":[{"@type":"ReadAction","target":["https:\/\/epochtimestr.com\/index.php\/kiziltan-ve-cosar-ailelerinin-aci-gunu"]}]},{"@type":"ImageObject","inLanguage":"tr","@id":"https:\/\/epochtimestr.com\/index.php\/kiziltan-ve-cosar-ailelerinin-aci-gunu#primaryimage","url":"https:\/\/epochtimestr.com\/wp-content\/uploads\/2011y\/Kiziltanlar-scaled.jpg","contentUrl":"https:\/\/epochtimestr.com\/wp-content\/uploads\/2011y\/Kiziltanlar-scaled.jpg","width":2560,"height":1443},{"@type":"WebSite","@id":"https:\/\/epochtimestr.com\/#website","url":"https:\/\/epochtimestr.com\/","name":"The Epoch Times TR","description":"De\u011fi\u015fen D\u00fcnyam\u0131za Taze Bir Bak\u0131\u015f","publisher":{"@id":"https:\/\/epochtimestr.com\/#organization"},"potentialAction":[{"@type":"SearchAction","target":{"@type":"EntryPoint","urlTemplate":"https:\/\/epochtimestr.com\/?s={search_term_string}"},"query-input":"required name=search_term_string"}],"inLanguage":"tr"},{"@type":"Organization","@id":"https:\/\/epochtimestr.com\/#organization","name":"The EpochTimes T\u00fcrkiye","url":"https:\/\/epochtimestr.com\/","logo":{"@type":"ImageObject","inLanguage":"tr","@id":"https:\/\/epochtimestr.com\/#\/schema\/logo\/image\/","url":"https:\/\/epochtimestr.com\/wp-content\/uploads\/2011y\/ET-Logo-YG.jpg","contentUrl":"https:\/\/epochtimestr.com\/wp-content\/uploads\/2011y\/ET-Logo-YG.jpg","width":346,"height":29,"caption":"The EpochTimes T\u00fcrkiye"},"image":{"@id":"https:\/\/epochtimestr.com\/#\/schema\/logo\/image\/"},"sameAs":["https:\/\/www.facebook.com\/theepochtimestr","https:\/\/x.com\/TheEpochTimesTR","https:\/\/www.instagram.com\/epochtimestr"]},{"@type":"Person","@id":"https:\/\/epochtimestr.com\/#\/schema\/person\/3dc5c3adeb9f43923c5aa85889172fdd","name":"Haber Merkezi","image":{"@type":"ImageObject","inLanguage":"tr","@id":"https:\/\/epochtimestr.com\/#\/schema\/person\/image\/","url":"https:\/\/secure.gravatar.com\/avatar\/d73f772ba5a74f28601361e17c2f93e6?s=96&d=mm&r=g","contentUrl":"https:\/\/secure.gravatar.com\/avatar\/d73f772ba5a74f28601361e17c2f93e6?s=96&d=mm&r=g","caption":"Haber Merkezi"},"url":"https:\/\/epochtimestr.com\/index.php\/author\/sendag"}]}},"_links":{"self":[{"href":"https:\/\/epochtimestr.com\/index.php\/wp-json\/wp\/v2\/posts\/163806"}],"collection":[{"href":"https:\/\/epochtimestr.com\/index.php\/wp-json\/wp\/v2\/posts"}],"about":[{"href":"https:\/\/epochtimestr.com\/index.php\/wp-json\/wp\/v2\/types\/post"}],"author":[{"embeddable":true,"href":"https:\/\/epochtimestr.com\/index.php\/wp-json\/wp\/v2\/users\/12791"}],"replies":[{"embeddable":true,"href":"https:\/\/epochtimestr.com\/index.php\/wp-json\/wp\/v2\/comments?post=163806"}],"version-history":[{"count":3,"href":"https:\/\/epochtimestr.com\/index.php\/wp-json\/wp\/v2\/posts\/163806\/revisions"}],"predecessor-version":[{"id":163813,"href":"https:\/\/epochtimestr.com\/index.php\/wp-json\/wp\/v2\/posts\/163806\/revisions\/163813"}],"wp:featuredmedia":[{"embeddable":true,"href":"https:\/\/epochtimestr.com\/index.php\/wp-json\/wp\/v2\/media\/163807"}],"wp:attachment":[{"href":"https:\/\/epochtimestr.com\/index.php\/wp-json\/wp\/v2\/media?parent=163806"}],"wp:term":[{"taxonomy":"category","embeddable":true,"href":"https:\/\/epochtimestr.com\/index.php\/wp-json\/wp\/v2\/categories?post=163806"},{"taxonomy":"post_tag","embeddable":true,"href":"https:\/\/epochtimestr.com\/index.php\/wp-json\/wp\/v2\/tags?post=163806"}],"curies":[{"name":"wp","href":"https:\/\/api.w.org\/{rel}","templated":true}]}}