{"id":163989,"date":"2025-11-30T15:43:58","date_gmt":"2025-11-30T12:43:58","guid":{"rendered":"https:\/\/epochtimestr.com\/?p=163989"},"modified":"2025-12-01T13:46:39","modified_gmt":"2025-12-01T10:46:39","slug":"mersinde-cevre-alarmi-uzmanlardan-tisan-goksu-deltasi-ve-plastik-atik-uyarisi","status":"publish","type":"post","link":"https:\/\/epochtimestr.com\/index.php\/mersinde-cevre-alarmi-uzmanlardan-tisan-goksu-deltasi-ve-plastik-atik-uyarisi","title":{"rendered":"Mersin\u2019de \u00c7evre Alarm\u0131: Uzmanlardan Tisan, G\u00f6ksu Deltas\u0131 ve Plastik At\u0131k Uyar\u0131s\u0131"},"content":{"rendered":"<div class=\"wp-block-image\">\n<figure class=\"aligncenter size-full\"><img loading=\"lazy\" decoding=\"async\" width=\"1162\" height=\"775\" src=\"https:\/\/epochtimestr.com\/wp-content\/uploads\/2011y\/MIK.jpg\" alt=\"Mersin \u0130sti\u015fare Kul\u00fcb\u00fc, Kas\u0131m ay\u0131 toplant\u0131s\u0131nda \u00e7evre ve at\u0131k y\u00f6netimi konular\u0131n\u0131 ele ald\u0131\u011f\u0131 \u201c\u00c7evre Sorunlar\u0131 ve \u00c7\u00f6z\u00fcm \u00d6nerileri\u201d ba\u015fl\u0131kl\u0131 bir bulu\u015fma ger\u00e7ekle\u015ftirdi.\" class=\"wp-image-163990\" srcset=\"https:\/\/epochtimestr.com\/wp-content\/uploads\/2011y\/MIK.jpg 1162w, https:\/\/epochtimestr.com\/wp-content\/uploads\/2011y\/MIK-300x200.jpg 300w, https:\/\/epochtimestr.com\/wp-content\/uploads\/2011y\/MIK-150x100.jpg 150w, https:\/\/epochtimestr.com\/wp-content\/uploads\/2011y\/MIK-768x512.jpg 768w\" sizes=\"(max-width: 1162px) 100vw, 1162px\" \/><\/figure><\/div>\n\n\n<h2 class=\"wp-block-heading\">Mersin \u0130sti\u015fare Kul\u00fcb\u00fc\u2019n\u00fcn \u201c\u00c7evre Sorunlar\u0131 ve \u00c7\u00f6z\u00fcm \u00d6nerileri\u201d toplant\u0131s\u0131nda konu\u015fan uzmanlar, Tisan\u2019daki yap\u0131la\u015fmadan G\u00f6ksu Deltas\u0131\u2019na, plastik at\u0131k krizinden 2050 kurakl\u0131k projeksiyonlar\u0131na kadar kentte derinle\u015fen \u00e7evresel risklere dikkat \u00e7ekti.<\/h2>\n\n\n\n<p>Mersin \u0130sti\u015fare Kul\u00fcb\u00fc, Kas\u0131m ay\u0131 toplant\u0131s\u0131nda \u00e7evre ve at\u0131k y\u00f6netimi konular\u0131n\u0131 ele ald\u0131\u011f\u0131 \u201c\u00c7evre Sorunlar\u0131 ve \u00c7\u00f6z\u00fcm \u00d6nerileri\u201d ba\u015fl\u0131kl\u0131 bir bulu\u015fma ger\u00e7ekle\u015ftirdi. Toplant\u0131ya Mersin \u00dcniversitesi \u00c7evre M\u00fchendisli\u011fi Emekli B\u00f6l\u00fcm Ba\u015fkan\u0131 Prof. Dr. Halil Kumbur, \u00c7evre M\u00fchendisleri Odas\u0131 Mersin \u015eube Ba\u015fkan\u0131 Sinan Can, \u00e7evre aktivisti Sabahat Aslan ve MESK\u0130 Ar\u0131tma Tesisleri Dairesi Ba\u015fkan\u0131 Vekili Kadir \u0130ma\u00e7 konu\u015fmac\u0131 olarak kat\u0131ld\u0131. A\u00e7\u0131l\u0131\u015f konu\u015fmas\u0131n\u0131 yapan <a href=\"https:\/\/epochtimestr.com\/index.php\/mersin-istisare-kulubu-7-yas-gununde-yapay-zekayi-tartisti\" target=\"_blank\" rel=\"noreferrer noopener\">Mersin \u0130sti\u015fare<\/a> Kul\u00fcb\u00fc Ba\u015fkan\u0131 Ferudun G\u00fcnd\u00fcz, T\u00fcrkiye\u2019nin demokrasi, e\u011fitim ve bas\u0131n \u00f6zg\u00fcrl\u00fc\u011f\u00fc gibi alanlarda geriledi\u011fini belirterek \u00e7evre sorunlar\u0131n\u0131n da bu tablo i\u00e7inde giderek b\u00fcy\u00fcd\u00fc\u011f\u00fcn\u00fc vurgulad\u0131.<\/p>\n\n\n\n<h3 class=\"wp-block-heading\">\u201c\u00c7evre sorunlar\u0131n\u0131n \u00e7\u00f6z\u00fcm\u00fc siyasal iradeye ba\u011fl\u0131\u201d<\/h3>\n\n\n\n<p>Prof. Dr. Halil Kumbur, \u00e7evre kirlili\u011fi \u00fczerine literat\u00fcr bilgileri payla\u015farak Avrupa\u2019da \u00e7evre politikalar\u0131n\u0131n b\u00fcy\u00fck \u00f6l\u00e7\u00fcde ba\u015far\u0131yla uyguland\u0131\u011f\u0131n\u0131 s\u00f6yledi. T\u00fcrkiye\u2019de \u00e7evre mevzuat\u0131n\u0131n temelini olu\u015fturan 1993 tarihli \u00c7ED Y\u00f6netmeli\u011fi\u2019nin bug\u00fcn gere\u011fi gibi uygulanamad\u0131\u011f\u0131n\u0131 ifade eden Kumbur, \u00e7evre sorunlar\u0131n\u0131n \u00e7\u00f6z\u00fcm\u00fcn\u00fcn siyasi iktidarlar\u0131n yakla\u015f\u0131m\u0131yla do\u011frudan ili\u015fkili oldu\u011funa dikkat \u00e7ekti.<\/p>\n\n\n\n<p>K\u00fcresel \u00e7evre tart\u0131\u015fmalar\u0131n\u0131n ekonomik \u00e7\u0131karlarla i\u00e7 i\u00e7e ge\u00e7ti\u011fini belirten Kumbur, do\u011fal kaynaklar \u00fczerindeki uluslararas\u0131 rekabetin \u00f6zellikle insan haklar\u0131 ve \u00e7evre haklar\u0131 s\u00f6ylemleri \u00fczerinden y\u00fcr\u00fct\u00fcld\u00fc\u011f\u00fcn\u00fc anlatt\u0131. Ye\u015fil d\u00f6n\u00fc\u015f\u00fcm politikalar\u0131n\u0131n da geli\u015fmi\u015f \u00fclkelerin fosil yak\u0131tlar \u00fczerindeki ekonomik pozisyonlar\u0131n\u0131 yeniden \u015fekillendirmek i\u00e7in kulland\u0131\u011f\u0131 bir ara\u00e7 oldu\u011funu s\u00f6yledi.<\/p>\n\n\n\n<h3 class=\"wp-block-heading\">\u201cT\u00fcrkiye, Avrupa\u2019n\u0131n en \u00e7ok plastik at\u0131k ithal eden \u00fclkesi\u201d<\/h3>\n\n\n\n<p>\u00c7evre aktivisti Sabahat Aslan, plastik at\u0131k krizine dikkat \u00e7ekerek \u00c7in\u2019in 2018\u2019de plastik at\u0131k ithalat\u0131n\u0131 durdurmas\u0131n\u0131n ard\u0131ndan T\u00fcrkiye\u2019nin Avrupa Birli\u011fi \u00fclkeleri aras\u0131nda en fazla plastik at\u0131k ithal eden \u00fclke h\u00e2line geldi\u011fini belirtti. T\u00fcrkiye\u2019nin kendi plastik at\u0131\u011f\u0131yla bile ba\u015f edemezken y\u0131lda yakla\u015f\u0131k 500 bin ton plastik at\u0131k ithal etti\u011fini s\u00f6yleyen Aslan, geri d\u00f6n\u00fc\u015ft\u00fcr\u00fclemeyen bu at\u0131klar\u0131n tar\u0131m alanlar\u0131na, ormanlara, derelere ve denizlere b\u0131rak\u0131ld\u0131\u011f\u0131n\u0131, bazen ya\u015fam alanlar\u0131nda yak\u0131larak imha edildi\u011fini ifade etti.<\/p>\n\n\n\n<p>Aslan, \u00e7\u00f6z\u00fcm i\u00e7in plastik at\u0131k ithalat\u0131n\u0131n tamamen yasaklanmas\u0131n\u0131, yasal d\u00fczenlemelerin g\u00fc\u00e7lendirilmesini, tek kullan\u0131ml\u0131k plastiklerin yasaklanmas\u0131n\u0131 ve geri kullan\u0131labilir malzemelerin te\u015fvik edilmesini \u00f6nerdi.<\/p>\n\n\n\n<p><strong>Mersin 2050\u2019de ciddi kurakl\u0131k riskiyle kar\u015f\u0131 kar\u015f\u0131ya<\/strong><\/p>\n\n\n\n<p>\u00c7evre M\u00fchendisleri Odas\u0131 Ba\u015fkan\u0131 Sinan Can, koordinasyonunu y\u00fcr\u00fctt\u00fc\u011f\u00fc Climaax Projesi kapsam\u0131nda Mersin\u2019in iklim de\u011fi\u015fikli\u011fi ve kurakl\u0131k projeksiyonlar\u0131n\u0131 anlatt\u0131. Bilimsel verilerin, Mersin\u2019in 2050 y\u0131l\u0131na do\u011fru ciddi bir kurakl\u0131k tehlikesiyle kar\u015f\u0131 kar\u015f\u0131ya kalabilece\u011fini g\u00f6sterdi\u011fini ifade eden Can, bu \u00e7al\u0131\u015fman\u0131n kentin olas\u0131 risklere kar\u015f\u0131 uyum stratejileri geli\u015ftirmesine katk\u0131 sundu\u011funu s\u00f6yledi.<\/p>\n\n\n\n<p><strong>Seyhan ve Ceyhan nehirlerinde kirlenme tehlikesi<\/strong><\/p>\n\n\n\n<p>Can, Seyhan ve Ceyhan nehirlerindeki mikroplastik ve genel kirlilik seviyelerinin alarm verici boyutlara ula\u015ft\u0131\u011f\u0131n\u0131 belirterek b\u00f6lgedeki \u00e7evresel bask\u0131lar\u0131n artt\u0131\u011f\u0131n\u0131 vurgulad\u0131.<\/p>\n\n\n\n<p>Silifke\u2019deki \u00e7evre ihlallerine de de\u011finen Can, enerji tesislerinden kentle\u015fmeye kadar bir\u00e7ok y\u00fck\u00fcn il\u00e7eye bindi\u011fini s\u00f6yledi. Sit alan\u0131na otel yap\u0131lmak istendi\u011fini belirten Can, bir \u00c7ED raporunda sit alan\u0131ndaki tarihi su kemerinin \u201chavuz\u201d olarak g\u00f6sterildi\u011fini belirterek bunun koruma ilkelerine tamamen ayk\u0131r\u0131 oldu\u011funu ifade etti. \u201cOray\u0131 koru, sonra kullan; ama kullan\u0131rken de koruma-kullanma dengesine sad\u0131k kal\u201d dedi.<\/p>\n\n\n\n<h3 class=\"wp-block-heading\">Tisan\u2019daki yap\u0131la\u015fma ve eri\u015fim endi\u015fesi<\/h3>\n\n\n\n<p>Sinan Can, Tisan b\u00f6lgesindeki yap\u0131la\u015fman\u0131n \u00e7evre, avc\u0131l\u0131k, liman ve serbest b\u00f6lgelerle ilgili bir\u00e7ok kanuna ayk\u0131r\u0131 \u015fekilde ilerledi\u011fini s\u00f6yledi. Tisan\u2019\u0131n Mersinlilerin eri\u015femeyece\u011fi bir alana d\u00f6n\u00fc\u015ft\u00fcr\u00fcld\u00fc\u011f\u00fcn\u00fc iddia eden Can, b\u00f6lgeye yak\u0131n zamanda g\u00fcvenlik konularak giri\u015flerin k\u0131s\u0131tlanabilece\u011fini savundu. Tisan\u2019\u0131n d\u00fcnyan\u0131n en de\u011ferli koylar\u0131ndan biri oldu\u011funu hat\u0131rlatan Can, \u201cB\u00f6lge hukuksuz bir s\u00fcre\u00e7le belirli gruplara servis edilmi\u015f gibi g\u00f6r\u00fcn\u00fcyor\u201d dedi. A\u00e7t\u0131klar\u0131 davay\u0131 kaybettiklerini ancak karar\u0131n kamu yarar\u0131 a\u00e7\u0131s\u0131ndan yanl\u0131\u015f oldu\u011funu d\u00fc\u015f\u00fcnd\u00fcklerini ifade etti.<\/p>\n\n\n\n<p><strong>Ta\u015fucu Liman\u0131 ve G\u00f6ksu Deltas\u0131 i\u00e7in kritik uyar\u0131<\/strong><\/p>\n\n\n\n<p>Can, Ta\u015fucu Liman\u0131\u2019n\u0131n geni\u015fletilmesi ve arka k\u0131sm\u0131n\u0131n serbest b\u00f6lge ile sanayi-depolama alan\u0131na d\u00f6n\u00fc\u015ft\u00fcr\u00fclmesinin G\u00f6ksu Deltas\u0131\u2019na b\u00fcy\u00fck zarar verece\u011fini belirtti. 2023\u2019te G\u00f6ksu Deltas\u0131\u2019n\u0131n korunmas\u0131 i\u00e7in a\u00e7\u0131lan davay\u0131 kaybettiklerini, Dan\u0131\u015ftay\u2019\u0131n da olumsuz karar verdi\u011fini s\u00f6yleyen Can, \u201cG\u00f6ksu deltas\u0131 zaten can \u00e7eki\u015fiyor. Bu planlar hayata ge\u00e7erse 10 y\u0131l sonra deltay\u0131 unutabiliriz\u201d dedi.<\/p>\n\n\n\n<p><strong>MESK\u0130\u2019den su ar\u0131tma ve SCADA sistemine ili\u015fkin bilgiler<\/strong><\/p>\n\n\n\n<p>Toplant\u0131n\u0131n sonunda MESK\u0130 Ar\u0131tma Tesisleri Dairesi Ba\u015fkan\u0131 Vekili Kadir \u0130ma\u00e7, Mersin\u2019de suyun kullan\u0131m\u0131, ar\u0131tma s\u00fcre\u00e7leri ve kullan\u0131lan SCADA kontrol sistemi hakk\u0131nda teknik bilgiler aktard\u0131. Program, konu\u015fmac\u0131lara te\u015fekk\u00fcr belgelerinin verilmesiyle sona erdi.<\/p>\n\n\n\n<figure class=\"wp-block-gallery has-nested-images columns-default is-cropped\">\n<figure class=\"wp-block-image size-large\"><img loading=\"lazy\" decoding=\"async\" width=\"1600\" height=\"1200\" data-id=\"163991\" src=\"https:\/\/epochtimestr.com\/wp-content\/uploads\/2011y\/Aslan-1600x1200.jpeg\" alt=\"Mersin \u0130sti\u015fare Kul\u00fcb\u00fc, Kas\u0131m ay\u0131 toplant\u0131s\u0131nda \u00e7evre ve at\u0131k y\u00f6netimi konular\u0131n\u0131 ele ald\u0131\u011f\u0131 \u201c\u00c7evre Sorunlar\u0131 ve \u00c7\u00f6z\u00fcm \u00d6nerileri\u201d ba\u015fl\u0131kl\u0131 bir bulu\u015fma ger\u00e7ekle\u015ftirdi.\" class=\"wp-image-163991\" srcset=\"https:\/\/epochtimestr.com\/wp-content\/uploads\/2011y\/Aslan-1600x1200.jpeg 1600w, https:\/\/epochtimestr.com\/wp-content\/uploads\/2011y\/Aslan-300x225.jpeg 300w, https:\/\/epochtimestr.com\/wp-content\/uploads\/2011y\/Aslan-150x113.jpeg 150w, https:\/\/epochtimestr.com\/wp-content\/uploads\/2011y\/Aslan-768x576.jpeg 768w, https:\/\/epochtimestr.com\/wp-content\/uploads\/2011y\/Aslan-1536x1152.jpeg 1536w, https:\/\/epochtimestr.com\/wp-content\/uploads\/2011y\/Aslan-86x64.jpeg 86w, https:\/\/epochtimestr.com\/wp-content\/uploads\/2011y\/Aslan.jpeg 2048w\" sizes=\"(max-width: 1600px) 100vw, 1600px\" \/><\/figure>\n\n\n\n<figure class=\"wp-block-image size-large\"><img loading=\"lazy\" decoding=\"async\" width=\"2048\" height=\"1152\" data-id=\"163995\" src=\"https:\/\/epochtimestr.com\/wp-content\/uploads\/2011y\/Halil-Kumbur.jpeg\" alt=\"Mersin \u0130sti\u015fare Kul\u00fcb\u00fc, Kas\u0131m ay\u0131 toplant\u0131s\u0131nda \u00e7evre ve at\u0131k y\u00f6netimi konular\u0131n\u0131 ele ald\u0131\u011f\u0131 \u201c\u00c7evre Sorunlar\u0131 ve \u00c7\u00f6z\u00fcm \u00d6nerileri\u201d ba\u015fl\u0131kl\u0131 bir bulu\u015fma ger\u00e7ekle\u015ftirdi.\" class=\"wp-image-163995\" srcset=\"https:\/\/epochtimestr.com\/wp-content\/uploads\/2011y\/Halil-Kumbur.jpeg 2048w, https:\/\/epochtimestr.com\/wp-content\/uploads\/2011y\/Halil-Kumbur-300x169.jpeg 300w, https:\/\/epochtimestr.com\/wp-content\/uploads\/2011y\/Halil-Kumbur-150x84.jpeg 150w, https:\/\/epochtimestr.com\/wp-content\/uploads\/2011y\/Halil-Kumbur-768x432.jpeg 768w, https:\/\/epochtimestr.com\/wp-content\/uploads\/2011y\/Halil-Kumbur-1536x864.jpeg 1536w\" sizes=\"(max-width: 2048px) 100vw, 2048px\" \/><\/figure>\n\n\n\n<figure class=\"wp-block-image size-large\"><img loading=\"lazy\" decoding=\"async\" width=\"1600\" height=\"1067\" data-id=\"163992\" src=\"https:\/\/epochtimestr.com\/wp-content\/uploads\/2011y\/Imac.jpeg\" alt=\"Mersin \u0130sti\u015fare Kul\u00fcb\u00fc, Kas\u0131m ay\u0131 toplant\u0131s\u0131nda \u00e7evre ve at\u0131k y\u00f6netimi konular\u0131n\u0131 ele ald\u0131\u011f\u0131 \u201c\u00c7evre Sorunlar\u0131 ve \u00c7\u00f6z\u00fcm \u00d6nerileri\u201d ba\u015fl\u0131kl\u0131 bir bulu\u015fma ger\u00e7ekle\u015ftirdi.\" class=\"wp-image-163992\" srcset=\"https:\/\/epochtimestr.com\/wp-content\/uploads\/2011y\/Imac.jpeg 1600w, https:\/\/epochtimestr.com\/wp-content\/uploads\/2011y\/Imac-300x200.jpeg 300w, https:\/\/epochtimestr.com\/wp-content\/uploads\/2011y\/Imac-150x100.jpeg 150w, https:\/\/epochtimestr.com\/wp-content\/uploads\/2011y\/Imac-768x512.jpeg 768w, https:\/\/epochtimestr.com\/wp-content\/uploads\/2011y\/Imac-1536x1024.jpeg 1536w\" sizes=\"(max-width: 1600px) 100vw, 1600px\" \/><\/figure>\n\n\n\n<figure class=\"wp-block-image size-large\"><img loading=\"lazy\" decoding=\"async\" width=\"1600\" height=\"1067\" data-id=\"163993\" src=\"https:\/\/epochtimestr.com\/wp-content\/uploads\/2011y\/MIK-Kahvalti.jpeg\" alt=\"Mersin \u0130sti\u015fare Kul\u00fcb\u00fc, Kas\u0131m ay\u0131 toplant\u0131s\u0131nda \u00e7evre ve at\u0131k y\u00f6netimi konular\u0131n\u0131 ele ald\u0131\u011f\u0131 \u201c\u00c7evre Sorunlar\u0131 ve \u00c7\u00f6z\u00fcm \u00d6nerileri\u201d ba\u015fl\u0131kl\u0131 bir bulu\u015fma ger\u00e7ekle\u015ftirdi.\" class=\"wp-image-163993\" srcset=\"https:\/\/epochtimestr.com\/wp-content\/uploads\/2011y\/MIK-Kahvalti.jpeg 1600w, https:\/\/epochtimestr.com\/wp-content\/uploads\/2011y\/MIK-Kahvalti-300x200.jpeg 300w, https:\/\/epochtimestr.com\/wp-content\/uploads\/2011y\/MIK-Kahvalti-150x100.jpeg 150w, https:\/\/epochtimestr.com\/wp-content\/uploads\/2011y\/MIK-Kahvalti-768x512.jpeg 768w, https:\/\/epochtimestr.com\/wp-content\/uploads\/2011y\/MIK-Kahvalti-1536x1024.jpeg 1536w\" sizes=\"(max-width: 1600px) 100vw, 1600px\" \/><\/figure>\n\n\n\n<figure class=\"wp-block-image size-large\"><img loading=\"lazy\" decoding=\"async\" width=\"2048\" height=\"1152\" data-id=\"163994\" src=\"https:\/\/epochtimestr.com\/wp-content\/uploads\/2011y\/Sinan-Can.jpeg\" alt=\"Mersin \u0130sti\u015fare Kul\u00fcb\u00fc, Kas\u0131m ay\u0131 toplant\u0131s\u0131nda \u00e7evre ve at\u0131k y\u00f6netimi konular\u0131n\u0131 ele ald\u0131\u011f\u0131 \u201c\u00c7evre Sorunlar\u0131 ve \u00c7\u00f6z\u00fcm \u00d6nerileri\u201d ba\u015fl\u0131kl\u0131 bir bulu\u015fma ger\u00e7ekle\u015ftirdi.\" class=\"wp-image-163994\" srcset=\"https:\/\/epochtimestr.com\/wp-content\/uploads\/2011y\/Sinan-Can.jpeg 2048w, https:\/\/epochtimestr.com\/wp-content\/uploads\/2011y\/Sinan-Can-300x169.jpeg 300w, https:\/\/epochtimestr.com\/wp-content\/uploads\/2011y\/Sinan-Can-150x84.jpeg 150w, https:\/\/epochtimestr.com\/wp-content\/uploads\/2011y\/Sinan-Can-768x432.jpeg 768w, https:\/\/epochtimestr.com\/wp-content\/uploads\/2011y\/Sinan-Can-1536x864.jpeg 1536w\" sizes=\"(max-width: 2048px) 100vw, 2048px\" \/><\/figure>\n<\/figure>\n","protected":false},"excerpt":{"rendered":"<p>Mersin \u0130sti\u015fare Kul\u00fcb\u00fc\u2019n\u00fcn \u201c\u00c7evre Sorunlar\u0131 ve \u00c7\u00f6z\u00fcm \u00d6nerileri\u201d toplant\u0131s\u0131nda konu\u015fan uzmanlar, Tisan\u2019daki yap\u0131la\u015fmadan G\u00f6ksu Deltas\u0131\u2019na, plastik at\u0131k krizinden 2050 kurakl\u0131k projeksiyonlar\u0131na kadar kentte derinle\u015fen \u00e7evresel risklere dikkat \u00e7ekti. Mersin \u0130sti\u015fare Kul\u00fcb\u00fc, Kas\u0131m ay\u0131 toplant\u0131s\u0131nda \u00e7evre ve at\u0131k y\u00f6netimi konular\u0131n\u0131 ele ald\u0131\u011f\u0131 \u201c\u00c7evre Sorunlar\u0131 ve \u00c7\u00f6z\u00fcm \u00d6nerileri\u201d ba\u015fl\u0131kl\u0131 bir bulu\u015fma ger\u00e7ekle\u015ftirdi. Toplant\u0131ya Mersin \u00dcniversitesi \u00c7evre M\u00fchendisli\u011fi [&hellip;]<\/p>\n","protected":false},"author":12791,"featured_media":163990,"comment_status":"open","ping_status":"open","sticky":false,"template":"","format":"standard","meta":{"_yoast_wpseo_focuskw":"Mersin - \u00c7evre","_yoast_wpseo_title":"","_yoast_wpseo_metadesc":"Mersin \u0130sti\u015fare Kul\u00fcb\u00fc\u2019n\u00fcn \u201c\u00c7evre Sorunlar\u0131 ve \u00c7\u00f6z\u00fcm \u00d6nerileri\u201d toplant\u0131s\u0131nda konu\u015fan uzmanlar Mersin'deki \u00e7evre sorunlar\u0131na dikkat \u00e7ekti.","_bbp_topic_count":0,"_bbp_reply_count":0,"_bbp_total_topic_count":0,"_bbp_total_reply_count":0,"_bbp_voice_count":0,"_bbp_anonymous_reply_count":0,"_bbp_topic_count_hidden":0,"_bbp_reply_count_hidden":0,"_bbp_forum_subforum_count":0,"footnotes":"","_yoast_wpseo_focuskw_text_input":""},"categories":[1,8419],"tags":[],"yoast_head":"<!-- This site is optimized with the Yoast SEO plugin v23.0 - https:\/\/yoast.com\/wordpress\/plugins\/seo\/ -->\n<title>Mersin\u2019de \u00c7evre Alarm\u0131: Uzmanlardan Tisan, G\u00f6ksu Deltas\u0131 ve Plastik At\u0131k Uyar\u0131s\u0131 - The Epoch Times TR<\/title>\n<meta name=\"description\" content=\"Mersin \u0130sti\u015fare Kul\u00fcb\u00fc\u2019n\u00fcn \u201c\u00c7evre Sorunlar\u0131 ve \u00c7\u00f6z\u00fcm \u00d6nerileri\u201d toplant\u0131s\u0131nda konu\u015fan uzmanlar Mersin&#039;deki \u00e7evre sorunlar\u0131na dikkat \u00e7ekti.\" \/>\n<meta name=\"robots\" content=\"index, follow, max-snippet:-1, max-image-preview:large, max-video-preview:-1\" \/>\n<link rel=\"canonical\" href=\"https:\/\/epochtimestr.com\/index.php\/mersinde-cevre-alarmi-uzmanlardan-tisan-goksu-deltasi-ve-plastik-atik-uyarisi\" \/>\n<meta property=\"og:locale\" content=\"tr_TR\" \/>\n<meta property=\"og:type\" content=\"article\" \/>\n<meta property=\"og:title\" content=\"Mersin\u2019de \u00c7evre Alarm\u0131: Uzmanlardan Tisan, G\u00f6ksu Deltas\u0131 ve Plastik At\u0131k Uyar\u0131s\u0131 - The Epoch Times TR\" \/>\n<meta property=\"og:description\" content=\"Mersin \u0130sti\u015fare Kul\u00fcb\u00fc\u2019n\u00fcn \u201c\u00c7evre Sorunlar\u0131 ve \u00c7\u00f6z\u00fcm \u00d6nerileri\u201d toplant\u0131s\u0131nda konu\u015fan uzmanlar Mersin&#039;deki \u00e7evre sorunlar\u0131na dikkat \u00e7ekti.\" \/>\n<meta property=\"og:url\" content=\"https:\/\/epochtimestr.com\/index.php\/mersinde-cevre-alarmi-uzmanlardan-tisan-goksu-deltasi-ve-plastik-atik-uyarisi\" \/>\n<meta property=\"og:site_name\" content=\"The Epoch Times TR\" \/>\n<meta property=\"article:publisher\" content=\"https:\/\/www.facebook.com\/theepochtimestr\" \/>\n<meta property=\"article:published_time\" content=\"2025-11-30T12:43:58+00:00\" \/>\n<meta property=\"article:modified_time\" content=\"2025-12-01T10:46:39+00:00\" \/>\n<meta property=\"og:image\" content=\"https:\/\/epochtimestr.com\/wp-content\/uploads\/2011y\/MIK.jpg\" \/>\n\t<meta property=\"og:image:width\" content=\"1162\" \/>\n\t<meta property=\"og:image:height\" content=\"775\" \/>\n\t<meta property=\"og:image:type\" content=\"image\/jpeg\" \/>\n<meta name=\"author\" content=\"Haber Merkezi\" \/>\n<meta name=\"twitter:card\" content=\"summary_large_image\" \/>\n<meta name=\"twitter:creator\" content=\"@TheEpochTimesTR\" \/>\n<meta name=\"twitter:site\" content=\"@TheEpochTimesTR\" \/>\n<meta name=\"twitter:label1\" content=\"Yazan:\" \/>\n\t<meta name=\"twitter:data1\" content=\"Haber Merkezi\" \/>\n\t<meta name=\"twitter:label2\" content=\"Tahmini okuma s\u00fcresi\" \/>\n\t<meta name=\"twitter:data2\" content=\"6 dakika\" \/>\n<script type=\"application\/ld+json\" class=\"yoast-schema-graph\">{\"@context\":\"https:\/\/schema.org\",\"@graph\":[{\"@type\":\"Article\",\"@id\":\"https:\/\/epochtimestr.com\/index.php\/mersinde-cevre-alarmi-uzmanlardan-tisan-goksu-deltasi-ve-plastik-atik-uyarisi#article\",\"isPartOf\":{\"@id\":\"https:\/\/epochtimestr.com\/index.php\/mersinde-cevre-alarmi-uzmanlardan-tisan-goksu-deltasi-ve-plastik-atik-uyarisi\"},\"author\":{\"name\":\"Haber Merkezi\",\"@id\":\"https:\/\/epochtimestr.com\/#\/schema\/person\/3dc5c3adeb9f43923c5aa85889172fdd\"},\"headline\":\"Mersin\u2019de \u00c7evre Alarm\u0131: Uzmanlardan Tisan, G\u00f6ksu Deltas\u0131 ve Plastik At\u0131k Uyar\u0131s\u0131\",\"datePublished\":\"2025-11-30T12:43:58+00:00\",\"dateModified\":\"2025-12-01T10:46:39+00:00\",\"mainEntityOfPage\":{\"@id\":\"https:\/\/epochtimestr.com\/index.php\/mersinde-cevre-alarmi-uzmanlardan-tisan-goksu-deltasi-ve-plastik-atik-uyarisi\"},\"wordCount\":957,\"commentCount\":0,\"publisher\":{\"@id\":\"https:\/\/epochtimestr.com\/#organization\"},\"image\":{\"@id\":\"https:\/\/epochtimestr.com\/index.php\/mersinde-cevre-alarmi-uzmanlardan-tisan-goksu-deltasi-ve-plastik-atik-uyarisi#primaryimage\"},\"thumbnailUrl\":\"https:\/\/epochtimestr.com\/wp-content\/uploads\/2011y\/MIK.jpg\",\"articleSection\":[\"G\u00dcNDEM\",\"Ya\u015fam\"],\"inLanguage\":\"tr\",\"potentialAction\":[{\"@type\":\"CommentAction\",\"name\":\"Comment\",\"target\":[\"https:\/\/epochtimestr.com\/index.php\/mersinde-cevre-alarmi-uzmanlardan-tisan-goksu-deltasi-ve-plastik-atik-uyarisi#respond\"]}]},{\"@type\":\"WebPage\",\"@id\":\"https:\/\/epochtimestr.com\/index.php\/mersinde-cevre-alarmi-uzmanlardan-tisan-goksu-deltasi-ve-plastik-atik-uyarisi\",\"url\":\"https:\/\/epochtimestr.com\/index.php\/mersinde-cevre-alarmi-uzmanlardan-tisan-goksu-deltasi-ve-plastik-atik-uyarisi\",\"name\":\"Mersin\u2019de \u00c7evre Alarm\u0131: Uzmanlardan Tisan, G\u00f6ksu Deltas\u0131 ve Plastik At\u0131k Uyar\u0131s\u0131 - The Epoch Times TR\",\"isPartOf\":{\"@id\":\"https:\/\/epochtimestr.com\/#website\"},\"primaryImageOfPage\":{\"@id\":\"https:\/\/epochtimestr.com\/index.php\/mersinde-cevre-alarmi-uzmanlardan-tisan-goksu-deltasi-ve-plastik-atik-uyarisi#primaryimage\"},\"image\":{\"@id\":\"https:\/\/epochtimestr.com\/index.php\/mersinde-cevre-alarmi-uzmanlardan-tisan-goksu-deltasi-ve-plastik-atik-uyarisi#primaryimage\"},\"thumbnailUrl\":\"https:\/\/epochtimestr.com\/wp-content\/uploads\/2011y\/MIK.jpg\",\"datePublished\":\"2025-11-30T12:43:58+00:00\",\"dateModified\":\"2025-12-01T10:46:39+00:00\",\"description\":\"Mersin \u0130sti\u015fare Kul\u00fcb\u00fc\u2019n\u00fcn \u201c\u00c7evre Sorunlar\u0131 ve \u00c7\u00f6z\u00fcm \u00d6nerileri\u201d toplant\u0131s\u0131nda konu\u015fan uzmanlar Mersin'deki \u00e7evre sorunlar\u0131na dikkat \u00e7ekti.\",\"inLanguage\":\"tr\",\"potentialAction\":[{\"@type\":\"ReadAction\",\"target\":[\"https:\/\/epochtimestr.com\/index.php\/mersinde-cevre-alarmi-uzmanlardan-tisan-goksu-deltasi-ve-plastik-atik-uyarisi\"]}]},{\"@type\":\"ImageObject\",\"inLanguage\":\"tr\",\"@id\":\"https:\/\/epochtimestr.com\/index.php\/mersinde-cevre-alarmi-uzmanlardan-tisan-goksu-deltasi-ve-plastik-atik-uyarisi#primaryimage\",\"url\":\"https:\/\/epochtimestr.com\/wp-content\/uploads\/2011y\/MIK.jpg\",\"contentUrl\":\"https:\/\/epochtimestr.com\/wp-content\/uploads\/2011y\/MIK.jpg\",\"width\":1162,\"height\":775},{\"@type\":\"WebSite\",\"@id\":\"https:\/\/epochtimestr.com\/#website\",\"url\":\"https:\/\/epochtimestr.com\/\",\"name\":\"The Epoch Times TR\",\"description\":\"De\u011fi\u015fen D\u00fcnyam\u0131za Taze Bir Bak\u0131\u015f\",\"publisher\":{\"@id\":\"https:\/\/epochtimestr.com\/#organization\"},\"potentialAction\":[{\"@type\":\"SearchAction\",\"target\":{\"@type\":\"EntryPoint\",\"urlTemplate\":\"https:\/\/epochtimestr.com\/?s={search_term_string}\"},\"query-input\":\"required name=search_term_string\"}],\"inLanguage\":\"tr\"},{\"@type\":\"Organization\",\"@id\":\"https:\/\/epochtimestr.com\/#organization\",\"name\":\"The EpochTimes T\u00fcrkiye\",\"url\":\"https:\/\/epochtimestr.com\/\",\"logo\":{\"@type\":\"ImageObject\",\"inLanguage\":\"tr\",\"@id\":\"https:\/\/epochtimestr.com\/#\/schema\/logo\/image\/\",\"url\":\"https:\/\/epochtimestr.com\/wp-content\/uploads\/2011y\/ET-Logo-YG.jpg\",\"contentUrl\":\"https:\/\/epochtimestr.com\/wp-content\/uploads\/2011y\/ET-Logo-YG.jpg\",\"width\":346,\"height\":29,\"caption\":\"The EpochTimes T\u00fcrkiye\"},\"image\":{\"@id\":\"https:\/\/epochtimestr.com\/#\/schema\/logo\/image\/\"},\"sameAs\":[\"https:\/\/www.facebook.com\/theepochtimestr\",\"https:\/\/x.com\/TheEpochTimesTR\",\"https:\/\/www.instagram.com\/epochtimestr\"]},{\"@type\":\"Person\",\"@id\":\"https:\/\/epochtimestr.com\/#\/schema\/person\/3dc5c3adeb9f43923c5aa85889172fdd\",\"name\":\"Haber Merkezi\",\"image\":{\"@type\":\"ImageObject\",\"inLanguage\":\"tr\",\"@id\":\"https:\/\/epochtimestr.com\/#\/schema\/person\/image\/\",\"url\":\"https:\/\/secure.gravatar.com\/avatar\/d73f772ba5a74f28601361e17c2f93e6?s=96&d=mm&r=g\",\"contentUrl\":\"https:\/\/secure.gravatar.com\/avatar\/d73f772ba5a74f28601361e17c2f93e6?s=96&d=mm&r=g\",\"caption\":\"Haber Merkezi\"},\"url\":\"https:\/\/epochtimestr.com\/index.php\/author\/sendag\"}]}<\/script>\n<!-- \/ Yoast SEO plugin. -->","yoast_head_json":{"title":"Mersin\u2019de \u00c7evre Alarm\u0131: Uzmanlardan Tisan, G\u00f6ksu Deltas\u0131 ve Plastik At\u0131k Uyar\u0131s\u0131 - The Epoch Times TR","description":"Mersin \u0130sti\u015fare Kul\u00fcb\u00fc\u2019n\u00fcn \u201c\u00c7evre Sorunlar\u0131 ve \u00c7\u00f6z\u00fcm \u00d6nerileri\u201d toplant\u0131s\u0131nda konu\u015fan uzmanlar Mersin'deki \u00e7evre sorunlar\u0131na dikkat \u00e7ekti.","robots":{"index":"index","follow":"follow","max-snippet":"max-snippet:-1","max-image-preview":"max-image-preview:large","max-video-preview":"max-video-preview:-1"},"canonical":"https:\/\/epochtimestr.com\/index.php\/mersinde-cevre-alarmi-uzmanlardan-tisan-goksu-deltasi-ve-plastik-atik-uyarisi","og_locale":"tr_TR","og_type":"article","og_title":"Mersin\u2019de \u00c7evre Alarm\u0131: Uzmanlardan Tisan, G\u00f6ksu Deltas\u0131 ve Plastik At\u0131k Uyar\u0131s\u0131 - The Epoch Times TR","og_description":"Mersin \u0130sti\u015fare Kul\u00fcb\u00fc\u2019n\u00fcn \u201c\u00c7evre Sorunlar\u0131 ve \u00c7\u00f6z\u00fcm \u00d6nerileri\u201d toplant\u0131s\u0131nda konu\u015fan uzmanlar Mersin'deki \u00e7evre sorunlar\u0131na dikkat \u00e7ekti.","og_url":"https:\/\/epochtimestr.com\/index.php\/mersinde-cevre-alarmi-uzmanlardan-tisan-goksu-deltasi-ve-plastik-atik-uyarisi","og_site_name":"The Epoch Times TR","article_publisher":"https:\/\/www.facebook.com\/theepochtimestr","article_published_time":"2025-11-30T12:43:58+00:00","article_modified_time":"2025-12-01T10:46:39+00:00","og_image":[{"width":1162,"height":775,"url":"https:\/\/epochtimestr.com\/wp-content\/uploads\/2011y\/MIK.jpg","type":"image\/jpeg"}],"author":"Haber Merkezi","twitter_card":"summary_large_image","twitter_creator":"@TheEpochTimesTR","twitter_site":"@TheEpochTimesTR","twitter_misc":{"Yazan:":"Haber Merkezi","Tahmini okuma s\u00fcresi":"6 dakika"},"schema":{"@context":"https:\/\/schema.org","@graph":[{"@type":"Article","@id":"https:\/\/epochtimestr.com\/index.php\/mersinde-cevre-alarmi-uzmanlardan-tisan-goksu-deltasi-ve-plastik-atik-uyarisi#article","isPartOf":{"@id":"https:\/\/epochtimestr.com\/index.php\/mersinde-cevre-alarmi-uzmanlardan-tisan-goksu-deltasi-ve-plastik-atik-uyarisi"},"author":{"name":"Haber Merkezi","@id":"https:\/\/epochtimestr.com\/#\/schema\/person\/3dc5c3adeb9f43923c5aa85889172fdd"},"headline":"Mersin\u2019de \u00c7evre Alarm\u0131: Uzmanlardan Tisan, G\u00f6ksu Deltas\u0131 ve Plastik At\u0131k Uyar\u0131s\u0131","datePublished":"2025-11-30T12:43:58+00:00","dateModified":"2025-12-01T10:46:39+00:00","mainEntityOfPage":{"@id":"https:\/\/epochtimestr.com\/index.php\/mersinde-cevre-alarmi-uzmanlardan-tisan-goksu-deltasi-ve-plastik-atik-uyarisi"},"wordCount":957,"commentCount":0,"publisher":{"@id":"https:\/\/epochtimestr.com\/#organization"},"image":{"@id":"https:\/\/epochtimestr.com\/index.php\/mersinde-cevre-alarmi-uzmanlardan-tisan-goksu-deltasi-ve-plastik-atik-uyarisi#primaryimage"},"thumbnailUrl":"https:\/\/epochtimestr.com\/wp-content\/uploads\/2011y\/MIK.jpg","articleSection":["G\u00dcNDEM","Ya\u015fam"],"inLanguage":"tr","potentialAction":[{"@type":"CommentAction","name":"Comment","target":["https:\/\/epochtimestr.com\/index.php\/mersinde-cevre-alarmi-uzmanlardan-tisan-goksu-deltasi-ve-plastik-atik-uyarisi#respond"]}]},{"@type":"WebPage","@id":"https:\/\/epochtimestr.com\/index.php\/mersinde-cevre-alarmi-uzmanlardan-tisan-goksu-deltasi-ve-plastik-atik-uyarisi","url":"https:\/\/epochtimestr.com\/index.php\/mersinde-cevre-alarmi-uzmanlardan-tisan-goksu-deltasi-ve-plastik-atik-uyarisi","name":"Mersin\u2019de \u00c7evre Alarm\u0131: Uzmanlardan Tisan, G\u00f6ksu Deltas\u0131 ve Plastik At\u0131k Uyar\u0131s\u0131 - The Epoch Times TR","isPartOf":{"@id":"https:\/\/epochtimestr.com\/#website"},"primaryImageOfPage":{"@id":"https:\/\/epochtimestr.com\/index.php\/mersinde-cevre-alarmi-uzmanlardan-tisan-goksu-deltasi-ve-plastik-atik-uyarisi#primaryimage"},"image":{"@id":"https:\/\/epochtimestr.com\/index.php\/mersinde-cevre-alarmi-uzmanlardan-tisan-goksu-deltasi-ve-plastik-atik-uyarisi#primaryimage"},"thumbnailUrl":"https:\/\/epochtimestr.com\/wp-content\/uploads\/2011y\/MIK.jpg","datePublished":"2025-11-30T12:43:58+00:00","dateModified":"2025-12-01T10:46:39+00:00","description":"Mersin \u0130sti\u015fare Kul\u00fcb\u00fc\u2019n\u00fcn \u201c\u00c7evre Sorunlar\u0131 ve \u00c7\u00f6z\u00fcm \u00d6nerileri\u201d toplant\u0131s\u0131nda konu\u015fan uzmanlar Mersin'deki \u00e7evre sorunlar\u0131na dikkat \u00e7ekti.","inLanguage":"tr","potentialAction":[{"@type":"ReadAction","target":["https:\/\/epochtimestr.com\/index.php\/mersinde-cevre-alarmi-uzmanlardan-tisan-goksu-deltasi-ve-plastik-atik-uyarisi"]}]},{"@type":"ImageObject","inLanguage":"tr","@id":"https:\/\/epochtimestr.com\/index.php\/mersinde-cevre-alarmi-uzmanlardan-tisan-goksu-deltasi-ve-plastik-atik-uyarisi#primaryimage","url":"https:\/\/epochtimestr.com\/wp-content\/uploads\/2011y\/MIK.jpg","contentUrl":"https:\/\/epochtimestr.com\/wp-content\/uploads\/2011y\/MIK.jpg","width":1162,"height":775},{"@type":"WebSite","@id":"https:\/\/epochtimestr.com\/#website","url":"https:\/\/epochtimestr.com\/","name":"The Epoch Times TR","description":"De\u011fi\u015fen D\u00fcnyam\u0131za Taze Bir Bak\u0131\u015f","publisher":{"@id":"https:\/\/epochtimestr.com\/#organization"},"potentialAction":[{"@type":"SearchAction","target":{"@type":"EntryPoint","urlTemplate":"https:\/\/epochtimestr.com\/?s={search_term_string}"},"query-input":"required name=search_term_string"}],"inLanguage":"tr"},{"@type":"Organization","@id":"https:\/\/epochtimestr.com\/#organization","name":"The EpochTimes T\u00fcrkiye","url":"https:\/\/epochtimestr.com\/","logo":{"@type":"ImageObject","inLanguage":"tr","@id":"https:\/\/epochtimestr.com\/#\/schema\/logo\/image\/","url":"https:\/\/epochtimestr.com\/wp-content\/uploads\/2011y\/ET-Logo-YG.jpg","contentUrl":"https:\/\/epochtimestr.com\/wp-content\/uploads\/2011y\/ET-Logo-YG.jpg","width":346,"height":29,"caption":"The EpochTimes T\u00fcrkiye"},"image":{"@id":"https:\/\/epochtimestr.com\/#\/schema\/logo\/image\/"},"sameAs":["https:\/\/www.facebook.com\/theepochtimestr","https:\/\/x.com\/TheEpochTimesTR","https:\/\/www.instagram.com\/epochtimestr"]},{"@type":"Person","@id":"https:\/\/epochtimestr.com\/#\/schema\/person\/3dc5c3adeb9f43923c5aa85889172fdd","name":"Haber Merkezi","image":{"@type":"ImageObject","inLanguage":"tr","@id":"https:\/\/epochtimestr.com\/#\/schema\/person\/image\/","url":"https:\/\/secure.gravatar.com\/avatar\/d73f772ba5a74f28601361e17c2f93e6?s=96&d=mm&r=g","contentUrl":"https:\/\/secure.gravatar.com\/avatar\/d73f772ba5a74f28601361e17c2f93e6?s=96&d=mm&r=g","caption":"Haber Merkezi"},"url":"https:\/\/epochtimestr.com\/index.php\/author\/sendag"}]}},"_links":{"self":[{"href":"https:\/\/epochtimestr.com\/index.php\/wp-json\/wp\/v2\/posts\/163989"}],"collection":[{"href":"https:\/\/epochtimestr.com\/index.php\/wp-json\/wp\/v2\/posts"}],"about":[{"href":"https:\/\/epochtimestr.com\/index.php\/wp-json\/wp\/v2\/types\/post"}],"author":[{"embeddable":true,"href":"https:\/\/epochtimestr.com\/index.php\/wp-json\/wp\/v2\/users\/12791"}],"replies":[{"embeddable":true,"href":"https:\/\/epochtimestr.com\/index.php\/wp-json\/wp\/v2\/comments?post=163989"}],"version-history":[{"count":3,"href":"https:\/\/epochtimestr.com\/index.php\/wp-json\/wp\/v2\/posts\/163989\/revisions"}],"predecessor-version":[{"id":164008,"href":"https:\/\/epochtimestr.com\/index.php\/wp-json\/wp\/v2\/posts\/163989\/revisions\/164008"}],"wp:featuredmedia":[{"embeddable":true,"href":"https:\/\/epochtimestr.com\/index.php\/wp-json\/wp\/v2\/media\/163990"}],"wp:attachment":[{"href":"https:\/\/epochtimestr.com\/index.php\/wp-json\/wp\/v2\/media?parent=163989"}],"wp:term":[{"taxonomy":"category","embeddable":true,"href":"https:\/\/epochtimestr.com\/index.php\/wp-json\/wp\/v2\/categories?post=163989"},{"taxonomy":"post_tag","embeddable":true,"href":"https:\/\/epochtimestr.com\/index.php\/wp-json\/wp\/v2\/tags?post=163989"}],"curies":[{"name":"wp","href":"https:\/\/api.w.org\/{rel}","templated":true}]}}