{"id":164125,"date":"2025-12-06T08:42:00","date_gmt":"2025-12-06T05:42:00","guid":{"rendered":"https:\/\/epochtimestr.com\/?p=164125"},"modified":"2025-12-06T21:21:39","modified_gmt":"2025-12-06T18:21:39","slug":"ekol-tatbiki-4-karma-sergisi-acildi","status":"publish","type":"post","link":"https:\/\/epochtimestr.com\/index.php\/ekol-tatbiki-4-karma-sergisi-acildi","title":{"rendered":"\u201cEkol Tatbiki 4&#8243; Karma Sergisi A\u00e7\u0131ld\u0131"},"content":{"rendered":"<div class=\"wp-block-image\">\n<figure class=\"aligncenter size-full\"><img loading=\"lazy\" decoding=\"async\" width=\"2000\" height=\"1126\" src=\"https:\/\/epochtimestr.com\/wp-content\/uploads\/2011y\/Ekol-4.2.jpeg\" alt=\"Ekol Tatbiki Sanat Toplulu\u011fu, d\u00f6rd\u00fcnc\u00fc karma sergisini sanatseverlerle bulu\u015fturdu. \" class=\"wp-image-164126\" srcset=\"https:\/\/epochtimestr.com\/wp-content\/uploads\/2011y\/Ekol-4.2.jpeg 2000w, https:\/\/epochtimestr.com\/wp-content\/uploads\/2011y\/Ekol-4.2-300x169.jpeg 300w, https:\/\/epochtimestr.com\/wp-content\/uploads\/2011y\/Ekol-4.2-150x84.jpeg 150w, https:\/\/epochtimestr.com\/wp-content\/uploads\/2011y\/Ekol-4.2-768x432.jpeg 768w, https:\/\/epochtimestr.com\/wp-content\/uploads\/2011y\/Ekol-4.2-1536x865.jpeg 1536w\" sizes=\"(max-width: 2000px) 100vw, 2000px\" \/><\/figure><\/div>\n\n\n<p>1957 y\u0131l\u0131nda kurulan Tatbiki G\u00fczel Sanatlar Y\u00fcksek Okulu\u2019nun devam\u0131 olan Marmara \u00dcniversitesi G\u00fczel Sanatlar Fak\u00fcltesi mezunu ve \u00f6\u011fretim elemanlar\u0131ndan olu\u015fan <strong>Ekol Tatbiki Sanat Toplulu\u011fu<\/strong>, d\u00f6rd\u00fcnc\u00fc karma sergisini sanatseverlerle bulu\u015fturdu. \u201cEkol Tatbiki 4\u201d ba\u015fl\u0131kl\u0131 karma sergi, <strong>4\u20137 Aral\u0131k 2025<\/strong> tarihleri aras\u0131nda <strong>L\u00fctf\u00fc K\u0131rdar Uluslararas\u0131 Kongre ve Sergi Saray\u0131\u2019nda<\/strong> d\u00fczenlenen \u0130AAF Sanat ve Antika Fuar\u0131 kapsam\u0131nda <strong>LA1 salonunda<\/strong> ziyarete a\u00e7\u0131ld\u0131.<\/p>\n\n\n\n<p>Ekol Tatbiki Toplulu\u011fu\u2019nun kurucusu <strong>Berrin Aksu k\u00fcrat\u00f6rl\u00fc\u011f\u00fcnde<\/strong> haz\u0131rlanan sergide farkl\u0131 disiplinlerden \u00e7al\u0131\u015fan <strong>66 mezun ve \u00f6\u011fretim eleman\u0131n\u0131n eserleri<\/strong> yer al\u0131yor. Sergide tekstil, grafik, resim ve heykel ba\u015fta olmak \u00fczere \u00e7ok \u00e7e\u015fitli sanat \u00fcretimleri bir arada sunuluyor.<\/p>\n\n\n\n<h3 class=\"wp-block-heading\">\u201cBauhaus ekol\u00fcn\u00fc anlatmak bizim i\u00e7in \u00f6nemli\u201d<\/h3>\n\n\n\n<p>Serginin k\u00fcrat\u00f6r\u00fc Berrin Aksu yapt\u0131\u011f\u0131 a\u00e7\u0131klamada etkinli\u011fin temel amac\u0131na dikkat \u00e7ekerek \u015funlar\u0131 s\u00f6yledi:<\/p>\n\n\n\n<blockquote class=\"wp-block-quote is-layout-flow wp-block-quote-is-layout-flow\">\n<p>\u201cSergimizin esas amac\u0131, bug\u00fcn ad\u0131 Marmara \u00dcniversitesi G\u00fczel Sanatlar Fak\u00fcltesi olan okulumuzun e\u011fitim temelini olu\u015fturan Bauhaus ekol\u00fcn\u00fc anlatmakt\u0131r. Bu ekol sayesinde \u00e7e\u015fitli disiplinlerde e\u011fitim g\u00f6rm\u00fc\u015f olan veya e\u011fitim veren ekibimizle \u00e7ok y\u00f6nl\u00fc bir sergi olu\u015fturduk. Sanat ve tasar\u0131m g\u00fcc\u00fcn\u00fcn g\u00fcn\u00fcm\u00fcz sanayiine nas\u0131l yans\u0131d\u0131\u011f\u0131n\u0131 g\u00f6stermek istiyoruz ve ekol\u00fcm\u00fcz\u00fc merak eden herkesi sergimize davet ediyoruz.\u201d<\/p>\n<\/blockquote>\n\n\n\n<p>Sergi, fuar\u0131n a\u00e7\u0131k oldu\u011fu <strong>11.00\u201319.00 saatleri aras\u0131nda<\/strong> ziyaret edilebilecek.<\/p>\n\n\n<div class=\"wp-block-image\">\n<figure class=\"aligncenter size-large\"><img loading=\"lazy\" decoding=\"async\" width=\"1595\" height=\"1200\" src=\"https:\/\/epochtimestr.com\/wp-content\/uploads\/2011y\/Ekol-4-1-1595x1200.jpeg\" alt=\"Ekol Tatbiki Sanat Toplulu\u011fu, d\u00f6rd\u00fcnc\u00fc karma sergisini sanatseverlerle bulu\u015fturdu. \" class=\"wp-image-164134\" srcset=\"https:\/\/epochtimestr.com\/wp-content\/uploads\/2011y\/Ekol-4-1-1595x1200.jpeg 1595w, https:\/\/epochtimestr.com\/wp-content\/uploads\/2011y\/Ekol-4-1-300x226.jpeg 300w, https:\/\/epochtimestr.com\/wp-content\/uploads\/2011y\/Ekol-4-1-150x113.jpeg 150w, https:\/\/epochtimestr.com\/wp-content\/uploads\/2011y\/Ekol-4-1-768x578.jpeg 768w, https:\/\/epochtimestr.com\/wp-content\/uploads\/2011y\/Ekol-4-1-1536x1156.jpeg 1536w, https:\/\/epochtimestr.com\/wp-content\/uploads\/2011y\/Ekol-4-1-86x64.jpeg 86w, https:\/\/epochtimestr.com\/wp-content\/uploads\/2011y\/Ekol-4-1.jpeg 1600w\" sizes=\"(max-width: 1595px) 100vw, 1595px\" \/><\/figure><\/div>\n\n\n<h3 class=\"wp-block-heading\">Sergiye Kat\u0131lan Sanat\u00e7\u0131lar<\/h3>\n\n\n\n<p>Sergiye kat\u0131lan sanat\u00e7\u0131la;in isimleri ise \u015f\u00f6yle;<br \/>G\u00fcler Ertan, Sema Ar\u0131gil, At\u0131f Atalayer, G\u00fcnay Ayka\u00e7 Atalayer, Fatma G\u00fclnar Mc Cann, Figen I\u015f\u0131ktan, Nuran Say, Adnan Do\u011fan, Ali Atilla Ar\u0131soy, Ay\u015fe G\u00fcnay, Bahar Kor, Banu Ka\u00e7kaner, Bar\u0131\u015f S\u00f6nmezate\u015f, Ba\u015fak \u00d6zdemir Uysal, Berrin Aksu, Burak Bayburtlu, Damla Ye\u015filo\u011flu, Demet Y\u0131ld\u0131z Yan\u0131zca, Ebru Dikmen Varol, Elvan Kol\u00e7ak \u00d6ks\u00fcm, Emine G\u00fcl Bolulu, Emine Mine G\u00fcler, Emine Zoralo\u011flu G\u00f6n\u00fcll\u00fc, Esra \u0130nce Turan, Esra Yarar Bayraktar, Evrim Demir \u00d6zt\u00fcrk, Fatma Yelda Gezicio\u011flu, Fatma Kurt De\u011fer, G\u00fclay Kaygusuz, G\u00fclnihal K\u00fcpeli, Hamparsum Demircio\u011flu, Irmak Bayburtlu \u00c7etinsoy, \u0130rem Sabanu\u00e7 G\u00f6n\u00fcl, \u0130smail Kaya, Mebruke Tuncel, Mehmet G\u00fcldiz, Meryem Tomak, Metin Ate\u015f, Mine Be\u015fen Yal\u00e7\u0131n, Mine Soral, Nesrin Bing\u00f6l, Nihal \u00d6zbek, Nilay Lale Y\u0131lmaz, Nilay Osman \u0130zmirli, Kadir Tepret, Nursema \u00d6zt\u00fcrk, Nurten Ertemur \u00d6zel, Orhan Alg\u00f6k, Oya \u015eener, \u00d6zcan Tos, \u00d6zge Nalbanto\u011flu, \u00d6zge Usluca Erim, \u00d6zlem Atao\u011fuz \u00c7al, Rozita Kasuto, Salimeh Amanjani, Sevil Ba\u011fdatl\u0131 \u00d6zt\u00fcrk, Seyhan Demir, Sibel Y\u0131lmaz \u00d6zg\u00fcney, Sinan \u0130z, Suna Akku\u015f, S\u00fcreyya Oskay, \u015eenel Gen\u00e7, \u015eule \u00dcz\u00fcn, Tolga Berkay, U\u011furtan G\u00fcrkaner, Vildan Tok Dereci.<\/p>\n\n\n\n<h3 class=\"wp-block-heading\">\u00d6nceki Sergilerden Notlar<\/h3>\n\n\n\n<p>Toplulu\u011fun ilk sergisi <strong>17 \u015eubat \u2013 3 Mart 2018<\/strong> tarihleri aras\u0131nda Ni\u015fanta\u015f\u0131 Galeri Abay\u2019da 55 sanat\u00e7\u0131n\u0131n kat\u0131l\u0131m\u0131yla ger\u00e7ekle\u015ftirildi.<\/p>\n\n\n\n<p>\u0130kinci sergi <strong>3\u201325 Ekim 2024<\/strong> tarihlerinde Maltepe Prof. Dr. T\u00fcrkan Saylan K\u00fclt\u00fcr Merkezi\u2019nde 140 eserle sanatseverlerin ziyaretine a\u00e7\u0131ld\u0131.<\/p>\n\n\n\n<p>\u00dc\u00e7\u00fcnc\u00fc sergi ise <strong>4\u201317 \u015eubat 2025<\/strong> tarihinde yine T\u00fcrkan Saylan K\u00fclt\u00fcr Merkezi\u2019nde d\u00fczenlendi ve 102 sanat\u00e7\u0131 yer ald\u0131.<\/p>\n\n\n\n<p>Serginin g\u00f6rselleri ve eser \u00f6rneklerine eri\u015fmek isteyen sanatseverler, organizasyon taraf\u0131ndan payla\u015f\u0131lan \u00e7evrim i\u00e7i dosya ba\u011flant\u0131s\u0131ndan daha fazla bilgi edinebilecek.<\/p>\n\n\n\n<figure class=\"wp-block-gallery has-nested-images columns-default is-cropped\">\n<figure class=\"wp-block-image size-large\"><img loading=\"lazy\" decoding=\"async\" width=\"1595\" height=\"1200\" data-id=\"164128\" src=\"https:\/\/epochtimestr.com\/wp-content\/uploads\/2011y\/WhatsApp-Image-2025-12-05-at-18.51.35-1-1595x1200.jpeg\" alt=\"Ekol Tatbiki Sanat Toplulu\u011fu, d\u00f6rd\u00fcnc\u00fc karma sergisini sanatseverlerle bulu\u015fturdu. \" class=\"wp-image-164128\" srcset=\"https:\/\/epochtimestr.com\/wp-content\/uploads\/2011y\/WhatsApp-Image-2025-12-05-at-18.51.35-1-1595x1200.jpeg 1595w, https:\/\/epochtimestr.com\/wp-content\/uploads\/2011y\/WhatsApp-Image-2025-12-05-at-18.51.35-1-300x226.jpeg 300w, https:\/\/epochtimestr.com\/wp-content\/uploads\/2011y\/WhatsApp-Image-2025-12-05-at-18.51.35-1-150x113.jpeg 150w, https:\/\/epochtimestr.com\/wp-content\/uploads\/2011y\/WhatsApp-Image-2025-12-05-at-18.51.35-1-768x578.jpeg 768w, https:\/\/epochtimestr.com\/wp-content\/uploads\/2011y\/WhatsApp-Image-2025-12-05-at-18.51.35-1-1536x1156.jpeg 1536w, https:\/\/epochtimestr.com\/wp-content\/uploads\/2011y\/WhatsApp-Image-2025-12-05-at-18.51.35-1-86x64.jpeg 86w, https:\/\/epochtimestr.com\/wp-content\/uploads\/2011y\/WhatsApp-Image-2025-12-05-at-18.51.35-1.jpeg 1600w\" sizes=\"(max-width: 1595px) 100vw, 1595px\" \/><\/figure>\n\n\n\n<figure class=\"wp-block-image size-large\"><img loading=\"lazy\" decoding=\"async\" width=\"1595\" height=\"1200\" data-id=\"164132\" src=\"https:\/\/epochtimestr.com\/wp-content\/uploads\/2011y\/WhatsApp-Image-2025-12-05-at-18.51.35-1595x1200.jpeg\" alt=\"Ekol Tatbiki Sanat Toplulu\u011fu, d\u00f6rd\u00fcnc\u00fc karma sergisini sanatseverlerle bulu\u015fturdu. \" class=\"wp-image-164132\" srcset=\"https:\/\/epochtimestr.com\/wp-content\/uploads\/2011y\/WhatsApp-Image-2025-12-05-at-18.51.35-1595x1200.jpeg 1595w, https:\/\/epochtimestr.com\/wp-content\/uploads\/2011y\/WhatsApp-Image-2025-12-05-at-18.51.35-300x226.jpeg 300w, https:\/\/epochtimestr.com\/wp-content\/uploads\/2011y\/WhatsApp-Image-2025-12-05-at-18.51.35-150x113.jpeg 150w, https:\/\/epochtimestr.com\/wp-content\/uploads\/2011y\/WhatsApp-Image-2025-12-05-at-18.51.35-768x578.jpeg 768w, https:\/\/epochtimestr.com\/wp-content\/uploads\/2011y\/WhatsApp-Image-2025-12-05-at-18.51.35-1536x1156.jpeg 1536w, https:\/\/epochtimestr.com\/wp-content\/uploads\/2011y\/WhatsApp-Image-2025-12-05-at-18.51.35-86x64.jpeg 86w, https:\/\/epochtimestr.com\/wp-content\/uploads\/2011y\/WhatsApp-Image-2025-12-05-at-18.51.35.jpeg 1600w\" sizes=\"(max-width: 1595px) 100vw, 1595px\" \/><\/figure>\n\n\n\n<figure class=\"wp-block-image size-large\"><img loading=\"lazy\" decoding=\"async\" width=\"1595\" height=\"1200\" data-id=\"164129\" src=\"https:\/\/epochtimestr.com\/wp-content\/uploads\/2011y\/WhatsApp-Image-2025-12-05-at-18.53.48-1595x1200.jpeg\" alt=\"Ekol Tatbiki Sanat Toplulu\u011fu, d\u00f6rd\u00fcnc\u00fc karma sergisini sanatseverlerle bulu\u015fturdu. \" class=\"wp-image-164129\" srcset=\"https:\/\/epochtimestr.com\/wp-content\/uploads\/2011y\/WhatsApp-Image-2025-12-05-at-18.53.48-1595x1200.jpeg 1595w, https:\/\/epochtimestr.com\/wp-content\/uploads\/2011y\/WhatsApp-Image-2025-12-05-at-18.53.48-300x226.jpeg 300w, https:\/\/epochtimestr.com\/wp-content\/uploads\/2011y\/WhatsApp-Image-2025-12-05-at-18.53.48-150x113.jpeg 150w, https:\/\/epochtimestr.com\/wp-content\/uploads\/2011y\/WhatsApp-Image-2025-12-05-at-18.53.48-768x578.jpeg 768w, https:\/\/epochtimestr.com\/wp-content\/uploads\/2011y\/WhatsApp-Image-2025-12-05-at-18.53.48-1536x1156.jpeg 1536w, https:\/\/epochtimestr.com\/wp-content\/uploads\/2011y\/WhatsApp-Image-2025-12-05-at-18.53.48-86x64.jpeg 86w, https:\/\/epochtimestr.com\/wp-content\/uploads\/2011y\/WhatsApp-Image-2025-12-05-at-18.53.48.jpeg 1600w\" sizes=\"(max-width: 1595px) 100vw, 1595px\" \/><\/figure>\n\n\n\n<figure class=\"wp-block-image size-large\"><img loading=\"lazy\" decoding=\"async\" width=\"1595\" height=\"1200\" data-id=\"164130\" src=\"https:\/\/epochtimestr.com\/wp-content\/uploads\/2011y\/WhatsApp-Image-2025-12-05-at-18.56.53-1-1595x1200.jpeg\" alt=\"Ekol Tatbiki Sanat Toplulu\u011fu, d\u00f6rd\u00fcnc\u00fc karma sergisini sanatseverlerle bulu\u015fturdu. \" class=\"wp-image-164130\" srcset=\"https:\/\/epochtimestr.com\/wp-content\/uploads\/2011y\/WhatsApp-Image-2025-12-05-at-18.56.53-1-1595x1200.jpeg 1595w, https:\/\/epochtimestr.com\/wp-content\/uploads\/2011y\/WhatsApp-Image-2025-12-05-at-18.56.53-1-300x226.jpeg 300w, https:\/\/epochtimestr.com\/wp-content\/uploads\/2011y\/WhatsApp-Image-2025-12-05-at-18.56.53-1-150x113.jpeg 150w, https:\/\/epochtimestr.com\/wp-content\/uploads\/2011y\/WhatsApp-Image-2025-12-05-at-18.56.53-1-768x578.jpeg 768w, https:\/\/epochtimestr.com\/wp-content\/uploads\/2011y\/WhatsApp-Image-2025-12-05-at-18.56.53-1-1536x1156.jpeg 1536w, https:\/\/epochtimestr.com\/wp-content\/uploads\/2011y\/WhatsApp-Image-2025-12-05-at-18.56.53-1-86x64.jpeg 86w, https:\/\/epochtimestr.com\/wp-content\/uploads\/2011y\/WhatsApp-Image-2025-12-05-at-18.56.53-1.jpeg 1600w\" sizes=\"(max-width: 1595px) 100vw, 1595px\" \/><\/figure>\n\n\n\n<figure class=\"wp-block-image size-large\"><img loading=\"lazy\" decoding=\"async\" width=\"1595\" height=\"1200\" data-id=\"164131\" src=\"https:\/\/epochtimestr.com\/wp-content\/uploads\/2011y\/WhatsApp-Image-2025-12-05-at-18.56.53-1595x1200.jpeg\" alt=\"\" class=\"wp-image-164131\" srcset=\"https:\/\/epochtimestr.com\/wp-content\/uploads\/2011y\/WhatsApp-Image-2025-12-05-at-18.56.53-1595x1200.jpeg 1595w, https:\/\/epochtimestr.com\/wp-content\/uploads\/2011y\/WhatsApp-Image-2025-12-05-at-18.56.53-300x226.jpeg 300w, https:\/\/epochtimestr.com\/wp-content\/uploads\/2011y\/WhatsApp-Image-2025-12-05-at-18.56.53-150x113.jpeg 150w, https:\/\/epochtimestr.com\/wp-content\/uploads\/2011y\/WhatsApp-Image-2025-12-05-at-18.56.53-768x578.jpeg 768w, https:\/\/epochtimestr.com\/wp-content\/uploads\/2011y\/WhatsApp-Image-2025-12-05-at-18.56.53-1536x1156.jpeg 1536w, https:\/\/epochtimestr.com\/wp-content\/uploads\/2011y\/WhatsApp-Image-2025-12-05-at-18.56.53-86x64.jpeg 86w, https:\/\/epochtimestr.com\/wp-content\/uploads\/2011y\/WhatsApp-Image-2025-12-05-at-18.56.53.jpeg 1600w\" sizes=\"(max-width: 1595px) 100vw, 1595px\" \/><\/figure>\n<\/figure>\n","protected":false},"excerpt":{"rendered":"<p>1957 y\u0131l\u0131nda kurulan Tatbiki G\u00fczel Sanatlar Y\u00fcksek Okulu\u2019nun devam\u0131 olan Marmara \u00dcniversitesi G\u00fczel Sanatlar Fak\u00fcltesi mezunu ve \u00f6\u011fretim elemanlar\u0131ndan olu\u015fan Ekol Tatbiki Sanat Toplulu\u011fu, d\u00f6rd\u00fcnc\u00fc karma sergisini sanatseverlerle bulu\u015fturdu. \u201cEkol Tatbiki 4\u201d ba\u015fl\u0131kl\u0131 karma sergi, 4\u20137 Aral\u0131k 2025 tarihleri aras\u0131nda L\u00fctf\u00fc K\u0131rdar Uluslararas\u0131 Kongre ve Sergi Saray\u0131\u2019nda d\u00fczenlenen \u0130AAF Sanat ve Antika Fuar\u0131 kapsam\u0131nda LA1 [&hellip;]<\/p>\n","protected":false},"author":12791,"featured_media":164126,"comment_status":"open","ping_status":"open","sticky":false,"template":"","format":"standard","meta":{"_yoast_wpseo_focuskw":"Ekol Tatbiki","_yoast_wpseo_title":"","_yoast_wpseo_metadesc":"Ekol Tatbiki Sanat Toplulu\u011fu, d\u00f6rd\u00fcnc\u00fc karma sergisini sanatseverlerle bulu\u015fturdu. Sergi, 4\u20137 Aral\u0131k 2025 tarihleri aras\u0131nda gezilebilir.","_bbp_topic_count":0,"_bbp_reply_count":0,"_bbp_total_topic_count":0,"_bbp_total_reply_count":0,"_bbp_voice_count":0,"_bbp_anonymous_reply_count":0,"_bbp_topic_count_hidden":0,"_bbp_reply_count_hidden":0,"_bbp_forum_subforum_count":0,"footnotes":"","_yoast_wpseo_focuskw_text_input":""},"categories":[1,8206,8190],"tags":[],"yoast_head":"<!-- This site is optimized with the Yoast SEO plugin v23.0 - https:\/\/yoast.com\/wordpress\/plugins\/seo\/ -->\n<title>\u201cEkol Tatbiki 4&quot; Karma Sergisi A\u00e7\u0131ld\u0131 - The Epoch Times TR<\/title>\n<meta name=\"description\" content=\"Ekol Tatbiki Sanat Toplulu\u011fu, d\u00f6rd\u00fcnc\u00fc karma sergisini sanatseverlerle bulu\u015fturdu. Sergi, 4\u20137 Aral\u0131k 2025 tarihleri aras\u0131nda gezilebilir.\" \/>\n<meta name=\"robots\" content=\"index, follow, max-snippet:-1, max-image-preview:large, max-video-preview:-1\" \/>\n<link rel=\"canonical\" href=\"https:\/\/epochtimestr.com\/index.php\/ekol-tatbiki-4-karma-sergisi-acildi\" \/>\n<meta property=\"og:locale\" content=\"tr_TR\" \/>\n<meta property=\"og:type\" content=\"article\" \/>\n<meta property=\"og:title\" content=\"\u201cEkol Tatbiki 4&quot; Karma Sergisi A\u00e7\u0131ld\u0131 - The Epoch Times TR\" \/>\n<meta property=\"og:description\" content=\"Ekol Tatbiki Sanat Toplulu\u011fu, d\u00f6rd\u00fcnc\u00fc karma sergisini sanatseverlerle bulu\u015fturdu. Sergi, 4\u20137 Aral\u0131k 2025 tarihleri aras\u0131nda gezilebilir.\" \/>\n<meta property=\"og:url\" content=\"https:\/\/epochtimestr.com\/index.php\/ekol-tatbiki-4-karma-sergisi-acildi\" \/>\n<meta property=\"og:site_name\" content=\"The Epoch Times TR\" \/>\n<meta property=\"article:publisher\" content=\"https:\/\/www.facebook.com\/theepochtimestr\" \/>\n<meta property=\"article:published_time\" content=\"2025-12-06T05:42:00+00:00\" \/>\n<meta property=\"article:modified_time\" content=\"2025-12-06T18:21:39+00:00\" \/>\n<meta property=\"og:image\" content=\"https:\/\/epochtimestr.com\/wp-content\/uploads\/2011y\/Ekol-4.2.jpeg\" \/>\n\t<meta property=\"og:image:width\" content=\"2000\" \/>\n\t<meta property=\"og:image:height\" content=\"1126\" \/>\n\t<meta property=\"og:image:type\" content=\"image\/jpeg\" \/>\n<meta name=\"author\" content=\"Haber Merkezi\" \/>\n<meta name=\"twitter:card\" content=\"summary_large_image\" \/>\n<meta name=\"twitter:creator\" content=\"@TheEpochTimesTR\" \/>\n<meta name=\"twitter:site\" content=\"@TheEpochTimesTR\" \/>\n<meta name=\"twitter:label1\" content=\"Yazan:\" \/>\n\t<meta name=\"twitter:data1\" content=\"Haber Merkezi\" \/>\n\t<meta name=\"twitter:label2\" content=\"Tahmini okuma s\u00fcresi\" \/>\n\t<meta name=\"twitter:data2\" content=\"4 dakika\" \/>\n<script type=\"application\/ld+json\" class=\"yoast-schema-graph\">{\"@context\":\"https:\/\/schema.org\",\"@graph\":[{\"@type\":\"Article\",\"@id\":\"https:\/\/epochtimestr.com\/index.php\/ekol-tatbiki-4-karma-sergisi-acildi#article\",\"isPartOf\":{\"@id\":\"https:\/\/epochtimestr.com\/index.php\/ekol-tatbiki-4-karma-sergisi-acildi\"},\"author\":{\"name\":\"Haber Merkezi\",\"@id\":\"https:\/\/epochtimestr.com\/#\/schema\/person\/3dc5c3adeb9f43923c5aa85889172fdd\"},\"headline\":\"\u201cEkol Tatbiki 4&#8243; Karma Sergisi A\u00e7\u0131ld\u0131\",\"datePublished\":\"2025-12-06T05:42:00+00:00\",\"dateModified\":\"2025-12-06T18:21:39+00:00\",\"mainEntityOfPage\":{\"@id\":\"https:\/\/epochtimestr.com\/index.php\/ekol-tatbiki-4-karma-sergisi-acildi\"},\"wordCount\":566,\"commentCount\":0,\"publisher\":{\"@id\":\"https:\/\/epochtimestr.com\/#organization\"},\"image\":{\"@id\":\"https:\/\/epochtimestr.com\/index.php\/ekol-tatbiki-4-karma-sergisi-acildi#primaryimage\"},\"thumbnailUrl\":\"https:\/\/epochtimestr.com\/wp-content\/uploads\/2011y\/Ekol-4.2.jpeg\",\"articleSection\":[\"G\u00dcNDEM\",\"\u00d6ne \u00c7\u0131kan\",\"Sanat ve Gelenek\"],\"inLanguage\":\"tr\",\"potentialAction\":[{\"@type\":\"CommentAction\",\"name\":\"Comment\",\"target\":[\"https:\/\/epochtimestr.com\/index.php\/ekol-tatbiki-4-karma-sergisi-acildi#respond\"]}]},{\"@type\":\"WebPage\",\"@id\":\"https:\/\/epochtimestr.com\/index.php\/ekol-tatbiki-4-karma-sergisi-acildi\",\"url\":\"https:\/\/epochtimestr.com\/index.php\/ekol-tatbiki-4-karma-sergisi-acildi\",\"name\":\"\u201cEkol Tatbiki 4\\\" Karma Sergisi A\u00e7\u0131ld\u0131 - The Epoch Times TR\",\"isPartOf\":{\"@id\":\"https:\/\/epochtimestr.com\/#website\"},\"primaryImageOfPage\":{\"@id\":\"https:\/\/epochtimestr.com\/index.php\/ekol-tatbiki-4-karma-sergisi-acildi#primaryimage\"},\"image\":{\"@id\":\"https:\/\/epochtimestr.com\/index.php\/ekol-tatbiki-4-karma-sergisi-acildi#primaryimage\"},\"thumbnailUrl\":\"https:\/\/epochtimestr.com\/wp-content\/uploads\/2011y\/Ekol-4.2.jpeg\",\"datePublished\":\"2025-12-06T05:42:00+00:00\",\"dateModified\":\"2025-12-06T18:21:39+00:00\",\"description\":\"Ekol Tatbiki Sanat Toplulu\u011fu, d\u00f6rd\u00fcnc\u00fc karma sergisini sanatseverlerle bulu\u015fturdu. Sergi, 4\u20137 Aral\u0131k 2025 tarihleri aras\u0131nda gezilebilir.\",\"inLanguage\":\"tr\",\"potentialAction\":[{\"@type\":\"ReadAction\",\"target\":[\"https:\/\/epochtimestr.com\/index.php\/ekol-tatbiki-4-karma-sergisi-acildi\"]}]},{\"@type\":\"ImageObject\",\"inLanguage\":\"tr\",\"@id\":\"https:\/\/epochtimestr.com\/index.php\/ekol-tatbiki-4-karma-sergisi-acildi#primaryimage\",\"url\":\"https:\/\/epochtimestr.com\/wp-content\/uploads\/2011y\/Ekol-4.2.jpeg\",\"contentUrl\":\"https:\/\/epochtimestr.com\/wp-content\/uploads\/2011y\/Ekol-4.2.jpeg\",\"width\":2000,\"height\":1126},{\"@type\":\"WebSite\",\"@id\":\"https:\/\/epochtimestr.com\/#website\",\"url\":\"https:\/\/epochtimestr.com\/\",\"name\":\"The Epoch Times TR\",\"description\":\"De\u011fi\u015fen D\u00fcnyam\u0131za Taze Bir Bak\u0131\u015f\",\"publisher\":{\"@id\":\"https:\/\/epochtimestr.com\/#organization\"},\"potentialAction\":[{\"@type\":\"SearchAction\",\"target\":{\"@type\":\"EntryPoint\",\"urlTemplate\":\"https:\/\/epochtimestr.com\/?s={search_term_string}\"},\"query-input\":\"required name=search_term_string\"}],\"inLanguage\":\"tr\"},{\"@type\":\"Organization\",\"@id\":\"https:\/\/epochtimestr.com\/#organization\",\"name\":\"The EpochTimes T\u00fcrkiye\",\"url\":\"https:\/\/epochtimestr.com\/\",\"logo\":{\"@type\":\"ImageObject\",\"inLanguage\":\"tr\",\"@id\":\"https:\/\/epochtimestr.com\/#\/schema\/logo\/image\/\",\"url\":\"https:\/\/epochtimestr.com\/wp-content\/uploads\/2011y\/ET-Logo-YG.jpg\",\"contentUrl\":\"https:\/\/epochtimestr.com\/wp-content\/uploads\/2011y\/ET-Logo-YG.jpg\",\"width\":346,\"height\":29,\"caption\":\"The EpochTimes T\u00fcrkiye\"},\"image\":{\"@id\":\"https:\/\/epochtimestr.com\/#\/schema\/logo\/image\/\"},\"sameAs\":[\"https:\/\/www.facebook.com\/theepochtimestr\",\"https:\/\/x.com\/TheEpochTimesTR\",\"https:\/\/www.instagram.com\/epochtimestr\"]},{\"@type\":\"Person\",\"@id\":\"https:\/\/epochtimestr.com\/#\/schema\/person\/3dc5c3adeb9f43923c5aa85889172fdd\",\"name\":\"Haber Merkezi\",\"image\":{\"@type\":\"ImageObject\",\"inLanguage\":\"tr\",\"@id\":\"https:\/\/epochtimestr.com\/#\/schema\/person\/image\/\",\"url\":\"https:\/\/secure.gravatar.com\/avatar\/d73f772ba5a74f28601361e17c2f93e6?s=96&d=mm&r=g\",\"contentUrl\":\"https:\/\/secure.gravatar.com\/avatar\/d73f772ba5a74f28601361e17c2f93e6?s=96&d=mm&r=g\",\"caption\":\"Haber Merkezi\"},\"url\":\"https:\/\/epochtimestr.com\/index.php\/author\/sendag\"}]}<\/script>\n<!-- \/ Yoast SEO plugin. -->","yoast_head_json":{"title":"\u201cEkol Tatbiki 4\" Karma Sergisi A\u00e7\u0131ld\u0131 - The Epoch Times TR","description":"Ekol Tatbiki Sanat Toplulu\u011fu, d\u00f6rd\u00fcnc\u00fc karma sergisini sanatseverlerle bulu\u015fturdu. Sergi, 4\u20137 Aral\u0131k 2025 tarihleri aras\u0131nda gezilebilir.","robots":{"index":"index","follow":"follow","max-snippet":"max-snippet:-1","max-image-preview":"max-image-preview:large","max-video-preview":"max-video-preview:-1"},"canonical":"https:\/\/epochtimestr.com\/index.php\/ekol-tatbiki-4-karma-sergisi-acildi","og_locale":"tr_TR","og_type":"article","og_title":"\u201cEkol Tatbiki 4\" Karma Sergisi A\u00e7\u0131ld\u0131 - The Epoch Times TR","og_description":"Ekol Tatbiki Sanat Toplulu\u011fu, d\u00f6rd\u00fcnc\u00fc karma sergisini sanatseverlerle bulu\u015fturdu. Sergi, 4\u20137 Aral\u0131k 2025 tarihleri aras\u0131nda gezilebilir.","og_url":"https:\/\/epochtimestr.com\/index.php\/ekol-tatbiki-4-karma-sergisi-acildi","og_site_name":"The Epoch Times TR","article_publisher":"https:\/\/www.facebook.com\/theepochtimestr","article_published_time":"2025-12-06T05:42:00+00:00","article_modified_time":"2025-12-06T18:21:39+00:00","og_image":[{"width":2000,"height":1126,"url":"https:\/\/epochtimestr.com\/wp-content\/uploads\/2011y\/Ekol-4.2.jpeg","type":"image\/jpeg"}],"author":"Haber Merkezi","twitter_card":"summary_large_image","twitter_creator":"@TheEpochTimesTR","twitter_site":"@TheEpochTimesTR","twitter_misc":{"Yazan:":"Haber Merkezi","Tahmini okuma s\u00fcresi":"4 dakika"},"schema":{"@context":"https:\/\/schema.org","@graph":[{"@type":"Article","@id":"https:\/\/epochtimestr.com\/index.php\/ekol-tatbiki-4-karma-sergisi-acildi#article","isPartOf":{"@id":"https:\/\/epochtimestr.com\/index.php\/ekol-tatbiki-4-karma-sergisi-acildi"},"author":{"name":"Haber Merkezi","@id":"https:\/\/epochtimestr.com\/#\/schema\/person\/3dc5c3adeb9f43923c5aa85889172fdd"},"headline":"\u201cEkol Tatbiki 4&#8243; Karma Sergisi A\u00e7\u0131ld\u0131","datePublished":"2025-12-06T05:42:00+00:00","dateModified":"2025-12-06T18:21:39+00:00","mainEntityOfPage":{"@id":"https:\/\/epochtimestr.com\/index.php\/ekol-tatbiki-4-karma-sergisi-acildi"},"wordCount":566,"commentCount":0,"publisher":{"@id":"https:\/\/epochtimestr.com\/#organization"},"image":{"@id":"https:\/\/epochtimestr.com\/index.php\/ekol-tatbiki-4-karma-sergisi-acildi#primaryimage"},"thumbnailUrl":"https:\/\/epochtimestr.com\/wp-content\/uploads\/2011y\/Ekol-4.2.jpeg","articleSection":["G\u00dcNDEM","\u00d6ne \u00c7\u0131kan","Sanat ve Gelenek"],"inLanguage":"tr","potentialAction":[{"@type":"CommentAction","name":"Comment","target":["https:\/\/epochtimestr.com\/index.php\/ekol-tatbiki-4-karma-sergisi-acildi#respond"]}]},{"@type":"WebPage","@id":"https:\/\/epochtimestr.com\/index.php\/ekol-tatbiki-4-karma-sergisi-acildi","url":"https:\/\/epochtimestr.com\/index.php\/ekol-tatbiki-4-karma-sergisi-acildi","name":"\u201cEkol Tatbiki 4\" Karma Sergisi A\u00e7\u0131ld\u0131 - The Epoch Times TR","isPartOf":{"@id":"https:\/\/epochtimestr.com\/#website"},"primaryImageOfPage":{"@id":"https:\/\/epochtimestr.com\/index.php\/ekol-tatbiki-4-karma-sergisi-acildi#primaryimage"},"image":{"@id":"https:\/\/epochtimestr.com\/index.php\/ekol-tatbiki-4-karma-sergisi-acildi#primaryimage"},"thumbnailUrl":"https:\/\/epochtimestr.com\/wp-content\/uploads\/2011y\/Ekol-4.2.jpeg","datePublished":"2025-12-06T05:42:00+00:00","dateModified":"2025-12-06T18:21:39+00:00","description":"Ekol Tatbiki Sanat Toplulu\u011fu, d\u00f6rd\u00fcnc\u00fc karma sergisini sanatseverlerle bulu\u015fturdu. Sergi, 4\u20137 Aral\u0131k 2025 tarihleri aras\u0131nda gezilebilir.","inLanguage":"tr","potentialAction":[{"@type":"ReadAction","target":["https:\/\/epochtimestr.com\/index.php\/ekol-tatbiki-4-karma-sergisi-acildi"]}]},{"@type":"ImageObject","inLanguage":"tr","@id":"https:\/\/epochtimestr.com\/index.php\/ekol-tatbiki-4-karma-sergisi-acildi#primaryimage","url":"https:\/\/epochtimestr.com\/wp-content\/uploads\/2011y\/Ekol-4.2.jpeg","contentUrl":"https:\/\/epochtimestr.com\/wp-content\/uploads\/2011y\/Ekol-4.2.jpeg","width":2000,"height":1126},{"@type":"WebSite","@id":"https:\/\/epochtimestr.com\/#website","url":"https:\/\/epochtimestr.com\/","name":"The Epoch Times TR","description":"De\u011fi\u015fen D\u00fcnyam\u0131za Taze Bir Bak\u0131\u015f","publisher":{"@id":"https:\/\/epochtimestr.com\/#organization"},"potentialAction":[{"@type":"SearchAction","target":{"@type":"EntryPoint","urlTemplate":"https:\/\/epochtimestr.com\/?s={search_term_string}"},"query-input":"required name=search_term_string"}],"inLanguage":"tr"},{"@type":"Organization","@id":"https:\/\/epochtimestr.com\/#organization","name":"The EpochTimes T\u00fcrkiye","url":"https:\/\/epochtimestr.com\/","logo":{"@type":"ImageObject","inLanguage":"tr","@id":"https:\/\/epochtimestr.com\/#\/schema\/logo\/image\/","url":"https:\/\/epochtimestr.com\/wp-content\/uploads\/2011y\/ET-Logo-YG.jpg","contentUrl":"https:\/\/epochtimestr.com\/wp-content\/uploads\/2011y\/ET-Logo-YG.jpg","width":346,"height":29,"caption":"The EpochTimes T\u00fcrkiye"},"image":{"@id":"https:\/\/epochtimestr.com\/#\/schema\/logo\/image\/"},"sameAs":["https:\/\/www.facebook.com\/theepochtimestr","https:\/\/x.com\/TheEpochTimesTR","https:\/\/www.instagram.com\/epochtimestr"]},{"@type":"Person","@id":"https:\/\/epochtimestr.com\/#\/schema\/person\/3dc5c3adeb9f43923c5aa85889172fdd","name":"Haber Merkezi","image":{"@type":"ImageObject","inLanguage":"tr","@id":"https:\/\/epochtimestr.com\/#\/schema\/person\/image\/","url":"https:\/\/secure.gravatar.com\/avatar\/d73f772ba5a74f28601361e17c2f93e6?s=96&d=mm&r=g","contentUrl":"https:\/\/secure.gravatar.com\/avatar\/d73f772ba5a74f28601361e17c2f93e6?s=96&d=mm&r=g","caption":"Haber Merkezi"},"url":"https:\/\/epochtimestr.com\/index.php\/author\/sendag"}]}},"_links":{"self":[{"href":"https:\/\/epochtimestr.com\/index.php\/wp-json\/wp\/v2\/posts\/164125"}],"collection":[{"href":"https:\/\/epochtimestr.com\/index.php\/wp-json\/wp\/v2\/posts"}],"about":[{"href":"https:\/\/epochtimestr.com\/index.php\/wp-json\/wp\/v2\/types\/post"}],"author":[{"embeddable":true,"href":"https:\/\/epochtimestr.com\/index.php\/wp-json\/wp\/v2\/users\/12791"}],"replies":[{"embeddable":true,"href":"https:\/\/epochtimestr.com\/index.php\/wp-json\/wp\/v2\/comments?post=164125"}],"version-history":[{"count":4,"href":"https:\/\/epochtimestr.com\/index.php\/wp-json\/wp\/v2\/posts\/164125\/revisions"}],"predecessor-version":[{"id":164171,"href":"https:\/\/epochtimestr.com\/index.php\/wp-json\/wp\/v2\/posts\/164125\/revisions\/164171"}],"wp:featuredmedia":[{"embeddable":true,"href":"https:\/\/epochtimestr.com\/index.php\/wp-json\/wp\/v2\/media\/164126"}],"wp:attachment":[{"href":"https:\/\/epochtimestr.com\/index.php\/wp-json\/wp\/v2\/media?parent=164125"}],"wp:term":[{"taxonomy":"category","embeddable":true,"href":"https:\/\/epochtimestr.com\/index.php\/wp-json\/wp\/v2\/categories?post=164125"},{"taxonomy":"post_tag","embeddable":true,"href":"https:\/\/epochtimestr.com\/index.php\/wp-json\/wp\/v2\/tags?post=164125"}],"curies":[{"name":"wp","href":"https:\/\/api.w.org\/{rel}","templated":true}]}}