{"id":164147,"date":"2025-12-06T15:54:47","date_gmt":"2025-12-06T12:54:47","guid":{"rendered":"https:\/\/epochtimestr.com\/?p=164147"},"modified":"2025-12-06T19:57:17","modified_gmt":"2025-12-06T16:57:17","slug":"chp-29-donem-pm-uyesi-demirag-terorsuz-turkiye-sureci-chpyi-oyun-disi-birakmak-icin-dayatilan-bir-gundemdir2","status":"publish","type":"post","link":"https:\/\/epochtimestr.com\/index.php\/chp-29-donem-pm-uyesi-demirag-terorsuz-turkiye-sureci-chpyi-oyun-disi-birakmak-icin-dayatilan-bir-gundemdir2","title":{"rendered":"CHP 27. ve 29. D\u00f6nem PM \u00dcyesi Demira\u011f: \u201cTer\u00f6rs\u00fcz T\u00fcrkiye S\u00fcreci CHP\u2019yi Oyun D\u0131\u015f\u0131 B\u0131rakmak \u0130\u00e7in Dayat\u0131lan Bir G\u00fcndemdir.\u201d"},"content":{"rendered":"<div class=\"wp-block-image\">\n<figure class=\"aligncenter size-full\"><img loading=\"lazy\" decoding=\"async\" width=\"2048\" height=\"1366\" src=\"https:\/\/epochtimestr.com\/wp-content\/uploads\/2011y\/1000128394.jpg\" alt=\"\" class=\"wp-image-164154\" srcset=\"https:\/\/epochtimestr.com\/wp-content\/uploads\/2011y\/1000128394.jpg 2048w, https:\/\/epochtimestr.com\/wp-content\/uploads\/2011y\/1000128394-300x200.jpg 300w, https:\/\/epochtimestr.com\/wp-content\/uploads\/2011y\/1000128394-1799x1200.jpg 1799w, https:\/\/epochtimestr.com\/wp-content\/uploads\/2011y\/1000128394-150x100.jpg 150w, https:\/\/epochtimestr.com\/wp-content\/uploads\/2011y\/1000128394-768x512.jpg 768w, https:\/\/epochtimestr.com\/wp-content\/uploads\/2011y\/1000128394-1536x1025.jpg 1536w\" sizes=\"(max-width: 2048px) 100vw, 2048px\" \/><\/figure><\/div>\n\n\n<h2 class=\"wp-block-heading\">2000 y\u0131l\u0131nda CHP\u2019nin G\u00fcneydo\u011fu Sorunlar\u0131 ve Demokratikle\u015fme Komisyonunda yer alan ve kapsaml\u0131 bir g\u00fcneydo\u011fu raporu haz\u0131rlayan CHP 27. ve 29. D\u00f6nem PM \u00dcyesi ve Giri\u015fimci \u0130\u015f Kad\u0131n\u0131 Cavidan Demira\u011f, Ter\u00f6rs\u00fcz T\u00fcrkiye s\u00fcreci ve T\u00fcrkiye\u2019deki K\u00fcrt sorunu ile ilgili olarak gazetemiz Yaz\u0131 \u0130\u015fleri M\u00fcd\u00fcr\u00fc G. Hakan Ko\u00e7man\u2019\u0131n sorular\u0131n\u0131 yan\u0131tlad\u0131.<\/h2>\n\n\n\n<h3 class=\"wp-block-heading\"><em>CHP&#8217;nin 29. d\u00f6neminde PM \u00fcyesi iken, CHP\u2019nin G\u00fcneydo\u011fu Sorunlar\u0131 ve Demokratikle\u015fme Komisyonu ad\u0131na Parti M\u00fcfetti\u015fli\u011fi g\u00f6revini \u00fcstlenmi\u015ftiniz ve G\u00fcneydo\u011fu&#8217;da K\u00fcrt sorunu ile ilgili \u00e7al\u0131\u015fmalar yapt\u0131n\u0131z. O g\u00fcnleri biraz anlat\u0131r m\u0131s\u0131n\u0131z?<\/em><\/h3>\n\n\n\n<p>\u00d6ncelikle sizin nezdinizde The Epoch Times T\u00fcrkiye\u2019ye te\u015fekk\u00fcr ederim. Evet, 29. d\u00f6nem PM \u00fcyesi iken merhum Altan \u00d6ymen genel ba\u015fkanl\u0131\u011f\u0131nda G\u00fcneydo\u011fu Sorunlar\u0131 Ve Demokratikle\u015fme ad\u0131 alt\u0131nda bir komisyon kurulmas\u0131n\u0131 \u00f6nermi\u015ftik ve o komisyonda g\u00f6rev alm\u0131\u015ft\u0131m. CHP olarak G\u00fcneydo\u011fu b\u00f6lgesine bu konularda \u00e7al\u0131\u015fma yapmak \u00fczere giden ilk ve tek kad\u0131n parti m\u00fcfetti\u015fi olman\u0131n onuruyla \u00e7ok \u00e7al\u0131\u015ft\u0131m. 2000 y\u0131l\u0131n\u0131n yaz aylar\u0131n\u0131n en s\u0131cak g\u00fcnleriydi \u015e\u0131rnak 50 dereceydi o g\u00fcnlerde. Mardin, Diyarbak\u0131r, Urfa, \u015e\u0131rnak, Batman, Silopi, Nusaybin, Cizre, K\u0131z\u0131ltepe\u2019de be\u015f g\u00fcn boyunca esnaf, halk, sivil toplum kurulu\u015flar\u0131, gen\u00e7ler ve kad\u0131nlar ile \u00e7e\u015fitli temaslarda bulunduk. Toplant\u0131lar yapt\u0131k. Kar\u015f\u0131l\u0131kl\u0131 g\u00f6r\u00fc\u015f al\u0131\u015fveri\u015flerinde bulunduk. Ayr\u0131ca b\u00f6lge, o g\u00fcnlerde ola\u011fan\u00fcst\u00fc h\u00e2l b\u00f6lgesiydi. Tabii ki resmi izinli bir \u015fekilde g\u00f6rev yaparken sokak sokak gezmeye \u00e7al\u0131\u015ft\u0131k. T\u00fcm bilgileri ve edindi\u011fimiz izlenimleri not edip, sonunda kapsaml\u0131 bir rapor haz\u0131rlad\u0131k. Raporu \u015fahsen ben kendim yazd\u0131m ve t\u00fcm komisyon arkada\u015flar\u0131m da raporu imzalad\u0131lar.\u00a0<\/p>\n\n\n\n<h3 class=\"wp-block-heading\"><em>O zaman sizin sorunlarla ilgili tespitleriniz nelerdi?<\/em><\/h3>\n\n\n\n<p>O g\u00fcnlerde K\u00fcrt\u00e7e yasakt\u0131. \u0130leti\u015fimde ve halk\u0131n bilin\u00e7lenmesinde dil sorununun b\u00fcy\u00fck sorun oldu\u011funu fark ettik. Ben de bilhassa alt\u0131n\u0131 \u00e7izerek raporda bu konuya de\u011findim. Zira o b\u00f6lgede ya\u015fayan K\u00fcrt k\u00f6kenli vatanda\u015flar bizler gibi T\u00fcrkiye Cumhuriyeti vatanda\u015f\u0131yd\u0131 ama \u00f6zellikle kad\u0131nlar\u0131n \u00e7o\u011fu T\u00fcrk\u00e7e bilmiyordu. \u00d6rne\u011fin e\u011fitimsiz kad\u0131nlar \u00e7o\u011funluktayd\u0131 ve yasal haklar\u0131n\u0131 bilmiyorlard\u0131. Onlarla ileti\u015fim kurmakta zorluk \u00e7ekiyorduk. Bize terc\u00fcman yard\u0131mc\u0131 oluyordu. Bu konuda, yani ana dilde konu\u015fma yasa\u011f\u0131n\u0131n \u00f6nemli bir sorun tespiti oldu\u011funu fark ettik. B\u00f6lgede tar\u0131m ve sanayinin geli\u015fmemi\u015f oldu\u011funu g\u00f6rd\u00fck. Bu geli\u015fmemi\u015flik, yoksullu\u011fu ve i\u015fsizli\u011fi de beraberinde getiriyordu. Ayr\u0131ca geleneksel, feodal aile yap\u0131s\u0131 kad\u0131n\u0131 bask\u0131l\u0131yor, gerek \u00e7al\u0131\u015fma hayat\u0131nda gerekse sosyal hayatta kad\u0131n erkek e\u015fitsizli\u011fini beraberinde getiriyordu. Bu tespitlerimizi de rapora yans\u0131tm\u0131\u015ft\u0131m. \u00c7\u00f6z\u00fcm \u00f6nerilerini de raporun alt k\u0131sm\u0131na s\u0131ralam\u0131\u015f ve yazm\u0131\u015ft\u0131m. Heyet olarak raporumuzu imzalay\u0131p Genel Ba\u015fkan\u2019a sunmu\u015ftuk. Fakat merhum Altan \u00d6ymen ola\u011fan\u00fcst\u00fc kurultayda ba\u015fkanl\u0131k g\u00f6revini merhum Deniz Baykal kar\u015f\u0131s\u0131nda kaybetti\u011fi i\u00e7in, raporumuz y\u00fcr\u00fcrl\u00fc\u011fe girmedi. H\u00e2l\u00e2 bunun \u00fcz\u00fcnt\u00fcs\u00fcn\u00fc ya\u015far\u0131m.<\/p>\n\n\n\n<h3 class=\"wp-block-heading\"><em>O d\u00f6nemde b\u00f6lgede PKK\u2019n\u0131n durumu nas\u0131ld\u0131 peki?<\/em><\/h3>\n\n\n\n<p>\u00d6calan 1999 y\u0131l\u0131nda yakalan\u0131p T\u00fcrkiye\u2019ye getirilmi\u015fti. G\u00fcneydo\u011fu\u2019da ise h\u00e2l\u00e2 ola\u011fan\u00fcst\u00fc h\u00e2l s\u00fcr\u00fcyordu. PKK\u2019n\u0131n operasyon g\u00fcc\u00fc zay\u0131flam\u0131\u015f olsa da b\u00f6lgede h\u00e2l\u00e2 aktiflerdi. Her yerde barikatlar vard\u0131 ve korucular bu barikatlarda g\u00f6rev yap\u0131yorlard\u0131. Ge\u00e7i\u015fler kontrol alt\u0131ndayd\u0131. Her k\u00f6y kendini PKK\u2019ya kar\u015f\u0131 koruyordu. B\u00f6lgede asl\u0131nda K\u00fcrtler aras\u0131nda bu anlamda bir b\u00f6l\u00fcnme vard\u0131.<\/p>\n\n\n\n<h3 class=\"wp-block-heading\"><em>Bu \u00e7al\u0131\u015fmay\u0131 yapt\u0131\u011f\u0131n\u0131z g\u00fcnden bug\u00fcne kadar yakla\u015f\u0131k 26 y\u0131l ge\u00e7ti. Bug\u00fcn ya\u015fanan s\u00fcreci nas\u0131l de\u011ferlendiriyorsunuz?<\/em><\/h3>\n\n\n\n<p>Evet 26 y\u0131l \u00f6nce yapt\u0131\u011f\u0131m\u0131z bu \u00e7al\u0131\u015fmalar\u0131n y\u00fcr\u00fcrl\u00fc\u011fe girmemi\u015f olmas\u0131 ve h\u00e2l\u00e2 bu sorunun devam ediyor olmas\u0131 beni ziyadesiyle \u00fczmektedir. Asl\u0131nda b\u00f6lgedeki sorun bence G\u00fcneydo\u011fu\u2019da \u00e7al\u0131\u015ft\u0131\u011f\u0131m\u0131z g\u00fcnlerden pek de farkl\u0131 de\u011fil. Yaln\u0131z orada K\u00fcrt vatanda\u015flar\u0131m\u0131z art\u0131k ana dillerini istedikleri gibi konu\u015fuyorlar. Di\u011fer problemler ise devam ediyor. H\u00e2l\u00e2 feodal yap\u0131 devam ediyor, ekonomik ve sosyal sorunlar devam ediyor. Kad\u0131nlar bu feodal yap\u0131n\u0131n alt\u0131nda h\u00e2l\u00e2 e\u015fit de\u011filler ve e\u011fitimsizler. Asl\u0131nda bu komisyonun \u00e7\u00f6zmesi ve konu\u015fmas\u0131 gereken as\u0131l sorunlar bunlar. Bizler ise bug\u00fcn bamba\u015fka \u015feyler konu\u015fuyoruz.<\/p>\n\n\n\n<h3 class=\"wp-block-heading\"><em>Peki bug\u00fcn pek \u00e7ok ki\u015fi taraf\u0131ndan T\u00fcrkiye\u2019ye dayat\u0131lan bir g\u00fcndem olarak g\u00f6r\u00fclen bu s\u00fcre\u00e7 hakk\u0131nda ne d\u00fc\u015f\u00fcn\u00fcyorsunuz?<\/em><\/h3>\n\n\n\n<p>Ben \u015f\u00f6yle d\u00fc\u015f\u00fcn\u00fcyorum: asl\u0131nda bu konuyu iyi anlamak i\u00e7in PKK\u2019y\u0131 iyi anlamak gerek. PKK ortaya \u00e7\u0131kt\u0131\u011f\u0131 zaman ben de \u00fcniversitede okuyordum. 1970\u2019lerin sonlar\u0131. O d\u00f6nemde solu daha h\u00fcmanist buldu\u011fum i\u00e7in sol g\u00f6r\u00fc\u015fe yak\u0131nd\u0131m. O zaman KAWA&#8217;c\u0131lar ad\u0131nda bir grup vard\u0131. Bu gruptan ayr\u0131lan Abdullah \u00d6calan ve yanda\u015flar\u0131 daha sonra Apocular olarak an\u0131lmaya ba\u015flad\u0131. Bizi ve arkada\u015flar\u0131m\u0131z\u0131 bu grubun silahl\u0131 oldu\u011funa dair uyard\u0131lar. O d\u00f6nemde bizim \u00fcniversitede c\u0131mb\u0131z bile ta\u015f\u0131mam\u0131za izin verilmezdi. Apocular ise silahl\u0131yd\u0131. Silahla geziyor ve hi\u00e7 kimse onlara dokunmuyordu. 1980 darbesinde de hem sa\u011fdan hem soldan pek \u00e7ok ki\u015fi hayat\u0131n\u0131 kaybetti Pek \u00e7ok ki\u015fi i\u015fkence g\u00f6r\u00fcrken onlara hi\u00e7bir \u015fey olmad\u0131. Bu seneler i\u00e7erisinde onlar taban \u00f6rg\u00fctlenmelerini tamamlad\u0131lar ve ilk eylemlerini 1984 y\u0131l\u0131nda ger\u00e7ekle\u015ftirdiler. Bence bug\u00fcn\u00fc anlayabilmek i\u00e7in o g\u00fcnleri bilmek gerekir.\u00a0Bu olaylar benimle birlikte pek \u00e7ok ki\u015finin akl\u0131nda o d\u00f6neme ait soru i\u015faretleridir ve bug\u00fcne nas\u0131l gelindi\u011fini a\u00e7\u0131klar niteliktedir. Bu ba\u011flamda bug\u00fcn konu\u015fulanlar ve &#8220;Ter\u00f6rs\u00fcz T\u00fcrkiye s\u00fcreci&#8221; dayatma bir g\u00fcndemdir.<\/p>\n\n\n\n<h3 class=\"wp-block-heading\"><em>Peki bu s\u00fcre\u00e7te CHP\u2019yi nas\u0131l de\u011ferlendiriyorsunuz?<\/em><\/h3>\n\n\n\n<p>Bu s\u00fcre\u00e7 ba\u015flad\u0131\u011f\u0131 zaman T\u00fcrkiye B\u00fcy\u00fck Millet Meclisi\u2019nde kurulan \u00e7\u00f6z\u00fcm komisyonunda CHP\u2019nin g\u00f6rev almas\u0131n\u0131 \u00e7ok ele\u015ftirenlere kar\u015f\u0131, ben olumlu bulmu\u015ftum. Ben hi\u00e7bir zaman b\u00f6yle d\u00fc\u015f\u00fcnmedim. &#8220;Bence CHP \u00fcye vermelidir,&#8221; dedim. &#8220;Orada CHP temsil edilmelidir,&#8221; dedim. Biz her zaman T\u00fcrkiye Cumhuriyeti\u2019nin s\u0131n\u0131rlar\u0131 i\u00e7inde demokrasi a\u00e7\u0131s\u0131ndan ne yap\u0131lmas\u0131 gerekiyorsa onun yap\u0131lmas\u0131 gerekti\u011fini ve b\u00fct\u00fcn sorunlar\u0131n meclis \u00e7at\u0131s\u0131 alt\u0131nda halk\u0131n g\u00f6z\u00fcn\u00fcn \u00f6n\u00fcnde \u00e7\u00f6z\u00fclmesi gerekti\u011fine inanan ve bu konuda m\u00fccadele eden bir partiyiz. \u00c7\u00fcnk\u00fc T\u00fcrkiye Cumhuriyeti&#8217;ni kuran partiyiz.<\/p>\n\n\n\n<p>Ve \u015fimdi son g\u00fcnlerde, PKK ter\u00f6r \u00f6rg\u00fct\u00fcn\u00fcn ba\u015f\u0131 \u00d6calan\u2019\u0131n mahk\u00fbmiyetini s\u00fcrd\u00fcrd\u00fc\u011f\u00fc \u0130mral\u0131 adas\u0131na ziyarete gidecek heyete CHP\u2019nin kat\u0131lmama karar\u0131n\u0131 son derece olumlu buluyorum. Zira siyasi partiler bir d\u00fc\u015f\u00fcnce \u00fczerine kurulur. Vizyonu, misyonu gere\u011fi taban\u0131n\u0131n nabz\u0131n\u0131 alarak, \u00f6l\u00e7\u00fcmleyerek hareket etmelidir. T\u00fcrkiye Cumhuriyeti\u2019ni kuran ve kurtulu\u015fun partisi olan CHP ye yak\u0131\u015fan bir duru\u015f sergileyen CHP Genel Ba\u015fkan\u0131m\u0131z Say\u0131n \u00d6zg\u00fcl \u00d6zel ve \u00e7al\u0131\u015fma arkada\u015flar\u0131na te\u015fekk\u00fcr ediyorum<\/p>\n\n\n\n<p>Ayr\u0131ca, a\u00e7\u0131k oylamalar oldu. CHP\u2019nin komisyona katk\u0131lar\u0131 oldu. Komisyonun ad\u0131n\u0131n konmas\u0131na katk\u0131s\u0131 oldu. En son \u0130mral\u0131&#8217;ya heyet g\u00f6nderme konusunda CHP&#8217;nin temsilci vermemesine ve masadan kalkmas\u0131na DEM Partililer \u00e7ok tepki g\u00f6sterdi. Bence o konuda tepki g\u00f6stermemeliler. Neden? Bunu say\u0131n \u00d6zel de a\u00e7\u0131k bir \u015fekilde dile getirdi. \u201cK\u00fcrt sorununun parti olarak kabul ediyoruz.\u201d dedi. Fakat biz mevcut sorunlar\u0131n demokrasi yoluyla ger\u00e7ekten \u00e7\u00f6z\u00fclmesi taraftar\u0131y\u0131z ve sorunlar\u0131 \u00e7\u00f6zmek ad\u0131na ba\u015fka g\u00fcndemleri T\u00fcrkiye\u2019ye dayatmalara \u00e7al\u0131\u015f\u0131rlarsa CHP orada olmayacakt\u0131r.<\/p>\n","protected":false},"excerpt":{"rendered":"<p>2000 y\u0131l\u0131nda CHP\u2019nin G\u00fcneydo\u011fu Sorunlar\u0131 ve Demokratikle\u015fme Komisyonunda yer alan ve kapsaml\u0131 bir g\u00fcneydo\u011fu raporu haz\u0131rlayan CHP 27. ve 29. D\u00f6nem PM \u00dcyesi ve Giri\u015fimci \u0130\u015f Kad\u0131n\u0131 Cavidan Demira\u011f, Ter\u00f6rs\u00fcz T\u00fcrkiye s\u00fcreci ve T\u00fcrkiye\u2019deki K\u00fcrt sorunu ile ilgili olarak gazetemiz Yaz\u0131 \u0130\u015fleri M\u00fcd\u00fcr\u00fc G. Hakan Ko\u00e7man\u2019\u0131n sorular\u0131n\u0131 yan\u0131tlad\u0131. CHP&#8217;nin 29. d\u00f6neminde PM \u00fcyesi iken, CHP\u2019nin [&hellip;]<\/p>\n","protected":false},"author":12791,"featured_media":164154,"comment_status":"open","ping_status":"open","sticky":false,"template":"","format":"standard","meta":{"_yoast_wpseo_focuskw":"Ter\u00f6rs\u00fcz T\u00fcrkiye S\u00fcreci - CHP","_yoast_wpseo_title":"","_yoast_wpseo_metadesc":"2000 y\u0131l\u0131nda CHP\u2019nin G\u00fcneydo\u011fu Sorunlar\u0131 ve Demokratikle\u015fme Komisyonunda yer alan ve kapsaml\u0131 bir g\u00fcneydo\u011fu raporu haz\u0131rlayan CHP 27. ve 29. D\u00f6nem CHP PM \u00dcyesi ve Giri\u015fimci \u0130\u015f Kad\u0131n\u0131 Cavidan Demira\u011f, ile roportaj\u0131m\u0131z.","_bbp_topic_count":0,"_bbp_reply_count":0,"_bbp_total_topic_count":0,"_bbp_total_reply_count":0,"_bbp_voice_count":0,"_bbp_anonymous_reply_count":0,"_bbp_topic_count_hidden":0,"_bbp_reply_count_hidden":0,"_bbp_forum_subforum_count":0,"footnotes":"","_yoast_wpseo_focuskw_text_input":""},"categories":[1,8138,8226],"tags":[],"yoast_head":"<!-- This site is optimized with the Yoast SEO plugin v23.0 - https:\/\/yoast.com\/wordpress\/plugins\/seo\/ -->\n<title>CHP 27. ve 29. D\u00f6nem PM \u00dcyesi Demira\u011f: \u201cTer\u00f6rs\u00fcz T\u00fcrkiye S\u00fcreci CHP\u2019yi Oyun D\u0131\u015f\u0131 B\u0131rakmak \u0130\u00e7in Dayat\u0131lan Bir G\u00fcndemdir.\u201d - The Epoch Times TR<\/title>\n<meta name=\"description\" content=\"2000 y\u0131l\u0131nda CHP\u2019nin G\u00fcneydo\u011fu Sorunlar\u0131 ve Demokratikle\u015fme Komisyonunda yer alan ve kapsaml\u0131 bir g\u00fcneydo\u011fu raporu haz\u0131rlayan CHP 27. ve 29. D\u00f6nem CHP PM \u00dcyesi ve Giri\u015fimci \u0130\u015f Kad\u0131n\u0131 Cavidan Demira\u011f, ile roportaj\u0131m\u0131z.\" \/>\n<meta name=\"robots\" content=\"index, follow, max-snippet:-1, max-image-preview:large, max-video-preview:-1\" \/>\n<link rel=\"canonical\" href=\"https:\/\/epochtimestr.com\/index.php\/chp-29-donem-pm-uyesi-demirag-terorsuz-turkiye-sureci-chpyi-oyun-disi-birakmak-icin-dayatilan-bir-gundemdir2\" \/>\n<meta property=\"og:locale\" content=\"tr_TR\" \/>\n<meta property=\"og:type\" content=\"article\" \/>\n<meta property=\"og:title\" content=\"CHP 27. ve 29. D\u00f6nem PM \u00dcyesi Demira\u011f: \u201cTer\u00f6rs\u00fcz T\u00fcrkiye S\u00fcreci CHP\u2019yi Oyun D\u0131\u015f\u0131 B\u0131rakmak \u0130\u00e7in Dayat\u0131lan Bir G\u00fcndemdir.\u201d - The Epoch Times TR\" \/>\n<meta property=\"og:description\" content=\"2000 y\u0131l\u0131nda CHP\u2019nin G\u00fcneydo\u011fu Sorunlar\u0131 ve Demokratikle\u015fme Komisyonunda yer alan ve kapsaml\u0131 bir g\u00fcneydo\u011fu raporu haz\u0131rlayan CHP 27. ve 29. D\u00f6nem CHP PM \u00dcyesi ve Giri\u015fimci \u0130\u015f Kad\u0131n\u0131 Cavidan Demira\u011f, ile roportaj\u0131m\u0131z.\" \/>\n<meta property=\"og:url\" content=\"https:\/\/epochtimestr.com\/index.php\/chp-29-donem-pm-uyesi-demirag-terorsuz-turkiye-sureci-chpyi-oyun-disi-birakmak-icin-dayatilan-bir-gundemdir2\" \/>\n<meta property=\"og:site_name\" content=\"The Epoch Times TR\" \/>\n<meta property=\"article:publisher\" content=\"https:\/\/www.facebook.com\/theepochtimestr\" \/>\n<meta property=\"article:published_time\" content=\"2025-12-06T12:54:47+00:00\" \/>\n<meta property=\"article:modified_time\" content=\"2025-12-06T16:57:17+00:00\" \/>\n<meta property=\"og:image\" content=\"https:\/\/epochtimestr.com\/wp-content\/uploads\/2011y\/1000128394.jpg\" \/>\n\t<meta property=\"og:image:width\" content=\"2048\" \/>\n\t<meta property=\"og:image:height\" content=\"1366\" \/>\n\t<meta property=\"og:image:type\" content=\"image\/jpeg\" \/>\n<meta name=\"author\" content=\"Haber Merkezi\" \/>\n<meta name=\"twitter:card\" content=\"summary_large_image\" \/>\n<meta name=\"twitter:creator\" content=\"@TheEpochTimesTR\" \/>\n<meta name=\"twitter:site\" content=\"@TheEpochTimesTR\" \/>\n<meta name=\"twitter:label1\" content=\"Yazan:\" \/>\n\t<meta name=\"twitter:data1\" content=\"Haber Merkezi\" \/>\n\t<meta name=\"twitter:label2\" content=\"Tahmini okuma s\u00fcresi\" \/>\n\t<meta name=\"twitter:data2\" content=\"6 dakika\" \/>\n<script type=\"application\/ld+json\" class=\"yoast-schema-graph\">{\"@context\":\"https:\/\/schema.org\",\"@graph\":[{\"@type\":\"Article\",\"@id\":\"https:\/\/epochtimestr.com\/index.php\/chp-29-donem-pm-uyesi-demirag-terorsuz-turkiye-sureci-chpyi-oyun-disi-birakmak-icin-dayatilan-bir-gundemdir2#article\",\"isPartOf\":{\"@id\":\"https:\/\/epochtimestr.com\/index.php\/chp-29-donem-pm-uyesi-demirag-terorsuz-turkiye-sureci-chpyi-oyun-disi-birakmak-icin-dayatilan-bir-gundemdir2\"},\"author\":{\"name\":\"Haber Merkezi\",\"@id\":\"https:\/\/epochtimestr.com\/#\/schema\/person\/3dc5c3adeb9f43923c5aa85889172fdd\"},\"headline\":\"CHP 27. ve 29. D\u00f6nem PM \u00dcyesi Demira\u011f: \u201cTer\u00f6rs\u00fcz T\u00fcrkiye S\u00fcreci CHP\u2019yi Oyun D\u0131\u015f\u0131 B\u0131rakmak \u0130\u00e7in Dayat\u0131lan Bir G\u00fcndemdir.\u201d\",\"datePublished\":\"2025-12-06T12:54:47+00:00\",\"dateModified\":\"2025-12-06T16:57:17+00:00\",\"mainEntityOfPage\":{\"@id\":\"https:\/\/epochtimestr.com\/index.php\/chp-29-donem-pm-uyesi-demirag-terorsuz-turkiye-sureci-chpyi-oyun-disi-birakmak-icin-dayatilan-bir-gundemdir2\"},\"wordCount\":1405,\"commentCount\":0,\"publisher\":{\"@id\":\"https:\/\/epochtimestr.com\/#organization\"},\"image\":{\"@id\":\"https:\/\/epochtimestr.com\/index.php\/chp-29-donem-pm-uyesi-demirag-terorsuz-turkiye-sureci-chpyi-oyun-disi-birakmak-icin-dayatilan-bir-gundemdir2#primaryimage\"},\"thumbnailUrl\":\"https:\/\/epochtimestr.com\/wp-content\/uploads\/2011y\/1000128394.jpg\",\"articleSection\":[\"G\u00dcNDEM\",\"MAN\u015eET\",\"Siyaset\"],\"inLanguage\":\"tr\",\"potentialAction\":[{\"@type\":\"CommentAction\",\"name\":\"Comment\",\"target\":[\"https:\/\/epochtimestr.com\/index.php\/chp-29-donem-pm-uyesi-demirag-terorsuz-turkiye-sureci-chpyi-oyun-disi-birakmak-icin-dayatilan-bir-gundemdir2#respond\"]}]},{\"@type\":\"WebPage\",\"@id\":\"https:\/\/epochtimestr.com\/index.php\/chp-29-donem-pm-uyesi-demirag-terorsuz-turkiye-sureci-chpyi-oyun-disi-birakmak-icin-dayatilan-bir-gundemdir2\",\"url\":\"https:\/\/epochtimestr.com\/index.php\/chp-29-donem-pm-uyesi-demirag-terorsuz-turkiye-sureci-chpyi-oyun-disi-birakmak-icin-dayatilan-bir-gundemdir2\",\"name\":\"CHP 27. ve 29. D\u00f6nem PM \u00dcyesi Demira\u011f: \u201cTer\u00f6rs\u00fcz T\u00fcrkiye S\u00fcreci CHP\u2019yi Oyun D\u0131\u015f\u0131 B\u0131rakmak \u0130\u00e7in Dayat\u0131lan Bir G\u00fcndemdir.\u201d - The Epoch Times TR\",\"isPartOf\":{\"@id\":\"https:\/\/epochtimestr.com\/#website\"},\"primaryImageOfPage\":{\"@id\":\"https:\/\/epochtimestr.com\/index.php\/chp-29-donem-pm-uyesi-demirag-terorsuz-turkiye-sureci-chpyi-oyun-disi-birakmak-icin-dayatilan-bir-gundemdir2#primaryimage\"},\"image\":{\"@id\":\"https:\/\/epochtimestr.com\/index.php\/chp-29-donem-pm-uyesi-demirag-terorsuz-turkiye-sureci-chpyi-oyun-disi-birakmak-icin-dayatilan-bir-gundemdir2#primaryimage\"},\"thumbnailUrl\":\"https:\/\/epochtimestr.com\/wp-content\/uploads\/2011y\/1000128394.jpg\",\"datePublished\":\"2025-12-06T12:54:47+00:00\",\"dateModified\":\"2025-12-06T16:57:17+00:00\",\"description\":\"2000 y\u0131l\u0131nda CHP\u2019nin G\u00fcneydo\u011fu Sorunlar\u0131 ve Demokratikle\u015fme Komisyonunda yer alan ve kapsaml\u0131 bir g\u00fcneydo\u011fu raporu haz\u0131rlayan CHP 27. ve 29. D\u00f6nem CHP PM \u00dcyesi ve Giri\u015fimci \u0130\u015f Kad\u0131n\u0131 Cavidan Demira\u011f, ile roportaj\u0131m\u0131z.\",\"inLanguage\":\"tr\",\"potentialAction\":[{\"@type\":\"ReadAction\",\"target\":[\"https:\/\/epochtimestr.com\/index.php\/chp-29-donem-pm-uyesi-demirag-terorsuz-turkiye-sureci-chpyi-oyun-disi-birakmak-icin-dayatilan-bir-gundemdir2\"]}]},{\"@type\":\"ImageObject\",\"inLanguage\":\"tr\",\"@id\":\"https:\/\/epochtimestr.com\/index.php\/chp-29-donem-pm-uyesi-demirag-terorsuz-turkiye-sureci-chpyi-oyun-disi-birakmak-icin-dayatilan-bir-gundemdir2#primaryimage\",\"url\":\"https:\/\/epochtimestr.com\/wp-content\/uploads\/2011y\/1000128394.jpg\",\"contentUrl\":\"https:\/\/epochtimestr.com\/wp-content\/uploads\/2011y\/1000128394.jpg\",\"width\":2048,\"height\":1366},{\"@type\":\"WebSite\",\"@id\":\"https:\/\/epochtimestr.com\/#website\",\"url\":\"https:\/\/epochtimestr.com\/\",\"name\":\"The Epoch Times TR\",\"description\":\"De\u011fi\u015fen D\u00fcnyam\u0131za Taze Bir Bak\u0131\u015f\",\"publisher\":{\"@id\":\"https:\/\/epochtimestr.com\/#organization\"},\"potentialAction\":[{\"@type\":\"SearchAction\",\"target\":{\"@type\":\"EntryPoint\",\"urlTemplate\":\"https:\/\/epochtimestr.com\/?s={search_term_string}\"},\"query-input\":\"required name=search_term_string\"}],\"inLanguage\":\"tr\"},{\"@type\":\"Organization\",\"@id\":\"https:\/\/epochtimestr.com\/#organization\",\"name\":\"The EpochTimes T\u00fcrkiye\",\"url\":\"https:\/\/epochtimestr.com\/\",\"logo\":{\"@type\":\"ImageObject\",\"inLanguage\":\"tr\",\"@id\":\"https:\/\/epochtimestr.com\/#\/schema\/logo\/image\/\",\"url\":\"https:\/\/epochtimestr.com\/wp-content\/uploads\/2011y\/ET-Logo-YG.jpg\",\"contentUrl\":\"https:\/\/epochtimestr.com\/wp-content\/uploads\/2011y\/ET-Logo-YG.jpg\",\"width\":346,\"height\":29,\"caption\":\"The EpochTimes T\u00fcrkiye\"},\"image\":{\"@id\":\"https:\/\/epochtimestr.com\/#\/schema\/logo\/image\/\"},\"sameAs\":[\"https:\/\/www.facebook.com\/theepochtimestr\",\"https:\/\/x.com\/TheEpochTimesTR\",\"https:\/\/www.instagram.com\/epochtimestr\"]},{\"@type\":\"Person\",\"@id\":\"https:\/\/epochtimestr.com\/#\/schema\/person\/3dc5c3adeb9f43923c5aa85889172fdd\",\"name\":\"Haber Merkezi\",\"image\":{\"@type\":\"ImageObject\",\"inLanguage\":\"tr\",\"@id\":\"https:\/\/epochtimestr.com\/#\/schema\/person\/image\/\",\"url\":\"https:\/\/secure.gravatar.com\/avatar\/d73f772ba5a74f28601361e17c2f93e6?s=96&d=mm&r=g\",\"contentUrl\":\"https:\/\/secure.gravatar.com\/avatar\/d73f772ba5a74f28601361e17c2f93e6?s=96&d=mm&r=g\",\"caption\":\"Haber Merkezi\"},\"url\":\"https:\/\/epochtimestr.com\/index.php\/author\/sendag\"}]}<\/script>\n<!-- \/ Yoast SEO plugin. -->","yoast_head_json":{"title":"CHP 27. ve 29. D\u00f6nem PM \u00dcyesi Demira\u011f: \u201cTer\u00f6rs\u00fcz T\u00fcrkiye S\u00fcreci CHP\u2019yi Oyun D\u0131\u015f\u0131 B\u0131rakmak \u0130\u00e7in Dayat\u0131lan Bir G\u00fcndemdir.\u201d - The Epoch Times TR","description":"2000 y\u0131l\u0131nda CHP\u2019nin G\u00fcneydo\u011fu Sorunlar\u0131 ve Demokratikle\u015fme Komisyonunda yer alan ve kapsaml\u0131 bir g\u00fcneydo\u011fu raporu haz\u0131rlayan CHP 27. ve 29. D\u00f6nem CHP PM \u00dcyesi ve Giri\u015fimci \u0130\u015f Kad\u0131n\u0131 Cavidan Demira\u011f, ile roportaj\u0131m\u0131z.","robots":{"index":"index","follow":"follow","max-snippet":"max-snippet:-1","max-image-preview":"max-image-preview:large","max-video-preview":"max-video-preview:-1"},"canonical":"https:\/\/epochtimestr.com\/index.php\/chp-29-donem-pm-uyesi-demirag-terorsuz-turkiye-sureci-chpyi-oyun-disi-birakmak-icin-dayatilan-bir-gundemdir2","og_locale":"tr_TR","og_type":"article","og_title":"CHP 27. ve 29. D\u00f6nem PM \u00dcyesi Demira\u011f: \u201cTer\u00f6rs\u00fcz T\u00fcrkiye S\u00fcreci CHP\u2019yi Oyun D\u0131\u015f\u0131 B\u0131rakmak \u0130\u00e7in Dayat\u0131lan Bir G\u00fcndemdir.\u201d - The Epoch Times TR","og_description":"2000 y\u0131l\u0131nda CHP\u2019nin G\u00fcneydo\u011fu Sorunlar\u0131 ve Demokratikle\u015fme Komisyonunda yer alan ve kapsaml\u0131 bir g\u00fcneydo\u011fu raporu haz\u0131rlayan CHP 27. ve 29. D\u00f6nem CHP PM \u00dcyesi ve Giri\u015fimci \u0130\u015f Kad\u0131n\u0131 Cavidan Demira\u011f, ile roportaj\u0131m\u0131z.","og_url":"https:\/\/epochtimestr.com\/index.php\/chp-29-donem-pm-uyesi-demirag-terorsuz-turkiye-sureci-chpyi-oyun-disi-birakmak-icin-dayatilan-bir-gundemdir2","og_site_name":"The Epoch Times TR","article_publisher":"https:\/\/www.facebook.com\/theepochtimestr","article_published_time":"2025-12-06T12:54:47+00:00","article_modified_time":"2025-12-06T16:57:17+00:00","og_image":[{"width":2048,"height":1366,"url":"https:\/\/epochtimestr.com\/wp-content\/uploads\/2011y\/1000128394.jpg","type":"image\/jpeg"}],"author":"Haber Merkezi","twitter_card":"summary_large_image","twitter_creator":"@TheEpochTimesTR","twitter_site":"@TheEpochTimesTR","twitter_misc":{"Yazan:":"Haber Merkezi","Tahmini okuma s\u00fcresi":"6 dakika"},"schema":{"@context":"https:\/\/schema.org","@graph":[{"@type":"Article","@id":"https:\/\/epochtimestr.com\/index.php\/chp-29-donem-pm-uyesi-demirag-terorsuz-turkiye-sureci-chpyi-oyun-disi-birakmak-icin-dayatilan-bir-gundemdir2#article","isPartOf":{"@id":"https:\/\/epochtimestr.com\/index.php\/chp-29-donem-pm-uyesi-demirag-terorsuz-turkiye-sureci-chpyi-oyun-disi-birakmak-icin-dayatilan-bir-gundemdir2"},"author":{"name":"Haber Merkezi","@id":"https:\/\/epochtimestr.com\/#\/schema\/person\/3dc5c3adeb9f43923c5aa85889172fdd"},"headline":"CHP 27. ve 29. D\u00f6nem PM \u00dcyesi Demira\u011f: \u201cTer\u00f6rs\u00fcz T\u00fcrkiye S\u00fcreci CHP\u2019yi Oyun D\u0131\u015f\u0131 B\u0131rakmak \u0130\u00e7in Dayat\u0131lan Bir G\u00fcndemdir.\u201d","datePublished":"2025-12-06T12:54:47+00:00","dateModified":"2025-12-06T16:57:17+00:00","mainEntityOfPage":{"@id":"https:\/\/epochtimestr.com\/index.php\/chp-29-donem-pm-uyesi-demirag-terorsuz-turkiye-sureci-chpyi-oyun-disi-birakmak-icin-dayatilan-bir-gundemdir2"},"wordCount":1405,"commentCount":0,"publisher":{"@id":"https:\/\/epochtimestr.com\/#organization"},"image":{"@id":"https:\/\/epochtimestr.com\/index.php\/chp-29-donem-pm-uyesi-demirag-terorsuz-turkiye-sureci-chpyi-oyun-disi-birakmak-icin-dayatilan-bir-gundemdir2#primaryimage"},"thumbnailUrl":"https:\/\/epochtimestr.com\/wp-content\/uploads\/2011y\/1000128394.jpg","articleSection":["G\u00dcNDEM","MAN\u015eET","Siyaset"],"inLanguage":"tr","potentialAction":[{"@type":"CommentAction","name":"Comment","target":["https:\/\/epochtimestr.com\/index.php\/chp-29-donem-pm-uyesi-demirag-terorsuz-turkiye-sureci-chpyi-oyun-disi-birakmak-icin-dayatilan-bir-gundemdir2#respond"]}]},{"@type":"WebPage","@id":"https:\/\/epochtimestr.com\/index.php\/chp-29-donem-pm-uyesi-demirag-terorsuz-turkiye-sureci-chpyi-oyun-disi-birakmak-icin-dayatilan-bir-gundemdir2","url":"https:\/\/epochtimestr.com\/index.php\/chp-29-donem-pm-uyesi-demirag-terorsuz-turkiye-sureci-chpyi-oyun-disi-birakmak-icin-dayatilan-bir-gundemdir2","name":"CHP 27. ve 29. D\u00f6nem PM \u00dcyesi Demira\u011f: \u201cTer\u00f6rs\u00fcz T\u00fcrkiye S\u00fcreci CHP\u2019yi Oyun D\u0131\u015f\u0131 B\u0131rakmak \u0130\u00e7in Dayat\u0131lan Bir G\u00fcndemdir.\u201d - The Epoch Times TR","isPartOf":{"@id":"https:\/\/epochtimestr.com\/#website"},"primaryImageOfPage":{"@id":"https:\/\/epochtimestr.com\/index.php\/chp-29-donem-pm-uyesi-demirag-terorsuz-turkiye-sureci-chpyi-oyun-disi-birakmak-icin-dayatilan-bir-gundemdir2#primaryimage"},"image":{"@id":"https:\/\/epochtimestr.com\/index.php\/chp-29-donem-pm-uyesi-demirag-terorsuz-turkiye-sureci-chpyi-oyun-disi-birakmak-icin-dayatilan-bir-gundemdir2#primaryimage"},"thumbnailUrl":"https:\/\/epochtimestr.com\/wp-content\/uploads\/2011y\/1000128394.jpg","datePublished":"2025-12-06T12:54:47+00:00","dateModified":"2025-12-06T16:57:17+00:00","description":"2000 y\u0131l\u0131nda CHP\u2019nin G\u00fcneydo\u011fu Sorunlar\u0131 ve Demokratikle\u015fme Komisyonunda yer alan ve kapsaml\u0131 bir g\u00fcneydo\u011fu raporu haz\u0131rlayan CHP 27. ve 29. D\u00f6nem CHP PM \u00dcyesi ve Giri\u015fimci \u0130\u015f Kad\u0131n\u0131 Cavidan Demira\u011f, ile roportaj\u0131m\u0131z.","inLanguage":"tr","potentialAction":[{"@type":"ReadAction","target":["https:\/\/epochtimestr.com\/index.php\/chp-29-donem-pm-uyesi-demirag-terorsuz-turkiye-sureci-chpyi-oyun-disi-birakmak-icin-dayatilan-bir-gundemdir2"]}]},{"@type":"ImageObject","inLanguage":"tr","@id":"https:\/\/epochtimestr.com\/index.php\/chp-29-donem-pm-uyesi-demirag-terorsuz-turkiye-sureci-chpyi-oyun-disi-birakmak-icin-dayatilan-bir-gundemdir2#primaryimage","url":"https:\/\/epochtimestr.com\/wp-content\/uploads\/2011y\/1000128394.jpg","contentUrl":"https:\/\/epochtimestr.com\/wp-content\/uploads\/2011y\/1000128394.jpg","width":2048,"height":1366},{"@type":"WebSite","@id":"https:\/\/epochtimestr.com\/#website","url":"https:\/\/epochtimestr.com\/","name":"The Epoch Times TR","description":"De\u011fi\u015fen D\u00fcnyam\u0131za Taze Bir Bak\u0131\u015f","publisher":{"@id":"https:\/\/epochtimestr.com\/#organization"},"potentialAction":[{"@type":"SearchAction","target":{"@type":"EntryPoint","urlTemplate":"https:\/\/epochtimestr.com\/?s={search_term_string}"},"query-input":"required name=search_term_string"}],"inLanguage":"tr"},{"@type":"Organization","@id":"https:\/\/epochtimestr.com\/#organization","name":"The EpochTimes T\u00fcrkiye","url":"https:\/\/epochtimestr.com\/","logo":{"@type":"ImageObject","inLanguage":"tr","@id":"https:\/\/epochtimestr.com\/#\/schema\/logo\/image\/","url":"https:\/\/epochtimestr.com\/wp-content\/uploads\/2011y\/ET-Logo-YG.jpg","contentUrl":"https:\/\/epochtimestr.com\/wp-content\/uploads\/2011y\/ET-Logo-YG.jpg","width":346,"height":29,"caption":"The EpochTimes T\u00fcrkiye"},"image":{"@id":"https:\/\/epochtimestr.com\/#\/schema\/logo\/image\/"},"sameAs":["https:\/\/www.facebook.com\/theepochtimestr","https:\/\/x.com\/TheEpochTimesTR","https:\/\/www.instagram.com\/epochtimestr"]},{"@type":"Person","@id":"https:\/\/epochtimestr.com\/#\/schema\/person\/3dc5c3adeb9f43923c5aa85889172fdd","name":"Haber Merkezi","image":{"@type":"ImageObject","inLanguage":"tr","@id":"https:\/\/epochtimestr.com\/#\/schema\/person\/image\/","url":"https:\/\/secure.gravatar.com\/avatar\/d73f772ba5a74f28601361e17c2f93e6?s=96&d=mm&r=g","contentUrl":"https:\/\/secure.gravatar.com\/avatar\/d73f772ba5a74f28601361e17c2f93e6?s=96&d=mm&r=g","caption":"Haber Merkezi"},"url":"https:\/\/epochtimestr.com\/index.php\/author\/sendag"}]}},"_links":{"self":[{"href":"https:\/\/epochtimestr.com\/index.php\/wp-json\/wp\/v2\/posts\/164147"}],"collection":[{"href":"https:\/\/epochtimestr.com\/index.php\/wp-json\/wp\/v2\/posts"}],"about":[{"href":"https:\/\/epochtimestr.com\/index.php\/wp-json\/wp\/v2\/types\/post"}],"author":[{"embeddable":true,"href":"https:\/\/epochtimestr.com\/index.php\/wp-json\/wp\/v2\/users\/12791"}],"replies":[{"embeddable":true,"href":"https:\/\/epochtimestr.com\/index.php\/wp-json\/wp\/v2\/comments?post=164147"}],"version-history":[{"count":4,"href":"https:\/\/epochtimestr.com\/index.php\/wp-json\/wp\/v2\/posts\/164147\/revisions"}],"predecessor-version":[{"id":164164,"href":"https:\/\/epochtimestr.com\/index.php\/wp-json\/wp\/v2\/posts\/164147\/revisions\/164164"}],"wp:featuredmedia":[{"embeddable":true,"href":"https:\/\/epochtimestr.com\/index.php\/wp-json\/wp\/v2\/media\/164154"}],"wp:attachment":[{"href":"https:\/\/epochtimestr.com\/index.php\/wp-json\/wp\/v2\/media?parent=164147"}],"wp:term":[{"taxonomy":"category","embeddable":true,"href":"https:\/\/epochtimestr.com\/index.php\/wp-json\/wp\/v2\/categories?post=164147"},{"taxonomy":"post_tag","embeddable":true,"href":"https:\/\/epochtimestr.com\/index.php\/wp-json\/wp\/v2\/tags?post=164147"}],"curies":[{"name":"wp","href":"https:\/\/api.w.org\/{rel}","templated":true}]}}