{"id":164571,"date":"2025-12-18T20:34:44","date_gmt":"2025-12-18T17:34:44","guid":{"rendered":"https:\/\/epochtimestr.com\/?p=164571"},"modified":"2025-12-18T20:34:46","modified_gmt":"2025-12-18T17:34:46","slug":"general-charles-flynn-bu-yuzyili-cinin-yukselisi-sekillendirecek","status":"publish","type":"post","link":"https:\/\/epochtimestr.com\/index.php\/general-charles-flynn-bu-yuzyili-cinin-yukselisi-sekillendirecek","title":{"rendered":"General Charles Flynn: Bu Y\u00fczy\u0131l\u0131 \u00c7in\u2019in Y\u00fckseli\u015fi \u015eekillendirecek"},"content":{"rendered":"<div class=\"wp-block-image\">\n<figure class=\"aligncenter size-full\"><img loading=\"lazy\" decoding=\"async\" width=\"1200\" height=\"1127\" src=\"https:\/\/epochtimestr.com\/wp-content\/uploads\/2011y\/1000030157.webp\" alt=\"Emekli General Charles Flynn, 9 Aral\u0131k 2025'te Washington'da, ABD Ordusu Pasifik Komutan\u0131 olarak g\u00f6rev yapt\u0131\u011f\u0131 d\u00f6nemde. (Foto\u011fraf: Madalina Kilroy\/The Epoch Times)\" class=\"wp-image-164572\" srcset=\"https:\/\/epochtimestr.com\/wp-content\/uploads\/2011y\/1000030157.webp 1200w, https:\/\/epochtimestr.com\/wp-content\/uploads\/2011y\/1000030157-300x282.webp 300w, https:\/\/epochtimestr.com\/wp-content\/uploads\/2011y\/1000030157-150x141.webp 150w, https:\/\/epochtimestr.com\/wp-content\/uploads\/2011y\/1000030157-768x721.webp 768w\" sizes=\"(max-width: 1200px) 100vw, 1200px\" \/><figcaption class=\"wp-element-caption\">Emekli General Charles Flynn, 9 Aral\u0131k 2025&#8217;te Washington&#8217;da, ABD Ordusu Pasifik Komutan\u0131 olarak g\u00f6rev yapt\u0131\u011f\u0131 d\u00f6nemde. (Foto\u011fraf: Madalina Kilroy, The Epoch Times)<\/figcaption><\/figure><\/div>\n\n\n<p>Emekli General Charles Flynn, ABD Ordusu Pasifik Komutan\u0131 olarak g\u00f6rev yapt\u0131ktan sonra 2024\u2019te emekli oldu. Flynn, emekli olduktan sonraki g\u00f6zlemlerini The Epoch Times&#8217;la payla\u015ft\u0131. Asya-Pasifik b\u00f6lgesindeki tehditlere kar\u015f\u0131 haz\u0131rl\u0131kl\u0131 olman\u0131n \u00f6nemini vurgulad\u0131. Ayr\u0131ca \u00c7in\u2019in y\u00fckselmesinin bu y\u00fczy\u0131l\u0131n kaderini belirleyece\u011fini belirtti. Ard\u0131ndan \u00c7in\u2019in b\u00f6lgedeki etkisini art\u0131rmaya y\u00f6nelik stratejik ad\u0131mlar att\u0131\u011f\u0131n\u0131 s\u00f6zlerine ekledi. \u00c7in\u2019in G\u00fcney \u00c7in Denizi\u2019nde yapay adalar in\u015fa etmesi, ABD ve m\u00fcttefikleri i\u00e7in ciddi bir endi\u015fe kayna\u011f\u0131 olmu\u015ftu.<\/p>\n\n\n\n<p>Flynn, 2014 y\u0131l\u0131nda Pasifik\u2019teki g\u00f6revine ba\u015flamadan \u00f6nce \u00c7in\u2019e dikkat etmedi\u011fini s\u00f6yl\u00fcyor. O d\u00f6nemde Orta Do\u011fu\u2019daki durumu yak\u0131ndan takip etmekle me\u015fguld\u00fc. Ancak, \u00c7in\u2019in b\u00f6lgedeki agresif tutumunu fark etti\u011finde, h\u0131zla bu konuda derinlemesine bir ara\u015ft\u0131rmaya giri\u015fti. Flynn\u2019e g\u00f6re, bu y\u00fczy\u0131l\u0131n \u015fekillenmesinde <a href=\"https:\/\/www.theepochtimes.com\/article\/gen-flynn-was-pacific-commander-for-10-years-heres-what-he-says-will-define-this-century-5957484\" target=\"_blank\" rel=\"noreferrer noopener\">ABD ile \u00c7in<\/a> aras\u0131ndaki ili\u015fki belirleyici olacak.<\/p>\n\n\n\n<p>\u00c7in\u2019in b\u00f6lgedeki stratejik hamleleri, yaln\u0131zca asker\u00ee de\u011fil ekonomik a\u00e7\u0131dan da b\u00fcy\u00fck etkiler yarat\u0131yor. G\u00fcney \u00c7in Denizi, d\u00fcnya ticaretinin en yo\u011fun oldu\u011fu g\u00fczerg\u00e2hlardan biri. Ayr\u0131ca bu b\u00f6lge, enerji ve mineral kaynaklar\u0131 a\u00e7\u0131s\u0131ndan da olduk\u00e7a zengin. Flynn, \u00c7in\u2019in burada yapt\u0131\u011f\u0131 askeri yat\u0131r\u0131mlar\u0131n, ABD\u2019nin b\u00f6lgedeki stratejik \u00e7\u0131karlar\u0131na tehdit olu\u015fturdu\u011funu belirtiyor.<\/p>\n\n\n\n<p>Flynn ABD\u2019nin \u00f6zellikle Pasifik\u2019teki askeri varl\u0131\u011f\u0131n\u0131 art\u0131rmas\u0131 gerekti\u011fini savunuyor. Bunun yan\u0131 s\u0131ra, b\u00f6lgedeki m\u00fcttefiklerin de savunma harcamalar\u0131n\u0131 art\u0131rmas\u0131 gerekti\u011fini vurguluyor. \u00c7in\u2019in askeri g\u00fcc\u00fc artt\u0131k\u00e7a, ABD\u2019nin b\u00f6lgedeki etkisini korumas\u0131 i\u00e7in h\u0131zla ad\u0131mlar atmas\u0131 gerekiyor.<\/p>\n\n\n\n<p>Flynn, \u00c7in\u2019in att\u0131\u011f\u0131 ad\u0131mlar\u0131n yaln\u0131zca asker\u00ee de\u011fil, ayn\u0131 zamanda siyasi boyutlar\u0131 da oldu\u011funu ifade ediyor. \u00c7in, ABD \u00fcslerinin etraf\u0131ndaki yerel medya ve telekom\u00fcnikasyon \u015firketlerini sat\u0131n alarak, b\u00f6lgedeki halk\u0131n d\u00fc\u015f\u00fcnce yap\u0131s\u0131n\u0131 \u015fekillendirmeye \u00e7al\u0131\u015f\u0131yor. Bu t\u00fcr ad\u0131mlar i\u00e7in ayn\u0131 zamanda yerel ordularla i\u015fbirli\u011fi yapmak da gerekiyor.<\/p>\n\n\n\n<h3 class=\"wp-block-heading\">ABD\u2019nin Pasifik\u2019teki Ba\u015far\u0131s\u0131n\u0131 Kara G\u00fc\u00e7leriyle \u0130\u015fbirli\u011fi Belirleyecek<\/h3>\n\n\n\n<p>ABD\u2019nin b\u00f6lgedeki stratejik varl\u0131\u011f\u0131n\u0131 s\u00fcrd\u00fcrmesi, m\u00fcttefiklerle birlikte hareket etmesine ba\u011fl\u0131. Flynn, Pasifik\u2019teki ABD varl\u0131\u011f\u0131n\u0131n yaln\u0131zca deniz ve hava g\u00fcc\u00fcyle de\u011fil, kara birliklerinin kat\u0131l\u0131m\u0131yla ba\u015far\u0131l\u0131 olaca\u011f\u0131n\u0131 s\u00f6yl\u00fcyor. Asya\u2019daki bir\u00e7ok ordu, b\u00fcy\u00fck \u00f6l\u00e7\u00fcde kara kuvvetlerine dayan\u0131yor, bu da ABD\u2019nin b\u00f6lgedeki kara g\u00fc\u00e7leriyle daha fazla i\u015fbirli\u011fi yapmas\u0131n\u0131 gerektiriyor.<\/p>\n\n\n\n<p><a href=\"https:\/\/epochtimestr.com\/index.php\/rus-ve-cin-hava-kuvvetleri-japonya-yakinlarinda-devriye-yapti\" target=\"_blank\" rel=\"noreferrer noopener\">\u00c7in\u2019in Pasifik\u2019teki stratejisi<\/a>, sadece b\u00f6lgesel de\u011fil k\u00fcresel g\u00fcvenlik a\u00e7\u0131s\u0131ndan da b\u00fcy\u00fck \u00f6nem ta\u015f\u0131yor. ABD\u2019nin \u00c7in\u2019e kar\u015f\u0131 daha fazla haz\u0131rl\u0131kl\u0131 olmas\u0131, d\u00fcnya g\u00fcvenli\u011fi a\u00e7\u0131s\u0131ndan kritik bir \u00f6nem ta\u015f\u0131yor. Flynn, ABD\u2019nin \u00c7in\u2019in artan g\u00fcc\u00fcne kar\u015f\u0131 harekete ge\u00e7mekte ge\u00e7 kalmamas\u0131 gerekti\u011fini belirtiyor. Bu s\u00fcre\u00e7te yava\u015fl\u0131k, en b\u00fcy\u00fck engel olabilir.<\/p>\n\n\n\n<p>Flynn\u2019in dedi\u011fi gibi, bu y\u00fczy\u0131l, ABD ile \u00c7in aras\u0131ndaki rekabetle \u015fekillenecek. Bu ba\u011flamda, ABD\u2019nin b\u00f6lgedeki varl\u0131\u011f\u0131n\u0131 g\u00fc\u00e7lendirmesi ve m\u00fcttefiklerle daha yak\u0131n i\u015fbirli\u011fi yapmas\u0131 gerekti\u011fi, net bir \u015fekilde ortaya \u00e7\u0131k\u0131yor.<\/p>\n","protected":false},"excerpt":{"rendered":"<p>Emekli General Charles Flynn, ABD Ordusu Pasifik Komutan\u0131 olarak g\u00f6rev yapt\u0131ktan sonra 2024\u2019te emekli oldu. Flynn, emekli olduktan sonraki g\u00f6zlemlerini The Epoch Times&#8217;la payla\u015ft\u0131. Asya-Pasifik b\u00f6lgesindeki tehditlere kar\u015f\u0131 haz\u0131rl\u0131kl\u0131 olman\u0131n \u00f6nemini vurgulad\u0131. Ayr\u0131ca \u00c7in\u2019in y\u00fckselmesinin bu y\u00fczy\u0131l\u0131n kaderini belirleyece\u011fini belirtti. Ard\u0131ndan \u00c7in\u2019in b\u00f6lgedeki etkisini art\u0131rmaya y\u00f6nelik stratejik ad\u0131mlar att\u0131\u011f\u0131n\u0131 s\u00f6zlerine ekledi. \u00c7in\u2019in G\u00fcney \u00c7in Denizi\u2019nde [&hellip;]<\/p>\n","protected":false},"author":13996,"featured_media":164572,"comment_status":"closed","ping_status":"open","sticky":false,"template":"","format":"standard","meta":{"_yoast_wpseo_focuskw":"Charles Flynn - ABD","_yoast_wpseo_title":"","_yoast_wpseo_metadesc":"ABD Ordusu Pasifik Komutan\u0131 General Charles Flynn, emekli olduktan sonraki g\u00f6zlemlerini The Epoch Times'la payla\u015ft\u0131.","_bbp_topic_count":0,"_bbp_reply_count":0,"_bbp_total_topic_count":0,"_bbp_total_reply_count":0,"_bbp_voice_count":0,"_bbp_anonymous_reply_count":0,"_bbp_topic_count_hidden":0,"_bbp_reply_count_hidden":0,"_bbp_forum_subforum_count":0,"footnotes":"","_yoast_wpseo_focuskw_text_input":""},"categories":[8,1,8138],"tags":[8888,10176,10174,10175,5764],"yoast_head":"<!-- This site is optimized with the Yoast SEO plugin v23.0 - https:\/\/yoast.com\/wordpress\/plugins\/seo\/ -->\n<title>General Charles Flynn: Bu Y\u00fczy\u0131l\u0131 \u00c7in\u2019in Y\u00fckseli\u015fi \u015eekillendirecek - The Epoch Times TR<\/title>\n<meta name=\"description\" content=\"ABD Ordusu Pasifik Komutan\u0131 General Charles Flynn, emekli olduktan sonraki g\u00f6zlemlerini The Epoch Times&#039;la payla\u015ft\u0131.\" \/>\n<meta name=\"robots\" content=\"index, follow, max-snippet:-1, max-image-preview:large, max-video-preview:-1\" \/>\n<link rel=\"canonical\" href=\"https:\/\/epochtimestr.com\/index.php\/general-charles-flynn-bu-yuzyili-cinin-yukselisi-sekillendirecek\" \/>\n<meta property=\"og:locale\" content=\"tr_TR\" \/>\n<meta property=\"og:type\" content=\"article\" \/>\n<meta property=\"og:title\" content=\"General Charles Flynn: Bu Y\u00fczy\u0131l\u0131 \u00c7in\u2019in Y\u00fckseli\u015fi \u015eekillendirecek - The Epoch Times TR\" \/>\n<meta property=\"og:description\" content=\"ABD Ordusu Pasifik Komutan\u0131 General Charles Flynn, emekli olduktan sonraki g\u00f6zlemlerini The Epoch Times&#039;la payla\u015ft\u0131.\" \/>\n<meta property=\"og:url\" content=\"https:\/\/epochtimestr.com\/index.php\/general-charles-flynn-bu-yuzyili-cinin-yukselisi-sekillendirecek\" \/>\n<meta property=\"og:site_name\" content=\"The Epoch Times TR\" \/>\n<meta property=\"article:publisher\" content=\"https:\/\/www.facebook.com\/theepochtimestr\" \/>\n<meta property=\"article:published_time\" content=\"2025-12-18T17:34:44+00:00\" \/>\n<meta property=\"article:modified_time\" content=\"2025-12-18T17:34:46+00:00\" \/>\n<meta property=\"og:image\" content=\"https:\/\/epochtimestr.com\/wp-content\/uploads\/2011y\/1000030157.webp\" \/>\n\t<meta property=\"og:image:width\" content=\"1200\" \/>\n\t<meta property=\"og:image:height\" content=\"1127\" \/>\n\t<meta property=\"og:image:type\" content=\"image\/webp\" \/>\n<meta name=\"author\" content=\"Leo Bajelan\" \/>\n<meta name=\"twitter:card\" content=\"summary_large_image\" \/>\n<meta name=\"twitter:creator\" content=\"@TheEpochTimesTR\" \/>\n<meta name=\"twitter:site\" content=\"@TheEpochTimesTR\" \/>\n<meta name=\"twitter:label1\" content=\"Yazan:\" \/>\n\t<meta name=\"twitter:data1\" content=\"Leo Bajelan\" \/>\n\t<meta name=\"twitter:label2\" content=\"Tahmini okuma s\u00fcresi\" \/>\n\t<meta name=\"twitter:data2\" content=\"3 dakika\" \/>\n<script type=\"application\/ld+json\" class=\"yoast-schema-graph\">{\"@context\":\"https:\/\/schema.org\",\"@graph\":[{\"@type\":\"Article\",\"@id\":\"https:\/\/epochtimestr.com\/index.php\/general-charles-flynn-bu-yuzyili-cinin-yukselisi-sekillendirecek#article\",\"isPartOf\":{\"@id\":\"https:\/\/epochtimestr.com\/index.php\/general-charles-flynn-bu-yuzyili-cinin-yukselisi-sekillendirecek\"},\"author\":{\"name\":\"Leo Bajelan\",\"@id\":\"https:\/\/epochtimestr.com\/#\/schema\/person\/5fef218711d76d8f232b0e1f1d7e4c0d\"},\"headline\":\"General Charles Flynn: Bu Y\u00fczy\u0131l\u0131 \u00c7in\u2019in Y\u00fckseli\u015fi \u015eekillendirecek\",\"datePublished\":\"2025-12-18T17:34:44+00:00\",\"dateModified\":\"2025-12-18T17:34:46+00:00\",\"mainEntityOfPage\":{\"@id\":\"https:\/\/epochtimestr.com\/index.php\/general-charles-flynn-bu-yuzyili-cinin-yukselisi-sekillendirecek\"},\"wordCount\":619,\"publisher\":{\"@id\":\"https:\/\/epochtimestr.com\/#organization\"},\"image\":{\"@id\":\"https:\/\/epochtimestr.com\/index.php\/general-charles-flynn-bu-yuzyili-cinin-yukselisi-sekillendirecek#primaryimage\"},\"thumbnailUrl\":\"https:\/\/epochtimestr.com\/wp-content\/uploads\/2011y\/1000030157.webp\",\"keywords\":[\"\u00c7in ABD\",\"\u00c7in Pasifik stratejisi\",\"Genel Charles Flynn\",\"stratejik hamleleri\",\"Trump\"],\"articleSection\":[\"\u00c7\u0130N\",\"G\u00dcNDEM\",\"MAN\u015eET\"],\"inLanguage\":\"tr\"},{\"@type\":\"WebPage\",\"@id\":\"https:\/\/epochtimestr.com\/index.php\/general-charles-flynn-bu-yuzyili-cinin-yukselisi-sekillendirecek\",\"url\":\"https:\/\/epochtimestr.com\/index.php\/general-charles-flynn-bu-yuzyili-cinin-yukselisi-sekillendirecek\",\"name\":\"General Charles Flynn: Bu Y\u00fczy\u0131l\u0131 \u00c7in\u2019in Y\u00fckseli\u015fi \u015eekillendirecek - The Epoch Times TR\",\"isPartOf\":{\"@id\":\"https:\/\/epochtimestr.com\/#website\"},\"primaryImageOfPage\":{\"@id\":\"https:\/\/epochtimestr.com\/index.php\/general-charles-flynn-bu-yuzyili-cinin-yukselisi-sekillendirecek#primaryimage\"},\"image\":{\"@id\":\"https:\/\/epochtimestr.com\/index.php\/general-charles-flynn-bu-yuzyili-cinin-yukselisi-sekillendirecek#primaryimage\"},\"thumbnailUrl\":\"https:\/\/epochtimestr.com\/wp-content\/uploads\/2011y\/1000030157.webp\",\"datePublished\":\"2025-12-18T17:34:44+00:00\",\"dateModified\":\"2025-12-18T17:34:46+00:00\",\"description\":\"ABD Ordusu Pasifik Komutan\u0131 General Charles Flynn, emekli olduktan sonraki g\u00f6zlemlerini The Epoch Times'la payla\u015ft\u0131.\",\"inLanguage\":\"tr\",\"potentialAction\":[{\"@type\":\"ReadAction\",\"target\":[\"https:\/\/epochtimestr.com\/index.php\/general-charles-flynn-bu-yuzyili-cinin-yukselisi-sekillendirecek\"]}]},{\"@type\":\"ImageObject\",\"inLanguage\":\"tr\",\"@id\":\"https:\/\/epochtimestr.com\/index.php\/general-charles-flynn-bu-yuzyili-cinin-yukselisi-sekillendirecek#primaryimage\",\"url\":\"https:\/\/epochtimestr.com\/wp-content\/uploads\/2011y\/1000030157.webp\",\"contentUrl\":\"https:\/\/epochtimestr.com\/wp-content\/uploads\/2011y\/1000030157.webp\",\"width\":1200,\"height\":1127},{\"@type\":\"WebSite\",\"@id\":\"https:\/\/epochtimestr.com\/#website\",\"url\":\"https:\/\/epochtimestr.com\/\",\"name\":\"The Epoch Times TR\",\"description\":\"De\u011fi\u015fen D\u00fcnyam\u0131za Taze Bir Bak\u0131\u015f\",\"publisher\":{\"@id\":\"https:\/\/epochtimestr.com\/#organization\"},\"potentialAction\":[{\"@type\":\"SearchAction\",\"target\":{\"@type\":\"EntryPoint\",\"urlTemplate\":\"https:\/\/epochtimestr.com\/?s={search_term_string}\"},\"query-input\":\"required name=search_term_string\"}],\"inLanguage\":\"tr\"},{\"@type\":\"Organization\",\"@id\":\"https:\/\/epochtimestr.com\/#organization\",\"name\":\"The EpochTimes T\u00fcrkiye\",\"url\":\"https:\/\/epochtimestr.com\/\",\"logo\":{\"@type\":\"ImageObject\",\"inLanguage\":\"tr\",\"@id\":\"https:\/\/epochtimestr.com\/#\/schema\/logo\/image\/\",\"url\":\"https:\/\/epochtimestr.com\/wp-content\/uploads\/2011y\/ET-Logo-YG.jpg\",\"contentUrl\":\"https:\/\/epochtimestr.com\/wp-content\/uploads\/2011y\/ET-Logo-YG.jpg\",\"width\":346,\"height\":29,\"caption\":\"The EpochTimes T\u00fcrkiye\"},\"image\":{\"@id\":\"https:\/\/epochtimestr.com\/#\/schema\/logo\/image\/\"},\"sameAs\":[\"https:\/\/www.facebook.com\/theepochtimestr\",\"https:\/\/x.com\/TheEpochTimesTR\",\"https:\/\/www.instagram.com\/epochtimestr\"]},{\"@type\":\"Person\",\"@id\":\"https:\/\/epochtimestr.com\/#\/schema\/person\/5fef218711d76d8f232b0e1f1d7e4c0d\",\"name\":\"Leo Bajelan\",\"image\":{\"@type\":\"ImageObject\",\"inLanguage\":\"tr\",\"@id\":\"https:\/\/epochtimestr.com\/#\/schema\/person\/image\/\",\"url\":\"https:\/\/secure.gravatar.com\/avatar\/917669146f489549e548a2e9af272df5?s=96&d=mm&r=g\",\"contentUrl\":\"https:\/\/secure.gravatar.com\/avatar\/917669146f489549e548a2e9af272df5?s=96&d=mm&r=g\",\"caption\":\"Leo Bajelan\"},\"url\":\"https:\/\/epochtimestr.com\/index.php\/author\/leo\"}]}<\/script>\n<!-- \/ Yoast SEO plugin. -->","yoast_head_json":{"title":"General Charles Flynn: Bu Y\u00fczy\u0131l\u0131 \u00c7in\u2019in Y\u00fckseli\u015fi \u015eekillendirecek - The Epoch Times TR","description":"ABD Ordusu Pasifik Komutan\u0131 General Charles Flynn, emekli olduktan sonraki g\u00f6zlemlerini The Epoch Times'la payla\u015ft\u0131.","robots":{"index":"index","follow":"follow","max-snippet":"max-snippet:-1","max-image-preview":"max-image-preview:large","max-video-preview":"max-video-preview:-1"},"canonical":"https:\/\/epochtimestr.com\/index.php\/general-charles-flynn-bu-yuzyili-cinin-yukselisi-sekillendirecek","og_locale":"tr_TR","og_type":"article","og_title":"General Charles Flynn: Bu Y\u00fczy\u0131l\u0131 \u00c7in\u2019in Y\u00fckseli\u015fi \u015eekillendirecek - The Epoch Times TR","og_description":"ABD Ordusu Pasifik Komutan\u0131 General Charles Flynn, emekli olduktan sonraki g\u00f6zlemlerini The Epoch Times'la payla\u015ft\u0131.","og_url":"https:\/\/epochtimestr.com\/index.php\/general-charles-flynn-bu-yuzyili-cinin-yukselisi-sekillendirecek","og_site_name":"The Epoch Times TR","article_publisher":"https:\/\/www.facebook.com\/theepochtimestr","article_published_time":"2025-12-18T17:34:44+00:00","article_modified_time":"2025-12-18T17:34:46+00:00","og_image":[{"width":1200,"height":1127,"url":"https:\/\/epochtimestr.com\/wp-content\/uploads\/2011y\/1000030157.webp","type":"image\/webp"}],"author":"Leo Bajelan","twitter_card":"summary_large_image","twitter_creator":"@TheEpochTimesTR","twitter_site":"@TheEpochTimesTR","twitter_misc":{"Yazan:":"Leo Bajelan","Tahmini okuma s\u00fcresi":"3 dakika"},"schema":{"@context":"https:\/\/schema.org","@graph":[{"@type":"Article","@id":"https:\/\/epochtimestr.com\/index.php\/general-charles-flynn-bu-yuzyili-cinin-yukselisi-sekillendirecek#article","isPartOf":{"@id":"https:\/\/epochtimestr.com\/index.php\/general-charles-flynn-bu-yuzyili-cinin-yukselisi-sekillendirecek"},"author":{"name":"Leo Bajelan","@id":"https:\/\/epochtimestr.com\/#\/schema\/person\/5fef218711d76d8f232b0e1f1d7e4c0d"},"headline":"General Charles Flynn: Bu Y\u00fczy\u0131l\u0131 \u00c7in\u2019in Y\u00fckseli\u015fi \u015eekillendirecek","datePublished":"2025-12-18T17:34:44+00:00","dateModified":"2025-12-18T17:34:46+00:00","mainEntityOfPage":{"@id":"https:\/\/epochtimestr.com\/index.php\/general-charles-flynn-bu-yuzyili-cinin-yukselisi-sekillendirecek"},"wordCount":619,"publisher":{"@id":"https:\/\/epochtimestr.com\/#organization"},"image":{"@id":"https:\/\/epochtimestr.com\/index.php\/general-charles-flynn-bu-yuzyili-cinin-yukselisi-sekillendirecek#primaryimage"},"thumbnailUrl":"https:\/\/epochtimestr.com\/wp-content\/uploads\/2011y\/1000030157.webp","keywords":["\u00c7in ABD","\u00c7in Pasifik stratejisi","Genel Charles Flynn","stratejik hamleleri","Trump"],"articleSection":["\u00c7\u0130N","G\u00dcNDEM","MAN\u015eET"],"inLanguage":"tr"},{"@type":"WebPage","@id":"https:\/\/epochtimestr.com\/index.php\/general-charles-flynn-bu-yuzyili-cinin-yukselisi-sekillendirecek","url":"https:\/\/epochtimestr.com\/index.php\/general-charles-flynn-bu-yuzyili-cinin-yukselisi-sekillendirecek","name":"General Charles Flynn: Bu Y\u00fczy\u0131l\u0131 \u00c7in\u2019in Y\u00fckseli\u015fi \u015eekillendirecek - The Epoch Times TR","isPartOf":{"@id":"https:\/\/epochtimestr.com\/#website"},"primaryImageOfPage":{"@id":"https:\/\/epochtimestr.com\/index.php\/general-charles-flynn-bu-yuzyili-cinin-yukselisi-sekillendirecek#primaryimage"},"image":{"@id":"https:\/\/epochtimestr.com\/index.php\/general-charles-flynn-bu-yuzyili-cinin-yukselisi-sekillendirecek#primaryimage"},"thumbnailUrl":"https:\/\/epochtimestr.com\/wp-content\/uploads\/2011y\/1000030157.webp","datePublished":"2025-12-18T17:34:44+00:00","dateModified":"2025-12-18T17:34:46+00:00","description":"ABD Ordusu Pasifik Komutan\u0131 General Charles Flynn, emekli olduktan sonraki g\u00f6zlemlerini The Epoch Times'la payla\u015ft\u0131.","inLanguage":"tr","potentialAction":[{"@type":"ReadAction","target":["https:\/\/epochtimestr.com\/index.php\/general-charles-flynn-bu-yuzyili-cinin-yukselisi-sekillendirecek"]}]},{"@type":"ImageObject","inLanguage":"tr","@id":"https:\/\/epochtimestr.com\/index.php\/general-charles-flynn-bu-yuzyili-cinin-yukselisi-sekillendirecek#primaryimage","url":"https:\/\/epochtimestr.com\/wp-content\/uploads\/2011y\/1000030157.webp","contentUrl":"https:\/\/epochtimestr.com\/wp-content\/uploads\/2011y\/1000030157.webp","width":1200,"height":1127},{"@type":"WebSite","@id":"https:\/\/epochtimestr.com\/#website","url":"https:\/\/epochtimestr.com\/","name":"The Epoch Times TR","description":"De\u011fi\u015fen D\u00fcnyam\u0131za Taze Bir Bak\u0131\u015f","publisher":{"@id":"https:\/\/epochtimestr.com\/#organization"},"potentialAction":[{"@type":"SearchAction","target":{"@type":"EntryPoint","urlTemplate":"https:\/\/epochtimestr.com\/?s={search_term_string}"},"query-input":"required name=search_term_string"}],"inLanguage":"tr"},{"@type":"Organization","@id":"https:\/\/epochtimestr.com\/#organization","name":"The EpochTimes T\u00fcrkiye","url":"https:\/\/epochtimestr.com\/","logo":{"@type":"ImageObject","inLanguage":"tr","@id":"https:\/\/epochtimestr.com\/#\/schema\/logo\/image\/","url":"https:\/\/epochtimestr.com\/wp-content\/uploads\/2011y\/ET-Logo-YG.jpg","contentUrl":"https:\/\/epochtimestr.com\/wp-content\/uploads\/2011y\/ET-Logo-YG.jpg","width":346,"height":29,"caption":"The EpochTimes T\u00fcrkiye"},"image":{"@id":"https:\/\/epochtimestr.com\/#\/schema\/logo\/image\/"},"sameAs":["https:\/\/www.facebook.com\/theepochtimestr","https:\/\/x.com\/TheEpochTimesTR","https:\/\/www.instagram.com\/epochtimestr"]},{"@type":"Person","@id":"https:\/\/epochtimestr.com\/#\/schema\/person\/5fef218711d76d8f232b0e1f1d7e4c0d","name":"Leo Bajelan","image":{"@type":"ImageObject","inLanguage":"tr","@id":"https:\/\/epochtimestr.com\/#\/schema\/person\/image\/","url":"https:\/\/secure.gravatar.com\/avatar\/917669146f489549e548a2e9af272df5?s=96&d=mm&r=g","contentUrl":"https:\/\/secure.gravatar.com\/avatar\/917669146f489549e548a2e9af272df5?s=96&d=mm&r=g","caption":"Leo Bajelan"},"url":"https:\/\/epochtimestr.com\/index.php\/author\/leo"}]}},"_links":{"self":[{"href":"https:\/\/epochtimestr.com\/index.php\/wp-json\/wp\/v2\/posts\/164571"}],"collection":[{"href":"https:\/\/epochtimestr.com\/index.php\/wp-json\/wp\/v2\/posts"}],"about":[{"href":"https:\/\/epochtimestr.com\/index.php\/wp-json\/wp\/v2\/types\/post"}],"author":[{"embeddable":true,"href":"https:\/\/epochtimestr.com\/index.php\/wp-json\/wp\/v2\/users\/13996"}],"replies":[{"embeddable":true,"href":"https:\/\/epochtimestr.com\/index.php\/wp-json\/wp\/v2\/comments?post=164571"}],"version-history":[{"count":2,"href":"https:\/\/epochtimestr.com\/index.php\/wp-json\/wp\/v2\/posts\/164571\/revisions"}],"predecessor-version":[{"id":164581,"href":"https:\/\/epochtimestr.com\/index.php\/wp-json\/wp\/v2\/posts\/164571\/revisions\/164581"}],"wp:featuredmedia":[{"embeddable":true,"href":"https:\/\/epochtimestr.com\/index.php\/wp-json\/wp\/v2\/media\/164572"}],"wp:attachment":[{"href":"https:\/\/epochtimestr.com\/index.php\/wp-json\/wp\/v2\/media?parent=164571"}],"wp:term":[{"taxonomy":"category","embeddable":true,"href":"https:\/\/epochtimestr.com\/index.php\/wp-json\/wp\/v2\/categories?post=164571"},{"taxonomy":"post_tag","embeddable":true,"href":"https:\/\/epochtimestr.com\/index.php\/wp-json\/wp\/v2\/tags?post=164571"}],"curies":[{"name":"wp","href":"https:\/\/api.w.org\/{rel}","templated":true}]}}