{"id":164595,"date":"2025-12-20T14:04:53","date_gmt":"2025-12-20T11:04:53","guid":{"rendered":"https:\/\/epochtimestr.com\/?p=164595"},"modified":"2025-12-20T14:06:41","modified_gmt":"2025-12-20T11:06:41","slug":"cin-ile-japonya-tayvan-hakkindaki-gerginligi-bme-tasidi","status":"publish","type":"post","link":"https:\/\/epochtimestr.com\/index.php\/cin-ile-japonya-tayvan-hakkindaki-gerginligi-bme-tasidi","title":{"rendered":"\u00c7in \u0130le Japonya Tayvan Hakk\u0131ndaki Gerginli\u011fi BM\u2019e Ta\u015f\u0131d\u0131"},"content":{"rendered":"<div class=\"wp-block-image\">\n<figure class=\"aligncenter size-full\"><img loading=\"lazy\" decoding=\"async\" width=\"2000\" height=\"1004\" src=\"https:\/\/epochtimestr.com\/wp-content\/uploads\/2011y\/1000030285.jpg\" alt=\"\u00c7in ile Japonya aras\u0131nda Tayvan nedeniyle Birle\u015fmi\u015f Milletler\u2019de tansiyon y\u00fckseldi, taraflar sert a\u00e7\u0131klamalarla birbirini su\u00e7lad\u0131.     New York\u2019taki Birle\u015fmi\u015f Milletler G\u00fcvenlik Konseyi Salonu, di\u011fer ad\u0131yla Norve\u00e7 Salonu.(Foto\u011fraf: Wikimedia)\" class=\"wp-image-164596\" srcset=\"https:\/\/epochtimestr.com\/wp-content\/uploads\/2011y\/1000030285.jpg 2000w, https:\/\/epochtimestr.com\/wp-content\/uploads\/2011y\/1000030285-300x151.jpg 300w, https:\/\/epochtimestr.com\/wp-content\/uploads\/2011y\/1000030285-150x75.jpg 150w, https:\/\/epochtimestr.com\/wp-content\/uploads\/2011y\/1000030285-768x386.jpg 768w, https:\/\/epochtimestr.com\/wp-content\/uploads\/2011y\/1000030285-1536x771.jpg 1536w\" sizes=\"(max-width: 2000px) 100vw, 2000px\" \/><figcaption class=\"wp-element-caption\">\u00c7in ile Japonya aras\u0131nda Tayvan nedeniyle Birle\u015fmi\u015f Milletler\u2019de tansiyon y\u00fckseldi, taraflar sert a\u00e7\u0131klamalarla birbirini su\u00e7lad\u0131.     New York\u2019taki Birle\u015fmi\u015f Milletler G\u00fcvenlik Konseyi Salonu, di\u011fer ad\u0131yla Norve\u00e7 Salonu.(Foto\u011fraf: Wikimedia)<\/figcaption><\/figure><\/div>\n\n\n<p>\u00c7in ile Japonya aras\u0131nda Tayvan hakk\u0131nda ya\u015fanan diplomatik gerilim, Birle\u015fmi\u015f Milletler G\u00fcvenlik Konseyi\u2019ne ta\u015f\u0131nd\u0131. Tart\u0131\u015fmalar, Japonya Ba\u015fbakan\u0131 Sanae Takaichi\u2019nin Tayvan\u2019a olas\u0131 bir sald\u0131r\u0131 senaryosuna dair a\u00e7\u0131klamalar\u0131 sonras\u0131 alevlendi. \u00c7in y\u00f6netimi Japonya&#8217;dan, b\u00f6lgesel bar\u0131\u015f i\u00e7in tehdit olarak de\u011ferlendirdi\u011fi bu s\u00f6zleri geri \u00e7ekmesini istedi.<\/p>\n\n\n\n<p>Gerginlik, <a href=\"https:\/\/www.theepochtimes.com\/world\/china-japan-clash-at-un-in-ongoing-feud-over-taiwan-5959545\" target=\"_blank\" rel=\"noreferrer noopener\">15 Aral\u0131k\u2019ta<\/a> yap\u0131lan BM G\u00fcvenlik Konseyi toplant\u0131s\u0131nda ortaya \u00e7\u0131kt\u0131. Toplant\u0131da konu\u015fan \u00c7in\u2019in BM Daimi Temsilcisi Fu Cong, Japonya\u2019y\u0131 sert ifadelerle ele\u015ftirdi. Fu Cong, Takaichi\u2019nin a\u00e7\u0131klamalar\u0131n\u0131n yanl\u0131\u015f oldu\u011funu belirterek Japon h\u00fck\u00fcmetinin bu tutumdan vazge\u00e7mesini talep etti. \u00c7in taraf\u0131, Japonya\u2019n\u0131n savunma politikalar\u0131n\u0131 \u00f6zellikle tarihsel ba\u011flamda sorgulad\u0131.<\/p>\n\n\n\n<p>Fu Cong konu\u015fmas\u0131nda \u0130kinci D\u00fcnya Sava\u015f\u0131\u2019na at\u0131fta bulunarak Japonya\u2019n\u0131n ge\u00e7mi\u015fle y\u00fczle\u015fmesi gerekti\u011fini s\u00f6yledi. Ayr\u0131ca Japonya\u2019n\u0131n Tayvan meselesini gerek\u00e7e g\u00f6stererek askeri kapasitesini art\u0131rd\u0131\u011f\u0131n\u0131 \u00f6ne s\u00fcrd\u00fc. Bu durumu militarizmin yeniden canlanmas\u0131 olarak tan\u0131mlad\u0131. Fu Cong \u00c7in\u2019in Tayvan \u00fczerindeki egemenlik iddias\u0131n\u0131 yineleyerek konunun i\u00e7 mesele oldu\u011funu vurgulad\u0131.<\/p>\n\n\n\n<p>Japonya\u2019n\u0131n BM Daimi Temsilcisi Yamazaki Kazuyuki ise su\u00e7lamalara sert yan\u0131t verdi. Kazuyuki, \u00c7in\u2019in iddialar\u0131n\u0131n temelsiz oldu\u011funu ve BM\u2019nin yap\u0131c\u0131 ruhuna zarar verdi\u011fini s\u00f6yledi. Ayr\u0131ca Japonya\u2019n\u0131n hi\u00e7bir ko\u015fulda sald\u0131rgan bir politika izlemedi\u011fini belirtti. Savunma yakla\u015f\u0131m\u0131n\u0131n tamamen savunmaya dayal\u0131 oldu\u011funu vurgulad\u0131.<\/p>\n\n\n\n<p>Kazuyuki, Japonya\u2019n\u0131n sava\u015f sonras\u0131 d\u00f6nemde bar\u0131\u015f\u00e7\u0131 bir \u00e7izgide ilerledi\u011fini ifade etti. \u00dclkesinin uluslararas\u0131 bar\u0131\u015fa ve k\u00fcresel istikrara \u00f6nemli katk\u0131lar sundu\u011funu s\u00f6yledi. Tayvan Bo\u011faz\u0131\u2019ndaki bar\u0131\u015f\u0131n sadece b\u00f6lge i\u00e7in de\u011fil, d\u00fcnya i\u00e7in \u00f6nemli oldu\u011funu dile getirdi. Sorunlar\u0131n diyalog ve bar\u0131\u015f\u00e7\u0131l yollarla \u00e7\u00f6z\u00fclmesini desteklediklerini a\u00e7\u0131klad\u0131.<\/p>\n\n\n\n<h3 class=\"wp-block-heading\">Tayvan Anla\u015fmazl\u0131\u011f\u0131 B\u00f6lgesel Gerilimi Art\u0131r\u0131yor<\/h3>\n\n\n\n<p>Tayvan konusu, <a href=\"https:\/\/epochtimestr.com\/index.php\/cin-japonyaya-gitmeyi-planlayan-vatandaslarini-uyardi\" target=\"_blank\" rel=\"noreferrer noopener\">\u00c7in ile Japonya<\/a> aras\u0131ndaki ili\u015fkilerde uzun s\u00fcredir hassas bir ba\u015fl\u0131k olarak \u00f6ne \u00e7\u0131k\u0131yor. \u00c7in, Tayvan\u2019\u0131 kendi topra\u011f\u0131 olarak g\u00f6r\u00fcrken, aday\u0131 zorla alma se\u00e7ene\u011fini d\u0131\u015flam\u0131yor. Japonya ve ABD ise \u00c7in\u2019in bu iddias\u0131n\u0131 kabul etmiyor ancak diplomatik olarak \u201ctek \u00c7in\u201d politikas\u0131n\u0131 tan\u0131yor.<\/p>\n\n\n\n<p>Diplomatik gerilim ekonomik ve toplumsal alanlara da yans\u0131yor. \u00c7in, Japon deniz \u00fcr\u00fcnlerine y\u00f6nelik boykot uygulamaya devam ediyor. \u00c7inli turistlerin Japonya\u2019ya seyahatlerinde de d\u00fc\u015f\u00fc\u015f ya\u015fan\u0131yor. Buna ra\u011fmen Japonya\u2019ya gelen toplam yabanc\u0131 turist say\u0131s\u0131nda art\u0131\u015f kaydedildi.<\/p>\n\n\n\n<p>Japonya Turizm Ajans\u0131 verilerine g\u00f6re Kas\u0131m ay\u0131nda ziyaret\u00e7i say\u0131s\u0131 ge\u00e7en y\u0131la g\u00f6re y\u00fczde 10\u2019un \u00fczerinde artt\u0131. Bu durum, siyasi gerginli\u011fe ra\u011fmen k\u00fcresel ilginin s\u00fcrd\u00fc\u011f\u00fcn\u00fc g\u00f6sterdi. BM\u2019de ya\u015fanan bu tart\u0131\u015fma, Asya-Pasifik b\u00f6lgesindeki dengelerin ne kadar k\u0131r\u0131lgan oldu\u011funu bir kez daha ortaya koydu. Tayvan meselesi, \u00c7in-Japonya ili\u015fkilerinde belirleyici olmaya devam ediyor.<\/p>\n","protected":false},"excerpt":{"rendered":"<p>\u00c7in ile Japonya aras\u0131nda Tayvan hakk\u0131nda ya\u015fanan diplomatik gerilim, Birle\u015fmi\u015f Milletler G\u00fcvenlik Konseyi\u2019ne ta\u015f\u0131nd\u0131. Tart\u0131\u015fmalar, Japonya Ba\u015fbakan\u0131 Sanae Takaichi\u2019nin Tayvan\u2019a olas\u0131 bir sald\u0131r\u0131 senaryosuna dair a\u00e7\u0131klamalar\u0131 sonras\u0131 alevlendi. \u00c7in y\u00f6netimi Japonya&#8217;dan, b\u00f6lgesel bar\u0131\u015f i\u00e7in tehdit olarak de\u011ferlendirdi\u011fi bu s\u00f6zleri geri \u00e7ekmesini istedi. Gerginlik, 15 Aral\u0131k\u2019ta yap\u0131lan BM G\u00fcvenlik Konseyi toplant\u0131s\u0131nda ortaya \u00e7\u0131kt\u0131. Toplant\u0131da konu\u015fan \u00c7in\u2019in [&hellip;]<\/p>\n","protected":false},"author":13996,"featured_media":164596,"comment_status":"closed","ping_status":"open","sticky":false,"template":"","format":"standard","meta":{"_yoast_wpseo_focuskw":"\u00c7in - Japonya","_yoast_wpseo_title":"","_yoast_wpseo_metadesc":"\u00c7in ile Japonya aras\u0131nda Tayvan nedeniyle Birle\u015fmi\u015f Milletler\u2019de tansiyon y\u00fckseldi, taraflar sert a\u00e7\u0131klamalarla birbirini su\u00e7lad\u0131.","_bbp_topic_count":0,"_bbp_reply_count":0,"_bbp_total_topic_count":0,"_bbp_total_reply_count":0,"_bbp_voice_count":0,"_bbp_anonymous_reply_count":0,"_bbp_topic_count_hidden":0,"_bbp_reply_count_hidden":0,"_bbp_forum_subforum_count":0,"footnotes":"","_yoast_wpseo_focuskw_text_input":""},"categories":[8,1,8138],"tags":[407,9908,9865,4198,5764,4696],"yoast_head":"<!-- This site is optimized with the Yoast SEO plugin v23.0 - https:\/\/yoast.com\/wordpress\/plugins\/seo\/ -->\n<title>\u00c7in \u0130le Japonya Tayvan Hakk\u0131ndaki Gerginli\u011fi BM\u2019e Ta\u015f\u0131d\u0131 - The Epoch Times TR<\/title>\n<meta name=\"description\" content=\"\u00c7in ile Japonya aras\u0131nda Tayvan nedeniyle Birle\u015fmi\u015f Milletler\u2019de tansiyon y\u00fckseldi, taraflar sert a\u00e7\u0131klamalarla birbirini su\u00e7lad\u0131.\" \/>\n<meta name=\"robots\" content=\"index, follow, max-snippet:-1, max-image-preview:large, max-video-preview:-1\" \/>\n<link rel=\"canonical\" href=\"https:\/\/epochtimestr.com\/index.php\/cin-ile-japonya-tayvan-hakkindaki-gerginligi-bme-tasidi\" \/>\n<meta property=\"og:locale\" content=\"tr_TR\" \/>\n<meta property=\"og:type\" content=\"article\" \/>\n<meta property=\"og:title\" content=\"\u00c7in \u0130le Japonya Tayvan Hakk\u0131ndaki Gerginli\u011fi BM\u2019e Ta\u015f\u0131d\u0131 - The Epoch Times TR\" \/>\n<meta property=\"og:description\" content=\"\u00c7in ile Japonya aras\u0131nda Tayvan nedeniyle Birle\u015fmi\u015f Milletler\u2019de tansiyon y\u00fckseldi, taraflar sert a\u00e7\u0131klamalarla birbirini su\u00e7lad\u0131.\" \/>\n<meta property=\"og:url\" content=\"https:\/\/epochtimestr.com\/index.php\/cin-ile-japonya-tayvan-hakkindaki-gerginligi-bme-tasidi\" \/>\n<meta property=\"og:site_name\" content=\"The Epoch Times TR\" \/>\n<meta property=\"article:publisher\" content=\"https:\/\/www.facebook.com\/theepochtimestr\" \/>\n<meta property=\"article:published_time\" content=\"2025-12-20T11:04:53+00:00\" \/>\n<meta property=\"article:modified_time\" content=\"2025-12-20T11:06:41+00:00\" \/>\n<meta property=\"og:image\" content=\"https:\/\/epochtimestr.com\/wp-content\/uploads\/2011y\/1000030285.jpg\" \/>\n\t<meta property=\"og:image:width\" content=\"2000\" \/>\n\t<meta property=\"og:image:height\" content=\"1004\" \/>\n\t<meta property=\"og:image:type\" content=\"image\/jpeg\" \/>\n<meta name=\"author\" content=\"Leo Bajelan\" \/>\n<meta name=\"twitter:card\" content=\"summary_large_image\" \/>\n<meta name=\"twitter:creator\" content=\"@TheEpochTimesTR\" \/>\n<meta name=\"twitter:site\" content=\"@TheEpochTimesTR\" \/>\n<meta name=\"twitter:label1\" content=\"Yazan:\" \/>\n\t<meta name=\"twitter:data1\" content=\"Leo Bajelan\" \/>\n\t<meta name=\"twitter:label2\" content=\"Tahmini okuma s\u00fcresi\" \/>\n\t<meta name=\"twitter:data2\" content=\"3 dakika\" \/>\n<script type=\"application\/ld+json\" class=\"yoast-schema-graph\">{\"@context\":\"https:\/\/schema.org\",\"@graph\":[{\"@type\":\"Article\",\"@id\":\"https:\/\/epochtimestr.com\/index.php\/cin-ile-japonya-tayvan-hakkindaki-gerginligi-bme-tasidi#article\",\"isPartOf\":{\"@id\":\"https:\/\/epochtimestr.com\/index.php\/cin-ile-japonya-tayvan-hakkindaki-gerginligi-bme-tasidi\"},\"author\":{\"name\":\"Leo Bajelan\",\"@id\":\"https:\/\/epochtimestr.com\/#\/schema\/person\/5fef218711d76d8f232b0e1f1d7e4c0d\"},\"headline\":\"\u00c7in \u0130le Japonya Tayvan Hakk\u0131ndaki Gerginli\u011fi BM\u2019e Ta\u015f\u0131d\u0131\",\"datePublished\":\"2025-12-20T11:04:53+00:00\",\"dateModified\":\"2025-12-20T11:06:41+00:00\",\"mainEntityOfPage\":{\"@id\":\"https:\/\/epochtimestr.com\/index.php\/cin-ile-japonya-tayvan-hakkindaki-gerginligi-bme-tasidi\"},\"wordCount\":558,\"publisher\":{\"@id\":\"https:\/\/epochtimestr.com\/#organization\"},\"image\":{\"@id\":\"https:\/\/epochtimestr.com\/index.php\/cin-ile-japonya-tayvan-hakkindaki-gerginligi-bme-tasidi#primaryimage\"},\"thumbnailUrl\":\"https:\/\/epochtimestr.com\/wp-content\/uploads\/2011y\/1000030285.jpg\",\"keywords\":[\"ABD\",\"\u00c7in Japonya\",\"Sanae Takaichi\",\"tayvan\",\"Trump\",\"xi jinping\"],\"articleSection\":[\"\u00c7\u0130N\",\"G\u00dcNDEM\",\"MAN\u015eET\"],\"inLanguage\":\"tr\"},{\"@type\":\"WebPage\",\"@id\":\"https:\/\/epochtimestr.com\/index.php\/cin-ile-japonya-tayvan-hakkindaki-gerginligi-bme-tasidi\",\"url\":\"https:\/\/epochtimestr.com\/index.php\/cin-ile-japonya-tayvan-hakkindaki-gerginligi-bme-tasidi\",\"name\":\"\u00c7in \u0130le Japonya Tayvan Hakk\u0131ndaki Gerginli\u011fi BM\u2019e Ta\u015f\u0131d\u0131 - The Epoch Times TR\",\"isPartOf\":{\"@id\":\"https:\/\/epochtimestr.com\/#website\"},\"primaryImageOfPage\":{\"@id\":\"https:\/\/epochtimestr.com\/index.php\/cin-ile-japonya-tayvan-hakkindaki-gerginligi-bme-tasidi#primaryimage\"},\"image\":{\"@id\":\"https:\/\/epochtimestr.com\/index.php\/cin-ile-japonya-tayvan-hakkindaki-gerginligi-bme-tasidi#primaryimage\"},\"thumbnailUrl\":\"https:\/\/epochtimestr.com\/wp-content\/uploads\/2011y\/1000030285.jpg\",\"datePublished\":\"2025-12-20T11:04:53+00:00\",\"dateModified\":\"2025-12-20T11:06:41+00:00\",\"description\":\"\u00c7in ile Japonya aras\u0131nda Tayvan nedeniyle Birle\u015fmi\u015f Milletler\u2019de tansiyon y\u00fckseldi, taraflar sert a\u00e7\u0131klamalarla birbirini su\u00e7lad\u0131.\",\"inLanguage\":\"tr\",\"potentialAction\":[{\"@type\":\"ReadAction\",\"target\":[\"https:\/\/epochtimestr.com\/index.php\/cin-ile-japonya-tayvan-hakkindaki-gerginligi-bme-tasidi\"]}]},{\"@type\":\"ImageObject\",\"inLanguage\":\"tr\",\"@id\":\"https:\/\/epochtimestr.com\/index.php\/cin-ile-japonya-tayvan-hakkindaki-gerginligi-bme-tasidi#primaryimage\",\"url\":\"https:\/\/epochtimestr.com\/wp-content\/uploads\/2011y\/1000030285.jpg\",\"contentUrl\":\"https:\/\/epochtimestr.com\/wp-content\/uploads\/2011y\/1000030285.jpg\",\"width\":2000,\"height\":1004},{\"@type\":\"WebSite\",\"@id\":\"https:\/\/epochtimestr.com\/#website\",\"url\":\"https:\/\/epochtimestr.com\/\",\"name\":\"The Epoch Times TR\",\"description\":\"De\u011fi\u015fen D\u00fcnyam\u0131za Taze Bir Bak\u0131\u015f\",\"publisher\":{\"@id\":\"https:\/\/epochtimestr.com\/#organization\"},\"potentialAction\":[{\"@type\":\"SearchAction\",\"target\":{\"@type\":\"EntryPoint\",\"urlTemplate\":\"https:\/\/epochtimestr.com\/?s={search_term_string}\"},\"query-input\":\"required name=search_term_string\"}],\"inLanguage\":\"tr\"},{\"@type\":\"Organization\",\"@id\":\"https:\/\/epochtimestr.com\/#organization\",\"name\":\"The EpochTimes T\u00fcrkiye\",\"url\":\"https:\/\/epochtimestr.com\/\",\"logo\":{\"@type\":\"ImageObject\",\"inLanguage\":\"tr\",\"@id\":\"https:\/\/epochtimestr.com\/#\/schema\/logo\/image\/\",\"url\":\"https:\/\/epochtimestr.com\/wp-content\/uploads\/2011y\/ET-Logo-YG.jpg\",\"contentUrl\":\"https:\/\/epochtimestr.com\/wp-content\/uploads\/2011y\/ET-Logo-YG.jpg\",\"width\":346,\"height\":29,\"caption\":\"The EpochTimes T\u00fcrkiye\"},\"image\":{\"@id\":\"https:\/\/epochtimestr.com\/#\/schema\/logo\/image\/\"},\"sameAs\":[\"https:\/\/www.facebook.com\/theepochtimestr\",\"https:\/\/x.com\/TheEpochTimesTR\",\"https:\/\/www.instagram.com\/epochtimestr\"]},{\"@type\":\"Person\",\"@id\":\"https:\/\/epochtimestr.com\/#\/schema\/person\/5fef218711d76d8f232b0e1f1d7e4c0d\",\"name\":\"Leo Bajelan\",\"image\":{\"@type\":\"ImageObject\",\"inLanguage\":\"tr\",\"@id\":\"https:\/\/epochtimestr.com\/#\/schema\/person\/image\/\",\"url\":\"https:\/\/secure.gravatar.com\/avatar\/917669146f489549e548a2e9af272df5?s=96&d=mm&r=g\",\"contentUrl\":\"https:\/\/secure.gravatar.com\/avatar\/917669146f489549e548a2e9af272df5?s=96&d=mm&r=g\",\"caption\":\"Leo Bajelan\"},\"url\":\"https:\/\/epochtimestr.com\/index.php\/author\/leo\"}]}<\/script>\n<!-- \/ Yoast SEO plugin. -->","yoast_head_json":{"title":"\u00c7in \u0130le Japonya Tayvan Hakk\u0131ndaki Gerginli\u011fi BM\u2019e Ta\u015f\u0131d\u0131 - The Epoch Times TR","description":"\u00c7in ile Japonya aras\u0131nda Tayvan nedeniyle Birle\u015fmi\u015f Milletler\u2019de tansiyon y\u00fckseldi, taraflar sert a\u00e7\u0131klamalarla birbirini su\u00e7lad\u0131.","robots":{"index":"index","follow":"follow","max-snippet":"max-snippet:-1","max-image-preview":"max-image-preview:large","max-video-preview":"max-video-preview:-1"},"canonical":"https:\/\/epochtimestr.com\/index.php\/cin-ile-japonya-tayvan-hakkindaki-gerginligi-bme-tasidi","og_locale":"tr_TR","og_type":"article","og_title":"\u00c7in \u0130le Japonya Tayvan Hakk\u0131ndaki Gerginli\u011fi BM\u2019e Ta\u015f\u0131d\u0131 - The Epoch Times TR","og_description":"\u00c7in ile Japonya aras\u0131nda Tayvan nedeniyle Birle\u015fmi\u015f Milletler\u2019de tansiyon y\u00fckseldi, taraflar sert a\u00e7\u0131klamalarla birbirini su\u00e7lad\u0131.","og_url":"https:\/\/epochtimestr.com\/index.php\/cin-ile-japonya-tayvan-hakkindaki-gerginligi-bme-tasidi","og_site_name":"The Epoch Times TR","article_publisher":"https:\/\/www.facebook.com\/theepochtimestr","article_published_time":"2025-12-20T11:04:53+00:00","article_modified_time":"2025-12-20T11:06:41+00:00","og_image":[{"width":2000,"height":1004,"url":"https:\/\/epochtimestr.com\/wp-content\/uploads\/2011y\/1000030285.jpg","type":"image\/jpeg"}],"author":"Leo Bajelan","twitter_card":"summary_large_image","twitter_creator":"@TheEpochTimesTR","twitter_site":"@TheEpochTimesTR","twitter_misc":{"Yazan:":"Leo Bajelan","Tahmini okuma s\u00fcresi":"3 dakika"},"schema":{"@context":"https:\/\/schema.org","@graph":[{"@type":"Article","@id":"https:\/\/epochtimestr.com\/index.php\/cin-ile-japonya-tayvan-hakkindaki-gerginligi-bme-tasidi#article","isPartOf":{"@id":"https:\/\/epochtimestr.com\/index.php\/cin-ile-japonya-tayvan-hakkindaki-gerginligi-bme-tasidi"},"author":{"name":"Leo Bajelan","@id":"https:\/\/epochtimestr.com\/#\/schema\/person\/5fef218711d76d8f232b0e1f1d7e4c0d"},"headline":"\u00c7in \u0130le Japonya Tayvan Hakk\u0131ndaki Gerginli\u011fi BM\u2019e Ta\u015f\u0131d\u0131","datePublished":"2025-12-20T11:04:53+00:00","dateModified":"2025-12-20T11:06:41+00:00","mainEntityOfPage":{"@id":"https:\/\/epochtimestr.com\/index.php\/cin-ile-japonya-tayvan-hakkindaki-gerginligi-bme-tasidi"},"wordCount":558,"publisher":{"@id":"https:\/\/epochtimestr.com\/#organization"},"image":{"@id":"https:\/\/epochtimestr.com\/index.php\/cin-ile-japonya-tayvan-hakkindaki-gerginligi-bme-tasidi#primaryimage"},"thumbnailUrl":"https:\/\/epochtimestr.com\/wp-content\/uploads\/2011y\/1000030285.jpg","keywords":["ABD","\u00c7in Japonya","Sanae Takaichi","tayvan","Trump","xi jinping"],"articleSection":["\u00c7\u0130N","G\u00dcNDEM","MAN\u015eET"],"inLanguage":"tr"},{"@type":"WebPage","@id":"https:\/\/epochtimestr.com\/index.php\/cin-ile-japonya-tayvan-hakkindaki-gerginligi-bme-tasidi","url":"https:\/\/epochtimestr.com\/index.php\/cin-ile-japonya-tayvan-hakkindaki-gerginligi-bme-tasidi","name":"\u00c7in \u0130le Japonya Tayvan Hakk\u0131ndaki Gerginli\u011fi BM\u2019e Ta\u015f\u0131d\u0131 - The Epoch Times TR","isPartOf":{"@id":"https:\/\/epochtimestr.com\/#website"},"primaryImageOfPage":{"@id":"https:\/\/epochtimestr.com\/index.php\/cin-ile-japonya-tayvan-hakkindaki-gerginligi-bme-tasidi#primaryimage"},"image":{"@id":"https:\/\/epochtimestr.com\/index.php\/cin-ile-japonya-tayvan-hakkindaki-gerginligi-bme-tasidi#primaryimage"},"thumbnailUrl":"https:\/\/epochtimestr.com\/wp-content\/uploads\/2011y\/1000030285.jpg","datePublished":"2025-12-20T11:04:53+00:00","dateModified":"2025-12-20T11:06:41+00:00","description":"\u00c7in ile Japonya aras\u0131nda Tayvan nedeniyle Birle\u015fmi\u015f Milletler\u2019de tansiyon y\u00fckseldi, taraflar sert a\u00e7\u0131klamalarla birbirini su\u00e7lad\u0131.","inLanguage":"tr","potentialAction":[{"@type":"ReadAction","target":["https:\/\/epochtimestr.com\/index.php\/cin-ile-japonya-tayvan-hakkindaki-gerginligi-bme-tasidi"]}]},{"@type":"ImageObject","inLanguage":"tr","@id":"https:\/\/epochtimestr.com\/index.php\/cin-ile-japonya-tayvan-hakkindaki-gerginligi-bme-tasidi#primaryimage","url":"https:\/\/epochtimestr.com\/wp-content\/uploads\/2011y\/1000030285.jpg","contentUrl":"https:\/\/epochtimestr.com\/wp-content\/uploads\/2011y\/1000030285.jpg","width":2000,"height":1004},{"@type":"WebSite","@id":"https:\/\/epochtimestr.com\/#website","url":"https:\/\/epochtimestr.com\/","name":"The Epoch Times TR","description":"De\u011fi\u015fen D\u00fcnyam\u0131za Taze Bir Bak\u0131\u015f","publisher":{"@id":"https:\/\/epochtimestr.com\/#organization"},"potentialAction":[{"@type":"SearchAction","target":{"@type":"EntryPoint","urlTemplate":"https:\/\/epochtimestr.com\/?s={search_term_string}"},"query-input":"required name=search_term_string"}],"inLanguage":"tr"},{"@type":"Organization","@id":"https:\/\/epochtimestr.com\/#organization","name":"The EpochTimes T\u00fcrkiye","url":"https:\/\/epochtimestr.com\/","logo":{"@type":"ImageObject","inLanguage":"tr","@id":"https:\/\/epochtimestr.com\/#\/schema\/logo\/image\/","url":"https:\/\/epochtimestr.com\/wp-content\/uploads\/2011y\/ET-Logo-YG.jpg","contentUrl":"https:\/\/epochtimestr.com\/wp-content\/uploads\/2011y\/ET-Logo-YG.jpg","width":346,"height":29,"caption":"The EpochTimes T\u00fcrkiye"},"image":{"@id":"https:\/\/epochtimestr.com\/#\/schema\/logo\/image\/"},"sameAs":["https:\/\/www.facebook.com\/theepochtimestr","https:\/\/x.com\/TheEpochTimesTR","https:\/\/www.instagram.com\/epochtimestr"]},{"@type":"Person","@id":"https:\/\/epochtimestr.com\/#\/schema\/person\/5fef218711d76d8f232b0e1f1d7e4c0d","name":"Leo Bajelan","image":{"@type":"ImageObject","inLanguage":"tr","@id":"https:\/\/epochtimestr.com\/#\/schema\/person\/image\/","url":"https:\/\/secure.gravatar.com\/avatar\/917669146f489549e548a2e9af272df5?s=96&d=mm&r=g","contentUrl":"https:\/\/secure.gravatar.com\/avatar\/917669146f489549e548a2e9af272df5?s=96&d=mm&r=g","caption":"Leo Bajelan"},"url":"https:\/\/epochtimestr.com\/index.php\/author\/leo"}]}},"_links":{"self":[{"href":"https:\/\/epochtimestr.com\/index.php\/wp-json\/wp\/v2\/posts\/164595"}],"collection":[{"href":"https:\/\/epochtimestr.com\/index.php\/wp-json\/wp\/v2\/posts"}],"about":[{"href":"https:\/\/epochtimestr.com\/index.php\/wp-json\/wp\/v2\/types\/post"}],"author":[{"embeddable":true,"href":"https:\/\/epochtimestr.com\/index.php\/wp-json\/wp\/v2\/users\/13996"}],"replies":[{"embeddable":true,"href":"https:\/\/epochtimestr.com\/index.php\/wp-json\/wp\/v2\/comments?post=164595"}],"version-history":[{"count":4,"href":"https:\/\/epochtimestr.com\/index.php\/wp-json\/wp\/v2\/posts\/164595\/revisions"}],"predecessor-version":[{"id":164607,"href":"https:\/\/epochtimestr.com\/index.php\/wp-json\/wp\/v2\/posts\/164595\/revisions\/164607"}],"wp:featuredmedia":[{"embeddable":true,"href":"https:\/\/epochtimestr.com\/index.php\/wp-json\/wp\/v2\/media\/164596"}],"wp:attachment":[{"href":"https:\/\/epochtimestr.com\/index.php\/wp-json\/wp\/v2\/media?parent=164595"}],"wp:term":[{"taxonomy":"category","embeddable":true,"href":"https:\/\/epochtimestr.com\/index.php\/wp-json\/wp\/v2\/categories?post=164595"},{"taxonomy":"post_tag","embeddable":true,"href":"https:\/\/epochtimestr.com\/index.php\/wp-json\/wp\/v2\/tags?post=164595"}],"curies":[{"name":"wp","href":"https:\/\/api.w.org\/{rel}","templated":true}]}}