{"id":164600,"date":"2025-12-20T17:05:14","date_gmt":"2025-12-20T14:05:14","guid":{"rendered":"https:\/\/epochtimestr.com\/?p=164600"},"modified":"2025-12-20T17:06:12","modified_gmt":"2025-12-20T14:06:12","slug":"ingiltere-parlamentosu-cin-kaynakli-tehditlere-dikkat-cekiyor","status":"publish","type":"post","link":"https:\/\/epochtimestr.com\/index.php\/ingiltere-parlamentosu-cin-kaynakli-tehditlere-dikkat-cekiyor","title":{"rendered":"\u0130ngiltere Parlamentosu \u00c7in Kaynakl\u0131 Tehditlere Dikkat \u00c7ekiyor"},"content":{"rendered":"<div class=\"wp-block-image\">\n<figure class=\"aligncenter size-large\"><img loading=\"lazy\" decoding=\"async\" width=\"1600\" height=\"1200\" src=\"https:\/\/epochtimestr.com\/wp-content\/uploads\/2011y\/1000030298-1600x1200.jpg\" alt=\"\u0130ngiltere, \u00c7in ile ili\u015fkilerde ekonomik \u00e7\u0131karlar ile ulusal g\u00fcvenlik aras\u0131ndaki dengeyi yeniden de\u011ferlendirmesi gerekti\u011fi y\u00f6n\u00fcnde uyar\u0131lar al\u0131yor. Westminster \u015eehri \u2013 Westminster Saray\u0131. (Foto\u011fraf: Wikimedia)\" class=\"wp-image-164601\" srcset=\"https:\/\/epochtimestr.com\/wp-content\/uploads\/2011y\/1000030298-1600x1200.jpg 1600w, https:\/\/epochtimestr.com\/wp-content\/uploads\/2011y\/1000030298-300x225.jpg 300w, https:\/\/epochtimestr.com\/wp-content\/uploads\/2011y\/1000030298-150x113.jpg 150w, https:\/\/epochtimestr.com\/wp-content\/uploads\/2011y\/1000030298-768x576.jpg 768w, https:\/\/epochtimestr.com\/wp-content\/uploads\/2011y\/1000030298-1536x1152.jpg 1536w, https:\/\/epochtimestr.com\/wp-content\/uploads\/2011y\/1000030298-86x64.jpg 86w, https:\/\/epochtimestr.com\/wp-content\/uploads\/2011y\/1000030298.jpg 2000w\" sizes=\"(max-width: 1600px) 100vw, 1600px\" \/><figcaption class=\"wp-element-caption\">\u0130ngiltere Parlamentosu \u0130stihbarat ve G\u00fcvenlik Komitesi, \u00c7in ile ili\u015fkilerde ekonomik \u00e7\u0131karlar ile ulusal g\u00fcvenlik aras\u0131ndaki dengenin yeniden de\u011ferlendirmesi gerekti\u011fi y\u00f6n\u00fcnde uyar\u0131lar yapt\u0131. Westminster \u015eehri, Westminster Saray\u0131. (Foto\u011fraf: Wikimedia)<\/figcaption><\/figure><\/div>\n\n\n<p>\u0130ngiltere Parlamentosu \u0130stihbarat ve G\u00fcvenlik Komitesi, yeni y\u0131ll\u0131k raporunu yay\u0131mlad\u0131. Komite, deneyimli milletvekilleri ve Lordlar Kamaras\u0131 \u00fcyelerinden olu\u015fuyor. 15 Aral\u0131k\u2019ta kamuoyuna a\u00e7\u0131klanan <a href=\"https:\/\/www.theepochtimes.com\/china\/uk-must-stop-dragging-heels-over-china-threat-parliament-intelligence-committee-report-5960672\" target=\"_blank\" rel=\"noreferrer noopener\">rapor, 2023\u20132025 <\/a>d\u00f6nemini kaps\u0131yor. <\/p>\n\n\n\n<p><a href=\"https:\/\/epochtimestr.com\/index.php\/abdli-senatorler-rusyayi-terorist-devlet-ilan-etmek-istiyor\">Rusya<\/a>, \u0130ran ve \u00c7in ba\u011flant\u0131l\u0131 tehditler ayr\u0131nt\u0131l\u0131 \u015fekilde ele al\u0131nd\u0131\u011f\u0131 raporda, \u00c7in kaynakl\u0131 tehditlere kar\u015f\u0131 h\u00fck\u00fcmetin yeterince h\u0131zl\u0131 hareket etmedi\u011fi belirtildi. Komite, ekonomik \u00e7\u0131karlar\u0131n ulusal g\u00fcvenli\u011fin \u00f6n\u00fcne ge\u00e7ti\u011fine dikkat \u00e7ekti. Komite ayr\u0131ca bu \u00fclkelerden gelen tehditlerin \u00e7ok y\u00f6nl\u00fc ve karma\u015f\u0131k oldu\u011funu vurgulad\u0131. \u00c7in istihbarat\u0131n\u0131n d\u00fcnyadaki en b\u00fcy\u00fck yap\u0131lardan biri oldu\u011funu ifade etti. Komite, \u00c7in\u2019in \u0130ngiltere\u2019yi s\u00fcrekli hedef ald\u0131\u011f\u0131n\u0131 bildirdi.<\/p>\n\n\n\n<p>Raporda \u015fu ifade yer ald\u0131: \u201c\u00c7in&#8217;in devlet istihbarat te\u015fkilat\u0131, neredeyse kesinlikle d\u00fcnyan\u0131n en b\u00fcy\u00fc\u011f\u00fcd\u00fcr.\u201d<\/p>\n\n\n\n<p>Komiteye g\u00f6re bu durum, \u0130ngiliz g\u00fcvenlik kurumlar\u0131 i\u00e7in ciddi zorluklar olu\u015fturuyor. \u00c7in\u2019in \u201cdevletin tamam\u0131n\u0131 kapsayan\u201d bir strateji izledi\u011fini aktaran rapor, bu yakla\u015f\u0131m\u0131n bir\u00e7ok alan\u0131 etkiledi\u011fini belirtiyor.<\/p>\n\n\n\n<p>\u0130stihbarat ve G\u00fcvenlik Komitesi, raporda \u00c7in\u2019e ait devlet ve \u00f6zel \u015firketlerin bu stratejide \u00f6nemli rol oynad\u0131\u011f\u0131n\u0131 ifade ediyor. \u00dcniversiteler, k\u00fclt\u00fcrel kurumlar ve sanayi kurulu\u015flar\u0131, riskli alanlar aras\u0131nda. Raporda baz\u0131 \u00c7in vatanda\u015flar\u0131n\u0131n bask\u0131 alt\u0131nda kalabildi\u011fi de yer ald\u0131.<\/p>\n\n\n\n<h3 class=\"wp-block-heading\">\u00c7in, \u0130ngiltere Ekonomisine Geni\u015f \u00d6l\u00e7ekte N\u00fcfuz Etti<\/h3>\n\n\n\n<p>Komite ayr\u0131ca, \u00c7in\u2019in \u0130ngiltere ekonomisine geni\u015f \u00f6l\u00e7ekte n\u00fcfuz etti\u011fini bildirdi. Bu ama\u00e7la kulland\u0131\u011f\u0131 \u00f6nemli ara\u00e7lar, \u015firket sat\u0131n almalar\u0131 ve birle\u015fmeler. Bu nedenle akademi ve sanayi ili\u015fkilerinin dikkatle izlenmesi gerekiyor.<\/p>\n\n\n\n<p>Raporda \u015fu c\u00fcmle dikkat \u00e7ekiyor: \u201cBirle\u015fik Krall\u0131k ekonomisinin her sekt\u00f6r\u00fcne ba\u015far\u0131yla n\u00fcfuz etti.\u201d<\/p>\n\n\n\n<p>Siber g\u00fcvenlik ba\u015fl\u0131\u011f\u0131 raporda geni\u015f yer buldu. Rapor \u00c7in\u2019in geli\u015fmi\u015f ve yetenekli bir siber tehdit akt\u00f6r\u00fc oldu\u011funu belirtiyor. Ayr\u0131ca bir\u00e7ok sekt\u00f6r\u00fcn bu sald\u0131r\u0131lardan etkilendi\u011fini aktar\u0131yor. Bunun yan\u0131 s\u0131ra yapay zek\u00e2 destekli siber sald\u0131r\u0131lar\u0131n artaca\u011f\u0131 \u00f6ng\u00f6r\u00fcl\u00fcyor. Bu sald\u0131r\u0131lar\u0131n hacminin ve etkisinin b\u00fcy\u00fcyece\u011fi ifadeleri yer al\u0131yor. Ayr\u0131ca tehdit kaynaklar\u0131 da daha \u00f6ng\u00f6r\u00fclemez olacak.<\/p>\n\n\n\n<p>Raporda ele al\u0131nan ba\u015fl\u0131klar aras\u0131nda Yabanc\u0131 Etki Kay\u0131t Sistemi de var. Ulusal G\u00fcvenlik Yasas\u0131 kapsam\u0131nda olu\u015fturulan uygulama, Temmuz ay\u0131nda y\u00fcr\u00fcrl\u00fc\u011fe girdi. \u015eu anda sistemin geli\u015fmi\u015f listesinde yaln\u0131zca \u0130ran ve Rusya yer al\u0131yor. \u00c7in\u2019in bu listede bulunmamas\u0131 ele\u015ftirilere neden oldu. H\u00fck\u00fcmet, konuyla ilgili incelemenin s\u00fcrd\u00fc\u011f\u00fcn\u00fc a\u00e7\u0131klad\u0131.<\/p>\n\n\n\n<p>Komite bu durumu sert ifadelerle ele\u015ftirdi. H\u00fck\u00fcmetin \u201cayak s\u00fcr\u00fcd\u00fc\u011f\u00fc,\u201d karar s\u00fcrecini geciktirdi\u011fini belirtti. Komite h\u00fck\u00fcmete h\u0131zla bir karar vermesi \u00e7a\u011fr\u0131s\u0131 yapt\u0131. <\/p>\n\n\n\n<p>Raporda \u00f6zellikle vurgulanan konular\u0131n ba\u015f\u0131nda g\u00fcvenlik ve ekonomik refah dengesi geliyor. Bunun yan\u0131 s\u0131ra h\u00fck\u00fcmetin g\u00fcvenlik konular\u0131n\u0131 geri plana itti\u011fi belirtiliyor. Komite, \u00c7in\u2019in sisteme acilen dahil edilmesini talep etti.<\/p>\n","protected":false},"excerpt":{"rendered":"<p>\u0130ngiltere Parlamentosu \u0130stihbarat ve G\u00fcvenlik Komitesi, yeni y\u0131ll\u0131k raporunu yay\u0131mlad\u0131. Komite, deneyimli milletvekilleri ve Lordlar Kamaras\u0131 \u00fcyelerinden olu\u015fuyor. 15 Aral\u0131k\u2019ta kamuoyuna a\u00e7\u0131klanan rapor, 2023\u20132025 d\u00f6nemini kaps\u0131yor. Rusya, \u0130ran ve \u00c7in ba\u011flant\u0131l\u0131 tehditler ayr\u0131nt\u0131l\u0131 \u015fekilde ele al\u0131nd\u0131\u011f\u0131 raporda, \u00c7in kaynakl\u0131 tehditlere kar\u015f\u0131 h\u00fck\u00fcmetin yeterince h\u0131zl\u0131 hareket etmedi\u011fi belirtildi. Komite, ekonomik \u00e7\u0131karlar\u0131n ulusal g\u00fcvenli\u011fin \u00f6n\u00fcne ge\u00e7ti\u011fine dikkat [&hellip;]<\/p>\n","protected":false},"author":13996,"featured_media":164601,"comment_status":"closed","ping_status":"open","sticky":false,"template":"","format":"standard","meta":{"_yoast_wpseo_focuskw":"\u0130ngiltere - \u00c7in","_yoast_wpseo_title":"","_yoast_wpseo_metadesc":"\u0130ngiltere, \u00c7in ile ili\u015fkilerde ekonomik \u00e7\u0131karlarla ulusal g\u00fcvenlik aras\u0131ndaki dengenin de\u011ferlendirmesi gerekti\u011fi y\u00f6n\u00fcnde uyar\u0131lar yapt\u0131.","_bbp_topic_count":0,"_bbp_reply_count":0,"_bbp_total_topic_count":0,"_bbp_total_reply_count":0,"_bbp_voice_count":0,"_bbp_anonymous_reply_count":0,"_bbp_topic_count_hidden":0,"_bbp_reply_count_hidden":0,"_bbp_forum_subforum_count":0,"footnotes":"","_yoast_wpseo_focuskw_text_input":""},"categories":[8,1,8138],"tags":[1652,10181,6405,10183,10182],"yoast_head":"<!-- This site is optimized with the Yoast SEO plugin v23.0 - https:\/\/yoast.com\/wordpress\/plugins\/seo\/ -->\n<title>\u0130ngiltere Parlamentosu \u00c7in Kaynakl\u0131 Tehditlere Dikkat \u00c7ekiyor - The Epoch Times TR<\/title>\n<meta name=\"description\" content=\"\u0130ngiltere, \u00c7in ile ili\u015fkilerde ekonomik \u00e7\u0131karlarla ulusal g\u00fcvenlik aras\u0131ndaki dengenin de\u011ferlendirmesi gerekti\u011fi y\u00f6n\u00fcnde uyar\u0131lar yapt\u0131.\" \/>\n<meta name=\"robots\" content=\"index, follow, max-snippet:-1, max-image-preview:large, max-video-preview:-1\" \/>\n<link rel=\"canonical\" href=\"https:\/\/epochtimestr.com\/index.php\/ingiltere-parlamentosu-cin-kaynakli-tehditlere-dikkat-cekiyor\" \/>\n<meta property=\"og:locale\" content=\"tr_TR\" \/>\n<meta property=\"og:type\" content=\"article\" \/>\n<meta property=\"og:title\" content=\"\u0130ngiltere Parlamentosu \u00c7in Kaynakl\u0131 Tehditlere Dikkat \u00c7ekiyor - The Epoch Times TR\" \/>\n<meta property=\"og:description\" content=\"\u0130ngiltere, \u00c7in ile ili\u015fkilerde ekonomik \u00e7\u0131karlarla ulusal g\u00fcvenlik aras\u0131ndaki dengenin de\u011ferlendirmesi gerekti\u011fi y\u00f6n\u00fcnde uyar\u0131lar yapt\u0131.\" \/>\n<meta property=\"og:url\" content=\"https:\/\/epochtimestr.com\/index.php\/ingiltere-parlamentosu-cin-kaynakli-tehditlere-dikkat-cekiyor\" \/>\n<meta property=\"og:site_name\" content=\"The Epoch Times TR\" \/>\n<meta property=\"article:publisher\" content=\"https:\/\/www.facebook.com\/theepochtimestr\" \/>\n<meta property=\"article:published_time\" content=\"2025-12-20T14:05:14+00:00\" \/>\n<meta property=\"article:modified_time\" content=\"2025-12-20T14:06:12+00:00\" \/>\n<meta property=\"og:image\" content=\"https:\/\/epochtimestr.com\/wp-content\/uploads\/2011y\/1000030298.jpg\" \/>\n\t<meta property=\"og:image:width\" content=\"2000\" \/>\n\t<meta property=\"og:image:height\" content=\"1500\" \/>\n\t<meta property=\"og:image:type\" content=\"image\/jpeg\" \/>\n<meta name=\"author\" content=\"Leo Bajelan\" \/>\n<meta name=\"twitter:card\" content=\"summary_large_image\" \/>\n<meta name=\"twitter:creator\" content=\"@TheEpochTimesTR\" \/>\n<meta name=\"twitter:site\" content=\"@TheEpochTimesTR\" \/>\n<meta name=\"twitter:label1\" content=\"Yazan:\" \/>\n\t<meta name=\"twitter:data1\" content=\"Leo Bajelan\" \/>\n\t<meta name=\"twitter:label2\" content=\"Tahmini okuma s\u00fcresi\" \/>\n\t<meta name=\"twitter:data2\" content=\"3 dakika\" \/>\n<script type=\"application\/ld+json\" class=\"yoast-schema-graph\">{\"@context\":\"https:\/\/schema.org\",\"@graph\":[{\"@type\":\"Article\",\"@id\":\"https:\/\/epochtimestr.com\/index.php\/ingiltere-parlamentosu-cin-kaynakli-tehditlere-dikkat-cekiyor#article\",\"isPartOf\":{\"@id\":\"https:\/\/epochtimestr.com\/index.php\/ingiltere-parlamentosu-cin-kaynakli-tehditlere-dikkat-cekiyor\"},\"author\":{\"name\":\"Leo Bajelan\",\"@id\":\"https:\/\/epochtimestr.com\/#\/schema\/person\/5fef218711d76d8f232b0e1f1d7e4c0d\"},\"headline\":\"\u0130ngiltere Parlamentosu \u00c7in Kaynakl\u0131 Tehditlere Dikkat \u00c7ekiyor\",\"datePublished\":\"2025-12-20T14:05:14+00:00\",\"dateModified\":\"2025-12-20T14:06:12+00:00\",\"mainEntityOfPage\":{\"@id\":\"https:\/\/epochtimestr.com\/index.php\/ingiltere-parlamentosu-cin-kaynakli-tehditlere-dikkat-cekiyor\"},\"wordCount\":564,\"publisher\":{\"@id\":\"https:\/\/epochtimestr.com\/#organization\"},\"image\":{\"@id\":\"https:\/\/epochtimestr.com\/index.php\/ingiltere-parlamentosu-cin-kaynakli-tehditlere-dikkat-cekiyor#primaryimage\"},\"thumbnailUrl\":\"https:\/\/epochtimestr.com\/wp-content\/uploads\/2011y\/1000030298.jpg\",\"keywords\":[\"AB\",\"\u0130ngiltere \u00e7in\",\"\u0130ngiltere Parlamentosu\",\"\u0130stihbarat ve g\u00fcvenlik\",\"Westminster Saray\u0131\"],\"articleSection\":[\"\u00c7\u0130N\",\"G\u00dcNDEM\",\"MAN\u015eET\"],\"inLanguage\":\"tr\"},{\"@type\":\"WebPage\",\"@id\":\"https:\/\/epochtimestr.com\/index.php\/ingiltere-parlamentosu-cin-kaynakli-tehditlere-dikkat-cekiyor\",\"url\":\"https:\/\/epochtimestr.com\/index.php\/ingiltere-parlamentosu-cin-kaynakli-tehditlere-dikkat-cekiyor\",\"name\":\"\u0130ngiltere Parlamentosu \u00c7in Kaynakl\u0131 Tehditlere Dikkat \u00c7ekiyor - The Epoch Times TR\",\"isPartOf\":{\"@id\":\"https:\/\/epochtimestr.com\/#website\"},\"primaryImageOfPage\":{\"@id\":\"https:\/\/epochtimestr.com\/index.php\/ingiltere-parlamentosu-cin-kaynakli-tehditlere-dikkat-cekiyor#primaryimage\"},\"image\":{\"@id\":\"https:\/\/epochtimestr.com\/index.php\/ingiltere-parlamentosu-cin-kaynakli-tehditlere-dikkat-cekiyor#primaryimage\"},\"thumbnailUrl\":\"https:\/\/epochtimestr.com\/wp-content\/uploads\/2011y\/1000030298.jpg\",\"datePublished\":\"2025-12-20T14:05:14+00:00\",\"dateModified\":\"2025-12-20T14:06:12+00:00\",\"description\":\"\u0130ngiltere, \u00c7in ile ili\u015fkilerde ekonomik \u00e7\u0131karlarla ulusal g\u00fcvenlik aras\u0131ndaki dengenin de\u011ferlendirmesi gerekti\u011fi y\u00f6n\u00fcnde uyar\u0131lar yapt\u0131.\",\"inLanguage\":\"tr\",\"potentialAction\":[{\"@type\":\"ReadAction\",\"target\":[\"https:\/\/epochtimestr.com\/index.php\/ingiltere-parlamentosu-cin-kaynakli-tehditlere-dikkat-cekiyor\"]}]},{\"@type\":\"ImageObject\",\"inLanguage\":\"tr\",\"@id\":\"https:\/\/epochtimestr.com\/index.php\/ingiltere-parlamentosu-cin-kaynakli-tehditlere-dikkat-cekiyor#primaryimage\",\"url\":\"https:\/\/epochtimestr.com\/wp-content\/uploads\/2011y\/1000030298.jpg\",\"contentUrl\":\"https:\/\/epochtimestr.com\/wp-content\/uploads\/2011y\/1000030298.jpg\",\"width\":2000,\"height\":1500},{\"@type\":\"WebSite\",\"@id\":\"https:\/\/epochtimestr.com\/#website\",\"url\":\"https:\/\/epochtimestr.com\/\",\"name\":\"The Epoch Times TR\",\"description\":\"De\u011fi\u015fen D\u00fcnyam\u0131za Taze Bir Bak\u0131\u015f\",\"publisher\":{\"@id\":\"https:\/\/epochtimestr.com\/#organization\"},\"potentialAction\":[{\"@type\":\"SearchAction\",\"target\":{\"@type\":\"EntryPoint\",\"urlTemplate\":\"https:\/\/epochtimestr.com\/?s={search_term_string}\"},\"query-input\":\"required name=search_term_string\"}],\"inLanguage\":\"tr\"},{\"@type\":\"Organization\",\"@id\":\"https:\/\/epochtimestr.com\/#organization\",\"name\":\"The EpochTimes T\u00fcrkiye\",\"url\":\"https:\/\/epochtimestr.com\/\",\"logo\":{\"@type\":\"ImageObject\",\"inLanguage\":\"tr\",\"@id\":\"https:\/\/epochtimestr.com\/#\/schema\/logo\/image\/\",\"url\":\"https:\/\/epochtimestr.com\/wp-content\/uploads\/2011y\/ET-Logo-YG.jpg\",\"contentUrl\":\"https:\/\/epochtimestr.com\/wp-content\/uploads\/2011y\/ET-Logo-YG.jpg\",\"width\":346,\"height\":29,\"caption\":\"The EpochTimes T\u00fcrkiye\"},\"image\":{\"@id\":\"https:\/\/epochtimestr.com\/#\/schema\/logo\/image\/\"},\"sameAs\":[\"https:\/\/www.facebook.com\/theepochtimestr\",\"https:\/\/x.com\/TheEpochTimesTR\",\"https:\/\/www.instagram.com\/epochtimestr\"]},{\"@type\":\"Person\",\"@id\":\"https:\/\/epochtimestr.com\/#\/schema\/person\/5fef218711d76d8f232b0e1f1d7e4c0d\",\"name\":\"Leo Bajelan\",\"image\":{\"@type\":\"ImageObject\",\"inLanguage\":\"tr\",\"@id\":\"https:\/\/epochtimestr.com\/#\/schema\/person\/image\/\",\"url\":\"https:\/\/secure.gravatar.com\/avatar\/917669146f489549e548a2e9af272df5?s=96&d=mm&r=g\",\"contentUrl\":\"https:\/\/secure.gravatar.com\/avatar\/917669146f489549e548a2e9af272df5?s=96&d=mm&r=g\",\"caption\":\"Leo Bajelan\"},\"url\":\"https:\/\/epochtimestr.com\/index.php\/author\/leo\"}]}<\/script>\n<!-- \/ Yoast SEO plugin. -->","yoast_head_json":{"title":"\u0130ngiltere Parlamentosu \u00c7in Kaynakl\u0131 Tehditlere Dikkat \u00c7ekiyor - The Epoch Times TR","description":"\u0130ngiltere, \u00c7in ile ili\u015fkilerde ekonomik \u00e7\u0131karlarla ulusal g\u00fcvenlik aras\u0131ndaki dengenin de\u011ferlendirmesi gerekti\u011fi y\u00f6n\u00fcnde uyar\u0131lar yapt\u0131.","robots":{"index":"index","follow":"follow","max-snippet":"max-snippet:-1","max-image-preview":"max-image-preview:large","max-video-preview":"max-video-preview:-1"},"canonical":"https:\/\/epochtimestr.com\/index.php\/ingiltere-parlamentosu-cin-kaynakli-tehditlere-dikkat-cekiyor","og_locale":"tr_TR","og_type":"article","og_title":"\u0130ngiltere Parlamentosu \u00c7in Kaynakl\u0131 Tehditlere Dikkat \u00c7ekiyor - The Epoch Times TR","og_description":"\u0130ngiltere, \u00c7in ile ili\u015fkilerde ekonomik \u00e7\u0131karlarla ulusal g\u00fcvenlik aras\u0131ndaki dengenin de\u011ferlendirmesi gerekti\u011fi y\u00f6n\u00fcnde uyar\u0131lar yapt\u0131.","og_url":"https:\/\/epochtimestr.com\/index.php\/ingiltere-parlamentosu-cin-kaynakli-tehditlere-dikkat-cekiyor","og_site_name":"The Epoch Times TR","article_publisher":"https:\/\/www.facebook.com\/theepochtimestr","article_published_time":"2025-12-20T14:05:14+00:00","article_modified_time":"2025-12-20T14:06:12+00:00","og_image":[{"width":2000,"height":1500,"url":"https:\/\/epochtimestr.com\/wp-content\/uploads\/2011y\/1000030298.jpg","type":"image\/jpeg"}],"author":"Leo Bajelan","twitter_card":"summary_large_image","twitter_creator":"@TheEpochTimesTR","twitter_site":"@TheEpochTimesTR","twitter_misc":{"Yazan:":"Leo Bajelan","Tahmini okuma s\u00fcresi":"3 dakika"},"schema":{"@context":"https:\/\/schema.org","@graph":[{"@type":"Article","@id":"https:\/\/epochtimestr.com\/index.php\/ingiltere-parlamentosu-cin-kaynakli-tehditlere-dikkat-cekiyor#article","isPartOf":{"@id":"https:\/\/epochtimestr.com\/index.php\/ingiltere-parlamentosu-cin-kaynakli-tehditlere-dikkat-cekiyor"},"author":{"name":"Leo Bajelan","@id":"https:\/\/epochtimestr.com\/#\/schema\/person\/5fef218711d76d8f232b0e1f1d7e4c0d"},"headline":"\u0130ngiltere Parlamentosu \u00c7in Kaynakl\u0131 Tehditlere Dikkat \u00c7ekiyor","datePublished":"2025-12-20T14:05:14+00:00","dateModified":"2025-12-20T14:06:12+00:00","mainEntityOfPage":{"@id":"https:\/\/epochtimestr.com\/index.php\/ingiltere-parlamentosu-cin-kaynakli-tehditlere-dikkat-cekiyor"},"wordCount":564,"publisher":{"@id":"https:\/\/epochtimestr.com\/#organization"},"image":{"@id":"https:\/\/epochtimestr.com\/index.php\/ingiltere-parlamentosu-cin-kaynakli-tehditlere-dikkat-cekiyor#primaryimage"},"thumbnailUrl":"https:\/\/epochtimestr.com\/wp-content\/uploads\/2011y\/1000030298.jpg","keywords":["AB","\u0130ngiltere \u00e7in","\u0130ngiltere Parlamentosu","\u0130stihbarat ve g\u00fcvenlik","Westminster Saray\u0131"],"articleSection":["\u00c7\u0130N","G\u00dcNDEM","MAN\u015eET"],"inLanguage":"tr"},{"@type":"WebPage","@id":"https:\/\/epochtimestr.com\/index.php\/ingiltere-parlamentosu-cin-kaynakli-tehditlere-dikkat-cekiyor","url":"https:\/\/epochtimestr.com\/index.php\/ingiltere-parlamentosu-cin-kaynakli-tehditlere-dikkat-cekiyor","name":"\u0130ngiltere Parlamentosu \u00c7in Kaynakl\u0131 Tehditlere Dikkat \u00c7ekiyor - The Epoch Times TR","isPartOf":{"@id":"https:\/\/epochtimestr.com\/#website"},"primaryImageOfPage":{"@id":"https:\/\/epochtimestr.com\/index.php\/ingiltere-parlamentosu-cin-kaynakli-tehditlere-dikkat-cekiyor#primaryimage"},"image":{"@id":"https:\/\/epochtimestr.com\/index.php\/ingiltere-parlamentosu-cin-kaynakli-tehditlere-dikkat-cekiyor#primaryimage"},"thumbnailUrl":"https:\/\/epochtimestr.com\/wp-content\/uploads\/2011y\/1000030298.jpg","datePublished":"2025-12-20T14:05:14+00:00","dateModified":"2025-12-20T14:06:12+00:00","description":"\u0130ngiltere, \u00c7in ile ili\u015fkilerde ekonomik \u00e7\u0131karlarla ulusal g\u00fcvenlik aras\u0131ndaki dengenin de\u011ferlendirmesi gerekti\u011fi y\u00f6n\u00fcnde uyar\u0131lar yapt\u0131.","inLanguage":"tr","potentialAction":[{"@type":"ReadAction","target":["https:\/\/epochtimestr.com\/index.php\/ingiltere-parlamentosu-cin-kaynakli-tehditlere-dikkat-cekiyor"]}]},{"@type":"ImageObject","inLanguage":"tr","@id":"https:\/\/epochtimestr.com\/index.php\/ingiltere-parlamentosu-cin-kaynakli-tehditlere-dikkat-cekiyor#primaryimage","url":"https:\/\/epochtimestr.com\/wp-content\/uploads\/2011y\/1000030298.jpg","contentUrl":"https:\/\/epochtimestr.com\/wp-content\/uploads\/2011y\/1000030298.jpg","width":2000,"height":1500},{"@type":"WebSite","@id":"https:\/\/epochtimestr.com\/#website","url":"https:\/\/epochtimestr.com\/","name":"The Epoch Times TR","description":"De\u011fi\u015fen D\u00fcnyam\u0131za Taze Bir Bak\u0131\u015f","publisher":{"@id":"https:\/\/epochtimestr.com\/#organization"},"potentialAction":[{"@type":"SearchAction","target":{"@type":"EntryPoint","urlTemplate":"https:\/\/epochtimestr.com\/?s={search_term_string}"},"query-input":"required name=search_term_string"}],"inLanguage":"tr"},{"@type":"Organization","@id":"https:\/\/epochtimestr.com\/#organization","name":"The EpochTimes T\u00fcrkiye","url":"https:\/\/epochtimestr.com\/","logo":{"@type":"ImageObject","inLanguage":"tr","@id":"https:\/\/epochtimestr.com\/#\/schema\/logo\/image\/","url":"https:\/\/epochtimestr.com\/wp-content\/uploads\/2011y\/ET-Logo-YG.jpg","contentUrl":"https:\/\/epochtimestr.com\/wp-content\/uploads\/2011y\/ET-Logo-YG.jpg","width":346,"height":29,"caption":"The EpochTimes T\u00fcrkiye"},"image":{"@id":"https:\/\/epochtimestr.com\/#\/schema\/logo\/image\/"},"sameAs":["https:\/\/www.facebook.com\/theepochtimestr","https:\/\/x.com\/TheEpochTimesTR","https:\/\/www.instagram.com\/epochtimestr"]},{"@type":"Person","@id":"https:\/\/epochtimestr.com\/#\/schema\/person\/5fef218711d76d8f232b0e1f1d7e4c0d","name":"Leo Bajelan","image":{"@type":"ImageObject","inLanguage":"tr","@id":"https:\/\/epochtimestr.com\/#\/schema\/person\/image\/","url":"https:\/\/secure.gravatar.com\/avatar\/917669146f489549e548a2e9af272df5?s=96&d=mm&r=g","contentUrl":"https:\/\/secure.gravatar.com\/avatar\/917669146f489549e548a2e9af272df5?s=96&d=mm&r=g","caption":"Leo Bajelan"},"url":"https:\/\/epochtimestr.com\/index.php\/author\/leo"}]}},"_links":{"self":[{"href":"https:\/\/epochtimestr.com\/index.php\/wp-json\/wp\/v2\/posts\/164600"}],"collection":[{"href":"https:\/\/epochtimestr.com\/index.php\/wp-json\/wp\/v2\/posts"}],"about":[{"href":"https:\/\/epochtimestr.com\/index.php\/wp-json\/wp\/v2\/types\/post"}],"author":[{"embeddable":true,"href":"https:\/\/epochtimestr.com\/index.php\/wp-json\/wp\/v2\/users\/13996"}],"replies":[{"embeddable":true,"href":"https:\/\/epochtimestr.com\/index.php\/wp-json\/wp\/v2\/comments?post=164600"}],"version-history":[{"count":2,"href":"https:\/\/epochtimestr.com\/index.php\/wp-json\/wp\/v2\/posts\/164600\/revisions"}],"predecessor-version":[{"id":164609,"href":"https:\/\/epochtimestr.com\/index.php\/wp-json\/wp\/v2\/posts\/164600\/revisions\/164609"}],"wp:featuredmedia":[{"embeddable":true,"href":"https:\/\/epochtimestr.com\/index.php\/wp-json\/wp\/v2\/media\/164601"}],"wp:attachment":[{"href":"https:\/\/epochtimestr.com\/index.php\/wp-json\/wp\/v2\/media?parent=164600"}],"wp:term":[{"taxonomy":"category","embeddable":true,"href":"https:\/\/epochtimestr.com\/index.php\/wp-json\/wp\/v2\/categories?post=164600"},{"taxonomy":"post_tag","embeddable":true,"href":"https:\/\/epochtimestr.com\/index.php\/wp-json\/wp\/v2\/tags?post=164600"}],"curies":[{"name":"wp","href":"https:\/\/api.w.org\/{rel}","templated":true}]}}