{"id":164774,"date":"2025-12-29T11:32:41","date_gmt":"2025-12-29T08:32:41","guid":{"rendered":"https:\/\/epochtimestr.com\/?p=164774"},"modified":"2025-12-29T14:28:27","modified_gmt":"2025-12-29T11:28:27","slug":"tuvalu-disisleri-bakaninin-cagrisina-elif-ogretmenden-kitap-ile-yanit","status":"publish","type":"post","link":"https:\/\/epochtimestr.com\/index.php\/tuvalu-disisleri-bakaninin-cagrisina-elif-ogretmenden-kitap-ile-yanit","title":{"rendered":"Tuvalu D\u0131\u015fi\u015fleri Bakan\u0131\u2019n\u0131n \u00c7a\u011fr\u0131s\u0131na Elif \u00d6\u011fretmen&#8217;den Kitap \u0130le Yan\u0131t"},"content":{"rendered":"<div class=\"wp-block-image\">\n<figure class=\"aligncenter size-full\"><img loading=\"lazy\" decoding=\"async\" width=\"1599\" height=\"1200\" src=\"https:\/\/epochtimestr.com\/wp-content\/uploads\/2011y\/Elif-Selcuk.jpeg\" alt=\"Tuvalu D\u0131\u015fi\u015fleri Bakan\u0131\u2019n\u0131n \u00c7a\u011fr\u0131s\u0131na Elif \u00d6\u011fretmen'den Kitap \u0130le Yan\u0131t (Foto\u011fraf: The Epoch Times TR)\" class=\"wp-image-164775\" srcset=\"https:\/\/epochtimestr.com\/wp-content\/uploads\/2011y\/Elif-Selcuk.jpeg 1599w, https:\/\/epochtimestr.com\/wp-content\/uploads\/2011y\/Elif-Selcuk-300x225.jpeg 300w, https:\/\/epochtimestr.com\/wp-content\/uploads\/2011y\/Elif-Selcuk-150x113.jpeg 150w, https:\/\/epochtimestr.com\/wp-content\/uploads\/2011y\/Elif-Selcuk-768x576.jpeg 768w, https:\/\/epochtimestr.com\/wp-content\/uploads\/2011y\/Elif-Selcuk-1536x1153.jpeg 1536w, https:\/\/epochtimestr.com\/wp-content\/uploads\/2011y\/Elif-Selcuk-86x64.jpeg 86w\" sizes=\"(max-width: 1599px) 100vw, 1599px\" \/><\/figure><\/div>\n\n\n<h2 class=\"wp-block-heading\">Birle\u015fmi\u015f Milletler K\u00fcresel Okullar Program\u0131 ment\u00f6r\u00fc ve e\u011fitim alan\u0131nda uluslararas\u0131 \u00e7apta prestijli \u00f6d\u00fcllerin sahibi Elif Sel\u00e7uk, sular alt\u0131nda kalma tehlikesi alt\u0131ndaki Tuvalu adas\u0131nda ya\u015fayan bir kad\u0131n\u0131n hikayesi \u00fczerinden kurgulad\u0131\u011f\u0131 ilk roman\u0131 <em>\u201c\u0130klimin Kanatlar\u0131nda Bir Kad\u0131n\u201d<\/em> ile hem iklim m\u00fcltecili\u011fi konusunu g\u00fcndeme getirdi hem de d\u00fcnya kamuoyuna Tuvalu i\u00e7in g\u00fc\u00e7l\u00fc bir destek \u00e7a\u011fr\u0131s\u0131nda bulundu. <strong>\u00a0<\/strong>\u00a0\u00a0\u00a0<\/h2>\n\n\n\n<p>G\u00fcng\u00f6r Aslan Anadolu Lisesi\u2019nde \u00f6\u011fretmenlik g\u00f6revini s\u00fcrd\u00fcren ve uluslararas\u0131 \u00e7apta e\u011fitimle ilgili pek \u00e7ok \u00f6nemli projeye imza at\u0131p \u00f6d\u00fcller alan \u00f6\u011fretmen Elif Sel\u00e7uk, \u00a0ilk kitab\u0131 <em>\u201c<a href=\"https:\/\/www.dr.com.tr\/kitap\/iklimin-kanatlarinda-bir-kadin\/edebiyat\/deneme-yazin\/urunno=0002203673001\" target=\"_blank\" rel=\"noreferrer noopener\">\u0130klimin Kanatlar\u0131nda Bir Kad\u0131n<\/a>\u201d<\/em> ile yazarl\u0131k ser\u00fcvenine g\u00fc\u00e7l\u00fc bir ad\u0131m att\u0131. Sel\u00e7uk, G\u00fcney Pasifik Okyanusu\u2019nda, Hawaii ile Avustralya aras\u0131nda yer alan Tuvalu\u2019nun D\u0131\u015fi\u015fleri Bakan\u0131 Simon Kofe\u2019nin BM COP26\u2019da (Birle\u015fmi\u015f Milletler Taraflar Konferans\u0131) suyun i\u00e7inde yapt\u0131\u011f\u0131 konu\u015fmadan esinlenerek kurgulad\u0131\u011f\u0131 hikayede, iklim krizi sebebiyle sular alt\u0131nda kalma riski alt\u0131ndaki Tuvalu adas\u0131nda ya\u015fayan bir kad\u0131n\u0131n, o\u011fluyla yeni bir hayat kurmak i\u00e7in Yeni Zelanda\u2019ya gitmesini ve burada anne-o\u011fulun birer iklim m\u00fcltecisi haline gelmesini anlat\u0131yor. \u00a0Sel\u00e7uk, kitab\u0131n ortaya \u00e7\u0131kma hikayesini ise \u015fu s\u00f6zlerle aktard\u0131: \u201cSay\u0131n Kofe, Tuvalu\u2019nun yak\u0131n bir gelecekte iklim krizinin etkileri nedeniyle tamamen sular alt\u0131nda kalabilece\u011fini s\u00f6yleyerek uluslararas\u0131 kamuoyundan destek istedi. Bu \u00e7a\u011fr\u0131n\u0131n, adada ya\u015fayan 12.000 Tuvalulu ad\u0131na yap\u0131ld\u0131\u011f\u0131n\u0131 vurgulamas\u0131 beni derinden etkiledi. Bir e\u011fitimci ve Birle\u015fmi\u015f Milletler K\u00fcresel Okullar Program\u0131 savunucusu olarak bu duruma kay\u0131ts\u0131z kalamazd\u0131m. <strong>\u2018<\/strong>Tuvalu i\u00e7in ben ne yapabilirim?\u2019 diye d\u00fc\u015f\u00fcnmeye ba\u015flad\u0131m ve sonunda bir kitap yazma fikri do\u011fdu.\u201d<\/p>\n\n\n<div class=\"wp-block-image\">\n<figure class=\"aligncenter size-full\"><img loading=\"lazy\" decoding=\"async\" width=\"1366\" height=\"768\" src=\"https:\/\/epochtimestr.com\/wp-content\/uploads\/2011y\/Tuvalu.jpg\" alt=\"Tuvalu\u2019nun D\u0131\u015fi\u015fleri Bakan\u0131 Simon Kofe\u2019nin BM COP26\u2019da (Birle\u015fmi\u015f Milletler Taraflar Konferans\u0131) suyun i\u00e7inde yapt\u0131\u011f\u0131 konu\u015fman\u0131n videosundan ekran g\u00f6r\u00fcnt\u00fcs\u00fc (Foto\u011fraf: The Epoch Times TR)\" class=\"wp-image-164776\" srcset=\"https:\/\/epochtimestr.com\/wp-content\/uploads\/2011y\/Tuvalu.jpg 1366w, https:\/\/epochtimestr.com\/wp-content\/uploads\/2011y\/Tuvalu-300x169.jpg 300w, https:\/\/epochtimestr.com\/wp-content\/uploads\/2011y\/Tuvalu-150x84.jpg 150w, https:\/\/epochtimestr.com\/wp-content\/uploads\/2011y\/Tuvalu-768x432.jpg 768w\" sizes=\"(max-width: 1366px) 100vw, 1366px\" \/><figcaption class=\"wp-element-caption\">Tuvalu\u2019nun D\u0131\u015fi\u015fleri Bakan\u0131 Simon Kofe\u2019nin BM COP26\u2019da (Birle\u015fmi\u015f Milletler Taraflar Konferans\u0131) suyun i\u00e7inde yapt\u0131\u011f\u0131 konu\u015fman\u0131n videosundan ekran g\u00f6r\u00fcnt\u00fcs\u00fc (Foto\u011fraf: The Epoch Times TR)<\/figcaption><\/figure><\/div>\n\n\n<h3 class=\"wp-block-heading\">\u0130klim Krizinin Zorunlu G\u00f6\u00e7e D\u00f6n\u00fc\u015ft\u00fc\u011f\u00fc Bir Hik\u00e2ye<\/h3>\n\n\n\n<p>Sel\u00e7uk, kitab\u0131 bir kad\u0131n ve o\u011flunun hikayesi \u00fczerinden kurgulamas\u0131n\u0131n sebebini ise \u015fu s\u00f6zlerle aktard\u0131: \u201cD\u00fcnyada ya\u015fanan krizlerden en \u00e7ok etkilenenler her zaman, k\u0131r\u0131lgan gruplar oluyor. Bu nedenle sadece \u00e7evresel bir y\u0131k\u0131m olmayan k\u00fcresel iklim de\u011fi\u015fikli\u011fini, d\u00fcnyan\u0131n en h\u0131zl\u0131 empati kurabilece\u011fi bir yerden, bir Tuvalulu kad\u0131n ve o\u011flu \u00fczerinden anlatmaya karar verdim. Kitap, Tuvalu\u2019da ya\u015fam ko\u015fullar\u0131n\u0131n a\u011f\u0131rla\u015fmas\u0131 nedeniyle o\u011flu Ariki ile Yeni Zelanda\u2019ya g\u00f6\u00e7 etmek zorunda kalan g\u00fc\u00e7l\u00fc bir kad\u0131n olan Leilani\u2019nin hik\u00e2yesini merkezine al\u0131yor. Anne-o\u011fulun ya\u015fad\u0131klar\u0131 kay\u0131plar, kar\u015f\u0131la\u015ft\u0131klar\u0131 ayr\u0131mc\u0131l\u0131k, belirsizlik duygusu ve umut aray\u0131\u015f\u0131n\u0131n yan\u0131nda, d\u00fcnyan\u0131n farkl\u0131 \u00fclkelerinden g\u00f6\u00e7 etmek zorunda kalan kad\u0131nlar\u0131n ve \u00e7ocuklar\u0131n deneyimleri de anlat\u0131larak milyonlarca iklim m\u00fcltecisinin ortak kaderine \u0131\u015f\u0131k tutuyor. Ayr\u0131ca bir \u00f6\u011fretmen olarak bu k\u0131r\u0131lgan topluluklar\u0131n kar\u015f\u0131la\u015ft\u0131\u011f\u0131 sorunlarda okul y\u00f6neticilerinin, e\u011fitimcilerin, projelerin ve STK\u2019lar\u0131n ve g\u00f6\u00e7men dayan\u0131\u015fmas\u0131n\u0131n rol\u00fcn\u00fc anlatarak \u00e7\u00f6z\u00fcm \u00f6nerilerine de yer verdim.\u201d<\/p>\n\n\n\n<p>&#8220;<em>\u0130klimin Kanatlar\u0131nda Bir Kad\u0131n<\/em>\u201d kitab\u0131, yaln\u0131zca Tuvalu\u2019nun var olma m\u00fccadelesini de\u011fil, k\u00fcresel iklim de\u011fi\u015fikli\u011finin kad\u0131nlar, \u00e7ocuklar ve \u00f6zellikle stat\u00fcleri uluslararas\u0131 hukukta tan\u0131nmayan iklim m\u00fcltecileri \u00fczerindeki etkilerini g\u00f6r\u00fcn\u00fcr k\u0131lmas\u0131 bak\u0131m\u0131ndan da bir ilk olma niteli\u011fi ta\u015f\u0131yor.<\/p>\n\n\n\n<h2 class=\"wp-block-heading\">&#8220;<strong>Kitab\u0131m\u0131 Tuvalu halk\u0131na ula\u015ft\u0131rmak istiyorum.<\/strong>&#8220;<\/h2>\n\n\n\n<p>Kitab\u0131n d\u00fcnya genelinde ilgi uyand\u0131raca\u011f\u0131na inand\u0131\u011f\u0131n\u0131 dile getiren Sel\u00e7uk, en b\u00fcy\u00fck hayallerinden birinin bu eseri Tuvalu D\u0131\u015fi\u015fleri Bakan\u0131 Simon Kofe\u2019ye ve t\u00fcm Tuvalu halk\u0131na ula\u015ft\u0131rmak oldu\u011funu belirtti. Sel\u00e7uk, bunun Tuvalu halk\u0131na \u201cYaln\u0131z de\u011filsiniz\u201d mesaj\u0131n\u0131 g\u00fc\u00e7l\u00fc bir bi\u00e7imde iletece\u011fine inand\u0131\u011f\u0131n\u0131 ifade etti.<\/p>\n\n\n\n<p>Sel\u00e7uk ayr\u0131ca, iklim krizi nedeniyle yerinden edilen kad\u0131nlar\u0131n ve \u00e7ocuklar\u0131n yaln\u0131zca Pasifik\u2019te de\u011fil, Asya\u2019dan Afrika\u2019ya, G\u00fcney Amerika\u2019dan Orta Do\u011fu\u2019ya uzanan geni\u015f co\u011frafyalarda benzer k\u0131r\u0131lganl\u0131klar\u0131 ya\u015fad\u0131klar\u0131n\u0131 vurgulad\u0131. Bu nedenle kitab\u0131n, k\u00fcresel \u00f6l\u00e7ekte iklim adaleti tart\u0131\u015fmalar\u0131na insan hik\u00e2yeleri \u00fczerinden katk\u0131 sunmay\u0131 hedefledi\u011fini kaydetti.<\/p>\n\n\n\n<p>Sel\u00e7uk, kitab\u0131n\u0131n Tuvalu\u2019yu konu almas\u0131yla COP31 \u0130klim Zirvesi\u2019ne \u00fclkemizin ev sahipli\u011fi yapacak olmas\u0131n\u0131 hem anlaml\u0131 bir tesad\u00fcf hem de b\u00fcy\u00fck bir gurur kayna\u011f\u0131 olarak de\u011ferlendirdi. COP31\u2019in Antalya\u2019da d\u00fczenlenecek olmas\u0131n\u0131n, Akdeniz\u2019de giderek \u0131s\u0131nan denizlerle Pasifik\u2019te sular alt\u0131nda kalma riski ya\u015fayan ada \u00fclkeleri aras\u0131nda g\u00fc\u00e7l\u00fc bir ba\u011f kurdu\u011funu ifade eden Sel\u00e7uk, bu s\u00fcrecin hem Akdeniz\u2019in hem de Pasifik\u2019in sesi olabilecek ortak bir umut zemini sundu\u011funu vurgulad\u0131.<\/p>\n\n\n\n<p>Kitab\u0131n \u0130ngilizceye \u00e7evrilme \u00e7al\u0131\u015fmalar\u0131n\u0131n ba\u015flad\u0131\u011f\u0131n\u0131, uluslararas\u0131 okurlar\u0131n da dijital ortamda k\u0131sa s\u00fcre i\u00e7inde eri\u015febilece\u011fini belirten Sel\u00e7uk, yay\u0131nevi Mersin Global\u2019in sa\u011flad\u0131\u011f\u0131 destek i\u00e7in te\u015fekk\u00fcr etti.<\/p>\n\n\n<div class=\"wp-block-image\">\n<figure class=\"aligncenter size-full\"><img loading=\"lazy\" decoding=\"async\" width=\"1438\" height=\"1084\" src=\"https:\/\/epochtimestr.com\/wp-content\/uploads\/2011y\/Elif-Selcuk-Konferans.jpg\" alt=\"Kitab\u0131n\u0131n yay\u0131mlanmas\u0131n\u0131n ard\u0131ndan Sel\u00e7uk, k\u0131sa s\u00fcre i\u00e7inde Ankara Y\u0131ld\u0131r\u0131m Beyaz\u0131t \u00dcniversitesi\u2019nin konu\u011fu oldu.\" class=\"wp-image-164777\" srcset=\"https:\/\/epochtimestr.com\/wp-content\/uploads\/2011y\/Elif-Selcuk-Konferans.jpg 1438w, https:\/\/epochtimestr.com\/wp-content\/uploads\/2011y\/Elif-Selcuk-Konferans-300x226.jpg 300w, https:\/\/epochtimestr.com\/wp-content\/uploads\/2011y\/Elif-Selcuk-Konferans-150x113.jpg 150w, https:\/\/epochtimestr.com\/wp-content\/uploads\/2011y\/Elif-Selcuk-Konferans-768x579.jpg 768w, https:\/\/epochtimestr.com\/wp-content\/uploads\/2011y\/Elif-Selcuk-Konferans-86x64.jpg 86w\" sizes=\"(max-width: 1438px) 100vw, 1438px\" \/><\/figure><\/div>\n\n\n<h3 class=\"wp-block-heading\">Sel\u00e7uk Kitab\u0131yla Y\u0131ld\u0131r\u0131m Beyaz\u0131t \u00dcniversitesi\u2019nin Konu\u011fu Oldu<\/h3>\n\n\n\n<p>Kitab\u0131n\u0131n yay\u0131mlanmas\u0131n\u0131n ard\u0131ndan Sel\u00e7uk, k\u0131sa s\u00fcre i\u00e7inde Ankara Y\u0131ld\u0131r\u0131m Beyaz\u0131t \u00dcniversitesi\u2019nin konu\u011fu oldu. M\u00fchendislik Fak\u00fcltesi Dekanl\u0131\u011f\u0131 himayesinde ve Yenilenebilir Enerji Kul\u00fcb\u00fc Ba\u015fkan\u0131 Ahmet Sefa Madeno\u011flu i\u015f birli\u011fiyle d\u00fczenlenen \u201c\u0130klimin Kanatlar\u0131nda Tuvalu\u2019dan Adalet Paradoksuna Bir Yolculuk\u201d ba\u015fl\u0131kl\u0131 konferansta \u00f6\u011frencilerle bir araya geldi.<\/p>\n\n\n\n<p>Etkinlikte yapt\u0131\u011f\u0131 konu\u015fmada Sel\u00e7uk, yaln\u0131zca kitab\u0131yla de\u011fil, konferanslarla da toplumun her kesimiyle, \u00f6zellikle de gen\u00e7lerle bulu\u015fmay\u0131 \u00f6nemsedi\u011fini vurgulad\u0131. Tuvalu\u2019nun var olma m\u00fccadelesinin k\u00fcresel iklim de\u011fi\u015fikli\u011finin yol a\u00e7t\u0131\u011f\u0131 yap\u0131sal e\u015fitsizlikler, zorunlu g\u00f6\u00e7\u00fcn tetikledi\u011fi k\u0131r\u0131lganl\u0131klar, kad\u0131nlar\u0131n ta\u015f\u0131d\u0131\u011f\u0131 g\u00f6r\u00fcnmez y\u00fckler ve uluslararas\u0131 hukukta hen\u00fcz tan\u0131nmayan \u201c\u0130klim M\u00fcltecileri\u201d ger\u00e7e\u011fiyle do\u011frudan ba\u011flant\u0131l\u0131 oldu\u011funu ifade etti. Bu \u00e7al\u0131\u015fman\u0131n, t\u00fcm bu eksenlerin kesi\u015fiminde yer alan bir \u00fclkenin hik\u00e2yesini g\u00f6r\u00fcn\u00fcr k\u0131lmay\u0131 ama\u00e7lad\u0131\u011f\u0131n\u0131 belirterek konu\u015fmas\u0131n\u0131 sonland\u0131rd\u0131.<\/p>\n","protected":false},"excerpt":{"rendered":"<p>Birle\u015fmi\u015f Milletler K\u00fcresel Okullar Program\u0131 ment\u00f6r\u00fc ve e\u011fitim alan\u0131nda uluslararas\u0131 \u00e7apta prestijli \u00f6d\u00fcllerin sahibi Elif Sel\u00e7uk, sular alt\u0131nda kalma tehlikesi alt\u0131ndaki Tuvalu adas\u0131nda ya\u015fayan bir kad\u0131n\u0131n hikayesi \u00fczerinden kurgulad\u0131\u011f\u0131 ilk roman\u0131 \u201c\u0130klimin Kanatlar\u0131nda Bir Kad\u0131n\u201d ile hem iklim m\u00fcltecili\u011fi konusunu g\u00fcndeme getirdi hem de d\u00fcnya kamuoyuna Tuvalu i\u00e7in g\u00fc\u00e7l\u00fc bir destek \u00e7a\u011fr\u0131s\u0131nda bulundu. \u00a0\u00a0\u00a0\u00a0 G\u00fcng\u00f6r [&hellip;]<\/p>\n","protected":false},"author":12791,"featured_media":164775,"comment_status":"open","ping_status":"open","sticky":false,"template":"","format":"standard","meta":{"_yoast_wpseo_focuskw":"Tuvalu","_yoast_wpseo_title":"","_yoast_wpseo_metadesc":"E\u011fitimci Elif Sel\u00e7uk, ilk roman\u0131 \u201c\u0130klimin Kanatlar\u0131nda Bir Kad\u0131n\u201d ile Tuvalu adas\u0131nda ya\u015fayan bir iklim m\u00fcltecisini anlat\u0131yor.","_bbp_topic_count":0,"_bbp_reply_count":0,"_bbp_total_topic_count":0,"_bbp_total_reply_count":0,"_bbp_voice_count":0,"_bbp_anonymous_reply_count":0,"_bbp_topic_count_hidden":0,"_bbp_reply_count_hidden":0,"_bbp_forum_subforum_count":0,"footnotes":"","_yoast_wpseo_focuskw_text_input":""},"categories":[519,1,8138,8206,6917],"tags":[10253,8297,10255,619,10251],"yoast_head":"<!-- This site is optimized with the Yoast SEO plugin v23.0 - https:\/\/yoast.com\/wordpress\/plugins\/seo\/ -->\n<title>Tuvalu D\u0131\u015fi\u015fleri Bakan\u0131\u2019n\u0131n \u00c7a\u011fr\u0131s\u0131na Elif \u00d6\u011fretmen&#039;den Kitap \u0130le Yan\u0131t - The Epoch Times TR<\/title>\n<meta name=\"description\" content=\"E\u011fitimci Elif Sel\u00e7uk, ilk roman\u0131 \u201c\u0130klimin Kanatlar\u0131nda Bir Kad\u0131n\u201d ile Tuvalu adas\u0131nda ya\u015fayan bir iklim m\u00fcltecisini anlat\u0131yor.\" \/>\n<meta name=\"robots\" content=\"index, follow, max-snippet:-1, max-image-preview:large, max-video-preview:-1\" \/>\n<link rel=\"canonical\" href=\"https:\/\/epochtimestr.com\/index.php\/tuvalu-disisleri-bakaninin-cagrisina-elif-ogretmenden-kitap-ile-yanit\" \/>\n<meta property=\"og:locale\" content=\"tr_TR\" \/>\n<meta property=\"og:type\" content=\"article\" \/>\n<meta property=\"og:title\" content=\"Tuvalu D\u0131\u015fi\u015fleri Bakan\u0131\u2019n\u0131n \u00c7a\u011fr\u0131s\u0131na Elif \u00d6\u011fretmen&#039;den Kitap \u0130le Yan\u0131t - The Epoch Times TR\" \/>\n<meta property=\"og:description\" content=\"E\u011fitimci Elif Sel\u00e7uk, ilk roman\u0131 \u201c\u0130klimin Kanatlar\u0131nda Bir Kad\u0131n\u201d ile Tuvalu adas\u0131nda ya\u015fayan bir iklim m\u00fcltecisini anlat\u0131yor.\" \/>\n<meta property=\"og:url\" content=\"https:\/\/epochtimestr.com\/index.php\/tuvalu-disisleri-bakaninin-cagrisina-elif-ogretmenden-kitap-ile-yanit\" \/>\n<meta property=\"og:site_name\" content=\"The Epoch Times TR\" \/>\n<meta property=\"article:publisher\" content=\"https:\/\/www.facebook.com\/theepochtimestr\" \/>\n<meta property=\"article:published_time\" content=\"2025-12-29T08:32:41+00:00\" \/>\n<meta property=\"article:modified_time\" content=\"2025-12-29T11:28:27+00:00\" \/>\n<meta property=\"og:image\" content=\"https:\/\/epochtimestr.com\/wp-content\/uploads\/2011y\/Elif-Selcuk.jpeg\" \/>\n\t<meta property=\"og:image:width\" content=\"1599\" \/>\n\t<meta property=\"og:image:height\" content=\"1200\" \/>\n\t<meta property=\"og:image:type\" content=\"image\/jpeg\" \/>\n<meta name=\"author\" content=\"Haber Merkezi\" \/>\n<meta name=\"twitter:card\" content=\"summary_large_image\" \/>\n<meta name=\"twitter:creator\" content=\"@TheEpochTimesTR\" \/>\n<meta name=\"twitter:site\" content=\"@TheEpochTimesTR\" \/>\n<meta name=\"twitter:label1\" content=\"Yazan:\" \/>\n\t<meta name=\"twitter:data1\" content=\"Haber Merkezi\" \/>\n\t<meta name=\"twitter:label2\" content=\"Tahmini okuma s\u00fcresi\" \/>\n\t<meta name=\"twitter:data2\" content=\"6 dakika\" \/>\n<script type=\"application\/ld+json\" class=\"yoast-schema-graph\">{\"@context\":\"https:\/\/schema.org\",\"@graph\":[{\"@type\":\"Article\",\"@id\":\"https:\/\/epochtimestr.com\/index.php\/tuvalu-disisleri-bakaninin-cagrisina-elif-ogretmenden-kitap-ile-yanit#article\",\"isPartOf\":{\"@id\":\"https:\/\/epochtimestr.com\/index.php\/tuvalu-disisleri-bakaninin-cagrisina-elif-ogretmenden-kitap-ile-yanit\"},\"author\":{\"name\":\"Haber Merkezi\",\"@id\":\"https:\/\/epochtimestr.com\/#\/schema\/person\/3dc5c3adeb9f43923c5aa85889172fdd\"},\"headline\":\"Tuvalu D\u0131\u015fi\u015fleri Bakan\u0131\u2019n\u0131n \u00c7a\u011fr\u0131s\u0131na Elif \u00d6\u011fretmen&#8217;den Kitap \u0130le Yan\u0131t\",\"datePublished\":\"2025-12-29T08:32:41+00:00\",\"dateModified\":\"2025-12-29T11:28:27+00:00\",\"mainEntityOfPage\":{\"@id\":\"https:\/\/epochtimestr.com\/index.php\/tuvalu-disisleri-bakaninin-cagrisina-elif-ogretmenden-kitap-ile-yanit\"},\"wordCount\":1112,\"commentCount\":0,\"publisher\":{\"@id\":\"https:\/\/epochtimestr.com\/#organization\"},\"image\":{\"@id\":\"https:\/\/epochtimestr.com\/index.php\/tuvalu-disisleri-bakaninin-cagrisina-elif-ogretmenden-kitap-ile-yanit#primaryimage\"},\"thumbnailUrl\":\"https:\/\/epochtimestr.com\/wp-content\/uploads\/2011y\/Elif-Selcuk.jpeg\",\"keywords\":[\"Elif Sel\u00e7uk\",\"\u0130klim krizi\",\"\u0130klim M\u00fcltecisi\",\"kitap\",\"Simon Kofe\"],\"articleSection\":[\"ED\u0130T\u00d6R\u00dcN SE\u00c7\u0130M\u0130\",\"G\u00dcNDEM\",\"Man\u015fet\",\"\u00d6ne \u00c7\u0131kan\",\"Yaz\u0131n\"],\"inLanguage\":\"tr\",\"potentialAction\":[{\"@type\":\"CommentAction\",\"name\":\"Comment\",\"target\":[\"https:\/\/epochtimestr.com\/index.php\/tuvalu-disisleri-bakaninin-cagrisina-elif-ogretmenden-kitap-ile-yanit#respond\"]}]},{\"@type\":\"WebPage\",\"@id\":\"https:\/\/epochtimestr.com\/index.php\/tuvalu-disisleri-bakaninin-cagrisina-elif-ogretmenden-kitap-ile-yanit\",\"url\":\"https:\/\/epochtimestr.com\/index.php\/tuvalu-disisleri-bakaninin-cagrisina-elif-ogretmenden-kitap-ile-yanit\",\"name\":\"Tuvalu D\u0131\u015fi\u015fleri Bakan\u0131\u2019n\u0131n \u00c7a\u011fr\u0131s\u0131na Elif \u00d6\u011fretmen'den Kitap \u0130le Yan\u0131t - The Epoch Times TR\",\"isPartOf\":{\"@id\":\"https:\/\/epochtimestr.com\/#website\"},\"primaryImageOfPage\":{\"@id\":\"https:\/\/epochtimestr.com\/index.php\/tuvalu-disisleri-bakaninin-cagrisina-elif-ogretmenden-kitap-ile-yanit#primaryimage\"},\"image\":{\"@id\":\"https:\/\/epochtimestr.com\/index.php\/tuvalu-disisleri-bakaninin-cagrisina-elif-ogretmenden-kitap-ile-yanit#primaryimage\"},\"thumbnailUrl\":\"https:\/\/epochtimestr.com\/wp-content\/uploads\/2011y\/Elif-Selcuk.jpeg\",\"datePublished\":\"2025-12-29T08:32:41+00:00\",\"dateModified\":\"2025-12-29T11:28:27+00:00\",\"description\":\"E\u011fitimci Elif Sel\u00e7uk, ilk roman\u0131 \u201c\u0130klimin Kanatlar\u0131nda Bir Kad\u0131n\u201d ile Tuvalu adas\u0131nda ya\u015fayan bir iklim m\u00fcltecisini anlat\u0131yor.\",\"inLanguage\":\"tr\",\"potentialAction\":[{\"@type\":\"ReadAction\",\"target\":[\"https:\/\/epochtimestr.com\/index.php\/tuvalu-disisleri-bakaninin-cagrisina-elif-ogretmenden-kitap-ile-yanit\"]}]},{\"@type\":\"ImageObject\",\"inLanguage\":\"tr\",\"@id\":\"https:\/\/epochtimestr.com\/index.php\/tuvalu-disisleri-bakaninin-cagrisina-elif-ogretmenden-kitap-ile-yanit#primaryimage\",\"url\":\"https:\/\/epochtimestr.com\/wp-content\/uploads\/2011y\/Elif-Selcuk.jpeg\",\"contentUrl\":\"https:\/\/epochtimestr.com\/wp-content\/uploads\/2011y\/Elif-Selcuk.jpeg\",\"width\":1599,\"height\":1200},{\"@type\":\"WebSite\",\"@id\":\"https:\/\/epochtimestr.com\/#website\",\"url\":\"https:\/\/epochtimestr.com\/\",\"name\":\"The Epoch Times TR\",\"description\":\"De\u011fi\u015fen D\u00fcnyam\u0131za Taze Bir Bak\u0131\u015f\",\"publisher\":{\"@id\":\"https:\/\/epochtimestr.com\/#organization\"},\"potentialAction\":[{\"@type\":\"SearchAction\",\"target\":{\"@type\":\"EntryPoint\",\"urlTemplate\":\"https:\/\/epochtimestr.com\/?s={search_term_string}\"},\"query-input\":\"required name=search_term_string\"}],\"inLanguage\":\"tr\"},{\"@type\":\"Organization\",\"@id\":\"https:\/\/epochtimestr.com\/#organization\",\"name\":\"The EpochTimes T\u00fcrkiye\",\"url\":\"https:\/\/epochtimestr.com\/\",\"logo\":{\"@type\":\"ImageObject\",\"inLanguage\":\"tr\",\"@id\":\"https:\/\/epochtimestr.com\/#\/schema\/logo\/image\/\",\"url\":\"https:\/\/epochtimestr.com\/wp-content\/uploads\/2011y\/ET-Logo-YG.jpg\",\"contentUrl\":\"https:\/\/epochtimestr.com\/wp-content\/uploads\/2011y\/ET-Logo-YG.jpg\",\"width\":346,\"height\":29,\"caption\":\"The EpochTimes T\u00fcrkiye\"},\"image\":{\"@id\":\"https:\/\/epochtimestr.com\/#\/schema\/logo\/image\/\"},\"sameAs\":[\"https:\/\/www.facebook.com\/theepochtimestr\",\"https:\/\/x.com\/TheEpochTimesTR\",\"https:\/\/www.instagram.com\/epochtimestr\"]},{\"@type\":\"Person\",\"@id\":\"https:\/\/epochtimestr.com\/#\/schema\/person\/3dc5c3adeb9f43923c5aa85889172fdd\",\"name\":\"Haber Merkezi\",\"image\":{\"@type\":\"ImageObject\",\"inLanguage\":\"tr\",\"@id\":\"https:\/\/epochtimestr.com\/#\/schema\/person\/image\/\",\"url\":\"https:\/\/secure.gravatar.com\/avatar\/d73f772ba5a74f28601361e17c2f93e6?s=96&d=mm&r=g\",\"contentUrl\":\"https:\/\/secure.gravatar.com\/avatar\/d73f772ba5a74f28601361e17c2f93e6?s=96&d=mm&r=g\",\"caption\":\"Haber Merkezi\"},\"url\":\"https:\/\/epochtimestr.com\/index.php\/author\/sendag\"}]}<\/script>\n<!-- \/ Yoast SEO plugin. -->","yoast_head_json":{"title":"Tuvalu D\u0131\u015fi\u015fleri Bakan\u0131\u2019n\u0131n \u00c7a\u011fr\u0131s\u0131na Elif \u00d6\u011fretmen'den Kitap \u0130le Yan\u0131t - The Epoch Times TR","description":"E\u011fitimci Elif Sel\u00e7uk, ilk roman\u0131 \u201c\u0130klimin Kanatlar\u0131nda Bir Kad\u0131n\u201d ile Tuvalu adas\u0131nda ya\u015fayan bir iklim m\u00fcltecisini anlat\u0131yor.","robots":{"index":"index","follow":"follow","max-snippet":"max-snippet:-1","max-image-preview":"max-image-preview:large","max-video-preview":"max-video-preview:-1"},"canonical":"https:\/\/epochtimestr.com\/index.php\/tuvalu-disisleri-bakaninin-cagrisina-elif-ogretmenden-kitap-ile-yanit","og_locale":"tr_TR","og_type":"article","og_title":"Tuvalu D\u0131\u015fi\u015fleri Bakan\u0131\u2019n\u0131n \u00c7a\u011fr\u0131s\u0131na Elif \u00d6\u011fretmen'den Kitap \u0130le Yan\u0131t - The Epoch Times TR","og_description":"E\u011fitimci Elif Sel\u00e7uk, ilk roman\u0131 \u201c\u0130klimin Kanatlar\u0131nda Bir Kad\u0131n\u201d ile Tuvalu adas\u0131nda ya\u015fayan bir iklim m\u00fcltecisini anlat\u0131yor.","og_url":"https:\/\/epochtimestr.com\/index.php\/tuvalu-disisleri-bakaninin-cagrisina-elif-ogretmenden-kitap-ile-yanit","og_site_name":"The Epoch Times TR","article_publisher":"https:\/\/www.facebook.com\/theepochtimestr","article_published_time":"2025-12-29T08:32:41+00:00","article_modified_time":"2025-12-29T11:28:27+00:00","og_image":[{"width":1599,"height":1200,"url":"https:\/\/epochtimestr.com\/wp-content\/uploads\/2011y\/Elif-Selcuk.jpeg","type":"image\/jpeg"}],"author":"Haber Merkezi","twitter_card":"summary_large_image","twitter_creator":"@TheEpochTimesTR","twitter_site":"@TheEpochTimesTR","twitter_misc":{"Yazan:":"Haber Merkezi","Tahmini okuma s\u00fcresi":"6 dakika"},"schema":{"@context":"https:\/\/schema.org","@graph":[{"@type":"Article","@id":"https:\/\/epochtimestr.com\/index.php\/tuvalu-disisleri-bakaninin-cagrisina-elif-ogretmenden-kitap-ile-yanit#article","isPartOf":{"@id":"https:\/\/epochtimestr.com\/index.php\/tuvalu-disisleri-bakaninin-cagrisina-elif-ogretmenden-kitap-ile-yanit"},"author":{"name":"Haber Merkezi","@id":"https:\/\/epochtimestr.com\/#\/schema\/person\/3dc5c3adeb9f43923c5aa85889172fdd"},"headline":"Tuvalu D\u0131\u015fi\u015fleri Bakan\u0131\u2019n\u0131n \u00c7a\u011fr\u0131s\u0131na Elif \u00d6\u011fretmen&#8217;den Kitap \u0130le Yan\u0131t","datePublished":"2025-12-29T08:32:41+00:00","dateModified":"2025-12-29T11:28:27+00:00","mainEntityOfPage":{"@id":"https:\/\/epochtimestr.com\/index.php\/tuvalu-disisleri-bakaninin-cagrisina-elif-ogretmenden-kitap-ile-yanit"},"wordCount":1112,"commentCount":0,"publisher":{"@id":"https:\/\/epochtimestr.com\/#organization"},"image":{"@id":"https:\/\/epochtimestr.com\/index.php\/tuvalu-disisleri-bakaninin-cagrisina-elif-ogretmenden-kitap-ile-yanit#primaryimage"},"thumbnailUrl":"https:\/\/epochtimestr.com\/wp-content\/uploads\/2011y\/Elif-Selcuk.jpeg","keywords":["Elif Sel\u00e7uk","\u0130klim krizi","\u0130klim M\u00fcltecisi","kitap","Simon Kofe"],"articleSection":["ED\u0130T\u00d6R\u00dcN SE\u00c7\u0130M\u0130","G\u00dcNDEM","Man\u015fet","\u00d6ne \u00c7\u0131kan","Yaz\u0131n"],"inLanguage":"tr","potentialAction":[{"@type":"CommentAction","name":"Comment","target":["https:\/\/epochtimestr.com\/index.php\/tuvalu-disisleri-bakaninin-cagrisina-elif-ogretmenden-kitap-ile-yanit#respond"]}]},{"@type":"WebPage","@id":"https:\/\/epochtimestr.com\/index.php\/tuvalu-disisleri-bakaninin-cagrisina-elif-ogretmenden-kitap-ile-yanit","url":"https:\/\/epochtimestr.com\/index.php\/tuvalu-disisleri-bakaninin-cagrisina-elif-ogretmenden-kitap-ile-yanit","name":"Tuvalu D\u0131\u015fi\u015fleri Bakan\u0131\u2019n\u0131n \u00c7a\u011fr\u0131s\u0131na Elif \u00d6\u011fretmen'den Kitap \u0130le Yan\u0131t - The Epoch Times TR","isPartOf":{"@id":"https:\/\/epochtimestr.com\/#website"},"primaryImageOfPage":{"@id":"https:\/\/epochtimestr.com\/index.php\/tuvalu-disisleri-bakaninin-cagrisina-elif-ogretmenden-kitap-ile-yanit#primaryimage"},"image":{"@id":"https:\/\/epochtimestr.com\/index.php\/tuvalu-disisleri-bakaninin-cagrisina-elif-ogretmenden-kitap-ile-yanit#primaryimage"},"thumbnailUrl":"https:\/\/epochtimestr.com\/wp-content\/uploads\/2011y\/Elif-Selcuk.jpeg","datePublished":"2025-12-29T08:32:41+00:00","dateModified":"2025-12-29T11:28:27+00:00","description":"E\u011fitimci Elif Sel\u00e7uk, ilk roman\u0131 \u201c\u0130klimin Kanatlar\u0131nda Bir Kad\u0131n\u201d ile Tuvalu adas\u0131nda ya\u015fayan bir iklim m\u00fcltecisini anlat\u0131yor.","inLanguage":"tr","potentialAction":[{"@type":"ReadAction","target":["https:\/\/epochtimestr.com\/index.php\/tuvalu-disisleri-bakaninin-cagrisina-elif-ogretmenden-kitap-ile-yanit"]}]},{"@type":"ImageObject","inLanguage":"tr","@id":"https:\/\/epochtimestr.com\/index.php\/tuvalu-disisleri-bakaninin-cagrisina-elif-ogretmenden-kitap-ile-yanit#primaryimage","url":"https:\/\/epochtimestr.com\/wp-content\/uploads\/2011y\/Elif-Selcuk.jpeg","contentUrl":"https:\/\/epochtimestr.com\/wp-content\/uploads\/2011y\/Elif-Selcuk.jpeg","width":1599,"height":1200},{"@type":"WebSite","@id":"https:\/\/epochtimestr.com\/#website","url":"https:\/\/epochtimestr.com\/","name":"The Epoch Times TR","description":"De\u011fi\u015fen D\u00fcnyam\u0131za Taze Bir Bak\u0131\u015f","publisher":{"@id":"https:\/\/epochtimestr.com\/#organization"},"potentialAction":[{"@type":"SearchAction","target":{"@type":"EntryPoint","urlTemplate":"https:\/\/epochtimestr.com\/?s={search_term_string}"},"query-input":"required name=search_term_string"}],"inLanguage":"tr"},{"@type":"Organization","@id":"https:\/\/epochtimestr.com\/#organization","name":"The EpochTimes T\u00fcrkiye","url":"https:\/\/epochtimestr.com\/","logo":{"@type":"ImageObject","inLanguage":"tr","@id":"https:\/\/epochtimestr.com\/#\/schema\/logo\/image\/","url":"https:\/\/epochtimestr.com\/wp-content\/uploads\/2011y\/ET-Logo-YG.jpg","contentUrl":"https:\/\/epochtimestr.com\/wp-content\/uploads\/2011y\/ET-Logo-YG.jpg","width":346,"height":29,"caption":"The EpochTimes T\u00fcrkiye"},"image":{"@id":"https:\/\/epochtimestr.com\/#\/schema\/logo\/image\/"},"sameAs":["https:\/\/www.facebook.com\/theepochtimestr","https:\/\/x.com\/TheEpochTimesTR","https:\/\/www.instagram.com\/epochtimestr"]},{"@type":"Person","@id":"https:\/\/epochtimestr.com\/#\/schema\/person\/3dc5c3adeb9f43923c5aa85889172fdd","name":"Haber Merkezi","image":{"@type":"ImageObject","inLanguage":"tr","@id":"https:\/\/epochtimestr.com\/#\/schema\/person\/image\/","url":"https:\/\/secure.gravatar.com\/avatar\/d73f772ba5a74f28601361e17c2f93e6?s=96&d=mm&r=g","contentUrl":"https:\/\/secure.gravatar.com\/avatar\/d73f772ba5a74f28601361e17c2f93e6?s=96&d=mm&r=g","caption":"Haber Merkezi"},"url":"https:\/\/epochtimestr.com\/index.php\/author\/sendag"}]}},"_links":{"self":[{"href":"https:\/\/epochtimestr.com\/index.php\/wp-json\/wp\/v2\/posts\/164774"}],"collection":[{"href":"https:\/\/epochtimestr.com\/index.php\/wp-json\/wp\/v2\/posts"}],"about":[{"href":"https:\/\/epochtimestr.com\/index.php\/wp-json\/wp\/v2\/types\/post"}],"author":[{"embeddable":true,"href":"https:\/\/epochtimestr.com\/index.php\/wp-json\/wp\/v2\/users\/12791"}],"replies":[{"embeddable":true,"href":"https:\/\/epochtimestr.com\/index.php\/wp-json\/wp\/v2\/comments?post=164774"}],"version-history":[{"count":6,"href":"https:\/\/epochtimestr.com\/index.php\/wp-json\/wp\/v2\/posts\/164774\/revisions"}],"predecessor-version":[{"id":164798,"href":"https:\/\/epochtimestr.com\/index.php\/wp-json\/wp\/v2\/posts\/164774\/revisions\/164798"}],"wp:featuredmedia":[{"embeddable":true,"href":"https:\/\/epochtimestr.com\/index.php\/wp-json\/wp\/v2\/media\/164775"}],"wp:attachment":[{"href":"https:\/\/epochtimestr.com\/index.php\/wp-json\/wp\/v2\/media?parent=164774"}],"wp:term":[{"taxonomy":"category","embeddable":true,"href":"https:\/\/epochtimestr.com\/index.php\/wp-json\/wp\/v2\/categories?post=164774"},{"taxonomy":"post_tag","embeddable":true,"href":"https:\/\/epochtimestr.com\/index.php\/wp-json\/wp\/v2\/tags?post=164774"}],"curies":[{"name":"wp","href":"https:\/\/api.w.org\/{rel}","templated":true}]}}