{"id":164870,"date":"2026-01-02T16:26:19","date_gmt":"2026-01-02T13:26:19","guid":{"rendered":"https:\/\/epochtimestr.com\/?p=164870"},"modified":"2026-01-02T16:26:22","modified_gmt":"2026-01-02T13:26:22","slug":"japonya-guney-amerika-ulkelerine-yardim-gonderiyor","status":"publish","type":"post","link":"https:\/\/epochtimestr.com\/index.php\/japonya-guney-amerika-ulkelerine-yardim-gonderiyor","title":{"rendered":"Japonya G\u00fcney Amerika \u00dclkelerine Yard\u0131m G\u00f6nderiyor"},"content":{"rendered":"<div class=\"wp-block-image\">\n<figure class=\"aligncenter size-full\"><img loading=\"lazy\" decoding=\"async\" width=\"600\" height=\"400\" src=\"https:\/\/epochtimestr.com\/wp-content\/uploads\/2011y\/1000030924.webp\" alt=\"Japonya, \u00c7in'in yasad\u0131\u015f\u0131 bal\u0131k\u00e7\u0131l\u0131\u011f\u0131na kar\u015f\u0131 G\u00fcney Amerika \u00fclkelerinin deniz g\u00fcvenli\u011fini g\u00fc\u00e7lendiriyor. Bu ama\u00e7la drone ve devriye botlar\u0131 gibi yard\u0131mlar sa\u011fl\u0131yor. \u00c7in Kom\u00fcnist Partisi'nin uzak okyanuslardaki yasad\u0131\u015f\u0131 bal\u0131k\u00e7\u0131l\u0131\u011f\u0131, k\u00fcresel bal\u0131k\u00e7\u0131l\u0131k kaynaklar\u0131n\u0131 talan etmektedir. Ayn\u0131 zamanda bir\u00e7ok \u00fclkenin geleneksel ge\u00e7im kaynaklar\u0131n\u0131 yok etmektedir. 4 May\u0131s 2020'de Arjantin ekonomik b\u00f6lgesinde yasad\u0131\u015f\u0131  faaliyet g\u00f6steren bir \u00c7in bal\u0131k\u00e7\u0131 teknesi. (Foto\u011fraf: The Epoch Times arac\u0131l\u0131\u011f\u0131yla, Arjantin Donanmas\u0131 Bas\u0131n Ofisi - AFP)\" class=\"wp-image-164871\" srcset=\"https:\/\/epochtimestr.com\/wp-content\/uploads\/2011y\/1000030924.webp 600w, https:\/\/epochtimestr.com\/wp-content\/uploads\/2011y\/1000030924-300x200.webp 300w, https:\/\/epochtimestr.com\/wp-content\/uploads\/2011y\/1000030924-150x100.webp 150w\" sizes=\"(max-width: 600px) 100vw, 600px\" \/><figcaption class=\"wp-element-caption\">Japonya, \u00c7in&#8217;in yasad\u0131\u015f\u0131 bal\u0131k\u00e7\u0131l\u0131\u011f\u0131na kar\u015f\u0131 G\u00fcney Amerika \u00fclkelerinin deniz g\u00fcvenli\u011fini g\u00fc\u00e7lendiriyor. Bu ama\u00e7la drone ve devriye botlar\u0131 gibi yard\u0131mlar sa\u011fl\u0131yor. \u00c7in Kom\u00fcnist Partisi&#8217;nin uzak okyanuslardaki yasad\u0131\u015f\u0131 bal\u0131k\u00e7\u0131l\u0131\u011f\u0131, k\u00fcresel bal\u0131k\u00e7\u0131l\u0131k kaynaklar\u0131n\u0131 talan etmektedir. Ayn\u0131 zamanda bir\u00e7ok \u00fclkenin geleneksel ge\u00e7im kaynaklar\u0131n\u0131 yok etmektedir. 4 May\u0131s 2020&#8217;de Arjantin ekonomik b\u00f6lgesinde yasad\u0131\u015f\u0131 faaliyet g\u00f6steren bir \u00c7in bal\u0131k\u00e7\u0131 teknesi. (Foto\u011fraf: The Epoch Times arac\u0131l\u0131\u011f\u0131yla, Arjantin Donanmas\u0131 Bas\u0131n Ofisi &#8211; AFP)<\/figcaption><\/figure><\/div>\n\n\n<p>Japonya, G\u00fcney Amerika \u00fclkelerine, \u00c7in\u2019in deniz a\u015f\u0131r\u0131 bal\u0131k\u00e7\u0131l\u0131k filosunun yaratt\u0131\u011f\u0131 tehditlere kar\u015f\u0131, yard\u0131m etmeye karar verdi. \u00c7in&#8217;in bu filosu, ba\u015fka \u00fclkelerin egemen sularda <a href=\"https:\/\/www.theepochtimes.com\/china\/japan-aids-south-american-countries-to-combat-chinas-illegal-fishing-threats-to-maritime-security-5965084\" target=\"_blank\" rel=\"noreferrer noopener\">yasa d\u0131\u015f\u0131 bal\u0131k\u00e7\u0131l\u0131k<\/a> yaparak k\u00fcresel deniz g\u00fcvenli\u011fini tehdit ediyor.<\/p>\n\n\n\n<p>\u00c7in bal\u0131k\u00e7\u0131 tekneleri, G\u00fcney Amerika \u00fclkelerinin deniz sahalar\u0131nda yasad\u0131\u015f\u0131 faaliyetlerde bulunuyor. Bu yasa d\u0131\u015f\u0131 faaliyetler \u00f6zellikle Arjantin, Peru, Ekvador ve Uruguay sular\u0131nda s\u0131k\u00e7a ger\u00e7ekle\u015fiyor. \u00c7in, bu sularda bal\u0131k\u00e7\u0131l\u0131kla kalmay\u0131p ayn\u0131 zamanda askeri casusluk ve &#8220;gri alan&#8221; operasyonlar\u0131 da yap\u0131yor.<\/p>\n\n\n\n<p>Japonya, G\u00fcney Amerika \u00fclkelerinin deniz g\u00fcvenli\u011fini g\u00fc\u00e7lendirmek i\u00e7in 300 milyon yen (yakla\u015f\u0131k 1.9 milyon dolar) ay\u0131rd\u0131. Yard\u0131mlar, Birle\u015fmi\u015f Milletler Uyu\u015fturucu ve Su\u00e7 Ofisi arac\u0131l\u0131\u011f\u0131yla sa\u011flanacak. Japonya, Ekvador, Peru, Arjantin ve Uruguay&#8217;a, g\u00f6zetleme drone&#8217;lar\u0131 ve deniz devriye botlar\u0131 gibi ekipmanlar g\u00f6nderecek. Bu ekipmanlar, yasa d\u0131\u015f\u0131 bal\u0131k\u00e7\u0131 teknelerinin tespiti i\u00e7in kullan\u0131lacak. Ayr\u0131ca, drone\u2019lar\u0131n \u00e7ekti\u011fi g\u00f6r\u00fcnt\u00fclerle bu teknelerin milliyetleri, ekip b\u00fcy\u00fckl\u00fckleri ve rotalar\u0131 analiz edilecek.<\/p>\n\n\n\n<p>\u00c7in&#8217;in bal\u0131k\u00e7\u0131l\u0131k filosu, Ekvador&#8217;un Galapagos Adalar\u0131 \u00e7evresinde s\u0131k\u00e7a g\u00f6r\u00fclen bir tehdit haline geldi. Ayr\u0131ca, Peru k\u0131y\u0131lar\u0131nda da tespit edilen, PS cihazlar\u0131n\u0131 kapatan tekneler de oldu. Arjantin ve Uruguay da \u00c7in bal\u0131k\u00e7\u0131l\u0131k faaliyetleri tehdidi alt\u0131ndaki di\u011fer \u00fclkeler. \u00c7in\u2019in bu yasa d\u0131\u015f\u0131 bal\u0131k\u00e7\u0131l\u0131k faaliyetleri, sadece ekosistemleri de\u011fil, ayn\u0131 zamanda b\u00f6lgesel g\u00fcvenli\u011fi de tehdit ediyor.<\/p>\n\n\n\n<h3 class=\"wp-block-heading\">G\u00fcney Amerika\u2019da Deniz G\u00fcvenli\u011fi \u0130\u015fbirli\u011fi<\/h3>\n\n\n\n<p>Japonya&#8217;n\u0131n yard\u0131m politikas\u0131, \u00c7in&#8217;in denizlerdeki bask\u0131s\u0131n\u0131 dengelemeyi hedefliyor. Japonya, yaln\u0131zca G\u00fcney Amerika&#8217;daki tehditlere de\u011fil, ayn\u0131 zamanda kendi sular\u0131ndaki yasad\u0131\u015f\u0131 bal\u0131k\u00e7\u0131l\u0131k faaliyetlerine de dikkat \u00e7ekiyor. Japonya&#8217;n\u0131n kuzeydo\u011fusundaki Pasifik k\u0131y\u0131lar\u0131nda da benzer olaylar ger\u00e7ekle\u015fiyor. Japonya, bu t\u00fcr tehditlerle m\u00fccadele i\u00e7in deniz yasas\u0131 uygulama kapasitesini art\u0131rmay\u0131 hedefliyor.<\/p>\n\n\n\n<p><a href=\"https:\/\/epochtimestr.com\/index.php\/japonya-dunyanin-en-buyuk-nukleer-santralini-yeniden-aciyor\" target=\"_blank\" rel=\"noreferrer noopener\">Japonya\u2019n\u0131n<\/a>, G\u00fcney Amerika\u2019ya sa\u011flad\u0131\u011f\u0131 yard\u0131m, b\u00f6lgedeki deniz g\u00fcvenli\u011fi i\u015fbirli\u011fini g\u00fc\u00e7lendirmeyi ama\u00e7l\u0131yor. Bu durum asl\u0131nda, \u00c7in&#8217;in b\u00f6lgesel deniz egemenli\u011fi \u00fczerindeki bask\u0131s\u0131n\u0131 s\u0131n\u0131rlama \u00e7abalar\u0131n\u0131n bir par\u00e7as\u0131. \u00c7in&#8217;in bal\u0131k\u00e7\u0131l\u0131k faaliyetleri, yaln\u0131zca deniz kaynaklar\u0131 \u00fczerinde de\u011fil, ayn\u0131 zamanda ulusal g\u00fcvenlik \u00fczerinde de b\u00fcy\u00fck bir tehdit olu\u015fturuyor. Japonya, bu tehditlere kar\u015f\u0131 daha geni\u015f bir uluslararas\u0131 i\u015fbirli\u011fi \u00e7a\u011fr\u0131s\u0131 yap\u0131yor.<\/p>\n\n\n\n<p>Sonu\u00e7 olarak, \u00c7in&#8217;in uzak deniz bal\u0131k\u00e7\u0131l\u0131\u011f\u0131 filosu, d\u00fcnya genelindeki bal\u0131k\u00e7\u0131l\u0131k stoklar\u0131n\u0131 tehdit etmekte. Ancak bu durum, \u00fclkeler aras\u0131nda deniz g\u00fcvenli\u011fi konusunda i\u015fbirli\u011fini art\u0131r\u0131yor. Japonya\u2019n\u0131n bu yard\u0131mlar\u0131, b\u00f6lgedeki \u00fclkelerin bu tehditlere kar\u015f\u0131 daha g\u00fc\u00e7l\u00fc bir duru\u015f sergilemesini sa\u011flayacak.<\/p>\n","protected":false},"excerpt":{"rendered":"<p>Japonya, G\u00fcney Amerika \u00fclkelerine, \u00c7in\u2019in deniz a\u015f\u0131r\u0131 bal\u0131k\u00e7\u0131l\u0131k filosunun yaratt\u0131\u011f\u0131 tehditlere kar\u015f\u0131, yard\u0131m etmeye karar verdi. \u00c7in&#8217;in bu filosu, ba\u015fka \u00fclkelerin egemen sularda yasa d\u0131\u015f\u0131 bal\u0131k\u00e7\u0131l\u0131k yaparak k\u00fcresel deniz g\u00fcvenli\u011fini tehdit ediyor. \u00c7in bal\u0131k\u00e7\u0131 tekneleri, G\u00fcney Amerika \u00fclkelerinin deniz sahalar\u0131nda yasad\u0131\u015f\u0131 faaliyetlerde bulunuyor. Bu yasa d\u0131\u015f\u0131 faaliyetler \u00f6zellikle Arjantin, Peru, Ekvador ve Uruguay sular\u0131nda s\u0131k\u00e7a [&hellip;]<\/p>\n","protected":false},"author":13996,"featured_media":164871,"comment_status":"open","ping_status":"open","sticky":false,"template":"","format":"standard","meta":{"_yoast_wpseo_focuskw":"Japonya - G\u00fcney Amerika","_yoast_wpseo_title":"","_yoast_wpseo_metadesc":"Japonya, \u00c7in'in yasad\u0131\u015f\u0131 bal\u0131k\u00e7\u0131l\u0131\u011f\u0131na kar\u015f\u0131 G\u00fcney Amerika \u00fclkelerine drone ve devriye botlar\u0131 gibi yard\u0131mlar sa\u011fl\u0131yor.","_bbp_topic_count":0,"_bbp_reply_count":0,"_bbp_total_topic_count":0,"_bbp_total_reply_count":0,"_bbp_voice_count":0,"_bbp_anonymous_reply_count":0,"_bbp_topic_count_hidden":0,"_bbp_reply_count_hidden":0,"_bbp_forum_subforum_count":0,"footnotes":"","_yoast_wpseo_focuskw_text_input":""},"categories":[8,1,8138],"tags":[10294,170,1284,371,10285],"yoast_head":"<!-- This site is optimized with the Yoast SEO plugin v23.0 - https:\/\/yoast.com\/wordpress\/plugins\/seo\/ -->\n<title>Japonya G\u00fcney Amerika \u00dclkelerine Yard\u0131m G\u00f6nderiyor - The Epoch Times TR<\/title>\n<meta name=\"description\" content=\"Japonya, \u00c7in&#039;in yasad\u0131\u015f\u0131 bal\u0131k\u00e7\u0131l\u0131\u011f\u0131na kar\u015f\u0131 G\u00fcney Amerika \u00fclkelerine drone ve devriye botlar\u0131 gibi yard\u0131mlar sa\u011fl\u0131yor.\" \/>\n<meta name=\"robots\" content=\"index, follow, max-snippet:-1, max-image-preview:large, max-video-preview:-1\" \/>\n<link rel=\"canonical\" href=\"https:\/\/epochtimestr.com\/index.php\/japonya-guney-amerika-ulkelerine-yardim-gonderiyor\" \/>\n<meta property=\"og:locale\" content=\"tr_TR\" \/>\n<meta property=\"og:type\" content=\"article\" \/>\n<meta property=\"og:title\" content=\"Japonya G\u00fcney Amerika \u00dclkelerine Yard\u0131m G\u00f6nderiyor - The Epoch Times TR\" \/>\n<meta property=\"og:description\" content=\"Japonya, \u00c7in&#039;in yasad\u0131\u015f\u0131 bal\u0131k\u00e7\u0131l\u0131\u011f\u0131na kar\u015f\u0131 G\u00fcney Amerika \u00fclkelerine drone ve devriye botlar\u0131 gibi yard\u0131mlar sa\u011fl\u0131yor.\" \/>\n<meta property=\"og:url\" content=\"https:\/\/epochtimestr.com\/index.php\/japonya-guney-amerika-ulkelerine-yardim-gonderiyor\" \/>\n<meta property=\"og:site_name\" content=\"The Epoch Times TR\" \/>\n<meta property=\"article:publisher\" content=\"https:\/\/www.facebook.com\/theepochtimestr\" \/>\n<meta property=\"article:published_time\" content=\"2026-01-02T13:26:19+00:00\" \/>\n<meta property=\"article:modified_time\" content=\"2026-01-02T13:26:22+00:00\" \/>\n<meta property=\"og:image\" content=\"https:\/\/epochtimestr.com\/wp-content\/uploads\/2011y\/1000030924.webp\" \/>\n\t<meta property=\"og:image:width\" content=\"600\" \/>\n\t<meta property=\"og:image:height\" content=\"400\" \/>\n\t<meta property=\"og:image:type\" content=\"image\/webp\" \/>\n<meta name=\"author\" content=\"Leo Bajelan\" \/>\n<meta name=\"twitter:card\" content=\"summary_large_image\" \/>\n<meta name=\"twitter:creator\" content=\"@TheEpochTimesTR\" \/>\n<meta name=\"twitter:site\" content=\"@TheEpochTimesTR\" \/>\n<meta name=\"twitter:label1\" content=\"Yazan:\" \/>\n\t<meta name=\"twitter:data1\" content=\"Leo Bajelan\" \/>\n\t<meta name=\"twitter:label2\" content=\"Tahmini okuma s\u00fcresi\" \/>\n\t<meta name=\"twitter:data2\" content=\"3 dakika\" \/>\n<script type=\"application\/ld+json\" class=\"yoast-schema-graph\">{\"@context\":\"https:\/\/schema.org\",\"@graph\":[{\"@type\":\"Article\",\"@id\":\"https:\/\/epochtimestr.com\/index.php\/japonya-guney-amerika-ulkelerine-yardim-gonderiyor#article\",\"isPartOf\":{\"@id\":\"https:\/\/epochtimestr.com\/index.php\/japonya-guney-amerika-ulkelerine-yardim-gonderiyor\"},\"author\":{\"name\":\"Leo Bajelan\",\"@id\":\"https:\/\/epochtimestr.com\/#\/schema\/person\/5fef218711d76d8f232b0e1f1d7e4c0d\"},\"headline\":\"Japonya G\u00fcney Amerika \u00dclkelerine Yard\u0131m G\u00f6nderiyor\",\"datePublished\":\"2026-01-02T13:26:19+00:00\",\"dateModified\":\"2026-01-02T13:26:22+00:00\",\"mainEntityOfPage\":{\"@id\":\"https:\/\/epochtimestr.com\/index.php\/japonya-guney-amerika-ulkelerine-yardim-gonderiyor\"},\"wordCount\":590,\"commentCount\":0,\"publisher\":{\"@id\":\"https:\/\/epochtimestr.com\/#organization\"},\"image\":{\"@id\":\"https:\/\/epochtimestr.com\/index.php\/japonya-guney-amerika-ulkelerine-yardim-gonderiyor#primaryimage\"},\"thumbnailUrl\":\"https:\/\/epochtimestr.com\/wp-content\/uploads\/2011y\/1000030924.webp\",\"keywords\":[\"Birle\u015fmi\u015f Milletler Uyu\u015fturucu ve Su\u00e7 Ofisi\",\"\u00c7in\",\"G\u00fcney amerika\",\"japonya\",\"Yasad\u0131\u015f\u0131 Bal\u0131k\u00e7\u0131l\u0131k\"],\"articleSection\":[\"\u00c7\u0130N\",\"G\u00dcNDEM\",\"MAN\u015eET\"],\"inLanguage\":\"tr\",\"potentialAction\":[{\"@type\":\"CommentAction\",\"name\":\"Comment\",\"target\":[\"https:\/\/epochtimestr.com\/index.php\/japonya-guney-amerika-ulkelerine-yardim-gonderiyor#respond\"]}]},{\"@type\":\"WebPage\",\"@id\":\"https:\/\/epochtimestr.com\/index.php\/japonya-guney-amerika-ulkelerine-yardim-gonderiyor\",\"url\":\"https:\/\/epochtimestr.com\/index.php\/japonya-guney-amerika-ulkelerine-yardim-gonderiyor\",\"name\":\"Japonya G\u00fcney Amerika \u00dclkelerine Yard\u0131m G\u00f6nderiyor - The Epoch Times TR\",\"isPartOf\":{\"@id\":\"https:\/\/epochtimestr.com\/#website\"},\"primaryImageOfPage\":{\"@id\":\"https:\/\/epochtimestr.com\/index.php\/japonya-guney-amerika-ulkelerine-yardim-gonderiyor#primaryimage\"},\"image\":{\"@id\":\"https:\/\/epochtimestr.com\/index.php\/japonya-guney-amerika-ulkelerine-yardim-gonderiyor#primaryimage\"},\"thumbnailUrl\":\"https:\/\/epochtimestr.com\/wp-content\/uploads\/2011y\/1000030924.webp\",\"datePublished\":\"2026-01-02T13:26:19+00:00\",\"dateModified\":\"2026-01-02T13:26:22+00:00\",\"description\":\"Japonya, \u00c7in'in yasad\u0131\u015f\u0131 bal\u0131k\u00e7\u0131l\u0131\u011f\u0131na kar\u015f\u0131 G\u00fcney Amerika \u00fclkelerine drone ve devriye botlar\u0131 gibi yard\u0131mlar sa\u011fl\u0131yor.\",\"inLanguage\":\"tr\",\"potentialAction\":[{\"@type\":\"ReadAction\",\"target\":[\"https:\/\/epochtimestr.com\/index.php\/japonya-guney-amerika-ulkelerine-yardim-gonderiyor\"]}]},{\"@type\":\"ImageObject\",\"inLanguage\":\"tr\",\"@id\":\"https:\/\/epochtimestr.com\/index.php\/japonya-guney-amerika-ulkelerine-yardim-gonderiyor#primaryimage\",\"url\":\"https:\/\/epochtimestr.com\/wp-content\/uploads\/2011y\/1000030924.webp\",\"contentUrl\":\"https:\/\/epochtimestr.com\/wp-content\/uploads\/2011y\/1000030924.webp\",\"width\":600,\"height\":400},{\"@type\":\"WebSite\",\"@id\":\"https:\/\/epochtimestr.com\/#website\",\"url\":\"https:\/\/epochtimestr.com\/\",\"name\":\"The Epoch Times TR\",\"description\":\"De\u011fi\u015fen D\u00fcnyam\u0131za Taze Bir Bak\u0131\u015f\",\"publisher\":{\"@id\":\"https:\/\/epochtimestr.com\/#organization\"},\"potentialAction\":[{\"@type\":\"SearchAction\",\"target\":{\"@type\":\"EntryPoint\",\"urlTemplate\":\"https:\/\/epochtimestr.com\/?s={search_term_string}\"},\"query-input\":\"required name=search_term_string\"}],\"inLanguage\":\"tr\"},{\"@type\":\"Organization\",\"@id\":\"https:\/\/epochtimestr.com\/#organization\",\"name\":\"The EpochTimes T\u00fcrkiye\",\"url\":\"https:\/\/epochtimestr.com\/\",\"logo\":{\"@type\":\"ImageObject\",\"inLanguage\":\"tr\",\"@id\":\"https:\/\/epochtimestr.com\/#\/schema\/logo\/image\/\",\"url\":\"https:\/\/epochtimestr.com\/wp-content\/uploads\/2011y\/ET-Logo-YG.jpg\",\"contentUrl\":\"https:\/\/epochtimestr.com\/wp-content\/uploads\/2011y\/ET-Logo-YG.jpg\",\"width\":346,\"height\":29,\"caption\":\"The EpochTimes T\u00fcrkiye\"},\"image\":{\"@id\":\"https:\/\/epochtimestr.com\/#\/schema\/logo\/image\/\"},\"sameAs\":[\"https:\/\/www.facebook.com\/theepochtimestr\",\"https:\/\/x.com\/TheEpochTimesTR\",\"https:\/\/www.instagram.com\/epochtimestr\"]},{\"@type\":\"Person\",\"@id\":\"https:\/\/epochtimestr.com\/#\/schema\/person\/5fef218711d76d8f232b0e1f1d7e4c0d\",\"name\":\"Leo Bajelan\",\"image\":{\"@type\":\"ImageObject\",\"inLanguage\":\"tr\",\"@id\":\"https:\/\/epochtimestr.com\/#\/schema\/person\/image\/\",\"url\":\"https:\/\/secure.gravatar.com\/avatar\/917669146f489549e548a2e9af272df5?s=96&d=mm&r=g\",\"contentUrl\":\"https:\/\/secure.gravatar.com\/avatar\/917669146f489549e548a2e9af272df5?s=96&d=mm&r=g\",\"caption\":\"Leo Bajelan\"},\"url\":\"https:\/\/epochtimestr.com\/index.php\/author\/leo\"}]}<\/script>\n<!-- \/ Yoast SEO plugin. -->","yoast_head_json":{"title":"Japonya G\u00fcney Amerika \u00dclkelerine Yard\u0131m G\u00f6nderiyor - The Epoch Times TR","description":"Japonya, \u00c7in'in yasad\u0131\u015f\u0131 bal\u0131k\u00e7\u0131l\u0131\u011f\u0131na kar\u015f\u0131 G\u00fcney Amerika \u00fclkelerine drone ve devriye botlar\u0131 gibi yard\u0131mlar sa\u011fl\u0131yor.","robots":{"index":"index","follow":"follow","max-snippet":"max-snippet:-1","max-image-preview":"max-image-preview:large","max-video-preview":"max-video-preview:-1"},"canonical":"https:\/\/epochtimestr.com\/index.php\/japonya-guney-amerika-ulkelerine-yardim-gonderiyor","og_locale":"tr_TR","og_type":"article","og_title":"Japonya G\u00fcney Amerika \u00dclkelerine Yard\u0131m G\u00f6nderiyor - The Epoch Times TR","og_description":"Japonya, \u00c7in'in yasad\u0131\u015f\u0131 bal\u0131k\u00e7\u0131l\u0131\u011f\u0131na kar\u015f\u0131 G\u00fcney Amerika \u00fclkelerine drone ve devriye botlar\u0131 gibi yard\u0131mlar sa\u011fl\u0131yor.","og_url":"https:\/\/epochtimestr.com\/index.php\/japonya-guney-amerika-ulkelerine-yardim-gonderiyor","og_site_name":"The Epoch Times TR","article_publisher":"https:\/\/www.facebook.com\/theepochtimestr","article_published_time":"2026-01-02T13:26:19+00:00","article_modified_time":"2026-01-02T13:26:22+00:00","og_image":[{"width":600,"height":400,"url":"https:\/\/epochtimestr.com\/wp-content\/uploads\/2011y\/1000030924.webp","type":"image\/webp"}],"author":"Leo Bajelan","twitter_card":"summary_large_image","twitter_creator":"@TheEpochTimesTR","twitter_site":"@TheEpochTimesTR","twitter_misc":{"Yazan:":"Leo Bajelan","Tahmini okuma s\u00fcresi":"3 dakika"},"schema":{"@context":"https:\/\/schema.org","@graph":[{"@type":"Article","@id":"https:\/\/epochtimestr.com\/index.php\/japonya-guney-amerika-ulkelerine-yardim-gonderiyor#article","isPartOf":{"@id":"https:\/\/epochtimestr.com\/index.php\/japonya-guney-amerika-ulkelerine-yardim-gonderiyor"},"author":{"name":"Leo Bajelan","@id":"https:\/\/epochtimestr.com\/#\/schema\/person\/5fef218711d76d8f232b0e1f1d7e4c0d"},"headline":"Japonya G\u00fcney Amerika \u00dclkelerine Yard\u0131m G\u00f6nderiyor","datePublished":"2026-01-02T13:26:19+00:00","dateModified":"2026-01-02T13:26:22+00:00","mainEntityOfPage":{"@id":"https:\/\/epochtimestr.com\/index.php\/japonya-guney-amerika-ulkelerine-yardim-gonderiyor"},"wordCount":590,"commentCount":0,"publisher":{"@id":"https:\/\/epochtimestr.com\/#organization"},"image":{"@id":"https:\/\/epochtimestr.com\/index.php\/japonya-guney-amerika-ulkelerine-yardim-gonderiyor#primaryimage"},"thumbnailUrl":"https:\/\/epochtimestr.com\/wp-content\/uploads\/2011y\/1000030924.webp","keywords":["Birle\u015fmi\u015f Milletler Uyu\u015fturucu ve Su\u00e7 Ofisi","\u00c7in","G\u00fcney amerika","japonya","Yasad\u0131\u015f\u0131 Bal\u0131k\u00e7\u0131l\u0131k"],"articleSection":["\u00c7\u0130N","G\u00dcNDEM","MAN\u015eET"],"inLanguage":"tr","potentialAction":[{"@type":"CommentAction","name":"Comment","target":["https:\/\/epochtimestr.com\/index.php\/japonya-guney-amerika-ulkelerine-yardim-gonderiyor#respond"]}]},{"@type":"WebPage","@id":"https:\/\/epochtimestr.com\/index.php\/japonya-guney-amerika-ulkelerine-yardim-gonderiyor","url":"https:\/\/epochtimestr.com\/index.php\/japonya-guney-amerika-ulkelerine-yardim-gonderiyor","name":"Japonya G\u00fcney Amerika \u00dclkelerine Yard\u0131m G\u00f6nderiyor - The Epoch Times TR","isPartOf":{"@id":"https:\/\/epochtimestr.com\/#website"},"primaryImageOfPage":{"@id":"https:\/\/epochtimestr.com\/index.php\/japonya-guney-amerika-ulkelerine-yardim-gonderiyor#primaryimage"},"image":{"@id":"https:\/\/epochtimestr.com\/index.php\/japonya-guney-amerika-ulkelerine-yardim-gonderiyor#primaryimage"},"thumbnailUrl":"https:\/\/epochtimestr.com\/wp-content\/uploads\/2011y\/1000030924.webp","datePublished":"2026-01-02T13:26:19+00:00","dateModified":"2026-01-02T13:26:22+00:00","description":"Japonya, \u00c7in'in yasad\u0131\u015f\u0131 bal\u0131k\u00e7\u0131l\u0131\u011f\u0131na kar\u015f\u0131 G\u00fcney Amerika \u00fclkelerine drone ve devriye botlar\u0131 gibi yard\u0131mlar sa\u011fl\u0131yor.","inLanguage":"tr","potentialAction":[{"@type":"ReadAction","target":["https:\/\/epochtimestr.com\/index.php\/japonya-guney-amerika-ulkelerine-yardim-gonderiyor"]}]},{"@type":"ImageObject","inLanguage":"tr","@id":"https:\/\/epochtimestr.com\/index.php\/japonya-guney-amerika-ulkelerine-yardim-gonderiyor#primaryimage","url":"https:\/\/epochtimestr.com\/wp-content\/uploads\/2011y\/1000030924.webp","contentUrl":"https:\/\/epochtimestr.com\/wp-content\/uploads\/2011y\/1000030924.webp","width":600,"height":400},{"@type":"WebSite","@id":"https:\/\/epochtimestr.com\/#website","url":"https:\/\/epochtimestr.com\/","name":"The Epoch Times TR","description":"De\u011fi\u015fen D\u00fcnyam\u0131za Taze Bir Bak\u0131\u015f","publisher":{"@id":"https:\/\/epochtimestr.com\/#organization"},"potentialAction":[{"@type":"SearchAction","target":{"@type":"EntryPoint","urlTemplate":"https:\/\/epochtimestr.com\/?s={search_term_string}"},"query-input":"required name=search_term_string"}],"inLanguage":"tr"},{"@type":"Organization","@id":"https:\/\/epochtimestr.com\/#organization","name":"The EpochTimes T\u00fcrkiye","url":"https:\/\/epochtimestr.com\/","logo":{"@type":"ImageObject","inLanguage":"tr","@id":"https:\/\/epochtimestr.com\/#\/schema\/logo\/image\/","url":"https:\/\/epochtimestr.com\/wp-content\/uploads\/2011y\/ET-Logo-YG.jpg","contentUrl":"https:\/\/epochtimestr.com\/wp-content\/uploads\/2011y\/ET-Logo-YG.jpg","width":346,"height":29,"caption":"The EpochTimes T\u00fcrkiye"},"image":{"@id":"https:\/\/epochtimestr.com\/#\/schema\/logo\/image\/"},"sameAs":["https:\/\/www.facebook.com\/theepochtimestr","https:\/\/x.com\/TheEpochTimesTR","https:\/\/www.instagram.com\/epochtimestr"]},{"@type":"Person","@id":"https:\/\/epochtimestr.com\/#\/schema\/person\/5fef218711d76d8f232b0e1f1d7e4c0d","name":"Leo Bajelan","image":{"@type":"ImageObject","inLanguage":"tr","@id":"https:\/\/epochtimestr.com\/#\/schema\/person\/image\/","url":"https:\/\/secure.gravatar.com\/avatar\/917669146f489549e548a2e9af272df5?s=96&d=mm&r=g","contentUrl":"https:\/\/secure.gravatar.com\/avatar\/917669146f489549e548a2e9af272df5?s=96&d=mm&r=g","caption":"Leo Bajelan"},"url":"https:\/\/epochtimestr.com\/index.php\/author\/leo"}]}},"_links":{"self":[{"href":"https:\/\/epochtimestr.com\/index.php\/wp-json\/wp\/v2\/posts\/164870"}],"collection":[{"href":"https:\/\/epochtimestr.com\/index.php\/wp-json\/wp\/v2\/posts"}],"about":[{"href":"https:\/\/epochtimestr.com\/index.php\/wp-json\/wp\/v2\/types\/post"}],"author":[{"embeddable":true,"href":"https:\/\/epochtimestr.com\/index.php\/wp-json\/wp\/v2\/users\/13996"}],"replies":[{"embeddable":true,"href":"https:\/\/epochtimestr.com\/index.php\/wp-json\/wp\/v2\/comments?post=164870"}],"version-history":[{"count":2,"href":"https:\/\/epochtimestr.com\/index.php\/wp-json\/wp\/v2\/posts\/164870\/revisions"}],"predecessor-version":[{"id":164879,"href":"https:\/\/epochtimestr.com\/index.php\/wp-json\/wp\/v2\/posts\/164870\/revisions\/164879"}],"wp:featuredmedia":[{"embeddable":true,"href":"https:\/\/epochtimestr.com\/index.php\/wp-json\/wp\/v2\/media\/164871"}],"wp:attachment":[{"href":"https:\/\/epochtimestr.com\/index.php\/wp-json\/wp\/v2\/media?parent=164870"}],"wp:term":[{"taxonomy":"category","embeddable":true,"href":"https:\/\/epochtimestr.com\/index.php\/wp-json\/wp\/v2\/categories?post=164870"},{"taxonomy":"post_tag","embeddable":true,"href":"https:\/\/epochtimestr.com\/index.php\/wp-json\/wp\/v2\/tags?post=164870"}],"curies":[{"name":"wp","href":"https:\/\/api.w.org\/{rel}","templated":true}]}}