{"id":164902,"date":"2026-01-04T12:16:46","date_gmt":"2026-01-04T09:16:46","guid":{"rendered":"https:\/\/epochtimestr.com\/?p=164902"},"modified":"2026-01-05T13:54:53","modified_gmt":"2026-01-05T10:54:53","slug":"ruslar-mersinin-plaj-projesi-ile-dunya-kentleri-arasina-girecegini-duyurdu","status":"publish","type":"post","link":"https:\/\/epochtimestr.com\/index.php\/ruslar-mersinin-plaj-projesi-ile-dunya-kentleri-arasina-girecegini-duyurdu","title":{"rendered":"Ruslar Mersin\u2019in Plaj Projesi \u0130le D\u00fcnya Kentleri Aras\u0131na Girece\u011fini Duyurdu"},"content":{"rendered":"<div class=\"wp-block-image\">\n<figure class=\"aligncenter size-full is-resized\"><img loading=\"lazy\" decoding=\"async\" width=\"1366\" height=\"768\" src=\"https:\/\/epochtimestr.com\/wp-content\/uploads\/2011y\/More-Emlak.png\" alt=\"Rus emlak \u015firketinin YouTube \u00fczerinden Mersin Plaj Projesi ile ilgili yapt\u0131\u011f\u0131 yay\u0131ndan bir ekran g\u00f6r\u00fcnt\u00fcs\u00fc. (G\u00f6rsel: The Epoch Times TR)\" class=\"wp-image-164903\" style=\"width:840px;height:auto\" srcset=\"https:\/\/epochtimestr.com\/wp-content\/uploads\/2011y\/More-Emlak.png 1366w, https:\/\/epochtimestr.com\/wp-content\/uploads\/2011y\/More-Emlak-300x169.png 300w, https:\/\/epochtimestr.com\/wp-content\/uploads\/2011y\/More-Emlak-150x84.png 150w, https:\/\/epochtimestr.com\/wp-content\/uploads\/2011y\/More-Emlak-768x432.png 768w\" sizes=\"(max-width: 1366px) 100vw, 1366px\" \/><figcaption class=\"wp-element-caption\">Rus emlak \u015firketinin YouTube \u00fczerinden Mersin Plaj Projesi ile ilgili yapt\u0131\u011f\u0131 yay\u0131ndan bir ekran g\u00f6r\u00fcnt\u00fcs\u00fc. (G\u00f6rsel: The Epoch Times TR)<\/figcaption><\/figure><\/div>\n\n\n<h2 class=\"wp-block-heading\">Mersin B\u00fcy\u00fck\u015fehir Belediye Ba\u015fkan\u0131 Vahap Se\u00e7er\u2019in Mersin&#8217;in merkezinde Antalya Konyaalt\u0131 sahiline benzer bir plaj alan\u0131 ortaya \u00e7\u0131karmak i\u00e7in \u00e7al\u0131\u015fmalar\u0131n\u0131 ba\u015flatt\u0131\u011f\u0131 &#8220;Plaj Mersin Projesi&#8221; Rus emlak \u015firketi taraf\u0131ndan Rusya\u2019da b\u00fcy\u00fck bir ilgi ile duyuruldu.<\/h2>\n\n\n\n<p>Mersin B\u00fcy\u00fck\u015fehir Belediyesi taraf\u0131ndan yak\u0131n zamanda uygulanmas\u0131 beklenen Plaj Mersin Projesi daha ba\u015flamadan Rusya&#8217;da ilgi oda\u011f\u0131 olmaya ba\u015flad\u0131. Rusya ve T\u00fcrkiye&#8217;de ofisleri bulunan ve T\u00fcrk gayrimenkul sekt\u00f6r\u00fcnde 15 y\u0131l\u0131 a\u015fk\u0131n deneyime sahip bir <a href=\"https:\/\/www.instagram.com\/p\/DSZNe1mkkfd\/?utm_source=ig_web_copy_link&amp;igsh=MzRlODBiNWFlZA==\" target=\"_blank\" rel=\"noreferrer noopener\">Rus emlak \u015firketinin<\/a> Youtube kanal\u0131ndan yapt\u0131\u011f\u0131 yay\u0131nda proje ile Mersin\u2019in d\u00fcnyan\u0131n en iyi kentleri aras\u0131na girece\u011fi ifade edildi. Mersin, Kuzey K\u0131br\u0131s ve Moskova \u00fczerine odaklanan \u015firket Mersin\u2019i yat\u0131r\u0131mc\u0131lar\u0131na ger\u00e7ek bir T\u00fcrk metropol\u00fc olarak lanse etti. \u015eirket, Mersin merkezde olu\u015fturulacak 7,5 km\u2019lik sahil ile Mersin\u2019in radikal bir de\u011fi\u015fime u\u011frayaca\u011f\u0131n\u0131, turizm alan\u0131nda da T\u00fcrkiye\u2019de inan\u0131lmaz bir yere gelece\u011fini ifade etti. <\/p>\n\n\n\n<p>\u015eirket yay\u0131nlad\u0131\u011f\u0131 videoda, son y\u0131llarda Mersin\u2019in \u00f6nemli \u00f6l\u00e7\u00fcde de\u011fi\u015fti\u011fini ve proje ile Mersin merkezde olu\u015fturulacak 7,5 km\u2019lik bir sahil ortaya \u00e7\u0131kaca\u011f\u0131n\u0131 duyurdu. Sahildeki bisiklet ve y\u00fcr\u00fcy\u00fc\u015f yollar\u0131, dinlenme, spor ve ye\u015fil alanlar\u0131 ve 6 su ar\u0131tma istasyonu ile toplamda 84 milyon Avroluk bir yat\u0131r\u0131m yap\u0131ld\u0131\u011f\u0131 belirtildi. Plaj Mersin Projesi ile \u015fehrin tamamen de\u011fi\u015fece\u011fi aktar\u0131ld\u0131.<\/p>\n\n\n\n<p>Videonun devam\u0131nda \u015fu ifadelere yer verildi: \u201c\u015eehrin d\u0131\u015f\u0131nda da plajlar var ama alt yap\u0131lar eksik. Bu sebeple \u015fehre gelen yabanc\u0131lar genellikle \u015fehir d\u0131\u015f\u0131nda ya\u015f\u0131yor. \u015eehre gelen yabanc\u0131lar deniz ve huzur i\u00e7in geliyorlar ama yine de hayat Mersin\u2019de. Herkes buraya ilgi duyuyor \u00e7\u00fcnk\u00fc Mersin ger\u00e7ek bir metropol. \u015eehirde m\u00fckemmel spor tesisleri, b\u00fcy\u00fck al\u0131\u015fveri\u015f merkezleri, okullar, anaokullar\u0131 ve geli\u015fmi\u015f kurumlar\u0131 var. Ana sahil band\u0131ndan bahsetmiyorum bile. Mersin T\u00fcrkiye\u2019deki bir\u00e7ok tatil yerinden daha iyi bir alt yap\u0131ya sahip. Yetkililer b\u00f6yle bir yat\u0131r\u0131m yaparlarsa Mersin inan\u0131lmaz bir yere gelecek. Mersin bu projenin ard\u0131ndan sadece T\u00fcrkiye\u2019nin de\u011fil d\u00fcnyan\u0131n en iyi \u015fehirlerinden biri olacakt\u0131r.\u201d<\/p>\n\n\n\n<h3 class=\"wp-block-heading\">Projenin dan\u0131\u015fmanl\u0131k hizmeti ihaleye \u00e7\u0131kar\u0131ld\u0131 <\/h3>\n\n\n\n<p>Mersin B\u00fcy\u00fck\u015fehir Belediyesi Et\u00fct ve Projeler Dairesi Ba\u015fkanl\u0131\u011f\u0131, &#8220;Yeni\u015fehir ve Mezitli \u0130l\u00e7eleri Dolgu Alan\u0131 \u00d6n\u00fc Kum Beslemesi Yoluyla Plaj Olu\u015fturulmas\u0131 ve K\u0131y\u0131 Yap\u0131lar\u0131 Projesi Dan\u0131\u015fmanl\u0131k Hizmeti&#8221; ihalesi ile ilgili \u00f6n yeterlik ilan\u0131n\u0131 12 Kas\u0131m 2025 tarihli Kamu \u0130hale Kurumu B\u00fclteninde yay\u0131nlam\u0131\u015ft\u0131. \u0130halenin \u00f6n yeterlik son ba\u015fvuru tarihi 28 Kas\u0131m 2025 saat 10.00 olarak ilan edilmi\u015fti. \u0130\u015fin s\u00fcresi 365 takvim g\u00fcn\u00fc olarak belirlenmi\u015fti.<\/p>\n","protected":false},"excerpt":{"rendered":"<p>Mersin B\u00fcy\u00fck\u015fehir Belediye Ba\u015fkan\u0131 Vahap Se\u00e7er\u2019in Mersin&#8217;in merkezinde Antalya Konyaalt\u0131 sahiline benzer bir plaj alan\u0131 ortaya \u00e7\u0131karmak i\u00e7in \u00e7al\u0131\u015fmalar\u0131n\u0131 ba\u015flatt\u0131\u011f\u0131 &#8220;Plaj Mersin Projesi&#8221; Rus emlak \u015firketi taraf\u0131ndan Rusya\u2019da b\u00fcy\u00fck bir ilgi ile duyuruldu. Mersin B\u00fcy\u00fck\u015fehir Belediyesi taraf\u0131ndan yak\u0131n zamanda uygulanmas\u0131 beklenen Plaj Mersin Projesi daha ba\u015flamadan Rusya&#8217;da ilgi oda\u011f\u0131 olmaya ba\u015flad\u0131. Rusya ve T\u00fcrkiye&#8217;de ofisleri [&hellip;]<\/p>\n","protected":false},"author":22,"featured_media":164903,"comment_status":"open","ping_status":"open","sticky":false,"template":"","format":"standard","meta":{"_yoast_wpseo_focuskw":"Plaj Projesi","_yoast_wpseo_title":"","_yoast_wpseo_metadesc":"Rus emlak \u015firketi Mersin'in Plaj Mersin Projesi ile radikal bir \u015fekilde de\u011fi\u015ferek d\u00fcnya kentleri aras\u0131na girece\u011fini duyurdu.","_bbp_topic_count":0,"_bbp_reply_count":0,"_bbp_total_topic_count":0,"_bbp_total_reply_count":0,"_bbp_voice_count":0,"_bbp_anonymous_reply_count":0,"_bbp_topic_count_hidden":0,"_bbp_reply_count_hidden":0,"_bbp_forum_subforum_count":0,"footnotes":"","_yoast_wpseo_focuskw_text_input":""},"categories":[8225,1,8138],"tags":[],"yoast_head":"<!-- This site is optimized with the Yoast SEO plugin v23.0 - https:\/\/yoast.com\/wordpress\/plugins\/seo\/ -->\n<title>Ruslar Mersin\u2019in Plaj Projesi \u0130le D\u00fcnya Kentleri Aras\u0131na Girece\u011fini Duyurdu - The Epoch Times TR<\/title>\n<meta name=\"description\" content=\"Rus emlak \u015firketi Mersin&#039;in Plaj Mersin Projesi ile radikal bir \u015fekilde de\u011fi\u015ferek d\u00fcnya kentleri aras\u0131na girece\u011fini duyurdu.\" \/>\n<meta name=\"robots\" content=\"index, follow, max-snippet:-1, max-image-preview:large, max-video-preview:-1\" \/>\n<link rel=\"canonical\" href=\"https:\/\/epochtimestr.com\/index.php\/ruslar-mersinin-plaj-projesi-ile-dunya-kentleri-arasina-girecegini-duyurdu\" \/>\n<meta property=\"og:locale\" content=\"tr_TR\" \/>\n<meta property=\"og:type\" content=\"article\" \/>\n<meta property=\"og:title\" content=\"Ruslar Mersin\u2019in Plaj Projesi \u0130le D\u00fcnya Kentleri Aras\u0131na Girece\u011fini Duyurdu - The Epoch Times TR\" \/>\n<meta property=\"og:description\" content=\"Rus emlak \u015firketi Mersin&#039;in Plaj Mersin Projesi ile radikal bir \u015fekilde de\u011fi\u015ferek d\u00fcnya kentleri aras\u0131na girece\u011fini duyurdu.\" \/>\n<meta property=\"og:url\" content=\"https:\/\/epochtimestr.com\/index.php\/ruslar-mersinin-plaj-projesi-ile-dunya-kentleri-arasina-girecegini-duyurdu\" \/>\n<meta property=\"og:site_name\" content=\"The Epoch Times TR\" \/>\n<meta property=\"article:publisher\" content=\"https:\/\/www.facebook.com\/theepochtimestr\" \/>\n<meta property=\"article:published_time\" content=\"2026-01-04T09:16:46+00:00\" \/>\n<meta property=\"article:modified_time\" content=\"2026-01-05T10:54:53+00:00\" \/>\n<meta property=\"og:image\" content=\"https:\/\/epochtimestr.com\/wp-content\/uploads\/2011y\/More-Emlak.png\" \/>\n\t<meta property=\"og:image:width\" content=\"1366\" \/>\n\t<meta property=\"og:image:height\" content=\"768\" \/>\n\t<meta property=\"og:image:type\" content=\"image\/png\" \/>\n<meta name=\"author\" content=\"G.Hakan Ko\u00e7man\" \/>\n<meta name=\"twitter:card\" content=\"summary_large_image\" \/>\n<meta name=\"twitter:creator\" content=\"@TheEpochTimesTR\" \/>\n<meta name=\"twitter:site\" content=\"@TheEpochTimesTR\" \/>\n<meta name=\"twitter:label1\" content=\"Yazan:\" \/>\n\t<meta name=\"twitter:data1\" content=\"G.Hakan Ko\u00e7man\" \/>\n\t<meta name=\"twitter:label2\" content=\"Tahmini okuma s\u00fcresi\" \/>\n\t<meta name=\"twitter:data2\" content=\"3 dakika\" \/>\n<script type=\"application\/ld+json\" class=\"yoast-schema-graph\">{\"@context\":\"https:\/\/schema.org\",\"@graph\":[{\"@type\":\"Article\",\"@id\":\"https:\/\/epochtimestr.com\/index.php\/ruslar-mersinin-plaj-projesi-ile-dunya-kentleri-arasina-girecegini-duyurdu#article\",\"isPartOf\":{\"@id\":\"https:\/\/epochtimestr.com\/index.php\/ruslar-mersinin-plaj-projesi-ile-dunya-kentleri-arasina-girecegini-duyurdu\"},\"author\":{\"name\":\"G.Hakan Ko\u00e7man\",\"@id\":\"https:\/\/epochtimestr.com\/#\/schema\/person\/b5509977c9a6cd729a3e74d9743d035b\"},\"headline\":\"Ruslar Mersin\u2019in Plaj Projesi \u0130le D\u00fcnya Kentleri Aras\u0131na Girece\u011fini Duyurdu\",\"datePublished\":\"2026-01-04T09:16:46+00:00\",\"dateModified\":\"2026-01-05T10:54:53+00:00\",\"mainEntityOfPage\":{\"@id\":\"https:\/\/epochtimestr.com\/index.php\/ruslar-mersinin-plaj-projesi-ile-dunya-kentleri-arasina-girecegini-duyurdu\"},\"wordCount\":505,\"commentCount\":0,\"publisher\":{\"@id\":\"https:\/\/epochtimestr.com\/#organization\"},\"image\":{\"@id\":\"https:\/\/epochtimestr.com\/index.php\/ruslar-mersinin-plaj-projesi-ile-dunya-kentleri-arasina-girecegini-duyurdu#primaryimage\"},\"thumbnailUrl\":\"https:\/\/epochtimestr.com\/wp-content\/uploads\/2011y\/More-Emlak.png\",\"articleSection\":[\"Ekonomi\",\"G\u00dcNDEM\",\"Man\u015fet\"],\"inLanguage\":\"tr\",\"potentialAction\":[{\"@type\":\"CommentAction\",\"name\":\"Comment\",\"target\":[\"https:\/\/epochtimestr.com\/index.php\/ruslar-mersinin-plaj-projesi-ile-dunya-kentleri-arasina-girecegini-duyurdu#respond\"]}]},{\"@type\":\"WebPage\",\"@id\":\"https:\/\/epochtimestr.com\/index.php\/ruslar-mersinin-plaj-projesi-ile-dunya-kentleri-arasina-girecegini-duyurdu\",\"url\":\"https:\/\/epochtimestr.com\/index.php\/ruslar-mersinin-plaj-projesi-ile-dunya-kentleri-arasina-girecegini-duyurdu\",\"name\":\"Ruslar Mersin\u2019in Plaj Projesi \u0130le D\u00fcnya Kentleri Aras\u0131na Girece\u011fini Duyurdu - The Epoch Times TR\",\"isPartOf\":{\"@id\":\"https:\/\/epochtimestr.com\/#website\"},\"primaryImageOfPage\":{\"@id\":\"https:\/\/epochtimestr.com\/index.php\/ruslar-mersinin-plaj-projesi-ile-dunya-kentleri-arasina-girecegini-duyurdu#primaryimage\"},\"image\":{\"@id\":\"https:\/\/epochtimestr.com\/index.php\/ruslar-mersinin-plaj-projesi-ile-dunya-kentleri-arasina-girecegini-duyurdu#primaryimage\"},\"thumbnailUrl\":\"https:\/\/epochtimestr.com\/wp-content\/uploads\/2011y\/More-Emlak.png\",\"datePublished\":\"2026-01-04T09:16:46+00:00\",\"dateModified\":\"2026-01-05T10:54:53+00:00\",\"description\":\"Rus emlak \u015firketi Mersin'in Plaj Mersin Projesi ile radikal bir \u015fekilde de\u011fi\u015ferek d\u00fcnya kentleri aras\u0131na girece\u011fini duyurdu.\",\"inLanguage\":\"tr\",\"potentialAction\":[{\"@type\":\"ReadAction\",\"target\":[\"https:\/\/epochtimestr.com\/index.php\/ruslar-mersinin-plaj-projesi-ile-dunya-kentleri-arasina-girecegini-duyurdu\"]}]},{\"@type\":\"ImageObject\",\"inLanguage\":\"tr\",\"@id\":\"https:\/\/epochtimestr.com\/index.php\/ruslar-mersinin-plaj-projesi-ile-dunya-kentleri-arasina-girecegini-duyurdu#primaryimage\",\"url\":\"https:\/\/epochtimestr.com\/wp-content\/uploads\/2011y\/More-Emlak.png\",\"contentUrl\":\"https:\/\/epochtimestr.com\/wp-content\/uploads\/2011y\/More-Emlak.png\",\"width\":1366,\"height\":768},{\"@type\":\"WebSite\",\"@id\":\"https:\/\/epochtimestr.com\/#website\",\"url\":\"https:\/\/epochtimestr.com\/\",\"name\":\"The Epoch Times TR\",\"description\":\"De\u011fi\u015fen D\u00fcnyam\u0131za Taze Bir Bak\u0131\u015f\",\"publisher\":{\"@id\":\"https:\/\/epochtimestr.com\/#organization\"},\"potentialAction\":[{\"@type\":\"SearchAction\",\"target\":{\"@type\":\"EntryPoint\",\"urlTemplate\":\"https:\/\/epochtimestr.com\/?s={search_term_string}\"},\"query-input\":\"required name=search_term_string\"}],\"inLanguage\":\"tr\"},{\"@type\":\"Organization\",\"@id\":\"https:\/\/epochtimestr.com\/#organization\",\"name\":\"The EpochTimes T\u00fcrkiye\",\"url\":\"https:\/\/epochtimestr.com\/\",\"logo\":{\"@type\":\"ImageObject\",\"inLanguage\":\"tr\",\"@id\":\"https:\/\/epochtimestr.com\/#\/schema\/logo\/image\/\",\"url\":\"https:\/\/epochtimestr.com\/wp-content\/uploads\/2011y\/ET-Logo-YG.jpg\",\"contentUrl\":\"https:\/\/epochtimestr.com\/wp-content\/uploads\/2011y\/ET-Logo-YG.jpg\",\"width\":346,\"height\":29,\"caption\":\"The EpochTimes T\u00fcrkiye\"},\"image\":{\"@id\":\"https:\/\/epochtimestr.com\/#\/schema\/logo\/image\/\"},\"sameAs\":[\"https:\/\/www.facebook.com\/theepochtimestr\",\"https:\/\/x.com\/TheEpochTimesTR\",\"https:\/\/www.instagram.com\/epochtimestr\"]},{\"@type\":\"Person\",\"@id\":\"https:\/\/epochtimestr.com\/#\/schema\/person\/b5509977c9a6cd729a3e74d9743d035b\",\"name\":\"G.Hakan Ko\u00e7man\",\"image\":{\"@type\":\"ImageObject\",\"inLanguage\":\"tr\",\"@id\":\"https:\/\/epochtimestr.com\/#\/schema\/person\/image\/\",\"url\":\"https:\/\/secure.gravatar.com\/avatar\/e4eafee1ab5d1f4015c3930376b22ca8?s=96&d=mm&r=g\",\"contentUrl\":\"https:\/\/secure.gravatar.com\/avatar\/e4eafee1ab5d1f4015c3930376b22ca8?s=96&d=mm&r=g\",\"caption\":\"G.Hakan Ko\u00e7man\"},\"url\":\"https:\/\/epochtimestr.com\/index.php\/author\/hakan\"}]}<\/script>\n<!-- \/ Yoast SEO plugin. -->","yoast_head_json":{"title":"Ruslar Mersin\u2019in Plaj Projesi \u0130le D\u00fcnya Kentleri Aras\u0131na Girece\u011fini Duyurdu - The Epoch Times TR","description":"Rus emlak \u015firketi Mersin'in Plaj Mersin Projesi ile radikal bir \u015fekilde de\u011fi\u015ferek d\u00fcnya kentleri aras\u0131na girece\u011fini duyurdu.","robots":{"index":"index","follow":"follow","max-snippet":"max-snippet:-1","max-image-preview":"max-image-preview:large","max-video-preview":"max-video-preview:-1"},"canonical":"https:\/\/epochtimestr.com\/index.php\/ruslar-mersinin-plaj-projesi-ile-dunya-kentleri-arasina-girecegini-duyurdu","og_locale":"tr_TR","og_type":"article","og_title":"Ruslar Mersin\u2019in Plaj Projesi \u0130le D\u00fcnya Kentleri Aras\u0131na Girece\u011fini Duyurdu - The Epoch Times TR","og_description":"Rus emlak \u015firketi Mersin'in Plaj Mersin Projesi ile radikal bir \u015fekilde de\u011fi\u015ferek d\u00fcnya kentleri aras\u0131na girece\u011fini duyurdu.","og_url":"https:\/\/epochtimestr.com\/index.php\/ruslar-mersinin-plaj-projesi-ile-dunya-kentleri-arasina-girecegini-duyurdu","og_site_name":"The Epoch Times TR","article_publisher":"https:\/\/www.facebook.com\/theepochtimestr","article_published_time":"2026-01-04T09:16:46+00:00","article_modified_time":"2026-01-05T10:54:53+00:00","og_image":[{"width":1366,"height":768,"url":"https:\/\/epochtimestr.com\/wp-content\/uploads\/2011y\/More-Emlak.png","type":"image\/png"}],"author":"G.Hakan Ko\u00e7man","twitter_card":"summary_large_image","twitter_creator":"@TheEpochTimesTR","twitter_site":"@TheEpochTimesTR","twitter_misc":{"Yazan:":"G.Hakan Ko\u00e7man","Tahmini okuma s\u00fcresi":"3 dakika"},"schema":{"@context":"https:\/\/schema.org","@graph":[{"@type":"Article","@id":"https:\/\/epochtimestr.com\/index.php\/ruslar-mersinin-plaj-projesi-ile-dunya-kentleri-arasina-girecegini-duyurdu#article","isPartOf":{"@id":"https:\/\/epochtimestr.com\/index.php\/ruslar-mersinin-plaj-projesi-ile-dunya-kentleri-arasina-girecegini-duyurdu"},"author":{"name":"G.Hakan Ko\u00e7man","@id":"https:\/\/epochtimestr.com\/#\/schema\/person\/b5509977c9a6cd729a3e74d9743d035b"},"headline":"Ruslar Mersin\u2019in Plaj Projesi \u0130le D\u00fcnya Kentleri Aras\u0131na Girece\u011fini Duyurdu","datePublished":"2026-01-04T09:16:46+00:00","dateModified":"2026-01-05T10:54:53+00:00","mainEntityOfPage":{"@id":"https:\/\/epochtimestr.com\/index.php\/ruslar-mersinin-plaj-projesi-ile-dunya-kentleri-arasina-girecegini-duyurdu"},"wordCount":505,"commentCount":0,"publisher":{"@id":"https:\/\/epochtimestr.com\/#organization"},"image":{"@id":"https:\/\/epochtimestr.com\/index.php\/ruslar-mersinin-plaj-projesi-ile-dunya-kentleri-arasina-girecegini-duyurdu#primaryimage"},"thumbnailUrl":"https:\/\/epochtimestr.com\/wp-content\/uploads\/2011y\/More-Emlak.png","articleSection":["Ekonomi","G\u00dcNDEM","Man\u015fet"],"inLanguage":"tr","potentialAction":[{"@type":"CommentAction","name":"Comment","target":["https:\/\/epochtimestr.com\/index.php\/ruslar-mersinin-plaj-projesi-ile-dunya-kentleri-arasina-girecegini-duyurdu#respond"]}]},{"@type":"WebPage","@id":"https:\/\/epochtimestr.com\/index.php\/ruslar-mersinin-plaj-projesi-ile-dunya-kentleri-arasina-girecegini-duyurdu","url":"https:\/\/epochtimestr.com\/index.php\/ruslar-mersinin-plaj-projesi-ile-dunya-kentleri-arasina-girecegini-duyurdu","name":"Ruslar Mersin\u2019in Plaj Projesi \u0130le D\u00fcnya Kentleri Aras\u0131na Girece\u011fini Duyurdu - The Epoch Times TR","isPartOf":{"@id":"https:\/\/epochtimestr.com\/#website"},"primaryImageOfPage":{"@id":"https:\/\/epochtimestr.com\/index.php\/ruslar-mersinin-plaj-projesi-ile-dunya-kentleri-arasina-girecegini-duyurdu#primaryimage"},"image":{"@id":"https:\/\/epochtimestr.com\/index.php\/ruslar-mersinin-plaj-projesi-ile-dunya-kentleri-arasina-girecegini-duyurdu#primaryimage"},"thumbnailUrl":"https:\/\/epochtimestr.com\/wp-content\/uploads\/2011y\/More-Emlak.png","datePublished":"2026-01-04T09:16:46+00:00","dateModified":"2026-01-05T10:54:53+00:00","description":"Rus emlak \u015firketi Mersin'in Plaj Mersin Projesi ile radikal bir \u015fekilde de\u011fi\u015ferek d\u00fcnya kentleri aras\u0131na girece\u011fini duyurdu.","inLanguage":"tr","potentialAction":[{"@type":"ReadAction","target":["https:\/\/epochtimestr.com\/index.php\/ruslar-mersinin-plaj-projesi-ile-dunya-kentleri-arasina-girecegini-duyurdu"]}]},{"@type":"ImageObject","inLanguage":"tr","@id":"https:\/\/epochtimestr.com\/index.php\/ruslar-mersinin-plaj-projesi-ile-dunya-kentleri-arasina-girecegini-duyurdu#primaryimage","url":"https:\/\/epochtimestr.com\/wp-content\/uploads\/2011y\/More-Emlak.png","contentUrl":"https:\/\/epochtimestr.com\/wp-content\/uploads\/2011y\/More-Emlak.png","width":1366,"height":768},{"@type":"WebSite","@id":"https:\/\/epochtimestr.com\/#website","url":"https:\/\/epochtimestr.com\/","name":"The Epoch Times TR","description":"De\u011fi\u015fen D\u00fcnyam\u0131za Taze Bir Bak\u0131\u015f","publisher":{"@id":"https:\/\/epochtimestr.com\/#organization"},"potentialAction":[{"@type":"SearchAction","target":{"@type":"EntryPoint","urlTemplate":"https:\/\/epochtimestr.com\/?s={search_term_string}"},"query-input":"required name=search_term_string"}],"inLanguage":"tr"},{"@type":"Organization","@id":"https:\/\/epochtimestr.com\/#organization","name":"The EpochTimes T\u00fcrkiye","url":"https:\/\/epochtimestr.com\/","logo":{"@type":"ImageObject","inLanguage":"tr","@id":"https:\/\/epochtimestr.com\/#\/schema\/logo\/image\/","url":"https:\/\/epochtimestr.com\/wp-content\/uploads\/2011y\/ET-Logo-YG.jpg","contentUrl":"https:\/\/epochtimestr.com\/wp-content\/uploads\/2011y\/ET-Logo-YG.jpg","width":346,"height":29,"caption":"The EpochTimes T\u00fcrkiye"},"image":{"@id":"https:\/\/epochtimestr.com\/#\/schema\/logo\/image\/"},"sameAs":["https:\/\/www.facebook.com\/theepochtimestr","https:\/\/x.com\/TheEpochTimesTR","https:\/\/www.instagram.com\/epochtimestr"]},{"@type":"Person","@id":"https:\/\/epochtimestr.com\/#\/schema\/person\/b5509977c9a6cd729a3e74d9743d035b","name":"G.Hakan Ko\u00e7man","image":{"@type":"ImageObject","inLanguage":"tr","@id":"https:\/\/epochtimestr.com\/#\/schema\/person\/image\/","url":"https:\/\/secure.gravatar.com\/avatar\/e4eafee1ab5d1f4015c3930376b22ca8?s=96&d=mm&r=g","contentUrl":"https:\/\/secure.gravatar.com\/avatar\/e4eafee1ab5d1f4015c3930376b22ca8?s=96&d=mm&r=g","caption":"G.Hakan Ko\u00e7man"},"url":"https:\/\/epochtimestr.com\/index.php\/author\/hakan"}]}},"_links":{"self":[{"href":"https:\/\/epochtimestr.com\/index.php\/wp-json\/wp\/v2\/posts\/164902"}],"collection":[{"href":"https:\/\/epochtimestr.com\/index.php\/wp-json\/wp\/v2\/posts"}],"about":[{"href":"https:\/\/epochtimestr.com\/index.php\/wp-json\/wp\/v2\/types\/post"}],"author":[{"embeddable":true,"href":"https:\/\/epochtimestr.com\/index.php\/wp-json\/wp\/v2\/users\/22"}],"replies":[{"embeddable":true,"href":"https:\/\/epochtimestr.com\/index.php\/wp-json\/wp\/v2\/comments?post=164902"}],"version-history":[{"count":4,"href":"https:\/\/epochtimestr.com\/index.php\/wp-json\/wp\/v2\/posts\/164902\/revisions"}],"predecessor-version":[{"id":164919,"href":"https:\/\/epochtimestr.com\/index.php\/wp-json\/wp\/v2\/posts\/164902\/revisions\/164919"}],"wp:featuredmedia":[{"embeddable":true,"href":"https:\/\/epochtimestr.com\/index.php\/wp-json\/wp\/v2\/media\/164903"}],"wp:attachment":[{"href":"https:\/\/epochtimestr.com\/index.php\/wp-json\/wp\/v2\/media?parent=164902"}],"wp:term":[{"taxonomy":"category","embeddable":true,"href":"https:\/\/epochtimestr.com\/index.php\/wp-json\/wp\/v2\/categories?post=164902"},{"taxonomy":"post_tag","embeddable":true,"href":"https:\/\/epochtimestr.com\/index.php\/wp-json\/wp\/v2\/tags?post=164902"}],"curies":[{"name":"wp","href":"https:\/\/api.w.org\/{rel}","templated":true}]}}