{"id":164908,"date":"2026-01-04T12:45:50","date_gmt":"2026-01-04T09:45:50","guid":{"rendered":"https:\/\/epochtimestr.com\/?p=164908"},"modified":"2026-01-05T14:06:28","modified_gmt":"2026-01-05T11:06:28","slug":"ben-yazarken-agladim-sen-okurken-aglama","status":"publish","type":"post","link":"https:\/\/epochtimestr.com\/index.php\/ben-yazarken-agladim-sen-okurken-aglama","title":{"rendered":"\u201cBen Yazarken A\u011flad\u0131m, Sen Okurken A\u011flama\u201d *"},"content":{"rendered":"\n<p class=\"has-text-align-right\">Bana bir mektup geldi<br \/>\u0130\u00e7inden ben \u00e7\u0131kt\u0131m<\/p>\n\n\n\n<p class=\"has-text-align-right\">\u00d6zdemir Asaf<\/p>\n\n\n\n<p>Eveet, say\u0131n seyirciler!<\/p>\n\n\n\n<p>(<em>Neyi evetliyoruz bilmiyorum bunca y\u0131ld\u0131r, nedense kli\u015fe bir \u015fekilde s\u00f6ze hep &#8216;evet&#8217;le ba\u015flan\u0131yor. Bundan sonra &#8216;hay\u0131r\u2019la ba\u015flasak, belki daha hay\u0131rl\u0131 olma m\u0131?<\/em>)<\/p>\n\n\n\n<p>Evet say\u0131n okurlar\u0131m, izleyicilerim, takip\u00e7ilerim, m\u00fcdavimlerim\u2026 Ac\u0131s\u0131yla tatl\u0131s\u0131yla bir y\u0131l\u0131n ve dahi belki de bir hayat\u0131n daha sonuna geldik.<\/p>\n\n\n\n<p>Yay\u0131nda ve yap\u0131mda, hayat\u0131mda eme\u011fi ge\u00e7en herkese sonsuz te\u015fekk\u00fcrler.<\/p>\n\n\n\n<p>Annem babam, karde\u015flerim, akrabay\u0131 taallukat, maaile herkes, Mazharlar, Fuatlar, \u00d6zkan\u2019lar. Simit\u00e7i-kahveci-gazozcular, kaportac\u0131lar ve egzozcular, bilumum esnaf ve zanaatkarlar, alay\u0131n\u0131z\u0131\u2026 sevgiyle selaml\u0131yorum.<\/p>\n\n\n\n<p>Ac\u0131s\u0131yla tatl\u0131s\u0131yla dedim de, tatl\u0131s\u0131n\u0131 pek fark edemedim hayat\u0131n. En tatl\u0131s\u0131 nar ek\u015fisi k\u0131vam\u0131ndayd\u0131 g\u00fcnlerimin, ben az s\u00f6yleyeyim, siz \u00e7ok anlay\u0131n.<\/p>\n\n\n\n<p>Anlay\u0131n dedimse, \u00e7o\u011fu kez yanl\u0131\u015f anla\u015f\u0131ld\u0131m zaten, yanl\u0131\u015f anlasan\u0131z da buna \u015ferbetliyim. \u00c7ok yanl\u0131\u015f anla\u015f\u0131ld\u0131m, ama \u015fikayet\u00e7i de\u011filim, kendimi ben bile anlamad\u0131m.<\/p>\n\n\n\n<p>Bir kendim bile yok, anl\u0131yor musunuz?<\/p>\n\n\n\n<p class=\"has-text-align-center\">\u2026<\/p>\n\n\n\n<p>Bir arkada\u015f, sohbet esnas\u0131nda \u201cDerdimi anlatacak kadar \u0130ngilizce biliyorum.\u201d demi\u015fti, ben de \u015f\u00f6yle demi\u015ftim: \u201cBu ne b\u00fcy\u00fck iddia, ben derdimi anlatacak kadar T\u00fcrk\u00e7e bile bilmiyorum.\u201d<\/p>\n\n\n\n<p>Dert dile s\u0131\u011fmaz, dile s\u0131\u011fsa dert olmaz \u00e7\u00fcnk\u00fc\u2026<\/p>\n\n\n\n<p>Bir keresinde \u201cHayat\u0131m\u0131 d\u00fczene sokay\u0131m\u201d dedim, \u00e7ok yanl\u0131\u015f anlad\u0131lar, ay\u0131p oluyormu\u015f, \u00f6yle dediler.<\/p>\n\n\n\n<p class=\"has-text-align-center\">\u2026<\/p>\n\n\n\n<p>Kli\u015felerle heba olan hayat\u0131m\u0131 bir anlama oturtma \u00e7abas\u0131 i\u00e7inde oldum \u00f6m\u00fcr boyu. Bir anlam ararken, anlam aramayanlar\u0131 anlamaya \u00e7al\u0131\u015ft\u0131m durmadan.<\/p>\n\n\n\n<p>Evet, kli\u015feler\u2026<\/p>\n\n\n\n<p>Mesela yar\u0131m y\u00fcz y\u0131l\u0131 a\u015fk\u0131n s\u00fcredir bir y\u0131l bitip yenisi ba\u015flarken hep ayn\u0131 \u015feyleri duydum:<\/p>\n\n\n\n<p>\u201cYeni y\u0131l hepimize bar\u0131\u015f, mutluluk ve \u015fans getirsin!\u201d<\/p>\n\n\n\n<p>Ben de cevap verdim: \u201cHaz\u0131r kalkm\u0131\u015fken \u00e7ay da koysun mu?\u201d<\/p>\n\n\n\n<p>\u00d6yle ya, takvim bir sonraki y\u0131la ba\u011flan\u0131nca bir de bakaca\u011f\u0131z ki b\u00fct\u00fcn olumsuzluklar ge\u00e7en y\u0131lla beraber ge\u00e7ip gitmi\u015f, bitmi\u015f. On, dokuuz, sekiiz\u2026 geri say\u0131m bitince birdenbire sihirli bir de\u011fnek dokunacak hayat\u0131m\u0131za, d\u00fcnya cennet olacak, sabah \u015feker pembesi bir g\u00f6ky\u00fcz\u00fcne uyanaca\u011f\u0131z\u2026<\/p>\n\n\n\n<p>\u015eunca ya\u015fa gelmi\u015f insanlar\u0131z, yaln\u0131zca dilemekle hi\u00e7bir \u015feyin de\u011fi\u015fmedi\u011fini, hi\u00e7bir \u015feyin olmad\u0131\u011f\u0131n\u0131 anlamad\u0131k m\u0131 h\u00e2l\u00e2? Anlad\u0131ysak neden bu \u00e7ocuksu safdillik?<\/p>\n\n\n\n<p class=\"has-text-align-center\">\u2026<\/p>\n\n\n\n<p>Bir \u015feyin olmas\u0131n\u0131 istiyorsan bir zahmet kalk\u0131p kendin yapacaks\u0131n. Bar\u0131\u015f m\u0131 istiyorsun, bunun i\u00e7in ne gerekiyorsa o \u00e7aban\u0131n i\u00e7inde olacaks\u0131n. En ba\u015fta kendinle bar\u0131\u015facaks\u0131n elbette. Mutluluk mu istiyorsun, mutlu etmeye \u00e7al\u0131\u015facaks\u0131n, en yak\u0131n\u0131ndan, hatta kendinden ba\u015flayarak. Kimse onu senin aya\u011f\u0131na getirmeyecek. Ba\u015far\u0131 m\u0131 istiyorsun, terleyeceksin\u2026<\/p>\n\n\n\n<p>Deve ku\u015funa demi\u015fler ki; \u201cMadem devesin, y\u00fck ta\u015f\u0131!\u201d \u201cYok, demi\u015f, ben ku\u015fum.\u201d<\/p>\n\n\n\n<p>\u201cEh, madem ku\u015fsun, u\u00e7 o zaman!\u201d \u201cYok, demi\u015f, ben deveyim.\u201d<\/p>\n\n\n\n<p>Bir karar verelim art\u0131k, ne istiyoruz, kimden istiyoruz, sahiden istiyor muyuz, ku\u015f muyuz, deve mi?<\/p>\n\n\n\n<p class=\"has-text-align-center\">\u2026<\/p>\n\n\n\n<p>Bir y\u0131l sona erip, sonraki ba\u015flarken yapmam\u0131z gereken \u015fey, olmayacak dualara amin korosuna kat\u0131lmak de\u011fil, muhasebe yapmak olmal\u0131. Bu y\u0131l yapt\u0131\u011f\u0131m\u0131z\/yapamad\u0131\u011f\u0131m\u0131z g\u00fczel \u015feyler nelerdi, yapt\u0131\u011f\u0131m\u0131z\/art\u0131k yapmayaca\u011f\u0131m\u0131z hatalar nelerdi gibi\u2026<\/p>\n\n\n\n<p class=\"has-text-align-center\">\u2026<\/p>\n\n\n\n<p>Eveet, ac\u0131s\u0131yla tatl\u0131s\u0131yla bir yaz\u0131n\u0131n daha sonuna geldik.<\/p>\n\n\n\n<p>Adresi silinmi\u015f, postada kaybolmu\u015f bir mektuptu s\u00f6zlerim.<\/p>\n\n\n\n<p>Muhatab\u0131 bendim, sadece kendim\u2026<\/p>\n\n\n\n<p>Kuzum kendime s\u00f6yl\u00fcyorum, k\u0131z\u0131m sen anla\u2026<\/p>\n\n\n\n<p>*<em> Karadeniz T\u00fcrk\u00fcs\u00fc<\/em><\/p>\n","protected":false},"excerpt":{"rendered":"<p>Bana bir mektup geldi\u0130\u00e7inden ben \u00e7\u0131kt\u0131m \u00d6zdemir Asaf Eveet, say\u0131n seyirciler! (Neyi evetliyoruz bilmiyorum bunca y\u0131ld\u0131r, nedense kli\u015fe bir \u015fekilde s\u00f6ze hep &#8216;evet&#8217;le ba\u015flan\u0131yor. Bundan sonra &#8216;hay\u0131r\u2019la ba\u015flasak, belki daha hay\u0131rl\u0131 olma m\u0131?) Evet say\u0131n okurlar\u0131m, izleyicilerim, takip\u00e7ilerim, m\u00fcdavimlerim\u2026 Ac\u0131s\u0131yla tatl\u0131s\u0131yla bir y\u0131l\u0131n ve dahi belki de bir hayat\u0131n daha sonuna geldik. Yay\u0131nda ve yap\u0131mda, [&hellip;]<\/p>\n","protected":false},"author":14002,"featured_media":161248,"comment_status":"open","ping_status":"open","sticky":false,"template":"","format":"standard","meta":{"_yoast_wpseo_focuskw":"A\u011flama","_yoast_wpseo_title":"","_yoast_wpseo_metadesc":"Evet say\u0131n okurlar\u0131m, izleyicilerim, takip\u00e7ilerim, m\u00fcdavimlerim\u2026 Ac\u0131s\u0131yla tatl\u0131s\u0131yla bir y\u0131l\u0131n ve dahi belki de bir hayat\u0131n daha sonuna geldik.","_bbp_topic_count":0,"_bbp_reply_count":0,"_bbp_total_topic_count":0,"_bbp_total_reply_count":0,"_bbp_voice_count":0,"_bbp_anonymous_reply_count":0,"_bbp_topic_count_hidden":0,"_bbp_reply_count_hidden":0,"_bbp_forum_subforum_count":0,"footnotes":"","_yoast_wpseo_focuskw_text_input":""},"categories":[9240],"tags":[],"yoast_head":"<!-- This site is optimized with the Yoast SEO plugin v23.0 - https:\/\/yoast.com\/wordpress\/plugins\/seo\/ -->\n<title>\u201cBen Yazarken A\u011flad\u0131m, Sen Okurken A\u011flama\u201d * - The Epoch Times TR<\/title>\n<meta name=\"description\" content=\"Evet say\u0131n okurlar\u0131m, izleyicilerim, takip\u00e7ilerim, m\u00fcdavimlerim\u2026 Ac\u0131s\u0131yla tatl\u0131s\u0131yla bir y\u0131l\u0131n ve dahi belki de bir hayat\u0131n daha sonuna geldik.\" \/>\n<meta name=\"robots\" content=\"index, follow, max-snippet:-1, max-image-preview:large, max-video-preview:-1\" \/>\n<link rel=\"canonical\" href=\"https:\/\/epochtimestr.com\/index.php\/ben-yazarken-agladim-sen-okurken-aglama\" \/>\n<meta property=\"og:locale\" content=\"tr_TR\" \/>\n<meta property=\"og:type\" content=\"article\" \/>\n<meta property=\"og:title\" content=\"\u201cBen Yazarken A\u011flad\u0131m, Sen Okurken A\u011flama\u201d * - The Epoch Times TR\" \/>\n<meta property=\"og:description\" content=\"Evet say\u0131n okurlar\u0131m, izleyicilerim, takip\u00e7ilerim, m\u00fcdavimlerim\u2026 Ac\u0131s\u0131yla tatl\u0131s\u0131yla bir y\u0131l\u0131n ve dahi belki de bir hayat\u0131n daha sonuna geldik.\" \/>\n<meta property=\"og:url\" content=\"https:\/\/epochtimestr.com\/index.php\/ben-yazarken-agladim-sen-okurken-aglama\" \/>\n<meta property=\"og:site_name\" content=\"The Epoch Times TR\" \/>\n<meta property=\"article:publisher\" content=\"https:\/\/www.facebook.com\/theepochtimestr\" \/>\n<meta property=\"article:published_time\" content=\"2026-01-04T09:45:50+00:00\" \/>\n<meta property=\"article:modified_time\" content=\"2026-01-05T11:06:28+00:00\" \/>\n<meta property=\"og:image\" content=\"https:\/\/epochtimestr.com\/wp-content\/uploads\/2011y\/Omer-Karayilan-SM-1.jpg\" \/>\n\t<meta property=\"og:image:width\" content=\"1200\" \/>\n\t<meta property=\"og:image:height\" content=\"630\" \/>\n\t<meta property=\"og:image:type\" content=\"image\/jpeg\" \/>\n<meta name=\"author\" content=\"\u00d6mer Karay\u0131lan\" \/>\n<meta name=\"twitter:card\" content=\"summary_large_image\" \/>\n<meta name=\"twitter:creator\" content=\"@TheEpochTimesTR\" \/>\n<meta name=\"twitter:site\" content=\"@TheEpochTimesTR\" \/>\n<meta name=\"twitter:label1\" content=\"Yazan:\" \/>\n\t<meta name=\"twitter:data1\" content=\"\u00d6mer Karay\u0131lan\" \/>\n\t<meta name=\"twitter:label2\" content=\"Tahmini okuma s\u00fcresi\" \/>\n\t<meta name=\"twitter:data2\" content=\"3 dakika\" \/>\n<script type=\"application\/ld+json\" class=\"yoast-schema-graph\">{\"@context\":\"https:\/\/schema.org\",\"@graph\":[{\"@type\":\"Article\",\"@id\":\"https:\/\/epochtimestr.com\/index.php\/ben-yazarken-agladim-sen-okurken-aglama#article\",\"isPartOf\":{\"@id\":\"https:\/\/epochtimestr.com\/index.php\/ben-yazarken-agladim-sen-okurken-aglama\"},\"author\":{\"name\":\"\u00d6mer Karay\u0131lan\",\"@id\":\"https:\/\/epochtimestr.com\/#\/schema\/person\/ee101079be4d8fb9fb88cca6784e219b\"},\"headline\":\"\u201cBen Yazarken A\u011flad\u0131m, Sen Okurken A\u011flama\u201d *\",\"datePublished\":\"2026-01-04T09:45:50+00:00\",\"dateModified\":\"2026-01-05T11:06:28+00:00\",\"mainEntityOfPage\":{\"@id\":\"https:\/\/epochtimestr.com\/index.php\/ben-yazarken-agladim-sen-okurken-aglama\"},\"wordCount\":618,\"commentCount\":0,\"publisher\":{\"@id\":\"https:\/\/epochtimestr.com\/#organization\"},\"image\":{\"@id\":\"https:\/\/epochtimestr.com\/index.php\/ben-yazarken-agladim-sen-okurken-aglama#primaryimage\"},\"thumbnailUrl\":\"https:\/\/epochtimestr.com\/wp-content\/uploads\/2011y\/Karayilan-Profil.png\",\"articleSection\":[\"K\u00f6\u015fe Yaz\u0131lar\u0131 \u00d6mer Karay\u0131lan\"],\"inLanguage\":\"tr\",\"potentialAction\":[{\"@type\":\"CommentAction\",\"name\":\"Comment\",\"target\":[\"https:\/\/epochtimestr.com\/index.php\/ben-yazarken-agladim-sen-okurken-aglama#respond\"]}]},{\"@type\":\"WebPage\",\"@id\":\"https:\/\/epochtimestr.com\/index.php\/ben-yazarken-agladim-sen-okurken-aglama\",\"url\":\"https:\/\/epochtimestr.com\/index.php\/ben-yazarken-agladim-sen-okurken-aglama\",\"name\":\"\u201cBen Yazarken A\u011flad\u0131m, Sen Okurken A\u011flama\u201d * - The Epoch Times TR\",\"isPartOf\":{\"@id\":\"https:\/\/epochtimestr.com\/#website\"},\"primaryImageOfPage\":{\"@id\":\"https:\/\/epochtimestr.com\/index.php\/ben-yazarken-agladim-sen-okurken-aglama#primaryimage\"},\"image\":{\"@id\":\"https:\/\/epochtimestr.com\/index.php\/ben-yazarken-agladim-sen-okurken-aglama#primaryimage\"},\"thumbnailUrl\":\"https:\/\/epochtimestr.com\/wp-content\/uploads\/2011y\/Karayilan-Profil.png\",\"datePublished\":\"2026-01-04T09:45:50+00:00\",\"dateModified\":\"2026-01-05T11:06:28+00:00\",\"description\":\"Evet say\u0131n okurlar\u0131m, izleyicilerim, takip\u00e7ilerim, m\u00fcdavimlerim\u2026 Ac\u0131s\u0131yla tatl\u0131s\u0131yla bir y\u0131l\u0131n ve dahi belki de bir hayat\u0131n daha sonuna geldik.\",\"inLanguage\":\"tr\",\"potentialAction\":[{\"@type\":\"ReadAction\",\"target\":[\"https:\/\/epochtimestr.com\/index.php\/ben-yazarken-agladim-sen-okurken-aglama\"]}]},{\"@type\":\"ImageObject\",\"inLanguage\":\"tr\",\"@id\":\"https:\/\/epochtimestr.com\/index.php\/ben-yazarken-agladim-sen-okurken-aglama#primaryimage\",\"url\":\"https:\/\/epochtimestr.com\/wp-content\/uploads\/2011y\/Karayilan-Profil.png\",\"contentUrl\":\"https:\/\/epochtimestr.com\/wp-content\/uploads\/2011y\/Karayilan-Profil.png\",\"width\":600,\"height\":600},{\"@type\":\"WebSite\",\"@id\":\"https:\/\/epochtimestr.com\/#website\",\"url\":\"https:\/\/epochtimestr.com\/\",\"name\":\"The Epoch Times TR\",\"description\":\"De\u011fi\u015fen D\u00fcnyam\u0131za Taze Bir Bak\u0131\u015f\",\"publisher\":{\"@id\":\"https:\/\/epochtimestr.com\/#organization\"},\"potentialAction\":[{\"@type\":\"SearchAction\",\"target\":{\"@type\":\"EntryPoint\",\"urlTemplate\":\"https:\/\/epochtimestr.com\/?s={search_term_string}\"},\"query-input\":\"required name=search_term_string\"}],\"inLanguage\":\"tr\"},{\"@type\":\"Organization\",\"@id\":\"https:\/\/epochtimestr.com\/#organization\",\"name\":\"The EpochTimes T\u00fcrkiye\",\"url\":\"https:\/\/epochtimestr.com\/\",\"logo\":{\"@type\":\"ImageObject\",\"inLanguage\":\"tr\",\"@id\":\"https:\/\/epochtimestr.com\/#\/schema\/logo\/image\/\",\"url\":\"https:\/\/epochtimestr.com\/wp-content\/uploads\/2011y\/ET-Logo-YG.jpg\",\"contentUrl\":\"https:\/\/epochtimestr.com\/wp-content\/uploads\/2011y\/ET-Logo-YG.jpg\",\"width\":346,\"height\":29,\"caption\":\"The EpochTimes T\u00fcrkiye\"},\"image\":{\"@id\":\"https:\/\/epochtimestr.com\/#\/schema\/logo\/image\/\"},\"sameAs\":[\"https:\/\/www.facebook.com\/theepochtimestr\",\"https:\/\/x.com\/TheEpochTimesTR\",\"https:\/\/www.instagram.com\/epochtimestr\"]},{\"@type\":\"Person\",\"@id\":\"https:\/\/epochtimestr.com\/#\/schema\/person\/ee101079be4d8fb9fb88cca6784e219b\",\"name\":\"\u00d6mer Karay\u0131lan\",\"image\":{\"@type\":\"ImageObject\",\"inLanguage\":\"tr\",\"@id\":\"https:\/\/epochtimestr.com\/#\/schema\/person\/image\/\",\"url\":\"https:\/\/secure.gravatar.com\/avatar\/23a8932f0189c3fe4c0e2731cb5eb5dd?s=96&d=mm&r=g\",\"contentUrl\":\"https:\/\/secure.gravatar.com\/avatar\/23a8932f0189c3fe4c0e2731cb5eb5dd?s=96&d=mm&r=g\",\"caption\":\"\u00d6mer Karay\u0131lan\"},\"url\":\"https:\/\/epochtimestr.com\/index.php\/author\/omer\"}]}<\/script>\n<!-- \/ Yoast SEO plugin. -->","yoast_head_json":{"title":"\u201cBen Yazarken A\u011flad\u0131m, Sen Okurken A\u011flama\u201d * - The Epoch Times TR","description":"Evet say\u0131n okurlar\u0131m, izleyicilerim, takip\u00e7ilerim, m\u00fcdavimlerim\u2026 Ac\u0131s\u0131yla tatl\u0131s\u0131yla bir y\u0131l\u0131n ve dahi belki de bir hayat\u0131n daha sonuna geldik.","robots":{"index":"index","follow":"follow","max-snippet":"max-snippet:-1","max-image-preview":"max-image-preview:large","max-video-preview":"max-video-preview:-1"},"canonical":"https:\/\/epochtimestr.com\/index.php\/ben-yazarken-agladim-sen-okurken-aglama","og_locale":"tr_TR","og_type":"article","og_title":"\u201cBen Yazarken A\u011flad\u0131m, Sen Okurken A\u011flama\u201d * - The Epoch Times TR","og_description":"Evet say\u0131n okurlar\u0131m, izleyicilerim, takip\u00e7ilerim, m\u00fcdavimlerim\u2026 Ac\u0131s\u0131yla tatl\u0131s\u0131yla bir y\u0131l\u0131n ve dahi belki de bir hayat\u0131n daha sonuna geldik.","og_url":"https:\/\/epochtimestr.com\/index.php\/ben-yazarken-agladim-sen-okurken-aglama","og_site_name":"The Epoch Times TR","article_publisher":"https:\/\/www.facebook.com\/theepochtimestr","article_published_time":"2026-01-04T09:45:50+00:00","article_modified_time":"2026-01-05T11:06:28+00:00","og_image":[{"width":1200,"height":630,"url":"https:\/\/epochtimestr.com\/wp-content\/uploads\/2011y\/Omer-Karayilan-SM-1.jpg","type":"image\/jpeg"}],"author":"\u00d6mer Karay\u0131lan","twitter_card":"summary_large_image","twitter_creator":"@TheEpochTimesTR","twitter_site":"@TheEpochTimesTR","twitter_misc":{"Yazan:":"\u00d6mer Karay\u0131lan","Tahmini okuma s\u00fcresi":"3 dakika"},"schema":{"@context":"https:\/\/schema.org","@graph":[{"@type":"Article","@id":"https:\/\/epochtimestr.com\/index.php\/ben-yazarken-agladim-sen-okurken-aglama#article","isPartOf":{"@id":"https:\/\/epochtimestr.com\/index.php\/ben-yazarken-agladim-sen-okurken-aglama"},"author":{"name":"\u00d6mer Karay\u0131lan","@id":"https:\/\/epochtimestr.com\/#\/schema\/person\/ee101079be4d8fb9fb88cca6784e219b"},"headline":"\u201cBen Yazarken A\u011flad\u0131m, Sen Okurken A\u011flama\u201d *","datePublished":"2026-01-04T09:45:50+00:00","dateModified":"2026-01-05T11:06:28+00:00","mainEntityOfPage":{"@id":"https:\/\/epochtimestr.com\/index.php\/ben-yazarken-agladim-sen-okurken-aglama"},"wordCount":618,"commentCount":0,"publisher":{"@id":"https:\/\/epochtimestr.com\/#organization"},"image":{"@id":"https:\/\/epochtimestr.com\/index.php\/ben-yazarken-agladim-sen-okurken-aglama#primaryimage"},"thumbnailUrl":"https:\/\/epochtimestr.com\/wp-content\/uploads\/2011y\/Karayilan-Profil.png","articleSection":["K\u00f6\u015fe Yaz\u0131lar\u0131 \u00d6mer Karay\u0131lan"],"inLanguage":"tr","potentialAction":[{"@type":"CommentAction","name":"Comment","target":["https:\/\/epochtimestr.com\/index.php\/ben-yazarken-agladim-sen-okurken-aglama#respond"]}]},{"@type":"WebPage","@id":"https:\/\/epochtimestr.com\/index.php\/ben-yazarken-agladim-sen-okurken-aglama","url":"https:\/\/epochtimestr.com\/index.php\/ben-yazarken-agladim-sen-okurken-aglama","name":"\u201cBen Yazarken A\u011flad\u0131m, Sen Okurken A\u011flama\u201d * - The Epoch Times TR","isPartOf":{"@id":"https:\/\/epochtimestr.com\/#website"},"primaryImageOfPage":{"@id":"https:\/\/epochtimestr.com\/index.php\/ben-yazarken-agladim-sen-okurken-aglama#primaryimage"},"image":{"@id":"https:\/\/epochtimestr.com\/index.php\/ben-yazarken-agladim-sen-okurken-aglama#primaryimage"},"thumbnailUrl":"https:\/\/epochtimestr.com\/wp-content\/uploads\/2011y\/Karayilan-Profil.png","datePublished":"2026-01-04T09:45:50+00:00","dateModified":"2026-01-05T11:06:28+00:00","description":"Evet say\u0131n okurlar\u0131m, izleyicilerim, takip\u00e7ilerim, m\u00fcdavimlerim\u2026 Ac\u0131s\u0131yla tatl\u0131s\u0131yla bir y\u0131l\u0131n ve dahi belki de bir hayat\u0131n daha sonuna geldik.","inLanguage":"tr","potentialAction":[{"@type":"ReadAction","target":["https:\/\/epochtimestr.com\/index.php\/ben-yazarken-agladim-sen-okurken-aglama"]}]},{"@type":"ImageObject","inLanguage":"tr","@id":"https:\/\/epochtimestr.com\/index.php\/ben-yazarken-agladim-sen-okurken-aglama#primaryimage","url":"https:\/\/epochtimestr.com\/wp-content\/uploads\/2011y\/Karayilan-Profil.png","contentUrl":"https:\/\/epochtimestr.com\/wp-content\/uploads\/2011y\/Karayilan-Profil.png","width":600,"height":600},{"@type":"WebSite","@id":"https:\/\/epochtimestr.com\/#website","url":"https:\/\/epochtimestr.com\/","name":"The Epoch Times TR","description":"De\u011fi\u015fen D\u00fcnyam\u0131za Taze Bir Bak\u0131\u015f","publisher":{"@id":"https:\/\/epochtimestr.com\/#organization"},"potentialAction":[{"@type":"SearchAction","target":{"@type":"EntryPoint","urlTemplate":"https:\/\/epochtimestr.com\/?s={search_term_string}"},"query-input":"required name=search_term_string"}],"inLanguage":"tr"},{"@type":"Organization","@id":"https:\/\/epochtimestr.com\/#organization","name":"The EpochTimes T\u00fcrkiye","url":"https:\/\/epochtimestr.com\/","logo":{"@type":"ImageObject","inLanguage":"tr","@id":"https:\/\/epochtimestr.com\/#\/schema\/logo\/image\/","url":"https:\/\/epochtimestr.com\/wp-content\/uploads\/2011y\/ET-Logo-YG.jpg","contentUrl":"https:\/\/epochtimestr.com\/wp-content\/uploads\/2011y\/ET-Logo-YG.jpg","width":346,"height":29,"caption":"The EpochTimes T\u00fcrkiye"},"image":{"@id":"https:\/\/epochtimestr.com\/#\/schema\/logo\/image\/"},"sameAs":["https:\/\/www.facebook.com\/theepochtimestr","https:\/\/x.com\/TheEpochTimesTR","https:\/\/www.instagram.com\/epochtimestr"]},{"@type":"Person","@id":"https:\/\/epochtimestr.com\/#\/schema\/person\/ee101079be4d8fb9fb88cca6784e219b","name":"\u00d6mer Karay\u0131lan","image":{"@type":"ImageObject","inLanguage":"tr","@id":"https:\/\/epochtimestr.com\/#\/schema\/person\/image\/","url":"https:\/\/secure.gravatar.com\/avatar\/23a8932f0189c3fe4c0e2731cb5eb5dd?s=96&d=mm&r=g","contentUrl":"https:\/\/secure.gravatar.com\/avatar\/23a8932f0189c3fe4c0e2731cb5eb5dd?s=96&d=mm&r=g","caption":"\u00d6mer Karay\u0131lan"},"url":"https:\/\/epochtimestr.com\/index.php\/author\/omer"}]}},"_links":{"self":[{"href":"https:\/\/epochtimestr.com\/index.php\/wp-json\/wp\/v2\/posts\/164908"}],"collection":[{"href":"https:\/\/epochtimestr.com\/index.php\/wp-json\/wp\/v2\/posts"}],"about":[{"href":"https:\/\/epochtimestr.com\/index.php\/wp-json\/wp\/v2\/types\/post"}],"author":[{"embeddable":true,"href":"https:\/\/epochtimestr.com\/index.php\/wp-json\/wp\/v2\/users\/14002"}],"replies":[{"embeddable":true,"href":"https:\/\/epochtimestr.com\/index.php\/wp-json\/wp\/v2\/comments?post=164908"}],"version-history":[{"count":2,"href":"https:\/\/epochtimestr.com\/index.php\/wp-json\/wp\/v2\/posts\/164908\/revisions"}],"predecessor-version":[{"id":164921,"href":"https:\/\/epochtimestr.com\/index.php\/wp-json\/wp\/v2\/posts\/164908\/revisions\/164921"}],"wp:featuredmedia":[{"embeddable":true,"href":"https:\/\/epochtimestr.com\/index.php\/wp-json\/wp\/v2\/media\/161248"}],"wp:attachment":[{"href":"https:\/\/epochtimestr.com\/index.php\/wp-json\/wp\/v2\/media?parent=164908"}],"wp:term":[{"taxonomy":"category","embeddable":true,"href":"https:\/\/epochtimestr.com\/index.php\/wp-json\/wp\/v2\/categories?post=164908"},{"taxonomy":"post_tag","embeddable":true,"href":"https:\/\/epochtimestr.com\/index.php\/wp-json\/wp\/v2\/tags?post=164908"}],"curies":[{"name":"wp","href":"https:\/\/api.w.org\/{rel}","templated":true}]}}