{"id":165150,"date":"2026-01-17T15:54:14","date_gmt":"2026-01-17T12:54:14","guid":{"rendered":"https:\/\/epochtimestr.com\/?p=165150"},"modified":"2026-01-17T15:54:17","modified_gmt":"2026-01-17T12:54:17","slug":"kazakistan-cin-baskisi-ile-insan-haklari-aktivistlerini-tutukladi","status":"publish","type":"post","link":"https:\/\/epochtimestr.com\/index.php\/kazakistan-cin-baskisi-ile-insan-haklari-aktivistlerini-tutukladi","title":{"rendered":"Kazakistan \u00c7in Bask\u0131s\u0131 \u0130le \u0130nsan Haklar\u0131 Aktivistlerini Tutuklad\u0131"},"content":{"rendered":"<div class=\"wp-block-image\">\n<figure class=\"aligncenter size-full\"><img loading=\"lazy\" decoding=\"async\" width=\"1080\" height=\"720\" src=\"https:\/\/epochtimestr.com\/wp-content\/uploads\/2011y\/1000031886.webp\" alt=\"Kazakistan, Pekin'in bask\u0131s\u0131 \u00fczerine insan haklar\u0131 aktivistlerini tutuklad\u0131 Uluslararas\u0131 tepkiler b\u00fcy\u00fcyor. Sincan\u2019da ya\u015fanan insan haklar\u0131 ihlallerini protesto ettikten sonra Kazak yetkililer taraf\u0131ndan g\u00f6zalt\u0131na al\u0131nan Kazak aktivistler. (Foto\u011fraf kolaj\u0131: The Epoch Times)\" class=\"wp-image-165151\" srcset=\"https:\/\/epochtimestr.com\/wp-content\/uploads\/2011y\/1000031886.webp 1080w, https:\/\/epochtimestr.com\/wp-content\/uploads\/2011y\/1000031886-300x200.webp 300w, https:\/\/epochtimestr.com\/wp-content\/uploads\/2011y\/1000031886-150x100.webp 150w, https:\/\/epochtimestr.com\/wp-content\/uploads\/2011y\/1000031886-768x512.webp 768w\" sizes=\"(max-width: 1080px) 100vw, 1080px\" \/><figcaption class=\"wp-element-caption\">Kazakistan, Pekin&#8217;in bask\u0131s\u0131 \u00fczerine insan haklar\u0131 aktivistlerini tutuklad\u0131 Uluslararas\u0131 tepkiler b\u00fcy\u00fcyor. Sincan\u2019da ya\u015fanan insan haklar\u0131 ihlallerini protesto ettikten sonra Kazak yetkililer taraf\u0131ndan g\u00f6zalt\u0131na al\u0131nan Kazak aktivistler. (Foto\u011fraf kolaj\u0131: The Epoch Times)<\/figcaption><\/figure><\/div>\n\n\n<p>Kazakistan insan haklar\u0131 savunucular\u0131n\u0131n \u00c7in&#8217;den gelen bask\u0131larla tutuklanmas\u0131na, uluslararas\u0131 kamuoyu tepki g\u00f6sterdi. Aktivistler \u00c7in Kom\u00fcnist Partisi&#8217;nin (\u00c7KP) Sincan b\u00f6lgesindeki kitlesel tutuklama kamplar\u0131n\u0131 protesto etmi\u015fti. \u0130nsan haklar\u0131 \u00f6rg\u00fctleri, bu s\u00fcrecin \u00c7in\u2019in diplomatik bask\u0131s\u0131 sonucu ger\u00e7ekle\u015fti\u011fini iddia ediyor. Ya\u015fananlar, Orta Asya\u2019da artan \u00c7in etkisini yeniden g\u00fcndeme getirdi.<\/p>\n\n\n\n<p>Konu, <a href=\"https:\/\/www.theepochtimes.com\/china\/kazakhstan-arrests-human-rights-activists-after-pressure-from-beijing-5972125\" target=\"_blank\" rel=\"noreferrer noopener\">15 Ocak\u2019ta<\/a> Washington Ulusal Bas\u0131n Kul\u00fcb\u00fc&#8217;nde d\u00fczenlenen \u00c7in Yard\u0131m bas\u0131n toplant\u0131s\u0131nda sert ele\u015ftirilere maruz kald\u0131. Toplant\u0131ya insan haklar\u0131 savunucular\u0131, dini \u00f6zg\u00fcrl\u00fck temsilcileri ve \u00c7in kamplar\u0131ndan kurtulan ki\u015filer kat\u0131ld\u0131. Etkinlikte Kazakistan h\u00fck\u00fcmetine sert ele\u015ftiriler y\u00f6neltildi.<\/p>\n\n\n\n<p><a href=\"https:\/\/www.facebook.com\/kazakhrights\/\" target=\"_blank\" rel=\"noreferrer noopener\">Atayurt Kazak \u0130nsan Haklar\u0131 \u00d6rg\u00fct\u00fc<\/a> kurucusu Serikzhan Bilash, 19 aktivistin tutukland\u0131\u011f\u0131n\u0131 a\u00e7\u0131klad\u0131. Bilash ayr\u0131ca, bu ki\u015filerin on y\u0131la kadar hapis cezas\u0131 riskiyle kar\u015f\u0131 kar\u015f\u0131ya oldu\u011funu s\u00f6yledi. Tutuklananlar aras\u0131nda hamile bir kad\u0131n ve yedi \u00e7ocuk babas\u0131 bir erkek var.<\/p>\n\n\n\n<p>Bilash g\u00f6zalt\u0131lar\u0131n Kas\u0131m ay\u0131nda Almat\u0131\u2019da d\u00fczenlenen bir protestonun ard\u0131ndan ba\u015flad\u0131\u011f\u0131n\u0131 bildirdi. G\u00f6steride eylemciler \u00c7in\u2019in Sincan Uygur \u00d6zerk B\u00f6lgesi\u2019ndeki politikalar\u0131 protesto etti. Ard\u0131ndan \u00c7in bayra\u011f\u0131n\u0131 ve \u00c7in Devlet Ba\u015fkan\u0131 \u015ei Cinping\u2019in foto\u011fraflar\u0131n\u0131 yakt\u0131.<\/p>\n\n\n\n<p>Yetkililer olay\u0131 ba\u015flang\u0131\u00e7ta idari bir su\u00e7 olarak de\u011ferlendirerek protestoculara para cezalar\u0131 verdi. Buna ra\u011fmen baz\u0131 protestocular 15 g\u00fcn g\u00f6zalt\u0131nda kald\u0131. Daha sonra dosya ceza davas\u0131na d\u00f6n\u00fc\u015ft\u00fc. Bilash, bu de\u011fi\u015fikli\u011fin do\u011frudan \u00c7in bask\u0131s\u0131yla ger\u00e7ekle\u015fti\u011fini \u00f6ne s\u00fcrd\u00fc.<\/p>\n\n\n\n<p>\u00c7in Almat\u0131 Konsoloslu\u011fu, Kazakistan D\u0131\u015fi\u015fleri Bakanl\u0131\u011f\u0131na iki resmi mektup g\u00f6ndererek olay\u0131n iki \u00fclke ili\u015fkilerine zarar verdi\u011fi belirtti. Bu yaz\u0131\u015fmalar iddianamede a\u00e7\u0131k\u00e7a yer al\u0131yor.<\/p>\n\n\n\n<h3 class=\"wp-block-heading\">Belirsiz Su\u00e7lama ve Yakla\u015fan Dava<\/h3>\n\n\n\n<p>\u0130nsan haklar\u0131 izleme organizasyonu Human Rights Watch, aktivistlere y\u00f6neltilen \u201ctoplumsal nefreti k\u00f6r\u00fcklemek\u201d su\u00e7lamas\u0131n\u0131n belirsiz ve geni\u015f kapsaml\u0131 oldu\u011funu belitti. Tutuklananlar\u0131n 14\u2019\u00fc farkl\u0131 cezaevlerinde, di\u011ferleri ev hapsinde tutuluyor. Davalar 21 Ocak\u2019ta ba\u015flayacak.<\/p>\n\n\n\n<p>Baz\u0131 hapishaneler ailelerinden y\u00fczlerce kilometre uzakta ve ayr\u0131ca aile ziyaretlerine izin verilmiyor. Buna ek olarak bir tutuklu, s\u0131f\u0131r\u0131n alt\u0131na d\u00fc\u015fen s\u0131cakl\u0131klara ra\u011fmen \u0131s\u0131tmas\u0131z bir h\u00fccrede tutuldu. Bilash, \u00c7in&#8217;deki etnik Kazaklar ve Uygurlara y\u00f6nelik istismarlar\u0131 belgeledi. Ayr\u0131ca ge\u00e7mi\u015fte ya\u015fanan \u015f\u00fcpheli \u00f6l\u00fcmleri hat\u0131rlatarak endi\u015felerini dile getirdi. 2020 y\u0131l\u0131nda bir destek\u00e7inin cezaevinde hayat\u0131n\u0131 kaybetti\u011fini s\u00f6yledi. Olay\u0131n ard\u0131ndan ailesinin de tehdit edildi\u011fi s\u00f6zlerine ekledi.<\/p>\n\n\n\n<p>Washington&#8217;daki toplant\u0131da ChinaAid kurucusu Bob Fu, ya\u015fananlar\u0131 \u201cs\u0131n\u0131r \u00f6tesi bask\u0131\u201d olarak tan\u0131mlad\u0131. Ayr\u0131ca \u201cBug\u00fcnk\u00fc sessizlik, yar\u0131n daha fazla bask\u0131ya yol a\u00e7acakt\u0131r.\u201d ifadelerini s\u00f6zlerine ekledi.<\/p>\n\n\n\n<p>\u0130nsan haklar\u0131 savunucular\u0131 uluslararas\u0131 topluma \u00e7a\u011fr\u0131da bulunarak aktivistlerin derhal serbest b\u0131rak\u0131lmas\u0131 istedi. Kazakistan h\u00fck\u00fcmetine hukukun \u00fcst\u00fcnl\u00fc\u011f\u00fcne sayg\u0131 \u00e7a\u011fr\u0131s\u0131 yap\u0131ld\u0131.<\/p>\n","protected":false},"excerpt":{"rendered":"<p>Kazakistan insan haklar\u0131 savunucular\u0131n\u0131n \u00c7in&#8217;den gelen bask\u0131larla tutuklanmas\u0131na, uluslararas\u0131 kamuoyu tepki g\u00f6sterdi. Aktivistler \u00c7in Kom\u00fcnist Partisi&#8217;nin (\u00c7KP) Sincan b\u00f6lgesindeki kitlesel tutuklama kamplar\u0131n\u0131 protesto etmi\u015fti. \u0130nsan haklar\u0131 \u00f6rg\u00fctleri, bu s\u00fcrecin \u00c7in\u2019in diplomatik bask\u0131s\u0131 sonucu ger\u00e7ekle\u015fti\u011fini iddia ediyor. Ya\u015fananlar, Orta Asya\u2019da artan \u00c7in etkisini yeniden g\u00fcndeme getirdi. Konu, 15 Ocak\u2019ta Washington Ulusal Bas\u0131n Kul\u00fcb\u00fc&#8217;nde d\u00fczenlenen \u00c7in Yard\u0131m [&hellip;]<\/p>\n","protected":false},"author":13996,"featured_media":165151,"comment_status":"open","ping_status":"open","sticky":false,"template":"","format":"standard","meta":{"_yoast_wpseo_focuskw":"Kazakistan - \u0130nsan Haklar\u0131","_yoast_wpseo_title":"","_yoast_wpseo_metadesc":"Uluslararas\u0131 kamuoyu, Kazakistan insan haklar\u0131 savunucular\u0131n\u0131n \u00c7in'den gelen bask\u0131larla tutuklanmas\u0131na tepki g\u00f6sterdi.","_bbp_topic_count":0,"_bbp_reply_count":0,"_bbp_total_topic_count":0,"_bbp_total_reply_count":0,"_bbp_voice_count":0,"_bbp_anonymous_reply_count":0,"_bbp_topic_count_hidden":0,"_bbp_reply_count_hidden":0,"_bbp_forum_subforum_count":0,"footnotes":"","_yoast_wpseo_focuskw_text_input":""},"categories":[8,1,8138],"tags":[10433,10434,10427,10428,6678,10429],"yoast_head":"<!-- This site is optimized with the Yoast SEO plugin v23.0 - https:\/\/yoast.com\/wordpress\/plugins\/seo\/ -->\n<title>Kazakistan \u00c7in Bask\u0131s\u0131 \u0130le \u0130nsan Haklar\u0131 Aktivistlerini Tutuklad\u0131 - The Epoch Times TR<\/title>\n<meta name=\"description\" content=\"Uluslararas\u0131 kamuoyu, Kazakistan insan haklar\u0131 savunucular\u0131n\u0131n \u00c7in&#039;den gelen bask\u0131larla tutuklanmas\u0131na tepki g\u00f6sterdi.\" \/>\n<meta name=\"robots\" content=\"index, follow, max-snippet:-1, max-image-preview:large, max-video-preview:-1\" \/>\n<link rel=\"canonical\" href=\"https:\/\/epochtimestr.com\/index.php\/kazakistan-cin-baskisi-ile-insan-haklari-aktivistlerini-tutukladi\" \/>\n<meta property=\"og:locale\" content=\"tr_TR\" \/>\n<meta property=\"og:type\" content=\"article\" \/>\n<meta property=\"og:title\" content=\"Kazakistan \u00c7in Bask\u0131s\u0131 \u0130le \u0130nsan Haklar\u0131 Aktivistlerini Tutuklad\u0131 - The Epoch Times TR\" \/>\n<meta property=\"og:description\" content=\"Uluslararas\u0131 kamuoyu, Kazakistan insan haklar\u0131 savunucular\u0131n\u0131n \u00c7in&#039;den gelen bask\u0131larla tutuklanmas\u0131na tepki g\u00f6sterdi.\" \/>\n<meta property=\"og:url\" content=\"https:\/\/epochtimestr.com\/index.php\/kazakistan-cin-baskisi-ile-insan-haklari-aktivistlerini-tutukladi\" \/>\n<meta property=\"og:site_name\" content=\"The Epoch Times TR\" \/>\n<meta property=\"article:publisher\" content=\"https:\/\/www.facebook.com\/theepochtimestr\" \/>\n<meta property=\"article:published_time\" content=\"2026-01-17T12:54:14+00:00\" \/>\n<meta property=\"article:modified_time\" content=\"2026-01-17T12:54:17+00:00\" \/>\n<meta property=\"og:image\" content=\"https:\/\/epochtimestr.com\/wp-content\/uploads\/2011y\/1000031886.webp\" \/>\n\t<meta property=\"og:image:width\" content=\"1080\" \/>\n\t<meta property=\"og:image:height\" content=\"720\" \/>\n\t<meta property=\"og:image:type\" content=\"image\/webp\" \/>\n<meta name=\"author\" content=\"Leo Bajelan\" \/>\n<meta name=\"twitter:card\" content=\"summary_large_image\" \/>\n<meta name=\"twitter:creator\" content=\"@TheEpochTimesTR\" \/>\n<meta name=\"twitter:site\" content=\"@TheEpochTimesTR\" \/>\n<meta name=\"twitter:label1\" content=\"Yazan:\" \/>\n\t<meta name=\"twitter:data1\" content=\"Leo Bajelan\" \/>\n\t<meta name=\"twitter:label2\" content=\"Tahmini okuma s\u00fcresi\" \/>\n\t<meta name=\"twitter:data2\" content=\"3 dakika\" \/>\n<script type=\"application\/ld+json\" class=\"yoast-schema-graph\">{\"@context\":\"https:\/\/schema.org\",\"@graph\":[{\"@type\":\"Article\",\"@id\":\"https:\/\/epochtimestr.com\/index.php\/kazakistan-cin-baskisi-ile-insan-haklari-aktivistlerini-tutukladi#article\",\"isPartOf\":{\"@id\":\"https:\/\/epochtimestr.com\/index.php\/kazakistan-cin-baskisi-ile-insan-haklari-aktivistlerini-tutukladi\"},\"author\":{\"name\":\"Leo Bajelan\",\"@id\":\"https:\/\/epochtimestr.com\/#\/schema\/person\/5fef218711d76d8f232b0e1f1d7e4c0d\"},\"headline\":\"Kazakistan \u00c7in Bask\u0131s\u0131 \u0130le \u0130nsan Haklar\u0131 Aktivistlerini Tutuklad\u0131\",\"datePublished\":\"2026-01-17T12:54:14+00:00\",\"dateModified\":\"2026-01-17T12:54:17+00:00\",\"mainEntityOfPage\":{\"@id\":\"https:\/\/epochtimestr.com\/index.php\/kazakistan-cin-baskisi-ile-insan-haklari-aktivistlerini-tutukladi\"},\"wordCount\":560,\"commentCount\":1,\"publisher\":{\"@id\":\"https:\/\/epochtimestr.com\/#organization\"},\"image\":{\"@id\":\"https:\/\/epochtimestr.com\/index.php\/kazakistan-cin-baskisi-ile-insan-haklari-aktivistlerini-tutukladi#primaryimage\"},\"thumbnailUrl\":\"https:\/\/epochtimestr.com\/wp-content\/uploads\/2011y\/1000031886.webp\",\"keywords\":[\"Almat\u0131\",\"Atayurt Kazak \u0130nsan Haklar\u0131 \u00d6rg\u00fct\u00fc\",\"\u00c7in bask\u0131s\u0131\",\"insan haklar\u0131 savunucular\",\"kazakistan\",\"National Press Club\"],\"articleSection\":[\"\u00c7\u0130N\",\"G\u00dcNDEM\",\"MAN\u015eET\"],\"inLanguage\":\"tr\",\"potentialAction\":[{\"@type\":\"CommentAction\",\"name\":\"Comment\",\"target\":[\"https:\/\/epochtimestr.com\/index.php\/kazakistan-cin-baskisi-ile-insan-haklari-aktivistlerini-tutukladi#respond\"]}]},{\"@type\":\"WebPage\",\"@id\":\"https:\/\/epochtimestr.com\/index.php\/kazakistan-cin-baskisi-ile-insan-haklari-aktivistlerini-tutukladi\",\"url\":\"https:\/\/epochtimestr.com\/index.php\/kazakistan-cin-baskisi-ile-insan-haklari-aktivistlerini-tutukladi\",\"name\":\"Kazakistan \u00c7in Bask\u0131s\u0131 \u0130le \u0130nsan Haklar\u0131 Aktivistlerini Tutuklad\u0131 - The Epoch Times TR\",\"isPartOf\":{\"@id\":\"https:\/\/epochtimestr.com\/#website\"},\"primaryImageOfPage\":{\"@id\":\"https:\/\/epochtimestr.com\/index.php\/kazakistan-cin-baskisi-ile-insan-haklari-aktivistlerini-tutukladi#primaryimage\"},\"image\":{\"@id\":\"https:\/\/epochtimestr.com\/index.php\/kazakistan-cin-baskisi-ile-insan-haklari-aktivistlerini-tutukladi#primaryimage\"},\"thumbnailUrl\":\"https:\/\/epochtimestr.com\/wp-content\/uploads\/2011y\/1000031886.webp\",\"datePublished\":\"2026-01-17T12:54:14+00:00\",\"dateModified\":\"2026-01-17T12:54:17+00:00\",\"description\":\"Uluslararas\u0131 kamuoyu, Kazakistan insan haklar\u0131 savunucular\u0131n\u0131n \u00c7in'den gelen bask\u0131larla tutuklanmas\u0131na tepki g\u00f6sterdi.\",\"inLanguage\":\"tr\",\"potentialAction\":[{\"@type\":\"ReadAction\",\"target\":[\"https:\/\/epochtimestr.com\/index.php\/kazakistan-cin-baskisi-ile-insan-haklari-aktivistlerini-tutukladi\"]}]},{\"@type\":\"ImageObject\",\"inLanguage\":\"tr\",\"@id\":\"https:\/\/epochtimestr.com\/index.php\/kazakistan-cin-baskisi-ile-insan-haklari-aktivistlerini-tutukladi#primaryimage\",\"url\":\"https:\/\/epochtimestr.com\/wp-content\/uploads\/2011y\/1000031886.webp\",\"contentUrl\":\"https:\/\/epochtimestr.com\/wp-content\/uploads\/2011y\/1000031886.webp\",\"width\":1080,\"height\":720},{\"@type\":\"WebSite\",\"@id\":\"https:\/\/epochtimestr.com\/#website\",\"url\":\"https:\/\/epochtimestr.com\/\",\"name\":\"The Epoch Times TR\",\"description\":\"De\u011fi\u015fen D\u00fcnyam\u0131za Taze Bir Bak\u0131\u015f\",\"publisher\":{\"@id\":\"https:\/\/epochtimestr.com\/#organization\"},\"potentialAction\":[{\"@type\":\"SearchAction\",\"target\":{\"@type\":\"EntryPoint\",\"urlTemplate\":\"https:\/\/epochtimestr.com\/?s={search_term_string}\"},\"query-input\":\"required name=search_term_string\"}],\"inLanguage\":\"tr\"},{\"@type\":\"Organization\",\"@id\":\"https:\/\/epochtimestr.com\/#organization\",\"name\":\"The EpochTimes T\u00fcrkiye\",\"url\":\"https:\/\/epochtimestr.com\/\",\"logo\":{\"@type\":\"ImageObject\",\"inLanguage\":\"tr\",\"@id\":\"https:\/\/epochtimestr.com\/#\/schema\/logo\/image\/\",\"url\":\"https:\/\/epochtimestr.com\/wp-content\/uploads\/2011y\/ET-Logo-YG.jpg\",\"contentUrl\":\"https:\/\/epochtimestr.com\/wp-content\/uploads\/2011y\/ET-Logo-YG.jpg\",\"width\":346,\"height\":29,\"caption\":\"The EpochTimes T\u00fcrkiye\"},\"image\":{\"@id\":\"https:\/\/epochtimestr.com\/#\/schema\/logo\/image\/\"},\"sameAs\":[\"https:\/\/www.facebook.com\/theepochtimestr\",\"https:\/\/x.com\/TheEpochTimesTR\",\"https:\/\/www.instagram.com\/epochtimestr\"]},{\"@type\":\"Person\",\"@id\":\"https:\/\/epochtimestr.com\/#\/schema\/person\/5fef218711d76d8f232b0e1f1d7e4c0d\",\"name\":\"Leo Bajelan\",\"image\":{\"@type\":\"ImageObject\",\"inLanguage\":\"tr\",\"@id\":\"https:\/\/epochtimestr.com\/#\/schema\/person\/image\/\",\"url\":\"https:\/\/secure.gravatar.com\/avatar\/917669146f489549e548a2e9af272df5?s=96&d=mm&r=g\",\"contentUrl\":\"https:\/\/secure.gravatar.com\/avatar\/917669146f489549e548a2e9af272df5?s=96&d=mm&r=g\",\"caption\":\"Leo Bajelan\"},\"url\":\"https:\/\/epochtimestr.com\/index.php\/author\/leo\"}]}<\/script>\n<!-- \/ Yoast SEO plugin. -->","yoast_head_json":{"title":"Kazakistan \u00c7in Bask\u0131s\u0131 \u0130le \u0130nsan Haklar\u0131 Aktivistlerini Tutuklad\u0131 - The Epoch Times TR","description":"Uluslararas\u0131 kamuoyu, Kazakistan insan haklar\u0131 savunucular\u0131n\u0131n \u00c7in'den gelen bask\u0131larla tutuklanmas\u0131na tepki g\u00f6sterdi.","robots":{"index":"index","follow":"follow","max-snippet":"max-snippet:-1","max-image-preview":"max-image-preview:large","max-video-preview":"max-video-preview:-1"},"canonical":"https:\/\/epochtimestr.com\/index.php\/kazakistan-cin-baskisi-ile-insan-haklari-aktivistlerini-tutukladi","og_locale":"tr_TR","og_type":"article","og_title":"Kazakistan \u00c7in Bask\u0131s\u0131 \u0130le \u0130nsan Haklar\u0131 Aktivistlerini Tutuklad\u0131 - The Epoch Times TR","og_description":"Uluslararas\u0131 kamuoyu, Kazakistan insan haklar\u0131 savunucular\u0131n\u0131n \u00c7in'den gelen bask\u0131larla tutuklanmas\u0131na tepki g\u00f6sterdi.","og_url":"https:\/\/epochtimestr.com\/index.php\/kazakistan-cin-baskisi-ile-insan-haklari-aktivistlerini-tutukladi","og_site_name":"The Epoch Times TR","article_publisher":"https:\/\/www.facebook.com\/theepochtimestr","article_published_time":"2026-01-17T12:54:14+00:00","article_modified_time":"2026-01-17T12:54:17+00:00","og_image":[{"width":1080,"height":720,"url":"https:\/\/epochtimestr.com\/wp-content\/uploads\/2011y\/1000031886.webp","type":"image\/webp"}],"author":"Leo Bajelan","twitter_card":"summary_large_image","twitter_creator":"@TheEpochTimesTR","twitter_site":"@TheEpochTimesTR","twitter_misc":{"Yazan:":"Leo Bajelan","Tahmini okuma s\u00fcresi":"3 dakika"},"schema":{"@context":"https:\/\/schema.org","@graph":[{"@type":"Article","@id":"https:\/\/epochtimestr.com\/index.php\/kazakistan-cin-baskisi-ile-insan-haklari-aktivistlerini-tutukladi#article","isPartOf":{"@id":"https:\/\/epochtimestr.com\/index.php\/kazakistan-cin-baskisi-ile-insan-haklari-aktivistlerini-tutukladi"},"author":{"name":"Leo Bajelan","@id":"https:\/\/epochtimestr.com\/#\/schema\/person\/5fef218711d76d8f232b0e1f1d7e4c0d"},"headline":"Kazakistan \u00c7in Bask\u0131s\u0131 \u0130le \u0130nsan Haklar\u0131 Aktivistlerini Tutuklad\u0131","datePublished":"2026-01-17T12:54:14+00:00","dateModified":"2026-01-17T12:54:17+00:00","mainEntityOfPage":{"@id":"https:\/\/epochtimestr.com\/index.php\/kazakistan-cin-baskisi-ile-insan-haklari-aktivistlerini-tutukladi"},"wordCount":560,"commentCount":1,"publisher":{"@id":"https:\/\/epochtimestr.com\/#organization"},"image":{"@id":"https:\/\/epochtimestr.com\/index.php\/kazakistan-cin-baskisi-ile-insan-haklari-aktivistlerini-tutukladi#primaryimage"},"thumbnailUrl":"https:\/\/epochtimestr.com\/wp-content\/uploads\/2011y\/1000031886.webp","keywords":["Almat\u0131","Atayurt Kazak \u0130nsan Haklar\u0131 \u00d6rg\u00fct\u00fc","\u00c7in bask\u0131s\u0131","insan haklar\u0131 savunucular","kazakistan","National Press Club"],"articleSection":["\u00c7\u0130N","G\u00dcNDEM","MAN\u015eET"],"inLanguage":"tr","potentialAction":[{"@type":"CommentAction","name":"Comment","target":["https:\/\/epochtimestr.com\/index.php\/kazakistan-cin-baskisi-ile-insan-haklari-aktivistlerini-tutukladi#respond"]}]},{"@type":"WebPage","@id":"https:\/\/epochtimestr.com\/index.php\/kazakistan-cin-baskisi-ile-insan-haklari-aktivistlerini-tutukladi","url":"https:\/\/epochtimestr.com\/index.php\/kazakistan-cin-baskisi-ile-insan-haklari-aktivistlerini-tutukladi","name":"Kazakistan \u00c7in Bask\u0131s\u0131 \u0130le \u0130nsan Haklar\u0131 Aktivistlerini Tutuklad\u0131 - The Epoch Times TR","isPartOf":{"@id":"https:\/\/epochtimestr.com\/#website"},"primaryImageOfPage":{"@id":"https:\/\/epochtimestr.com\/index.php\/kazakistan-cin-baskisi-ile-insan-haklari-aktivistlerini-tutukladi#primaryimage"},"image":{"@id":"https:\/\/epochtimestr.com\/index.php\/kazakistan-cin-baskisi-ile-insan-haklari-aktivistlerini-tutukladi#primaryimage"},"thumbnailUrl":"https:\/\/epochtimestr.com\/wp-content\/uploads\/2011y\/1000031886.webp","datePublished":"2026-01-17T12:54:14+00:00","dateModified":"2026-01-17T12:54:17+00:00","description":"Uluslararas\u0131 kamuoyu, Kazakistan insan haklar\u0131 savunucular\u0131n\u0131n \u00c7in'den gelen bask\u0131larla tutuklanmas\u0131na tepki g\u00f6sterdi.","inLanguage":"tr","potentialAction":[{"@type":"ReadAction","target":["https:\/\/epochtimestr.com\/index.php\/kazakistan-cin-baskisi-ile-insan-haklari-aktivistlerini-tutukladi"]}]},{"@type":"ImageObject","inLanguage":"tr","@id":"https:\/\/epochtimestr.com\/index.php\/kazakistan-cin-baskisi-ile-insan-haklari-aktivistlerini-tutukladi#primaryimage","url":"https:\/\/epochtimestr.com\/wp-content\/uploads\/2011y\/1000031886.webp","contentUrl":"https:\/\/epochtimestr.com\/wp-content\/uploads\/2011y\/1000031886.webp","width":1080,"height":720},{"@type":"WebSite","@id":"https:\/\/epochtimestr.com\/#website","url":"https:\/\/epochtimestr.com\/","name":"The Epoch Times TR","description":"De\u011fi\u015fen D\u00fcnyam\u0131za Taze Bir Bak\u0131\u015f","publisher":{"@id":"https:\/\/epochtimestr.com\/#organization"},"potentialAction":[{"@type":"SearchAction","target":{"@type":"EntryPoint","urlTemplate":"https:\/\/epochtimestr.com\/?s={search_term_string}"},"query-input":"required name=search_term_string"}],"inLanguage":"tr"},{"@type":"Organization","@id":"https:\/\/epochtimestr.com\/#organization","name":"The EpochTimes T\u00fcrkiye","url":"https:\/\/epochtimestr.com\/","logo":{"@type":"ImageObject","inLanguage":"tr","@id":"https:\/\/epochtimestr.com\/#\/schema\/logo\/image\/","url":"https:\/\/epochtimestr.com\/wp-content\/uploads\/2011y\/ET-Logo-YG.jpg","contentUrl":"https:\/\/epochtimestr.com\/wp-content\/uploads\/2011y\/ET-Logo-YG.jpg","width":346,"height":29,"caption":"The EpochTimes T\u00fcrkiye"},"image":{"@id":"https:\/\/epochtimestr.com\/#\/schema\/logo\/image\/"},"sameAs":["https:\/\/www.facebook.com\/theepochtimestr","https:\/\/x.com\/TheEpochTimesTR","https:\/\/www.instagram.com\/epochtimestr"]},{"@type":"Person","@id":"https:\/\/epochtimestr.com\/#\/schema\/person\/5fef218711d76d8f232b0e1f1d7e4c0d","name":"Leo Bajelan","image":{"@type":"ImageObject","inLanguage":"tr","@id":"https:\/\/epochtimestr.com\/#\/schema\/person\/image\/","url":"https:\/\/secure.gravatar.com\/avatar\/917669146f489549e548a2e9af272df5?s=96&d=mm&r=g","contentUrl":"https:\/\/secure.gravatar.com\/avatar\/917669146f489549e548a2e9af272df5?s=96&d=mm&r=g","caption":"Leo Bajelan"},"url":"https:\/\/epochtimestr.com\/index.php\/author\/leo"}]}},"_links":{"self":[{"href":"https:\/\/epochtimestr.com\/index.php\/wp-json\/wp\/v2\/posts\/165150"}],"collection":[{"href":"https:\/\/epochtimestr.com\/index.php\/wp-json\/wp\/v2\/posts"}],"about":[{"href":"https:\/\/epochtimestr.com\/index.php\/wp-json\/wp\/v2\/types\/post"}],"author":[{"embeddable":true,"href":"https:\/\/epochtimestr.com\/index.php\/wp-json\/wp\/v2\/users\/13996"}],"replies":[{"embeddable":true,"href":"https:\/\/epochtimestr.com\/index.php\/wp-json\/wp\/v2\/comments?post=165150"}],"version-history":[{"count":2,"href":"https:\/\/epochtimestr.com\/index.php\/wp-json\/wp\/v2\/posts\/165150\/revisions"}],"predecessor-version":[{"id":165161,"href":"https:\/\/epochtimestr.com\/index.php\/wp-json\/wp\/v2\/posts\/165150\/revisions\/165161"}],"wp:featuredmedia":[{"embeddable":true,"href":"https:\/\/epochtimestr.com\/index.php\/wp-json\/wp\/v2\/media\/165151"}],"wp:attachment":[{"href":"https:\/\/epochtimestr.com\/index.php\/wp-json\/wp\/v2\/media?parent=165150"}],"wp:term":[{"taxonomy":"category","embeddable":true,"href":"https:\/\/epochtimestr.com\/index.php\/wp-json\/wp\/v2\/categories?post=165150"},{"taxonomy":"post_tag","embeddable":true,"href":"https:\/\/epochtimestr.com\/index.php\/wp-json\/wp\/v2\/tags?post=165150"}],"curies":[{"name":"wp","href":"https:\/\/api.w.org\/{rel}","templated":true}]}}