{"id":165252,"date":"2026-01-22T17:50:20","date_gmt":"2026-01-22T14:50:20","guid":{"rendered":"https:\/\/epochtimestr.com\/?p=165252"},"modified":"2026-01-22T17:50:24","modified_gmt":"2026-01-22T14:50:24","slug":"cin-ust-duzey-ordu-yetkilileri-ckp-seminerine-katilmadi","status":"publish","type":"post","link":"https:\/\/epochtimestr.com\/index.php\/cin-ust-duzey-ordu-yetkilileri-ckp-seminerine-katilmadi","title":{"rendered":"\u00c7in \u00dcst D\u00fczey Ordu Yetkilileri \u00c7KP Seminerine Kat\u0131lmad\u0131"},"content":{"rendered":"<div class=\"wp-block-image\">\n<figure class=\"aligncenter size-full\"><img loading=\"lazy\" decoding=\"async\" width=\"2000\" height=\"1234\" src=\"https:\/\/epochtimestr.com\/wp-content\/uploads\/2011y\/1000032200.jpg\" alt=\"\u00c7in \u00fcst d\u00fczey ordu yetkililerinin \u00c7KP seminerinde yer almamalar\u0131, siyasi gerilim ve i\u00e7 m\u00fccadele s\u00f6ylentilerini g\u00fc\u00e7lendiriyor. General Zhang Youxia, \u00c7in Merkezi Askeri Komitesi Ba\u015fkan Yard\u0131mc\u0131s\u0131. (Foto\u011fraf: Wikimedia)\" class=\"wp-image-165254\" srcset=\"https:\/\/epochtimestr.com\/wp-content\/uploads\/2011y\/1000032200.jpg 2000w, https:\/\/epochtimestr.com\/wp-content\/uploads\/2011y\/1000032200-300x185.jpg 300w, https:\/\/epochtimestr.com\/wp-content\/uploads\/2011y\/1000032200-1945x1200.jpg 1945w, https:\/\/epochtimestr.com\/wp-content\/uploads\/2011y\/1000032200-150x93.jpg 150w, https:\/\/epochtimestr.com\/wp-content\/uploads\/2011y\/1000032200-768x474.jpg 768w, https:\/\/epochtimestr.com\/wp-content\/uploads\/2011y\/1000032200-1536x948.jpg 1536w\" sizes=\"(max-width: 2000px) 100vw, 2000px\" \/><figcaption class=\"wp-element-caption\">\u00c7in \u00fcst d\u00fczey ordu yetkililerinin \u00c7KP seminerinde yer almamalar\u0131, siyasi gerilim ve i\u00e7 m\u00fccadele s\u00f6ylentilerini g\u00fc\u00e7lendiriyor. General Zhang Youxia, \u00c7in Merkezi Askeri Komitesi Ba\u015fkan Yard\u0131mc\u0131s\u0131. (Foto\u011fraf: Wikimedia)<\/figcaption><\/figure><\/div>\n\n\n<p>\u00c7in, Pekin&#8217;deki \u00f6nemli bir siyasi seminerde, ordu \u00fcst d\u00fczey yetkilileri ve \u00c7KP yetkililerinin yoklu\u011fu dikkat \u00e7ekti. \u00c7in Kom\u00fcnist Partisi\u2019nin (\u00c7KP) 20. Merkez Komitesinin 4. Plenumu toplant\u0131lar\u0131, <a href=\"https:\/\/www.theepochtimes.com\/china\/senior-chinese-military-leaders-absent-from-key-party-seminar-raising-questions-5974414\" target=\"_blank\" rel=\"noreferrer noopener\">20 Ocak&#8217;ta<\/a> Pekin\u2019deki Merkezi Parti Okulu\u2019nda ba\u015flad\u0131. Bu seminer, \u00c7KP&#8217;nin gelece\u011fi ve \u00f6nemli kararlar\u0131n\u0131n tart\u0131\u015f\u0131ld\u0131\u011f\u0131 bir platform.<\/p>\n\n\n\n<p>Ancak seminerde baz\u0131 \u00f6nemli isimlerin yer almamas\u0131, uluslararas\u0131 g\u00f6zlemcilerin dikkatini \u00e7ekti. Devlet televizyonu CCTV, seminerin a\u00e7\u0131l\u0131\u015f\u0131na \u00c7KP Politb\u00fcro \u00fcyelerinin ve di\u011fer \u00fcst d\u00fczey yetkililerin kat\u0131ld\u0131\u011f\u0131n\u0131 bildirdi. Buna ra\u011fmen, \u00c7in Merkezi Askeri Komisyonu (CMC) Ba\u015fkan Yard\u0131mc\u0131s\u0131 Zhang Youxia, CMC \u00fcyesi Liu Zhenli ve di\u011fer \u00f6nemli isimler salonda yer almad\u0131.<\/p>\n\n\n\n<p>Zhang Youxia\u2019n\u0131n eksikli\u011fi \u00f6zellikle dikkat \u00e7ekti. \u00c7\u00fcnk\u00fc Zhang, <a href=\"https:\/\/epochtimestr.com\/index.php\/cin-plenumu-si-cinping-asker-uzerindeki-kontrolunu-guclendiriyor\" target=\"_blank\" rel=\"noreferrer noopener\">\u015ei Cinping\u2019e kar\u015f\u0131<\/a> oldu\u011fu d\u00fc\u015f\u00fcn\u00fclen \u00f6nemli bir askeri lider. Ayn\u0131 \u015fekilde, Liu Zhenli ve CMC\u2019nin di\u011fer \u00fcst d\u00fczey \u00fcyeleri de seminerde yer almad\u0131. Bu durum, \u00c7in\u2019in siyasi yap\u0131s\u0131 i\u00e7inde, genellikle ciddi bir de\u011fi\u015fim ya da i\u00e7 m\u00fccadeleye i\u015faret ediyor.<\/p>\n\n\n\n<p>Toplant\u0131ya kat\u0131lmayan di\u011fer \u00f6nemli isimlerden baz\u0131lar\u0131, son aylarda siyasi soru\u015fturmalara hedef olmu\u015ftu. Eski Xinjiang Parti Sekreteri Ma Xingrui\u2019nin de benzer \u015fekilde son d\u00f6nemlerde b\u00fcy\u00fck etkinliklere kat\u0131lmamas\u0131, hakk\u0131nda soru\u015fturma yap\u0131ld\u0131\u011f\u0131na dair dedikodular\u0131 art\u0131rd\u0131.<\/p>\n\n\n\n<h3 class=\"wp-block-heading\">\u00c7in H\u00fck\u00fcmeti Resmi Bir A\u00e7\u0131klama Yapmad\u0131<\/h3>\n\n\n\n<p>H\u00fck\u00fcmetin a\u00e7\u0131klamalar\u0131na g\u00f6re, He Lifeng Davos\u2019ta D\u00fcnya Ekonomi Forumu\u2019na kat\u0131lmak \u00fczere yurt d\u0131\u015f\u0131na gitti. Ancak Zhang Youxia ve di\u011ferlerinin yoklu\u011funa dair resmi bir a\u00e7\u0131klama yap\u0131lmad\u0131. G\u00f6zlemciler, bu t\u00fcr \u00fcst d\u00fczey bo\u015fluklar\u0131n genellikle siyasi m\u00fccadelelerin bir sonucu oldu\u011funu belirtiyor. Ancak bu seferki durum daha karma\u015f\u0131k.<\/p>\n\n\n\n<p>Bu geli\u015fmeler, \u00c7in ordusunda s\u00fcregelen bir yolsuzlukla m\u00fccadele kampanyas\u0131yla da \u00f6rt\u00fc\u015f\u00fcyor. Ge\u00e7ti\u011fimiz y\u0131l, dokuz \u00fcst d\u00fczey ordu generali yolsuzluk nedeniyle g\u00f6revden al\u0131nm\u0131\u015ft\u0131. Bu geli\u015fme, ordu i\u00e7indeki siyasi risklerin ve yolsuzlu\u011fun \u00f6nlenmesi ad\u0131na b\u00fcy\u00fck bir ad\u0131m oldu. Ancak \u00fcst d\u00fczey isimlerin bu seminere kat\u0131lmamalar\u0131, durumu daha da belirsiz hale getirdi.<\/p>\n\n\n\n<p>\u00c7in h\u00fck\u00fcmeti, bu olay hakk\u0131nda resmi bir a\u00e7\u0131klama yapmad\u0131. Buna ra\u011fmen analistler, bu t\u00fcr bo\u015fluklar\u0131n, \u00c7in\u2019in siyasi yap\u0131s\u0131 ve ordunun i\u00e7 yap\u0131s\u0131ndaki de\u011fi\u015fimlere i\u015faret etti\u011fini belirtiyor.<\/p>\n","protected":false},"excerpt":{"rendered":"<p>\u00c7in, Pekin&#8217;deki \u00f6nemli bir siyasi seminerde, ordu \u00fcst d\u00fczey yetkilileri ve \u00c7KP yetkililerinin yoklu\u011fu dikkat \u00e7ekti. \u00c7in Kom\u00fcnist Partisi\u2019nin (\u00c7KP) 20. Merkez Komitesinin 4. Plenumu toplant\u0131lar\u0131, 20 Ocak&#8217;ta Pekin\u2019deki Merkezi Parti Okulu\u2019nda ba\u015flad\u0131. Bu seminer, \u00c7KP&#8217;nin gelece\u011fi ve \u00f6nemli kararlar\u0131n\u0131n tart\u0131\u015f\u0131ld\u0131\u011f\u0131 bir platform. Ancak seminerde baz\u0131 \u00f6nemli isimlerin yer almamas\u0131, uluslararas\u0131 g\u00f6zlemcilerin dikkatini \u00e7ekti. Devlet [&hellip;]<\/p>\n","protected":false},"author":13996,"featured_media":165254,"comment_status":"open","ping_status":"open","sticky":false,"template":"","format":"standard","meta":{"_yoast_wpseo_focuskw":"\u00c7in - Ordu - \u00c7KP","_yoast_wpseo_title":"","_yoast_wpseo_metadesc":"\u00c7in ordusundaki \u00fcst d\u00fczey isimlerin \u00c7KP seminerinde yer almamalar\u0131, siyasi gerilim ve i\u00e7 m\u00fccadele s\u00f6ylentilerini g\u00fc\u00e7lendiriyor.","_bbp_topic_count":0,"_bbp_reply_count":0,"_bbp_total_topic_count":0,"_bbp_total_reply_count":0,"_bbp_voice_count":0,"_bbp_anonymous_reply_count":0,"_bbp_topic_count_hidden":0,"_bbp_reply_count_hidden":0,"_bbp_forum_subforum_count":0,"footnotes":"","_yoast_wpseo_focuskw_text_input":""},"categories":[8,8138],"tags":[10477,7592,10476,239],"yoast_head":"<!-- This site is optimized with the Yoast SEO plugin v23.0 - https:\/\/yoast.com\/wordpress\/plugins\/seo\/ -->\n<title>\u00c7in \u00dcst D\u00fczey Ordu Yetkilileri \u00c7KP Seminerine Kat\u0131lmad\u0131 - The Epoch Times TR<\/title>\n<meta name=\"description\" content=\"\u00c7in ordusundaki \u00fcst d\u00fczey isimlerin \u00c7KP seminerinde yer almamalar\u0131, siyasi gerilim ve i\u00e7 m\u00fccadele s\u00f6ylentilerini g\u00fc\u00e7lendiriyor.\" \/>\n<meta name=\"robots\" content=\"index, follow, max-snippet:-1, max-image-preview:large, max-video-preview:-1\" \/>\n<link rel=\"canonical\" href=\"https:\/\/epochtimestr.com\/index.php\/cin-ust-duzey-ordu-yetkilileri-ckp-seminerine-katilmadi\" \/>\n<meta property=\"og:locale\" content=\"tr_TR\" \/>\n<meta property=\"og:type\" content=\"article\" \/>\n<meta property=\"og:title\" content=\"\u00c7in \u00dcst D\u00fczey Ordu Yetkilileri \u00c7KP Seminerine Kat\u0131lmad\u0131 - The Epoch Times TR\" \/>\n<meta property=\"og:description\" content=\"\u00c7in ordusundaki \u00fcst d\u00fczey isimlerin \u00c7KP seminerinde yer almamalar\u0131, siyasi gerilim ve i\u00e7 m\u00fccadele s\u00f6ylentilerini g\u00fc\u00e7lendiriyor.\" \/>\n<meta property=\"og:url\" content=\"https:\/\/epochtimestr.com\/index.php\/cin-ust-duzey-ordu-yetkilileri-ckp-seminerine-katilmadi\" \/>\n<meta property=\"og:site_name\" content=\"The Epoch Times TR\" \/>\n<meta property=\"article:publisher\" content=\"https:\/\/www.facebook.com\/theepochtimestr\" \/>\n<meta property=\"article:published_time\" content=\"2026-01-22T14:50:20+00:00\" \/>\n<meta property=\"article:modified_time\" content=\"2026-01-22T14:50:24+00:00\" \/>\n<meta property=\"og:image\" content=\"https:\/\/epochtimestr.com\/wp-content\/uploads\/2011y\/1000032200.jpg\" \/>\n\t<meta property=\"og:image:width\" content=\"2000\" \/>\n\t<meta property=\"og:image:height\" content=\"1234\" \/>\n\t<meta property=\"og:image:type\" content=\"image\/jpeg\" \/>\n<meta name=\"author\" content=\"Leo Bajelan\" \/>\n<meta name=\"twitter:card\" content=\"summary_large_image\" \/>\n<meta name=\"twitter:creator\" content=\"@TheEpochTimesTR\" \/>\n<meta name=\"twitter:site\" content=\"@TheEpochTimesTR\" \/>\n<meta name=\"twitter:label1\" content=\"Yazan:\" \/>\n\t<meta name=\"twitter:data1\" content=\"Leo Bajelan\" \/>\n\t<meta name=\"twitter:label2\" content=\"Tahmini okuma s\u00fcresi\" \/>\n\t<meta name=\"twitter:data2\" content=\"3 dakika\" \/>\n<script type=\"application\/ld+json\" class=\"yoast-schema-graph\">{\"@context\":\"https:\/\/schema.org\",\"@graph\":[{\"@type\":\"Article\",\"@id\":\"https:\/\/epochtimestr.com\/index.php\/cin-ust-duzey-ordu-yetkilileri-ckp-seminerine-katilmadi#article\",\"isPartOf\":{\"@id\":\"https:\/\/epochtimestr.com\/index.php\/cin-ust-duzey-ordu-yetkilileri-ckp-seminerine-katilmadi\"},\"author\":{\"name\":\"Leo Bajelan\",\"@id\":\"https:\/\/epochtimestr.com\/#\/schema\/person\/5fef218711d76d8f232b0e1f1d7e4c0d\"},\"headline\":\"\u00c7in \u00dcst D\u00fczey Ordu Yetkilileri \u00c7KP Seminerine Kat\u0131lmad\u0131\",\"datePublished\":\"2026-01-22T14:50:20+00:00\",\"dateModified\":\"2026-01-22T14:50:24+00:00\",\"mainEntityOfPage\":{\"@id\":\"https:\/\/epochtimestr.com\/index.php\/cin-ust-duzey-ordu-yetkilileri-ckp-seminerine-katilmadi\"},\"wordCount\":457,\"commentCount\":0,\"publisher\":{\"@id\":\"https:\/\/epochtimestr.com\/#organization\"},\"image\":{\"@id\":\"https:\/\/epochtimestr.com\/index.php\/cin-ust-duzey-ordu-yetkilileri-ckp-seminerine-katilmadi#primaryimage\"},\"thumbnailUrl\":\"https:\/\/epochtimestr.com\/wp-content\/uploads\/2011y\/1000032200.jpg\",\"keywords\":[\"CCTV televizyonu\",\"\u00c7in Kom\u00fcnist Parti\",\"\u00c7in Ordusundaki \u00dcst D\u00fcze\",\"\u00c7kp\"],\"articleSection\":[\"\u00c7\u0130N\",\"MAN\u015eET\"],\"inLanguage\":\"tr\",\"potentialAction\":[{\"@type\":\"CommentAction\",\"name\":\"Comment\",\"target\":[\"https:\/\/epochtimestr.com\/index.php\/cin-ust-duzey-ordu-yetkilileri-ckp-seminerine-katilmadi#respond\"]}]},{\"@type\":\"WebPage\",\"@id\":\"https:\/\/epochtimestr.com\/index.php\/cin-ust-duzey-ordu-yetkilileri-ckp-seminerine-katilmadi\",\"url\":\"https:\/\/epochtimestr.com\/index.php\/cin-ust-duzey-ordu-yetkilileri-ckp-seminerine-katilmadi\",\"name\":\"\u00c7in \u00dcst D\u00fczey Ordu Yetkilileri \u00c7KP Seminerine Kat\u0131lmad\u0131 - The Epoch Times TR\",\"isPartOf\":{\"@id\":\"https:\/\/epochtimestr.com\/#website\"},\"primaryImageOfPage\":{\"@id\":\"https:\/\/epochtimestr.com\/index.php\/cin-ust-duzey-ordu-yetkilileri-ckp-seminerine-katilmadi#primaryimage\"},\"image\":{\"@id\":\"https:\/\/epochtimestr.com\/index.php\/cin-ust-duzey-ordu-yetkilileri-ckp-seminerine-katilmadi#primaryimage\"},\"thumbnailUrl\":\"https:\/\/epochtimestr.com\/wp-content\/uploads\/2011y\/1000032200.jpg\",\"datePublished\":\"2026-01-22T14:50:20+00:00\",\"dateModified\":\"2026-01-22T14:50:24+00:00\",\"description\":\"\u00c7in ordusundaki \u00fcst d\u00fczey isimlerin \u00c7KP seminerinde yer almamalar\u0131, siyasi gerilim ve i\u00e7 m\u00fccadele s\u00f6ylentilerini g\u00fc\u00e7lendiriyor.\",\"inLanguage\":\"tr\",\"potentialAction\":[{\"@type\":\"ReadAction\",\"target\":[\"https:\/\/epochtimestr.com\/index.php\/cin-ust-duzey-ordu-yetkilileri-ckp-seminerine-katilmadi\"]}]},{\"@type\":\"ImageObject\",\"inLanguage\":\"tr\",\"@id\":\"https:\/\/epochtimestr.com\/index.php\/cin-ust-duzey-ordu-yetkilileri-ckp-seminerine-katilmadi#primaryimage\",\"url\":\"https:\/\/epochtimestr.com\/wp-content\/uploads\/2011y\/1000032200.jpg\",\"contentUrl\":\"https:\/\/epochtimestr.com\/wp-content\/uploads\/2011y\/1000032200.jpg\",\"width\":2000,\"height\":1234},{\"@type\":\"WebSite\",\"@id\":\"https:\/\/epochtimestr.com\/#website\",\"url\":\"https:\/\/epochtimestr.com\/\",\"name\":\"The Epoch Times TR\",\"description\":\"De\u011fi\u015fen D\u00fcnyam\u0131za Taze Bir Bak\u0131\u015f\",\"publisher\":{\"@id\":\"https:\/\/epochtimestr.com\/#organization\"},\"potentialAction\":[{\"@type\":\"SearchAction\",\"target\":{\"@type\":\"EntryPoint\",\"urlTemplate\":\"https:\/\/epochtimestr.com\/?s={search_term_string}\"},\"query-input\":\"required name=search_term_string\"}],\"inLanguage\":\"tr\"},{\"@type\":\"Organization\",\"@id\":\"https:\/\/epochtimestr.com\/#organization\",\"name\":\"The EpochTimes T\u00fcrkiye\",\"url\":\"https:\/\/epochtimestr.com\/\",\"logo\":{\"@type\":\"ImageObject\",\"inLanguage\":\"tr\",\"@id\":\"https:\/\/epochtimestr.com\/#\/schema\/logo\/image\/\",\"url\":\"https:\/\/epochtimestr.com\/wp-content\/uploads\/2011y\/ET-Logo-YG.jpg\",\"contentUrl\":\"https:\/\/epochtimestr.com\/wp-content\/uploads\/2011y\/ET-Logo-YG.jpg\",\"width\":346,\"height\":29,\"caption\":\"The EpochTimes T\u00fcrkiye\"},\"image\":{\"@id\":\"https:\/\/epochtimestr.com\/#\/schema\/logo\/image\/\"},\"sameAs\":[\"https:\/\/www.facebook.com\/theepochtimestr\",\"https:\/\/x.com\/TheEpochTimesTR\",\"https:\/\/www.instagram.com\/epochtimestr\"]},{\"@type\":\"Person\",\"@id\":\"https:\/\/epochtimestr.com\/#\/schema\/person\/5fef218711d76d8f232b0e1f1d7e4c0d\",\"name\":\"Leo Bajelan\",\"image\":{\"@type\":\"ImageObject\",\"inLanguage\":\"tr\",\"@id\":\"https:\/\/epochtimestr.com\/#\/schema\/person\/image\/\",\"url\":\"https:\/\/secure.gravatar.com\/avatar\/917669146f489549e548a2e9af272df5?s=96&d=mm&r=g\",\"contentUrl\":\"https:\/\/secure.gravatar.com\/avatar\/917669146f489549e548a2e9af272df5?s=96&d=mm&r=g\",\"caption\":\"Leo Bajelan\"},\"url\":\"https:\/\/epochtimestr.com\/index.php\/author\/leo\"}]}<\/script>\n<!-- \/ Yoast SEO plugin. -->","yoast_head_json":{"title":"\u00c7in \u00dcst D\u00fczey Ordu Yetkilileri \u00c7KP Seminerine Kat\u0131lmad\u0131 - The Epoch Times TR","description":"\u00c7in ordusundaki \u00fcst d\u00fczey isimlerin \u00c7KP seminerinde yer almamalar\u0131, siyasi gerilim ve i\u00e7 m\u00fccadele s\u00f6ylentilerini g\u00fc\u00e7lendiriyor.","robots":{"index":"index","follow":"follow","max-snippet":"max-snippet:-1","max-image-preview":"max-image-preview:large","max-video-preview":"max-video-preview:-1"},"canonical":"https:\/\/epochtimestr.com\/index.php\/cin-ust-duzey-ordu-yetkilileri-ckp-seminerine-katilmadi","og_locale":"tr_TR","og_type":"article","og_title":"\u00c7in \u00dcst D\u00fczey Ordu Yetkilileri \u00c7KP Seminerine Kat\u0131lmad\u0131 - The Epoch Times TR","og_description":"\u00c7in ordusundaki \u00fcst d\u00fczey isimlerin \u00c7KP seminerinde yer almamalar\u0131, siyasi gerilim ve i\u00e7 m\u00fccadele s\u00f6ylentilerini g\u00fc\u00e7lendiriyor.","og_url":"https:\/\/epochtimestr.com\/index.php\/cin-ust-duzey-ordu-yetkilileri-ckp-seminerine-katilmadi","og_site_name":"The Epoch Times TR","article_publisher":"https:\/\/www.facebook.com\/theepochtimestr","article_published_time":"2026-01-22T14:50:20+00:00","article_modified_time":"2026-01-22T14:50:24+00:00","og_image":[{"width":2000,"height":1234,"url":"https:\/\/epochtimestr.com\/wp-content\/uploads\/2011y\/1000032200.jpg","type":"image\/jpeg"}],"author":"Leo Bajelan","twitter_card":"summary_large_image","twitter_creator":"@TheEpochTimesTR","twitter_site":"@TheEpochTimesTR","twitter_misc":{"Yazan:":"Leo Bajelan","Tahmini okuma s\u00fcresi":"3 dakika"},"schema":{"@context":"https:\/\/schema.org","@graph":[{"@type":"Article","@id":"https:\/\/epochtimestr.com\/index.php\/cin-ust-duzey-ordu-yetkilileri-ckp-seminerine-katilmadi#article","isPartOf":{"@id":"https:\/\/epochtimestr.com\/index.php\/cin-ust-duzey-ordu-yetkilileri-ckp-seminerine-katilmadi"},"author":{"name":"Leo Bajelan","@id":"https:\/\/epochtimestr.com\/#\/schema\/person\/5fef218711d76d8f232b0e1f1d7e4c0d"},"headline":"\u00c7in \u00dcst D\u00fczey Ordu Yetkilileri \u00c7KP Seminerine Kat\u0131lmad\u0131","datePublished":"2026-01-22T14:50:20+00:00","dateModified":"2026-01-22T14:50:24+00:00","mainEntityOfPage":{"@id":"https:\/\/epochtimestr.com\/index.php\/cin-ust-duzey-ordu-yetkilileri-ckp-seminerine-katilmadi"},"wordCount":457,"commentCount":0,"publisher":{"@id":"https:\/\/epochtimestr.com\/#organization"},"image":{"@id":"https:\/\/epochtimestr.com\/index.php\/cin-ust-duzey-ordu-yetkilileri-ckp-seminerine-katilmadi#primaryimage"},"thumbnailUrl":"https:\/\/epochtimestr.com\/wp-content\/uploads\/2011y\/1000032200.jpg","keywords":["CCTV televizyonu","\u00c7in Kom\u00fcnist Parti","\u00c7in Ordusundaki \u00dcst D\u00fcze","\u00c7kp"],"articleSection":["\u00c7\u0130N","MAN\u015eET"],"inLanguage":"tr","potentialAction":[{"@type":"CommentAction","name":"Comment","target":["https:\/\/epochtimestr.com\/index.php\/cin-ust-duzey-ordu-yetkilileri-ckp-seminerine-katilmadi#respond"]}]},{"@type":"WebPage","@id":"https:\/\/epochtimestr.com\/index.php\/cin-ust-duzey-ordu-yetkilileri-ckp-seminerine-katilmadi","url":"https:\/\/epochtimestr.com\/index.php\/cin-ust-duzey-ordu-yetkilileri-ckp-seminerine-katilmadi","name":"\u00c7in \u00dcst D\u00fczey Ordu Yetkilileri \u00c7KP Seminerine Kat\u0131lmad\u0131 - The Epoch Times TR","isPartOf":{"@id":"https:\/\/epochtimestr.com\/#website"},"primaryImageOfPage":{"@id":"https:\/\/epochtimestr.com\/index.php\/cin-ust-duzey-ordu-yetkilileri-ckp-seminerine-katilmadi#primaryimage"},"image":{"@id":"https:\/\/epochtimestr.com\/index.php\/cin-ust-duzey-ordu-yetkilileri-ckp-seminerine-katilmadi#primaryimage"},"thumbnailUrl":"https:\/\/epochtimestr.com\/wp-content\/uploads\/2011y\/1000032200.jpg","datePublished":"2026-01-22T14:50:20+00:00","dateModified":"2026-01-22T14:50:24+00:00","description":"\u00c7in ordusundaki \u00fcst d\u00fczey isimlerin \u00c7KP seminerinde yer almamalar\u0131, siyasi gerilim ve i\u00e7 m\u00fccadele s\u00f6ylentilerini g\u00fc\u00e7lendiriyor.","inLanguage":"tr","potentialAction":[{"@type":"ReadAction","target":["https:\/\/epochtimestr.com\/index.php\/cin-ust-duzey-ordu-yetkilileri-ckp-seminerine-katilmadi"]}]},{"@type":"ImageObject","inLanguage":"tr","@id":"https:\/\/epochtimestr.com\/index.php\/cin-ust-duzey-ordu-yetkilileri-ckp-seminerine-katilmadi#primaryimage","url":"https:\/\/epochtimestr.com\/wp-content\/uploads\/2011y\/1000032200.jpg","contentUrl":"https:\/\/epochtimestr.com\/wp-content\/uploads\/2011y\/1000032200.jpg","width":2000,"height":1234},{"@type":"WebSite","@id":"https:\/\/epochtimestr.com\/#website","url":"https:\/\/epochtimestr.com\/","name":"The Epoch Times TR","description":"De\u011fi\u015fen D\u00fcnyam\u0131za Taze Bir Bak\u0131\u015f","publisher":{"@id":"https:\/\/epochtimestr.com\/#organization"},"potentialAction":[{"@type":"SearchAction","target":{"@type":"EntryPoint","urlTemplate":"https:\/\/epochtimestr.com\/?s={search_term_string}"},"query-input":"required name=search_term_string"}],"inLanguage":"tr"},{"@type":"Organization","@id":"https:\/\/epochtimestr.com\/#organization","name":"The EpochTimes T\u00fcrkiye","url":"https:\/\/epochtimestr.com\/","logo":{"@type":"ImageObject","inLanguage":"tr","@id":"https:\/\/epochtimestr.com\/#\/schema\/logo\/image\/","url":"https:\/\/epochtimestr.com\/wp-content\/uploads\/2011y\/ET-Logo-YG.jpg","contentUrl":"https:\/\/epochtimestr.com\/wp-content\/uploads\/2011y\/ET-Logo-YG.jpg","width":346,"height":29,"caption":"The EpochTimes T\u00fcrkiye"},"image":{"@id":"https:\/\/epochtimestr.com\/#\/schema\/logo\/image\/"},"sameAs":["https:\/\/www.facebook.com\/theepochtimestr","https:\/\/x.com\/TheEpochTimesTR","https:\/\/www.instagram.com\/epochtimestr"]},{"@type":"Person","@id":"https:\/\/epochtimestr.com\/#\/schema\/person\/5fef218711d76d8f232b0e1f1d7e4c0d","name":"Leo Bajelan","image":{"@type":"ImageObject","inLanguage":"tr","@id":"https:\/\/epochtimestr.com\/#\/schema\/person\/image\/","url":"https:\/\/secure.gravatar.com\/avatar\/917669146f489549e548a2e9af272df5?s=96&d=mm&r=g","contentUrl":"https:\/\/secure.gravatar.com\/avatar\/917669146f489549e548a2e9af272df5?s=96&d=mm&r=g","caption":"Leo Bajelan"},"url":"https:\/\/epochtimestr.com\/index.php\/author\/leo"}]}},"_links":{"self":[{"href":"https:\/\/epochtimestr.com\/index.php\/wp-json\/wp\/v2\/posts\/165252"}],"collection":[{"href":"https:\/\/epochtimestr.com\/index.php\/wp-json\/wp\/v2\/posts"}],"about":[{"href":"https:\/\/epochtimestr.com\/index.php\/wp-json\/wp\/v2\/types\/post"}],"author":[{"embeddable":true,"href":"https:\/\/epochtimestr.com\/index.php\/wp-json\/wp\/v2\/users\/13996"}],"replies":[{"embeddable":true,"href":"https:\/\/epochtimestr.com\/index.php\/wp-json\/wp\/v2\/comments?post=165252"}],"version-history":[{"count":2,"href":"https:\/\/epochtimestr.com\/index.php\/wp-json\/wp\/v2\/posts\/165252\/revisions"}],"predecessor-version":[{"id":165269,"href":"https:\/\/epochtimestr.com\/index.php\/wp-json\/wp\/v2\/posts\/165252\/revisions\/165269"}],"wp:featuredmedia":[{"embeddable":true,"href":"https:\/\/epochtimestr.com\/index.php\/wp-json\/wp\/v2\/media\/165254"}],"wp:attachment":[{"href":"https:\/\/epochtimestr.com\/index.php\/wp-json\/wp\/v2\/media?parent=165252"}],"wp:term":[{"taxonomy":"category","embeddable":true,"href":"https:\/\/epochtimestr.com\/index.php\/wp-json\/wp\/v2\/categories?post=165252"},{"taxonomy":"post_tag","embeddable":true,"href":"https:\/\/epochtimestr.com\/index.php\/wp-json\/wp\/v2\/tags?post=165252"}],"curies":[{"name":"wp","href":"https:\/\/api.w.org\/{rel}","templated":true}]}}