{"id":165429,"date":"2026-02-01T14:44:32","date_gmt":"2026-02-01T11:44:32","guid":{"rendered":"https:\/\/epochtimestr.com\/?p=165429"},"modified":"2026-02-01T15:47:48","modified_gmt":"2026-02-01T12:47:48","slug":"iran-icin-ozgurluk-ve-bagimsizlik","status":"publish","type":"post","link":"https:\/\/epochtimestr.com\/index.php\/iran-icin-ozgurluk-ve-bagimsizlik","title":{"rendered":"\u0130ran \u0130\u00e7in \u00d6zg\u00fcrl\u00fck ve Ba\u011f\u0131ms\u0131zl\u0131k"},"content":{"rendered":"\n<p>\u0130ran, velayet-i fakih (\u201c\u0130slam Hukuk\u00e7usunun Vesayeti\u201d) merkezli bir siyasi sistemle y\u00f6netilen, otoriter bir teokratik cumhuriyettir. Kararlar\u0131 sorgulanmayan lider, y\u00fcr\u00fctme, yarg\u0131 ve ordu \u00fczerinde nihai yetkiye sahiptir ve bu \u00e7er\u00e7eve alt\u0131nda siyasi \u00e7o\u011fulculuk son derece s\u0131n\u0131rl\u0131d\u0131r.<\/p>\n\n\n\n<p>\u0130ran\u2019\u0131n \u00e7ok bask\u0131c\u0131 bir h\u00fck\u00fcmeti vard\u0131r. Bunun gerek\u00e7elerini \u015fu \u015fekilde s\u0131ralayabiliriz:<\/p>\n\n\n\n<p>1. Sivil ve Siyasi Haklara Y\u00f6nelik Ciddi K\u0131s\u0131tlamalar: \u0130fade, bas\u0131n-yay\u0131n, dernek kurma ve toplanma \u00f6zg\u00fcrl\u00fckleri s\u0131k\u0131 bir \u015fekilde kontrol edilmektedir. Muhalifler, gazeteciler, aktivistler ve hatta s\u0131radan vatanda\u015flar, ele\u015ftirel g\u00f6r\u00fc\u015flerini dile getirdikleri i\u00e7in g\u00f6zalt\u0131na al\u0131nabilmektedir. \u0130nternet eri\u015fimi yo\u011fun bir \u015fekilde sans\u00fcrlenmekte, b\u00fcy\u00fck k\u00fcresel platformlar engellenmekte ve muhalefeti bast\u0131rmak i\u00e7in internet trafi\u011fi izlenmektedir.<\/p>\n\n\n\n<p>2. Protestolara Y\u00f6nelik Sistematik Bask\u0131lar: H\u00fck\u00fcmet kar\u015f\u0131t\u0131 protestolar\u0131n (\u00f6rne\u011fin, \u201cKad\u0131n, Ya\u015fam, \u00d6zg\u00fcrl\u00fck\u201d hareketi) yay\u0131lmas\u0131, g\u00f6stericilere kar\u015f\u0131 g\u00fc\u00e7 kullan\u0131m\u0131na, tutuklamalara ve devlet \u015fiddeti de d\u00e2hil olmak \u00fczere b\u00fcy\u00fck \u00f6l\u00e7ekli bask\u0131lara yol a\u00e7m\u0131\u015ft\u0131r. Son raporlar, 2025 sonu ile 2026 ba\u015f\u0131ndaki bask\u0131n\u0131n binlerce ki\u015finin \u00f6l\u00fcm\u00fcne yol a\u00e7m\u0131\u015f olabilece\u011fini ve ba\u011f\u0131ms\u0131z tahminlerin resmi rakamlar\u0131 \u00e7ok a\u015ft\u0131\u011f\u0131n\u0131 g\u00f6stermektedir.<\/p>\n\n\n\n<p>3. Keyfi Tutuklamalar, \u0130\u015fkence ve \u0130damlar: Siyasi tutuklular keyfi \u015fekilde g\u00f6zalt\u0131na al\u0131nmakta, adil olmayan yarg\u0131lamalara, i\u015fkence ve k\u00f6t\u00fc muameleye maruz kalmaktad\u0131r. \u0130dam, siyasi davalarda veya protestolara kat\u0131l\u0131m da d\u00e2hil bir\u00e7ok su\u00e7ta, yayg\u0131n olarak uygulanan bir ceza olmaya devam etmektedir.<\/p>\n\n\n\n<p>4. Kad\u0131nlara ve Az\u0131nl\u0131klara Kar\u015f\u0131 Ayr\u0131mc\u0131l\u0131k: H\u00fck\u00fcmetin zorunlu (ba\u015f\u00f6rt\u00fcs\u00fc yasalar\u0131 gibi) k\u0131yafet kurallar\u0131 ve di\u011fer k\u0131s\u0131tlamalar\u0131, kad\u0131nlar\u0131 ve k\u0131z \u00e7ocuklar\u0131n\u0131 orant\u0131s\u0131z bir \u015fekilde etkilemektedir. Dini az\u0131nl\u0131klar (\u00f6rne\u011fin Bahailer) ve etnik gruplar, sistematik ayr\u0131mc\u0131l\u0131\u011fa u\u011framakta ve temel haklardan mahrum b\u0131rak\u0131lmaktad\u0131r.<\/p>\n\n\n\n<p>Uluslararas\u0131 insan haklar\u0131 s\u00f6yleminde, \u0130ran h\u00fck\u00fcmeti genellikle bask\u0131c\u0131 olarak nitelendirilmektedir. Bunun nedeni temel \u00f6zg\u00fcrl\u00fcklerin sistematik olarak k\u0131s\u0131tlanmas\u0131, protestoculara kar\u015f\u0131 \u015fiddetli bask\u0131lar ve \u00f6l\u00fcmc\u00fcl g\u00fc\u00e7 kullan\u0131m\u0131d\u0131r. Bunlar\u0131n yan\u0131 s\u0131ra, keyfi tutuklamalar, adil olmayan yarg\u0131lamalar ve infazlar, kad\u0131nlara, az\u0131nl\u0131klara ve aktivistlere y\u00f6nelik ayr\u0131mc\u0131l\u0131k, sistematik hedef alma, a\u011f\u0131r sans\u00fcr ve g\u00f6zetim de uygulanmaktad\u0131r. Bu nitelendirme, yaln\u0131zca siyasi s\u00f6ylemden ibaret olmay\u0131p, \u00e7ok say\u0131da insan haklar\u0131 \u00f6rg\u00fct\u00fcn\u00fcn, BM organ\u0131n\u0131n ve ba\u011f\u0131ms\u0131z soru\u015fturman\u0131n de\u011ferlendirmelerini yans\u0131tmaktad\u0131r.<\/p>\n\n\n\n<p>\u0130ran\u2019daki ba\u015fl\u0131ca protestolar ve devlet bask\u0131lar\u0131 a\u015fa\u011f\u0131da s\u0131ralanm\u0131\u015ft\u0131r:<\/p>\n\n\n\n<p>2009, Ye\u015fil Hareket: Mahmud Ahmedinejad\u2019\u0131n yeniden se\u00e7ilmesindeki sahtek\u00e2rl\u0131k iddialar\u0131yla ba\u015flad\u0131. Protestolara \u00fclke \u00e7ap\u0131nda milyonlarca ki\u015fi kat\u0131ld\u0131. H\u00fck\u00fcmetin tepkisi: Toplu tutuklamalar, \u00f6l\u00fcmc\u00fcl g\u00fc\u00e7 kullan\u0131m\u0131, g\u00f6stermelik yarg\u0131lamalar. Sonu\u00e7: Hareket bast\u0131r\u0131ld\u0131; reformcu liderler uzun s\u00fcreli ev hapsine al\u0131nd\u0131.<\/p>\n\n\n\n<p>2017\u20132018, Ekonomik Protestolar: Enflasyon, i\u015fsizlik ve yolsuzluk nedeniyle ba\u015flad\u0131. K\u00fc\u00e7\u00fck \u015fehirlere h\u0131zla yay\u0131ld\u0131. H\u00fck\u00fcmetin Tepkisi: Tutuklamalar, sans\u00fcr, y\u0131ld\u0131rma. \u00d6nemi: Reformcu sloganlardan a\u00e7\u0131k\u00e7a rejim kar\u015f\u0131t\u0131 sloganlara do\u011fru belirgin bir ge\u00e7i\u015f oldu.<\/p>\n\n\n\n<p>2019, Petrol Fiyat\u0131 \u0130syan\u0131: Yak\u0131t fiyatlar\u0131na bir gecede yap\u0131lan ve y\u00fczde 300\u2019e varan zamlar bu isyan\u0131 tetikledi. H\u00fck\u00fcmetin Tepkisi: \u0130nternet \u00fclke \u00e7ap\u0131nda kapat\u0131ld\u0131 ve g\u00fcvenlik g\u00fc\u00e7leri ger\u00e7ek mermi kulland\u0131. \u00d6l\u00fc say\u0131s\u0131 y\u00fczlerle ya da 1000\u2019in \u00fczerinde olarak tahmin ediliyor. \u0130ran h\u00fck\u00fcmetinin 1979\u2019dan bu yana ger\u00e7ekle\u015ftirdi\u011fi en kanl\u0131 bask\u0131lardan biriydi.<\/p>\n\n\n\n<p>2022, \u201cKad\u0131n, Ya\u015fam, \u00d6zg\u00fcrl\u00fck\u201d Hareketi: Mahsa Amini\u2019nin polisin g\u00f6z\u00fcnde ahlak kurallar\u0131na uymad\u0131\u011f\u0131 gerek\u00e7esiyle \u00f6ld\u00fcr\u00fclmesi ile ba\u015flad\u0131. Hareket b\u00fcy\u00fck \u00f6l\u00e7\u00fcde kad\u0131nlar ve gen\u00e7ler taraf\u0131ndan y\u00f6netildi. H\u00fck\u00fcmetin Tepkisi: Ger\u00e7ek mermiyle ate\u015f a\u00e7ma, toplu tutuklamalar ve h\u0131zland\u0131r\u0131lm\u0131\u015f infazlar. Bu, rejim i\u00e7in derin bir me\u015fruiyet krizine neden oldu; protestolar aylarca s\u00fcrd\u00fc.<\/p>\n\n\n\n<p>2023\u20132024, Devam Eden Direni\u015f: Kad\u0131nlar\u0131n zorunlu ba\u015f\u00f6rt\u00fcs\u00fcn\u00fc reddetmesi ve i\u015f\u00e7i grevleri, \u00f6\u011frenci protestolar\u0131. H\u00fck\u00fcmetin tepkisi: G\u00f6zetimin geni\u015fletilmesi, y\u00fcz tan\u0131ma, daha uzun hapis cezalar\u0131.<\/p>\n\n\n\n<p>2025\u20132026, Yeniden Artan Bask\u0131lar: Ekonomik \u00e7\u00f6k\u00fc\u015f ve b\u00f6lgesel \u00e7at\u0131\u015fmalar kar\u015f\u0131s\u0131nda h\u00fck\u00fcmet bask\u0131lar\u0131 bu hareketi tetikledi. H\u00fck\u00fcmetin Tepkisi: \u00d6nleyici tutuklamalar ve gizli infazlar ile toplu g\u00f6zalt\u0131lar rapor edildi. Toplanmalar b\u00fcy\u00fcmeden \u00f6nce protestolar\u0131 bast\u0131rd\u0131lar.<\/p>\n\n\n\n<p>15 y\u0131l\u0131 a\u015fk\u0131n bir s\u00fcredir \u0130ran tutarl\u0131 bir model sergiliyor: Protestolar \u2192 \u015fiddetli bask\u0131 \u2192 tutuklamalar \/ idamlar \u2192 uluslararas\u0131 k\u0131nama \u2192 hi\u00e7bir yap\u0131sal reform olmuyor.<\/p>\n\n\n\n<p>Bask\u0131n\u0131n \u015fiddeti artarken, \u00f6zellikle 2022\u2019den bu yana muhalif g\u00f6r\u00fc\u015flere kar\u015f\u0131 ho\u015fg\u00f6r\u00fc tamamen ortadan kalkt\u0131.<\/p>\n\n\n\n<p>A\u015fa\u011f\u0131da \u0130ran\u2019\u0131n d\u0131\u015f politikas\u0131 ve askeri duru\u015funun, <em>kom\u015fular\u0131na ve daha geni\u015f b\u00f6lgeye kar\u015f\u0131 sald\u0131rgan<\/em> olarak nas\u0131l alg\u0131land\u0131\u011f\u0131na dair ger\u00e7ek\u00e7i bir genel bak\u0131\u015f sunulmu\u015ftur. Bu alg\u0131, hem do\u011frudan eylemleri hem de dolayl\u0131 etkileri i\u00e7ermektedir:<\/p>\n\n\n\n<h3 class=\"wp-block-heading\">Do\u011frudan Askeri Duru\u015f ve Kom\u015fulara Y\u00f6nelik Tehditler:<\/h3>\n\n\n\n<p>Kom\u015fu \u00dclkelere Askeri Uyar\u0131lar: \u0130ranl\u0131 komutanlar, kom\u015fu \u00fclkelerin topraklar\u0131, hava sahalar\u0131 veya sular\u0131 herhangi bir \u00e7at\u0131\u015fmada \u0130ran\u2019a kar\u015f\u0131 kullan\u0131l\u0131rsa, <em>bu \u00fclkelerin<\/em> <em>\u201cd\u00fc\u015fman\u201d olarak kabul edilece\u011fini kamuoyuna a\u00e7\u0131k\u00e7a duyurdular<\/em>. Bu tutum, belirli ko\u015fullar alt\u0131nda \u00e7at\u0131\u015fmay\u0131 s\u0131n\u0131rlar\u0131n\u0131n \u00f6tesine geni\u015fletme iste\u011fini i\u015faret ediyor.<\/p>\n\n\n\n<p>Balistik ve \u0130HA Yetenekleri: \u0130ran\u2019\u0131n balistik f\u00fcze program\u0131, Orta Do\u011fu\u2019nun en b\u00fcy\u00fck programlar\u0131ndan biri olmaya devam ediyor. Tahran bunu d\u0131\u015f tehditlere kar\u015f\u0131 bir cayd\u0131r\u0131c\u0131l\u0131k olarak nitelendiriyor. Ancak f\u00fczelerinin b\u00fcy\u00fckl\u00fc\u011f\u00fc ve menzili -ve insans\u0131z hava ara\u00e7lar\u0131yla entegrasyonu-, <em>sald\u0131rgan veya istikrars\u0131zla\u015ft\u0131r\u0131c\u0131 eylemlerde kullan\u0131lma olas\u0131l\u0131\u011f\u0131 nedeniyle, kom\u015fu \u00fclkeler ve k\u00fcresel g\u00fc\u00e7ler aras\u0131nda g\u00fcvenlik endi\u015feleri yarat\u0131yor.<\/em><\/p>\n\n\n\n<p>Arac\u0131 A\u011flar ve Etki Operasyonlar\u0131: \u0130ran, yaln\u0131zca geleneksel silahl\u0131 kuvvetleri arac\u0131l\u0131\u011f\u0131yla hareket etmemektedir. B\u00f6lgedeki iddial\u0131 tavr\u0131n\u0131n b\u00fcy\u00fck bir k\u0131sm\u0131, m\u00fcttefik devlet d\u0131\u015f\u0131 akt\u00f6rlere verdi\u011fi destekten kaynaklanmaktad\u0131r:<\/p>\n\n\n\n<p>L\u00fcbnan\u2019daki Hizbullah: Hizbullah, Tahran ile derin ba\u011flara sahiptir ve Levant b\u00f6lgesinde \u0130ran\u2019\u0131n \u00f6nemli bir vekili olarak faaliyet g\u00f6stermektedir. \u0130ran, Hizbullah\u2019a <em>para, silah, e\u011fitim ve siyasi destek<\/em> sa\u011flayarak, Hizbullah\u2019\u0131n \u0130srail\u2019e kar\u015f\u0131 g\u00fc\u00e7 g\u00f6sterisi yapmas\u0131n\u0131 ve L\u00fcbnan siyasetini etkilemesini m\u00fcmk\u00fcn k\u0131lmaktad\u0131r. Bu, uzun s\u00fcredir devam eden, arac\u0131l\u0131 \u0130ran-\u0130srail sava\u015f\u0131n\u0131n temel unsurlar\u0131ndan biridir.<\/p>\n\n\n\n<p>Yemen\u2019deki Husiler: \u0130ran, Yemen\u2019deki Husi hareketine silah, e\u011fitim ve lojistik destek sa\u011flam\u0131\u015ft\u0131r. B\u00f6ylece Husilerin, <em>Suudi Arabistan\u2019\u0131 tehdit etme ve Bab el-Mandeb Bo\u011faz\u0131\u2019ndan ge\u00e7en deniz trafi\u011fini aksatma<\/em> kapasitesini geli\u015ftirmesine yard\u0131mc\u0131 olmu\u015ftur. Baz\u0131 analistler, zaman zaman Husi liderli\u011finin ba\u011f\u0131ms\u0131z oldu\u011funu savunmas\u0131na ra\u011fmen, Husileri b\u00f6lgesel anla\u015fmazl\u0131klarda \u0130ran\u2019\u0131n \u00f6nemli orta\u011f\u0131 olarak g\u00f6rmektedir.<\/p>\n\n\n\n<p>Irak ve Suriye\u2019deki \u015eii Milisler: Irak ve Suriye\u2019deki \u0130ran yanl\u0131s\u0131 milisler, de\u011fi\u015fen derecelerde \u00f6zerklik i\u00e7inde hareket etmi\u015flerdir. Ancak Tahran, b\u00f6lgedeki etkisini s\u00fcrd\u00fcrmedir. Ayn\u0131 zamanda ABD veya m\u00fcttefik g\u00fc\u00e7lerine meydan okuma \u00e7abalar\u0131n\u0131n bir par\u00e7as\u0131 olarak, bu gruplar\u0131 <em>desteklemekte, silahland\u0131rmakta ve bazen de y\u00f6nlendirmektedir.<\/em><\/p>\n\n\n\n<h3 class=\"wp-block-heading\">Vekalet Sava\u015flar\u0131 ve B\u00f6lgesel Gerilimler:<\/h3>\n\n\n\n<p>\u0130ran-\u0130srail Vekalet Sava\u015f\u0131: \u0130ran ve \u0130srail, \u0130ran\u2019\u0131n Hizbullah ve Hamas gibi Filistinli gruplara verdi\u011fi destek ve \u0130srail\u2019in \u0130ran m\u00fcttefiklerini ve altyap\u0131s\u0131n\u0131 hedef alan hava sald\u0131r\u0131lar\u0131yla karakterize edilen, s\u00fcregelen bir vekalet sava\u015f\u0131 i\u00e7indedir. Sava\u015f, 2024-2025 y\u0131llar\u0131nda daha geni\u015f \u00e7apl\u0131 \u00e7at\u0131\u015fmalara d\u00f6n\u00fc\u015ferek, f\u00fczeler ve insans\u0131z hava ara\u00e7lar\u0131n\u0131n kullan\u0131ld\u0131\u011f\u0131 do\u011frudan sald\u0131r\u0131lara yol a\u00e7m\u0131\u015ft\u0131r.<\/p>\n\n\n\n<p>K\u00f6rfez \u00dclkeleri \u00dczerindeki Etki: \u0130ran\u2019\u0131n ittifaklar\u0131 ve s\u00f6ylemleri K\u00f6rfez monar\u015fileriyle ili\u015fkilerin zaman zaman gerilmesine neden olmu\u015ftur. Baz\u0131 K\u00f6rfez \u00fclkeleri, b\u00f6lgeyi istikrara kavu\u015fturmak i\u00e7in Tahran\u2019la gerginli\u011fi azaltmaya \u00e7al\u0131\u015fsa da, \u0130ran\u2019\u0131n stratejik niyetleri ve g\u00fcvenlik politikalar\u0131 konusunda derin \u015f\u00fcpheler devam etmektedir.<\/p>\n\n\n\n<h3 class=\"wp-block-heading\">Tahran Neden Bu Politikalar\u0131 \u0130zliyor?<\/h3>\n\n\n\n<p>Bir\u00e7ok analist \u0130ran\u2019\u0131n iddial\u0131 duru\u015funun ard\u0131nda, tarih\u00ee g\u00fcvensizlik, ideolojik hedefler, jeopolitik rekabet ve stratejik cayd\u0131r\u0131c\u0131l\u0131k gibi fakt\u00f6rlerin birle\u015fimi oldu\u011funu i\u015faret ediyor:<\/p>\n\n\n\n<p>\u2022 Tarih\u00ee D\u00fc\u015fmanl\u0131k: 1980-1988 \u0130ran-Irak Sava\u015f\u0131 ve devrim sonras\u0131 erken d\u00f6nemdeki izolasyon, \u0130ran\u2019\u0131n <em>g\u00fc\u00e7l\u00fc cayd\u0131r\u0131c\u0131l\u0131\u011f\u0131n\u0131n ve m\u00fcttefik a\u011flar\u0131n\u0131n, varl\u0131\u011f\u0131n\u0131 s\u00fcrd\u00fcrmek i\u00e7in hayati \u00f6nem ta\u015f\u0131d\u0131\u011f\u0131<\/em> g\u00f6r\u00fc\u015f\u00fcn\u00fc \u015fekillendirdi.<\/p>\n\n\n\n<p>\u2022 G\u00fcvenlik \u0130kilemi: \u0130ran, kendisini ABD\u2019nin askeri g\u00fcc\u00fc ve \u0130srail ile Suudi Arabistan gibi rakiplerinin tehdidi alt\u0131nda g\u00f6rmektedir. Bu nedenle \u0130ran\u2019\u0131n tepkileri genellikle, savunma i\u00e7in gerekli olan tepkilerle s\u0131n\u0131rl\u0131 kalmaktad\u0131r.<\/p>\n\n\n\n<p>\u2022 \u0130deolojik \u0130hracat: \u0130ran i\u00e7indeki baz\u0131 unsurlar, \u201cdireni\u015f\u201d olarak adland\u0131rd\u0131klar\u0131 hareketlere verilen deste\u011fi, hem ideolojik bir ba\u011fl\u0131l\u0131k hem de n\u00fcfuzlar\u0131n\u0131 geni\u015fletmenin bir yolu olarak g\u00f6r\u00fcyorlar.<\/p>\n\n\n\n<p>\u0130ran\u2019\u0131n kom\u015fular\u0131na y\u00f6nelik d\u0131\u015f politikas\u0131 \u015fu fakt\u00f6rlerden olu\u015fmaktad\u0131r: G\u00fc\u00e7l\u00fc cayd\u0131r\u0131c\u0131 s\u00f6ylemler ve f\u00fcze stoku. Kom\u015fu devletlerde etki sahibi olan veya bu devletlerle sava\u015fan vekil gruplara kapsaml\u0131 destek. S\u0131n\u0131rlar\u0131n \u00f6tesine s\u0131\u00e7rayan (\u00f6zellikle \u0130srail ile) arac\u0131l\u0131 \u00e7at\u0131\u015fmalar. Ve di\u011fer devletlerin de \u00e7at\u0131\u015fmaya d\u00e2hil olmas\u0131 halinde \u00e7at\u0131\u015fmalar\u0131 geni\u015fletebilecek b\u00f6lgesel uyar\u0131 mesajlar\u0131.<\/p>\n\n\n\n<p>Bu politikalar, \u0130ran liderli\u011fi taraf\u0131ndan b\u00f6lgesel duru\u015f ve gerekli savunma olarak nitelendirilse bile, yabanc\u0131 h\u00fck\u00fcmetler ve g\u00fcvenlik analistleri taraf\u0131ndan genellikle <em>iddial\u0131 veya sald\u0131rgan<\/em> olarak tan\u0131mlanmaktad\u0131r.<\/p>\n\n\n\n<p>Bir\u00e7ok insan haklar\u0131 savunucusu, uluslararas\u0131 kurum ve \u0130ran vatanda\u015flar\u0131, \u0130ran\u2019a \u00f6zg\u00fcrl\u00fck ve h\u00fcrriyet getirilmesini, ahlaki, hukuki, sosyal ve jeopolitik nedenlerle hayati \u00f6nem ta\u015f\u0131yan bir konu olarak g\u00f6r\u00fcyor.<\/p>\n\n\n\n<p>Tart\u0131\u015fman\u0131n \u00f6z\u00fcnde, \u00f6zg\u00fcrl\u00fck ve h\u00fcrriyetin evrensel insan haklar\u0131 oldu\u011fu -h\u00fck\u00fcmetler taraf\u0131ndan verilen ayr\u0131cal\u0131klar olmad\u0131\u011f\u0131- ve \u0130ranl\u0131lar\u0131n da di\u011fer \u00fclkelerdeki insanlar gibi bu haklara sahip oldu\u011fu ger\u00e7e\u011fi yatmaktad\u0131r. \u0130nsan Haklar\u0131 Evrensel Beyannamesi, ifade \u00f6zg\u00fcrl\u00fc\u011f\u00fc, inan\u00e7 \u00f6zg\u00fcrl\u00fc\u011f\u00fc ve bar\u0131\u015f\u00e7\u0131l toplanma \u00f6zg\u00fcrl\u00fc\u011f\u00fc gibi haklar\u0131 her insan\u0131n do\u011fu\u015ftan sahip oldu\u011fu haklar olarak tan\u0131maktad\u0131r. G\u00fcn\u00fcm\u00fcz \u0130ran\u2019\u0131nda ifade \u00f6zg\u00fcrl\u00fc\u011f\u00fc, toplanma \u00f6zg\u00fcrl\u00fc\u011f\u00fc, bas\u0131n \u00f6zg\u00fcrl\u00fc\u011f\u00fc, din \u00f6zg\u00fcrl\u00fc\u011f\u00fc ve cinsiyet e\u015fitli\u011fi b\u00fcy\u00fck \u00f6l\u00e7\u00fcde k\u0131s\u0131tlanmaktad\u0131r. Bunun yan\u0131 s\u0131ra bir\u00e7ok gazeteci ve aktivist, sadece fikirlerini a\u00e7\u0131klad\u0131klar\u0131 i\u00e7in tutuklanmakta veya hapse at\u0131lmaktad\u0131r. \u0130nsan onurunun ve kendi kaderini tayin etme hakk\u0131n\u0131n temel unsurlar\u0131 olan bu haklar olmadan vatanda\u015flar, kendi \u00e7\u0131karlar\u0131n\u0131 savunamaz, suistimallere kar\u015f\u0131 \u00e7\u0131kamaz veya kendi toplumlar\u0131n\u0131n \u015fekillenmesine anlaml\u0131 bir \u015fekilde kat\u0131lamazlar.<\/p>\n\n\n\n<p>\u0130ranl\u0131lar, daha fazla \u00f6zg\u00fcrl\u00fck ve yap\u0131sal de\u011fi\u015fim i\u00e7in yayg\u0131n bir istek ta\u015f\u0131d\u0131klar\u0131n\u0131 defalarca ortaya koymu\u015flard\u0131r. Son anketler, \u00e7o\u011funlu\u011fun tercih \u015fans\u0131 verildi\u011finde rejim de\u011fi\u015fikli\u011fini veya \u00f6nemli siyasi reformu se\u00e7ece\u011fini g\u00f6stermektedir. \u201cKad\u0131n, Ya\u015fam, \u00d6zg\u00fcrl\u00fck\u201d hareketi gibi hareketler, \u00f6zellikle kad\u0131n haklar\u0131 ve e\u015fitlik konusunda sosyal ve siyasi \u00f6zg\u00fcrl\u00fckler i\u00e7in halk\u0131n s\u00fcrekli talebini g\u00f6stermektedir. Ger\u00e7ek \u00f6zg\u00fcrl\u00fck sadece yabanc\u0131 bir fikir de\u011fil, nesiller boyunca \u0130ranl\u0131lar aras\u0131nda derinden k\u00f6k salm\u0131\u015f bir \u00f6zlemdir; uzun vadeli istikrar ve adalet i\u00e7in bir \u00f6n ko\u015fuldur.<\/p>\n\n\n\n<p>\u0130ran\u2019\u0131n imzalad\u0131\u011f\u0131 antla\u015fmalar da d\u00e2hil olmak \u00fczere uluslararas\u0131 hukuka g\u00f6re \u00fclkeler, d\u00fc\u015f\u00fcnce, din, hareket ve bar\u0131\u015f\u00e7\u0131l protesto \u00f6zg\u00fcrl\u00fc\u011f\u00fc gibi temel haklar\u0131 korumakla y\u00fck\u00fcml\u00fcd\u00fcr. Se\u00e7ilmemi\u015f organlar taraf\u0131ndan <em>se\u00e7imlerin<\/em> <em>s\u0131k\u0131 bir \u015fekilde kontrol edildi\u011fi<\/em> ve bir\u00e7ok siyasi sesin d\u0131\u015fland\u0131\u011f\u0131 \u0130ran\u2019\u0131n mevcut sistemi, demokratik standartlar\u0131 kar\u015f\u0131lamamaktad\u0131r. Bu normlara sayg\u0131 g\u00f6stermek, sorumlu \u00fclkeler i\u00e7in iste\u011fe ba\u011fl\u0131 de\u011fildir; bar\u0131\u015f\u00e7\u0131l k\u00fcresel etkile\u015fim, i\u015f birli\u011fi ve kar\u015f\u0131l\u0131kl\u0131 sayg\u0131n\u0131n in\u015fa edilmesinin bir par\u00e7as\u0131d\u0131r.<\/p>\n\n\n\n<p>\u00d6zg\u00fcrl\u00fck, \u00f6zellikle ifade, toplanma ve d\u00fc\u015f\u00fcnce \u00f6zg\u00fcrl\u00fc\u011f\u00fc, yenilik\u00e7ilik, bilimsel ilerleme ve ekonomik kalk\u0131nmayla yak\u0131ndan ba\u011flant\u0131l\u0131d\u0131r. \u0130ran\u2019daki siyasi ve e\u011fitimle ilgili k\u0131s\u0131tlamalar \u00fczerine yap\u0131lan ara\u015ft\u0131rmalar, uzun s\u00fcreli otoriter y\u00f6netimin, b\u00f6lgesel ve k\u00fcresel emsallerine k\u0131yasla bilimsel i\u015fbirli\u011fini ve kurumsal b\u00fcy\u00fcmeyi yava\u015flatt\u0131\u011f\u0131n\u0131 g\u00f6stermektedir. Daha \u00f6zg\u00fcr bir toplum, genellikle daha fazla yarat\u0131c\u0131l\u0131\u011f\u0131n, yat\u0131r\u0131m\u0131n ve insan potansiyelinin geli\u015fmesine olanak tan\u0131r; bu da sadece bireylere de\u011fil, \u00fclkenin tamam\u0131na fayda sa\u011flar.<\/p>\n\n\n\n<p>\u0130nsanlar\u0131n sivil \u00f6zg\u00fcrl\u00fcklerden ve siyasi \u00f6zg\u00fcrl\u00fckten yararland\u0131\u011f\u0131 bir \u0130ran, sald\u0131rgan b\u00f6lgesel politikalara ve arac\u0131l\u0131 sava\u015flara daha az e\u011filimli olacakt\u0131r. \u0130zole edilmi\u015f elit kesimin \u00e7\u0131karlar\u0131 yerine vatanda\u015flar\u0131na duyarl\u0131, halk\u0131n \u00e7\u0131karlar\u0131n\u0131 g\u00f6zeten bir h\u00fck\u00fcmet, kom\u015fular\u0131yla daha istikrarl\u0131 ili\u015fkiler kurarak Orta Do\u011fu\u2019daki \u00e7at\u0131\u015fma nedenlerini azaltabilir. \u0130\u00e7 \u00f6zg\u00fcrl\u00fckler sadece \u0130ran i\u00e7indeki ya\u015fam\u0131 iyile\u015ftirmekle kalmaz, ayn\u0131 zamanda b\u00f6lgesel g\u00fcvenlik ve i\u015f birli\u011fine de katk\u0131da bulunabilir.<\/p>\n\n\n\n<p>\u0130nsan haklar\u0131 savunucular\u0131 i\u00e7in \u00f6zg\u00fcrl\u00fc\u011f\u00fc te\u015fvik etmek sadece stratejik bir ama\u00e7 de\u011fil, ayn\u0131 zamanda ahlaki bir g\u00f6revdir. D\u00fcnyan\u0131n her yerindeki insanlar \u00f6zerkli\u011fe, onura ve kendi topluluklar\u0131n\u0131 \u015fekillendirme yetene\u011fine sahip olmay\u0131 hak ediyor. \u0130ran\u2019da \u00f6zg\u00fcrl\u00fc\u011f\u00fc desteklemek, adalet, e\u015fitlik ve her bireyin do\u011fu\u015ftan sahip oldu\u011fu de\u011ferine sayg\u0131 i\u00e7in y\u00fcr\u00fct\u00fclen, daha geni\u015f k\u00fcresel hareketlerle uyumludur.<\/p>\n","protected":false},"excerpt":{"rendered":"<p>\u0130ran, velayet-i fakih (\u201c\u0130slam Hukuk\u00e7usunun Vesayeti\u201d) merkezli bir siyasi sistemle y\u00f6netilen, otoriter bir teokratik cumhuriyettir. Kararlar\u0131 sorgulanmayan lider, y\u00fcr\u00fctme, yarg\u0131 ve ordu \u00fczerinde nihai yetkiye sahiptir ve bu \u00e7er\u00e7eve alt\u0131nda siyasi \u00e7o\u011fulculuk son derece s\u0131n\u0131rl\u0131d\u0131r. \u0130ran\u2019\u0131n \u00e7ok bask\u0131c\u0131 bir h\u00fck\u00fcmeti vard\u0131r. Bunun gerek\u00e7elerini \u015fu \u015fekilde s\u0131ralayabiliriz: 1. Sivil ve Siyasi Haklara Y\u00f6nelik Ciddi K\u0131s\u0131tlamalar: \u0130fade, [&hellip;]<\/p>\n","protected":false},"author":14007,"featured_media":157889,"comment_status":"open","ping_status":"open","sticky":false,"template":"","format":"standard","meta":{"_yoast_wpseo_focuskw":"\u0130ran - \u00d6zg\u00fcrl\u00fck","_yoast_wpseo_title":"","_yoast_wpseo_metadesc":"Bir\u00e7ok insan haklar\u0131 savunucusu ve \u0130ran vatanda\u015flar\u0131, \u0130ran\u2019da \u00f6zg\u00fcrl\u00fck ve h\u00fcrriyeti, hayati \u00f6nem ta\u015f\u0131yan bir konu olarak g\u00f6r\u00fcyor.","_bbp_topic_count":0,"_bbp_reply_count":0,"_bbp_total_topic_count":0,"_bbp_total_reply_count":0,"_bbp_voice_count":0,"_bbp_anonymous_reply_count":0,"_bbp_topic_count_hidden":0,"_bbp_reply_count_hidden":0,"_bbp_forum_subforum_count":0,"footnotes":"","_yoast_wpseo_focuskw_text_input":""},"categories":[10520],"tags":[2294,2547,10538,1086,10536],"yoast_head":"<!-- This site is optimized with the Yoast SEO plugin v23.0 - https:\/\/yoast.com\/wordpress\/plugins\/seo\/ -->\n<title>\u0130ran \u0130\u00e7in \u00d6zg\u00fcrl\u00fck ve Ba\u011f\u0131ms\u0131zl\u0131k - The Epoch Times TR<\/title>\n<meta name=\"description\" content=\"Bir\u00e7ok insan haklar\u0131 savunucusu ve \u0130ran vatanda\u015flar\u0131, \u0130ran\u2019da \u00f6zg\u00fcrl\u00fck ve h\u00fcrriyeti, hayati \u00f6nem ta\u015f\u0131yan bir konu olarak g\u00f6r\u00fcyor.\" \/>\n<meta name=\"robots\" content=\"index, follow, max-snippet:-1, max-image-preview:large, max-video-preview:-1\" \/>\n<link rel=\"canonical\" href=\"https:\/\/epochtimestr.com\/index.php\/iran-icin-ozgurluk-ve-bagimsizlik\" \/>\n<meta property=\"og:locale\" content=\"tr_TR\" \/>\n<meta property=\"og:type\" content=\"article\" \/>\n<meta property=\"og:title\" content=\"\u0130ran \u0130\u00e7in \u00d6zg\u00fcrl\u00fck ve Ba\u011f\u0131ms\u0131zl\u0131k - The Epoch Times TR\" \/>\n<meta property=\"og:description\" content=\"Bir\u00e7ok insan haklar\u0131 savunucusu ve \u0130ran vatanda\u015flar\u0131, \u0130ran\u2019da \u00f6zg\u00fcrl\u00fck ve h\u00fcrriyeti, hayati \u00f6nem ta\u015f\u0131yan bir konu olarak g\u00f6r\u00fcyor.\" \/>\n<meta property=\"og:url\" content=\"https:\/\/epochtimestr.com\/index.php\/iran-icin-ozgurluk-ve-bagimsizlik\" \/>\n<meta property=\"og:site_name\" content=\"The Epoch Times TR\" \/>\n<meta property=\"article:publisher\" content=\"https:\/\/www.facebook.com\/theepochtimestr\" \/>\n<meta property=\"article:published_time\" content=\"2026-02-01T11:44:32+00:00\" \/>\n<meta property=\"article:modified_time\" content=\"2026-02-01T12:47:48+00:00\" \/>\n<meta property=\"og:image\" content=\"https:\/\/epochtimestr.com\/wp-content\/uploads\/2011y\/Saygin-Simsek-SM.png\" \/>\n\t<meta property=\"og:image:width\" content=\"1200\" \/>\n\t<meta property=\"og:image:height\" content=\"630\" \/>\n\t<meta property=\"og:image:type\" content=\"image\/png\" \/>\n<meta name=\"author\" content=\"Sal Sayg\u0131n \u015eim\u015fek\" \/>\n<meta name=\"twitter:card\" content=\"summary_large_image\" \/>\n<meta name=\"twitter:creator\" content=\"@TheEpochTimesTR\" \/>\n<meta name=\"twitter:site\" content=\"@TheEpochTimesTR\" \/>\n<meta name=\"twitter:label1\" content=\"Yazan:\" \/>\n\t<meta name=\"twitter:data1\" content=\"Sal Sayg\u0131n \u015eim\u015fek\" \/>\n\t<meta name=\"twitter:label2\" content=\"Tahmini okuma s\u00fcresi\" \/>\n\t<meta name=\"twitter:data2\" content=\"10 dakika\" \/>\n<script type=\"application\/ld+json\" class=\"yoast-schema-graph\">{\"@context\":\"https:\/\/schema.org\",\"@graph\":[{\"@type\":\"Article\",\"@id\":\"https:\/\/epochtimestr.com\/index.php\/iran-icin-ozgurluk-ve-bagimsizlik#article\",\"isPartOf\":{\"@id\":\"https:\/\/epochtimestr.com\/index.php\/iran-icin-ozgurluk-ve-bagimsizlik\"},\"author\":{\"name\":\"Sal Sayg\u0131n \u015eim\u015fek\",\"@id\":\"https:\/\/epochtimestr.com\/#\/schema\/person\/08bbb947ae6f5993c4885905dff4c451\"},\"headline\":\"\u0130ran \u0130\u00e7in \u00d6zg\u00fcrl\u00fck ve Ba\u011f\u0131ms\u0131zl\u0131k\",\"datePublished\":\"2026-02-01T11:44:32+00:00\",\"dateModified\":\"2026-02-01T12:47:48+00:00\",\"mainEntityOfPage\":{\"@id\":\"https:\/\/epochtimestr.com\/index.php\/iran-icin-ozgurluk-ve-bagimsizlik\"},\"wordCount\":2411,\"commentCount\":2,\"publisher\":{\"@id\":\"https:\/\/epochtimestr.com\/#organization\"},\"image\":{\"@id\":\"https:\/\/epochtimestr.com\/index.php\/iran-icin-ozgurluk-ve-bagimsizlik#primaryimage\"},\"thumbnailUrl\":\"https:\/\/epochtimestr.com\/wp-content\/uploads\/2011y\/Sal-Saygin-Simsek.png\",\"keywords\":[\"Ba\u011f\u0131ms\u0131zl\u0131k\",\"Bask\u0131\",\"H\u00fcrriyet\",\"\u0130ran\",\"\u00d6zg\u00fcrl\u00fck\"],\"articleSection\":[\"K\u00f6\u015fe Yaz\u0131lar\u0131 Sal Sayg\u0131n \u015eim\u015fek\"],\"inLanguage\":\"tr\",\"potentialAction\":[{\"@type\":\"CommentAction\",\"name\":\"Comment\",\"target\":[\"https:\/\/epochtimestr.com\/index.php\/iran-icin-ozgurluk-ve-bagimsizlik#respond\"]}]},{\"@type\":\"WebPage\",\"@id\":\"https:\/\/epochtimestr.com\/index.php\/iran-icin-ozgurluk-ve-bagimsizlik\",\"url\":\"https:\/\/epochtimestr.com\/index.php\/iran-icin-ozgurluk-ve-bagimsizlik\",\"name\":\"\u0130ran \u0130\u00e7in \u00d6zg\u00fcrl\u00fck ve Ba\u011f\u0131ms\u0131zl\u0131k - The Epoch Times TR\",\"isPartOf\":{\"@id\":\"https:\/\/epochtimestr.com\/#website\"},\"primaryImageOfPage\":{\"@id\":\"https:\/\/epochtimestr.com\/index.php\/iran-icin-ozgurluk-ve-bagimsizlik#primaryimage\"},\"image\":{\"@id\":\"https:\/\/epochtimestr.com\/index.php\/iran-icin-ozgurluk-ve-bagimsizlik#primaryimage\"},\"thumbnailUrl\":\"https:\/\/epochtimestr.com\/wp-content\/uploads\/2011y\/Sal-Saygin-Simsek.png\",\"datePublished\":\"2026-02-01T11:44:32+00:00\",\"dateModified\":\"2026-02-01T12:47:48+00:00\",\"description\":\"Bir\u00e7ok insan haklar\u0131 savunucusu ve \u0130ran vatanda\u015flar\u0131, \u0130ran\u2019da \u00f6zg\u00fcrl\u00fck ve h\u00fcrriyeti, hayati \u00f6nem ta\u015f\u0131yan bir konu olarak g\u00f6r\u00fcyor.\",\"inLanguage\":\"tr\",\"potentialAction\":[{\"@type\":\"ReadAction\",\"target\":[\"https:\/\/epochtimestr.com\/index.php\/iran-icin-ozgurluk-ve-bagimsizlik\"]}]},{\"@type\":\"ImageObject\",\"inLanguage\":\"tr\",\"@id\":\"https:\/\/epochtimestr.com\/index.php\/iran-icin-ozgurluk-ve-bagimsizlik#primaryimage\",\"url\":\"https:\/\/epochtimestr.com\/wp-content\/uploads\/2011y\/Sal-Saygin-Simsek.png\",\"contentUrl\":\"https:\/\/epochtimestr.com\/wp-content\/uploads\/2011y\/Sal-Saygin-Simsek.png\",\"width\":600,\"height\":600},{\"@type\":\"WebSite\",\"@id\":\"https:\/\/epochtimestr.com\/#website\",\"url\":\"https:\/\/epochtimestr.com\/\",\"name\":\"The Epoch Times TR\",\"description\":\"De\u011fi\u015fen D\u00fcnyam\u0131za Taze Bir Bak\u0131\u015f\",\"publisher\":{\"@id\":\"https:\/\/epochtimestr.com\/#organization\"},\"potentialAction\":[{\"@type\":\"SearchAction\",\"target\":{\"@type\":\"EntryPoint\",\"urlTemplate\":\"https:\/\/epochtimestr.com\/?s={search_term_string}\"},\"query-input\":\"required name=search_term_string\"}],\"inLanguage\":\"tr\"},{\"@type\":\"Organization\",\"@id\":\"https:\/\/epochtimestr.com\/#organization\",\"name\":\"The EpochTimes T\u00fcrkiye\",\"url\":\"https:\/\/epochtimestr.com\/\",\"logo\":{\"@type\":\"ImageObject\",\"inLanguage\":\"tr\",\"@id\":\"https:\/\/epochtimestr.com\/#\/schema\/logo\/image\/\",\"url\":\"https:\/\/epochtimestr.com\/wp-content\/uploads\/2011y\/ET-Logo-YG.jpg\",\"contentUrl\":\"https:\/\/epochtimestr.com\/wp-content\/uploads\/2011y\/ET-Logo-YG.jpg\",\"width\":346,\"height\":29,\"caption\":\"The EpochTimes T\u00fcrkiye\"},\"image\":{\"@id\":\"https:\/\/epochtimestr.com\/#\/schema\/logo\/image\/\"},\"sameAs\":[\"https:\/\/www.facebook.com\/theepochtimestr\",\"https:\/\/x.com\/TheEpochTimesTR\",\"https:\/\/www.instagram.com\/epochtimestr\"]},{\"@type\":\"Person\",\"@id\":\"https:\/\/epochtimestr.com\/#\/schema\/person\/08bbb947ae6f5993c4885905dff4c451\",\"name\":\"Sal Sayg\u0131n \u015eim\u015fek\",\"image\":{\"@type\":\"ImageObject\",\"inLanguage\":\"tr\",\"@id\":\"https:\/\/epochtimestr.com\/#\/schema\/person\/image\/\",\"url\":\"https:\/\/secure.gravatar.com\/avatar\/0de3fcdb17fb559c34b4c2847eebc04b?s=96&d=mm&r=g\",\"contentUrl\":\"https:\/\/secure.gravatar.com\/avatar\/0de3fcdb17fb559c34b4c2847eebc04b?s=96&d=mm&r=g\",\"caption\":\"Sal Sayg\u0131n \u015eim\u015fek\"},\"url\":\"https:\/\/epochtimestr.com\/index.php\/author\/sal\"}]}<\/script>\n<!-- \/ Yoast SEO plugin. -->","yoast_head_json":{"title":"\u0130ran \u0130\u00e7in \u00d6zg\u00fcrl\u00fck ve Ba\u011f\u0131ms\u0131zl\u0131k - The Epoch Times TR","description":"Bir\u00e7ok insan haklar\u0131 savunucusu ve \u0130ran vatanda\u015flar\u0131, \u0130ran\u2019da \u00f6zg\u00fcrl\u00fck ve h\u00fcrriyeti, hayati \u00f6nem ta\u015f\u0131yan bir konu olarak g\u00f6r\u00fcyor.","robots":{"index":"index","follow":"follow","max-snippet":"max-snippet:-1","max-image-preview":"max-image-preview:large","max-video-preview":"max-video-preview:-1"},"canonical":"https:\/\/epochtimestr.com\/index.php\/iran-icin-ozgurluk-ve-bagimsizlik","og_locale":"tr_TR","og_type":"article","og_title":"\u0130ran \u0130\u00e7in \u00d6zg\u00fcrl\u00fck ve Ba\u011f\u0131ms\u0131zl\u0131k - The Epoch Times TR","og_description":"Bir\u00e7ok insan haklar\u0131 savunucusu ve \u0130ran vatanda\u015flar\u0131, \u0130ran\u2019da \u00f6zg\u00fcrl\u00fck ve h\u00fcrriyeti, hayati \u00f6nem ta\u015f\u0131yan bir konu olarak g\u00f6r\u00fcyor.","og_url":"https:\/\/epochtimestr.com\/index.php\/iran-icin-ozgurluk-ve-bagimsizlik","og_site_name":"The Epoch Times TR","article_publisher":"https:\/\/www.facebook.com\/theepochtimestr","article_published_time":"2026-02-01T11:44:32+00:00","article_modified_time":"2026-02-01T12:47:48+00:00","og_image":[{"width":1200,"height":630,"url":"https:\/\/epochtimestr.com\/wp-content\/uploads\/2011y\/Saygin-Simsek-SM.png","type":"image\/png"}],"author":"Sal Sayg\u0131n \u015eim\u015fek","twitter_card":"summary_large_image","twitter_creator":"@TheEpochTimesTR","twitter_site":"@TheEpochTimesTR","twitter_misc":{"Yazan:":"Sal Sayg\u0131n \u015eim\u015fek","Tahmini okuma s\u00fcresi":"10 dakika"},"schema":{"@context":"https:\/\/schema.org","@graph":[{"@type":"Article","@id":"https:\/\/epochtimestr.com\/index.php\/iran-icin-ozgurluk-ve-bagimsizlik#article","isPartOf":{"@id":"https:\/\/epochtimestr.com\/index.php\/iran-icin-ozgurluk-ve-bagimsizlik"},"author":{"name":"Sal Sayg\u0131n \u015eim\u015fek","@id":"https:\/\/epochtimestr.com\/#\/schema\/person\/08bbb947ae6f5993c4885905dff4c451"},"headline":"\u0130ran \u0130\u00e7in \u00d6zg\u00fcrl\u00fck ve Ba\u011f\u0131ms\u0131zl\u0131k","datePublished":"2026-02-01T11:44:32+00:00","dateModified":"2026-02-01T12:47:48+00:00","mainEntityOfPage":{"@id":"https:\/\/epochtimestr.com\/index.php\/iran-icin-ozgurluk-ve-bagimsizlik"},"wordCount":2411,"commentCount":2,"publisher":{"@id":"https:\/\/epochtimestr.com\/#organization"},"image":{"@id":"https:\/\/epochtimestr.com\/index.php\/iran-icin-ozgurluk-ve-bagimsizlik#primaryimage"},"thumbnailUrl":"https:\/\/epochtimestr.com\/wp-content\/uploads\/2011y\/Sal-Saygin-Simsek.png","keywords":["Ba\u011f\u0131ms\u0131zl\u0131k","Bask\u0131","H\u00fcrriyet","\u0130ran","\u00d6zg\u00fcrl\u00fck"],"articleSection":["K\u00f6\u015fe Yaz\u0131lar\u0131 Sal Sayg\u0131n \u015eim\u015fek"],"inLanguage":"tr","potentialAction":[{"@type":"CommentAction","name":"Comment","target":["https:\/\/epochtimestr.com\/index.php\/iran-icin-ozgurluk-ve-bagimsizlik#respond"]}]},{"@type":"WebPage","@id":"https:\/\/epochtimestr.com\/index.php\/iran-icin-ozgurluk-ve-bagimsizlik","url":"https:\/\/epochtimestr.com\/index.php\/iran-icin-ozgurluk-ve-bagimsizlik","name":"\u0130ran \u0130\u00e7in \u00d6zg\u00fcrl\u00fck ve Ba\u011f\u0131ms\u0131zl\u0131k - The Epoch Times TR","isPartOf":{"@id":"https:\/\/epochtimestr.com\/#website"},"primaryImageOfPage":{"@id":"https:\/\/epochtimestr.com\/index.php\/iran-icin-ozgurluk-ve-bagimsizlik#primaryimage"},"image":{"@id":"https:\/\/epochtimestr.com\/index.php\/iran-icin-ozgurluk-ve-bagimsizlik#primaryimage"},"thumbnailUrl":"https:\/\/epochtimestr.com\/wp-content\/uploads\/2011y\/Sal-Saygin-Simsek.png","datePublished":"2026-02-01T11:44:32+00:00","dateModified":"2026-02-01T12:47:48+00:00","description":"Bir\u00e7ok insan haklar\u0131 savunucusu ve \u0130ran vatanda\u015flar\u0131, \u0130ran\u2019da \u00f6zg\u00fcrl\u00fck ve h\u00fcrriyeti, hayati \u00f6nem ta\u015f\u0131yan bir konu olarak g\u00f6r\u00fcyor.","inLanguage":"tr","potentialAction":[{"@type":"ReadAction","target":["https:\/\/epochtimestr.com\/index.php\/iran-icin-ozgurluk-ve-bagimsizlik"]}]},{"@type":"ImageObject","inLanguage":"tr","@id":"https:\/\/epochtimestr.com\/index.php\/iran-icin-ozgurluk-ve-bagimsizlik#primaryimage","url":"https:\/\/epochtimestr.com\/wp-content\/uploads\/2011y\/Sal-Saygin-Simsek.png","contentUrl":"https:\/\/epochtimestr.com\/wp-content\/uploads\/2011y\/Sal-Saygin-Simsek.png","width":600,"height":600},{"@type":"WebSite","@id":"https:\/\/epochtimestr.com\/#website","url":"https:\/\/epochtimestr.com\/","name":"The Epoch Times TR","description":"De\u011fi\u015fen D\u00fcnyam\u0131za Taze Bir Bak\u0131\u015f","publisher":{"@id":"https:\/\/epochtimestr.com\/#organization"},"potentialAction":[{"@type":"SearchAction","target":{"@type":"EntryPoint","urlTemplate":"https:\/\/epochtimestr.com\/?s={search_term_string}"},"query-input":"required name=search_term_string"}],"inLanguage":"tr"},{"@type":"Organization","@id":"https:\/\/epochtimestr.com\/#organization","name":"The EpochTimes T\u00fcrkiye","url":"https:\/\/epochtimestr.com\/","logo":{"@type":"ImageObject","inLanguage":"tr","@id":"https:\/\/epochtimestr.com\/#\/schema\/logo\/image\/","url":"https:\/\/epochtimestr.com\/wp-content\/uploads\/2011y\/ET-Logo-YG.jpg","contentUrl":"https:\/\/epochtimestr.com\/wp-content\/uploads\/2011y\/ET-Logo-YG.jpg","width":346,"height":29,"caption":"The EpochTimes T\u00fcrkiye"},"image":{"@id":"https:\/\/epochtimestr.com\/#\/schema\/logo\/image\/"},"sameAs":["https:\/\/www.facebook.com\/theepochtimestr","https:\/\/x.com\/TheEpochTimesTR","https:\/\/www.instagram.com\/epochtimestr"]},{"@type":"Person","@id":"https:\/\/epochtimestr.com\/#\/schema\/person\/08bbb947ae6f5993c4885905dff4c451","name":"Sal Sayg\u0131n \u015eim\u015fek","image":{"@type":"ImageObject","inLanguage":"tr","@id":"https:\/\/epochtimestr.com\/#\/schema\/person\/image\/","url":"https:\/\/secure.gravatar.com\/avatar\/0de3fcdb17fb559c34b4c2847eebc04b?s=96&d=mm&r=g","contentUrl":"https:\/\/secure.gravatar.com\/avatar\/0de3fcdb17fb559c34b4c2847eebc04b?s=96&d=mm&r=g","caption":"Sal Sayg\u0131n \u015eim\u015fek"},"url":"https:\/\/epochtimestr.com\/index.php\/author\/sal"}]}},"_links":{"self":[{"href":"https:\/\/epochtimestr.com\/index.php\/wp-json\/wp\/v2\/posts\/165429"}],"collection":[{"href":"https:\/\/epochtimestr.com\/index.php\/wp-json\/wp\/v2\/posts"}],"about":[{"href":"https:\/\/epochtimestr.com\/index.php\/wp-json\/wp\/v2\/types\/post"}],"author":[{"embeddable":true,"href":"https:\/\/epochtimestr.com\/index.php\/wp-json\/wp\/v2\/users\/14007"}],"replies":[{"embeddable":true,"href":"https:\/\/epochtimestr.com\/index.php\/wp-json\/wp\/v2\/comments?post=165429"}],"version-history":[{"count":5,"href":"https:\/\/epochtimestr.com\/index.php\/wp-json\/wp\/v2\/posts\/165429\/revisions"}],"predecessor-version":[{"id":165437,"href":"https:\/\/epochtimestr.com\/index.php\/wp-json\/wp\/v2\/posts\/165429\/revisions\/165437"}],"wp:featuredmedia":[{"embeddable":true,"href":"https:\/\/epochtimestr.com\/index.php\/wp-json\/wp\/v2\/media\/157889"}],"wp:attachment":[{"href":"https:\/\/epochtimestr.com\/index.php\/wp-json\/wp\/v2\/media?parent=165429"}],"wp:term":[{"taxonomy":"category","embeddable":true,"href":"https:\/\/epochtimestr.com\/index.php\/wp-json\/wp\/v2\/categories?post=165429"},{"taxonomy":"post_tag","embeddable":true,"href":"https:\/\/epochtimestr.com\/index.php\/wp-json\/wp\/v2\/tags?post=165429"}],"curies":[{"name":"wp","href":"https:\/\/api.w.org\/{rel}","templated":true}]}}