{"id":165465,"date":"2026-02-03T12:10:44","date_gmt":"2026-02-03T09:10:44","guid":{"rendered":"https:\/\/epochtimestr.com\/?p=165465"},"modified":"2026-02-03T12:10:47","modified_gmt":"2026-02-03T09:10:47","slug":"epstein","status":"publish","type":"post","link":"https:\/\/epochtimestr.com\/index.php\/epstein","title":{"rendered":"Epstein"},"content":{"rendered":"\n<p>\u201c\u0130nsan s\u00fcrekli zaaflar\u0131na toslar\u201d<\/p>\n\n\n\n<p>Epstein ad\u0131 sonsuza de\u011fin lanetli bir isim olarak kalacakt\u0131r. 2026\u2019ya h\u0131zl\u0131 girdik. \u0130f\u015falar, suikastlar, sava\u015flar, krizler y\u0131l\u0131 olaca\u011f\u0131 \u015fimdiden belli. Art\u0131k \u015fa\u015f\u0131lacak pek bir \u015fey kalmad\u0131. \u00c7\u00fcnk\u00fc insan kendini ele verdi. \u00d6nceleri d\u00f6rt duvar arkas\u0131nda kalan gizli kapakl\u0131 i\u015fler, g\u00fcn\u00fcm\u00fczde g\u00fcn y\u00fcz\u00fcne \u00e7\u0131k\u0131yor, etrafa sa\u00e7\u0131l\u0131yor&#8230;<\/p>\n\n\n\n<p>Bu sadece ABD ile s\u0131n\u0131rl\u0131 de\u011fil elbette. Hemen t\u00fcm \u00fclkelerde \u015foklar, if\u015falar \u00fcst \u00fcste geliyor. D\u00fcnyan\u0131n en kapal\u0131 \u00fclkelerinden \u00c7in, bir gecede ordusunun tepe komutanlar\u0131ndan oldu. \u00c7\u00fcnk\u00fc adlar\u0131 yolsuzlu\u011fa bula\u015ft\u0131.<\/p>\n\n\n\n<p>Art\u0131k kimse g\u00fcvende de\u011fildir. Zira yapt\u0131\u011f\u0131m\u0131z her i\u015f dijital izler b\u0131rak\u0131yor. Hi\u00e7bir yer g\u00fcvenli de\u011fil. Hi\u00e7bir cihaz ya da mek\u00e2n veya ileti\u015fim, \u00f6deme ara\u00e7lar\u0131&#8230; \u00d6yle ki sokaklarda bile y\u00fcz tan\u0131ma sistemleri ile g\u00f6r\u00fcn\u00fcr haldesiniz.<\/p>\n\n\n\n<p>Siyasete at\u0131lacaklar\u0131n \u00f6zellikle i\u015f ve \u00f6zel hayatlar\u0131na \u00e7ok dikkat etmeleri gerekiyor. \u00c7\u00fcnk\u00fc hi\u00e7bir \u015fey gizli kalm\u0131yor. Bir \u015fekilde a\u00e7\u0131\u011fa \u00e7\u0131k\u0131yor. Bizdeki belediye soru\u015fturmalar\u0131na, uyu\u015fturucu operasyonlar\u0131na falan bak\u0131n mesela. Ya da Bebek Oteli konusu sanki kendi \u00e7ap\u0131nda Epstein Adas\u0131n\u0131 hat\u0131rlatan iddialarla sars\u0131l\u0131yor.<\/p>\n\n\n\n<p>\u0130nsan, s\u00fcrekli zaaflar\u0131yla s\u0131nan\u0131yor. G\u00fc\u00e7, para, hemen herkesi bozuyor. \u0130stihbarat \u00f6rg\u00fctleri de tabii zaaflar\u0131 biliyor ve kullan\u0131yor. Siyasiler, b\u00fcrokratlar, i\u015f insanlar\u0131, medya mensuplar\u0131 s\u00fcrekli ayn\u0131 yanl\u0131\u015flara d\u00fc\u015f\u00fcyorlar. Sadece Epstein Adas\u0131 de\u011fil, inan\u0131yorum ki her \u00fclkenin, her \u015fehrin Epstein Adalar\u0131 vard\u0131r.<\/p>\n\n\n\n<p>Kimler d\u00fcnyay\u0131, bizleri y\u00f6netiyor bir bak\u0131n Allah a\u015fk\u0131na! Ne kadar \u00e7aps\u0131z, kalitesiz, haz d\u00fc\u015fk\u00fcn\u00fc insan var. Adlar\u0131, sanlar\u0131 b\u00fcy\u00fck ama kendileri k\u00fc\u00e7\u00fck. \u0130\u015fte bu y\u00fczden d\u00fcnyaya adalet, huzur gelmiyor. Nefs d\u00fc\u015fk\u00fcn\u00fc insanc\u0131klar s\u00fcr\u00fcs\u00fc, erki ellerine ge\u00e7irmi\u015fler.<\/p>\n\n\n\n<p>\u015eantaja maruz kalmak an meselesi. Tabii kar\u015f\u0131dakine malzeme sunarsan \u015fantaja maruz kal\u0131rs\u0131n. Do\u011fru ya\u015fayanlar da ba\u015fka yollardan yola sokulmaya \u00e7al\u0131\u015f\u0131l\u0131yor. Onlara da darbeler, suikastlar d\u00fczenleniyor.<\/p>\n\n\n\n<p>Deniyor ki efendim, Epstein dosyalar\u0131nda her milletten her \u00fclkeden binlerce insan var. 3 milyon 200 bin sayfal\u0131k belge, bilgi var. \u00dclkelerde kaybolan \u00e7ocuklar, bebekler, gen\u00e7ler var. Bunlar\u0131n baz\u0131lar\u0131 bu i\u015flerde kullan\u0131lm\u0131\u015f, hayatlar\u0131 s\u00f6nd\u00fcr\u00fclm\u00fc\u015f. Yaz\u0131k, \u00e7ok yaz\u0131k! \u0130nan\u0131n kelimeler yetersiz kal\u0131yor bende.<\/p>\n\n\n\n<p>N\u00fcfuz sahibi insanlar\u0131 tatil, e\u011flence amac\u0131yla otellere, e\u011flence mek\u00e2nlar\u0131na \u00e7ekerek, partiler d\u00fczenleyerek, onlara yasakl\u0131 maddeler, ya\u015f\u0131 k\u00fc\u00e7\u00fck \u00e7ocuklar veya telek\u0131zlar sunarak, insanlar kay\u0131t alt\u0131na al\u0131n\u0131yor buna da \u2018bal tuza\u011f\u0131\u2019 deniyor. Genelde t\u00fcm d\u00fcnyada metot ayn\u0131. \u0130nsanlar\u0131n zaaflar\u0131 kullan\u0131larak, \u015fantaja maruz b\u0131rak\u0131l\u0131yor.<\/p>\n\n\n\n<p>Yine deniyor ki Epstein \u00e7etesi be\u015f b\u00fcy\u00fck lidere n\u00fcfuz edememi\u015f. Bunlar, \u00c7in lideri \u015ei Cinping, Rusya lideri Putin, Cumhurba\u015fkan\u0131 Erdo\u011fan, \u0130ran dini lideri Ali Hameney ve hapiste olan \u00f6nceki Pakistan Ba\u015fbakan\u0131 \u0130mran Han. \u0130\u015fte bu be\u015f lidere durmadan operasyon \u00e7ekiliyor. \u0130mran Han ni\u00e7in hapiste anlad\u0131n\u0131z san\u0131r\u0131m. Di\u011fer d\u00f6rt lidere di\u015f ge\u00e7iremediler.<\/p>\n\n\n\n<p>Epstein bir okul mezunu bile olmayan \u00e7aps\u0131z bir doland\u0131r\u0131c\u0131, kad\u0131n t\u00fcccar\u0131 ve istihbarat eleman\u0131. Onu i\u00e7eride hallettiler zaten. \u015eimdi t\u00fcm g\u00f6zler orta\u011f\u0131 olan kad\u0131n arkada\u015f\u0131nda. Umal\u0131m da onun ba\u015f\u0131na konu\u015fmadan, itiraflar yapmadan \u00f6nce bir \u015fey gelmesin!<\/p>\n","protected":false},"excerpt":{"rendered":"<p>\u201c\u0130nsan s\u00fcrekli zaaflar\u0131na toslar\u201d Epstein ad\u0131 sonsuza de\u011fin lanetli bir isim olarak kalacakt\u0131r. 2026\u2019ya h\u0131zl\u0131 girdik. \u0130f\u015falar, suikastlar, sava\u015flar, krizler y\u0131l\u0131 olaca\u011f\u0131 \u015fimdiden belli. Art\u0131k \u015fa\u015f\u0131lacak pek bir \u015fey kalmad\u0131. \u00c7\u00fcnk\u00fc insan kendini ele verdi. \u00d6nceleri d\u00f6rt duvar arkas\u0131nda kalan gizli kapakl\u0131 i\u015fler, g\u00fcn\u00fcm\u00fczde g\u00fcn y\u00fcz\u00fcne \u00e7\u0131k\u0131yor, etrafa sa\u00e7\u0131l\u0131yor&#8230; Bu sadece ABD ile s\u0131n\u0131rl\u0131 de\u011fil [&hellip;]<\/p>\n","protected":false},"author":14001,"featured_media":161038,"comment_status":"open","ping_status":"open","sticky":false,"template":"","format":"standard","meta":{"_yoast_wpseo_focuskw":"Epstein","_yoast_wpseo_title":"","_yoast_wpseo_metadesc":"Epstein ad\u0131 sonsuza de\u011fin lanetli bir isim olarak kalacakt\u0131r. 2026\u2019n\u0131n if\u015falar, suikastlar, sava\u015flar, krizler y\u0131l\u0131 olaca\u011f\u0131 \u015fimdiden belli.","_bbp_topic_count":0,"_bbp_reply_count":0,"_bbp_total_topic_count":0,"_bbp_total_reply_count":0,"_bbp_voice_count":0,"_bbp_anonymous_reply_count":0,"_bbp_topic_count_hidden":0,"_bbp_reply_count_hidden":0,"_bbp_forum_subforum_count":0,"footnotes":"","_yoast_wpseo_focuskw_text_input":""},"categories":[9170],"tags":[10562,10564,10563],"yoast_head":"<!-- This site is optimized with the Yoast SEO plugin v23.0 - https:\/\/yoast.com\/wordpress\/plugins\/seo\/ -->\n<title>Epstein - The Epoch Times TR<\/title>\n<meta name=\"description\" content=\"Epstein ad\u0131 sonsuza de\u011fin lanetli bir isim olarak kalacakt\u0131r. 2026\u2019n\u0131n if\u015falar, suikastlar, sava\u015flar, krizler y\u0131l\u0131 olaca\u011f\u0131 \u015fimdiden belli.\" \/>\n<meta name=\"robots\" content=\"index, follow, max-snippet:-1, max-image-preview:large, max-video-preview:-1\" \/>\n<link rel=\"canonical\" href=\"https:\/\/epochtimestr.com\/index.php\/epstein\" \/>\n<meta property=\"og:locale\" content=\"tr_TR\" \/>\n<meta property=\"og:type\" content=\"article\" \/>\n<meta property=\"og:title\" content=\"Epstein - The Epoch Times TR\" \/>\n<meta property=\"og:description\" content=\"Epstein ad\u0131 sonsuza de\u011fin lanetli bir isim olarak kalacakt\u0131r. 2026\u2019n\u0131n if\u015falar, suikastlar, sava\u015flar, krizler y\u0131l\u0131 olaca\u011f\u0131 \u015fimdiden belli.\" \/>\n<meta property=\"og:url\" content=\"https:\/\/epochtimestr.com\/index.php\/epstein\" \/>\n<meta property=\"og:site_name\" content=\"The Epoch Times TR\" \/>\n<meta property=\"article:publisher\" content=\"https:\/\/www.facebook.com\/theepochtimestr\" \/>\n<meta property=\"article:published_time\" content=\"2026-02-03T09:10:44+00:00\" \/>\n<meta property=\"article:modified_time\" content=\"2026-02-03T09:10:47+00:00\" \/>\n<meta property=\"og:image\" content=\"https:\/\/epochtimestr.com\/wp-content\/uploads\/2011y\/BEKIR-ZORBA-SM-2.png\" \/>\n\t<meta property=\"og:image:width\" content=\"1200\" \/>\n\t<meta property=\"og:image:height\" content=\"630\" \/>\n\t<meta property=\"og:image:type\" content=\"image\/png\" \/>\n<meta name=\"author\" content=\"Bekir Zorba\" \/>\n<meta name=\"twitter:card\" content=\"summary_large_image\" \/>\n<meta name=\"twitter:creator\" content=\"@TheEpochTimesTR\" \/>\n<meta name=\"twitter:site\" content=\"@TheEpochTimesTR\" \/>\n<meta name=\"twitter:label1\" content=\"Yazan:\" \/>\n\t<meta name=\"twitter:data1\" content=\"Bekir Zorba\" \/>\n\t<meta name=\"twitter:label2\" content=\"Tahmini okuma s\u00fcresi\" \/>\n\t<meta name=\"twitter:data2\" content=\"3 dakika\" \/>\n<script type=\"application\/ld+json\" class=\"yoast-schema-graph\">{\"@context\":\"https:\/\/schema.org\",\"@graph\":[{\"@type\":\"Article\",\"@id\":\"https:\/\/epochtimestr.com\/index.php\/epstein#article\",\"isPartOf\":{\"@id\":\"https:\/\/epochtimestr.com\/index.php\/epstein\"},\"author\":{\"name\":\"Bekir Zorba\",\"@id\":\"https:\/\/epochtimestr.com\/#\/schema\/person\/da1ad104599611965442ed3e7e9acb2b\"},\"headline\":\"Epstein\",\"datePublished\":\"2026-02-03T09:10:44+00:00\",\"dateModified\":\"2026-02-03T09:10:47+00:00\",\"mainEntityOfPage\":{\"@id\":\"https:\/\/epochtimestr.com\/index.php\/epstein\"},\"wordCount\":594,\"commentCount\":0,\"publisher\":{\"@id\":\"https:\/\/epochtimestr.com\/#organization\"},\"image\":{\"@id\":\"https:\/\/epochtimestr.com\/index.php\/epstein#primaryimage\"},\"thumbnailUrl\":\"https:\/\/epochtimestr.com\/wp-content\/uploads\/2011y\/Bekir-Zorba.png\",\"keywords\":[\"Epstein\",\"Epstein \u00e7etesi\",\"if\u015fa\"],\"articleSection\":[\"K\u00f6\u015fe Yaz\u0131lar\u0131 Bekir Zorba\"],\"inLanguage\":\"tr\",\"potentialAction\":[{\"@type\":\"CommentAction\",\"name\":\"Comment\",\"target\":[\"https:\/\/epochtimestr.com\/index.php\/epstein#respond\"]}]},{\"@type\":\"WebPage\",\"@id\":\"https:\/\/epochtimestr.com\/index.php\/epstein\",\"url\":\"https:\/\/epochtimestr.com\/index.php\/epstein\",\"name\":\"Epstein - The Epoch Times TR\",\"isPartOf\":{\"@id\":\"https:\/\/epochtimestr.com\/#website\"},\"primaryImageOfPage\":{\"@id\":\"https:\/\/epochtimestr.com\/index.php\/epstein#primaryimage\"},\"image\":{\"@id\":\"https:\/\/epochtimestr.com\/index.php\/epstein#primaryimage\"},\"thumbnailUrl\":\"https:\/\/epochtimestr.com\/wp-content\/uploads\/2011y\/Bekir-Zorba.png\",\"datePublished\":\"2026-02-03T09:10:44+00:00\",\"dateModified\":\"2026-02-03T09:10:47+00:00\",\"description\":\"Epstein ad\u0131 sonsuza de\u011fin lanetli bir isim olarak kalacakt\u0131r. 2026\u2019n\u0131n if\u015falar, suikastlar, sava\u015flar, krizler y\u0131l\u0131 olaca\u011f\u0131 \u015fimdiden belli.\",\"inLanguage\":\"tr\",\"potentialAction\":[{\"@type\":\"ReadAction\",\"target\":[\"https:\/\/epochtimestr.com\/index.php\/epstein\"]}]},{\"@type\":\"ImageObject\",\"inLanguage\":\"tr\",\"@id\":\"https:\/\/epochtimestr.com\/index.php\/epstein#primaryimage\",\"url\":\"https:\/\/epochtimestr.com\/wp-content\/uploads\/2011y\/Bekir-Zorba.png\",\"contentUrl\":\"https:\/\/epochtimestr.com\/wp-content\/uploads\/2011y\/Bekir-Zorba.png\",\"width\":600,\"height\":600},{\"@type\":\"WebSite\",\"@id\":\"https:\/\/epochtimestr.com\/#website\",\"url\":\"https:\/\/epochtimestr.com\/\",\"name\":\"The Epoch Times TR\",\"description\":\"De\u011fi\u015fen D\u00fcnyam\u0131za Taze Bir Bak\u0131\u015f\",\"publisher\":{\"@id\":\"https:\/\/epochtimestr.com\/#organization\"},\"potentialAction\":[{\"@type\":\"SearchAction\",\"target\":{\"@type\":\"EntryPoint\",\"urlTemplate\":\"https:\/\/epochtimestr.com\/?s={search_term_string}\"},\"query-input\":\"required name=search_term_string\"}],\"inLanguage\":\"tr\"},{\"@type\":\"Organization\",\"@id\":\"https:\/\/epochtimestr.com\/#organization\",\"name\":\"The EpochTimes T\u00fcrkiye\",\"url\":\"https:\/\/epochtimestr.com\/\",\"logo\":{\"@type\":\"ImageObject\",\"inLanguage\":\"tr\",\"@id\":\"https:\/\/epochtimestr.com\/#\/schema\/logo\/image\/\",\"url\":\"https:\/\/epochtimestr.com\/wp-content\/uploads\/2011y\/ET-Logo-YG.jpg\",\"contentUrl\":\"https:\/\/epochtimestr.com\/wp-content\/uploads\/2011y\/ET-Logo-YG.jpg\",\"width\":346,\"height\":29,\"caption\":\"The EpochTimes T\u00fcrkiye\"},\"image\":{\"@id\":\"https:\/\/epochtimestr.com\/#\/schema\/logo\/image\/\"},\"sameAs\":[\"https:\/\/www.facebook.com\/theepochtimestr\",\"https:\/\/x.com\/TheEpochTimesTR\",\"https:\/\/www.instagram.com\/epochtimestr\"]},{\"@type\":\"Person\",\"@id\":\"https:\/\/epochtimestr.com\/#\/schema\/person\/da1ad104599611965442ed3e7e9acb2b\",\"name\":\"Bekir Zorba\",\"image\":{\"@type\":\"ImageObject\",\"inLanguage\":\"tr\",\"@id\":\"https:\/\/epochtimestr.com\/#\/schema\/person\/image\/\",\"url\":\"https:\/\/secure.gravatar.com\/avatar\/eafd40d9b77b1fbf7c565a3d4916b79c?s=96&d=mm&r=g\",\"contentUrl\":\"https:\/\/secure.gravatar.com\/avatar\/eafd40d9b77b1fbf7c565a3d4916b79c?s=96&d=mm&r=g\",\"caption\":\"Bekir Zorba\"},\"url\":\"https:\/\/epochtimestr.com\/index.php\/author\/bekir\"}]}<\/script>\n<!-- \/ Yoast SEO plugin. -->","yoast_head_json":{"title":"Epstein - The Epoch Times TR","description":"Epstein ad\u0131 sonsuza de\u011fin lanetli bir isim olarak kalacakt\u0131r. 2026\u2019n\u0131n if\u015falar, suikastlar, sava\u015flar, krizler y\u0131l\u0131 olaca\u011f\u0131 \u015fimdiden belli.","robots":{"index":"index","follow":"follow","max-snippet":"max-snippet:-1","max-image-preview":"max-image-preview:large","max-video-preview":"max-video-preview:-1"},"canonical":"https:\/\/epochtimestr.com\/index.php\/epstein","og_locale":"tr_TR","og_type":"article","og_title":"Epstein - The Epoch Times TR","og_description":"Epstein ad\u0131 sonsuza de\u011fin lanetli bir isim olarak kalacakt\u0131r. 2026\u2019n\u0131n if\u015falar, suikastlar, sava\u015flar, krizler y\u0131l\u0131 olaca\u011f\u0131 \u015fimdiden belli.","og_url":"https:\/\/epochtimestr.com\/index.php\/epstein","og_site_name":"The Epoch Times TR","article_publisher":"https:\/\/www.facebook.com\/theepochtimestr","article_published_time":"2026-02-03T09:10:44+00:00","article_modified_time":"2026-02-03T09:10:47+00:00","og_image":[{"width":1200,"height":630,"url":"https:\/\/epochtimestr.com\/wp-content\/uploads\/2011y\/BEKIR-ZORBA-SM-2.png","type":"image\/png"}],"author":"Bekir Zorba","twitter_card":"summary_large_image","twitter_creator":"@TheEpochTimesTR","twitter_site":"@TheEpochTimesTR","twitter_misc":{"Yazan:":"Bekir Zorba","Tahmini okuma s\u00fcresi":"3 dakika"},"schema":{"@context":"https:\/\/schema.org","@graph":[{"@type":"Article","@id":"https:\/\/epochtimestr.com\/index.php\/epstein#article","isPartOf":{"@id":"https:\/\/epochtimestr.com\/index.php\/epstein"},"author":{"name":"Bekir Zorba","@id":"https:\/\/epochtimestr.com\/#\/schema\/person\/da1ad104599611965442ed3e7e9acb2b"},"headline":"Epstein","datePublished":"2026-02-03T09:10:44+00:00","dateModified":"2026-02-03T09:10:47+00:00","mainEntityOfPage":{"@id":"https:\/\/epochtimestr.com\/index.php\/epstein"},"wordCount":594,"commentCount":0,"publisher":{"@id":"https:\/\/epochtimestr.com\/#organization"},"image":{"@id":"https:\/\/epochtimestr.com\/index.php\/epstein#primaryimage"},"thumbnailUrl":"https:\/\/epochtimestr.com\/wp-content\/uploads\/2011y\/Bekir-Zorba.png","keywords":["Epstein","Epstein \u00e7etesi","if\u015fa"],"articleSection":["K\u00f6\u015fe Yaz\u0131lar\u0131 Bekir Zorba"],"inLanguage":"tr","potentialAction":[{"@type":"CommentAction","name":"Comment","target":["https:\/\/epochtimestr.com\/index.php\/epstein#respond"]}]},{"@type":"WebPage","@id":"https:\/\/epochtimestr.com\/index.php\/epstein","url":"https:\/\/epochtimestr.com\/index.php\/epstein","name":"Epstein - The Epoch Times TR","isPartOf":{"@id":"https:\/\/epochtimestr.com\/#website"},"primaryImageOfPage":{"@id":"https:\/\/epochtimestr.com\/index.php\/epstein#primaryimage"},"image":{"@id":"https:\/\/epochtimestr.com\/index.php\/epstein#primaryimage"},"thumbnailUrl":"https:\/\/epochtimestr.com\/wp-content\/uploads\/2011y\/Bekir-Zorba.png","datePublished":"2026-02-03T09:10:44+00:00","dateModified":"2026-02-03T09:10:47+00:00","description":"Epstein ad\u0131 sonsuza de\u011fin lanetli bir isim olarak kalacakt\u0131r. 2026\u2019n\u0131n if\u015falar, suikastlar, sava\u015flar, krizler y\u0131l\u0131 olaca\u011f\u0131 \u015fimdiden belli.","inLanguage":"tr","potentialAction":[{"@type":"ReadAction","target":["https:\/\/epochtimestr.com\/index.php\/epstein"]}]},{"@type":"ImageObject","inLanguage":"tr","@id":"https:\/\/epochtimestr.com\/index.php\/epstein#primaryimage","url":"https:\/\/epochtimestr.com\/wp-content\/uploads\/2011y\/Bekir-Zorba.png","contentUrl":"https:\/\/epochtimestr.com\/wp-content\/uploads\/2011y\/Bekir-Zorba.png","width":600,"height":600},{"@type":"WebSite","@id":"https:\/\/epochtimestr.com\/#website","url":"https:\/\/epochtimestr.com\/","name":"The Epoch Times TR","description":"De\u011fi\u015fen D\u00fcnyam\u0131za Taze Bir Bak\u0131\u015f","publisher":{"@id":"https:\/\/epochtimestr.com\/#organization"},"potentialAction":[{"@type":"SearchAction","target":{"@type":"EntryPoint","urlTemplate":"https:\/\/epochtimestr.com\/?s={search_term_string}"},"query-input":"required name=search_term_string"}],"inLanguage":"tr"},{"@type":"Organization","@id":"https:\/\/epochtimestr.com\/#organization","name":"The EpochTimes T\u00fcrkiye","url":"https:\/\/epochtimestr.com\/","logo":{"@type":"ImageObject","inLanguage":"tr","@id":"https:\/\/epochtimestr.com\/#\/schema\/logo\/image\/","url":"https:\/\/epochtimestr.com\/wp-content\/uploads\/2011y\/ET-Logo-YG.jpg","contentUrl":"https:\/\/epochtimestr.com\/wp-content\/uploads\/2011y\/ET-Logo-YG.jpg","width":346,"height":29,"caption":"The EpochTimes T\u00fcrkiye"},"image":{"@id":"https:\/\/epochtimestr.com\/#\/schema\/logo\/image\/"},"sameAs":["https:\/\/www.facebook.com\/theepochtimestr","https:\/\/x.com\/TheEpochTimesTR","https:\/\/www.instagram.com\/epochtimestr"]},{"@type":"Person","@id":"https:\/\/epochtimestr.com\/#\/schema\/person\/da1ad104599611965442ed3e7e9acb2b","name":"Bekir Zorba","image":{"@type":"ImageObject","inLanguage":"tr","@id":"https:\/\/epochtimestr.com\/#\/schema\/person\/image\/","url":"https:\/\/secure.gravatar.com\/avatar\/eafd40d9b77b1fbf7c565a3d4916b79c?s=96&d=mm&r=g","contentUrl":"https:\/\/secure.gravatar.com\/avatar\/eafd40d9b77b1fbf7c565a3d4916b79c?s=96&d=mm&r=g","caption":"Bekir Zorba"},"url":"https:\/\/epochtimestr.com\/index.php\/author\/bekir"}]}},"_links":{"self":[{"href":"https:\/\/epochtimestr.com\/index.php\/wp-json\/wp\/v2\/posts\/165465"}],"collection":[{"href":"https:\/\/epochtimestr.com\/index.php\/wp-json\/wp\/v2\/posts"}],"about":[{"href":"https:\/\/epochtimestr.com\/index.php\/wp-json\/wp\/v2\/types\/post"}],"author":[{"embeddable":true,"href":"https:\/\/epochtimestr.com\/index.php\/wp-json\/wp\/v2\/users\/14001"}],"replies":[{"embeddable":true,"href":"https:\/\/epochtimestr.com\/index.php\/wp-json\/wp\/v2\/comments?post=165465"}],"version-history":[{"count":1,"href":"https:\/\/epochtimestr.com\/index.php\/wp-json\/wp\/v2\/posts\/165465\/revisions"}],"predecessor-version":[{"id":165466,"href":"https:\/\/epochtimestr.com\/index.php\/wp-json\/wp\/v2\/posts\/165465\/revisions\/165466"}],"wp:featuredmedia":[{"embeddable":true,"href":"https:\/\/epochtimestr.com\/index.php\/wp-json\/wp\/v2\/media\/161038"}],"wp:attachment":[{"href":"https:\/\/epochtimestr.com\/index.php\/wp-json\/wp\/v2\/media?parent=165465"}],"wp:term":[{"taxonomy":"category","embeddable":true,"href":"https:\/\/epochtimestr.com\/index.php\/wp-json\/wp\/v2\/categories?post=165465"},{"taxonomy":"post_tag","embeddable":true,"href":"https:\/\/epochtimestr.com\/index.php\/wp-json\/wp\/v2\/tags?post=165465"}],"curies":[{"name":"wp","href":"https:\/\/api.w.org\/{rel}","templated":true}]}}