{"id":165545,"date":"2026-02-06T14:02:09","date_gmt":"2026-02-06T11:02:09","guid":{"rendered":"https:\/\/epochtimestr.com\/?p=165545"},"modified":"2026-02-06T14:02:12","modified_gmt":"2026-02-06T11:02:12","slug":"abd-ve-rusya-arasindaki-askeri-iletisim-kanali-yeniden-aciliyor","status":"publish","type":"post","link":"https:\/\/epochtimestr.com\/index.php\/abd-ve-rusya-arasindaki-askeri-iletisim-kanali-yeniden-aciliyor","title":{"rendered":"ABD ve Rusya Aras\u0131ndaki Askeri \u0130leti\u015fim Kanal\u0131 Yeniden A\u00e7\u0131l\u0131yor"},"content":{"rendered":"<div class=\"wp-block-image\">\n<figure class=\"aligncenter size-full is-resized\"><img loading=\"lazy\" decoding=\"async\" width=\"1080\" height=\"720\" src=\"https:\/\/epochtimestr.com\/wp-content\/uploads\/2011y\/1000032941.webp\" alt=\"Rus askeri ara\u00e7lar\u0131, 9 May\u0131s 2024'te Moskova'n\u0131n merkezindeki Zafer G\u00fcn\u00fc askeri ge\u00e7it t\u00f6reninde, K\u0131z\u0131l Meydan'dan ge\u00e7iyor. (Foto\u011fraf: The Epoch Times arac\u0131l\u0131\u011f\u0131yla, Alexander Nemenov, AFP - Getty Images)\" class=\"wp-image-165546\" style=\"width:840px;height:auto\" srcset=\"https:\/\/epochtimestr.com\/wp-content\/uploads\/2011y\/1000032941.webp 1080w, https:\/\/epochtimestr.com\/wp-content\/uploads\/2011y\/1000032941-300x200.webp 300w, https:\/\/epochtimestr.com\/wp-content\/uploads\/2011y\/1000032941-150x100.webp 150w, https:\/\/epochtimestr.com\/wp-content\/uploads\/2011y\/1000032941-768x512.webp 768w\" sizes=\"(max-width: 1080px) 100vw, 1080px\" \/><figcaption class=\"wp-element-caption\">Rus asker\u00ee ara\u00e7lar\u0131, 9 May\u0131s 2024&#8217;te Moskova&#8217;n\u0131n merkezindeki Zafer G\u00fcn\u00fc ge\u00e7it t\u00f6reninde, K\u0131z\u0131l Meydan&#8217;dan ge\u00e7iyor. (Foto\u011fraf: The Epoch Times arac\u0131l\u0131\u011f\u0131yla, Alexander Nemenov, AFP &#8211; Getty Images)<\/figcaption><\/figure><\/div>\n\n\n<p>ABD ve Rusya, 2021 sonras\u0131nda kesilen asker\u00ee ileti\u015fim kanal\u0131n\u0131 yeniden kurmaya karar verdi. ABD Avrupa Komutanl\u0131\u011f\u0131 <a href=\"https:\/\/www.theepochtimes.com\/world\/us-and-russian-militaries-to-reestablish-high-level-communications-channel-5981414\" target=\"_blank\" rel=\"noreferrer noopener\">(EUCOM)<\/a>, 5 \u015eubat&#8217;ta yapt\u0131\u011f\u0131 a\u00e7\u0131klamada bu karar\u0131n k\u00fcresel istikrar i\u00e7in \u00f6nemli oldu\u011funu belirtti. Komutanl\u0131k, ileti\u015fim kanal\u0131n\u0131n \u015feffafl\u0131\u011f\u0131 art\u0131rmak ve olas\u0131 gerilimleri \u00f6nlemek amac\u0131yla kuruldu\u011funu bildirdi. EUCOM \u00f6zellikle askeri temaslar\u0131n, &#8220;bar\u0131\u015f i\u00e7in g\u00fc\u00e7l\u00fc bir temel olu\u015fturaca\u011f\u0131n\u0131&#8221; vurgulad\u0131.<\/p>\n\n\n\n<p>ABD ve Rusya aras\u0131ndaki asker\u00ee ileti\u015fim, Rusya&#8217;n\u0131n Ukrayna&#8217;ya y\u00f6nelik sald\u0131r\u0131 haz\u0131rl\u0131\u011f\u0131 yapt\u0131\u011f\u0131 2021 sonras\u0131nda kesilmi\u015fti. \u0130ki \u00fclke aras\u0131ndaki yeni temaslar, Birle\u015fik Arap Emirlikleri&#8217;nde yap\u0131lan diplomatik g\u00f6r\u00fc\u015fmelerin ard\u0131ndan yeniden ba\u015fl\u0131yor. G\u00f6r\u00fc\u015fmelere, ABD \u00d6zel Temsilcisi Steve Witkoff ve eski ba\u015fkan dan\u0131\u015fman\u0131 Jared Kushner kat\u0131l\u0131yor.<\/p>\n\n\n\n<p>EUCOM komutan\u0131, Rusya Genelkurmay Ba\u015fkan\u0131 ile do\u011frudan ileti\u015fim kurma yetkisine sahip olduklar\u0131n\u0131 a\u00e7\u0131klad\u0131. Bu temas, yanl\u0131\u015f anlamalar\u0131 \u00f6nlemeye ve t\u0131rmanmay\u0131 engellemeye yard\u0131mc\u0131 olacak. EUCOM&#8217;un a\u00e7\u0131klamalar\u0131na g\u00f6re ayr\u0131ca, bu ileti\u015fim kanal\u0131 s\u00fcrd\u00fcr\u00fclebilir bir bar\u0131\u015f\u0131n temellerini atacak.<\/p>\n\n\n\n<p>EUCOM, ileti\u015fim kanal\u0131n\u0131n a\u00e7\u0131laca\u011f\u0131n\u0131 Stratejik Silahlar\u0131n Azalt\u0131lmas\u0131 Antla\u015fmas\u0131&#8217;n\u0131n <a href=\"https:\/\/epochtimestr.com\/index.php\/abd-ve-rusya-arasinda-nukleer-silah-gorusmeleri-suruyor\">(New START)<\/a> sona erdi\u011fi g\u00fcn duyurdu. New START, iki \u00fclkenin stratejik n\u00fckleer ba\u015fl\u0131k say\u0131s\u0131n\u0131 1.550 ile s\u0131n\u0131rlayan son n\u00fckleer anla\u015fmayd\u0131. Ayr\u0131ca, her iki \u00fclke, n\u00fckleer silah ta\u015f\u0131yan f\u00fcze ve bombard\u0131man u\u00e7aklar\u0131n\u0131 700 ile s\u0131n\u0131rlamay\u0131 kabul etmi\u015fti.<\/p>\n\n\n\n<p>ABD ve Rusya aras\u0131ndaki asker\u00ee ileti\u015fim t\u0131rmanan Ukrayna krizinin \u00e7\u00f6z\u00fclmesine y\u00f6nelik \u00f6nemli bir ad\u0131m olacak. ABD D\u0131\u015fi\u015fleri Bakanl\u0131\u011f\u0131, ilerleyen g\u00fcnlerde daha fazla ilerleme kaydedilmesini beklentisini dile getirdi. <\/p>\n","protected":false},"excerpt":{"rendered":"<p>ABD ve Rusya, 2021 sonras\u0131nda kesilen asker\u00ee ileti\u015fim kanal\u0131n\u0131 yeniden kurmaya karar verdi. ABD Avrupa Komutanl\u0131\u011f\u0131 (EUCOM), 5 \u015eubat&#8217;ta yapt\u0131\u011f\u0131 a\u00e7\u0131klamada bu karar\u0131n k\u00fcresel istikrar i\u00e7in \u00f6nemli oldu\u011funu belirtti. Komutanl\u0131k, ileti\u015fim kanal\u0131n\u0131n \u015feffafl\u0131\u011f\u0131 art\u0131rmak ve olas\u0131 gerilimleri \u00f6nlemek amac\u0131yla kuruldu\u011funu bildirdi. EUCOM \u00f6zellikle askeri temaslar\u0131n, &#8220;bar\u0131\u015f i\u00e7in g\u00fc\u00e7l\u00fc bir temel olu\u015fturaca\u011f\u0131n\u0131&#8221; vurgulad\u0131. ABD ve Rusya [&hellip;]<\/p>\n","protected":false},"author":13996,"featured_media":165546,"comment_status":"open","ping_status":"open","sticky":false,"template":"","format":"standard","meta":{"_yoast_wpseo_focuskw":"ABD - Rusya","_yoast_wpseo_title":"","_yoast_wpseo_metadesc":"ABD ve Rusya, askeri ileti\u015fim kanal\u0131n\u0131 yeniden a\u00e7t\u0131. Bu ad\u0131m, gerilimi azaltma ve bar\u0131\u015f s\u00fcrecine katk\u0131 sa\u011flama hedefi ta\u015f\u0131yor.","_bbp_topic_count":0,"_bbp_reply_count":0,"_bbp_total_topic_count":0,"_bbp_total_reply_count":0,"_bbp_voice_count":0,"_bbp_anonymous_reply_count":0,"_bbp_topic_count_hidden":0,"_bbp_reply_count_hidden":0,"_bbp_forum_subforum_count":0,"footnotes":"","_yoast_wpseo_focuskw_text_input":""},"categories":[5,1,8138],"tags":[10593,10599,10596,10597,9536,9269,10598,5764],"yoast_head":"<!-- This site is optimized with the Yoast SEO plugin v23.0 - https:\/\/yoast.com\/wordpress\/plugins\/seo\/ -->\n<title>ABD ve Rusya Aras\u0131ndaki Askeri \u0130leti\u015fim Kanal\u0131 Yeniden A\u00e7\u0131l\u0131yor - The Epoch Times TR<\/title>\n<meta name=\"description\" content=\"ABD ve Rusya, askeri ileti\u015fim kanal\u0131n\u0131 yeniden a\u00e7t\u0131. Bu ad\u0131m, gerilimi azaltma ve bar\u0131\u015f s\u00fcrecine katk\u0131 sa\u011flama hedefi ta\u015f\u0131yor.\" \/>\n<meta name=\"robots\" content=\"index, follow, max-snippet:-1, max-image-preview:large, max-video-preview:-1\" \/>\n<link rel=\"canonical\" href=\"https:\/\/epochtimestr.com\/index.php\/abd-ve-rusya-arasindaki-askeri-iletisim-kanali-yeniden-aciliyor\" \/>\n<meta property=\"og:locale\" content=\"tr_TR\" \/>\n<meta property=\"og:type\" content=\"article\" \/>\n<meta property=\"og:title\" content=\"ABD ve Rusya Aras\u0131ndaki Askeri \u0130leti\u015fim Kanal\u0131 Yeniden A\u00e7\u0131l\u0131yor - The Epoch Times TR\" \/>\n<meta property=\"og:description\" content=\"ABD ve Rusya, askeri ileti\u015fim kanal\u0131n\u0131 yeniden a\u00e7t\u0131. Bu ad\u0131m, gerilimi azaltma ve bar\u0131\u015f s\u00fcrecine katk\u0131 sa\u011flama hedefi ta\u015f\u0131yor.\" \/>\n<meta property=\"og:url\" content=\"https:\/\/epochtimestr.com\/index.php\/abd-ve-rusya-arasindaki-askeri-iletisim-kanali-yeniden-aciliyor\" \/>\n<meta property=\"og:site_name\" content=\"The Epoch Times TR\" \/>\n<meta property=\"article:publisher\" content=\"https:\/\/www.facebook.com\/theepochtimestr\" \/>\n<meta property=\"article:published_time\" content=\"2026-02-06T11:02:09+00:00\" \/>\n<meta property=\"article:modified_time\" content=\"2026-02-06T11:02:12+00:00\" \/>\n<meta property=\"og:image\" content=\"https:\/\/epochtimestr.com\/wp-content\/uploads\/2011y\/1000032941.webp\" \/>\n\t<meta property=\"og:image:width\" content=\"1080\" \/>\n\t<meta property=\"og:image:height\" content=\"720\" \/>\n\t<meta property=\"og:image:type\" content=\"image\/webp\" \/>\n<meta name=\"author\" content=\"Leo Bajelan\" \/>\n<meta name=\"twitter:card\" content=\"summary_large_image\" \/>\n<meta name=\"twitter:creator\" content=\"@TheEpochTimesTR\" \/>\n<meta name=\"twitter:site\" content=\"@TheEpochTimesTR\" \/>\n<meta name=\"twitter:label1\" content=\"Yazan:\" \/>\n\t<meta name=\"twitter:data1\" content=\"Leo Bajelan\" \/>\n\t<meta name=\"twitter:label2\" content=\"Tahmini okuma s\u00fcresi\" \/>\n\t<meta name=\"twitter:data2\" content=\"2 dakika\" \/>\n<script type=\"application\/ld+json\" class=\"yoast-schema-graph\">{\"@context\":\"https:\/\/schema.org\",\"@graph\":[{\"@type\":\"Article\",\"@id\":\"https:\/\/epochtimestr.com\/index.php\/abd-ve-rusya-arasindaki-askeri-iletisim-kanali-yeniden-aciliyor#article\",\"isPartOf\":{\"@id\":\"https:\/\/epochtimestr.com\/index.php\/abd-ve-rusya-arasindaki-askeri-iletisim-kanali-yeniden-aciliyor\"},\"author\":{\"name\":\"Leo Bajelan\",\"@id\":\"https:\/\/epochtimestr.com\/#\/schema\/person\/5fef218711d76d8f232b0e1f1d7e4c0d\"},\"headline\":\"ABD ve Rusya Aras\u0131ndaki Askeri \u0130leti\u015fim Kanal\u0131 Yeniden A\u00e7\u0131l\u0131yor\",\"datePublished\":\"2026-02-06T11:02:09+00:00\",\"dateModified\":\"2026-02-06T11:02:12+00:00\",\"mainEntityOfPage\":{\"@id\":\"https:\/\/epochtimestr.com\/index.php\/abd-ve-rusya-arasindaki-askeri-iletisim-kanali-yeniden-aciliyor\"},\"wordCount\":343,\"commentCount\":0,\"publisher\":{\"@id\":\"https:\/\/epochtimestr.com\/#organization\"},\"image\":{\"@id\":\"https:\/\/epochtimestr.com\/index.php\/abd-ve-rusya-arasindaki-askeri-iletisim-kanali-yeniden-aciliyor#primaryimage\"},\"thumbnailUrl\":\"https:\/\/epochtimestr.com\/wp-content\/uploads\/2011y\/1000032941.webp\",\"keywords\":[\"ABD ve Rusya\",\"asker\u00ee ileti\u015fim\",\"EUCOM\",\"Jared Kushner\",\"New START\",\"Steve Witkoff\",\"Stratejik Silahlar\u0131n Azalt\u0131lmas\u0131 Antla\u015fmas\u0131\",\"Trump\"],\"articleSection\":[\"D\u00dcNYA\",\"G\u00dcNDEM\",\"MAN\u015eET\"],\"inLanguage\":\"tr\",\"potentialAction\":[{\"@type\":\"CommentAction\",\"name\":\"Comment\",\"target\":[\"https:\/\/epochtimestr.com\/index.php\/abd-ve-rusya-arasindaki-askeri-iletisim-kanali-yeniden-aciliyor#respond\"]}]},{\"@type\":\"WebPage\",\"@id\":\"https:\/\/epochtimestr.com\/index.php\/abd-ve-rusya-arasindaki-askeri-iletisim-kanali-yeniden-aciliyor\",\"url\":\"https:\/\/epochtimestr.com\/index.php\/abd-ve-rusya-arasindaki-askeri-iletisim-kanali-yeniden-aciliyor\",\"name\":\"ABD ve Rusya Aras\u0131ndaki Askeri \u0130leti\u015fim Kanal\u0131 Yeniden A\u00e7\u0131l\u0131yor - The Epoch Times TR\",\"isPartOf\":{\"@id\":\"https:\/\/epochtimestr.com\/#website\"},\"primaryImageOfPage\":{\"@id\":\"https:\/\/epochtimestr.com\/index.php\/abd-ve-rusya-arasindaki-askeri-iletisim-kanali-yeniden-aciliyor#primaryimage\"},\"image\":{\"@id\":\"https:\/\/epochtimestr.com\/index.php\/abd-ve-rusya-arasindaki-askeri-iletisim-kanali-yeniden-aciliyor#primaryimage\"},\"thumbnailUrl\":\"https:\/\/epochtimestr.com\/wp-content\/uploads\/2011y\/1000032941.webp\",\"datePublished\":\"2026-02-06T11:02:09+00:00\",\"dateModified\":\"2026-02-06T11:02:12+00:00\",\"description\":\"ABD ve Rusya, askeri ileti\u015fim kanal\u0131n\u0131 yeniden a\u00e7t\u0131. Bu ad\u0131m, gerilimi azaltma ve bar\u0131\u015f s\u00fcrecine katk\u0131 sa\u011flama hedefi ta\u015f\u0131yor.\",\"inLanguage\":\"tr\",\"potentialAction\":[{\"@type\":\"ReadAction\",\"target\":[\"https:\/\/epochtimestr.com\/index.php\/abd-ve-rusya-arasindaki-askeri-iletisim-kanali-yeniden-aciliyor\"]}]},{\"@type\":\"ImageObject\",\"inLanguage\":\"tr\",\"@id\":\"https:\/\/epochtimestr.com\/index.php\/abd-ve-rusya-arasindaki-askeri-iletisim-kanali-yeniden-aciliyor#primaryimage\",\"url\":\"https:\/\/epochtimestr.com\/wp-content\/uploads\/2011y\/1000032941.webp\",\"contentUrl\":\"https:\/\/epochtimestr.com\/wp-content\/uploads\/2011y\/1000032941.webp\",\"width\":1080,\"height\":720},{\"@type\":\"WebSite\",\"@id\":\"https:\/\/epochtimestr.com\/#website\",\"url\":\"https:\/\/epochtimestr.com\/\",\"name\":\"The Epoch Times TR\",\"description\":\"De\u011fi\u015fen D\u00fcnyam\u0131za Taze Bir Bak\u0131\u015f\",\"publisher\":{\"@id\":\"https:\/\/epochtimestr.com\/#organization\"},\"potentialAction\":[{\"@type\":\"SearchAction\",\"target\":{\"@type\":\"EntryPoint\",\"urlTemplate\":\"https:\/\/epochtimestr.com\/?s={search_term_string}\"},\"query-input\":\"required name=search_term_string\"}],\"inLanguage\":\"tr\"},{\"@type\":\"Organization\",\"@id\":\"https:\/\/epochtimestr.com\/#organization\",\"name\":\"The EpochTimes T\u00fcrkiye\",\"url\":\"https:\/\/epochtimestr.com\/\",\"logo\":{\"@type\":\"ImageObject\",\"inLanguage\":\"tr\",\"@id\":\"https:\/\/epochtimestr.com\/#\/schema\/logo\/image\/\",\"url\":\"https:\/\/epochtimestr.com\/wp-content\/uploads\/2011y\/ET-Logo-YG.jpg\",\"contentUrl\":\"https:\/\/epochtimestr.com\/wp-content\/uploads\/2011y\/ET-Logo-YG.jpg\",\"width\":346,\"height\":29,\"caption\":\"The EpochTimes T\u00fcrkiye\"},\"image\":{\"@id\":\"https:\/\/epochtimestr.com\/#\/schema\/logo\/image\/\"},\"sameAs\":[\"https:\/\/www.facebook.com\/theepochtimestr\",\"https:\/\/x.com\/TheEpochTimesTR\",\"https:\/\/www.instagram.com\/epochtimestr\"]},{\"@type\":\"Person\",\"@id\":\"https:\/\/epochtimestr.com\/#\/schema\/person\/5fef218711d76d8f232b0e1f1d7e4c0d\",\"name\":\"Leo Bajelan\",\"image\":{\"@type\":\"ImageObject\",\"inLanguage\":\"tr\",\"@id\":\"https:\/\/epochtimestr.com\/#\/schema\/person\/image\/\",\"url\":\"https:\/\/secure.gravatar.com\/avatar\/917669146f489549e548a2e9af272df5?s=96&d=mm&r=g\",\"contentUrl\":\"https:\/\/secure.gravatar.com\/avatar\/917669146f489549e548a2e9af272df5?s=96&d=mm&r=g\",\"caption\":\"Leo Bajelan\"},\"url\":\"https:\/\/epochtimestr.com\/index.php\/author\/leo\"}]}<\/script>\n<!-- \/ Yoast SEO plugin. -->","yoast_head_json":{"title":"ABD ve Rusya Aras\u0131ndaki Askeri \u0130leti\u015fim Kanal\u0131 Yeniden A\u00e7\u0131l\u0131yor - The Epoch Times TR","description":"ABD ve Rusya, askeri ileti\u015fim kanal\u0131n\u0131 yeniden a\u00e7t\u0131. Bu ad\u0131m, gerilimi azaltma ve bar\u0131\u015f s\u00fcrecine katk\u0131 sa\u011flama hedefi ta\u015f\u0131yor.","robots":{"index":"index","follow":"follow","max-snippet":"max-snippet:-1","max-image-preview":"max-image-preview:large","max-video-preview":"max-video-preview:-1"},"canonical":"https:\/\/epochtimestr.com\/index.php\/abd-ve-rusya-arasindaki-askeri-iletisim-kanali-yeniden-aciliyor","og_locale":"tr_TR","og_type":"article","og_title":"ABD ve Rusya Aras\u0131ndaki Askeri \u0130leti\u015fim Kanal\u0131 Yeniden A\u00e7\u0131l\u0131yor - The Epoch Times TR","og_description":"ABD ve Rusya, askeri ileti\u015fim kanal\u0131n\u0131 yeniden a\u00e7t\u0131. Bu ad\u0131m, gerilimi azaltma ve bar\u0131\u015f s\u00fcrecine katk\u0131 sa\u011flama hedefi ta\u015f\u0131yor.","og_url":"https:\/\/epochtimestr.com\/index.php\/abd-ve-rusya-arasindaki-askeri-iletisim-kanali-yeniden-aciliyor","og_site_name":"The Epoch Times TR","article_publisher":"https:\/\/www.facebook.com\/theepochtimestr","article_published_time":"2026-02-06T11:02:09+00:00","article_modified_time":"2026-02-06T11:02:12+00:00","og_image":[{"width":1080,"height":720,"url":"https:\/\/epochtimestr.com\/wp-content\/uploads\/2011y\/1000032941.webp","type":"image\/webp"}],"author":"Leo Bajelan","twitter_card":"summary_large_image","twitter_creator":"@TheEpochTimesTR","twitter_site":"@TheEpochTimesTR","twitter_misc":{"Yazan:":"Leo Bajelan","Tahmini okuma s\u00fcresi":"2 dakika"},"schema":{"@context":"https:\/\/schema.org","@graph":[{"@type":"Article","@id":"https:\/\/epochtimestr.com\/index.php\/abd-ve-rusya-arasindaki-askeri-iletisim-kanali-yeniden-aciliyor#article","isPartOf":{"@id":"https:\/\/epochtimestr.com\/index.php\/abd-ve-rusya-arasindaki-askeri-iletisim-kanali-yeniden-aciliyor"},"author":{"name":"Leo Bajelan","@id":"https:\/\/epochtimestr.com\/#\/schema\/person\/5fef218711d76d8f232b0e1f1d7e4c0d"},"headline":"ABD ve Rusya Aras\u0131ndaki Askeri \u0130leti\u015fim Kanal\u0131 Yeniden A\u00e7\u0131l\u0131yor","datePublished":"2026-02-06T11:02:09+00:00","dateModified":"2026-02-06T11:02:12+00:00","mainEntityOfPage":{"@id":"https:\/\/epochtimestr.com\/index.php\/abd-ve-rusya-arasindaki-askeri-iletisim-kanali-yeniden-aciliyor"},"wordCount":343,"commentCount":0,"publisher":{"@id":"https:\/\/epochtimestr.com\/#organization"},"image":{"@id":"https:\/\/epochtimestr.com\/index.php\/abd-ve-rusya-arasindaki-askeri-iletisim-kanali-yeniden-aciliyor#primaryimage"},"thumbnailUrl":"https:\/\/epochtimestr.com\/wp-content\/uploads\/2011y\/1000032941.webp","keywords":["ABD ve Rusya","asker\u00ee ileti\u015fim","EUCOM","Jared Kushner","New START","Steve Witkoff","Stratejik Silahlar\u0131n Azalt\u0131lmas\u0131 Antla\u015fmas\u0131","Trump"],"articleSection":["D\u00dcNYA","G\u00dcNDEM","MAN\u015eET"],"inLanguage":"tr","potentialAction":[{"@type":"CommentAction","name":"Comment","target":["https:\/\/epochtimestr.com\/index.php\/abd-ve-rusya-arasindaki-askeri-iletisim-kanali-yeniden-aciliyor#respond"]}]},{"@type":"WebPage","@id":"https:\/\/epochtimestr.com\/index.php\/abd-ve-rusya-arasindaki-askeri-iletisim-kanali-yeniden-aciliyor","url":"https:\/\/epochtimestr.com\/index.php\/abd-ve-rusya-arasindaki-askeri-iletisim-kanali-yeniden-aciliyor","name":"ABD ve Rusya Aras\u0131ndaki Askeri \u0130leti\u015fim Kanal\u0131 Yeniden A\u00e7\u0131l\u0131yor - The Epoch Times TR","isPartOf":{"@id":"https:\/\/epochtimestr.com\/#website"},"primaryImageOfPage":{"@id":"https:\/\/epochtimestr.com\/index.php\/abd-ve-rusya-arasindaki-askeri-iletisim-kanali-yeniden-aciliyor#primaryimage"},"image":{"@id":"https:\/\/epochtimestr.com\/index.php\/abd-ve-rusya-arasindaki-askeri-iletisim-kanali-yeniden-aciliyor#primaryimage"},"thumbnailUrl":"https:\/\/epochtimestr.com\/wp-content\/uploads\/2011y\/1000032941.webp","datePublished":"2026-02-06T11:02:09+00:00","dateModified":"2026-02-06T11:02:12+00:00","description":"ABD ve Rusya, askeri ileti\u015fim kanal\u0131n\u0131 yeniden a\u00e7t\u0131. Bu ad\u0131m, gerilimi azaltma ve bar\u0131\u015f s\u00fcrecine katk\u0131 sa\u011flama hedefi ta\u015f\u0131yor.","inLanguage":"tr","potentialAction":[{"@type":"ReadAction","target":["https:\/\/epochtimestr.com\/index.php\/abd-ve-rusya-arasindaki-askeri-iletisim-kanali-yeniden-aciliyor"]}]},{"@type":"ImageObject","inLanguage":"tr","@id":"https:\/\/epochtimestr.com\/index.php\/abd-ve-rusya-arasindaki-askeri-iletisim-kanali-yeniden-aciliyor#primaryimage","url":"https:\/\/epochtimestr.com\/wp-content\/uploads\/2011y\/1000032941.webp","contentUrl":"https:\/\/epochtimestr.com\/wp-content\/uploads\/2011y\/1000032941.webp","width":1080,"height":720},{"@type":"WebSite","@id":"https:\/\/epochtimestr.com\/#website","url":"https:\/\/epochtimestr.com\/","name":"The Epoch Times TR","description":"De\u011fi\u015fen D\u00fcnyam\u0131za Taze Bir Bak\u0131\u015f","publisher":{"@id":"https:\/\/epochtimestr.com\/#organization"},"potentialAction":[{"@type":"SearchAction","target":{"@type":"EntryPoint","urlTemplate":"https:\/\/epochtimestr.com\/?s={search_term_string}"},"query-input":"required name=search_term_string"}],"inLanguage":"tr"},{"@type":"Organization","@id":"https:\/\/epochtimestr.com\/#organization","name":"The EpochTimes T\u00fcrkiye","url":"https:\/\/epochtimestr.com\/","logo":{"@type":"ImageObject","inLanguage":"tr","@id":"https:\/\/epochtimestr.com\/#\/schema\/logo\/image\/","url":"https:\/\/epochtimestr.com\/wp-content\/uploads\/2011y\/ET-Logo-YG.jpg","contentUrl":"https:\/\/epochtimestr.com\/wp-content\/uploads\/2011y\/ET-Logo-YG.jpg","width":346,"height":29,"caption":"The EpochTimes T\u00fcrkiye"},"image":{"@id":"https:\/\/epochtimestr.com\/#\/schema\/logo\/image\/"},"sameAs":["https:\/\/www.facebook.com\/theepochtimestr","https:\/\/x.com\/TheEpochTimesTR","https:\/\/www.instagram.com\/epochtimestr"]},{"@type":"Person","@id":"https:\/\/epochtimestr.com\/#\/schema\/person\/5fef218711d76d8f232b0e1f1d7e4c0d","name":"Leo Bajelan","image":{"@type":"ImageObject","inLanguage":"tr","@id":"https:\/\/epochtimestr.com\/#\/schema\/person\/image\/","url":"https:\/\/secure.gravatar.com\/avatar\/917669146f489549e548a2e9af272df5?s=96&d=mm&r=g","contentUrl":"https:\/\/secure.gravatar.com\/avatar\/917669146f489549e548a2e9af272df5?s=96&d=mm&r=g","caption":"Leo Bajelan"},"url":"https:\/\/epochtimestr.com\/index.php\/author\/leo"}]}},"_links":{"self":[{"href":"https:\/\/epochtimestr.com\/index.php\/wp-json\/wp\/v2\/posts\/165545"}],"collection":[{"href":"https:\/\/epochtimestr.com\/index.php\/wp-json\/wp\/v2\/posts"}],"about":[{"href":"https:\/\/epochtimestr.com\/index.php\/wp-json\/wp\/v2\/types\/post"}],"author":[{"embeddable":true,"href":"https:\/\/epochtimestr.com\/index.php\/wp-json\/wp\/v2\/users\/13996"}],"replies":[{"embeddable":true,"href":"https:\/\/epochtimestr.com\/index.php\/wp-json\/wp\/v2\/comments?post=165545"}],"version-history":[{"count":2,"href":"https:\/\/epochtimestr.com\/index.php\/wp-json\/wp\/v2\/posts\/165545\/revisions"}],"predecessor-version":[{"id":165560,"href":"https:\/\/epochtimestr.com\/index.php\/wp-json\/wp\/v2\/posts\/165545\/revisions\/165560"}],"wp:featuredmedia":[{"embeddable":true,"href":"https:\/\/epochtimestr.com\/index.php\/wp-json\/wp\/v2\/media\/165546"}],"wp:attachment":[{"href":"https:\/\/epochtimestr.com\/index.php\/wp-json\/wp\/v2\/media?parent=165545"}],"wp:term":[{"taxonomy":"category","embeddable":true,"href":"https:\/\/epochtimestr.com\/index.php\/wp-json\/wp\/v2\/categories?post=165545"},{"taxonomy":"post_tag","embeddable":true,"href":"https:\/\/epochtimestr.com\/index.php\/wp-json\/wp\/v2\/tags?post=165545"}],"curies":[{"name":"wp","href":"https:\/\/api.w.org\/{rel}","templated":true}]}}