{"id":165579,"date":"2026-02-09T12:57:05","date_gmt":"2026-02-09T09:57:05","guid":{"rendered":"https:\/\/epochtimestr.com\/?p=165579"},"modified":"2026-02-09T12:57:07","modified_gmt":"2026-02-09T09:57:07","slug":"nobel-odullu-iranli-aktivist-narges-mohammadiye-75-yil-hapis","status":"publish","type":"post","link":"https:\/\/epochtimestr.com\/index.php\/nobel-odullu-iranli-aktivist-narges-mohammadiye-75-yil-hapis","title":{"rendered":"Nobel \u00d6d\u00fcll\u00fc \u0130ranl\u0131 Aktivist Narges Mohammadi\u2019ye 7,5 Y\u0131l Hapis"},"content":{"rendered":"<div class=\"wp-block-image\">\n<figure class=\"aligncenter size-full\"><img loading=\"lazy\" decoding=\"async\" width=\"1080\" height=\"720\" src=\"https:\/\/epochtimestr.com\/wp-content\/uploads\/2011y\/1000033016.webp\" alt=\"Ali Rahmani, 2023 Nobel Bar\u0131\u015f \u00d6d\u00fcl\u00fc'n\u00fc kazanan, hapis tutulan \u0130ranl\u0131 insan haklar\u0131 aktivisti Narges Mohammadi'nin o\u011flu, 10 Aral\u0131k 2023'te Norve\u00e7'in Oslo Belediye Saray\u0131'nda \u00f6d\u00fcl\u00fc annesi ad\u0131na ald\u0131ktan sonra konu\u015fma yapt\u0131. (Foto\u011fraf: NTB\/Fredrik Varfjell, Reuters arac\u0131l\u0131\u011f\u0131yla)\" class=\"wp-image-165580\" srcset=\"https:\/\/epochtimestr.com\/wp-content\/uploads\/2011y\/1000033016.webp 1080w, https:\/\/epochtimestr.com\/wp-content\/uploads\/2011y\/1000033016-300x200.webp 300w, https:\/\/epochtimestr.com\/wp-content\/uploads\/2011y\/1000033016-150x100.webp 150w, https:\/\/epochtimestr.com\/wp-content\/uploads\/2011y\/1000033016-768x512.webp 768w\" sizes=\"(max-width: 1080px) 100vw, 1080px\" \/><figcaption class=\"wp-element-caption\">Hapis tutulan \u0130ranl\u0131 insan haklar\u0131 aktivisti Narges Mohammadi&#8217;nin o\u011flu Ali Rahmani, 2023 Nobel Bar\u0131\u015f \u00d6d\u00fcl\u00fc&#8217;n\u00fc annesi ad\u0131na ald\u0131ktan sonra konu\u015fma yapt\u0131. 10 Aral\u0131k 2023, Oslo Belediye Saray\u0131, Norve\u00e7. (Foto\u011fraf: The Epoch Times arac\u0131l\u0131\u011f\u0131yla, NTB, Fredrik Varfjell, Reuters)<\/figcaption><\/figure><\/div>\n\n\n<p>\u0130ranl\u0131 insan haklar\u0131 aktivisti ve <a href=\"https:\/\/www.theepochtimes.com\/world\/irans-nobel-winner-narges-mohammadi-faces-new-prison-term-of-more-than-7-years-5982484\" target=\"_blank\" rel=\"noreferrer noopener\">2023 Nobel Bar\u0131\u015f \u00d6d\u00fcl\u00fc<\/a> sahibi Narges Mohammadi, 7 y\u0131l 6 ay hapis cezas\u0131na \u00e7arpt\u0131r\u0131ld\u0131. Mohammadi, \u0130ran\u2019da kad\u0131n haklar\u0131 i\u00e7in verdi\u011fi m\u00fccadele nedeniyle defalarca tutuklanm\u0131\u015ft\u0131. <\/p>\n\n\n\n<p>Narges Mohammadi, kad\u0131n haklar\u0131 ve \u00f6l\u00fcm cezas\u0131 kar\u015f\u0131t\u0131 m\u00fccadelesiyle tan\u0131n\u0131yor. 53 ya\u015f\u0131ndaki Mohammadi, 2023 y\u0131l\u0131n\u0131n Aral\u0131k ay\u0131nda \u0130ran\u2019\u0131n Mashhad kentinde yapt\u0131\u011f\u0131 a\u00e7\u0131klamalar nedeniyle tekrar tutuklanm\u0131\u015ft\u0131. Mohammadi, 12 Aral\u0131k\u2019taki a\u00e7\u0131klamalar\u0131yla avukat\u0131 Khosrow Alikordi&#8217;nin \u015f\u00fcpheli \u00f6l\u00fcm\u00fcne tepki g\u00f6stermi\u015fti.<\/p>\n\n\n\n<p>Son olarak, &#8220;toplant\u0131 ve ulusal g\u00fcvenli\u011fe kar\u015f\u0131 komplo kurma&#8221; nedeniyle 6 y\u0131l ceza ald\u0131. Ayr\u0131ca &#8220;h\u00fck\u00fcmet kar\u015f\u0131t\u0131 propaganda yapma&#8221; su\u00e7luyla ald\u0131\u011f\u0131 ceza 1.5 y\u0131l oldu. Bunlara ek olarak Narges Mohammadi, 2 y\u0131l \u00fclke i\u00e7i s\u00fcrg\u00fcn ve 2 y\u0131l s\u00fcreyle seyahat yasa\u011f\u0131 ald\u0131.<\/p>\n\n\n\n<p>Narges Mohammadi\u2019nin tutuklanmas\u0131ndan \u00f6nceki haftalarda \u0130ran\u2019da geni\u015f \u00e7apl\u0131 h\u00fck\u00fcmet kar\u015f\u0131t\u0131 <a href=\"https:\/\/epochtimestr.com\/index.php\/iran-abd-ile-nukleer-muzakereleri-reddetti\" target=\"_blank\" rel=\"noreferrer noopener\">protestolar<\/a> ger\u00e7ekle\u015fmi\u015fti. Bu protestolar\u0131n ba\u015flad\u0131\u011f\u0131 2023 y\u0131l\u0131n\u0131n Aral\u0131k ay\u0131nda, \u0130ran h\u00fck\u00fcmeti yine sert bir bask\u0131 s\u00fcrecine girmi\u015fti. Mohammadi tutuklanmadan \u00f6nce Alikordi&#8217;nin cenaze t\u00f6reninde, protestocular\u0131 h\u00fck\u00fcmeti ele\u015ftiren sloganlar atmaya te\u015fvik etmi\u015fti.<\/p>\n\n\n\n<p>Narges Mohammadi, bu y\u0131l ba\u015flar\u0131nda 7 g\u00fcn s\u00fcren a\u00e7l\u0131k grevine girmi\u015fti. A\u00e7l\u0131k grevi, 2026 \u015eubat ay\u0131n\u0131n ilk g\u00fcnlerinde sona erdi. A\u00e7l\u0131k grevinin ard\u0131ndan ailesi ve avukat\u0131, hapisteki durumuyla ilgili bas\u0131na a\u00e7\u0131klamalar yapt\u0131. <\/p>\n\n\n\n<h3 class=\"wp-block-heading\">\u0130ran\u2019\u0131n Kad\u0131n Haklar\u0131 ve Adalet Reformlar\u0131 \u00d6nc\u00fcs\u00fc: Narges Mohammadi<\/h3>\n\n\n\n<p>Y\u0131llarca s\u00fcren m\u00fccadelesinde, \u0130ran\u2019daki kad\u0131n haklar\u0131 ve adalet reformlar\u0131na \u00f6nc\u00fcl\u00fck etti. Mohammadi ayr\u0131ca 2023 Nobel Bar\u0131\u015f \u00d6d\u00fcl\u00fc\u2019n\u00fc kazand\u0131\u011f\u0131 g\u00fcnlerde de hapisteydi. Bu nedenle Nobel Bar\u0131\u015f \u00d6d\u00fcl\u00fcn\u00fc,  o\u011flu Ali Rahmani ald\u0131.<\/p>\n\n\n\n<p>Mohammadi\u2019nin tutuklulu\u011fu ve ald\u0131\u011f\u0131 cezalar, \u0130ran\u2019daki insan haklar\u0131 ihlallerinin bir \u00f6rne\u011fi olarak \u00f6ne \u00e7\u0131k\u0131yor. Mohammadi\u2019ye verilen ceza, \u0130ran&#8217;\u0131n \u00f6zellikle kad\u0131n haklar\u0131 konusundaki bask\u0131lar\u0131n\u0131n g\u00f6stergesi olarak uluslararas\u0131 alanda b\u00fcy\u00fck tepki topluyor. \u00dcstelik bu ceza \u0130ran h\u00fck\u00fcmetinin, protesto ve muhalefet seslerine y\u00f6nelik bask\u0131lar\u0131n\u0131n artt\u0131\u011f\u0131 d\u00f6neme denk geldi. <\/p>\n\n\n\n<p>Mohammadi\u2019nin m\u00fccadelesi, d\u00fcnyan\u0131n d\u00f6rt bir yan\u0131nda insan haklar\u0131 savunucular\u0131 taraf\u0131ndan takdirle kar\u015f\u0131lan\u0131yor. Ancak \u0130ran h\u00fck\u00fcmetinin bask\u0131c\u0131 politikalar\u0131, \u00f6zg\u00fcrl\u00fck ve hak aray\u0131\u015f\u0131ndaki ki\u015filere kar\u015f\u0131 giderek daha sertle\u015fiyor.<\/p>\n","protected":false},"excerpt":{"rendered":"<p>\u0130ranl\u0131 insan haklar\u0131 aktivisti ve 2023 Nobel Bar\u0131\u015f \u00d6d\u00fcl\u00fc sahibi Narges Mohammadi, 7 y\u0131l 6 ay hapis cezas\u0131na \u00e7arpt\u0131r\u0131ld\u0131. Mohammadi, \u0130ran\u2019da kad\u0131n haklar\u0131 i\u00e7in verdi\u011fi m\u00fccadele nedeniyle defalarca tutuklanm\u0131\u015ft\u0131. Narges Mohammadi, kad\u0131n haklar\u0131 ve \u00f6l\u00fcm cezas\u0131 kar\u015f\u0131t\u0131 m\u00fccadelesiyle tan\u0131n\u0131yor. 53 ya\u015f\u0131ndaki Mohammadi, 2023 y\u0131l\u0131n\u0131n Aral\u0131k ay\u0131nda \u0130ran\u2019\u0131n Mashhad kentinde yapt\u0131\u011f\u0131 a\u00e7\u0131klamalar nedeniyle tekrar tutuklanm\u0131\u015ft\u0131. Mohammadi, [&hellip;]<\/p>\n","protected":false},"author":13996,"featured_media":165580,"comment_status":"open","ping_status":"open","sticky":false,"template":"","format":"standard","meta":{"_yoast_wpseo_focuskw":"Narges Mohammadi","_yoast_wpseo_title":"","_yoast_wpseo_metadesc":"Nobel Bar\u0131\u015f \u00d6d\u00fcll\u00fc \u0130ranl\u0131 aktivist Narges Mohammadi, kad\u0131n haklar\u0131 ve adalet m\u00fccadelesi nedeniyle hapis cezas\u0131na \u00e7arpt\u0131r\u0131ld\u0131.","_bbp_topic_count":0,"_bbp_reply_count":0,"_bbp_total_topic_count":0,"_bbp_total_reply_count":0,"_bbp_voice_count":0,"_bbp_anonymous_reply_count":0,"_bbp_topic_count_hidden":0,"_bbp_reply_count_hidden":0,"_bbp_forum_subforum_count":0,"footnotes":"","_yoast_wpseo_focuskw_text_input":""},"categories":[5,1,8138],"tags":[10633,10503,2646,10634,9445,10632,10635,339,10626,10625],"yoast_head":"<!-- This site is optimized with the Yoast SEO plugin v23.0 - https:\/\/yoast.com\/wordpress\/plugins\/seo\/ -->\n<title>Nobel \u00d6d\u00fcll\u00fc \u0130ranl\u0131 Aktivist Narges Mohammadi\u2019ye 7,5 Y\u0131l Hapis - The Epoch Times TR<\/title>\n<meta name=\"description\" content=\"Nobel Bar\u0131\u015f \u00d6d\u00fcll\u00fc \u0130ranl\u0131 aktivist Narges Mohammadi, kad\u0131n haklar\u0131 ve adalet m\u00fccadelesi nedeniyle hapis cezas\u0131na \u00e7arpt\u0131r\u0131ld\u0131.\" \/>\n<meta name=\"robots\" content=\"index, follow, max-snippet:-1, max-image-preview:large, max-video-preview:-1\" \/>\n<link rel=\"canonical\" href=\"https:\/\/epochtimestr.com\/index.php\/nobel-odullu-iranli-aktivist-narges-mohammadiye-75-yil-hapis\" \/>\n<meta property=\"og:locale\" content=\"tr_TR\" \/>\n<meta property=\"og:type\" content=\"article\" \/>\n<meta property=\"og:title\" content=\"Nobel \u00d6d\u00fcll\u00fc \u0130ranl\u0131 Aktivist Narges Mohammadi\u2019ye 7,5 Y\u0131l Hapis - The Epoch Times TR\" \/>\n<meta property=\"og:description\" content=\"Nobel Bar\u0131\u015f \u00d6d\u00fcll\u00fc \u0130ranl\u0131 aktivist Narges Mohammadi, kad\u0131n haklar\u0131 ve adalet m\u00fccadelesi nedeniyle hapis cezas\u0131na \u00e7arpt\u0131r\u0131ld\u0131.\" \/>\n<meta property=\"og:url\" content=\"https:\/\/epochtimestr.com\/index.php\/nobel-odullu-iranli-aktivist-narges-mohammadiye-75-yil-hapis\" \/>\n<meta property=\"og:site_name\" content=\"The Epoch Times TR\" \/>\n<meta property=\"article:publisher\" content=\"https:\/\/www.facebook.com\/theepochtimestr\" \/>\n<meta property=\"article:published_time\" content=\"2026-02-09T09:57:05+00:00\" \/>\n<meta property=\"article:modified_time\" content=\"2026-02-09T09:57:07+00:00\" \/>\n<meta property=\"og:image\" content=\"https:\/\/epochtimestr.com\/wp-content\/uploads\/2011y\/1000033016.webp\" \/>\n\t<meta property=\"og:image:width\" content=\"1080\" \/>\n\t<meta property=\"og:image:height\" content=\"720\" \/>\n\t<meta property=\"og:image:type\" content=\"image\/webp\" \/>\n<meta name=\"author\" content=\"Leo Bajelan\" \/>\n<meta name=\"twitter:card\" content=\"summary_large_image\" \/>\n<meta name=\"twitter:creator\" content=\"@TheEpochTimesTR\" \/>\n<meta name=\"twitter:site\" content=\"@TheEpochTimesTR\" \/>\n<meta name=\"twitter:label1\" content=\"Yazan:\" \/>\n\t<meta name=\"twitter:data1\" content=\"Leo Bajelan\" \/>\n\t<meta name=\"twitter:label2\" content=\"Tahmini okuma s\u00fcresi\" \/>\n\t<meta name=\"twitter:data2\" content=\"3 dakika\" \/>\n<script type=\"application\/ld+json\" class=\"yoast-schema-graph\">{\"@context\":\"https:\/\/schema.org\",\"@graph\":[{\"@type\":\"Article\",\"@id\":\"https:\/\/epochtimestr.com\/index.php\/nobel-odullu-iranli-aktivist-narges-mohammadiye-75-yil-hapis#article\",\"isPartOf\":{\"@id\":\"https:\/\/epochtimestr.com\/index.php\/nobel-odullu-iranli-aktivist-narges-mohammadiye-75-yil-hapis\"},\"author\":{\"name\":\"Leo Bajelan\",\"@id\":\"https:\/\/epochtimestr.com\/#\/schema\/person\/5fef218711d76d8f232b0e1f1d7e4c0d\"},\"headline\":\"Nobel \u00d6d\u00fcll\u00fc \u0130ranl\u0131 Aktivist Narges Mohammadi\u2019ye 7,5 Y\u0131l Hapis\",\"datePublished\":\"2026-02-09T09:57:05+00:00\",\"dateModified\":\"2026-02-09T09:57:07+00:00\",\"mainEntityOfPage\":{\"@id\":\"https:\/\/epochtimestr.com\/index.php\/nobel-odullu-iranli-aktivist-narges-mohammadiye-75-yil-hapis\"},\"wordCount\":479,\"commentCount\":0,\"publisher\":{\"@id\":\"https:\/\/epochtimestr.com\/#organization\"},\"image\":{\"@id\":\"https:\/\/epochtimestr.com\/index.php\/nobel-odullu-iranli-aktivist-narges-mohammadiye-75-yil-hapis#primaryimage\"},\"thumbnailUrl\":\"https:\/\/epochtimestr.com\/wp-content\/uploads\/2011y\/1000033016.webp\",\"keywords\":[\"023 Nobel Bar\u0131\u015f \u00d6d\u00fcl\u00fc sahibi\",\"ABD \u0130ran sava\u015f\u0131\",\"adalet\",\"h\u00fck\u00fcmet kar\u015f\u0131t\u0131 propaganda\",\"H\u00fck\u00fcmet kar\u015f\u0131t\u0131 protestolar\",\"insan haklar\u0131 aktivisti\",\"insan haklar\u0131 ihlalleri\",\"kad\u0131n haklar\u0131\",\"Narges Mohammadi\",\"Nobel \u00d6d\u00fcll\u00fc\"],\"articleSection\":[\"D\u00dcNYA\",\"G\u00dcNDEM\",\"MAN\u015eET\"],\"inLanguage\":\"tr\",\"potentialAction\":[{\"@type\":\"CommentAction\",\"name\":\"Comment\",\"target\":[\"https:\/\/epochtimestr.com\/index.php\/nobel-odullu-iranli-aktivist-narges-mohammadiye-75-yil-hapis#respond\"]}]},{\"@type\":\"WebPage\",\"@id\":\"https:\/\/epochtimestr.com\/index.php\/nobel-odullu-iranli-aktivist-narges-mohammadiye-75-yil-hapis\",\"url\":\"https:\/\/epochtimestr.com\/index.php\/nobel-odullu-iranli-aktivist-narges-mohammadiye-75-yil-hapis\",\"name\":\"Nobel \u00d6d\u00fcll\u00fc \u0130ranl\u0131 Aktivist Narges Mohammadi\u2019ye 7,5 Y\u0131l Hapis - The Epoch Times TR\",\"isPartOf\":{\"@id\":\"https:\/\/epochtimestr.com\/#website\"},\"primaryImageOfPage\":{\"@id\":\"https:\/\/epochtimestr.com\/index.php\/nobel-odullu-iranli-aktivist-narges-mohammadiye-75-yil-hapis#primaryimage\"},\"image\":{\"@id\":\"https:\/\/epochtimestr.com\/index.php\/nobel-odullu-iranli-aktivist-narges-mohammadiye-75-yil-hapis#primaryimage\"},\"thumbnailUrl\":\"https:\/\/epochtimestr.com\/wp-content\/uploads\/2011y\/1000033016.webp\",\"datePublished\":\"2026-02-09T09:57:05+00:00\",\"dateModified\":\"2026-02-09T09:57:07+00:00\",\"description\":\"Nobel Bar\u0131\u015f \u00d6d\u00fcll\u00fc \u0130ranl\u0131 aktivist Narges Mohammadi, kad\u0131n haklar\u0131 ve adalet m\u00fccadelesi nedeniyle hapis cezas\u0131na \u00e7arpt\u0131r\u0131ld\u0131.\",\"inLanguage\":\"tr\",\"potentialAction\":[{\"@type\":\"ReadAction\",\"target\":[\"https:\/\/epochtimestr.com\/index.php\/nobel-odullu-iranli-aktivist-narges-mohammadiye-75-yil-hapis\"]}]},{\"@type\":\"ImageObject\",\"inLanguage\":\"tr\",\"@id\":\"https:\/\/epochtimestr.com\/index.php\/nobel-odullu-iranli-aktivist-narges-mohammadiye-75-yil-hapis#primaryimage\",\"url\":\"https:\/\/epochtimestr.com\/wp-content\/uploads\/2011y\/1000033016.webp\",\"contentUrl\":\"https:\/\/epochtimestr.com\/wp-content\/uploads\/2011y\/1000033016.webp\",\"width\":1080,\"height\":720},{\"@type\":\"WebSite\",\"@id\":\"https:\/\/epochtimestr.com\/#website\",\"url\":\"https:\/\/epochtimestr.com\/\",\"name\":\"The Epoch Times TR\",\"description\":\"De\u011fi\u015fen D\u00fcnyam\u0131za Taze Bir Bak\u0131\u015f\",\"publisher\":{\"@id\":\"https:\/\/epochtimestr.com\/#organization\"},\"potentialAction\":[{\"@type\":\"SearchAction\",\"target\":{\"@type\":\"EntryPoint\",\"urlTemplate\":\"https:\/\/epochtimestr.com\/?s={search_term_string}\"},\"query-input\":\"required name=search_term_string\"}],\"inLanguage\":\"tr\"},{\"@type\":\"Organization\",\"@id\":\"https:\/\/epochtimestr.com\/#organization\",\"name\":\"The EpochTimes T\u00fcrkiye\",\"url\":\"https:\/\/epochtimestr.com\/\",\"logo\":{\"@type\":\"ImageObject\",\"inLanguage\":\"tr\",\"@id\":\"https:\/\/epochtimestr.com\/#\/schema\/logo\/image\/\",\"url\":\"https:\/\/epochtimestr.com\/wp-content\/uploads\/2011y\/ET-Logo-YG.jpg\",\"contentUrl\":\"https:\/\/epochtimestr.com\/wp-content\/uploads\/2011y\/ET-Logo-YG.jpg\",\"width\":346,\"height\":29,\"caption\":\"The EpochTimes T\u00fcrkiye\"},\"image\":{\"@id\":\"https:\/\/epochtimestr.com\/#\/schema\/logo\/image\/\"},\"sameAs\":[\"https:\/\/www.facebook.com\/theepochtimestr\",\"https:\/\/x.com\/TheEpochTimesTR\",\"https:\/\/www.instagram.com\/epochtimestr\"]},{\"@type\":\"Person\",\"@id\":\"https:\/\/epochtimestr.com\/#\/schema\/person\/5fef218711d76d8f232b0e1f1d7e4c0d\",\"name\":\"Leo Bajelan\",\"image\":{\"@type\":\"ImageObject\",\"inLanguage\":\"tr\",\"@id\":\"https:\/\/epochtimestr.com\/#\/schema\/person\/image\/\",\"url\":\"https:\/\/secure.gravatar.com\/avatar\/917669146f489549e548a2e9af272df5?s=96&d=mm&r=g\",\"contentUrl\":\"https:\/\/secure.gravatar.com\/avatar\/917669146f489549e548a2e9af272df5?s=96&d=mm&r=g\",\"caption\":\"Leo Bajelan\"},\"url\":\"https:\/\/epochtimestr.com\/index.php\/author\/leo\"}]}<\/script>\n<!-- \/ Yoast SEO plugin. -->","yoast_head_json":{"title":"Nobel \u00d6d\u00fcll\u00fc \u0130ranl\u0131 Aktivist Narges Mohammadi\u2019ye 7,5 Y\u0131l Hapis - The Epoch Times TR","description":"Nobel Bar\u0131\u015f \u00d6d\u00fcll\u00fc \u0130ranl\u0131 aktivist Narges Mohammadi, kad\u0131n haklar\u0131 ve adalet m\u00fccadelesi nedeniyle hapis cezas\u0131na \u00e7arpt\u0131r\u0131ld\u0131.","robots":{"index":"index","follow":"follow","max-snippet":"max-snippet:-1","max-image-preview":"max-image-preview:large","max-video-preview":"max-video-preview:-1"},"canonical":"https:\/\/epochtimestr.com\/index.php\/nobel-odullu-iranli-aktivist-narges-mohammadiye-75-yil-hapis","og_locale":"tr_TR","og_type":"article","og_title":"Nobel \u00d6d\u00fcll\u00fc \u0130ranl\u0131 Aktivist Narges Mohammadi\u2019ye 7,5 Y\u0131l Hapis - The Epoch Times TR","og_description":"Nobel Bar\u0131\u015f \u00d6d\u00fcll\u00fc \u0130ranl\u0131 aktivist Narges Mohammadi, kad\u0131n haklar\u0131 ve adalet m\u00fccadelesi nedeniyle hapis cezas\u0131na \u00e7arpt\u0131r\u0131ld\u0131.","og_url":"https:\/\/epochtimestr.com\/index.php\/nobel-odullu-iranli-aktivist-narges-mohammadiye-75-yil-hapis","og_site_name":"The Epoch Times TR","article_publisher":"https:\/\/www.facebook.com\/theepochtimestr","article_published_time":"2026-02-09T09:57:05+00:00","article_modified_time":"2026-02-09T09:57:07+00:00","og_image":[{"width":1080,"height":720,"url":"https:\/\/epochtimestr.com\/wp-content\/uploads\/2011y\/1000033016.webp","type":"image\/webp"}],"author":"Leo Bajelan","twitter_card":"summary_large_image","twitter_creator":"@TheEpochTimesTR","twitter_site":"@TheEpochTimesTR","twitter_misc":{"Yazan:":"Leo Bajelan","Tahmini okuma s\u00fcresi":"3 dakika"},"schema":{"@context":"https:\/\/schema.org","@graph":[{"@type":"Article","@id":"https:\/\/epochtimestr.com\/index.php\/nobel-odullu-iranli-aktivist-narges-mohammadiye-75-yil-hapis#article","isPartOf":{"@id":"https:\/\/epochtimestr.com\/index.php\/nobel-odullu-iranli-aktivist-narges-mohammadiye-75-yil-hapis"},"author":{"name":"Leo Bajelan","@id":"https:\/\/epochtimestr.com\/#\/schema\/person\/5fef218711d76d8f232b0e1f1d7e4c0d"},"headline":"Nobel \u00d6d\u00fcll\u00fc \u0130ranl\u0131 Aktivist Narges Mohammadi\u2019ye 7,5 Y\u0131l Hapis","datePublished":"2026-02-09T09:57:05+00:00","dateModified":"2026-02-09T09:57:07+00:00","mainEntityOfPage":{"@id":"https:\/\/epochtimestr.com\/index.php\/nobel-odullu-iranli-aktivist-narges-mohammadiye-75-yil-hapis"},"wordCount":479,"commentCount":0,"publisher":{"@id":"https:\/\/epochtimestr.com\/#organization"},"image":{"@id":"https:\/\/epochtimestr.com\/index.php\/nobel-odullu-iranli-aktivist-narges-mohammadiye-75-yil-hapis#primaryimage"},"thumbnailUrl":"https:\/\/epochtimestr.com\/wp-content\/uploads\/2011y\/1000033016.webp","keywords":["023 Nobel Bar\u0131\u015f \u00d6d\u00fcl\u00fc sahibi","ABD \u0130ran sava\u015f\u0131","adalet","h\u00fck\u00fcmet kar\u015f\u0131t\u0131 propaganda","H\u00fck\u00fcmet kar\u015f\u0131t\u0131 protestolar","insan haklar\u0131 aktivisti","insan haklar\u0131 ihlalleri","kad\u0131n haklar\u0131","Narges Mohammadi","Nobel \u00d6d\u00fcll\u00fc"],"articleSection":["D\u00dcNYA","G\u00dcNDEM","MAN\u015eET"],"inLanguage":"tr","potentialAction":[{"@type":"CommentAction","name":"Comment","target":["https:\/\/epochtimestr.com\/index.php\/nobel-odullu-iranli-aktivist-narges-mohammadiye-75-yil-hapis#respond"]}]},{"@type":"WebPage","@id":"https:\/\/epochtimestr.com\/index.php\/nobel-odullu-iranli-aktivist-narges-mohammadiye-75-yil-hapis","url":"https:\/\/epochtimestr.com\/index.php\/nobel-odullu-iranli-aktivist-narges-mohammadiye-75-yil-hapis","name":"Nobel \u00d6d\u00fcll\u00fc \u0130ranl\u0131 Aktivist Narges Mohammadi\u2019ye 7,5 Y\u0131l Hapis - The Epoch Times TR","isPartOf":{"@id":"https:\/\/epochtimestr.com\/#website"},"primaryImageOfPage":{"@id":"https:\/\/epochtimestr.com\/index.php\/nobel-odullu-iranli-aktivist-narges-mohammadiye-75-yil-hapis#primaryimage"},"image":{"@id":"https:\/\/epochtimestr.com\/index.php\/nobel-odullu-iranli-aktivist-narges-mohammadiye-75-yil-hapis#primaryimage"},"thumbnailUrl":"https:\/\/epochtimestr.com\/wp-content\/uploads\/2011y\/1000033016.webp","datePublished":"2026-02-09T09:57:05+00:00","dateModified":"2026-02-09T09:57:07+00:00","description":"Nobel Bar\u0131\u015f \u00d6d\u00fcll\u00fc \u0130ranl\u0131 aktivist Narges Mohammadi, kad\u0131n haklar\u0131 ve adalet m\u00fccadelesi nedeniyle hapis cezas\u0131na \u00e7arpt\u0131r\u0131ld\u0131.","inLanguage":"tr","potentialAction":[{"@type":"ReadAction","target":["https:\/\/epochtimestr.com\/index.php\/nobel-odullu-iranli-aktivist-narges-mohammadiye-75-yil-hapis"]}]},{"@type":"ImageObject","inLanguage":"tr","@id":"https:\/\/epochtimestr.com\/index.php\/nobel-odullu-iranli-aktivist-narges-mohammadiye-75-yil-hapis#primaryimage","url":"https:\/\/epochtimestr.com\/wp-content\/uploads\/2011y\/1000033016.webp","contentUrl":"https:\/\/epochtimestr.com\/wp-content\/uploads\/2011y\/1000033016.webp","width":1080,"height":720},{"@type":"WebSite","@id":"https:\/\/epochtimestr.com\/#website","url":"https:\/\/epochtimestr.com\/","name":"The Epoch Times TR","description":"De\u011fi\u015fen D\u00fcnyam\u0131za Taze Bir Bak\u0131\u015f","publisher":{"@id":"https:\/\/epochtimestr.com\/#organization"},"potentialAction":[{"@type":"SearchAction","target":{"@type":"EntryPoint","urlTemplate":"https:\/\/epochtimestr.com\/?s={search_term_string}"},"query-input":"required name=search_term_string"}],"inLanguage":"tr"},{"@type":"Organization","@id":"https:\/\/epochtimestr.com\/#organization","name":"The EpochTimes T\u00fcrkiye","url":"https:\/\/epochtimestr.com\/","logo":{"@type":"ImageObject","inLanguage":"tr","@id":"https:\/\/epochtimestr.com\/#\/schema\/logo\/image\/","url":"https:\/\/epochtimestr.com\/wp-content\/uploads\/2011y\/ET-Logo-YG.jpg","contentUrl":"https:\/\/epochtimestr.com\/wp-content\/uploads\/2011y\/ET-Logo-YG.jpg","width":346,"height":29,"caption":"The EpochTimes T\u00fcrkiye"},"image":{"@id":"https:\/\/epochtimestr.com\/#\/schema\/logo\/image\/"},"sameAs":["https:\/\/www.facebook.com\/theepochtimestr","https:\/\/x.com\/TheEpochTimesTR","https:\/\/www.instagram.com\/epochtimestr"]},{"@type":"Person","@id":"https:\/\/epochtimestr.com\/#\/schema\/person\/5fef218711d76d8f232b0e1f1d7e4c0d","name":"Leo Bajelan","image":{"@type":"ImageObject","inLanguage":"tr","@id":"https:\/\/epochtimestr.com\/#\/schema\/person\/image\/","url":"https:\/\/secure.gravatar.com\/avatar\/917669146f489549e548a2e9af272df5?s=96&d=mm&r=g","contentUrl":"https:\/\/secure.gravatar.com\/avatar\/917669146f489549e548a2e9af272df5?s=96&d=mm&r=g","caption":"Leo Bajelan"},"url":"https:\/\/epochtimestr.com\/index.php\/author\/leo"}]}},"_links":{"self":[{"href":"https:\/\/epochtimestr.com\/index.php\/wp-json\/wp\/v2\/posts\/165579"}],"collection":[{"href":"https:\/\/epochtimestr.com\/index.php\/wp-json\/wp\/v2\/posts"}],"about":[{"href":"https:\/\/epochtimestr.com\/index.php\/wp-json\/wp\/v2\/types\/post"}],"author":[{"embeddable":true,"href":"https:\/\/epochtimestr.com\/index.php\/wp-json\/wp\/v2\/users\/13996"}],"replies":[{"embeddable":true,"href":"https:\/\/epochtimestr.com\/index.php\/wp-json\/wp\/v2\/comments?post=165579"}],"version-history":[{"count":3,"href":"https:\/\/epochtimestr.com\/index.php\/wp-json\/wp\/v2\/posts\/165579\/revisions"}],"predecessor-version":[{"id":165591,"href":"https:\/\/epochtimestr.com\/index.php\/wp-json\/wp\/v2\/posts\/165579\/revisions\/165591"}],"wp:featuredmedia":[{"embeddable":true,"href":"https:\/\/epochtimestr.com\/index.php\/wp-json\/wp\/v2\/media\/165580"}],"wp:attachment":[{"href":"https:\/\/epochtimestr.com\/index.php\/wp-json\/wp\/v2\/media?parent=165579"}],"wp:term":[{"taxonomy":"category","embeddable":true,"href":"https:\/\/epochtimestr.com\/index.php\/wp-json\/wp\/v2\/categories?post=165579"},{"taxonomy":"post_tag","embeddable":true,"href":"https:\/\/epochtimestr.com\/index.php\/wp-json\/wp\/v2\/tags?post=165579"}],"curies":[{"name":"wp","href":"https:\/\/api.w.org\/{rel}","templated":true}]}}