{"id":165596,"date":"2026-02-10T09:29:22","date_gmt":"2026-02-10T06:29:22","guid":{"rendered":"https:\/\/epochtimestr.com\/?p=165596"},"modified":"2026-02-10T09:29:56","modified_gmt":"2026-02-10T06:29:56","slug":"ozdemir-bayraktar-belgeseli","status":"publish","type":"post","link":"https:\/\/epochtimestr.com\/index.php\/ozdemir-bayraktar-belgeseli","title":{"rendered":"\u00d6zdemir Bayraktar Belgeseli"},"content":{"rendered":"\n<p class=\"has-text-align-right\">\u201cBir \u015fey de\u011fi\u015fir, \u00e7ok \u015fey de\u011fi\u015fir\u201d<\/p>\n\n\n\n<p>Beklenen belgesel nihayet vizyona girdi. TRT Belgesel kanal\u0131nda yay\u0131nland\u0131\u011f\u0131 g\u00fcn, kar\u0131\u015f\u0131k duygular i\u00e7erisinde izledim. K\u00e2h h\u00fcz\u00fcnlendim, k\u00e2h \u00f6fke doldum, k\u00e2h gurur duydum. Genelde g\u00f6zlerim doluydu. Hele Cem Karaca\u2019n\u0131n \u015fark\u0131s\u0131 geldi\u011finde t\u00fcm hislerimin bo\u015fald\u0131\u011f\u0131 and\u0131. Sonunda bu \u00fclkenin milyonlarca haine, i\u015fbirlik\u00e7iye ra\u011fmen, ni\u00e7in y\u0131k\u0131lmad\u0131\u011f\u0131n\u0131, y\u0131k\u0131lamad\u0131\u011f\u0131n\u0131 anlad\u0131m. Meleklerin kanatlar\u0131nda gidiyor \u00fclkem. \u0130lahi bir g\u00fc\u00e7 koruyor bizleri. Tabii bunu aram\u0131zdaki ki\u015filer arac\u0131l\u0131\u011f\u0131yla yap\u0131yor.<\/p>\n\n\n\n<p>\u00d6zdemir Bayraktar ve ailesi \u00fclkemiz i\u00e7in bir \u015fanst\u0131r. Adeta kurtulu\u015f re\u00e7etesidir. Akl\u0131ma hemen nal &#8211; at temsili geldi. Yeri gelir bir nal bir at\u0131, bir at bir askeri, bir asker bir orduyu, bir ordu bir \u00fclkeyi kurtar\u0131r. \u0130\u015fte 5 kiloluk elden at\u0131lan bir S\u0130HA buna yol a\u00e7t\u0131. 20 y\u0131lda jet motorlu, yapay zek\u00e2l\u0131, 10 tonluk insans\u0131z sava\u015f u\u00e7a\u011f\u0131na d\u00f6n\u00fc\u015ft\u00fc ve \u201cK\u0131z\u0131lelma\u201d diye g\u00f6r\u00fcnd\u00fc.<\/p>\n\n\n\n<p>Gazi komutan ne demi\u015fti: \u201cBir S\u0130HA, bir tabur askerin bir haftada yapt\u0131\u011f\u0131 ke\u015fif &#8211; g\u00f6zetleme, intikal, ku\u015fatma ve s\u0131cak temas\u0131, bir saatte \u00fcstelik kay\u0131ps\u0131z tamaml\u0131yor.\u201d Bu b\u00fcy\u00fck bir \u00e7arpan etkisidir. \u00d6nce T\u00fcrkiye i\u00e7erisinde etkisini kan\u0131tlad\u0131. Sonra yak\u0131n co\u011frafyalarda i\u015fe yarad\u0131 ve \u015fimdilerde de uzak co\u011frafyalarda mazlum \u00fclkeleri, i\u00e7ine d\u00fc\u015ft\u00fckleri ter\u00f6r belas\u0131ndan, vek\u00e2let sava\u015flar\u0131ndan kurtar\u0131yor&#8230;<\/p>\n\n\n\n<p>\u00d6zdemir Bayraktar Belgeseli sadece bir belgesel de\u011fil. Tarihe d\u00fc\u015f\u00fclen ibretlik bir nottur. Kararl\u0131, \u00e7al\u0131\u015fkan, namuslu, mert, vatansever bir y\u00fcre\u011fin, \u00fclkenin mak\u00fbs talihini nas\u0131l yenebilece\u011finin bir kan\u0131t\u0131d\u0131r. Gelecek ku\u015faklara b\u0131rak\u0131lacak m\u00fckemmel numunedir.<\/p>\n\n\n\n<p>Aman Allah\u2019\u0131m ne t\u00fcr badireler atlatm\u0131\u015f\u0131z, ne t\u00fcr d\u00fc\u015fmanl\u0131klara maruz kalm\u0131\u015f\u0131z. D\u00fc\u015fmanl\u0131k derken, yine bu milletin i\u00e7inden \u00e7\u0131kan d\u00fc\u015fmanlar, ajanlar, sat\u0131lm\u0131\u015f hainler&#8230; Kimi \u00fcniforma alt\u0131nda, kimi b\u00fcrokrat k\u0131l\u0131\u011f\u0131nda, kimi i\u015fadam\u0131, siyaset\u00e7i, akademisyen, gazeteci, yazar&#8230; Ruhlar\u0131n\u0131 \u00fclke d\u00fc\u015fmanlar\u0131na teslim etmi\u015fler.<\/p>\n\n\n\n<p>Aman Allah\u2019\u0131m ne engellemeler, ne \u00e7amur atmalar, ne g\u00fc\u00e7l\u00fckler&#8230; \u00d6zdemir Bayraktar t\u00fcm bunlar\u0131n \u00fcstesinden nas\u0131l geldi? Y\u00fcre\u011fi yetmedi tabii. \u0130ki kez aort y\u0131rt\u0131lmas\u0131 ge\u00e7irdi. Dayand\u0131&#8230; Ama t\u00fcm\u00f6re yenik d\u00fc\u015ft\u00fc. Y\u0131llar boyu \u00e7al\u0131\u015ft\u0131, \u00e7al\u0131\u015ft\u0131&#8230; \u00c7al\u0131\u015fmak onun i\u00e7in ibadetti. Onu \u00e7al\u0131\u015fmak y\u0131ld\u0131rmad\u0131 fakat u\u011frad\u0131\u011f\u0131 haks\u0131zl\u0131klar, vefas\u0131zl\u0131klar y\u0131ld\u0131rd\u0131. Ancak yenmesi i\u00e7in gerekli panzehri de vard\u0131. Vatansever askerler, komutanlar, vatanda\u015flar, kimsesiz mazlumlar onun ilac\u0131yd\u0131.<\/p>\n\n\n\n<p>M\u00fchendisli\u011fi milli mesele h\u00e2line getirdi. Ar-Ge\u2019ye, gen\u00e7lere \u00f6nem verdi, zaman ay\u0131rd\u0131. Teknofest ku\u015fa\u011f\u0131n\u0131n temellerini att\u0131. Dahas\u0131, iki evlad\u0131n\u0131 riske soktu. Onlar\u0131 yan\u0131na alarak \u00f6mr\u00fcn\u00fcn 4 y\u0131l\u0131n\u0131 askerlerimizle birlikte da\u011fda, arazide ge\u00e7irdi.<\/p>\n\n\n\n<p>Elbette vatanseverler, sessiz \u00e7o\u011funluk, sab\u0131rl\u0131 kitlelerin say\u0131s\u0131 daha fazla \u00fclkede. Di\u011ferleri bo\u015f teneke ama sesleri \u00e7ok \u00e7\u0131k\u0131yor. Hele o zamanlar medya, her \u015fey ellerinde idi. \u00d6zdemir Bayraktar isteseydi bo\u011faz kenar\u0131nda rahat\u0131na bakar, g\u00fczel bir ya\u015fam s\u00fcrerdi. Bunu yapacak yeterli i\u015fi, paras\u0131 vard\u0131. Ama o zor olana talip oldu. \u0130\u00e7indeki ate\u015fin, iste\u011fin, vatan &#8211; insan sevgisinin pe\u015finden gitti. Sa\u011fl\u0131\u011f\u0131 pahas\u0131na, korkusuzca&#8230;<\/p>\n\n\n\n<p>Hep derim 15 Temmuz 2016 bir milatt\u0131r. T\u00fcrkiye\u2019nin prangalar\u0131ndan kurtuldu\u011fu tarihtir. Her yere, her \u015feye n\u00fcfuz etmi\u015f bir \u00e7eteden kurtulu\u015f tarihidir. Tabii ki tam temizlik h\u00e2l\u00e2 bitmedi. Bitmez de&#8230; Engellemeler olmasayd\u0131 projeleri \u00e7ok daha erken zamanlarda envantere girecekti ve binlerce vatan evlad\u0131n\u0131n hayat\u0131 kurtulacak, gazi, \u015fehit olmayacaklard\u0131.<\/p>\n\n\n\n<p>E\u011fer diyorum ba\u015fbakan\u0131n d\u00fcn\u00fcr\u00fc b\u00f6yle bir diren\u00e7le kar\u015f\u0131la\u015ft\u0131ysa, normal bir giri\u015fimcinin asla \u015fans\u0131 olmazd\u0131, olamazd\u0131. Baykar\u2019\u0131n akrabal\u0131k ili\u015fkisi bir bak\u0131ma \u00fclkenin \u015fans\u0131 say\u0131lmal\u0131d\u0131r. Demem o ki, ne sahipsiz yetenekler yok edildi bu \u00fclkede. T\u00fcrkiye ayn\u0131 zamanda liyakat sahibi, vatansever insanlar mezarl\u0131\u011f\u0131d\u0131r. On binlerce \u015fehit, gazi, tutsak, s\u00fcrg\u00fcn verildi. Ne u\u011fruna? Ne demi\u015fti Akif; \u201cBir hilal u\u011fruna ya Rab, ne g\u00fcne\u015fler bat\u0131yor.\u201d Ama olsun vatan sa\u011f olsun!<\/p>\n","protected":false},"excerpt":{"rendered":"<p>\u201cBir \u015fey de\u011fi\u015fir, \u00e7ok \u015fey de\u011fi\u015fir\u201d Beklenen belgesel nihayet vizyona girdi. TRT Belgesel kanal\u0131nda yay\u0131nland\u0131\u011f\u0131 g\u00fcn, kar\u0131\u015f\u0131k duygular i\u00e7erisinde izledim. K\u00e2h h\u00fcz\u00fcnlendim, k\u00e2h \u00f6fke doldum, k\u00e2h gurur duydum. Genelde g\u00f6zlerim doluydu. Hele Cem Karaca\u2019n\u0131n \u015fark\u0131s\u0131 geldi\u011finde t\u00fcm hislerimin bo\u015fald\u0131\u011f\u0131 and\u0131. Sonunda bu \u00fclkenin milyonlarca haine, i\u015fbirlik\u00e7iye ra\u011fmen, ni\u00e7in y\u0131k\u0131lmad\u0131\u011f\u0131n\u0131, y\u0131k\u0131lamad\u0131\u011f\u0131n\u0131 anlad\u0131m. Meleklerin kanatlar\u0131nda gidiyor \u00fclkem. [&hellip;]<\/p>\n","protected":false},"author":14001,"featured_media":161038,"comment_status":"open","ping_status":"open","sticky":false,"template":"","format":"standard","meta":{"_yoast_wpseo_focuskw":"\u00d6zdemir Bayraktar","_yoast_wpseo_title":"","_yoast_wpseo_metadesc":"Beklenen belgesel nihayet vizyona girdi. \u00d6zdemir Bayraktar ve ailesi \u00fclkemiz i\u00e7in bir \u015fanst\u0131r. Adeta kurtulu\u015f re\u00e7etesidir.","_bbp_topic_count":0,"_bbp_reply_count":0,"_bbp_total_topic_count":0,"_bbp_total_reply_count":0,"_bbp_voice_count":0,"_bbp_anonymous_reply_count":0,"_bbp_topic_count_hidden":0,"_bbp_reply_count_hidden":0,"_bbp_forum_subforum_count":0,"footnotes":"","_yoast_wpseo_focuskw_text_input":""},"categories":[9170],"tags":[5608,10651,10652,10646,7953,10647,328,10650],"yoast_head":"<!-- This site is optimized with the Yoast SEO plugin v23.0 - https:\/\/yoast.com\/wordpress\/plugins\/seo\/ -->\n<title>\u00d6zdemir Bayraktar Belgeseli - The Epoch Times TR<\/title>\n<meta name=\"description\" content=\"Beklenen belgesel nihayet vizyona girdi. \u00d6zdemir Bayraktar ve ailesi \u00fclkemiz i\u00e7in bir \u015fanst\u0131r. Adeta kurtulu\u015f re\u00e7etesidir.\" \/>\n<meta name=\"robots\" content=\"index, follow, max-snippet:-1, max-image-preview:large, max-video-preview:-1\" \/>\n<link rel=\"canonical\" href=\"https:\/\/epochtimestr.com\/index.php\/ozdemir-bayraktar-belgeseli\" \/>\n<meta property=\"og:locale\" content=\"tr_TR\" \/>\n<meta property=\"og:type\" content=\"article\" \/>\n<meta property=\"og:title\" content=\"\u00d6zdemir Bayraktar Belgeseli - The Epoch Times TR\" \/>\n<meta property=\"og:description\" content=\"Beklenen belgesel nihayet vizyona girdi. \u00d6zdemir Bayraktar ve ailesi \u00fclkemiz i\u00e7in bir \u015fanst\u0131r. Adeta kurtulu\u015f re\u00e7etesidir.\" \/>\n<meta property=\"og:url\" content=\"https:\/\/epochtimestr.com\/index.php\/ozdemir-bayraktar-belgeseli\" \/>\n<meta property=\"og:site_name\" content=\"The Epoch Times TR\" \/>\n<meta property=\"article:publisher\" content=\"https:\/\/www.facebook.com\/theepochtimestr\" \/>\n<meta property=\"article:published_time\" content=\"2026-02-10T06:29:22+00:00\" \/>\n<meta property=\"article:modified_time\" content=\"2026-02-10T06:29:56+00:00\" \/>\n<meta property=\"og:image\" content=\"https:\/\/epochtimestr.com\/wp-content\/uploads\/2011y\/BEKIR-ZORBA-SM-2.png\" \/>\n\t<meta property=\"og:image:width\" content=\"1200\" \/>\n\t<meta property=\"og:image:height\" content=\"630\" \/>\n\t<meta property=\"og:image:type\" content=\"image\/png\" \/>\n<meta name=\"author\" content=\"Bekir Zorba\" \/>\n<meta name=\"twitter:card\" content=\"summary_large_image\" \/>\n<meta name=\"twitter:creator\" content=\"@TheEpochTimesTR\" \/>\n<meta name=\"twitter:site\" content=\"@TheEpochTimesTR\" \/>\n<meta name=\"twitter:label1\" content=\"Yazan:\" \/>\n\t<meta name=\"twitter:data1\" content=\"Bekir Zorba\" \/>\n\t<meta name=\"twitter:label2\" content=\"Tahmini okuma s\u00fcresi\" \/>\n\t<meta name=\"twitter:data2\" content=\"4 dakika\" \/>\n<script type=\"application\/ld+json\" class=\"yoast-schema-graph\">{\"@context\":\"https:\/\/schema.org\",\"@graph\":[{\"@type\":\"Article\",\"@id\":\"https:\/\/epochtimestr.com\/index.php\/ozdemir-bayraktar-belgeseli#article\",\"isPartOf\":{\"@id\":\"https:\/\/epochtimestr.com\/index.php\/ozdemir-bayraktar-belgeseli\"},\"author\":{\"name\":\"Bekir Zorba\",\"@id\":\"https:\/\/epochtimestr.com\/#\/schema\/person\/da1ad104599611965442ed3e7e9acb2b\"},\"headline\":\"\u00d6zdemir Bayraktar Belgeseli\",\"datePublished\":\"2026-02-10T06:29:22+00:00\",\"dateModified\":\"2026-02-10T06:29:56+00:00\",\"mainEntityOfPage\":{\"@id\":\"https:\/\/epochtimestr.com\/index.php\/ozdemir-bayraktar-belgeseli\"},\"wordCount\":739,\"commentCount\":1,\"publisher\":{\"@id\":\"https:\/\/epochtimestr.com\/#organization\"},\"image\":{\"@id\":\"https:\/\/epochtimestr.com\/index.php\/ozdemir-bayraktar-belgeseli#primaryimage\"},\"thumbnailUrl\":\"https:\/\/epochtimestr.com\/wp-content\/uploads\/2011y\/Bekir-Zorba.png\",\"keywords\":[\"15 temmuz\",\"Ar-Ge\",\"milli mesele\",\"\u00d6zdemir Bayraktar\",\"S\u0130HA\",\"TRT Belgesel\",\"T\u00fcrkiye\",\"Vatansever\"],\"articleSection\":[\"K\u00f6\u015fe Yaz\u0131lar\u0131 Bekir Zorba\"],\"inLanguage\":\"tr\",\"potentialAction\":[{\"@type\":\"CommentAction\",\"name\":\"Comment\",\"target\":[\"https:\/\/epochtimestr.com\/index.php\/ozdemir-bayraktar-belgeseli#respond\"]}]},{\"@type\":\"WebPage\",\"@id\":\"https:\/\/epochtimestr.com\/index.php\/ozdemir-bayraktar-belgeseli\",\"url\":\"https:\/\/epochtimestr.com\/index.php\/ozdemir-bayraktar-belgeseli\",\"name\":\"\u00d6zdemir Bayraktar Belgeseli - The Epoch Times TR\",\"isPartOf\":{\"@id\":\"https:\/\/epochtimestr.com\/#website\"},\"primaryImageOfPage\":{\"@id\":\"https:\/\/epochtimestr.com\/index.php\/ozdemir-bayraktar-belgeseli#primaryimage\"},\"image\":{\"@id\":\"https:\/\/epochtimestr.com\/index.php\/ozdemir-bayraktar-belgeseli#primaryimage\"},\"thumbnailUrl\":\"https:\/\/epochtimestr.com\/wp-content\/uploads\/2011y\/Bekir-Zorba.png\",\"datePublished\":\"2026-02-10T06:29:22+00:00\",\"dateModified\":\"2026-02-10T06:29:56+00:00\",\"description\":\"Beklenen belgesel nihayet vizyona girdi. \u00d6zdemir Bayraktar ve ailesi \u00fclkemiz i\u00e7in bir \u015fanst\u0131r. Adeta kurtulu\u015f re\u00e7etesidir.\",\"inLanguage\":\"tr\",\"potentialAction\":[{\"@type\":\"ReadAction\",\"target\":[\"https:\/\/epochtimestr.com\/index.php\/ozdemir-bayraktar-belgeseli\"]}]},{\"@type\":\"ImageObject\",\"inLanguage\":\"tr\",\"@id\":\"https:\/\/epochtimestr.com\/index.php\/ozdemir-bayraktar-belgeseli#primaryimage\",\"url\":\"https:\/\/epochtimestr.com\/wp-content\/uploads\/2011y\/Bekir-Zorba.png\",\"contentUrl\":\"https:\/\/epochtimestr.com\/wp-content\/uploads\/2011y\/Bekir-Zorba.png\",\"width\":600,\"height\":600},{\"@type\":\"WebSite\",\"@id\":\"https:\/\/epochtimestr.com\/#website\",\"url\":\"https:\/\/epochtimestr.com\/\",\"name\":\"The Epoch Times TR\",\"description\":\"De\u011fi\u015fen D\u00fcnyam\u0131za Taze Bir Bak\u0131\u015f\",\"publisher\":{\"@id\":\"https:\/\/epochtimestr.com\/#organization\"},\"potentialAction\":[{\"@type\":\"SearchAction\",\"target\":{\"@type\":\"EntryPoint\",\"urlTemplate\":\"https:\/\/epochtimestr.com\/?s={search_term_string}\"},\"query-input\":\"required name=search_term_string\"}],\"inLanguage\":\"tr\"},{\"@type\":\"Organization\",\"@id\":\"https:\/\/epochtimestr.com\/#organization\",\"name\":\"The EpochTimes T\u00fcrkiye\",\"url\":\"https:\/\/epochtimestr.com\/\",\"logo\":{\"@type\":\"ImageObject\",\"inLanguage\":\"tr\",\"@id\":\"https:\/\/epochtimestr.com\/#\/schema\/logo\/image\/\",\"url\":\"https:\/\/epochtimestr.com\/wp-content\/uploads\/2011y\/ET-Logo-YG.jpg\",\"contentUrl\":\"https:\/\/epochtimestr.com\/wp-content\/uploads\/2011y\/ET-Logo-YG.jpg\",\"width\":346,\"height\":29,\"caption\":\"The EpochTimes T\u00fcrkiye\"},\"image\":{\"@id\":\"https:\/\/epochtimestr.com\/#\/schema\/logo\/image\/\"},\"sameAs\":[\"https:\/\/www.facebook.com\/theepochtimestr\",\"https:\/\/x.com\/TheEpochTimesTR\",\"https:\/\/www.instagram.com\/epochtimestr\"]},{\"@type\":\"Person\",\"@id\":\"https:\/\/epochtimestr.com\/#\/schema\/person\/da1ad104599611965442ed3e7e9acb2b\",\"name\":\"Bekir Zorba\",\"image\":{\"@type\":\"ImageObject\",\"inLanguage\":\"tr\",\"@id\":\"https:\/\/epochtimestr.com\/#\/schema\/person\/image\/\",\"url\":\"https:\/\/secure.gravatar.com\/avatar\/eafd40d9b77b1fbf7c565a3d4916b79c?s=96&d=mm&r=g\",\"contentUrl\":\"https:\/\/secure.gravatar.com\/avatar\/eafd40d9b77b1fbf7c565a3d4916b79c?s=96&d=mm&r=g\",\"caption\":\"Bekir Zorba\"},\"url\":\"https:\/\/epochtimestr.com\/index.php\/author\/bekir\"}]}<\/script>\n<!-- \/ Yoast SEO plugin. -->","yoast_head_json":{"title":"\u00d6zdemir Bayraktar Belgeseli - The Epoch Times TR","description":"Beklenen belgesel nihayet vizyona girdi. \u00d6zdemir Bayraktar ve ailesi \u00fclkemiz i\u00e7in bir \u015fanst\u0131r. Adeta kurtulu\u015f re\u00e7etesidir.","robots":{"index":"index","follow":"follow","max-snippet":"max-snippet:-1","max-image-preview":"max-image-preview:large","max-video-preview":"max-video-preview:-1"},"canonical":"https:\/\/epochtimestr.com\/index.php\/ozdemir-bayraktar-belgeseli","og_locale":"tr_TR","og_type":"article","og_title":"\u00d6zdemir Bayraktar Belgeseli - The Epoch Times TR","og_description":"Beklenen belgesel nihayet vizyona girdi. \u00d6zdemir Bayraktar ve ailesi \u00fclkemiz i\u00e7in bir \u015fanst\u0131r. Adeta kurtulu\u015f re\u00e7etesidir.","og_url":"https:\/\/epochtimestr.com\/index.php\/ozdemir-bayraktar-belgeseli","og_site_name":"The Epoch Times TR","article_publisher":"https:\/\/www.facebook.com\/theepochtimestr","article_published_time":"2026-02-10T06:29:22+00:00","article_modified_time":"2026-02-10T06:29:56+00:00","og_image":[{"width":1200,"height":630,"url":"https:\/\/epochtimestr.com\/wp-content\/uploads\/2011y\/BEKIR-ZORBA-SM-2.png","type":"image\/png"}],"author":"Bekir Zorba","twitter_card":"summary_large_image","twitter_creator":"@TheEpochTimesTR","twitter_site":"@TheEpochTimesTR","twitter_misc":{"Yazan:":"Bekir Zorba","Tahmini okuma s\u00fcresi":"4 dakika"},"schema":{"@context":"https:\/\/schema.org","@graph":[{"@type":"Article","@id":"https:\/\/epochtimestr.com\/index.php\/ozdemir-bayraktar-belgeseli#article","isPartOf":{"@id":"https:\/\/epochtimestr.com\/index.php\/ozdemir-bayraktar-belgeseli"},"author":{"name":"Bekir Zorba","@id":"https:\/\/epochtimestr.com\/#\/schema\/person\/da1ad104599611965442ed3e7e9acb2b"},"headline":"\u00d6zdemir Bayraktar Belgeseli","datePublished":"2026-02-10T06:29:22+00:00","dateModified":"2026-02-10T06:29:56+00:00","mainEntityOfPage":{"@id":"https:\/\/epochtimestr.com\/index.php\/ozdemir-bayraktar-belgeseli"},"wordCount":739,"commentCount":1,"publisher":{"@id":"https:\/\/epochtimestr.com\/#organization"},"image":{"@id":"https:\/\/epochtimestr.com\/index.php\/ozdemir-bayraktar-belgeseli#primaryimage"},"thumbnailUrl":"https:\/\/epochtimestr.com\/wp-content\/uploads\/2011y\/Bekir-Zorba.png","keywords":["15 temmuz","Ar-Ge","milli mesele","\u00d6zdemir Bayraktar","S\u0130HA","TRT Belgesel","T\u00fcrkiye","Vatansever"],"articleSection":["K\u00f6\u015fe Yaz\u0131lar\u0131 Bekir Zorba"],"inLanguage":"tr","potentialAction":[{"@type":"CommentAction","name":"Comment","target":["https:\/\/epochtimestr.com\/index.php\/ozdemir-bayraktar-belgeseli#respond"]}]},{"@type":"WebPage","@id":"https:\/\/epochtimestr.com\/index.php\/ozdemir-bayraktar-belgeseli","url":"https:\/\/epochtimestr.com\/index.php\/ozdemir-bayraktar-belgeseli","name":"\u00d6zdemir Bayraktar Belgeseli - The Epoch Times TR","isPartOf":{"@id":"https:\/\/epochtimestr.com\/#website"},"primaryImageOfPage":{"@id":"https:\/\/epochtimestr.com\/index.php\/ozdemir-bayraktar-belgeseli#primaryimage"},"image":{"@id":"https:\/\/epochtimestr.com\/index.php\/ozdemir-bayraktar-belgeseli#primaryimage"},"thumbnailUrl":"https:\/\/epochtimestr.com\/wp-content\/uploads\/2011y\/Bekir-Zorba.png","datePublished":"2026-02-10T06:29:22+00:00","dateModified":"2026-02-10T06:29:56+00:00","description":"Beklenen belgesel nihayet vizyona girdi. \u00d6zdemir Bayraktar ve ailesi \u00fclkemiz i\u00e7in bir \u015fanst\u0131r. Adeta kurtulu\u015f re\u00e7etesidir.","inLanguage":"tr","potentialAction":[{"@type":"ReadAction","target":["https:\/\/epochtimestr.com\/index.php\/ozdemir-bayraktar-belgeseli"]}]},{"@type":"ImageObject","inLanguage":"tr","@id":"https:\/\/epochtimestr.com\/index.php\/ozdemir-bayraktar-belgeseli#primaryimage","url":"https:\/\/epochtimestr.com\/wp-content\/uploads\/2011y\/Bekir-Zorba.png","contentUrl":"https:\/\/epochtimestr.com\/wp-content\/uploads\/2011y\/Bekir-Zorba.png","width":600,"height":600},{"@type":"WebSite","@id":"https:\/\/epochtimestr.com\/#website","url":"https:\/\/epochtimestr.com\/","name":"The Epoch Times TR","description":"De\u011fi\u015fen D\u00fcnyam\u0131za Taze Bir Bak\u0131\u015f","publisher":{"@id":"https:\/\/epochtimestr.com\/#organization"},"potentialAction":[{"@type":"SearchAction","target":{"@type":"EntryPoint","urlTemplate":"https:\/\/epochtimestr.com\/?s={search_term_string}"},"query-input":"required name=search_term_string"}],"inLanguage":"tr"},{"@type":"Organization","@id":"https:\/\/epochtimestr.com\/#organization","name":"The EpochTimes T\u00fcrkiye","url":"https:\/\/epochtimestr.com\/","logo":{"@type":"ImageObject","inLanguage":"tr","@id":"https:\/\/epochtimestr.com\/#\/schema\/logo\/image\/","url":"https:\/\/epochtimestr.com\/wp-content\/uploads\/2011y\/ET-Logo-YG.jpg","contentUrl":"https:\/\/epochtimestr.com\/wp-content\/uploads\/2011y\/ET-Logo-YG.jpg","width":346,"height":29,"caption":"The EpochTimes T\u00fcrkiye"},"image":{"@id":"https:\/\/epochtimestr.com\/#\/schema\/logo\/image\/"},"sameAs":["https:\/\/www.facebook.com\/theepochtimestr","https:\/\/x.com\/TheEpochTimesTR","https:\/\/www.instagram.com\/epochtimestr"]},{"@type":"Person","@id":"https:\/\/epochtimestr.com\/#\/schema\/person\/da1ad104599611965442ed3e7e9acb2b","name":"Bekir Zorba","image":{"@type":"ImageObject","inLanguage":"tr","@id":"https:\/\/epochtimestr.com\/#\/schema\/person\/image\/","url":"https:\/\/secure.gravatar.com\/avatar\/eafd40d9b77b1fbf7c565a3d4916b79c?s=96&d=mm&r=g","contentUrl":"https:\/\/secure.gravatar.com\/avatar\/eafd40d9b77b1fbf7c565a3d4916b79c?s=96&d=mm&r=g","caption":"Bekir Zorba"},"url":"https:\/\/epochtimestr.com\/index.php\/author\/bekir"}]}},"_links":{"self":[{"href":"https:\/\/epochtimestr.com\/index.php\/wp-json\/wp\/v2\/posts\/165596"}],"collection":[{"href":"https:\/\/epochtimestr.com\/index.php\/wp-json\/wp\/v2\/posts"}],"about":[{"href":"https:\/\/epochtimestr.com\/index.php\/wp-json\/wp\/v2\/types\/post"}],"author":[{"embeddable":true,"href":"https:\/\/epochtimestr.com\/index.php\/wp-json\/wp\/v2\/users\/14001"}],"replies":[{"embeddable":true,"href":"https:\/\/epochtimestr.com\/index.php\/wp-json\/wp\/v2\/comments?post=165596"}],"version-history":[{"count":2,"href":"https:\/\/epochtimestr.com\/index.php\/wp-json\/wp\/v2\/posts\/165596\/revisions"}],"predecessor-version":[{"id":165598,"href":"https:\/\/epochtimestr.com\/index.php\/wp-json\/wp\/v2\/posts\/165596\/revisions\/165598"}],"wp:featuredmedia":[{"embeddable":true,"href":"https:\/\/epochtimestr.com\/index.php\/wp-json\/wp\/v2\/media\/161038"}],"wp:attachment":[{"href":"https:\/\/epochtimestr.com\/index.php\/wp-json\/wp\/v2\/media?parent=165596"}],"wp:term":[{"taxonomy":"category","embeddable":true,"href":"https:\/\/epochtimestr.com\/index.php\/wp-json\/wp\/v2\/categories?post=165596"},{"taxonomy":"post_tag","embeddable":true,"href":"https:\/\/epochtimestr.com\/index.php\/wp-json\/wp\/v2\/tags?post=165596"}],"curies":[{"name":"wp","href":"https:\/\/api.w.org\/{rel}","templated":true}]}}