{"id":165691,"date":"2026-02-14T01:47:22","date_gmt":"2026-02-13T22:47:22","guid":{"rendered":"https:\/\/epochtimestr.com\/?p=165691"},"modified":"2026-03-12T22:06:04","modified_gmt":"2026-03-12T19:06:04","slug":"buyumek","status":"publish","type":"post","link":"https:\/\/epochtimestr.com\/index.php\/buyumek","title":{"rendered":"B\u00fcy\u00fcmek"},"content":{"rendered":"\n<figure class=\"wp-block-image size-full is-resized\"><img loading=\"lazy\" decoding=\"async\" width=\"950\" height=\"1074\" src=\"https:\/\/epochtimestr.com\/wp-content\/uploads\/2011y\/signal-2026-02-14-012958.jpeg\" alt=\"\" class=\"wp-image-165693\" style=\"width:353px;height:auto\" srcset=\"https:\/\/epochtimestr.com\/wp-content\/uploads\/2011y\/signal-2026-02-14-012958.jpeg 950w, https:\/\/epochtimestr.com\/wp-content\/uploads\/2011y\/signal-2026-02-14-012958-265x300.jpeg 265w, https:\/\/epochtimestr.com\/wp-content\/uploads\/2011y\/signal-2026-02-14-012958-133x150.jpeg 133w, https:\/\/epochtimestr.com\/wp-content\/uploads\/2011y\/signal-2026-02-14-012958-768x868.jpeg 768w\" sizes=\"(max-width: 950px) 100vw, 950px\" \/><\/figure>\n\n\n\n<p><\/p>\n\n\n\n<p>\u00c7ocu\u011fun saf d\u00fcnyas\u0131nda<br \/>Her \u015fey masum ve g\u00fczeldir<br \/>K\u0131r \u00e7i\u00e7e\u011finin \u00f6zg\u00fcrl\u00fc\u011f\u00fcnde<br \/>B\u00fcy\u00fcmek co\u015fkuludur&#8230;<\/p>\n\n\n\n<p><\/p>\n\n\n\n<p>\u0130lk kez ne zaman korktun<br \/>Ne zaman nefret ettin<br \/>Hat\u0131rlamazs\u0131n<br \/>Hayat\u0131n \u00e7ark\u0131nda d\u00f6nerken<br \/>Edinirsin k\u00f6t\u00fc d\u00fc\u015f\u00fcnceleri\u2026<\/p>\n\n\n\n<p><\/p>\n\n\n\n<p>\u0130tibar, egolar, \u00e7\u0131karlar&#8230;<br \/>Tam g\u00f6z\u00fcn\u00fcn \u00f6n\u00fcnde dururken<br \/>Her \u015feyin ge\u00e7icili\u011fini anlamak<br \/>Fark\u0131ndal\u0131k gerektirir<\/p>\n\n\n\n<p><\/p>\n\n\n\n<p>G\u00f6zya\u015flar\u0131 iyi bir kalbin<br \/>G\u00f6stergesi olmayabilir&#8230;<br \/>Merhametle g\u00fcl\u00fcmsemek<br \/>\u0130yili\u011fin parlak enerjisidir<br \/>A\u011flatabilir!<\/p>\n\n\n\n<p><\/p>\n\n\n\n<p>Atifet Gezek<\/p>\n","protected":false},"excerpt":{"rendered":"<p>\u00c7ocu\u011fun saf d\u00fcnyas\u0131ndaHer \u015fey masum ve g\u00fczeldirK\u0131r \u00e7i\u00e7e\u011finin \u00f6zg\u00fcrl\u00fc\u011f\u00fcndeB\u00fcy\u00fcmek co\u015fkuludur&#8230; \u0130lk kez ne zaman korktunNe zaman nefret ettinHat\u0131rlamazs\u0131nHayat\u0131n \u00e7ark\u0131nda d\u00f6nerkenEdinirsin k\u00f6t\u00fc d\u00fc\u015f\u00fcnceleri\u2026 \u0130tibar, egolar, \u00e7\u0131karlar&#8230;Tam g\u00f6z\u00fcn\u00fcn \u00f6n\u00fcnde dururkenHer \u015feyin ge\u00e7icili\u011fini anlamakFark\u0131ndal\u0131k gerektirir G\u00f6zya\u015flar\u0131 iyi bir kalbinG\u00f6stergesi olmayabilir&#8230;Merhametle g\u00fcl\u00fcmsemek\u0130yili\u011fin parlak enerjisidirA\u011flatabilir! Atifet Gezek<\/p>\n","protected":false},"author":13995,"featured_media":159546,"comment_status":"open","ping_status":"open","sticky":false,"template":"","format":"standard","meta":{"_yoast_wpseo_focuskw":"B\u00fcy\u00fcmek","_yoast_wpseo_title":"","_yoast_wpseo_metadesc":"\u015eairimiz Atifet Gezek, yeni \u015fiiri ile kar\u015f\u0131n\u0131zda: \"B\u00fcy\u00fcmek\"","_bbp_topic_count":0,"_bbp_reply_count":0,"_bbp_total_topic_count":0,"_bbp_total_reply_count":0,"_bbp_voice_count":0,"_bbp_anonymous_reply_count":0,"_bbp_topic_count_hidden":0,"_bbp_reply_count_hidden":0,"_bbp_forum_subforum_count":0,"footnotes":"","_yoast_wpseo_focuskw_text_input":""},"categories":[8681,8665],"tags":[],"yoast_head":"<!-- This site is optimized with the Yoast SEO plugin v23.0 - https:\/\/yoast.com\/wordpress\/plugins\/seo\/ -->\n<title>B\u00fcy\u00fcmek - The Epoch Times TR<\/title>\n<meta name=\"description\" content=\"\u015eairimiz Atifet Gezek, yeni \u015fiiri ile kar\u015f\u0131n\u0131zda: &quot;B\u00fcy\u00fcmek&quot;\" \/>\n<meta name=\"robots\" content=\"index, follow, max-snippet:-1, max-image-preview:large, max-video-preview:-1\" \/>\n<link rel=\"canonical\" href=\"https:\/\/epochtimestr.com\/index.php\/buyumek\" \/>\n<meta property=\"og:locale\" content=\"tr_TR\" \/>\n<meta property=\"og:type\" content=\"article\" \/>\n<meta property=\"og:title\" content=\"B\u00fcy\u00fcmek - The Epoch Times TR\" \/>\n<meta property=\"og:description\" content=\"\u015eairimiz Atifet Gezek, yeni \u015fiiri ile kar\u015f\u0131n\u0131zda: &quot;B\u00fcy\u00fcmek&quot;\" \/>\n<meta property=\"og:url\" content=\"https:\/\/epochtimestr.com\/index.php\/buyumek\" \/>\n<meta property=\"og:site_name\" content=\"The Epoch Times TR\" \/>\n<meta property=\"article:publisher\" content=\"https:\/\/www.facebook.com\/theepochtimestr\" \/>\n<meta property=\"article:published_time\" content=\"2026-02-13T22:47:22+00:00\" \/>\n<meta property=\"article:modified_time\" content=\"2026-03-12T19:06:04+00:00\" \/>\n<meta property=\"og:image\" content=\"https:\/\/epochtimestr.com\/wp-content\/uploads\/2011y\/signal-2025-06-17-025703_002.png\" \/>\n\t<meta property=\"og:image:width\" content=\"225\" \/>\n\t<meta property=\"og:image:height\" content=\"251\" \/>\n\t<meta property=\"og:image:type\" content=\"image\/png\" \/>\n<meta name=\"author\" content=\"Atifet Gezek\" \/>\n<meta name=\"twitter:card\" content=\"summary_large_image\" \/>\n<meta name=\"twitter:creator\" content=\"@TheEpochTimesTR\" \/>\n<meta name=\"twitter:site\" content=\"@TheEpochTimesTR\" \/>\n<meta name=\"twitter:label1\" content=\"Yazan:\" \/>\n\t<meta name=\"twitter:data1\" content=\"Atifet Gezek\" \/>\n\t<meta name=\"twitter:label2\" content=\"Tahmini okuma s\u00fcresi\" \/>\n\t<meta name=\"twitter:data2\" content=\"1 dakika\" \/>\n<script type=\"application\/ld+json\" class=\"yoast-schema-graph\">{\"@context\":\"https:\/\/schema.org\",\"@graph\":[{\"@type\":\"Article\",\"@id\":\"https:\/\/epochtimestr.com\/index.php\/buyumek#article\",\"isPartOf\":{\"@id\":\"https:\/\/epochtimestr.com\/index.php\/buyumek\"},\"author\":{\"name\":\"Atifet Gezek\",\"@id\":\"https:\/\/epochtimestr.com\/#\/schema\/person\/db34ebb1849823072542a09aaa3cedf0\"},\"headline\":\"B\u00fcy\u00fcmek\",\"datePublished\":\"2026-02-13T22:47:22+00:00\",\"dateModified\":\"2026-03-12T19:06:04+00:00\",\"mainEntityOfPage\":{\"@id\":\"https:\/\/epochtimestr.com\/index.php\/buyumek\"},\"wordCount\":82,\"commentCount\":0,\"publisher\":{\"@id\":\"https:\/\/epochtimestr.com\/#organization\"},\"image\":{\"@id\":\"https:\/\/epochtimestr.com\/index.php\/buyumek#primaryimage\"},\"thumbnailUrl\":\"https:\/\/epochtimestr.com\/wp-content\/uploads\/2011y\/signal-2025-06-17-025703_002.png\",\"articleSection\":[\"K\u00f6\u015fe Yaz\u0131lar\u0131 Atifet Gezek\",\"\u015eiir\"],\"inLanguage\":\"tr\",\"potentialAction\":[{\"@type\":\"CommentAction\",\"name\":\"Comment\",\"target\":[\"https:\/\/epochtimestr.com\/index.php\/buyumek#respond\"]}]},{\"@type\":\"WebPage\",\"@id\":\"https:\/\/epochtimestr.com\/index.php\/buyumek\",\"url\":\"https:\/\/epochtimestr.com\/index.php\/buyumek\",\"name\":\"B\u00fcy\u00fcmek - The Epoch Times TR\",\"isPartOf\":{\"@id\":\"https:\/\/epochtimestr.com\/#website\"},\"primaryImageOfPage\":{\"@id\":\"https:\/\/epochtimestr.com\/index.php\/buyumek#primaryimage\"},\"image\":{\"@id\":\"https:\/\/epochtimestr.com\/index.php\/buyumek#primaryimage\"},\"thumbnailUrl\":\"https:\/\/epochtimestr.com\/wp-content\/uploads\/2011y\/signal-2025-06-17-025703_002.png\",\"datePublished\":\"2026-02-13T22:47:22+00:00\",\"dateModified\":\"2026-03-12T19:06:04+00:00\",\"description\":\"\u015eairimiz Atifet Gezek, yeni \u015fiiri ile kar\u015f\u0131n\u0131zda: \\\"B\u00fcy\u00fcmek\\\"\",\"inLanguage\":\"tr\",\"potentialAction\":[{\"@type\":\"ReadAction\",\"target\":[\"https:\/\/epochtimestr.com\/index.php\/buyumek\"]}]},{\"@type\":\"ImageObject\",\"inLanguage\":\"tr\",\"@id\":\"https:\/\/epochtimestr.com\/index.php\/buyumek#primaryimage\",\"url\":\"https:\/\/epochtimestr.com\/wp-content\/uploads\/2011y\/signal-2025-06-17-025703_002.png\",\"contentUrl\":\"https:\/\/epochtimestr.com\/wp-content\/uploads\/2011y\/signal-2025-06-17-025703_002.png\",\"width\":225,\"height\":251},{\"@type\":\"WebSite\",\"@id\":\"https:\/\/epochtimestr.com\/#website\",\"url\":\"https:\/\/epochtimestr.com\/\",\"name\":\"The Epoch Times TR\",\"description\":\"De\u011fi\u015fen D\u00fcnyam\u0131za Taze Bir Bak\u0131\u015f\",\"publisher\":{\"@id\":\"https:\/\/epochtimestr.com\/#organization\"},\"potentialAction\":[{\"@type\":\"SearchAction\",\"target\":{\"@type\":\"EntryPoint\",\"urlTemplate\":\"https:\/\/epochtimestr.com\/?s={search_term_string}\"},\"query-input\":\"required name=search_term_string\"}],\"inLanguage\":\"tr\"},{\"@type\":\"Organization\",\"@id\":\"https:\/\/epochtimestr.com\/#organization\",\"name\":\"The EpochTimes T\u00fcrkiye\",\"url\":\"https:\/\/epochtimestr.com\/\",\"logo\":{\"@type\":\"ImageObject\",\"inLanguage\":\"tr\",\"@id\":\"https:\/\/epochtimestr.com\/#\/schema\/logo\/image\/\",\"url\":\"https:\/\/epochtimestr.com\/wp-content\/uploads\/2011y\/ET-Logo-YG.jpg\",\"contentUrl\":\"https:\/\/epochtimestr.com\/wp-content\/uploads\/2011y\/ET-Logo-YG.jpg\",\"width\":346,\"height\":29,\"caption\":\"The EpochTimes T\u00fcrkiye\"},\"image\":{\"@id\":\"https:\/\/epochtimestr.com\/#\/schema\/logo\/image\/\"},\"sameAs\":[\"https:\/\/www.facebook.com\/theepochtimestr\",\"https:\/\/x.com\/TheEpochTimesTR\",\"https:\/\/www.instagram.com\/epochtimestr\"]},{\"@type\":\"Person\",\"@id\":\"https:\/\/epochtimestr.com\/#\/schema\/person\/db34ebb1849823072542a09aaa3cedf0\",\"name\":\"Atifet Gezek\",\"image\":{\"@type\":\"ImageObject\",\"inLanguage\":\"tr\",\"@id\":\"https:\/\/epochtimestr.com\/#\/schema\/person\/image\/\",\"url\":\"https:\/\/secure.gravatar.com\/avatar\/f396b8e0b482eda7d650e4c8f3d09ae4?s=96&d=mm&r=g\",\"contentUrl\":\"https:\/\/secure.gravatar.com\/avatar\/f396b8e0b482eda7d650e4c8f3d09ae4?s=96&d=mm&r=g\",\"caption\":\"Atifet Gezek\"},\"url\":\"https:\/\/epochtimestr.com\/index.php\/author\/atifet\"}]}<\/script>\n<!-- \/ Yoast SEO plugin. -->","yoast_head_json":{"title":"B\u00fcy\u00fcmek - The Epoch Times TR","description":"\u015eairimiz Atifet Gezek, yeni \u015fiiri ile kar\u015f\u0131n\u0131zda: \"B\u00fcy\u00fcmek\"","robots":{"index":"index","follow":"follow","max-snippet":"max-snippet:-1","max-image-preview":"max-image-preview:large","max-video-preview":"max-video-preview:-1"},"canonical":"https:\/\/epochtimestr.com\/index.php\/buyumek","og_locale":"tr_TR","og_type":"article","og_title":"B\u00fcy\u00fcmek - The Epoch Times TR","og_description":"\u015eairimiz Atifet Gezek, yeni \u015fiiri ile kar\u015f\u0131n\u0131zda: \"B\u00fcy\u00fcmek\"","og_url":"https:\/\/epochtimestr.com\/index.php\/buyumek","og_site_name":"The Epoch Times TR","article_publisher":"https:\/\/www.facebook.com\/theepochtimestr","article_published_time":"2026-02-13T22:47:22+00:00","article_modified_time":"2026-03-12T19:06:04+00:00","og_image":[{"width":225,"height":251,"url":"https:\/\/epochtimestr.com\/wp-content\/uploads\/2011y\/signal-2025-06-17-025703_002.png","type":"image\/png"}],"author":"Atifet Gezek","twitter_card":"summary_large_image","twitter_creator":"@TheEpochTimesTR","twitter_site":"@TheEpochTimesTR","twitter_misc":{"Yazan:":"Atifet Gezek","Tahmini okuma s\u00fcresi":"1 dakika"},"schema":{"@context":"https:\/\/schema.org","@graph":[{"@type":"Article","@id":"https:\/\/epochtimestr.com\/index.php\/buyumek#article","isPartOf":{"@id":"https:\/\/epochtimestr.com\/index.php\/buyumek"},"author":{"name":"Atifet Gezek","@id":"https:\/\/epochtimestr.com\/#\/schema\/person\/db34ebb1849823072542a09aaa3cedf0"},"headline":"B\u00fcy\u00fcmek","datePublished":"2026-02-13T22:47:22+00:00","dateModified":"2026-03-12T19:06:04+00:00","mainEntityOfPage":{"@id":"https:\/\/epochtimestr.com\/index.php\/buyumek"},"wordCount":82,"commentCount":0,"publisher":{"@id":"https:\/\/epochtimestr.com\/#organization"},"image":{"@id":"https:\/\/epochtimestr.com\/index.php\/buyumek#primaryimage"},"thumbnailUrl":"https:\/\/epochtimestr.com\/wp-content\/uploads\/2011y\/signal-2025-06-17-025703_002.png","articleSection":["K\u00f6\u015fe Yaz\u0131lar\u0131 Atifet Gezek","\u015eiir"],"inLanguage":"tr","potentialAction":[{"@type":"CommentAction","name":"Comment","target":["https:\/\/epochtimestr.com\/index.php\/buyumek#respond"]}]},{"@type":"WebPage","@id":"https:\/\/epochtimestr.com\/index.php\/buyumek","url":"https:\/\/epochtimestr.com\/index.php\/buyumek","name":"B\u00fcy\u00fcmek - The Epoch Times TR","isPartOf":{"@id":"https:\/\/epochtimestr.com\/#website"},"primaryImageOfPage":{"@id":"https:\/\/epochtimestr.com\/index.php\/buyumek#primaryimage"},"image":{"@id":"https:\/\/epochtimestr.com\/index.php\/buyumek#primaryimage"},"thumbnailUrl":"https:\/\/epochtimestr.com\/wp-content\/uploads\/2011y\/signal-2025-06-17-025703_002.png","datePublished":"2026-02-13T22:47:22+00:00","dateModified":"2026-03-12T19:06:04+00:00","description":"\u015eairimiz Atifet Gezek, yeni \u015fiiri ile kar\u015f\u0131n\u0131zda: \"B\u00fcy\u00fcmek\"","inLanguage":"tr","potentialAction":[{"@type":"ReadAction","target":["https:\/\/epochtimestr.com\/index.php\/buyumek"]}]},{"@type":"ImageObject","inLanguage":"tr","@id":"https:\/\/epochtimestr.com\/index.php\/buyumek#primaryimage","url":"https:\/\/epochtimestr.com\/wp-content\/uploads\/2011y\/signal-2025-06-17-025703_002.png","contentUrl":"https:\/\/epochtimestr.com\/wp-content\/uploads\/2011y\/signal-2025-06-17-025703_002.png","width":225,"height":251},{"@type":"WebSite","@id":"https:\/\/epochtimestr.com\/#website","url":"https:\/\/epochtimestr.com\/","name":"The Epoch Times TR","description":"De\u011fi\u015fen D\u00fcnyam\u0131za Taze Bir Bak\u0131\u015f","publisher":{"@id":"https:\/\/epochtimestr.com\/#organization"},"potentialAction":[{"@type":"SearchAction","target":{"@type":"EntryPoint","urlTemplate":"https:\/\/epochtimestr.com\/?s={search_term_string}"},"query-input":"required name=search_term_string"}],"inLanguage":"tr"},{"@type":"Organization","@id":"https:\/\/epochtimestr.com\/#organization","name":"The EpochTimes T\u00fcrkiye","url":"https:\/\/epochtimestr.com\/","logo":{"@type":"ImageObject","inLanguage":"tr","@id":"https:\/\/epochtimestr.com\/#\/schema\/logo\/image\/","url":"https:\/\/epochtimestr.com\/wp-content\/uploads\/2011y\/ET-Logo-YG.jpg","contentUrl":"https:\/\/epochtimestr.com\/wp-content\/uploads\/2011y\/ET-Logo-YG.jpg","width":346,"height":29,"caption":"The EpochTimes T\u00fcrkiye"},"image":{"@id":"https:\/\/epochtimestr.com\/#\/schema\/logo\/image\/"},"sameAs":["https:\/\/www.facebook.com\/theepochtimestr","https:\/\/x.com\/TheEpochTimesTR","https:\/\/www.instagram.com\/epochtimestr"]},{"@type":"Person","@id":"https:\/\/epochtimestr.com\/#\/schema\/person\/db34ebb1849823072542a09aaa3cedf0","name":"Atifet Gezek","image":{"@type":"ImageObject","inLanguage":"tr","@id":"https:\/\/epochtimestr.com\/#\/schema\/person\/image\/","url":"https:\/\/secure.gravatar.com\/avatar\/f396b8e0b482eda7d650e4c8f3d09ae4?s=96&d=mm&r=g","contentUrl":"https:\/\/secure.gravatar.com\/avatar\/f396b8e0b482eda7d650e4c8f3d09ae4?s=96&d=mm&r=g","caption":"Atifet Gezek"},"url":"https:\/\/epochtimestr.com\/index.php\/author\/atifet"}]}},"_links":{"self":[{"href":"https:\/\/epochtimestr.com\/index.php\/wp-json\/wp\/v2\/posts\/165691"}],"collection":[{"href":"https:\/\/epochtimestr.com\/index.php\/wp-json\/wp\/v2\/posts"}],"about":[{"href":"https:\/\/epochtimestr.com\/index.php\/wp-json\/wp\/v2\/types\/post"}],"author":[{"embeddable":true,"href":"https:\/\/epochtimestr.com\/index.php\/wp-json\/wp\/v2\/users\/13995"}],"replies":[{"embeddable":true,"href":"https:\/\/epochtimestr.com\/index.php\/wp-json\/wp\/v2\/comments?post=165691"}],"version-history":[{"count":5,"href":"https:\/\/epochtimestr.com\/index.php\/wp-json\/wp\/v2\/posts\/165691\/revisions"}],"predecessor-version":[{"id":166237,"href":"https:\/\/epochtimestr.com\/index.php\/wp-json\/wp\/v2\/posts\/165691\/revisions\/166237"}],"wp:featuredmedia":[{"embeddable":true,"href":"https:\/\/epochtimestr.com\/index.php\/wp-json\/wp\/v2\/media\/159546"}],"wp:attachment":[{"href":"https:\/\/epochtimestr.com\/index.php\/wp-json\/wp\/v2\/media?parent=165691"}],"wp:term":[{"taxonomy":"category","embeddable":true,"href":"https:\/\/epochtimestr.com\/index.php\/wp-json\/wp\/v2\/categories?post=165691"},{"taxonomy":"post_tag","embeddable":true,"href":"https:\/\/epochtimestr.com\/index.php\/wp-json\/wp\/v2\/tags?post=165691"}],"curies":[{"name":"wp","href":"https:\/\/api.w.org\/{rel}","templated":true}]}}