{"id":165782,"date":"2026-02-18T17:30:41","date_gmt":"2026-02-18T14:30:41","guid":{"rendered":"https:\/\/epochtimestr.com\/?p=165782"},"modified":"2026-02-18T17:30:43","modified_gmt":"2026-02-18T14:30:43","slug":"iran-ve-abd-temel-prensipler-uzerinde-anlasti","status":"publish","type":"post","link":"https:\/\/epochtimestr.com\/index.php\/iran-ve-abd-temel-prensipler-uzerinde-anlasti","title":{"rendered":"\u0130ran ve ABD Temel Prensipler \u00dczerinde Anla\u015ft\u0131"},"content":{"rendered":"\n<figure class=\"wp-block-image aligncenter size-full\"><img loading=\"lazy\" decoding=\"async\" width=\"1080\" height=\"720\" src=\"https:\/\/epochtimestr.com\/wp-content\/uploads\/2011y\/1000033471.webp\" alt=\"\u0130ran D\u0131\u015fi\u015fleri Bakan\u0131 Abbas Araghchi, 17 \u015eubat 2026'da \u0130svi\u00e7re'nin Cenevre \u015fehrinde.\n(Foto\u011fraf: Valentin Flauraud\/AFP via Getty Images)\" class=\"wp-image-165783\" srcset=\"https:\/\/epochtimestr.com\/wp-content\/uploads\/2011y\/1000033471.webp 1080w, https:\/\/epochtimestr.com\/wp-content\/uploads\/2011y\/1000033471-300x200.webp 300w, https:\/\/epochtimestr.com\/wp-content\/uploads\/2011y\/1000033471-150x100.webp 150w, https:\/\/epochtimestr.com\/wp-content\/uploads\/2011y\/1000033471-768x512.webp 768w\" sizes=\"(max-width: 1080px) 100vw, 1080px\" \/><figcaption class=\"wp-element-caption\">\u0130ran ve ABD, Cenevre&#8217;de n\u00fckleer program \u00fczerine g\u00f6r\u00fc\u015fmelerde temel prensipler \u00fczerinde anla\u015fmaya vard\u0131. \u0130ran D\u0131\u015fi\u015fleri Bakan\u0131 Abbas Arak\u00e7i, 17 \u015eubat 2026&#8217;da \u0130svi\u00e7re&#8217;nin Cenevre \u015fehrinde. (Foto\u011fraf: The Epoch Times arac\u0131l\u0131\u011f\u0131yla, Valentin Flauraud, AFP &#8211; Getty Images)<\/figcaption><\/figure>\n\n\n\n<p>\u0130ran, ABD ile Cenevre&#8217;de ger\u00e7ekle\u015fen m\u00fczakerelerde baz\u0131 temel prensipler \u00fczerinde anla\u015fma sa\u011fland\u0131\u011f\u0131n\u0131 a\u00e7\u0131klad\u0131. \u0130ran D\u0131\u015fi\u015fleri Bakan\u0131 Abbas Arak\u00e7i, 17 \u015eubat&#8217;taki g\u00f6r\u00fc\u015fmelerin ard\u0131ndan Telegram \u00fczerinden bir a\u00e7\u0131klama yapt\u0131. Arak\u00e7i, iki taraf\u0131n &#8220;<a href=\"https:\/\/www.theepochtimes.com\/world\/iran-says-progress-made-in-talks-with-us-in-geneva-5986597\" target=\"_blank\" rel=\"noreferrer noopener\">temel prensipler<\/a>&#8221; \u00fczerinde genel bir anlay\u0131\u015fa vard\u0131\u011f\u0131n\u0131 belirtti. Ayr\u0131ca s\u00fcrecin bu prensipler do\u011frultusunda devam edece\u011fini s\u00f6zlerine ekledi.<\/p>\n\n\n\n<p>Bakan, &#8220;Bu, h\u0131zl\u0131 bir anla\u015fma sa\u011flanaca\u011f\u0131 anlam\u0131na gelmiyor,&#8221; dedi. Ancak \u00f6nceki g\u00f6r\u00fc\u015fmelere g\u00f6re daha fazla ilerleme oldu\u011funu vurgulad\u0131. Arak\u00e7i m\u00fczakerelerin zaman alabilece\u011fini, ayr\u0131ca nihai metin \u00fczerinde \u00e7al\u0131\u015fman\u0131n karma\u015f\u0131k olaca\u011f\u0131n\u0131 ifade etti. Bununla birlikte, \u0130ran\u2019\u0131n bu s\u00fcre\u00e7te zaman harcamaya haz\u0131r oldu\u011funu ve en k\u0131sa s\u00fcrede sonu\u00e7 almay\u0131 umdu\u011funu belirtti.<\/p>\n\n\n\n<p>\u0130ran D\u0131\u015fi\u015fleri Bakan\u0131, g\u00f6r\u00fc\u015fmelerde at\u0131lacak ad\u0131mlar ve yap\u0131lacak i\u015fler hakk\u0131nda daha net bir resim \u00e7izildi\u011fini s\u00f6yledi. Ancak, bu s\u00fcre\u00e7 i\u00e7in kesin bir zaman \u00e7izelgesi vermedi. Arak\u00e7i, ayn\u0131 zamanda \u0130ran\u2019\u0131n kendini her t\u00fcrl\u00fc tehdide kar\u015f\u0131 savunmaya tamamen haz\u0131r oldu\u011funu s\u00f6yledi. Herhangi bir sald\u0131r\u0131 kar\u015f\u0131s\u0131nda sonu\u00e7lar\u0131n sadece \u0130ran\u2019\u0131n s\u0131n\u0131rlar\u0131nda kalmayaca\u011f\u0131n\u0131 da ekledi.<\/p>\n\n\n\n<p>\u0130ran, Uluslararas\u0131 Atom Enerjisi Ajans\u0131 (UAEA) ile m\u00fczakereleri s\u00fcrd\u00fcrmeye devam edece\u011fini duyurdu. Ge\u00e7ti\u011fimiz y\u0131l, UAEA, \u0130ran\u2019\u0131n N\u00fckleer Silahlar\u0131n Yay\u0131lmas\u0131n\u0131 \u00d6nleme Anla\u015fmas\u0131\u2019na (NPT) ayk\u0131r\u0131 davrand\u0131\u011f\u0131n\u0131 a\u00e7\u0131klam\u0131\u015ft\u0131.<\/p>\n\n\n\n<p>\u0130ran, 2025 y\u0131l\u0131n\u0131n Haziran ay\u0131nda ABD&#8217;nin n\u00fckleer tesislerine y\u00f6nelik hava sald\u0131r\u0131lar\u0131n\u0131n ard\u0131ndan UAEA ile i\u015fbirli\u011fini ask\u0131ya alm\u0131\u015ft\u0131. ABD, bu sald\u0131r\u0131lar\u0131 &#8220;Operation Midnight Hammer&#8221; ad\u0131 alt\u0131nda ger\u00e7ekle\u015ftirmi\u015fti. Bu sald\u0131r\u0131lardan sonra taraflar aras\u0131ndaki ili\u015fkiler daha da gerginle\u015fmi\u015fti.<\/p>\n\n\n\n<p><a href=\"https:\/\/epochtimestr.com\/index.php\/iran-krizinde-abd-baskisi\" target=\"_blank\" rel=\"noreferrer noopener\">\u0130ran ile ABD <\/a>aras\u0131nda Cenevre&#8217;de yap\u0131lan dolayl\u0131 g\u00f6r\u00fc\u015fmeler, Umman El\u00e7ili\u011fi&#8217;nde ger\u00e7ekle\u015fti. Umman, daha \u00f6nce de Washington ve Tahran aras\u0131ndaki g\u00f6r\u00fc\u015fmeler i\u00e7in arabuluculuk yapm\u0131\u015ft\u0131. \u0130lk g\u00f6r\u00fc\u015fme bu ay\u0131n ba\u015flar\u0131nda yap\u0131lm\u0131\u015f, ancak herhangi bir anla\u015fma sa\u011flanamam\u0131\u015ft\u0131. Beyaz Saray\u2019dan yap\u0131lan a\u00e7\u0131klamada ise konuyla ilgili herhangi bir yorum yap\u0131lmad\u0131.<\/p>\n\n\n\n<p>G\u00f6r\u00fc\u015fmelerin devam etmesi ve daha fazla detay\u0131n ortaya \u00e7\u0131kmas\u0131 bekleniyor.<\/p>\n","protected":false},"excerpt":{"rendered":"<p>\u0130ran, ABD ile Cenevre&#8217;de ger\u00e7ekle\u015fen m\u00fczakerelerde baz\u0131 temel prensipler \u00fczerinde anla\u015fma sa\u011fland\u0131\u011f\u0131n\u0131 a\u00e7\u0131klad\u0131. \u0130ran D\u0131\u015fi\u015fleri Bakan\u0131 Abbas Arak\u00e7i, 17 \u015eubat&#8217;taki g\u00f6r\u00fc\u015fmelerin ard\u0131ndan Telegram \u00fczerinden bir a\u00e7\u0131klama yapt\u0131. Arak\u00e7i, iki taraf\u0131n &#8220;temel prensipler&#8221; \u00fczerinde genel bir anlay\u0131\u015fa vard\u0131\u011f\u0131n\u0131 belirtti. Ayr\u0131ca s\u00fcrecin bu prensipler do\u011frultusunda devam edece\u011fini s\u00f6zlerine ekledi. Bakan, &#8220;Bu, h\u0131zl\u0131 bir anla\u015fma sa\u011flanaca\u011f\u0131 anlam\u0131na gelmiyor,&#8221; [&hellip;]<\/p>\n","protected":false},"author":13996,"featured_media":165783,"comment_status":"open","ping_status":"open","sticky":false,"template":"","format":"standard","meta":{"_yoast_wpseo_focuskw":"\u0130ran - ABD","_yoast_wpseo_title":"","_yoast_wpseo_metadesc":"\u0130ran ve ABD, Cenevre'de n\u00fckleer program \u00fczerine ger\u00e7ekle\u015fen g\u00f6r\u00fc\u015fmelerde temel prensipler \u00fczerinde anla\u015fmaya vard\u0131.","_bbp_topic_count":0,"_bbp_reply_count":0,"_bbp_total_topic_count":0,"_bbp_total_reply_count":0,"_bbp_voice_count":0,"_bbp_anonymous_reply_count":0,"_bbp_topic_count_hidden":0,"_bbp_reply_count_hidden":0,"_bbp_forum_subforum_count":0,"footnotes":"","_yoast_wpseo_focuskw_text_input":""},"categories":[5,1,8138],"tags":[9496,10768,10687,10767,5764],"yoast_head":"<!-- This site is optimized with the Yoast SEO plugin v23.0 - https:\/\/yoast.com\/wordpress\/plugins\/seo\/ -->\n<title>\u0130ran ve ABD Temel Prensipler \u00dczerinde Anla\u015ft\u0131 - The Epoch Times TR<\/title>\n<meta name=\"description\" content=\"\u0130ran ve ABD, Cenevre&#039;de n\u00fckleer program \u00fczerine ger\u00e7ekle\u015fen g\u00f6r\u00fc\u015fmelerde temel prensipler \u00fczerinde anla\u015fmaya vard\u0131.\" \/>\n<meta name=\"robots\" content=\"index, follow, max-snippet:-1, max-image-preview:large, max-video-preview:-1\" \/>\n<link rel=\"canonical\" href=\"https:\/\/epochtimestr.com\/index.php\/iran-ve-abd-temel-prensipler-uzerinde-anlasti\" \/>\n<meta property=\"og:locale\" content=\"tr_TR\" \/>\n<meta property=\"og:type\" content=\"article\" \/>\n<meta property=\"og:title\" content=\"\u0130ran ve ABD Temel Prensipler \u00dczerinde Anla\u015ft\u0131 - The Epoch Times TR\" \/>\n<meta property=\"og:description\" content=\"\u0130ran ve ABD, Cenevre&#039;de n\u00fckleer program \u00fczerine ger\u00e7ekle\u015fen g\u00f6r\u00fc\u015fmelerde temel prensipler \u00fczerinde anla\u015fmaya vard\u0131.\" \/>\n<meta property=\"og:url\" content=\"https:\/\/epochtimestr.com\/index.php\/iran-ve-abd-temel-prensipler-uzerinde-anlasti\" \/>\n<meta property=\"og:site_name\" content=\"The Epoch Times TR\" \/>\n<meta property=\"article:publisher\" content=\"https:\/\/www.facebook.com\/theepochtimestr\" \/>\n<meta property=\"article:published_time\" content=\"2026-02-18T14:30:41+00:00\" \/>\n<meta property=\"article:modified_time\" content=\"2026-02-18T14:30:43+00:00\" \/>\n<meta property=\"og:image\" content=\"https:\/\/epochtimestr.com\/wp-content\/uploads\/2011y\/1000033471.webp\" \/>\n\t<meta property=\"og:image:width\" content=\"1080\" \/>\n\t<meta property=\"og:image:height\" content=\"720\" \/>\n\t<meta property=\"og:image:type\" content=\"image\/webp\" \/>\n<meta name=\"author\" content=\"Leo Bajelan\" \/>\n<meta name=\"twitter:card\" content=\"summary_large_image\" \/>\n<meta name=\"twitter:creator\" content=\"@TheEpochTimesTR\" \/>\n<meta name=\"twitter:site\" content=\"@TheEpochTimesTR\" \/>\n<meta name=\"twitter:label1\" content=\"Yazan:\" \/>\n\t<meta name=\"twitter:data1\" content=\"Leo Bajelan\" \/>\n\t<meta name=\"twitter:label2\" content=\"Tahmini okuma s\u00fcresi\" \/>\n\t<meta name=\"twitter:data2\" content=\"3 dakika\" \/>\n<script type=\"application\/ld+json\" class=\"yoast-schema-graph\">{\"@context\":\"https:\/\/schema.org\",\"@graph\":[{\"@type\":\"Article\",\"@id\":\"https:\/\/epochtimestr.com\/index.php\/iran-ve-abd-temel-prensipler-uzerinde-anlasti#article\",\"isPartOf\":{\"@id\":\"https:\/\/epochtimestr.com\/index.php\/iran-ve-abd-temel-prensipler-uzerinde-anlasti\"},\"author\":{\"name\":\"Leo Bajelan\",\"@id\":\"https:\/\/epochtimestr.com\/#\/schema\/person\/5fef218711d76d8f232b0e1f1d7e4c0d\"},\"headline\":\"\u0130ran ve ABD Temel Prensipler \u00dczerinde Anla\u015ft\u0131\",\"datePublished\":\"2026-02-18T14:30:41+00:00\",\"dateModified\":\"2026-02-18T14:30:43+00:00\",\"mainEntityOfPage\":{\"@id\":\"https:\/\/epochtimestr.com\/index.php\/iran-ve-abd-temel-prensipler-uzerinde-anlasti\"},\"wordCount\":461,\"commentCount\":0,\"publisher\":{\"@id\":\"https:\/\/epochtimestr.com\/#organization\"},\"image\":{\"@id\":\"https:\/\/epochtimestr.com\/index.php\/iran-ve-abd-temel-prensipler-uzerinde-anlasti#primaryimage\"},\"thumbnailUrl\":\"https:\/\/epochtimestr.com\/wp-content\/uploads\/2011y\/1000033471.webp\",\"keywords\":[\"Abbas Arak\u00e7i\",\"Geneva m\u00fczakere\",\"\u0130ran ABD sava\u015f\u0131\",\"\u0130ran ve ABD\",\"Trump\"],\"articleSection\":[\"D\u00dcNYA\",\"G\u00dcNDEM\",\"Man\u015fet\"],\"inLanguage\":\"tr\",\"potentialAction\":[{\"@type\":\"CommentAction\",\"name\":\"Comment\",\"target\":[\"https:\/\/epochtimestr.com\/index.php\/iran-ve-abd-temel-prensipler-uzerinde-anlasti#respond\"]}]},{\"@type\":\"WebPage\",\"@id\":\"https:\/\/epochtimestr.com\/index.php\/iran-ve-abd-temel-prensipler-uzerinde-anlasti\",\"url\":\"https:\/\/epochtimestr.com\/index.php\/iran-ve-abd-temel-prensipler-uzerinde-anlasti\",\"name\":\"\u0130ran ve ABD Temel Prensipler \u00dczerinde Anla\u015ft\u0131 - The Epoch Times TR\",\"isPartOf\":{\"@id\":\"https:\/\/epochtimestr.com\/#website\"},\"primaryImageOfPage\":{\"@id\":\"https:\/\/epochtimestr.com\/index.php\/iran-ve-abd-temel-prensipler-uzerinde-anlasti#primaryimage\"},\"image\":{\"@id\":\"https:\/\/epochtimestr.com\/index.php\/iran-ve-abd-temel-prensipler-uzerinde-anlasti#primaryimage\"},\"thumbnailUrl\":\"https:\/\/epochtimestr.com\/wp-content\/uploads\/2011y\/1000033471.webp\",\"datePublished\":\"2026-02-18T14:30:41+00:00\",\"dateModified\":\"2026-02-18T14:30:43+00:00\",\"description\":\"\u0130ran ve ABD, Cenevre'de n\u00fckleer program \u00fczerine ger\u00e7ekle\u015fen g\u00f6r\u00fc\u015fmelerde temel prensipler \u00fczerinde anla\u015fmaya vard\u0131.\",\"inLanguage\":\"tr\",\"potentialAction\":[{\"@type\":\"ReadAction\",\"target\":[\"https:\/\/epochtimestr.com\/index.php\/iran-ve-abd-temel-prensipler-uzerinde-anlasti\"]}]},{\"@type\":\"ImageObject\",\"inLanguage\":\"tr\",\"@id\":\"https:\/\/epochtimestr.com\/index.php\/iran-ve-abd-temel-prensipler-uzerinde-anlasti#primaryimage\",\"url\":\"https:\/\/epochtimestr.com\/wp-content\/uploads\/2011y\/1000033471.webp\",\"contentUrl\":\"https:\/\/epochtimestr.com\/wp-content\/uploads\/2011y\/1000033471.webp\",\"width\":1080,\"height\":720},{\"@type\":\"WebSite\",\"@id\":\"https:\/\/epochtimestr.com\/#website\",\"url\":\"https:\/\/epochtimestr.com\/\",\"name\":\"The Epoch Times TR\",\"description\":\"De\u011fi\u015fen D\u00fcnyam\u0131za Taze Bir Bak\u0131\u015f\",\"publisher\":{\"@id\":\"https:\/\/epochtimestr.com\/#organization\"},\"potentialAction\":[{\"@type\":\"SearchAction\",\"target\":{\"@type\":\"EntryPoint\",\"urlTemplate\":\"https:\/\/epochtimestr.com\/?s={search_term_string}\"},\"query-input\":\"required name=search_term_string\"}],\"inLanguage\":\"tr\"},{\"@type\":\"Organization\",\"@id\":\"https:\/\/epochtimestr.com\/#organization\",\"name\":\"The EpochTimes T\u00fcrkiye\",\"url\":\"https:\/\/epochtimestr.com\/\",\"logo\":{\"@type\":\"ImageObject\",\"inLanguage\":\"tr\",\"@id\":\"https:\/\/epochtimestr.com\/#\/schema\/logo\/image\/\",\"url\":\"https:\/\/epochtimestr.com\/wp-content\/uploads\/2011y\/ET-Logo-YG.jpg\",\"contentUrl\":\"https:\/\/epochtimestr.com\/wp-content\/uploads\/2011y\/ET-Logo-YG.jpg\",\"width\":346,\"height\":29,\"caption\":\"The EpochTimes T\u00fcrkiye\"},\"image\":{\"@id\":\"https:\/\/epochtimestr.com\/#\/schema\/logo\/image\/\"},\"sameAs\":[\"https:\/\/www.facebook.com\/theepochtimestr\",\"https:\/\/x.com\/TheEpochTimesTR\",\"https:\/\/www.instagram.com\/epochtimestr\"]},{\"@type\":\"Person\",\"@id\":\"https:\/\/epochtimestr.com\/#\/schema\/person\/5fef218711d76d8f232b0e1f1d7e4c0d\",\"name\":\"Leo Bajelan\",\"image\":{\"@type\":\"ImageObject\",\"inLanguage\":\"tr\",\"@id\":\"https:\/\/epochtimestr.com\/#\/schema\/person\/image\/\",\"url\":\"https:\/\/secure.gravatar.com\/avatar\/917669146f489549e548a2e9af272df5?s=96&d=mm&r=g\",\"contentUrl\":\"https:\/\/secure.gravatar.com\/avatar\/917669146f489549e548a2e9af272df5?s=96&d=mm&r=g\",\"caption\":\"Leo Bajelan\"},\"url\":\"https:\/\/epochtimestr.com\/index.php\/author\/leo\"}]}<\/script>\n<!-- \/ Yoast SEO plugin. -->","yoast_head_json":{"title":"\u0130ran ve ABD Temel Prensipler \u00dczerinde Anla\u015ft\u0131 - The Epoch Times TR","description":"\u0130ran ve ABD, Cenevre'de n\u00fckleer program \u00fczerine ger\u00e7ekle\u015fen g\u00f6r\u00fc\u015fmelerde temel prensipler \u00fczerinde anla\u015fmaya vard\u0131.","robots":{"index":"index","follow":"follow","max-snippet":"max-snippet:-1","max-image-preview":"max-image-preview:large","max-video-preview":"max-video-preview:-1"},"canonical":"https:\/\/epochtimestr.com\/index.php\/iran-ve-abd-temel-prensipler-uzerinde-anlasti","og_locale":"tr_TR","og_type":"article","og_title":"\u0130ran ve ABD Temel Prensipler \u00dczerinde Anla\u015ft\u0131 - The Epoch Times TR","og_description":"\u0130ran ve ABD, Cenevre'de n\u00fckleer program \u00fczerine ger\u00e7ekle\u015fen g\u00f6r\u00fc\u015fmelerde temel prensipler \u00fczerinde anla\u015fmaya vard\u0131.","og_url":"https:\/\/epochtimestr.com\/index.php\/iran-ve-abd-temel-prensipler-uzerinde-anlasti","og_site_name":"The Epoch Times TR","article_publisher":"https:\/\/www.facebook.com\/theepochtimestr","article_published_time":"2026-02-18T14:30:41+00:00","article_modified_time":"2026-02-18T14:30:43+00:00","og_image":[{"width":1080,"height":720,"url":"https:\/\/epochtimestr.com\/wp-content\/uploads\/2011y\/1000033471.webp","type":"image\/webp"}],"author":"Leo Bajelan","twitter_card":"summary_large_image","twitter_creator":"@TheEpochTimesTR","twitter_site":"@TheEpochTimesTR","twitter_misc":{"Yazan:":"Leo Bajelan","Tahmini okuma s\u00fcresi":"3 dakika"},"schema":{"@context":"https:\/\/schema.org","@graph":[{"@type":"Article","@id":"https:\/\/epochtimestr.com\/index.php\/iran-ve-abd-temel-prensipler-uzerinde-anlasti#article","isPartOf":{"@id":"https:\/\/epochtimestr.com\/index.php\/iran-ve-abd-temel-prensipler-uzerinde-anlasti"},"author":{"name":"Leo Bajelan","@id":"https:\/\/epochtimestr.com\/#\/schema\/person\/5fef218711d76d8f232b0e1f1d7e4c0d"},"headline":"\u0130ran ve ABD Temel Prensipler \u00dczerinde Anla\u015ft\u0131","datePublished":"2026-02-18T14:30:41+00:00","dateModified":"2026-02-18T14:30:43+00:00","mainEntityOfPage":{"@id":"https:\/\/epochtimestr.com\/index.php\/iran-ve-abd-temel-prensipler-uzerinde-anlasti"},"wordCount":461,"commentCount":0,"publisher":{"@id":"https:\/\/epochtimestr.com\/#organization"},"image":{"@id":"https:\/\/epochtimestr.com\/index.php\/iran-ve-abd-temel-prensipler-uzerinde-anlasti#primaryimage"},"thumbnailUrl":"https:\/\/epochtimestr.com\/wp-content\/uploads\/2011y\/1000033471.webp","keywords":["Abbas Arak\u00e7i","Geneva m\u00fczakere","\u0130ran ABD sava\u015f\u0131","\u0130ran ve ABD","Trump"],"articleSection":["D\u00dcNYA","G\u00dcNDEM","Man\u015fet"],"inLanguage":"tr","potentialAction":[{"@type":"CommentAction","name":"Comment","target":["https:\/\/epochtimestr.com\/index.php\/iran-ve-abd-temel-prensipler-uzerinde-anlasti#respond"]}]},{"@type":"WebPage","@id":"https:\/\/epochtimestr.com\/index.php\/iran-ve-abd-temel-prensipler-uzerinde-anlasti","url":"https:\/\/epochtimestr.com\/index.php\/iran-ve-abd-temel-prensipler-uzerinde-anlasti","name":"\u0130ran ve ABD Temel Prensipler \u00dczerinde Anla\u015ft\u0131 - The Epoch Times TR","isPartOf":{"@id":"https:\/\/epochtimestr.com\/#website"},"primaryImageOfPage":{"@id":"https:\/\/epochtimestr.com\/index.php\/iran-ve-abd-temel-prensipler-uzerinde-anlasti#primaryimage"},"image":{"@id":"https:\/\/epochtimestr.com\/index.php\/iran-ve-abd-temel-prensipler-uzerinde-anlasti#primaryimage"},"thumbnailUrl":"https:\/\/epochtimestr.com\/wp-content\/uploads\/2011y\/1000033471.webp","datePublished":"2026-02-18T14:30:41+00:00","dateModified":"2026-02-18T14:30:43+00:00","description":"\u0130ran ve ABD, Cenevre'de n\u00fckleer program \u00fczerine ger\u00e7ekle\u015fen g\u00f6r\u00fc\u015fmelerde temel prensipler \u00fczerinde anla\u015fmaya vard\u0131.","inLanguage":"tr","potentialAction":[{"@type":"ReadAction","target":["https:\/\/epochtimestr.com\/index.php\/iran-ve-abd-temel-prensipler-uzerinde-anlasti"]}]},{"@type":"ImageObject","inLanguage":"tr","@id":"https:\/\/epochtimestr.com\/index.php\/iran-ve-abd-temel-prensipler-uzerinde-anlasti#primaryimage","url":"https:\/\/epochtimestr.com\/wp-content\/uploads\/2011y\/1000033471.webp","contentUrl":"https:\/\/epochtimestr.com\/wp-content\/uploads\/2011y\/1000033471.webp","width":1080,"height":720},{"@type":"WebSite","@id":"https:\/\/epochtimestr.com\/#website","url":"https:\/\/epochtimestr.com\/","name":"The Epoch Times TR","description":"De\u011fi\u015fen D\u00fcnyam\u0131za Taze Bir Bak\u0131\u015f","publisher":{"@id":"https:\/\/epochtimestr.com\/#organization"},"potentialAction":[{"@type":"SearchAction","target":{"@type":"EntryPoint","urlTemplate":"https:\/\/epochtimestr.com\/?s={search_term_string}"},"query-input":"required name=search_term_string"}],"inLanguage":"tr"},{"@type":"Organization","@id":"https:\/\/epochtimestr.com\/#organization","name":"The EpochTimes T\u00fcrkiye","url":"https:\/\/epochtimestr.com\/","logo":{"@type":"ImageObject","inLanguage":"tr","@id":"https:\/\/epochtimestr.com\/#\/schema\/logo\/image\/","url":"https:\/\/epochtimestr.com\/wp-content\/uploads\/2011y\/ET-Logo-YG.jpg","contentUrl":"https:\/\/epochtimestr.com\/wp-content\/uploads\/2011y\/ET-Logo-YG.jpg","width":346,"height":29,"caption":"The EpochTimes T\u00fcrkiye"},"image":{"@id":"https:\/\/epochtimestr.com\/#\/schema\/logo\/image\/"},"sameAs":["https:\/\/www.facebook.com\/theepochtimestr","https:\/\/x.com\/TheEpochTimesTR","https:\/\/www.instagram.com\/epochtimestr"]},{"@type":"Person","@id":"https:\/\/epochtimestr.com\/#\/schema\/person\/5fef218711d76d8f232b0e1f1d7e4c0d","name":"Leo Bajelan","image":{"@type":"ImageObject","inLanguage":"tr","@id":"https:\/\/epochtimestr.com\/#\/schema\/person\/image\/","url":"https:\/\/secure.gravatar.com\/avatar\/917669146f489549e548a2e9af272df5?s=96&d=mm&r=g","contentUrl":"https:\/\/secure.gravatar.com\/avatar\/917669146f489549e548a2e9af272df5?s=96&d=mm&r=g","caption":"Leo Bajelan"},"url":"https:\/\/epochtimestr.com\/index.php\/author\/leo"}]}},"_links":{"self":[{"href":"https:\/\/epochtimestr.com\/index.php\/wp-json\/wp\/v2\/posts\/165782"}],"collection":[{"href":"https:\/\/epochtimestr.com\/index.php\/wp-json\/wp\/v2\/posts"}],"about":[{"href":"https:\/\/epochtimestr.com\/index.php\/wp-json\/wp\/v2\/types\/post"}],"author":[{"embeddable":true,"href":"https:\/\/epochtimestr.com\/index.php\/wp-json\/wp\/v2\/users\/13996"}],"replies":[{"embeddable":true,"href":"https:\/\/epochtimestr.com\/index.php\/wp-json\/wp\/v2\/comments?post=165782"}],"version-history":[{"count":2,"href":"https:\/\/epochtimestr.com\/index.php\/wp-json\/wp\/v2\/posts\/165782\/revisions"}],"predecessor-version":[{"id":165796,"href":"https:\/\/epochtimestr.com\/index.php\/wp-json\/wp\/v2\/posts\/165782\/revisions\/165796"}],"wp:featuredmedia":[{"embeddable":true,"href":"https:\/\/epochtimestr.com\/index.php\/wp-json\/wp\/v2\/media\/165783"}],"wp:attachment":[{"href":"https:\/\/epochtimestr.com\/index.php\/wp-json\/wp\/v2\/media?parent=165782"}],"wp:term":[{"taxonomy":"category","embeddable":true,"href":"https:\/\/epochtimestr.com\/index.php\/wp-json\/wp\/v2\/categories?post=165782"},{"taxonomy":"post_tag","embeddable":true,"href":"https:\/\/epochtimestr.com\/index.php\/wp-json\/wp\/v2\/tags?post=165782"}],"curies":[{"name":"wp","href":"https:\/\/api.w.org\/{rel}","templated":true}]}}