{"id":165799,"date":"2026-02-18T17:57:56","date_gmt":"2026-02-18T14:57:56","guid":{"rendered":"https:\/\/epochtimestr.com\/?p=165799"},"modified":"2026-02-18T17:57:58","modified_gmt":"2026-02-18T14:57:58","slug":"sosyal-kulturel-etkinlikler-toplumsal-bagi-guclendirir","status":"publish","type":"post","link":"https:\/\/epochtimestr.com\/index.php\/sosyal-kulturel-etkinlikler-toplumsal-bagi-guclendirir","title":{"rendered":"Sosyal K\u00fclt\u00fcrel Etkinlikler Toplumsal Ba\u011f\u0131 G\u00fc\u00e7lendirir"},"content":{"rendered":"\n<p>Bir \u00fclkenin ger\u00e7ek zenginli\u011fi yaln\u0131zca ekonomik b\u00fcy\u00fckl\u00fc\u011f\u00fcyle \u00f6l\u00e7\u00fclmez. Sokaklar\u0131nda yank\u0131lanan m\u00fczikle, meydanlar\u0131nda kurulan sahnelerle, tiyatro salonlar\u0131nda tutulan nefesle, kitap fuarlar\u0131nda imza kuyru\u011funda bekleyen sab\u0131rla \u00f6l\u00e7\u00fcl\u00fcr. \u00c7\u00fcnk\u00fc bir toplumun ruhu, birlikte ya\u015fama k\u00fclt\u00fcr\u00fcyle beslenir; bu k\u00fclt\u00fcr\u00fcn mayas\u0131 ise sosyal ve k\u00fclt\u00fcrel etkinliklerdir.<\/p>\n\n\n\n<p>Bir \u015fehir d\u00fc\u015f\u00fcn\u00fcn\u2026 Ak\u015fam\u00fczeri bir konser i\u00e7in toplanm\u0131\u015f insanlar var. Ayn\u0131 \u015fark\u0131ya e\u015flik eden farkl\u0131 ya\u015flardan, farkl\u0131 d\u00fc\u015f\u00fcncelerden insanlar. O an kimsenin kimli\u011fi, siyasi g\u00f6r\u00fc\u015f\u00fc ya da sosyal stat\u00fcs\u00fc \u00f6n planda de\u011fildir. Ortak olan tek \u015fey, ayn\u0131 duyguda bulu\u015fabilmektir. \u0130\u015fte k\u00fclt\u00fcr\u00fcn birle\u015ftirici g\u00fcc\u00fc tam da burada ba\u015flar.<\/p>\n\n\n\n<p>\u0130stanbul K\u00fclt\u00fcr Sanat Vakf\u0131 taraf\u0131ndan d\u00fczenlenen festivaller y\u0131llard\u0131r bunun en g\u00fczel \u00f6rneklerini sunuyor. Bir film g\u00f6steriminde, bir caz konserinde ya da bir bienalde insanlar yaln\u0131zca sanat izlemiyor; ayn\u0131 zamanda ortak bir haf\u0131za in\u015fa ediyor. Bu haf\u0131za, toplumsal dayan\u0131\u015fman\u0131n g\u00f6r\u00fcnmeyen harc\u0131d\u0131r.<\/p>\n\n\n\n<p>Sosyal-k\u00fclt\u00fcrel etkinlikler, \u015fehirlerin yaln\u0131zca beton ve asfalt olmad\u0131\u011f\u0131n\u0131 hat\u0131rlat\u0131r. Parkta yap\u0131lan bir \u015fiir dinletisi, mahallede kurulan bir halk oyunlar\u0131 g\u00f6sterisi, belediyenin d\u00fczenledi\u011fi bir kitap g\u00fcnleri etkinli\u011fi\u2026 Bunlar k\u00fc\u00e7\u00fck gibi g\u00f6r\u00fcn\u00fcr ama b\u00fcy\u00fck ba\u011flar kurar. \u00c7\u00fcnk\u00fc insanlar, bir araya geldik\u00e7e yabanc\u0131 olmaktan \u00e7\u0131kar.<\/p>\n\n\n\n<p>Modern \u00e7a\u011f\u0131n en b\u00fcy\u00fck sorunu yaln\u0131zl\u0131k. Kalabal\u0131klar\u0131n i\u00e7inde yaln\u0131zla\u015fan bireyler\u2026 Ayn\u0131 apartmanda y\u0131llarca ya\u015fay\u0131p birbirini tan\u0131mayan kom\u015fular\u2026 Oysa bir mahalle \u015fenli\u011fi, bir \u00e7ocuk tiyatrosu, bir a\u00e7\u0131k hava sinemas\u0131 g\u00f6sterimi, insanlar\u0131n g\u00f6z g\u00f6ze gelmesini sa\u011flar. Selamla\u015fma ba\u015flar, sohbet ba\u015flar, ba\u011f kurulur.<\/p>\n\n\n\n<p>UNESCO &#8216;k\u00fclt\u00fcrel miras&#8217;\u0131 yaln\u0131zca korunmas\u0131 gereken bir de\u011fer olarak de\u011fil, toplumsal s\u00fcrd\u00fcr\u00fclebilirli\u011fin temel unsurlar\u0131ndan biri olarak g\u00f6r\u00fcr. \u00c7\u00fcnk\u00fc k\u00fclt\u00fcr, ge\u00e7mi\u015fle gelecek aras\u0131nda k\u00f6pr\u00fc kurarken, bug\u00fcn\u00fcn insan\u0131n\u0131 da ayn\u0131 zeminde bulu\u015fturur.<\/p>\n\n\n\n<p>Bir \u00fclkede k\u00fclt\u00fcrel etkinlikler ne kadar yayg\u0131nsa, ho\u015fg\u00f6r\u00fc o kadar geli\u015fir. Tiyatro izleyen bir toplum empati kurmay\u0131 \u00f6\u011frenir. Roman okuyan bir gen\u00e7, ba\u015fka hayatlar\u0131n i\u00e7ine girer. Bir sergiyi gezen insan, farkl\u0131 bak\u0131\u015f a\u00e7\u0131lar\u0131yla tan\u0131\u015f\u0131r. Bu deneyimler bireyi yumu\u015fat\u0131r, sert k\u00f6\u015feleri t\u00f6rp\u00fcler.<\/p>\n\n\n\n<p>\u00d6rne\u011fin Devlet Tiyatrolar\u0131 Anadolu\u2019nun bir\u00e7ok \u015fehrinde perdelerini a\u00e7t\u0131\u011f\u0131nda, yaln\u0131zca bir oyun sahnelemez; ayn\u0131 zamanda k\u00fclt\u00fcr\u00fcn merkezden \u00e7evreye akmas\u0131n\u0131 sa\u011flar. K\u00fclt\u00fcr belli \u015fehirlerin tekelinde kald\u0131\u011f\u0131nda de\u011fil, \u00fclkenin d\u00f6rt bir yan\u0131na yay\u0131ld\u0131\u011f\u0131nda toplumsal ba\u011f g\u00fc\u00e7lenir.<\/p>\n\n\n\n<p>Sosyal-k\u00fclt\u00fcrel etkinlikler ayn\u0131 zamanda gen\u00e7ler i\u00e7in y\u00f6n bulma alan\u0131d\u0131r. Bir m\u00fczik at\u00f6lyesine kat\u0131lan \u00e7ocuk, belki de hayat\u0131n\u0131n tutkusunu ke\u015ffeder. Bir resim sergisini gezen \u00f6\u011frenci, sanat\u0131n iyile\u015ftirici g\u00fcc\u00fcn\u00fc fark eder. Bu etkinlikler yaln\u0131zca e\u011flence de\u011fildir; ki\u015fisel geli\u015fimin ve \u00f6zg\u00fcvenin de kayna\u011f\u0131d\u0131r.<\/p>\n\n\n\n<p>Ekonomik boyutu da g\u00f6z ard\u0131 edilemez. Festivaller, fuarlar ve k\u00fclt\u00fcrel organizasyonlar \u015fehir ekonomisine canl\u0131l\u0131k katar. K\u00fclt\u00fcr turizmi geli\u015fir, yerel esnaf kazan\u0131r, \u015fehir marka de\u011feri kazan\u0131r. Ama as\u0131l kazan\u00e7, insanlar\u0131n \u201cBu \u015fehirde ya\u015famaktan mutluyum\u201d diyebilmesidir.<\/p>\n\n\n\n<p>Bir \u015fehirde konser salonlar\u0131 kapal\u0131ysa, tiyatro sahneleri karanl\u0131ksa, meydanlar yaln\u0131zca siyasi mitinglere a\u00e7\u0131ksa, o \u015fehir zamanla ruhunu kaybeder. Oysa sanat\u0131n oldu\u011fu yerde umut vard\u0131r. M\u00fczik \u00e7al\u0131nan bir sokakta, kavga daha azd\u0131r. Kitap okunan bir parkta, \u00f6fke daha d\u00fc\u015f\u00fckt\u00fcr.<\/p>\n\n\n\n<p>Toplumsal ba\u011f dedi\u011fimiz \u015fey, g\u00f6r\u00fcnmeyen ipliklerle \u00f6r\u00fcl\u00fcd\u00fcr. O iplikler g\u00fcven, empati ve ortak deneyimle g\u00fc\u00e7lenir. Sosyal-k\u00fclt\u00fcrel etkinlikler bu iplikleri s\u0131kla\u015ft\u0131r\u0131r. \u0130nsanlar yaln\u0131z olmad\u0131klar\u0131n\u0131 hisseder. Ayn\u0131 \u015fehrin, ayn\u0131 \u00fclkenin par\u00e7as\u0131 olduklar\u0131n\u0131 hat\u0131rlar.<\/p>\n\n\n\n<p>Bir \u00fclkenin gelece\u011fi, yaln\u0131zca gen\u00e7 n\u00fcfusuna de\u011fil; o gen\u00e7lerin nas\u0131l bir k\u00fclt\u00fcrel ortamda yeti\u015fti\u011fine ba\u011fl\u0131d\u0131r. Sanatla b\u00fcy\u00fcyen nesiller daha sorgulay\u0131c\u0131, daha \u00fcretken ve daha bar\u0131\u015f\u00e7\u0131l olur. K\u00fclt\u00fcr\u00fcn oldu\u011fu yerde diyalog vard\u0131r; diyalogun oldu\u011fu yerde ise \u00e7at\u0131\u015fma azal\u0131r.<\/p>\n\n\n\n<p>Sonu\u00e7 olarak sosyal-k\u00fclt\u00fcrel etkinlikler bir l\u00fcks de\u011fil, toplumsal bir ihtiya\u00e7t\u0131r. Bir \u015fehrin kalp at\u0131\u015f\u0131d\u0131r. O kalp yava\u015flad\u0131\u011f\u0131nda toplum yorulur; h\u0131zland\u0131\u011f\u0131nda ise umut tazelenir.<\/p>\n\n\n\n<p>\u015eehirlerimizi yaln\u0131zca ya\u015fad\u0131\u011f\u0131m\u0131z yerler de\u011fil, birlikte ya\u015fad\u0131\u011f\u0131m\u0131z alanlar h\u00e2line getirmek istiyorsak; m\u00fczi\u011fe, tiyatroya, kitaba, sergiye, festivale kap\u0131lar\u0131m\u0131z\u0131 a\u00e7\u0131k tutmal\u0131y\u0131z. \u00c7\u00fcnk\u00fc bir toplum, en \u00e7ok birlikte g\u00fcld\u00fc\u011f\u00fc, birlikte alk\u0131\u015flad\u0131\u011f\u0131 ve birlikte duyguland\u0131\u011f\u0131 anlarda g\u00fc\u00e7lenir. \ud83c\udf3f<\/p>\n","protected":false},"excerpt":{"rendered":"<p>Bir \u00fclkenin ger\u00e7ek zenginli\u011fi yaln\u0131zca ekonomik b\u00fcy\u00fckl\u00fc\u011f\u00fcyle \u00f6l\u00e7\u00fclmez. Sokaklar\u0131nda yank\u0131lanan m\u00fczikle, meydanlar\u0131nda kurulan sahnelerle, tiyatro salonlar\u0131nda tutulan nefesle, kitap fuarlar\u0131nda imza kuyru\u011funda bekleyen sab\u0131rla \u00f6l\u00e7\u00fcl\u00fcr. \u00c7\u00fcnk\u00fc bir toplumun ruhu, birlikte ya\u015fama k\u00fclt\u00fcr\u00fcyle beslenir; bu k\u00fclt\u00fcr\u00fcn mayas\u0131 ise sosyal ve k\u00fclt\u00fcrel etkinliklerdir. Bir \u015fehir d\u00fc\u015f\u00fcn\u00fcn\u2026 Ak\u015fam\u00fczeri bir konser i\u00e7in toplanm\u0131\u015f insanlar var. Ayn\u0131 \u015fark\u0131ya e\u015flik eden [&hellip;]<\/p>\n","protected":false},"author":13998,"featured_media":160116,"comment_status":"open","ping_status":"open","sticky":false,"template":"","format":"standard","meta":{"_yoast_wpseo_focuskw":"Sosyal - k\u00fclt\u00fcrel etkinlikler","_yoast_wpseo_title":"","_yoast_wpseo_metadesc":"Bir \u00fclkede ve \u015fehirlerindeki sosyal-k\u00fclt\u00fcrel etkinlikler bir l\u00fcks de\u011fil, toplumsal bir ihtiya\u00e7t\u0131r. Bir \u015fehrin kalp at\u0131\u015f\u0131d\u0131r.","_bbp_topic_count":0,"_bbp_reply_count":0,"_bbp_total_topic_count":0,"_bbp_total_reply_count":0,"_bbp_voice_count":0,"_bbp_anonymous_reply_count":0,"_bbp_topic_count_hidden":0,"_bbp_reply_count_hidden":0,"_bbp_forum_subforum_count":0,"footnotes":"","_yoast_wpseo_focuskw_text_input":""},"categories":[8889],"tags":[10777,5851,316,10774,10772,10773,10775,10776],"yoast_head":"<!-- This site is optimized with the Yoast SEO plugin v23.0 - https:\/\/yoast.com\/wordpress\/plugins\/seo\/ -->\n<title>Sosyal K\u00fclt\u00fcrel Etkinlikler Toplumsal Ba\u011f\u0131 G\u00fc\u00e7lendirir - The Epoch Times TR<\/title>\n<meta name=\"description\" content=\"Bir \u00fclkede ve \u015fehirlerindeki sosyal-k\u00fclt\u00fcrel etkinlikler bir l\u00fcks de\u011fil, toplumsal bir ihtiya\u00e7t\u0131r. Bir \u015fehrin kalp at\u0131\u015f\u0131d\u0131r.\" \/>\n<meta name=\"robots\" content=\"index, follow, max-snippet:-1, max-image-preview:large, max-video-preview:-1\" \/>\n<link rel=\"canonical\" href=\"https:\/\/epochtimestr.com\/index.php\/sosyal-kulturel-etkinlikler-toplumsal-bagi-guclendirir\" \/>\n<meta property=\"og:locale\" content=\"tr_TR\" \/>\n<meta property=\"og:type\" content=\"article\" \/>\n<meta property=\"og:title\" content=\"Sosyal K\u00fclt\u00fcrel Etkinlikler Toplumsal Ba\u011f\u0131 G\u00fc\u00e7lendirir - The Epoch Times TR\" \/>\n<meta property=\"og:description\" content=\"Bir \u00fclkede ve \u015fehirlerindeki sosyal-k\u00fclt\u00fcrel etkinlikler bir l\u00fcks de\u011fil, toplumsal bir ihtiya\u00e7t\u0131r. Bir \u015fehrin kalp at\u0131\u015f\u0131d\u0131r.\" \/>\n<meta property=\"og:url\" content=\"https:\/\/epochtimestr.com\/index.php\/sosyal-kulturel-etkinlikler-toplumsal-bagi-guclendirir\" \/>\n<meta property=\"og:site_name\" content=\"The Epoch Times TR\" \/>\n<meta property=\"article:publisher\" content=\"https:\/\/www.facebook.com\/theepochtimestr\" \/>\n<meta property=\"article:published_time\" content=\"2026-02-18T14:57:56+00:00\" \/>\n<meta property=\"article:modified_time\" content=\"2026-02-18T14:57:58+00:00\" \/>\n<meta property=\"og:image\" content=\"https:\/\/epochtimestr.com\/wp-content\/uploads\/2011y\/SERIFE-ESER-SM.png\" \/>\n\t<meta property=\"og:image:width\" content=\"1200\" \/>\n\t<meta property=\"og:image:height\" content=\"630\" \/>\n\t<meta property=\"og:image:type\" content=\"image\/png\" \/>\n<meta name=\"author\" content=\"\u015eerife Eser\" \/>\n<meta name=\"twitter:card\" content=\"summary_large_image\" \/>\n<meta name=\"twitter:creator\" content=\"@TheEpochTimesTR\" \/>\n<meta name=\"twitter:site\" content=\"@TheEpochTimesTR\" \/>\n<meta name=\"twitter:label1\" content=\"Yazan:\" \/>\n\t<meta name=\"twitter:data1\" content=\"\u015eerife Eser\" \/>\n\t<meta name=\"twitter:label2\" content=\"Tahmini okuma s\u00fcresi\" \/>\n\t<meta name=\"twitter:data2\" content=\"4 dakika\" \/>\n<script type=\"application\/ld+json\" class=\"yoast-schema-graph\">{\"@context\":\"https:\/\/schema.org\",\"@graph\":[{\"@type\":\"Article\",\"@id\":\"https:\/\/epochtimestr.com\/index.php\/sosyal-kulturel-etkinlikler-toplumsal-bagi-guclendirir#article\",\"isPartOf\":{\"@id\":\"https:\/\/epochtimestr.com\/index.php\/sosyal-kulturel-etkinlikler-toplumsal-bagi-guclendirir\"},\"author\":{\"name\":\"\u015eerife Eser\",\"@id\":\"https:\/\/epochtimestr.com\/#\/schema\/person\/82b65a1390e2b0717a679b57ed38d466\"},\"headline\":\"Sosyal K\u00fclt\u00fcrel Etkinlikler Toplumsal Ba\u011f\u0131 G\u00fc\u00e7lendirir\",\"datePublished\":\"2026-02-18T14:57:56+00:00\",\"dateModified\":\"2026-02-18T14:57:58+00:00\",\"mainEntityOfPage\":{\"@id\":\"https:\/\/epochtimestr.com\/index.php\/sosyal-kulturel-etkinlikler-toplumsal-bagi-guclendirir\"},\"wordCount\":855,\"commentCount\":1,\"publisher\":{\"@id\":\"https:\/\/epochtimestr.com\/#organization\"},\"image\":{\"@id\":\"https:\/\/epochtimestr.com\/index.php\/sosyal-kulturel-etkinlikler-toplumsal-bagi-guclendirir#primaryimage\"},\"thumbnailUrl\":\"https:\/\/epochtimestr.com\/wp-content\/uploads\/2011y\/Serife-Eser-Profil-1.png\",\"keywords\":[\"empati\",\"ho\u015fg\u00f6r\u00fc\",\"k\u00fclt\u00fcrel miras\",\"k\u00fclt\u00fcr\u00fcn birle\u015ftirici g\u00fcc\u00fc\",\"Sosyal K\u00fclt\u00fcrel Etkinlikler\",\"Toplumsal Ba\u011f\",\"toplumsal dayan\u0131\u015fma\",\"toplumsal s\u00fcrd\u00fcr\u00fclebilirlik\"],\"articleSection\":[\"K\u00f6\u015fe Yaz\u0131lar\u0131 \u015eerife Eser\"],\"inLanguage\":\"tr\",\"potentialAction\":[{\"@type\":\"CommentAction\",\"name\":\"Comment\",\"target\":[\"https:\/\/epochtimestr.com\/index.php\/sosyal-kulturel-etkinlikler-toplumsal-bagi-guclendirir#respond\"]}]},{\"@type\":\"WebPage\",\"@id\":\"https:\/\/epochtimestr.com\/index.php\/sosyal-kulturel-etkinlikler-toplumsal-bagi-guclendirir\",\"url\":\"https:\/\/epochtimestr.com\/index.php\/sosyal-kulturel-etkinlikler-toplumsal-bagi-guclendirir\",\"name\":\"Sosyal K\u00fclt\u00fcrel Etkinlikler Toplumsal Ba\u011f\u0131 G\u00fc\u00e7lendirir - The Epoch Times TR\",\"isPartOf\":{\"@id\":\"https:\/\/epochtimestr.com\/#website\"},\"primaryImageOfPage\":{\"@id\":\"https:\/\/epochtimestr.com\/index.php\/sosyal-kulturel-etkinlikler-toplumsal-bagi-guclendirir#primaryimage\"},\"image\":{\"@id\":\"https:\/\/epochtimestr.com\/index.php\/sosyal-kulturel-etkinlikler-toplumsal-bagi-guclendirir#primaryimage\"},\"thumbnailUrl\":\"https:\/\/epochtimestr.com\/wp-content\/uploads\/2011y\/Serife-Eser-Profil-1.png\",\"datePublished\":\"2026-02-18T14:57:56+00:00\",\"dateModified\":\"2026-02-18T14:57:58+00:00\",\"description\":\"Bir \u00fclkede ve \u015fehirlerindeki sosyal-k\u00fclt\u00fcrel etkinlikler bir l\u00fcks de\u011fil, toplumsal bir ihtiya\u00e7t\u0131r. Bir \u015fehrin kalp at\u0131\u015f\u0131d\u0131r.\",\"inLanguage\":\"tr\",\"potentialAction\":[{\"@type\":\"ReadAction\",\"target\":[\"https:\/\/epochtimestr.com\/index.php\/sosyal-kulturel-etkinlikler-toplumsal-bagi-guclendirir\"]}]},{\"@type\":\"ImageObject\",\"inLanguage\":\"tr\",\"@id\":\"https:\/\/epochtimestr.com\/index.php\/sosyal-kulturel-etkinlikler-toplumsal-bagi-guclendirir#primaryimage\",\"url\":\"https:\/\/epochtimestr.com\/wp-content\/uploads\/2011y\/Serife-Eser-Profil-1.png\",\"contentUrl\":\"https:\/\/epochtimestr.com\/wp-content\/uploads\/2011y\/Serife-Eser-Profil-1.png\",\"width\":600,\"height\":600},{\"@type\":\"WebSite\",\"@id\":\"https:\/\/epochtimestr.com\/#website\",\"url\":\"https:\/\/epochtimestr.com\/\",\"name\":\"The Epoch Times TR\",\"description\":\"De\u011fi\u015fen D\u00fcnyam\u0131za Taze Bir Bak\u0131\u015f\",\"publisher\":{\"@id\":\"https:\/\/epochtimestr.com\/#organization\"},\"potentialAction\":[{\"@type\":\"SearchAction\",\"target\":{\"@type\":\"EntryPoint\",\"urlTemplate\":\"https:\/\/epochtimestr.com\/?s={search_term_string}\"},\"query-input\":\"required name=search_term_string\"}],\"inLanguage\":\"tr\"},{\"@type\":\"Organization\",\"@id\":\"https:\/\/epochtimestr.com\/#organization\",\"name\":\"The EpochTimes T\u00fcrkiye\",\"url\":\"https:\/\/epochtimestr.com\/\",\"logo\":{\"@type\":\"ImageObject\",\"inLanguage\":\"tr\",\"@id\":\"https:\/\/epochtimestr.com\/#\/schema\/logo\/image\/\",\"url\":\"https:\/\/epochtimestr.com\/wp-content\/uploads\/2011y\/ET-Logo-YG.jpg\",\"contentUrl\":\"https:\/\/epochtimestr.com\/wp-content\/uploads\/2011y\/ET-Logo-YG.jpg\",\"width\":346,\"height\":29,\"caption\":\"The EpochTimes T\u00fcrkiye\"},\"image\":{\"@id\":\"https:\/\/epochtimestr.com\/#\/schema\/logo\/image\/\"},\"sameAs\":[\"https:\/\/www.facebook.com\/theepochtimestr\",\"https:\/\/x.com\/TheEpochTimesTR\",\"https:\/\/www.instagram.com\/epochtimestr\"]},{\"@type\":\"Person\",\"@id\":\"https:\/\/epochtimestr.com\/#\/schema\/person\/82b65a1390e2b0717a679b57ed38d466\",\"name\":\"\u015eerife Eser\",\"image\":{\"@type\":\"ImageObject\",\"inLanguage\":\"tr\",\"@id\":\"https:\/\/epochtimestr.com\/#\/schema\/person\/image\/\",\"url\":\"https:\/\/secure.gravatar.com\/avatar\/240b2d469e089f3ae0f677fcc7925228?s=96&d=mm&r=g\",\"contentUrl\":\"https:\/\/secure.gravatar.com\/avatar\/240b2d469e089f3ae0f677fcc7925228?s=96&d=mm&r=g\",\"caption\":\"\u015eerife Eser\"},\"url\":\"https:\/\/epochtimestr.com\/index.php\/author\/serife\"}]}<\/script>\n<!-- \/ Yoast SEO plugin. -->","yoast_head_json":{"title":"Sosyal K\u00fclt\u00fcrel Etkinlikler Toplumsal Ba\u011f\u0131 G\u00fc\u00e7lendirir - The Epoch Times TR","description":"Bir \u00fclkede ve \u015fehirlerindeki sosyal-k\u00fclt\u00fcrel etkinlikler bir l\u00fcks de\u011fil, toplumsal bir ihtiya\u00e7t\u0131r. Bir \u015fehrin kalp at\u0131\u015f\u0131d\u0131r.","robots":{"index":"index","follow":"follow","max-snippet":"max-snippet:-1","max-image-preview":"max-image-preview:large","max-video-preview":"max-video-preview:-1"},"canonical":"https:\/\/epochtimestr.com\/index.php\/sosyal-kulturel-etkinlikler-toplumsal-bagi-guclendirir","og_locale":"tr_TR","og_type":"article","og_title":"Sosyal K\u00fclt\u00fcrel Etkinlikler Toplumsal Ba\u011f\u0131 G\u00fc\u00e7lendirir - The Epoch Times TR","og_description":"Bir \u00fclkede ve \u015fehirlerindeki sosyal-k\u00fclt\u00fcrel etkinlikler bir l\u00fcks de\u011fil, toplumsal bir ihtiya\u00e7t\u0131r. Bir \u015fehrin kalp at\u0131\u015f\u0131d\u0131r.","og_url":"https:\/\/epochtimestr.com\/index.php\/sosyal-kulturel-etkinlikler-toplumsal-bagi-guclendirir","og_site_name":"The Epoch Times TR","article_publisher":"https:\/\/www.facebook.com\/theepochtimestr","article_published_time":"2026-02-18T14:57:56+00:00","article_modified_time":"2026-02-18T14:57:58+00:00","og_image":[{"width":1200,"height":630,"url":"https:\/\/epochtimestr.com\/wp-content\/uploads\/2011y\/SERIFE-ESER-SM.png","type":"image\/png"}],"author":"\u015eerife Eser","twitter_card":"summary_large_image","twitter_creator":"@TheEpochTimesTR","twitter_site":"@TheEpochTimesTR","twitter_misc":{"Yazan:":"\u015eerife Eser","Tahmini okuma s\u00fcresi":"4 dakika"},"schema":{"@context":"https:\/\/schema.org","@graph":[{"@type":"Article","@id":"https:\/\/epochtimestr.com\/index.php\/sosyal-kulturel-etkinlikler-toplumsal-bagi-guclendirir#article","isPartOf":{"@id":"https:\/\/epochtimestr.com\/index.php\/sosyal-kulturel-etkinlikler-toplumsal-bagi-guclendirir"},"author":{"name":"\u015eerife Eser","@id":"https:\/\/epochtimestr.com\/#\/schema\/person\/82b65a1390e2b0717a679b57ed38d466"},"headline":"Sosyal K\u00fclt\u00fcrel Etkinlikler Toplumsal Ba\u011f\u0131 G\u00fc\u00e7lendirir","datePublished":"2026-02-18T14:57:56+00:00","dateModified":"2026-02-18T14:57:58+00:00","mainEntityOfPage":{"@id":"https:\/\/epochtimestr.com\/index.php\/sosyal-kulturel-etkinlikler-toplumsal-bagi-guclendirir"},"wordCount":855,"commentCount":1,"publisher":{"@id":"https:\/\/epochtimestr.com\/#organization"},"image":{"@id":"https:\/\/epochtimestr.com\/index.php\/sosyal-kulturel-etkinlikler-toplumsal-bagi-guclendirir#primaryimage"},"thumbnailUrl":"https:\/\/epochtimestr.com\/wp-content\/uploads\/2011y\/Serife-Eser-Profil-1.png","keywords":["empati","ho\u015fg\u00f6r\u00fc","k\u00fclt\u00fcrel miras","k\u00fclt\u00fcr\u00fcn birle\u015ftirici g\u00fcc\u00fc","Sosyal K\u00fclt\u00fcrel Etkinlikler","Toplumsal Ba\u011f","toplumsal dayan\u0131\u015fma","toplumsal s\u00fcrd\u00fcr\u00fclebilirlik"],"articleSection":["K\u00f6\u015fe Yaz\u0131lar\u0131 \u015eerife Eser"],"inLanguage":"tr","potentialAction":[{"@type":"CommentAction","name":"Comment","target":["https:\/\/epochtimestr.com\/index.php\/sosyal-kulturel-etkinlikler-toplumsal-bagi-guclendirir#respond"]}]},{"@type":"WebPage","@id":"https:\/\/epochtimestr.com\/index.php\/sosyal-kulturel-etkinlikler-toplumsal-bagi-guclendirir","url":"https:\/\/epochtimestr.com\/index.php\/sosyal-kulturel-etkinlikler-toplumsal-bagi-guclendirir","name":"Sosyal K\u00fclt\u00fcrel Etkinlikler Toplumsal Ba\u011f\u0131 G\u00fc\u00e7lendirir - The Epoch Times TR","isPartOf":{"@id":"https:\/\/epochtimestr.com\/#website"},"primaryImageOfPage":{"@id":"https:\/\/epochtimestr.com\/index.php\/sosyal-kulturel-etkinlikler-toplumsal-bagi-guclendirir#primaryimage"},"image":{"@id":"https:\/\/epochtimestr.com\/index.php\/sosyal-kulturel-etkinlikler-toplumsal-bagi-guclendirir#primaryimage"},"thumbnailUrl":"https:\/\/epochtimestr.com\/wp-content\/uploads\/2011y\/Serife-Eser-Profil-1.png","datePublished":"2026-02-18T14:57:56+00:00","dateModified":"2026-02-18T14:57:58+00:00","description":"Bir \u00fclkede ve \u015fehirlerindeki sosyal-k\u00fclt\u00fcrel etkinlikler bir l\u00fcks de\u011fil, toplumsal bir ihtiya\u00e7t\u0131r. Bir \u015fehrin kalp at\u0131\u015f\u0131d\u0131r.","inLanguage":"tr","potentialAction":[{"@type":"ReadAction","target":["https:\/\/epochtimestr.com\/index.php\/sosyal-kulturel-etkinlikler-toplumsal-bagi-guclendirir"]}]},{"@type":"ImageObject","inLanguage":"tr","@id":"https:\/\/epochtimestr.com\/index.php\/sosyal-kulturel-etkinlikler-toplumsal-bagi-guclendirir#primaryimage","url":"https:\/\/epochtimestr.com\/wp-content\/uploads\/2011y\/Serife-Eser-Profil-1.png","contentUrl":"https:\/\/epochtimestr.com\/wp-content\/uploads\/2011y\/Serife-Eser-Profil-1.png","width":600,"height":600},{"@type":"WebSite","@id":"https:\/\/epochtimestr.com\/#website","url":"https:\/\/epochtimestr.com\/","name":"The Epoch Times TR","description":"De\u011fi\u015fen D\u00fcnyam\u0131za Taze Bir Bak\u0131\u015f","publisher":{"@id":"https:\/\/epochtimestr.com\/#organization"},"potentialAction":[{"@type":"SearchAction","target":{"@type":"EntryPoint","urlTemplate":"https:\/\/epochtimestr.com\/?s={search_term_string}"},"query-input":"required name=search_term_string"}],"inLanguage":"tr"},{"@type":"Organization","@id":"https:\/\/epochtimestr.com\/#organization","name":"The EpochTimes T\u00fcrkiye","url":"https:\/\/epochtimestr.com\/","logo":{"@type":"ImageObject","inLanguage":"tr","@id":"https:\/\/epochtimestr.com\/#\/schema\/logo\/image\/","url":"https:\/\/epochtimestr.com\/wp-content\/uploads\/2011y\/ET-Logo-YG.jpg","contentUrl":"https:\/\/epochtimestr.com\/wp-content\/uploads\/2011y\/ET-Logo-YG.jpg","width":346,"height":29,"caption":"The EpochTimes T\u00fcrkiye"},"image":{"@id":"https:\/\/epochtimestr.com\/#\/schema\/logo\/image\/"},"sameAs":["https:\/\/www.facebook.com\/theepochtimestr","https:\/\/x.com\/TheEpochTimesTR","https:\/\/www.instagram.com\/epochtimestr"]},{"@type":"Person","@id":"https:\/\/epochtimestr.com\/#\/schema\/person\/82b65a1390e2b0717a679b57ed38d466","name":"\u015eerife Eser","image":{"@type":"ImageObject","inLanguage":"tr","@id":"https:\/\/epochtimestr.com\/#\/schema\/person\/image\/","url":"https:\/\/secure.gravatar.com\/avatar\/240b2d469e089f3ae0f677fcc7925228?s=96&d=mm&r=g","contentUrl":"https:\/\/secure.gravatar.com\/avatar\/240b2d469e089f3ae0f677fcc7925228?s=96&d=mm&r=g","caption":"\u015eerife Eser"},"url":"https:\/\/epochtimestr.com\/index.php\/author\/serife"}]}},"_links":{"self":[{"href":"https:\/\/epochtimestr.com\/index.php\/wp-json\/wp\/v2\/posts\/165799"}],"collection":[{"href":"https:\/\/epochtimestr.com\/index.php\/wp-json\/wp\/v2\/posts"}],"about":[{"href":"https:\/\/epochtimestr.com\/index.php\/wp-json\/wp\/v2\/types\/post"}],"author":[{"embeddable":true,"href":"https:\/\/epochtimestr.com\/index.php\/wp-json\/wp\/v2\/users\/13998"}],"replies":[{"embeddable":true,"href":"https:\/\/epochtimestr.com\/index.php\/wp-json\/wp\/v2\/comments?post=165799"}],"version-history":[{"count":2,"href":"https:\/\/epochtimestr.com\/index.php\/wp-json\/wp\/v2\/posts\/165799\/revisions"}],"predecessor-version":[{"id":165801,"href":"https:\/\/epochtimestr.com\/index.php\/wp-json\/wp\/v2\/posts\/165799\/revisions\/165801"}],"wp:featuredmedia":[{"embeddable":true,"href":"https:\/\/epochtimestr.com\/index.php\/wp-json\/wp\/v2\/media\/160116"}],"wp:attachment":[{"href":"https:\/\/epochtimestr.com\/index.php\/wp-json\/wp\/v2\/media?parent=165799"}],"wp:term":[{"taxonomy":"category","embeddable":true,"href":"https:\/\/epochtimestr.com\/index.php\/wp-json\/wp\/v2\/categories?post=165799"},{"taxonomy":"post_tag","embeddable":true,"href":"https:\/\/epochtimestr.com\/index.php\/wp-json\/wp\/v2\/tags?post=165799"}],"curies":[{"name":"wp","href":"https:\/\/api.w.org\/{rel}","templated":true}]}}