{"id":165815,"date":"2026-02-19T10:55:51","date_gmt":"2026-02-19T07:55:51","guid":{"rendered":"https:\/\/epochtimestr.com\/?p=165815"},"modified":"2026-02-19T10:55:54","modified_gmt":"2026-02-19T07:55:54","slug":"gazze-baris-kurulunun-ilk-toplantisi-washingtonda-duzenleniyor","status":"publish","type":"post","link":"https:\/\/epochtimestr.com\/index.php\/gazze-baris-kurulunun-ilk-toplantisi-washingtonda-duzenleniyor","title":{"rendered":"Gazze Bar\u0131\u015f Kurulu&#8217;nun \u0130lk Toplant\u0131s\u0131 Washington&#8217;da D\u00fczenleniyor"},"content":{"rendered":"<div class=\"wp-block-image\">\n<figure class=\"aligncenter size-large\"><img loading=\"lazy\" decoding=\"async\" width=\"1800\" height=\"1200\" src=\"https:\/\/epochtimestr.com\/wp-content\/uploads\/2011y\/1000033512-1800x1200.jpg\" alt=\"Ba\u015fkan Donald Trump, 22 Ocak 2026 Per\u015fembe g\u00fcn\u00fc, \u0130svi\u00e7re'nin Davos kentindeki Davos Kongre Merkezi'nde d\u00fczenlenen D\u00fcnya Ekonomik Forumu s\u0131ras\u0131nda, Bar\u0131\u015f Kurulu Bildirgesi'nin A\u00e7\u0131klanmas\u0131 ve \u0130mzalanmas\u0131 t\u00f6renine kat\u0131l\u0131yor. (Resmi Beyaz Saray Foto\u011fraf\u0131, Daniel Torok\/Wikimedia)\" class=\"wp-image-165817\" srcset=\"https:\/\/epochtimestr.com\/wp-content\/uploads\/2011y\/1000033512-1800x1200.jpg 1800w, https:\/\/epochtimestr.com\/wp-content\/uploads\/2011y\/1000033512-300x200.jpg 300w, https:\/\/epochtimestr.com\/wp-content\/uploads\/2011y\/1000033512-150x100.jpg 150w, https:\/\/epochtimestr.com\/wp-content\/uploads\/2011y\/1000033512-768x512.jpg 768w, https:\/\/epochtimestr.com\/wp-content\/uploads\/2011y\/1000033512-1536x1024.jpg 1536w, https:\/\/epochtimestr.com\/wp-content\/uploads\/2011y\/1000033512.jpg 2000w\" sizes=\"(max-width: 1800px) 100vw, 1800px\" \/><figcaption class=\"wp-element-caption\">Gazze Bar\u0131\u015f Kurulu Bildirgesi&#8217;nin imza t\u00f6reninde ABD Ba\u015fkan\u0131 Donald Trump, liderlik yaparken. 22 Ocak 2026 Per\u015fembe g\u00fcn\u00fc, \u0130svi\u00e7re, Davos Kongre Merkezi&#8217;nde d\u00fczenlenen D\u00fcnya Ekonomik Forumu s\u0131ras\u0131nda. (Resmi Beyaz Saray Foto\u011fraf\u0131, Daniel Torok, Wikimedia)<\/figcaption><\/figure><\/div>\n\n\n<p>Gazze Bar\u0131\u015f Kurulu&#8217;nun ilk toplant\u0131s\u0131 ABD Ba\u015fkan\u0131 Donald Trump&#8217;\u0131n ev sahipli\u011finde 19 \u015eubat&#8217;ta Washington&#8217;da ger\u00e7ekle\u015fecek. ABD destekli Bar\u0131\u015f Kurulu, Gazze \u015eeridi&#8217;nin yeniden in\u015fas\u0131 \u00e7abas\u0131nda i\u015fbirli\u011fi yapan \u00fcye devletlerden olu\u015fuyor. Toplant\u0131 kat\u0131l\u0131mc\u0131lar\u0131, Gazze&#8217;nin yeniden in\u015fas\u0131 i\u00e7in 5 milyar dolarl\u0131k yard\u0131m taahh\u00fcd\u00fcnde bulunan yakla\u015f\u0131k 50 \u00fclkeyi ve Avrupa Birli\u011fi&#8217;ni temsil ediyor.<\/p>\n\n\n\n<p>Trump\u2019\u0131n kurdu\u011fu Bar\u0131\u015f Kurulu, \u0130srail ve Hamas aras\u0131nda ge\u00e7en y\u0131lki ate\u015fkese dayan\u0131yor. Bununla birlikte Gazze&#8217;deki ge\u00e7i\u015f s\u00fcrecinde uluslararas\u0131 kaynaklar\u0131 denetlemeyi hedefliyor.<\/p>\n\n\n\n<p>Birle\u015fmi\u015f Milletler, Gazze&#8217;deki insani durumu felaket olarak tan\u0131ml\u0131yor. 2025 Ekim ay\u0131nda yap\u0131lan a\u00e7\u0131klamada, b\u00f6lgedeki yap\u0131lar\u0131n %81&#8217;inin zarar g\u00f6rd\u00fc\u011f\u00fc belirtilmi\u015fti. Ayr\u0131ca Gazze&#8217;de milyonlarca insan a\u00e7l\u0131k ve yetersiz beslenme sorunlar\u0131yla kar\u015f\u0131 kar\u015f\u0131ya kald\u0131.<\/p>\n\n\n\n<p>Bar\u0131\u015f Kurulu\u2019nun y\u00f6netici kadrosunda \u00f6nemli isimler yer al\u0131yor. ABD D\u0131\u015fi\u015fleri Bakan\u0131 Marco Rubio, eski \u0130ngiltere Ba\u015fbakan\u0131 Tony Blair ve D\u00fcnya Bankas\u0131 Ba\u015fkan\u0131 Ajay Banga bunlardan baz\u0131lar\u0131. Ayr\u0131ca, ABD&#8217;nin eski Ortado\u011fu \u00f6zel el\u00e7isi Nickolay Mladenov da kurulu y\u00f6netecek.<\/p>\n\n\n\n<p>Trump, Bar\u0131\u015f Kurulu \u00fcyeli\u011fi ve al\u0131nacak kararlar \u00fczerinde tam veto yetkisine sahip. Birle\u015fmi\u015f Milletler&#8217;in yan\u0131 s\u0131ra, \u00f6zellikle ABD m\u00fcttefikleri de bu giri\u015fime kat\u0131lmay\u0131 reddetti. Fransa, Almanya, \u0130talya ve \u0130sve\u00e7 gibi \u00fclkeler Trump&#8217;\u0131n teklifini kabul etmedi. Ayr\u0131ca, Rusya ve \u00c7in de hen\u00fcz bu konuda bir yan\u0131t vermedi.<\/p>\n\n\n\n<p>Trump, Bar\u0131\u015f Kurulu\u2019nu <a href=\"https:\/\/epochtimestr.com\/index.php\/israil-gazzenin-refah-sinir-kapisini-yeniden-aciyor\" target=\"_blank\" rel=\"noreferrer noopener\">Gazze&#8217;deki insani durumu<\/a> iyile\u015ftirmek ve yeniden in\u015fa etmek i\u00e7in \u00f6nemli bir ara\u00e7 olarak g\u00f6r\u00fcyor. Bununla birlikte toplant\u0131, Bar\u0131\u015f Kurulu\u2019nu k\u00fcresel bir liderlik platformu haline getirmeyi hedefliyor.<\/p>\n","protected":false},"excerpt":{"rendered":"<p>Gazze Bar\u0131\u015f Kurulu&#8217;nun ilk toplant\u0131s\u0131 ABD Ba\u015fkan\u0131 Donald Trump&#8217;\u0131n ev sahipli\u011finde 19 \u015eubat&#8217;ta Washington&#8217;da ger\u00e7ekle\u015fecek. ABD destekli Bar\u0131\u015f Kurulu, Gazze \u015eeridi&#8217;nin yeniden in\u015fas\u0131 \u00e7abas\u0131nda i\u015fbirli\u011fi yapan \u00fcye devletlerden olu\u015fuyor. Toplant\u0131 kat\u0131l\u0131mc\u0131lar\u0131, Gazze&#8217;nin yeniden in\u015fas\u0131 i\u00e7in 5 milyar dolarl\u0131k yard\u0131m taahh\u00fcd\u00fcnde bulunan yakla\u015f\u0131k 50 \u00fclkeyi ve Avrupa Birli\u011fi&#8217;ni temsil ediyor. Trump\u2019\u0131n kurdu\u011fu Bar\u0131\u015f Kurulu, \u0130srail ve [&hellip;]<\/p>\n","protected":false},"author":13996,"featured_media":165817,"comment_status":"open","ping_status":"open","sticky":false,"template":"","format":"standard","meta":{"_yoast_wpseo_focuskw":"Gazze - bar\u0131\u015f","_yoast_wpseo_title":"","_yoast_wpseo_metadesc":"Gazze Bar\u0131\u015f Kurulu'nun ilk toplant\u0131s\u0131 ABD Ba\u015fkan\u0131 Donald Trump'\u0131n ev sahipli\u011finde 19 \u015eubat'ta Washington'da ger\u00e7ekle\u015fecek.","_bbp_topic_count":0,"_bbp_reply_count":0,"_bbp_total_topic_count":0,"_bbp_total_reply_count":0,"_bbp_voice_count":0,"_bbp_anonymous_reply_count":0,"_bbp_topic_count_hidden":0,"_bbp_reply_count_hidden":0,"_bbp_forum_subforum_count":0,"footnotes":"","_yoast_wpseo_focuskw_text_input":""},"categories":[5,1,8138],"tags":[10450,323,1314,10459,10792,10798,10797,664,5764,3877],"yoast_head":"<!-- This site is optimized with the Yoast SEO plugin v23.0 - https:\/\/yoast.com\/wordpress\/plugins\/seo\/ -->\n<title>Gazze Bar\u0131\u015f Kurulu&#039;nun \u0130lk Toplant\u0131s\u0131 Washington&#039;da D\u00fczenleniyor - The Epoch Times TR<\/title>\n<meta name=\"description\" content=\"Gazze Bar\u0131\u015f Kurulu&#039;nun ilk toplant\u0131s\u0131 ABD Ba\u015fkan\u0131 Donald Trump&#039;\u0131n ev sahipli\u011finde 19 \u015eubat&#039;ta Washington&#039;da ger\u00e7ekle\u015fecek.\" \/>\n<meta name=\"robots\" content=\"index, follow, max-snippet:-1, max-image-preview:large, max-video-preview:-1\" \/>\n<link rel=\"canonical\" href=\"https:\/\/epochtimestr.com\/index.php\/gazze-baris-kurulunun-ilk-toplantisi-washingtonda-duzenleniyor\" \/>\n<meta property=\"og:locale\" content=\"tr_TR\" \/>\n<meta property=\"og:type\" content=\"article\" \/>\n<meta property=\"og:title\" content=\"Gazze Bar\u0131\u015f Kurulu&#039;nun \u0130lk Toplant\u0131s\u0131 Washington&#039;da D\u00fczenleniyor - The Epoch Times TR\" \/>\n<meta property=\"og:description\" content=\"Gazze Bar\u0131\u015f Kurulu&#039;nun ilk toplant\u0131s\u0131 ABD Ba\u015fkan\u0131 Donald Trump&#039;\u0131n ev sahipli\u011finde 19 \u015eubat&#039;ta Washington&#039;da ger\u00e7ekle\u015fecek.\" \/>\n<meta property=\"og:url\" content=\"https:\/\/epochtimestr.com\/index.php\/gazze-baris-kurulunun-ilk-toplantisi-washingtonda-duzenleniyor\" \/>\n<meta property=\"og:site_name\" content=\"The Epoch Times TR\" \/>\n<meta property=\"article:publisher\" content=\"https:\/\/www.facebook.com\/theepochtimestr\" \/>\n<meta property=\"article:published_time\" content=\"2026-02-19T07:55:51+00:00\" \/>\n<meta property=\"article:modified_time\" content=\"2026-02-19T07:55:54+00:00\" \/>\n<meta property=\"og:image\" content=\"https:\/\/epochtimestr.com\/wp-content\/uploads\/2011y\/1000033512.jpg\" \/>\n\t<meta property=\"og:image:width\" content=\"2000\" \/>\n\t<meta property=\"og:image:height\" content=\"1333\" \/>\n\t<meta property=\"og:image:type\" content=\"image\/jpeg\" \/>\n<meta name=\"author\" content=\"Leo Bajelan\" \/>\n<meta name=\"twitter:card\" content=\"summary_large_image\" \/>\n<meta name=\"twitter:creator\" content=\"@TheEpochTimesTR\" \/>\n<meta name=\"twitter:site\" content=\"@TheEpochTimesTR\" \/>\n<meta name=\"twitter:label1\" content=\"Yazan:\" \/>\n\t<meta name=\"twitter:data1\" content=\"Leo Bajelan\" \/>\n\t<meta name=\"twitter:label2\" content=\"Tahmini okuma s\u00fcresi\" \/>\n\t<meta name=\"twitter:data2\" content=\"2 dakika\" \/>\n<script type=\"application\/ld+json\" class=\"yoast-schema-graph\">{\"@context\":\"https:\/\/schema.org\",\"@graph\":[{\"@type\":\"Article\",\"@id\":\"https:\/\/epochtimestr.com\/index.php\/gazze-baris-kurulunun-ilk-toplantisi-washingtonda-duzenleniyor#article\",\"isPartOf\":{\"@id\":\"https:\/\/epochtimestr.com\/index.php\/gazze-baris-kurulunun-ilk-toplantisi-washingtonda-duzenleniyor\"},\"author\":{\"name\":\"Leo Bajelan\",\"@id\":\"https:\/\/epochtimestr.com\/#\/schema\/person\/5fef218711d76d8f232b0e1f1d7e4c0d\"},\"headline\":\"Gazze Bar\u0131\u015f Kurulu&#8217;nun \u0130lk Toplant\u0131s\u0131 Washington&#8217;da D\u00fczenleniyor\",\"datePublished\":\"2026-02-19T07:55:51+00:00\",\"dateModified\":\"2026-02-19T07:55:54+00:00\",\"mainEntityOfPage\":{\"@id\":\"https:\/\/epochtimestr.com\/index.php\/gazze-baris-kurulunun-ilk-toplantisi-washingtonda-duzenleniyor\"},\"wordCount\":338,\"commentCount\":0,\"publisher\":{\"@id\":\"https:\/\/epochtimestr.com\/#organization\"},\"image\":{\"@id\":\"https:\/\/epochtimestr.com\/index.php\/gazze-baris-kurulunun-ilk-toplantisi-washingtonda-duzenleniyor#primaryimage\"},\"thumbnailUrl\":\"https:\/\/epochtimestr.com\/wp-content\/uploads\/2011y\/1000033512.jpg\",\"keywords\":[\"Bar\u0131\u015f Kurulu\",\"bm\",\"Gazze\",\"Gazze Bar\u0131\u015f Kurulu\",\"Gazze insani durum\",\"Gazze \u015eeridi'nin yeniden in\u015fas\u0131\",\"ilk toplant\u0131\",\"israil\",\"Trump\",\"washington\"],\"articleSection\":[\"D\u00dcNYA\",\"G\u00dcNDEM\",\"Man\u015fet\"],\"inLanguage\":\"tr\",\"potentialAction\":[{\"@type\":\"CommentAction\",\"name\":\"Comment\",\"target\":[\"https:\/\/epochtimestr.com\/index.php\/gazze-baris-kurulunun-ilk-toplantisi-washingtonda-duzenleniyor#respond\"]}]},{\"@type\":\"WebPage\",\"@id\":\"https:\/\/epochtimestr.com\/index.php\/gazze-baris-kurulunun-ilk-toplantisi-washingtonda-duzenleniyor\",\"url\":\"https:\/\/epochtimestr.com\/index.php\/gazze-baris-kurulunun-ilk-toplantisi-washingtonda-duzenleniyor\",\"name\":\"Gazze Bar\u0131\u015f Kurulu'nun \u0130lk Toplant\u0131s\u0131 Washington'da D\u00fczenleniyor - The Epoch Times TR\",\"isPartOf\":{\"@id\":\"https:\/\/epochtimestr.com\/#website\"},\"primaryImageOfPage\":{\"@id\":\"https:\/\/epochtimestr.com\/index.php\/gazze-baris-kurulunun-ilk-toplantisi-washingtonda-duzenleniyor#primaryimage\"},\"image\":{\"@id\":\"https:\/\/epochtimestr.com\/index.php\/gazze-baris-kurulunun-ilk-toplantisi-washingtonda-duzenleniyor#primaryimage\"},\"thumbnailUrl\":\"https:\/\/epochtimestr.com\/wp-content\/uploads\/2011y\/1000033512.jpg\",\"datePublished\":\"2026-02-19T07:55:51+00:00\",\"dateModified\":\"2026-02-19T07:55:54+00:00\",\"description\":\"Gazze Bar\u0131\u015f Kurulu'nun ilk toplant\u0131s\u0131 ABD Ba\u015fkan\u0131 Donald Trump'\u0131n ev sahipli\u011finde 19 \u015eubat'ta Washington'da ger\u00e7ekle\u015fecek.\",\"inLanguage\":\"tr\",\"potentialAction\":[{\"@type\":\"ReadAction\",\"target\":[\"https:\/\/epochtimestr.com\/index.php\/gazze-baris-kurulunun-ilk-toplantisi-washingtonda-duzenleniyor\"]}]},{\"@type\":\"ImageObject\",\"inLanguage\":\"tr\",\"@id\":\"https:\/\/epochtimestr.com\/index.php\/gazze-baris-kurulunun-ilk-toplantisi-washingtonda-duzenleniyor#primaryimage\",\"url\":\"https:\/\/epochtimestr.com\/wp-content\/uploads\/2011y\/1000033512.jpg\",\"contentUrl\":\"https:\/\/epochtimestr.com\/wp-content\/uploads\/2011y\/1000033512.jpg\",\"width\":2000,\"height\":1333,\"caption\":\"President Donald Trump participates in the Board of Peace Charter Announcement and Signing ceremony during the World Economic Forum, Thursday, January 22, 2026, at the Davos Congress Center in Davos, Switzerland. (Official White House Photo by Daniel Torok)\"},{\"@type\":\"WebSite\",\"@id\":\"https:\/\/epochtimestr.com\/#website\",\"url\":\"https:\/\/epochtimestr.com\/\",\"name\":\"The Epoch Times TR\",\"description\":\"De\u011fi\u015fen D\u00fcnyam\u0131za Taze Bir Bak\u0131\u015f\",\"publisher\":{\"@id\":\"https:\/\/epochtimestr.com\/#organization\"},\"potentialAction\":[{\"@type\":\"SearchAction\",\"target\":{\"@type\":\"EntryPoint\",\"urlTemplate\":\"https:\/\/epochtimestr.com\/?s={search_term_string}\"},\"query-input\":\"required name=search_term_string\"}],\"inLanguage\":\"tr\"},{\"@type\":\"Organization\",\"@id\":\"https:\/\/epochtimestr.com\/#organization\",\"name\":\"The EpochTimes T\u00fcrkiye\",\"url\":\"https:\/\/epochtimestr.com\/\",\"logo\":{\"@type\":\"ImageObject\",\"inLanguage\":\"tr\",\"@id\":\"https:\/\/epochtimestr.com\/#\/schema\/logo\/image\/\",\"url\":\"https:\/\/epochtimestr.com\/wp-content\/uploads\/2011y\/ET-Logo-YG.jpg\",\"contentUrl\":\"https:\/\/epochtimestr.com\/wp-content\/uploads\/2011y\/ET-Logo-YG.jpg\",\"width\":346,\"height\":29,\"caption\":\"The EpochTimes T\u00fcrkiye\"},\"image\":{\"@id\":\"https:\/\/epochtimestr.com\/#\/schema\/logo\/image\/\"},\"sameAs\":[\"https:\/\/www.facebook.com\/theepochtimestr\",\"https:\/\/x.com\/TheEpochTimesTR\",\"https:\/\/www.instagram.com\/epochtimestr\"]},{\"@type\":\"Person\",\"@id\":\"https:\/\/epochtimestr.com\/#\/schema\/person\/5fef218711d76d8f232b0e1f1d7e4c0d\",\"name\":\"Leo Bajelan\",\"image\":{\"@type\":\"ImageObject\",\"inLanguage\":\"tr\",\"@id\":\"https:\/\/epochtimestr.com\/#\/schema\/person\/image\/\",\"url\":\"https:\/\/secure.gravatar.com\/avatar\/917669146f489549e548a2e9af272df5?s=96&d=mm&r=g\",\"contentUrl\":\"https:\/\/secure.gravatar.com\/avatar\/917669146f489549e548a2e9af272df5?s=96&d=mm&r=g\",\"caption\":\"Leo Bajelan\"},\"url\":\"https:\/\/epochtimestr.com\/index.php\/author\/leo\"}]}<\/script>\n<!-- \/ Yoast SEO plugin. -->","yoast_head_json":{"title":"Gazze Bar\u0131\u015f Kurulu'nun \u0130lk Toplant\u0131s\u0131 Washington'da D\u00fczenleniyor - The Epoch Times TR","description":"Gazze Bar\u0131\u015f Kurulu'nun ilk toplant\u0131s\u0131 ABD Ba\u015fkan\u0131 Donald Trump'\u0131n ev sahipli\u011finde 19 \u015eubat'ta Washington'da ger\u00e7ekle\u015fecek.","robots":{"index":"index","follow":"follow","max-snippet":"max-snippet:-1","max-image-preview":"max-image-preview:large","max-video-preview":"max-video-preview:-1"},"canonical":"https:\/\/epochtimestr.com\/index.php\/gazze-baris-kurulunun-ilk-toplantisi-washingtonda-duzenleniyor","og_locale":"tr_TR","og_type":"article","og_title":"Gazze Bar\u0131\u015f Kurulu'nun \u0130lk Toplant\u0131s\u0131 Washington'da D\u00fczenleniyor - The Epoch Times TR","og_description":"Gazze Bar\u0131\u015f Kurulu'nun ilk toplant\u0131s\u0131 ABD Ba\u015fkan\u0131 Donald Trump'\u0131n ev sahipli\u011finde 19 \u015eubat'ta Washington'da ger\u00e7ekle\u015fecek.","og_url":"https:\/\/epochtimestr.com\/index.php\/gazze-baris-kurulunun-ilk-toplantisi-washingtonda-duzenleniyor","og_site_name":"The Epoch Times TR","article_publisher":"https:\/\/www.facebook.com\/theepochtimestr","article_published_time":"2026-02-19T07:55:51+00:00","article_modified_time":"2026-02-19T07:55:54+00:00","og_image":[{"width":2000,"height":1333,"url":"https:\/\/epochtimestr.com\/wp-content\/uploads\/2011y\/1000033512.jpg","type":"image\/jpeg"}],"author":"Leo Bajelan","twitter_card":"summary_large_image","twitter_creator":"@TheEpochTimesTR","twitter_site":"@TheEpochTimesTR","twitter_misc":{"Yazan:":"Leo Bajelan","Tahmini okuma s\u00fcresi":"2 dakika"},"schema":{"@context":"https:\/\/schema.org","@graph":[{"@type":"Article","@id":"https:\/\/epochtimestr.com\/index.php\/gazze-baris-kurulunun-ilk-toplantisi-washingtonda-duzenleniyor#article","isPartOf":{"@id":"https:\/\/epochtimestr.com\/index.php\/gazze-baris-kurulunun-ilk-toplantisi-washingtonda-duzenleniyor"},"author":{"name":"Leo Bajelan","@id":"https:\/\/epochtimestr.com\/#\/schema\/person\/5fef218711d76d8f232b0e1f1d7e4c0d"},"headline":"Gazze Bar\u0131\u015f Kurulu&#8217;nun \u0130lk Toplant\u0131s\u0131 Washington&#8217;da D\u00fczenleniyor","datePublished":"2026-02-19T07:55:51+00:00","dateModified":"2026-02-19T07:55:54+00:00","mainEntityOfPage":{"@id":"https:\/\/epochtimestr.com\/index.php\/gazze-baris-kurulunun-ilk-toplantisi-washingtonda-duzenleniyor"},"wordCount":338,"commentCount":0,"publisher":{"@id":"https:\/\/epochtimestr.com\/#organization"},"image":{"@id":"https:\/\/epochtimestr.com\/index.php\/gazze-baris-kurulunun-ilk-toplantisi-washingtonda-duzenleniyor#primaryimage"},"thumbnailUrl":"https:\/\/epochtimestr.com\/wp-content\/uploads\/2011y\/1000033512.jpg","keywords":["Bar\u0131\u015f Kurulu","bm","Gazze","Gazze Bar\u0131\u015f Kurulu","Gazze insani durum","Gazze \u015eeridi'nin yeniden in\u015fas\u0131","ilk toplant\u0131","israil","Trump","washington"],"articleSection":["D\u00dcNYA","G\u00dcNDEM","Man\u015fet"],"inLanguage":"tr","potentialAction":[{"@type":"CommentAction","name":"Comment","target":["https:\/\/epochtimestr.com\/index.php\/gazze-baris-kurulunun-ilk-toplantisi-washingtonda-duzenleniyor#respond"]}]},{"@type":"WebPage","@id":"https:\/\/epochtimestr.com\/index.php\/gazze-baris-kurulunun-ilk-toplantisi-washingtonda-duzenleniyor","url":"https:\/\/epochtimestr.com\/index.php\/gazze-baris-kurulunun-ilk-toplantisi-washingtonda-duzenleniyor","name":"Gazze Bar\u0131\u015f Kurulu'nun \u0130lk Toplant\u0131s\u0131 Washington'da D\u00fczenleniyor - The Epoch Times TR","isPartOf":{"@id":"https:\/\/epochtimestr.com\/#website"},"primaryImageOfPage":{"@id":"https:\/\/epochtimestr.com\/index.php\/gazze-baris-kurulunun-ilk-toplantisi-washingtonda-duzenleniyor#primaryimage"},"image":{"@id":"https:\/\/epochtimestr.com\/index.php\/gazze-baris-kurulunun-ilk-toplantisi-washingtonda-duzenleniyor#primaryimage"},"thumbnailUrl":"https:\/\/epochtimestr.com\/wp-content\/uploads\/2011y\/1000033512.jpg","datePublished":"2026-02-19T07:55:51+00:00","dateModified":"2026-02-19T07:55:54+00:00","description":"Gazze Bar\u0131\u015f Kurulu'nun ilk toplant\u0131s\u0131 ABD Ba\u015fkan\u0131 Donald Trump'\u0131n ev sahipli\u011finde 19 \u015eubat'ta Washington'da ger\u00e7ekle\u015fecek.","inLanguage":"tr","potentialAction":[{"@type":"ReadAction","target":["https:\/\/epochtimestr.com\/index.php\/gazze-baris-kurulunun-ilk-toplantisi-washingtonda-duzenleniyor"]}]},{"@type":"ImageObject","inLanguage":"tr","@id":"https:\/\/epochtimestr.com\/index.php\/gazze-baris-kurulunun-ilk-toplantisi-washingtonda-duzenleniyor#primaryimage","url":"https:\/\/epochtimestr.com\/wp-content\/uploads\/2011y\/1000033512.jpg","contentUrl":"https:\/\/epochtimestr.com\/wp-content\/uploads\/2011y\/1000033512.jpg","width":2000,"height":1333,"caption":"President Donald Trump participates in the Board of Peace Charter Announcement and Signing ceremony during the World Economic Forum, Thursday, January 22, 2026, at the Davos Congress Center in Davos, Switzerland. (Official White House Photo by Daniel Torok)"},{"@type":"WebSite","@id":"https:\/\/epochtimestr.com\/#website","url":"https:\/\/epochtimestr.com\/","name":"The Epoch Times TR","description":"De\u011fi\u015fen D\u00fcnyam\u0131za Taze Bir Bak\u0131\u015f","publisher":{"@id":"https:\/\/epochtimestr.com\/#organization"},"potentialAction":[{"@type":"SearchAction","target":{"@type":"EntryPoint","urlTemplate":"https:\/\/epochtimestr.com\/?s={search_term_string}"},"query-input":"required name=search_term_string"}],"inLanguage":"tr"},{"@type":"Organization","@id":"https:\/\/epochtimestr.com\/#organization","name":"The EpochTimes T\u00fcrkiye","url":"https:\/\/epochtimestr.com\/","logo":{"@type":"ImageObject","inLanguage":"tr","@id":"https:\/\/epochtimestr.com\/#\/schema\/logo\/image\/","url":"https:\/\/epochtimestr.com\/wp-content\/uploads\/2011y\/ET-Logo-YG.jpg","contentUrl":"https:\/\/epochtimestr.com\/wp-content\/uploads\/2011y\/ET-Logo-YG.jpg","width":346,"height":29,"caption":"The EpochTimes T\u00fcrkiye"},"image":{"@id":"https:\/\/epochtimestr.com\/#\/schema\/logo\/image\/"},"sameAs":["https:\/\/www.facebook.com\/theepochtimestr","https:\/\/x.com\/TheEpochTimesTR","https:\/\/www.instagram.com\/epochtimestr"]},{"@type":"Person","@id":"https:\/\/epochtimestr.com\/#\/schema\/person\/5fef218711d76d8f232b0e1f1d7e4c0d","name":"Leo Bajelan","image":{"@type":"ImageObject","inLanguage":"tr","@id":"https:\/\/epochtimestr.com\/#\/schema\/person\/image\/","url":"https:\/\/secure.gravatar.com\/avatar\/917669146f489549e548a2e9af272df5?s=96&d=mm&r=g","contentUrl":"https:\/\/secure.gravatar.com\/avatar\/917669146f489549e548a2e9af272df5?s=96&d=mm&r=g","caption":"Leo Bajelan"},"url":"https:\/\/epochtimestr.com\/index.php\/author\/leo"}]}},"_links":{"self":[{"href":"https:\/\/epochtimestr.com\/index.php\/wp-json\/wp\/v2\/posts\/165815"}],"collection":[{"href":"https:\/\/epochtimestr.com\/index.php\/wp-json\/wp\/v2\/posts"}],"about":[{"href":"https:\/\/epochtimestr.com\/index.php\/wp-json\/wp\/v2\/types\/post"}],"author":[{"embeddable":true,"href":"https:\/\/epochtimestr.com\/index.php\/wp-json\/wp\/v2\/users\/13996"}],"replies":[{"embeddable":true,"href":"https:\/\/epochtimestr.com\/index.php\/wp-json\/wp\/v2\/comments?post=165815"}],"version-history":[{"count":2,"href":"https:\/\/epochtimestr.com\/index.php\/wp-json\/wp\/v2\/posts\/165815\/revisions"}],"predecessor-version":[{"id":165828,"href":"https:\/\/epochtimestr.com\/index.php\/wp-json\/wp\/v2\/posts\/165815\/revisions\/165828"}],"wp:featuredmedia":[{"embeddable":true,"href":"https:\/\/epochtimestr.com\/index.php\/wp-json\/wp\/v2\/media\/165817"}],"wp:attachment":[{"href":"https:\/\/epochtimestr.com\/index.php\/wp-json\/wp\/v2\/media?parent=165815"}],"wp:term":[{"taxonomy":"category","embeddable":true,"href":"https:\/\/epochtimestr.com\/index.php\/wp-json\/wp\/v2\/categories?post=165815"},{"taxonomy":"post_tag","embeddable":true,"href":"https:\/\/epochtimestr.com\/index.php\/wp-json\/wp\/v2\/tags?post=165815"}],"curies":[{"name":"wp","href":"https:\/\/api.w.org\/{rel}","templated":true}]}}