{"id":165819,"date":"2026-02-19T13:10:06","date_gmt":"2026-02-19T10:10:06","guid":{"rendered":"https:\/\/epochtimestr.com\/?p=165819"},"modified":"2026-02-19T13:10:08","modified_gmt":"2026-02-19T10:10:08","slug":"peru-cumhurbaskani-jose-jeri-gorevden-alindi","status":"publish","type":"post","link":"https:\/\/epochtimestr.com\/index.php\/peru-cumhurbaskani-jose-jeri-gorevden-alindi","title":{"rendered":"Peru Cumhurba\u015fkan\u0131 Jos\u00e9 Jer\u00ed G\u00f6revden Al\u0131nd\u0131"},"content":{"rendered":"<div class=\"wp-block-image\">\n<figure class=\"aligncenter size-full is-resized\"><img loading=\"lazy\" decoding=\"async\" width=\"1080\" height=\"720\" src=\"https:\/\/epochtimestr.com\/wp-content\/uploads\/2011y\/1000033513.webp\" alt=\"Peru Cumhurba\u015fkan\u0131 Jos\u00e9 Jer\u00ed, sadece d\u00f6rt ay s\u00fcren ba\u015fkanl\u0131k g\u00f6revini gizli bir toplant\u0131 skandal\u0131 nedeniyle kaybetti. Jer\u00ed, Kongre'nin eski Cumhurba\u015fkan\u0131 Dina Boluarte'yi g\u00f6revden almas\u0131n\u0131n ard\u0131ndan yemin t\u00f6reninde. 10 Ekim 2025, Lima, Peru. (Foto\u011fraf: The Epoch Times arac\u0131l\u0131\u011f\u0131yla, Angela Ponce, Reuters)\" class=\"wp-image-165821\" style=\"width:840px;height:auto\" srcset=\"https:\/\/epochtimestr.com\/wp-content\/uploads\/2011y\/1000033513.webp 1080w, https:\/\/epochtimestr.com\/wp-content\/uploads\/2011y\/1000033513-300x200.webp 300w, https:\/\/epochtimestr.com\/wp-content\/uploads\/2011y\/1000033513-150x100.webp 150w, https:\/\/epochtimestr.com\/wp-content\/uploads\/2011y\/1000033513-768x512.webp 768w\" sizes=\"(max-width: 1080px) 100vw, 1080px\" \/><figcaption class=\"wp-element-caption\">Peru Cumhurba\u015fkan\u0131 Jos\u00e9 Jer\u00ed, sadece d\u00f6rt ay s\u00fcren ba\u015fkanl\u0131k g\u00f6revini gizli bir toplant\u0131 skandal\u0131 nedeniyle kaybetti. Jer\u00ed, Kongre&#8217;nin eski Cumhurba\u015fkan\u0131 Dina Boluarte&#8217;yi g\u00f6revden almas\u0131n\u0131n ard\u0131ndan yemin t\u00f6reninde. 10 Ekim 2025, Lima, Peru. (Foto\u011fraf: The Epoch Times arac\u0131l\u0131\u011f\u0131yla, Angela Ponce, Reuters)<\/figcaption><\/figure><\/div>\n\n\n<p>Peru Kongresi, 17 \u015eubat 2026 tarihinde, Ba\u015fkan Jos\u00e9 Jer\u00ed&#8217;yi g\u00f6revden ald\u0131. Jer\u00ed, sadece d\u00f6rt ay s\u00fcren ba\u015fkanl\u0131k g\u00f6revini gizli bir toplant\u0131 skandal\u0131 nedeniyle kaybetti. Kongre, 75 oyla Jer\u00ed&#8217;nin g\u00f6revden al\u0131nmas\u0131n\u0131 onaylad\u0131, 24 milletvekili kar\u015f\u0131 \u00e7\u0131kt\u0131 ve \u00fc\u00e7\u00fc \u00e7ekimser kald\u0131. Jos\u00e9 Jer\u00ed, Peru&#8217;nun g\u00f6revden al\u0131nan \u00fc\u00e7\u00fcnc\u00fc ba\u015fkan\u0131 oldu.<\/p>\n\n\n\n<p>Jer\u00ed 2025 Ekim ay\u0131nda, selefi Dina Boluarte&#8217;nin g\u00f6revden al\u0131nmas\u0131n\u0131n ard\u0131ndan ba\u015fkanl\u0131k koltu\u011funa oturmu\u015ftu. Boluarte, kamuoyundaki tepkiler ve yolsuzluk su\u00e7lamalar\u0131 nedeniyle Kongre taraf\u0131ndan g\u00f6revden al\u0131nm\u0131\u015ft\u0131. Jer\u00ed&#8217;nin h\u00fck\u00fcmeti, Lima ve Callao&#8217;da su\u00e7 oranlar\u0131n\u0131n artmas\u0131 \u00fczerine 30 g\u00fcnl\u00fck ola\u011fan\u00fcst\u00fc hal ilan etmi\u015fti. Bu durum, halk\u0131n h\u00fck\u00fcmete olan g\u00fcvenini daha da zedelemi\u015fti.<\/p>\n\n\n\n<p>Skandal, Jer\u00ed&#8217;nin <a href=\"https:\/\/www.theepochtimes.com\/world\/perus-congress-removes-president-over-secret-meeting-with-chinese-businessman-5987034\" target=\"_blank\" rel=\"noreferrer noopener\">\u00c7inli i\u015fadam\u0131 Zhihua Yang<\/a> ile ger\u00e7ekle\u015ftirdi\u011fi gizli bir toplant\u0131n\u0131n ortaya \u00e7\u0131kmas\u0131yla patlak verdi. Jer\u00ed&#8217;nin kamuoyuna bildirmedi\u011fi toplant\u0131, gecenin ge\u00e7 saatlerde bir restoranda ger\u00e7ekle\u015fti. Yang, Peru&#8217;da ticari ma\u011fazalar ve bir enerji projesi i\u00e7in imtiyazlara sahip bir i\u015fadam\u0131. Kamuya a\u00e7\u0131klanmayan bu resmi faaliyet, \u015feffafl\u0131k eksikli\u011fi ve yolsuzluk \u015f\u00fcphesi yaratt\u0131.<\/p>\n\n\n\n<p>Jos\u00e9 Jer\u00ed, toplant\u0131 sonras\u0131 \u00f6z\u00fcr dileyerek, herhangi bir usuls\u00fczl\u00fck olmad\u0131\u011f\u0131n\u0131 belirtti. Ancak gece ge\u00e7 saatlerde yap\u0131lan randevular ve baz\u0131 kad\u0131nlar\u0131n h\u00fck\u00fcmet pozisyonlar\u0131na atanmas\u0131 nedeniyle ba\u015fka ele\u015ftirilerle kar\u015f\u0131la\u015ft\u0131. <\/p>\n\n\n\n<h3 class=\"wp-block-heading\">Yeni Ba\u015fkan Se\u00e7imlere Kadar Ge\u00e7ici Ba\u015fkanl\u0131k Yapacak<\/h3>\n\n\n\n<p><a href=\"https:\/\/epochtimestr.com\/index.php\/peru-cumhurbaskani-cinli-isadamiyla-gizli-gorusmeler-yapti\">Peru&#8217;nun yedinci Cumhurba\u015fkan\u0131 <\/a>Jer\u00ed&#8217;nin g\u00f6revden al\u0131nmas\u0131n\u0131n ard\u0131ndan, Kongre yeni bir ba\u015fkan se\u00e7ecek. Yeni se\u00e7ilecek lider, 12 Nisan 2026&#8217;daki se\u00e7imlere kadar ge\u00e7ici ba\u015fkanl\u0131k yapacak. Yeni ba\u015fkan\u0131n halk\u0131n g\u00fcvenini kazanan, \u015feffaf bir y\u00f6netim anlay\u0131\u015f\u0131na sahip olmas\u0131 gerekti\u011fi vurgulan\u0131yor.<\/p>\n\n\n\n<p>Kongre \u00fcyelerinin Jer\u00ed&#8217;ye kar\u015f\u0131 oy kullanmas\u0131ndaki ana nedenlerden biri, yakla\u015fan se\u00e7imlerde halk\u0131n g\u00fcvenini kaybetme endi\u015fesiydi. Washington merkezli d\u00fc\u015f\u00fcnce kurulu\u015fu Inter-American Dialogue Ba\u015fkan\u0131 Michael Shifter, bu durumun y\u00fcksek ideallerden ziyade siyasi hesaplarla \u015fekillendi\u011fini belirtti. Jer\u00ed&#8217;nin g\u00f6revde kalmas\u0131, se\u00e7imlerde bir\u00e7ok milletvekiline zarar verebilirdi.<\/p>\n\n\n\n<p>Mevcut Kongre Ba\u015fkan\u0131 Fernando Rospigliosi, anayasa gere\u011fi ba\u015fkanl\u0131k g\u00f6revine gelmesi gereken isimdi; ancak bu g\u00f6revi kabul etmedi. Bu nedenle, Kongre yeni bir ba\u015fkan se\u00e7mek zorunda kalacak. <\/p>\n\n\n\n<p>Peru&#8217;da son d\u00f6nemdeki politik belirsizlikler, halk aras\u0131nda b\u00fcy\u00fck endi\u015felere yol a\u00e7t\u0131. Ayr\u0131ca uzun s\u00fcren krizler ve g\u00f6revden almalar, halk\u0131n h\u00fck\u00fcmete olan g\u00fcvenini ciddi \u015fekilde sarst\u0131. Yerel politikac\u0131lar, gelecek ba\u015fkan\u0131n, halk\u0131n beklentilerine uygun, \u015feffaf ve adil bir y\u00f6netim sergilemesini talep ediyor.<\/p>\n","protected":false},"excerpt":{"rendered":"<p>Peru Kongresi, 17 \u015eubat 2026 tarihinde, Ba\u015fkan Jos\u00e9 Jer\u00ed&#8217;yi g\u00f6revden ald\u0131. Jer\u00ed, sadece d\u00f6rt ay s\u00fcren ba\u015fkanl\u0131k g\u00f6revini gizli bir toplant\u0131 skandal\u0131 nedeniyle kaybetti. Kongre, 75 oyla Jer\u00ed&#8217;nin g\u00f6revden al\u0131nmas\u0131n\u0131 onaylad\u0131, 24 milletvekili kar\u015f\u0131 \u00e7\u0131kt\u0131 ve \u00fc\u00e7\u00fc \u00e7ekimser kald\u0131. Jos\u00e9 Jer\u00ed, Peru&#8217;nun g\u00f6revden al\u0131nan \u00fc\u00e7\u00fcnc\u00fc ba\u015fkan\u0131 oldu. Jer\u00ed 2025 Ekim ay\u0131nda, selefi Dina Boluarte&#8217;nin g\u00f6revden [&hellip;]<\/p>\n","protected":false},"author":13996,"featured_media":165821,"comment_status":"open","ping_status":"open","sticky":false,"template":"","format":"standard","meta":{"_yoast_wpseo_focuskw":"Jos\u00e9 Jer\u00ed","_yoast_wpseo_title":"","_yoast_wpseo_metadesc":"Peru\u2019nun 2025 Ekim ay\u0131nda g\u00f6reve gelen Cumhurba\u015fkan\u0131 Jos\u00e9 Jer\u00ed, \u00c7inli i\u015f adam\u0131yla gizli g\u00f6r\u00fc\u015fme skandal\u0131 nedeniyle g\u00f6revden al\u0131nd\u0131.","_bbp_topic_count":0,"_bbp_reply_count":0,"_bbp_total_topic_count":0,"_bbp_total_reply_count":0,"_bbp_voice_count":0,"_bbp_anonymous_reply_count":0,"_bbp_topic_count_hidden":0,"_bbp_reply_count_hidden":0,"_bbp_forum_subforum_count":0,"footnotes":"","_yoast_wpseo_focuskw_text_input":""},"categories":[5,1,8138],"tags":[10799,10802,10793,1284,10462,4776,10463,10801,8585,284,10800],"yoast_head":"<!-- This site is optimized with the Yoast SEO plugin v23.0 - https:\/\/yoast.com\/wordpress\/plugins\/seo\/ -->\n<title>Peru Cumhurba\u015fkan\u0131 Jos\u00e9 Jer\u00ed G\u00f6revden Al\u0131nd\u0131 - The Epoch Times TR<\/title>\n<meta name=\"description\" content=\"Peru\u2019nun 2025 Ekim ay\u0131nda g\u00f6reve gelen Cumhurba\u015fkan\u0131 Jos\u00e9 Jer\u00ed, \u00c7inli i\u015f adam\u0131yla gizli g\u00f6r\u00fc\u015fme skandal\u0131 nedeniyle g\u00f6revden al\u0131nd\u0131.\" \/>\n<meta name=\"robots\" content=\"index, follow, max-snippet:-1, max-image-preview:large, max-video-preview:-1\" \/>\n<link rel=\"canonical\" href=\"https:\/\/epochtimestr.com\/index.php\/peru-cumhurbaskani-jose-jeri-gorevden-alindi\" \/>\n<meta property=\"og:locale\" content=\"tr_TR\" \/>\n<meta property=\"og:type\" content=\"article\" \/>\n<meta property=\"og:title\" content=\"Peru Cumhurba\u015fkan\u0131 Jos\u00e9 Jer\u00ed G\u00f6revden Al\u0131nd\u0131 - The Epoch Times TR\" \/>\n<meta property=\"og:description\" content=\"Peru\u2019nun 2025 Ekim ay\u0131nda g\u00f6reve gelen Cumhurba\u015fkan\u0131 Jos\u00e9 Jer\u00ed, \u00c7inli i\u015f adam\u0131yla gizli g\u00f6r\u00fc\u015fme skandal\u0131 nedeniyle g\u00f6revden al\u0131nd\u0131.\" \/>\n<meta property=\"og:url\" content=\"https:\/\/epochtimestr.com\/index.php\/peru-cumhurbaskani-jose-jeri-gorevden-alindi\" \/>\n<meta property=\"og:site_name\" content=\"The Epoch Times TR\" \/>\n<meta property=\"article:publisher\" content=\"https:\/\/www.facebook.com\/theepochtimestr\" \/>\n<meta property=\"article:published_time\" content=\"2026-02-19T10:10:06+00:00\" \/>\n<meta property=\"article:modified_time\" content=\"2026-02-19T10:10:08+00:00\" \/>\n<meta property=\"og:image\" content=\"https:\/\/epochtimestr.com\/wp-content\/uploads\/2011y\/1000033513.webp\" \/>\n\t<meta property=\"og:image:width\" content=\"1080\" \/>\n\t<meta property=\"og:image:height\" content=\"720\" \/>\n\t<meta property=\"og:image:type\" content=\"image\/webp\" \/>\n<meta name=\"author\" content=\"Leo Bajelan\" \/>\n<meta name=\"twitter:card\" content=\"summary_large_image\" \/>\n<meta name=\"twitter:creator\" content=\"@TheEpochTimesTR\" \/>\n<meta name=\"twitter:site\" content=\"@TheEpochTimesTR\" \/>\n<meta name=\"twitter:label1\" content=\"Yazan:\" \/>\n\t<meta name=\"twitter:data1\" content=\"Leo Bajelan\" \/>\n\t<meta name=\"twitter:label2\" content=\"Tahmini okuma s\u00fcresi\" \/>\n\t<meta name=\"twitter:data2\" content=\"3 dakika\" \/>\n<script type=\"application\/ld+json\" class=\"yoast-schema-graph\">{\"@context\":\"https:\/\/schema.org\",\"@graph\":[{\"@type\":\"Article\",\"@id\":\"https:\/\/epochtimestr.com\/index.php\/peru-cumhurbaskani-jose-jeri-gorevden-alindi#article\",\"isPartOf\":{\"@id\":\"https:\/\/epochtimestr.com\/index.php\/peru-cumhurbaskani-jose-jeri-gorevden-alindi\"},\"author\":{\"name\":\"Leo Bajelan\",\"@id\":\"https:\/\/epochtimestr.com\/#\/schema\/person\/5fef218711d76d8f232b0e1f1d7e4c0d\"},\"headline\":\"Peru Cumhurba\u015fkan\u0131 Jos\u00e9 Jer\u00ed G\u00f6revden Al\u0131nd\u0131\",\"datePublished\":\"2026-02-19T10:10:06+00:00\",\"dateModified\":\"2026-02-19T10:10:08+00:00\",\"mainEntityOfPage\":{\"@id\":\"https:\/\/epochtimestr.com\/index.php\/peru-cumhurbaskani-jose-jeri-gorevden-alindi\"},\"wordCount\":521,\"commentCount\":0,\"publisher\":{\"@id\":\"https:\/\/epochtimestr.com\/#organization\"},\"image\":{\"@id\":\"https:\/\/epochtimestr.com\/index.php\/peru-cumhurbaskani-jose-jeri-gorevden-alindi#primaryimage\"},\"thumbnailUrl\":\"https:\/\/epochtimestr.com\/wp-content\/uploads\/2011y\/1000033513.webp\",\"keywords\":[\"Dina Boluarte\",\"ge\u00e7ici ba\u015fkan\",\"Gizli g\u00f6r\u00fc\u015fmeler\",\"G\u00fcney amerika\",\"Jose Jeri\",\"peru\",\"Peru Cumhurba\u015fkan\u0131\",\"\u015feffafl\u0131k eksikli\u011fi\",\"Usuls\u00fczl\u00fck\",\"Yolsuzluk\",\"Zhihua Yang\"],\"articleSection\":[\"D\u00dcNYA\",\"G\u00dcNDEM\",\"MAN\u015eET\"],\"inLanguage\":\"tr\",\"potentialAction\":[{\"@type\":\"CommentAction\",\"name\":\"Comment\",\"target\":[\"https:\/\/epochtimestr.com\/index.php\/peru-cumhurbaskani-jose-jeri-gorevden-alindi#respond\"]}]},{\"@type\":\"WebPage\",\"@id\":\"https:\/\/epochtimestr.com\/index.php\/peru-cumhurbaskani-jose-jeri-gorevden-alindi\",\"url\":\"https:\/\/epochtimestr.com\/index.php\/peru-cumhurbaskani-jose-jeri-gorevden-alindi\",\"name\":\"Peru Cumhurba\u015fkan\u0131 Jos\u00e9 Jer\u00ed G\u00f6revden Al\u0131nd\u0131 - The Epoch Times TR\",\"isPartOf\":{\"@id\":\"https:\/\/epochtimestr.com\/#website\"},\"primaryImageOfPage\":{\"@id\":\"https:\/\/epochtimestr.com\/index.php\/peru-cumhurbaskani-jose-jeri-gorevden-alindi#primaryimage\"},\"image\":{\"@id\":\"https:\/\/epochtimestr.com\/index.php\/peru-cumhurbaskani-jose-jeri-gorevden-alindi#primaryimage\"},\"thumbnailUrl\":\"https:\/\/epochtimestr.com\/wp-content\/uploads\/2011y\/1000033513.webp\",\"datePublished\":\"2026-02-19T10:10:06+00:00\",\"dateModified\":\"2026-02-19T10:10:08+00:00\",\"description\":\"Peru\u2019nun 2025 Ekim ay\u0131nda g\u00f6reve gelen Cumhurba\u015fkan\u0131 Jos\u00e9 Jer\u00ed, \u00c7inli i\u015f adam\u0131yla gizli g\u00f6r\u00fc\u015fme skandal\u0131 nedeniyle g\u00f6revden al\u0131nd\u0131.\",\"inLanguage\":\"tr\",\"potentialAction\":[{\"@type\":\"ReadAction\",\"target\":[\"https:\/\/epochtimestr.com\/index.php\/peru-cumhurbaskani-jose-jeri-gorevden-alindi\"]}]},{\"@type\":\"ImageObject\",\"inLanguage\":\"tr\",\"@id\":\"https:\/\/epochtimestr.com\/index.php\/peru-cumhurbaskani-jose-jeri-gorevden-alindi#primaryimage\",\"url\":\"https:\/\/epochtimestr.com\/wp-content\/uploads\/2011y\/1000033513.webp\",\"contentUrl\":\"https:\/\/epochtimestr.com\/wp-content\/uploads\/2011y\/1000033513.webp\",\"width\":1080,\"height\":720},{\"@type\":\"WebSite\",\"@id\":\"https:\/\/epochtimestr.com\/#website\",\"url\":\"https:\/\/epochtimestr.com\/\",\"name\":\"The Epoch Times TR\",\"description\":\"De\u011fi\u015fen D\u00fcnyam\u0131za Taze Bir Bak\u0131\u015f\",\"publisher\":{\"@id\":\"https:\/\/epochtimestr.com\/#organization\"},\"potentialAction\":[{\"@type\":\"SearchAction\",\"target\":{\"@type\":\"EntryPoint\",\"urlTemplate\":\"https:\/\/epochtimestr.com\/?s={search_term_string}\"},\"query-input\":\"required name=search_term_string\"}],\"inLanguage\":\"tr\"},{\"@type\":\"Organization\",\"@id\":\"https:\/\/epochtimestr.com\/#organization\",\"name\":\"The EpochTimes T\u00fcrkiye\",\"url\":\"https:\/\/epochtimestr.com\/\",\"logo\":{\"@type\":\"ImageObject\",\"inLanguage\":\"tr\",\"@id\":\"https:\/\/epochtimestr.com\/#\/schema\/logo\/image\/\",\"url\":\"https:\/\/epochtimestr.com\/wp-content\/uploads\/2011y\/ET-Logo-YG.jpg\",\"contentUrl\":\"https:\/\/epochtimestr.com\/wp-content\/uploads\/2011y\/ET-Logo-YG.jpg\",\"width\":346,\"height\":29,\"caption\":\"The EpochTimes T\u00fcrkiye\"},\"image\":{\"@id\":\"https:\/\/epochtimestr.com\/#\/schema\/logo\/image\/\"},\"sameAs\":[\"https:\/\/www.facebook.com\/theepochtimestr\",\"https:\/\/x.com\/TheEpochTimesTR\",\"https:\/\/www.instagram.com\/epochtimestr\"]},{\"@type\":\"Person\",\"@id\":\"https:\/\/epochtimestr.com\/#\/schema\/person\/5fef218711d76d8f232b0e1f1d7e4c0d\",\"name\":\"Leo Bajelan\",\"image\":{\"@type\":\"ImageObject\",\"inLanguage\":\"tr\",\"@id\":\"https:\/\/epochtimestr.com\/#\/schema\/person\/image\/\",\"url\":\"https:\/\/secure.gravatar.com\/avatar\/917669146f489549e548a2e9af272df5?s=96&d=mm&r=g\",\"contentUrl\":\"https:\/\/secure.gravatar.com\/avatar\/917669146f489549e548a2e9af272df5?s=96&d=mm&r=g\",\"caption\":\"Leo Bajelan\"},\"url\":\"https:\/\/epochtimestr.com\/index.php\/author\/leo\"}]}<\/script>\n<!-- \/ Yoast SEO plugin. -->","yoast_head_json":{"title":"Peru Cumhurba\u015fkan\u0131 Jos\u00e9 Jer\u00ed G\u00f6revden Al\u0131nd\u0131 - The Epoch Times TR","description":"Peru\u2019nun 2025 Ekim ay\u0131nda g\u00f6reve gelen Cumhurba\u015fkan\u0131 Jos\u00e9 Jer\u00ed, \u00c7inli i\u015f adam\u0131yla gizli g\u00f6r\u00fc\u015fme skandal\u0131 nedeniyle g\u00f6revden al\u0131nd\u0131.","robots":{"index":"index","follow":"follow","max-snippet":"max-snippet:-1","max-image-preview":"max-image-preview:large","max-video-preview":"max-video-preview:-1"},"canonical":"https:\/\/epochtimestr.com\/index.php\/peru-cumhurbaskani-jose-jeri-gorevden-alindi","og_locale":"tr_TR","og_type":"article","og_title":"Peru Cumhurba\u015fkan\u0131 Jos\u00e9 Jer\u00ed G\u00f6revden Al\u0131nd\u0131 - The Epoch Times TR","og_description":"Peru\u2019nun 2025 Ekim ay\u0131nda g\u00f6reve gelen Cumhurba\u015fkan\u0131 Jos\u00e9 Jer\u00ed, \u00c7inli i\u015f adam\u0131yla gizli g\u00f6r\u00fc\u015fme skandal\u0131 nedeniyle g\u00f6revden al\u0131nd\u0131.","og_url":"https:\/\/epochtimestr.com\/index.php\/peru-cumhurbaskani-jose-jeri-gorevden-alindi","og_site_name":"The Epoch Times TR","article_publisher":"https:\/\/www.facebook.com\/theepochtimestr","article_published_time":"2026-02-19T10:10:06+00:00","article_modified_time":"2026-02-19T10:10:08+00:00","og_image":[{"width":1080,"height":720,"url":"https:\/\/epochtimestr.com\/wp-content\/uploads\/2011y\/1000033513.webp","type":"image\/webp"}],"author":"Leo Bajelan","twitter_card":"summary_large_image","twitter_creator":"@TheEpochTimesTR","twitter_site":"@TheEpochTimesTR","twitter_misc":{"Yazan:":"Leo Bajelan","Tahmini okuma s\u00fcresi":"3 dakika"},"schema":{"@context":"https:\/\/schema.org","@graph":[{"@type":"Article","@id":"https:\/\/epochtimestr.com\/index.php\/peru-cumhurbaskani-jose-jeri-gorevden-alindi#article","isPartOf":{"@id":"https:\/\/epochtimestr.com\/index.php\/peru-cumhurbaskani-jose-jeri-gorevden-alindi"},"author":{"name":"Leo Bajelan","@id":"https:\/\/epochtimestr.com\/#\/schema\/person\/5fef218711d76d8f232b0e1f1d7e4c0d"},"headline":"Peru Cumhurba\u015fkan\u0131 Jos\u00e9 Jer\u00ed G\u00f6revden Al\u0131nd\u0131","datePublished":"2026-02-19T10:10:06+00:00","dateModified":"2026-02-19T10:10:08+00:00","mainEntityOfPage":{"@id":"https:\/\/epochtimestr.com\/index.php\/peru-cumhurbaskani-jose-jeri-gorevden-alindi"},"wordCount":521,"commentCount":0,"publisher":{"@id":"https:\/\/epochtimestr.com\/#organization"},"image":{"@id":"https:\/\/epochtimestr.com\/index.php\/peru-cumhurbaskani-jose-jeri-gorevden-alindi#primaryimage"},"thumbnailUrl":"https:\/\/epochtimestr.com\/wp-content\/uploads\/2011y\/1000033513.webp","keywords":["Dina Boluarte","ge\u00e7ici ba\u015fkan","Gizli g\u00f6r\u00fc\u015fmeler","G\u00fcney amerika","Jose Jeri","peru","Peru Cumhurba\u015fkan\u0131","\u015feffafl\u0131k eksikli\u011fi","Usuls\u00fczl\u00fck","Yolsuzluk","Zhihua Yang"],"articleSection":["D\u00dcNYA","G\u00dcNDEM","MAN\u015eET"],"inLanguage":"tr","potentialAction":[{"@type":"CommentAction","name":"Comment","target":["https:\/\/epochtimestr.com\/index.php\/peru-cumhurbaskani-jose-jeri-gorevden-alindi#respond"]}]},{"@type":"WebPage","@id":"https:\/\/epochtimestr.com\/index.php\/peru-cumhurbaskani-jose-jeri-gorevden-alindi","url":"https:\/\/epochtimestr.com\/index.php\/peru-cumhurbaskani-jose-jeri-gorevden-alindi","name":"Peru Cumhurba\u015fkan\u0131 Jos\u00e9 Jer\u00ed G\u00f6revden Al\u0131nd\u0131 - The Epoch Times TR","isPartOf":{"@id":"https:\/\/epochtimestr.com\/#website"},"primaryImageOfPage":{"@id":"https:\/\/epochtimestr.com\/index.php\/peru-cumhurbaskani-jose-jeri-gorevden-alindi#primaryimage"},"image":{"@id":"https:\/\/epochtimestr.com\/index.php\/peru-cumhurbaskani-jose-jeri-gorevden-alindi#primaryimage"},"thumbnailUrl":"https:\/\/epochtimestr.com\/wp-content\/uploads\/2011y\/1000033513.webp","datePublished":"2026-02-19T10:10:06+00:00","dateModified":"2026-02-19T10:10:08+00:00","description":"Peru\u2019nun 2025 Ekim ay\u0131nda g\u00f6reve gelen Cumhurba\u015fkan\u0131 Jos\u00e9 Jer\u00ed, \u00c7inli i\u015f adam\u0131yla gizli g\u00f6r\u00fc\u015fme skandal\u0131 nedeniyle g\u00f6revden al\u0131nd\u0131.","inLanguage":"tr","potentialAction":[{"@type":"ReadAction","target":["https:\/\/epochtimestr.com\/index.php\/peru-cumhurbaskani-jose-jeri-gorevden-alindi"]}]},{"@type":"ImageObject","inLanguage":"tr","@id":"https:\/\/epochtimestr.com\/index.php\/peru-cumhurbaskani-jose-jeri-gorevden-alindi#primaryimage","url":"https:\/\/epochtimestr.com\/wp-content\/uploads\/2011y\/1000033513.webp","contentUrl":"https:\/\/epochtimestr.com\/wp-content\/uploads\/2011y\/1000033513.webp","width":1080,"height":720},{"@type":"WebSite","@id":"https:\/\/epochtimestr.com\/#website","url":"https:\/\/epochtimestr.com\/","name":"The Epoch Times TR","description":"De\u011fi\u015fen D\u00fcnyam\u0131za Taze Bir Bak\u0131\u015f","publisher":{"@id":"https:\/\/epochtimestr.com\/#organization"},"potentialAction":[{"@type":"SearchAction","target":{"@type":"EntryPoint","urlTemplate":"https:\/\/epochtimestr.com\/?s={search_term_string}"},"query-input":"required name=search_term_string"}],"inLanguage":"tr"},{"@type":"Organization","@id":"https:\/\/epochtimestr.com\/#organization","name":"The EpochTimes T\u00fcrkiye","url":"https:\/\/epochtimestr.com\/","logo":{"@type":"ImageObject","inLanguage":"tr","@id":"https:\/\/epochtimestr.com\/#\/schema\/logo\/image\/","url":"https:\/\/epochtimestr.com\/wp-content\/uploads\/2011y\/ET-Logo-YG.jpg","contentUrl":"https:\/\/epochtimestr.com\/wp-content\/uploads\/2011y\/ET-Logo-YG.jpg","width":346,"height":29,"caption":"The EpochTimes T\u00fcrkiye"},"image":{"@id":"https:\/\/epochtimestr.com\/#\/schema\/logo\/image\/"},"sameAs":["https:\/\/www.facebook.com\/theepochtimestr","https:\/\/x.com\/TheEpochTimesTR","https:\/\/www.instagram.com\/epochtimestr"]},{"@type":"Person","@id":"https:\/\/epochtimestr.com\/#\/schema\/person\/5fef218711d76d8f232b0e1f1d7e4c0d","name":"Leo Bajelan","image":{"@type":"ImageObject","inLanguage":"tr","@id":"https:\/\/epochtimestr.com\/#\/schema\/person\/image\/","url":"https:\/\/secure.gravatar.com\/avatar\/917669146f489549e548a2e9af272df5?s=96&d=mm&r=g","contentUrl":"https:\/\/secure.gravatar.com\/avatar\/917669146f489549e548a2e9af272df5?s=96&d=mm&r=g","caption":"Leo Bajelan"},"url":"https:\/\/epochtimestr.com\/index.php\/author\/leo"}]}},"_links":{"self":[{"href":"https:\/\/epochtimestr.com\/index.php\/wp-json\/wp\/v2\/posts\/165819"}],"collection":[{"href":"https:\/\/epochtimestr.com\/index.php\/wp-json\/wp\/v2\/posts"}],"about":[{"href":"https:\/\/epochtimestr.com\/index.php\/wp-json\/wp\/v2\/types\/post"}],"author":[{"embeddable":true,"href":"https:\/\/epochtimestr.com\/index.php\/wp-json\/wp\/v2\/users\/13996"}],"replies":[{"embeddable":true,"href":"https:\/\/epochtimestr.com\/index.php\/wp-json\/wp\/v2\/comments?post=165819"}],"version-history":[{"count":2,"href":"https:\/\/epochtimestr.com\/index.php\/wp-json\/wp\/v2\/posts\/165819\/revisions"}],"predecessor-version":[{"id":165830,"href":"https:\/\/epochtimestr.com\/index.php\/wp-json\/wp\/v2\/posts\/165819\/revisions\/165830"}],"wp:featuredmedia":[{"embeddable":true,"href":"https:\/\/epochtimestr.com\/index.php\/wp-json\/wp\/v2\/media\/165821"}],"wp:attachment":[{"href":"https:\/\/epochtimestr.com\/index.php\/wp-json\/wp\/v2\/media?parent=165819"}],"wp:term":[{"taxonomy":"category","embeddable":true,"href":"https:\/\/epochtimestr.com\/index.php\/wp-json\/wp\/v2\/categories?post=165819"},{"taxonomy":"post_tag","embeddable":true,"href":"https:\/\/epochtimestr.com\/index.php\/wp-json\/wp\/v2\/tags?post=165819"}],"curies":[{"name":"wp","href":"https:\/\/api.w.org\/{rel}","templated":true}]}}