{"id":165824,"date":"2026-02-19T13:55:13","date_gmt":"2026-02-19T10:55:13","guid":{"rendered":"https:\/\/epochtimestr.com\/?p=165824"},"modified":"2026-02-19T13:55:51","modified_gmt":"2026-02-19T10:55:51","slug":"abd-icin-diego-garcia-adasinin-kontrolu-onem-kazandi","status":"publish","type":"post","link":"https:\/\/epochtimestr.com\/index.php\/abd-icin-diego-garcia-adasinin-kontrolu-onem-kazandi","title":{"rendered":"ABD \u0130\u00e7in Diego Garcia Adas\u0131n\u0131n Kontrol\u00fc \u00d6nem Kazand\u0131"},"content":{"rendered":"<div class=\"wp-block-image\">\n<figure class=\"aligncenter size-full is-resized\"><img loading=\"lazy\" decoding=\"async\" width=\"440\" height=\"535\" src=\"https:\/\/epochtimestr.com\/wp-content\/uploads\/2011y\/image-346.png\" alt=\"Diego Garcia, Birle\u015fik Krall\u0131k'\u0131n deniza\u015f\u0131r\u0131 b\u00f6lgesi olan Britanya Hint Okyanusu Topraklar\u0131'nda bulunan bir adad\u0131r. Orta Hint Okyanusu'ndaki ekvatorun hemen g\u00fcneyinde askerile\u015ftirilmi\u015f bir atol ve Chagos Tak\u0131madalar\u0131n\u0131 olu\u015fturan 60 k\u00fc\u00e7\u00fck adan\u0131n en b\u00fcy\u00fc\u011f\u00fcd\u00fcr. (G\u00f6rsel: Googler haritalar \u00fczerinden ekran g\u00f6r\u00fcnt\u00fcs\u00fc, The Epoch Times TR)\" class=\"wp-image-165832\" style=\"width:440px;height:auto\" srcset=\"https:\/\/epochtimestr.com\/wp-content\/uploads\/2011y\/image-346.png 440w, https:\/\/epochtimestr.com\/wp-content\/uploads\/2011y\/image-346-247x300.png 247w, https:\/\/epochtimestr.com\/wp-content\/uploads\/2011y\/image-346-123x150.png 123w\" sizes=\"(max-width: 440px) 100vw, 440px\" \/><figcaption class=\"wp-element-caption\">Diego Garcia, Birle\u015fik Krall\u0131k&#8217;\u0131n deniza\u015f\u0131r\u0131 b\u00f6lgesi olan Britanya Hint Okyanusu Topraklar\u0131&#8217;nda bulunan bir adad\u0131r. (G\u00f6rsel: Google haritalar \u00fczerinden ekran g\u00f6r\u00fcnt\u00fcs\u00fc, The Epoch Times TR)<\/figcaption><\/figure><\/div>\n\n\n<p>ABD Ba\u015fkan\u0131 Donald Trump, 18 \u015eubat\u2019ta yapt\u0131\u011f\u0131 a\u00e7\u0131klamada, Birle\u015fik Krall\u0131k Ba\u015fbakan\u0131 Keir Starmer\u2019a, Diego Garcia adas\u0131n\u0131n kontrol\u00fcn\u00fc s\u00fcrd\u00fcrmesi gerekti\u011fini s\u00f6yledi. Trump, \u0130ran&#8217;a kar\u015f\u0131 olas\u0131 bir sald\u0131r\u0131 durumunda, bu adan\u0131n stratejik \u00f6nemine dikkat \u00e7ekti.<\/p>\n\n\n\n<p>Trump, sosyal medya platformu Truth Social \u00fczerinden yapt\u0131\u011f\u0131 payla\u015f\u0131mda, \u0130ran ile yap\u0131lacak olas\u0131 bir anla\u015fmazl\u0131k durumunda Diego Garcia&#8217;n\u0131n kullan\u0131labilece\u011fini belirtti. Adan\u0131n \u00f6nemi, <a href=\"https:\/\/www.theepochtimes.com\/us\/trump-urges-uk-to-retain-indian-ocean-territory-amid-iran-tensions-5987259\" target=\"_blank\" rel=\"noreferrer noopener\">Hint Okyanusu&#8217;nda<\/a> yer alan Chagos Tak\u0131madalar\u0131&#8217;na ba\u011fl\u0131 bir ada olmas\u0131ndan kaynaklan\u0131yor. Ayr\u0131ca ABD ve \u0130ngiltere, 1960&#8217;larda aday\u0131 askeri \u00fcs olarak kullanmak i\u00e7in ortak bir anla\u015fma yapm\u0131\u015ft\u0131.<\/p>\n\n\n\n<p>Trump, &#8220;\u0130ran anla\u015fmaya varmazsa, Diego Garcia ve Fairford havaalan\u0131 gibi \u00fcsler kullan\u0131labilir&#8221; dedi. Ayr\u0131ca, bu \u00fcslerin, Birle\u015fik Krall\u0131k ve di\u011fer dost \u00fclkeler i\u00e7in b\u00fcy\u00fck \u00f6nem ta\u015f\u0131d\u0131\u011f\u0131na dikkat \u00e7ekti.<\/p>\n\n\n\n<p>Birle\u015fik Krall\u0131k, ge\u00e7ti\u011fimiz y\u0131l, Mauritius&#8217;a Chagos Tak\u0131madalar\u0131 \u00fczerindeki egemenli\u011fini devretme karar\u0131 alm\u0131\u015ft\u0131. Ancak Diego Garcia \u00fczerindeki askeri \u00fcsse ili\u015fkin kiralama s\u00f6zle\u015fmesi en az 99 y\u0131l uzat\u0131ld\u0131. Bu s\u00fcre sonunda kiralama s\u00f6zle\u015fmesinin 40 y\u0131l daha uzat\u0131lmas\u0131 da m\u00fcmk\u00fcn.<\/p>\n\n\n\n<p>Trump Starmer\u2019a, ada \u00fczerinde herhangi bir taviz verilmemesi gerekti\u011fini belirtti. Trump ayr\u0131ca, &#8220;Diego Garcia&#8217;n\u0131n kontrol\u00fc, \u0130ngiltere i\u00e7in kritik bir \u00f6neme sahip. Bu aday\u0131 teslim etmek b\u00fcy\u00fck bir hata olur&#8221; \u015feklinde yazd\u0131.<\/p>\n\n\n\n<h3 class=\"wp-block-heading\">\u0130ran \u0130le ABD N\u00fckleer M\u00fczakereleri<\/h3>\n\n\n\n<p>ABD D\u0131\u015fi\u015fleri Bakanl\u0131\u011f\u0131, anla\u015fman\u0131n ard\u0131ndan Birle\u015fik Krall\u0131k\u2019\u0131n Mauritius ile yapt\u0131\u011f\u0131 anla\u015fmay\u0131 destekledi\u011fini a\u00e7\u0131klam\u0131\u015ft\u0131. Ancak Trump&#8217;\u0131n son a\u00e7\u0131klamalar\u0131 adan\u0131n stratejik \u00f6nemine dikkat \u00e7ekiyor.<\/p>\n\n\n\n<p>Trump&#8217;\u0131n Diego Garcia hakk\u0131ndaki yorumlar\u0131, <a href=\"https:\/\/epochtimestr.com\/index.php\/iran-ve-abd-temel-prensipler-uzerinde-anlasti\" target=\"_blank\" rel=\"noreferrer noopener\">\u0130ran ile yap\u0131lan g\u00f6r\u00fc\u015fmelerin<\/a> hemen ard\u0131ndan geldi. ABD ve \u0130ran, bu hafta \u0130svi\u00e7re&#8217;nin Cenevre kentinde n\u00fckleer m\u00fczakereler yapt\u0131. Trump, \u0130ran\u2019a kar\u015f\u0131 yeni g\u00fcvenlik talepleri iletmekte kararl\u0131.<\/p>\n\n\n\n<p>ABD Ba\u015fkan Yard\u0131mc\u0131s\u0131 JD Vance, \u0130ran&#8217;\u0131n n\u00fckleer silah edinmesinin &#8220;k\u0131rm\u0131z\u0131 \u00e7izgi&#8221; oldu\u011funu vurgulad\u0131. Vance 17 \u015eubat\u2019ta yapt\u0131\u011f\u0131 a\u00e7\u0131klamada ayr\u0131ca, m\u00fczakerelerde \u0130ran\u2019a bask\u0131 uygulamaya devam edeceklerini belirtti.<\/p>\n\n\n\n<p>Beyaz Saray S\u00f6zc\u00fcs\u00fc Karoline Leavitt, Trump\u2019\u0131n a\u00e7\u0131klamalar\u0131n\u0131 resmi politika olarak nitelendirerek, Trump y\u00f6netiminin g\u00f6r\u00fc\u015f\u00fcn\u00fc yans\u0131tt\u0131\u011f\u0131n\u0131 s\u00f6yledi.<\/p>\n\n\n\n<p>Son olarak Trump\u2019\u0131n Diego Garcia hakk\u0131ndaki a\u00e7\u0131klamalar\u0131, ABD ile \u0130ran aras\u0131nda devam eden m\u00fczakerelere yeni bir boyut katm\u0131\u015f oldu.<\/p>\n","protected":false},"excerpt":{"rendered":"<p>ABD Ba\u015fkan\u0131 Donald Trump, 18 \u015eubat\u2019ta yapt\u0131\u011f\u0131 a\u00e7\u0131klamada, Birle\u015fik Krall\u0131k Ba\u015fbakan\u0131 Keir Starmer\u2019a, Diego Garcia adas\u0131n\u0131n kontrol\u00fcn\u00fc s\u00fcrd\u00fcrmesi gerekti\u011fini s\u00f6yledi. Trump, \u0130ran&#8217;a kar\u015f\u0131 olas\u0131 bir sald\u0131r\u0131 durumunda, bu adan\u0131n stratejik \u00f6nemine dikkat \u00e7ekti. Trump, sosyal medya platformu Truth Social \u00fczerinden yapt\u0131\u011f\u0131 payla\u015f\u0131mda, \u0130ran ile yap\u0131lacak olas\u0131 bir anla\u015fmazl\u0131k durumunda Diego Garcia&#8217;n\u0131n kullan\u0131labilece\u011fini belirtti. Adan\u0131n \u00f6nemi, [&hellip;]<\/p>\n","protected":false},"author":13996,"featured_media":165832,"comment_status":"open","ping_status":"open","sticky":false,"template":"","format":"standard","meta":{"_yoast_wpseo_focuskw":"Diego Garcia","_yoast_wpseo_title":"","_yoast_wpseo_metadesc":"Diego Garcia, Britanya Hint Okyanusu B\u00f6lgesi'nde stratejik \u00f6neme sahip bir askeri \u00fcs olup, ABD ve \u0130ngiltere'nin ortak kullan\u0131m\u0131na a\u00e7\u0131kt\u0131r.","_bbp_topic_count":0,"_bbp_reply_count":0,"_bbp_total_topic_count":0,"_bbp_total_reply_count":0,"_bbp_voice_count":0,"_bbp_anonymous_reply_count":0,"_bbp_topic_count_hidden":0,"_bbp_reply_count_hidden":0,"_bbp_forum_subforum_count":0,"footnotes":"","_yoast_wpseo_focuskw_text_input":""},"categories":[5,1,8138],"tags":[10804,5459,10795,10794,745,10796,10167,10088,3587,5764,10803],"yoast_head":"<!-- This site is optimized with the Yoast SEO plugin v23.0 - https:\/\/yoast.com\/wordpress\/plugins\/seo\/ -->\n<title>ABD \u0130\u00e7in Diego Garcia Adas\u0131n\u0131n Kontrol\u00fc \u00d6nem Kazand\u0131 - The Epoch Times TR<\/title>\n<meta name=\"description\" content=\"Diego Garcia, Britanya Hint Okyanusu B\u00f6lgesi&#039;nde stratejik \u00f6neme sahip bir askeri \u00fcs olup, ABD ve \u0130ngiltere&#039;nin ortak kullan\u0131m\u0131na a\u00e7\u0131kt\u0131r.\" \/>\n<meta name=\"robots\" content=\"index, follow, max-snippet:-1, max-image-preview:large, max-video-preview:-1\" \/>\n<link rel=\"canonical\" href=\"https:\/\/epochtimestr.com\/index.php\/abd-icin-diego-garcia-adasinin-kontrolu-onem-kazandi\" \/>\n<meta property=\"og:locale\" content=\"tr_TR\" \/>\n<meta property=\"og:type\" content=\"article\" \/>\n<meta property=\"og:title\" content=\"ABD \u0130\u00e7in Diego Garcia Adas\u0131n\u0131n Kontrol\u00fc \u00d6nem Kazand\u0131 - The Epoch Times TR\" \/>\n<meta property=\"og:description\" content=\"Diego Garcia, Britanya Hint Okyanusu B\u00f6lgesi&#039;nde stratejik \u00f6neme sahip bir askeri \u00fcs olup, ABD ve \u0130ngiltere&#039;nin ortak kullan\u0131m\u0131na a\u00e7\u0131kt\u0131r.\" \/>\n<meta property=\"og:url\" content=\"https:\/\/epochtimestr.com\/index.php\/abd-icin-diego-garcia-adasinin-kontrolu-onem-kazandi\" \/>\n<meta property=\"og:site_name\" content=\"The Epoch Times TR\" \/>\n<meta property=\"article:publisher\" content=\"https:\/\/www.facebook.com\/theepochtimestr\" \/>\n<meta property=\"article:published_time\" content=\"2026-02-19T10:55:13+00:00\" \/>\n<meta property=\"article:modified_time\" content=\"2026-02-19T10:55:51+00:00\" \/>\n<meta property=\"og:image\" content=\"https:\/\/epochtimestr.com\/wp-content\/uploads\/2011y\/image-346.png\" \/>\n\t<meta property=\"og:image:width\" content=\"440\" \/>\n\t<meta property=\"og:image:height\" content=\"535\" \/>\n\t<meta property=\"og:image:type\" content=\"image\/png\" \/>\n<meta name=\"author\" content=\"Leo Bajelan\" \/>\n<meta name=\"twitter:card\" content=\"summary_large_image\" \/>\n<meta name=\"twitter:creator\" content=\"@TheEpochTimesTR\" \/>\n<meta name=\"twitter:site\" content=\"@TheEpochTimesTR\" \/>\n<meta name=\"twitter:label1\" content=\"Yazan:\" \/>\n\t<meta name=\"twitter:data1\" content=\"Leo Bajelan\" \/>\n\t<meta name=\"twitter:label2\" content=\"Tahmini okuma s\u00fcresi\" \/>\n\t<meta name=\"twitter:data2\" content=\"3 dakika\" \/>\n<script type=\"application\/ld+json\" class=\"yoast-schema-graph\">{\"@context\":\"https:\/\/schema.org\",\"@graph\":[{\"@type\":\"Article\",\"@id\":\"https:\/\/epochtimestr.com\/index.php\/abd-icin-diego-garcia-adasinin-kontrolu-onem-kazandi#article\",\"isPartOf\":{\"@id\":\"https:\/\/epochtimestr.com\/index.php\/abd-icin-diego-garcia-adasinin-kontrolu-onem-kazandi\"},\"author\":{\"name\":\"Leo Bajelan\",\"@id\":\"https:\/\/epochtimestr.com\/#\/schema\/person\/5fef218711d76d8f232b0e1f1d7e4c0d\"},\"headline\":\"ABD \u0130\u00e7in Diego Garcia Adas\u0131n\u0131n Kontrol\u00fc \u00d6nem Kazand\u0131\",\"datePublished\":\"2026-02-19T10:55:13+00:00\",\"dateModified\":\"2026-02-19T10:55:51+00:00\",\"mainEntityOfPage\":{\"@id\":\"https:\/\/epochtimestr.com\/index.php\/abd-icin-diego-garcia-adasinin-kontrolu-onem-kazandi\"},\"wordCount\":465,\"commentCount\":0,\"publisher\":{\"@id\":\"https:\/\/epochtimestr.com\/#organization\"},\"image\":{\"@id\":\"https:\/\/epochtimestr.com\/index.php\/abd-icin-diego-garcia-adasinin-kontrolu-onem-kazandi#primaryimage\"},\"thumbnailUrl\":\"https:\/\/epochtimestr.com\/wp-content\/uploads\/2011y\/image-346.png\",\"keywords\":[\"askeri \u00fcs\",\"Birle\u015fik Krall\u0131k\",\"Diego Garcia\",\"Hint Okyanusu\",\"\u0130ngiltere\",\"\u0130ran krizi\",\"Keir Starmer\",\"Mauritius\",\"n\u00fckleer M\u00fczakereler\",\"Trump\",\"Truth Social\"],\"articleSection\":[\"D\u00dcNYA\",\"G\u00dcNDEM\",\"MAN\u015eET\"],\"inLanguage\":\"tr\",\"potentialAction\":[{\"@type\":\"CommentAction\",\"name\":\"Comment\",\"target\":[\"https:\/\/epochtimestr.com\/index.php\/abd-icin-diego-garcia-adasinin-kontrolu-onem-kazandi#respond\"]}]},{\"@type\":\"WebPage\",\"@id\":\"https:\/\/epochtimestr.com\/index.php\/abd-icin-diego-garcia-adasinin-kontrolu-onem-kazandi\",\"url\":\"https:\/\/epochtimestr.com\/index.php\/abd-icin-diego-garcia-adasinin-kontrolu-onem-kazandi\",\"name\":\"ABD \u0130\u00e7in Diego Garcia Adas\u0131n\u0131n Kontrol\u00fc \u00d6nem Kazand\u0131 - The Epoch Times TR\",\"isPartOf\":{\"@id\":\"https:\/\/epochtimestr.com\/#website\"},\"primaryImageOfPage\":{\"@id\":\"https:\/\/epochtimestr.com\/index.php\/abd-icin-diego-garcia-adasinin-kontrolu-onem-kazandi#primaryimage\"},\"image\":{\"@id\":\"https:\/\/epochtimestr.com\/index.php\/abd-icin-diego-garcia-adasinin-kontrolu-onem-kazandi#primaryimage\"},\"thumbnailUrl\":\"https:\/\/epochtimestr.com\/wp-content\/uploads\/2011y\/image-346.png\",\"datePublished\":\"2026-02-19T10:55:13+00:00\",\"dateModified\":\"2026-02-19T10:55:51+00:00\",\"description\":\"Diego Garcia, Britanya Hint Okyanusu B\u00f6lgesi'nde stratejik \u00f6neme sahip bir askeri \u00fcs olup, ABD ve \u0130ngiltere'nin ortak kullan\u0131m\u0131na a\u00e7\u0131kt\u0131r.\",\"inLanguage\":\"tr\",\"potentialAction\":[{\"@type\":\"ReadAction\",\"target\":[\"https:\/\/epochtimestr.com\/index.php\/abd-icin-diego-garcia-adasinin-kontrolu-onem-kazandi\"]}]},{\"@type\":\"ImageObject\",\"inLanguage\":\"tr\",\"@id\":\"https:\/\/epochtimestr.com\/index.php\/abd-icin-diego-garcia-adasinin-kontrolu-onem-kazandi#primaryimage\",\"url\":\"https:\/\/epochtimestr.com\/wp-content\/uploads\/2011y\/image-346.png\",\"contentUrl\":\"https:\/\/epochtimestr.com\/wp-content\/uploads\/2011y\/image-346.png\",\"width\":440,\"height\":535},{\"@type\":\"WebSite\",\"@id\":\"https:\/\/epochtimestr.com\/#website\",\"url\":\"https:\/\/epochtimestr.com\/\",\"name\":\"The Epoch Times TR\",\"description\":\"De\u011fi\u015fen D\u00fcnyam\u0131za Taze Bir Bak\u0131\u015f\",\"publisher\":{\"@id\":\"https:\/\/epochtimestr.com\/#organization\"},\"potentialAction\":[{\"@type\":\"SearchAction\",\"target\":{\"@type\":\"EntryPoint\",\"urlTemplate\":\"https:\/\/epochtimestr.com\/?s={search_term_string}\"},\"query-input\":\"required name=search_term_string\"}],\"inLanguage\":\"tr\"},{\"@type\":\"Organization\",\"@id\":\"https:\/\/epochtimestr.com\/#organization\",\"name\":\"The EpochTimes T\u00fcrkiye\",\"url\":\"https:\/\/epochtimestr.com\/\",\"logo\":{\"@type\":\"ImageObject\",\"inLanguage\":\"tr\",\"@id\":\"https:\/\/epochtimestr.com\/#\/schema\/logo\/image\/\",\"url\":\"https:\/\/epochtimestr.com\/wp-content\/uploads\/2011y\/ET-Logo-YG.jpg\",\"contentUrl\":\"https:\/\/epochtimestr.com\/wp-content\/uploads\/2011y\/ET-Logo-YG.jpg\",\"width\":346,\"height\":29,\"caption\":\"The EpochTimes T\u00fcrkiye\"},\"image\":{\"@id\":\"https:\/\/epochtimestr.com\/#\/schema\/logo\/image\/\"},\"sameAs\":[\"https:\/\/www.facebook.com\/theepochtimestr\",\"https:\/\/x.com\/TheEpochTimesTR\",\"https:\/\/www.instagram.com\/epochtimestr\"]},{\"@type\":\"Person\",\"@id\":\"https:\/\/epochtimestr.com\/#\/schema\/person\/5fef218711d76d8f232b0e1f1d7e4c0d\",\"name\":\"Leo Bajelan\",\"image\":{\"@type\":\"ImageObject\",\"inLanguage\":\"tr\",\"@id\":\"https:\/\/epochtimestr.com\/#\/schema\/person\/image\/\",\"url\":\"https:\/\/secure.gravatar.com\/avatar\/917669146f489549e548a2e9af272df5?s=96&d=mm&r=g\",\"contentUrl\":\"https:\/\/secure.gravatar.com\/avatar\/917669146f489549e548a2e9af272df5?s=96&d=mm&r=g\",\"caption\":\"Leo Bajelan\"},\"url\":\"https:\/\/epochtimestr.com\/index.php\/author\/leo\"}]}<\/script>\n<!-- \/ Yoast SEO plugin. -->","yoast_head_json":{"title":"ABD \u0130\u00e7in Diego Garcia Adas\u0131n\u0131n Kontrol\u00fc \u00d6nem Kazand\u0131 - The Epoch Times TR","description":"Diego Garcia, Britanya Hint Okyanusu B\u00f6lgesi'nde stratejik \u00f6neme sahip bir askeri \u00fcs olup, ABD ve \u0130ngiltere'nin ortak kullan\u0131m\u0131na a\u00e7\u0131kt\u0131r.","robots":{"index":"index","follow":"follow","max-snippet":"max-snippet:-1","max-image-preview":"max-image-preview:large","max-video-preview":"max-video-preview:-1"},"canonical":"https:\/\/epochtimestr.com\/index.php\/abd-icin-diego-garcia-adasinin-kontrolu-onem-kazandi","og_locale":"tr_TR","og_type":"article","og_title":"ABD \u0130\u00e7in Diego Garcia Adas\u0131n\u0131n Kontrol\u00fc \u00d6nem Kazand\u0131 - The Epoch Times TR","og_description":"Diego Garcia, Britanya Hint Okyanusu B\u00f6lgesi'nde stratejik \u00f6neme sahip bir askeri \u00fcs olup, ABD ve \u0130ngiltere'nin ortak kullan\u0131m\u0131na a\u00e7\u0131kt\u0131r.","og_url":"https:\/\/epochtimestr.com\/index.php\/abd-icin-diego-garcia-adasinin-kontrolu-onem-kazandi","og_site_name":"The Epoch Times TR","article_publisher":"https:\/\/www.facebook.com\/theepochtimestr","article_published_time":"2026-02-19T10:55:13+00:00","article_modified_time":"2026-02-19T10:55:51+00:00","og_image":[{"width":440,"height":535,"url":"https:\/\/epochtimestr.com\/wp-content\/uploads\/2011y\/image-346.png","type":"image\/png"}],"author":"Leo Bajelan","twitter_card":"summary_large_image","twitter_creator":"@TheEpochTimesTR","twitter_site":"@TheEpochTimesTR","twitter_misc":{"Yazan:":"Leo Bajelan","Tahmini okuma s\u00fcresi":"3 dakika"},"schema":{"@context":"https:\/\/schema.org","@graph":[{"@type":"Article","@id":"https:\/\/epochtimestr.com\/index.php\/abd-icin-diego-garcia-adasinin-kontrolu-onem-kazandi#article","isPartOf":{"@id":"https:\/\/epochtimestr.com\/index.php\/abd-icin-diego-garcia-adasinin-kontrolu-onem-kazandi"},"author":{"name":"Leo Bajelan","@id":"https:\/\/epochtimestr.com\/#\/schema\/person\/5fef218711d76d8f232b0e1f1d7e4c0d"},"headline":"ABD \u0130\u00e7in Diego Garcia Adas\u0131n\u0131n Kontrol\u00fc \u00d6nem Kazand\u0131","datePublished":"2026-02-19T10:55:13+00:00","dateModified":"2026-02-19T10:55:51+00:00","mainEntityOfPage":{"@id":"https:\/\/epochtimestr.com\/index.php\/abd-icin-diego-garcia-adasinin-kontrolu-onem-kazandi"},"wordCount":465,"commentCount":0,"publisher":{"@id":"https:\/\/epochtimestr.com\/#organization"},"image":{"@id":"https:\/\/epochtimestr.com\/index.php\/abd-icin-diego-garcia-adasinin-kontrolu-onem-kazandi#primaryimage"},"thumbnailUrl":"https:\/\/epochtimestr.com\/wp-content\/uploads\/2011y\/image-346.png","keywords":["askeri \u00fcs","Birle\u015fik Krall\u0131k","Diego Garcia","Hint Okyanusu","\u0130ngiltere","\u0130ran krizi","Keir Starmer","Mauritius","n\u00fckleer M\u00fczakereler","Trump","Truth Social"],"articleSection":["D\u00dcNYA","G\u00dcNDEM","MAN\u015eET"],"inLanguage":"tr","potentialAction":[{"@type":"CommentAction","name":"Comment","target":["https:\/\/epochtimestr.com\/index.php\/abd-icin-diego-garcia-adasinin-kontrolu-onem-kazandi#respond"]}]},{"@type":"WebPage","@id":"https:\/\/epochtimestr.com\/index.php\/abd-icin-diego-garcia-adasinin-kontrolu-onem-kazandi","url":"https:\/\/epochtimestr.com\/index.php\/abd-icin-diego-garcia-adasinin-kontrolu-onem-kazandi","name":"ABD \u0130\u00e7in Diego Garcia Adas\u0131n\u0131n Kontrol\u00fc \u00d6nem Kazand\u0131 - The Epoch Times TR","isPartOf":{"@id":"https:\/\/epochtimestr.com\/#website"},"primaryImageOfPage":{"@id":"https:\/\/epochtimestr.com\/index.php\/abd-icin-diego-garcia-adasinin-kontrolu-onem-kazandi#primaryimage"},"image":{"@id":"https:\/\/epochtimestr.com\/index.php\/abd-icin-diego-garcia-adasinin-kontrolu-onem-kazandi#primaryimage"},"thumbnailUrl":"https:\/\/epochtimestr.com\/wp-content\/uploads\/2011y\/image-346.png","datePublished":"2026-02-19T10:55:13+00:00","dateModified":"2026-02-19T10:55:51+00:00","description":"Diego Garcia, Britanya Hint Okyanusu B\u00f6lgesi'nde stratejik \u00f6neme sahip bir askeri \u00fcs olup, ABD ve \u0130ngiltere'nin ortak kullan\u0131m\u0131na a\u00e7\u0131kt\u0131r.","inLanguage":"tr","potentialAction":[{"@type":"ReadAction","target":["https:\/\/epochtimestr.com\/index.php\/abd-icin-diego-garcia-adasinin-kontrolu-onem-kazandi"]}]},{"@type":"ImageObject","inLanguage":"tr","@id":"https:\/\/epochtimestr.com\/index.php\/abd-icin-diego-garcia-adasinin-kontrolu-onem-kazandi#primaryimage","url":"https:\/\/epochtimestr.com\/wp-content\/uploads\/2011y\/image-346.png","contentUrl":"https:\/\/epochtimestr.com\/wp-content\/uploads\/2011y\/image-346.png","width":440,"height":535},{"@type":"WebSite","@id":"https:\/\/epochtimestr.com\/#website","url":"https:\/\/epochtimestr.com\/","name":"The Epoch Times TR","description":"De\u011fi\u015fen D\u00fcnyam\u0131za Taze Bir Bak\u0131\u015f","publisher":{"@id":"https:\/\/epochtimestr.com\/#organization"},"potentialAction":[{"@type":"SearchAction","target":{"@type":"EntryPoint","urlTemplate":"https:\/\/epochtimestr.com\/?s={search_term_string}"},"query-input":"required name=search_term_string"}],"inLanguage":"tr"},{"@type":"Organization","@id":"https:\/\/epochtimestr.com\/#organization","name":"The EpochTimes T\u00fcrkiye","url":"https:\/\/epochtimestr.com\/","logo":{"@type":"ImageObject","inLanguage":"tr","@id":"https:\/\/epochtimestr.com\/#\/schema\/logo\/image\/","url":"https:\/\/epochtimestr.com\/wp-content\/uploads\/2011y\/ET-Logo-YG.jpg","contentUrl":"https:\/\/epochtimestr.com\/wp-content\/uploads\/2011y\/ET-Logo-YG.jpg","width":346,"height":29,"caption":"The EpochTimes T\u00fcrkiye"},"image":{"@id":"https:\/\/epochtimestr.com\/#\/schema\/logo\/image\/"},"sameAs":["https:\/\/www.facebook.com\/theepochtimestr","https:\/\/x.com\/TheEpochTimesTR","https:\/\/www.instagram.com\/epochtimestr"]},{"@type":"Person","@id":"https:\/\/epochtimestr.com\/#\/schema\/person\/5fef218711d76d8f232b0e1f1d7e4c0d","name":"Leo Bajelan","image":{"@type":"ImageObject","inLanguage":"tr","@id":"https:\/\/epochtimestr.com\/#\/schema\/person\/image\/","url":"https:\/\/secure.gravatar.com\/avatar\/917669146f489549e548a2e9af272df5?s=96&d=mm&r=g","contentUrl":"https:\/\/secure.gravatar.com\/avatar\/917669146f489549e548a2e9af272df5?s=96&d=mm&r=g","caption":"Leo Bajelan"},"url":"https:\/\/epochtimestr.com\/index.php\/author\/leo"}]}},"_links":{"self":[{"href":"https:\/\/epochtimestr.com\/index.php\/wp-json\/wp\/v2\/posts\/165824"}],"collection":[{"href":"https:\/\/epochtimestr.com\/index.php\/wp-json\/wp\/v2\/posts"}],"about":[{"href":"https:\/\/epochtimestr.com\/index.php\/wp-json\/wp\/v2\/types\/post"}],"author":[{"embeddable":true,"href":"https:\/\/epochtimestr.com\/index.php\/wp-json\/wp\/v2\/users\/13996"}],"replies":[{"embeddable":true,"href":"https:\/\/epochtimestr.com\/index.php\/wp-json\/wp\/v2\/comments?post=165824"}],"version-history":[{"count":4,"href":"https:\/\/epochtimestr.com\/index.php\/wp-json\/wp\/v2\/posts\/165824\/revisions"}],"predecessor-version":[{"id":165836,"href":"https:\/\/epochtimestr.com\/index.php\/wp-json\/wp\/v2\/posts\/165824\/revisions\/165836"}],"wp:featuredmedia":[{"embeddable":true,"href":"https:\/\/epochtimestr.com\/index.php\/wp-json\/wp\/v2\/media\/165832"}],"wp:attachment":[{"href":"https:\/\/epochtimestr.com\/index.php\/wp-json\/wp\/v2\/media?parent=165824"}],"wp:term":[{"taxonomy":"category","embeddable":true,"href":"https:\/\/epochtimestr.com\/index.php\/wp-json\/wp\/v2\/categories?post=165824"},{"taxonomy":"post_tag","embeddable":true,"href":"https:\/\/epochtimestr.com\/index.php\/wp-json\/wp\/v2\/tags?post=165824"}],"curies":[{"name":"wp","href":"https:\/\/api.w.org\/{rel}","templated":true}]}}