{"id":165838,"date":"2026-02-21T09:01:42","date_gmt":"2026-02-21T06:01:42","guid":{"rendered":"https:\/\/epochtimestr.com\/?p=165838"},"modified":"2026-02-21T09:01:44","modified_gmt":"2026-02-21T06:01:44","slug":"bir-mersin-sevdalisi","status":"publish","type":"post","link":"https:\/\/epochtimestr.com\/index.php\/bir-mersin-sevdalisi","title":{"rendered":"Bir Mersin Sevdal\u0131s\u0131"},"content":{"rendered":"\n<p class=\"has-text-align-right\">\u201cMersinliler Mersin\u2019e sahip \u00e7\u0131k\u0131n\u0131z.\u201d M. Kemal Atat\u00fcrk<\/p>\n\n\n\n<p>\u201cMersinli \u00d6yk\u00fc Yazar\u0131\u201d adl\u0131 yaz\u0131m\u0131n ard\u0131ndan baz\u0131 dostlar\u0131m, kendilerinin ne zaman bu k\u00f6\u015fede misafir olacaklar\u0131n\u0131, \u015faka yollu da olsa dile getirdiler. Asl\u0131nda ben uzun s\u00fcredir, f\u0131rsat bulduk\u00e7a, Mersin\u2019in sanat, edebiyat alan\u0131ndaki y\u00fczlerini siz okurlar ile tan\u0131\u015ft\u0131r\u0131yorum. Tan\u0131\u015ft\u0131rmak derken, bu hususta yazar abimiz Nevzat Erol\u2019a de\u011finmeden ge\u00e7emeyece\u011fim. 2003 y\u0131l\u0131nda \u00e7\u0131kan \u201cPortreler\u201d kitab\u0131nda her kesimden Mersinliyi bizlerle bulu\u015fturmu\u015ftu.<\/p>\n\n\n\n<p>O d\u00f6nemler gazetelerde yeni yeni yazmaya ba\u015flayan ben, g\u00fcn\u00fcn birinde ba\u015fka bir bi\u00e7imde de olsa, insan portreleri yazaca\u011f\u0131m\u0131 hi\u00e7 d\u00fc\u015f\u00fcnmemi\u015ftim. \u0130yi an\u0131ms\u0131yorum, Nevzat Erol beni \u201cBeyaz G\u00fcl\u00fc\u015fl\u00fc Adam\u201d ba\u015fl\u0131\u011f\u0131 alt\u0131nda kitab\u0131na ta\u015f\u0131may\u0131 d\u00fc\u015f\u00fcnm\u00fc\u015ft\u00fc. \u00dczerine biraz da konu\u015fmu\u015ftuk, o g\u00fcnlerde.<\/p>\n\n\n\n<p>Bug\u00fcn yine bir dostumuzun yan\u0131nday\u0131z. Hani kan\u0131n\u0131n rengi tutkunu oldu\u011fu tak\u0131m\u0131n renklerine d\u00f6n\u00fc\u015fen insanlar vard\u0131r. \u0130\u015fte onlardand\u0131r, Adnan Ayd\u0131n K\u00f6sel. Kan\u0131 k\u0131rm\u0131z\u0131-lacivert akanlardand\u0131r. K\u0131rm\u0131z\u0131 lacivert renklere, dolay\u0131s\u0131yla Mersin\u2019e sevdal\u0131 biri.<\/p>\n\n\n\n<p>K\u00fcme d\u00fc\u015fen Mersin \u0130dman Yurdu (M\u0130Y), K\u00f6sel\u2019i epey \u00fczm\u00fc\u015f. Siyasi ve ticari ama\u00e7lar\u0131 i\u00e7in M\u0130Y\u2019i basamak yapanlara hep kar\u015f\u0131 durmu\u015f. \u201cD\u0131\u015far\u0131dan gelenler M\u0130Y\u2019i kalk\u0131nd\u0131ramazlar; el ele- kol kola tak\u0131m\u0131 k\u00fcme d\u00fc\u015f\u00fcrd\u00fcler\u201d diyor sinirlenerek. Konu spordan a\u00e7\u0131lm\u0131\u015fken, cim bom hayranl\u0131\u011f\u0131ndan, aslan sevgisinden bahsediyor. Bu arada aslan burcundan oldu\u011funu \u00f6\u011freniyoruz. Avrupa \u015eampiyonas\u0131 i\u00e7in de \u201cTerim misyonunu tamamlad\u0131. Yeni y\u00fczlerle, yeni gen\u00e7lerle gelece\u011fe haz\u0131rlanal\u0131m\u201d tespitinde bulunuyor.<\/p>\n\n\n\n<p>Mersin do\u011fumlu Adnan Ayd\u0131n K\u00f6sel, CHP\u2019li bir baban\u0131n o\u011flu olmas\u0131na ra\u011fmen, Menderes\u2019in idam\u0131 ona bu ismin konmas\u0131nda etkilidir. O, Kuvay\u0131milliyeci bir aileden ve gelenekten geliyor. Gazi \u00dcniversitesi \u0130\u0130BF ve Eski\u015fehir Anadolu \u00dcniversitesi A\u00d6F yerel y\u00f6netimler mezunu. Otuz sene, \u00f6zel \u015firketlerde mali dan\u0131\u015fmanl\u0131k, muhasebe m\u00fcd\u00fcrl\u00fckleri g\u00f6revlerinde bulundu. Emekli oldu. \u015eimdilerde kendi ofisinde, SGK dan\u0131\u015fmanl\u0131\u011f\u0131 ve insan kaynaklar\u0131 uzmanl\u0131\u011f\u0131 i\u015flerini y\u00fcr\u00fct\u00fcyor.<\/p>\n\n\n\n<p>K\u00f6seller Mersin\u2019in k\u00f6kl\u00fc ailelerinden, yerel y\u00f6netim birimlerinde ve b\u00fcrokraside \u00e7ok etkinler. Ayd\u0131n K\u00f6sel, gazeteci Sabahattin K\u00f6sel\u2019in ye\u011feni. Ayr\u0131ca maliye eski m\u00fcd\u00fcr\u00fc Tahsin K\u00f6sel de amcas\u0131. Uzun s\u00fcredir aktif siyasetin i\u00e7inde. Vatan Partisi bas\u0131n ve propagandadan sorumlu il y\u00f6neticisi. K\u00f6sel\u2019in siyasi \u00e7izgisi: Tek vatan, tek millet, tek bayrak etraf\u0131nda kenetlenen, Cumhuriyetin temel ta\u015f\u0131n\u0131n laiklik ilkesi oldu\u011funu vurgulayan, din, mezhep, etnik k\u00f6ken istismarc\u0131l\u0131\u011f\u0131na kar\u015f\u0131 duran, Atat\u00fcrk\u00e7\u00fc, vatansever bir \u00e7izgidir.<\/p>\n\n\n\n<p>O, sosyal medyay\u0131 etkin kullan\u0131r. Gen\u00e7lerin e\u011fitilmesine \u00f6nem verir. Muhalif kimli\u011fi ile, haks\u0131zl\u0131\u011fa kar\u015f\u0131 duran tav\u0131rlar\u0131yla dikkat \u00e7eker. \u0130nsan ve hayvan haklar\u0131na, \u00e7evre, \u015fehircilik konular\u0131na duyarl\u0131d\u0131r. Kanal 2000\u2019de Nebahat Demir ile iki y\u0131l boyunca \u201cG\u00fcndemin Getirdikleri\u201d adl\u0131, g\u00fcncel olaylar\u0131 inceleyen bir program yapt\u0131. Yerel gazetelerde yaz\u0131lar yazd\u0131.<\/p>\n\n\n\n<p>Bir ekonomist olarak, Mersin\u2019in i\u00e7inde bulundu\u011fu durumdan son derece rahats\u0131z. Mersin\u2019in kimliksizli\u011fine parmak bas\u0131yor. Tar\u0131mda, turizmde, sporda, ticarette, sanayide hak etmedi\u011fi yerde oldu\u011funa inan\u0131yor.<\/p>\n\n\n\n<p>Say\u0131lar\u0131 d\u00f6rt y\u00fcz bini ge\u00e7en, Suriyeli m\u00fcltecilerin kanayan bir yara oldu\u011funu ve her a\u00e7\u0131dan patlayan bomba etkisi yarataca\u011f\u0131n\u0131 s\u00f6yl\u00fcyor. Devlete, Hatay &#8211; Mersin band\u0131nda yerle\u015ftirilen bu hassas Suriyeliler konusunu, g\u00f6zden ge\u00e7irmesini tavsiye ediyor. Yerel \u00f6l\u00e7ekte gerek se\u00e7ilmi\u015f, gerek atanm\u0131\u015f olsun, idarecilerin tam etkin olamad\u0131klar\u0131n\u0131 d\u00fc\u015f\u00fcn\u00fcyor.<\/p>\n\n\n\n<p>Ayd\u0131n K\u00f6sel, eski Mersin \u00f6zlemiyle ya\u015f\u0131yor. G\u00f6zlerinde s\u00fcrekli an\u0131lar canlan\u0131yor. K\u0131sa s\u00fcrede t\u00fcm siyasi ve etnik yelpazenin temsil edildi\u011fi, ho\u015fg\u00f6r\u00fc ve birlik i\u00e7inde, kalk\u0131nmas\u0131n\u0131 tamamlam\u0131\u015f bir Mersin\u2019de ya\u015fama arzusuyla s\u00f6yle\u015fimizi noktal\u0131yoruz.<\/p>\n\n\n\n<p><em>Bu yaz\u0131 ilk olarak 13 Temmuz 2016 tarihinde inovatifhaber.com\u2019da yay\u0131nlanm\u0131\u015ft\u0131r.<\/em><\/p>\n","protected":false},"excerpt":{"rendered":"<p>\u201cMersinliler Mersin\u2019e sahip \u00e7\u0131k\u0131n\u0131z.\u201d M. Kemal Atat\u00fcrk \u201cMersinli \u00d6yk\u00fc Yazar\u0131\u201d adl\u0131 yaz\u0131m\u0131n ard\u0131ndan baz\u0131 dostlar\u0131m, kendilerinin ne zaman bu k\u00f6\u015fede misafir olacaklar\u0131n\u0131, \u015faka yollu da olsa dile getirdiler. Asl\u0131nda ben uzun s\u00fcredir, f\u0131rsat bulduk\u00e7a, Mersin\u2019in sanat, edebiyat alan\u0131ndaki y\u00fczlerini siz okurlar ile tan\u0131\u015ft\u0131r\u0131yorum. Tan\u0131\u015ft\u0131rmak derken, bu hususta yazar abimiz Nevzat Erol\u2019a de\u011finmeden ge\u00e7emeyece\u011fim. 2003 y\u0131l\u0131nda [&hellip;]<\/p>\n","protected":false},"author":14001,"featured_media":161038,"comment_status":"open","ping_status":"open","sticky":false,"template":"","format":"standard","meta":{"_yoast_wpseo_focuskw":"Mersinli","_yoast_wpseo_title":"","_yoast_wpseo_metadesc":"\u201cMersinli \u00d6yk\u00fc Yazar\u0131\u201d adl\u0131 yaz\u0131m\u0131n ard\u0131ndan baz\u0131 dostlar\u0131m, kendilerinin ne zaman bu k\u00f6\u015fede misafir olacaklar\u0131n\u0131 dile getirdiler.","_bbp_topic_count":0,"_bbp_reply_count":0,"_bbp_total_topic_count":0,"_bbp_total_reply_count":0,"_bbp_voice_count":0,"_bbp_anonymous_reply_count":0,"_bbp_topic_count_hidden":0,"_bbp_reply_count_hidden":0,"_bbp_forum_subforum_count":0,"footnotes":"","_yoast_wpseo_focuskw_text_input":""},"categories":[9170],"tags":[10805,1624,3181,10806],"yoast_head":"<!-- This site is optimized with the Yoast SEO plugin v23.0 - https:\/\/yoast.com\/wordpress\/plugins\/seo\/ -->\n<title>Bir Mersin Sevdal\u0131s\u0131 - The Epoch Times TR<\/title>\n<meta name=\"description\" content=\"\u201cMersinli \u00d6yk\u00fc Yazar\u0131\u201d adl\u0131 yaz\u0131m\u0131n ard\u0131ndan baz\u0131 dostlar\u0131m, kendilerinin ne zaman bu k\u00f6\u015fede misafir olacaklar\u0131n\u0131 dile getirdiler.\" \/>\n<meta name=\"robots\" content=\"index, follow, max-snippet:-1, max-image-preview:large, max-video-preview:-1\" \/>\n<link rel=\"canonical\" href=\"https:\/\/epochtimestr.com\/index.php\/bir-mersin-sevdalisi\" \/>\n<meta property=\"og:locale\" content=\"tr_TR\" \/>\n<meta property=\"og:type\" content=\"article\" \/>\n<meta property=\"og:title\" content=\"Bir Mersin Sevdal\u0131s\u0131 - The Epoch Times TR\" \/>\n<meta property=\"og:description\" content=\"\u201cMersinli \u00d6yk\u00fc Yazar\u0131\u201d adl\u0131 yaz\u0131m\u0131n ard\u0131ndan baz\u0131 dostlar\u0131m, kendilerinin ne zaman bu k\u00f6\u015fede misafir olacaklar\u0131n\u0131 dile getirdiler.\" \/>\n<meta property=\"og:url\" content=\"https:\/\/epochtimestr.com\/index.php\/bir-mersin-sevdalisi\" \/>\n<meta property=\"og:site_name\" content=\"The Epoch Times TR\" \/>\n<meta property=\"article:publisher\" content=\"https:\/\/www.facebook.com\/theepochtimestr\" \/>\n<meta property=\"article:published_time\" content=\"2026-02-21T06:01:42+00:00\" \/>\n<meta property=\"article:modified_time\" content=\"2026-02-21T06:01:44+00:00\" \/>\n<meta property=\"og:image\" content=\"https:\/\/epochtimestr.com\/wp-content\/uploads\/2011y\/BZ-adnan-aydin-kosel.jpeg\" \/>\n\t<meta property=\"og:image:width\" content=\"1200\" \/>\n\t<meta property=\"og:image:height\" content=\"630\" \/>\n\t<meta property=\"og:image:type\" content=\"image\/jpeg\" \/>\n<meta name=\"author\" content=\"Bekir Zorba\" \/>\n<meta name=\"twitter:card\" content=\"summary_large_image\" \/>\n<meta name=\"twitter:creator\" content=\"@TheEpochTimesTR\" \/>\n<meta name=\"twitter:site\" content=\"@TheEpochTimesTR\" \/>\n<meta name=\"twitter:label1\" content=\"Yazan:\" \/>\n\t<meta name=\"twitter:data1\" content=\"Bekir Zorba\" \/>\n\t<meta name=\"twitter:label2\" content=\"Tahmini okuma s\u00fcresi\" \/>\n\t<meta name=\"twitter:data2\" content=\"4 dakika\" \/>\n<script type=\"application\/ld+json\" class=\"yoast-schema-graph\">{\"@context\":\"https:\/\/schema.org\",\"@graph\":[{\"@type\":\"Article\",\"@id\":\"https:\/\/epochtimestr.com\/index.php\/bir-mersin-sevdalisi#article\",\"isPartOf\":{\"@id\":\"https:\/\/epochtimestr.com\/index.php\/bir-mersin-sevdalisi\"},\"author\":{\"name\":\"Bekir Zorba\",\"@id\":\"https:\/\/epochtimestr.com\/#\/schema\/person\/da1ad104599611965442ed3e7e9acb2b\"},\"headline\":\"Bir Mersin Sevdal\u0131s\u0131\",\"datePublished\":\"2026-02-21T06:01:42+00:00\",\"dateModified\":\"2026-02-21T06:01:44+00:00\",\"mainEntityOfPage\":{\"@id\":\"https:\/\/epochtimestr.com\/index.php\/bir-mersin-sevdalisi\"},\"wordCount\":710,\"commentCount\":0,\"publisher\":{\"@id\":\"https:\/\/epochtimestr.com\/#organization\"},\"image\":{\"@id\":\"https:\/\/epochtimestr.com\/index.php\/bir-mersin-sevdalisi#primaryimage\"},\"thumbnailUrl\":\"https:\/\/epochtimestr.com\/wp-content\/uploads\/2011y\/Bekir-Zorba.png\",\"keywords\":[\"Adnan Ayd\u0131n K\u00f6sel\",\"mersin\",\"Mersin \u0130dman Yurdu\",\"Vatan Partisi\"],\"articleSection\":[\"K\u00f6\u015fe Yaz\u0131lar\u0131 Bekir Zorba\"],\"inLanguage\":\"tr\",\"potentialAction\":[{\"@type\":\"CommentAction\",\"name\":\"Comment\",\"target\":[\"https:\/\/epochtimestr.com\/index.php\/bir-mersin-sevdalisi#respond\"]}]},{\"@type\":\"WebPage\",\"@id\":\"https:\/\/epochtimestr.com\/index.php\/bir-mersin-sevdalisi\",\"url\":\"https:\/\/epochtimestr.com\/index.php\/bir-mersin-sevdalisi\",\"name\":\"Bir Mersin Sevdal\u0131s\u0131 - The Epoch Times TR\",\"isPartOf\":{\"@id\":\"https:\/\/epochtimestr.com\/#website\"},\"primaryImageOfPage\":{\"@id\":\"https:\/\/epochtimestr.com\/index.php\/bir-mersin-sevdalisi#primaryimage\"},\"image\":{\"@id\":\"https:\/\/epochtimestr.com\/index.php\/bir-mersin-sevdalisi#primaryimage\"},\"thumbnailUrl\":\"https:\/\/epochtimestr.com\/wp-content\/uploads\/2011y\/Bekir-Zorba.png\",\"datePublished\":\"2026-02-21T06:01:42+00:00\",\"dateModified\":\"2026-02-21T06:01:44+00:00\",\"description\":\"\u201cMersinli \u00d6yk\u00fc Yazar\u0131\u201d adl\u0131 yaz\u0131m\u0131n ard\u0131ndan baz\u0131 dostlar\u0131m, kendilerinin ne zaman bu k\u00f6\u015fede misafir olacaklar\u0131n\u0131 dile getirdiler.\",\"inLanguage\":\"tr\",\"potentialAction\":[{\"@type\":\"ReadAction\",\"target\":[\"https:\/\/epochtimestr.com\/index.php\/bir-mersin-sevdalisi\"]}]},{\"@type\":\"ImageObject\",\"inLanguage\":\"tr\",\"@id\":\"https:\/\/epochtimestr.com\/index.php\/bir-mersin-sevdalisi#primaryimage\",\"url\":\"https:\/\/epochtimestr.com\/wp-content\/uploads\/2011y\/Bekir-Zorba.png\",\"contentUrl\":\"https:\/\/epochtimestr.com\/wp-content\/uploads\/2011y\/Bekir-Zorba.png\",\"width\":600,\"height\":600},{\"@type\":\"WebSite\",\"@id\":\"https:\/\/epochtimestr.com\/#website\",\"url\":\"https:\/\/epochtimestr.com\/\",\"name\":\"The Epoch Times TR\",\"description\":\"De\u011fi\u015fen D\u00fcnyam\u0131za Taze Bir Bak\u0131\u015f\",\"publisher\":{\"@id\":\"https:\/\/epochtimestr.com\/#organization\"},\"potentialAction\":[{\"@type\":\"SearchAction\",\"target\":{\"@type\":\"EntryPoint\",\"urlTemplate\":\"https:\/\/epochtimestr.com\/?s={search_term_string}\"},\"query-input\":\"required name=search_term_string\"}],\"inLanguage\":\"tr\"},{\"@type\":\"Organization\",\"@id\":\"https:\/\/epochtimestr.com\/#organization\",\"name\":\"The EpochTimes T\u00fcrkiye\",\"url\":\"https:\/\/epochtimestr.com\/\",\"logo\":{\"@type\":\"ImageObject\",\"inLanguage\":\"tr\",\"@id\":\"https:\/\/epochtimestr.com\/#\/schema\/logo\/image\/\",\"url\":\"https:\/\/epochtimestr.com\/wp-content\/uploads\/2011y\/ET-Logo-YG.jpg\",\"contentUrl\":\"https:\/\/epochtimestr.com\/wp-content\/uploads\/2011y\/ET-Logo-YG.jpg\",\"width\":346,\"height\":29,\"caption\":\"The EpochTimes T\u00fcrkiye\"},\"image\":{\"@id\":\"https:\/\/epochtimestr.com\/#\/schema\/logo\/image\/\"},\"sameAs\":[\"https:\/\/www.facebook.com\/theepochtimestr\",\"https:\/\/x.com\/TheEpochTimesTR\",\"https:\/\/www.instagram.com\/epochtimestr\"]},{\"@type\":\"Person\",\"@id\":\"https:\/\/epochtimestr.com\/#\/schema\/person\/da1ad104599611965442ed3e7e9acb2b\",\"name\":\"Bekir Zorba\",\"image\":{\"@type\":\"ImageObject\",\"inLanguage\":\"tr\",\"@id\":\"https:\/\/epochtimestr.com\/#\/schema\/person\/image\/\",\"url\":\"https:\/\/secure.gravatar.com\/avatar\/eafd40d9b77b1fbf7c565a3d4916b79c?s=96&d=mm&r=g\",\"contentUrl\":\"https:\/\/secure.gravatar.com\/avatar\/eafd40d9b77b1fbf7c565a3d4916b79c?s=96&d=mm&r=g\",\"caption\":\"Bekir Zorba\"},\"url\":\"https:\/\/epochtimestr.com\/index.php\/author\/bekir\"}]}<\/script>\n<!-- \/ Yoast SEO plugin. -->","yoast_head_json":{"title":"Bir Mersin Sevdal\u0131s\u0131 - The Epoch Times TR","description":"\u201cMersinli \u00d6yk\u00fc Yazar\u0131\u201d adl\u0131 yaz\u0131m\u0131n ard\u0131ndan baz\u0131 dostlar\u0131m, kendilerinin ne zaman bu k\u00f6\u015fede misafir olacaklar\u0131n\u0131 dile getirdiler.","robots":{"index":"index","follow":"follow","max-snippet":"max-snippet:-1","max-image-preview":"max-image-preview:large","max-video-preview":"max-video-preview:-1"},"canonical":"https:\/\/epochtimestr.com\/index.php\/bir-mersin-sevdalisi","og_locale":"tr_TR","og_type":"article","og_title":"Bir Mersin Sevdal\u0131s\u0131 - The Epoch Times TR","og_description":"\u201cMersinli \u00d6yk\u00fc Yazar\u0131\u201d adl\u0131 yaz\u0131m\u0131n ard\u0131ndan baz\u0131 dostlar\u0131m, kendilerinin ne zaman bu k\u00f6\u015fede misafir olacaklar\u0131n\u0131 dile getirdiler.","og_url":"https:\/\/epochtimestr.com\/index.php\/bir-mersin-sevdalisi","og_site_name":"The Epoch Times TR","article_publisher":"https:\/\/www.facebook.com\/theepochtimestr","article_published_time":"2026-02-21T06:01:42+00:00","article_modified_time":"2026-02-21T06:01:44+00:00","og_image":[{"width":1200,"height":630,"url":"https:\/\/epochtimestr.com\/wp-content\/uploads\/2011y\/BZ-adnan-aydin-kosel.jpeg","type":"image\/jpeg"}],"author":"Bekir Zorba","twitter_card":"summary_large_image","twitter_creator":"@TheEpochTimesTR","twitter_site":"@TheEpochTimesTR","twitter_misc":{"Yazan:":"Bekir Zorba","Tahmini okuma s\u00fcresi":"4 dakika"},"schema":{"@context":"https:\/\/schema.org","@graph":[{"@type":"Article","@id":"https:\/\/epochtimestr.com\/index.php\/bir-mersin-sevdalisi#article","isPartOf":{"@id":"https:\/\/epochtimestr.com\/index.php\/bir-mersin-sevdalisi"},"author":{"name":"Bekir Zorba","@id":"https:\/\/epochtimestr.com\/#\/schema\/person\/da1ad104599611965442ed3e7e9acb2b"},"headline":"Bir Mersin Sevdal\u0131s\u0131","datePublished":"2026-02-21T06:01:42+00:00","dateModified":"2026-02-21T06:01:44+00:00","mainEntityOfPage":{"@id":"https:\/\/epochtimestr.com\/index.php\/bir-mersin-sevdalisi"},"wordCount":710,"commentCount":0,"publisher":{"@id":"https:\/\/epochtimestr.com\/#organization"},"image":{"@id":"https:\/\/epochtimestr.com\/index.php\/bir-mersin-sevdalisi#primaryimage"},"thumbnailUrl":"https:\/\/epochtimestr.com\/wp-content\/uploads\/2011y\/Bekir-Zorba.png","keywords":["Adnan Ayd\u0131n K\u00f6sel","mersin","Mersin \u0130dman Yurdu","Vatan Partisi"],"articleSection":["K\u00f6\u015fe Yaz\u0131lar\u0131 Bekir Zorba"],"inLanguage":"tr","potentialAction":[{"@type":"CommentAction","name":"Comment","target":["https:\/\/epochtimestr.com\/index.php\/bir-mersin-sevdalisi#respond"]}]},{"@type":"WebPage","@id":"https:\/\/epochtimestr.com\/index.php\/bir-mersin-sevdalisi","url":"https:\/\/epochtimestr.com\/index.php\/bir-mersin-sevdalisi","name":"Bir Mersin Sevdal\u0131s\u0131 - The Epoch Times TR","isPartOf":{"@id":"https:\/\/epochtimestr.com\/#website"},"primaryImageOfPage":{"@id":"https:\/\/epochtimestr.com\/index.php\/bir-mersin-sevdalisi#primaryimage"},"image":{"@id":"https:\/\/epochtimestr.com\/index.php\/bir-mersin-sevdalisi#primaryimage"},"thumbnailUrl":"https:\/\/epochtimestr.com\/wp-content\/uploads\/2011y\/Bekir-Zorba.png","datePublished":"2026-02-21T06:01:42+00:00","dateModified":"2026-02-21T06:01:44+00:00","description":"\u201cMersinli \u00d6yk\u00fc Yazar\u0131\u201d adl\u0131 yaz\u0131m\u0131n ard\u0131ndan baz\u0131 dostlar\u0131m, kendilerinin ne zaman bu k\u00f6\u015fede misafir olacaklar\u0131n\u0131 dile getirdiler.","inLanguage":"tr","potentialAction":[{"@type":"ReadAction","target":["https:\/\/epochtimestr.com\/index.php\/bir-mersin-sevdalisi"]}]},{"@type":"ImageObject","inLanguage":"tr","@id":"https:\/\/epochtimestr.com\/index.php\/bir-mersin-sevdalisi#primaryimage","url":"https:\/\/epochtimestr.com\/wp-content\/uploads\/2011y\/Bekir-Zorba.png","contentUrl":"https:\/\/epochtimestr.com\/wp-content\/uploads\/2011y\/Bekir-Zorba.png","width":600,"height":600},{"@type":"WebSite","@id":"https:\/\/epochtimestr.com\/#website","url":"https:\/\/epochtimestr.com\/","name":"The Epoch Times TR","description":"De\u011fi\u015fen D\u00fcnyam\u0131za Taze Bir Bak\u0131\u015f","publisher":{"@id":"https:\/\/epochtimestr.com\/#organization"},"potentialAction":[{"@type":"SearchAction","target":{"@type":"EntryPoint","urlTemplate":"https:\/\/epochtimestr.com\/?s={search_term_string}"},"query-input":"required name=search_term_string"}],"inLanguage":"tr"},{"@type":"Organization","@id":"https:\/\/epochtimestr.com\/#organization","name":"The EpochTimes T\u00fcrkiye","url":"https:\/\/epochtimestr.com\/","logo":{"@type":"ImageObject","inLanguage":"tr","@id":"https:\/\/epochtimestr.com\/#\/schema\/logo\/image\/","url":"https:\/\/epochtimestr.com\/wp-content\/uploads\/2011y\/ET-Logo-YG.jpg","contentUrl":"https:\/\/epochtimestr.com\/wp-content\/uploads\/2011y\/ET-Logo-YG.jpg","width":346,"height":29,"caption":"The EpochTimes T\u00fcrkiye"},"image":{"@id":"https:\/\/epochtimestr.com\/#\/schema\/logo\/image\/"},"sameAs":["https:\/\/www.facebook.com\/theepochtimestr","https:\/\/x.com\/TheEpochTimesTR","https:\/\/www.instagram.com\/epochtimestr"]},{"@type":"Person","@id":"https:\/\/epochtimestr.com\/#\/schema\/person\/da1ad104599611965442ed3e7e9acb2b","name":"Bekir Zorba","image":{"@type":"ImageObject","inLanguage":"tr","@id":"https:\/\/epochtimestr.com\/#\/schema\/person\/image\/","url":"https:\/\/secure.gravatar.com\/avatar\/eafd40d9b77b1fbf7c565a3d4916b79c?s=96&d=mm&r=g","contentUrl":"https:\/\/secure.gravatar.com\/avatar\/eafd40d9b77b1fbf7c565a3d4916b79c?s=96&d=mm&r=g","caption":"Bekir Zorba"},"url":"https:\/\/epochtimestr.com\/index.php\/author\/bekir"}]}},"_links":{"self":[{"href":"https:\/\/epochtimestr.com\/index.php\/wp-json\/wp\/v2\/posts\/165838"}],"collection":[{"href":"https:\/\/epochtimestr.com\/index.php\/wp-json\/wp\/v2\/posts"}],"about":[{"href":"https:\/\/epochtimestr.com\/index.php\/wp-json\/wp\/v2\/types\/post"}],"author":[{"embeddable":true,"href":"https:\/\/epochtimestr.com\/index.php\/wp-json\/wp\/v2\/users\/14001"}],"replies":[{"embeddable":true,"href":"https:\/\/epochtimestr.com\/index.php\/wp-json\/wp\/v2\/comments?post=165838"}],"version-history":[{"count":1,"href":"https:\/\/epochtimestr.com\/index.php\/wp-json\/wp\/v2\/posts\/165838\/revisions"}],"predecessor-version":[{"id":165841,"href":"https:\/\/epochtimestr.com\/index.php\/wp-json\/wp\/v2\/posts\/165838\/revisions\/165841"}],"wp:featuredmedia":[{"embeddable":true,"href":"https:\/\/epochtimestr.com\/index.php\/wp-json\/wp\/v2\/media\/161038"}],"wp:attachment":[{"href":"https:\/\/epochtimestr.com\/index.php\/wp-json\/wp\/v2\/media?parent=165838"}],"wp:term":[{"taxonomy":"category","embeddable":true,"href":"https:\/\/epochtimestr.com\/index.php\/wp-json\/wp\/v2\/categories?post=165838"},{"taxonomy":"post_tag","embeddable":true,"href":"https:\/\/epochtimestr.com\/index.php\/wp-json\/wp\/v2\/tags?post=165838"}],"curies":[{"name":"wp","href":"https:\/\/api.w.org\/{rel}","templated":true}]}}