{"id":165839,"date":"2026-02-21T13:50:13","date_gmt":"2026-02-21T10:50:13","guid":{"rendered":"https:\/\/epochtimestr.com\/?p=165839"},"modified":"2026-02-21T13:51:20","modified_gmt":"2026-02-21T10:51:20","slug":"kuresel-iran-protestosu","status":"publish","type":"post","link":"https:\/\/epochtimestr.com\/index.php\/kuresel-iran-protestosu","title":{"rendered":"K\u00fcresel \u0130ran Protestosu"},"content":{"rendered":"<div class=\"wp-block-image\">\n<figure class=\"aligncenter size-full\"><img loading=\"lazy\" decoding=\"async\" width=\"1080\" height=\"720\" src=\"https:\/\/epochtimestr.com\/wp-content\/uploads\/2011y\/1000033591.webp\" alt=\"G\u00f6stericiler, 14 \u015eubat 2026\u2019da Los Angeles\u2019ta \u0130ran\u2019daki protesto hareketiyle dayan\u0131\u015fma amac\u0131yla bir araya geldi. (Foto\u011fraf: Patrick T. Fallon\/AFP\/Getty Images)\" class=\"wp-image-165844\" srcset=\"https:\/\/epochtimestr.com\/wp-content\/uploads\/2011y\/1000033591.webp 1080w, https:\/\/epochtimestr.com\/wp-content\/uploads\/2011y\/1000033591-300x200.webp 300w, https:\/\/epochtimestr.com\/wp-content\/uploads\/2011y\/1000033591-150x100.webp 150w, https:\/\/epochtimestr.com\/wp-content\/uploads\/2011y\/1000033591-768x512.webp 768w\" sizes=\"(max-width: 1080px) 100vw, 1080px\" \/><figcaption class=\"wp-element-caption\">K\u00fcresel Eylem G\u00fcn\u00fc g\u00f6stericileri, \u0130ran protesto hareketine dayan\u0131\u015fma g\u00f6stermek i\u00e7in miting d\u00fczenliyor. 14 \u015eubat 2026, Los Angeles. (Foto\u011fraf: The Epoch Times arac\u0131l\u0131\u011f\u0131yla, Patrick T. Fallon, AFP &#8211; Getty Images)<\/figcaption><\/figure><\/div>\n\n\n<p>14 \u015eubat\u2019ta d\u00fcnya genelinde \u201cK\u00fcresel Eylem G\u00fcn\u00fc\u201d \u00e7a\u011fr\u0131s\u0131yla d\u00fczenlenen g\u00f6sterilerde, milyonlarca \u0130ranl\u0131 sokaklara \u00e7\u0131kt\u0131. Eylemler, s\u00fcrg\u00fcndeki Veliaht Prens R\u0131za Pehlevi&#8217;nin, yurtd\u0131\u015f\u0131ndaki \u0130ranl\u0131lara birlik olma \u00e7a\u011fr\u0131s\u0131n\u0131n ard\u0131ndan ge\u00e7ekle\u015fti..<\/p>\n\n\n\n<p>\u0130ranl\u0131lar, <a href=\"https:\/\/www.theepochtimes.com\/world\/a-united-iranian-front-against-the-islamic-republic-and-a-strategic-opportunity-for-the-west-5987994\" target=\"_blank\" rel=\"noreferrer noopener\">Toronto, Los Angeles ve M\u00fcnih<\/a> ba\u015fta olmak \u00fczere bir\u00e7ok kentte geni\u015f kat\u0131l\u0131m sa\u011flad\u0131. Organizat\u00f6rler toplam kat\u0131l\u0131m\u0131n bir milyonu a\u015ft\u0131\u011f\u0131n\u0131 duyurdu. Ayr\u0131ca yerel g\u00fcvenlik kaynaklar\u0131 da y\u00fcksek kat\u0131l\u0131m\u0131 do\u011frulad\u0131. G\u00f6steriler bar\u0131\u015f\u00e7\u0131l \u015fekilde ger\u00e7ekle\u015fti.<\/p>\n\n\n\n<p>M\u00fcnih polisinin a\u00e7\u0131klamas\u0131na g\u00f6re kentte yakla\u015f\u0131k 250 bin ki\u015fi topland\u0131. Toronto polis kaynaklar\u0131 ise kat\u0131l\u0131m\u0131n 350 bine yak\u0131n oldu\u011funu a\u00e7\u0131klad\u0131. Yetkililer ayr\u0131ca bunun \u015fehir tarihindeki en b\u00fcy\u00fck g\u00f6sterilerden biri oldu\u011funu bildirdi. Bununla birlikte Los Angeles\u2019ta da on binlerce ki\u015fi y\u00fcr\u00fcy\u00fc\u015fe kat\u0131ld\u0131.<\/p>\n\n\n\n<p>G\u00f6stericiler \u0130ran\u2019\u0131n tarihi Aslanl\u0131 G\u00fcne\u015f bayra\u011f\u0131 ta\u015f\u0131d\u0131 ve \u0130ran\u2019daki halka destek mesajlar\u0131 payla\u015ft\u0131. \u0130ran bayra\u011f\u0131n\u0131n yan\u0131 s\u0131ra ABD, Kanada, Almanya ve \u0130srail bayraklar\u0131 da alanlarda yer ald\u0131. Protestocular g\u00fcvenlik g\u00fc\u00e7lerine \u00e7i\u00e7ekler sunarak bar\u0131\u015f mesaj\u0131 verdiler.<\/p>\n\n\n\n<h3 class=\"wp-block-heading\">D\u00fcnyadan Rejimi D\u00fczeltmesini De\u011fil, Tarihe G\u00f6mmesini \u0130stiyorlar<\/h3>\n\n\n\n<p>Pehlevi sosyal medya \u00fczerinden yapt\u0131\u011f\u0131 a\u00e7\u0131klamada, \u201cBir milyondan fazla protestocu \u0130ran halk\u0131yla dayan\u0131\u015fma i\u00e7in soka\u011fa \u00e7\u0131kt\u0131\u201d dedi. A\u00e7\u0131klamas\u0131nda ayr\u0131ca, \u201cOnlar d\u00fcnyadan rejimi d\u00fczeltmesini de\u011fil, onu tarihe g\u00f6mmesini istiyor\u201d ifadelerine yer verdi.<\/p>\n\n\n\n<p><a href=\"https:\/\/epochtimestr.com\/index.php\/riza-pehlevi-iran-halkini-sokaklara-davet-etti\">P<\/a><a href=\"https:\/\/epochtimestr.com\/index.php\/riza-pehlevi-iran-halkini-sokaklara-davet-etti\" target=\"_blank\" rel=\"noreferrer noopener\">e<\/a><a href=\"https:\/\/epochtimestr.com\/index.php\/riza-pehlevi-iran-halkini-sokaklara-davet-etti\">hlevi<\/a>, \u0130ran i\u00e7indeki halka da \u00e7a\u011fr\u0131 yaparak, evlerinden ve \u00e7at\u0131lar\u0131ndan seslerini y\u00fckseltmelerini istedi. \u0130ran merkezli baz\u0131 medya organlar\u0131 da gece saatlerinde at\u0131lan sloganlara ait g\u00f6r\u00fcnt\u00fcler payla\u015ft\u0131. G\u00f6r\u00fcnt\u00fclerde rejim kar\u015f\u0131t\u0131 sloganlar duyuluyor.<\/p>\n\n\n\n<p>G\u00f6steriler, \u0130ran\u2019daki siyasi bask\u0131lar ve ekonomik sorunlara tepki olarak ba\u015flam\u0131\u015ft\u0131. Bununla birlikte son y\u0131llarda farkl\u0131 muhalif gruplar aras\u0131ndaki diyalog artt\u0131. Uzmanlara g\u00f6re yurt d\u0131\u015f\u0131nda ya\u015fayan \u0130ranl\u0131lar ilk kez bu \u00f6l\u00e7ekte ortak bir zeminde bulu\u015ftu.<\/p>\n\n\n\n<p>Muhalefet \u00e7evreleri ortak ilkeler \u00fczerinde uzla\u015f\u0131 sa\u011fland\u0131\u011f\u0131n\u0131 belirtiyor. Bu ilkeler aras\u0131nda toprak b\u00fct\u00fcnl\u00fc\u011f\u00fcn\u00fcn korunmas\u0131 ve laik y\u00f6netim talebi \u00f6ne \u00e7\u0131k\u0131yor. Ayr\u0131ca serbest ve adil se\u00e7im ile birlikte temel hak ve \u00f6zg\u00fcrl\u00fcklerin g\u00fcvence alt\u0131na al\u0131nmas\u0131 isteniyor.<\/p>\n\n\n\n<p>Baz\u0131 analistler geli\u015fmeleri Bat\u0131 i\u00e7in stratejik f\u0131rsat olarak g\u00f6r\u00fcyor. Ayr\u0131ca eski g\u00fcvenlik yetkilileri de s\u00fcrecin dikkatle izlenmesi gerekti\u011fini vurguluyor. Tart\u0131\u015fmalar\u0131n merkezinde \u0130ran\u2019daki ekonomik kriz ve b\u00f6lgesel gerilimler yer al\u0131yor.<\/p>\n\n\n\n<p>Ayr\u0131ca uluslararas\u0131 bas\u0131n da g\u00f6sterilere geni\u015f yer verdi. Sosyal medyada payla\u015f\u0131lan g\u00f6r\u00fcnt\u00fcler milyonlarca ki\u015fiye ula\u015ft\u0131. Uzmanlara g\u00f6re bu g\u00f6r\u00fcn\u00fcrl\u00fck, \u0130ran muhalefeti a\u00e7\u0131s\u0131ndan yeni bir d\u00f6nemin i\u015fareti olacak.<\/p>\n","protected":false},"excerpt":{"rendered":"<p>14 \u015eubat\u2019ta d\u00fcnya genelinde \u201cK\u00fcresel Eylem G\u00fcn\u00fc\u201d \u00e7a\u011fr\u0131s\u0131yla d\u00fczenlenen g\u00f6sterilerde, milyonlarca \u0130ranl\u0131 sokaklara \u00e7\u0131kt\u0131. Eylemler, s\u00fcrg\u00fcndeki Veliaht Prens R\u0131za Pehlevi&#8217;nin, yurtd\u0131\u015f\u0131ndaki \u0130ranl\u0131lara birlik olma \u00e7a\u011fr\u0131s\u0131n\u0131n ard\u0131ndan ge\u00e7ekle\u015fti.. \u0130ranl\u0131lar, Toronto, Los Angeles ve M\u00fcnih ba\u015fta olmak \u00fczere bir\u00e7ok kentte geni\u015f kat\u0131l\u0131m sa\u011flad\u0131. Organizat\u00f6rler toplam kat\u0131l\u0131m\u0131n bir milyonu a\u015ft\u0131\u011f\u0131n\u0131 duyurdu. Ayr\u0131ca yerel g\u00fcvenlik kaynaklar\u0131 da y\u00fcksek kat\u0131l\u0131m\u0131 [&hellip;]<\/p>\n","protected":false},"author":13996,"featured_media":165844,"comment_status":"open","ping_status":"open","sticky":false,"template":"","format":"standard","meta":{"_yoast_wpseo_focuskw":"K\u00fcresel - \u0130ran","_yoast_wpseo_title":"","_yoast_wpseo_metadesc":"K\u00fcresel \u0130ran protestosu, milyonlar\u0131 sokaklara ta\u015f\u0131d\u0131. Yurtd\u0131\u015f\u0131ndaki \u0130ranl\u0131lar rejime kar\u015f\u0131 birle\u015fti, d\u00fcnya \u00e7ap\u0131nda g\u00f6steriler d\u00fczenlendi.","_bbp_topic_count":0,"_bbp_reply_count":0,"_bbp_total_topic_count":0,"_bbp_total_reply_count":0,"_bbp_voice_count":0,"_bbp_anonymous_reply_count":0,"_bbp_topic_count_hidden":0,"_bbp_reply_count_hidden":0,"_bbp_forum_subforum_count":0,"footnotes":"","_yoast_wpseo_focuskw_text_input":""},"categories":[5,1,8138],"tags":[10816,10814,10818,10817,10410,10815,10819,10813],"yoast_head":"<!-- This site is optimized with the Yoast SEO plugin v23.0 - https:\/\/yoast.com\/wordpress\/plugins\/seo\/ -->\n<title>K\u00fcresel \u0130ran Protestosu - The Epoch Times TR<\/title>\n<meta name=\"description\" content=\"K\u00fcresel \u0130ran protestosu, milyonlar\u0131 sokaklara ta\u015f\u0131d\u0131. Yurtd\u0131\u015f\u0131ndaki \u0130ranl\u0131lar rejime kar\u015f\u0131 birle\u015fti, d\u00fcnya \u00e7ap\u0131nda g\u00f6steriler d\u00fczenlendi.\" \/>\n<meta name=\"robots\" content=\"index, follow, max-snippet:-1, max-image-preview:large, max-video-preview:-1\" \/>\n<link rel=\"canonical\" href=\"https:\/\/epochtimestr.com\/index.php\/kuresel-iran-protestosu\" \/>\n<meta property=\"og:locale\" content=\"tr_TR\" \/>\n<meta property=\"og:type\" content=\"article\" \/>\n<meta property=\"og:title\" content=\"K\u00fcresel \u0130ran Protestosu - The Epoch Times TR\" \/>\n<meta property=\"og:description\" content=\"K\u00fcresel \u0130ran protestosu, milyonlar\u0131 sokaklara ta\u015f\u0131d\u0131. Yurtd\u0131\u015f\u0131ndaki \u0130ranl\u0131lar rejime kar\u015f\u0131 birle\u015fti, d\u00fcnya \u00e7ap\u0131nda g\u00f6steriler d\u00fczenlendi.\" \/>\n<meta property=\"og:url\" content=\"https:\/\/epochtimestr.com\/index.php\/kuresel-iran-protestosu\" \/>\n<meta property=\"og:site_name\" content=\"The Epoch Times TR\" \/>\n<meta property=\"article:publisher\" content=\"https:\/\/www.facebook.com\/theepochtimestr\" \/>\n<meta property=\"article:published_time\" content=\"2026-02-21T10:50:13+00:00\" \/>\n<meta property=\"article:modified_time\" content=\"2026-02-21T10:51:20+00:00\" \/>\n<meta property=\"og:image\" content=\"https:\/\/epochtimestr.com\/wp-content\/uploads\/2011y\/1000033591.webp\" \/>\n\t<meta property=\"og:image:width\" content=\"1080\" \/>\n\t<meta property=\"og:image:height\" content=\"720\" \/>\n\t<meta property=\"og:image:type\" content=\"image\/webp\" \/>\n<meta name=\"author\" content=\"Leo Bajelan\" \/>\n<meta name=\"twitter:card\" content=\"summary_large_image\" \/>\n<meta name=\"twitter:creator\" content=\"@TheEpochTimesTR\" \/>\n<meta name=\"twitter:site\" content=\"@TheEpochTimesTR\" \/>\n<meta name=\"twitter:label1\" content=\"Yazan:\" \/>\n\t<meta name=\"twitter:data1\" content=\"Leo Bajelan\" \/>\n\t<meta name=\"twitter:label2\" content=\"Tahmini okuma s\u00fcresi\" \/>\n\t<meta name=\"twitter:data2\" content=\"3 dakika\" \/>\n<script type=\"application\/ld+json\" class=\"yoast-schema-graph\">{\"@context\":\"https:\/\/schema.org\",\"@graph\":[{\"@type\":\"Article\",\"@id\":\"https:\/\/epochtimestr.com\/index.php\/kuresel-iran-protestosu#article\",\"isPartOf\":{\"@id\":\"https:\/\/epochtimestr.com\/index.php\/kuresel-iran-protestosu\"},\"author\":{\"name\":\"Leo Bajelan\",\"@id\":\"https:\/\/epochtimestr.com\/#\/schema\/person\/5fef218711d76d8f232b0e1f1d7e4c0d\"},\"headline\":\"K\u00fcresel \u0130ran Protestosu\",\"datePublished\":\"2026-02-21T10:50:13+00:00\",\"dateModified\":\"2026-02-21T10:51:20+00:00\",\"mainEntityOfPage\":{\"@id\":\"https:\/\/epochtimestr.com\/index.php\/kuresel-iran-protestosu\"},\"wordCount\":540,\"commentCount\":0,\"publisher\":{\"@id\":\"https:\/\/epochtimestr.com\/#organization\"},\"image\":{\"@id\":\"https:\/\/epochtimestr.com\/index.php\/kuresel-iran-protestosu#primaryimage\"},\"thumbnailUrl\":\"https:\/\/epochtimestr.com\/wp-content\/uploads\/2011y\/1000033591.webp\",\"keywords\":[\"ekonomik sorunlar\",\"\u0130ran muhalefeti\",\"K\u00fcresel Eylem G\u00fcn\u00fc\",\"muhalif gruplar\",\"protestocu\",\"siyasi bask\u0131lar\",\"Veliaht Prens R\u0131za Pehlevi\",\"Yurt d\u0131\u015f\u0131nda ya\u015fayan \u0130ranl\u0131lar\"],\"articleSection\":[\"D\u00dcNYA\",\"G\u00dcNDEM\",\"MAN\u015eET\"],\"inLanguage\":\"tr\",\"potentialAction\":[{\"@type\":\"CommentAction\",\"name\":\"Comment\",\"target\":[\"https:\/\/epochtimestr.com\/index.php\/kuresel-iran-protestosu#respond\"]}]},{\"@type\":\"WebPage\",\"@id\":\"https:\/\/epochtimestr.com\/index.php\/kuresel-iran-protestosu\",\"url\":\"https:\/\/epochtimestr.com\/index.php\/kuresel-iran-protestosu\",\"name\":\"K\u00fcresel \u0130ran Protestosu - The Epoch Times TR\",\"isPartOf\":{\"@id\":\"https:\/\/epochtimestr.com\/#website\"},\"primaryImageOfPage\":{\"@id\":\"https:\/\/epochtimestr.com\/index.php\/kuresel-iran-protestosu#primaryimage\"},\"image\":{\"@id\":\"https:\/\/epochtimestr.com\/index.php\/kuresel-iran-protestosu#primaryimage\"},\"thumbnailUrl\":\"https:\/\/epochtimestr.com\/wp-content\/uploads\/2011y\/1000033591.webp\",\"datePublished\":\"2026-02-21T10:50:13+00:00\",\"dateModified\":\"2026-02-21T10:51:20+00:00\",\"description\":\"K\u00fcresel \u0130ran protestosu, milyonlar\u0131 sokaklara ta\u015f\u0131d\u0131. Yurtd\u0131\u015f\u0131ndaki \u0130ranl\u0131lar rejime kar\u015f\u0131 birle\u015fti, d\u00fcnya \u00e7ap\u0131nda g\u00f6steriler d\u00fczenlendi.\",\"inLanguage\":\"tr\",\"potentialAction\":[{\"@type\":\"ReadAction\",\"target\":[\"https:\/\/epochtimestr.com\/index.php\/kuresel-iran-protestosu\"]}]},{\"@type\":\"ImageObject\",\"inLanguage\":\"tr\",\"@id\":\"https:\/\/epochtimestr.com\/index.php\/kuresel-iran-protestosu#primaryimage\",\"url\":\"https:\/\/epochtimestr.com\/wp-content\/uploads\/2011y\/1000033591.webp\",\"contentUrl\":\"https:\/\/epochtimestr.com\/wp-content\/uploads\/2011y\/1000033591.webp\",\"width\":1080,\"height\":720},{\"@type\":\"WebSite\",\"@id\":\"https:\/\/epochtimestr.com\/#website\",\"url\":\"https:\/\/epochtimestr.com\/\",\"name\":\"The Epoch Times TR\",\"description\":\"De\u011fi\u015fen D\u00fcnyam\u0131za Taze Bir Bak\u0131\u015f\",\"publisher\":{\"@id\":\"https:\/\/epochtimestr.com\/#organization\"},\"potentialAction\":[{\"@type\":\"SearchAction\",\"target\":{\"@type\":\"EntryPoint\",\"urlTemplate\":\"https:\/\/epochtimestr.com\/?s={search_term_string}\"},\"query-input\":\"required name=search_term_string\"}],\"inLanguage\":\"tr\"},{\"@type\":\"Organization\",\"@id\":\"https:\/\/epochtimestr.com\/#organization\",\"name\":\"The EpochTimes T\u00fcrkiye\",\"url\":\"https:\/\/epochtimestr.com\/\",\"logo\":{\"@type\":\"ImageObject\",\"inLanguage\":\"tr\",\"@id\":\"https:\/\/epochtimestr.com\/#\/schema\/logo\/image\/\",\"url\":\"https:\/\/epochtimestr.com\/wp-content\/uploads\/2011y\/ET-Logo-YG.jpg\",\"contentUrl\":\"https:\/\/epochtimestr.com\/wp-content\/uploads\/2011y\/ET-Logo-YG.jpg\",\"width\":346,\"height\":29,\"caption\":\"The EpochTimes T\u00fcrkiye\"},\"image\":{\"@id\":\"https:\/\/epochtimestr.com\/#\/schema\/logo\/image\/\"},\"sameAs\":[\"https:\/\/www.facebook.com\/theepochtimestr\",\"https:\/\/x.com\/TheEpochTimesTR\",\"https:\/\/www.instagram.com\/epochtimestr\"]},{\"@type\":\"Person\",\"@id\":\"https:\/\/epochtimestr.com\/#\/schema\/person\/5fef218711d76d8f232b0e1f1d7e4c0d\",\"name\":\"Leo Bajelan\",\"image\":{\"@type\":\"ImageObject\",\"inLanguage\":\"tr\",\"@id\":\"https:\/\/epochtimestr.com\/#\/schema\/person\/image\/\",\"url\":\"https:\/\/secure.gravatar.com\/avatar\/917669146f489549e548a2e9af272df5?s=96&d=mm&r=g\",\"contentUrl\":\"https:\/\/secure.gravatar.com\/avatar\/917669146f489549e548a2e9af272df5?s=96&d=mm&r=g\",\"caption\":\"Leo Bajelan\"},\"url\":\"https:\/\/epochtimestr.com\/index.php\/author\/leo\"}]}<\/script>\n<!-- \/ Yoast SEO plugin. -->","yoast_head_json":{"title":"K\u00fcresel \u0130ran Protestosu - The Epoch Times TR","description":"K\u00fcresel \u0130ran protestosu, milyonlar\u0131 sokaklara ta\u015f\u0131d\u0131. Yurtd\u0131\u015f\u0131ndaki \u0130ranl\u0131lar rejime kar\u015f\u0131 birle\u015fti, d\u00fcnya \u00e7ap\u0131nda g\u00f6steriler d\u00fczenlendi.","robots":{"index":"index","follow":"follow","max-snippet":"max-snippet:-1","max-image-preview":"max-image-preview:large","max-video-preview":"max-video-preview:-1"},"canonical":"https:\/\/epochtimestr.com\/index.php\/kuresel-iran-protestosu","og_locale":"tr_TR","og_type":"article","og_title":"K\u00fcresel \u0130ran Protestosu - The Epoch Times TR","og_description":"K\u00fcresel \u0130ran protestosu, milyonlar\u0131 sokaklara ta\u015f\u0131d\u0131. Yurtd\u0131\u015f\u0131ndaki \u0130ranl\u0131lar rejime kar\u015f\u0131 birle\u015fti, d\u00fcnya \u00e7ap\u0131nda g\u00f6steriler d\u00fczenlendi.","og_url":"https:\/\/epochtimestr.com\/index.php\/kuresel-iran-protestosu","og_site_name":"The Epoch Times TR","article_publisher":"https:\/\/www.facebook.com\/theepochtimestr","article_published_time":"2026-02-21T10:50:13+00:00","article_modified_time":"2026-02-21T10:51:20+00:00","og_image":[{"width":1080,"height":720,"url":"https:\/\/epochtimestr.com\/wp-content\/uploads\/2011y\/1000033591.webp","type":"image\/webp"}],"author":"Leo Bajelan","twitter_card":"summary_large_image","twitter_creator":"@TheEpochTimesTR","twitter_site":"@TheEpochTimesTR","twitter_misc":{"Yazan:":"Leo Bajelan","Tahmini okuma s\u00fcresi":"3 dakika"},"schema":{"@context":"https:\/\/schema.org","@graph":[{"@type":"Article","@id":"https:\/\/epochtimestr.com\/index.php\/kuresel-iran-protestosu#article","isPartOf":{"@id":"https:\/\/epochtimestr.com\/index.php\/kuresel-iran-protestosu"},"author":{"name":"Leo Bajelan","@id":"https:\/\/epochtimestr.com\/#\/schema\/person\/5fef218711d76d8f232b0e1f1d7e4c0d"},"headline":"K\u00fcresel \u0130ran Protestosu","datePublished":"2026-02-21T10:50:13+00:00","dateModified":"2026-02-21T10:51:20+00:00","mainEntityOfPage":{"@id":"https:\/\/epochtimestr.com\/index.php\/kuresel-iran-protestosu"},"wordCount":540,"commentCount":0,"publisher":{"@id":"https:\/\/epochtimestr.com\/#organization"},"image":{"@id":"https:\/\/epochtimestr.com\/index.php\/kuresel-iran-protestosu#primaryimage"},"thumbnailUrl":"https:\/\/epochtimestr.com\/wp-content\/uploads\/2011y\/1000033591.webp","keywords":["ekonomik sorunlar","\u0130ran muhalefeti","K\u00fcresel Eylem G\u00fcn\u00fc","muhalif gruplar","protestocu","siyasi bask\u0131lar","Veliaht Prens R\u0131za Pehlevi","Yurt d\u0131\u015f\u0131nda ya\u015fayan \u0130ranl\u0131lar"],"articleSection":["D\u00dcNYA","G\u00dcNDEM","MAN\u015eET"],"inLanguage":"tr","potentialAction":[{"@type":"CommentAction","name":"Comment","target":["https:\/\/epochtimestr.com\/index.php\/kuresel-iran-protestosu#respond"]}]},{"@type":"WebPage","@id":"https:\/\/epochtimestr.com\/index.php\/kuresel-iran-protestosu","url":"https:\/\/epochtimestr.com\/index.php\/kuresel-iran-protestosu","name":"K\u00fcresel \u0130ran Protestosu - The Epoch Times TR","isPartOf":{"@id":"https:\/\/epochtimestr.com\/#website"},"primaryImageOfPage":{"@id":"https:\/\/epochtimestr.com\/index.php\/kuresel-iran-protestosu#primaryimage"},"image":{"@id":"https:\/\/epochtimestr.com\/index.php\/kuresel-iran-protestosu#primaryimage"},"thumbnailUrl":"https:\/\/epochtimestr.com\/wp-content\/uploads\/2011y\/1000033591.webp","datePublished":"2026-02-21T10:50:13+00:00","dateModified":"2026-02-21T10:51:20+00:00","description":"K\u00fcresel \u0130ran protestosu, milyonlar\u0131 sokaklara ta\u015f\u0131d\u0131. Yurtd\u0131\u015f\u0131ndaki \u0130ranl\u0131lar rejime kar\u015f\u0131 birle\u015fti, d\u00fcnya \u00e7ap\u0131nda g\u00f6steriler d\u00fczenlendi.","inLanguage":"tr","potentialAction":[{"@type":"ReadAction","target":["https:\/\/epochtimestr.com\/index.php\/kuresel-iran-protestosu"]}]},{"@type":"ImageObject","inLanguage":"tr","@id":"https:\/\/epochtimestr.com\/index.php\/kuresel-iran-protestosu#primaryimage","url":"https:\/\/epochtimestr.com\/wp-content\/uploads\/2011y\/1000033591.webp","contentUrl":"https:\/\/epochtimestr.com\/wp-content\/uploads\/2011y\/1000033591.webp","width":1080,"height":720},{"@type":"WebSite","@id":"https:\/\/epochtimestr.com\/#website","url":"https:\/\/epochtimestr.com\/","name":"The Epoch Times TR","description":"De\u011fi\u015fen D\u00fcnyam\u0131za Taze Bir Bak\u0131\u015f","publisher":{"@id":"https:\/\/epochtimestr.com\/#organization"},"potentialAction":[{"@type":"SearchAction","target":{"@type":"EntryPoint","urlTemplate":"https:\/\/epochtimestr.com\/?s={search_term_string}"},"query-input":"required name=search_term_string"}],"inLanguage":"tr"},{"@type":"Organization","@id":"https:\/\/epochtimestr.com\/#organization","name":"The EpochTimes T\u00fcrkiye","url":"https:\/\/epochtimestr.com\/","logo":{"@type":"ImageObject","inLanguage":"tr","@id":"https:\/\/epochtimestr.com\/#\/schema\/logo\/image\/","url":"https:\/\/epochtimestr.com\/wp-content\/uploads\/2011y\/ET-Logo-YG.jpg","contentUrl":"https:\/\/epochtimestr.com\/wp-content\/uploads\/2011y\/ET-Logo-YG.jpg","width":346,"height":29,"caption":"The EpochTimes T\u00fcrkiye"},"image":{"@id":"https:\/\/epochtimestr.com\/#\/schema\/logo\/image\/"},"sameAs":["https:\/\/www.facebook.com\/theepochtimestr","https:\/\/x.com\/TheEpochTimesTR","https:\/\/www.instagram.com\/epochtimestr"]},{"@type":"Person","@id":"https:\/\/epochtimestr.com\/#\/schema\/person\/5fef218711d76d8f232b0e1f1d7e4c0d","name":"Leo Bajelan","image":{"@type":"ImageObject","inLanguage":"tr","@id":"https:\/\/epochtimestr.com\/#\/schema\/person\/image\/","url":"https:\/\/secure.gravatar.com\/avatar\/917669146f489549e548a2e9af272df5?s=96&d=mm&r=g","contentUrl":"https:\/\/secure.gravatar.com\/avatar\/917669146f489549e548a2e9af272df5?s=96&d=mm&r=g","caption":"Leo Bajelan"},"url":"https:\/\/epochtimestr.com\/index.php\/author\/leo"}]}},"_links":{"self":[{"href":"https:\/\/epochtimestr.com\/index.php\/wp-json\/wp\/v2\/posts\/165839"}],"collection":[{"href":"https:\/\/epochtimestr.com\/index.php\/wp-json\/wp\/v2\/posts"}],"about":[{"href":"https:\/\/epochtimestr.com\/index.php\/wp-json\/wp\/v2\/types\/post"}],"author":[{"embeddable":true,"href":"https:\/\/epochtimestr.com\/index.php\/wp-json\/wp\/v2\/users\/13996"}],"replies":[{"embeddable":true,"href":"https:\/\/epochtimestr.com\/index.php\/wp-json\/wp\/v2\/comments?post=165839"}],"version-history":[{"count":3,"href":"https:\/\/epochtimestr.com\/index.php\/wp-json\/wp\/v2\/posts\/165839\/revisions"}],"predecessor-version":[{"id":165859,"href":"https:\/\/epochtimestr.com\/index.php\/wp-json\/wp\/v2\/posts\/165839\/revisions\/165859"}],"wp:featuredmedia":[{"embeddable":true,"href":"https:\/\/epochtimestr.com\/index.php\/wp-json\/wp\/v2\/media\/165844"}],"wp:attachment":[{"href":"https:\/\/epochtimestr.com\/index.php\/wp-json\/wp\/v2\/media?parent=165839"}],"wp:term":[{"taxonomy":"category","embeddable":true,"href":"https:\/\/epochtimestr.com\/index.php\/wp-json\/wp\/v2\/categories?post=165839"},{"taxonomy":"post_tag","embeddable":true,"href":"https:\/\/epochtimestr.com\/index.php\/wp-json\/wp\/v2\/tags?post=165839"}],"curies":[{"name":"wp","href":"https:\/\/api.w.org\/{rel}","templated":true}]}}