{"id":165851,"date":"2026-02-21T14:40:34","date_gmt":"2026-02-21T11:40:34","guid":{"rendered":"https:\/\/epochtimestr.com\/?p=165851"},"modified":"2026-02-21T14:41:07","modified_gmt":"2026-02-21T11:41:07","slug":"isvecten-ukraynaya-142-milyar-dolarlik-yeni-destek","status":"publish","type":"post","link":"https:\/\/epochtimestr.com\/index.php\/isvecten-ukraynaya-142-milyar-dolarlik-yeni-destek","title":{"rendered":"\u0130sve\u00e7\u2019ten Ukrayna\u2019ya 1,42 Milyar Dolarl\u0131k Yeni Destek"},"content":{"rendered":"<div class=\"wp-block-image\">\n<figure class=\"aligncenter size-full is-resized\"><img loading=\"lazy\" decoding=\"async\" width=\"1080\" height=\"720\" src=\"https:\/\/epochtimestr.com\/wp-content\/uploads\/2011y\/1000033600.webp\" alt=\"\u0130sve\u00e7, Ukrayna\u2019ya hava savunma ve m\u00fchimmat i\u00e7in 1,42 milyar dolarl\u0131k destek a\u00e7\u0131klad\u0131. Yeni paket sava\u015f\u0131n seyrini etkileyebilir. 24 Ekim 2024\u2019te \u0130sve\u00e7\u2019in Revingehed b\u00f6lgesindeki P7 Alay\u0131\u2019nda bir tank\u0131n \u00fczerinde oturan askerler. (Foto\u011fraf: The Epoch Times arac\u0131l\u0131\u011f\u0131yla, TT Haber Ajans\u0131, Johan Nilsson, Reuters)\" class=\"wp-image-165852\" style=\"width:840px;height:auto\" srcset=\"https:\/\/epochtimestr.com\/wp-content\/uploads\/2011y\/1000033600.webp 1080w, https:\/\/epochtimestr.com\/wp-content\/uploads\/2011y\/1000033600-300x200.webp 300w, https:\/\/epochtimestr.com\/wp-content\/uploads\/2011y\/1000033600-150x100.webp 150w, https:\/\/epochtimestr.com\/wp-content\/uploads\/2011y\/1000033600-768x512.webp 768w\" sizes=\"(max-width: 1080px) 100vw, 1080px\" \/><figcaption class=\"wp-element-caption\">\u0130sve\u00e7, Ukrayna\u2019ya hava savunma ve m\u00fchimmat i\u00e7in 1,42 milyar dolarl\u0131k destek a\u00e7\u0131klad\u0131. 24 Ekim 2024\u2019te \u0130sve\u00e7\u2019in Revingehed b\u00f6lgesindeki P7 Alay\u0131\u2019nda bir tank\u0131n \u00fczerinde oturan askerler. (Foto\u011fraf: The Epoch Times arac\u0131l\u0131\u011f\u0131yla, TT Haber Ajans\u0131, Johan Nilsson, Reuters)<\/figcaption><\/figure><\/div>\n\n\n<p>\u0130sve\u00e7 19 \u015eubat\u2019ta, Ukrayna\u2019ya <a href=\"https:\/\/www.theepochtimes.com\/world\/sweden-announces-1-42-billion-air-defense-package-for-ukraine-5987582\" target=\"_blank\" rel=\"noreferrer noopener\">12,9 milyar \u0130sve\u00e7 kronu de\u011ferinde<\/a> (1,42 milyar dolarl\u0131k) yeni askeri yard\u0131m paketi a\u00e7\u0131klad\u0131. Bu destek, sava\u015f\u0131n ba\u015flamas\u0131ndan bu yana \u0130sve\u00e7 y\u00f6netiminin en b\u00fcy\u00fck yard\u0131m paketlerinden biri olarak kay\u0131tlara ge\u00e7ti.<\/p>\n\n\n\n<p>\u0130sve\u00e7 Savunma Bakanl\u0131\u011f\u0131 a\u00e7\u0131klamas\u0131nda, paketin b\u00fcy\u00fck b\u00f6l\u00fcm\u00fcn\u00fcn hava savunma sistemleri, m\u00fchimmat ve uzun menzilli silahlardan olu\u015ftu\u011fu bildirdi. Bakanl\u0131k ayr\u0131ca bu yard\u0131m\u0131n, Ukrayna\u2019n\u0131n sahadaki acil ihtiya\u00e7lar\u0131 do\u011frultusunda haz\u0131rland\u0131\u011f\u0131n\u0131 vurgulad\u0131.<\/p>\n\n\n\n<p>A\u00e7\u0131klamada \u015fu ifadeler yer ald\u0131: \u201c24 \u015eubat\u2019ta, Rusya\u2019n\u0131n Ukrayna\u2019y\u0131 i\u015fgalinin \u00fczerinden d\u00f6rt y\u0131l ge\u00e7mi\u015f olacak. \u0130sve\u00e7\u2019in deste\u011fi sars\u0131lmaz \u015fekilde s\u00fcrmektedir. Bu askeri destek, Ukrayna\u2019n\u0131n Rusya\u2019ya kar\u015f\u0131 savunmas\u0131n\u0131 g\u00fc\u00e7lendirmek a\u00e7\u0131s\u0131ndan hayati \u00f6neme sahiptir.\u201d<\/p>\n\n\n\n<p>\u0130sve\u00e7\u2019in bu ad\u0131m\u0131, Ukrayna\u2019ya g\u00f6nderilen 21\u2019inci askeri destek paketi oldu. B\u00f6ylece sava\u015f\u0131n ba\u015flang\u0131c\u0131ndan bu yana sa\u011flad\u0131\u011f\u0131 toplam askeri destek 103 milyar krona ula\u015ft\u0131. Bunun kar\u015f\u0131l\u0131\u011f\u0131 yakla\u015f\u0131k 8,43 milyar dolar. <\/p>\n\n\n\n<p>\u0130sve\u00e7 Savunma Bakan\u0131 Pal Jonson sosyal medya platformu X \u00fczerinden yapt\u0131\u011f\u0131 a\u00e7\u0131klamada, \u00f6nceli\u011fin yeni \u00fcretim hava savunma sistemleri oldu\u011funu belirtti. Jonson payla\u015f\u0131m\u0131nda, \u201cOdak noktam\u0131z nettir. Ukrayna\u2019n\u0131n en acil operasyonel ihtiya\u00e7lar\u0131n\u0131 kar\u015f\u0131lamak i\u00e7in yeni \u00fcretilmi\u015f hava savunma sistemleri, uzun menzilli sistemler ve m\u00fchimmat.\u201d dedi.<\/p>\n\n\n\n<h3 class=\"wp-block-heading\">\u0130sve\u00e7 Destek Paketinin Kapsam\u0131<\/h3>\n\n\n\n<p>Paketin yakla\u015f\u0131k 470 milyon dolar\u0131, k\u0131sa menzilli hava savunma sistemlerine ayr\u0131ld\u0131. Bu kalem, f\u00fcze ve top sistemleri, \u00f6nleyiciler, sens\u00f6rler, elektronik harp ve komuta kontrol unsurlar\u0131n\u0131 i\u00e7eriyor. Yakla\u015f\u0131k 330 milyon dolar ise uzun menzilli top\u00e7u m\u00fchimmat\u0131 ve havan m\u00fchimmat\u0131na harcanacak. Pakette ayr\u0131ca e\u011fitim faaliyetleri ile daha \u00f6nce g\u00f6nderilen ekipmanlar\u0131n bak\u0131m ve yedek par\u00e7a ihtiya\u00e7lar\u0131 da yer al\u0131yor.<\/p>\n\n\n\n<p>Deste\u011fin yakla\u015f\u0131k 620 milyon dolarl\u0131k k\u0131sm\u0131, savunma alan\u0131ndaki yenilik\u00e7i projeler i\u00e7in. Bunlar aras\u0131nda uzun menzilli insans\u0131z hava ara\u00e7lar\u0131, insans\u0131z deniz ara\u00e7lar\u0131 yer al\u0131yor. \u0130sve\u00e7 y\u00f6netimi, teknolojik kapasitenin art\u0131r\u0131lmas\u0131n\u0131n Ukrayna\u2019n\u0131n savunma direncini g\u00fc\u00e7lendirece\u011fini belirtiyor.<\/p>\n\n\n\n<p><a href=\"https:\/\/epochtimestr.com\/index.php\/isvec-gocmenlik-politikalarini-sikilastiriyor\" target=\"_blank\" rel=\"noreferrer noopener\">Stockholm y\u00f6netimi<\/a> k\u0131sa s\u00fcre \u00f6nce Ukrayna \u0130\u00e7in \u00d6ncelikli Gereksinimler Listesi program\u0131na 100 milyon dolar sa\u011flam\u0131\u015ft\u0131. NATO koordinasyonunda y\u00fcr\u00fct\u00fclen program, ABD\u2019den kritik savunma ekipmanlar\u0131n\u0131n temin edilmesini ama\u00e7l\u0131yor.<\/p>\n\n\n\n<p>Cenevre\u2019de ABD arabuluculu\u011funda ger\u00e7ekle\u015ftirilen Ukrayna-Rusya g\u00f6r\u00fc\u015fmeleri ise iki g\u00fcn s\u00fcrmesine ra\u011fmen somut bir sonu\u00e7 vermedi. Bununla birlikte taraflar, temaslar\u0131 s\u00fcrd\u00fcrme konusunda mutab\u0131k kald\u0131.<\/p>\n\n\n\n<p>\u0130sve\u00e7\u2019in son yard\u0131m karar\u0131, Avrupa \u00fclkelerinin Ukrayna\u2019ya y\u00f6nelik askeri deste\u011fini art\u0131rd\u0131\u011f\u0131 bir d\u00f6nemde geldi. Uzmanlar, \u00f6zellikle hava savunma kapasitesinin g\u00fc\u00e7lendirilmesinin Ukrayna\u2019n\u0131n altyap\u0131s\u0131n\u0131 korumada kritik rol oynad\u0131\u011f\u0131n\u0131 belirtiyor.<\/p>\n","protected":false},"excerpt":{"rendered":"<p>\u0130sve\u00e7 19 \u015eubat\u2019ta, Ukrayna\u2019ya 12,9 milyar \u0130sve\u00e7 kronu de\u011ferinde (1,42 milyar dolarl\u0131k) yeni askeri yard\u0131m paketi a\u00e7\u0131klad\u0131. Bu destek, sava\u015f\u0131n ba\u015flamas\u0131ndan bu yana \u0130sve\u00e7 y\u00f6netiminin en b\u00fcy\u00fck yard\u0131m paketlerinden biri olarak kay\u0131tlara ge\u00e7ti. \u0130sve\u00e7 Savunma Bakanl\u0131\u011f\u0131 a\u00e7\u0131klamas\u0131nda, paketin b\u00fcy\u00fck b\u00f6l\u00fcm\u00fcn\u00fcn hava savunma sistemleri, m\u00fchimmat ve uzun menzilli silahlardan olu\u015ftu\u011fu bildirdi. Bakanl\u0131k ayr\u0131ca bu yard\u0131m\u0131n, Ukrayna\u2019n\u0131n [&hellip;]<\/p>\n","protected":false},"author":13996,"featured_media":165852,"comment_status":"open","ping_status":"open","sticky":false,"template":"","format":"standard","meta":{"_yoast_wpseo_focuskw":"\u0130sve\u00e7 - Destek","_yoast_wpseo_title":"","_yoast_wpseo_metadesc":"\u0130sve\u00e7, Ukrayna\u2019ya 1,42 milyar dolarl\u0131k destek a\u00e7\u0131klad\u0131. Yeni hava savunma ve m\u00fchimmat paketi sava\u015f\u0131n seyrini etkileyebilir.","_bbp_topic_count":0,"_bbp_reply_count":0,"_bbp_total_topic_count":0,"_bbp_total_reply_count":0,"_bbp_voice_count":0,"_bbp_anonymous_reply_count":0,"_bbp_topic_count_hidden":0,"_bbp_reply_count_hidden":0,"_bbp_forum_subforum_count":0,"footnotes":"","_yoast_wpseo_focuskw_text_input":""},"categories":[5,1,8138],"tags":[10811,10812,1652,2201,9310,2892],"yoast_head":"<!-- This site is optimized with the Yoast SEO plugin v23.0 - https:\/\/yoast.com\/wordpress\/plugins\/seo\/ -->\n<title>\u0130sve\u00e7\u2019ten Ukrayna\u2019ya 1,42 Milyar Dolarl\u0131k Yeni Destek - The Epoch Times TR<\/title>\n<meta name=\"description\" content=\"\u0130sve\u00e7, Ukrayna\u2019ya 1,42 milyar dolarl\u0131k destek a\u00e7\u0131klad\u0131. Yeni hava savunma ve m\u00fchimmat paketi sava\u015f\u0131n seyrini etkileyebilir.\" \/>\n<meta name=\"robots\" content=\"index, follow, max-snippet:-1, max-image-preview:large, max-video-preview:-1\" \/>\n<link rel=\"canonical\" href=\"https:\/\/epochtimestr.com\/index.php\/isvecten-ukraynaya-142-milyar-dolarlik-yeni-destek\" \/>\n<meta property=\"og:locale\" content=\"tr_TR\" \/>\n<meta property=\"og:type\" content=\"article\" \/>\n<meta property=\"og:title\" content=\"\u0130sve\u00e7\u2019ten Ukrayna\u2019ya 1,42 Milyar Dolarl\u0131k Yeni Destek - The Epoch Times TR\" \/>\n<meta property=\"og:description\" content=\"\u0130sve\u00e7, Ukrayna\u2019ya 1,42 milyar dolarl\u0131k destek a\u00e7\u0131klad\u0131. Yeni hava savunma ve m\u00fchimmat paketi sava\u015f\u0131n seyrini etkileyebilir.\" \/>\n<meta property=\"og:url\" content=\"https:\/\/epochtimestr.com\/index.php\/isvecten-ukraynaya-142-milyar-dolarlik-yeni-destek\" \/>\n<meta property=\"og:site_name\" content=\"The Epoch Times TR\" \/>\n<meta property=\"article:publisher\" content=\"https:\/\/www.facebook.com\/theepochtimestr\" \/>\n<meta property=\"article:published_time\" content=\"2026-02-21T11:40:34+00:00\" \/>\n<meta property=\"article:modified_time\" content=\"2026-02-21T11:41:07+00:00\" \/>\n<meta property=\"og:image\" content=\"https:\/\/epochtimestr.com\/wp-content\/uploads\/2011y\/1000033600.webp\" \/>\n\t<meta property=\"og:image:width\" content=\"1080\" \/>\n\t<meta property=\"og:image:height\" content=\"720\" \/>\n\t<meta property=\"og:image:type\" content=\"image\/webp\" \/>\n<meta name=\"author\" content=\"Leo Bajelan\" \/>\n<meta name=\"twitter:card\" content=\"summary_large_image\" \/>\n<meta name=\"twitter:creator\" content=\"@TheEpochTimesTR\" \/>\n<meta name=\"twitter:site\" content=\"@TheEpochTimesTR\" \/>\n<meta name=\"twitter:label1\" content=\"Yazan:\" \/>\n\t<meta name=\"twitter:data1\" content=\"Leo Bajelan\" \/>\n\t<meta name=\"twitter:label2\" content=\"Tahmini okuma s\u00fcresi\" \/>\n\t<meta name=\"twitter:data2\" content=\"3 dakika\" \/>\n<script type=\"application\/ld+json\" class=\"yoast-schema-graph\">{\"@context\":\"https:\/\/schema.org\",\"@graph\":[{\"@type\":\"Article\",\"@id\":\"https:\/\/epochtimestr.com\/index.php\/isvecten-ukraynaya-142-milyar-dolarlik-yeni-destek#article\",\"isPartOf\":{\"@id\":\"https:\/\/epochtimestr.com\/index.php\/isvecten-ukraynaya-142-milyar-dolarlik-yeni-destek\"},\"author\":{\"name\":\"Leo Bajelan\",\"@id\":\"https:\/\/epochtimestr.com\/#\/schema\/person\/5fef218711d76d8f232b0e1f1d7e4c0d\"},\"headline\":\"\u0130sve\u00e7\u2019ten Ukrayna\u2019ya 1,42 Milyar Dolarl\u0131k Yeni Destek\",\"datePublished\":\"2026-02-21T11:40:34+00:00\",\"dateModified\":\"2026-02-21T11:41:07+00:00\",\"mainEntityOfPage\":{\"@id\":\"https:\/\/epochtimestr.com\/index.php\/isvecten-ukraynaya-142-milyar-dolarlik-yeni-destek\"},\"wordCount\":542,\"commentCount\":0,\"publisher\":{\"@id\":\"https:\/\/epochtimestr.com\/#organization\"},\"image\":{\"@id\":\"https:\/\/epochtimestr.com\/index.php\/isvecten-ukraynaya-142-milyar-dolarlik-yeni-destek#primaryimage\"},\"thumbnailUrl\":\"https:\/\/epochtimestr.com\/wp-content\/uploads\/2011y\/1000033600.webp\",\"keywords\":[\"1\",\"42 Milyar Dolarl\u0131k destek\",\"AB\",\"\u0130sve\u00e7\",\"Rusya Ukrayna Sava\u015f\u0131\",\"Ukrayna\"],\"articleSection\":[\"D\u00dcNYA\",\"G\u00dcNDEM\",\"Man\u015fet\"],\"inLanguage\":\"tr\",\"potentialAction\":[{\"@type\":\"CommentAction\",\"name\":\"Comment\",\"target\":[\"https:\/\/epochtimestr.com\/index.php\/isvecten-ukraynaya-142-milyar-dolarlik-yeni-destek#respond\"]}]},{\"@type\":\"WebPage\",\"@id\":\"https:\/\/epochtimestr.com\/index.php\/isvecten-ukraynaya-142-milyar-dolarlik-yeni-destek\",\"url\":\"https:\/\/epochtimestr.com\/index.php\/isvecten-ukraynaya-142-milyar-dolarlik-yeni-destek\",\"name\":\"\u0130sve\u00e7\u2019ten Ukrayna\u2019ya 1,42 Milyar Dolarl\u0131k Yeni Destek - The Epoch Times TR\",\"isPartOf\":{\"@id\":\"https:\/\/epochtimestr.com\/#website\"},\"primaryImageOfPage\":{\"@id\":\"https:\/\/epochtimestr.com\/index.php\/isvecten-ukraynaya-142-milyar-dolarlik-yeni-destek#primaryimage\"},\"image\":{\"@id\":\"https:\/\/epochtimestr.com\/index.php\/isvecten-ukraynaya-142-milyar-dolarlik-yeni-destek#primaryimage\"},\"thumbnailUrl\":\"https:\/\/epochtimestr.com\/wp-content\/uploads\/2011y\/1000033600.webp\",\"datePublished\":\"2026-02-21T11:40:34+00:00\",\"dateModified\":\"2026-02-21T11:41:07+00:00\",\"description\":\"\u0130sve\u00e7, Ukrayna\u2019ya 1,42 milyar dolarl\u0131k destek a\u00e7\u0131klad\u0131. Yeni hava savunma ve m\u00fchimmat paketi sava\u015f\u0131n seyrini etkileyebilir.\",\"inLanguage\":\"tr\",\"potentialAction\":[{\"@type\":\"ReadAction\",\"target\":[\"https:\/\/epochtimestr.com\/index.php\/isvecten-ukraynaya-142-milyar-dolarlik-yeni-destek\"]}]},{\"@type\":\"ImageObject\",\"inLanguage\":\"tr\",\"@id\":\"https:\/\/epochtimestr.com\/index.php\/isvecten-ukraynaya-142-milyar-dolarlik-yeni-destek#primaryimage\",\"url\":\"https:\/\/epochtimestr.com\/wp-content\/uploads\/2011y\/1000033600.webp\",\"contentUrl\":\"https:\/\/epochtimestr.com\/wp-content\/uploads\/2011y\/1000033600.webp\",\"width\":1080,\"height\":720},{\"@type\":\"WebSite\",\"@id\":\"https:\/\/epochtimestr.com\/#website\",\"url\":\"https:\/\/epochtimestr.com\/\",\"name\":\"The Epoch Times TR\",\"description\":\"De\u011fi\u015fen D\u00fcnyam\u0131za Taze Bir Bak\u0131\u015f\",\"publisher\":{\"@id\":\"https:\/\/epochtimestr.com\/#organization\"},\"potentialAction\":[{\"@type\":\"SearchAction\",\"target\":{\"@type\":\"EntryPoint\",\"urlTemplate\":\"https:\/\/epochtimestr.com\/?s={search_term_string}\"},\"query-input\":\"required name=search_term_string\"}],\"inLanguage\":\"tr\"},{\"@type\":\"Organization\",\"@id\":\"https:\/\/epochtimestr.com\/#organization\",\"name\":\"The EpochTimes T\u00fcrkiye\",\"url\":\"https:\/\/epochtimestr.com\/\",\"logo\":{\"@type\":\"ImageObject\",\"inLanguage\":\"tr\",\"@id\":\"https:\/\/epochtimestr.com\/#\/schema\/logo\/image\/\",\"url\":\"https:\/\/epochtimestr.com\/wp-content\/uploads\/2011y\/ET-Logo-YG.jpg\",\"contentUrl\":\"https:\/\/epochtimestr.com\/wp-content\/uploads\/2011y\/ET-Logo-YG.jpg\",\"width\":346,\"height\":29,\"caption\":\"The EpochTimes T\u00fcrkiye\"},\"image\":{\"@id\":\"https:\/\/epochtimestr.com\/#\/schema\/logo\/image\/\"},\"sameAs\":[\"https:\/\/www.facebook.com\/theepochtimestr\",\"https:\/\/x.com\/TheEpochTimesTR\",\"https:\/\/www.instagram.com\/epochtimestr\"]},{\"@type\":\"Person\",\"@id\":\"https:\/\/epochtimestr.com\/#\/schema\/person\/5fef218711d76d8f232b0e1f1d7e4c0d\",\"name\":\"Leo Bajelan\",\"image\":{\"@type\":\"ImageObject\",\"inLanguage\":\"tr\",\"@id\":\"https:\/\/epochtimestr.com\/#\/schema\/person\/image\/\",\"url\":\"https:\/\/secure.gravatar.com\/avatar\/917669146f489549e548a2e9af272df5?s=96&d=mm&r=g\",\"contentUrl\":\"https:\/\/secure.gravatar.com\/avatar\/917669146f489549e548a2e9af272df5?s=96&d=mm&r=g\",\"caption\":\"Leo Bajelan\"},\"url\":\"https:\/\/epochtimestr.com\/index.php\/author\/leo\"}]}<\/script>\n<!-- \/ Yoast SEO plugin. -->","yoast_head_json":{"title":"\u0130sve\u00e7\u2019ten Ukrayna\u2019ya 1,42 Milyar Dolarl\u0131k Yeni Destek - The Epoch Times TR","description":"\u0130sve\u00e7, Ukrayna\u2019ya 1,42 milyar dolarl\u0131k destek a\u00e7\u0131klad\u0131. Yeni hava savunma ve m\u00fchimmat paketi sava\u015f\u0131n seyrini etkileyebilir.","robots":{"index":"index","follow":"follow","max-snippet":"max-snippet:-1","max-image-preview":"max-image-preview:large","max-video-preview":"max-video-preview:-1"},"canonical":"https:\/\/epochtimestr.com\/index.php\/isvecten-ukraynaya-142-milyar-dolarlik-yeni-destek","og_locale":"tr_TR","og_type":"article","og_title":"\u0130sve\u00e7\u2019ten Ukrayna\u2019ya 1,42 Milyar Dolarl\u0131k Yeni Destek - The Epoch Times TR","og_description":"\u0130sve\u00e7, Ukrayna\u2019ya 1,42 milyar dolarl\u0131k destek a\u00e7\u0131klad\u0131. Yeni hava savunma ve m\u00fchimmat paketi sava\u015f\u0131n seyrini etkileyebilir.","og_url":"https:\/\/epochtimestr.com\/index.php\/isvecten-ukraynaya-142-milyar-dolarlik-yeni-destek","og_site_name":"The Epoch Times TR","article_publisher":"https:\/\/www.facebook.com\/theepochtimestr","article_published_time":"2026-02-21T11:40:34+00:00","article_modified_time":"2026-02-21T11:41:07+00:00","og_image":[{"width":1080,"height":720,"url":"https:\/\/epochtimestr.com\/wp-content\/uploads\/2011y\/1000033600.webp","type":"image\/webp"}],"author":"Leo Bajelan","twitter_card":"summary_large_image","twitter_creator":"@TheEpochTimesTR","twitter_site":"@TheEpochTimesTR","twitter_misc":{"Yazan:":"Leo Bajelan","Tahmini okuma s\u00fcresi":"3 dakika"},"schema":{"@context":"https:\/\/schema.org","@graph":[{"@type":"Article","@id":"https:\/\/epochtimestr.com\/index.php\/isvecten-ukraynaya-142-milyar-dolarlik-yeni-destek#article","isPartOf":{"@id":"https:\/\/epochtimestr.com\/index.php\/isvecten-ukraynaya-142-milyar-dolarlik-yeni-destek"},"author":{"name":"Leo Bajelan","@id":"https:\/\/epochtimestr.com\/#\/schema\/person\/5fef218711d76d8f232b0e1f1d7e4c0d"},"headline":"\u0130sve\u00e7\u2019ten Ukrayna\u2019ya 1,42 Milyar Dolarl\u0131k Yeni Destek","datePublished":"2026-02-21T11:40:34+00:00","dateModified":"2026-02-21T11:41:07+00:00","mainEntityOfPage":{"@id":"https:\/\/epochtimestr.com\/index.php\/isvecten-ukraynaya-142-milyar-dolarlik-yeni-destek"},"wordCount":542,"commentCount":0,"publisher":{"@id":"https:\/\/epochtimestr.com\/#organization"},"image":{"@id":"https:\/\/epochtimestr.com\/index.php\/isvecten-ukraynaya-142-milyar-dolarlik-yeni-destek#primaryimage"},"thumbnailUrl":"https:\/\/epochtimestr.com\/wp-content\/uploads\/2011y\/1000033600.webp","keywords":["1","42 Milyar Dolarl\u0131k destek","AB","\u0130sve\u00e7","Rusya Ukrayna Sava\u015f\u0131","Ukrayna"],"articleSection":["D\u00dcNYA","G\u00dcNDEM","Man\u015fet"],"inLanguage":"tr","potentialAction":[{"@type":"CommentAction","name":"Comment","target":["https:\/\/epochtimestr.com\/index.php\/isvecten-ukraynaya-142-milyar-dolarlik-yeni-destek#respond"]}]},{"@type":"WebPage","@id":"https:\/\/epochtimestr.com\/index.php\/isvecten-ukraynaya-142-milyar-dolarlik-yeni-destek","url":"https:\/\/epochtimestr.com\/index.php\/isvecten-ukraynaya-142-milyar-dolarlik-yeni-destek","name":"\u0130sve\u00e7\u2019ten Ukrayna\u2019ya 1,42 Milyar Dolarl\u0131k Yeni Destek - The Epoch Times TR","isPartOf":{"@id":"https:\/\/epochtimestr.com\/#website"},"primaryImageOfPage":{"@id":"https:\/\/epochtimestr.com\/index.php\/isvecten-ukraynaya-142-milyar-dolarlik-yeni-destek#primaryimage"},"image":{"@id":"https:\/\/epochtimestr.com\/index.php\/isvecten-ukraynaya-142-milyar-dolarlik-yeni-destek#primaryimage"},"thumbnailUrl":"https:\/\/epochtimestr.com\/wp-content\/uploads\/2011y\/1000033600.webp","datePublished":"2026-02-21T11:40:34+00:00","dateModified":"2026-02-21T11:41:07+00:00","description":"\u0130sve\u00e7, Ukrayna\u2019ya 1,42 milyar dolarl\u0131k destek a\u00e7\u0131klad\u0131. Yeni hava savunma ve m\u00fchimmat paketi sava\u015f\u0131n seyrini etkileyebilir.","inLanguage":"tr","potentialAction":[{"@type":"ReadAction","target":["https:\/\/epochtimestr.com\/index.php\/isvecten-ukraynaya-142-milyar-dolarlik-yeni-destek"]}]},{"@type":"ImageObject","inLanguage":"tr","@id":"https:\/\/epochtimestr.com\/index.php\/isvecten-ukraynaya-142-milyar-dolarlik-yeni-destek#primaryimage","url":"https:\/\/epochtimestr.com\/wp-content\/uploads\/2011y\/1000033600.webp","contentUrl":"https:\/\/epochtimestr.com\/wp-content\/uploads\/2011y\/1000033600.webp","width":1080,"height":720},{"@type":"WebSite","@id":"https:\/\/epochtimestr.com\/#website","url":"https:\/\/epochtimestr.com\/","name":"The Epoch Times TR","description":"De\u011fi\u015fen D\u00fcnyam\u0131za Taze Bir Bak\u0131\u015f","publisher":{"@id":"https:\/\/epochtimestr.com\/#organization"},"potentialAction":[{"@type":"SearchAction","target":{"@type":"EntryPoint","urlTemplate":"https:\/\/epochtimestr.com\/?s={search_term_string}"},"query-input":"required name=search_term_string"}],"inLanguage":"tr"},{"@type":"Organization","@id":"https:\/\/epochtimestr.com\/#organization","name":"The EpochTimes T\u00fcrkiye","url":"https:\/\/epochtimestr.com\/","logo":{"@type":"ImageObject","inLanguage":"tr","@id":"https:\/\/epochtimestr.com\/#\/schema\/logo\/image\/","url":"https:\/\/epochtimestr.com\/wp-content\/uploads\/2011y\/ET-Logo-YG.jpg","contentUrl":"https:\/\/epochtimestr.com\/wp-content\/uploads\/2011y\/ET-Logo-YG.jpg","width":346,"height":29,"caption":"The EpochTimes T\u00fcrkiye"},"image":{"@id":"https:\/\/epochtimestr.com\/#\/schema\/logo\/image\/"},"sameAs":["https:\/\/www.facebook.com\/theepochtimestr","https:\/\/x.com\/TheEpochTimesTR","https:\/\/www.instagram.com\/epochtimestr"]},{"@type":"Person","@id":"https:\/\/epochtimestr.com\/#\/schema\/person\/5fef218711d76d8f232b0e1f1d7e4c0d","name":"Leo Bajelan","image":{"@type":"ImageObject","inLanguage":"tr","@id":"https:\/\/epochtimestr.com\/#\/schema\/person\/image\/","url":"https:\/\/secure.gravatar.com\/avatar\/917669146f489549e548a2e9af272df5?s=96&d=mm&r=g","contentUrl":"https:\/\/secure.gravatar.com\/avatar\/917669146f489549e548a2e9af272df5?s=96&d=mm&r=g","caption":"Leo Bajelan"},"url":"https:\/\/epochtimestr.com\/index.php\/author\/leo"}]}},"_links":{"self":[{"href":"https:\/\/epochtimestr.com\/index.php\/wp-json\/wp\/v2\/posts\/165851"}],"collection":[{"href":"https:\/\/epochtimestr.com\/index.php\/wp-json\/wp\/v2\/posts"}],"about":[{"href":"https:\/\/epochtimestr.com\/index.php\/wp-json\/wp\/v2\/types\/post"}],"author":[{"embeddable":true,"href":"https:\/\/epochtimestr.com\/index.php\/wp-json\/wp\/v2\/users\/13996"}],"replies":[{"embeddable":true,"href":"https:\/\/epochtimestr.com\/index.php\/wp-json\/wp\/v2\/comments?post=165851"}],"version-history":[{"count":2,"href":"https:\/\/epochtimestr.com\/index.php\/wp-json\/wp\/v2\/posts\/165851\/revisions"}],"predecessor-version":[{"id":165865,"href":"https:\/\/epochtimestr.com\/index.php\/wp-json\/wp\/v2\/posts\/165851\/revisions\/165865"}],"wp:featuredmedia":[{"embeddable":true,"href":"https:\/\/epochtimestr.com\/index.php\/wp-json\/wp\/v2\/media\/165852"}],"wp:attachment":[{"href":"https:\/\/epochtimestr.com\/index.php\/wp-json\/wp\/v2\/media?parent=165851"}],"wp:term":[{"taxonomy":"category","embeddable":true,"href":"https:\/\/epochtimestr.com\/index.php\/wp-json\/wp\/v2\/categories?post=165851"},{"taxonomy":"post_tag","embeddable":true,"href":"https:\/\/epochtimestr.com\/index.php\/wp-json\/wp\/v2\/tags?post=165851"}],"curies":[{"name":"wp","href":"https:\/\/api.w.org\/{rel}","templated":true}]}}