{"id":165867,"date":"2026-02-22T08:00:00","date_gmt":"2026-02-22T05:00:00","guid":{"rendered":"https:\/\/epochtimestr.com\/?p=165867"},"modified":"2026-02-21T21:29:57","modified_gmt":"2026-02-21T18:29:57","slug":"merhumu-bilir-miydiniz","status":"publish","type":"post","link":"https:\/\/epochtimestr.com\/index.php\/merhumu-bilir-miydiniz","title":{"rendered":"Merhumu Bilir Miydiniz?"},"content":{"rendered":"\n<p class=\"has-text-align-right\">\u201cKalbim seni bir yaz ku\u015fu dinler gibi dinler<br \/>Esmer geceler sendeki esmerli\u011fi s\u00f6yler<br \/>Yollar kokunu g\u00f6nl\u00fcme Temmuz\u2019da \u00e7i\u00e7ekler<br \/>Hak, sanki yaratm\u0131\u015f seni bir yaz gecesinden\u201d<br \/><em>Cenap \u015eahabeddin<\/em><\/p>\n\n\n\n<p>Bamba\u015fka \u015feyler yazacakt\u0131m asl\u0131nda. Ba\u015fl\u0131k da haz\u0131rd\u0131, hatta sayfan\u0131n ba\u015f\u0131na ili\u015ftirmi\u015ftim, neyi nas\u0131l s\u00f6yleyece\u011fimi tart\u0131yordum kalbimde. Fonda s\u00f6zs\u00fcz bir m\u00fczik iyi gider dedim, gecenin saat bir bu\u00e7u\u011fu\u2026<\/p>\n\n\n\n<p>Cinu\u00e7en Tanr\u0131korur dedim, adam\u0131m benim, tam senin saatlerin dedim: \u201c<em>beni b\u00fby\u00fcn ile gel mest \u00fc rehav\u00ee ediver \/ hastan\u0131m, g\u00f6\u011fs\u00fcn\u00fcn \u00fcst\u00fcnde tedavi ediver \/ nazar\u0131mda g\u00fcn\u00fc berrak g\u00f6\u011f\u00fc mavi ediver\u2026\u201d<\/em><em><\/em><\/p>\n\n\n\n<p>Bayati Araban Mevlevi Ayin-i \u015eerif ak\u0131yor kulaklar\u0131mdan, bir \u015feyler ba\u015fka \u015feyleri \u00e7a\u011fr\u0131\u015ft\u0131r\u0131yor, hayat ak\u0131yor nabz\u0131mdan, s\u00f6zs\u00fcz kelimeler ge\u00e7iyor a\u011fz\u0131mdan, sessiz dakikalar ak\u0131yor hayatla aram\u0131zdan.<\/p>\n\n\n\n<p class=\"has-text-align-center\">\u2026<\/p>\n\n\n\n<p>Bir adam d\u00fc\u015f\u00fcn\u00fcn, d\u00fcnyam\u0131zda topu topu altm\u0131\u015f iki y\u0131l kalm\u0131\u015f. On yedi ya\u015f\u0131ndan itibaren b\u00f6brek hastal\u0131\u011f\u0131na, \u00fcniversite y\u0131llar\u0131nda kansere yakalanm\u0131\u015f. Yani hayat\u0131n\u0131n son k\u0131rk be\u015f y\u0131l\u0131n\u0131 da yar\u0131m olarak ya\u015fam\u0131\u015f bir adam.<\/p>\n\n\n\n<p>Ba\u015f\u0131na gelen b\u00fct\u00fcn olumsuzluklara ra\u011fmen ya\u015fad\u0131\u011f\u0131 d\u00f6neme ve sonras\u0131na silinmez m\u00fchr\u00fcn\u00fc vurmu\u015f bir m\u00fczik ve estetik dehas\u0131 bu adam.<\/p>\n\n\n\n<p>Pop\u00fcler k\u00fclt\u00fcr\u00fcn yok sayd\u0131\u011f\u0131, g\u00f6rmezden geldi\u011fi bir kahraman.<\/p>\n\n\n\n<p>\u201cO \u015fafak Vaktinin Cihangiri\u201d\u2026<\/p>\n\n\n\n<p>Ondan bahsedece\u011fim size, Cinu\u00e7en Tanr\u0131korur\u2019dan\u2026<\/p>\n\n\n\n<p class=\"has-text-align-center\">\u2026<\/p>\n\n\n\n<p>Y\u00fcksek Mimarl\u0131k mezunuydu asl\u0131nda ama g\u00f6nl\u00fcndeki sanat a\u015fk\u0131 hayat\u0131n\u0131n ak\u0131\u015f\u0131n\u0131 ba\u015fka mecralara \u00e7evirdi. T\u00fcrk medeniyeti a\u015f\u0131\u011f\u0131yd\u0131. T\u00fcrk\u00e7eyi onun kadar g\u00fczel konu\u015fan, onun gibi g\u00fczel telaffuz eden insana \u00e7ok az rastlad\u0131m.<\/p>\n\n\n\n<p>\u0130ngilizce, Frans\u0131zca, \u0130talyanca ve Latinceyi m\u00fckemmel seviyede bilir, Arap\u00e7ay\u0131 iyi seviyede konu\u015furdu. T\u00fcrk\u00e7e ve yabanc\u0131 dillerde 100\u2019\u00fcn \u00fczerinde makale yazm\u0131\u015f, uluslararas\u0131 d\u00fczeyde bilimsel ara\u015ft\u0131rmalarda say\u0131s\u0131z tebli\u011f sunmu\u015ftu.<\/p>\n\n\n\n<p>Besteledi\u011fi Bayati Araban Mevlevi Ayini ile 1981 y\u0131l\u0131nda Paris\u2019te Acad\u00e9mie Internationale de Lut\u00e8ce\u2019in d\u00fczenledi\u011fi XIII. Uluslararas\u0131 Sanat Yar\u0131\u015fmas\u0131\u2019nda \u00fclkemize alt\u0131n madalya kazand\u0131rm\u0131\u015ft\u0131.<\/p>\n\n\n\n<p>1986 y\u0131l\u0131nda Frans\u0131z Devlet Radyosu taraf\u0131ndan uzun\u00e7alar pla\u011f\u0131 yap\u0131lan ilk T\u00fcrk sanat\u00e7\u0131s\u0131 olarak tarihe ge\u00e7ti.<\/p>\n\n\n\n<p>1989 Y\u0131l\u0131nda K\u00fclt\u00fcr Bakanl\u0131\u011f\u0131 taraf\u0131ndan b\u00f6brek nakli i\u00e7in g\u00f6nderildi\u011fi Amerika\u2019da nakil bekledi\u011fi hasta yata\u011f\u0131nda y\u00fcz on yedi beste yapm\u0131\u015ft\u0131.<\/p>\n\n\n\n<p>Hayat\u0131 boyunca be\u015f y\u00fcz be\u015f eser bestelemi\u015fti.<\/p>\n\n\n\n<p class=\"has-text-align-center\">\u2026<\/p>\n\n\n\n<p>En me\u015fhur eseri \u201cG\u00fcnayd\u0131n\u0131m, Nar \u00c7i\u00e7e\u011fim, Sevdi\u011fim\u201ddir. Ama ben \u201cKalbim Seni Bir Yaz Ku\u015fu Dinler Gibi Dinler\u201d e bay\u0131l\u0131r\u0131m, \u201cMehtapta Yakamozlar\u201d ile kendimden ge\u00e7er, \u201cG\u00f6zlerim Gaflete D\u00fc\u015fm\u00fc\u015f, Sana Bakm\u0131\u015fsa Yine\u201d ile g\u00f6zya\u015f\u0131 d\u00f6ker, \u201cA\u015fk\u0131n Odu Ci\u011ferimi Yaka Geldi Yaka Gider\u201d ile <em>ferahn\u00e2k<\/em> olurum.<\/p>\n\n\n\n<p class=\"has-text-align-center\">\u2026<\/p>\n\n\n\n<p>\u015eimdilik bu kadar yazmak ilgi uyand\u0131rmak i\u00e7in yeterli san\u0131r\u0131m, dahas\u0131 yaz\u0131n\u0131n boyutunu a\u015far. Merakl\u0131s\u0131 Cinu\u00e7en Tanr\u0131korur hakk\u0131nda internette \u00e7ok zengin bir ar\u015fiv bulacakt\u0131r. \u00d6zellikle onun hakk\u0131nda yap\u0131lm\u0131\u015f olan, \u201cO \u015eafak Vaktinin Cihangiri\u201d belgeselini tavsiye ederim.<\/p>\n\n\n\n<p class=\"has-text-align-center\">\u2026<\/p>\n\n\n\n<p>Mesnevi\u2019de ge\u00e7en me\u015fhur k\u0131ssay\u0131 bilirsiniz; Eskiden deri i\u015fleyen, tabakhane diye adland\u0131r\u0131lan at\u00f6lyeler vard\u0131. Burada deri tabaklayan elemanlara \u201cdebba\u011f\u201d denirdi. Bu debba\u011flar\u0131n \u00f6mr\u00fc kanl\u0131, g\u00fcbreli, le\u015f kokulu hayvan derilerinin aras\u0131nda ge\u00e7erdi.<\/p>\n\n\n\n<p>\u0130\u015fte bu debba\u011flardan birinin yolu nas\u0131l olmu\u015fsa g\u00fczel kokular sat\u0131lan \u0131t\u0131rc\u0131lar \u00e7ar\u015f\u0131s\u0131ndan ge\u00e7mi\u015f. Hayat\u0131nda ilk kez misk ve amber kokular\u0131n\u0131 duyan debba\u011f birden kendinden ge\u00e7mi\u015f, \u201cAman bu ne berbat koku!\u201d diyerek bay\u0131lm\u0131\u015f, yere y\u0131\u011f\u0131lm\u0131\u015f. Ahali neler olup bitti\u011fine bir anlam verememi\u015f ama debba\u011f\u0131 tan\u0131yan birisi durumu anlam\u0131\u015f ve olaya m\u00fcdahale etmi\u015f. \u201cBana,\u201d demi\u015f \u201chemen pis bir deri par\u00e7as\u0131 getirin!\u201d Getirmi\u015fler, le\u015f kokulu deri par\u00e7as\u0131n\u0131 bayg\u0131n debba\u011f\u0131n burnuna s\u00fcrm\u00fc\u015f adam. Debba\u011f birden kendine gelmi\u015f, \u201cOh be!\u201d demi\u015f, \u201cD\u00fcnya varm\u0131\u015f!<\/p>\n\n\n\n<p>\u0130\u015fte kula\u011f\u0131 \u201cHav Hav\u201d gibi \u201cC\u0131stak C\u0131stak\u201d gibi eserlere (!) maruz b\u0131rak\u0131lm\u0131\u015f g\u00fcn\u00fcm\u00fcz toplumu debba\u011flar\u0131 Cinu\u00e7en Tanr\u0131korur\u2019dan bir \u015fey anlamayabilir. Ama bu yaz\u0131, okuyan bir ki\u015finin bile hayat\u0131na bu b\u00fcy\u00fck \u00fcstad\u0131 kazand\u0131rmaya vesile olursa, yazmak i\u00e7in ge\u00e7irdi\u011fim uykusuz saatler bo\u015fa gitmemi\u015f demektir.<\/p>\n\n\n\n<p class=\"has-text-align-center\">&#8230;<\/p>\n\n\n\n<p><em>Dip Not 1:<\/em> Bu yaz\u0131y\u0131 20 \u015eubat\u2019ta kaleme almaya ba\u015flad\u0131m ve bu tarihin Cinu\u00e7en Tanr\u0131korur\u2019un do\u011fum g\u00fcn\u00fc oldu\u011funu bilmiyordum. Sonradan haf\u0131zam\u0131 tazelemek i\u00e7in \u00fcstad\u0131n hayat\u0131na g\u00f6z at\u0131nca hayretle fark ettim bu durumu. Me\u011fer do\u011fum g\u00fcn\u00fcnde kendini bana hat\u0131rlatm\u0131\u015f, h\u00e2l\u00e2 \u015fa\u015fk\u0131n\u0131m\u2026<\/p>\n\n\n\n<p><em>Dip Not 2:<\/em> <em>Beni b\u00fby\u00fcn ile gel mest \u00fc rehav\u00ee ediver<\/em>: Gel beni kokun ile kendimden ge\u00e7ir, rehav\u00ee et.<\/p>\n\n\n\n<p>Rehav\u00ee, T\u00fcrk musikisinde bir makam ad\u0131. Ge\u00e7mi\u015f y\u0131llarda su sesi ile birlikte \u00e7al\u0131nan bu makam\u0131n bir\u00e7ok hastal\u0131\u011f\u0131n tedavisinde kullan\u0131ld\u0131\u011f\u0131 s\u00f6ylenir.<\/p>\n","protected":false},"excerpt":{"rendered":"<p>\u201cKalbim seni bir yaz ku\u015fu dinler gibi dinlerEsmer geceler sendeki esmerli\u011fi s\u00f6ylerYollar kokunu g\u00f6nl\u00fcme Temmuz\u2019da \u00e7i\u00e7eklerHak, sanki yaratm\u0131\u015f seni bir yaz gecesinden\u201dCenap \u015eahabeddin Bamba\u015fka \u015feyler yazacakt\u0131m asl\u0131nda. Ba\u015fl\u0131k da haz\u0131rd\u0131, hatta sayfan\u0131n ba\u015f\u0131na ili\u015ftirmi\u015ftim, neyi nas\u0131l s\u00f6yleyece\u011fimi tart\u0131yordum kalbimde. Fonda s\u00f6zs\u00fcz bir m\u00fczik iyi gider dedim, gecenin saat bir bu\u00e7u\u011fu\u2026 Cinu\u00e7en Tanr\u0131korur dedim, adam\u0131m benim, [&hellip;]<\/p>\n","protected":false},"author":14002,"featured_media":161248,"comment_status":"open","ping_status":"open","sticky":false,"template":"","format":"standard","meta":{"_yoast_wpseo_focuskw":"Cinu\u00e7en Tanr\u0131korur","_yoast_wpseo_title":"","_yoast_wpseo_metadesc":"Cinu\u00e7en Tanr\u0131korur dedim, adam\u0131m benim, tam senin saatlerin dedim: \u201cbeni b\u00fby\u00fcn ile gel mest \u00fc rehav\u00ee ediver ...","_bbp_topic_count":0,"_bbp_reply_count":0,"_bbp_total_topic_count":0,"_bbp_total_reply_count":0,"_bbp_voice_count":0,"_bbp_anonymous_reply_count":0,"_bbp_topic_count_hidden":0,"_bbp_reply_count_hidden":0,"_bbp_forum_subforum_count":0,"footnotes":"","_yoast_wpseo_focuskw_text_input":""},"categories":[9240],"tags":[10828,10826,10827],"yoast_head":"<!-- This site is optimized with the Yoast SEO plugin v23.0 - https:\/\/yoast.com\/wordpress\/plugins\/seo\/ -->\n<title>Merhumu Bilir Miydiniz? - The Epoch Times TR<\/title>\n<meta name=\"description\" content=\"Cinu\u00e7en Tanr\u0131korur dedim, adam\u0131m benim, tam senin saatlerin dedim: \u201cbeni b\u00fby\u00fcn ile gel mest \u00fc rehav\u00ee ediver ...\" \/>\n<meta name=\"robots\" content=\"index, follow, max-snippet:-1, max-image-preview:large, max-video-preview:-1\" \/>\n<link rel=\"canonical\" href=\"https:\/\/epochtimestr.com\/index.php\/merhumu-bilir-miydiniz\" \/>\n<meta property=\"og:locale\" content=\"tr_TR\" \/>\n<meta property=\"og:type\" content=\"article\" \/>\n<meta property=\"og:title\" content=\"Merhumu Bilir Miydiniz? - The Epoch Times TR\" \/>\n<meta property=\"og:description\" content=\"Cinu\u00e7en Tanr\u0131korur dedim, adam\u0131m benim, tam senin saatlerin dedim: \u201cbeni b\u00fby\u00fcn ile gel mest \u00fc rehav\u00ee ediver ...\" \/>\n<meta property=\"og:url\" content=\"https:\/\/epochtimestr.com\/index.php\/merhumu-bilir-miydiniz\" \/>\n<meta property=\"og:site_name\" content=\"The Epoch Times TR\" \/>\n<meta property=\"article:publisher\" content=\"https:\/\/www.facebook.com\/theepochtimestr\" \/>\n<meta property=\"article:published_time\" content=\"2026-02-22T05:00:00+00:00\" \/>\n<meta property=\"article:modified_time\" content=\"2026-02-21T18:29:57+00:00\" \/>\n<meta property=\"og:image\" content=\"https:\/\/epochtimestr.com\/wp-content\/uploads\/2011y\/Omer-Karayilan-SM-2.jpg\" \/>\n\t<meta property=\"og:image:width\" content=\"1200\" \/>\n\t<meta property=\"og:image:height\" content=\"630\" \/>\n\t<meta property=\"og:image:type\" content=\"image\/jpeg\" \/>\n<meta name=\"author\" content=\"\u00d6mer Karay\u0131lan\" \/>\n<meta name=\"twitter:card\" content=\"summary_large_image\" \/>\n<meta name=\"twitter:creator\" content=\"@TheEpochTimesTR\" \/>\n<meta name=\"twitter:site\" content=\"@TheEpochTimesTR\" \/>\n<meta name=\"twitter:label1\" content=\"Yazan:\" \/>\n\t<meta name=\"twitter:data1\" content=\"\u00d6mer Karay\u0131lan\" \/>\n\t<meta name=\"twitter:label2\" content=\"Tahmini okuma s\u00fcresi\" \/>\n\t<meta name=\"twitter:data2\" content=\"4 dakika\" \/>\n<script type=\"application\/ld+json\" class=\"yoast-schema-graph\">{\"@context\":\"https:\/\/schema.org\",\"@graph\":[{\"@type\":\"Article\",\"@id\":\"https:\/\/epochtimestr.com\/index.php\/merhumu-bilir-miydiniz#article\",\"isPartOf\":{\"@id\":\"https:\/\/epochtimestr.com\/index.php\/merhumu-bilir-miydiniz\"},\"author\":{\"name\":\"\u00d6mer Karay\u0131lan\",\"@id\":\"https:\/\/epochtimestr.com\/#\/schema\/person\/ee101079be4d8fb9fb88cca6784e219b\"},\"headline\":\"Merhumu Bilir Miydiniz?\",\"datePublished\":\"2026-02-22T05:00:00+00:00\",\"dateModified\":\"2026-02-21T18:29:57+00:00\",\"mainEntityOfPage\":{\"@id\":\"https:\/\/epochtimestr.com\/index.php\/merhumu-bilir-miydiniz\"},\"wordCount\":885,\"commentCount\":1,\"publisher\":{\"@id\":\"https:\/\/epochtimestr.com\/#organization\"},\"image\":{\"@id\":\"https:\/\/epochtimestr.com\/index.php\/merhumu-bilir-miydiniz#primaryimage\"},\"thumbnailUrl\":\"https:\/\/epochtimestr.com\/wp-content\/uploads\/2011y\/Karayilan-Profil.png\",\"keywords\":[\"Bayati Araban Mevlevi Ayini\",\"Cinu\u00e7en Tanr\u0131korur\",\"O \u015fafak Vaktinin Cihangiri\"],\"articleSection\":[\"K\u00f6\u015fe Yaz\u0131lar\u0131 \u00d6mer Karay\u0131lan\"],\"inLanguage\":\"tr\",\"potentialAction\":[{\"@type\":\"CommentAction\",\"name\":\"Comment\",\"target\":[\"https:\/\/epochtimestr.com\/index.php\/merhumu-bilir-miydiniz#respond\"]}]},{\"@type\":\"WebPage\",\"@id\":\"https:\/\/epochtimestr.com\/index.php\/merhumu-bilir-miydiniz\",\"url\":\"https:\/\/epochtimestr.com\/index.php\/merhumu-bilir-miydiniz\",\"name\":\"Merhumu Bilir Miydiniz? - The Epoch Times TR\",\"isPartOf\":{\"@id\":\"https:\/\/epochtimestr.com\/#website\"},\"primaryImageOfPage\":{\"@id\":\"https:\/\/epochtimestr.com\/index.php\/merhumu-bilir-miydiniz#primaryimage\"},\"image\":{\"@id\":\"https:\/\/epochtimestr.com\/index.php\/merhumu-bilir-miydiniz#primaryimage\"},\"thumbnailUrl\":\"https:\/\/epochtimestr.com\/wp-content\/uploads\/2011y\/Karayilan-Profil.png\",\"datePublished\":\"2026-02-22T05:00:00+00:00\",\"dateModified\":\"2026-02-21T18:29:57+00:00\",\"description\":\"Cinu\u00e7en Tanr\u0131korur dedim, adam\u0131m benim, tam senin saatlerin dedim: \u201cbeni b\u00fby\u00fcn ile gel mest \u00fc rehav\u00ee ediver ...\",\"inLanguage\":\"tr\",\"potentialAction\":[{\"@type\":\"ReadAction\",\"target\":[\"https:\/\/epochtimestr.com\/index.php\/merhumu-bilir-miydiniz\"]}]},{\"@type\":\"ImageObject\",\"inLanguage\":\"tr\",\"@id\":\"https:\/\/epochtimestr.com\/index.php\/merhumu-bilir-miydiniz#primaryimage\",\"url\":\"https:\/\/epochtimestr.com\/wp-content\/uploads\/2011y\/Karayilan-Profil.png\",\"contentUrl\":\"https:\/\/epochtimestr.com\/wp-content\/uploads\/2011y\/Karayilan-Profil.png\",\"width\":600,\"height\":600},{\"@type\":\"WebSite\",\"@id\":\"https:\/\/epochtimestr.com\/#website\",\"url\":\"https:\/\/epochtimestr.com\/\",\"name\":\"The Epoch Times TR\",\"description\":\"De\u011fi\u015fen D\u00fcnyam\u0131za Taze Bir Bak\u0131\u015f\",\"publisher\":{\"@id\":\"https:\/\/epochtimestr.com\/#organization\"},\"potentialAction\":[{\"@type\":\"SearchAction\",\"target\":{\"@type\":\"EntryPoint\",\"urlTemplate\":\"https:\/\/epochtimestr.com\/?s={search_term_string}\"},\"query-input\":\"required name=search_term_string\"}],\"inLanguage\":\"tr\"},{\"@type\":\"Organization\",\"@id\":\"https:\/\/epochtimestr.com\/#organization\",\"name\":\"The EpochTimes T\u00fcrkiye\",\"url\":\"https:\/\/epochtimestr.com\/\",\"logo\":{\"@type\":\"ImageObject\",\"inLanguage\":\"tr\",\"@id\":\"https:\/\/epochtimestr.com\/#\/schema\/logo\/image\/\",\"url\":\"https:\/\/epochtimestr.com\/wp-content\/uploads\/2011y\/ET-Logo-YG.jpg\",\"contentUrl\":\"https:\/\/epochtimestr.com\/wp-content\/uploads\/2011y\/ET-Logo-YG.jpg\",\"width\":346,\"height\":29,\"caption\":\"The EpochTimes T\u00fcrkiye\"},\"image\":{\"@id\":\"https:\/\/epochtimestr.com\/#\/schema\/logo\/image\/\"},\"sameAs\":[\"https:\/\/www.facebook.com\/theepochtimestr\",\"https:\/\/x.com\/TheEpochTimesTR\",\"https:\/\/www.instagram.com\/epochtimestr\"]},{\"@type\":\"Person\",\"@id\":\"https:\/\/epochtimestr.com\/#\/schema\/person\/ee101079be4d8fb9fb88cca6784e219b\",\"name\":\"\u00d6mer Karay\u0131lan\",\"image\":{\"@type\":\"ImageObject\",\"inLanguage\":\"tr\",\"@id\":\"https:\/\/epochtimestr.com\/#\/schema\/person\/image\/\",\"url\":\"https:\/\/secure.gravatar.com\/avatar\/23a8932f0189c3fe4c0e2731cb5eb5dd?s=96&d=mm&r=g\",\"contentUrl\":\"https:\/\/secure.gravatar.com\/avatar\/23a8932f0189c3fe4c0e2731cb5eb5dd?s=96&d=mm&r=g\",\"caption\":\"\u00d6mer Karay\u0131lan\"},\"url\":\"https:\/\/epochtimestr.com\/index.php\/author\/omer\"}]}<\/script>\n<!-- \/ Yoast SEO plugin. -->","yoast_head_json":{"title":"Merhumu Bilir Miydiniz? - The Epoch Times TR","description":"Cinu\u00e7en Tanr\u0131korur dedim, adam\u0131m benim, tam senin saatlerin dedim: \u201cbeni b\u00fby\u00fcn ile gel mest \u00fc rehav\u00ee ediver ...","robots":{"index":"index","follow":"follow","max-snippet":"max-snippet:-1","max-image-preview":"max-image-preview:large","max-video-preview":"max-video-preview:-1"},"canonical":"https:\/\/epochtimestr.com\/index.php\/merhumu-bilir-miydiniz","og_locale":"tr_TR","og_type":"article","og_title":"Merhumu Bilir Miydiniz? - The Epoch Times TR","og_description":"Cinu\u00e7en Tanr\u0131korur dedim, adam\u0131m benim, tam senin saatlerin dedim: \u201cbeni b\u00fby\u00fcn ile gel mest \u00fc rehav\u00ee ediver ...","og_url":"https:\/\/epochtimestr.com\/index.php\/merhumu-bilir-miydiniz","og_site_name":"The Epoch Times TR","article_publisher":"https:\/\/www.facebook.com\/theepochtimestr","article_published_time":"2026-02-22T05:00:00+00:00","article_modified_time":"2026-02-21T18:29:57+00:00","og_image":[{"width":1200,"height":630,"url":"https:\/\/epochtimestr.com\/wp-content\/uploads\/2011y\/Omer-Karayilan-SM-2.jpg","type":"image\/jpeg"}],"author":"\u00d6mer Karay\u0131lan","twitter_card":"summary_large_image","twitter_creator":"@TheEpochTimesTR","twitter_site":"@TheEpochTimesTR","twitter_misc":{"Yazan:":"\u00d6mer Karay\u0131lan","Tahmini okuma s\u00fcresi":"4 dakika"},"schema":{"@context":"https:\/\/schema.org","@graph":[{"@type":"Article","@id":"https:\/\/epochtimestr.com\/index.php\/merhumu-bilir-miydiniz#article","isPartOf":{"@id":"https:\/\/epochtimestr.com\/index.php\/merhumu-bilir-miydiniz"},"author":{"name":"\u00d6mer Karay\u0131lan","@id":"https:\/\/epochtimestr.com\/#\/schema\/person\/ee101079be4d8fb9fb88cca6784e219b"},"headline":"Merhumu Bilir Miydiniz?","datePublished":"2026-02-22T05:00:00+00:00","dateModified":"2026-02-21T18:29:57+00:00","mainEntityOfPage":{"@id":"https:\/\/epochtimestr.com\/index.php\/merhumu-bilir-miydiniz"},"wordCount":885,"commentCount":1,"publisher":{"@id":"https:\/\/epochtimestr.com\/#organization"},"image":{"@id":"https:\/\/epochtimestr.com\/index.php\/merhumu-bilir-miydiniz#primaryimage"},"thumbnailUrl":"https:\/\/epochtimestr.com\/wp-content\/uploads\/2011y\/Karayilan-Profil.png","keywords":["Bayati Araban Mevlevi Ayini","Cinu\u00e7en Tanr\u0131korur","O \u015fafak Vaktinin Cihangiri"],"articleSection":["K\u00f6\u015fe Yaz\u0131lar\u0131 \u00d6mer Karay\u0131lan"],"inLanguage":"tr","potentialAction":[{"@type":"CommentAction","name":"Comment","target":["https:\/\/epochtimestr.com\/index.php\/merhumu-bilir-miydiniz#respond"]}]},{"@type":"WebPage","@id":"https:\/\/epochtimestr.com\/index.php\/merhumu-bilir-miydiniz","url":"https:\/\/epochtimestr.com\/index.php\/merhumu-bilir-miydiniz","name":"Merhumu Bilir Miydiniz? - The Epoch Times TR","isPartOf":{"@id":"https:\/\/epochtimestr.com\/#website"},"primaryImageOfPage":{"@id":"https:\/\/epochtimestr.com\/index.php\/merhumu-bilir-miydiniz#primaryimage"},"image":{"@id":"https:\/\/epochtimestr.com\/index.php\/merhumu-bilir-miydiniz#primaryimage"},"thumbnailUrl":"https:\/\/epochtimestr.com\/wp-content\/uploads\/2011y\/Karayilan-Profil.png","datePublished":"2026-02-22T05:00:00+00:00","dateModified":"2026-02-21T18:29:57+00:00","description":"Cinu\u00e7en Tanr\u0131korur dedim, adam\u0131m benim, tam senin saatlerin dedim: \u201cbeni b\u00fby\u00fcn ile gel mest \u00fc rehav\u00ee ediver ...","inLanguage":"tr","potentialAction":[{"@type":"ReadAction","target":["https:\/\/epochtimestr.com\/index.php\/merhumu-bilir-miydiniz"]}]},{"@type":"ImageObject","inLanguage":"tr","@id":"https:\/\/epochtimestr.com\/index.php\/merhumu-bilir-miydiniz#primaryimage","url":"https:\/\/epochtimestr.com\/wp-content\/uploads\/2011y\/Karayilan-Profil.png","contentUrl":"https:\/\/epochtimestr.com\/wp-content\/uploads\/2011y\/Karayilan-Profil.png","width":600,"height":600},{"@type":"WebSite","@id":"https:\/\/epochtimestr.com\/#website","url":"https:\/\/epochtimestr.com\/","name":"The Epoch Times TR","description":"De\u011fi\u015fen D\u00fcnyam\u0131za Taze Bir Bak\u0131\u015f","publisher":{"@id":"https:\/\/epochtimestr.com\/#organization"},"potentialAction":[{"@type":"SearchAction","target":{"@type":"EntryPoint","urlTemplate":"https:\/\/epochtimestr.com\/?s={search_term_string}"},"query-input":"required name=search_term_string"}],"inLanguage":"tr"},{"@type":"Organization","@id":"https:\/\/epochtimestr.com\/#organization","name":"The EpochTimes T\u00fcrkiye","url":"https:\/\/epochtimestr.com\/","logo":{"@type":"ImageObject","inLanguage":"tr","@id":"https:\/\/epochtimestr.com\/#\/schema\/logo\/image\/","url":"https:\/\/epochtimestr.com\/wp-content\/uploads\/2011y\/ET-Logo-YG.jpg","contentUrl":"https:\/\/epochtimestr.com\/wp-content\/uploads\/2011y\/ET-Logo-YG.jpg","width":346,"height":29,"caption":"The EpochTimes T\u00fcrkiye"},"image":{"@id":"https:\/\/epochtimestr.com\/#\/schema\/logo\/image\/"},"sameAs":["https:\/\/www.facebook.com\/theepochtimestr","https:\/\/x.com\/TheEpochTimesTR","https:\/\/www.instagram.com\/epochtimestr"]},{"@type":"Person","@id":"https:\/\/epochtimestr.com\/#\/schema\/person\/ee101079be4d8fb9fb88cca6784e219b","name":"\u00d6mer Karay\u0131lan","image":{"@type":"ImageObject","inLanguage":"tr","@id":"https:\/\/epochtimestr.com\/#\/schema\/person\/image\/","url":"https:\/\/secure.gravatar.com\/avatar\/23a8932f0189c3fe4c0e2731cb5eb5dd?s=96&d=mm&r=g","contentUrl":"https:\/\/secure.gravatar.com\/avatar\/23a8932f0189c3fe4c0e2731cb5eb5dd?s=96&d=mm&r=g","caption":"\u00d6mer Karay\u0131lan"},"url":"https:\/\/epochtimestr.com\/index.php\/author\/omer"}]}},"_links":{"self":[{"href":"https:\/\/epochtimestr.com\/index.php\/wp-json\/wp\/v2\/posts\/165867"}],"collection":[{"href":"https:\/\/epochtimestr.com\/index.php\/wp-json\/wp\/v2\/posts"}],"about":[{"href":"https:\/\/epochtimestr.com\/index.php\/wp-json\/wp\/v2\/types\/post"}],"author":[{"embeddable":true,"href":"https:\/\/epochtimestr.com\/index.php\/wp-json\/wp\/v2\/users\/14002"}],"replies":[{"embeddable":true,"href":"https:\/\/epochtimestr.com\/index.php\/wp-json\/wp\/v2\/comments?post=165867"}],"version-history":[{"count":2,"href":"https:\/\/epochtimestr.com\/index.php\/wp-json\/wp\/v2\/posts\/165867\/revisions"}],"predecessor-version":[{"id":165869,"href":"https:\/\/epochtimestr.com\/index.php\/wp-json\/wp\/v2\/posts\/165867\/revisions\/165869"}],"wp:featuredmedia":[{"embeddable":true,"href":"https:\/\/epochtimestr.com\/index.php\/wp-json\/wp\/v2\/media\/161248"}],"wp:attachment":[{"href":"https:\/\/epochtimestr.com\/index.php\/wp-json\/wp\/v2\/media?parent=165867"}],"wp:term":[{"taxonomy":"category","embeddable":true,"href":"https:\/\/epochtimestr.com\/index.php\/wp-json\/wp\/v2\/categories?post=165867"},{"taxonomy":"post_tag","embeddable":true,"href":"https:\/\/epochtimestr.com\/index.php\/wp-json\/wp\/v2\/tags?post=165867"}],"curies":[{"name":"wp","href":"https:\/\/api.w.org\/{rel}","templated":true}]}}