{"id":165878,"date":"2026-02-23T19:20:22","date_gmt":"2026-02-23T16:20:22","guid":{"rendered":"https:\/\/epochtimestr.com\/?p=165878"},"modified":"2026-02-23T19:20:24","modified_gmt":"2026-02-23T16:20:24","slug":"abdden-meksika-icin-guvenlik-uyarisi","status":"publish","type":"post","link":"https:\/\/epochtimestr.com\/index.php\/abdden-meksika-icin-guvenlik-uyarisi","title":{"rendered":"ABD\u2019den Meksika \u0130\u00e7in G\u00fcvenlik Uyar\u0131s\u0131"},"content":{"rendered":"<div class=\"wp-block-image\">\n<figure class=\"aligncenter size-full\"><img loading=\"lazy\" decoding=\"async\" width=\"1080\" height=\"720\" src=\"https:\/\/epochtimestr.com\/wp-content\/uploads\/2011y\/1000033664.webp\" alt=\"Meksikal\u0131 \u00fcnl\u00fc kartel lideri \u201cEl Mencho\u201dnun g\u00fcvenlik g\u00fc\u00e7leri taraf\u0131ndan \u00f6ld\u00fcr\u00fclmesinin ard\u0131ndan ABD, vatanda\u015flar\u0131na g\u00fcvenlik uyar\u0131s\u0131 yapt\u0131. Kartel \u00fcyelerinin misillemesinde barikat olarak kullan\u0131lan bir kamyonun yanm\u0131\u015f enkaz\u0131. 22 \u015eubat 2026, Guadalajara, Meksika. (Foto\u011fraf: The Epoch Times taraf\u0131ndan, Michelle Freyria, Reuters)\" class=\"wp-image-165879\" srcset=\"https:\/\/epochtimestr.com\/wp-content\/uploads\/2011y\/1000033664.webp 1080w, https:\/\/epochtimestr.com\/wp-content\/uploads\/2011y\/1000033664-300x200.webp 300w, https:\/\/epochtimestr.com\/wp-content\/uploads\/2011y\/1000033664-150x100.webp 150w, https:\/\/epochtimestr.com\/wp-content\/uploads\/2011y\/1000033664-768x512.webp 768w\" sizes=\"(max-width: 1080px) 100vw, 1080px\" \/><figcaption class=\"wp-element-caption\">Meksikal\u0131 \u00fcnl\u00fc kartel lideri \u201cEl Mencho\u201dnun g\u00fcvenlik g\u00fc\u00e7leri taraf\u0131ndan \u00f6ld\u00fcr\u00fclmesinin ard\u0131ndan ABD, vatanda\u015flar\u0131na g\u00fcvenlik uyar\u0131s\u0131 yapt\u0131. Kartel \u00fcyelerinin misillemesinde barikat olarak kullan\u0131lan bir kamyonun yanm\u0131\u015f enkaz\u0131. 22 \u015eubat 2026, Guadalajara, Meksika. (Foto\u011fraf: The Epoch Times taraf\u0131ndan, Michelle Freyria, Reuters)<\/figcaption><\/figure><\/div>\n\n\n<p>ABD Meksika B\u00fcy\u00fckel\u00e7ili\u011fi, Meksikal\u0131 \u00fcnl\u00fc kartel lideri \u201cEl Mencho\u201dnun g\u00fcvenlik g\u00fc\u00e7leri taraf\u0131ndan \u00f6ld\u00fcr\u00fclmesinin ard\u0131ndan \u00fclkedeki vatanda\u015flar\u0131 i\u00e7in g\u00fcvenlik uyar\u0131s\u0131 yay\u0131mlad\u0131. 22 \u015eubat 2026 tarihli a\u00e7\u0131klamada, devam eden g\u00fcvenlik operasyonlar\u0131 ve artan \u015fiddet olaylar\u0131 nedeniyle ABD vatanda\u015flar\u0131na bulunduklar\u0131 yerde kalmalar\u0131 tavsiye edildi.<\/p>\n\n\n\n<p>Meksikal\u0131 <a href=\"https:\/\/www.theepochtimes.com\/us\/us-embassy-issues-security-alert-for-americans-in-mexico-5989099\" target=\"_blank\" rel=\"noreferrer noopener\">kartel lideri Nemesio Ruben<\/a> Oseguera Cervantes, g\u00fcvenlik g\u00fc\u00e7leri taraf\u0131ndan d\u00fczenlenen operasyonla \u00f6ld\u00fcr\u00fcld\u00fc. Bilinen ad\u0131yla El Mencho, Meksika\u2019n\u0131n en g\u00fc\u00e7l\u00fc ve en h\u0131zl\u0131 b\u00fcy\u00fcyen su\u00e7 \u00f6rg\u00fctlerinden biri olan Jalisco Yeni Nesil Karteli\u2019nin lideriydi.<\/p>\n\n\n\n<p>ABD B\u00fcy\u00fckel\u00e7ili\u011fi a\u00e7\u0131klamas\u0131nda, \u00f6zellikle Jalisco eyaleti ba\u015fta olmak \u00fczere bir\u00e7ok b\u00f6lgede g\u00fcvenlik riskinin artt\u0131\u011f\u0131n\u0131 belirtti. Uyar\u0131, Guadalajara ve Puerto Vallarta\u2019n\u0131n yan\u0131 s\u0131ra Baja California eyaletindeki Tijuana, Tecate ve Ensenada&#8217;y\u0131 da kaps\u0131yor. Quintana Roo eyaletinde Cancun, Cozumel, Playa del Carmen ve Tulum\u2019un da riskli b\u00f6lgeler aras\u0131nda. Ayr\u0131ca Guanajuato, Guerrero, Michoacan, Oaxaca, Nuevo Leon ve Tamaulipas eyaletlerinde de g\u00fcvenlik tehditlerinin s\u00fcr\u00fcyor.<\/p>\n\n\n\n<p>A\u00e7\u0131klamada ABD h\u00fck\u00fcmet personeline y\u00f6nelik \u00f6zel talimatlar da yer al\u0131yor. Tijuana Ba\u015fkonsoloslu\u011fu ve Guerrero, Michoacan ile Quintana Roo eyaletlerindeki personelin bulunduklar\u0131 yerde kalmalar\u0131 gerekiyor. Bununla birlikte Monterrey\u2019de g\u00f6rev yapan personel de metropol alan\u0131 d\u0131\u015f\u0131na \u00e7\u0131kmamalar\u0131 y\u00f6n\u00fcnde talimat ald\u0131.<\/p>\n\n\n\n<p>A\u00e7\u0131klamada havalimanlar\u0131n\u0131n a\u00e7\u0131k oldu\u011fu ancak baz\u0131 u\u00e7u\u015flarda iptaller ya\u015fand\u0131\u011f\u0131 bilgisi de yer ald\u0131. Ayr\u0131ca Guadalajara ve Puerto Vallarta\u2019da hem i\u00e7 hem de d\u0131\u015f hat seferlerinde aksamalar oldu. Puerto Vallarta\u2019da taksi ve ara\u00e7 payla\u015f\u0131m hizmetleri ge\u00e7ici olarak durdu. Ayr\u0131ca baz\u0131 i\u015fletmeler de g\u00fcvenlik gerek\u00e7esiyle kapand\u0131.<\/p>\n\n\n\n<p>Konsolosluk, ABD vatanda\u015flar\u0131na kalabal\u0131klardan ve g\u00fcvenlik g\u00fc\u00e7lerinin operasyon y\u00fcr\u00fctt\u00fc\u011f\u00fc b\u00f6lgelerden uzak durmalar\u0131n\u0131 tavsiye etti. Acil durumlarda 911 hatt\u0131n\u0131n aramalar\u0131n\u0131, yerel makamlar\u0131n talimatlar\u0131na uymalar\u0131n\u0131 istedi. Ayr\u0131ca ABD vatanda\u015flar\u0131na geli\u015fmeleri yerel medya arac\u0131l\u0131\u011f\u0131yla takip etmelerini tavsiye etti. <\/p>\n\n\n\n<h3 class=\"wp-block-heading\">El Mencho\u2019nun Yakalanmas\u0131 \u0130\u00e7in 15 Milyon Dolar \u00d6d\u00fcl<\/h3>\n\n\n\n<p><a href=\"https:\/\/epochtimestr.com\/index.php\/abdde-meksikali-uyusturucu-karteli-cjng-uyesine-11-yil-hapis\" target=\"_blank\" rel=\"noreferrer noopener\">ABD y\u00f6netimi<\/a>, Jalisco Yeni Nesil Karteli\u2019ni ge\u00e7en y\u0131l yabanc\u0131 ter\u00f6r \u00f6rg\u00fct\u00fc listesine dahil etmi\u015fti. Kartelin uyu\u015fturucu ka\u00e7ak\u00e7\u0131l\u0131\u011f\u0131, silah ticareti ve g\u00f6\u00e7men ka\u00e7ak\u00e7\u0131l\u0131\u011f\u0131 gibi faaliyetlerde bulundu\u011fu belirtiliyor. \u00d6zellikle fentanil ticaretindeki rol\u00fc nedeniyle, \u00f6rg\u00fcte y\u00f6nelik uluslararas\u0131 bask\u0131 artm\u0131\u015ft\u0131. ABD D\u0131\u015fi\u015fleri Bakanl\u0131\u011f\u0131, El Mencho\u2019nun yakalanmas\u0131 i\u00e7in daha \u00f6nce 15 milyon dolar \u00f6d\u00fcl a\u00e7\u0131klam\u0131\u015ft\u0131.<\/p>\n\n\n\n<p>Meksika makamlar\u0131 ise Guadalajara ve Puerto Vallarta \u00e7evresinde baz\u0131 olaylar\u0131n ya\u015fand\u0131\u011f\u0131n\u0131 do\u011frulad\u0131lar. Ancak havalimanlar\u0131n\u0131n faaliyetlerini s\u00fcrd\u00fcrd\u00fc\u011f\u00fcn\u00fc ve g\u00fcvenlik birimleri aras\u0131nda koordinasyonun devam etti\u011fini bildirdiler. Yetkililer, durumun yak\u0131ndan takip edildi\u011fini ve kamu g\u00fcvenli\u011finin sa\u011flanmas\u0131 i\u00e7in \u00e7al\u0131\u015fmalar\u0131n s\u00fcrd\u00fc\u011f\u00fcn\u00fc a\u00e7\u0131klad\u0131.<\/p>\n","protected":false},"excerpt":{"rendered":"<p>ABD Meksika B\u00fcy\u00fckel\u00e7ili\u011fi, Meksikal\u0131 \u00fcnl\u00fc kartel lideri \u201cEl Mencho\u201dnun g\u00fcvenlik g\u00fc\u00e7leri taraf\u0131ndan \u00f6ld\u00fcr\u00fclmesinin ard\u0131ndan \u00fclkedeki vatanda\u015flar\u0131 i\u00e7in g\u00fcvenlik uyar\u0131s\u0131 yay\u0131mlad\u0131. 22 \u015eubat 2026 tarihli a\u00e7\u0131klamada, devam eden g\u00fcvenlik operasyonlar\u0131 ve artan \u015fiddet olaylar\u0131 nedeniyle ABD vatanda\u015flar\u0131na bulunduklar\u0131 yerde kalmalar\u0131 tavsiye edildi. Meksikal\u0131 kartel lideri Nemesio Ruben Oseguera Cervantes, g\u00fcvenlik g\u00fc\u00e7leri taraf\u0131ndan d\u00fczenlenen operasyonla \u00f6ld\u00fcr\u00fcld\u00fc. Bilinen [&hellip;]<\/p>\n","protected":false},"author":13996,"featured_media":165879,"comment_status":"open","ping_status":"open","sticky":false,"template":"","format":"standard","meta":{"_yoast_wpseo_focuskw":"ABD - Kartel","_yoast_wpseo_title":"","_yoast_wpseo_metadesc":"Meksikal\u0131 \u00fcnl\u00fc kartel lideri \u201cEl Mencho\u201dnun g\u00fcvenlik g\u00fc\u00e7leri taraf\u0131ndan \u00f6ld\u00fcr\u00fclmesinin ard\u0131ndan ABD, vatanda\u015flar\u0131na g\u00fcvenlik uyar\u0131s\u0131 yapt\u0131.","_bbp_topic_count":0,"_bbp_reply_count":0,"_bbp_total_topic_count":0,"_bbp_total_reply_count":0,"_bbp_voice_count":0,"_bbp_anonymous_reply_count":0,"_bbp_topic_count_hidden":0,"_bbp_reply_count_hidden":0,"_bbp_forum_subforum_count":0,"footnotes":"","_yoast_wpseo_focuskw_text_input":""},"categories":[5,1],"tags":[10829,10836,10830,10835,10831,10837],"yoast_head":"<!-- This site is optimized with the Yoast SEO plugin v23.0 - https:\/\/yoast.com\/wordpress\/plugins\/seo\/ -->\n<title>ABD\u2019den Meksika \u0130\u00e7in G\u00fcvenlik Uyar\u0131s\u0131 - The Epoch Times TR<\/title>\n<meta name=\"description\" content=\"Meksikal\u0131 \u00fcnl\u00fc kartel lideri \u201cEl Mencho\u201dnun g\u00fcvenlik g\u00fc\u00e7leri taraf\u0131ndan \u00f6ld\u00fcr\u00fclmesinin ard\u0131ndan ABD, vatanda\u015flar\u0131na g\u00fcvenlik uyar\u0131s\u0131 yapt\u0131.\" \/>\n<meta name=\"robots\" content=\"index, follow, max-snippet:-1, max-image-preview:large, max-video-preview:-1\" \/>\n<link rel=\"canonical\" href=\"https:\/\/epochtimestr.com\/index.php\/abdden-meksika-icin-guvenlik-uyarisi\" \/>\n<meta property=\"og:locale\" content=\"tr_TR\" \/>\n<meta property=\"og:type\" content=\"article\" \/>\n<meta property=\"og:title\" content=\"ABD\u2019den Meksika \u0130\u00e7in G\u00fcvenlik Uyar\u0131s\u0131 - The Epoch Times TR\" \/>\n<meta property=\"og:description\" content=\"Meksikal\u0131 \u00fcnl\u00fc kartel lideri \u201cEl Mencho\u201dnun g\u00fcvenlik g\u00fc\u00e7leri taraf\u0131ndan \u00f6ld\u00fcr\u00fclmesinin ard\u0131ndan ABD, vatanda\u015flar\u0131na g\u00fcvenlik uyar\u0131s\u0131 yapt\u0131.\" \/>\n<meta property=\"og:url\" content=\"https:\/\/epochtimestr.com\/index.php\/abdden-meksika-icin-guvenlik-uyarisi\" \/>\n<meta property=\"og:site_name\" content=\"The Epoch Times TR\" \/>\n<meta property=\"article:publisher\" content=\"https:\/\/www.facebook.com\/theepochtimestr\" \/>\n<meta property=\"article:published_time\" content=\"2026-02-23T16:20:22+00:00\" \/>\n<meta property=\"article:modified_time\" content=\"2026-02-23T16:20:24+00:00\" \/>\n<meta property=\"og:image\" content=\"https:\/\/epochtimestr.com\/wp-content\/uploads\/2011y\/1000033664.webp\" \/>\n\t<meta property=\"og:image:width\" content=\"1080\" \/>\n\t<meta property=\"og:image:height\" content=\"720\" \/>\n\t<meta property=\"og:image:type\" content=\"image\/webp\" \/>\n<meta name=\"author\" content=\"Leo Bajelan\" \/>\n<meta name=\"twitter:card\" content=\"summary_large_image\" \/>\n<meta name=\"twitter:creator\" content=\"@TheEpochTimesTR\" \/>\n<meta name=\"twitter:site\" content=\"@TheEpochTimesTR\" \/>\n<meta name=\"twitter:label1\" content=\"Yazan:\" \/>\n\t<meta name=\"twitter:data1\" content=\"Leo Bajelan\" \/>\n\t<meta name=\"twitter:label2\" content=\"Tahmini okuma s\u00fcresi\" \/>\n\t<meta name=\"twitter:data2\" content=\"3 dakika\" \/>\n<script type=\"application\/ld+json\" class=\"yoast-schema-graph\">{\"@context\":\"https:\/\/schema.org\",\"@graph\":[{\"@type\":\"Article\",\"@id\":\"https:\/\/epochtimestr.com\/index.php\/abdden-meksika-icin-guvenlik-uyarisi#article\",\"isPartOf\":{\"@id\":\"https:\/\/epochtimestr.com\/index.php\/abdden-meksika-icin-guvenlik-uyarisi\"},\"author\":{\"name\":\"Leo Bajelan\",\"@id\":\"https:\/\/epochtimestr.com\/#\/schema\/person\/5fef218711d76d8f232b0e1f1d7e4c0d\"},\"headline\":\"ABD\u2019den Meksika \u0130\u00e7in G\u00fcvenlik Uyar\u0131s\u0131\",\"datePublished\":\"2026-02-23T16:20:22+00:00\",\"dateModified\":\"2026-02-23T16:20:24+00:00\",\"mainEntityOfPage\":{\"@id\":\"https:\/\/epochtimestr.com\/index.php\/abdden-meksika-icin-guvenlik-uyarisi\"},\"wordCount\":556,\"commentCount\":0,\"publisher\":{\"@id\":\"https:\/\/epochtimestr.com\/#organization\"},\"image\":{\"@id\":\"https:\/\/epochtimestr.com\/index.php\/abdden-meksika-icin-guvenlik-uyarisi#primaryimage\"},\"thumbnailUrl\":\"https:\/\/epochtimestr.com\/wp-content\/uploads\/2011y\/1000033664.webp\",\"keywords\":[\"ABD Meksika\",\"ABD Meksika B\u00fcy\u00fckel\u00e7ili\u011fi\",\"ABD vatanda\u015flar i\u00e7in uyar\u0131s\u0131\",\"El Mencho\",\"G\u00fcvenlik uyar\u0131s\u0131\",\"Jalisco Yeni Nesil Karteli\"],\"articleSection\":[\"D\u00dcNYA\",\"G\u00dcNDEM\"],\"inLanguage\":\"tr\",\"potentialAction\":[{\"@type\":\"CommentAction\",\"name\":\"Comment\",\"target\":[\"https:\/\/epochtimestr.com\/index.php\/abdden-meksika-icin-guvenlik-uyarisi#respond\"]}]},{\"@type\":\"WebPage\",\"@id\":\"https:\/\/epochtimestr.com\/index.php\/abdden-meksika-icin-guvenlik-uyarisi\",\"url\":\"https:\/\/epochtimestr.com\/index.php\/abdden-meksika-icin-guvenlik-uyarisi\",\"name\":\"ABD\u2019den Meksika \u0130\u00e7in G\u00fcvenlik Uyar\u0131s\u0131 - The Epoch Times TR\",\"isPartOf\":{\"@id\":\"https:\/\/epochtimestr.com\/#website\"},\"primaryImageOfPage\":{\"@id\":\"https:\/\/epochtimestr.com\/index.php\/abdden-meksika-icin-guvenlik-uyarisi#primaryimage\"},\"image\":{\"@id\":\"https:\/\/epochtimestr.com\/index.php\/abdden-meksika-icin-guvenlik-uyarisi#primaryimage\"},\"thumbnailUrl\":\"https:\/\/epochtimestr.com\/wp-content\/uploads\/2011y\/1000033664.webp\",\"datePublished\":\"2026-02-23T16:20:22+00:00\",\"dateModified\":\"2026-02-23T16:20:24+00:00\",\"description\":\"Meksikal\u0131 \u00fcnl\u00fc kartel lideri \u201cEl Mencho\u201dnun g\u00fcvenlik g\u00fc\u00e7leri taraf\u0131ndan \u00f6ld\u00fcr\u00fclmesinin ard\u0131ndan ABD, vatanda\u015flar\u0131na g\u00fcvenlik uyar\u0131s\u0131 yapt\u0131.\",\"inLanguage\":\"tr\",\"potentialAction\":[{\"@type\":\"ReadAction\",\"target\":[\"https:\/\/epochtimestr.com\/index.php\/abdden-meksika-icin-guvenlik-uyarisi\"]}]},{\"@type\":\"ImageObject\",\"inLanguage\":\"tr\",\"@id\":\"https:\/\/epochtimestr.com\/index.php\/abdden-meksika-icin-guvenlik-uyarisi#primaryimage\",\"url\":\"https:\/\/epochtimestr.com\/wp-content\/uploads\/2011y\/1000033664.webp\",\"contentUrl\":\"https:\/\/epochtimestr.com\/wp-content\/uploads\/2011y\/1000033664.webp\",\"width\":1080,\"height\":720},{\"@type\":\"WebSite\",\"@id\":\"https:\/\/epochtimestr.com\/#website\",\"url\":\"https:\/\/epochtimestr.com\/\",\"name\":\"The Epoch Times TR\",\"description\":\"De\u011fi\u015fen D\u00fcnyam\u0131za Taze Bir Bak\u0131\u015f\",\"publisher\":{\"@id\":\"https:\/\/epochtimestr.com\/#organization\"},\"potentialAction\":[{\"@type\":\"SearchAction\",\"target\":{\"@type\":\"EntryPoint\",\"urlTemplate\":\"https:\/\/epochtimestr.com\/?s={search_term_string}\"},\"query-input\":\"required name=search_term_string\"}],\"inLanguage\":\"tr\"},{\"@type\":\"Organization\",\"@id\":\"https:\/\/epochtimestr.com\/#organization\",\"name\":\"The EpochTimes T\u00fcrkiye\",\"url\":\"https:\/\/epochtimestr.com\/\",\"logo\":{\"@type\":\"ImageObject\",\"inLanguage\":\"tr\",\"@id\":\"https:\/\/epochtimestr.com\/#\/schema\/logo\/image\/\",\"url\":\"https:\/\/epochtimestr.com\/wp-content\/uploads\/2011y\/ET-Logo-YG.jpg\",\"contentUrl\":\"https:\/\/epochtimestr.com\/wp-content\/uploads\/2011y\/ET-Logo-YG.jpg\",\"width\":346,\"height\":29,\"caption\":\"The EpochTimes T\u00fcrkiye\"},\"image\":{\"@id\":\"https:\/\/epochtimestr.com\/#\/schema\/logo\/image\/\"},\"sameAs\":[\"https:\/\/www.facebook.com\/theepochtimestr\",\"https:\/\/x.com\/TheEpochTimesTR\",\"https:\/\/www.instagram.com\/epochtimestr\"]},{\"@type\":\"Person\",\"@id\":\"https:\/\/epochtimestr.com\/#\/schema\/person\/5fef218711d76d8f232b0e1f1d7e4c0d\",\"name\":\"Leo Bajelan\",\"image\":{\"@type\":\"ImageObject\",\"inLanguage\":\"tr\",\"@id\":\"https:\/\/epochtimestr.com\/#\/schema\/person\/image\/\",\"url\":\"https:\/\/secure.gravatar.com\/avatar\/917669146f489549e548a2e9af272df5?s=96&d=mm&r=g\",\"contentUrl\":\"https:\/\/secure.gravatar.com\/avatar\/917669146f489549e548a2e9af272df5?s=96&d=mm&r=g\",\"caption\":\"Leo Bajelan\"},\"url\":\"https:\/\/epochtimestr.com\/index.php\/author\/leo\"}]}<\/script>\n<!-- \/ Yoast SEO plugin. -->","yoast_head_json":{"title":"ABD\u2019den Meksika \u0130\u00e7in G\u00fcvenlik Uyar\u0131s\u0131 - The Epoch Times TR","description":"Meksikal\u0131 \u00fcnl\u00fc kartel lideri \u201cEl Mencho\u201dnun g\u00fcvenlik g\u00fc\u00e7leri taraf\u0131ndan \u00f6ld\u00fcr\u00fclmesinin ard\u0131ndan ABD, vatanda\u015flar\u0131na g\u00fcvenlik uyar\u0131s\u0131 yapt\u0131.","robots":{"index":"index","follow":"follow","max-snippet":"max-snippet:-1","max-image-preview":"max-image-preview:large","max-video-preview":"max-video-preview:-1"},"canonical":"https:\/\/epochtimestr.com\/index.php\/abdden-meksika-icin-guvenlik-uyarisi","og_locale":"tr_TR","og_type":"article","og_title":"ABD\u2019den Meksika \u0130\u00e7in G\u00fcvenlik Uyar\u0131s\u0131 - The Epoch Times TR","og_description":"Meksikal\u0131 \u00fcnl\u00fc kartel lideri \u201cEl Mencho\u201dnun g\u00fcvenlik g\u00fc\u00e7leri taraf\u0131ndan \u00f6ld\u00fcr\u00fclmesinin ard\u0131ndan ABD, vatanda\u015flar\u0131na g\u00fcvenlik uyar\u0131s\u0131 yapt\u0131.","og_url":"https:\/\/epochtimestr.com\/index.php\/abdden-meksika-icin-guvenlik-uyarisi","og_site_name":"The Epoch Times TR","article_publisher":"https:\/\/www.facebook.com\/theepochtimestr","article_published_time":"2026-02-23T16:20:22+00:00","article_modified_time":"2026-02-23T16:20:24+00:00","og_image":[{"width":1080,"height":720,"url":"https:\/\/epochtimestr.com\/wp-content\/uploads\/2011y\/1000033664.webp","type":"image\/webp"}],"author":"Leo Bajelan","twitter_card":"summary_large_image","twitter_creator":"@TheEpochTimesTR","twitter_site":"@TheEpochTimesTR","twitter_misc":{"Yazan:":"Leo Bajelan","Tahmini okuma s\u00fcresi":"3 dakika"},"schema":{"@context":"https:\/\/schema.org","@graph":[{"@type":"Article","@id":"https:\/\/epochtimestr.com\/index.php\/abdden-meksika-icin-guvenlik-uyarisi#article","isPartOf":{"@id":"https:\/\/epochtimestr.com\/index.php\/abdden-meksika-icin-guvenlik-uyarisi"},"author":{"name":"Leo Bajelan","@id":"https:\/\/epochtimestr.com\/#\/schema\/person\/5fef218711d76d8f232b0e1f1d7e4c0d"},"headline":"ABD\u2019den Meksika \u0130\u00e7in G\u00fcvenlik Uyar\u0131s\u0131","datePublished":"2026-02-23T16:20:22+00:00","dateModified":"2026-02-23T16:20:24+00:00","mainEntityOfPage":{"@id":"https:\/\/epochtimestr.com\/index.php\/abdden-meksika-icin-guvenlik-uyarisi"},"wordCount":556,"commentCount":0,"publisher":{"@id":"https:\/\/epochtimestr.com\/#organization"},"image":{"@id":"https:\/\/epochtimestr.com\/index.php\/abdden-meksika-icin-guvenlik-uyarisi#primaryimage"},"thumbnailUrl":"https:\/\/epochtimestr.com\/wp-content\/uploads\/2011y\/1000033664.webp","keywords":["ABD Meksika","ABD Meksika B\u00fcy\u00fckel\u00e7ili\u011fi","ABD vatanda\u015flar i\u00e7in uyar\u0131s\u0131","El Mencho","G\u00fcvenlik uyar\u0131s\u0131","Jalisco Yeni Nesil Karteli"],"articleSection":["D\u00dcNYA","G\u00dcNDEM"],"inLanguage":"tr","potentialAction":[{"@type":"CommentAction","name":"Comment","target":["https:\/\/epochtimestr.com\/index.php\/abdden-meksika-icin-guvenlik-uyarisi#respond"]}]},{"@type":"WebPage","@id":"https:\/\/epochtimestr.com\/index.php\/abdden-meksika-icin-guvenlik-uyarisi","url":"https:\/\/epochtimestr.com\/index.php\/abdden-meksika-icin-guvenlik-uyarisi","name":"ABD\u2019den Meksika \u0130\u00e7in G\u00fcvenlik Uyar\u0131s\u0131 - The Epoch Times TR","isPartOf":{"@id":"https:\/\/epochtimestr.com\/#website"},"primaryImageOfPage":{"@id":"https:\/\/epochtimestr.com\/index.php\/abdden-meksika-icin-guvenlik-uyarisi#primaryimage"},"image":{"@id":"https:\/\/epochtimestr.com\/index.php\/abdden-meksika-icin-guvenlik-uyarisi#primaryimage"},"thumbnailUrl":"https:\/\/epochtimestr.com\/wp-content\/uploads\/2011y\/1000033664.webp","datePublished":"2026-02-23T16:20:22+00:00","dateModified":"2026-02-23T16:20:24+00:00","description":"Meksikal\u0131 \u00fcnl\u00fc kartel lideri \u201cEl Mencho\u201dnun g\u00fcvenlik g\u00fc\u00e7leri taraf\u0131ndan \u00f6ld\u00fcr\u00fclmesinin ard\u0131ndan ABD, vatanda\u015flar\u0131na g\u00fcvenlik uyar\u0131s\u0131 yapt\u0131.","inLanguage":"tr","potentialAction":[{"@type":"ReadAction","target":["https:\/\/epochtimestr.com\/index.php\/abdden-meksika-icin-guvenlik-uyarisi"]}]},{"@type":"ImageObject","inLanguage":"tr","@id":"https:\/\/epochtimestr.com\/index.php\/abdden-meksika-icin-guvenlik-uyarisi#primaryimage","url":"https:\/\/epochtimestr.com\/wp-content\/uploads\/2011y\/1000033664.webp","contentUrl":"https:\/\/epochtimestr.com\/wp-content\/uploads\/2011y\/1000033664.webp","width":1080,"height":720},{"@type":"WebSite","@id":"https:\/\/epochtimestr.com\/#website","url":"https:\/\/epochtimestr.com\/","name":"The Epoch Times TR","description":"De\u011fi\u015fen D\u00fcnyam\u0131za Taze Bir Bak\u0131\u015f","publisher":{"@id":"https:\/\/epochtimestr.com\/#organization"},"potentialAction":[{"@type":"SearchAction","target":{"@type":"EntryPoint","urlTemplate":"https:\/\/epochtimestr.com\/?s={search_term_string}"},"query-input":"required name=search_term_string"}],"inLanguage":"tr"},{"@type":"Organization","@id":"https:\/\/epochtimestr.com\/#organization","name":"The EpochTimes T\u00fcrkiye","url":"https:\/\/epochtimestr.com\/","logo":{"@type":"ImageObject","inLanguage":"tr","@id":"https:\/\/epochtimestr.com\/#\/schema\/logo\/image\/","url":"https:\/\/epochtimestr.com\/wp-content\/uploads\/2011y\/ET-Logo-YG.jpg","contentUrl":"https:\/\/epochtimestr.com\/wp-content\/uploads\/2011y\/ET-Logo-YG.jpg","width":346,"height":29,"caption":"The EpochTimes T\u00fcrkiye"},"image":{"@id":"https:\/\/epochtimestr.com\/#\/schema\/logo\/image\/"},"sameAs":["https:\/\/www.facebook.com\/theepochtimestr","https:\/\/x.com\/TheEpochTimesTR","https:\/\/www.instagram.com\/epochtimestr"]},{"@type":"Person","@id":"https:\/\/epochtimestr.com\/#\/schema\/person\/5fef218711d76d8f232b0e1f1d7e4c0d","name":"Leo Bajelan","image":{"@type":"ImageObject","inLanguage":"tr","@id":"https:\/\/epochtimestr.com\/#\/schema\/person\/image\/","url":"https:\/\/secure.gravatar.com\/avatar\/917669146f489549e548a2e9af272df5?s=96&d=mm&r=g","contentUrl":"https:\/\/secure.gravatar.com\/avatar\/917669146f489549e548a2e9af272df5?s=96&d=mm&r=g","caption":"Leo Bajelan"},"url":"https:\/\/epochtimestr.com\/index.php\/author\/leo"}]}},"_links":{"self":[{"href":"https:\/\/epochtimestr.com\/index.php\/wp-json\/wp\/v2\/posts\/165878"}],"collection":[{"href":"https:\/\/epochtimestr.com\/index.php\/wp-json\/wp\/v2\/posts"}],"about":[{"href":"https:\/\/epochtimestr.com\/index.php\/wp-json\/wp\/v2\/types\/post"}],"author":[{"embeddable":true,"href":"https:\/\/epochtimestr.com\/index.php\/wp-json\/wp\/v2\/users\/13996"}],"replies":[{"embeddable":true,"href":"https:\/\/epochtimestr.com\/index.php\/wp-json\/wp\/v2\/comments?post=165878"}],"version-history":[{"count":2,"href":"https:\/\/epochtimestr.com\/index.php\/wp-json\/wp\/v2\/posts\/165878\/revisions"}],"predecessor-version":[{"id":165897,"href":"https:\/\/epochtimestr.com\/index.php\/wp-json\/wp\/v2\/posts\/165878\/revisions\/165897"}],"wp:featuredmedia":[{"embeddable":true,"href":"https:\/\/epochtimestr.com\/index.php\/wp-json\/wp\/v2\/media\/165879"}],"wp:attachment":[{"href":"https:\/\/epochtimestr.com\/index.php\/wp-json\/wp\/v2\/media?parent=165878"}],"wp:term":[{"taxonomy":"category","embeddable":true,"href":"https:\/\/epochtimestr.com\/index.php\/wp-json\/wp\/v2\/categories?post=165878"},{"taxonomy":"post_tag","embeddable":true,"href":"https:\/\/epochtimestr.com\/index.php\/wp-json\/wp\/v2\/tags?post=165878"}],"curies":[{"name":"wp","href":"https:\/\/api.w.org\/{rel}","templated":true}]}}