{"id":165888,"date":"2026-02-23T19:33:07","date_gmt":"2026-02-23T16:33:07","guid":{"rendered":"https:\/\/epochtimestr.com\/?p=165888"},"modified":"2026-02-23T19:33:10","modified_gmt":"2026-02-23T16:33:10","slug":"trumptan-irana-sifir-zenginlestirme-sarti","status":"publish","type":"post","link":"https:\/\/epochtimestr.com\/index.php\/trumptan-irana-sifir-zenginlestirme-sarti","title":{"rendered":"Trump\u2019tan \u0130ran\u2019a S\u0131f\u0131r Zenginle\u015ftirme \u015eart\u0131"},"content":{"rendered":"<div class=\"wp-block-image\">\n<figure class=\"aligncenter size-large\"><img loading=\"lazy\" decoding=\"async\" width=\"1775\" height=\"1200\" src=\"https:\/\/epochtimestr.com\/wp-content\/uploads\/2011y\/1000033669-1775x1200.jpg\" alt=\"Trump y\u00f6netimi, \u0130ran\u2019dan n\u00fckleer m\u00fczakerelerde s\u0131f\u0131r uranyum zenginle\u015ftirme talep ediyor, b\u00f6lgedeki askeri bask\u0131 art\u0131yor. ABD Ba\u015fkan\u0131 Donald Trump, 80. Birle\u015fmi\u015f Milletler Genel Kurulu oturumu s\u0131ras\u0131nda Steve Witkoff ile konu\u015furken. 23 Eyl\u00fcl 2025, Birle\u015fmi\u015f Milletler Genel Merkezi, New York. (The Epoch Times arac\u0131l\u0131\u011f\u0131yla, Resm\u00ee Beyaz Saray Foto\u011fraf\u0131, Daniel Torok)\" class=\"wp-image-165889\" srcset=\"https:\/\/epochtimestr.com\/wp-content\/uploads\/2011y\/1000033669-1775x1200.jpg 1775w, https:\/\/epochtimestr.com\/wp-content\/uploads\/2011y\/1000033669-300x203.jpg 300w, https:\/\/epochtimestr.com\/wp-content\/uploads\/2011y\/1000033669-150x101.jpg 150w, https:\/\/epochtimestr.com\/wp-content\/uploads\/2011y\/1000033669-768x519.jpg 768w, https:\/\/epochtimestr.com\/wp-content\/uploads\/2011y\/1000033669-1536x1038.jpg 1536w, https:\/\/epochtimestr.com\/wp-content\/uploads\/2011y\/1000033669.jpg 2000w\" sizes=\"(max-width: 1775px) 100vw, 1775px\" \/><figcaption class=\"wp-element-caption\">Trump y\u00f6netimi, \u0130ran\u2019dan n\u00fckleer m\u00fczakerelerde s\u0131f\u0131r uranyum zenginle\u015ftirme talep ediyor, b\u00f6lgedeki askeri bask\u0131 art\u0131yor. ABD Ba\u015fkan\u0131 Donald Trump, 80. Birle\u015fmi\u015f Milletler Genel Kurulu oturumu s\u0131ras\u0131nda Steve Witkoff ile konu\u015furken. 23 Eyl\u00fcl 2025, Birle\u015fmi\u015f Milletler Genel Merkezi, New York. (The Epoch Times arac\u0131l\u0131\u011f\u0131yla, Resm\u00ee Beyaz Saray Foto\u011fraf\u0131, Daniel Torok)<\/figcaption><\/figure><\/div>\n\n\n<p>Trump y\u00f6netimi, Tahran\u2019a y\u00f6nelik bask\u0131y\u0131 art\u0131r\u0131rken, ABD ile \u0130ran aras\u0131ndaki n\u00fckleer gerilim yeniden y\u00fckseldi. Washington, Orta Do\u011fu\u2019daki askeri varl\u0131\u011f\u0131n\u0131 geni\u015fletmek i\u00e7in b\u00f6lgedeki deniz ve hava unsurlar\u0131n\u0131n say\u0131s\u0131 art\u0131rd\u0131.<\/p>\n\n\n\n<p>ABD \u00d6zel Temsilcisi Steve Witkoff, Ba\u015fkan Donald Trump\u2019\u0131n <a href=\"https:\/\/www.theepochtimes.com\/us\/witkoff-confirms-trumps-red-lines-for-iran-as-us-military-buildup-expands-5988828\" target=\"_blank\" rel=\"noreferrer noopener\">\u0130ran konusundaki k\u0131rm\u0131z\u0131 \u00e7izgilerini<\/a> a\u00e7\u0131klad\u0131. Witkoff, s\u0131f\u0131r uranyum zenginle\u015ftirmenin vazge\u00e7ilmez \u015fart oldu\u011funu s\u00f6yledi. Ayr\u0131ca \u0130ran\u2019\u0131n sivil n\u00fckleer program iddias\u0131na ra\u011fmen y\u00fcksek seviyede zenginle\u015ftirme yapt\u0131\u011f\u0131n\u0131 belirtti.<\/p>\n\n\n\n<p>Witkoff, \u0130ran\u2019\u0131n uranyumu y\u00fczde 60 seviyesine kadar \u00e7\u0131kard\u0131\u011f\u0131n\u0131 belirtti. Ayr\u0131ca bu oran\u0131n sivil kullan\u0131m i\u00e7in gerekli seviyenin \u00fczerinde oldu\u011funu vurgulad\u0131. \u0130ran\u2019\u0131n k\u0131sa s\u00fcrede silah yap\u0131m\u0131na uygun malzemeye ula\u015fabilece\u011fini ve bu durumun ciddi g\u00fcvenlik tehdidi olu\u015fturdu\u011funu kaydetti.<\/p>\n\n\n\n<p>Trump y\u00f6netimi, \u0130ran\u2019\u0131n n\u00fckleer silah kapasitesine ula\u015fmas\u0131n\u0131 engellemeyi hedefliyor. Washington, askeri y\u0131\u011f\u0131na\u011f\u0131n diplomatik bask\u0131y\u0131 art\u0131rmak amac\u0131 ta\u015f\u0131d\u0131\u011f\u0131n\u0131 belirtiyor. Bununla birlikte ABD\u2019nin b\u00f6lgedeki deniz g\u00fcc\u00fc ve hava unsurlar\u0131 d\u00fcnya kamuoyunun dikkatini \u00e7ekiyor.<\/p>\n\n\n\n<p>Witkoff, Trump\u2019\u0131n \u0130ran\u2019\u0131n neden geri ad\u0131m atmad\u0131\u011f\u0131n\u0131 merak etti\u011fini aktard\u0131. ABD\u2019nin artan askeri varl\u0131\u011f\u0131na ra\u011fmen Tahran\u2019\u0131n net bir teklif sunmad\u0131\u011f\u0131n\u0131 s\u00f6yledi. Ayr\u0131ca \u0130ran\u2019\u0131n silah istemedi\u011fini a\u00e7\u0131k\u00e7a ortaya koymas\u0131 gerekti\u011fini ifade etti.<\/p>\n\n\n\n<p>Trump, <a href=\"https:\/\/epochtimestr.com\/index.php\/iran-ve-abd-temel-prensipler-uzerinde-anlasti\" target=\"_blank\" rel=\"noreferrer noopener\">m\u00fczakereler i\u00e7in s\u0131n\u0131rl\u0131 s\u00fcre <\/a>tan\u0131d\u0131\u011f\u0131n\u0131 ve \u00f6n\u00fcm\u00fczdeki g\u00fcnlerin kritik oldu\u011funu belirtti. Ard\u0131ndan anlaml\u0131 bir anla\u015fma sa\u011flanmamas\u0131 halinde farkl\u0131 ad\u0131mlar at\u0131labilece\u011fini de s\u00f6zlerine ekledi.<\/p>\n\n\n\n<p>ABD, ge\u00e7en y\u0131l \u0130ran\u2019\u0131n n\u00fckleer tesislerine y\u00f6nelik sald\u0131r\u0131lar\u0131 hat\u0131rlatarak bu ad\u0131mlar\u0131n daha b\u00fcy\u00fck hamlelerin habercisi olabilece\u011fi mesaj\u0131 verdi. Washington, Tahran\u2019\u0131n talepleri kabul etmemesi halinde se\u00e7eneklerin masada oldu\u011funu vurgulad\u0131.<\/p>\n\n\n\n<p>Buna kar\u015f\u0131l\u0131k \u0130ran ise n\u00fckleer program\u0131n\u0131n bar\u0131\u015f\u00e7\u0131l oldu\u011funu iddia ediyor. Ancak y\u00fcksek zenginle\u015ftirme oran\u0131 uluslararas\u0131 toplumda endi\u015fe yarat\u0131yor. B\u00f6lgedeki askeri hareketlilik k\u00fcresel piyasalar taraf\u0131ndan da yak\u0131ndan izleniyor. Bununla birlikte diplomatik \u00e7\u00f6z\u00fcm ihtimali belirsizli\u011fini koruyor.<\/p>\n","protected":false},"excerpt":{"rendered":"<p>Trump y\u00f6netimi, Tahran\u2019a y\u00f6nelik bask\u0131y\u0131 art\u0131r\u0131rken, ABD ile \u0130ran aras\u0131ndaki n\u00fckleer gerilim yeniden y\u00fckseldi. Washington, Orta Do\u011fu\u2019daki askeri varl\u0131\u011f\u0131n\u0131 geni\u015fletmek i\u00e7in b\u00f6lgedeki deniz ve hava unsurlar\u0131n\u0131n say\u0131s\u0131 art\u0131rd\u0131. ABD \u00d6zel Temsilcisi Steve Witkoff, Ba\u015fkan Donald Trump\u2019\u0131n \u0130ran konusundaki k\u0131rm\u0131z\u0131 \u00e7izgilerini a\u00e7\u0131klad\u0131. Witkoff, s\u0131f\u0131r uranyum zenginle\u015ftirmenin vazge\u00e7ilmez \u015fart oldu\u011funu s\u00f6yledi. Ayr\u0131ca \u0130ran\u2019\u0131n sivil n\u00fckleer program iddias\u0131na [&hellip;]<\/p>\n","protected":false},"author":13996,"featured_media":165889,"comment_status":"open","ping_status":"open","sticky":false,"template":"","format":"standard","meta":{"_yoast_wpseo_focuskw":"S\u0131f\u0131r Zenginle\u015ftirme","_yoast_wpseo_title":"","_yoast_wpseo_metadesc":"Trump y\u00f6netimi, \u0130ran\u2019dan n\u00fckleer m\u00fczakerelerde s\u0131f\u0131r uranyum zenginle\u015ftirme \u015fart\u0131 talep ediyor, b\u00f6lgedeki askeri bask\u0131 art\u0131r\u0131l\u0131yor.","_bbp_topic_count":0,"_bbp_reply_count":0,"_bbp_total_topic_count":0,"_bbp_total_reply_count":0,"_bbp_voice_count":0,"_bbp_anonymous_reply_count":0,"_bbp_topic_count_hidden":0,"_bbp_reply_count_hidden":0,"_bbp_forum_subforum_count":0,"footnotes":"","_yoast_wpseo_focuskw_text_input":""},"categories":[5,8138],"tags":[10435,8828,10838,10834,9269,4637,5764,8853,3877],"yoast_head":"<!-- This site is optimized with the Yoast SEO plugin v23.0 - https:\/\/yoast.com\/wordpress\/plugins\/seo\/ -->\n<title>Trump\u2019tan \u0130ran\u2019a S\u0131f\u0131r Zenginle\u015ftirme \u015eart\u0131 - The Epoch Times TR<\/title>\n<meta name=\"description\" content=\"Trump y\u00f6netimi, \u0130ran\u2019dan n\u00fckleer m\u00fczakerelerde s\u0131f\u0131r uranyum zenginle\u015ftirme \u015fart\u0131 talep ediyor, b\u00f6lgedeki askeri bask\u0131 art\u0131r\u0131l\u0131yor.\" \/>\n<meta name=\"robots\" content=\"index, follow, max-snippet:-1, max-image-preview:large, max-video-preview:-1\" \/>\n<link rel=\"canonical\" href=\"https:\/\/epochtimestr.com\/index.php\/trumptan-irana-sifir-zenginlestirme-sarti\" \/>\n<meta property=\"og:locale\" content=\"tr_TR\" \/>\n<meta property=\"og:type\" content=\"article\" \/>\n<meta property=\"og:title\" content=\"Trump\u2019tan \u0130ran\u2019a S\u0131f\u0131r Zenginle\u015ftirme \u015eart\u0131 - The Epoch Times TR\" \/>\n<meta property=\"og:description\" content=\"Trump y\u00f6netimi, \u0130ran\u2019dan n\u00fckleer m\u00fczakerelerde s\u0131f\u0131r uranyum zenginle\u015ftirme \u015fart\u0131 talep ediyor, b\u00f6lgedeki askeri bask\u0131 art\u0131r\u0131l\u0131yor.\" \/>\n<meta property=\"og:url\" content=\"https:\/\/epochtimestr.com\/index.php\/trumptan-irana-sifir-zenginlestirme-sarti\" \/>\n<meta property=\"og:site_name\" content=\"The Epoch Times TR\" \/>\n<meta property=\"article:publisher\" content=\"https:\/\/www.facebook.com\/theepochtimestr\" \/>\n<meta property=\"article:published_time\" content=\"2026-02-23T16:33:07+00:00\" \/>\n<meta property=\"article:modified_time\" content=\"2026-02-23T16:33:10+00:00\" \/>\n<meta property=\"og:image\" content=\"https:\/\/epochtimestr.com\/wp-content\/uploads\/2011y\/1000033669.jpg\" \/>\n\t<meta property=\"og:image:width\" content=\"2000\" \/>\n\t<meta property=\"og:image:height\" content=\"1352\" \/>\n\t<meta property=\"og:image:type\" content=\"image\/jpeg\" \/>\n<meta name=\"author\" content=\"Leo Bajelan\" \/>\n<meta name=\"twitter:card\" content=\"summary_large_image\" \/>\n<meta name=\"twitter:creator\" content=\"@TheEpochTimesTR\" \/>\n<meta name=\"twitter:site\" content=\"@TheEpochTimesTR\" \/>\n<meta name=\"twitter:label1\" content=\"Yazan:\" \/>\n\t<meta name=\"twitter:data1\" content=\"Leo Bajelan\" \/>\n\t<meta name=\"twitter:label2\" content=\"Tahmini okuma s\u00fcresi\" \/>\n\t<meta name=\"twitter:data2\" content=\"3 dakika\" \/>\n<script type=\"application\/ld+json\" class=\"yoast-schema-graph\">{\"@context\":\"https:\/\/schema.org\",\"@graph\":[{\"@type\":\"Article\",\"@id\":\"https:\/\/epochtimestr.com\/index.php\/trumptan-irana-sifir-zenginlestirme-sarti#article\",\"isPartOf\":{\"@id\":\"https:\/\/epochtimestr.com\/index.php\/trumptan-irana-sifir-zenginlestirme-sarti\"},\"author\":{\"name\":\"Leo Bajelan\",\"@id\":\"https:\/\/epochtimestr.com\/#\/schema\/person\/5fef218711d76d8f232b0e1f1d7e4c0d\"},\"headline\":\"Trump\u2019tan \u0130ran\u2019a S\u0131f\u0131r Zenginle\u015ftirme \u015eart\u0131\",\"datePublished\":\"2026-02-23T16:33:07+00:00\",\"dateModified\":\"2026-02-23T16:33:10+00:00\",\"mainEntityOfPage\":{\"@id\":\"https:\/\/epochtimestr.com\/index.php\/trumptan-irana-sifir-zenginlestirme-sarti\"},\"wordCount\":457,\"commentCount\":0,\"publisher\":{\"@id\":\"https:\/\/epochtimestr.com\/#organization\"},\"image\":{\"@id\":\"https:\/\/epochtimestr.com\/index.php\/trumptan-irana-sifir-zenginlestirme-sarti#primaryimage\"},\"thumbnailUrl\":\"https:\/\/epochtimestr.com\/wp-content\/uploads\/2011y\/1000033669.jpg\",\"keywords\":[\"diplomatik bask\u0131\",\"\u0130ran n\u00fckleer\",\"n\u00fckleer gerilim\",\"S\u0131f\u0131r Zenginle\u015ftirme \u015eart\u0131\",\"Steve Witkoff\",\"tahran\",\"Trump\",\"uranyum zenginle\u015ftirme\",\"washington\"],\"articleSection\":[\"D\u00dcNYA\",\"MAN\u015eET\"],\"inLanguage\":\"tr\",\"potentialAction\":[{\"@type\":\"CommentAction\",\"name\":\"Comment\",\"target\":[\"https:\/\/epochtimestr.com\/index.php\/trumptan-irana-sifir-zenginlestirme-sarti#respond\"]}]},{\"@type\":\"WebPage\",\"@id\":\"https:\/\/epochtimestr.com\/index.php\/trumptan-irana-sifir-zenginlestirme-sarti\",\"url\":\"https:\/\/epochtimestr.com\/index.php\/trumptan-irana-sifir-zenginlestirme-sarti\",\"name\":\"Trump\u2019tan \u0130ran\u2019a S\u0131f\u0131r Zenginle\u015ftirme \u015eart\u0131 - The Epoch Times TR\",\"isPartOf\":{\"@id\":\"https:\/\/epochtimestr.com\/#website\"},\"primaryImageOfPage\":{\"@id\":\"https:\/\/epochtimestr.com\/index.php\/trumptan-irana-sifir-zenginlestirme-sarti#primaryimage\"},\"image\":{\"@id\":\"https:\/\/epochtimestr.com\/index.php\/trumptan-irana-sifir-zenginlestirme-sarti#primaryimage\"},\"thumbnailUrl\":\"https:\/\/epochtimestr.com\/wp-content\/uploads\/2011y\/1000033669.jpg\",\"datePublished\":\"2026-02-23T16:33:07+00:00\",\"dateModified\":\"2026-02-23T16:33:10+00:00\",\"description\":\"Trump y\u00f6netimi, \u0130ran\u2019dan n\u00fckleer m\u00fczakerelerde s\u0131f\u0131r uranyum zenginle\u015ftirme \u015fart\u0131 talep ediyor, b\u00f6lgedeki askeri bask\u0131 art\u0131r\u0131l\u0131yor.\",\"inLanguage\":\"tr\",\"potentialAction\":[{\"@type\":\"ReadAction\",\"target\":[\"https:\/\/epochtimestr.com\/index.php\/trumptan-irana-sifir-zenginlestirme-sarti\"]}]},{\"@type\":\"ImageObject\",\"inLanguage\":\"tr\",\"@id\":\"https:\/\/epochtimestr.com\/index.php\/trumptan-irana-sifir-zenginlestirme-sarti#primaryimage\",\"url\":\"https:\/\/epochtimestr.com\/wp-content\/uploads\/2011y\/1000033669.jpg\",\"contentUrl\":\"https:\/\/epochtimestr.com\/wp-content\/uploads\/2011y\/1000033669.jpg\",\"width\":2000,\"height\":1352},{\"@type\":\"WebSite\",\"@id\":\"https:\/\/epochtimestr.com\/#website\",\"url\":\"https:\/\/epochtimestr.com\/\",\"name\":\"The Epoch Times TR\",\"description\":\"De\u011fi\u015fen D\u00fcnyam\u0131za Taze Bir Bak\u0131\u015f\",\"publisher\":{\"@id\":\"https:\/\/epochtimestr.com\/#organization\"},\"potentialAction\":[{\"@type\":\"SearchAction\",\"target\":{\"@type\":\"EntryPoint\",\"urlTemplate\":\"https:\/\/epochtimestr.com\/?s={search_term_string}\"},\"query-input\":\"required name=search_term_string\"}],\"inLanguage\":\"tr\"},{\"@type\":\"Organization\",\"@id\":\"https:\/\/epochtimestr.com\/#organization\",\"name\":\"The EpochTimes T\u00fcrkiye\",\"url\":\"https:\/\/epochtimestr.com\/\",\"logo\":{\"@type\":\"ImageObject\",\"inLanguage\":\"tr\",\"@id\":\"https:\/\/epochtimestr.com\/#\/schema\/logo\/image\/\",\"url\":\"https:\/\/epochtimestr.com\/wp-content\/uploads\/2011y\/ET-Logo-YG.jpg\",\"contentUrl\":\"https:\/\/epochtimestr.com\/wp-content\/uploads\/2011y\/ET-Logo-YG.jpg\",\"width\":346,\"height\":29,\"caption\":\"The EpochTimes T\u00fcrkiye\"},\"image\":{\"@id\":\"https:\/\/epochtimestr.com\/#\/schema\/logo\/image\/\"},\"sameAs\":[\"https:\/\/www.facebook.com\/theepochtimestr\",\"https:\/\/x.com\/TheEpochTimesTR\",\"https:\/\/www.instagram.com\/epochtimestr\"]},{\"@type\":\"Person\",\"@id\":\"https:\/\/epochtimestr.com\/#\/schema\/person\/5fef218711d76d8f232b0e1f1d7e4c0d\",\"name\":\"Leo Bajelan\",\"image\":{\"@type\":\"ImageObject\",\"inLanguage\":\"tr\",\"@id\":\"https:\/\/epochtimestr.com\/#\/schema\/person\/image\/\",\"url\":\"https:\/\/secure.gravatar.com\/avatar\/917669146f489549e548a2e9af272df5?s=96&d=mm&r=g\",\"contentUrl\":\"https:\/\/secure.gravatar.com\/avatar\/917669146f489549e548a2e9af272df5?s=96&d=mm&r=g\",\"caption\":\"Leo Bajelan\"},\"url\":\"https:\/\/epochtimestr.com\/index.php\/author\/leo\"}]}<\/script>\n<!-- \/ Yoast SEO plugin. -->","yoast_head_json":{"title":"Trump\u2019tan \u0130ran\u2019a S\u0131f\u0131r Zenginle\u015ftirme \u015eart\u0131 - The Epoch Times TR","description":"Trump y\u00f6netimi, \u0130ran\u2019dan n\u00fckleer m\u00fczakerelerde s\u0131f\u0131r uranyum zenginle\u015ftirme \u015fart\u0131 talep ediyor, b\u00f6lgedeki askeri bask\u0131 art\u0131r\u0131l\u0131yor.","robots":{"index":"index","follow":"follow","max-snippet":"max-snippet:-1","max-image-preview":"max-image-preview:large","max-video-preview":"max-video-preview:-1"},"canonical":"https:\/\/epochtimestr.com\/index.php\/trumptan-irana-sifir-zenginlestirme-sarti","og_locale":"tr_TR","og_type":"article","og_title":"Trump\u2019tan \u0130ran\u2019a S\u0131f\u0131r Zenginle\u015ftirme \u015eart\u0131 - The Epoch Times TR","og_description":"Trump y\u00f6netimi, \u0130ran\u2019dan n\u00fckleer m\u00fczakerelerde s\u0131f\u0131r uranyum zenginle\u015ftirme \u015fart\u0131 talep ediyor, b\u00f6lgedeki askeri bask\u0131 art\u0131r\u0131l\u0131yor.","og_url":"https:\/\/epochtimestr.com\/index.php\/trumptan-irana-sifir-zenginlestirme-sarti","og_site_name":"The Epoch Times TR","article_publisher":"https:\/\/www.facebook.com\/theepochtimestr","article_published_time":"2026-02-23T16:33:07+00:00","article_modified_time":"2026-02-23T16:33:10+00:00","og_image":[{"width":2000,"height":1352,"url":"https:\/\/epochtimestr.com\/wp-content\/uploads\/2011y\/1000033669.jpg","type":"image\/jpeg"}],"author":"Leo Bajelan","twitter_card":"summary_large_image","twitter_creator":"@TheEpochTimesTR","twitter_site":"@TheEpochTimesTR","twitter_misc":{"Yazan:":"Leo Bajelan","Tahmini okuma s\u00fcresi":"3 dakika"},"schema":{"@context":"https:\/\/schema.org","@graph":[{"@type":"Article","@id":"https:\/\/epochtimestr.com\/index.php\/trumptan-irana-sifir-zenginlestirme-sarti#article","isPartOf":{"@id":"https:\/\/epochtimestr.com\/index.php\/trumptan-irana-sifir-zenginlestirme-sarti"},"author":{"name":"Leo Bajelan","@id":"https:\/\/epochtimestr.com\/#\/schema\/person\/5fef218711d76d8f232b0e1f1d7e4c0d"},"headline":"Trump\u2019tan \u0130ran\u2019a S\u0131f\u0131r Zenginle\u015ftirme \u015eart\u0131","datePublished":"2026-02-23T16:33:07+00:00","dateModified":"2026-02-23T16:33:10+00:00","mainEntityOfPage":{"@id":"https:\/\/epochtimestr.com\/index.php\/trumptan-irana-sifir-zenginlestirme-sarti"},"wordCount":457,"commentCount":0,"publisher":{"@id":"https:\/\/epochtimestr.com\/#organization"},"image":{"@id":"https:\/\/epochtimestr.com\/index.php\/trumptan-irana-sifir-zenginlestirme-sarti#primaryimage"},"thumbnailUrl":"https:\/\/epochtimestr.com\/wp-content\/uploads\/2011y\/1000033669.jpg","keywords":["diplomatik bask\u0131","\u0130ran n\u00fckleer","n\u00fckleer gerilim","S\u0131f\u0131r Zenginle\u015ftirme \u015eart\u0131","Steve Witkoff","tahran","Trump","uranyum zenginle\u015ftirme","washington"],"articleSection":["D\u00dcNYA","MAN\u015eET"],"inLanguage":"tr","potentialAction":[{"@type":"CommentAction","name":"Comment","target":["https:\/\/epochtimestr.com\/index.php\/trumptan-irana-sifir-zenginlestirme-sarti#respond"]}]},{"@type":"WebPage","@id":"https:\/\/epochtimestr.com\/index.php\/trumptan-irana-sifir-zenginlestirme-sarti","url":"https:\/\/epochtimestr.com\/index.php\/trumptan-irana-sifir-zenginlestirme-sarti","name":"Trump\u2019tan \u0130ran\u2019a S\u0131f\u0131r Zenginle\u015ftirme \u015eart\u0131 - The Epoch Times TR","isPartOf":{"@id":"https:\/\/epochtimestr.com\/#website"},"primaryImageOfPage":{"@id":"https:\/\/epochtimestr.com\/index.php\/trumptan-irana-sifir-zenginlestirme-sarti#primaryimage"},"image":{"@id":"https:\/\/epochtimestr.com\/index.php\/trumptan-irana-sifir-zenginlestirme-sarti#primaryimage"},"thumbnailUrl":"https:\/\/epochtimestr.com\/wp-content\/uploads\/2011y\/1000033669.jpg","datePublished":"2026-02-23T16:33:07+00:00","dateModified":"2026-02-23T16:33:10+00:00","description":"Trump y\u00f6netimi, \u0130ran\u2019dan n\u00fckleer m\u00fczakerelerde s\u0131f\u0131r uranyum zenginle\u015ftirme \u015fart\u0131 talep ediyor, b\u00f6lgedeki askeri bask\u0131 art\u0131r\u0131l\u0131yor.","inLanguage":"tr","potentialAction":[{"@type":"ReadAction","target":["https:\/\/epochtimestr.com\/index.php\/trumptan-irana-sifir-zenginlestirme-sarti"]}]},{"@type":"ImageObject","inLanguage":"tr","@id":"https:\/\/epochtimestr.com\/index.php\/trumptan-irana-sifir-zenginlestirme-sarti#primaryimage","url":"https:\/\/epochtimestr.com\/wp-content\/uploads\/2011y\/1000033669.jpg","contentUrl":"https:\/\/epochtimestr.com\/wp-content\/uploads\/2011y\/1000033669.jpg","width":2000,"height":1352},{"@type":"WebSite","@id":"https:\/\/epochtimestr.com\/#website","url":"https:\/\/epochtimestr.com\/","name":"The Epoch Times TR","description":"De\u011fi\u015fen D\u00fcnyam\u0131za Taze Bir Bak\u0131\u015f","publisher":{"@id":"https:\/\/epochtimestr.com\/#organization"},"potentialAction":[{"@type":"SearchAction","target":{"@type":"EntryPoint","urlTemplate":"https:\/\/epochtimestr.com\/?s={search_term_string}"},"query-input":"required name=search_term_string"}],"inLanguage":"tr"},{"@type":"Organization","@id":"https:\/\/epochtimestr.com\/#organization","name":"The EpochTimes T\u00fcrkiye","url":"https:\/\/epochtimestr.com\/","logo":{"@type":"ImageObject","inLanguage":"tr","@id":"https:\/\/epochtimestr.com\/#\/schema\/logo\/image\/","url":"https:\/\/epochtimestr.com\/wp-content\/uploads\/2011y\/ET-Logo-YG.jpg","contentUrl":"https:\/\/epochtimestr.com\/wp-content\/uploads\/2011y\/ET-Logo-YG.jpg","width":346,"height":29,"caption":"The EpochTimes T\u00fcrkiye"},"image":{"@id":"https:\/\/epochtimestr.com\/#\/schema\/logo\/image\/"},"sameAs":["https:\/\/www.facebook.com\/theepochtimestr","https:\/\/x.com\/TheEpochTimesTR","https:\/\/www.instagram.com\/epochtimestr"]},{"@type":"Person","@id":"https:\/\/epochtimestr.com\/#\/schema\/person\/5fef218711d76d8f232b0e1f1d7e4c0d","name":"Leo Bajelan","image":{"@type":"ImageObject","inLanguage":"tr","@id":"https:\/\/epochtimestr.com\/#\/schema\/person\/image\/","url":"https:\/\/secure.gravatar.com\/avatar\/917669146f489549e548a2e9af272df5?s=96&d=mm&r=g","contentUrl":"https:\/\/secure.gravatar.com\/avatar\/917669146f489549e548a2e9af272df5?s=96&d=mm&r=g","caption":"Leo Bajelan"},"url":"https:\/\/epochtimestr.com\/index.php\/author\/leo"}]}},"_links":{"self":[{"href":"https:\/\/epochtimestr.com\/index.php\/wp-json\/wp\/v2\/posts\/165888"}],"collection":[{"href":"https:\/\/epochtimestr.com\/index.php\/wp-json\/wp\/v2\/posts"}],"about":[{"href":"https:\/\/epochtimestr.com\/index.php\/wp-json\/wp\/v2\/types\/post"}],"author":[{"embeddable":true,"href":"https:\/\/epochtimestr.com\/index.php\/wp-json\/wp\/v2\/users\/13996"}],"replies":[{"embeddable":true,"href":"https:\/\/epochtimestr.com\/index.php\/wp-json\/wp\/v2\/comments?post=165888"}],"version-history":[{"count":2,"href":"https:\/\/epochtimestr.com\/index.php\/wp-json\/wp\/v2\/posts\/165888\/revisions"}],"predecessor-version":[{"id":165899,"href":"https:\/\/epochtimestr.com\/index.php\/wp-json\/wp\/v2\/posts\/165888\/revisions\/165899"}],"wp:featuredmedia":[{"embeddable":true,"href":"https:\/\/epochtimestr.com\/index.php\/wp-json\/wp\/v2\/media\/165889"}],"wp:attachment":[{"href":"https:\/\/epochtimestr.com\/index.php\/wp-json\/wp\/v2\/media?parent=165888"}],"wp:term":[{"taxonomy":"category","embeddable":true,"href":"https:\/\/epochtimestr.com\/index.php\/wp-json\/wp\/v2\/categories?post=165888"},{"taxonomy":"post_tag","embeddable":true,"href":"https:\/\/epochtimestr.com\/index.php\/wp-json\/wp\/v2\/tags?post=165888"}],"curies":[{"name":"wp","href":"https:\/\/api.w.org\/{rel}","templated":true}]}}