{"id":165904,"date":"2026-02-24T08:42:55","date_gmt":"2026-02-24T05:42:55","guid":{"rendered":"https:\/\/epochtimestr.com\/?p=165904"},"modified":"2026-02-24T08:42:57","modified_gmt":"2026-02-24T05:42:57","slug":"kulturel-isgal-ucuncu-dunyanin-intikami","status":"publish","type":"post","link":"https:\/\/epochtimestr.com\/index.php\/kulturel-isgal-ucuncu-dunyanin-intikami","title":{"rendered":"K\u00fclt\u00fcrel \u0130\u015fgal \u00dc\u00e7\u00fcnc\u00fc D\u00fcnyan\u0131n \u0130ntikam\u0131"},"content":{"rendered":"\n<p class=\"has-text-align-right\">&#8220;D\u00fc\u015fman devletler yoktur, d\u00fc\u015fman elitler vard\u0131r&#8221;<\/p>\n\n\n\n<p>ABD ba\u015fkan yard\u0131mc\u0131s\u0131 Vance, 20 y\u0131l i\u00e7erisinde Bat\u0131 Avrupa n\u00fckleer silahlar\u0131n\u0131n o \u00fclkelerdeki i\u015f ba\u015f\u0131na gelecek M\u00fcsl\u00fcman h\u00fck\u00fcmetlerin eline d\u00fc\u015febilme ihtimalinden bahsetti. Vance, &#8220;g\u00fcn\u00fcm\u00fczde dost ve m\u00fcttefik sayd\u0131\u011f\u0131m\u0131z \u00fclkelerin yo\u011fun g\u00f6\u00e7ten (bilhassa M\u00fcsl\u00fcman co\u011frafyalardan) dolay\u0131 M\u00fcsl\u00fcman \u00fclkeler h\u00fcviyetine b\u00fcr\u00fcnebilece\u011fi ihtimalinin olduk\u00e7a y\u00fcksek oldu\u011funu ve olas\u0131 b\u00f6yle bir durumun ABD i\u00e7in yeni bir g\u00fcvenlik riski ta\u015f\u0131yaca\u011f\u0131n\u0131&#8221; a\u00e7\u0131klad\u0131.<\/p>\n\n\n\n<p>G\u00fcn\u00fcm\u00fczde Bat\u0131 Avrupa&#8217;n\u0131n b\u00fcy\u00fck \u015fehirleri, bilhassa Londra, Paris, Berlin, Br\u00fcksel adeta g\u00f6\u00e7men ku\u015fatmas\u0131 alt\u0131ndad\u0131r. G\u00f6\u00e7men ku\u015fatmas\u0131 derken, sadece son y\u0131llarda gelenlerle de\u011fil elbette. \u0130kinci d\u00fcnya sava\u015f\u0131 sonras\u0131nda ba\u015flayan, artarak devam eden bir ivme bu.<\/p>\n\n\n\n<p>Bug\u00fcn 4. ku\u015fak g\u00f6\u00e7menler d\u00e2hi, oralar\u0131n vatanda\u015flar\u0131 olmalar\u0131na ra\u011fmen, yerle\u015fik Avrupal\u0131lar taraf\u0131ndan, ten renklerinden veya k\u00fclt\u00fcr, din farkl\u0131l\u0131\u011f\u0131ndan \u00f6t\u00fcr\u00fc, Avrupal\u0131 olarak g\u00f6r\u00fclmemektedir. Kald\u0131 ki son y\u0131llarda gelenler&#8230; Zira onlar hen\u00fcz Avrupa toplumuna entegre bile de\u011filler. \u00c7o\u011fu sosyal yard\u0131mlarla ya\u015famakta ve ge\u00e7ici, d\u00fc\u015f\u00fck profilli i\u015flerde \u00e7al\u0131\u015fmaktalar.<\/p>\n\n\n\n<p>Bu gidi\u015fle sar\u0131\u015f\u0131n, beyaz Hristiyan Avrupal\u0131lar, \u00fcrememe sorunu nedeniyle de az\u0131nl\u0131k konumuna d\u00fc\u015fme tehlikesi ile kar\u015f\u0131 kar\u015f\u0131yad\u0131r. 2050&#8217;li y\u0131llarda, Avrupa&#8217;da &#8216;avroasyal\u0131&#8217; denen yeni bir \u0131rk\u0131n orada h\u00e2kimiyeti ele ge\u00e7irece\u011fi \u00f6ng\u00f6r\u00fcs\u00fc \u00e7ok yayg\u0131nd\u0131r.<\/p>\n\n\n\n<p>G\u00f6\u00e7 olgusunun alt\u0131nda yatan nedenler nelerdir? \u00c7o\u011fu insan buna Avrupa&#8217;n\u0131n ihtiya\u00e7 duydu\u011fu i\u015fg\u00fcc\u00fc a\u00e7\u0131\u011f\u0131 olarak niteleyebilir ki bu, b\u00fcy\u00fck oranda do\u011frudur. \u0130\u015fg\u00fcc\u00fc ihtiyac\u0131 i\u015f\u00e7ileri \u00e7ekti. \u0130\u015f\u00e7iler de ailelerini, akrabalar\u0131n\u0131 \u00e7ekti sonralar\u0131. Asl\u0131nda hesap \u00e7ok basitti. \u0130\u015f\u00e7iler gelecek, i\u015fleri yapacak ve \u00fclkelerine geri d\u00f6neceklerdi. Fakat evdeki hesap soka\u011fa uymad\u0131. Gelenler b\u00fcy\u00fck oranda kal\u0131c\u0131 olmaya ba\u015flad\u0131lar.<\/p>\n\n\n\n<p>Misafir i\u015f\u00e7ilerin yan\u0131 s\u0131ra \u0130ngiliz, Frans\u0131z, Hollanda s\u00f6m\u00fcrgelerinden gelenler, kolayca yerle\u015ftiler, kolayca vatanda\u015f oldular. T\u00fcm bunlara \u00f6\u011frencileri, i\u015f insanlar\u0131n\u0131 falan ekledi\u011finizde say\u0131ca kabar\u0131k rakamlar olu\u015ftu.<\/p>\n\n\n\n<p>Sonralar\u0131 sava\u015flardan, krizlerden gelen s\u0131\u011f\u0131nmac\u0131lar\u0131 ve de \u00fcst\u00fcne \u00fcstl\u00fck ka\u00e7aklar\u0131, ilticac\u0131lar\u0131 ekledi\u011finizde Avrupa&#8217;da sosyal d\u00fczen alt\u00fcst oldu. Bir de buna Avrupa ekonomilerindeki geri gidi\u015fi ekleyin! \u0130\u015fler ger\u00e7ekten i\u00e7inden \u00e7\u0131k\u0131lmaz h\u00e2l ald\u0131.<\/p>\n\n\n\n<p>Avrupa&#8217;ya g\u00f6\u00e7\u00fcn bilinen seyrinden bahsettim \u015fu ana dek. Fakat bir de bunun komplo teorisi var ki \u00e7ok mant\u0131kl\u0131 ve yerine oturan cinsten. O da \u015fu: Avrupa&#8217;n\u0131n g\u00f6\u00e7 bask\u0131s\u0131 alt\u0131nda inlemesini, Siyonist k\u00fcreselci akla ba\u011flayanlar var. \u00c7\u00fcnk\u00fc &#8220;Avrupa toplumlar\u0131n\u0131n melezle\u015fmesi en \u00e7ok H\u0131ristiyan Avrupa&#8217;dan d\u00fc\u015fmanl\u0131k g\u00f6rm\u00fc\u015f Yahudilerin i\u015fine gelir&#8221; denmektedir. Bir de tabii &#8220;tek d\u00fcnya devleti amac\u0131 g\u00fcden k\u00fcreselciler bundan olumlu faydalan\u0131r&#8221; deniyor.<\/p>\n\n\n\n<p>Soros ekibinin bu konuda epey \u00e7aba sarf etti\u011fi, \u00fclkelerde k\u00fcreselci, ulus \u00fcst\u00fc kurumlar\u0131n g\u00fc\u00e7lenmesini arzulayan kesimlerin iktidara gelmesi y\u00f6n\u00fcndeki gayretleri bellidir ki Ukrayna&#8217;daki turuncu devrim onlar\u0131n eseridir. Turuncu devrimler, daha \u00e7ok demokrasi, insan haklar\u0131 konular\u0131n\u0131 kullanarak ba\u015far\u0131 elde etti. \u00c7\u00fcnk\u00fc insanlar, demokrasi, insan, \u00e7evre, \u00e7ocuk, kad\u0131n haklar\u0131 dendi\u011finde \u00e7ok duygusal ve m\u00fccadeleci tav\u0131r al\u0131rlar.<\/p>\n\n\n\n<p>\u0130nsanlar\u0131n bu duygusal ve m\u00fccadeleci taraflar\u0131 y\u0131llar boyu Siyonistler ve k\u00fcresel elitler taraf\u0131ndan g\u00fczel kullan\u0131lm\u0131\u015ft\u0131r. Avrupa kamuoylar\u0131 on y\u0131llarca bu politikaya alet edilerek, ekonomileri ve sosyal d\u00fczenleri bozulmu\u015ftur.<\/p>\n\n\n\n<p>Avrupa&#8217;da a\u015f\u0131r\u0131 sa\u011f milliyet\u00e7i, dini hassasiyet ta\u015f\u0131yan ak\u0131mlar\u0131n g\u00fc\u00e7lenmesinin alt\u0131nda yatan temel olgu, sol-liberal, g\u00f6\u00e7men dostu politikalard\u0131r. Avrupa k\u0131tas\u0131 Siyonist zokay\u0131 fena yutmu\u015ftur ve buradan \u00e7\u0131k\u0131\u015f pek m\u00fcmk\u00fcn g\u00f6r\u00fcnmemektedir.<\/p>\n","protected":false},"excerpt":{"rendered":"<p>&#8220;D\u00fc\u015fman devletler yoktur, d\u00fc\u015fman elitler vard\u0131r&#8221; ABD ba\u015fkan yard\u0131mc\u0131s\u0131 Vance, 20 y\u0131l i\u00e7erisinde Bat\u0131 Avrupa n\u00fckleer silahlar\u0131n\u0131n o \u00fclkelerdeki i\u015f ba\u015f\u0131na gelecek M\u00fcsl\u00fcman h\u00fck\u00fcmetlerin eline d\u00fc\u015febilme ihtimalinden bahsetti. Vance, &#8220;g\u00fcn\u00fcm\u00fczde dost ve m\u00fcttefik sayd\u0131\u011f\u0131m\u0131z \u00fclkelerin yo\u011fun g\u00f6\u00e7ten (bilhassa M\u00fcsl\u00fcman co\u011frafyalardan) dolay\u0131 M\u00fcsl\u00fcman \u00fclkeler h\u00fcviyetine b\u00fcr\u00fcnebilece\u011fi ihtimalinin olduk\u00e7a y\u00fcksek oldu\u011funu ve olas\u0131 b\u00f6yle bir durumun ABD [&hellip;]<\/p>\n","protected":false},"author":14001,"featured_media":161038,"comment_status":"open","ping_status":"open","sticky":false,"template":"","format":"standard","meta":{"_yoast_wpseo_focuskw":"Avrupa - G\u00f6\u00e7men","_yoast_wpseo_title":"","_yoast_wpseo_metadesc":"G\u00fcn\u00fcm\u00fczde Bat\u0131 Avrupa'n\u0131n b\u00fcy\u00fck \u015fehirleri, bilhassa Londra, Paris, Berlin, Br\u00fcksel adeta g\u00f6\u00e7men ku\u015fatmas\u0131 alt\u0131ndad\u0131r.","_bbp_topic_count":0,"_bbp_reply_count":0,"_bbp_total_topic_count":0,"_bbp_total_reply_count":0,"_bbp_voice_count":0,"_bbp_anonymous_reply_count":0,"_bbp_topic_count_hidden":0,"_bbp_reply_count_hidden":0,"_bbp_forum_subforum_count":0,"footnotes":"","_yoast_wpseo_focuskw_text_input":""},"categories":[9170],"tags":[],"yoast_head":"<!-- This site is optimized with the Yoast SEO plugin v23.0 - https:\/\/yoast.com\/wordpress\/plugins\/seo\/ -->\n<title>K\u00fclt\u00fcrel \u0130\u015fgal \u00dc\u00e7\u00fcnc\u00fc D\u00fcnyan\u0131n \u0130ntikam\u0131 - The Epoch Times TR<\/title>\n<meta name=\"description\" content=\"G\u00fcn\u00fcm\u00fczde Bat\u0131 Avrupa&#039;n\u0131n b\u00fcy\u00fck \u015fehirleri, bilhassa Londra, Paris, Berlin, Br\u00fcksel adeta g\u00f6\u00e7men ku\u015fatmas\u0131 alt\u0131ndad\u0131r.\" \/>\n<meta name=\"robots\" content=\"index, follow, max-snippet:-1, max-image-preview:large, max-video-preview:-1\" \/>\n<link rel=\"canonical\" href=\"https:\/\/epochtimestr.com\/index.php\/kulturel-isgal-ucuncu-dunyanin-intikami\" \/>\n<meta property=\"og:locale\" content=\"tr_TR\" \/>\n<meta property=\"og:type\" content=\"article\" \/>\n<meta property=\"og:title\" content=\"K\u00fclt\u00fcrel \u0130\u015fgal \u00dc\u00e7\u00fcnc\u00fc D\u00fcnyan\u0131n \u0130ntikam\u0131 - The Epoch Times TR\" \/>\n<meta property=\"og:description\" content=\"G\u00fcn\u00fcm\u00fczde Bat\u0131 Avrupa&#039;n\u0131n b\u00fcy\u00fck \u015fehirleri, bilhassa Londra, Paris, Berlin, Br\u00fcksel adeta g\u00f6\u00e7men ku\u015fatmas\u0131 alt\u0131ndad\u0131r.\" \/>\n<meta property=\"og:url\" content=\"https:\/\/epochtimestr.com\/index.php\/kulturel-isgal-ucuncu-dunyanin-intikami\" \/>\n<meta property=\"og:site_name\" content=\"The Epoch Times TR\" \/>\n<meta property=\"article:publisher\" content=\"https:\/\/www.facebook.com\/theepochtimestr\" \/>\n<meta property=\"article:published_time\" content=\"2026-02-24T05:42:55+00:00\" \/>\n<meta property=\"article:modified_time\" content=\"2026-02-24T05:42:57+00:00\" \/>\n<meta property=\"og:image\" content=\"https:\/\/epochtimestr.com\/wp-content\/uploads\/2011y\/BEKIR-ZORBA-SM-2.png\" \/>\n\t<meta property=\"og:image:width\" content=\"1200\" \/>\n\t<meta property=\"og:image:height\" content=\"630\" \/>\n\t<meta property=\"og:image:type\" content=\"image\/png\" \/>\n<meta name=\"author\" content=\"Bekir Zorba\" \/>\n<meta name=\"twitter:card\" content=\"summary_large_image\" \/>\n<meta name=\"twitter:creator\" content=\"@TheEpochTimesTR\" \/>\n<meta name=\"twitter:site\" content=\"@TheEpochTimesTR\" \/>\n<meta name=\"twitter:label1\" content=\"Yazan:\" \/>\n\t<meta name=\"twitter:data1\" content=\"Bekir Zorba\" \/>\n\t<meta name=\"twitter:label2\" content=\"Tahmini okuma s\u00fcresi\" \/>\n\t<meta name=\"twitter:data2\" content=\"3 dakika\" \/>\n<script type=\"application\/ld+json\" class=\"yoast-schema-graph\">{\"@context\":\"https:\/\/schema.org\",\"@graph\":[{\"@type\":\"Article\",\"@id\":\"https:\/\/epochtimestr.com\/index.php\/kulturel-isgal-ucuncu-dunyanin-intikami#article\",\"isPartOf\":{\"@id\":\"https:\/\/epochtimestr.com\/index.php\/kulturel-isgal-ucuncu-dunyanin-intikami\"},\"author\":{\"name\":\"Bekir Zorba\",\"@id\":\"https:\/\/epochtimestr.com\/#\/schema\/person\/da1ad104599611965442ed3e7e9acb2b\"},\"headline\":\"K\u00fclt\u00fcrel \u0130\u015fgal \u00dc\u00e7\u00fcnc\u00fc D\u00fcnyan\u0131n \u0130ntikam\u0131\",\"datePublished\":\"2026-02-24T05:42:55+00:00\",\"dateModified\":\"2026-02-24T05:42:57+00:00\",\"mainEntityOfPage\":{\"@id\":\"https:\/\/epochtimestr.com\/index.php\/kulturel-isgal-ucuncu-dunyanin-intikami\"},\"wordCount\":678,\"commentCount\":0,\"publisher\":{\"@id\":\"https:\/\/epochtimestr.com\/#organization\"},\"image\":{\"@id\":\"https:\/\/epochtimestr.com\/index.php\/kulturel-isgal-ucuncu-dunyanin-intikami#primaryimage\"},\"thumbnailUrl\":\"https:\/\/epochtimestr.com\/wp-content\/uploads\/2011y\/Bekir-Zorba.png\",\"articleSection\":[\"K\u00f6\u015fe Yaz\u0131lar\u0131 Bekir Zorba\"],\"inLanguage\":\"tr\",\"potentialAction\":[{\"@type\":\"CommentAction\",\"name\":\"Comment\",\"target\":[\"https:\/\/epochtimestr.com\/index.php\/kulturel-isgal-ucuncu-dunyanin-intikami#respond\"]}]},{\"@type\":\"WebPage\",\"@id\":\"https:\/\/epochtimestr.com\/index.php\/kulturel-isgal-ucuncu-dunyanin-intikami\",\"url\":\"https:\/\/epochtimestr.com\/index.php\/kulturel-isgal-ucuncu-dunyanin-intikami\",\"name\":\"K\u00fclt\u00fcrel \u0130\u015fgal \u00dc\u00e7\u00fcnc\u00fc D\u00fcnyan\u0131n \u0130ntikam\u0131 - The Epoch Times TR\",\"isPartOf\":{\"@id\":\"https:\/\/epochtimestr.com\/#website\"},\"primaryImageOfPage\":{\"@id\":\"https:\/\/epochtimestr.com\/index.php\/kulturel-isgal-ucuncu-dunyanin-intikami#primaryimage\"},\"image\":{\"@id\":\"https:\/\/epochtimestr.com\/index.php\/kulturel-isgal-ucuncu-dunyanin-intikami#primaryimage\"},\"thumbnailUrl\":\"https:\/\/epochtimestr.com\/wp-content\/uploads\/2011y\/Bekir-Zorba.png\",\"datePublished\":\"2026-02-24T05:42:55+00:00\",\"dateModified\":\"2026-02-24T05:42:57+00:00\",\"description\":\"G\u00fcn\u00fcm\u00fczde Bat\u0131 Avrupa'n\u0131n b\u00fcy\u00fck \u015fehirleri, bilhassa Londra, Paris, Berlin, Br\u00fcksel adeta g\u00f6\u00e7men ku\u015fatmas\u0131 alt\u0131ndad\u0131r.\",\"inLanguage\":\"tr\",\"potentialAction\":[{\"@type\":\"ReadAction\",\"target\":[\"https:\/\/epochtimestr.com\/index.php\/kulturel-isgal-ucuncu-dunyanin-intikami\"]}]},{\"@type\":\"ImageObject\",\"inLanguage\":\"tr\",\"@id\":\"https:\/\/epochtimestr.com\/index.php\/kulturel-isgal-ucuncu-dunyanin-intikami#primaryimage\",\"url\":\"https:\/\/epochtimestr.com\/wp-content\/uploads\/2011y\/Bekir-Zorba.png\",\"contentUrl\":\"https:\/\/epochtimestr.com\/wp-content\/uploads\/2011y\/Bekir-Zorba.png\",\"width\":600,\"height\":600},{\"@type\":\"WebSite\",\"@id\":\"https:\/\/epochtimestr.com\/#website\",\"url\":\"https:\/\/epochtimestr.com\/\",\"name\":\"The Epoch Times TR\",\"description\":\"De\u011fi\u015fen D\u00fcnyam\u0131za Taze Bir Bak\u0131\u015f\",\"publisher\":{\"@id\":\"https:\/\/epochtimestr.com\/#organization\"},\"potentialAction\":[{\"@type\":\"SearchAction\",\"target\":{\"@type\":\"EntryPoint\",\"urlTemplate\":\"https:\/\/epochtimestr.com\/?s={search_term_string}\"},\"query-input\":\"required name=search_term_string\"}],\"inLanguage\":\"tr\"},{\"@type\":\"Organization\",\"@id\":\"https:\/\/epochtimestr.com\/#organization\",\"name\":\"The EpochTimes T\u00fcrkiye\",\"url\":\"https:\/\/epochtimestr.com\/\",\"logo\":{\"@type\":\"ImageObject\",\"inLanguage\":\"tr\",\"@id\":\"https:\/\/epochtimestr.com\/#\/schema\/logo\/image\/\",\"url\":\"https:\/\/epochtimestr.com\/wp-content\/uploads\/2011y\/ET-Logo-YG.jpg\",\"contentUrl\":\"https:\/\/epochtimestr.com\/wp-content\/uploads\/2011y\/ET-Logo-YG.jpg\",\"width\":346,\"height\":29,\"caption\":\"The EpochTimes T\u00fcrkiye\"},\"image\":{\"@id\":\"https:\/\/epochtimestr.com\/#\/schema\/logo\/image\/\"},\"sameAs\":[\"https:\/\/www.facebook.com\/theepochtimestr\",\"https:\/\/x.com\/TheEpochTimesTR\",\"https:\/\/www.instagram.com\/epochtimestr\"]},{\"@type\":\"Person\",\"@id\":\"https:\/\/epochtimestr.com\/#\/schema\/person\/da1ad104599611965442ed3e7e9acb2b\",\"name\":\"Bekir Zorba\",\"image\":{\"@type\":\"ImageObject\",\"inLanguage\":\"tr\",\"@id\":\"https:\/\/epochtimestr.com\/#\/schema\/person\/image\/\",\"url\":\"https:\/\/secure.gravatar.com\/avatar\/eafd40d9b77b1fbf7c565a3d4916b79c?s=96&d=mm&r=g\",\"contentUrl\":\"https:\/\/secure.gravatar.com\/avatar\/eafd40d9b77b1fbf7c565a3d4916b79c?s=96&d=mm&r=g\",\"caption\":\"Bekir Zorba\"},\"url\":\"https:\/\/epochtimestr.com\/index.php\/author\/bekir\"}]}<\/script>\n<!-- \/ Yoast SEO plugin. -->","yoast_head_json":{"title":"K\u00fclt\u00fcrel \u0130\u015fgal \u00dc\u00e7\u00fcnc\u00fc D\u00fcnyan\u0131n \u0130ntikam\u0131 - The Epoch Times TR","description":"G\u00fcn\u00fcm\u00fczde Bat\u0131 Avrupa'n\u0131n b\u00fcy\u00fck \u015fehirleri, bilhassa Londra, Paris, Berlin, Br\u00fcksel adeta g\u00f6\u00e7men ku\u015fatmas\u0131 alt\u0131ndad\u0131r.","robots":{"index":"index","follow":"follow","max-snippet":"max-snippet:-1","max-image-preview":"max-image-preview:large","max-video-preview":"max-video-preview:-1"},"canonical":"https:\/\/epochtimestr.com\/index.php\/kulturel-isgal-ucuncu-dunyanin-intikami","og_locale":"tr_TR","og_type":"article","og_title":"K\u00fclt\u00fcrel \u0130\u015fgal \u00dc\u00e7\u00fcnc\u00fc D\u00fcnyan\u0131n \u0130ntikam\u0131 - The Epoch Times TR","og_description":"G\u00fcn\u00fcm\u00fczde Bat\u0131 Avrupa'n\u0131n b\u00fcy\u00fck \u015fehirleri, bilhassa Londra, Paris, Berlin, Br\u00fcksel adeta g\u00f6\u00e7men ku\u015fatmas\u0131 alt\u0131ndad\u0131r.","og_url":"https:\/\/epochtimestr.com\/index.php\/kulturel-isgal-ucuncu-dunyanin-intikami","og_site_name":"The Epoch Times TR","article_publisher":"https:\/\/www.facebook.com\/theepochtimestr","article_published_time":"2026-02-24T05:42:55+00:00","article_modified_time":"2026-02-24T05:42:57+00:00","og_image":[{"width":1200,"height":630,"url":"https:\/\/epochtimestr.com\/wp-content\/uploads\/2011y\/BEKIR-ZORBA-SM-2.png","type":"image\/png"}],"author":"Bekir Zorba","twitter_card":"summary_large_image","twitter_creator":"@TheEpochTimesTR","twitter_site":"@TheEpochTimesTR","twitter_misc":{"Yazan:":"Bekir Zorba","Tahmini okuma s\u00fcresi":"3 dakika"},"schema":{"@context":"https:\/\/schema.org","@graph":[{"@type":"Article","@id":"https:\/\/epochtimestr.com\/index.php\/kulturel-isgal-ucuncu-dunyanin-intikami#article","isPartOf":{"@id":"https:\/\/epochtimestr.com\/index.php\/kulturel-isgal-ucuncu-dunyanin-intikami"},"author":{"name":"Bekir Zorba","@id":"https:\/\/epochtimestr.com\/#\/schema\/person\/da1ad104599611965442ed3e7e9acb2b"},"headline":"K\u00fclt\u00fcrel \u0130\u015fgal \u00dc\u00e7\u00fcnc\u00fc D\u00fcnyan\u0131n \u0130ntikam\u0131","datePublished":"2026-02-24T05:42:55+00:00","dateModified":"2026-02-24T05:42:57+00:00","mainEntityOfPage":{"@id":"https:\/\/epochtimestr.com\/index.php\/kulturel-isgal-ucuncu-dunyanin-intikami"},"wordCount":678,"commentCount":0,"publisher":{"@id":"https:\/\/epochtimestr.com\/#organization"},"image":{"@id":"https:\/\/epochtimestr.com\/index.php\/kulturel-isgal-ucuncu-dunyanin-intikami#primaryimage"},"thumbnailUrl":"https:\/\/epochtimestr.com\/wp-content\/uploads\/2011y\/Bekir-Zorba.png","articleSection":["K\u00f6\u015fe Yaz\u0131lar\u0131 Bekir Zorba"],"inLanguage":"tr","potentialAction":[{"@type":"CommentAction","name":"Comment","target":["https:\/\/epochtimestr.com\/index.php\/kulturel-isgal-ucuncu-dunyanin-intikami#respond"]}]},{"@type":"WebPage","@id":"https:\/\/epochtimestr.com\/index.php\/kulturel-isgal-ucuncu-dunyanin-intikami","url":"https:\/\/epochtimestr.com\/index.php\/kulturel-isgal-ucuncu-dunyanin-intikami","name":"K\u00fclt\u00fcrel \u0130\u015fgal \u00dc\u00e7\u00fcnc\u00fc D\u00fcnyan\u0131n \u0130ntikam\u0131 - The Epoch Times TR","isPartOf":{"@id":"https:\/\/epochtimestr.com\/#website"},"primaryImageOfPage":{"@id":"https:\/\/epochtimestr.com\/index.php\/kulturel-isgal-ucuncu-dunyanin-intikami#primaryimage"},"image":{"@id":"https:\/\/epochtimestr.com\/index.php\/kulturel-isgal-ucuncu-dunyanin-intikami#primaryimage"},"thumbnailUrl":"https:\/\/epochtimestr.com\/wp-content\/uploads\/2011y\/Bekir-Zorba.png","datePublished":"2026-02-24T05:42:55+00:00","dateModified":"2026-02-24T05:42:57+00:00","description":"G\u00fcn\u00fcm\u00fczde Bat\u0131 Avrupa'n\u0131n b\u00fcy\u00fck \u015fehirleri, bilhassa Londra, Paris, Berlin, Br\u00fcksel adeta g\u00f6\u00e7men ku\u015fatmas\u0131 alt\u0131ndad\u0131r.","inLanguage":"tr","potentialAction":[{"@type":"ReadAction","target":["https:\/\/epochtimestr.com\/index.php\/kulturel-isgal-ucuncu-dunyanin-intikami"]}]},{"@type":"ImageObject","inLanguage":"tr","@id":"https:\/\/epochtimestr.com\/index.php\/kulturel-isgal-ucuncu-dunyanin-intikami#primaryimage","url":"https:\/\/epochtimestr.com\/wp-content\/uploads\/2011y\/Bekir-Zorba.png","contentUrl":"https:\/\/epochtimestr.com\/wp-content\/uploads\/2011y\/Bekir-Zorba.png","width":600,"height":600},{"@type":"WebSite","@id":"https:\/\/epochtimestr.com\/#website","url":"https:\/\/epochtimestr.com\/","name":"The Epoch Times TR","description":"De\u011fi\u015fen D\u00fcnyam\u0131za Taze Bir Bak\u0131\u015f","publisher":{"@id":"https:\/\/epochtimestr.com\/#organization"},"potentialAction":[{"@type":"SearchAction","target":{"@type":"EntryPoint","urlTemplate":"https:\/\/epochtimestr.com\/?s={search_term_string}"},"query-input":"required name=search_term_string"}],"inLanguage":"tr"},{"@type":"Organization","@id":"https:\/\/epochtimestr.com\/#organization","name":"The EpochTimes T\u00fcrkiye","url":"https:\/\/epochtimestr.com\/","logo":{"@type":"ImageObject","inLanguage":"tr","@id":"https:\/\/epochtimestr.com\/#\/schema\/logo\/image\/","url":"https:\/\/epochtimestr.com\/wp-content\/uploads\/2011y\/ET-Logo-YG.jpg","contentUrl":"https:\/\/epochtimestr.com\/wp-content\/uploads\/2011y\/ET-Logo-YG.jpg","width":346,"height":29,"caption":"The EpochTimes T\u00fcrkiye"},"image":{"@id":"https:\/\/epochtimestr.com\/#\/schema\/logo\/image\/"},"sameAs":["https:\/\/www.facebook.com\/theepochtimestr","https:\/\/x.com\/TheEpochTimesTR","https:\/\/www.instagram.com\/epochtimestr"]},{"@type":"Person","@id":"https:\/\/epochtimestr.com\/#\/schema\/person\/da1ad104599611965442ed3e7e9acb2b","name":"Bekir Zorba","image":{"@type":"ImageObject","inLanguage":"tr","@id":"https:\/\/epochtimestr.com\/#\/schema\/person\/image\/","url":"https:\/\/secure.gravatar.com\/avatar\/eafd40d9b77b1fbf7c565a3d4916b79c?s=96&d=mm&r=g","contentUrl":"https:\/\/secure.gravatar.com\/avatar\/eafd40d9b77b1fbf7c565a3d4916b79c?s=96&d=mm&r=g","caption":"Bekir Zorba"},"url":"https:\/\/epochtimestr.com\/index.php\/author\/bekir"}]}},"_links":{"self":[{"href":"https:\/\/epochtimestr.com\/index.php\/wp-json\/wp\/v2\/posts\/165904"}],"collection":[{"href":"https:\/\/epochtimestr.com\/index.php\/wp-json\/wp\/v2\/posts"}],"about":[{"href":"https:\/\/epochtimestr.com\/index.php\/wp-json\/wp\/v2\/types\/post"}],"author":[{"embeddable":true,"href":"https:\/\/epochtimestr.com\/index.php\/wp-json\/wp\/v2\/users\/14001"}],"replies":[{"embeddable":true,"href":"https:\/\/epochtimestr.com\/index.php\/wp-json\/wp\/v2\/comments?post=165904"}],"version-history":[{"count":1,"href":"https:\/\/epochtimestr.com\/index.php\/wp-json\/wp\/v2\/posts\/165904\/revisions"}],"predecessor-version":[{"id":165905,"href":"https:\/\/epochtimestr.com\/index.php\/wp-json\/wp\/v2\/posts\/165904\/revisions\/165905"}],"wp:featuredmedia":[{"embeddable":true,"href":"https:\/\/epochtimestr.com\/index.php\/wp-json\/wp\/v2\/media\/161038"}],"wp:attachment":[{"href":"https:\/\/epochtimestr.com\/index.php\/wp-json\/wp\/v2\/media?parent=165904"}],"wp:term":[{"taxonomy":"category","embeddable":true,"href":"https:\/\/epochtimestr.com\/index.php\/wp-json\/wp\/v2\/categories?post=165904"},{"taxonomy":"post_tag","embeddable":true,"href":"https:\/\/epochtimestr.com\/index.php\/wp-json\/wp\/v2\/tags?post=165904"}],"curies":[{"name":"wp","href":"https:\/\/api.w.org\/{rel}","templated":true}]}}