{"id":165906,"date":"2026-02-24T11:55:36","date_gmt":"2026-02-24T08:55:36","guid":{"rendered":"https:\/\/epochtimestr.com\/?p=165906"},"modified":"2026-02-24T11:55:39","modified_gmt":"2026-02-24T08:55:39","slug":"meksikadaki-siddet-nedeniyle-26-000-kanadali-basvuru-yapti","status":"publish","type":"post","link":"https:\/\/epochtimestr.com\/index.php\/meksikadaki-siddet-nedeniyle-26-000-kanadali-basvuru-yapti","title":{"rendered":"Meksika&#8217;daki \u015eiddet Nedeniyle 26.000 Kanadal\u0131 Ba\u015fvuru Yapt\u0131"},"content":{"rendered":"<div class=\"wp-block-image\">\n<figure class=\"aligncenter size-full\"><img loading=\"lazy\" decoding=\"async\" width=\"1080\" height=\"720\" src=\"https:\/\/epochtimestr.com\/wp-content\/uploads\/2011y\/1000033701.webp\" alt=\"Meksika'da artan \u015fiddet nedeniyle 26.000 Kanadal\u0131, Kanada D\u0131\u015fi\u015fleri Bakanl\u0131\u011f\u0131'na ba\u015fvuru yapt\u0131. Federal g\u00fc\u00e7ler taraf\u0131ndan ger\u00e7ekle\u015ftirilen bir dizi tutuklaman\u0131n ard\u0131ndan, organize su\u00e7 \u00fcyelerinin barikat olarak kulland\u0131\u011f\u0131 ara\u00e7. 22 \u015eubat 2026, Guadalajara, Meksika. (Foto\u011fraf: The Epoch Times arac\u0131l\u0131\u011f\u0131yla, Michelle Freyria, Reuters)\" class=\"wp-image-165907\" srcset=\"https:\/\/epochtimestr.com\/wp-content\/uploads\/2011y\/1000033701.webp 1080w, https:\/\/epochtimestr.com\/wp-content\/uploads\/2011y\/1000033701-300x200.webp 300w, https:\/\/epochtimestr.com\/wp-content\/uploads\/2011y\/1000033701-150x100.webp 150w, https:\/\/epochtimestr.com\/wp-content\/uploads\/2011y\/1000033701-768x512.webp 768w\" sizes=\"(max-width: 1080px) 100vw, 1080px\" \/><figcaption class=\"wp-element-caption\">Meksika&#8217;da artan \u015fiddet nedeniyle 26.000 Kanadal\u0131, Kanada D\u0131\u015fi\u015fleri Bakanl\u0131\u011f\u0131&#8217;na ba\u015fvuru yapt\u0131. Federal g\u00fc\u00e7ler taraf\u0131ndan ger\u00e7ekle\u015ftirilen bir dizi tutuklaman\u0131n ard\u0131ndan, organize su\u00e7 \u00fcyelerinin barikat olarak kulland\u0131\u011f\u0131 ara\u00e7. 22 \u015eubat 2026, Guadalajara, Meksika. (Foto\u011fraf: The Epoch Times arac\u0131l\u0131\u011f\u0131yla, Michelle Freyria, Reuters)<\/figcaption><\/figure><\/div>\n\n\n<p>Meksika&#8217;da organize su\u00e7lar\u0131n etkisiyle artan \u015fiddet olaylar\u0131 sonucunda 26.000 Kanadal\u0131, D\u0131\u015fi\u015fleri Bakanl\u0131\u011f\u0131&#8217;na ba\u015fvuru yapt\u0131. Bakan Anita Anand, kay\u0131tlar\u0131n h\u0131zla artt\u0131\u011f\u0131n\u0131 ve g\u00fcnl\u00fck <a href=\"https:\/\/www.theepochtimes.com\/world\/minister-anand-says-over-26000-canadians-registered-in-mexico-after-day-of-violence-5989427\" target=\"_blank\" rel=\"noreferrer noopener\">8.000 ki\u015finin kay\u0131t<\/a> yapt\u0131rd\u0131\u011f\u0131n\u0131 belirtti. Meksika, \u00f6zellikle k\u0131\u015f aylar\u0131nda Kanada vatanda\u015flar\u0131 i\u00e7in pop\u00fcler bir tatil rotas\u0131 olma \u00f6zelli\u011fi ta\u015f\u0131yor. Ancak son ya\u015fanan \u015fiddet olaylar\u0131 ve g\u00fcvenlik uyar\u0131lar\u0131 Kanada vatanda\u015flar\u0131n\u0131 bakanl\u0131\u011fa ba\u015fvurmaya zorlad\u0131.<\/p>\n\n\n\n<p>22 \u015eubat\u2019ta, uyu\u015fturucu karteli lideri Nemesio &#8220;El Mencho&#8221; Oseguera-Cervantes&#8217;in \u00f6ld\u00fcr\u00fclmesinin ard\u0131ndan \u00fclkede \u015fiddet olaylar\u0131 patlak verdi. Bu olaylar\u0131n ard\u0131ndan karteller, yol keserek ve \u00e7e\u015fitli sald\u0131r\u0131lar d\u00fczenleyerek karga\u015fa yaratt\u0131. Jalisco eyaleti, bu durumdan etkilenen ve turistlerin yo\u011fun oldu\u011fu b\u00f6lgelerden biri. \u00d6zellikle Puerto Vallarta gibi pop\u00fcler tatil beldelerinde soka\u011fa \u00e7\u0131kma yasa\u011f\u0131 ilan edildi.<\/p>\n\n\n\n<p>Kanada h\u00fck\u00fcmeti, \u00f6zellikle Meksika&#8217;ya seyahat planlayan vatanda\u015flar\u0131na &#8220;gereksiz seyahatlerden ka\u00e7\u0131n\u0131n&#8221; uyar\u0131s\u0131 yapt\u0131. Kanada D\u0131\u015fi\u015fleri Bakanl\u0131\u011f\u0131, seyahat uyar\u0131s\u0131n\u0131 22 \u015eubat\u2019ta g\u00fcncellerken Meksika&#8217;n\u0131n b\u00fcy\u00fck bir k\u0131sm\u0131nda \u015fiddet ve organize su\u00e7lar\u0131n artt\u0131\u011f\u0131na dikkat \u00e7ekti. Bakan Anand, bu durumun kartellerin yo\u011fun faaliyetlerinden kaynakland\u0131\u011f\u0131n\u0131 s\u00f6yledi.<\/p>\n\n\n\n<p>Meksika, <a href=\"https:\/\/epochtimestr.com\/index.php\/abdden-meksika-icin-guvenlik-uyarisi\" target=\"_blank\" rel=\"noreferrer noopener\">El Mencho&#8217;nun \u00f6ld\u00fcr\u00fclmesinin<\/a> ard\u0131ndan \u00e7e\u015fitli \u015fehirlerde yol kesme ve barikatlar kuran kartellerin sald\u0131r\u0131lar\u0131na u\u011frad\u0131. Ancak Meksika h\u00fck\u00fcmeti, g\u00fcvenlik g\u00fc\u00e7lerinin durumu kontrol alt\u0131na alarak b\u00fcy\u00fck \u00f6l\u00e7\u00fcde g\u00fcvenli\u011fi sa\u011flad\u0131\u011f\u0131n\u0131 duyurdu. \u00d6zellikle turistlerin s\u0131kl\u0131kla tercih etti\u011fi yerlerde normal hayat\u0131n h\u0131zla geri d\u00f6nmesi b\u00fcy\u00fck \u00f6nem ta\u015f\u0131yor.<\/p>\n\n\n\n<h3 class=\"wp-block-heading\">Meksika&#8217;daki \u015eiddet Ciddi Bir Tehdit Olu\u015fturdu<\/h3>\n\n\n\n<p>El Mencho,  uyu\u015fturucu ka\u00e7ak\u00e7\u0131l\u0131\u011f\u0131 ve insan ticareti gibi su\u00e7larla bilinen Jalisco Yeni Nesil Karteli&#8217;nin (CJNG) lideriydi. Kanada\u2019da da etkin olan bu kartel, Toronto&#8217;da ge\u00e7ti\u011fimiz y\u0131l 835 kilogram kokainle ba\u011flant\u0131l\u0131 olarak g\u00fcndeme gelmi\u015fti.<\/p>\n\n\n\n<p>Buna kar\u015f\u0131l\u0131k Meksika h\u00fck\u00fcmeti, 23 \u015eubat&#8217;ta yol kesme olaylar\u0131n\u0131n b\u00fcy\u00fck \u00f6l\u00e7\u00fcde sona erdi\u011fini ve g\u00fcvenlik durumunun iyile\u015fti\u011fini a\u00e7\u0131klad\u0131. Ba\u015fkent Mexico City\u2019de ise, g\u00fcvenlik \u00f6nlemlerinin artt\u0131\u011f\u0131 ve normal ya\u015fant\u0131ya d\u00f6n\u00fclece\u011fi ifade edildi.<\/p>\n\n\n\n<p>Kanada h\u00fck\u00fcmeti, Meksika\u2019daki vatanda\u015flar\u0131yla s\u00fcrekli ileti\u015fim halinde ve onlar\u0131 g\u00fcvende tutmak i\u00e7in \u00e7al\u0131\u015fmalar\u0131na devam ediyor. Seyahat yasaklar\u0131n\u0131n etkisiyle u\u00e7u\u015flar iptal edilmi\u015fti. Ancak Meksika y\u00f6netimi, u\u00e7u\u015flar\u0131n birka\u00e7 g\u00fcn i\u00e7inde normale d\u00f6nece\u011fini duyurdu.<\/p>\n\n\n\n<p>Sonu\u00e7 olarak, Meksika\u2019daki \u015fiddet, b\u00f6lgedeki turistler ve orada ya\u015fayanlar i\u00e7in ciddi bir tehdit olu\u015fturuyor. Ancak Meksika h\u00fck\u00fcmetinin g\u00fcvenlik \u00f6nlemleri ve Kanada\u2019n\u0131n deste\u011fi ile durumun h\u0131zla iyile\u015fmesi bekleniyor.<\/p>\n","protected":false},"excerpt":{"rendered":"<p>Meksika&#8217;da organize su\u00e7lar\u0131n etkisiyle artan \u015fiddet olaylar\u0131 sonucunda 26.000 Kanadal\u0131, D\u0131\u015fi\u015fleri Bakanl\u0131\u011f\u0131&#8217;na ba\u015fvuru yapt\u0131. Bakan Anita Anand, kay\u0131tlar\u0131n h\u0131zla artt\u0131\u011f\u0131n\u0131 ve g\u00fcnl\u00fck 8.000 ki\u015finin kay\u0131t yapt\u0131rd\u0131\u011f\u0131n\u0131 belirtti. Meksika, \u00f6zellikle k\u0131\u015f aylar\u0131nda Kanada vatanda\u015flar\u0131 i\u00e7in pop\u00fcler bir tatil rotas\u0131 olma \u00f6zelli\u011fi ta\u015f\u0131yor. Ancak son ya\u015fanan \u015fiddet olaylar\u0131 ve g\u00fcvenlik uyar\u0131lar\u0131 Kanada vatanda\u015flar\u0131n\u0131 bakanl\u0131\u011fa ba\u015fvurmaya zorlad\u0131. 22 [&hellip;]<\/p>\n","protected":false},"author":13996,"featured_media":165907,"comment_status":"open","ping_status":"open","sticky":false,"template":"","format":"standard","meta":{"_yoast_wpseo_focuskw":"\u015eiddet - Kanadal\u0131","_yoast_wpseo_title":"","_yoast_wpseo_metadesc":"Meksika'da organize su\u00e7lar\u0131n etkisiyle artan \u015fiddet olaylar\u0131 sonucunda 26.000 Kanadal\u0131, D\u0131\u015fi\u015fleri Bakanl\u0131\u011f\u0131'na ba\u015fvuru yapt\u0131.","_bbp_topic_count":0,"_bbp_reply_count":0,"_bbp_total_topic_count":0,"_bbp_total_reply_count":0,"_bbp_voice_count":0,"_bbp_anonymous_reply_count":0,"_bbp_topic_count_hidden":0,"_bbp_reply_count_hidden":0,"_bbp_forum_subforum_count":0,"footnotes":"","_yoast_wpseo_focuskw_text_input":""},"categories":[5,1,8138],"tags":[10840,407,10177,264,10842,10837,6536,10179,10841,10839,9789],"yoast_head":"<!-- This site is optimized with the Yoast SEO plugin v23.0 - https:\/\/yoast.com\/wordpress\/plugins\/seo\/ -->\n<title>Meksika&#039;daki \u015eiddet Nedeniyle 26.000 Kanadal\u0131 Ba\u015fvuru Yapt\u0131 - The Epoch Times TR<\/title>\n<meta name=\"description\" content=\"Meksika&#039;da organize su\u00e7lar\u0131n etkisiyle artan \u015fiddet olaylar\u0131 sonucunda 26.000 Kanadal\u0131, D\u0131\u015fi\u015fleri Bakanl\u0131\u011f\u0131&#039;na ba\u015fvuru yapt\u0131.\" \/>\n<meta name=\"robots\" content=\"index, follow, max-snippet:-1, max-image-preview:large, max-video-preview:-1\" \/>\n<link rel=\"canonical\" href=\"https:\/\/epochtimestr.com\/index.php\/meksikadaki-siddet-nedeniyle-26-000-kanadali-basvuru-yapti\" \/>\n<meta property=\"og:locale\" content=\"tr_TR\" \/>\n<meta property=\"og:type\" content=\"article\" \/>\n<meta property=\"og:title\" content=\"Meksika&#039;daki \u015eiddet Nedeniyle 26.000 Kanadal\u0131 Ba\u015fvuru Yapt\u0131 - The Epoch Times TR\" \/>\n<meta property=\"og:description\" content=\"Meksika&#039;da organize su\u00e7lar\u0131n etkisiyle artan \u015fiddet olaylar\u0131 sonucunda 26.000 Kanadal\u0131, D\u0131\u015fi\u015fleri Bakanl\u0131\u011f\u0131&#039;na ba\u015fvuru yapt\u0131.\" \/>\n<meta property=\"og:url\" content=\"https:\/\/epochtimestr.com\/index.php\/meksikadaki-siddet-nedeniyle-26-000-kanadali-basvuru-yapti\" \/>\n<meta property=\"og:site_name\" content=\"The Epoch Times TR\" \/>\n<meta property=\"article:publisher\" content=\"https:\/\/www.facebook.com\/theepochtimestr\" \/>\n<meta property=\"article:published_time\" content=\"2026-02-24T08:55:36+00:00\" \/>\n<meta property=\"article:modified_time\" content=\"2026-02-24T08:55:39+00:00\" \/>\n<meta property=\"og:image\" content=\"https:\/\/epochtimestr.com\/wp-content\/uploads\/2011y\/1000033701.webp\" \/>\n\t<meta property=\"og:image:width\" content=\"1080\" \/>\n\t<meta property=\"og:image:height\" content=\"720\" \/>\n\t<meta property=\"og:image:type\" content=\"image\/webp\" \/>\n<meta name=\"author\" content=\"Leo Bajelan\" \/>\n<meta name=\"twitter:card\" content=\"summary_large_image\" \/>\n<meta name=\"twitter:creator\" content=\"@TheEpochTimesTR\" \/>\n<meta name=\"twitter:site\" content=\"@TheEpochTimesTR\" \/>\n<meta name=\"twitter:label1\" content=\"Yazan:\" \/>\n\t<meta name=\"twitter:data1\" content=\"Leo Bajelan\" \/>\n\t<meta name=\"twitter:label2\" content=\"Tahmini okuma s\u00fcresi\" \/>\n\t<meta name=\"twitter:data2\" content=\"3 dakika\" \/>\n<script type=\"application\/ld+json\" class=\"yoast-schema-graph\">{\"@context\":\"https:\/\/schema.org\",\"@graph\":[{\"@type\":\"Article\",\"@id\":\"https:\/\/epochtimestr.com\/index.php\/meksikadaki-siddet-nedeniyle-26-000-kanadali-basvuru-yapti#article\",\"isPartOf\":{\"@id\":\"https:\/\/epochtimestr.com\/index.php\/meksikadaki-siddet-nedeniyle-26-000-kanadali-basvuru-yapti\"},\"author\":{\"name\":\"Leo Bajelan\",\"@id\":\"https:\/\/epochtimestr.com\/#\/schema\/person\/5fef218711d76d8f232b0e1f1d7e4c0d\"},\"headline\":\"Meksika&#8217;daki \u015eiddet Nedeniyle 26.000 Kanadal\u0131 Ba\u015fvuru Yapt\u0131\",\"datePublished\":\"2026-02-24T08:55:36+00:00\",\"dateModified\":\"2026-02-24T08:55:39+00:00\",\"mainEntityOfPage\":{\"@id\":\"https:\/\/epochtimestr.com\/index.php\/meksikadaki-siddet-nedeniyle-26-000-kanadali-basvuru-yapti\"},\"wordCount\":536,\"commentCount\":0,\"publisher\":{\"@id\":\"https:\/\/epochtimestr.com\/#organization\"},\"image\":{\"@id\":\"https:\/\/epochtimestr.com\/index.php\/meksikadaki-siddet-nedeniyle-26-000-kanadali-basvuru-yapti#primaryimage\"},\"thumbnailUrl\":\"https:\/\/epochtimestr.com\/wp-content\/uploads\/2011y\/1000033701.webp\",\"keywords\":[\"26.000 Kanadal\u0131\",\"ABD\",\"CJNG\",\"g\u00fcvenlik \u00f6nlemleri\",\"insan ticareti\",\"Jalisco Yeni Nesil Karteli\",\"meksika\",\"Meksikal\u0131 kartel\",\"Mexico City\",\"\u015eiddet Art\u0131\u015f\u0131\",\"uyu\u015fturucu ka\u00e7ak\u00e7\u0131l\u0131\u011f\u0131\"],\"articleSection\":[\"D\u00dcNYA\",\"G\u00dcNDEM\",\"MAN\u015eET\"],\"inLanguage\":\"tr\",\"potentialAction\":[{\"@type\":\"CommentAction\",\"name\":\"Comment\",\"target\":[\"https:\/\/epochtimestr.com\/index.php\/meksikadaki-siddet-nedeniyle-26-000-kanadali-basvuru-yapti#respond\"]}]},{\"@type\":\"WebPage\",\"@id\":\"https:\/\/epochtimestr.com\/index.php\/meksikadaki-siddet-nedeniyle-26-000-kanadali-basvuru-yapti\",\"url\":\"https:\/\/epochtimestr.com\/index.php\/meksikadaki-siddet-nedeniyle-26-000-kanadali-basvuru-yapti\",\"name\":\"Meksika'daki \u015eiddet Nedeniyle 26.000 Kanadal\u0131 Ba\u015fvuru Yapt\u0131 - The Epoch Times TR\",\"isPartOf\":{\"@id\":\"https:\/\/epochtimestr.com\/#website\"},\"primaryImageOfPage\":{\"@id\":\"https:\/\/epochtimestr.com\/index.php\/meksikadaki-siddet-nedeniyle-26-000-kanadali-basvuru-yapti#primaryimage\"},\"image\":{\"@id\":\"https:\/\/epochtimestr.com\/index.php\/meksikadaki-siddet-nedeniyle-26-000-kanadali-basvuru-yapti#primaryimage\"},\"thumbnailUrl\":\"https:\/\/epochtimestr.com\/wp-content\/uploads\/2011y\/1000033701.webp\",\"datePublished\":\"2026-02-24T08:55:36+00:00\",\"dateModified\":\"2026-02-24T08:55:39+00:00\",\"description\":\"Meksika'da organize su\u00e7lar\u0131n etkisiyle artan \u015fiddet olaylar\u0131 sonucunda 26.000 Kanadal\u0131, D\u0131\u015fi\u015fleri Bakanl\u0131\u011f\u0131'na ba\u015fvuru yapt\u0131.\",\"inLanguage\":\"tr\",\"potentialAction\":[{\"@type\":\"ReadAction\",\"target\":[\"https:\/\/epochtimestr.com\/index.php\/meksikadaki-siddet-nedeniyle-26-000-kanadali-basvuru-yapti\"]}]},{\"@type\":\"ImageObject\",\"inLanguage\":\"tr\",\"@id\":\"https:\/\/epochtimestr.com\/index.php\/meksikadaki-siddet-nedeniyle-26-000-kanadali-basvuru-yapti#primaryimage\",\"url\":\"https:\/\/epochtimestr.com\/wp-content\/uploads\/2011y\/1000033701.webp\",\"contentUrl\":\"https:\/\/epochtimestr.com\/wp-content\/uploads\/2011y\/1000033701.webp\",\"width\":1080,\"height\":720},{\"@type\":\"WebSite\",\"@id\":\"https:\/\/epochtimestr.com\/#website\",\"url\":\"https:\/\/epochtimestr.com\/\",\"name\":\"The Epoch Times TR\",\"description\":\"De\u011fi\u015fen D\u00fcnyam\u0131za Taze Bir Bak\u0131\u015f\",\"publisher\":{\"@id\":\"https:\/\/epochtimestr.com\/#organization\"},\"potentialAction\":[{\"@type\":\"SearchAction\",\"target\":{\"@type\":\"EntryPoint\",\"urlTemplate\":\"https:\/\/epochtimestr.com\/?s={search_term_string}\"},\"query-input\":\"required name=search_term_string\"}],\"inLanguage\":\"tr\"},{\"@type\":\"Organization\",\"@id\":\"https:\/\/epochtimestr.com\/#organization\",\"name\":\"The EpochTimes T\u00fcrkiye\",\"url\":\"https:\/\/epochtimestr.com\/\",\"logo\":{\"@type\":\"ImageObject\",\"inLanguage\":\"tr\",\"@id\":\"https:\/\/epochtimestr.com\/#\/schema\/logo\/image\/\",\"url\":\"https:\/\/epochtimestr.com\/wp-content\/uploads\/2011y\/ET-Logo-YG.jpg\",\"contentUrl\":\"https:\/\/epochtimestr.com\/wp-content\/uploads\/2011y\/ET-Logo-YG.jpg\",\"width\":346,\"height\":29,\"caption\":\"The EpochTimes T\u00fcrkiye\"},\"image\":{\"@id\":\"https:\/\/epochtimestr.com\/#\/schema\/logo\/image\/\"},\"sameAs\":[\"https:\/\/www.facebook.com\/theepochtimestr\",\"https:\/\/x.com\/TheEpochTimesTR\",\"https:\/\/www.instagram.com\/epochtimestr\"]},{\"@type\":\"Person\",\"@id\":\"https:\/\/epochtimestr.com\/#\/schema\/person\/5fef218711d76d8f232b0e1f1d7e4c0d\",\"name\":\"Leo Bajelan\",\"image\":{\"@type\":\"ImageObject\",\"inLanguage\":\"tr\",\"@id\":\"https:\/\/epochtimestr.com\/#\/schema\/person\/image\/\",\"url\":\"https:\/\/secure.gravatar.com\/avatar\/917669146f489549e548a2e9af272df5?s=96&d=mm&r=g\",\"contentUrl\":\"https:\/\/secure.gravatar.com\/avatar\/917669146f489549e548a2e9af272df5?s=96&d=mm&r=g\",\"caption\":\"Leo Bajelan\"},\"url\":\"https:\/\/epochtimestr.com\/index.php\/author\/leo\"}]}<\/script>\n<!-- \/ Yoast SEO plugin. -->","yoast_head_json":{"title":"Meksika'daki \u015eiddet Nedeniyle 26.000 Kanadal\u0131 Ba\u015fvuru Yapt\u0131 - The Epoch Times TR","description":"Meksika'da organize su\u00e7lar\u0131n etkisiyle artan \u015fiddet olaylar\u0131 sonucunda 26.000 Kanadal\u0131, D\u0131\u015fi\u015fleri Bakanl\u0131\u011f\u0131'na ba\u015fvuru yapt\u0131.","robots":{"index":"index","follow":"follow","max-snippet":"max-snippet:-1","max-image-preview":"max-image-preview:large","max-video-preview":"max-video-preview:-1"},"canonical":"https:\/\/epochtimestr.com\/index.php\/meksikadaki-siddet-nedeniyle-26-000-kanadali-basvuru-yapti","og_locale":"tr_TR","og_type":"article","og_title":"Meksika'daki \u015eiddet Nedeniyle 26.000 Kanadal\u0131 Ba\u015fvuru Yapt\u0131 - The Epoch Times TR","og_description":"Meksika'da organize su\u00e7lar\u0131n etkisiyle artan \u015fiddet olaylar\u0131 sonucunda 26.000 Kanadal\u0131, D\u0131\u015fi\u015fleri Bakanl\u0131\u011f\u0131'na ba\u015fvuru yapt\u0131.","og_url":"https:\/\/epochtimestr.com\/index.php\/meksikadaki-siddet-nedeniyle-26-000-kanadali-basvuru-yapti","og_site_name":"The Epoch Times TR","article_publisher":"https:\/\/www.facebook.com\/theepochtimestr","article_published_time":"2026-02-24T08:55:36+00:00","article_modified_time":"2026-02-24T08:55:39+00:00","og_image":[{"width":1080,"height":720,"url":"https:\/\/epochtimestr.com\/wp-content\/uploads\/2011y\/1000033701.webp","type":"image\/webp"}],"author":"Leo Bajelan","twitter_card":"summary_large_image","twitter_creator":"@TheEpochTimesTR","twitter_site":"@TheEpochTimesTR","twitter_misc":{"Yazan:":"Leo Bajelan","Tahmini okuma s\u00fcresi":"3 dakika"},"schema":{"@context":"https:\/\/schema.org","@graph":[{"@type":"Article","@id":"https:\/\/epochtimestr.com\/index.php\/meksikadaki-siddet-nedeniyle-26-000-kanadali-basvuru-yapti#article","isPartOf":{"@id":"https:\/\/epochtimestr.com\/index.php\/meksikadaki-siddet-nedeniyle-26-000-kanadali-basvuru-yapti"},"author":{"name":"Leo Bajelan","@id":"https:\/\/epochtimestr.com\/#\/schema\/person\/5fef218711d76d8f232b0e1f1d7e4c0d"},"headline":"Meksika&#8217;daki \u015eiddet Nedeniyle 26.000 Kanadal\u0131 Ba\u015fvuru Yapt\u0131","datePublished":"2026-02-24T08:55:36+00:00","dateModified":"2026-02-24T08:55:39+00:00","mainEntityOfPage":{"@id":"https:\/\/epochtimestr.com\/index.php\/meksikadaki-siddet-nedeniyle-26-000-kanadali-basvuru-yapti"},"wordCount":536,"commentCount":0,"publisher":{"@id":"https:\/\/epochtimestr.com\/#organization"},"image":{"@id":"https:\/\/epochtimestr.com\/index.php\/meksikadaki-siddet-nedeniyle-26-000-kanadali-basvuru-yapti#primaryimage"},"thumbnailUrl":"https:\/\/epochtimestr.com\/wp-content\/uploads\/2011y\/1000033701.webp","keywords":["26.000 Kanadal\u0131","ABD","CJNG","g\u00fcvenlik \u00f6nlemleri","insan ticareti","Jalisco Yeni Nesil Karteli","meksika","Meksikal\u0131 kartel","Mexico City","\u015eiddet Art\u0131\u015f\u0131","uyu\u015fturucu ka\u00e7ak\u00e7\u0131l\u0131\u011f\u0131"],"articleSection":["D\u00dcNYA","G\u00dcNDEM","MAN\u015eET"],"inLanguage":"tr","potentialAction":[{"@type":"CommentAction","name":"Comment","target":["https:\/\/epochtimestr.com\/index.php\/meksikadaki-siddet-nedeniyle-26-000-kanadali-basvuru-yapti#respond"]}]},{"@type":"WebPage","@id":"https:\/\/epochtimestr.com\/index.php\/meksikadaki-siddet-nedeniyle-26-000-kanadali-basvuru-yapti","url":"https:\/\/epochtimestr.com\/index.php\/meksikadaki-siddet-nedeniyle-26-000-kanadali-basvuru-yapti","name":"Meksika'daki \u015eiddet Nedeniyle 26.000 Kanadal\u0131 Ba\u015fvuru Yapt\u0131 - The Epoch Times TR","isPartOf":{"@id":"https:\/\/epochtimestr.com\/#website"},"primaryImageOfPage":{"@id":"https:\/\/epochtimestr.com\/index.php\/meksikadaki-siddet-nedeniyle-26-000-kanadali-basvuru-yapti#primaryimage"},"image":{"@id":"https:\/\/epochtimestr.com\/index.php\/meksikadaki-siddet-nedeniyle-26-000-kanadali-basvuru-yapti#primaryimage"},"thumbnailUrl":"https:\/\/epochtimestr.com\/wp-content\/uploads\/2011y\/1000033701.webp","datePublished":"2026-02-24T08:55:36+00:00","dateModified":"2026-02-24T08:55:39+00:00","description":"Meksika'da organize su\u00e7lar\u0131n etkisiyle artan \u015fiddet olaylar\u0131 sonucunda 26.000 Kanadal\u0131, D\u0131\u015fi\u015fleri Bakanl\u0131\u011f\u0131'na ba\u015fvuru yapt\u0131.","inLanguage":"tr","potentialAction":[{"@type":"ReadAction","target":["https:\/\/epochtimestr.com\/index.php\/meksikadaki-siddet-nedeniyle-26-000-kanadali-basvuru-yapti"]}]},{"@type":"ImageObject","inLanguage":"tr","@id":"https:\/\/epochtimestr.com\/index.php\/meksikadaki-siddet-nedeniyle-26-000-kanadali-basvuru-yapti#primaryimage","url":"https:\/\/epochtimestr.com\/wp-content\/uploads\/2011y\/1000033701.webp","contentUrl":"https:\/\/epochtimestr.com\/wp-content\/uploads\/2011y\/1000033701.webp","width":1080,"height":720},{"@type":"WebSite","@id":"https:\/\/epochtimestr.com\/#website","url":"https:\/\/epochtimestr.com\/","name":"The Epoch Times TR","description":"De\u011fi\u015fen D\u00fcnyam\u0131za Taze Bir Bak\u0131\u015f","publisher":{"@id":"https:\/\/epochtimestr.com\/#organization"},"potentialAction":[{"@type":"SearchAction","target":{"@type":"EntryPoint","urlTemplate":"https:\/\/epochtimestr.com\/?s={search_term_string}"},"query-input":"required name=search_term_string"}],"inLanguage":"tr"},{"@type":"Organization","@id":"https:\/\/epochtimestr.com\/#organization","name":"The EpochTimes T\u00fcrkiye","url":"https:\/\/epochtimestr.com\/","logo":{"@type":"ImageObject","inLanguage":"tr","@id":"https:\/\/epochtimestr.com\/#\/schema\/logo\/image\/","url":"https:\/\/epochtimestr.com\/wp-content\/uploads\/2011y\/ET-Logo-YG.jpg","contentUrl":"https:\/\/epochtimestr.com\/wp-content\/uploads\/2011y\/ET-Logo-YG.jpg","width":346,"height":29,"caption":"The EpochTimes T\u00fcrkiye"},"image":{"@id":"https:\/\/epochtimestr.com\/#\/schema\/logo\/image\/"},"sameAs":["https:\/\/www.facebook.com\/theepochtimestr","https:\/\/x.com\/TheEpochTimesTR","https:\/\/www.instagram.com\/epochtimestr"]},{"@type":"Person","@id":"https:\/\/epochtimestr.com\/#\/schema\/person\/5fef218711d76d8f232b0e1f1d7e4c0d","name":"Leo Bajelan","image":{"@type":"ImageObject","inLanguage":"tr","@id":"https:\/\/epochtimestr.com\/#\/schema\/person\/image\/","url":"https:\/\/secure.gravatar.com\/avatar\/917669146f489549e548a2e9af272df5?s=96&d=mm&r=g","contentUrl":"https:\/\/secure.gravatar.com\/avatar\/917669146f489549e548a2e9af272df5?s=96&d=mm&r=g","caption":"Leo Bajelan"},"url":"https:\/\/epochtimestr.com\/index.php\/author\/leo"}]}},"_links":{"self":[{"href":"https:\/\/epochtimestr.com\/index.php\/wp-json\/wp\/v2\/posts\/165906"}],"collection":[{"href":"https:\/\/epochtimestr.com\/index.php\/wp-json\/wp\/v2\/posts"}],"about":[{"href":"https:\/\/epochtimestr.com\/index.php\/wp-json\/wp\/v2\/types\/post"}],"author":[{"embeddable":true,"href":"https:\/\/epochtimestr.com\/index.php\/wp-json\/wp\/v2\/users\/13996"}],"replies":[{"embeddable":true,"href":"https:\/\/epochtimestr.com\/index.php\/wp-json\/wp\/v2\/comments?post=165906"}],"version-history":[{"count":2,"href":"https:\/\/epochtimestr.com\/index.php\/wp-json\/wp\/v2\/posts\/165906\/revisions"}],"predecessor-version":[{"id":165918,"href":"https:\/\/epochtimestr.com\/index.php\/wp-json\/wp\/v2\/posts\/165906\/revisions\/165918"}],"wp:featuredmedia":[{"embeddable":true,"href":"https:\/\/epochtimestr.com\/index.php\/wp-json\/wp\/v2\/media\/165907"}],"wp:attachment":[{"href":"https:\/\/epochtimestr.com\/index.php\/wp-json\/wp\/v2\/media?parent=165906"}],"wp:term":[{"taxonomy":"category","embeddable":true,"href":"https:\/\/epochtimestr.com\/index.php\/wp-json\/wp\/v2\/categories?post=165906"},{"taxonomy":"post_tag","embeddable":true,"href":"https:\/\/epochtimestr.com\/index.php\/wp-json\/wp\/v2\/tags?post=165906"}],"curies":[{"name":"wp","href":"https:\/\/api.w.org\/{rel}","templated":true}]}}