{"id":165911,"date":"2026-02-24T12:54:26","date_gmt":"2026-02-24T09:54:26","guid":{"rendered":"https:\/\/epochtimestr.com\/?p=165911"},"modified":"2026-02-24T12:54:28","modified_gmt":"2026-02-24T09:54:28","slug":"abd-ve-iran-cenevrede-ucuncu-tur-gorusmelere-basliyor","status":"publish","type":"post","link":"https:\/\/epochtimestr.com\/index.php\/abd-ve-iran-cenevrede-ucuncu-tur-gorusmelere-basliyor","title":{"rendered":"ABD ve \u0130ran Cenevre&#8217;de \u00dc\u00e7\u00fcnc\u00fc Tur G\u00f6r\u00fc\u015fmelere Ba\u015fl\u0131yor"},"content":{"rendered":"<div class=\"wp-block-image\">\n<figure class=\"aligncenter size-full is-resized\"><img loading=\"lazy\" decoding=\"async\" width=\"1080\" height=\"720\" src=\"https:\/\/epochtimestr.com\/wp-content\/uploads\/2011y\/1000033704.jpg\" alt=\"14 \u015eubat 2026'da ABD Los Angeles'ta \u0130ran protesto hareketine destek veren g\u00f6stericiler. (Foto\u011fraf: The Epoch Times arac\u0131l\u0131\u011f\u0131yla, Patrick T. Fallon, AFP -Getty Images)\" class=\"wp-image-165912\" style=\"width:840px;height:auto\" srcset=\"https:\/\/epochtimestr.com\/wp-content\/uploads\/2011y\/1000033704.jpg 1080w, https:\/\/epochtimestr.com\/wp-content\/uploads\/2011y\/1000033704-300x200.jpg 300w, https:\/\/epochtimestr.com\/wp-content\/uploads\/2011y\/1000033704-150x100.jpg 150w, https:\/\/epochtimestr.com\/wp-content\/uploads\/2011y\/1000033704-768x512.jpg 768w\" sizes=\"(max-width: 1080px) 100vw, 1080px\" \/><figcaption class=\"wp-element-caption\">14 \u015eubat 2026&#8217;da ABD Los Angeles&#8217;ta \u0130ran protesto hareketine destek veren g\u00f6stericiler. (Foto\u011fraf: The Epoch Times arac\u0131l\u0131\u011f\u0131yla, Patrick T. Fallon, AFP -Getty Images)<\/figcaption><\/figure><\/div>\n\n\n<p>Umman, ABD ile \u0130ran aras\u0131ndaki n\u00fckleer g\u00f6r\u00fc\u015fmelerin \u00fc\u00e7\u00fcnc\u00fc turunun 26 \u015eubat\u2019ta Cenevre\u2019de ba\u015flayaca\u011f\u0131n\u0131 duyurdu. Umman D\u0131\u015fi\u015fleri Bakan\u0131 Badr El-Busaidi, g\u00f6r\u00fc\u015fmelerin \u00f6nemli ilerlemeler kaydedilmesi ad\u0131na yeniden ba\u015flayaca\u011f\u0131n\u0131 s\u00f6yledi. El-Busaidi, g\u00f6r\u00fc\u015fmelerin olumlu bir \u015fekilde devam etti\u011fini ve taraflar\u0131n anla\u015fmaya bir ad\u0131m daha yakla\u015faca\u011f\u0131n\u0131 belirtti.<\/p>\n\n\n\n<p>\u0130ran Cumhurba\u015fkan\u0131 <a href=\"https:\/\/www.theepochtimes.com\/world\/oman-says-3rd-round-of-talks-between-us-iran-to-take-place-thursday-5989169\">Mesud Peze\u015fkiyan<\/a>, \u0130ran\u2019\u0131n b\u00f6lgedeki bar\u0131\u015f ve istikrar\u0131 desteklemeye devam edece\u011fini s\u00f6yledi. 22 \u015eubat&#8217;taki a\u00e7\u0131klamada ayr\u0131ca, son m\u00fczakerelerde pratik \u00f6nerilerde bulunuldu\u011funu ve cesaret verici sinyaller ald\u0131\u011f\u0131n\u0131 ifade etti. Bununla birlikte Peze\u015fkiyan, ABD\u2019nin eylemlerini dikkatle izlediklerini ve her duruma haz\u0131rl\u0131kl\u0131 olduklar\u0131n\u0131 vurgulad\u0131.<\/p>\n\n\n\n<p>\u0130ran, n\u00fckleer silah \u00fcretme amac\u0131nda olmad\u0131\u011f\u0131n\u0131, yaln\u0131zca atom enerjisi program\u0131 i\u00e7in teknoloji \u00fcretti\u011fini iddia ediyor. Buna kar\u015f\u0131l\u0131k ABD, \u0130ngiltere, \u0130srail ve AB ise bu iddiay\u0131 reddederek, \u0130ran\u2019\u0131n uranyum zenginle\u015ftirme program\u0131n\u0131 s\u0131n\u0131rlamas\u0131n\u0131 talep ediyor.<\/p>\n\n\n\n<p>ABD&#8217;nin \u00f6zel el\u00e7isi Steve Witkoff, 21 \u015eubat\u2019ta yapt\u0131\u011f\u0131 a\u00e7\u0131klamada, \u0130ran\u2019\u0131n hen\u00fcz uluslararas\u0131 toplumun taleplerine uymad\u0131\u011f\u0131n\u0131 belirtti. Witkoff ayr\u0131ca, \u0130ran\u2019\u0131n neden geri ad\u0131m atmad\u0131\u011f\u0131n\u0131 anlamad\u0131\u011f\u0131n\u0131 ifade etti. Buna kar\u015f\u0131l\u0131k, \u0130ran D\u0131\u015fi\u015fleri Bakan\u0131 Abbas Arak\u00e7i, \u201c\u00c7\u00fcnk\u00fc biz \u0130ran\u2019\u0131z\u201d \u015feklinde bir a\u00e7\u0131klama yapt\u0131.<\/p>\n\n\n\n<p>ABD Ba\u015fkan\u0131 Donald Trump, 19 \u015eubat\u2019ta \u0130ran ile anlaml\u0131 bir anla\u015fma yap\u0131lmazsa k\u00f6t\u00fc sonu\u00e7lar\u0131n do\u011faca\u011f\u0131 uyar\u0131s\u0131 yapt\u0131. Trump, \u0130ran\u2019a kar\u015f\u0131 b\u00fcy\u00fck bir askeri g\u00fcc\u00fcn haz\u0131r oldu\u011funu da belirtti. USS Abraham Lincoln u\u00e7ak gemisi ba\u015fta olmak \u00fczere b\u00fcy\u00fck bir deniz kuvveti Orta Do\u011fu&#8217;da bekliyor. Trump ayr\u0131ca, <a href=\"https:\/\/epochtimestr.com\/index.php\/trumptan-irana-dev-donanma-ile-nukleer-anlasma-cagrisi\" target=\"_blank\" rel=\"noreferrer noopener\">13 \u015eubat\u2019ta ikinci<\/a> bir u\u00e7ak gemisi grubunun daha b\u00f6lgeye g\u00f6nderilece\u011fini s\u00f6zlerine ekledi.<\/p>\n\n\n\n<p>\u00d6te yandan, 20 \u015eubat\u2019ta USS Gerald R. Ford u\u00e7ak gemisi grubunun Akdeniz \u00fczerinden Suvey\u015f Kanal\u0131\u2019na do\u011fru yol ald\u0131\u011f\u0131 bildirildi. Bu gemide d\u00f6rt F\/A-18 Super Hornet ve bir E\/A-18G Growler filosu yer al\u0131yor.<\/p>\n\n\n\n<h3 class=\"wp-block-heading\">Diplomatik \u00c7\u00f6z\u00fcm Aray\u0131\u015f\u0131 Devam Ediyor<\/h3>\n\n\n\n<p>\u0130ran ve ABD aras\u0131nda m\u00fczakereler, uzun bir s\u00fcredir gerginliklerle s\u00fcr\u00fcyor. \u0130ki \u00fclke aras\u0131nda sa\u011flanan anla\u015fmazl\u0131klar, n\u00fckleer silahs\u0131zlanma ve b\u00f6lgesel g\u00fcvenlik konular\u0131nda b\u00fcy\u00fck tart\u0131\u015fmalara yol a\u00e7t\u0131. Ancak her iki taraf da diplomatik \u00e7\u00f6z\u00fcm aray\u0131\u015f\u0131nda olmaya devam ediyor.<\/p>\n\n\n\n<p>\u0130ran, n\u00fckleer program\u0131n\u0131 uluslararas\u0131 denetimlere a\u00e7ma teklifini s\u0131k\u00e7a g\u00fcndeme getiriyor. ABD ise \u0130ran\u2019\u0131n bu konuda somut ad\u0131mlar atmas\u0131n\u0131 istiyor. Gerilimlerin artmas\u0131, Orta Do\u011fu&#8217;daki di\u011fer \u00fclkeleri de endi\u015felendiriyor. Zira \u0130ran\u2019\u0131n n\u00fckleer silah edinmesi, b\u00f6lgedeki di\u011fer \u00fclkeler i\u00e7in de benzer bir tehdidin \u00f6n\u00fcn\u00fc a\u00e7abilir.<\/p>\n\n\n\n<p>ABD ve \u0130ran aras\u0131ndaki m\u00fczakerelerin gelece\u011fi, d\u00fcnya genelindeki g\u00fcvenlik durumunu da etkileyecek. G\u00f6r\u00fc\u015fmelerin ba\u015far\u0131l\u0131 bir \u015fekilde sonu\u00e7lan\u0131p sonu\u00e7lanmayaca\u011f\u0131, \u00f6n\u00fcm\u00fczdeki g\u00fcnlerde netlik kazanacak.<\/p>\n","protected":false},"excerpt":{"rendered":"<p>Umman, ABD ile \u0130ran aras\u0131ndaki n\u00fckleer g\u00f6r\u00fc\u015fmelerin \u00fc\u00e7\u00fcnc\u00fc turunun 26 \u015eubat\u2019ta Cenevre\u2019de ba\u015flayaca\u011f\u0131n\u0131 duyurdu. Umman D\u0131\u015fi\u015fleri Bakan\u0131 Badr El-Busaidi, g\u00f6r\u00fc\u015fmelerin \u00f6nemli ilerlemeler kaydedilmesi ad\u0131na yeniden ba\u015flayaca\u011f\u0131n\u0131 s\u00f6yledi. El-Busaidi, g\u00f6r\u00fc\u015fmelerin olumlu bir \u015fekilde devam etti\u011fini ve taraflar\u0131n anla\u015fmaya bir ad\u0131m daha yakla\u015faca\u011f\u0131n\u0131 belirtti. \u0130ran Cumhurba\u015fkan\u0131 Mesud Peze\u015fkiyan, \u0130ran\u2019\u0131n b\u00f6lgedeki bar\u0131\u015f ve istikrar\u0131 desteklemeye devam edece\u011fini s\u00f6yledi. [&hellip;]<\/p>\n","protected":false},"author":13996,"featured_media":165912,"comment_status":"open","ping_status":"open","sticky":false,"template":"","format":"standard","meta":{"_yoast_wpseo_focuskw":"ABD - \u0130ran","_yoast_wpseo_title":"","_yoast_wpseo_metadesc":"ABD ve \u0130ran, n\u00fckleer program\u0131 \u00fczerine \u00fc\u00e7\u00fcnc\u00fc tur g\u00f6r\u00fc\u015fmeleri i\u00e7in Cenevre\u2019de bir araya geliyor. Taraflar anla\u015fma i\u00e7in ilerleme kaydediyor.","_bbp_topic_count":0,"_bbp_reply_count":0,"_bbp_total_topic_count":0,"_bbp_total_reply_count":0,"_bbp_voice_count":0,"_bbp_anonymous_reply_count":0,"_bbp_topic_count_hidden":0,"_bbp_reply_count_hidden":0,"_bbp_forum_subforum_count":0,"footnotes":"","_yoast_wpseo_focuskw_text_input":""},"categories":[5,1,8138],"tags":[407,10846,10530,4746,8828,9559,10584,10847,10512,10848],"yoast_head":"<!-- This site is optimized with the Yoast SEO plugin v23.0 - https:\/\/yoast.com\/wordpress\/plugins\/seo\/ -->\n<title>ABD ve \u0130ran Cenevre&#039;de \u00dc\u00e7\u00fcnc\u00fc Tur G\u00f6r\u00fc\u015fmelere Ba\u015fl\u0131yor - The Epoch Times TR<\/title>\n<meta name=\"description\" content=\"ABD ve \u0130ran, n\u00fckleer program\u0131 \u00fczerine \u00fc\u00e7\u00fcnc\u00fc tur g\u00f6r\u00fc\u015fmeleri i\u00e7in Cenevre\u2019de bir araya geliyor. Taraflar anla\u015fma i\u00e7in ilerleme kaydediyor.\" \/>\n<meta name=\"robots\" content=\"index, follow, max-snippet:-1, max-image-preview:large, max-video-preview:-1\" \/>\n<link rel=\"canonical\" href=\"https:\/\/epochtimestr.com\/index.php\/abd-ve-iran-cenevrede-ucuncu-tur-gorusmelere-basliyor\" \/>\n<meta property=\"og:locale\" content=\"tr_TR\" \/>\n<meta property=\"og:type\" content=\"article\" \/>\n<meta property=\"og:title\" content=\"ABD ve \u0130ran Cenevre&#039;de \u00dc\u00e7\u00fcnc\u00fc Tur G\u00f6r\u00fc\u015fmelere Ba\u015fl\u0131yor - The Epoch Times TR\" \/>\n<meta property=\"og:description\" content=\"ABD ve \u0130ran, n\u00fckleer program\u0131 \u00fczerine \u00fc\u00e7\u00fcnc\u00fc tur g\u00f6r\u00fc\u015fmeleri i\u00e7in Cenevre\u2019de bir araya geliyor. Taraflar anla\u015fma i\u00e7in ilerleme kaydediyor.\" \/>\n<meta property=\"og:url\" content=\"https:\/\/epochtimestr.com\/index.php\/abd-ve-iran-cenevrede-ucuncu-tur-gorusmelere-basliyor\" \/>\n<meta property=\"og:site_name\" content=\"The Epoch Times TR\" \/>\n<meta property=\"article:publisher\" content=\"https:\/\/www.facebook.com\/theepochtimestr\" \/>\n<meta property=\"article:published_time\" content=\"2026-02-24T09:54:26+00:00\" \/>\n<meta property=\"article:modified_time\" content=\"2026-02-24T09:54:28+00:00\" \/>\n<meta property=\"og:image\" content=\"https:\/\/epochtimestr.com\/wp-content\/uploads\/2011y\/1000033704.jpg\" \/>\n\t<meta property=\"og:image:width\" content=\"1080\" \/>\n\t<meta property=\"og:image:height\" content=\"720\" \/>\n\t<meta property=\"og:image:type\" content=\"image\/jpeg\" \/>\n<meta name=\"author\" content=\"Leo Bajelan\" \/>\n<meta name=\"twitter:card\" content=\"summary_large_image\" \/>\n<meta name=\"twitter:creator\" content=\"@TheEpochTimesTR\" \/>\n<meta name=\"twitter:site\" content=\"@TheEpochTimesTR\" \/>\n<meta name=\"twitter:label1\" content=\"Yazan:\" \/>\n\t<meta name=\"twitter:data1\" content=\"Leo Bajelan\" \/>\n\t<meta name=\"twitter:label2\" content=\"Tahmini okuma s\u00fcresi\" \/>\n\t<meta name=\"twitter:data2\" content=\"3 dakika\" \/>\n<script type=\"application\/ld+json\" class=\"yoast-schema-graph\">{\"@context\":\"https:\/\/schema.org\",\"@graph\":[{\"@type\":\"Article\",\"@id\":\"https:\/\/epochtimestr.com\/index.php\/abd-ve-iran-cenevrede-ucuncu-tur-gorusmelere-basliyor#article\",\"isPartOf\":{\"@id\":\"https:\/\/epochtimestr.com\/index.php\/abd-ve-iran-cenevrede-ucuncu-tur-gorusmelere-basliyor\"},\"author\":{\"name\":\"Leo Bajelan\",\"@id\":\"https:\/\/epochtimestr.com\/#\/schema\/person\/5fef218711d76d8f232b0e1f1d7e4c0d\"},\"headline\":\"ABD ve \u0130ran Cenevre&#8217;de \u00dc\u00e7\u00fcnc\u00fc Tur G\u00f6r\u00fc\u015fmelere Ba\u015fl\u0131yor\",\"datePublished\":\"2026-02-24T09:54:26+00:00\",\"dateModified\":\"2026-02-24T09:54:28+00:00\",\"mainEntityOfPage\":{\"@id\":\"https:\/\/epochtimestr.com\/index.php\/abd-ve-iran-cenevrede-ucuncu-tur-gorusmelere-basliyor\"},\"wordCount\":547,\"commentCount\":0,\"publisher\":{\"@id\":\"https:\/\/epochtimestr.com\/#organization\"},\"image\":{\"@id\":\"https:\/\/epochtimestr.com\/index.php\/abd-ve-iran-cenevrede-ucuncu-tur-gorusmelere-basliyor#primaryimage\"},\"thumbnailUrl\":\"https:\/\/epochtimestr.com\/wp-content\/uploads\/2011y\/1000033704.jpg\",\"keywords\":[\"ABD\",\"atom enerjisi program\u0131\",\"bar\u0131\u015f ve istikrar\",\"cenevre\",\"\u0130ran n\u00fckleer\",\"N\u00fckleer g\u00f6r\u00fc\u015fmeler\",\"Umman\",\"uranyum zenginle\u015ftirme program\u0131\",\"USS Abraham Lincoln\",\"USS Gerald R. Ford\"],\"articleSection\":[\"D\u00dcNYA\",\"G\u00dcNDEM\",\"MAN\u015eET\"],\"inLanguage\":\"tr\",\"potentialAction\":[{\"@type\":\"CommentAction\",\"name\":\"Comment\",\"target\":[\"https:\/\/epochtimestr.com\/index.php\/abd-ve-iran-cenevrede-ucuncu-tur-gorusmelere-basliyor#respond\"]}]},{\"@type\":\"WebPage\",\"@id\":\"https:\/\/epochtimestr.com\/index.php\/abd-ve-iran-cenevrede-ucuncu-tur-gorusmelere-basliyor\",\"url\":\"https:\/\/epochtimestr.com\/index.php\/abd-ve-iran-cenevrede-ucuncu-tur-gorusmelere-basliyor\",\"name\":\"ABD ve \u0130ran Cenevre'de \u00dc\u00e7\u00fcnc\u00fc Tur G\u00f6r\u00fc\u015fmelere Ba\u015fl\u0131yor - The Epoch Times TR\",\"isPartOf\":{\"@id\":\"https:\/\/epochtimestr.com\/#website\"},\"primaryImageOfPage\":{\"@id\":\"https:\/\/epochtimestr.com\/index.php\/abd-ve-iran-cenevrede-ucuncu-tur-gorusmelere-basliyor#primaryimage\"},\"image\":{\"@id\":\"https:\/\/epochtimestr.com\/index.php\/abd-ve-iran-cenevrede-ucuncu-tur-gorusmelere-basliyor#primaryimage\"},\"thumbnailUrl\":\"https:\/\/epochtimestr.com\/wp-content\/uploads\/2011y\/1000033704.jpg\",\"datePublished\":\"2026-02-24T09:54:26+00:00\",\"dateModified\":\"2026-02-24T09:54:28+00:00\",\"description\":\"ABD ve \u0130ran, n\u00fckleer program\u0131 \u00fczerine \u00fc\u00e7\u00fcnc\u00fc tur g\u00f6r\u00fc\u015fmeleri i\u00e7in Cenevre\u2019de bir araya geliyor. Taraflar anla\u015fma i\u00e7in ilerleme kaydediyor.\",\"inLanguage\":\"tr\",\"potentialAction\":[{\"@type\":\"ReadAction\",\"target\":[\"https:\/\/epochtimestr.com\/index.php\/abd-ve-iran-cenevrede-ucuncu-tur-gorusmelere-basliyor\"]}]},{\"@type\":\"ImageObject\",\"inLanguage\":\"tr\",\"@id\":\"https:\/\/epochtimestr.com\/index.php\/abd-ve-iran-cenevrede-ucuncu-tur-gorusmelere-basliyor#primaryimage\",\"url\":\"https:\/\/epochtimestr.com\/wp-content\/uploads\/2011y\/1000033704.jpg\",\"contentUrl\":\"https:\/\/epochtimestr.com\/wp-content\/uploads\/2011y\/1000033704.jpg\",\"width\":1080,\"height\":720},{\"@type\":\"WebSite\",\"@id\":\"https:\/\/epochtimestr.com\/#website\",\"url\":\"https:\/\/epochtimestr.com\/\",\"name\":\"The Epoch Times TR\",\"description\":\"De\u011fi\u015fen D\u00fcnyam\u0131za Taze Bir Bak\u0131\u015f\",\"publisher\":{\"@id\":\"https:\/\/epochtimestr.com\/#organization\"},\"potentialAction\":[{\"@type\":\"SearchAction\",\"target\":{\"@type\":\"EntryPoint\",\"urlTemplate\":\"https:\/\/epochtimestr.com\/?s={search_term_string}\"},\"query-input\":\"required name=search_term_string\"}],\"inLanguage\":\"tr\"},{\"@type\":\"Organization\",\"@id\":\"https:\/\/epochtimestr.com\/#organization\",\"name\":\"The EpochTimes T\u00fcrkiye\",\"url\":\"https:\/\/epochtimestr.com\/\",\"logo\":{\"@type\":\"ImageObject\",\"inLanguage\":\"tr\",\"@id\":\"https:\/\/epochtimestr.com\/#\/schema\/logo\/image\/\",\"url\":\"https:\/\/epochtimestr.com\/wp-content\/uploads\/2011y\/ET-Logo-YG.jpg\",\"contentUrl\":\"https:\/\/epochtimestr.com\/wp-content\/uploads\/2011y\/ET-Logo-YG.jpg\",\"width\":346,\"height\":29,\"caption\":\"The EpochTimes T\u00fcrkiye\"},\"image\":{\"@id\":\"https:\/\/epochtimestr.com\/#\/schema\/logo\/image\/\"},\"sameAs\":[\"https:\/\/www.facebook.com\/theepochtimestr\",\"https:\/\/x.com\/TheEpochTimesTR\",\"https:\/\/www.instagram.com\/epochtimestr\"]},{\"@type\":\"Person\",\"@id\":\"https:\/\/epochtimestr.com\/#\/schema\/person\/5fef218711d76d8f232b0e1f1d7e4c0d\",\"name\":\"Leo Bajelan\",\"image\":{\"@type\":\"ImageObject\",\"inLanguage\":\"tr\",\"@id\":\"https:\/\/epochtimestr.com\/#\/schema\/person\/image\/\",\"url\":\"https:\/\/secure.gravatar.com\/avatar\/917669146f489549e548a2e9af272df5?s=96&d=mm&r=g\",\"contentUrl\":\"https:\/\/secure.gravatar.com\/avatar\/917669146f489549e548a2e9af272df5?s=96&d=mm&r=g\",\"caption\":\"Leo Bajelan\"},\"url\":\"https:\/\/epochtimestr.com\/index.php\/author\/leo\"}]}<\/script>\n<!-- \/ Yoast SEO plugin. -->","yoast_head_json":{"title":"ABD ve \u0130ran Cenevre'de \u00dc\u00e7\u00fcnc\u00fc Tur G\u00f6r\u00fc\u015fmelere Ba\u015fl\u0131yor - The Epoch Times TR","description":"ABD ve \u0130ran, n\u00fckleer program\u0131 \u00fczerine \u00fc\u00e7\u00fcnc\u00fc tur g\u00f6r\u00fc\u015fmeleri i\u00e7in Cenevre\u2019de bir araya geliyor. Taraflar anla\u015fma i\u00e7in ilerleme kaydediyor.","robots":{"index":"index","follow":"follow","max-snippet":"max-snippet:-1","max-image-preview":"max-image-preview:large","max-video-preview":"max-video-preview:-1"},"canonical":"https:\/\/epochtimestr.com\/index.php\/abd-ve-iran-cenevrede-ucuncu-tur-gorusmelere-basliyor","og_locale":"tr_TR","og_type":"article","og_title":"ABD ve \u0130ran Cenevre'de \u00dc\u00e7\u00fcnc\u00fc Tur G\u00f6r\u00fc\u015fmelere Ba\u015fl\u0131yor - The Epoch Times TR","og_description":"ABD ve \u0130ran, n\u00fckleer program\u0131 \u00fczerine \u00fc\u00e7\u00fcnc\u00fc tur g\u00f6r\u00fc\u015fmeleri i\u00e7in Cenevre\u2019de bir araya geliyor. Taraflar anla\u015fma i\u00e7in ilerleme kaydediyor.","og_url":"https:\/\/epochtimestr.com\/index.php\/abd-ve-iran-cenevrede-ucuncu-tur-gorusmelere-basliyor","og_site_name":"The Epoch Times TR","article_publisher":"https:\/\/www.facebook.com\/theepochtimestr","article_published_time":"2026-02-24T09:54:26+00:00","article_modified_time":"2026-02-24T09:54:28+00:00","og_image":[{"width":1080,"height":720,"url":"https:\/\/epochtimestr.com\/wp-content\/uploads\/2011y\/1000033704.jpg","type":"image\/jpeg"}],"author":"Leo Bajelan","twitter_card":"summary_large_image","twitter_creator":"@TheEpochTimesTR","twitter_site":"@TheEpochTimesTR","twitter_misc":{"Yazan:":"Leo Bajelan","Tahmini okuma s\u00fcresi":"3 dakika"},"schema":{"@context":"https:\/\/schema.org","@graph":[{"@type":"Article","@id":"https:\/\/epochtimestr.com\/index.php\/abd-ve-iran-cenevrede-ucuncu-tur-gorusmelere-basliyor#article","isPartOf":{"@id":"https:\/\/epochtimestr.com\/index.php\/abd-ve-iran-cenevrede-ucuncu-tur-gorusmelere-basliyor"},"author":{"name":"Leo Bajelan","@id":"https:\/\/epochtimestr.com\/#\/schema\/person\/5fef218711d76d8f232b0e1f1d7e4c0d"},"headline":"ABD ve \u0130ran Cenevre&#8217;de \u00dc\u00e7\u00fcnc\u00fc Tur G\u00f6r\u00fc\u015fmelere Ba\u015fl\u0131yor","datePublished":"2026-02-24T09:54:26+00:00","dateModified":"2026-02-24T09:54:28+00:00","mainEntityOfPage":{"@id":"https:\/\/epochtimestr.com\/index.php\/abd-ve-iran-cenevrede-ucuncu-tur-gorusmelere-basliyor"},"wordCount":547,"commentCount":0,"publisher":{"@id":"https:\/\/epochtimestr.com\/#organization"},"image":{"@id":"https:\/\/epochtimestr.com\/index.php\/abd-ve-iran-cenevrede-ucuncu-tur-gorusmelere-basliyor#primaryimage"},"thumbnailUrl":"https:\/\/epochtimestr.com\/wp-content\/uploads\/2011y\/1000033704.jpg","keywords":["ABD","atom enerjisi program\u0131","bar\u0131\u015f ve istikrar","cenevre","\u0130ran n\u00fckleer","N\u00fckleer g\u00f6r\u00fc\u015fmeler","Umman","uranyum zenginle\u015ftirme program\u0131","USS Abraham Lincoln","USS Gerald R. Ford"],"articleSection":["D\u00dcNYA","G\u00dcNDEM","MAN\u015eET"],"inLanguage":"tr","potentialAction":[{"@type":"CommentAction","name":"Comment","target":["https:\/\/epochtimestr.com\/index.php\/abd-ve-iran-cenevrede-ucuncu-tur-gorusmelere-basliyor#respond"]}]},{"@type":"WebPage","@id":"https:\/\/epochtimestr.com\/index.php\/abd-ve-iran-cenevrede-ucuncu-tur-gorusmelere-basliyor","url":"https:\/\/epochtimestr.com\/index.php\/abd-ve-iran-cenevrede-ucuncu-tur-gorusmelere-basliyor","name":"ABD ve \u0130ran Cenevre'de \u00dc\u00e7\u00fcnc\u00fc Tur G\u00f6r\u00fc\u015fmelere Ba\u015fl\u0131yor - The Epoch Times TR","isPartOf":{"@id":"https:\/\/epochtimestr.com\/#website"},"primaryImageOfPage":{"@id":"https:\/\/epochtimestr.com\/index.php\/abd-ve-iran-cenevrede-ucuncu-tur-gorusmelere-basliyor#primaryimage"},"image":{"@id":"https:\/\/epochtimestr.com\/index.php\/abd-ve-iran-cenevrede-ucuncu-tur-gorusmelere-basliyor#primaryimage"},"thumbnailUrl":"https:\/\/epochtimestr.com\/wp-content\/uploads\/2011y\/1000033704.jpg","datePublished":"2026-02-24T09:54:26+00:00","dateModified":"2026-02-24T09:54:28+00:00","description":"ABD ve \u0130ran, n\u00fckleer program\u0131 \u00fczerine \u00fc\u00e7\u00fcnc\u00fc tur g\u00f6r\u00fc\u015fmeleri i\u00e7in Cenevre\u2019de bir araya geliyor. Taraflar anla\u015fma i\u00e7in ilerleme kaydediyor.","inLanguage":"tr","potentialAction":[{"@type":"ReadAction","target":["https:\/\/epochtimestr.com\/index.php\/abd-ve-iran-cenevrede-ucuncu-tur-gorusmelere-basliyor"]}]},{"@type":"ImageObject","inLanguage":"tr","@id":"https:\/\/epochtimestr.com\/index.php\/abd-ve-iran-cenevrede-ucuncu-tur-gorusmelere-basliyor#primaryimage","url":"https:\/\/epochtimestr.com\/wp-content\/uploads\/2011y\/1000033704.jpg","contentUrl":"https:\/\/epochtimestr.com\/wp-content\/uploads\/2011y\/1000033704.jpg","width":1080,"height":720},{"@type":"WebSite","@id":"https:\/\/epochtimestr.com\/#website","url":"https:\/\/epochtimestr.com\/","name":"The Epoch Times TR","description":"De\u011fi\u015fen D\u00fcnyam\u0131za Taze Bir Bak\u0131\u015f","publisher":{"@id":"https:\/\/epochtimestr.com\/#organization"},"potentialAction":[{"@type":"SearchAction","target":{"@type":"EntryPoint","urlTemplate":"https:\/\/epochtimestr.com\/?s={search_term_string}"},"query-input":"required name=search_term_string"}],"inLanguage":"tr"},{"@type":"Organization","@id":"https:\/\/epochtimestr.com\/#organization","name":"The EpochTimes T\u00fcrkiye","url":"https:\/\/epochtimestr.com\/","logo":{"@type":"ImageObject","inLanguage":"tr","@id":"https:\/\/epochtimestr.com\/#\/schema\/logo\/image\/","url":"https:\/\/epochtimestr.com\/wp-content\/uploads\/2011y\/ET-Logo-YG.jpg","contentUrl":"https:\/\/epochtimestr.com\/wp-content\/uploads\/2011y\/ET-Logo-YG.jpg","width":346,"height":29,"caption":"The EpochTimes T\u00fcrkiye"},"image":{"@id":"https:\/\/epochtimestr.com\/#\/schema\/logo\/image\/"},"sameAs":["https:\/\/www.facebook.com\/theepochtimestr","https:\/\/x.com\/TheEpochTimesTR","https:\/\/www.instagram.com\/epochtimestr"]},{"@type":"Person","@id":"https:\/\/epochtimestr.com\/#\/schema\/person\/5fef218711d76d8f232b0e1f1d7e4c0d","name":"Leo Bajelan","image":{"@type":"ImageObject","inLanguage":"tr","@id":"https:\/\/epochtimestr.com\/#\/schema\/person\/image\/","url":"https:\/\/secure.gravatar.com\/avatar\/917669146f489549e548a2e9af272df5?s=96&d=mm&r=g","contentUrl":"https:\/\/secure.gravatar.com\/avatar\/917669146f489549e548a2e9af272df5?s=96&d=mm&r=g","caption":"Leo Bajelan"},"url":"https:\/\/epochtimestr.com\/index.php\/author\/leo"}]}},"_links":{"self":[{"href":"https:\/\/epochtimestr.com\/index.php\/wp-json\/wp\/v2\/posts\/165911"}],"collection":[{"href":"https:\/\/epochtimestr.com\/index.php\/wp-json\/wp\/v2\/posts"}],"about":[{"href":"https:\/\/epochtimestr.com\/index.php\/wp-json\/wp\/v2\/types\/post"}],"author":[{"embeddable":true,"href":"https:\/\/epochtimestr.com\/index.php\/wp-json\/wp\/v2\/users\/13996"}],"replies":[{"embeddable":true,"href":"https:\/\/epochtimestr.com\/index.php\/wp-json\/wp\/v2\/comments?post=165911"}],"version-history":[{"count":3,"href":"https:\/\/epochtimestr.com\/index.php\/wp-json\/wp\/v2\/posts\/165911\/revisions"}],"predecessor-version":[{"id":165928,"href":"https:\/\/epochtimestr.com\/index.php\/wp-json\/wp\/v2\/posts\/165911\/revisions\/165928"}],"wp:featuredmedia":[{"embeddable":true,"href":"https:\/\/epochtimestr.com\/index.php\/wp-json\/wp\/v2\/media\/165912"}],"wp:attachment":[{"href":"https:\/\/epochtimestr.com\/index.php\/wp-json\/wp\/v2\/media?parent=165911"}],"wp:term":[{"taxonomy":"category","embeddable":true,"href":"https:\/\/epochtimestr.com\/index.php\/wp-json\/wp\/v2\/categories?post=165911"},{"taxonomy":"post_tag","embeddable":true,"href":"https:\/\/epochtimestr.com\/index.php\/wp-json\/wp\/v2\/tags?post=165911"}],"curies":[{"name":"wp","href":"https:\/\/api.w.org\/{rel}","templated":true}]}}