{"id":165925,"date":"2026-02-24T16:45:35","date_gmt":"2026-02-24T13:45:35","guid":{"rendered":"https:\/\/epochtimestr.com\/?p=165925"},"modified":"2026-02-24T16:45:37","modified_gmt":"2026-02-24T13:45:37","slug":"ab-kacak-gocmenlerin-sinir-disi-edilmesini-onayladi","status":"publish","type":"post","link":"https:\/\/epochtimestr.com\/index.php\/ab-kacak-gocmenlerin-sinir-disi-edilmesini-onayladi","title":{"rendered":"AB Ka\u00e7ak G\u00f6\u00e7menlerin S\u0131n\u0131r D\u0131\u015f\u0131 Edilmesini Onaylad\u0131"},"content":{"rendered":"<div class=\"wp-block-image\">\n<figure class=\"aligncenter size-full\"><img loading=\"lazy\" decoding=\"async\" width=\"1024\" height=\"683\" src=\"https:\/\/epochtimestr.com\/wp-content\/uploads\/2011y\/1000033705.webp\" alt=\"AB, g\u00fcvenli \u00fclkeler listesindeki g\u00f6\u00e7menlerin s\u0131\u011f\u0131nma ba\u015fvurular\u0131n\u0131 reddedip s\u0131n\u0131r d\u0131\u015f\u0131 edilmesini onaylad\u0131. Ka\u00e7ak g\u00f6\u00e7menler, Lampedusa adas\u0131nda, K\u0131z\u0131lha\u00e7'tan kay\u0131t belgelerini almak i\u00e7in beklerken. 17 Eyl\u00fcl 2023, \u0130talya. (Foto\u011fraf: The Epoch Times arac\u0131l\u0131\u011f\u0131yla, Zekeriya Abdelkafi, AFP - Getty Images)\" class=\"wp-image-165926\" srcset=\"https:\/\/epochtimestr.com\/wp-content\/uploads\/2011y\/1000033705.webp 1024w, https:\/\/epochtimestr.com\/wp-content\/uploads\/2011y\/1000033705-300x200.webp 300w, https:\/\/epochtimestr.com\/wp-content\/uploads\/2011y\/1000033705-150x100.webp 150w, https:\/\/epochtimestr.com\/wp-content\/uploads\/2011y\/1000033705-768x512.webp 768w\" sizes=\"(max-width: 1024px) 100vw, 1024px\" \/><figcaption class=\"wp-element-caption\">AB, g\u00fcvenli \u00fclkeler listesindeki g\u00f6\u00e7menlerin s\u0131\u011f\u0131nma ba\u015fvurular\u0131n\u0131n reddedilmesini ve s\u0131n\u0131r d\u0131\u015f\u0131 edilmesini onaylad\u0131. Ka\u00e7ak g\u00f6\u00e7menler, Lampedusa adas\u0131nda, K\u0131z\u0131lha\u00e7&#8217;tan kay\u0131t belgelerini almak i\u00e7in beklerken. 17 Eyl\u00fcl 2023, \u0130talya. (Foto\u011fraf: The Epoch Times arac\u0131l\u0131\u011f\u0131yla, Zekeriya Abdelkafi, AFP &#8211; Getty Images)<\/figcaption><\/figure><\/div>\n\n\n<p>Avrupa Birli\u011fi, yeni g\u00f6\u00e7menlik yasalar\u0131nda \u00f6nemli bir de\u011fi\u015fiklik yapt\u0131 ve yeni g\u00fcvenli \u00fclkeler listesini a\u00e7\u0131klad\u0131. Art\u0131k g\u00fcvenli \u00fclkelerden gelen <a href=\"https:\/\/www.theepochtimes.com\/world\/eu-gives-green-light-to-deport-illegal-immigrants-from-designated-safe-states-5989196\">ka\u00e7ak g\u00f6\u00e7menler<\/a>, AB\u2019ye s\u0131\u011f\u0131nma ba\u015fvurusu yapamayacak. Hindistan, Banglade\u015f, Kolombiya, M\u0131s\u0131r, Fas, Tunus ve Kosova bu listeye dahil oldu. H\u00e2l\u00e2 bir\u00e7ok \u00fclke S\u0131rbistan&#8217;dan ba\u011f\u0131ms\u0131zl\u0131\u011f\u0131n\u0131 ilan eden Kosova&#8217;y\u0131 tan\u0131m\u0131yor. Ayr\u0131ca yeni kurallar, 12 Haziran 2026\u2019da y\u00fcr\u00fcrl\u00fc\u011fe girecek.<\/p>\n\n\n\n<p>Yeni yasalarla, AB \u00fclkelerinin g\u00fcvenli \u00fclkelerden gelen g\u00f6\u00e7menleri h\u0131zla s\u0131n\u0131r d\u0131\u015f\u0131 etmeleri m\u00fcmk\u00fcn olacak. Ayn\u0131 zamanda bu \u00fclkelerden gelen g\u00f6\u00e7menler, s\u0131\u011f\u0131nma ba\u015fvurusu yapamayacaklar. AB, bu d\u00fczenlemeyi g\u00f6\u00e7menlik ve s\u0131\u011f\u0131nma prosed\u00fcrlerini h\u0131zland\u0131rmak i\u00e7in benimsedi. Avrupa halk\u0131n\u0131n giderek artan ho\u015fnutsuzlu\u011fu, bu yasan\u0131n ge\u00e7mesinde etkili oldu. 2025 y\u0131l\u0131 verilerine g\u00f6re, Fas\u2019tan 1.725, M\u0131s\u0131r\u2019dan ise 1.705 ki\u015fi s\u0131\u011f\u0131nma ba\u015fvurusu yapm\u0131\u015ft\u0131.<\/p>\n\n\n\n<p><a href=\"https:\/\/epochtimestr.com\/index.php\/abd-ab-arasinda-giris-yasagi-krizi\" target=\"_blank\" rel=\"noreferrer noopener\">Avrupa Parlamentosu<\/a>, 10 \u015eubat 2026 tarihinde Strasbourg\u2019da yapt\u0131\u011f\u0131 oylamada, yeni yasalar\u0131 onaylad\u0131. G\u00fcvenli \u00fclkelerden gelen ki\u015filer, AB\u2019ye gelmeden \u00f6nce ge\u00e7ti\u011fi g\u00fcvenli \u00fclkede s\u0131\u011f\u0131nma ba\u015fvurusu yapabilecek. \u00d6rne\u011fin, Yunanistan, H\u0131rvatistan, Slovenya ve Avusturya \u00fczerinden Almanya\u2019ya ula\u015fan bir g\u00f6\u00e7men, Almanya taraf\u0131ndan s\u0131n\u0131r d\u0131\u015f\u0131 edilebilecek.<\/p>\n\n\n\n<p>Yasalar\u0131n kabul\u00fcyle Avrupa, g\u00fcvenli \u00fc\u00e7\u00fcnc\u00fc \u00fclke kavram\u0131n\u0131 geni\u015fletiyor. Ayr\u0131ca AB \u00fclkeleri, g\u00f6\u00e7menleri s\u0131n\u0131r d\u0131\u015f\u0131 etmek i\u00e7in d\u0131\u015f \u00fclkelerde &#8220;geri d\u00f6n\u00fc\u015f merkezleri&#8221; kurmay\u0131 planl\u0131yor.<\/p>\n\n\n\n<p>AB\u2019ye g\u00f6\u00e7men ak\u0131m\u0131 2015\u2019te, 1 milyonun \u00fczerinde g\u00f6\u00e7menle zirveye ula\u015ft\u0131. Ancak 2019\u2019da pandemi \u00f6ncesinde bu say\u0131 121.303&#8217;e d\u00fc\u015fm\u00fc\u015ft\u00fc. 2023\u2019te ise tekrar art\u0131\u015f g\u00f6stererek 275.047\u2019ye \u00e7\u0131km\u0131\u015f, 2024\u2019te tekrar d\u00fc\u015ferek 154.502&#8217;ye ula\u015fm\u0131\u015ft\u0131. Sonunda AB h\u00fck\u00fcmetleri, halk\u0131n ho\u015fnutsuzlu\u011funun artmas\u0131yla birlikte g\u00f6\u00e7menlik politikalar\u0131nda de\u011fi\u015fikliklere gitti.<\/p>\n\n\n\n<h3 class=\"wp-block-heading\">Yeni Yasalar \u0130nsan Haklar\u0131n\u0131 Tehdit Ediyor<\/h3>\n\n\n\n<p>Ancak, bu yeni d\u00fczenlemeler insan haklar\u0131 \u00f6rg\u00fctlerini endi\u015felendiriyor. Amnesty International, bu yasalar\u0131n insan haklar\u0131n\u0131 tehdit etti\u011fini ve s\u0131\u011f\u0131nma ba\u015fvurular\u0131n\u0131n tek tek incelenmesi gerekti\u011fini belirtti. \u00d6rg\u00fct yeni kurallar\u0131n, ba\u015fvurular\u0131n reddedilmesine yol a\u00e7aca\u011f\u0131n\u0131 ve tehlikede olan ki\u015filerin korunmas\u0131n\u0131 engelleyece\u011fini belirtiyor.<\/p>\n\n\n\n<p>AB bu ad\u0131mla, g\u00f6\u00e7menlerin daha h\u0131zl\u0131 \u015fekilde g\u00fcvenli \u00fclkelerdeki ilk duraklar\u0131na geri g\u00f6nderilmesini sa\u011flamak istiyor. Ancak bu durumun bir\u00e7ok insan i\u00e7in zorlu sonu\u00e7lar do\u011furmas\u0131 olas\u0131. Yasal ba\u015fvuru s\u00fcre\u00e7lerinin h\u0131zland\u0131r\u0131lmas\u0131, g\u00fcvenli \u00fclke listesinin d\u0131\u015f\u0131ndaki g\u00f6\u00e7menler i\u00e7in daha fazla belirsizlik yaratabilir.<\/p>\n\n\n\n<p>Avrupa\u2019daki yeni g\u00f6\u00e7 politikas\u0131, g\u00f6\u00e7menlerin ve yerel halk\u0131n haklar\u0131 aras\u0131nda bir denge kurmay\u0131 ama\u00e7l\u0131yor. Ancak bu dengeyi sa\u011flamak olduk\u00e7a zor olacak.<\/p>\n","protected":false},"excerpt":{"rendered":"<p>Avrupa Birli\u011fi, yeni g\u00f6\u00e7menlik yasalar\u0131nda \u00f6nemli bir de\u011fi\u015fiklik yapt\u0131 ve yeni g\u00fcvenli \u00fclkeler listesini a\u00e7\u0131klad\u0131. Art\u0131k g\u00fcvenli \u00fclkelerden gelen ka\u00e7ak g\u00f6\u00e7menler, AB\u2019ye s\u0131\u011f\u0131nma ba\u015fvurusu yapamayacak. Hindistan, Banglade\u015f, Kolombiya, M\u0131s\u0131r, Fas, Tunus ve Kosova bu listeye dahil oldu. H\u00e2l\u00e2 bir\u00e7ok \u00fclke S\u0131rbistan&#8217;dan ba\u011f\u0131ms\u0131zl\u0131\u011f\u0131n\u0131 ilan eden Kosova&#8217;y\u0131 tan\u0131m\u0131yor. Ayr\u0131ca yeni kurallar, 12 Haziran 2026\u2019da y\u00fcr\u00fcrl\u00fc\u011fe girecek. Yeni [&hellip;]<\/p>\n","protected":false},"author":13996,"featured_media":165926,"comment_status":"open","ping_status":"open","sticky":false,"template":"","format":"standard","meta":{"_yoast_wpseo_focuskw":"AB - s\u0131n\u0131r d\u0131\u015f\u0131","_yoast_wpseo_title":"","_yoast_wpseo_metadesc":"AB g\u00fcvenli \u00fclkeler listesindeki g\u00f6\u00e7menlerin s\u0131\u011f\u0131nma ba\u015fvurular\u0131n\u0131 reddedilmesini ve s\u0131n\u0131r d\u0131\u015f\u0131 edilmesini onaylad\u0131.","_bbp_topic_count":0,"_bbp_reply_count":0,"_bbp_total_topic_count":0,"_bbp_total_reply_count":0,"_bbp_voice_count":0,"_bbp_anonymous_reply_count":0,"_bbp_topic_count_hidden":0,"_bbp_reply_count_hidden":0,"_bbp_forum_subforum_count":0,"footnotes":"","_yoast_wpseo_focuskw_text_input":""},"categories":[5,1],"tags":[1652,10851,329,10849,5845,10844,10850],"yoast_head":"<!-- This site is optimized with the Yoast SEO plugin v23.0 - https:\/\/yoast.com\/wordpress\/plugins\/seo\/ -->\n<title>AB Ka\u00e7ak G\u00f6\u00e7menlerin S\u0131n\u0131r D\u0131\u015f\u0131 Edilmesini Onaylad\u0131 - The Epoch Times TR<\/title>\n<meta name=\"description\" content=\"AB g\u00fcvenli \u00fclkeler listesindeki g\u00f6\u00e7menlerin s\u0131\u011f\u0131nma ba\u015fvurular\u0131n\u0131 reddedilmesini ve s\u0131n\u0131r d\u0131\u015f\u0131 edilmesini onaylad\u0131.\" \/>\n<meta name=\"robots\" content=\"index, follow, max-snippet:-1, max-image-preview:large, max-video-preview:-1\" \/>\n<link rel=\"canonical\" href=\"https:\/\/epochtimestr.com\/index.php\/ab-kacak-gocmenlerin-sinir-disi-edilmesini-onayladi\" \/>\n<meta property=\"og:locale\" content=\"tr_TR\" \/>\n<meta property=\"og:type\" content=\"article\" \/>\n<meta property=\"og:title\" content=\"AB Ka\u00e7ak G\u00f6\u00e7menlerin S\u0131n\u0131r D\u0131\u015f\u0131 Edilmesini Onaylad\u0131 - The Epoch Times TR\" \/>\n<meta property=\"og:description\" content=\"AB g\u00fcvenli \u00fclkeler listesindeki g\u00f6\u00e7menlerin s\u0131\u011f\u0131nma ba\u015fvurular\u0131n\u0131 reddedilmesini ve s\u0131n\u0131r d\u0131\u015f\u0131 edilmesini onaylad\u0131.\" \/>\n<meta property=\"og:url\" content=\"https:\/\/epochtimestr.com\/index.php\/ab-kacak-gocmenlerin-sinir-disi-edilmesini-onayladi\" \/>\n<meta property=\"og:site_name\" content=\"The Epoch Times TR\" \/>\n<meta property=\"article:publisher\" content=\"https:\/\/www.facebook.com\/theepochtimestr\" \/>\n<meta property=\"article:published_time\" content=\"2026-02-24T13:45:35+00:00\" \/>\n<meta property=\"article:modified_time\" content=\"2026-02-24T13:45:37+00:00\" \/>\n<meta property=\"og:image\" content=\"https:\/\/epochtimestr.com\/wp-content\/uploads\/2011y\/1000033705.webp\" \/>\n\t<meta property=\"og:image:width\" content=\"1024\" \/>\n\t<meta property=\"og:image:height\" content=\"683\" \/>\n\t<meta property=\"og:image:type\" content=\"image\/webp\" \/>\n<meta name=\"author\" content=\"Leo Bajelan\" \/>\n<meta name=\"twitter:card\" content=\"summary_large_image\" \/>\n<meta name=\"twitter:creator\" content=\"@TheEpochTimesTR\" \/>\n<meta name=\"twitter:site\" content=\"@TheEpochTimesTR\" \/>\n<meta name=\"twitter:label1\" content=\"Yazan:\" \/>\n\t<meta name=\"twitter:data1\" content=\"Leo Bajelan\" \/>\n\t<meta name=\"twitter:label2\" content=\"Tahmini okuma s\u00fcresi\" \/>\n\t<meta name=\"twitter:data2\" content=\"3 dakika\" \/>\n<script type=\"application\/ld+json\" class=\"yoast-schema-graph\">{\"@context\":\"https:\/\/schema.org\",\"@graph\":[{\"@type\":\"Article\",\"@id\":\"https:\/\/epochtimestr.com\/index.php\/ab-kacak-gocmenlerin-sinir-disi-edilmesini-onayladi#article\",\"isPartOf\":{\"@id\":\"https:\/\/epochtimestr.com\/index.php\/ab-kacak-gocmenlerin-sinir-disi-edilmesini-onayladi\"},\"author\":{\"name\":\"Leo Bajelan\",\"@id\":\"https:\/\/epochtimestr.com\/#\/schema\/person\/5fef218711d76d8f232b0e1f1d7e4c0d\"},\"headline\":\"AB Ka\u00e7ak G\u00f6\u00e7menlerin S\u0131n\u0131r D\u0131\u015f\u0131 Edilmesini Onaylad\u0131\",\"datePublished\":\"2026-02-24T13:45:35+00:00\",\"dateModified\":\"2026-02-24T13:45:37+00:00\",\"mainEntityOfPage\":{\"@id\":\"https:\/\/epochtimestr.com\/index.php\/ab-kacak-gocmenlerin-sinir-disi-edilmesini-onayladi\"},\"wordCount\":540,\"commentCount\":0,\"publisher\":{\"@id\":\"https:\/\/epochtimestr.com\/#organization\"},\"image\":{\"@id\":\"https:\/\/epochtimestr.com\/index.php\/ab-kacak-gocmenlerin-sinir-disi-edilmesini-onayladi#primaryimage\"},\"thumbnailUrl\":\"https:\/\/epochtimestr.com\/wp-content\/uploads\/2011y\/1000033705.webp\",\"keywords\":[\"AB\",\"AB yasalar\u0131\",\"avrupa birli\u011fi\",\"g\u00fcvenli \u00fclkeler listesi\",\"ka\u00e7ak g\u00f6\u00e7men\",\"Ka\u00e7ak G\u00f6\u00e7menler\",\"s\u0131\u011f\u0131nma ba\u015fvurusu\"],\"articleSection\":[\"D\u00dcNYA\",\"G\u00dcNDEM\"],\"inLanguage\":\"tr\",\"potentialAction\":[{\"@type\":\"CommentAction\",\"name\":\"Comment\",\"target\":[\"https:\/\/epochtimestr.com\/index.php\/ab-kacak-gocmenlerin-sinir-disi-edilmesini-onayladi#respond\"]}]},{\"@type\":\"WebPage\",\"@id\":\"https:\/\/epochtimestr.com\/index.php\/ab-kacak-gocmenlerin-sinir-disi-edilmesini-onayladi\",\"url\":\"https:\/\/epochtimestr.com\/index.php\/ab-kacak-gocmenlerin-sinir-disi-edilmesini-onayladi\",\"name\":\"AB Ka\u00e7ak G\u00f6\u00e7menlerin S\u0131n\u0131r D\u0131\u015f\u0131 Edilmesini Onaylad\u0131 - The Epoch Times TR\",\"isPartOf\":{\"@id\":\"https:\/\/epochtimestr.com\/#website\"},\"primaryImageOfPage\":{\"@id\":\"https:\/\/epochtimestr.com\/index.php\/ab-kacak-gocmenlerin-sinir-disi-edilmesini-onayladi#primaryimage\"},\"image\":{\"@id\":\"https:\/\/epochtimestr.com\/index.php\/ab-kacak-gocmenlerin-sinir-disi-edilmesini-onayladi#primaryimage\"},\"thumbnailUrl\":\"https:\/\/epochtimestr.com\/wp-content\/uploads\/2011y\/1000033705.webp\",\"datePublished\":\"2026-02-24T13:45:35+00:00\",\"dateModified\":\"2026-02-24T13:45:37+00:00\",\"description\":\"AB g\u00fcvenli \u00fclkeler listesindeki g\u00f6\u00e7menlerin s\u0131\u011f\u0131nma ba\u015fvurular\u0131n\u0131 reddedilmesini ve s\u0131n\u0131r d\u0131\u015f\u0131 edilmesini onaylad\u0131.\",\"inLanguage\":\"tr\",\"potentialAction\":[{\"@type\":\"ReadAction\",\"target\":[\"https:\/\/epochtimestr.com\/index.php\/ab-kacak-gocmenlerin-sinir-disi-edilmesini-onayladi\"]}]},{\"@type\":\"ImageObject\",\"inLanguage\":\"tr\",\"@id\":\"https:\/\/epochtimestr.com\/index.php\/ab-kacak-gocmenlerin-sinir-disi-edilmesini-onayladi#primaryimage\",\"url\":\"https:\/\/epochtimestr.com\/wp-content\/uploads\/2011y\/1000033705.webp\",\"contentUrl\":\"https:\/\/epochtimestr.com\/wp-content\/uploads\/2011y\/1000033705.webp\",\"width\":1024,\"height\":683},{\"@type\":\"WebSite\",\"@id\":\"https:\/\/epochtimestr.com\/#website\",\"url\":\"https:\/\/epochtimestr.com\/\",\"name\":\"The Epoch Times TR\",\"description\":\"De\u011fi\u015fen D\u00fcnyam\u0131za Taze Bir Bak\u0131\u015f\",\"publisher\":{\"@id\":\"https:\/\/epochtimestr.com\/#organization\"},\"potentialAction\":[{\"@type\":\"SearchAction\",\"target\":{\"@type\":\"EntryPoint\",\"urlTemplate\":\"https:\/\/epochtimestr.com\/?s={search_term_string}\"},\"query-input\":\"required name=search_term_string\"}],\"inLanguage\":\"tr\"},{\"@type\":\"Organization\",\"@id\":\"https:\/\/epochtimestr.com\/#organization\",\"name\":\"The EpochTimes T\u00fcrkiye\",\"url\":\"https:\/\/epochtimestr.com\/\",\"logo\":{\"@type\":\"ImageObject\",\"inLanguage\":\"tr\",\"@id\":\"https:\/\/epochtimestr.com\/#\/schema\/logo\/image\/\",\"url\":\"https:\/\/epochtimestr.com\/wp-content\/uploads\/2011y\/ET-Logo-YG.jpg\",\"contentUrl\":\"https:\/\/epochtimestr.com\/wp-content\/uploads\/2011y\/ET-Logo-YG.jpg\",\"width\":346,\"height\":29,\"caption\":\"The EpochTimes T\u00fcrkiye\"},\"image\":{\"@id\":\"https:\/\/epochtimestr.com\/#\/schema\/logo\/image\/\"},\"sameAs\":[\"https:\/\/www.facebook.com\/theepochtimestr\",\"https:\/\/x.com\/TheEpochTimesTR\",\"https:\/\/www.instagram.com\/epochtimestr\"]},{\"@type\":\"Person\",\"@id\":\"https:\/\/epochtimestr.com\/#\/schema\/person\/5fef218711d76d8f232b0e1f1d7e4c0d\",\"name\":\"Leo Bajelan\",\"image\":{\"@type\":\"ImageObject\",\"inLanguage\":\"tr\",\"@id\":\"https:\/\/epochtimestr.com\/#\/schema\/person\/image\/\",\"url\":\"https:\/\/secure.gravatar.com\/avatar\/917669146f489549e548a2e9af272df5?s=96&d=mm&r=g\",\"contentUrl\":\"https:\/\/secure.gravatar.com\/avatar\/917669146f489549e548a2e9af272df5?s=96&d=mm&r=g\",\"caption\":\"Leo Bajelan\"},\"url\":\"https:\/\/epochtimestr.com\/index.php\/author\/leo\"}]}<\/script>\n<!-- \/ Yoast SEO plugin. -->","yoast_head_json":{"title":"AB Ka\u00e7ak G\u00f6\u00e7menlerin S\u0131n\u0131r D\u0131\u015f\u0131 Edilmesini Onaylad\u0131 - The Epoch Times TR","description":"AB g\u00fcvenli \u00fclkeler listesindeki g\u00f6\u00e7menlerin s\u0131\u011f\u0131nma ba\u015fvurular\u0131n\u0131 reddedilmesini ve s\u0131n\u0131r d\u0131\u015f\u0131 edilmesini onaylad\u0131.","robots":{"index":"index","follow":"follow","max-snippet":"max-snippet:-1","max-image-preview":"max-image-preview:large","max-video-preview":"max-video-preview:-1"},"canonical":"https:\/\/epochtimestr.com\/index.php\/ab-kacak-gocmenlerin-sinir-disi-edilmesini-onayladi","og_locale":"tr_TR","og_type":"article","og_title":"AB Ka\u00e7ak G\u00f6\u00e7menlerin S\u0131n\u0131r D\u0131\u015f\u0131 Edilmesini Onaylad\u0131 - The Epoch Times TR","og_description":"AB g\u00fcvenli \u00fclkeler listesindeki g\u00f6\u00e7menlerin s\u0131\u011f\u0131nma ba\u015fvurular\u0131n\u0131 reddedilmesini ve s\u0131n\u0131r d\u0131\u015f\u0131 edilmesini onaylad\u0131.","og_url":"https:\/\/epochtimestr.com\/index.php\/ab-kacak-gocmenlerin-sinir-disi-edilmesini-onayladi","og_site_name":"The Epoch Times TR","article_publisher":"https:\/\/www.facebook.com\/theepochtimestr","article_published_time":"2026-02-24T13:45:35+00:00","article_modified_time":"2026-02-24T13:45:37+00:00","og_image":[{"width":1024,"height":683,"url":"https:\/\/epochtimestr.com\/wp-content\/uploads\/2011y\/1000033705.webp","type":"image\/webp"}],"author":"Leo Bajelan","twitter_card":"summary_large_image","twitter_creator":"@TheEpochTimesTR","twitter_site":"@TheEpochTimesTR","twitter_misc":{"Yazan:":"Leo Bajelan","Tahmini okuma s\u00fcresi":"3 dakika"},"schema":{"@context":"https:\/\/schema.org","@graph":[{"@type":"Article","@id":"https:\/\/epochtimestr.com\/index.php\/ab-kacak-gocmenlerin-sinir-disi-edilmesini-onayladi#article","isPartOf":{"@id":"https:\/\/epochtimestr.com\/index.php\/ab-kacak-gocmenlerin-sinir-disi-edilmesini-onayladi"},"author":{"name":"Leo Bajelan","@id":"https:\/\/epochtimestr.com\/#\/schema\/person\/5fef218711d76d8f232b0e1f1d7e4c0d"},"headline":"AB Ka\u00e7ak G\u00f6\u00e7menlerin S\u0131n\u0131r D\u0131\u015f\u0131 Edilmesini Onaylad\u0131","datePublished":"2026-02-24T13:45:35+00:00","dateModified":"2026-02-24T13:45:37+00:00","mainEntityOfPage":{"@id":"https:\/\/epochtimestr.com\/index.php\/ab-kacak-gocmenlerin-sinir-disi-edilmesini-onayladi"},"wordCount":540,"commentCount":0,"publisher":{"@id":"https:\/\/epochtimestr.com\/#organization"},"image":{"@id":"https:\/\/epochtimestr.com\/index.php\/ab-kacak-gocmenlerin-sinir-disi-edilmesini-onayladi#primaryimage"},"thumbnailUrl":"https:\/\/epochtimestr.com\/wp-content\/uploads\/2011y\/1000033705.webp","keywords":["AB","AB yasalar\u0131","avrupa birli\u011fi","g\u00fcvenli \u00fclkeler listesi","ka\u00e7ak g\u00f6\u00e7men","Ka\u00e7ak G\u00f6\u00e7menler","s\u0131\u011f\u0131nma ba\u015fvurusu"],"articleSection":["D\u00dcNYA","G\u00dcNDEM"],"inLanguage":"tr","potentialAction":[{"@type":"CommentAction","name":"Comment","target":["https:\/\/epochtimestr.com\/index.php\/ab-kacak-gocmenlerin-sinir-disi-edilmesini-onayladi#respond"]}]},{"@type":"WebPage","@id":"https:\/\/epochtimestr.com\/index.php\/ab-kacak-gocmenlerin-sinir-disi-edilmesini-onayladi","url":"https:\/\/epochtimestr.com\/index.php\/ab-kacak-gocmenlerin-sinir-disi-edilmesini-onayladi","name":"AB Ka\u00e7ak G\u00f6\u00e7menlerin S\u0131n\u0131r D\u0131\u015f\u0131 Edilmesini Onaylad\u0131 - The Epoch Times TR","isPartOf":{"@id":"https:\/\/epochtimestr.com\/#website"},"primaryImageOfPage":{"@id":"https:\/\/epochtimestr.com\/index.php\/ab-kacak-gocmenlerin-sinir-disi-edilmesini-onayladi#primaryimage"},"image":{"@id":"https:\/\/epochtimestr.com\/index.php\/ab-kacak-gocmenlerin-sinir-disi-edilmesini-onayladi#primaryimage"},"thumbnailUrl":"https:\/\/epochtimestr.com\/wp-content\/uploads\/2011y\/1000033705.webp","datePublished":"2026-02-24T13:45:35+00:00","dateModified":"2026-02-24T13:45:37+00:00","description":"AB g\u00fcvenli \u00fclkeler listesindeki g\u00f6\u00e7menlerin s\u0131\u011f\u0131nma ba\u015fvurular\u0131n\u0131 reddedilmesini ve s\u0131n\u0131r d\u0131\u015f\u0131 edilmesini onaylad\u0131.","inLanguage":"tr","potentialAction":[{"@type":"ReadAction","target":["https:\/\/epochtimestr.com\/index.php\/ab-kacak-gocmenlerin-sinir-disi-edilmesini-onayladi"]}]},{"@type":"ImageObject","inLanguage":"tr","@id":"https:\/\/epochtimestr.com\/index.php\/ab-kacak-gocmenlerin-sinir-disi-edilmesini-onayladi#primaryimage","url":"https:\/\/epochtimestr.com\/wp-content\/uploads\/2011y\/1000033705.webp","contentUrl":"https:\/\/epochtimestr.com\/wp-content\/uploads\/2011y\/1000033705.webp","width":1024,"height":683},{"@type":"WebSite","@id":"https:\/\/epochtimestr.com\/#website","url":"https:\/\/epochtimestr.com\/","name":"The Epoch Times TR","description":"De\u011fi\u015fen D\u00fcnyam\u0131za Taze Bir Bak\u0131\u015f","publisher":{"@id":"https:\/\/epochtimestr.com\/#organization"},"potentialAction":[{"@type":"SearchAction","target":{"@type":"EntryPoint","urlTemplate":"https:\/\/epochtimestr.com\/?s={search_term_string}"},"query-input":"required name=search_term_string"}],"inLanguage":"tr"},{"@type":"Organization","@id":"https:\/\/epochtimestr.com\/#organization","name":"The EpochTimes T\u00fcrkiye","url":"https:\/\/epochtimestr.com\/","logo":{"@type":"ImageObject","inLanguage":"tr","@id":"https:\/\/epochtimestr.com\/#\/schema\/logo\/image\/","url":"https:\/\/epochtimestr.com\/wp-content\/uploads\/2011y\/ET-Logo-YG.jpg","contentUrl":"https:\/\/epochtimestr.com\/wp-content\/uploads\/2011y\/ET-Logo-YG.jpg","width":346,"height":29,"caption":"The EpochTimes T\u00fcrkiye"},"image":{"@id":"https:\/\/epochtimestr.com\/#\/schema\/logo\/image\/"},"sameAs":["https:\/\/www.facebook.com\/theepochtimestr","https:\/\/x.com\/TheEpochTimesTR","https:\/\/www.instagram.com\/epochtimestr"]},{"@type":"Person","@id":"https:\/\/epochtimestr.com\/#\/schema\/person\/5fef218711d76d8f232b0e1f1d7e4c0d","name":"Leo Bajelan","image":{"@type":"ImageObject","inLanguage":"tr","@id":"https:\/\/epochtimestr.com\/#\/schema\/person\/image\/","url":"https:\/\/secure.gravatar.com\/avatar\/917669146f489549e548a2e9af272df5?s=96&d=mm&r=g","contentUrl":"https:\/\/secure.gravatar.com\/avatar\/917669146f489549e548a2e9af272df5?s=96&d=mm&r=g","caption":"Leo Bajelan"},"url":"https:\/\/epochtimestr.com\/index.php\/author\/leo"}]}},"_links":{"self":[{"href":"https:\/\/epochtimestr.com\/index.php\/wp-json\/wp\/v2\/posts\/165925"}],"collection":[{"href":"https:\/\/epochtimestr.com\/index.php\/wp-json\/wp\/v2\/posts"}],"about":[{"href":"https:\/\/epochtimestr.com\/index.php\/wp-json\/wp\/v2\/types\/post"}],"author":[{"embeddable":true,"href":"https:\/\/epochtimestr.com\/index.php\/wp-json\/wp\/v2\/users\/13996"}],"replies":[{"embeddable":true,"href":"https:\/\/epochtimestr.com\/index.php\/wp-json\/wp\/v2\/comments?post=165925"}],"version-history":[{"count":3,"href":"https:\/\/epochtimestr.com\/index.php\/wp-json\/wp\/v2\/posts\/165925\/revisions"}],"predecessor-version":[{"id":165935,"href":"https:\/\/epochtimestr.com\/index.php\/wp-json\/wp\/v2\/posts\/165925\/revisions\/165935"}],"wp:featuredmedia":[{"embeddable":true,"href":"https:\/\/epochtimestr.com\/index.php\/wp-json\/wp\/v2\/media\/165926"}],"wp:attachment":[{"href":"https:\/\/epochtimestr.com\/index.php\/wp-json\/wp\/v2\/media?parent=165925"}],"wp:term":[{"taxonomy":"category","embeddable":true,"href":"https:\/\/epochtimestr.com\/index.php\/wp-json\/wp\/v2\/categories?post=165925"},{"taxonomy":"post_tag","embeddable":true,"href":"https:\/\/epochtimestr.com\/index.php\/wp-json\/wp\/v2\/tags?post=165925"}],"curies":[{"name":"wp","href":"https:\/\/api.w.org\/{rel}","templated":true}]}}