{"id":165936,"date":"2026-02-24T20:40:33","date_gmt":"2026-02-24T17:40:33","guid":{"rendered":"https:\/\/epochtimestr.com\/?p=165936"},"modified":"2026-02-24T20:40:34","modified_gmt":"2026-02-24T17:40:34","slug":"abddeki-guncel-islamcilik-faaliyetleri","status":"publish","type":"post","link":"https:\/\/epochtimestr.com\/index.php\/abddeki-guncel-islamcilik-faaliyetleri","title":{"rendered":"ABD\u2019deki G\u00fcncel \u0130slamc\u0131l\u0131k Faaliyetleri"},"content":{"rendered":"\n<p>\u201c\u0130slamc\u0131l\u0131k\u201d, kamusal ya\u015fam\u0131 ve y\u00f6netimi, \u0130slami normlara veya hukuka g\u00f6re \u015fekillendirmeyi ama\u00e7layan siyasi hareketleri veya ideolojileri ifade eder. M\u00fcsl\u00fcmanlar taraf\u0131ndan uygulanan din olan \u0130slam dininin kendisinden farkl\u0131d\u0131r. Bu \u00f6zet, ana ak\u0131m M\u00fcsl\u00fcman ya\u015famla, \u0130slamc\u0131 sosyo-politik ak\u0131mlar, a\u015f\u0131r\u0131c\u0131 \u00f6rg\u00fctler ve daha geni\u015f toplumsal tepkiler aras\u0131ndaki ayr\u0131ma vurgu yapmaktad\u0131r. Din olarak \u0130slam ve Amerikal\u0131 M\u00fcsl\u00fcmanlar\u0131n \u00e7o\u011funlu\u011fu, siyasi bir ideoloji olarak \u0130slamc\u0131l\u0131ktan farkl\u0131d\u0131r. \u0130slamc\u0131l\u0131k, siyasi hedeflerle ba\u011flant\u0131l\u0131 seslerin sadece k\u00fc\u00e7\u00fck bir k\u0131sm\u0131n\u0131 temsil eder.<\/p>\n\n\n\n<p>\u0130slamc\u0131l\u0131k genel olarak, \u0130slam hukuku ve de\u011ferlerinin kamusal veya siyasi alanda \u00e7e\u015fitli derecelerde rol oynamas\u0131n\u0131 savunan siyasi hareketleri veya ideolojileri tan\u0131mlamak i\u00e7in kullan\u0131l\u0131r. M\u00fcsl\u00fcmanlar\u0131n \u015fiddet i\u00e7ermeyen sivil kat\u0131l\u0131m\u0131n\u0131 savunmaktan, \u0130slam hukukuna dayal\u0131 daha radikal y\u00f6netim hedeflerine kadar geni\u015f bir yelpazeyi kapsar. ABD\u2019deki politika s\u00f6ylemlerinde \u201c\u0130slamc\u0131l\u0131k\u201d tart\u0131\u015f\u0131l\u0131rken, bazen belirli k\u00fcresel hareketlerin (\u00f6rne\u011fin M\u00fcsl\u00fcman Karde\u015fler) ve bunlar\u0131n ideolojik a\u011flar\u0131n\u0131n sivil veya siyasi kat\u0131l\u0131m\u0131 nas\u0131l etkiledi\u011fi konusundaki endi\u015feler de g\u00fcndeme gelir.<\/p>\n\n\n\n<p>ABD\u2019deki baz\u0131 kurulu\u015flar, ele\u015ftirmenler taraf\u0131ndan <em>M\u00fcsl\u00fcman Karde\u015fler<\/em> a\u011f\u0131 gibi k\u00fcresel \u0130slamc\u0131 fikirlerle ideolojik olarak ba\u011flant\u0131l\u0131 olarak g\u00f6r\u00fcl\u00fcyor. Amerikan-\u0130slam \u0130li\u015fkileri Konseyi (Council on American-Islamic Relations &#8211; CAIR) veya di\u011fer sivil toplum kurulu\u015flar\u0131 gibi gruplar\u0131n, \u0130slamc\u0131 hareketlerle ideolojik ba\u011flar\u0131 olup olmad\u0131\u011f\u0131 konusunda ABD politikas\u0131nda ve kamuoyunda tart\u0131\u015fmalar devam ediyor. 2025 sonu ve 2026 ba\u015f\u0131nda, ABD\u2019nin <em>baz\u0131 eyaletlerinde <\/em>(\u00f6rne\u011fin Teksas ve Florida) CAIR ve M\u00fcsl\u00fcman Karde\u015fler\u2019in \u015fubeleri ter\u00f6r \u00f6rg\u00fct\u00fc olarak ilan edildi. \u015eiddet kullanarak dini kurallar\u0131 dayatmaya \u00e7al\u0131\u015fan veya \u00e7al\u0131\u015fm\u0131\u015f olan \u015fiddet yanl\u0131s\u0131 \u0130slamc\u0131 a\u015f\u0131r\u0131l\u0131k\u00e7\u0131 gruplar (\u00f6rne\u011fin El Kaide, I\u015e\u0130D), esas olarak ABD h\u00fck\u00fcmeti taraf\u0131ndan Yabanc\u0131 Ter\u00f6rist \u00d6rg\u00fctler olarak tan\u0131mlanan yabanc\u0131 topluluklard\u0131r.<\/p>\n\n\n\n<p><strong>ABD \u0130stihbarat Toplulu\u011fu\u2019nun 2025\u2019e Ait Y\u0131ll\u0131k Tehdit De\u011ferlendirmesi<\/strong><\/p>\n\n\n\n<ul>\n<li>Ulusal \u0130stihbarat Direkt\u00f6rl\u00fc\u011f\u00fc (Office of the Director of National Intelligence &#8211; ODNI) taraf\u0131ndan yay\u0131nlanan \u20182025 Y\u0131l\u0131 Tehdit De\u011ferlendirmesi\u2019 halen ABD\u2019nin kar\u015f\u0131 kar\u015f\u0131ya oldu\u011fu tehditlere ili\u015fkin en kapsaml\u0131 federal de\u011ferlendirmelerden biri.<\/li>\n\n\n\n<li>Raporda, El Kaide ve I\u015e\u0130D gibi yabanc\u0131 ter\u00f6r \u00f6rg\u00fctlerinin (Foreign Terrorist Organizations &#8211; FTO), operasyonel eri\u015fimleri ge\u00e7mi\u015f y\u0131llara g\u00f6re zay\u0131flam\u0131\u015f olsa da, ABD\u2019yi ve ABD\u2019nin yurtd\u0131\u015f\u0131ndaki \u00e7\u0131karlar\u0131n\u0131 hedef almaya devam ettikleri vurgulan\u0131yor.<\/li>\n\n\n\n<li>Rapor ayr\u0131ca, geleneksel ter\u00f6rle m\u00fccadele \u00e7abalar\u0131n\u0131 zorla\u015ft\u0131ran uluslararas\u0131 su\u00e7 ve ter\u00f6r a\u011flar\u0131 aras\u0131ndaki i\u015fbirli\u011finin alt\u0131n\u0131 \u00e7iziyor.<\/li>\n<\/ul>\n\n\n\n<p><strong>ABD \u0130\u00e7 G\u00fcvenlik Bakanl\u0131\u011f\u0131 (DHS): \u0130\u00e7 G\u00fcvenlik Tehdit De\u011ferlendirmesi &#8211; 2025<\/strong><\/p>\n\n\n\n<ul>\n<li>DHS \u0130\u00e7 G\u00fcvenlik Tehdit De\u011ferlendirmesi (2025) \u2014 bakanl\u0131\u011f\u0131n amiral gemisi niteli\u011findeki tehdit de\u011ferlendirmesi \u2014 yurt i\u00e7i ve yurt d\u0131\u015f\u0131ndaki \u015fiddet yanl\u0131s\u0131 a\u015f\u0131r\u0131l\u0131k\u00e7\u0131lar\u0131n kritik altyap\u0131ya ve sembolik hedeflere y\u00f6nelik \u015fiddeti savunmaya devam edece\u011fini \u00f6ng\u00f6rmektedir.<\/li>\n\n\n\n<li>Tarihsel olarak cihat\u00e7\u0131 hareketlerle (I\u015e\u0130D, El Kaide) ba\u011flant\u0131l\u0131 olanlar da d\u00e2hil olmak \u00fczere yabanc\u0131 ter\u00f6rist gruplar\u0131n, yurt d\u0131\u015f\u0131ndan b\u00f6lgesel eri\u015fimleri dalgalanma g\u00f6sterse de, sald\u0131r\u0131lara ilham verme niyetlerinin kal\u0131c\u0131 oldu\u011fu bilinmektedir.<\/li>\n<\/ul>\n\n\n\n<p><strong>Ulusal Ter\u00f6rizm Dan\u0131\u015fma Sistemi (National Terrorism Advisory System-NTAS) B\u00fcltenleri<\/strong><\/p>\n\n\n\n<ul>\n<li>Haziran 2025\u2019te ABD \u0130\u00e7 G\u00fcvenlik Bakanl\u0131\u011f\u0131, \u0130ran \u00e7at\u0131\u015fmas\u0131yla ba\u011flant\u0131l\u0131 ABD asker\u00ee sald\u0131r\u0131lar\u0131n\u0131n ard\u0131ndan \u201cy\u00fcksek tehdit ortam\u0131\u201d konusunda uyar\u0131da bulunan bir NTAS b\u00fclteni yay\u0131nlad\u0131. Bakanl\u0131k b\u00fcltende d\u00fc\u015f\u00fck seviyeli siber sald\u0131r\u0131lar ve ABD a\u011flar\u0131na y\u00f6nelik tehditler de d\u00e2hil olmak \u00fczere artan risklere dikkat \u00e7ekti.<\/li>\n\n\n\n<li>Y\u00fcksek alarm seviyesi uzun vadeli olmasa bile, periyodik NTAS uyar\u0131lar\u0131 belirli tehdit dinamiklerini vurgulamaya devam etmektedir.<\/li>\n<\/ul>\n\n\n\n<p><strong>Temsilciler Meclisi \u0130\u00e7 G\u00fcvenlik Komitesi \u201cTehdit \u00d6zeti\u201d (Aral\u0131k 2025)<\/strong><\/p>\n\n\n\n<ul>\n<li>2025 y\u0131l\u0131n\u0131n sonlar\u0131nda Temsilciler Meclisi \u0130\u00e7 G\u00fcvenlik Komitesi, D\u00fcnya \u00c7ap\u0131ndaki Tehditler oturumunun ard\u0131ndan g\u00fcncellenmi\u015f bir ter\u00f6r tehdidi \u00f6zeti yay\u0131nlad\u0131. \u00d6zette \u015funlar\u0131 vurgulad\u0131:\n<ul>\n<li>Yeniden canlanan yabanc\u0131 cihat\u00e7\u0131 a\u011flar<\/li>\n\n\n\n<li>Yerli ve i\u00e7 radikalle\u015fmedeki art\u0131\u015f<\/li>\n\n\n\n<li>\u015eiddeti ve a\u015f\u0131r\u0131l\u0131k\u00e7\u0131lar\u0131n \u00fcye kazan\u0131m\u0131n\u0131 k\u00f6r\u00fckleyen \u00e7evrimi\u00e7i radikalle\u015fme<\/li>\n<\/ul>\n<\/li>\n\n\n\n<li>Komite ifadeleri, \u00f6zellikle \u00e7evrimi\u00e7i alanlarla ba\u011flant\u0131l\u0131 olarak ABD topraklar\u0131ndaki ideolojik tehditler hakk\u0131ndaki artan endi\u015feleri yans\u0131t\u0131yordu.<\/li>\n<\/ul>\n\n\n\n<p><strong>2025 K\u00fcresel Ter\u00f6rizm Tehdit De\u011ferlendirmesi (CSIS)<\/strong><\/p>\n\n\n\n<ul>\n<li>Stratejik ve Uluslararas\u0131 \u00c7al\u0131\u015fmalar Merkezi (The Centre for Strategic and International Studies-CSIS), giderek artan stratejik dikkat da\u011f\u0131t\u0131c\u0131 unsurlara ve de\u011fi\u015fen kaynak seviyelerine ra\u011fmen, ter\u00f6rizmin ABD vatanda\u015flar\u0131 ve yurtd\u0131\u015f\u0131ndaki \u00e7\u0131karlar\u0131 i\u00e7in bir tehdit olmaya devam etti\u011fini belirten bir k\u00fcresel ter\u00f6rizm de\u011ferlendirmesi yay\u0131nlad\u0131.<\/li>\n<\/ul>\n\n\n\n<p><strong>Operasyonel Ba\u011flam: Kamu G\u00fcvenli\u011fi Uyar\u0131lar\u0131 (2025)<\/strong><\/p>\n\n\n\n<ul>\n<li>2025 y\u0131l\u0131nda FBI\/DHS uyar\u0131lar\u0131, tek ba\u015f\u0131na hareket eden ki\u015filer veya k\u00fc\u00e7\u00fck a\u015f\u0131r\u0131l\u0131k\u00e7\u0131 gruplar\u0131n sald\u0131r\u0131 giri\u015fiminde bulunabilece\u011fi kamuya a\u00e7\u0131k etkinlikler (\u00f6rne\u011fin bayram kutlamalar\u0131) ile ilgili belirli g\u00fcvenlik endi\u015felerini vurgulam\u0131\u015ft\u0131r.<\/li>\n\n\n\n<li>DHS\u2019nin kamuya a\u00e7\u0131k raporlar\u0131 ayr\u0131ca, y\u00fcksek profilli toplant\u0131lar ba\u011flam\u0131nda belirtilmemi\u015f \u201colas\u0131 tehditler\u201de de dikkat \u00e7ekmi\u015ftir.<\/li>\n<\/ul>\n\n\n\n<p>Amerika\u2019daki di\u011fer siyasi ideolojiler gibi \u0130slamc\u0131 fikirler de, (bulundu\u011fu yerlerde) \u00f6ncelikle halka a\u00e7\u0131k konu\u015fmalar, kitaplar ve din\u00ee yay\u0131nlar, \u00e7evrimi\u00e7i makaleler ve bloglar, \u00fcniversite tart\u0131\u015fmalar\u0131, topluluk forumlar\u0131 ve kamusal alanlarda yap\u0131lan dualar yoluyla yay\u0131l\u0131r. Bu eylemler, ter\u00f6rizmi k\u0131\u015fk\u0131rtma veya maddi destek sa\u011flamaya varmad\u0131\u011f\u0131 s\u00fcrece, ABD Birinci Yasa De\u011fi\u015fikli\u011fi\u2019nin (First Amendment) koruma kapsam\u0131na girer. Ancak \u00f6nemli bir ayr\u0131m vard\u0131r: \u00e7o\u011fu M\u00fcsl\u00fcman Amerikan sivil toplum \u00f6rg\u00fct\u00fc, siyasi teokrasiye de\u011fil, sivil haklara, din \u00f6zg\u00fcrl\u00fc\u011f\u00fcne veya toplumsal hizmetlere odaklan\u0131r.<\/p>\n\n\n\n<p>\u0130slamc\u0131 varyantlar da d\u00e2hil olmak \u00fczere siyasi ideolojiler, genellikle d\u0131\u015f politika \u015fik\u00e2yetleri, k\u00fcresel \u00e7at\u0131\u015fmalar (Orta Do\u011fu vb.), sosyal yabanc\u0131la\u015fma veya ayr\u0131mc\u0131l\u0131k deneyimleri ve kimlik anlat\u0131lar\u0131n\u0131 peki\u015ftiren yank\u0131 odalar\u0131 arac\u0131l\u0131\u011f\u0131yla yay\u0131l\u0131r. Bu model, a\u015f\u0131r\u0131c\u0131l\u0131k t\u00fcr\u00fcndeki bir\u00e7ok radikalle\u015fme yollar\u0131n\u0131 yans\u0131t\u0131r.<\/p>\n\n\n\n<p>Yabanc\u0131 \u00f6rg\u00fctler, \u0130ngilizce \u00e7evrimi\u00e7i propaganda, Bat\u0131l\u0131 kitleleri hedefleyen \u00fcye kazanma mesajlar\u0131 ve benzer kurulu\u015flar aras\u0131 \u015fifreli a\u011flar arac\u0131l\u0131\u011f\u0131yla etki yaratmaya \u00e7al\u0131\u015fmaktad\u0131r.<\/p>\n\n\n\n<p>\u00c7e\u015fitli medya kaynaklar\u0131, New York \u015eehri Polis Departman\u0131 NYPD\u2019nin yerini, Belediye Ba\u015fkan\u0131 Mamdani\u2019nin Ekibi ve \u015eeriat Hukuku \u201cMPC\u2019lerinin\u201d ald\u0131\u011f\u0131n\u0131 iddia ediyor. M\u00fcsl\u00fcmanlar\u0131n \u00f6nderlik etti\u011fi topluluk, g\u00f6n\u00fcll\u00fc, silahs\u0131z, sivil devriyelerden olu\u015fmakta ve devriye \u00e7al\u0131\u015fmalar\u0131, topluluk g\u00fcvenli\u011fi, destek ve kolluk kuvvetleri ile sakinler aras\u0131nda i\u015f birli\u011fine odaklanmaktad\u0131r. M\u00fcsl\u00fcman Toplulu\u011fu Devriye ve Hizmetleri (Muslim Community Patrol &amp; Services &#8211; MCPS), Brooklyn\u2019de (ve \u00e7evresindeki mahallelerde) faaliyet g\u00f6steren, g\u00f6n\u00fcll\u00fc, kar amac\u0131 g\u00fctmeyen bir kurulu\u015ftur. Topluluklar\u0131nda g\u00fcvenli\u011fi te\u015fvik etmek ve sakinlere yard\u0131mc\u0131 olmak i\u00e7in devriye gezen M\u00fcsl\u00fcman Amerikal\u0131lardan olu\u015fmaktad\u0131r. Mahalleleri g\u00f6zlemlemek ve yard\u0131m sunmak i\u00e7in genellikle i\u015faretli ancak resmi polis olmayan, silahs\u0131z sivil devriye ara\u00e7lar\u0131 kullan\u0131rlar. G\u00f6revleri aras\u0131nda su\u00e7 \u00f6nleme, topluluk deste\u011fi ve sosyal yard\u0131m yer al\u0131r. \u00dcyeler, gerekti\u011finde sakinler ve polis aras\u0131nda k\u00f6pr\u00fc g\u00f6revi yaparak NYPD ile irtibat hizmetleri sa\u011flar. Gerginli\u011fi azaltma, ilk yard\u0131m, ruh sa\u011fl\u0131\u011f\u0131 deste\u011fi ve temel g\u00fcvenlik uygulamalar\u0131 konusunda e\u011fitim al\u0131rlar. Ayr\u0131ca dil deste\u011fi, dan\u0131\u015fmanl\u0131k ve konut veya sa\u011fl\u0131k hizmetleri gibi kaynaklara eri\u015fim konusu da d\u00e2hil olmak \u00fczere, sosyal hizmetler sunarlar.<\/p>\n\n\n\n<p>20 \u015eubat 2026 Cuma g\u00fcn\u00fc, y\u00fczlerce hatta binlerce M\u00fcsl\u00fcman, New York\u2019taki Times Meydan\u0131\u2019nda bir araya gelerek Ramazan ay\u0131nda <em>Teravih<\/em> namaz\u0131n\u0131 k\u0131ld\u0131lar. Etkinlikte ayr\u0131ca iftar ve kat\u0131l\u0131mc\u0131lara \u00fccretsiz yemek da\u011f\u0131t\u0131m\u0131 da yap\u0131ld\u0131. Kat\u0131l\u0131mc\u0131lar, Times Meydan\u0131\u2019nda Broadway ve Yedinci Cadde boyunca topland\u0131. Organizat\u00f6rler, oru\u00e7lar\u0131n\u0131 a\u00e7anlara yakla\u015f\u0131k 1.500 \u00fccretsiz iftar yeme\u011fi sa\u011flad\u0131. Etkinlik, g\u00f6n\u00fcll\u00fcler veya cemaat imamlar\u0131 taraf\u0131ndan y\u00f6netilen Kur\u2019an tilavetleri ve namazlarla, b\u00fcy\u00fck \u00f6l\u00e7\u00fcde din\u00ee ve toplumsal bir bulu\u015fma niteli\u011findeydi. Video kliplerde ve sosyal medya payla\u015f\u0131mlar\u0131nda, kat\u0131l\u0131mc\u0131lar\u0131n namaz s\u0131ras\u0131nda \u201c<em>Allahu Ekber<\/em>\u201d diye ba\u011f\u0131rd\u0131klar\u0131 g\u00f6r\u00fcld\u00fc. Yerel g\u00f6zlemcilere ve etkinlikle ilgili sosyal medya payla\u015f\u0131mlar\u0131na g\u00f6re, baz\u0131 Amerikal\u0131lar\u0131n toplant\u0131da \u0130slam\u2019\u0131 benimsedi\u011fi bildirildi.<\/p>\n\n\n\n<p>Bir\u00e7ok Amerikal\u0131, \u0130slamc\u0131lar\u0131n sivil mahkemelerin yerine \u015feriat mahkemeleri kurmak istemesinden, \u0130slamc\u0131 siyasi partilerin teokratik y\u00f6netimi savunmas\u0131ndan, paralel y\u00f6netim yap\u0131lar\u0131ndan ve ABD kurumlar\u0131 i\u00e7inde koordineli \u0130slamc\u0131 ele ge\u00e7irme stratejilerinden endi\u015fe duyuyor. Bununla birlikte ABD anayasal sistemi (din ve devlet ayr\u0131l\u0131\u011f\u0131, yarg\u0131 denetimi, federalizm) bu t\u00fcr \u00e7abalar\u0131 engelleyecektir.<\/p>\n","protected":false},"excerpt":{"rendered":"<p>\u201c\u0130slamc\u0131l\u0131k\u201d, kamusal ya\u015fam\u0131 ve y\u00f6netimi, \u0130slami normlara veya hukuka g\u00f6re \u015fekillendirmeyi ama\u00e7layan siyasi hareketleri veya ideolojileri ifade eder. M\u00fcsl\u00fcmanlar taraf\u0131ndan uygulanan din olan \u0130slam dininin kendisinden farkl\u0131d\u0131r. Bu \u00f6zet, ana ak\u0131m M\u00fcsl\u00fcman ya\u015famla, \u0130slamc\u0131 sosyo-politik ak\u0131mlar, a\u015f\u0131r\u0131c\u0131 \u00f6rg\u00fctler ve daha geni\u015f toplumsal tepkiler aras\u0131ndaki ayr\u0131ma vurgu yapmaktad\u0131r. Din olarak \u0130slam ve Amerikal\u0131 M\u00fcsl\u00fcmanlar\u0131n \u00e7o\u011funlu\u011fu, siyasi [&hellip;]<\/p>\n","protected":false},"author":14007,"featured_media":157889,"comment_status":"open","ping_status":"open","sticky":false,"template":"","format":"standard","meta":{"_yoast_wpseo_focuskw":"\u0130slamc\u0131l\u0131k","_yoast_wpseo_title":"","_yoast_wpseo_metadesc":"\u0130slamc\u0131l\u0131k, kamusal ya\u015fam\u0131 ve y\u00f6netimi, \u0130slami normlara veya hukuka g\u00f6re \u015fekillendirmeyi ama\u00e7layan siyasi hareketleri ifade eder.","_bbp_topic_count":0,"_bbp_reply_count":0,"_bbp_total_topic_count":0,"_bbp_total_reply_count":0,"_bbp_voice_count":0,"_bbp_anonymous_reply_count":0,"_bbp_topic_count_hidden":0,"_bbp_reply_count_hidden":0,"_bbp_forum_subforum_count":0,"footnotes":"","_yoast_wpseo_focuskw_text_input":""},"categories":[10520],"tags":[10852,10853,10855,10854],"yoast_head":"<!-- This site is optimized with the Yoast SEO plugin v23.0 - https:\/\/yoast.com\/wordpress\/plugins\/seo\/ -->\n<title>ABD\u2019deki G\u00fcncel \u0130slamc\u0131l\u0131k Faaliyetleri - The Epoch Times TR<\/title>\n<meta name=\"description\" content=\"\u0130slamc\u0131l\u0131k, kamusal ya\u015fam\u0131 ve y\u00f6netimi, \u0130slami normlara veya hukuka g\u00f6re \u015fekillendirmeyi ama\u00e7layan siyasi hareketleri ifade eder.\" \/>\n<meta name=\"robots\" content=\"index, follow, max-snippet:-1, max-image-preview:large, max-video-preview:-1\" \/>\n<link rel=\"canonical\" href=\"https:\/\/epochtimestr.com\/index.php\/abddeki-guncel-islamcilik-faaliyetleri\" \/>\n<meta property=\"og:locale\" content=\"tr_TR\" \/>\n<meta property=\"og:type\" content=\"article\" \/>\n<meta property=\"og:title\" content=\"ABD\u2019deki G\u00fcncel \u0130slamc\u0131l\u0131k Faaliyetleri - The Epoch Times TR\" \/>\n<meta property=\"og:description\" content=\"\u0130slamc\u0131l\u0131k, kamusal ya\u015fam\u0131 ve y\u00f6netimi, \u0130slami normlara veya hukuka g\u00f6re \u015fekillendirmeyi ama\u00e7layan siyasi hareketleri ifade eder.\" \/>\n<meta property=\"og:url\" content=\"https:\/\/epochtimestr.com\/index.php\/abddeki-guncel-islamcilik-faaliyetleri\" \/>\n<meta property=\"og:site_name\" content=\"The Epoch Times TR\" \/>\n<meta property=\"article:publisher\" content=\"https:\/\/www.facebook.com\/theepochtimestr\" \/>\n<meta property=\"article:published_time\" content=\"2026-02-24T17:40:33+00:00\" \/>\n<meta property=\"article:modified_time\" content=\"2026-02-24T17:40:34+00:00\" \/>\n<meta property=\"og:image\" content=\"https:\/\/epochtimestr.com\/wp-content\/uploads\/2011y\/Saygin-Simsek-SM.png\" \/>\n\t<meta property=\"og:image:width\" content=\"1200\" \/>\n\t<meta property=\"og:image:height\" content=\"630\" \/>\n\t<meta property=\"og:image:type\" content=\"image\/png\" \/>\n<meta name=\"author\" content=\"Sal Sayg\u0131n \u015eim\u015fek\" \/>\n<meta name=\"twitter:card\" content=\"summary_large_image\" \/>\n<meta name=\"twitter:creator\" content=\"@TheEpochTimesTR\" \/>\n<meta name=\"twitter:site\" content=\"@TheEpochTimesTR\" \/>\n<meta name=\"twitter:label1\" content=\"Yazan:\" \/>\n\t<meta name=\"twitter:data1\" content=\"Sal Sayg\u0131n \u015eim\u015fek\" \/>\n\t<meta name=\"twitter:label2\" content=\"Tahmini okuma s\u00fcresi\" \/>\n\t<meta name=\"twitter:data2\" content=\"7 dakika\" \/>\n<script type=\"application\/ld+json\" class=\"yoast-schema-graph\">{\"@context\":\"https:\/\/schema.org\",\"@graph\":[{\"@type\":\"Article\",\"@id\":\"https:\/\/epochtimestr.com\/index.php\/abddeki-guncel-islamcilik-faaliyetleri#article\",\"isPartOf\":{\"@id\":\"https:\/\/epochtimestr.com\/index.php\/abddeki-guncel-islamcilik-faaliyetleri\"},\"author\":{\"name\":\"Sal Sayg\u0131n \u015eim\u015fek\",\"@id\":\"https:\/\/epochtimestr.com\/#\/schema\/person\/08bbb947ae6f5993c4885905dff4c451\"},\"headline\":\"ABD\u2019deki G\u00fcncel \u0130slamc\u0131l\u0131k Faaliyetleri\",\"datePublished\":\"2026-02-24T17:40:33+00:00\",\"dateModified\":\"2026-02-24T17:40:34+00:00\",\"mainEntityOfPage\":{\"@id\":\"https:\/\/epochtimestr.com\/index.php\/abddeki-guncel-islamcilik-faaliyetleri\"},\"wordCount\":1567,\"commentCount\":0,\"publisher\":{\"@id\":\"https:\/\/epochtimestr.com\/#organization\"},\"image\":{\"@id\":\"https:\/\/epochtimestr.com\/index.php\/abddeki-guncel-islamcilik-faaliyetleri#primaryimage\"},\"thumbnailUrl\":\"https:\/\/epochtimestr.com\/wp-content\/uploads\/2011y\/Sal-Saygin-Simsek.png\",\"keywords\":[\"\u0130slamc\u0131\",\"\u0130slamc\u0131lar\",\"\u0130slamc\u0131l\u0131k\",\"M\u00fcsl\u00fcman Amerikal\u0131lar\"],\"articleSection\":[\"K\u00f6\u015fe Yaz\u0131lar\u0131 Sal Sayg\u0131n \u015eim\u015fek\"],\"inLanguage\":\"tr\",\"potentialAction\":[{\"@type\":\"CommentAction\",\"name\":\"Comment\",\"target\":[\"https:\/\/epochtimestr.com\/index.php\/abddeki-guncel-islamcilik-faaliyetleri#respond\"]}]},{\"@type\":\"WebPage\",\"@id\":\"https:\/\/epochtimestr.com\/index.php\/abddeki-guncel-islamcilik-faaliyetleri\",\"url\":\"https:\/\/epochtimestr.com\/index.php\/abddeki-guncel-islamcilik-faaliyetleri\",\"name\":\"ABD\u2019deki G\u00fcncel \u0130slamc\u0131l\u0131k Faaliyetleri - The Epoch Times TR\",\"isPartOf\":{\"@id\":\"https:\/\/epochtimestr.com\/#website\"},\"primaryImageOfPage\":{\"@id\":\"https:\/\/epochtimestr.com\/index.php\/abddeki-guncel-islamcilik-faaliyetleri#primaryimage\"},\"image\":{\"@id\":\"https:\/\/epochtimestr.com\/index.php\/abddeki-guncel-islamcilik-faaliyetleri#primaryimage\"},\"thumbnailUrl\":\"https:\/\/epochtimestr.com\/wp-content\/uploads\/2011y\/Sal-Saygin-Simsek.png\",\"datePublished\":\"2026-02-24T17:40:33+00:00\",\"dateModified\":\"2026-02-24T17:40:34+00:00\",\"description\":\"\u0130slamc\u0131l\u0131k, kamusal ya\u015fam\u0131 ve y\u00f6netimi, \u0130slami normlara veya hukuka g\u00f6re \u015fekillendirmeyi ama\u00e7layan siyasi hareketleri ifade eder.\",\"inLanguage\":\"tr\",\"potentialAction\":[{\"@type\":\"ReadAction\",\"target\":[\"https:\/\/epochtimestr.com\/index.php\/abddeki-guncel-islamcilik-faaliyetleri\"]}]},{\"@type\":\"ImageObject\",\"inLanguage\":\"tr\",\"@id\":\"https:\/\/epochtimestr.com\/index.php\/abddeki-guncel-islamcilik-faaliyetleri#primaryimage\",\"url\":\"https:\/\/epochtimestr.com\/wp-content\/uploads\/2011y\/Sal-Saygin-Simsek.png\",\"contentUrl\":\"https:\/\/epochtimestr.com\/wp-content\/uploads\/2011y\/Sal-Saygin-Simsek.png\",\"width\":600,\"height\":600},{\"@type\":\"WebSite\",\"@id\":\"https:\/\/epochtimestr.com\/#website\",\"url\":\"https:\/\/epochtimestr.com\/\",\"name\":\"The Epoch Times TR\",\"description\":\"De\u011fi\u015fen D\u00fcnyam\u0131za Taze Bir Bak\u0131\u015f\",\"publisher\":{\"@id\":\"https:\/\/epochtimestr.com\/#organization\"},\"potentialAction\":[{\"@type\":\"SearchAction\",\"target\":{\"@type\":\"EntryPoint\",\"urlTemplate\":\"https:\/\/epochtimestr.com\/?s={search_term_string}\"},\"query-input\":\"required name=search_term_string\"}],\"inLanguage\":\"tr\"},{\"@type\":\"Organization\",\"@id\":\"https:\/\/epochtimestr.com\/#organization\",\"name\":\"The EpochTimes T\u00fcrkiye\",\"url\":\"https:\/\/epochtimestr.com\/\",\"logo\":{\"@type\":\"ImageObject\",\"inLanguage\":\"tr\",\"@id\":\"https:\/\/epochtimestr.com\/#\/schema\/logo\/image\/\",\"url\":\"https:\/\/epochtimestr.com\/wp-content\/uploads\/2011y\/ET-Logo-YG.jpg\",\"contentUrl\":\"https:\/\/epochtimestr.com\/wp-content\/uploads\/2011y\/ET-Logo-YG.jpg\",\"width\":346,\"height\":29,\"caption\":\"The EpochTimes T\u00fcrkiye\"},\"image\":{\"@id\":\"https:\/\/epochtimestr.com\/#\/schema\/logo\/image\/\"},\"sameAs\":[\"https:\/\/www.facebook.com\/theepochtimestr\",\"https:\/\/x.com\/TheEpochTimesTR\",\"https:\/\/www.instagram.com\/epochtimestr\"]},{\"@type\":\"Person\",\"@id\":\"https:\/\/epochtimestr.com\/#\/schema\/person\/08bbb947ae6f5993c4885905dff4c451\",\"name\":\"Sal Sayg\u0131n \u015eim\u015fek\",\"image\":{\"@type\":\"ImageObject\",\"inLanguage\":\"tr\",\"@id\":\"https:\/\/epochtimestr.com\/#\/schema\/person\/image\/\",\"url\":\"https:\/\/secure.gravatar.com\/avatar\/0de3fcdb17fb559c34b4c2847eebc04b?s=96&d=mm&r=g\",\"contentUrl\":\"https:\/\/secure.gravatar.com\/avatar\/0de3fcdb17fb559c34b4c2847eebc04b?s=96&d=mm&r=g\",\"caption\":\"Sal Sayg\u0131n \u015eim\u015fek\"},\"url\":\"https:\/\/epochtimestr.com\/index.php\/author\/sal\"}]}<\/script>\n<!-- \/ Yoast SEO plugin. -->","yoast_head_json":{"title":"ABD\u2019deki G\u00fcncel \u0130slamc\u0131l\u0131k Faaliyetleri - The Epoch Times TR","description":"\u0130slamc\u0131l\u0131k, kamusal ya\u015fam\u0131 ve y\u00f6netimi, \u0130slami normlara veya hukuka g\u00f6re \u015fekillendirmeyi ama\u00e7layan siyasi hareketleri ifade eder.","robots":{"index":"index","follow":"follow","max-snippet":"max-snippet:-1","max-image-preview":"max-image-preview:large","max-video-preview":"max-video-preview:-1"},"canonical":"https:\/\/epochtimestr.com\/index.php\/abddeki-guncel-islamcilik-faaliyetleri","og_locale":"tr_TR","og_type":"article","og_title":"ABD\u2019deki G\u00fcncel \u0130slamc\u0131l\u0131k Faaliyetleri - The Epoch Times TR","og_description":"\u0130slamc\u0131l\u0131k, kamusal ya\u015fam\u0131 ve y\u00f6netimi, \u0130slami normlara veya hukuka g\u00f6re \u015fekillendirmeyi ama\u00e7layan siyasi hareketleri ifade eder.","og_url":"https:\/\/epochtimestr.com\/index.php\/abddeki-guncel-islamcilik-faaliyetleri","og_site_name":"The Epoch Times TR","article_publisher":"https:\/\/www.facebook.com\/theepochtimestr","article_published_time":"2026-02-24T17:40:33+00:00","article_modified_time":"2026-02-24T17:40:34+00:00","og_image":[{"width":1200,"height":630,"url":"https:\/\/epochtimestr.com\/wp-content\/uploads\/2011y\/Saygin-Simsek-SM.png","type":"image\/png"}],"author":"Sal Sayg\u0131n \u015eim\u015fek","twitter_card":"summary_large_image","twitter_creator":"@TheEpochTimesTR","twitter_site":"@TheEpochTimesTR","twitter_misc":{"Yazan:":"Sal Sayg\u0131n \u015eim\u015fek","Tahmini okuma s\u00fcresi":"7 dakika"},"schema":{"@context":"https:\/\/schema.org","@graph":[{"@type":"Article","@id":"https:\/\/epochtimestr.com\/index.php\/abddeki-guncel-islamcilik-faaliyetleri#article","isPartOf":{"@id":"https:\/\/epochtimestr.com\/index.php\/abddeki-guncel-islamcilik-faaliyetleri"},"author":{"name":"Sal Sayg\u0131n \u015eim\u015fek","@id":"https:\/\/epochtimestr.com\/#\/schema\/person\/08bbb947ae6f5993c4885905dff4c451"},"headline":"ABD\u2019deki G\u00fcncel \u0130slamc\u0131l\u0131k Faaliyetleri","datePublished":"2026-02-24T17:40:33+00:00","dateModified":"2026-02-24T17:40:34+00:00","mainEntityOfPage":{"@id":"https:\/\/epochtimestr.com\/index.php\/abddeki-guncel-islamcilik-faaliyetleri"},"wordCount":1567,"commentCount":0,"publisher":{"@id":"https:\/\/epochtimestr.com\/#organization"},"image":{"@id":"https:\/\/epochtimestr.com\/index.php\/abddeki-guncel-islamcilik-faaliyetleri#primaryimage"},"thumbnailUrl":"https:\/\/epochtimestr.com\/wp-content\/uploads\/2011y\/Sal-Saygin-Simsek.png","keywords":["\u0130slamc\u0131","\u0130slamc\u0131lar","\u0130slamc\u0131l\u0131k","M\u00fcsl\u00fcman Amerikal\u0131lar"],"articleSection":["K\u00f6\u015fe Yaz\u0131lar\u0131 Sal Sayg\u0131n \u015eim\u015fek"],"inLanguage":"tr","potentialAction":[{"@type":"CommentAction","name":"Comment","target":["https:\/\/epochtimestr.com\/index.php\/abddeki-guncel-islamcilik-faaliyetleri#respond"]}]},{"@type":"WebPage","@id":"https:\/\/epochtimestr.com\/index.php\/abddeki-guncel-islamcilik-faaliyetleri","url":"https:\/\/epochtimestr.com\/index.php\/abddeki-guncel-islamcilik-faaliyetleri","name":"ABD\u2019deki G\u00fcncel \u0130slamc\u0131l\u0131k Faaliyetleri - The Epoch Times TR","isPartOf":{"@id":"https:\/\/epochtimestr.com\/#website"},"primaryImageOfPage":{"@id":"https:\/\/epochtimestr.com\/index.php\/abddeki-guncel-islamcilik-faaliyetleri#primaryimage"},"image":{"@id":"https:\/\/epochtimestr.com\/index.php\/abddeki-guncel-islamcilik-faaliyetleri#primaryimage"},"thumbnailUrl":"https:\/\/epochtimestr.com\/wp-content\/uploads\/2011y\/Sal-Saygin-Simsek.png","datePublished":"2026-02-24T17:40:33+00:00","dateModified":"2026-02-24T17:40:34+00:00","description":"\u0130slamc\u0131l\u0131k, kamusal ya\u015fam\u0131 ve y\u00f6netimi, \u0130slami normlara veya hukuka g\u00f6re \u015fekillendirmeyi ama\u00e7layan siyasi hareketleri ifade eder.","inLanguage":"tr","potentialAction":[{"@type":"ReadAction","target":["https:\/\/epochtimestr.com\/index.php\/abddeki-guncel-islamcilik-faaliyetleri"]}]},{"@type":"ImageObject","inLanguage":"tr","@id":"https:\/\/epochtimestr.com\/index.php\/abddeki-guncel-islamcilik-faaliyetleri#primaryimage","url":"https:\/\/epochtimestr.com\/wp-content\/uploads\/2011y\/Sal-Saygin-Simsek.png","contentUrl":"https:\/\/epochtimestr.com\/wp-content\/uploads\/2011y\/Sal-Saygin-Simsek.png","width":600,"height":600},{"@type":"WebSite","@id":"https:\/\/epochtimestr.com\/#website","url":"https:\/\/epochtimestr.com\/","name":"The Epoch Times TR","description":"De\u011fi\u015fen D\u00fcnyam\u0131za Taze Bir Bak\u0131\u015f","publisher":{"@id":"https:\/\/epochtimestr.com\/#organization"},"potentialAction":[{"@type":"SearchAction","target":{"@type":"EntryPoint","urlTemplate":"https:\/\/epochtimestr.com\/?s={search_term_string}"},"query-input":"required name=search_term_string"}],"inLanguage":"tr"},{"@type":"Organization","@id":"https:\/\/epochtimestr.com\/#organization","name":"The EpochTimes T\u00fcrkiye","url":"https:\/\/epochtimestr.com\/","logo":{"@type":"ImageObject","inLanguage":"tr","@id":"https:\/\/epochtimestr.com\/#\/schema\/logo\/image\/","url":"https:\/\/epochtimestr.com\/wp-content\/uploads\/2011y\/ET-Logo-YG.jpg","contentUrl":"https:\/\/epochtimestr.com\/wp-content\/uploads\/2011y\/ET-Logo-YG.jpg","width":346,"height":29,"caption":"The EpochTimes T\u00fcrkiye"},"image":{"@id":"https:\/\/epochtimestr.com\/#\/schema\/logo\/image\/"},"sameAs":["https:\/\/www.facebook.com\/theepochtimestr","https:\/\/x.com\/TheEpochTimesTR","https:\/\/www.instagram.com\/epochtimestr"]},{"@type":"Person","@id":"https:\/\/epochtimestr.com\/#\/schema\/person\/08bbb947ae6f5993c4885905dff4c451","name":"Sal Sayg\u0131n \u015eim\u015fek","image":{"@type":"ImageObject","inLanguage":"tr","@id":"https:\/\/epochtimestr.com\/#\/schema\/person\/image\/","url":"https:\/\/secure.gravatar.com\/avatar\/0de3fcdb17fb559c34b4c2847eebc04b?s=96&d=mm&r=g","contentUrl":"https:\/\/secure.gravatar.com\/avatar\/0de3fcdb17fb559c34b4c2847eebc04b?s=96&d=mm&r=g","caption":"Sal Sayg\u0131n \u015eim\u015fek"},"url":"https:\/\/epochtimestr.com\/index.php\/author\/sal"}]}},"_links":{"self":[{"href":"https:\/\/epochtimestr.com\/index.php\/wp-json\/wp\/v2\/posts\/165936"}],"collection":[{"href":"https:\/\/epochtimestr.com\/index.php\/wp-json\/wp\/v2\/posts"}],"about":[{"href":"https:\/\/epochtimestr.com\/index.php\/wp-json\/wp\/v2\/types\/post"}],"author":[{"embeddable":true,"href":"https:\/\/epochtimestr.com\/index.php\/wp-json\/wp\/v2\/users\/14007"}],"replies":[{"embeddable":true,"href":"https:\/\/epochtimestr.com\/index.php\/wp-json\/wp\/v2\/comments?post=165936"}],"version-history":[{"count":1,"href":"https:\/\/epochtimestr.com\/index.php\/wp-json\/wp\/v2\/posts\/165936\/revisions"}],"predecessor-version":[{"id":165937,"href":"https:\/\/epochtimestr.com\/index.php\/wp-json\/wp\/v2\/posts\/165936\/revisions\/165937"}],"wp:featuredmedia":[{"embeddable":true,"href":"https:\/\/epochtimestr.com\/index.php\/wp-json\/wp\/v2\/media\/157889"}],"wp:attachment":[{"href":"https:\/\/epochtimestr.com\/index.php\/wp-json\/wp\/v2\/media?parent=165936"}],"wp:term":[{"taxonomy":"category","embeddable":true,"href":"https:\/\/epochtimestr.com\/index.php\/wp-json\/wp\/v2\/categories?post=165936"},{"taxonomy":"post_tag","embeddable":true,"href":"https:\/\/epochtimestr.com\/index.php\/wp-json\/wp\/v2\/tags?post=165936"}],"curies":[{"name":"wp","href":"https:\/\/api.w.org\/{rel}","templated":true}]}}