{"id":165938,"date":"2026-02-25T13:54:47","date_gmt":"2026-02-25T10:54:47","guid":{"rendered":"https:\/\/epochtimestr.com\/?p=165938"},"modified":"2026-02-25T13:55:47","modified_gmt":"2026-02-25T10:55:47","slug":"abd-baskani-trump-2026-devlet-birliginde-konustu","status":"publish","type":"post","link":"https:\/\/epochtimestr.com\/index.php\/abd-baskani-trump-2026-devlet-birliginde-konustu","title":{"rendered":"ABD Ba\u015fkan\u0131 Trump 2026 Devlet Birli\u011fi&#8217;nde Konu\u015ftu"},"content":{"rendered":"<div class=\"wp-block-image\">\n<figure class=\"aligncenter size-full\"><img loading=\"lazy\" decoding=\"async\" width=\"1080\" height=\"720\" src=\"https:\/\/epochtimestr.com\/wp-content\/uploads\/2011y\/image-348.png\" alt=\"ABD Ba\u015fkan\u0131 Donald Trump, ikinci ba\u015fkanl\u0131k d\u00f6neminde ilk Devlet Birli\u011fi konu\u015fmas\u0131n\u0131 yapt\u0131. 24 \u015eubat 2026, Capitol Hill'deki Temsilciler Meclisi Salonu, Washington. (Foto\u011fraf: Madalina Kilroy, The Epoch Times)\" class=\"wp-image-165948\" srcset=\"https:\/\/epochtimestr.com\/wp-content\/uploads\/2011y\/image-348.png 1080w, https:\/\/epochtimestr.com\/wp-content\/uploads\/2011y\/image-348-300x200.png 300w, https:\/\/epochtimestr.com\/wp-content\/uploads\/2011y\/image-348-150x100.png 150w, https:\/\/epochtimestr.com\/wp-content\/uploads\/2011y\/image-348-768x512.png 768w\" sizes=\"(max-width: 1080px) 100vw, 1080px\" \/><figcaption class=\"wp-element-caption\">ABD Ba\u015fkan\u0131 Donald Trump, ikinci ba\u015fkanl\u0131k d\u00f6neminde ilk Devlet Birli\u011fi konu\u015fmas\u0131n\u0131 yapt\u0131. 24 \u015eubat 2026, Capitol Hill&#8217;deki Temsilciler Meclisi Salonu, Washington. (Foto\u011fraf: Madalina Kilroy, The Epoch Times)<\/figcaption><\/figure><\/div>\n\n\n<p>ABD Ba\u015fkan\u0131 Donald Trump, 24 \u015eubat 2026&#8217;da ikinci d\u00f6neminin ilk Devlet Birli\u011fi konu\u015fmas\u0131n\u0131 yapt\u0131. Konu\u015fmas\u0131nda, ekonomik politikalar\u0131n\u0131n ve &#8220;<a href=\"https:\/\/www.theepochtimes.com\/us\/trump-at-state-of-the-union-a-turnaround-for-the-ages-5990227\" target=\"_blank\" rel=\"noreferrer noopener\">Amerika First<\/a>&#8221; g\u00fcndeminin Amerikan halk\u0131 i\u00e7in \u00f6nemli sonu\u00e7lar do\u011furdu\u011funu belirtti. Trump ayr\u0131ca, son bir y\u0131lda b\u00fcy\u00fck bir d\u00f6n\u00fc\u015f\u00fcm ya\u015fand\u0131\u011f\u0131n\u0131 vurgulad\u0131.<\/p>\n\n\n\n<p>Trump, ABD&#8217;nin ekonomisinin yeniden g\u00fc\u00e7lendi\u011fini, i\u015fsizlik oranlar\u0131n\u0131n d\u00fc\u015ft\u00fc\u011f\u00fcn\u00fc ve vergilerin indirildi\u011fini s\u00f6yledi. Ayr\u0131ca y\u00f6netiminin, ila\u00e7 fiyatlar\u0131n\u0131n d\u00fc\u015f\u00fcr\u00fclmesi konusunda \u00f6nemli ad\u0131mlar att\u0131\u011f\u0131n\u0131 belirtti. Konu\u015fmas\u0131nda h\u00fck\u00fcmetin yeni vergi d\u00fczenlemeleri ile vatanda\u015flara ciddi kolayl\u0131klar sa\u011flad\u0131\u011f\u0131n\u0131 ifade etti.<\/p>\n\n\n\n<p>ABD&#8217;nin s\u0131n\u0131r g\u00fcvenli\u011fi konusuna da de\u011finen Trump, g\u00f6\u00e7men politikalar\u0131n\u0131n daha s\u0131k\u0131 hale getirildi\u011fini a\u00e7\u0131klad\u0131. Son y\u0131llarda yasa d\u0131\u015f\u0131 ge\u00e7i\u015flerin y\u00fczde 92 oran\u0131nda azald\u0131\u011f\u0131n\u0131 belirtti. Ayr\u0131ca, h\u00fck\u00fcmetin b\u00fcy\u00fck teknoloji firmalar\u0131 ile elektrik maliyetlerini dengeleyen anla\u015fmalar yapaca\u011f\u0131n\u0131 duyurdu.<\/p>\n\n\n\n<p>Trump konut piyasas\u0131ndaki yat\u0131r\u0131mc\u0131lar\u0131 hedef alarak, b\u00fcy\u00fck yat\u0131r\u0131m firmalar\u0131n\u0131n tek aile evlerini sat\u0131n almas\u0131n\u0131n yasaklanmas\u0131 \u00e7a\u011fr\u0131s\u0131 yapt\u0131. Bu yasa\u011f\u0131n kal\u0131c\u0131 hale getirilmesini istedi. Trump ayr\u0131ca sa\u011fl\u0131k sekt\u00f6r\u00fc \u00fczerine de konu\u015farak, ila\u00e7 fiyatlar\u0131n\u0131n y\u0131llarca \u015fi\u015firilmi\u015f oldu\u011funu ve kendisinin bu sorunu \u00e7\u00f6zd\u00fc\u011f\u00fcn\u00fc iddia etti.<\/p>\n\n\n\n<h3 class=\"wp-block-heading\">Devlet Birli\u011fi Konu\u015fmas\u0131nda &#8220;Alt\u0131n \u00c7a\u011f\u0131n Ba\u015flang\u0131c\u0131&#8221; Vurgusu<\/h3>\n\n\n\n<p>Trump, en uzun Devlet Birli\u011fi konu\u015fmas\u0131n\u0131 yapma rekoru k\u0131rd\u0131. Uzun politika ba\u015far\u0131lar\u0131 listesini vurgulad\u0131 ve g\u00f6revdeki ilk y\u0131l\u0131n\u0131 &#8220;alt\u0131n \u00e7a\u011f\u0131n ba\u015flang\u0131c\u0131&#8221; olarak sundu.<\/p>\n\n\n\n<p>ABD Ba\u015fkan\u0131, i\u015f g\u00fcc\u00fc piyasas\u0131nda \u00f6nemli kazan\u0131mlar oldu\u011funu ve halk\u0131n gelirinin artt\u0131\u011f\u0131n\u0131 belirtti. Hisse senedi piyasas\u0131 rekor seviyelere ula\u015f\u0131rken, yak\u0131t fiyatlar\u0131 da d\u00fc\u015fmeye devam etti. Trump ayr\u0131ca Amerikal\u0131lara, 401(k) hesaplar\u0131na y\u0131l boyunca 1.000 dolara kadar devlet katk\u0131s\u0131 yap\u0131laca\u011f\u0131n\u0131 a\u00e7\u0131klad\u0131.<\/p>\n\n\n\n<p>Yolsuzlukla m\u00fccadeleye de dikkat \u00e7eken Trump, Minnesota\u2019daki refah doland\u0131r\u0131c\u0131l\u0131\u011f\u0131 olaylar\u0131n\u0131 \u00f6rnek g\u00f6sterdi. Trump&#8217;\u0131n hedefinde ayn\u0131 zamanda \u00fclkedeki \u015fiddet su\u00e7lar\u0131yla m\u00fccadele de vard\u0131. \u015eiddet su\u00e7lar\u0131nda \u00f6nemli bir azalma ya\u015fand\u0131\u011f\u0131n\u0131 belirtti.<\/p>\n\n\n\n<p>Trump&#8217;\u0131n konu\u015fmas\u0131, yaln\u0131zca kendi se\u00e7men kitlesine de\u011fil, ba\u011f\u0131ms\u0131z ve mavi yakal\u0131 se\u00e7menlere de hitap etmek amac\u0131 ta\u015f\u0131yordu. Bu konu\u015fma, \u00f6n\u00fcm\u00fczdeki Kas\u0131m ay\u0131ndaki ara se\u00e7imler \u00f6ncesinde, Trump&#8217;\u0131n se\u00e7im stratejisinin bir par\u00e7as\u0131 olarak de\u011ferlendirildi. Trump, ekonomideki b\u00fcy\u00fcme beklentilerini a\u015ft\u0131\u011f\u0131n\u0131 ve durgunluk \u00f6ng\u00f6r\u00fcleri yapanlar\u0131 yan\u0131ltmaya devam etti\u011fini s\u00f6yledi.<\/p>\n\n\n\n<p>ABD Ba\u015fkan\u0131, ABD\u2019nin \u00fcretkenli\u011finin artt\u0131\u011f\u0131n\u0131 ve yat\u0131r\u0131m ak\u0131\u015f\u0131n\u0131n devam etti\u011fini ifade etti. Yapay zeka ve di\u011fer teknolojilere yap\u0131lan yat\u0131r\u0131mlar\u0131n, \u00fclkenin b\u00fcy\u00fcmesini h\u0131zland\u0131rd\u0131\u011f\u0131na dikkat \u00e7ekti. Trump, d\u00fcnya genelindeki \u00fclkelerden al\u0131nan ticaret gelirlerinin artt\u0131\u011f\u0131n\u0131 ve bu sayede ABD&#8217;nin daha g\u00fc\u00e7l\u00fc bir ekonomiye sahip oldu\u011funu belirtti.<\/p>\n","protected":false},"excerpt":{"rendered":"<p>ABD Ba\u015fkan\u0131 Donald Trump, 24 \u015eubat 2026&#8217;da ikinci d\u00f6neminin ilk Devlet Birli\u011fi konu\u015fmas\u0131n\u0131 yapt\u0131. Konu\u015fmas\u0131nda, ekonomik politikalar\u0131n\u0131n ve &#8220;Amerika First&#8221; g\u00fcndeminin Amerikan halk\u0131 i\u00e7in \u00f6nemli sonu\u00e7lar do\u011furdu\u011funu belirtti. Trump ayr\u0131ca, son bir y\u0131lda b\u00fcy\u00fck bir d\u00f6n\u00fc\u015f\u00fcm ya\u015fand\u0131\u011f\u0131n\u0131 vurgulad\u0131. Trump, ABD&#8217;nin ekonomisinin yeniden g\u00fc\u00e7lendi\u011fini, i\u015fsizlik oranlar\u0131n\u0131n d\u00fc\u015ft\u00fc\u011f\u00fcn\u00fc ve vergilerin indirildi\u011fini s\u00f6yledi. Ayr\u0131ca y\u00f6netiminin, ila\u00e7 fiyatlar\u0131n\u0131n d\u00fc\u015f\u00fcr\u00fclmesi [&hellip;]<\/p>\n","protected":false},"author":13996,"featured_media":165948,"comment_status":"open","ping_status":"open","sticky":false,"template":"","format":"standard","meta":{"_yoast_wpseo_focuskw":"Devlet Birli\u011fi","_yoast_wpseo_title":"","_yoast_wpseo_metadesc":"ABD Ba\u015fkan\u0131 Trump, 2026 Devlet Birli\u011fi konu\u015fmas\u0131nda ekonomik ba\u015far\u0131lar\u0131, s\u0131n\u0131r g\u00fcvenli\u011fini ve yeni yasalar\u0131 vurgulad\u0131,","_bbp_topic_count":0,"_bbp_reply_count":0,"_bbp_total_topic_count":0,"_bbp_total_reply_count":0,"_bbp_voice_count":0,"_bbp_anonymous_reply_count":0,"_bbp_topic_count_hidden":0,"_bbp_reply_count_hidden":0,"_bbp_forum_subforum_count":0,"footnotes":"","_yoast_wpseo_focuskw_text_input":""},"categories":[5,1],"tags":[10869,407,10876,10872,10871,10870,10873,10875,4574,10874,5764],"yoast_head":"<!-- This site is optimized with the Yoast SEO plugin v23.0 - https:\/\/yoast.com\/wordpress\/plugins\/seo\/ -->\n<title>ABD Ba\u015fkan\u0131 Trump 2026 Devlet Birli\u011fi&#039;nde Konu\u015ftu - The Epoch Times TR<\/title>\n<meta name=\"description\" content=\"ABD Ba\u015fkan\u0131 Trump, 2026 Devlet Birli\u011fi konu\u015fmas\u0131nda ekonomik ba\u015far\u0131lar\u0131, s\u0131n\u0131r g\u00fcvenli\u011fini ve yeni yasalar\u0131 vurgulad\u0131,\" \/>\n<meta name=\"robots\" content=\"index, follow, max-snippet:-1, max-image-preview:large, max-video-preview:-1\" \/>\n<link rel=\"canonical\" href=\"https:\/\/epochtimestr.com\/index.php\/abd-baskani-trump-2026-devlet-birliginde-konustu\" \/>\n<meta property=\"og:locale\" content=\"tr_TR\" \/>\n<meta property=\"og:type\" content=\"article\" \/>\n<meta property=\"og:title\" content=\"ABD Ba\u015fkan\u0131 Trump 2026 Devlet Birli\u011fi&#039;nde Konu\u015ftu - The Epoch Times TR\" \/>\n<meta property=\"og:description\" content=\"ABD Ba\u015fkan\u0131 Trump, 2026 Devlet Birli\u011fi konu\u015fmas\u0131nda ekonomik ba\u015far\u0131lar\u0131, s\u0131n\u0131r g\u00fcvenli\u011fini ve yeni yasalar\u0131 vurgulad\u0131,\" \/>\n<meta property=\"og:url\" content=\"https:\/\/epochtimestr.com\/index.php\/abd-baskani-trump-2026-devlet-birliginde-konustu\" \/>\n<meta property=\"og:site_name\" content=\"The Epoch Times TR\" \/>\n<meta property=\"article:publisher\" content=\"https:\/\/www.facebook.com\/theepochtimestr\" \/>\n<meta property=\"article:published_time\" content=\"2026-02-25T10:54:47+00:00\" \/>\n<meta property=\"article:modified_time\" content=\"2026-02-25T10:55:47+00:00\" \/>\n<meta property=\"og:image\" content=\"https:\/\/epochtimestr.com\/wp-content\/uploads\/2011y\/image-348.png\" \/>\n\t<meta property=\"og:image:width\" content=\"1080\" \/>\n\t<meta property=\"og:image:height\" content=\"720\" \/>\n\t<meta property=\"og:image:type\" content=\"image\/png\" \/>\n<meta name=\"author\" content=\"Leo Bajelan\" \/>\n<meta name=\"twitter:card\" content=\"summary_large_image\" \/>\n<meta name=\"twitter:creator\" content=\"@TheEpochTimesTR\" \/>\n<meta name=\"twitter:site\" content=\"@TheEpochTimesTR\" \/>\n<meta name=\"twitter:label1\" content=\"Yazan:\" \/>\n\t<meta name=\"twitter:data1\" content=\"Leo Bajelan\" \/>\n\t<meta name=\"twitter:label2\" content=\"Tahmini okuma s\u00fcresi\" \/>\n\t<meta name=\"twitter:data2\" content=\"3 dakika\" \/>\n<script type=\"application\/ld+json\" class=\"yoast-schema-graph\">{\"@context\":\"https:\/\/schema.org\",\"@graph\":[{\"@type\":\"Article\",\"@id\":\"https:\/\/epochtimestr.com\/index.php\/abd-baskani-trump-2026-devlet-birliginde-konustu#article\",\"isPartOf\":{\"@id\":\"https:\/\/epochtimestr.com\/index.php\/abd-baskani-trump-2026-devlet-birliginde-konustu\"},\"author\":{\"name\":\"Leo Bajelan\",\"@id\":\"https:\/\/epochtimestr.com\/#\/schema\/person\/5fef218711d76d8f232b0e1f1d7e4c0d\"},\"headline\":\"ABD Ba\u015fkan\u0131 Trump 2026 Devlet Birli\u011fi&#8217;nde Konu\u015ftu\",\"datePublished\":\"2026-02-25T10:54:47+00:00\",\"dateModified\":\"2026-02-25T10:55:47+00:00\",\"mainEntityOfPage\":{\"@id\":\"https:\/\/epochtimestr.com\/index.php\/abd-baskani-trump-2026-devlet-birliginde-konustu\"},\"wordCount\":580,\"commentCount\":0,\"publisher\":{\"@id\":\"https:\/\/epochtimestr.com\/#organization\"},\"image\":{\"@id\":\"https:\/\/epochtimestr.com\/index.php\/abd-baskani-trump-2026-devlet-birliginde-konustu#primaryimage\"},\"thumbnailUrl\":\"https:\/\/epochtimestr.com\/wp-content\/uploads\/2011y\/image-348.png\",\"keywords\":[\"2026 Devlet Birli\u011fi\",\"ABD\",\"alt\u0131n \u00e7a\u011f\u0131n ba\u015flang\u0131c\u0131\",\"Amerika First\",\"Amerikan halk\u0131\",\"ekonomik ba\u015far\u0131lar\",\"g\u00f6\u00e7men politikalar\u0131\",\"ila\u00e7 fiyatlar\u0131\",\"i\u015fsizlik oranlar\u0131\",\"sa\u011fl\u0131k sekt\u00f6r\u00fc\",\"Trump\"],\"articleSection\":[\"D\u00dcNYA\",\"G\u00dcNDEM\"],\"inLanguage\":\"tr\",\"potentialAction\":[{\"@type\":\"CommentAction\",\"name\":\"Comment\",\"target\":[\"https:\/\/epochtimestr.com\/index.php\/abd-baskani-trump-2026-devlet-birliginde-konustu#respond\"]}]},{\"@type\":\"WebPage\",\"@id\":\"https:\/\/epochtimestr.com\/index.php\/abd-baskani-trump-2026-devlet-birliginde-konustu\",\"url\":\"https:\/\/epochtimestr.com\/index.php\/abd-baskani-trump-2026-devlet-birliginde-konustu\",\"name\":\"ABD Ba\u015fkan\u0131 Trump 2026 Devlet Birli\u011fi'nde Konu\u015ftu - The Epoch Times TR\",\"isPartOf\":{\"@id\":\"https:\/\/epochtimestr.com\/#website\"},\"primaryImageOfPage\":{\"@id\":\"https:\/\/epochtimestr.com\/index.php\/abd-baskani-trump-2026-devlet-birliginde-konustu#primaryimage\"},\"image\":{\"@id\":\"https:\/\/epochtimestr.com\/index.php\/abd-baskani-trump-2026-devlet-birliginde-konustu#primaryimage\"},\"thumbnailUrl\":\"https:\/\/epochtimestr.com\/wp-content\/uploads\/2011y\/image-348.png\",\"datePublished\":\"2026-02-25T10:54:47+00:00\",\"dateModified\":\"2026-02-25T10:55:47+00:00\",\"description\":\"ABD Ba\u015fkan\u0131 Trump, 2026 Devlet Birli\u011fi konu\u015fmas\u0131nda ekonomik ba\u015far\u0131lar\u0131, s\u0131n\u0131r g\u00fcvenli\u011fini ve yeni yasalar\u0131 vurgulad\u0131,\",\"inLanguage\":\"tr\",\"potentialAction\":[{\"@type\":\"ReadAction\",\"target\":[\"https:\/\/epochtimestr.com\/index.php\/abd-baskani-trump-2026-devlet-birliginde-konustu\"]}]},{\"@type\":\"ImageObject\",\"inLanguage\":\"tr\",\"@id\":\"https:\/\/epochtimestr.com\/index.php\/abd-baskani-trump-2026-devlet-birliginde-konustu#primaryimage\",\"url\":\"https:\/\/epochtimestr.com\/wp-content\/uploads\/2011y\/image-348.png\",\"contentUrl\":\"https:\/\/epochtimestr.com\/wp-content\/uploads\/2011y\/image-348.png\",\"width\":1080,\"height\":720},{\"@type\":\"WebSite\",\"@id\":\"https:\/\/epochtimestr.com\/#website\",\"url\":\"https:\/\/epochtimestr.com\/\",\"name\":\"The Epoch Times TR\",\"description\":\"De\u011fi\u015fen D\u00fcnyam\u0131za Taze Bir Bak\u0131\u015f\",\"publisher\":{\"@id\":\"https:\/\/epochtimestr.com\/#organization\"},\"potentialAction\":[{\"@type\":\"SearchAction\",\"target\":{\"@type\":\"EntryPoint\",\"urlTemplate\":\"https:\/\/epochtimestr.com\/?s={search_term_string}\"},\"query-input\":\"required name=search_term_string\"}],\"inLanguage\":\"tr\"},{\"@type\":\"Organization\",\"@id\":\"https:\/\/epochtimestr.com\/#organization\",\"name\":\"The EpochTimes T\u00fcrkiye\",\"url\":\"https:\/\/epochtimestr.com\/\",\"logo\":{\"@type\":\"ImageObject\",\"inLanguage\":\"tr\",\"@id\":\"https:\/\/epochtimestr.com\/#\/schema\/logo\/image\/\",\"url\":\"https:\/\/epochtimestr.com\/wp-content\/uploads\/2011y\/ET-Logo-YG.jpg\",\"contentUrl\":\"https:\/\/epochtimestr.com\/wp-content\/uploads\/2011y\/ET-Logo-YG.jpg\",\"width\":346,\"height\":29,\"caption\":\"The EpochTimes T\u00fcrkiye\"},\"image\":{\"@id\":\"https:\/\/epochtimestr.com\/#\/schema\/logo\/image\/\"},\"sameAs\":[\"https:\/\/www.facebook.com\/theepochtimestr\",\"https:\/\/x.com\/TheEpochTimesTR\",\"https:\/\/www.instagram.com\/epochtimestr\"]},{\"@type\":\"Person\",\"@id\":\"https:\/\/epochtimestr.com\/#\/schema\/person\/5fef218711d76d8f232b0e1f1d7e4c0d\",\"name\":\"Leo Bajelan\",\"image\":{\"@type\":\"ImageObject\",\"inLanguage\":\"tr\",\"@id\":\"https:\/\/epochtimestr.com\/#\/schema\/person\/image\/\",\"url\":\"https:\/\/secure.gravatar.com\/avatar\/917669146f489549e548a2e9af272df5?s=96&d=mm&r=g\",\"contentUrl\":\"https:\/\/secure.gravatar.com\/avatar\/917669146f489549e548a2e9af272df5?s=96&d=mm&r=g\",\"caption\":\"Leo Bajelan\"},\"url\":\"https:\/\/epochtimestr.com\/index.php\/author\/leo\"}]}<\/script>\n<!-- \/ Yoast SEO plugin. -->","yoast_head_json":{"title":"ABD Ba\u015fkan\u0131 Trump 2026 Devlet Birli\u011fi'nde Konu\u015ftu - The Epoch Times TR","description":"ABD Ba\u015fkan\u0131 Trump, 2026 Devlet Birli\u011fi konu\u015fmas\u0131nda ekonomik ba\u015far\u0131lar\u0131, s\u0131n\u0131r g\u00fcvenli\u011fini ve yeni yasalar\u0131 vurgulad\u0131,","robots":{"index":"index","follow":"follow","max-snippet":"max-snippet:-1","max-image-preview":"max-image-preview:large","max-video-preview":"max-video-preview:-1"},"canonical":"https:\/\/epochtimestr.com\/index.php\/abd-baskani-trump-2026-devlet-birliginde-konustu","og_locale":"tr_TR","og_type":"article","og_title":"ABD Ba\u015fkan\u0131 Trump 2026 Devlet Birli\u011fi'nde Konu\u015ftu - The Epoch Times TR","og_description":"ABD Ba\u015fkan\u0131 Trump, 2026 Devlet Birli\u011fi konu\u015fmas\u0131nda ekonomik ba\u015far\u0131lar\u0131, s\u0131n\u0131r g\u00fcvenli\u011fini ve yeni yasalar\u0131 vurgulad\u0131,","og_url":"https:\/\/epochtimestr.com\/index.php\/abd-baskani-trump-2026-devlet-birliginde-konustu","og_site_name":"The Epoch Times TR","article_publisher":"https:\/\/www.facebook.com\/theepochtimestr","article_published_time":"2026-02-25T10:54:47+00:00","article_modified_time":"2026-02-25T10:55:47+00:00","og_image":[{"width":1080,"height":720,"url":"https:\/\/epochtimestr.com\/wp-content\/uploads\/2011y\/image-348.png","type":"image\/png"}],"author":"Leo Bajelan","twitter_card":"summary_large_image","twitter_creator":"@TheEpochTimesTR","twitter_site":"@TheEpochTimesTR","twitter_misc":{"Yazan:":"Leo Bajelan","Tahmini okuma s\u00fcresi":"3 dakika"},"schema":{"@context":"https:\/\/schema.org","@graph":[{"@type":"Article","@id":"https:\/\/epochtimestr.com\/index.php\/abd-baskani-trump-2026-devlet-birliginde-konustu#article","isPartOf":{"@id":"https:\/\/epochtimestr.com\/index.php\/abd-baskani-trump-2026-devlet-birliginde-konustu"},"author":{"name":"Leo Bajelan","@id":"https:\/\/epochtimestr.com\/#\/schema\/person\/5fef218711d76d8f232b0e1f1d7e4c0d"},"headline":"ABD Ba\u015fkan\u0131 Trump 2026 Devlet Birli\u011fi&#8217;nde Konu\u015ftu","datePublished":"2026-02-25T10:54:47+00:00","dateModified":"2026-02-25T10:55:47+00:00","mainEntityOfPage":{"@id":"https:\/\/epochtimestr.com\/index.php\/abd-baskani-trump-2026-devlet-birliginde-konustu"},"wordCount":580,"commentCount":0,"publisher":{"@id":"https:\/\/epochtimestr.com\/#organization"},"image":{"@id":"https:\/\/epochtimestr.com\/index.php\/abd-baskani-trump-2026-devlet-birliginde-konustu#primaryimage"},"thumbnailUrl":"https:\/\/epochtimestr.com\/wp-content\/uploads\/2011y\/image-348.png","keywords":["2026 Devlet Birli\u011fi","ABD","alt\u0131n \u00e7a\u011f\u0131n ba\u015flang\u0131c\u0131","Amerika First","Amerikan halk\u0131","ekonomik ba\u015far\u0131lar","g\u00f6\u00e7men politikalar\u0131","ila\u00e7 fiyatlar\u0131","i\u015fsizlik oranlar\u0131","sa\u011fl\u0131k sekt\u00f6r\u00fc","Trump"],"articleSection":["D\u00dcNYA","G\u00dcNDEM"],"inLanguage":"tr","potentialAction":[{"@type":"CommentAction","name":"Comment","target":["https:\/\/epochtimestr.com\/index.php\/abd-baskani-trump-2026-devlet-birliginde-konustu#respond"]}]},{"@type":"WebPage","@id":"https:\/\/epochtimestr.com\/index.php\/abd-baskani-trump-2026-devlet-birliginde-konustu","url":"https:\/\/epochtimestr.com\/index.php\/abd-baskani-trump-2026-devlet-birliginde-konustu","name":"ABD Ba\u015fkan\u0131 Trump 2026 Devlet Birli\u011fi'nde Konu\u015ftu - The Epoch Times TR","isPartOf":{"@id":"https:\/\/epochtimestr.com\/#website"},"primaryImageOfPage":{"@id":"https:\/\/epochtimestr.com\/index.php\/abd-baskani-trump-2026-devlet-birliginde-konustu#primaryimage"},"image":{"@id":"https:\/\/epochtimestr.com\/index.php\/abd-baskani-trump-2026-devlet-birliginde-konustu#primaryimage"},"thumbnailUrl":"https:\/\/epochtimestr.com\/wp-content\/uploads\/2011y\/image-348.png","datePublished":"2026-02-25T10:54:47+00:00","dateModified":"2026-02-25T10:55:47+00:00","description":"ABD Ba\u015fkan\u0131 Trump, 2026 Devlet Birli\u011fi konu\u015fmas\u0131nda ekonomik ba\u015far\u0131lar\u0131, s\u0131n\u0131r g\u00fcvenli\u011fini ve yeni yasalar\u0131 vurgulad\u0131,","inLanguage":"tr","potentialAction":[{"@type":"ReadAction","target":["https:\/\/epochtimestr.com\/index.php\/abd-baskani-trump-2026-devlet-birliginde-konustu"]}]},{"@type":"ImageObject","inLanguage":"tr","@id":"https:\/\/epochtimestr.com\/index.php\/abd-baskani-trump-2026-devlet-birliginde-konustu#primaryimage","url":"https:\/\/epochtimestr.com\/wp-content\/uploads\/2011y\/image-348.png","contentUrl":"https:\/\/epochtimestr.com\/wp-content\/uploads\/2011y\/image-348.png","width":1080,"height":720},{"@type":"WebSite","@id":"https:\/\/epochtimestr.com\/#website","url":"https:\/\/epochtimestr.com\/","name":"The Epoch Times TR","description":"De\u011fi\u015fen D\u00fcnyam\u0131za Taze Bir Bak\u0131\u015f","publisher":{"@id":"https:\/\/epochtimestr.com\/#organization"},"potentialAction":[{"@type":"SearchAction","target":{"@type":"EntryPoint","urlTemplate":"https:\/\/epochtimestr.com\/?s={search_term_string}"},"query-input":"required name=search_term_string"}],"inLanguage":"tr"},{"@type":"Organization","@id":"https:\/\/epochtimestr.com\/#organization","name":"The EpochTimes T\u00fcrkiye","url":"https:\/\/epochtimestr.com\/","logo":{"@type":"ImageObject","inLanguage":"tr","@id":"https:\/\/epochtimestr.com\/#\/schema\/logo\/image\/","url":"https:\/\/epochtimestr.com\/wp-content\/uploads\/2011y\/ET-Logo-YG.jpg","contentUrl":"https:\/\/epochtimestr.com\/wp-content\/uploads\/2011y\/ET-Logo-YG.jpg","width":346,"height":29,"caption":"The EpochTimes T\u00fcrkiye"},"image":{"@id":"https:\/\/epochtimestr.com\/#\/schema\/logo\/image\/"},"sameAs":["https:\/\/www.facebook.com\/theepochtimestr","https:\/\/x.com\/TheEpochTimesTR","https:\/\/www.instagram.com\/epochtimestr"]},{"@type":"Person","@id":"https:\/\/epochtimestr.com\/#\/schema\/person\/5fef218711d76d8f232b0e1f1d7e4c0d","name":"Leo Bajelan","image":{"@type":"ImageObject","inLanguage":"tr","@id":"https:\/\/epochtimestr.com\/#\/schema\/person\/image\/","url":"https:\/\/secure.gravatar.com\/avatar\/917669146f489549e548a2e9af272df5?s=96&d=mm&r=g","contentUrl":"https:\/\/secure.gravatar.com\/avatar\/917669146f489549e548a2e9af272df5?s=96&d=mm&r=g","caption":"Leo Bajelan"},"url":"https:\/\/epochtimestr.com\/index.php\/author\/leo"}]}},"_links":{"self":[{"href":"https:\/\/epochtimestr.com\/index.php\/wp-json\/wp\/v2\/posts\/165938"}],"collection":[{"href":"https:\/\/epochtimestr.com\/index.php\/wp-json\/wp\/v2\/posts"}],"about":[{"href":"https:\/\/epochtimestr.com\/index.php\/wp-json\/wp\/v2\/types\/post"}],"author":[{"embeddable":true,"href":"https:\/\/epochtimestr.com\/index.php\/wp-json\/wp\/v2\/users\/13996"}],"replies":[{"embeddable":true,"href":"https:\/\/epochtimestr.com\/index.php\/wp-json\/wp\/v2\/comments?post=165938"}],"version-history":[{"count":3,"href":"https:\/\/epochtimestr.com\/index.php\/wp-json\/wp\/v2\/posts\/165938\/revisions"}],"predecessor-version":[{"id":165950,"href":"https:\/\/epochtimestr.com\/index.php\/wp-json\/wp\/v2\/posts\/165938\/revisions\/165950"}],"wp:featuredmedia":[{"embeddable":true,"href":"https:\/\/epochtimestr.com\/index.php\/wp-json\/wp\/v2\/media\/165948"}],"wp:attachment":[{"href":"https:\/\/epochtimestr.com\/index.php\/wp-json\/wp\/v2\/media?parent=165938"}],"wp:term":[{"taxonomy":"category","embeddable":true,"href":"https:\/\/epochtimestr.com\/index.php\/wp-json\/wp\/v2\/categories?post=165938"},{"taxonomy":"post_tag","embeddable":true,"href":"https:\/\/epochtimestr.com\/index.php\/wp-json\/wp\/v2\/tags?post=165938"}],"curies":[{"name":"wp","href":"https:\/\/api.w.org\/{rel}","templated":true}]}}