{"id":165962,"date":"2026-02-26T13:37:01","date_gmt":"2026-02-26T10:37:01","guid":{"rendered":"https:\/\/epochtimestr.com\/?p=165962"},"modified":"2026-02-26T13:37:04","modified_gmt":"2026-02-26T10:37:04","slug":"kuba-aciklarinda-silahli-catisma-4-olu","status":"publish","type":"post","link":"https:\/\/epochtimestr.com\/index.php\/kuba-aciklarinda-silahli-catisma-4-olu","title":{"rendered":"K\u00fcba A\u00e7\u0131klar\u0131nda Silahl\u0131 \u00c7at\u0131\u015fma: 4 \u00d6l\u00fc"},"content":{"rendered":"<div class=\"wp-block-image\">\n<figure class=\"aligncenter size-full\"><img loading=\"lazy\" decoding=\"async\" width=\"1080\" height=\"720\" src=\"https:\/\/epochtimestr.com\/wp-content\/uploads\/2011y\/1000033769.webp\" alt=\"K\u00fcba\u2019n\u0131n Havana kentindeki ABD B\u00fcy\u00fckel\u00e7ili\u011fi \u00f6n\u00fcnden 15 Haziran 2022\u2019de klasik bir otomobil ge\u00e7iyor. (Foto\u011fraf: Alexandre Meneghini\/Reuters)\" class=\"wp-image-165963\" srcset=\"https:\/\/epochtimestr.com\/wp-content\/uploads\/2011y\/1000033769.webp 1080w, https:\/\/epochtimestr.com\/wp-content\/uploads\/2011y\/1000033769-300x200.webp 300w, https:\/\/epochtimestr.com\/wp-content\/uploads\/2011y\/1000033769-150x100.webp 150w, https:\/\/epochtimestr.com\/wp-content\/uploads\/2011y\/1000033769-768x512.webp 768w\" sizes=\"(max-width: 1080px) 100vw, 1080px\" \/><figcaption class=\"wp-element-caption\">K\u00fcba a\u00e7\u0131klar\u0131nda ABD kay\u0131tl\u0131 tekneyle \u00e7\u0131kan silahl\u0131 \u00e7at\u0131\u015fmada 4 ki\u015fi \u00f6ld\u00fc, 6 ki\u015fi yaraland\u0131. Olayla ilgili soru\u015fturma s\u00fcr\u00fcyor. K\u00fcba\u2019n\u0131n Havana kentindeki ABD B\u00fcy\u00fckel\u00e7ili\u011fi. 15 Haziran 2022. (Foto\u011fraf: The Epoch Times arac\u0131l\u0131\u011f\u0131yla, Alexandre Meneghini, Reuters)<\/figcaption><\/figure><\/div>\n\n\n<p>K\u00fcba yerel kuvvetleri ile ABD kay\u0131tl\u0131 bir tekne aras\u0131ndaki \u00e7at\u0131\u015fmada d\u00f6rt ki\u015fi hayat\u0131n\u0131 kaybetti, alt\u0131 ki\u015fi yaraland\u0131. \u0130\u00e7i\u015fleri Bakanl\u0131\u011f\u0131 yay\u0131mlad\u0131\u011f\u0131 yaz\u0131l\u0131 bir a\u00e7\u0131klamada teknenin Florida\u2019dan geldi\u011fini belirtti. K\u00fcba kara sular\u0131na izinsiz giren tekne ile yerel kuvvetler Cayo Falcones yak\u0131nlar\u0131nda \u00e7at\u0131\u015ft\u0131. Bununla birlikte b\u00f6lge, <a href=\"https:\/\/www.theepochtimes.com\/world\/cuba-says-4-were-killed-in-gunfire-exchange-with-us-registered-boat-5990719\">El Pino kanal\u0131n\u0131n<\/a> kuzeydo\u011fusunda yer al\u0131yor.<\/p>\n\n\n\n<p>K\u00fcba makamlar\u0131n\u0131n a\u00e7\u0131klamas\u0131na g\u00f6re teknedekiler sabah saatlerinde sahil g\u00fcvenlik unsurlar\u0131na ate\u015f a\u00e7t\u0131. Ard\u0131ndan K\u00fcba g\u00fc\u00e7lerinin ate\u015fe kar\u015f\u0131l\u0131k vermesi \u00fczerine, \u00e7at\u0131\u015fma k\u0131sa s\u00fcrede b\u00fcy\u00fcd\u00fc. D\u00f6rt ki\u015fi olay yerinde \u00f6ld\u00fc ve alt\u0131 ki\u015fi de yaral\u0131 olarak kurtar\u0131ld\u0131. Aralar\u0131nda K\u00fcba sahil g\u00fcvenlik komutan\u0131n\u0131n da bulundu\u011fu yaral\u0131lar hastaneye sevk edildi. <\/p>\n\n\n\n<p>K\u00fcba&#8217;da resmi makamlar <a href=\"https:\/\/epochtimestr.com\/index.php\/abdden-meksika-icin-guvenlik-uyarisi\" target=\"_blank\" rel=\"noreferrer noopener\">olayla ilgili <\/a>geni\u015f \u00e7apl\u0131 soru\u015fturma ba\u015flatt\u0131, ancak hayat\u0131n\u0131 kaybedenlerin kimliklerini hen\u00fcz a\u00e7\u0131klamad\u0131.  K\u00fcba y\u00f6netimi a\u00e7\u0131klamas\u0131nda egemenlik vurgusu yaparak kara sular\u0131 korunmas\u0131n\u0131n \u00f6ncelik oldu\u011funu ifade etti. Buna ek olarak ulusal savunman\u0131n temel bir ilke oldu\u011funu belirtti.<\/p>\n\n\n\n<h3 class=\"wp-block-heading\">ABD Yetkililerinden Gelen Tepkiler<\/h3>\n\n\n\n<p>ABD D\u0131\u015fi\u015fleri Bakan\u0131 Marco Rubio konuya ili\u015fkin de\u011ferlendirmesinde ABD\u2019nin bilgileri ba\u011f\u0131ms\u0131z \u015fekilde do\u011frulayaca\u011f\u0131n\u0131 s\u00f6yledi. Olay\u0131n t\u00fcm y\u00f6nleriyle ara\u015ft\u0131r\u0131laca\u011f\u0131n\u0131 belirterek, \u201cNe oldu\u011funu tam olarak bilmiyoruz\u201d dedi. \u201cGer\u00e7ekleri ortaya \u00e7\u0131karaca\u011f\u0131z, daha sonra gerekli yan\u0131t\u0131 verece\u011fiz\u201d a\u00e7\u0131klamas\u0131n\u0131 yapt\u0131.<\/p>\n\n\n\n<p>Rubio, a\u00e7\u0131k denizde b\u00f6yle bir \u00e7at\u0131\u015fman\u0131n ola\u011fan d\u0131\u015f\u0131 oldu\u011funu vurgulad\u0131. ABD Sahil G\u00fcvenli\u011fi ekiplerinin b\u00f6lgeye y\u00f6nlendirildi\u011fini ve incelemelerin s\u00fcrd\u00fc\u011f\u00fcn\u00fc bildirdi. Ayr\u0131ca ABD Ba\u015fkan Yard\u0131mc\u0131s\u0131 JD Vance da Beyaz Saray\u2019\u0131n bilgilendirildi\u011fini duyurdu. Vance, s\u00fcrecin yak\u0131ndan takip edildi\u011fini belirterek, \u201cUmar\u0131m d\u00fc\u015f\u00fcnd\u00fc\u011f\u00fcm\u00fcz kadar k\u00f6t\u00fc de\u011fildir\u201d dedi.<\/p>\n\n\n\n<p>Florida Ba\u015fsavc\u0131s\u0131 James Uthmeier sosyal medya \u00fczerinden, eyalet d\u00fczeyinde soru\u015fturma ba\u015flat\u0131ld\u0131\u011f\u0131n\u0131 a\u00e7\u0131klad\u0131. Ayr\u0131ca K\u00fcba y\u00f6netimine g\u00fcvenmediklerini ve eyalet makamlar\u0131n\u0131n olay\u0131 detayl\u0131 inceleyece\u011fini bildirdi.<\/p>\n\n\n\n<p>Washington y\u00f6netimi hen\u00fcz resmi ve kapsaml\u0131 bir a\u00e7\u0131klama yay\u0131mlamad\u0131. Uzmanlar, K\u00fcba\u2019n\u0131n son d\u00f6nemde enerji krizi ya\u015fad\u0131\u011f\u0131n\u0131 ve ABD yapt\u0131r\u0131mlar\u0131n\u0131n Havana y\u00f6netimini zorlad\u0131\u011f\u0131n\u0131 s\u00f6yl\u00fcyor. Bununla birlikte Karayipler\u2019de de giderek artan gerilimin iki \u00fclke ili\u015fkilerini etkilemesi ihtimali de g\u00fcndemde.<\/p>\n","protected":false},"excerpt":{"rendered":"<p>K\u00fcba yerel kuvvetleri ile ABD kay\u0131tl\u0131 bir tekne aras\u0131ndaki \u00e7at\u0131\u015fmada d\u00f6rt ki\u015fi hayat\u0131n\u0131 kaybetti, alt\u0131 ki\u015fi yaraland\u0131. \u0130\u00e7i\u015fleri Bakanl\u0131\u011f\u0131 yay\u0131mlad\u0131\u011f\u0131 yaz\u0131l\u0131 bir a\u00e7\u0131klamada teknenin Florida\u2019dan geldi\u011fini belirtti. K\u00fcba kara sular\u0131na izinsiz giren tekne ile yerel kuvvetler Cayo Falcones yak\u0131nlar\u0131nda \u00e7at\u0131\u015ft\u0131. Bununla birlikte b\u00f6lge, El Pino kanal\u0131n\u0131n kuzeydo\u011fusunda yer al\u0131yor. K\u00fcba makamlar\u0131n\u0131n a\u00e7\u0131klamas\u0131na g\u00f6re teknedekiler sabah [&hellip;]<\/p>\n","protected":false},"author":13996,"featured_media":165963,"comment_status":"open","ping_status":"open","sticky":false,"template":"","format":"standard","meta":{"_yoast_wpseo_focuskw":"K\u00fcba - silahl\u0131","_yoast_wpseo_title":"","_yoast_wpseo_metadesc":"K\u00fcba a\u00e7\u0131klar\u0131nda ABD kay\u0131tl\u0131 tekneyle \u00e7\u0131kan silahl\u0131 \u00e7at\u0131\u015fmada 4 ki\u015fi \u00f6ld\u00fc, 6 ki\u015fi yaraland\u0131. Olayla ilgili soru\u015fturma s\u00fcr\u00fcyor.","_bbp_topic_count":0,"_bbp_reply_count":0,"_bbp_total_topic_count":0,"_bbp_total_reply_count":0,"_bbp_voice_count":0,"_bbp_anonymous_reply_count":0,"_bbp_topic_count_hidden":0,"_bbp_reply_count_hidden":0,"_bbp_forum_subforum_count":0,"footnotes":"","_yoast_wpseo_focuskw_text_input":""},"categories":[5,1],"tags":[10884,5418,1284,9331,10885,1197,8598,7637,10882],"yoast_head":"<!-- This site is optimized with the Yoast SEO plugin v23.0 - https:\/\/yoast.com\/wordpress\/plugins\/seo\/ -->\n<title>K\u00fcba A\u00e7\u0131klar\u0131nda Silahl\u0131 \u00c7at\u0131\u015fma: 4 \u00d6l\u00fc - The Epoch Times TR<\/title>\n<meta name=\"description\" content=\"K\u00fcba a\u00e7\u0131klar\u0131nda ABD kay\u0131tl\u0131 tekneyle \u00e7\u0131kan silahl\u0131 \u00e7at\u0131\u015fmada 4 ki\u015fi \u00f6ld\u00fc, 6 ki\u015fi yaraland\u0131. Olayla ilgili soru\u015fturma s\u00fcr\u00fcyor.\" \/>\n<meta name=\"robots\" content=\"index, follow, max-snippet:-1, max-image-preview:large, max-video-preview:-1\" \/>\n<link rel=\"canonical\" href=\"https:\/\/epochtimestr.com\/index.php\/kuba-aciklarinda-silahli-catisma-4-olu\" \/>\n<meta property=\"og:locale\" content=\"tr_TR\" \/>\n<meta property=\"og:type\" content=\"article\" \/>\n<meta property=\"og:title\" content=\"K\u00fcba A\u00e7\u0131klar\u0131nda Silahl\u0131 \u00c7at\u0131\u015fma: 4 \u00d6l\u00fc - The Epoch Times TR\" \/>\n<meta property=\"og:description\" content=\"K\u00fcba a\u00e7\u0131klar\u0131nda ABD kay\u0131tl\u0131 tekneyle \u00e7\u0131kan silahl\u0131 \u00e7at\u0131\u015fmada 4 ki\u015fi \u00f6ld\u00fc, 6 ki\u015fi yaraland\u0131. Olayla ilgili soru\u015fturma s\u00fcr\u00fcyor.\" \/>\n<meta property=\"og:url\" content=\"https:\/\/epochtimestr.com\/index.php\/kuba-aciklarinda-silahli-catisma-4-olu\" \/>\n<meta property=\"og:site_name\" content=\"The Epoch Times TR\" \/>\n<meta property=\"article:publisher\" content=\"https:\/\/www.facebook.com\/theepochtimestr\" \/>\n<meta property=\"article:published_time\" content=\"2026-02-26T10:37:01+00:00\" \/>\n<meta property=\"article:modified_time\" content=\"2026-02-26T10:37:04+00:00\" \/>\n<meta property=\"og:image\" content=\"https:\/\/epochtimestr.com\/wp-content\/uploads\/2011y\/1000033769.webp\" \/>\n\t<meta property=\"og:image:width\" content=\"1080\" \/>\n\t<meta property=\"og:image:height\" content=\"720\" \/>\n\t<meta property=\"og:image:type\" content=\"image\/webp\" \/>\n<meta name=\"author\" content=\"Leo Bajelan\" \/>\n<meta name=\"twitter:card\" content=\"summary_large_image\" \/>\n<meta name=\"twitter:creator\" content=\"@TheEpochTimesTR\" \/>\n<meta name=\"twitter:site\" content=\"@TheEpochTimesTR\" \/>\n<meta name=\"twitter:label1\" content=\"Yazan:\" \/>\n\t<meta name=\"twitter:data1\" content=\"Leo Bajelan\" \/>\n\t<meta name=\"twitter:label2\" content=\"Tahmini okuma s\u00fcresi\" \/>\n\t<meta name=\"twitter:data2\" content=\"3 dakika\" \/>\n<script type=\"application\/ld+json\" class=\"yoast-schema-graph\">{\"@context\":\"https:\/\/schema.org\",\"@graph\":[{\"@type\":\"Article\",\"@id\":\"https:\/\/epochtimestr.com\/index.php\/kuba-aciklarinda-silahli-catisma-4-olu#article\",\"isPartOf\":{\"@id\":\"https:\/\/epochtimestr.com\/index.php\/kuba-aciklarinda-silahli-catisma-4-olu\"},\"author\":{\"name\":\"Leo Bajelan\",\"@id\":\"https:\/\/epochtimestr.com\/#\/schema\/person\/5fef218711d76d8f232b0e1f1d7e4c0d\"},\"headline\":\"K\u00fcba A\u00e7\u0131klar\u0131nda Silahl\u0131 \u00c7at\u0131\u015fma: 4 \u00d6l\u00fc\",\"datePublished\":\"2026-02-26T10:37:01+00:00\",\"dateModified\":\"2026-02-26T10:37:04+00:00\",\"mainEntityOfPage\":{\"@id\":\"https:\/\/epochtimestr.com\/index.php\/kuba-aciklarinda-silahli-catisma-4-olu\"},\"wordCount\":492,\"commentCount\":0,\"publisher\":{\"@id\":\"https:\/\/epochtimestr.com\/#organization\"},\"image\":{\"@id\":\"https:\/\/epochtimestr.com\/index.php\/kuba-aciklarinda-silahli-catisma-4-olu#primaryimage\"},\"thumbnailUrl\":\"https:\/\/epochtimestr.com\/wp-content\/uploads\/2011y\/1000033769.webp\",\"keywords\":[\"Cayo Falcones\",\"florida\",\"G\u00fcney amerika\",\"JD Vance\",\"kara sular\u0131\",\"K\u00fcba\",\"Marco Rubio\",\"sahil g\u00fcvenlik\",\"Silahl\u0131 \u00c7at\u0131\u015fma\"],\"articleSection\":[\"D\u00dcNYA\",\"G\u00dcNDEM\"],\"inLanguage\":\"tr\",\"potentialAction\":[{\"@type\":\"CommentAction\",\"name\":\"Comment\",\"target\":[\"https:\/\/epochtimestr.com\/index.php\/kuba-aciklarinda-silahli-catisma-4-olu#respond\"]}]},{\"@type\":\"WebPage\",\"@id\":\"https:\/\/epochtimestr.com\/index.php\/kuba-aciklarinda-silahli-catisma-4-olu\",\"url\":\"https:\/\/epochtimestr.com\/index.php\/kuba-aciklarinda-silahli-catisma-4-olu\",\"name\":\"K\u00fcba A\u00e7\u0131klar\u0131nda Silahl\u0131 \u00c7at\u0131\u015fma: 4 \u00d6l\u00fc - The Epoch Times TR\",\"isPartOf\":{\"@id\":\"https:\/\/epochtimestr.com\/#website\"},\"primaryImageOfPage\":{\"@id\":\"https:\/\/epochtimestr.com\/index.php\/kuba-aciklarinda-silahli-catisma-4-olu#primaryimage\"},\"image\":{\"@id\":\"https:\/\/epochtimestr.com\/index.php\/kuba-aciklarinda-silahli-catisma-4-olu#primaryimage\"},\"thumbnailUrl\":\"https:\/\/epochtimestr.com\/wp-content\/uploads\/2011y\/1000033769.webp\",\"datePublished\":\"2026-02-26T10:37:01+00:00\",\"dateModified\":\"2026-02-26T10:37:04+00:00\",\"description\":\"K\u00fcba a\u00e7\u0131klar\u0131nda ABD kay\u0131tl\u0131 tekneyle \u00e7\u0131kan silahl\u0131 \u00e7at\u0131\u015fmada 4 ki\u015fi \u00f6ld\u00fc, 6 ki\u015fi yaraland\u0131. Olayla ilgili soru\u015fturma s\u00fcr\u00fcyor.\",\"inLanguage\":\"tr\",\"potentialAction\":[{\"@type\":\"ReadAction\",\"target\":[\"https:\/\/epochtimestr.com\/index.php\/kuba-aciklarinda-silahli-catisma-4-olu\"]}]},{\"@type\":\"ImageObject\",\"inLanguage\":\"tr\",\"@id\":\"https:\/\/epochtimestr.com\/index.php\/kuba-aciklarinda-silahli-catisma-4-olu#primaryimage\",\"url\":\"https:\/\/epochtimestr.com\/wp-content\/uploads\/2011y\/1000033769.webp\",\"contentUrl\":\"https:\/\/epochtimestr.com\/wp-content\/uploads\/2011y\/1000033769.webp\",\"width\":1080,\"height\":720},{\"@type\":\"WebSite\",\"@id\":\"https:\/\/epochtimestr.com\/#website\",\"url\":\"https:\/\/epochtimestr.com\/\",\"name\":\"The Epoch Times TR\",\"description\":\"De\u011fi\u015fen D\u00fcnyam\u0131za Taze Bir Bak\u0131\u015f\",\"publisher\":{\"@id\":\"https:\/\/epochtimestr.com\/#organization\"},\"potentialAction\":[{\"@type\":\"SearchAction\",\"target\":{\"@type\":\"EntryPoint\",\"urlTemplate\":\"https:\/\/epochtimestr.com\/?s={search_term_string}\"},\"query-input\":\"required name=search_term_string\"}],\"inLanguage\":\"tr\"},{\"@type\":\"Organization\",\"@id\":\"https:\/\/epochtimestr.com\/#organization\",\"name\":\"The EpochTimes T\u00fcrkiye\",\"url\":\"https:\/\/epochtimestr.com\/\",\"logo\":{\"@type\":\"ImageObject\",\"inLanguage\":\"tr\",\"@id\":\"https:\/\/epochtimestr.com\/#\/schema\/logo\/image\/\",\"url\":\"https:\/\/epochtimestr.com\/wp-content\/uploads\/2011y\/ET-Logo-YG.jpg\",\"contentUrl\":\"https:\/\/epochtimestr.com\/wp-content\/uploads\/2011y\/ET-Logo-YG.jpg\",\"width\":346,\"height\":29,\"caption\":\"The EpochTimes T\u00fcrkiye\"},\"image\":{\"@id\":\"https:\/\/epochtimestr.com\/#\/schema\/logo\/image\/\"},\"sameAs\":[\"https:\/\/www.facebook.com\/theepochtimestr\",\"https:\/\/x.com\/TheEpochTimesTR\",\"https:\/\/www.instagram.com\/epochtimestr\"]},{\"@type\":\"Person\",\"@id\":\"https:\/\/epochtimestr.com\/#\/schema\/person\/5fef218711d76d8f232b0e1f1d7e4c0d\",\"name\":\"Leo Bajelan\",\"image\":{\"@type\":\"ImageObject\",\"inLanguage\":\"tr\",\"@id\":\"https:\/\/epochtimestr.com\/#\/schema\/person\/image\/\",\"url\":\"https:\/\/secure.gravatar.com\/avatar\/917669146f489549e548a2e9af272df5?s=96&d=mm&r=g\",\"contentUrl\":\"https:\/\/secure.gravatar.com\/avatar\/917669146f489549e548a2e9af272df5?s=96&d=mm&r=g\",\"caption\":\"Leo Bajelan\"},\"url\":\"https:\/\/epochtimestr.com\/index.php\/author\/leo\"}]}<\/script>\n<!-- \/ Yoast SEO plugin. -->","yoast_head_json":{"title":"K\u00fcba A\u00e7\u0131klar\u0131nda Silahl\u0131 \u00c7at\u0131\u015fma: 4 \u00d6l\u00fc - The Epoch Times TR","description":"K\u00fcba a\u00e7\u0131klar\u0131nda ABD kay\u0131tl\u0131 tekneyle \u00e7\u0131kan silahl\u0131 \u00e7at\u0131\u015fmada 4 ki\u015fi \u00f6ld\u00fc, 6 ki\u015fi yaraland\u0131. Olayla ilgili soru\u015fturma s\u00fcr\u00fcyor.","robots":{"index":"index","follow":"follow","max-snippet":"max-snippet:-1","max-image-preview":"max-image-preview:large","max-video-preview":"max-video-preview:-1"},"canonical":"https:\/\/epochtimestr.com\/index.php\/kuba-aciklarinda-silahli-catisma-4-olu","og_locale":"tr_TR","og_type":"article","og_title":"K\u00fcba A\u00e7\u0131klar\u0131nda Silahl\u0131 \u00c7at\u0131\u015fma: 4 \u00d6l\u00fc - The Epoch Times TR","og_description":"K\u00fcba a\u00e7\u0131klar\u0131nda ABD kay\u0131tl\u0131 tekneyle \u00e7\u0131kan silahl\u0131 \u00e7at\u0131\u015fmada 4 ki\u015fi \u00f6ld\u00fc, 6 ki\u015fi yaraland\u0131. Olayla ilgili soru\u015fturma s\u00fcr\u00fcyor.","og_url":"https:\/\/epochtimestr.com\/index.php\/kuba-aciklarinda-silahli-catisma-4-olu","og_site_name":"The Epoch Times TR","article_publisher":"https:\/\/www.facebook.com\/theepochtimestr","article_published_time":"2026-02-26T10:37:01+00:00","article_modified_time":"2026-02-26T10:37:04+00:00","og_image":[{"width":1080,"height":720,"url":"https:\/\/epochtimestr.com\/wp-content\/uploads\/2011y\/1000033769.webp","type":"image\/webp"}],"author":"Leo Bajelan","twitter_card":"summary_large_image","twitter_creator":"@TheEpochTimesTR","twitter_site":"@TheEpochTimesTR","twitter_misc":{"Yazan:":"Leo Bajelan","Tahmini okuma s\u00fcresi":"3 dakika"},"schema":{"@context":"https:\/\/schema.org","@graph":[{"@type":"Article","@id":"https:\/\/epochtimestr.com\/index.php\/kuba-aciklarinda-silahli-catisma-4-olu#article","isPartOf":{"@id":"https:\/\/epochtimestr.com\/index.php\/kuba-aciklarinda-silahli-catisma-4-olu"},"author":{"name":"Leo Bajelan","@id":"https:\/\/epochtimestr.com\/#\/schema\/person\/5fef218711d76d8f232b0e1f1d7e4c0d"},"headline":"K\u00fcba A\u00e7\u0131klar\u0131nda Silahl\u0131 \u00c7at\u0131\u015fma: 4 \u00d6l\u00fc","datePublished":"2026-02-26T10:37:01+00:00","dateModified":"2026-02-26T10:37:04+00:00","mainEntityOfPage":{"@id":"https:\/\/epochtimestr.com\/index.php\/kuba-aciklarinda-silahli-catisma-4-olu"},"wordCount":492,"commentCount":0,"publisher":{"@id":"https:\/\/epochtimestr.com\/#organization"},"image":{"@id":"https:\/\/epochtimestr.com\/index.php\/kuba-aciklarinda-silahli-catisma-4-olu#primaryimage"},"thumbnailUrl":"https:\/\/epochtimestr.com\/wp-content\/uploads\/2011y\/1000033769.webp","keywords":["Cayo Falcones","florida","G\u00fcney amerika","JD Vance","kara sular\u0131","K\u00fcba","Marco Rubio","sahil g\u00fcvenlik","Silahl\u0131 \u00c7at\u0131\u015fma"],"articleSection":["D\u00dcNYA","G\u00dcNDEM"],"inLanguage":"tr","potentialAction":[{"@type":"CommentAction","name":"Comment","target":["https:\/\/epochtimestr.com\/index.php\/kuba-aciklarinda-silahli-catisma-4-olu#respond"]}]},{"@type":"WebPage","@id":"https:\/\/epochtimestr.com\/index.php\/kuba-aciklarinda-silahli-catisma-4-olu","url":"https:\/\/epochtimestr.com\/index.php\/kuba-aciklarinda-silahli-catisma-4-olu","name":"K\u00fcba A\u00e7\u0131klar\u0131nda Silahl\u0131 \u00c7at\u0131\u015fma: 4 \u00d6l\u00fc - The Epoch Times TR","isPartOf":{"@id":"https:\/\/epochtimestr.com\/#website"},"primaryImageOfPage":{"@id":"https:\/\/epochtimestr.com\/index.php\/kuba-aciklarinda-silahli-catisma-4-olu#primaryimage"},"image":{"@id":"https:\/\/epochtimestr.com\/index.php\/kuba-aciklarinda-silahli-catisma-4-olu#primaryimage"},"thumbnailUrl":"https:\/\/epochtimestr.com\/wp-content\/uploads\/2011y\/1000033769.webp","datePublished":"2026-02-26T10:37:01+00:00","dateModified":"2026-02-26T10:37:04+00:00","description":"K\u00fcba a\u00e7\u0131klar\u0131nda ABD kay\u0131tl\u0131 tekneyle \u00e7\u0131kan silahl\u0131 \u00e7at\u0131\u015fmada 4 ki\u015fi \u00f6ld\u00fc, 6 ki\u015fi yaraland\u0131. Olayla ilgili soru\u015fturma s\u00fcr\u00fcyor.","inLanguage":"tr","potentialAction":[{"@type":"ReadAction","target":["https:\/\/epochtimestr.com\/index.php\/kuba-aciklarinda-silahli-catisma-4-olu"]}]},{"@type":"ImageObject","inLanguage":"tr","@id":"https:\/\/epochtimestr.com\/index.php\/kuba-aciklarinda-silahli-catisma-4-olu#primaryimage","url":"https:\/\/epochtimestr.com\/wp-content\/uploads\/2011y\/1000033769.webp","contentUrl":"https:\/\/epochtimestr.com\/wp-content\/uploads\/2011y\/1000033769.webp","width":1080,"height":720},{"@type":"WebSite","@id":"https:\/\/epochtimestr.com\/#website","url":"https:\/\/epochtimestr.com\/","name":"The Epoch Times TR","description":"De\u011fi\u015fen D\u00fcnyam\u0131za Taze Bir Bak\u0131\u015f","publisher":{"@id":"https:\/\/epochtimestr.com\/#organization"},"potentialAction":[{"@type":"SearchAction","target":{"@type":"EntryPoint","urlTemplate":"https:\/\/epochtimestr.com\/?s={search_term_string}"},"query-input":"required name=search_term_string"}],"inLanguage":"tr"},{"@type":"Organization","@id":"https:\/\/epochtimestr.com\/#organization","name":"The EpochTimes T\u00fcrkiye","url":"https:\/\/epochtimestr.com\/","logo":{"@type":"ImageObject","inLanguage":"tr","@id":"https:\/\/epochtimestr.com\/#\/schema\/logo\/image\/","url":"https:\/\/epochtimestr.com\/wp-content\/uploads\/2011y\/ET-Logo-YG.jpg","contentUrl":"https:\/\/epochtimestr.com\/wp-content\/uploads\/2011y\/ET-Logo-YG.jpg","width":346,"height":29,"caption":"The EpochTimes T\u00fcrkiye"},"image":{"@id":"https:\/\/epochtimestr.com\/#\/schema\/logo\/image\/"},"sameAs":["https:\/\/www.facebook.com\/theepochtimestr","https:\/\/x.com\/TheEpochTimesTR","https:\/\/www.instagram.com\/epochtimestr"]},{"@type":"Person","@id":"https:\/\/epochtimestr.com\/#\/schema\/person\/5fef218711d76d8f232b0e1f1d7e4c0d","name":"Leo Bajelan","image":{"@type":"ImageObject","inLanguage":"tr","@id":"https:\/\/epochtimestr.com\/#\/schema\/person\/image\/","url":"https:\/\/secure.gravatar.com\/avatar\/917669146f489549e548a2e9af272df5?s=96&d=mm&r=g","contentUrl":"https:\/\/secure.gravatar.com\/avatar\/917669146f489549e548a2e9af272df5?s=96&d=mm&r=g","caption":"Leo Bajelan"},"url":"https:\/\/epochtimestr.com\/index.php\/author\/leo"}]}},"_links":{"self":[{"href":"https:\/\/epochtimestr.com\/index.php\/wp-json\/wp\/v2\/posts\/165962"}],"collection":[{"href":"https:\/\/epochtimestr.com\/index.php\/wp-json\/wp\/v2\/posts"}],"about":[{"href":"https:\/\/epochtimestr.com\/index.php\/wp-json\/wp\/v2\/types\/post"}],"author":[{"embeddable":true,"href":"https:\/\/epochtimestr.com\/index.php\/wp-json\/wp\/v2\/users\/13996"}],"replies":[{"embeddable":true,"href":"https:\/\/epochtimestr.com\/index.php\/wp-json\/wp\/v2\/comments?post=165962"}],"version-history":[{"count":2,"href":"https:\/\/epochtimestr.com\/index.php\/wp-json\/wp\/v2\/posts\/165962\/revisions"}],"predecessor-version":[{"id":165968,"href":"https:\/\/epochtimestr.com\/index.php\/wp-json\/wp\/v2\/posts\/165962\/revisions\/165968"}],"wp:featuredmedia":[{"embeddable":true,"href":"https:\/\/epochtimestr.com\/index.php\/wp-json\/wp\/v2\/media\/165963"}],"wp:attachment":[{"href":"https:\/\/epochtimestr.com\/index.php\/wp-json\/wp\/v2\/media?parent=165962"}],"wp:term":[{"taxonomy":"category","embeddable":true,"href":"https:\/\/epochtimestr.com\/index.php\/wp-json\/wp\/v2\/categories?post=165962"},{"taxonomy":"post_tag","embeddable":true,"href":"https:\/\/epochtimestr.com\/index.php\/wp-json\/wp\/v2\/tags?post=165962"}],"curies":[{"name":"wp","href":"https:\/\/api.w.org\/{rel}","templated":true}]}}