{"id":165982,"date":"2026-02-27T12:48:55","date_gmt":"2026-02-27T09:48:55","guid":{"rendered":"https:\/\/epochtimestr.com\/?p=165982"},"modified":"2026-02-27T12:48:58","modified_gmt":"2026-02-27T09:48:58","slug":"abd-ve-ukrayna-savas-sonrasi-yeniden-insa-konusunu-gorustu","status":"publish","type":"post","link":"https:\/\/epochtimestr.com\/index.php\/abd-ve-ukrayna-savas-sonrasi-yeniden-insa-konusunu-gorustu","title":{"rendered":"ABD ve Ukrayna Sava\u015f Sonras\u0131 Yeniden \u0130n\u015fa Konusunu G\u00f6r\u00fc\u015ft\u00fc"},"content":{"rendered":"<div class=\"wp-block-image\">\n<figure class=\"aligncenter size-full\"><img loading=\"lazy\" decoding=\"async\" width=\"1080\" height=\"720\" src=\"https:\/\/epochtimestr.com\/wp-content\/uploads\/2011y\/1000033852.webp\" alt=\"ABD ve Ukrayna, sava\u015f sonras\u0131 yeniden in\u015fa i\u00e7in Cenevre\u2019de bir araya geldi. G\u00f6r\u00fc\u015fmelerin g\u00fcndeminde yeni yat\u0131r\u0131mlar ve insani yard\u0131m planlar\u0131 yer al\u0131yor. \u0130tfaiyeciler, Rus sald\u0131r\u0131s\u0131n\u0131n ard\u0131ndan \u00e7\u0131kan yang\u0131nlar\u0131 s\u00f6nd\u00fcrmeye \u00e7al\u0131\u015f\u0131yor. 3 \u015eubat 2026, Harkiv, Ukrayna. (Foto\u011fraf: The Epoch Times arac\u0131l\u0131\u011f\u0131yla, Sergey Bobok, AFP - Getty Images)\" class=\"wp-image-165983\" srcset=\"https:\/\/epochtimestr.com\/wp-content\/uploads\/2011y\/1000033852.webp 1080w, https:\/\/epochtimestr.com\/wp-content\/uploads\/2011y\/1000033852-300x200.webp 300w, https:\/\/epochtimestr.com\/wp-content\/uploads\/2011y\/1000033852-150x100.webp 150w, https:\/\/epochtimestr.com\/wp-content\/uploads\/2011y\/1000033852-768x512.webp 768w\" sizes=\"(max-width: 1080px) 100vw, 1080px\" \/><figcaption class=\"wp-element-caption\">ABD ve Ukrayna, sava\u015f sonras\u0131 yeniden in\u015fa i\u00e7in Cenevre\u2019de bir araya geldi. G\u00f6r\u00fc\u015fmelerin g\u00fcndeminde yeni yat\u0131r\u0131mlar ve insani yard\u0131m planlar\u0131 yer al\u0131yor. \u0130tfaiyeciler, Rus sald\u0131r\u0131s\u0131n\u0131n ard\u0131ndan \u00e7\u0131kan yang\u0131nlar\u0131 s\u00f6nd\u00fcrmeye \u00e7al\u0131\u015f\u0131yor. 3 \u015eubat 2026, Harkiv, Ukrayna. (Foto\u011fraf: The Epoch Times arac\u0131l\u0131\u011f\u0131yla, Sergey Bobok, AFP &#8211; Getty Images)<\/figcaption><\/figure><\/div>\n\n\n<p>Rusya-Ukrayna Sava\u015f\u0131 kapsam\u0131nda diplomasi ve yeniden in\u015fa s\u00fcreci h\u0131zlan\u0131yor. ABD ve Ukrayna heyetleri, <a href=\"https:\/\/www.theepochtimes.com\/world\/us-ukraine-discuss-post-war-reconstruction-in-geneva-5991200\" target=\"_blank\" rel=\"noreferrer noopener\">26 \u015eubat\u2019ta<\/a> Cenevre\u2019de bir araya gelerek sava\u015f sonras\u0131 toparlanma planlar\u0131n\u0131 masaya yat\u0131rd\u0131. D\u00f6rt y\u0131l\u0131 geride b\u0131rakan sava\u015f\u0131n ard\u0131ndan Kiev y\u00f6netimi, \u00fclkenin yeniden aya\u011fa kald\u0131r\u0131lmas\u0131 i\u00e7in kapsaml\u0131 bir ekonomik d\u00f6n\u00fc\u015f\u00fcm program\u0131 hedefliyor.<\/p>\n\n\n\n<p>Toplant\u0131da ABD ad\u0131na \u00f6zel temsilci Steve Witkoff ile Ba\u015fkan Donald Trump\u2019\u0131n damad\u0131 Jared Kushner yer ald\u0131. Ukrayna heyetine ise Ulusal G\u00fcvenlik ve Savunma Konseyi Sekreteri R\u00fcstem Umerov ba\u015fkanl\u0131k etti. G\u00f6r\u00fc\u015fmelerde, Ukrayna\u2019n\u0131n ekonomik kalk\u0131nma paketi, yabanc\u0131 yat\u0131r\u0131m\u0131n te\u015fviki ve uzun vadeli uluslararas\u0131 i\u015f birli\u011fi mekanizmalar\u0131 ele al\u0131nd\u0131.<\/p>\n\n\n\n<p>Ukrayna, \u00f6n\u00fcm\u00fczdeki 10 y\u0131lda yakla\u015f\u0131k 800 milyar dolarl\u0131k kamu ve \u00f6zel yat\u0131r\u0131m\u0131 \u00fclkeye \u00e7ekmek istiyor. A\u00e7\u0131klanan strateji yaln\u0131zca y\u0131k\u0131lan altyap\u0131n\u0131n onar\u0131m\u0131ndan olu\u015fmuyor. Ayn\u0131 zamanda ekonomik modernizasyonu ve <a href=\"https:\/\/epochtimestr.com\/index.php\/nato-cin-ve-rusyanin-tehditlerine-karsi-tatbikat-baslatti\" target=\"_blank\" rel=\"noreferrer noopener\">Avrupa<\/a> ile entegrasyonu da kaps\u0131yor. Ukrayna Ekonomi Bakanl\u0131\u011f\u0131, plan\u0131n \u00fclkeyi rekabet\u00e7i ve savunma kapasitesi y\u00fcksek bir yap\u0131ya kavu\u015fturmay\u0131 ama\u00e7lad\u0131\u011f\u0131n\u0131 belirtiyor.<\/p>\n\n\n\n<h3 class=\"wp-block-heading\">Rusya Sivil Hedefleri Kasten Vurdu\u011funu Reddediyor<\/h3>\n\n\n\n<p>Zelenski ise son a\u00e7\u0131klamas\u0131nda Rusya\u2019n\u0131n enerji altyap\u0131s\u0131na y\u00f6nelik yo\u011fun hava sald\u0131r\u0131lar\u0131 d\u00fczenledi\u011fini duyurdu. \u00dclkenin bir\u00e7ok b\u00f6lgesinde enerji tesisleri, konutlar ve sivil yap\u0131lar zarar g\u00f6rd\u00fc. Kiev y\u00f6netimi, \u00f6zellikle k\u0131\u015f aylar\u0131nda artan sald\u0131r\u0131lar\u0131n enerji \u015febekesini ciddi bi\u00e7imde y\u0131pratt\u0131\u011f\u0131n\u0131 ifade ediyor.<\/p>\n\n\n\n<p>\u00d6te yandan Moskova y\u00f6netimi, sivil hedeflerin kas\u0131tl\u0131 olarak vuruldu\u011fu iddialar\u0131n\u0131 reddediyor. Rus yetkililer, sald\u0131r\u0131lar\u0131n Ukrayna\u2019n\u0131n askeri ve savunma sanayi altyap\u0131s\u0131na y\u00f6nelik oldu\u011funu iddia ediyor.<\/p>\n\n\n\n<p>Cenevre\u2019deki temaslarda ayr\u0131ca Rusya\u2019n\u0131n da dahil olaca\u011f\u0131 \u00fc\u00e7l\u00fc m\u00fczakere haz\u0131rl\u0131klar\u0131 ve insani konular g\u00fcndeme geldi. Esir takas\u0131 ve sivillerin geri d\u00f6n\u00fc\u015f\u00fc gibi ba\u015fl\u0131klar\u0131n \u00f6n\u00fcm\u00fczdeki s\u00fcre\u00e7te diplomatik trafi\u011fin merkezinde olmas\u0131 bekleniyor.<\/p>\n\n\n\n<p>Sava\u015f sonras\u0131 yeniden yap\u0131lanma, Avrupa g\u00fcvenli\u011fi ve k\u00fcresel ekonomi a\u00e7\u0131s\u0131ndan da kritik \u00f6nem ta\u015f\u0131yor. ABD-Ukrayna g\u00f6r\u00fc\u015fmeleri, bar\u0131\u015f sonras\u0131 d\u00f6nemin ekonomik ve siyasi \u00e7er\u00e7evesini \u015fekillendirecek \u00f6nemli ad\u0131mlardan biri olarak de\u011ferlendiriliyor.<\/p>\n","protected":false},"excerpt":{"rendered":"<p>Rusya-Ukrayna Sava\u015f\u0131 kapsam\u0131nda diplomasi ve yeniden in\u015fa s\u00fcreci h\u0131zlan\u0131yor. ABD ve Ukrayna heyetleri, 26 \u015eubat\u2019ta Cenevre\u2019de bir araya gelerek sava\u015f sonras\u0131 toparlanma planlar\u0131n\u0131 masaya yat\u0131rd\u0131. D\u00f6rt y\u0131l\u0131 geride b\u0131rakan sava\u015f\u0131n ard\u0131ndan Kiev y\u00f6netimi, \u00fclkenin yeniden aya\u011fa kald\u0131r\u0131lmas\u0131 i\u00e7in kapsaml\u0131 bir ekonomik d\u00f6n\u00fc\u015f\u00fcm program\u0131 hedefliyor. Toplant\u0131da ABD ad\u0131na \u00f6zel temsilci Steve Witkoff ile Ba\u015fkan Donald Trump\u2019\u0131n [&hellip;]<\/p>\n","protected":false},"author":13996,"featured_media":165983,"comment_status":"open","ping_status":"open","sticky":false,"template":"","format":"standard","meta":{"_yoast_wpseo_focuskw":"ABD - Ukrayna","_yoast_wpseo_title":"","_yoast_wpseo_metadesc":"ABD ve Ukrayna, sava\u015f sonras\u0131 yeniden in\u015fa i\u00e7in Cenevre\u2019de bir araya geldi; yat\u0131r\u0131m ve insani yard\u0131m planlar\u0131 masada.","_bbp_topic_count":0,"_bbp_reply_count":0,"_bbp_total_topic_count":0,"_bbp_total_reply_count":0,"_bbp_voice_count":0,"_bbp_anonymous_reply_count":0,"_bbp_topic_count_hidden":0,"_bbp_reply_count_hidden":0,"_bbp_forum_subforum_count":0,"footnotes":"","_yoast_wpseo_focuskw_text_input":""},"categories":[5,1,8138],"tags":[1652,407,8570,10899,10597,10896,9269,10898,8766,10897],"yoast_head":"<!-- This site is optimized with the Yoast SEO plugin v23.0 - https:\/\/yoast.com\/wordpress\/plugins\/seo\/ -->\n<title>ABD ve Ukrayna Sava\u015f Sonras\u0131 Yeniden \u0130n\u015fa Konusunu G\u00f6r\u00fc\u015ft\u00fc - The Epoch Times TR<\/title>\n<meta name=\"description\" content=\"ABD ve Ukrayna, sava\u015f sonras\u0131 yeniden in\u015fa i\u00e7in Cenevre\u2019de bir araya geldi; yat\u0131r\u0131m ve insani yard\u0131m planlar\u0131 masada.\" \/>\n<meta name=\"robots\" content=\"index, follow, max-snippet:-1, max-image-preview:large, max-video-preview:-1\" \/>\n<link rel=\"canonical\" href=\"https:\/\/epochtimestr.com\/index.php\/abd-ve-ukrayna-savas-sonrasi-yeniden-insa-konusunu-gorustu\" \/>\n<meta property=\"og:locale\" content=\"tr_TR\" \/>\n<meta property=\"og:type\" content=\"article\" \/>\n<meta property=\"og:title\" content=\"ABD ve Ukrayna Sava\u015f Sonras\u0131 Yeniden \u0130n\u015fa Konusunu G\u00f6r\u00fc\u015ft\u00fc - The Epoch Times TR\" \/>\n<meta property=\"og:description\" content=\"ABD ve Ukrayna, sava\u015f sonras\u0131 yeniden in\u015fa i\u00e7in Cenevre\u2019de bir araya geldi; yat\u0131r\u0131m ve insani yard\u0131m planlar\u0131 masada.\" \/>\n<meta property=\"og:url\" content=\"https:\/\/epochtimestr.com\/index.php\/abd-ve-ukrayna-savas-sonrasi-yeniden-insa-konusunu-gorustu\" \/>\n<meta property=\"og:site_name\" content=\"The Epoch Times TR\" \/>\n<meta property=\"article:publisher\" content=\"https:\/\/www.facebook.com\/theepochtimestr\" \/>\n<meta property=\"article:published_time\" content=\"2026-02-27T09:48:55+00:00\" \/>\n<meta property=\"article:modified_time\" content=\"2026-02-27T09:48:58+00:00\" \/>\n<meta property=\"og:image\" content=\"https:\/\/epochtimestr.com\/wp-content\/uploads\/2011y\/1000033852.webp\" \/>\n\t<meta property=\"og:image:width\" content=\"1080\" \/>\n\t<meta property=\"og:image:height\" content=\"720\" \/>\n\t<meta property=\"og:image:type\" content=\"image\/webp\" \/>\n<meta name=\"author\" content=\"Leo Bajelan\" \/>\n<meta name=\"twitter:card\" content=\"summary_large_image\" \/>\n<meta name=\"twitter:creator\" content=\"@TheEpochTimesTR\" \/>\n<meta name=\"twitter:site\" content=\"@TheEpochTimesTR\" \/>\n<meta name=\"twitter:label1\" content=\"Yazan:\" \/>\n\t<meta name=\"twitter:data1\" content=\"Leo Bajelan\" \/>\n\t<meta name=\"twitter:label2\" content=\"Tahmini okuma s\u00fcresi\" \/>\n\t<meta name=\"twitter:data2\" content=\"3 dakika\" \/>\n<script type=\"application\/ld+json\" class=\"yoast-schema-graph\">{\"@context\":\"https:\/\/schema.org\",\"@graph\":[{\"@type\":\"Article\",\"@id\":\"https:\/\/epochtimestr.com\/index.php\/abd-ve-ukrayna-savas-sonrasi-yeniden-insa-konusunu-gorustu#article\",\"isPartOf\":{\"@id\":\"https:\/\/epochtimestr.com\/index.php\/abd-ve-ukrayna-savas-sonrasi-yeniden-insa-konusunu-gorustu\"},\"author\":{\"name\":\"Leo Bajelan\",\"@id\":\"https:\/\/epochtimestr.com\/#\/schema\/person\/5fef218711d76d8f232b0e1f1d7e4c0d\"},\"headline\":\"ABD ve Ukrayna Sava\u015f Sonras\u0131 Yeniden \u0130n\u015fa Konusunu G\u00f6r\u00fc\u015ft\u00fc\",\"datePublished\":\"2026-02-27T09:48:55+00:00\",\"dateModified\":\"2026-02-27T09:48:58+00:00\",\"mainEntityOfPage\":{\"@id\":\"https:\/\/epochtimestr.com\/index.php\/abd-ve-ukrayna-savas-sonrasi-yeniden-insa-konusunu-gorustu\"},\"wordCount\":471,\"commentCount\":0,\"publisher\":{\"@id\":\"https:\/\/epochtimestr.com\/#organization\"},\"image\":{\"@id\":\"https:\/\/epochtimestr.com\/index.php\/abd-ve-ukrayna-savas-sonrasi-yeniden-insa-konusunu-gorustu#primaryimage\"},\"thumbnailUrl\":\"https:\/\/epochtimestr.com\/wp-content\/uploads\/2011y\/1000033852.webp\",\"keywords\":[\"AB\",\"ABD\",\"ABD ve Ukrayna\",\"ekonomik modernizasyon\",\"Jared Kushner\",\"sava\u015f sonras\u0131\",\"Steve Witkoff\",\"toparlanma\",\"Ukrayna Rusya Sava\u015f\u0131\",\"yeniden in\u015fa\"],\"articleSection\":[\"D\u00dcNYA\",\"G\u00dcNDEM\",\"Man\u015fet\"],\"inLanguage\":\"tr\",\"potentialAction\":[{\"@type\":\"CommentAction\",\"name\":\"Comment\",\"target\":[\"https:\/\/epochtimestr.com\/index.php\/abd-ve-ukrayna-savas-sonrasi-yeniden-insa-konusunu-gorustu#respond\"]}]},{\"@type\":\"WebPage\",\"@id\":\"https:\/\/epochtimestr.com\/index.php\/abd-ve-ukrayna-savas-sonrasi-yeniden-insa-konusunu-gorustu\",\"url\":\"https:\/\/epochtimestr.com\/index.php\/abd-ve-ukrayna-savas-sonrasi-yeniden-insa-konusunu-gorustu\",\"name\":\"ABD ve Ukrayna Sava\u015f Sonras\u0131 Yeniden \u0130n\u015fa Konusunu G\u00f6r\u00fc\u015ft\u00fc - The Epoch Times TR\",\"isPartOf\":{\"@id\":\"https:\/\/epochtimestr.com\/#website\"},\"primaryImageOfPage\":{\"@id\":\"https:\/\/epochtimestr.com\/index.php\/abd-ve-ukrayna-savas-sonrasi-yeniden-insa-konusunu-gorustu#primaryimage\"},\"image\":{\"@id\":\"https:\/\/epochtimestr.com\/index.php\/abd-ve-ukrayna-savas-sonrasi-yeniden-insa-konusunu-gorustu#primaryimage\"},\"thumbnailUrl\":\"https:\/\/epochtimestr.com\/wp-content\/uploads\/2011y\/1000033852.webp\",\"datePublished\":\"2026-02-27T09:48:55+00:00\",\"dateModified\":\"2026-02-27T09:48:58+00:00\",\"description\":\"ABD ve Ukrayna, sava\u015f sonras\u0131 yeniden in\u015fa i\u00e7in Cenevre\u2019de bir araya geldi; yat\u0131r\u0131m ve insani yard\u0131m planlar\u0131 masada.\",\"inLanguage\":\"tr\",\"potentialAction\":[{\"@type\":\"ReadAction\",\"target\":[\"https:\/\/epochtimestr.com\/index.php\/abd-ve-ukrayna-savas-sonrasi-yeniden-insa-konusunu-gorustu\"]}]},{\"@type\":\"ImageObject\",\"inLanguage\":\"tr\",\"@id\":\"https:\/\/epochtimestr.com\/index.php\/abd-ve-ukrayna-savas-sonrasi-yeniden-insa-konusunu-gorustu#primaryimage\",\"url\":\"https:\/\/epochtimestr.com\/wp-content\/uploads\/2011y\/1000033852.webp\",\"contentUrl\":\"https:\/\/epochtimestr.com\/wp-content\/uploads\/2011y\/1000033852.webp\",\"width\":1080,\"height\":720},{\"@type\":\"WebSite\",\"@id\":\"https:\/\/epochtimestr.com\/#website\",\"url\":\"https:\/\/epochtimestr.com\/\",\"name\":\"The Epoch Times TR\",\"description\":\"De\u011fi\u015fen D\u00fcnyam\u0131za Taze Bir Bak\u0131\u015f\",\"publisher\":{\"@id\":\"https:\/\/epochtimestr.com\/#organization\"},\"potentialAction\":[{\"@type\":\"SearchAction\",\"target\":{\"@type\":\"EntryPoint\",\"urlTemplate\":\"https:\/\/epochtimestr.com\/?s={search_term_string}\"},\"query-input\":\"required name=search_term_string\"}],\"inLanguage\":\"tr\"},{\"@type\":\"Organization\",\"@id\":\"https:\/\/epochtimestr.com\/#organization\",\"name\":\"The EpochTimes T\u00fcrkiye\",\"url\":\"https:\/\/epochtimestr.com\/\",\"logo\":{\"@type\":\"ImageObject\",\"inLanguage\":\"tr\",\"@id\":\"https:\/\/epochtimestr.com\/#\/schema\/logo\/image\/\",\"url\":\"https:\/\/epochtimestr.com\/wp-content\/uploads\/2011y\/ET-Logo-YG.jpg\",\"contentUrl\":\"https:\/\/epochtimestr.com\/wp-content\/uploads\/2011y\/ET-Logo-YG.jpg\",\"width\":346,\"height\":29,\"caption\":\"The EpochTimes T\u00fcrkiye\"},\"image\":{\"@id\":\"https:\/\/epochtimestr.com\/#\/schema\/logo\/image\/\"},\"sameAs\":[\"https:\/\/www.facebook.com\/theepochtimestr\",\"https:\/\/x.com\/TheEpochTimesTR\",\"https:\/\/www.instagram.com\/epochtimestr\"]},{\"@type\":\"Person\",\"@id\":\"https:\/\/epochtimestr.com\/#\/schema\/person\/5fef218711d76d8f232b0e1f1d7e4c0d\",\"name\":\"Leo Bajelan\",\"image\":{\"@type\":\"ImageObject\",\"inLanguage\":\"tr\",\"@id\":\"https:\/\/epochtimestr.com\/#\/schema\/person\/image\/\",\"url\":\"https:\/\/secure.gravatar.com\/avatar\/917669146f489549e548a2e9af272df5?s=96&d=mm&r=g\",\"contentUrl\":\"https:\/\/secure.gravatar.com\/avatar\/917669146f489549e548a2e9af272df5?s=96&d=mm&r=g\",\"caption\":\"Leo Bajelan\"},\"url\":\"https:\/\/epochtimestr.com\/index.php\/author\/leo\"}]}<\/script>\n<!-- \/ Yoast SEO plugin. -->","yoast_head_json":{"title":"ABD ve Ukrayna Sava\u015f Sonras\u0131 Yeniden \u0130n\u015fa Konusunu G\u00f6r\u00fc\u015ft\u00fc - The Epoch Times TR","description":"ABD ve Ukrayna, sava\u015f sonras\u0131 yeniden in\u015fa i\u00e7in Cenevre\u2019de bir araya geldi; yat\u0131r\u0131m ve insani yard\u0131m planlar\u0131 masada.","robots":{"index":"index","follow":"follow","max-snippet":"max-snippet:-1","max-image-preview":"max-image-preview:large","max-video-preview":"max-video-preview:-1"},"canonical":"https:\/\/epochtimestr.com\/index.php\/abd-ve-ukrayna-savas-sonrasi-yeniden-insa-konusunu-gorustu","og_locale":"tr_TR","og_type":"article","og_title":"ABD ve Ukrayna Sava\u015f Sonras\u0131 Yeniden \u0130n\u015fa Konusunu G\u00f6r\u00fc\u015ft\u00fc - The Epoch Times TR","og_description":"ABD ve Ukrayna, sava\u015f sonras\u0131 yeniden in\u015fa i\u00e7in Cenevre\u2019de bir araya geldi; yat\u0131r\u0131m ve insani yard\u0131m planlar\u0131 masada.","og_url":"https:\/\/epochtimestr.com\/index.php\/abd-ve-ukrayna-savas-sonrasi-yeniden-insa-konusunu-gorustu","og_site_name":"The Epoch Times TR","article_publisher":"https:\/\/www.facebook.com\/theepochtimestr","article_published_time":"2026-02-27T09:48:55+00:00","article_modified_time":"2026-02-27T09:48:58+00:00","og_image":[{"width":1080,"height":720,"url":"https:\/\/epochtimestr.com\/wp-content\/uploads\/2011y\/1000033852.webp","type":"image\/webp"}],"author":"Leo Bajelan","twitter_card":"summary_large_image","twitter_creator":"@TheEpochTimesTR","twitter_site":"@TheEpochTimesTR","twitter_misc":{"Yazan:":"Leo Bajelan","Tahmini okuma s\u00fcresi":"3 dakika"},"schema":{"@context":"https:\/\/schema.org","@graph":[{"@type":"Article","@id":"https:\/\/epochtimestr.com\/index.php\/abd-ve-ukrayna-savas-sonrasi-yeniden-insa-konusunu-gorustu#article","isPartOf":{"@id":"https:\/\/epochtimestr.com\/index.php\/abd-ve-ukrayna-savas-sonrasi-yeniden-insa-konusunu-gorustu"},"author":{"name":"Leo Bajelan","@id":"https:\/\/epochtimestr.com\/#\/schema\/person\/5fef218711d76d8f232b0e1f1d7e4c0d"},"headline":"ABD ve Ukrayna Sava\u015f Sonras\u0131 Yeniden \u0130n\u015fa Konusunu G\u00f6r\u00fc\u015ft\u00fc","datePublished":"2026-02-27T09:48:55+00:00","dateModified":"2026-02-27T09:48:58+00:00","mainEntityOfPage":{"@id":"https:\/\/epochtimestr.com\/index.php\/abd-ve-ukrayna-savas-sonrasi-yeniden-insa-konusunu-gorustu"},"wordCount":471,"commentCount":0,"publisher":{"@id":"https:\/\/epochtimestr.com\/#organization"},"image":{"@id":"https:\/\/epochtimestr.com\/index.php\/abd-ve-ukrayna-savas-sonrasi-yeniden-insa-konusunu-gorustu#primaryimage"},"thumbnailUrl":"https:\/\/epochtimestr.com\/wp-content\/uploads\/2011y\/1000033852.webp","keywords":["AB","ABD","ABD ve Ukrayna","ekonomik modernizasyon","Jared Kushner","sava\u015f sonras\u0131","Steve Witkoff","toparlanma","Ukrayna Rusya Sava\u015f\u0131","yeniden in\u015fa"],"articleSection":["D\u00dcNYA","G\u00dcNDEM","Man\u015fet"],"inLanguage":"tr","potentialAction":[{"@type":"CommentAction","name":"Comment","target":["https:\/\/epochtimestr.com\/index.php\/abd-ve-ukrayna-savas-sonrasi-yeniden-insa-konusunu-gorustu#respond"]}]},{"@type":"WebPage","@id":"https:\/\/epochtimestr.com\/index.php\/abd-ve-ukrayna-savas-sonrasi-yeniden-insa-konusunu-gorustu","url":"https:\/\/epochtimestr.com\/index.php\/abd-ve-ukrayna-savas-sonrasi-yeniden-insa-konusunu-gorustu","name":"ABD ve Ukrayna Sava\u015f Sonras\u0131 Yeniden \u0130n\u015fa Konusunu G\u00f6r\u00fc\u015ft\u00fc - The Epoch Times TR","isPartOf":{"@id":"https:\/\/epochtimestr.com\/#website"},"primaryImageOfPage":{"@id":"https:\/\/epochtimestr.com\/index.php\/abd-ve-ukrayna-savas-sonrasi-yeniden-insa-konusunu-gorustu#primaryimage"},"image":{"@id":"https:\/\/epochtimestr.com\/index.php\/abd-ve-ukrayna-savas-sonrasi-yeniden-insa-konusunu-gorustu#primaryimage"},"thumbnailUrl":"https:\/\/epochtimestr.com\/wp-content\/uploads\/2011y\/1000033852.webp","datePublished":"2026-02-27T09:48:55+00:00","dateModified":"2026-02-27T09:48:58+00:00","description":"ABD ve Ukrayna, sava\u015f sonras\u0131 yeniden in\u015fa i\u00e7in Cenevre\u2019de bir araya geldi; yat\u0131r\u0131m ve insani yard\u0131m planlar\u0131 masada.","inLanguage":"tr","potentialAction":[{"@type":"ReadAction","target":["https:\/\/epochtimestr.com\/index.php\/abd-ve-ukrayna-savas-sonrasi-yeniden-insa-konusunu-gorustu"]}]},{"@type":"ImageObject","inLanguage":"tr","@id":"https:\/\/epochtimestr.com\/index.php\/abd-ve-ukrayna-savas-sonrasi-yeniden-insa-konusunu-gorustu#primaryimage","url":"https:\/\/epochtimestr.com\/wp-content\/uploads\/2011y\/1000033852.webp","contentUrl":"https:\/\/epochtimestr.com\/wp-content\/uploads\/2011y\/1000033852.webp","width":1080,"height":720},{"@type":"WebSite","@id":"https:\/\/epochtimestr.com\/#website","url":"https:\/\/epochtimestr.com\/","name":"The Epoch Times TR","description":"De\u011fi\u015fen D\u00fcnyam\u0131za Taze Bir Bak\u0131\u015f","publisher":{"@id":"https:\/\/epochtimestr.com\/#organization"},"potentialAction":[{"@type":"SearchAction","target":{"@type":"EntryPoint","urlTemplate":"https:\/\/epochtimestr.com\/?s={search_term_string}"},"query-input":"required name=search_term_string"}],"inLanguage":"tr"},{"@type":"Organization","@id":"https:\/\/epochtimestr.com\/#organization","name":"The EpochTimes T\u00fcrkiye","url":"https:\/\/epochtimestr.com\/","logo":{"@type":"ImageObject","inLanguage":"tr","@id":"https:\/\/epochtimestr.com\/#\/schema\/logo\/image\/","url":"https:\/\/epochtimestr.com\/wp-content\/uploads\/2011y\/ET-Logo-YG.jpg","contentUrl":"https:\/\/epochtimestr.com\/wp-content\/uploads\/2011y\/ET-Logo-YG.jpg","width":346,"height":29,"caption":"The EpochTimes T\u00fcrkiye"},"image":{"@id":"https:\/\/epochtimestr.com\/#\/schema\/logo\/image\/"},"sameAs":["https:\/\/www.facebook.com\/theepochtimestr","https:\/\/x.com\/TheEpochTimesTR","https:\/\/www.instagram.com\/epochtimestr"]},{"@type":"Person","@id":"https:\/\/epochtimestr.com\/#\/schema\/person\/5fef218711d76d8f232b0e1f1d7e4c0d","name":"Leo Bajelan","image":{"@type":"ImageObject","inLanguage":"tr","@id":"https:\/\/epochtimestr.com\/#\/schema\/person\/image\/","url":"https:\/\/secure.gravatar.com\/avatar\/917669146f489549e548a2e9af272df5?s=96&d=mm&r=g","contentUrl":"https:\/\/secure.gravatar.com\/avatar\/917669146f489549e548a2e9af272df5?s=96&d=mm&r=g","caption":"Leo Bajelan"},"url":"https:\/\/epochtimestr.com\/index.php\/author\/leo"}]}},"_links":{"self":[{"href":"https:\/\/epochtimestr.com\/index.php\/wp-json\/wp\/v2\/posts\/165982"}],"collection":[{"href":"https:\/\/epochtimestr.com\/index.php\/wp-json\/wp\/v2\/posts"}],"about":[{"href":"https:\/\/epochtimestr.com\/index.php\/wp-json\/wp\/v2\/types\/post"}],"author":[{"embeddable":true,"href":"https:\/\/epochtimestr.com\/index.php\/wp-json\/wp\/v2\/users\/13996"}],"replies":[{"embeddable":true,"href":"https:\/\/epochtimestr.com\/index.php\/wp-json\/wp\/v2\/comments?post=165982"}],"version-history":[{"count":2,"href":"https:\/\/epochtimestr.com\/index.php\/wp-json\/wp\/v2\/posts\/165982\/revisions"}],"predecessor-version":[{"id":165991,"href":"https:\/\/epochtimestr.com\/index.php\/wp-json\/wp\/v2\/posts\/165982\/revisions\/165991"}],"wp:featuredmedia":[{"embeddable":true,"href":"https:\/\/epochtimestr.com\/index.php\/wp-json\/wp\/v2\/media\/165983"}],"wp:attachment":[{"href":"https:\/\/epochtimestr.com\/index.php\/wp-json\/wp\/v2\/media?parent=165982"}],"wp:term":[{"taxonomy":"category","embeddable":true,"href":"https:\/\/epochtimestr.com\/index.php\/wp-json\/wp\/v2\/categories?post=165982"},{"taxonomy":"post_tag","embeddable":true,"href":"https:\/\/epochtimestr.com\/index.php\/wp-json\/wp\/v2\/tags?post=165982"}],"curies":[{"name":"wp","href":"https:\/\/api.w.org\/{rel}","templated":true}]}}