{"id":165992,"date":"2026-02-28T08:33:02","date_gmt":"2026-02-28T05:33:02","guid":{"rendered":"https:\/\/epochtimestr.com\/?p=165992"},"modified":"2026-02-28T08:34:19","modified_gmt":"2026-02-28T05:34:19","slug":"meseleleri-kendine-dert-edinen-adam","status":"publish","type":"post","link":"https:\/\/epochtimestr.com\/index.php\/meseleleri-kendine-dert-edinen-adam","title":{"rendered":"Meseleleri Kendine Dert Edinen Adam"},"content":{"rendered":"\n<p class=\"has-text-align-right\">\u201cBir entelekt\u00fcel sevip-sevmeme durumunda olmaz. Bilme ve anlama durumunda olur.\u201d<br \/>H\u00fcseyin Sungur<\/p>\n\n\n\n<p>\u0130nsanlar vard\u0131r \u00f6yle bir \u00e7\u0131rp\u0131da anlatamaz, tarif edemezsiniz. \u00c7\u00fcnk\u00fc onlar b\u00fcnyelerinde bir\u00e7ok niteli\u011fi birden bar\u0131nd\u0131ran ki\u015filerdir. H\u00fcseyin H\u00fcsn\u00fc Sungur\u2019u tam olarak anlatabilmek zor olsa da onun baz\u0131 y\u00f6nlerine temas edebilirim san\u0131r\u0131m.<\/p>\n\n\n\n<p>Tan\u0131\u015f\u0131kl\u0131\u011f\u0131m\u0131z 2006 y\u0131l\u0131na uzan\u0131r. Temiz Toplum Hareketi Derne\u011fi sekreteri ve y\u00f6netim kurulu \u00fcyesiydim. H\u00fcseyin Bey de ayn\u0131 kuruldayd\u0131. Sonra, birlikte TTHD\u2019den ayr\u0131larak Ak\u0131l Yolu Derne\u011fi\u2019nin kuruculu\u011funu \u00fcstlendik. Bilgi birikimi, kar\u015f\u0131dakine bir \u015feyler anlatabilme kayg\u0131s\u0131 ve \u00e7abas\u0131 bende sayg\u0131 uyand\u0131rd\u0131. Ezber bozan, zihin f\u0131rt\u0131nalar\u0131 estiren bir yap\u0131s\u0131 vard\u0131r Sungur\u2019un. Cesurdur, bildiklerini \u00e7ekinmeden s\u00f6yler. \u0130\u015fte bu y\u00fczden \u00e7ok kez sevimsiz durumlara d\u00fc\u015fm\u00fc\u015ft\u00fcr.<\/p>\n\n\n\n<p>Siyasi \u00e7izgisini a\u00e7\u0131k\u00e7a belirtir. Toplumcudur o. Bu fikri d\u00fc\u015f\u00fcnceyle g\u00f6n\u00fcl ba\u011f\u0131 vard\u0131r. Toplumculuktan, \u00fcrk\u00fclmesini, \u00e7ekinilmesini bilgi eksikli\u011fine ba\u011flar. Ona g\u00f6re ortakla\u015fmac\u0131l\u0131k, ba\u011f\u0131ms\u0131zl\u0131k\u00e7\u0131l\u0131k ve gezegensel karde\u015flik ilkeleri yeterli doneleri sunar. Kendisini dar kafal\u0131, s\u0131n\u0131rlayan bir toplumcu olarak de\u011fil de m\u00fclkiyeti savunan, \u00f6zel te\u015febb\u00fcsten yana konumland\u0131r\u0131r. Yayg\u0131n kanaatin aksine, bunun bu topraklarda ye\u015ferebilece\u011fini savunur.<\/p>\n\n\n\n<p>Tarsus do\u011fumlu Sungur, orta mektebi Tarsus Amerikan Koleji\u2019nde, liseyi \u0130stanbul Kabata\u015f Erkek Lisesi\u2019nde ve \u00fcniversiteyi Marmara \u00dcniversitesi \u0130\u0130TA- Sultanahmet Kamp\u00fcs\u00fc\u2019nde okudu. Bir\u00e7ok \u00fcnl\u00fc ile ayn\u0131 s\u0131ralar\u0131 payla\u015ft\u0131. Okul sonras\u0131 Tarsus\u2019a geri d\u00f6nd\u00fc ve askere gitti. Genelkurmay Ba\u015fkanl\u0131\u011f\u0131\u2019nda askerli\u011fini tamamlad\u0131. Teskere b\u0131rakma teklifini reddedip, memleketine geldi. Sungur \u00e7ift\u00e7ilik yapar, ailesine ve topra\u011f\u0131na ba\u011fl\u0131d\u0131r. Pamuk, m\u0131s\u0131r, bu\u011fday yeti\u015ftirir.<\/p>\n\n\n\n<p>D\u00f6rt ay boyunca Tarsus Ticaret ve Sanayi Odas\u0131 genel sekreterli\u011fi yapar ama oradan kovulur. Kovuldu\u011funu \u0131srarla belirtmesi, \u00f6zg\u00fcven sahibi oldu\u011funa i\u015farettir. Disipline gelemedi\u011finden, devlet kurumlar\u0131nda hi\u00e7 \u00e7al\u0131\u015fmaz, fakat \u00f6zel sekt\u00f6r deneyimleri olmu\u015ftur. Ancak orada da kariyer yapmamas\u0131n\u0131, \u00f6zel sekt\u00f6r\u00fcn ufuksuzlu\u011funa ba\u011flar. Piyasa ile aras\u0131nda doku uyu\u015fmazl\u0131\u011f\u0131 oldu\u011funa inan\u0131r. Hep aile i\u015flerine yo\u011funla\u015fm\u0131\u015f, tarlas\u0131n\u0131n, tapan\u0131n\u0131n ba\u015f\u0131nda durmu\u015ftur.<\/p>\n\n\n\n<p>Bir \u00c7ukuroval\u0131 ekonomist olarak, y\u00f6renin ekonomik manzaras\u0131n\u0131 \u00e7ok aptalca buluyor. \u201cBerdan Makinan\u0131n ufku anla\u015f\u0131ld\u0131\u011f\u0131 an, benim mutsuzlu\u011fum ve \u00e7aresizli\u011fim \u00e7ok daha iyi anla\u015f\u0131l\u0131r\u201d der. Birinci ANAP iktidar\u0131 ile birlikte y\u00f6renin kaderinin de\u011fi\u015fti\u011fine inan\u0131r. Ona g\u00f6re y\u00f6renin aya\u011fa kalkma \u015fans\u0131 hep vard\u0131r. \u201c\u0130nsan\u0131n oldu\u011fu yerde umut kesilmez\u201d s\u00f6z\u00fc harek\u00e2t noktas\u0131d\u0131r. \u201c\u00dcst katma de\u011fer sa\u011flay\u0131c\u0131 d\u00fcnya ile rekabet edebilecek tar\u0131m sanayinin taviz verilmeden geli\u015ftirilmesi\u201d hayati \u00f6nem ta\u015f\u0131r.<\/p>\n\n\n\n<p>H\u00fcseyin Sungur bir yerel TV\u2019de dokuz y\u0131l siyaset program\u0131 yapt\u0131. Yerel gazetelerde yaz\u0131lar yazd\u0131. Siyaset ile yak\u0131ndan ilgili. \u201cY\u00f6remiz siyaseti yetersiz, kale arkas\u0131 taraftarl\u0131\u011f\u0131 gibi bir anlay\u0131\u015fa sahip\u201d demekte. Ve bunu sadece burayla s\u0131n\u0131rlamay\u0131p, T\u00fcrkiye\u2019mizin ortak zihin sakatl\u0131\u011f\u0131na ba\u011flamaktad\u0131r. Ba\u015fka deyimle: Sorunlar\u0131, ihtiya\u00e7lar\u0131 objektif olarak \u00e7\u00f6zmek yerine kasaba kurnazl\u0131\u011f\u0131 yaparak, halk dalkavuklu\u011fu vitrini ile \u00e7\u00f6zer gibi yapmak \u00e7abas\u0131d\u0131r, bizdeki siyaset.<\/p>\n\n\n\n<p>Hemen \u015funu ekliyor: \u201cBekir\u2019ci\u011fim Mersin\u2019de ilk yaz\u0131m\u0131 1986 y\u0131l\u0131nda yazd\u0131m. Otuz senedir ayn\u0131 \u015feyleri yazd\u0131\u011f\u0131ma g\u00f6re, gerisini sen d\u00fc\u015f\u00fcn!\u201d Sungur kendisini edebiyat\u00e7\u0131 olarak da tan\u0131mlar. \u00c7\u00fcnk\u00fc \u00c7etin Altan der ki \u201cDedenizden k\u00fct\u00fcphane devrald\u0131ysan\u0131z hi\u00e7bir yere ka\u00e7amazs\u0131n\u0131z.\u201d Dedesinden k\u00fct\u00fcphane devralm\u0131\u015ft\u0131r. Yaz\u0131 masas\u0131 1955 modeldir. Yay\u0131nlanm\u0131\u015f bir \u015fiir kitab\u0131 bulunmaktad\u0131r. Y\u00fczlerce makaleye imza atm\u0131\u015ft\u0131r.<\/p>\n\n\n\n<p>Hilmi Yavuz\u2019un \u00fc\u00e7 y\u0131l \u00e7\u0131rakl\u0131\u011f\u0131n\u0131 yapm\u0131\u015f, ondan felsefe-mant\u0131k, mukayeseli metin incelemesi, anlam-yorum dersleri alm\u0131\u015ft\u0131r. G\u00fcncel konu m\u00fclteciler i\u00e7in; \u201cSuriyeliler makul ve mant\u0131kl\u0131 bir geri d\u00f6n\u00fc\u015f takvimi ile evlerine geri d\u00f6nmelidir\u201d demektedir. Bakmay\u0131n siz son g\u00fcnlerdeki karamsar havaya. O, ayd\u0131nl\u0131k zamanlar\u0131n habercisidir ve umudunu hi\u00e7 kaybetmek istemez.<\/p>\n\n\n\n<p>\u0130htiyac\u0131 yokken (ekonomi ve siyasi manada) meseleleri kendine dert edinir. \u00c7\u00fcnk\u00fc g\u00f6n\u00fcl ustas\u0131 Cemil Meri\u00e7\u2019ten \u201cBir \u00e7a\u011f\u0131n vicdan\u0131 olmak isterdim\u201d sav s\u00f6z\u00fcn\u00fc kendine kutup y\u0131ld\u0131z\u0131 saym\u0131\u015ft\u0131r ve bundan da vaz ge\u00e7meye hi\u00e7 niyeti yoktur.<\/p>\n\n\n\n<p><em>Bu yaz\u0131 ilk olarak 10 A\u011fustos 2016 tarihinde inovatifhaber.com&#8217;da yay\u0131nlanm\u0131\u015ft\u0131r.<\/em><\/p>\n","protected":false},"excerpt":{"rendered":"<p>\u201cBir entelekt\u00fcel sevip-sevmeme durumunda olmaz. Bilme ve anlama durumunda olur.\u201dH\u00fcseyin Sungur \u0130nsanlar vard\u0131r \u00f6yle bir \u00e7\u0131rp\u0131da anlatamaz, tarif edemezsiniz. \u00c7\u00fcnk\u00fc onlar b\u00fcnyelerinde bir\u00e7ok niteli\u011fi birden bar\u0131nd\u0131ran ki\u015filerdir. H\u00fcseyin H\u00fcsn\u00fc Sungur\u2019u tam olarak anlatabilmek zor olsa da onun baz\u0131 y\u00f6nlerine temas edebilirim san\u0131r\u0131m. Tan\u0131\u015f\u0131kl\u0131\u011f\u0131m\u0131z 2006 y\u0131l\u0131na uzan\u0131r. Temiz Toplum Hareketi Derne\u011fi sekreteri ve y\u00f6netim kurulu \u00fcyesiydim. [&hellip;]<\/p>\n","protected":false},"author":14001,"featured_media":161038,"comment_status":"open","ping_status":"open","sticky":false,"template":"","format":"standard","meta":{"_yoast_wpseo_focuskw":"H\u00fcseyin H\u00fcsn\u00fc Sungur","_yoast_wpseo_title":"","_yoast_wpseo_metadesc":"\u0130nsanlar vard\u0131r \u00f6yle bir \u00e7\u0131rp\u0131da anlatamaz, tarif edemezsiniz. \u00c7\u00fcnk\u00fc onlar b\u00fcnyelerinde bir\u00e7ok niteli\u011fi birden bar\u0131nd\u0131ran ki\u015filerdir.","_bbp_topic_count":0,"_bbp_reply_count":0,"_bbp_total_topic_count":0,"_bbp_total_reply_count":0,"_bbp_voice_count":0,"_bbp_anonymous_reply_count":0,"_bbp_topic_count_hidden":0,"_bbp_reply_count_hidden":0,"_bbp_forum_subforum_count":0,"footnotes":"","_yoast_wpseo_focuskw_text_input":""},"categories":[9170],"tags":[10900],"yoast_head":"<!-- This site is optimized with the Yoast SEO plugin v23.0 - https:\/\/yoast.com\/wordpress\/plugins\/seo\/ -->\n<title>Meseleleri Kendine Dert Edinen Adam - The Epoch Times TR<\/title>\n<meta name=\"description\" content=\"\u0130nsanlar vard\u0131r \u00f6yle bir \u00e7\u0131rp\u0131da anlatamaz, tarif edemezsiniz. \u00c7\u00fcnk\u00fc onlar b\u00fcnyelerinde bir\u00e7ok niteli\u011fi birden bar\u0131nd\u0131ran ki\u015filerdir.\" \/>\n<meta name=\"robots\" content=\"index, follow, max-snippet:-1, max-image-preview:large, max-video-preview:-1\" \/>\n<link rel=\"canonical\" href=\"https:\/\/epochtimestr.com\/index.php\/meseleleri-kendine-dert-edinen-adam\" \/>\n<meta property=\"og:locale\" content=\"tr_TR\" \/>\n<meta property=\"og:type\" content=\"article\" \/>\n<meta property=\"og:title\" content=\"Meseleleri Kendine Dert Edinen Adam - The Epoch Times TR\" \/>\n<meta property=\"og:description\" content=\"\u0130nsanlar vard\u0131r \u00f6yle bir \u00e7\u0131rp\u0131da anlatamaz, tarif edemezsiniz. \u00c7\u00fcnk\u00fc onlar b\u00fcnyelerinde bir\u00e7ok niteli\u011fi birden bar\u0131nd\u0131ran ki\u015filerdir.\" \/>\n<meta property=\"og:url\" content=\"https:\/\/epochtimestr.com\/index.php\/meseleleri-kendine-dert-edinen-adam\" \/>\n<meta property=\"og:site_name\" content=\"The Epoch Times TR\" \/>\n<meta property=\"article:publisher\" content=\"https:\/\/www.facebook.com\/theepochtimestr\" \/>\n<meta property=\"article:published_time\" content=\"2026-02-28T05:33:02+00:00\" \/>\n<meta property=\"article:modified_time\" content=\"2026-02-28T05:34:19+00:00\" \/>\n<meta property=\"og:image\" content=\"https:\/\/epochtimestr.com\/wp-content\/uploads\/2011y\/bkr-zrb-iz-birakanlar-hhs.jpeg\" \/>\n\t<meta property=\"og:image:width\" content=\"1200\" \/>\n\t<meta property=\"og:image:height\" content=\"630\" \/>\n\t<meta property=\"og:image:type\" content=\"image\/jpeg\" \/>\n<meta name=\"author\" content=\"Bekir Zorba\" \/>\n<meta name=\"twitter:card\" content=\"summary_large_image\" \/>\n<meta name=\"twitter:creator\" content=\"@TheEpochTimesTR\" \/>\n<meta name=\"twitter:site\" content=\"@TheEpochTimesTR\" \/>\n<meta name=\"twitter:label1\" content=\"Yazan:\" \/>\n\t<meta name=\"twitter:data1\" content=\"Bekir Zorba\" \/>\n\t<meta name=\"twitter:label2\" content=\"Tahmini okuma s\u00fcresi\" \/>\n\t<meta name=\"twitter:data2\" content=\"4 dakika\" \/>\n<script type=\"application\/ld+json\" class=\"yoast-schema-graph\">{\"@context\":\"https:\/\/schema.org\",\"@graph\":[{\"@type\":\"Article\",\"@id\":\"https:\/\/epochtimestr.com\/index.php\/meseleleri-kendine-dert-edinen-adam#article\",\"isPartOf\":{\"@id\":\"https:\/\/epochtimestr.com\/index.php\/meseleleri-kendine-dert-edinen-adam\"},\"author\":{\"name\":\"Bekir Zorba\",\"@id\":\"https:\/\/epochtimestr.com\/#\/schema\/person\/da1ad104599611965442ed3e7e9acb2b\"},\"headline\":\"Meseleleri Kendine Dert Edinen Adam\",\"datePublished\":\"2026-02-28T05:33:02+00:00\",\"dateModified\":\"2026-02-28T05:34:19+00:00\",\"mainEntityOfPage\":{\"@id\":\"https:\/\/epochtimestr.com\/index.php\/meseleleri-kendine-dert-edinen-adam\"},\"wordCount\":770,\"commentCount\":0,\"publisher\":{\"@id\":\"https:\/\/epochtimestr.com\/#organization\"},\"image\":{\"@id\":\"https:\/\/epochtimestr.com\/index.php\/meseleleri-kendine-dert-edinen-adam#primaryimage\"},\"thumbnailUrl\":\"https:\/\/epochtimestr.com\/wp-content\/uploads\/2011y\/Bekir-Zorba.png\",\"keywords\":[\"H\u00fcseyin H\u00fcsn\u00fc Sungur\"],\"articleSection\":[\"K\u00f6\u015fe Yaz\u0131lar\u0131 Bekir Zorba\"],\"inLanguage\":\"tr\",\"potentialAction\":[{\"@type\":\"CommentAction\",\"name\":\"Comment\",\"target\":[\"https:\/\/epochtimestr.com\/index.php\/meseleleri-kendine-dert-edinen-adam#respond\"]}]},{\"@type\":\"WebPage\",\"@id\":\"https:\/\/epochtimestr.com\/index.php\/meseleleri-kendine-dert-edinen-adam\",\"url\":\"https:\/\/epochtimestr.com\/index.php\/meseleleri-kendine-dert-edinen-adam\",\"name\":\"Meseleleri Kendine Dert Edinen Adam - The Epoch Times TR\",\"isPartOf\":{\"@id\":\"https:\/\/epochtimestr.com\/#website\"},\"primaryImageOfPage\":{\"@id\":\"https:\/\/epochtimestr.com\/index.php\/meseleleri-kendine-dert-edinen-adam#primaryimage\"},\"image\":{\"@id\":\"https:\/\/epochtimestr.com\/index.php\/meseleleri-kendine-dert-edinen-adam#primaryimage\"},\"thumbnailUrl\":\"https:\/\/epochtimestr.com\/wp-content\/uploads\/2011y\/Bekir-Zorba.png\",\"datePublished\":\"2026-02-28T05:33:02+00:00\",\"dateModified\":\"2026-02-28T05:34:19+00:00\",\"description\":\"\u0130nsanlar vard\u0131r \u00f6yle bir \u00e7\u0131rp\u0131da anlatamaz, tarif edemezsiniz. \u00c7\u00fcnk\u00fc onlar b\u00fcnyelerinde bir\u00e7ok niteli\u011fi birden bar\u0131nd\u0131ran ki\u015filerdir.\",\"inLanguage\":\"tr\",\"potentialAction\":[{\"@type\":\"ReadAction\",\"target\":[\"https:\/\/epochtimestr.com\/index.php\/meseleleri-kendine-dert-edinen-adam\"]}]},{\"@type\":\"ImageObject\",\"inLanguage\":\"tr\",\"@id\":\"https:\/\/epochtimestr.com\/index.php\/meseleleri-kendine-dert-edinen-adam#primaryimage\",\"url\":\"https:\/\/epochtimestr.com\/wp-content\/uploads\/2011y\/Bekir-Zorba.png\",\"contentUrl\":\"https:\/\/epochtimestr.com\/wp-content\/uploads\/2011y\/Bekir-Zorba.png\",\"width\":600,\"height\":600},{\"@type\":\"WebSite\",\"@id\":\"https:\/\/epochtimestr.com\/#website\",\"url\":\"https:\/\/epochtimestr.com\/\",\"name\":\"The Epoch Times TR\",\"description\":\"De\u011fi\u015fen D\u00fcnyam\u0131za Taze Bir Bak\u0131\u015f\",\"publisher\":{\"@id\":\"https:\/\/epochtimestr.com\/#organization\"},\"potentialAction\":[{\"@type\":\"SearchAction\",\"target\":{\"@type\":\"EntryPoint\",\"urlTemplate\":\"https:\/\/epochtimestr.com\/?s={search_term_string}\"},\"query-input\":\"required name=search_term_string\"}],\"inLanguage\":\"tr\"},{\"@type\":\"Organization\",\"@id\":\"https:\/\/epochtimestr.com\/#organization\",\"name\":\"The EpochTimes T\u00fcrkiye\",\"url\":\"https:\/\/epochtimestr.com\/\",\"logo\":{\"@type\":\"ImageObject\",\"inLanguage\":\"tr\",\"@id\":\"https:\/\/epochtimestr.com\/#\/schema\/logo\/image\/\",\"url\":\"https:\/\/epochtimestr.com\/wp-content\/uploads\/2011y\/ET-Logo-YG.jpg\",\"contentUrl\":\"https:\/\/epochtimestr.com\/wp-content\/uploads\/2011y\/ET-Logo-YG.jpg\",\"width\":346,\"height\":29,\"caption\":\"The EpochTimes T\u00fcrkiye\"},\"image\":{\"@id\":\"https:\/\/epochtimestr.com\/#\/schema\/logo\/image\/\"},\"sameAs\":[\"https:\/\/www.facebook.com\/theepochtimestr\",\"https:\/\/x.com\/TheEpochTimesTR\",\"https:\/\/www.instagram.com\/epochtimestr\"]},{\"@type\":\"Person\",\"@id\":\"https:\/\/epochtimestr.com\/#\/schema\/person\/da1ad104599611965442ed3e7e9acb2b\",\"name\":\"Bekir Zorba\",\"image\":{\"@type\":\"ImageObject\",\"inLanguage\":\"tr\",\"@id\":\"https:\/\/epochtimestr.com\/#\/schema\/person\/image\/\",\"url\":\"https:\/\/secure.gravatar.com\/avatar\/eafd40d9b77b1fbf7c565a3d4916b79c?s=96&d=mm&r=g\",\"contentUrl\":\"https:\/\/secure.gravatar.com\/avatar\/eafd40d9b77b1fbf7c565a3d4916b79c?s=96&d=mm&r=g\",\"caption\":\"Bekir Zorba\"},\"url\":\"https:\/\/epochtimestr.com\/index.php\/author\/bekir\"}]}<\/script>\n<!-- \/ Yoast SEO plugin. -->","yoast_head_json":{"title":"Meseleleri Kendine Dert Edinen Adam - The Epoch Times TR","description":"\u0130nsanlar vard\u0131r \u00f6yle bir \u00e7\u0131rp\u0131da anlatamaz, tarif edemezsiniz. \u00c7\u00fcnk\u00fc onlar b\u00fcnyelerinde bir\u00e7ok niteli\u011fi birden bar\u0131nd\u0131ran ki\u015filerdir.","robots":{"index":"index","follow":"follow","max-snippet":"max-snippet:-1","max-image-preview":"max-image-preview:large","max-video-preview":"max-video-preview:-1"},"canonical":"https:\/\/epochtimestr.com\/index.php\/meseleleri-kendine-dert-edinen-adam","og_locale":"tr_TR","og_type":"article","og_title":"Meseleleri Kendine Dert Edinen Adam - The Epoch Times TR","og_description":"\u0130nsanlar vard\u0131r \u00f6yle bir \u00e7\u0131rp\u0131da anlatamaz, tarif edemezsiniz. \u00c7\u00fcnk\u00fc onlar b\u00fcnyelerinde bir\u00e7ok niteli\u011fi birden bar\u0131nd\u0131ran ki\u015filerdir.","og_url":"https:\/\/epochtimestr.com\/index.php\/meseleleri-kendine-dert-edinen-adam","og_site_name":"The Epoch Times TR","article_publisher":"https:\/\/www.facebook.com\/theepochtimestr","article_published_time":"2026-02-28T05:33:02+00:00","article_modified_time":"2026-02-28T05:34:19+00:00","og_image":[{"width":1200,"height":630,"url":"https:\/\/epochtimestr.com\/wp-content\/uploads\/2011y\/bkr-zrb-iz-birakanlar-hhs.jpeg","type":"image\/jpeg"}],"author":"Bekir Zorba","twitter_card":"summary_large_image","twitter_creator":"@TheEpochTimesTR","twitter_site":"@TheEpochTimesTR","twitter_misc":{"Yazan:":"Bekir Zorba","Tahmini okuma s\u00fcresi":"4 dakika"},"schema":{"@context":"https:\/\/schema.org","@graph":[{"@type":"Article","@id":"https:\/\/epochtimestr.com\/index.php\/meseleleri-kendine-dert-edinen-adam#article","isPartOf":{"@id":"https:\/\/epochtimestr.com\/index.php\/meseleleri-kendine-dert-edinen-adam"},"author":{"name":"Bekir Zorba","@id":"https:\/\/epochtimestr.com\/#\/schema\/person\/da1ad104599611965442ed3e7e9acb2b"},"headline":"Meseleleri Kendine Dert Edinen Adam","datePublished":"2026-02-28T05:33:02+00:00","dateModified":"2026-02-28T05:34:19+00:00","mainEntityOfPage":{"@id":"https:\/\/epochtimestr.com\/index.php\/meseleleri-kendine-dert-edinen-adam"},"wordCount":770,"commentCount":0,"publisher":{"@id":"https:\/\/epochtimestr.com\/#organization"},"image":{"@id":"https:\/\/epochtimestr.com\/index.php\/meseleleri-kendine-dert-edinen-adam#primaryimage"},"thumbnailUrl":"https:\/\/epochtimestr.com\/wp-content\/uploads\/2011y\/Bekir-Zorba.png","keywords":["H\u00fcseyin H\u00fcsn\u00fc Sungur"],"articleSection":["K\u00f6\u015fe Yaz\u0131lar\u0131 Bekir Zorba"],"inLanguage":"tr","potentialAction":[{"@type":"CommentAction","name":"Comment","target":["https:\/\/epochtimestr.com\/index.php\/meseleleri-kendine-dert-edinen-adam#respond"]}]},{"@type":"WebPage","@id":"https:\/\/epochtimestr.com\/index.php\/meseleleri-kendine-dert-edinen-adam","url":"https:\/\/epochtimestr.com\/index.php\/meseleleri-kendine-dert-edinen-adam","name":"Meseleleri Kendine Dert Edinen Adam - The Epoch Times TR","isPartOf":{"@id":"https:\/\/epochtimestr.com\/#website"},"primaryImageOfPage":{"@id":"https:\/\/epochtimestr.com\/index.php\/meseleleri-kendine-dert-edinen-adam#primaryimage"},"image":{"@id":"https:\/\/epochtimestr.com\/index.php\/meseleleri-kendine-dert-edinen-adam#primaryimage"},"thumbnailUrl":"https:\/\/epochtimestr.com\/wp-content\/uploads\/2011y\/Bekir-Zorba.png","datePublished":"2026-02-28T05:33:02+00:00","dateModified":"2026-02-28T05:34:19+00:00","description":"\u0130nsanlar vard\u0131r \u00f6yle bir \u00e7\u0131rp\u0131da anlatamaz, tarif edemezsiniz. \u00c7\u00fcnk\u00fc onlar b\u00fcnyelerinde bir\u00e7ok niteli\u011fi birden bar\u0131nd\u0131ran ki\u015filerdir.","inLanguage":"tr","potentialAction":[{"@type":"ReadAction","target":["https:\/\/epochtimestr.com\/index.php\/meseleleri-kendine-dert-edinen-adam"]}]},{"@type":"ImageObject","inLanguage":"tr","@id":"https:\/\/epochtimestr.com\/index.php\/meseleleri-kendine-dert-edinen-adam#primaryimage","url":"https:\/\/epochtimestr.com\/wp-content\/uploads\/2011y\/Bekir-Zorba.png","contentUrl":"https:\/\/epochtimestr.com\/wp-content\/uploads\/2011y\/Bekir-Zorba.png","width":600,"height":600},{"@type":"WebSite","@id":"https:\/\/epochtimestr.com\/#website","url":"https:\/\/epochtimestr.com\/","name":"The Epoch Times TR","description":"De\u011fi\u015fen D\u00fcnyam\u0131za Taze Bir Bak\u0131\u015f","publisher":{"@id":"https:\/\/epochtimestr.com\/#organization"},"potentialAction":[{"@type":"SearchAction","target":{"@type":"EntryPoint","urlTemplate":"https:\/\/epochtimestr.com\/?s={search_term_string}"},"query-input":"required name=search_term_string"}],"inLanguage":"tr"},{"@type":"Organization","@id":"https:\/\/epochtimestr.com\/#organization","name":"The EpochTimes T\u00fcrkiye","url":"https:\/\/epochtimestr.com\/","logo":{"@type":"ImageObject","inLanguage":"tr","@id":"https:\/\/epochtimestr.com\/#\/schema\/logo\/image\/","url":"https:\/\/epochtimestr.com\/wp-content\/uploads\/2011y\/ET-Logo-YG.jpg","contentUrl":"https:\/\/epochtimestr.com\/wp-content\/uploads\/2011y\/ET-Logo-YG.jpg","width":346,"height":29,"caption":"The EpochTimes T\u00fcrkiye"},"image":{"@id":"https:\/\/epochtimestr.com\/#\/schema\/logo\/image\/"},"sameAs":["https:\/\/www.facebook.com\/theepochtimestr","https:\/\/x.com\/TheEpochTimesTR","https:\/\/www.instagram.com\/epochtimestr"]},{"@type":"Person","@id":"https:\/\/epochtimestr.com\/#\/schema\/person\/da1ad104599611965442ed3e7e9acb2b","name":"Bekir Zorba","image":{"@type":"ImageObject","inLanguage":"tr","@id":"https:\/\/epochtimestr.com\/#\/schema\/person\/image\/","url":"https:\/\/secure.gravatar.com\/avatar\/eafd40d9b77b1fbf7c565a3d4916b79c?s=96&d=mm&r=g","contentUrl":"https:\/\/secure.gravatar.com\/avatar\/eafd40d9b77b1fbf7c565a3d4916b79c?s=96&d=mm&r=g","caption":"Bekir Zorba"},"url":"https:\/\/epochtimestr.com\/index.php\/author\/bekir"}]}},"_links":{"self":[{"href":"https:\/\/epochtimestr.com\/index.php\/wp-json\/wp\/v2\/posts\/165992"}],"collection":[{"href":"https:\/\/epochtimestr.com\/index.php\/wp-json\/wp\/v2\/posts"}],"about":[{"href":"https:\/\/epochtimestr.com\/index.php\/wp-json\/wp\/v2\/types\/post"}],"author":[{"embeddable":true,"href":"https:\/\/epochtimestr.com\/index.php\/wp-json\/wp\/v2\/users\/14001"}],"replies":[{"embeddable":true,"href":"https:\/\/epochtimestr.com\/index.php\/wp-json\/wp\/v2\/comments?post=165992"}],"version-history":[{"count":2,"href":"https:\/\/epochtimestr.com\/index.php\/wp-json\/wp\/v2\/posts\/165992\/revisions"}],"predecessor-version":[{"id":165995,"href":"https:\/\/epochtimestr.com\/index.php\/wp-json\/wp\/v2\/posts\/165992\/revisions\/165995"}],"wp:featuredmedia":[{"embeddable":true,"href":"https:\/\/epochtimestr.com\/index.php\/wp-json\/wp\/v2\/media\/161038"}],"wp:attachment":[{"href":"https:\/\/epochtimestr.com\/index.php\/wp-json\/wp\/v2\/media?parent=165992"}],"wp:term":[{"taxonomy":"category","embeddable":true,"href":"https:\/\/epochtimestr.com\/index.php\/wp-json\/wp\/v2\/categories?post=165992"},{"taxonomy":"post_tag","embeddable":true,"href":"https:\/\/epochtimestr.com\/index.php\/wp-json\/wp\/v2\/tags?post=165992"}],"curies":[{"name":"wp","href":"https:\/\/api.w.org\/{rel}","templated":true}]}}