{"id":166050,"date":"2026-03-03T15:50:56","date_gmt":"2026-03-03T12:50:56","guid":{"rendered":"https:\/\/epochtimestr.com\/?p=166050"},"modified":"2026-03-03T15:51:02","modified_gmt":"2026-03-03T12:51:02","slug":"avrupa-ulkeleri-orta-dogudaki-vatandaslarini-tahliye-ediyor","status":"publish","type":"post","link":"https:\/\/epochtimestr.com\/index.php\/avrupa-ulkeleri-orta-dogudaki-vatandaslarini-tahliye-ediyor","title":{"rendered":"Avrupa \u00dclkeleri Orta Do\u011fu\u2019daki Vatanda\u015flar\u0131n\u0131 Tahliye Ediyor"},"content":{"rendered":"<div class=\"wp-block-image\">\n<figure class=\"aligncenter size-full\"><img loading=\"lazy\" decoding=\"async\" width=\"1080\" height=\"720\" src=\"https:\/\/epochtimestr.com\/wp-content\/uploads\/2011y\/1000034131.webp\" alt=\"2 Mart 2026\u2019da \u0130srail\u2019in Beyrut\u2019un g\u00fcney banliy\u00f6lerine d\u00fczenledi\u011fi bombard\u0131man sonras\u0131 dumanlar y\u00fckseliyor. (Foto\u011fraf: Ibrahim Amro\/AFP via Getty Images)\" class=\"wp-image-166052\" srcset=\"https:\/\/epochtimestr.com\/wp-content\/uploads\/2011y\/1000034131.webp 1080w, https:\/\/epochtimestr.com\/wp-content\/uploads\/2011y\/1000034131-300x200.webp 300w, https:\/\/epochtimestr.com\/wp-content\/uploads\/2011y\/1000034131-150x100.webp 150w, https:\/\/epochtimestr.com\/wp-content\/uploads\/2011y\/1000034131-768x512.webp 768w\" sizes=\"(max-width: 1080px) 100vw, 1080px\" \/><figcaption class=\"wp-element-caption\">2 Mart 2026\u2019da \u0130srail\u2019in Beyrut\u2019un g\u00fcney banliy\u00f6lerine d\u00fczenledi\u011fi bombard\u0131man sonras\u0131 dumanlar y\u00fckseliyor. (Foto\u011fraf: The Epoch Times arac\u0131l\u0131\u011f\u0131yla, \u0130brahim Amro, AFP &#8211; Getty Images)<\/figcaption><\/figure><\/div>\n\n\n<p>Avrupa \u00fclkeleri, Orta Do\u011fu\u2019da artan g\u00fcvenlik riskleri nedeniyle vatanda\u015flar\u0131n\u0131 b\u00f6lgeden tahliye etmeye ba\u015flad\u0131. ABD ve \u0130srail 28 \u015eubat\u2019ta \u0130ran koordineli askeri operasyonlar ba\u015flatt\u0131. Bunun ard\u0131ndan Tahran y\u00f6netiminin K\u00f6rfez \u00fclkelerine misillemede bulunmas\u0131, ciddi g\u00fcvenlik krizine yol a\u00e7t\u0131. Geli\u015fmeler \u00fczerine <a href=\"https:\/\/www.theepochtimes.com\/world\/italy-evacuates-dozens-of-citizens-from-middle-east-germany-to-follow-5993327\" target=\"_blank\" rel=\"noreferrer noopener\">\u0130talya ve Almanya ba\u015fta<\/a> olmak \u00fczere bir\u00e7ok Avrupa \u00fclkesi, vatanda\u015flar\u0131n\u0131 g\u00fcvenli \u015fekilde \u00fclkelerine geri getirmek i\u00e7in harekete ge\u00e7ti.<\/p>\n\n\n\n<p>\u0130talya D\u0131\u015fi\u015fleri ve Uluslararas\u0131 \u0130\u015fbirli\u011fi Bakanl\u0131\u011f\u0131 2 Mart\u2019ta konuyla ilgili bir a\u00e7\u0131klama yay\u0131nlad\u0131. Umman\u2019\u0131n ba\u015fkenti Maskat\u2019tan kalkan ilk charter u\u00e7a\u011f\u0131n\u0131n Roma\u2019daki Fiumicino Havaliman\u0131\u2019na indi\u011fini bildirdi. Tahliye edilen 127 \u0130talyan vatanda\u015f\u0131 aras\u0131nda Umman\u2019da mahsur kalan ya da Dubai\u2019den Umman\u2019a transfer edilenler var. U\u00e7akta ayr\u0131ca \u0130talyan diplomatik temsilcilikleri deste\u011fiyle Avrupa\u2019ya d\u00f6nen farkl\u0131 \u00fclke vatanda\u015flar\u0131n\u0131n da bulundu\u011fu belirtildi. Bakanl\u0131k, Abu Dabi, Dubai ve Umman\u2019daki b\u00fcy\u00fckel\u00e7ilik ve konsolosluklar\u0131n, \u00e7al\u0131\u015fmalar\u0131n\u0131 s\u00fcrd\u00fcrd\u00fc\u011f\u00fcn\u00fc a\u00e7\u0131klad\u0131. \u0130talyan yetkililer, vatanda\u015flar\u0131n\u0131n b\u00f6lgedeki faal havalimanlar\u0131na ula\u015ft\u0131r\u0131lmas\u0131 i\u00e7in \u00e7al\u0131\u015f\u0131yor. Ayr\u0131ca Etihad Havayollar\u0131 da Abu Dabi Havaliman\u0131\u2019nda s\u0131n\u0131rl\u0131 s\u00fcreli u\u00e7u\u015f organizasyonlar\u0131 yap\u0131yor.<\/p>\n\n\n\n<p>\u0130talya D\u0131\u015fi\u015fleri Bakan\u0131 Antonio Tajani, K\u00f6rfez \u00fclkelerinde mahsur kalan binlerce vatanda\u015f\u0131n yard\u0131m taleplerini koordine etmek amac\u0131yla \u00f6zel bir K\u00f6rfez G\u00f6rev G\u00fcc\u00fc olu\u015fturdu. Almanya da \u00f6zellikle \u00e7ocuklar, hamile kad\u0131nlar ve hastalar gibi hassas gruplar\u0131n tahliyesine \u00f6ncelik veriyor. Almanya D\u0131\u015fi\u015fleri Bakan\u0131 Johann Wadephul, savunmas\u0131z ki\u015filerin Riyad ve Maskat\u2019tan u\u00e7aklarla \u00fclkeye getirilece\u011fini a\u00e7\u0131klad\u0131. Ayr\u0131ca gerekli g\u00f6r\u00fcl\u00fcrse Alman Silahl\u0131 Kuvvetleri\u2019nin de tahliye s\u00fcrecine dahil edilebilece\u011fi vurgulad\u0131.<\/p>\n\n\n\n<h3 class=\"wp-block-heading\">Di\u011fer Avrupa \u00dclkeleri de Vatanda\u015flar\u0131 \u0130\u00e7in Harekete Ge\u00e7ti<\/h3>\n\n\n\n<p>Fransa D\u0131\u015fi\u015fleri Bakan\u0131 Jean-Noel Barrot, \u00fclkesinin t\u00fcm imkanlar\u0131n\u0131 seferber etti\u011fini duyurdu. Orta Do\u011fu\u2019daki Frans\u0131z vatanda\u015flar\u0131na en k\u0131sa s\u00fcrede gerekli deste\u011fi sa\u011flayacaklar\u0131n\u0131 belirtti. Birle\u015fik Krall\u0131k \u0130\u00e7i\u015fleri Bakan\u0131 Yvette Cooper, \u0130ngiliz vatanda\u015flar\u0131n\u0131n b\u00f6lgeden  ayr\u0131labilmesi i\u00e7in t\u00fcm se\u00e7eneklerin de\u011ferlendirildi\u011fini belirtti. K\u00f6rfez \u00fclkelerinde y\u00fcz binlerce \u0130ngiliz bulunuyor. Ba\u015fbakan Keir Starmer da Avam Kamaras\u0131\u2019nda yapt\u0131\u011f\u0131 a\u00e7\u0131klamada, b\u00f6lgede yakla\u015f\u0131k 300 bin \u0130ngiliz vatanda\u015f\u0131n\u0131n bulundu\u011funu s\u00f6yledi. Ayr\u0131ca bu vatanda\u015flar\u0131n\u0131n kurtar\u0131lmas\u0131 i\u00e7in h\u0131zl\u0131 m\u00fcdahale ekiplerinin g\u00f6revlendirildi\u011fini de s\u00f6zlerine ekledi.<\/p>\n\n\n\n<p>\u00d6te yandan Fransa, Almanya ve Birle\u015fik Krall\u0131k\u2019tan olu\u015fan E3 \u00fclkeleri, \u0130ran\u2019\u0131n f\u00fcze sald\u0131r\u0131lar\u0131n\u0131 \u201corant\u0131s\u0131z ve ayr\u0131m g\u00f6zetmeyen\u201d sald\u0131r\u0131lar olarak nitelendirerek k\u0131nad\u0131. Bununla birlikte \u0130ran, Birle\u015fik Arap Emirlikleri, Kuveyt, Katar, Bahreyn, \u00dcrd\u00fcn ve Suriye\u2019ye y\u00f6nelik sald\u0131r\u0131lar d\u00fczenlemeyi planl\u0131yor. Almanya Ba\u015fbakan\u0131 Friedrich Merz, \u0130ran y\u00f6netimini sert s\u00f6zlerle ele\u015ftirdi. Rejimin uzun y\u0131llard\u0131r bask\u0131 politikalar\u0131 uygulad\u0131\u011f\u0131n\u0131 ve b\u00f6lgesel istikrars\u0131zl\u0131\u011fa neden oldu\u011funu savundu.<\/p>\n\n\n\n<p><a href=\"https:\/\/epochtimestr.com\/index.php\/trump-israil-ile-birlikte-irana-saldirilari-hakkinda-aciklama-yapti\" target=\"_blank\" rel=\"noreferrer noopener\">ABD D\u0131\u015fi\u015fleri Bakanl\u0131\u011f\u0131 <\/a>da Orta Do\u011fu\u2019daki Amerikan vatanda\u015flar\u0131na b\u00f6lgeyi derhal terk etmeleri \u00e7a\u011fr\u0131s\u0131nda bulundu. Artan gerilim ve kar\u015f\u0131l\u0131kl\u0131 sald\u0131r\u0131lar, uluslararas\u0131 kamuoyunda endi\u015fe yarat\u0131yor. Avrupa \u00fclkeleri ve m\u00fcttefikleri vatanda\u015flar\u0131n\u0131n g\u00fcvenli\u011fini sa\u011flamak amac\u0131yla tahliye \u00e7al\u0131\u015fmalar\u0131n\u0131 h\u0131zland\u0131rd\u0131.<\/p>\n","protected":false},"excerpt":{"rendered":"<p>Avrupa \u00fclkeleri, Orta Do\u011fu\u2019da artan g\u00fcvenlik riskleri nedeniyle vatanda\u015flar\u0131n\u0131 b\u00f6lgeden tahliye etmeye ba\u015flad\u0131. ABD ve \u0130srail 28 \u015eubat\u2019ta \u0130ran koordineli askeri operasyonlar ba\u015flatt\u0131. Bunun ard\u0131ndan Tahran y\u00f6netiminin K\u00f6rfez \u00fclkelerine misillemede bulunmas\u0131, ciddi g\u00fcvenlik krizine yol a\u00e7t\u0131. Geli\u015fmeler \u00fczerine \u0130talya ve Almanya ba\u015fta olmak \u00fczere bir\u00e7ok Avrupa \u00fclkesi, vatanda\u015flar\u0131n\u0131 g\u00fcvenli \u015fekilde \u00fclkelerine geri getirmek i\u00e7in harekete [&hellip;]<\/p>\n","protected":false},"author":13996,"featured_media":166052,"comment_status":"open","ping_status":"open","sticky":false,"template":"","format":"standard","meta":{"_yoast_wpseo_focuskw":"Avrupa \u00dclkeleri","_yoast_wpseo_title":"","_yoast_wpseo_metadesc":"Avrupa \u00fclkeleri, \u0130ran gerilimi sonras\u0131 Orta Do\u011fu\u2019daki vatanda\u015flar\u0131n\u0131 tahliye ediyor. \u0130talya ve Almanya acil ad\u0131mlar att\u0131.","_bbp_topic_count":0,"_bbp_reply_count":0,"_bbp_total_topic_count":0,"_bbp_total_reply_count":0,"_bbp_voice_count":0,"_bbp_anonymous_reply_count":0,"_bbp_topic_count_hidden":0,"_bbp_reply_count_hidden":0,"_bbp_forum_subforum_count":0,"footnotes":"","_yoast_wpseo_focuskw_text_input":""},"categories":[5,1,8138],"tags":[10503,708,1212,5459,232,10939,7352,8598,10941,1405,10940,2002,4637,5764],"yoast_head":"<!-- This site is optimized with the Yoast SEO plugin v23.0 - https:\/\/yoast.com\/wordpress\/plugins\/seo\/ -->\n<title>Avrupa \u00dclkeleri Orta Do\u011fu\u2019daki Vatanda\u015flar\u0131n\u0131 Tahliye Ediyor - The Epoch Times TR<\/title>\n<meta name=\"description\" content=\"Avrupa \u00fclkeleri, \u0130ran gerilimi sonras\u0131 Orta Do\u011fu\u2019daki vatanda\u015flar\u0131n\u0131 tahliye ediyor. \u0130talya ve Almanya acil ad\u0131mlar att\u0131.\" \/>\n<meta name=\"robots\" content=\"index, follow, max-snippet:-1, max-image-preview:large, max-video-preview:-1\" \/>\n<link rel=\"canonical\" href=\"https:\/\/epochtimestr.com\/index.php\/avrupa-ulkeleri-orta-dogudaki-vatandaslarini-tahliye-ediyor\" \/>\n<meta property=\"og:locale\" content=\"tr_TR\" \/>\n<meta property=\"og:type\" content=\"article\" \/>\n<meta property=\"og:title\" content=\"Avrupa \u00dclkeleri Orta Do\u011fu\u2019daki Vatanda\u015flar\u0131n\u0131 Tahliye Ediyor - The Epoch Times TR\" \/>\n<meta property=\"og:description\" content=\"Avrupa \u00fclkeleri, \u0130ran gerilimi sonras\u0131 Orta Do\u011fu\u2019daki vatanda\u015flar\u0131n\u0131 tahliye ediyor. \u0130talya ve Almanya acil ad\u0131mlar att\u0131.\" \/>\n<meta property=\"og:url\" content=\"https:\/\/epochtimestr.com\/index.php\/avrupa-ulkeleri-orta-dogudaki-vatandaslarini-tahliye-ediyor\" \/>\n<meta property=\"og:site_name\" content=\"The Epoch Times TR\" \/>\n<meta property=\"article:publisher\" content=\"https:\/\/www.facebook.com\/theepochtimestr\" \/>\n<meta property=\"article:published_time\" content=\"2026-03-03T12:50:56+00:00\" \/>\n<meta property=\"article:modified_time\" content=\"2026-03-03T12:51:02+00:00\" \/>\n<meta property=\"og:image\" content=\"https:\/\/epochtimestr.com\/wp-content\/uploads\/2011y\/1000034131.webp\" \/>\n\t<meta property=\"og:image:width\" content=\"1080\" \/>\n\t<meta property=\"og:image:height\" content=\"720\" \/>\n\t<meta property=\"og:image:type\" content=\"image\/webp\" \/>\n<meta name=\"author\" content=\"Leo Bajelan\" \/>\n<meta name=\"twitter:card\" content=\"summary_large_image\" \/>\n<meta name=\"twitter:creator\" content=\"@TheEpochTimesTR\" \/>\n<meta name=\"twitter:site\" content=\"@TheEpochTimesTR\" \/>\n<meta name=\"twitter:label1\" content=\"Yazan:\" \/>\n\t<meta name=\"twitter:data1\" content=\"Leo Bajelan\" \/>\n\t<meta name=\"twitter:label2\" content=\"Tahmini okuma s\u00fcresi\" \/>\n\t<meta name=\"twitter:data2\" content=\"3 dakika\" \/>\n<script type=\"application\/ld+json\" class=\"yoast-schema-graph\">{\"@context\":\"https:\/\/schema.org\",\"@graph\":[{\"@type\":\"Article\",\"@id\":\"https:\/\/epochtimestr.com\/index.php\/avrupa-ulkeleri-orta-dogudaki-vatandaslarini-tahliye-ediyor#article\",\"isPartOf\":{\"@id\":\"https:\/\/epochtimestr.com\/index.php\/avrupa-ulkeleri-orta-dogudaki-vatandaslarini-tahliye-ediyor\"},\"author\":{\"name\":\"Leo Bajelan\",\"@id\":\"https:\/\/epochtimestr.com\/#\/schema\/person\/5fef218711d76d8f232b0e1f1d7e4c0d\"},\"headline\":\"Avrupa \u00dclkeleri Orta Do\u011fu\u2019daki Vatanda\u015flar\u0131n\u0131 Tahliye Ediyor\",\"datePublished\":\"2026-03-03T12:50:56+00:00\",\"dateModified\":\"2026-03-03T12:51:02+00:00\",\"mainEntityOfPage\":{\"@id\":\"https:\/\/epochtimestr.com\/index.php\/avrupa-ulkeleri-orta-dogudaki-vatandaslarini-tahliye-ediyor\"},\"wordCount\":639,\"commentCount\":0,\"publisher\":{\"@id\":\"https:\/\/epochtimestr.com\/#organization\"},\"image\":{\"@id\":\"https:\/\/epochtimestr.com\/index.php\/avrupa-ulkeleri-orta-dogudaki-vatandaslarini-tahliye-ediyor#primaryimage\"},\"thumbnailUrl\":\"https:\/\/epochtimestr.com\/wp-content\/uploads\/2011y\/1000034131.webp\",\"keywords\":[\"ABD \u0130ran sava\u015f\u0131\",\"almanya\",\"Avrupa \u00fclkeleri\",\"Birle\u015fik Krall\u0131k\",\"fransa\",\"g\u00fcvenlik riskleri\",\"\u0130talya\",\"Marco Rubio\",\"Maskat\",\"Orta Do\u011fu\",\"Riyad\",\"Tahliye\",\"tahran\",\"Trump\"],\"articleSection\":[\"D\u00dcNYA\",\"G\u00dcNDEM\",\"MAN\u015eET\"],\"inLanguage\":\"tr\",\"potentialAction\":[{\"@type\":\"CommentAction\",\"name\":\"Comment\",\"target\":[\"https:\/\/epochtimestr.com\/index.php\/avrupa-ulkeleri-orta-dogudaki-vatandaslarini-tahliye-ediyor#respond\"]}]},{\"@type\":\"WebPage\",\"@id\":\"https:\/\/epochtimestr.com\/index.php\/avrupa-ulkeleri-orta-dogudaki-vatandaslarini-tahliye-ediyor\",\"url\":\"https:\/\/epochtimestr.com\/index.php\/avrupa-ulkeleri-orta-dogudaki-vatandaslarini-tahliye-ediyor\",\"name\":\"Avrupa \u00dclkeleri Orta Do\u011fu\u2019daki Vatanda\u015flar\u0131n\u0131 Tahliye Ediyor - The Epoch Times TR\",\"isPartOf\":{\"@id\":\"https:\/\/epochtimestr.com\/#website\"},\"primaryImageOfPage\":{\"@id\":\"https:\/\/epochtimestr.com\/index.php\/avrupa-ulkeleri-orta-dogudaki-vatandaslarini-tahliye-ediyor#primaryimage\"},\"image\":{\"@id\":\"https:\/\/epochtimestr.com\/index.php\/avrupa-ulkeleri-orta-dogudaki-vatandaslarini-tahliye-ediyor#primaryimage\"},\"thumbnailUrl\":\"https:\/\/epochtimestr.com\/wp-content\/uploads\/2011y\/1000034131.webp\",\"datePublished\":\"2026-03-03T12:50:56+00:00\",\"dateModified\":\"2026-03-03T12:51:02+00:00\",\"description\":\"Avrupa \u00fclkeleri, \u0130ran gerilimi sonras\u0131 Orta Do\u011fu\u2019daki vatanda\u015flar\u0131n\u0131 tahliye ediyor. \u0130talya ve Almanya acil ad\u0131mlar att\u0131.\",\"inLanguage\":\"tr\",\"potentialAction\":[{\"@type\":\"ReadAction\",\"target\":[\"https:\/\/epochtimestr.com\/index.php\/avrupa-ulkeleri-orta-dogudaki-vatandaslarini-tahliye-ediyor\"]}]},{\"@type\":\"ImageObject\",\"inLanguage\":\"tr\",\"@id\":\"https:\/\/epochtimestr.com\/index.php\/avrupa-ulkeleri-orta-dogudaki-vatandaslarini-tahliye-ediyor#primaryimage\",\"url\":\"https:\/\/epochtimestr.com\/wp-content\/uploads\/2011y\/1000034131.webp\",\"contentUrl\":\"https:\/\/epochtimestr.com\/wp-content\/uploads\/2011y\/1000034131.webp\",\"width\":1080,\"height\":720},{\"@type\":\"WebSite\",\"@id\":\"https:\/\/epochtimestr.com\/#website\",\"url\":\"https:\/\/epochtimestr.com\/\",\"name\":\"The Epoch Times TR\",\"description\":\"De\u011fi\u015fen D\u00fcnyam\u0131za Taze Bir Bak\u0131\u015f\",\"publisher\":{\"@id\":\"https:\/\/epochtimestr.com\/#organization\"},\"potentialAction\":[{\"@type\":\"SearchAction\",\"target\":{\"@type\":\"EntryPoint\",\"urlTemplate\":\"https:\/\/epochtimestr.com\/?s={search_term_string}\"},\"query-input\":\"required name=search_term_string\"}],\"inLanguage\":\"tr\"},{\"@type\":\"Organization\",\"@id\":\"https:\/\/epochtimestr.com\/#organization\",\"name\":\"The EpochTimes T\u00fcrkiye\",\"url\":\"https:\/\/epochtimestr.com\/\",\"logo\":{\"@type\":\"ImageObject\",\"inLanguage\":\"tr\",\"@id\":\"https:\/\/epochtimestr.com\/#\/schema\/logo\/image\/\",\"url\":\"https:\/\/epochtimestr.com\/wp-content\/uploads\/2011y\/ET-Logo-YG.jpg\",\"contentUrl\":\"https:\/\/epochtimestr.com\/wp-content\/uploads\/2011y\/ET-Logo-YG.jpg\",\"width\":346,\"height\":29,\"caption\":\"The EpochTimes T\u00fcrkiye\"},\"image\":{\"@id\":\"https:\/\/epochtimestr.com\/#\/schema\/logo\/image\/\"},\"sameAs\":[\"https:\/\/www.facebook.com\/theepochtimestr\",\"https:\/\/x.com\/TheEpochTimesTR\",\"https:\/\/www.instagram.com\/epochtimestr\"]},{\"@type\":\"Person\",\"@id\":\"https:\/\/epochtimestr.com\/#\/schema\/person\/5fef218711d76d8f232b0e1f1d7e4c0d\",\"name\":\"Leo Bajelan\",\"image\":{\"@type\":\"ImageObject\",\"inLanguage\":\"tr\",\"@id\":\"https:\/\/epochtimestr.com\/#\/schema\/person\/image\/\",\"url\":\"https:\/\/secure.gravatar.com\/avatar\/917669146f489549e548a2e9af272df5?s=96&d=mm&r=g\",\"contentUrl\":\"https:\/\/secure.gravatar.com\/avatar\/917669146f489549e548a2e9af272df5?s=96&d=mm&r=g\",\"caption\":\"Leo Bajelan\"},\"url\":\"https:\/\/epochtimestr.com\/index.php\/author\/leo\"}]}<\/script>\n<!-- \/ Yoast SEO plugin. -->","yoast_head_json":{"title":"Avrupa \u00dclkeleri Orta Do\u011fu\u2019daki Vatanda\u015flar\u0131n\u0131 Tahliye Ediyor - The Epoch Times TR","description":"Avrupa \u00fclkeleri, \u0130ran gerilimi sonras\u0131 Orta Do\u011fu\u2019daki vatanda\u015flar\u0131n\u0131 tahliye ediyor. \u0130talya ve Almanya acil ad\u0131mlar att\u0131.","robots":{"index":"index","follow":"follow","max-snippet":"max-snippet:-1","max-image-preview":"max-image-preview:large","max-video-preview":"max-video-preview:-1"},"canonical":"https:\/\/epochtimestr.com\/index.php\/avrupa-ulkeleri-orta-dogudaki-vatandaslarini-tahliye-ediyor","og_locale":"tr_TR","og_type":"article","og_title":"Avrupa \u00dclkeleri Orta Do\u011fu\u2019daki Vatanda\u015flar\u0131n\u0131 Tahliye Ediyor - The Epoch Times TR","og_description":"Avrupa \u00fclkeleri, \u0130ran gerilimi sonras\u0131 Orta Do\u011fu\u2019daki vatanda\u015flar\u0131n\u0131 tahliye ediyor. \u0130talya ve Almanya acil ad\u0131mlar att\u0131.","og_url":"https:\/\/epochtimestr.com\/index.php\/avrupa-ulkeleri-orta-dogudaki-vatandaslarini-tahliye-ediyor","og_site_name":"The Epoch Times TR","article_publisher":"https:\/\/www.facebook.com\/theepochtimestr","article_published_time":"2026-03-03T12:50:56+00:00","article_modified_time":"2026-03-03T12:51:02+00:00","og_image":[{"width":1080,"height":720,"url":"https:\/\/epochtimestr.com\/wp-content\/uploads\/2011y\/1000034131.webp","type":"image\/webp"}],"author":"Leo Bajelan","twitter_card":"summary_large_image","twitter_creator":"@TheEpochTimesTR","twitter_site":"@TheEpochTimesTR","twitter_misc":{"Yazan:":"Leo Bajelan","Tahmini okuma s\u00fcresi":"3 dakika"},"schema":{"@context":"https:\/\/schema.org","@graph":[{"@type":"Article","@id":"https:\/\/epochtimestr.com\/index.php\/avrupa-ulkeleri-orta-dogudaki-vatandaslarini-tahliye-ediyor#article","isPartOf":{"@id":"https:\/\/epochtimestr.com\/index.php\/avrupa-ulkeleri-orta-dogudaki-vatandaslarini-tahliye-ediyor"},"author":{"name":"Leo Bajelan","@id":"https:\/\/epochtimestr.com\/#\/schema\/person\/5fef218711d76d8f232b0e1f1d7e4c0d"},"headline":"Avrupa \u00dclkeleri Orta Do\u011fu\u2019daki Vatanda\u015flar\u0131n\u0131 Tahliye Ediyor","datePublished":"2026-03-03T12:50:56+00:00","dateModified":"2026-03-03T12:51:02+00:00","mainEntityOfPage":{"@id":"https:\/\/epochtimestr.com\/index.php\/avrupa-ulkeleri-orta-dogudaki-vatandaslarini-tahliye-ediyor"},"wordCount":639,"commentCount":0,"publisher":{"@id":"https:\/\/epochtimestr.com\/#organization"},"image":{"@id":"https:\/\/epochtimestr.com\/index.php\/avrupa-ulkeleri-orta-dogudaki-vatandaslarini-tahliye-ediyor#primaryimage"},"thumbnailUrl":"https:\/\/epochtimestr.com\/wp-content\/uploads\/2011y\/1000034131.webp","keywords":["ABD \u0130ran sava\u015f\u0131","almanya","Avrupa \u00fclkeleri","Birle\u015fik Krall\u0131k","fransa","g\u00fcvenlik riskleri","\u0130talya","Marco Rubio","Maskat","Orta Do\u011fu","Riyad","Tahliye","tahran","Trump"],"articleSection":["D\u00dcNYA","G\u00dcNDEM","MAN\u015eET"],"inLanguage":"tr","potentialAction":[{"@type":"CommentAction","name":"Comment","target":["https:\/\/epochtimestr.com\/index.php\/avrupa-ulkeleri-orta-dogudaki-vatandaslarini-tahliye-ediyor#respond"]}]},{"@type":"WebPage","@id":"https:\/\/epochtimestr.com\/index.php\/avrupa-ulkeleri-orta-dogudaki-vatandaslarini-tahliye-ediyor","url":"https:\/\/epochtimestr.com\/index.php\/avrupa-ulkeleri-orta-dogudaki-vatandaslarini-tahliye-ediyor","name":"Avrupa \u00dclkeleri Orta Do\u011fu\u2019daki Vatanda\u015flar\u0131n\u0131 Tahliye Ediyor - The Epoch Times TR","isPartOf":{"@id":"https:\/\/epochtimestr.com\/#website"},"primaryImageOfPage":{"@id":"https:\/\/epochtimestr.com\/index.php\/avrupa-ulkeleri-orta-dogudaki-vatandaslarini-tahliye-ediyor#primaryimage"},"image":{"@id":"https:\/\/epochtimestr.com\/index.php\/avrupa-ulkeleri-orta-dogudaki-vatandaslarini-tahliye-ediyor#primaryimage"},"thumbnailUrl":"https:\/\/epochtimestr.com\/wp-content\/uploads\/2011y\/1000034131.webp","datePublished":"2026-03-03T12:50:56+00:00","dateModified":"2026-03-03T12:51:02+00:00","description":"Avrupa \u00fclkeleri, \u0130ran gerilimi sonras\u0131 Orta Do\u011fu\u2019daki vatanda\u015flar\u0131n\u0131 tahliye ediyor. \u0130talya ve Almanya acil ad\u0131mlar att\u0131.","inLanguage":"tr","potentialAction":[{"@type":"ReadAction","target":["https:\/\/epochtimestr.com\/index.php\/avrupa-ulkeleri-orta-dogudaki-vatandaslarini-tahliye-ediyor"]}]},{"@type":"ImageObject","inLanguage":"tr","@id":"https:\/\/epochtimestr.com\/index.php\/avrupa-ulkeleri-orta-dogudaki-vatandaslarini-tahliye-ediyor#primaryimage","url":"https:\/\/epochtimestr.com\/wp-content\/uploads\/2011y\/1000034131.webp","contentUrl":"https:\/\/epochtimestr.com\/wp-content\/uploads\/2011y\/1000034131.webp","width":1080,"height":720},{"@type":"WebSite","@id":"https:\/\/epochtimestr.com\/#website","url":"https:\/\/epochtimestr.com\/","name":"The Epoch Times TR","description":"De\u011fi\u015fen D\u00fcnyam\u0131za Taze Bir Bak\u0131\u015f","publisher":{"@id":"https:\/\/epochtimestr.com\/#organization"},"potentialAction":[{"@type":"SearchAction","target":{"@type":"EntryPoint","urlTemplate":"https:\/\/epochtimestr.com\/?s={search_term_string}"},"query-input":"required name=search_term_string"}],"inLanguage":"tr"},{"@type":"Organization","@id":"https:\/\/epochtimestr.com\/#organization","name":"The EpochTimes T\u00fcrkiye","url":"https:\/\/epochtimestr.com\/","logo":{"@type":"ImageObject","inLanguage":"tr","@id":"https:\/\/epochtimestr.com\/#\/schema\/logo\/image\/","url":"https:\/\/epochtimestr.com\/wp-content\/uploads\/2011y\/ET-Logo-YG.jpg","contentUrl":"https:\/\/epochtimestr.com\/wp-content\/uploads\/2011y\/ET-Logo-YG.jpg","width":346,"height":29,"caption":"The EpochTimes T\u00fcrkiye"},"image":{"@id":"https:\/\/epochtimestr.com\/#\/schema\/logo\/image\/"},"sameAs":["https:\/\/www.facebook.com\/theepochtimestr","https:\/\/x.com\/TheEpochTimesTR","https:\/\/www.instagram.com\/epochtimestr"]},{"@type":"Person","@id":"https:\/\/epochtimestr.com\/#\/schema\/person\/5fef218711d76d8f232b0e1f1d7e4c0d","name":"Leo Bajelan","image":{"@type":"ImageObject","inLanguage":"tr","@id":"https:\/\/epochtimestr.com\/#\/schema\/person\/image\/","url":"https:\/\/secure.gravatar.com\/avatar\/917669146f489549e548a2e9af272df5?s=96&d=mm&r=g","contentUrl":"https:\/\/secure.gravatar.com\/avatar\/917669146f489549e548a2e9af272df5?s=96&d=mm&r=g","caption":"Leo Bajelan"},"url":"https:\/\/epochtimestr.com\/index.php\/author\/leo"}]}},"_links":{"self":[{"href":"https:\/\/epochtimestr.com\/index.php\/wp-json\/wp\/v2\/posts\/166050"}],"collection":[{"href":"https:\/\/epochtimestr.com\/index.php\/wp-json\/wp\/v2\/posts"}],"about":[{"href":"https:\/\/epochtimestr.com\/index.php\/wp-json\/wp\/v2\/types\/post"}],"author":[{"embeddable":true,"href":"https:\/\/epochtimestr.com\/index.php\/wp-json\/wp\/v2\/users\/13996"}],"replies":[{"embeddable":true,"href":"https:\/\/epochtimestr.com\/index.php\/wp-json\/wp\/v2\/comments?post=166050"}],"version-history":[{"count":2,"href":"https:\/\/epochtimestr.com\/index.php\/wp-json\/wp\/v2\/posts\/166050\/revisions"}],"predecessor-version":[{"id":166057,"href":"https:\/\/epochtimestr.com\/index.php\/wp-json\/wp\/v2\/posts\/166050\/revisions\/166057"}],"wp:featuredmedia":[{"embeddable":true,"href":"https:\/\/epochtimestr.com\/index.php\/wp-json\/wp\/v2\/media\/166052"}],"wp:attachment":[{"href":"https:\/\/epochtimestr.com\/index.php\/wp-json\/wp\/v2\/media?parent=166050"}],"wp:term":[{"taxonomy":"category","embeddable":true,"href":"https:\/\/epochtimestr.com\/index.php\/wp-json\/wp\/v2\/categories?post=166050"},{"taxonomy":"post_tag","embeddable":true,"href":"https:\/\/epochtimestr.com\/index.php\/wp-json\/wp\/v2\/tags?post=166050"}],"curies":[{"name":"wp","href":"https:\/\/api.w.org\/{rel}","templated":true}]}}