{"id":166058,"date":"2026-03-04T11:48:23","date_gmt":"2026-03-04T08:48:23","guid":{"rendered":"https:\/\/epochtimestr.com\/?p=166058"},"modified":"2026-03-04T11:48:26","modified_gmt":"2026-03-04T08:48:26","slug":"iran-rejimi-hamaneyin-oldurulmesine-ragmen-ayakta-kalabilir","status":"publish","type":"post","link":"https:\/\/epochtimestr.com\/index.php\/iran-rejimi-hamaneyin-oldurulmesine-ragmen-ayakta-kalabilir","title":{"rendered":"\u0130ran Rejimi Hamaney\u2019in \u00d6ld\u00fcr\u00fclmesine Ra\u011fmen Ayakta Kalabilir"},"content":{"rendered":"<div class=\"wp-block-image\">\n<figure class=\"aligncenter size-full\"><img loading=\"lazy\" decoding=\"async\" width=\"1080\" height=\"720\" src=\"https:\/\/epochtimestr.com\/wp-content\/uploads\/2011y\/1000034213.jpg\" alt=\"\u0130ran rejimi, 1979 Devrimi sonras\u0131 kurulan teokratik yap\u0131s\u0131yla dini lider merkezli y\u00f6netilen, b\u00f6lgesel etkisi g\u00fc\u00e7l\u00fc bir siyasi sistemdir. \u0130ran\u2019\u0131n dini lideri Ayetullah Ali Hamaney\u2019in o\u011flu M\u00fccteba Hamaney (ortada),y\u0131ll\u0131k Kud\u00fcs G\u00fcn\u00fc mitingine kat\u0131l\u0131rken. 31 May\u0131s 2019, Tahran. (Foto\u011fraf: The Epoch Times arac\u0131l\u0131\u011f\u0131yla, Rouzbeh Fouladi, AFP - Getty Images)\" class=\"wp-image-166059\" srcset=\"https:\/\/epochtimestr.com\/wp-content\/uploads\/2011y\/1000034213.jpg 1080w, https:\/\/epochtimestr.com\/wp-content\/uploads\/2011y\/1000034213-300x200.jpg 300w, https:\/\/epochtimestr.com\/wp-content\/uploads\/2011y\/1000034213-150x100.jpg 150w, https:\/\/epochtimestr.com\/wp-content\/uploads\/2011y\/1000034213-768x512.jpg 768w\" sizes=\"(max-width: 1080px) 100vw, 1080px\" \/><figcaption class=\"wp-element-caption\">\u0130ran rejimi, 1979 Devrimi sonras\u0131 kurulan teokratik yap\u0131s\u0131yla dini lider merkezli y\u00f6netilen, b\u00f6lgesel etkisi g\u00fc\u00e7l\u00fc bir siyasi sistemdir. \u0130ran\u2019\u0131n dini lideri Ayetullah Ali Hamaney\u2019in o\u011flu M\u00fccteba Hamaney (ortada),y\u0131ll\u0131k Kud\u00fcs G\u00fcn\u00fc mitingine kat\u0131l\u0131rken. 31 May\u0131s 2019, Tahran. (Foto\u011fraf: The Epoch Times arac\u0131l\u0131\u011f\u0131yla, Rouzbeh Fouladi, AFP &#8211; Getty Images)<\/figcaption><\/figure><\/div>\n\n\n<p>ABD ve \u0130srail taraf\u0131ndan 28 \u015eubat\u2019ta d\u00fczenlenen operasyonda \u0130ran\u2019\u0131n dini lideri Ayetullah Ali Hamaney ile <a href=\"https:\/\/www.theepochtimes.com\/world\/killing-khamenei-wont-be-decisive-in-defeating-iranian-regime-former-diplomats-warn-5993890\" target=\"_blank\" rel=\"noreferrer noopener\">47 Devrim Muhaf\u0131zlar\u0131 <\/a>komutan\u0131 hayat\u0131n\u0131 kaybetti. Ancak bu olaylar\u0131n, \u0130ran\u2019daki mevcut rejimi k\u0131sa vadede sona erdirmesi beklenmiyor. Washington merkezli d\u00fc\u015f\u00fcnce kurulu\u015fu Brookings Institution, 3 Mart\u2019ta \u0130ran&#8217;daki sava\u015f hakk\u0131nda bir panel d\u00fczenledi. Eski diplomatlar ve Orta Do\u011fu uzmanlar\u0131, Tahran\u2019daki y\u00f6netimin varl\u0131\u011f\u0131n\u0131 s\u00fcrd\u00fcrebilece\u011fi g\u00f6r\u00fc\u015f\u00fcnde birle\u015fiyor.<\/p>\n\n\n\n<p>Brookings Enstit\u00fcs\u00fc D\u0131\u015f Politika \u00c7al\u0131\u015fmalar\u0131 Direkt\u00f6r\u00fc Suzanne Maloney, panelde konu\u015ftu. Maloney 1979\u2019daki \u0130ran \u0130slam Devrimi sonras\u0131 kurulan sistemin yaln\u0131zca tek bir lidere ba\u011fl\u0131 olmad\u0131\u011f\u0131n\u0131 vurgulad\u0131. Ayr\u0131ca \u00fclkede y\u00f6netimi devralabilecek \u00e7ok say\u0131da sertlik yanl\u0131s\u0131 ismin bulundu\u011funu belirtti. \u201cBu \u00e7at\u0131\u015fman\u0131n ard\u0131ndan \u0130ran\u2019da yine bu rejimin bir versiyonuyla kar\u015f\u0131 kar\u015f\u0131ya kalaca\u011f\u0131z\u201d dedi.<\/p>\n\n\n\n<p>\u0130ngiltere merkezli muhalif yay\u0131n organ\u0131 Iran International, Uzmanlar Meclisi\u2019nin Hamaney\u2019in o\u011flu M\u00fccteba Hamaney\u2019i yeni dini lider olarak belirledi\u011fini \u00f6ne s\u00fcrd\u00fc. Ancak Tahran y\u00f6netimi bu iddiay\u0131 resmi olarak do\u011frulamad\u0131. Uzmanlara g\u00f6re, M\u00fccteba Hamaney gibi kat\u0131 \u00e7izgide bir ismin g\u00f6reve gelmesi halinde halk hareketleriyle rejimin devrilmesi olas\u0131l\u0131\u011f\u0131 olduk\u00e7a d\u00fc\u015f\u00fck. Ayr\u0131ca \u0130ran\u2019\u0131n ABD ve \u0130srail\u2019in taleplerine boyun e\u011fmesi ya da b\u00f6lgedeki f\u00fcze ve \u0130HA faaliyetlerini durdurmas\u0131 da olas\u0131 de\u011fil.<\/p>\n\n\n\n<h3 class=\"wp-block-heading\">\u0130ran Rejimi \u0130le Anla\u015fma Olabilir<\/h3>\n\n\n\n<p>Panelde konu\u015fan eski ABD\u2019li diplomat Philip Gordon, ya\u015fanan geli\u015fmelerin \u0130ran\u2019da bir de\u011fi\u015fim beklentisi olu\u015fturdu\u011funu s\u00f6yledi. Ancak bunun ger\u00e7ek\u00e7i olmayabilece\u011fini belirtti. ABD\u2019nin kapsaml\u0131 bir kara harek\u00e2t\u0131na giri\u015fmemesi durumunda, bir anla\u015fma senaryosu olabilece\u011fini dile getirdi.<\/p>\n\n\n\n<p>Bir di\u011fer kat\u0131l\u0131mc\u0131 Jeffrey Feltman ise \u0130ran y\u00f6netiminin yaln\u0131zca Hamaney\u2019den ibaret olmad\u0131\u011f\u0131n\u0131 belirtti. Ayr\u0131ca \u00fclkede \u00f6rg\u00fctl\u00fc ve g\u00fc\u00e7l\u00fc bir muhalefet hareketinin bulunmad\u0131\u011f\u0131na dikkat \u00e7ekti. Feltman, ge\u00e7mi\u015fte Ban Ki-moon ile birlikte Tahran\u2019a yapt\u0131\u011f\u0131 ziyarette Hamaney ile y\u00fcz y\u00fcze g\u00f6r\u00fc\u015ft\u00fc\u011f\u00fcn\u00fc hat\u0131rlatt\u0131. Rejimin ideolojik temelinin <a href=\"https:\/\/epochtimestr.com\/index.php\/trump-israil-ile-birlikte-irana-saldirilari-hakkinda-aciklama-yapti\" target=\"_blank\" rel=\"noreferrer noopener\">ABD<\/a> kar\u015f\u0131tl\u0131\u011f\u0131 \u00fczerine kurulu oldu\u011funu ifade etti.<\/p>\n\n\n\n<p>Uzmanlara g\u00f6re, Hamaney\u2019in \u00f6l\u00fcm\u00fc \u00fczerine \u0130ran siyasetinde belirsizlikler ve i\u00e7 \u00e7eki\u015fmeler artabilir. Ancak bu durum, rejimi zay\u0131flatmak yerine daha sert ve \u00f6ng\u00f6r\u00fclemez ad\u0131mlar at\u0131lmas\u0131na da yol a\u00e7abilir. De\u011ferlendirmeler, \u0130ran\u2019daki mevcut yap\u0131n\u0131n k\u0131sa vadede tamamen \u00e7\u00f6kece\u011fine dair g\u00fc\u00e7l\u00fc i\u015faretler bulunmad\u0131\u011f\u0131n\u0131 vurguluyor.<\/p>\n","protected":false},"excerpt":{"rendered":"<p>ABD ve \u0130srail taraf\u0131ndan 28 \u015eubat\u2019ta d\u00fczenlenen operasyonda \u0130ran\u2019\u0131n dini lideri Ayetullah Ali Hamaney ile 47 Devrim Muhaf\u0131zlar\u0131 komutan\u0131 hayat\u0131n\u0131 kaybetti. Ancak bu olaylar\u0131n, \u0130ran\u2019daki mevcut rejimi k\u0131sa vadede sona erdirmesi beklenmiyor. Washington merkezli d\u00fc\u015f\u00fcnce kurulu\u015fu Brookings Institution, 3 Mart\u2019ta \u0130ran&#8217;daki sava\u015f hakk\u0131nda bir panel d\u00fczenledi. Eski diplomatlar ve Orta Do\u011fu uzmanlar\u0131, Tahran\u2019daki y\u00f6netimin varl\u0131\u011f\u0131n\u0131 [&hellip;]<\/p>\n","protected":false},"author":13996,"featured_media":166059,"comment_status":"open","ping_status":"open","sticky":false,"template":"","format":"standard","meta":{"_yoast_wpseo_focuskw":"\u0130ran Rejimi","_yoast_wpseo_title":"","_yoast_wpseo_metadesc":"Uzmanlara g\u00f6re \u0130srail-ABD sald\u0131r\u0131lar\u0131 ve Ayetullah Ali Hamaney'in \u00f6l\u00fcm\u00fc kar\u015f\u0131s\u0131nda mevcut \u0130ran rejimi k\u0131sa vadede sona ermeyebilir.","_bbp_topic_count":0,"_bbp_reply_count":0,"_bbp_total_topic_count":0,"_bbp_total_reply_count":0,"_bbp_voice_count":0,"_bbp_anonymous_reply_count":0,"_bbp_topic_count_hidden":0,"_bbp_reply_count_hidden":0,"_bbp_forum_subforum_count":0,"footnotes":"","_yoast_wpseo_focuskw_text_input":""},"categories":[5,1,8138],"tags":[407,10503,10449,10946,10947,10498,10948,7874,10949],"yoast_head":"<!-- This site is optimized with the Yoast SEO plugin v23.0 - https:\/\/yoast.com\/wordpress\/plugins\/seo\/ -->\n<title>\u0130ran Rejimi Hamaney\u2019in \u00d6ld\u00fcr\u00fclmesine Ra\u011fmen Ayakta Kalabilir - The Epoch Times TR<\/title>\n<meta name=\"description\" content=\"Uzmanlara g\u00f6re \u0130srail-ABD sald\u0131r\u0131lar\u0131 ve Ayetullah Ali Hamaney&#039;in \u00f6l\u00fcm\u00fc kar\u015f\u0131s\u0131nda mevcut \u0130ran rejimi k\u0131sa vadede sona ermeyebilir.\" \/>\n<meta name=\"robots\" content=\"index, follow, max-snippet:-1, max-image-preview:large, max-video-preview:-1\" \/>\n<link rel=\"canonical\" href=\"https:\/\/epochtimestr.com\/index.php\/iran-rejimi-hamaneyin-oldurulmesine-ragmen-ayakta-kalabilir\" \/>\n<meta property=\"og:locale\" content=\"tr_TR\" \/>\n<meta property=\"og:type\" content=\"article\" \/>\n<meta property=\"og:title\" content=\"\u0130ran Rejimi Hamaney\u2019in \u00d6ld\u00fcr\u00fclmesine Ra\u011fmen Ayakta Kalabilir - The Epoch Times TR\" \/>\n<meta property=\"og:description\" content=\"Uzmanlara g\u00f6re \u0130srail-ABD sald\u0131r\u0131lar\u0131 ve Ayetullah Ali Hamaney&#039;in \u00f6l\u00fcm\u00fc kar\u015f\u0131s\u0131nda mevcut \u0130ran rejimi k\u0131sa vadede sona ermeyebilir.\" \/>\n<meta property=\"og:url\" content=\"https:\/\/epochtimestr.com\/index.php\/iran-rejimi-hamaneyin-oldurulmesine-ragmen-ayakta-kalabilir\" \/>\n<meta property=\"og:site_name\" content=\"The Epoch Times TR\" \/>\n<meta property=\"article:publisher\" content=\"https:\/\/www.facebook.com\/theepochtimestr\" \/>\n<meta property=\"article:published_time\" content=\"2026-03-04T08:48:23+00:00\" \/>\n<meta property=\"article:modified_time\" content=\"2026-03-04T08:48:26+00:00\" \/>\n<meta property=\"og:image\" content=\"https:\/\/epochtimestr.com\/wp-content\/uploads\/2011y\/1000034213.jpg\" \/>\n\t<meta property=\"og:image:width\" content=\"1080\" \/>\n\t<meta property=\"og:image:height\" content=\"720\" \/>\n\t<meta property=\"og:image:type\" content=\"image\/jpeg\" \/>\n<meta name=\"author\" content=\"Leo Bajelan\" \/>\n<meta name=\"twitter:card\" content=\"summary_large_image\" \/>\n<meta name=\"twitter:creator\" content=\"@TheEpochTimesTR\" \/>\n<meta name=\"twitter:site\" content=\"@TheEpochTimesTR\" \/>\n<meta name=\"twitter:label1\" content=\"Yazan:\" \/>\n\t<meta name=\"twitter:data1\" content=\"Leo Bajelan\" \/>\n\t<meta name=\"twitter:label2\" content=\"Tahmini okuma s\u00fcresi\" \/>\n\t<meta name=\"twitter:data2\" content=\"3 dakika\" \/>\n<script type=\"application\/ld+json\" class=\"yoast-schema-graph\">{\"@context\":\"https:\/\/schema.org\",\"@graph\":[{\"@type\":\"Article\",\"@id\":\"https:\/\/epochtimestr.com\/index.php\/iran-rejimi-hamaneyin-oldurulmesine-ragmen-ayakta-kalabilir#article\",\"isPartOf\":{\"@id\":\"https:\/\/epochtimestr.com\/index.php\/iran-rejimi-hamaneyin-oldurulmesine-ragmen-ayakta-kalabilir\"},\"author\":{\"name\":\"Leo Bajelan\",\"@id\":\"https:\/\/epochtimestr.com\/#\/schema\/person\/5fef218711d76d8f232b0e1f1d7e4c0d\"},\"headline\":\"\u0130ran Rejimi Hamaney\u2019in \u00d6ld\u00fcr\u00fclmesine Ra\u011fmen Ayakta Kalabilir\",\"datePublished\":\"2026-03-04T08:48:23+00:00\",\"dateModified\":\"2026-03-04T08:48:26+00:00\",\"mainEntityOfPage\":{\"@id\":\"https:\/\/epochtimestr.com\/index.php\/iran-rejimi-hamaneyin-oldurulmesine-ragmen-ayakta-kalabilir\"},\"wordCount\":499,\"commentCount\":0,\"publisher\":{\"@id\":\"https:\/\/epochtimestr.com\/#organization\"},\"image\":{\"@id\":\"https:\/\/epochtimestr.com\/index.php\/iran-rejimi-hamaneyin-oldurulmesine-ragmen-ayakta-kalabilir#primaryimage\"},\"thumbnailUrl\":\"https:\/\/epochtimestr.com\/wp-content\/uploads\/2011y\/1000034213.jpg\",\"keywords\":[\"ABD\",\"ABD \u0130ran sava\u015f\u0131\",\"Ayetullah Ali Hamaney\",\"Hamaney\u2019in \u00f6l\u00fcm\u00fc\",\"\u0130ran siyaseti\",\"\u0130ran y\u00f6netimi\",\"\u0130ran\u2019da de\u011fi\u015fim beklentisi\",\"\u0130srail\",\"M\u00fccteba Hamaney\"],\"articleSection\":[\"D\u00dcNYA\",\"G\u00dcNDEM\",\"MAN\u015eET\"],\"inLanguage\":\"tr\",\"potentialAction\":[{\"@type\":\"CommentAction\",\"name\":\"Comment\",\"target\":[\"https:\/\/epochtimestr.com\/index.php\/iran-rejimi-hamaneyin-oldurulmesine-ragmen-ayakta-kalabilir#respond\"]}]},{\"@type\":\"WebPage\",\"@id\":\"https:\/\/epochtimestr.com\/index.php\/iran-rejimi-hamaneyin-oldurulmesine-ragmen-ayakta-kalabilir\",\"url\":\"https:\/\/epochtimestr.com\/index.php\/iran-rejimi-hamaneyin-oldurulmesine-ragmen-ayakta-kalabilir\",\"name\":\"\u0130ran Rejimi Hamaney\u2019in \u00d6ld\u00fcr\u00fclmesine Ra\u011fmen Ayakta Kalabilir - The Epoch Times TR\",\"isPartOf\":{\"@id\":\"https:\/\/epochtimestr.com\/#website\"},\"primaryImageOfPage\":{\"@id\":\"https:\/\/epochtimestr.com\/index.php\/iran-rejimi-hamaneyin-oldurulmesine-ragmen-ayakta-kalabilir#primaryimage\"},\"image\":{\"@id\":\"https:\/\/epochtimestr.com\/index.php\/iran-rejimi-hamaneyin-oldurulmesine-ragmen-ayakta-kalabilir#primaryimage\"},\"thumbnailUrl\":\"https:\/\/epochtimestr.com\/wp-content\/uploads\/2011y\/1000034213.jpg\",\"datePublished\":\"2026-03-04T08:48:23+00:00\",\"dateModified\":\"2026-03-04T08:48:26+00:00\",\"description\":\"Uzmanlara g\u00f6re \u0130srail-ABD sald\u0131r\u0131lar\u0131 ve Ayetullah Ali Hamaney'in \u00f6l\u00fcm\u00fc kar\u015f\u0131s\u0131nda mevcut \u0130ran rejimi k\u0131sa vadede sona ermeyebilir.\",\"inLanguage\":\"tr\",\"potentialAction\":[{\"@type\":\"ReadAction\",\"target\":[\"https:\/\/epochtimestr.com\/index.php\/iran-rejimi-hamaneyin-oldurulmesine-ragmen-ayakta-kalabilir\"]}]},{\"@type\":\"ImageObject\",\"inLanguage\":\"tr\",\"@id\":\"https:\/\/epochtimestr.com\/index.php\/iran-rejimi-hamaneyin-oldurulmesine-ragmen-ayakta-kalabilir#primaryimage\",\"url\":\"https:\/\/epochtimestr.com\/wp-content\/uploads\/2011y\/1000034213.jpg\",\"contentUrl\":\"https:\/\/epochtimestr.com\/wp-content\/uploads\/2011y\/1000034213.jpg\",\"width\":1080,\"height\":720},{\"@type\":\"WebSite\",\"@id\":\"https:\/\/epochtimestr.com\/#website\",\"url\":\"https:\/\/epochtimestr.com\/\",\"name\":\"The Epoch Times TR\",\"description\":\"De\u011fi\u015fen D\u00fcnyam\u0131za Taze Bir Bak\u0131\u015f\",\"publisher\":{\"@id\":\"https:\/\/epochtimestr.com\/#organization\"},\"potentialAction\":[{\"@type\":\"SearchAction\",\"target\":{\"@type\":\"EntryPoint\",\"urlTemplate\":\"https:\/\/epochtimestr.com\/?s={search_term_string}\"},\"query-input\":\"required name=search_term_string\"}],\"inLanguage\":\"tr\"},{\"@type\":\"Organization\",\"@id\":\"https:\/\/epochtimestr.com\/#organization\",\"name\":\"The EpochTimes T\u00fcrkiye\",\"url\":\"https:\/\/epochtimestr.com\/\",\"logo\":{\"@type\":\"ImageObject\",\"inLanguage\":\"tr\",\"@id\":\"https:\/\/epochtimestr.com\/#\/schema\/logo\/image\/\",\"url\":\"https:\/\/epochtimestr.com\/wp-content\/uploads\/2011y\/ET-Logo-YG.jpg\",\"contentUrl\":\"https:\/\/epochtimestr.com\/wp-content\/uploads\/2011y\/ET-Logo-YG.jpg\",\"width\":346,\"height\":29,\"caption\":\"The EpochTimes T\u00fcrkiye\"},\"image\":{\"@id\":\"https:\/\/epochtimestr.com\/#\/schema\/logo\/image\/\"},\"sameAs\":[\"https:\/\/www.facebook.com\/theepochtimestr\",\"https:\/\/x.com\/TheEpochTimesTR\",\"https:\/\/www.instagram.com\/epochtimestr\"]},{\"@type\":\"Person\",\"@id\":\"https:\/\/epochtimestr.com\/#\/schema\/person\/5fef218711d76d8f232b0e1f1d7e4c0d\",\"name\":\"Leo Bajelan\",\"image\":{\"@type\":\"ImageObject\",\"inLanguage\":\"tr\",\"@id\":\"https:\/\/epochtimestr.com\/#\/schema\/person\/image\/\",\"url\":\"https:\/\/secure.gravatar.com\/avatar\/917669146f489549e548a2e9af272df5?s=96&d=mm&r=g\",\"contentUrl\":\"https:\/\/secure.gravatar.com\/avatar\/917669146f489549e548a2e9af272df5?s=96&d=mm&r=g\",\"caption\":\"Leo Bajelan\"},\"url\":\"https:\/\/epochtimestr.com\/index.php\/author\/leo\"}]}<\/script>\n<!-- \/ Yoast SEO plugin. -->","yoast_head_json":{"title":"\u0130ran Rejimi Hamaney\u2019in \u00d6ld\u00fcr\u00fclmesine Ra\u011fmen Ayakta Kalabilir - The Epoch Times TR","description":"Uzmanlara g\u00f6re \u0130srail-ABD sald\u0131r\u0131lar\u0131 ve Ayetullah Ali Hamaney'in \u00f6l\u00fcm\u00fc kar\u015f\u0131s\u0131nda mevcut \u0130ran rejimi k\u0131sa vadede sona ermeyebilir.","robots":{"index":"index","follow":"follow","max-snippet":"max-snippet:-1","max-image-preview":"max-image-preview:large","max-video-preview":"max-video-preview:-1"},"canonical":"https:\/\/epochtimestr.com\/index.php\/iran-rejimi-hamaneyin-oldurulmesine-ragmen-ayakta-kalabilir","og_locale":"tr_TR","og_type":"article","og_title":"\u0130ran Rejimi Hamaney\u2019in \u00d6ld\u00fcr\u00fclmesine Ra\u011fmen Ayakta Kalabilir - The Epoch Times TR","og_description":"Uzmanlara g\u00f6re \u0130srail-ABD sald\u0131r\u0131lar\u0131 ve Ayetullah Ali Hamaney'in \u00f6l\u00fcm\u00fc kar\u015f\u0131s\u0131nda mevcut \u0130ran rejimi k\u0131sa vadede sona ermeyebilir.","og_url":"https:\/\/epochtimestr.com\/index.php\/iran-rejimi-hamaneyin-oldurulmesine-ragmen-ayakta-kalabilir","og_site_name":"The Epoch Times TR","article_publisher":"https:\/\/www.facebook.com\/theepochtimestr","article_published_time":"2026-03-04T08:48:23+00:00","article_modified_time":"2026-03-04T08:48:26+00:00","og_image":[{"width":1080,"height":720,"url":"https:\/\/epochtimestr.com\/wp-content\/uploads\/2011y\/1000034213.jpg","type":"image\/jpeg"}],"author":"Leo Bajelan","twitter_card":"summary_large_image","twitter_creator":"@TheEpochTimesTR","twitter_site":"@TheEpochTimesTR","twitter_misc":{"Yazan:":"Leo Bajelan","Tahmini okuma s\u00fcresi":"3 dakika"},"schema":{"@context":"https:\/\/schema.org","@graph":[{"@type":"Article","@id":"https:\/\/epochtimestr.com\/index.php\/iran-rejimi-hamaneyin-oldurulmesine-ragmen-ayakta-kalabilir#article","isPartOf":{"@id":"https:\/\/epochtimestr.com\/index.php\/iran-rejimi-hamaneyin-oldurulmesine-ragmen-ayakta-kalabilir"},"author":{"name":"Leo Bajelan","@id":"https:\/\/epochtimestr.com\/#\/schema\/person\/5fef218711d76d8f232b0e1f1d7e4c0d"},"headline":"\u0130ran Rejimi Hamaney\u2019in \u00d6ld\u00fcr\u00fclmesine Ra\u011fmen Ayakta Kalabilir","datePublished":"2026-03-04T08:48:23+00:00","dateModified":"2026-03-04T08:48:26+00:00","mainEntityOfPage":{"@id":"https:\/\/epochtimestr.com\/index.php\/iran-rejimi-hamaneyin-oldurulmesine-ragmen-ayakta-kalabilir"},"wordCount":499,"commentCount":0,"publisher":{"@id":"https:\/\/epochtimestr.com\/#organization"},"image":{"@id":"https:\/\/epochtimestr.com\/index.php\/iran-rejimi-hamaneyin-oldurulmesine-ragmen-ayakta-kalabilir#primaryimage"},"thumbnailUrl":"https:\/\/epochtimestr.com\/wp-content\/uploads\/2011y\/1000034213.jpg","keywords":["ABD","ABD \u0130ran sava\u015f\u0131","Ayetullah Ali Hamaney","Hamaney\u2019in \u00f6l\u00fcm\u00fc","\u0130ran siyaseti","\u0130ran y\u00f6netimi","\u0130ran\u2019da de\u011fi\u015fim beklentisi","\u0130srail","M\u00fccteba Hamaney"],"articleSection":["D\u00dcNYA","G\u00dcNDEM","MAN\u015eET"],"inLanguage":"tr","potentialAction":[{"@type":"CommentAction","name":"Comment","target":["https:\/\/epochtimestr.com\/index.php\/iran-rejimi-hamaneyin-oldurulmesine-ragmen-ayakta-kalabilir#respond"]}]},{"@type":"WebPage","@id":"https:\/\/epochtimestr.com\/index.php\/iran-rejimi-hamaneyin-oldurulmesine-ragmen-ayakta-kalabilir","url":"https:\/\/epochtimestr.com\/index.php\/iran-rejimi-hamaneyin-oldurulmesine-ragmen-ayakta-kalabilir","name":"\u0130ran Rejimi Hamaney\u2019in \u00d6ld\u00fcr\u00fclmesine Ra\u011fmen Ayakta Kalabilir - The Epoch Times TR","isPartOf":{"@id":"https:\/\/epochtimestr.com\/#website"},"primaryImageOfPage":{"@id":"https:\/\/epochtimestr.com\/index.php\/iran-rejimi-hamaneyin-oldurulmesine-ragmen-ayakta-kalabilir#primaryimage"},"image":{"@id":"https:\/\/epochtimestr.com\/index.php\/iran-rejimi-hamaneyin-oldurulmesine-ragmen-ayakta-kalabilir#primaryimage"},"thumbnailUrl":"https:\/\/epochtimestr.com\/wp-content\/uploads\/2011y\/1000034213.jpg","datePublished":"2026-03-04T08:48:23+00:00","dateModified":"2026-03-04T08:48:26+00:00","description":"Uzmanlara g\u00f6re \u0130srail-ABD sald\u0131r\u0131lar\u0131 ve Ayetullah Ali Hamaney'in \u00f6l\u00fcm\u00fc kar\u015f\u0131s\u0131nda mevcut \u0130ran rejimi k\u0131sa vadede sona ermeyebilir.","inLanguage":"tr","potentialAction":[{"@type":"ReadAction","target":["https:\/\/epochtimestr.com\/index.php\/iran-rejimi-hamaneyin-oldurulmesine-ragmen-ayakta-kalabilir"]}]},{"@type":"ImageObject","inLanguage":"tr","@id":"https:\/\/epochtimestr.com\/index.php\/iran-rejimi-hamaneyin-oldurulmesine-ragmen-ayakta-kalabilir#primaryimage","url":"https:\/\/epochtimestr.com\/wp-content\/uploads\/2011y\/1000034213.jpg","contentUrl":"https:\/\/epochtimestr.com\/wp-content\/uploads\/2011y\/1000034213.jpg","width":1080,"height":720},{"@type":"WebSite","@id":"https:\/\/epochtimestr.com\/#website","url":"https:\/\/epochtimestr.com\/","name":"The Epoch Times TR","description":"De\u011fi\u015fen D\u00fcnyam\u0131za Taze Bir Bak\u0131\u015f","publisher":{"@id":"https:\/\/epochtimestr.com\/#organization"},"potentialAction":[{"@type":"SearchAction","target":{"@type":"EntryPoint","urlTemplate":"https:\/\/epochtimestr.com\/?s={search_term_string}"},"query-input":"required name=search_term_string"}],"inLanguage":"tr"},{"@type":"Organization","@id":"https:\/\/epochtimestr.com\/#organization","name":"The EpochTimes T\u00fcrkiye","url":"https:\/\/epochtimestr.com\/","logo":{"@type":"ImageObject","inLanguage":"tr","@id":"https:\/\/epochtimestr.com\/#\/schema\/logo\/image\/","url":"https:\/\/epochtimestr.com\/wp-content\/uploads\/2011y\/ET-Logo-YG.jpg","contentUrl":"https:\/\/epochtimestr.com\/wp-content\/uploads\/2011y\/ET-Logo-YG.jpg","width":346,"height":29,"caption":"The EpochTimes T\u00fcrkiye"},"image":{"@id":"https:\/\/epochtimestr.com\/#\/schema\/logo\/image\/"},"sameAs":["https:\/\/www.facebook.com\/theepochtimestr","https:\/\/x.com\/TheEpochTimesTR","https:\/\/www.instagram.com\/epochtimestr"]},{"@type":"Person","@id":"https:\/\/epochtimestr.com\/#\/schema\/person\/5fef218711d76d8f232b0e1f1d7e4c0d","name":"Leo Bajelan","image":{"@type":"ImageObject","inLanguage":"tr","@id":"https:\/\/epochtimestr.com\/#\/schema\/person\/image\/","url":"https:\/\/secure.gravatar.com\/avatar\/917669146f489549e548a2e9af272df5?s=96&d=mm&r=g","contentUrl":"https:\/\/secure.gravatar.com\/avatar\/917669146f489549e548a2e9af272df5?s=96&d=mm&r=g","caption":"Leo Bajelan"},"url":"https:\/\/epochtimestr.com\/index.php\/author\/leo"}]}},"_links":{"self":[{"href":"https:\/\/epochtimestr.com\/index.php\/wp-json\/wp\/v2\/posts\/166058"}],"collection":[{"href":"https:\/\/epochtimestr.com\/index.php\/wp-json\/wp\/v2\/posts"}],"about":[{"href":"https:\/\/epochtimestr.com\/index.php\/wp-json\/wp\/v2\/types\/post"}],"author":[{"embeddable":true,"href":"https:\/\/epochtimestr.com\/index.php\/wp-json\/wp\/v2\/users\/13996"}],"replies":[{"embeddable":true,"href":"https:\/\/epochtimestr.com\/index.php\/wp-json\/wp\/v2\/comments?post=166058"}],"version-history":[{"count":2,"href":"https:\/\/epochtimestr.com\/index.php\/wp-json\/wp\/v2\/posts\/166058\/revisions"}],"predecessor-version":[{"id":166066,"href":"https:\/\/epochtimestr.com\/index.php\/wp-json\/wp\/v2\/posts\/166058\/revisions\/166066"}],"wp:featuredmedia":[{"embeddable":true,"href":"https:\/\/epochtimestr.com\/index.php\/wp-json\/wp\/v2\/media\/166059"}],"wp:attachment":[{"href":"https:\/\/epochtimestr.com\/index.php\/wp-json\/wp\/v2\/media?parent=166058"}],"wp:term":[{"taxonomy":"category","embeddable":true,"href":"https:\/\/epochtimestr.com\/index.php\/wp-json\/wp\/v2\/categories?post=166058"},{"taxonomy":"post_tag","embeddable":true,"href":"https:\/\/epochtimestr.com\/index.php\/wp-json\/wp\/v2\/tags?post=166058"}],"curies":[{"name":"wp","href":"https:\/\/api.w.org\/{rel}","templated":true}]}}