{"id":166061,"date":"2026-03-04T12:09:25","date_gmt":"2026-03-04T09:09:25","guid":{"rendered":"https:\/\/epochtimestr.com\/?p=166061"},"modified":"2026-03-04T12:09:27","modified_gmt":"2026-03-04T09:09:27","slug":"abdden-irana-destansi-ofke-operasyonu","status":"publish","type":"post","link":"https:\/\/epochtimestr.com\/index.php\/abdden-irana-destansi-ofke-operasyonu","title":{"rendered":"ABD\u2019den \u0130ran\u2019a \u201cDestans\u0131 \u00d6fke Operasyonu\u201d"},"content":{"rendered":"<div class=\"wp-block-image\">\n<figure class=\"aligncenter size-large\"><img loading=\"lazy\" decoding=\"async\" width=\"1878\" height=\"1200\" src=\"https:\/\/epochtimestr.com\/wp-content\/uploads\/2011y\/1000034214-1878x1200.jpg\" alt=\"ABD, Destans\u0131 \u00d6fke Operasyonu-Operation Epic Fury kapsam\u0131nda \u0130ran\u2019a y\u00f6nelik geni\u015f \u00e7apl\u0131 askeri harek\u00e2t ba\u015flatt\u0131. 50 bin asker ve y\u00fczlerce u\u00e7ak g\u00f6revde. Abraham Lincoln Muharebe Grubu. (Foto\u011fraf: Wikimedia)\" class=\"wp-image-166063\" srcset=\"https:\/\/epochtimestr.com\/wp-content\/uploads\/2011y\/1000034214-1878x1200.jpg 1878w, https:\/\/epochtimestr.com\/wp-content\/uploads\/2011y\/1000034214-300x192.jpg 300w, https:\/\/epochtimestr.com\/wp-content\/uploads\/2011y\/1000034214-150x96.jpg 150w, https:\/\/epochtimestr.com\/wp-content\/uploads\/2011y\/1000034214-768x491.jpg 768w, https:\/\/epochtimestr.com\/wp-content\/uploads\/2011y\/1000034214-1536x982.jpg 1536w, https:\/\/epochtimestr.com\/wp-content\/uploads\/2011y\/1000034214.jpg 2000w\" sizes=\"(max-width: 1878px) 100vw, 1878px\" \/><figcaption class=\"wp-element-caption\">ABD, Destans\u0131 \u00d6fke Operasyonu-Operation Epic Fury kapsam\u0131nda \u0130ran\u2019a y\u00f6nelik geni\u015f \u00e7apl\u0131 askeri harek\u00e2t ba\u015flatt\u0131. 50 bin asker ve y\u00fczlerce u\u00e7ak g\u00f6revde. Abraham Lincoln Muharebe Grubu. (Foto\u011fraf: Wikimedia)<\/figcaption><\/figure><\/div>\n\n\n<p>ABD Merkez Kuvvetler Komutanl\u0131\u011f\u0131 CENTCOM Komutan\u0131 Oramiral <a href=\"https:\/\/www.theepochtimes.com\/world\/50000-troops-200-fighters-2-aircraft-carriers-engaged-in-attack-on-iran-commander-says-5993894\" target=\"_blank\" rel=\"noreferrer noopener\">Brad Cooper<\/a>, \u0130ran\u2019a \u201cOperation Epic Fury-Destans\u0131 \u00d6fke Operasyonu\u201d ba\u015flat\u0131ld\u0131\u011f\u0131n\u0131 bildirdi. Operasyon kapsam\u0131nda \u015fimdiye kadarki en b\u00fcy\u00fck askeri y\u0131\u011f\u0131naklardan birinin ger\u00e7ekle\u015ftirildi\u011fini a\u00e7\u0131klad\u0131. Operasyonda 50 binden fazla Amerikan askeri, 200 sava\u015f u\u00e7a\u011f\u0131, iki u\u00e7ak gemisi ve stratejik bombard\u0131man u\u00e7aklar\u0131 g\u00f6rev al\u0131yor. Cooper&#8217;\u0131n 3 Mart tarihinde yapt\u0131\u011f\u0131 a\u00e7\u0131klamaya g\u00f6re, b\u00f6lgeye ilave askeri unsurlar\u0131n sevk edilmesi planlan\u0131yor. <\/p>\n\n\n\n<p>Oramiral Cooper, operasyonun ba\u015flamas\u0131ndan bu yana 100 saatten az bir s\u00fcre ge\u00e7ti\u011fini bildirdi. Ancak ABD g\u00fc\u00e7lerinin yakla\u015f\u0131k 2 bin hedefi vurdu\u011funu ve 2 binden fazla m\u00fchimmat kulland\u0131\u011f\u0131n\u0131 s\u00f6yledi. Cooper, \u0130ran\u2019\u0131n hava savunma sistemlerinin b\u00fcy\u00fck \u00f6l\u00e7\u00fcde etkisiz hale getirildi\u011fini belirtti. Ayr\u0131ca y\u00fczlerce balistik f\u00fcze, f\u00fcze rampas\u0131 ile insans\u0131z hava arac\u0131n\u0131n imha edildi\u011fini s\u00f6yledi. Stratejik bombard\u0131man u\u00e7aklar\u0131 \u0130ran\u2019\u0131n i\u00e7 kesimlerindeki f\u00fcze tesislerine y\u00f6nelik nokta at\u0131\u015f\u0131 sald\u0131r\u0131lar d\u00fczenledi. Cooper ayr\u0131ca balistik f\u00fcze merkezleri ile komuta kontrol noktalar\u0131n\u0131n hedef al\u0131nd\u0131\u011f\u0131n\u0131 kaydetti.<\/p>\n\n\n\n<p>ABD\u2019li komutan, \u0130ran donanmas\u0131n\u0131n tamam\u0131n\u0131n etkisiz hale getirildi\u011fini ve toplam 17 geminin bat\u0131r\u0131ld\u0131\u011f\u0131n\u0131 a\u00e7\u0131klad\u0131. Bu gemiler aras\u0131nda operasyonel durumdaki bir denizalt\u0131n\u0131n da yer al\u0131yor. \u0130ran\u2019\u0131n Basra K\u00f6rfezi, H\u00fcrm\u00fcz Bo\u011faz\u0131 ve Umman K\u00f6rfezi\u2019nde aktif durumda herhangi bir sava\u015f gemisi kalmad\u0131. Ancak ABD g\u00fc\u00e7leri, \u0130ran\u2019\u0131n mobil balistik f\u00fcze rampalar\u0131n\u0131 tespit ederek devre d\u0131\u015f\u0131 b\u0131rakmaya devam ediyor.<\/p>\n\n\n\n<h3 class=\"wp-block-heading\">\u0130ran K\u00f6rfez \u00dclkelerine Sald\u0131r\u0131yor<\/h3>\n\n\n\n<p>Bunlara kar\u015f\u0131l\u0131k \u0130ran da misilleme olarak 500\u2019den fazla balistik f\u00fcze ve 2 binden fazla insans\u0131z hava arac\u0131 f\u0131rlatt\u0131. \u0130ran bu sald\u0131r\u0131larda \u00f6zellikle K\u00f6rfez \u00fclkelerinin hedef ald\u0131. Birle\u015fik Arap Emirlikleri 500\u2019den fazla, Kuveyt yakla\u015f\u0131k 300 ve \u00dcrd\u00fcn ise 50\u2019ye yak\u0131n insans\u0131z hava arac\u0131n\u0131 d\u00fc\u015f\u00fcrd\u00fc. Ayr\u0131ca Suudi Arabistan\u2019da ABD Riyad B\u00fcy\u00fckel\u00e7ili\u011fi\u2019ne iki insans\u0131z hava arac\u0131 isabet etti.<\/p>\n\n\n\n<p><a href=\"https:\/\/epochtimestr.com\/index.php\/abd-israil-operasyonu-hameneyin-olumu-ve-cinin-tepkisi\" target=\"_blank\" rel=\"noreferrer noopener\">Operasyon kapsam\u0131nda<\/a> ABD kar\u015f\u0131 sald\u0131r\u0131 ger\u00e7ekle\u015ftirirken, \u0130ran men\u015feli insans\u0131z hava ara\u00e7lar\u0131n\u0131n geli\u015ftirilmi\u015f versiyonlar\u0131n\u0131 kulland\u0131. CENTCOM b\u00fcnyesindeki \u00f6zel g\u00f6rev g\u00fcc\u00fc, ilk kez tek y\u00f6nl\u00fc sald\u0131r\u0131 dronlar\u0131yla \u0130ran hedeflerine y\u00f6nelik yo\u011fun etki olu\u015fturdu.<\/p>\n\n\n\n<p>\u00c7at\u0131\u015fmalarda \u015fu ana kadar 18 ABD askeri a\u011f\u0131r yaraland\u0131 ve 6 ABD askeri hayat\u0131n\u0131 kaybetti. Washington&#8217;a g\u00f6re, \u0130ran\u2019\u0131n artan f\u00fcze kapasitesi ve b\u00f6lgedeki tehditleri, kararl\u0131 bir askeri m\u00fcdahaleyi zorunlu k\u0131l\u0131yor. Bununla birlikte ABD i\u00e7 siyasetinde operasyonun s\u00fcresine ve kapsam\u0131na ili\u015fkin tart\u0131\u015fmalar devam ediyor.<\/p>\n","protected":false},"excerpt":{"rendered":"<p>ABD Merkez Kuvvetler Komutanl\u0131\u011f\u0131 CENTCOM Komutan\u0131 Oramiral Brad Cooper, \u0130ran\u2019a \u201cOperation Epic Fury-Destans\u0131 \u00d6fke Operasyonu\u201d ba\u015flat\u0131ld\u0131\u011f\u0131n\u0131 bildirdi. Operasyon kapsam\u0131nda \u015fimdiye kadarki en b\u00fcy\u00fck askeri y\u0131\u011f\u0131naklardan birinin ger\u00e7ekle\u015ftirildi\u011fini a\u00e7\u0131klad\u0131. Operasyonda 50 binden fazla Amerikan askeri, 200 sava\u015f u\u00e7a\u011f\u0131, iki u\u00e7ak gemisi ve stratejik bombard\u0131man u\u00e7aklar\u0131 g\u00f6rev al\u0131yor. Cooper&#8217;\u0131n 3 Mart tarihinde yapt\u0131\u011f\u0131 a\u00e7\u0131klamaya g\u00f6re, b\u00f6lgeye ilave [&hellip;]<\/p>\n","protected":false},"author":13996,"featured_media":166063,"comment_status":"open","ping_status":"open","sticky":false,"template":"","format":"standard","meta":{"_yoast_wpseo_focuskw":"Destans\u0131 \u00d6fke Operasyonu","_yoast_wpseo_title":"","_yoast_wpseo_metadesc":"ABD, Destans\u0131 \u00d6fke Operasyonu kapsam\u0131nda \u0130ran\u2019a y\u00f6nelik geni\u015f \u00e7apl\u0131 askeri harek\u00e2t ba\u015flatt\u0131; 50 bin asker ve y\u00fczlerce u\u00e7ak g\u00f6revde.","_bbp_topic_count":0,"_bbp_reply_count":0,"_bbp_total_topic_count":0,"_bbp_total_reply_count":0,"_bbp_voice_count":0,"_bbp_anonymous_reply_count":0,"_bbp_topic_count_hidden":0,"_bbp_reply_count_hidden":0,"_bbp_forum_subforum_count":0,"footnotes":"","_yoast_wpseo_focuskw_text_input":""},"categories":[5,1,8138],"tags":[10503,10945,9876,10944,5764],"yoast_head":"<!-- This site is optimized with the Yoast SEO plugin v23.0 - https:\/\/yoast.com\/wordpress\/plugins\/seo\/ -->\n<title>ABD\u2019den \u0130ran\u2019a \u201cDestans\u0131 \u00d6fke Operasyonu\u201d - The Epoch Times TR<\/title>\n<meta name=\"description\" content=\"ABD, Destans\u0131 \u00d6fke Operasyonu kapsam\u0131nda \u0130ran\u2019a y\u00f6nelik geni\u015f \u00e7apl\u0131 askeri harek\u00e2t ba\u015flatt\u0131; 50 bin asker ve y\u00fczlerce u\u00e7ak g\u00f6revde.\" \/>\n<meta name=\"robots\" content=\"index, follow, max-snippet:-1, max-image-preview:large, max-video-preview:-1\" \/>\n<link rel=\"canonical\" href=\"https:\/\/epochtimestr.com\/index.php\/abdden-irana-destansi-ofke-operasyonu\" \/>\n<meta property=\"og:locale\" content=\"tr_TR\" \/>\n<meta property=\"og:type\" content=\"article\" \/>\n<meta property=\"og:title\" content=\"ABD\u2019den \u0130ran\u2019a \u201cDestans\u0131 \u00d6fke Operasyonu\u201d - The Epoch Times TR\" \/>\n<meta property=\"og:description\" content=\"ABD, Destans\u0131 \u00d6fke Operasyonu kapsam\u0131nda \u0130ran\u2019a y\u00f6nelik geni\u015f \u00e7apl\u0131 askeri harek\u00e2t ba\u015flatt\u0131; 50 bin asker ve y\u00fczlerce u\u00e7ak g\u00f6revde.\" \/>\n<meta property=\"og:url\" content=\"https:\/\/epochtimestr.com\/index.php\/abdden-irana-destansi-ofke-operasyonu\" \/>\n<meta property=\"og:site_name\" content=\"The Epoch Times TR\" \/>\n<meta property=\"article:publisher\" content=\"https:\/\/www.facebook.com\/theepochtimestr\" \/>\n<meta property=\"article:published_time\" content=\"2026-03-04T09:09:25+00:00\" \/>\n<meta property=\"article:modified_time\" content=\"2026-03-04T09:09:27+00:00\" \/>\n<meta property=\"og:image\" content=\"https:\/\/epochtimestr.com\/wp-content\/uploads\/2011y\/1000034214.jpg\" \/>\n\t<meta property=\"og:image:width\" content=\"2000\" \/>\n\t<meta property=\"og:image:height\" content=\"1278\" \/>\n\t<meta property=\"og:image:type\" content=\"image\/jpeg\" \/>\n<meta name=\"author\" content=\"Leo Bajelan\" \/>\n<meta name=\"twitter:card\" content=\"summary_large_image\" \/>\n<meta name=\"twitter:creator\" content=\"@TheEpochTimesTR\" \/>\n<meta name=\"twitter:site\" content=\"@TheEpochTimesTR\" \/>\n<meta name=\"twitter:label1\" content=\"Yazan:\" \/>\n\t<meta name=\"twitter:data1\" content=\"Leo Bajelan\" \/>\n\t<meta name=\"twitter:label2\" content=\"Tahmini okuma s\u00fcresi\" \/>\n\t<meta name=\"twitter:data2\" content=\"3 dakika\" \/>\n<script type=\"application\/ld+json\" class=\"yoast-schema-graph\">{\"@context\":\"https:\/\/schema.org\",\"@graph\":[{\"@type\":\"Article\",\"@id\":\"https:\/\/epochtimestr.com\/index.php\/abdden-irana-destansi-ofke-operasyonu#article\",\"isPartOf\":{\"@id\":\"https:\/\/epochtimestr.com\/index.php\/abdden-irana-destansi-ofke-operasyonu\"},\"author\":{\"name\":\"Leo Bajelan\",\"@id\":\"https:\/\/epochtimestr.com\/#\/schema\/person\/5fef218711d76d8f232b0e1f1d7e4c0d\"},\"headline\":\"ABD\u2019den \u0130ran\u2019a \u201cDestans\u0131 \u00d6fke Operasyonu\u201d\",\"datePublished\":\"2026-03-04T09:09:25+00:00\",\"dateModified\":\"2026-03-04T09:09:27+00:00\",\"mainEntityOfPage\":{\"@id\":\"https:\/\/epochtimestr.com\/index.php\/abdden-irana-destansi-ofke-operasyonu\"},\"wordCount\":504,\"commentCount\":0,\"publisher\":{\"@id\":\"https:\/\/epochtimestr.com\/#organization\"},\"image\":{\"@id\":\"https:\/\/epochtimestr.com\/index.php\/abdden-irana-destansi-ofke-operasyonu#primaryimage\"},\"thumbnailUrl\":\"https:\/\/epochtimestr.com\/wp-content\/uploads\/2011y\/1000034214.jpg\",\"keywords\":[\"ABD \u0130ran sava\u015f\u0131\",\"Brad Cooper\",\"CENTCOM\",\"Operation Epic Fury\",\"Trump\"],\"articleSection\":[\"D\u00dcNYA\",\"G\u00dcNDEM\",\"MAN\u015eET\"],\"inLanguage\":\"tr\",\"potentialAction\":[{\"@type\":\"CommentAction\",\"name\":\"Comment\",\"target\":[\"https:\/\/epochtimestr.com\/index.php\/abdden-irana-destansi-ofke-operasyonu#respond\"]}]},{\"@type\":\"WebPage\",\"@id\":\"https:\/\/epochtimestr.com\/index.php\/abdden-irana-destansi-ofke-operasyonu\",\"url\":\"https:\/\/epochtimestr.com\/index.php\/abdden-irana-destansi-ofke-operasyonu\",\"name\":\"ABD\u2019den \u0130ran\u2019a \u201cDestans\u0131 \u00d6fke Operasyonu\u201d - The Epoch Times TR\",\"isPartOf\":{\"@id\":\"https:\/\/epochtimestr.com\/#website\"},\"primaryImageOfPage\":{\"@id\":\"https:\/\/epochtimestr.com\/index.php\/abdden-irana-destansi-ofke-operasyonu#primaryimage\"},\"image\":{\"@id\":\"https:\/\/epochtimestr.com\/index.php\/abdden-irana-destansi-ofke-operasyonu#primaryimage\"},\"thumbnailUrl\":\"https:\/\/epochtimestr.com\/wp-content\/uploads\/2011y\/1000034214.jpg\",\"datePublished\":\"2026-03-04T09:09:25+00:00\",\"dateModified\":\"2026-03-04T09:09:27+00:00\",\"description\":\"ABD, Destans\u0131 \u00d6fke Operasyonu kapsam\u0131nda \u0130ran\u2019a y\u00f6nelik geni\u015f \u00e7apl\u0131 askeri harek\u00e2t ba\u015flatt\u0131; 50 bin asker ve y\u00fczlerce u\u00e7ak g\u00f6revde.\",\"inLanguage\":\"tr\",\"potentialAction\":[{\"@type\":\"ReadAction\",\"target\":[\"https:\/\/epochtimestr.com\/index.php\/abdden-irana-destansi-ofke-operasyonu\"]}]},{\"@type\":\"ImageObject\",\"inLanguage\":\"tr\",\"@id\":\"https:\/\/epochtimestr.com\/index.php\/abdden-irana-destansi-ofke-operasyonu#primaryimage\",\"url\":\"https:\/\/epochtimestr.com\/wp-content\/uploads\/2011y\/1000034214.jpg\",\"contentUrl\":\"https:\/\/epochtimestr.com\/wp-content\/uploads\/2011y\/1000034214.jpg\",\"width\":2000,\"height\":1278},{\"@type\":\"WebSite\",\"@id\":\"https:\/\/epochtimestr.com\/#website\",\"url\":\"https:\/\/epochtimestr.com\/\",\"name\":\"The Epoch Times TR\",\"description\":\"De\u011fi\u015fen D\u00fcnyam\u0131za Taze Bir Bak\u0131\u015f\",\"publisher\":{\"@id\":\"https:\/\/epochtimestr.com\/#organization\"},\"potentialAction\":[{\"@type\":\"SearchAction\",\"target\":{\"@type\":\"EntryPoint\",\"urlTemplate\":\"https:\/\/epochtimestr.com\/?s={search_term_string}\"},\"query-input\":\"required name=search_term_string\"}],\"inLanguage\":\"tr\"},{\"@type\":\"Organization\",\"@id\":\"https:\/\/epochtimestr.com\/#organization\",\"name\":\"The EpochTimes T\u00fcrkiye\",\"url\":\"https:\/\/epochtimestr.com\/\",\"logo\":{\"@type\":\"ImageObject\",\"inLanguage\":\"tr\",\"@id\":\"https:\/\/epochtimestr.com\/#\/schema\/logo\/image\/\",\"url\":\"https:\/\/epochtimestr.com\/wp-content\/uploads\/2011y\/ET-Logo-YG.jpg\",\"contentUrl\":\"https:\/\/epochtimestr.com\/wp-content\/uploads\/2011y\/ET-Logo-YG.jpg\",\"width\":346,\"height\":29,\"caption\":\"The EpochTimes T\u00fcrkiye\"},\"image\":{\"@id\":\"https:\/\/epochtimestr.com\/#\/schema\/logo\/image\/\"},\"sameAs\":[\"https:\/\/www.facebook.com\/theepochtimestr\",\"https:\/\/x.com\/TheEpochTimesTR\",\"https:\/\/www.instagram.com\/epochtimestr\"]},{\"@type\":\"Person\",\"@id\":\"https:\/\/epochtimestr.com\/#\/schema\/person\/5fef218711d76d8f232b0e1f1d7e4c0d\",\"name\":\"Leo Bajelan\",\"image\":{\"@type\":\"ImageObject\",\"inLanguage\":\"tr\",\"@id\":\"https:\/\/epochtimestr.com\/#\/schema\/person\/image\/\",\"url\":\"https:\/\/secure.gravatar.com\/avatar\/917669146f489549e548a2e9af272df5?s=96&d=mm&r=g\",\"contentUrl\":\"https:\/\/secure.gravatar.com\/avatar\/917669146f489549e548a2e9af272df5?s=96&d=mm&r=g\",\"caption\":\"Leo Bajelan\"},\"url\":\"https:\/\/epochtimestr.com\/index.php\/author\/leo\"}]}<\/script>\n<!-- \/ Yoast SEO plugin. -->","yoast_head_json":{"title":"ABD\u2019den \u0130ran\u2019a \u201cDestans\u0131 \u00d6fke Operasyonu\u201d - The Epoch Times TR","description":"ABD, Destans\u0131 \u00d6fke Operasyonu kapsam\u0131nda \u0130ran\u2019a y\u00f6nelik geni\u015f \u00e7apl\u0131 askeri harek\u00e2t ba\u015flatt\u0131; 50 bin asker ve y\u00fczlerce u\u00e7ak g\u00f6revde.","robots":{"index":"index","follow":"follow","max-snippet":"max-snippet:-1","max-image-preview":"max-image-preview:large","max-video-preview":"max-video-preview:-1"},"canonical":"https:\/\/epochtimestr.com\/index.php\/abdden-irana-destansi-ofke-operasyonu","og_locale":"tr_TR","og_type":"article","og_title":"ABD\u2019den \u0130ran\u2019a \u201cDestans\u0131 \u00d6fke Operasyonu\u201d - The Epoch Times TR","og_description":"ABD, Destans\u0131 \u00d6fke Operasyonu kapsam\u0131nda \u0130ran\u2019a y\u00f6nelik geni\u015f \u00e7apl\u0131 askeri harek\u00e2t ba\u015flatt\u0131; 50 bin asker ve y\u00fczlerce u\u00e7ak g\u00f6revde.","og_url":"https:\/\/epochtimestr.com\/index.php\/abdden-irana-destansi-ofke-operasyonu","og_site_name":"The Epoch Times TR","article_publisher":"https:\/\/www.facebook.com\/theepochtimestr","article_published_time":"2026-03-04T09:09:25+00:00","article_modified_time":"2026-03-04T09:09:27+00:00","og_image":[{"width":2000,"height":1278,"url":"https:\/\/epochtimestr.com\/wp-content\/uploads\/2011y\/1000034214.jpg","type":"image\/jpeg"}],"author":"Leo Bajelan","twitter_card":"summary_large_image","twitter_creator":"@TheEpochTimesTR","twitter_site":"@TheEpochTimesTR","twitter_misc":{"Yazan:":"Leo Bajelan","Tahmini okuma s\u00fcresi":"3 dakika"},"schema":{"@context":"https:\/\/schema.org","@graph":[{"@type":"Article","@id":"https:\/\/epochtimestr.com\/index.php\/abdden-irana-destansi-ofke-operasyonu#article","isPartOf":{"@id":"https:\/\/epochtimestr.com\/index.php\/abdden-irana-destansi-ofke-operasyonu"},"author":{"name":"Leo Bajelan","@id":"https:\/\/epochtimestr.com\/#\/schema\/person\/5fef218711d76d8f232b0e1f1d7e4c0d"},"headline":"ABD\u2019den \u0130ran\u2019a \u201cDestans\u0131 \u00d6fke Operasyonu\u201d","datePublished":"2026-03-04T09:09:25+00:00","dateModified":"2026-03-04T09:09:27+00:00","mainEntityOfPage":{"@id":"https:\/\/epochtimestr.com\/index.php\/abdden-irana-destansi-ofke-operasyonu"},"wordCount":504,"commentCount":0,"publisher":{"@id":"https:\/\/epochtimestr.com\/#organization"},"image":{"@id":"https:\/\/epochtimestr.com\/index.php\/abdden-irana-destansi-ofke-operasyonu#primaryimage"},"thumbnailUrl":"https:\/\/epochtimestr.com\/wp-content\/uploads\/2011y\/1000034214.jpg","keywords":["ABD \u0130ran sava\u015f\u0131","Brad Cooper","CENTCOM","Operation Epic Fury","Trump"],"articleSection":["D\u00dcNYA","G\u00dcNDEM","MAN\u015eET"],"inLanguage":"tr","potentialAction":[{"@type":"CommentAction","name":"Comment","target":["https:\/\/epochtimestr.com\/index.php\/abdden-irana-destansi-ofke-operasyonu#respond"]}]},{"@type":"WebPage","@id":"https:\/\/epochtimestr.com\/index.php\/abdden-irana-destansi-ofke-operasyonu","url":"https:\/\/epochtimestr.com\/index.php\/abdden-irana-destansi-ofke-operasyonu","name":"ABD\u2019den \u0130ran\u2019a \u201cDestans\u0131 \u00d6fke Operasyonu\u201d - The Epoch Times TR","isPartOf":{"@id":"https:\/\/epochtimestr.com\/#website"},"primaryImageOfPage":{"@id":"https:\/\/epochtimestr.com\/index.php\/abdden-irana-destansi-ofke-operasyonu#primaryimage"},"image":{"@id":"https:\/\/epochtimestr.com\/index.php\/abdden-irana-destansi-ofke-operasyonu#primaryimage"},"thumbnailUrl":"https:\/\/epochtimestr.com\/wp-content\/uploads\/2011y\/1000034214.jpg","datePublished":"2026-03-04T09:09:25+00:00","dateModified":"2026-03-04T09:09:27+00:00","description":"ABD, Destans\u0131 \u00d6fke Operasyonu kapsam\u0131nda \u0130ran\u2019a y\u00f6nelik geni\u015f \u00e7apl\u0131 askeri harek\u00e2t ba\u015flatt\u0131; 50 bin asker ve y\u00fczlerce u\u00e7ak g\u00f6revde.","inLanguage":"tr","potentialAction":[{"@type":"ReadAction","target":["https:\/\/epochtimestr.com\/index.php\/abdden-irana-destansi-ofke-operasyonu"]}]},{"@type":"ImageObject","inLanguage":"tr","@id":"https:\/\/epochtimestr.com\/index.php\/abdden-irana-destansi-ofke-operasyonu#primaryimage","url":"https:\/\/epochtimestr.com\/wp-content\/uploads\/2011y\/1000034214.jpg","contentUrl":"https:\/\/epochtimestr.com\/wp-content\/uploads\/2011y\/1000034214.jpg","width":2000,"height":1278},{"@type":"WebSite","@id":"https:\/\/epochtimestr.com\/#website","url":"https:\/\/epochtimestr.com\/","name":"The Epoch Times TR","description":"De\u011fi\u015fen D\u00fcnyam\u0131za Taze Bir Bak\u0131\u015f","publisher":{"@id":"https:\/\/epochtimestr.com\/#organization"},"potentialAction":[{"@type":"SearchAction","target":{"@type":"EntryPoint","urlTemplate":"https:\/\/epochtimestr.com\/?s={search_term_string}"},"query-input":"required name=search_term_string"}],"inLanguage":"tr"},{"@type":"Organization","@id":"https:\/\/epochtimestr.com\/#organization","name":"The EpochTimes T\u00fcrkiye","url":"https:\/\/epochtimestr.com\/","logo":{"@type":"ImageObject","inLanguage":"tr","@id":"https:\/\/epochtimestr.com\/#\/schema\/logo\/image\/","url":"https:\/\/epochtimestr.com\/wp-content\/uploads\/2011y\/ET-Logo-YG.jpg","contentUrl":"https:\/\/epochtimestr.com\/wp-content\/uploads\/2011y\/ET-Logo-YG.jpg","width":346,"height":29,"caption":"The EpochTimes T\u00fcrkiye"},"image":{"@id":"https:\/\/epochtimestr.com\/#\/schema\/logo\/image\/"},"sameAs":["https:\/\/www.facebook.com\/theepochtimestr","https:\/\/x.com\/TheEpochTimesTR","https:\/\/www.instagram.com\/epochtimestr"]},{"@type":"Person","@id":"https:\/\/epochtimestr.com\/#\/schema\/person\/5fef218711d76d8f232b0e1f1d7e4c0d","name":"Leo Bajelan","image":{"@type":"ImageObject","inLanguage":"tr","@id":"https:\/\/epochtimestr.com\/#\/schema\/person\/image\/","url":"https:\/\/secure.gravatar.com\/avatar\/917669146f489549e548a2e9af272df5?s=96&d=mm&r=g","contentUrl":"https:\/\/secure.gravatar.com\/avatar\/917669146f489549e548a2e9af272df5?s=96&d=mm&r=g","caption":"Leo Bajelan"},"url":"https:\/\/epochtimestr.com\/index.php\/author\/leo"}]}},"_links":{"self":[{"href":"https:\/\/epochtimestr.com\/index.php\/wp-json\/wp\/v2\/posts\/166061"}],"collection":[{"href":"https:\/\/epochtimestr.com\/index.php\/wp-json\/wp\/v2\/posts"}],"about":[{"href":"https:\/\/epochtimestr.com\/index.php\/wp-json\/wp\/v2\/types\/post"}],"author":[{"embeddable":true,"href":"https:\/\/epochtimestr.com\/index.php\/wp-json\/wp\/v2\/users\/13996"}],"replies":[{"embeddable":true,"href":"https:\/\/epochtimestr.com\/index.php\/wp-json\/wp\/v2\/comments?post=166061"}],"version-history":[{"count":3,"href":"https:\/\/epochtimestr.com\/index.php\/wp-json\/wp\/v2\/posts\/166061\/revisions"}],"predecessor-version":[{"id":166071,"href":"https:\/\/epochtimestr.com\/index.php\/wp-json\/wp\/v2\/posts\/166061\/revisions\/166071"}],"wp:featuredmedia":[{"embeddable":true,"href":"https:\/\/epochtimestr.com\/index.php\/wp-json\/wp\/v2\/media\/166063"}],"wp:attachment":[{"href":"https:\/\/epochtimestr.com\/index.php\/wp-json\/wp\/v2\/media?parent=166061"}],"wp:term":[{"taxonomy":"category","embeddable":true,"href":"https:\/\/epochtimestr.com\/index.php\/wp-json\/wp\/v2\/categories?post=166061"},{"taxonomy":"post_tag","embeddable":true,"href":"https:\/\/epochtimestr.com\/index.php\/wp-json\/wp\/v2\/tags?post=166061"}],"curies":[{"name":"wp","href":"https:\/\/api.w.org\/{rel}","templated":true}]}}